{"id":1126363,"date":"2023-10-21T16:06:27","date_gmt":"2023-10-21T14:06:27","guid":{"rendered":"https:\/\/www.eldigitaldeasturias.com\/noticias\/?p=1126363"},"modified":"2023-10-21T16:06:27","modified_gmt":"2023-10-21T14:06:27","slug":"entrega-de-los-xv-galardones-del-pozu-fortuna","status":"publish","type":"post","link":"https:\/\/www.eldigitaldeasturias.com\/noticias\/entrega-de-los-xv-galardones-del-pozu-fortuna\/","title":{"rendered":"Entrega de los XV Galardones del Pozu Fortuna"},"content":{"rendered":"<p>Hoy s\u00e1bado en Asturias se ha celebrado el acto de entrega de los XV Galardones del Pozu Fortuna. Uno de los muchos eventos importantes del fin de semana en el Principado.<\/p>\n<figure id=\"attachment_1126364\" aria-describedby=\"caption-attachment-1126364\" style=\"width: 648px\" class=\"wp-caption aligncenter\"><img loading=\"lazy\" decoding=\"async\" class=\"wp-image-1126364 size-full\" src=\"https:\/\/www.eldigitaldeasturias.com\/noticias\/wp-content\/uploads\/2023\/10\/Pozu-Fortuna.jpg\" alt=\"Pozu Fortuna\" width=\"648\" height=\"467\" srcset=\"https:\/\/www.eldigitaldeasturias.com\/noticias\/wp-content\/uploads\/2023\/10\/Pozu-Fortuna.jpg 648w, https:\/\/www.eldigitaldeasturias.com\/noticias\/wp-content\/uploads\/2023\/10\/Pozu-Fortuna-360x259.jpg 360w, https:\/\/www.eldigitaldeasturias.com\/noticias\/wp-content\/uploads\/2023\/10\/Pozu-Fortuna-416x300.jpg 416w, https:\/\/www.eldigitaldeasturias.com\/noticias\/wp-content\/uploads\/2023\/10\/Pozu-Fortuna-150x108.jpg 150w, https:\/\/www.eldigitaldeasturias.com\/noticias\/wp-content\/uploads\/2023\/10\/Pozu-Fortuna-450x324.jpg 450w\" sizes=\"auto, (max-width: 648px) 100vw, 648px\" \/><figcaption id=\"caption-attachment-1126364\" class=\"wp-caption-text\">Foyo: Prensa Gobierno de Asturias<\/figcaption><\/figure>\n<p>En la <a href=\"https:\/\/www.eldigitaldeasturias.com\/noticias\/category\/fotos-asturias\/\"><span style=\"color: #ff6600;\"><strong>foto<\/strong><\/span><\/a> se puede ver de izquierda a derecha la historiadora Mar\u00eda Jes\u00fas Izquierdo, galardonada en la categor\u00eda femenina; Rodolfo Rubiera recoge el premio en la categor\u00eda internacional concedido a la asociaci\u00f3n Amicale des Anciens Gu\u00e9rrilleros Espagnols en France; Pablo Garc\u00eda, presidente honorifico de la FSA y premiado en la categor\u00eda masculina; consejero de Ordenaci\u00f3n de Territorio, Urbanismo, Vivienda y Derechos Ciudadanos, Ovidio Zapico, y la concejala de Derechos Sociales del Ayuntamiento de Mieres, Teresa Iglesia.<\/p>\n","protected":false},"excerpt":{"rendered":"<p>Hoy s\u00e1bado en Asturias se ha celebrado el acto de entrega de los XV Galardones del Pozu Fortuna. Uno de los muchos eventos importantes del fin de semana en el Principado. En la foto se puede ver de izquierda a derecha la historiadora Mar\u00eda Jes\u00fas Izquierdo, galardonada en la categor\u00eda femenina; Rodolfo Rubiera recoge el [&hellip;]<\/p>\n","protected":false},"author":1,"featured_media":1126364,"comment_status":"closed","ping_status":"closed","sticky":false,"template":"","format":"image","meta":{"footnotes":""},"categories":[946],"tags":[],"class_list":["post-1126363","post","type-post","status-publish","format-image","has-post-thumbnail","hentry","category-fotos-asturias","post_format-post-format-image"],"aioseo_notices":[],"aioseo_head":"\n\t\t<!-- All in One SEO Pro 4.9.6.2 - aioseo.com -->\n\t<meta name=\"description\" content=\"Hoy s\u00e1bado en Asturias se ha celebrado el acto de entrega de los XV Galardones del Pozu Fortuna. Uno de los muchos eventos importantes del fin de semana\" \/>\n\t<meta name=\"robots\" content=\"max-image-preview:large\" \/>\n\t<meta name=\"author\" content=\"El Digital de Asturias\"\/>\n\t<meta name=\"google-site-verification\" content=\"UA-38556648-1\" \/>\n\t<meta name=\"msvalidate.01\" content=\"7dfe9f3f1b24437ab69f4f2559babe99\" \/>\n\t<meta name=\"keywords\" content=\"fotos asturias\" \/>\n\t<link rel=\"canonical\" href=\"https:\/\/www.eldigitaldeasturias.com\/noticias\/entrega-de-los-xv-galardones-del-pozu-fortuna\/\" \/>\n\t<meta name=\"generator\" content=\"All in One SEO Pro (AIOSEO) 4.9.6.2\" \/>\n\t\t<meta property=\"og:locale\" content=\"es_ES\" \/>\n\t\t<meta property=\"og:site_name\" content=\"El Digital de Asturias\" \/>\n\t\t<meta property=\"og:type\" content=\"article\" \/>\n\t\t<meta property=\"og:title\" content=\"Entrega de los XV Galardones del Pozu Fortuna - El Digital de Asturias\" \/>\n\t\t<meta property=\"og:description\" content=\"Hoy s\u00e1bado en Asturias se ha celebrado el acto de entrega de los XV Galardones del Pozu Fortuna. Uno de los muchos eventos importantes del fin de semana\" \/>\n\t\t<meta property=\"og:url\" content=\"https:\/\/www.eldigitaldeasturias.com\/noticias\/entrega-de-los-xv-galardones-del-pozu-fortuna\/\" \/>\n\t\t<meta property=\"og:image\" content=\"https:\/\/www.eldigitaldeasturias.com\/noticias\/wp-content\/uploads\/2023\/10\/Pozu-Fortuna.jpg\" \/>\n\t\t<meta property=\"og:image:secure_url\" content=\"https:\/\/www.eldigitaldeasturias.com\/noticias\/wp-content\/uploads\/2023\/10\/Pozu-Fortuna.jpg\" \/>\n\t\t<meta property=\"og:image:width\" content=\"648\" \/>\n\t\t<meta property=\"og:image:height\" content=\"467\" \/>\n\t\t<meta property=\"article:tag\" content=\"fotos asturias\" \/>\n\t\t<meta property=\"article:published_time\" content=\"2023-10-21T14:06:27+00:00\" \/>\n\t\t<meta property=\"article:modified_time\" content=\"2023-10-21T14:06:27+00:00\" \/>\n\t\t<meta property=\"article:publisher\" content=\"https:\/\/facebook.com\/eldigitaldeasturias\" \/>\n\t\t<meta name=\"twitter:card\" content=\"summary_large_image\" \/>\n\t\t<meta name=\"twitter:title\" content=\"Entrega de los XV Galardones del Pozu Fortuna - El Digital de Asturias\" \/>\n\t\t<meta name=\"twitter:description\" content=\"Hoy s\u00e1bado en Asturias se ha celebrado el acto de entrega de los XV Galardones del Pozu Fortuna. Uno de los muchos eventos importantes del fin de semana\" \/>\n\t\t<meta name=\"twitter:image\" content=\"https:\/\/www.eldigitaldeasturias.com\/noticias\/wp-content\/uploads\/2023\/10\/Pozu-Fortuna.jpg\" \/>\n\t\t<meta name=\"twitter:label1\" content=\"Escrito por\" \/>\n\t\t<meta name=\"twitter:data1\" content=\"El Digital de Asturias\" \/>\n\t\t<meta name=\"twitter:label2\" content=\"Tiempo de lectura estimado\" \/>\n\t\t<meta name=\"twitter:data2\" content=\"1 minuto\" \/>\n\t\t<script type=\"application\/ld+json\" class=\"aioseo-schema\">\n\t\t\t{\"@context\":\"https:\\\/\\\/schema.org\",\"@graph\":[{\"@type\":\"BlogPosting\",\"@id\":\"https:\\\/\\\/www.eldigitaldeasturias.com\\\/noticias\\\/entrega-de-los-xv-galardones-del-pozu-fortuna\\\/#blogposting\",\"name\":\"Entrega de los XV Galardones del Pozu Fortuna - El Digital de Asturias\",\"headline\":\"Entrega de los XV Galardones del Pozu Fortuna\",\"author\":{\"@id\":\"https:\\\/\\\/www.eldigitaldeasturias.com\\\/noticias\\\/author\\\/admin\\\/#author\"},\"publisher\":{\"@id\":\"https:\\\/\\\/www.eldigitaldeasturias.com\\\/noticias\\\/#organization\"},\"image\":{\"@type\":\"ImageObject\",\"url\":\"https:\\\/\\\/www.eldigitaldeasturias.com\\\/noticias\\\/wp-content\\\/uploads\\\/2023\\\/10\\\/Pozu-Fortuna.jpg\",\"width\":648,\"height\":467,\"caption\":\"Foyo: Prensa Gobierno de Asturias\"},\"datePublished\":\"2023-10-21T16:06:27+02:00\",\"dateModified\":\"2023-10-21T16:06:27+02:00\",\"inLanguage\":\"es-ES\",\"mainEntityOfPage\":{\"@id\":\"https:\\\/\\\/www.eldigitaldeasturias.com\\\/noticias\\\/entrega-de-los-xv-galardones-del-pozu-fortuna\\\/#webpage\"},\"isPartOf\":{\"@id\":\"https:\\\/\\\/www.eldigitaldeasturias.com\\\/noticias\\\/entrega-de-los-xv-galardones-del-pozu-fortuna\\\/#webpage\"},\"articleSection\":\"Fotos Asturias, Imagen\"},{\"@type\":\"BreadcrumbList\",\"@id\":\"https:\\\/\\\/www.eldigitaldeasturias.com\\\/noticias\\\/entrega-de-los-xv-galardones-del-pozu-fortuna\\\/#breadcrumblist\",\"itemListElement\":[{\"@type\":\"ListItem\",\"@id\":\"https:\\\/\\\/www.eldigitaldeasturias.com\\\/noticias#listItem\",\"position\":1,\"name\":\"Home\",\"item\":\"https:\\\/\\\/www.eldigitaldeasturias.com\\\/noticias\",\"nextItem\":{\"@type\":\"ListItem\",\"@id\":\"https:\\\/\\\/www.eldigitaldeasturias.com\\\/noticias\\\/category\\\/fotos-asturias\\\/#listItem\",\"name\":\"Fotos Asturias\"}},{\"@type\":\"ListItem\",\"@id\":\"https:\\\/\\\/www.eldigitaldeasturias.com\\\/noticias\\\/category\\\/fotos-asturias\\\/#listItem\",\"position\":2,\"name\":\"Fotos Asturias\",\"item\":\"https:\\\/\\\/www.eldigitaldeasturias.com\\\/noticias\\\/category\\\/fotos-asturias\\\/\",\"nextItem\":{\"@type\":\"ListItem\",\"@id\":\"https:\\\/\\\/www.eldigitaldeasturias.com\\\/noticias\\\/entrega-de-los-xv-galardones-del-pozu-fortuna\\\/#listItem\",\"name\":\"Entrega de los XV Galardones del Pozu Fortuna\"},\"previousItem\":{\"@type\":\"ListItem\",\"@id\":\"https:\\\/\\\/www.eldigitaldeasturias.com\\\/noticias#listItem\",\"name\":\"Home\"}},{\"@type\":\"ListItem\",\"@id\":\"https:\\\/\\\/www.eldigitaldeasturias.com\\\/noticias\\\/entrega-de-los-xv-galardones-del-pozu-fortuna\\\/#listItem\",\"position\":3,\"name\":\"Entrega de los XV Galardones del Pozu Fortuna\",\"previousItem\":{\"@type\":\"ListItem\",\"@id\":\"https:\\\/\\\/www.eldigitaldeasturias.com\\\/noticias\\\/category\\\/fotos-asturias\\\/#listItem\",\"name\":\"Fotos Asturias\"}}]},{\"@type\":\"Organization\",\"@id\":\"https:\\\/\\\/www.eldigitaldeasturias.com\\\/noticias\\\/#organization\",\"name\":\"El Digital de Asturias\",\"description\":\"Hemeroteca\",\"url\":\"https:\\\/\\\/www.eldigitaldeasturias.com\\\/noticias\\\/\",\"email\":\"info@eldigitaldeasturias.com\",\"telephone\":\"+34652131393\",\"logo\":{\"@type\":\"ImageObject\",\"url\":\"https:\\\/\\\/www.eldigitaldeasturias.com\\\/noticias\\\/wp-content\\\/uploads\\\/2020\\\/12\\\/EDA.jpg\",\"@id\":\"https:\\\/\\\/www.eldigitaldeasturias.com\\\/noticias\\\/entrega-de-los-xv-galardones-del-pozu-fortuna\\\/#organizationLogo\",\"width\":649,\"height\":297},\"image\":{\"@id\":\"https:\\\/\\\/www.eldigitaldeasturias.com\\\/noticias\\\/entrega-de-los-xv-galardones-del-pozu-fortuna\\\/#organizationLogo\"},\"sameAs\":[\"https:\\\/\\\/facebook.com\\\/eldigitaldeasturias\",\"https:\\\/\\\/www.youtube.com\\\/channel\\\/UCZP-2wLEB9Rv6erhFmqVnvg\"],\"address\":{\"@id\":\"https:\\\/\\\/www.eldigitaldeasturias.com\\\/noticias\\\/#postaladdress\",\"@type\":\"PostalAddress\",\"streetAddress\":\"san antonio 4,\",\"postalCode\":\"33430\",\"addressLocality\":\"Cand\\u00e1s\",\"addressRegion\":\"Asturias\",\"addressCountry\":\"ES\"}},{\"@type\":\"Person\",\"@id\":\"https:\\\/\\\/www.eldigitaldeasturias.com\\\/noticias\\\/author\\\/admin\\\/#author\",\"url\":\"https:\\\/\\\/www.eldigitaldeasturias.com\\\/noticias\\\/author\\\/admin\\\/\",\"name\":\"El Digital de Asturias\",\"image\":{\"@type\":\"ImageObject\",\"@id\":\"https:\\\/\\\/www.eldigitaldeasturias.com\\\/noticias\\\/entrega-de-los-xv-galardones-del-pozu-fortuna\\\/#authorImage\",\"url\":\"https:\\\/\\\/www.eldigitaldeasturias.com\\\/noticias\\\/wp-content\\\/litespeed\\\/avatar\\\/18677e78aa0546b92d9dbf31ec7d7668.jpg?ver=1777290358\",\"width\":96,\"height\":96,\"caption\":\"El Digital de Asturias\"}},{\"@type\":\"WebPage\",\"@id\":\"https:\\\/\\\/www.eldigitaldeasturias.com\\\/noticias\\\/entrega-de-los-xv-galardones-del-pozu-fortuna\\\/#webpage\",\"url\":\"https:\\\/\\\/www.eldigitaldeasturias.com\\\/noticias\\\/entrega-de-los-xv-galardones-del-pozu-fortuna\\\/\",\"name\":\"Entrega de los XV Galardones del Pozu Fortuna - El Digital de Asturias\",\"description\":\"Hoy s\\u00e1bado en Asturias se ha celebrado el acto de entrega de los XV Galardones del Pozu Fortuna. Uno de los muchos eventos importantes del fin de semana\",\"inLanguage\":\"es-ES\",\"isPartOf\":{\"@id\":\"https:\\\/\\\/www.eldigitaldeasturias.com\\\/noticias\\\/#website\"},\"breadcrumb\":{\"@id\":\"https:\\\/\\\/www.eldigitaldeasturias.com\\\/noticias\\\/entrega-de-los-xv-galardones-del-pozu-fortuna\\\/#breadcrumblist\"},\"author\":{\"@id\":\"https:\\\/\\\/www.eldigitaldeasturias.com\\\/noticias\\\/author\\\/admin\\\/#author\"},\"creator\":{\"@id\":\"https:\\\/\\\/www.eldigitaldeasturias.com\\\/noticias\\\/author\\\/admin\\\/#author\"},\"image\":{\"@type\":\"ImageObject\",\"url\":\"https:\\\/\\\/www.eldigitaldeasturias.com\\\/noticias\\\/wp-content\\\/uploads\\\/2023\\\/10\\\/Pozu-Fortuna.jpg\",\"@id\":\"https:\\\/\\\/www.eldigitaldeasturias.com\\\/noticias\\\/entrega-de-los-xv-galardones-del-pozu-fortuna\\\/#mainImage\",\"width\":648,\"height\":467,\"caption\":\"Foyo: Prensa Gobierno de Asturias\"},\"primaryImageOfPage\":{\"@id\":\"https:\\\/\\\/www.eldigitaldeasturias.com\\\/noticias\\\/entrega-de-los-xv-galardones-del-pozu-fortuna\\\/#mainImage\"},\"datePublished\":\"2023-10-21T16:06:27+02:00\",\"dateModified\":\"2023-10-21T16:06:27+02:00\"},{\"@type\":\"WebSite\",\"@id\":\"https:\\\/\\\/www.eldigitaldeasturias.com\\\/noticias\\\/#website\",\"url\":\"https:\\\/\\\/www.eldigitaldeasturias.com\\\/noticias\\\/\",\"name\":\"El Digital de Asturias - Diario de actualidad y noticias\",\"alternateName\":\"El Digital de Asturias - Diario de actualidad y noticias\",\"description\":\"Hemeroteca\",\"inLanguage\":\"es-ES\",\"publisher\":{\"@id\":\"https:\\\/\\\/www.eldigitaldeasturias.com\\\/noticias\\\/#organization\"}}]}\n\t\t<\/script>\n\t\t<!-- All in One SEO Pro -->\r\n\t\t<title>Entrega de los XV Galardones del Pozu Fortuna - El Digital de Asturias<\/title>\n\n","aioseo_head_json":{"title":"Entrega de los XV Galardones del Pozu Fortuna - El Digital de Asturias","description":"Hoy s\u00e1bado en Asturias se ha celebrado el acto de entrega de los XV Galardones del Pozu Fortuna. Uno de los muchos eventos importantes del fin de semana","canonical_url":"https:\/\/www.eldigitaldeasturias.com\/noticias\/entrega-de-los-xv-galardones-del-pozu-fortuna\/","robots":"max-image-preview:large","keywords":"fotos asturias","webmasterTools":{"google-site-verification":"UA-38556648-1","msvalidate.01":"7dfe9f3f1b24437ab69f4f2559babe99","miscellaneous":""},"schema":{"@context":"https:\/\/schema.org","@graph":[{"@type":"BlogPosting","@id":"https:\/\/www.eldigitaldeasturias.com\/noticias\/entrega-de-los-xv-galardones-del-pozu-fortuna\/#blogposting","name":"Entrega de los XV Galardones del Pozu Fortuna - El Digital de Asturias","headline":"Entrega de los XV Galardones del Pozu Fortuna","author":{"@id":"https:\/\/www.eldigitaldeasturias.com\/noticias\/author\/admin\/#author"},"publisher":{"@id":"https:\/\/www.eldigitaldeasturias.com\/noticias\/#organization"},"image":{"@type":"ImageObject","url":"https:\/\/www.eldigitaldeasturias.com\/noticias\/wp-content\/uploads\/2023\/10\/Pozu-Fortuna.jpg","width":648,"height":467,"caption":"Foyo: Prensa Gobierno de Asturias"},"datePublished":"2023-10-21T16:06:27+02:00","dateModified":"2023-10-21T16:06:27+02:00","inLanguage":"es-ES","mainEntityOfPage":{"@id":"https:\/\/www.eldigitaldeasturias.com\/noticias\/entrega-de-los-xv-galardones-del-pozu-fortuna\/#webpage"},"isPartOf":{"@id":"https:\/\/www.eldigitaldeasturias.com\/noticias\/entrega-de-los-xv-galardones-del-pozu-fortuna\/#webpage"},"articleSection":"Fotos Asturias, Imagen"},{"@type":"BreadcrumbList","@id":"https:\/\/www.eldigitaldeasturias.com\/noticias\/entrega-de-los-xv-galardones-del-pozu-fortuna\/#breadcrumblist","itemListElement":[{"@type":"ListItem","@id":"https:\/\/www.eldigitaldeasturias.com\/noticias#listItem","position":1,"name":"Home","item":"https:\/\/www.eldigitaldeasturias.com\/noticias","nextItem":{"@type":"ListItem","@id":"https:\/\/www.eldigitaldeasturias.com\/noticias\/category\/fotos-asturias\/#listItem","name":"Fotos Asturias"}},{"@type":"ListItem","@id":"https:\/\/www.eldigitaldeasturias.com\/noticias\/category\/fotos-asturias\/#listItem","position":2,"name":"Fotos Asturias","item":"https:\/\/www.eldigitaldeasturias.com\/noticias\/category\/fotos-asturias\/","nextItem":{"@type":"ListItem","@id":"https:\/\/www.eldigitaldeasturias.com\/noticias\/entrega-de-los-xv-galardones-del-pozu-fortuna\/#listItem","name":"Entrega de los XV Galardones del Pozu Fortuna"},"previousItem":{"@type":"ListItem","@id":"https:\/\/www.eldigitaldeasturias.com\/noticias#listItem","name":"Home"}},{"@type":"ListItem","@id":"https:\/\/www.eldigitaldeasturias.com\/noticias\/entrega-de-los-xv-galardones-del-pozu-fortuna\/#listItem","position":3,"name":"Entrega de los XV Galardones del Pozu Fortuna","previousItem":{"@type":"ListItem","@id":"https:\/\/www.eldigitaldeasturias.com\/noticias\/category\/fotos-asturias\/#listItem","name":"Fotos Asturias"}}]},{"@type":"Organization","@id":"https:\/\/www.eldigitaldeasturias.com\/noticias\/#organization","name":"El Digital de Asturias","description":"Hemeroteca","url":"https:\/\/www.eldigitaldeasturias.com\/noticias\/","email":"info@eldigitaldeasturias.com","telephone":"+34652131393","logo":{"@type":"ImageObject","url":"https:\/\/www.eldigitaldeasturias.com\/noticias\/wp-content\/uploads\/2020\/12\/EDA.jpg","@id":"https:\/\/www.eldigitaldeasturias.com\/noticias\/entrega-de-los-xv-galardones-del-pozu-fortuna\/#organizationLogo","width":649,"height":297},"image":{"@id":"https:\/\/www.eldigitaldeasturias.com\/noticias\/entrega-de-los-xv-galardones-del-pozu-fortuna\/#organizationLogo"},"sameAs":["https:\/\/facebook.com\/eldigitaldeasturias","https:\/\/www.youtube.com\/channel\/UCZP-2wLEB9Rv6erhFmqVnvg"],"address":{"@id":"https:\/\/www.eldigitaldeasturias.com\/noticias\/#postaladdress","@type":"PostalAddress","streetAddress":"san antonio 4,","postalCode":"33430","addressLocality":"Cand\u00e1s","addressRegion":"Asturias","addressCountry":"ES"}},{"@type":"Person","@id":"https:\/\/www.eldigitaldeasturias.com\/noticias\/author\/admin\/#author","url":"https:\/\/www.eldigitaldeasturias.com\/noticias\/author\/admin\/","name":"El Digital de Asturias","image":{"@type":"ImageObject","@id":"https:\/\/www.eldigitaldeasturias.com\/noticias\/entrega-de-los-xv-galardones-del-pozu-fortuna\/#authorImage","url":"https:\/\/www.eldigitaldeasturias.com\/noticias\/wp-content\/litespeed\/avatar\/18677e78aa0546b92d9dbf31ec7d7668.jpg?ver=1777290358","width":96,"height":96,"caption":"El Digital de Asturias"}},{"@type":"WebPage","@id":"https:\/\/www.eldigitaldeasturias.com\/noticias\/entrega-de-los-xv-galardones-del-pozu-fortuna\/#webpage","url":"https:\/\/www.eldigitaldeasturias.com\/noticias\/entrega-de-los-xv-galardones-del-pozu-fortuna\/","name":"Entrega de los XV Galardones del Pozu Fortuna - El Digital de Asturias","description":"Hoy s\u00e1bado en Asturias se ha celebrado el acto de entrega de los XV Galardones del Pozu Fortuna. Uno de los muchos eventos importantes del fin de semana","inLanguage":"es-ES","isPartOf":{"@id":"https:\/\/www.eldigitaldeasturias.com\/noticias\/#website"},"breadcrumb":{"@id":"https:\/\/www.eldigitaldeasturias.com\/noticias\/entrega-de-los-xv-galardones-del-pozu-fortuna\/#breadcrumblist"},"author":{"@id":"https:\/\/www.eldigitaldeasturias.com\/noticias\/author\/admin\/#author"},"creator":{"@id":"https:\/\/www.eldigitaldeasturias.com\/noticias\/author\/admin\/#author"},"image":{"@type":"ImageObject","url":"https:\/\/www.eldigitaldeasturias.com\/noticias\/wp-content\/uploads\/2023\/10\/Pozu-Fortuna.jpg","@id":"https:\/\/www.eldigitaldeasturias.com\/noticias\/entrega-de-los-xv-galardones-del-pozu-fortuna\/#mainImage","width":648,"height":467,"caption":"Foyo: Prensa Gobierno de Asturias"},"primaryImageOfPage":{"@id":"https:\/\/www.eldigitaldeasturias.com\/noticias\/entrega-de-los-xv-galardones-del-pozu-fortuna\/#mainImage"},"datePublished":"2023-10-21T16:06:27+02:00","dateModified":"2023-10-21T16:06:27+02:00"},{"@type":"WebSite","@id":"https:\/\/www.eldigitaldeasturias.com\/noticias\/#website","url":"https:\/\/www.eldigitaldeasturias.com\/noticias\/","name":"El Digital de Asturias - Diario de actualidad y noticias","alternateName":"El Digital de Asturias - Diario de actualidad y noticias","description":"Hemeroteca","inLanguage":"es-ES","publisher":{"@id":"https:\/\/www.eldigitaldeasturias.com\/noticias\/#organization"}}]},"og:locale":"es_ES","og:site_name":"El Digital de Asturias","og:type":"article","og:title":"Entrega de los XV Galardones del Pozu Fortuna - El Digital de Asturias","og:description":"Hoy s\u00e1bado en Asturias se ha celebrado el acto de entrega de los XV Galardones del Pozu Fortuna. Uno de los muchos eventos importantes del fin de semana","og:url":"https:\/\/www.eldigitaldeasturias.com\/noticias\/entrega-de-los-xv-galardones-del-pozu-fortuna\/","og:image":"https:\/\/www.eldigitaldeasturias.com\/noticias\/wp-content\/uploads\/2023\/10\/Pozu-Fortuna.jpg","og:image:secure_url":"https:\/\/www.eldigitaldeasturias.com\/noticias\/wp-content\/uploads\/2023\/10\/Pozu-Fortuna.jpg","og:image:width":648,"og:image:height":467,"article:tag":["fotos asturias"],"article:published_time":"2023-10-21T14:06:27+00:00","article:modified_time":"2023-10-21T14:06:27+00:00","article:publisher":"https:\/\/facebook.com\/eldigitaldeasturias","twitter:card":"summary_large_image","twitter:title":"Entrega de los XV Galardones del Pozu Fortuna - El Digital de Asturias","twitter:description":"Hoy s\u00e1bado en Asturias se ha celebrado el acto de entrega de los XV Galardones del Pozu Fortuna. Uno de los muchos eventos importantes del fin de semana","twitter:image":"https:\/\/www.eldigitaldeasturias.com\/noticias\/wp-content\/uploads\/2023\/10\/Pozu-Fortuna.jpg","twitter:label1":"Escrito por","twitter:data1":"El Digital de Asturias","twitter:label2":"Tiempo de lectura estimado","twitter:data2":"1 minuto"},"aioseo_meta_data":{"post_id":"1126363","title":null,"description":"Hoy s\u00e1bado en Asturias se ha celebrado el acto de entrega de los XV Galardones del Pozu Fortuna. Uno de los muchos eventos importantes del fin de semana","keywords":[],"keyphrases":{"focus":{"keyphrase":"Pozu Fortuna","score":93,"analysis":{"keyphraseInTitle":{"score":9,"maxScore":9,"error":0},"keyphraseInDescription":{"score":9,"maxScore":9,"error":0},"keyphraseLength":{"score":9,"maxScore":9,"error":0,"length":2},"keyphraseInURL":{"score":1,"maxScore":5,"error":1},"keyphraseInIntroduction":{"score":9,"maxScore":9,"error":0},"keyphraseInSubHeadings":[],"keyphraseInImageAlt":{"score":9,"maxScore":9,"error":0},"keywordDensity":{"type":"best","score":9,"maxScore":9,"error":0}}},"additional":[{"keyphrase":"Pozu Fortuna","score":100,"analysis":{"keyphraseInDescription":{"score":9,"maxScore":9,"error":0},"keyphraseLength":{"score":9,"maxScore":9,"error":0,"length":2},"keyphraseInIntroduction":{"score":9,"maxScore":9,"error":0},"keyphraseInImageAlt":{"score":9,"maxScore":9,"error":0},"keywordDensity":{"type":"best","score":9,"maxScore":9,"error":0}}}]},"primary_term":null,"canonical_url":null,"og_title":null,"og_description":null,"og_object_type":"default","og_image_type":"default","og_image_url":null,"og_image_width":null,"og_image_height":null,"og_image_custom_url":null,"og_image_custom_fields":null,"og_video":"","og_custom_url":null,"og_article_section":null,"og_article_tags":[],"twitter_use_og":false,"twitter_card":"default","twitter_image_type":"default","twitter_image_url":null,"twitter_image_custom_url":null,"twitter_image_custom_fields":null,"twitter_title":null,"twitter_description":null,"schema":{"blockGraphs":[],"customGraphs":[],"default":{"data":{"Article":[],"Course":[],"Dataset":[],"FAQPage":[],"Movie":[],"Person":[],"Product":[],"ProductReview":[],"Car":[],"Recipe":[],"Service":[],"SoftwareApplication":[],"WebPage":[]},"graphName":"BlogPosting","isEnabled":true},"graphs":[]},"schema_type":"default","schema_type_options":null,"pillar_content":false,"robots_default":true,"robots_noindex":false,"robots_noarchive":false,"robots_nosnippet":false,"robots_nofollow":false,"robots_noimageindex":false,"robots_noodp":false,"robots_notranslate":false,"robots_max_snippet":"-1","robots_max_videopreview":"-1","robots_max_imagepreview":"large","priority":null,"frequency":"default","local_seo":null,"seo_analyzer_scan_date":"2025-10-05 18:58:02","breadcrumb_settings":null,"limit_modified_date":false,"open_ai":"{\"title\":{\"suggestions\":[],\"usage\":0},\"description\":{\"suggestions\":[],\"usage\":0}}","ai":null,"created":"2023-10-21 14:01:48","updated":"2025-10-09 02:07:00"},"aioseo_breadcrumb":"<div class=\"aioseo-breadcrumbs\"><span class=\"aioseo-breadcrumb\">\n\t<a href=\"https:\/\/www.eldigitaldeasturias.com\/noticias\" title=\"Home\">Home<\/a>\n<\/span><span class=\"aioseo-breadcrumb-separator\">\u2013<\/span><span class=\"aioseo-breadcrumb\">\n\t<a href=\"https:\/\/www.eldigitaldeasturias.com\/noticias\/category\/fotos-asturias\/\" title=\"Fotos Asturias\">Fotos Asturias<\/a>\n<\/span><span class=\"aioseo-breadcrumb-separator\">\u2013<\/span><span class=\"aioseo-breadcrumb\">\n\t<a href=\"https:\/\/www.eldigitaldeasturias.com\/noticias\/entrega-de-los-xv-galardones-del-pozu-fortuna\/\" title=\"Entrega de los XV Galardones del Pozu Fortuna\">Entrega de los XV Galardones del Pozu Fortuna<\/a>\n<\/span><\/div>","aioseo_breadcrumb_json":[{"label":"Home","link":"https:\/\/www.eldigitaldeasturias.com\/noticias"},{"label":"Fotos Asturias","link":"https:\/\/www.eldigitaldeasturias.com\/noticias\/category\/fotos-asturias\/"},{"label":"Entrega de los XV Galardones del Pozu Fortuna","link":"https:\/\/www.eldigitaldeasturias.com\/noticias\/entrega-de-los-xv-galardones-del-pozu-fortuna\/"}],"_links":{"self":[{"href":"https:\/\/www.eldigitaldeasturias.com\/noticias\/wp-json\/wp\/v2\/posts\/1126363","targetHints":{"allow":["GET"]}}],"collection":[{"href":"https:\/\/www.eldigitaldeasturias.com\/noticias\/wp-json\/wp\/v2\/posts"}],"about":[{"href":"https:\/\/www.eldigitaldeasturias.com\/noticias\/wp-json\/wp\/v2\/types\/post"}],"author":[{"embeddable":true,"href":"https:\/\/www.eldigitaldeasturias.com\/noticias\/wp-json\/wp\/v2\/users\/1"}],"replies":[{"embeddable":true,"href":"https:\/\/www.eldigitaldeasturias.com\/noticias\/wp-json\/wp\/v2\/comments?post=1126363"}],"version-history":[{"count":0,"href":"https:\/\/www.eldigitaldeasturias.com\/noticias\/wp-json\/wp\/v2\/posts\/1126363\/revisions"}],"wp:featuredmedia":[{"embeddable":true,"href":"https:\/\/www.eldigitaldeasturias.com\/noticias\/wp-json\/wp\/v2\/media\/1126364"}],"wp:attachment":[{"href":"https:\/\/www.eldigitaldeasturias.com\/noticias\/wp-json\/wp\/v2\/media?parent=1126363"}],"wp:term":[{"taxonomy":"category","embeddable":true,"href":"https:\/\/www.eldigitaldeasturias.com\/noticias\/wp-json\/wp\/v2\/categories?post=1126363"},{"taxonomy":"post_tag","embeddable":true,"href":"https:\/\/www.eldigitaldeasturias.com\/noticias\/wp-json\/wp\/v2\/tags?post=1126363"}],"curies":[{"name":"wp","href":"https:\/\/api.w.org\/{rel}","templated":true}]}}