{"id":1125907,"date":"2023-09-28T18:18:45","date_gmt":"2023-09-28T16:18:45","guid":{"rendered":"https:\/\/www.eldigitaldeasturias.com\/noticias\/?p=1125907"},"modified":"2023-09-28T18:18:45","modified_gmt":"2023-09-28T16:18:45","slug":"la-importancia-de-contratar-a-un-profesional-en-correccion-de-textos-para-la-escritura-empresarial-y-literaria","status":"publish","type":"post","link":"https:\/\/www.eldigitaldeasturias.com\/noticias\/la-importancia-de-contratar-a-un-profesional-en-correccion-de-textos-para-la-escritura-empresarial-y-literaria\/","title":{"rendered":"La importancia de contratar a un profesional en correcci\u00f3n de textos para la escritura empresarial y literaria"},"content":{"rendered":"<p><span style=\"font-weight: 400;\">La correcta escritura ha sido siempre una habilidad esencial en diversos contextos. Con el tiempo, esta habilidad se ha vuelto cr\u00edtica tanto en el mundo empresarial como en la literatura digital. Las empresas buscan transmitir mensajes claros y efectivos a trav\u00e9s de una variedad de medios, como anuncios publicitarios, manuales, sitios web y boletines informativos, entre otros.<\/span><\/p>\n<p><img loading=\"lazy\" decoding=\"async\" class=\"aligncenter wp-image-1125908 size-large\" src=\"https:\/\/www.eldigitaldeasturias.com\/noticias\/wp-content\/uploads\/2023\/09\/profesional-650x434.jpg\" alt=\"profesional\" width=\"650\" height=\"434\" srcset=\"https:\/\/www.eldigitaldeasturias.com\/noticias\/wp-content\/uploads\/2023\/09\/profesional-650x434.jpg 650w, https:\/\/www.eldigitaldeasturias.com\/noticias\/wp-content\/uploads\/2023\/09\/profesional-360x240.jpg 360w, https:\/\/www.eldigitaldeasturias.com\/noticias\/wp-content\/uploads\/2023\/09\/profesional-449x300.jpg 449w, https:\/\/www.eldigitaldeasturias.com\/noticias\/wp-content\/uploads\/2023\/09\/profesional-768x513.jpg 768w, https:\/\/www.eldigitaldeasturias.com\/noticias\/wp-content\/uploads\/2023\/09\/profesional-150x100.jpg 150w, https:\/\/www.eldigitaldeasturias.com\/noticias\/wp-content\/uploads\/2023\/09\/profesional-450x300.jpg 450w, https:\/\/www.eldigitaldeasturias.com\/noticias\/wp-content\/uploads\/2023\/09\/profesional.jpg 1005w\" sizes=\"auto, (max-width: 650px) 100vw, 650px\" \/><\/p>\n<p><span style=\"font-weight: 400;\">En este contexto, la <\/span><span style=\"color: #ff6600;\"><a style=\"color: #ff6600;\" href=\"https:\/\/correccionprofesional.es\/\" target=\"_blank\" rel=\"nofollow noopener\"><b>correcci\u00f3n de textos<\/b><\/a><\/span><span style=\"font-weight: 400;\"> emerge como un elemento esencial que <\/span><b>puede marcar la diferencia<\/b><span style=\"font-weight: 400;\"> entre un resultado mediocre y uno sobresaliente. Tanto las empresas como los escritores necesitan recurrir a profesionales de la correcci\u00f3n para dotar a sus escritos de fluidez, calidad y efectividad. En este art\u00edculo, exploraremos las ventajas de contratar a un corrector profesional.<\/span><\/p>\n<h2><b>Ventajas de la correcci\u00f3n de textos<\/b><\/h2>\n<p><span style=\"font-weight: 400;\">En la era digital, la revisi\u00f3n y edici\u00f3n de textos deben ser procesos exhaustivos y rigurosos. Millones de personas acceden diariamente a Internet para consumir contenido escrito, por lo que es crucial que este sea coherente y f\u00e1cil de leer.<\/span><\/p>\n<p><span style=\"font-weight: 400;\">Las empresas y los escritores deben contratar a un corrector de textos para proporcionar un hilo conductor l\u00f3gico y eliminar errores gramaticales, ortogr\u00e1ficos, de puntuaci\u00f3n y de estilo. El objetivo es mejorar la coherencia y precisi\u00f3n del texto para que resulte m\u00e1s n\u00edtido y comprensible para el lector.<\/span><\/p>\n<p><span style=\"font-weight: 400;\">La importancia de la correcci\u00f3n de textos no debe subestimarse. La comunicaci\u00f3n escrita es un recurso utilizado para <\/span><b>difundir informaci\u00f3n de manera m\u00e1s amplia y accesible<\/b><span style=\"font-weight: 400;\"> que los mensajes orales. Sin embargo, debe manejarse con cuidado, ya que deja un registro permanente que no se puede modificar una vez enviado.<\/span><\/p>\n<h2><b>Ahorro de tiempo y reducci\u00f3n de estr\u00e9s<\/b><\/h2>\n<p><span style=\"font-weight: 400;\">La revisi\u00f3n manual de textos es una tarea tediosa y exigente. Hacerlo por cuenta propia puede resultar agotador, ya que revisar una y otra vez el mismo texto puede dificultar la detecci\u00f3n de errores. Por lo tanto, es fundamental que otra persona con experiencia realice las revisiones posteriores. En este punto, el papel del profesional que se dedica a esta labor adquiere relevancia.<\/span><\/p>\n<p><span style=\"font-weight: 400;\">La contrataci\u00f3n de un profesional dedicado a realizar las modificaciones pertinentes <\/span><b>mejorar\u00e1 la calidad y fluidez<\/b><span style=\"font-weight: 400;\"> de los escritos, al tiempo que ahorrar\u00e1 tiempo y evitar\u00e1 el estr\u00e9s. En manos expertas, estas revisiones pueden traducirse en mejoras significativas en la gesti\u00f3n de recursos y la eliminaci\u00f3n de errores.<\/span><\/p>\n<h2><b>Preservaci\u00f3n de la imagen corporativa<\/b><\/h2>\n<p><span style=\"font-weight: 400;\">Para las empresas, el contenido escrito es su carta de presentaci\u00f3n y no puede modificarse una vez que se ha publicado. Su imagen p\u00fablica depende en gran medida de cada texto que emiten. Los manuales, anuncios, sitios web y boletines informativos son recursos valiosos que utilizan para comunicarse e informar a sus clientes y empleados. Una frase mal estructurada o un error gramatical pueden comprometer la imagen de la empresa y socavar su credibilidad.<\/span><\/p>\n<p><span style=\"font-weight: 400;\">La inversi\u00f3n en un corrector profesional es esencial para mantener una imagen corporativa competente frente al p\u00fablico y otras empresas.<\/span><\/p>\n<h2><b>Correcci\u00f3n fluida y objetiva<\/b><\/h2>\n<p><span style=\"font-weight: 400;\">Para los escritores, cada oraci\u00f3n debe ser relevante para los lectores y tener un objetivo claro que refleje la intenci\u00f3n de cada idea expuesta. Sin embargo, es com\u00fan que el propio autor pase por alto errores evidentes en su propia escritura.<\/span><\/p>\n<p><span style=\"font-weight: 400;\">La mirada externa de un profesional capacitado puede <\/span><b>detectar fallas o ideas confusas<\/b><span style=\"font-weight: 400;\">, al tiempo que precisa, clarifica y refuerza el mensaje que el autor desea transmitir en cada p\u00e1rrafo.<\/span><\/p>\n<h2><b>Precisi\u00f3n en la comunicaci\u00f3n<\/b><\/h2>\n<p><span style=\"font-weight: 400;\">Las empresas utilizan diversos medios para <\/span><b>establecer relaciones con sus clientes,<\/b><span style=\"font-weight: 400;\"> desde manuales de productos hasta campa\u00f1as de marketing por correo electr\u00f3nico. La correcci\u00f3n de estos textos es esencial para mantener una comunicaci\u00f3n precisa y clara.<\/span><\/p>\n<p><span style=\"font-weight: 400;\">Un error en un anuncio o en una oferta especial puede resultar en una p\u00e9rdida de ventas y de reputaci\u00f3n.<\/span><\/p>\n<h2><b>Publicaci\u00f3n perfecta y profesional<\/b><\/h2>\n<p><span style=\"font-weight: 400;\">Los textos bien redactados tienen una mayor <\/span><b>aceptaci\u00f3n en sitios web y editoriales<\/b><span style=\"font-weight: 400;\"> cuando la redacci\u00f3n es adecuada. Al causar una impresi\u00f3n positiva en la audiencia, los medios que se encargan de su difusi\u00f3n est\u00e1n m\u00e1s dispuestos a hacerlo.<\/span><\/p>\n<p><span style=\"font-weight: 400;\">El posicionamiento en Internet de una empresa y la publicaci\u00f3n de un autor dependen de que sus escritos est\u00e9n pulidos y sean profesionales.<\/span><\/p>\n<h2><b>La val\u00eda de la correcci\u00f3n de textos<\/b><\/h2>\n<p><span style=\"font-weight: 400;\">Un contenido bien escrito <\/span><b>transmite una impresi\u00f3n s\u00f3lida a los lectores<\/b><span style=\"font-weight: 400;\">. Es una muestra de inteligencia, agudeza y confianza. La responsabilidad de un corrector de textos es considerable, ya que influye tanto en la persona como en la imagen corporativa.<\/span><\/p>\n<p><span style=\"font-weight: 400;\">La comunicaci\u00f3n efectiva es decisiva para <\/span><b>crear, mantener y mejorar las relaciones profesionales<\/b><span style=\"font-weight: 400;\">. La correcci\u00f3n profesional de cada mensaje tiene un impacto mucho mayor de lo que solemos pensar.<\/span><\/p>\n<p><span style=\"font-weight: 400;\">El ahorro de tiempo, esfuerzo y dinero es un factor a tener en cuenta al considerar la contrataci\u00f3n de un profesional dedicado a esto. Evitar la correcci\u00f3n sin un enfoque metodol\u00f3gico una y otra vez es una ganancia significativa. Aunque en ocasiones las modificaciones puedan parecer peque\u00f1as, <\/span><b>su impacto puede ser enorme<\/b><span style=\"font-weight: 400;\">, y saber hacerlo correctamente es competencia de un corrector profesional.<\/span><\/p>\n","protected":false},"excerpt":{"rendered":"<p>La correcta escritura ha sido siempre una habilidad esencial en diversos contextos. Con el tiempo, esta habilidad se ha vuelto cr\u00edtica tanto en el mundo empresarial como en la literatura digital. Las empresas buscan transmitir mensajes claros y efectivos a trav\u00e9s de una variedad de medios, como anuncios publicitarios, manuales, sitios web y boletines informativos, [&hellip;]<\/p>\n","protected":false},"author":1,"featured_media":1125908,"comment_status":"closed","ping_status":"closed","sticky":false,"template":"","format":"standard","meta":{"footnotes":""},"categories":[219],"tags":[],"class_list":["post-1125907","post","type-post","status-publish","format-standard","has-post-thumbnail","hentry","category-negocios-y-empresas"],"aioseo_notices":[],"aioseo_head":"\n\t\t<!-- All in One SEO Pro 4.9.6.2 - aioseo.com -->\n\t<meta name=\"description\" content=\"La correcta escritura ha sido siempre una habilidad esencial en diversos contextos. Con el tiempo, esta habilidad se ha vuelto cr\u00edtica tanto en el mundo\" \/>\n\t<meta name=\"robots\" content=\"max-image-preview:large\" \/>\n\t<meta name=\"author\" content=\"El Digital de Asturias\"\/>\n\t<meta name=\"google-site-verification\" content=\"UA-38556648-1\" \/>\n\t<meta name=\"msvalidate.01\" content=\"7dfe9f3f1b24437ab69f4f2559babe99\" \/>\n\t<meta name=\"keywords\" content=\"negocios y empresas\" \/>\n\t<link rel=\"canonical\" href=\"https:\/\/www.eldigitaldeasturias.com\/noticias\/la-importancia-de-contratar-a-un-profesional-en-correccion-de-textos-para-la-escritura-empresarial-y-literaria\/\" \/>\n\t<meta name=\"generator\" content=\"All in One SEO Pro (AIOSEO) 4.9.6.2\" \/>\n\t\t<meta property=\"og:locale\" content=\"es_ES\" \/>\n\t\t<meta property=\"og:site_name\" content=\"El Digital de Asturias\" \/>\n\t\t<meta property=\"og:type\" content=\"article\" \/>\n\t\t<meta property=\"og:title\" content=\"La importancia de contratar a un profesional en correcci\u00f3n de textos para la escritura empresarial y literaria - El Digital de Asturias\" \/>\n\t\t<meta property=\"og:description\" content=\"La correcta escritura ha sido siempre una habilidad esencial en diversos contextos. Con el tiempo, esta habilidad se ha vuelto cr\u00edtica tanto en el mundo\" \/>\n\t\t<meta property=\"og:url\" content=\"https:\/\/www.eldigitaldeasturias.com\/noticias\/la-importancia-de-contratar-a-un-profesional-en-correccion-de-textos-para-la-escritura-empresarial-y-literaria\/\" \/>\n\t\t<meta property=\"og:image\" content=\"https:\/\/www.eldigitaldeasturias.com\/noticias\/wp-content\/uploads\/2023\/09\/profesional.jpg\" \/>\n\t\t<meta property=\"og:image:secure_url\" content=\"https:\/\/www.eldigitaldeasturias.com\/noticias\/wp-content\/uploads\/2023\/09\/profesional.jpg\" \/>\n\t\t<meta property=\"og:image:width\" content=\"1005\" \/>\n\t\t<meta property=\"og:image:height\" content=\"671\" \/>\n\t\t<meta property=\"article:tag\" content=\"negocios y empresas\" \/>\n\t\t<meta property=\"article:published_time\" content=\"2023-09-28T16:18:45+00:00\" \/>\n\t\t<meta property=\"article:modified_time\" content=\"2023-09-28T16:18:45+00:00\" \/>\n\t\t<meta property=\"article:publisher\" content=\"https:\/\/facebook.com\/eldigitaldeasturias\" \/>\n\t\t<meta name=\"twitter:card\" content=\"summary_large_image\" \/>\n\t\t<meta name=\"twitter:title\" content=\"La importancia de contratar a un profesional en correcci\u00f3n de textos para la escritura empresarial y literaria - El Digital de Asturias\" \/>\n\t\t<meta name=\"twitter:description\" content=\"La correcta escritura ha sido siempre una habilidad esencial en diversos contextos. Con el tiempo, esta habilidad se ha vuelto cr\u00edtica tanto en el mundo\" \/>\n\t\t<meta name=\"twitter:image\" content=\"https:\/\/www.eldigitaldeasturias.com\/noticias\/wp-content\/uploads\/2023\/09\/profesional.jpg\" \/>\n\t\t<meta name=\"twitter:label1\" content=\"Escrito por\" \/>\n\t\t<meta name=\"twitter:data1\" content=\"El Digital de Asturias\" \/>\n\t\t<meta name=\"twitter:label2\" content=\"Tiempo de lectura estimado\" \/>\n\t\t<meta name=\"twitter:data2\" content=\"4 minutos\" \/>\n\t\t<script type=\"application\/ld+json\" class=\"aioseo-schema\">\n\t\t\t{\"@context\":\"https:\\\/\\\/schema.org\",\"@graph\":[{\"@type\":\"BlogPosting\",\"@id\":\"https:\\\/\\\/www.eldigitaldeasturias.com\\\/noticias\\\/la-importancia-de-contratar-a-un-profesional-en-correccion-de-textos-para-la-escritura-empresarial-y-literaria\\\/#blogposting\",\"name\":\"La importancia de contratar a un profesional en correcci\\u00f3n de textos para la escritura empresarial y literaria - El Digital de Asturias\",\"headline\":\"La importancia de contratar a un profesional en correcci\\u00f3n de textos para la escritura empresarial y literaria\",\"author\":{\"@id\":\"https:\\\/\\\/www.eldigitaldeasturias.com\\\/noticias\\\/author\\\/admin\\\/#author\"},\"publisher\":{\"@id\":\"https:\\\/\\\/www.eldigitaldeasturias.com\\\/noticias\\\/#organization\"},\"image\":{\"@type\":\"ImageObject\",\"url\":\"https:\\\/\\\/www.eldigitaldeasturias.com\\\/noticias\\\/wp-content\\\/uploads\\\/2023\\\/09\\\/profesional.jpg\",\"width\":1005,\"height\":671,\"caption\":\"profesional\"},\"datePublished\":\"2023-09-28T18:18:45+02:00\",\"dateModified\":\"2023-09-28T18:18:45+02:00\",\"inLanguage\":\"es-ES\",\"mainEntityOfPage\":{\"@id\":\"https:\\\/\\\/www.eldigitaldeasturias.com\\\/noticias\\\/la-importancia-de-contratar-a-un-profesional-en-correccion-de-textos-para-la-escritura-empresarial-y-literaria\\\/#webpage\"},\"isPartOf\":{\"@id\":\"https:\\\/\\\/www.eldigitaldeasturias.com\\\/noticias\\\/la-importancia-de-contratar-a-un-profesional-en-correccion-de-textos-para-la-escritura-empresarial-y-literaria\\\/#webpage\"},\"articleSection\":\"Negocios y Empresas\"},{\"@type\":\"BreadcrumbList\",\"@id\":\"https:\\\/\\\/www.eldigitaldeasturias.com\\\/noticias\\\/la-importancia-de-contratar-a-un-profesional-en-correccion-de-textos-para-la-escritura-empresarial-y-literaria\\\/#breadcrumblist\",\"itemListElement\":[{\"@type\":\"ListItem\",\"@id\":\"https:\\\/\\\/www.eldigitaldeasturias.com\\\/noticias#listItem\",\"position\":1,\"name\":\"Home\",\"item\":\"https:\\\/\\\/www.eldigitaldeasturias.com\\\/noticias\",\"nextItem\":{\"@type\":\"ListItem\",\"@id\":\"https:\\\/\\\/www.eldigitaldeasturias.com\\\/noticias\\\/category\\\/negocios-y-empresas\\\/#listItem\",\"name\":\"Negocios y Empresas\"}},{\"@type\":\"ListItem\",\"@id\":\"https:\\\/\\\/www.eldigitaldeasturias.com\\\/noticias\\\/category\\\/negocios-y-empresas\\\/#listItem\",\"position\":2,\"name\":\"Negocios y Empresas\",\"item\":\"https:\\\/\\\/www.eldigitaldeasturias.com\\\/noticias\\\/category\\\/negocios-y-empresas\\\/\",\"nextItem\":{\"@type\":\"ListItem\",\"@id\":\"https:\\\/\\\/www.eldigitaldeasturias.com\\\/noticias\\\/la-importancia-de-contratar-a-un-profesional-en-correccion-de-textos-para-la-escritura-empresarial-y-literaria\\\/#listItem\",\"name\":\"La importancia de contratar a un profesional en correcci\\u00f3n de textos para la escritura empresarial y literaria\"},\"previousItem\":{\"@type\":\"ListItem\",\"@id\":\"https:\\\/\\\/www.eldigitaldeasturias.com\\\/noticias#listItem\",\"name\":\"Home\"}},{\"@type\":\"ListItem\",\"@id\":\"https:\\\/\\\/www.eldigitaldeasturias.com\\\/noticias\\\/la-importancia-de-contratar-a-un-profesional-en-correccion-de-textos-para-la-escritura-empresarial-y-literaria\\\/#listItem\",\"position\":3,\"name\":\"La importancia de contratar a un profesional en correcci\\u00f3n de textos para la escritura empresarial y literaria\",\"previousItem\":{\"@type\":\"ListItem\",\"@id\":\"https:\\\/\\\/www.eldigitaldeasturias.com\\\/noticias\\\/category\\\/negocios-y-empresas\\\/#listItem\",\"name\":\"Negocios y Empresas\"}}]},{\"@type\":\"Organization\",\"@id\":\"https:\\\/\\\/www.eldigitaldeasturias.com\\\/noticias\\\/#organization\",\"name\":\"El Digital de Asturias\",\"description\":\"Hemeroteca\",\"url\":\"https:\\\/\\\/www.eldigitaldeasturias.com\\\/noticias\\\/\",\"email\":\"info@eldigitaldeasturias.com\",\"telephone\":\"+34652131393\",\"logo\":{\"@type\":\"ImageObject\",\"url\":\"https:\\\/\\\/www.eldigitaldeasturias.com\\\/noticias\\\/wp-content\\\/uploads\\\/2020\\\/12\\\/EDA.jpg\",\"@id\":\"https:\\\/\\\/www.eldigitaldeasturias.com\\\/noticias\\\/la-importancia-de-contratar-a-un-profesional-en-correccion-de-textos-para-la-escritura-empresarial-y-literaria\\\/#organizationLogo\",\"width\":649,\"height\":297},\"image\":{\"@id\":\"https:\\\/\\\/www.eldigitaldeasturias.com\\\/noticias\\\/la-importancia-de-contratar-a-un-profesional-en-correccion-de-textos-para-la-escritura-empresarial-y-literaria\\\/#organizationLogo\"},\"sameAs\":[\"https:\\\/\\\/facebook.com\\\/eldigitaldeasturias\",\"https:\\\/\\\/www.youtube.com\\\/channel\\\/UCZP-2wLEB9Rv6erhFmqVnvg\"],\"address\":{\"@id\":\"https:\\\/\\\/www.eldigitaldeasturias.com\\\/noticias\\\/#postaladdress\",\"@type\":\"PostalAddress\",\"streetAddress\":\"san antonio 4,\",\"postalCode\":\"33430\",\"addressLocality\":\"Cand\\u00e1s\",\"addressRegion\":\"Asturias\",\"addressCountry\":\"ES\"}},{\"@type\":\"Person\",\"@id\":\"https:\\\/\\\/www.eldigitaldeasturias.com\\\/noticias\\\/author\\\/admin\\\/#author\",\"url\":\"https:\\\/\\\/www.eldigitaldeasturias.com\\\/noticias\\\/author\\\/admin\\\/\",\"name\":\"El Digital de Asturias\",\"image\":{\"@type\":\"ImageObject\",\"@id\":\"https:\\\/\\\/www.eldigitaldeasturias.com\\\/noticias\\\/la-importancia-de-contratar-a-un-profesional-en-correccion-de-textos-para-la-escritura-empresarial-y-literaria\\\/#authorImage\",\"url\":\"https:\\\/\\\/www.eldigitaldeasturias.com\\\/noticias\\\/wp-content\\\/litespeed\\\/avatar\\\/18677e78aa0546b92d9dbf31ec7d7668.jpg?ver=1777290358\",\"width\":96,\"height\":96,\"caption\":\"El Digital de Asturias\"}},{\"@type\":\"WebPage\",\"@id\":\"https:\\\/\\\/www.eldigitaldeasturias.com\\\/noticias\\\/la-importancia-de-contratar-a-un-profesional-en-correccion-de-textos-para-la-escritura-empresarial-y-literaria\\\/#webpage\",\"url\":\"https:\\\/\\\/www.eldigitaldeasturias.com\\\/noticias\\\/la-importancia-de-contratar-a-un-profesional-en-correccion-de-textos-para-la-escritura-empresarial-y-literaria\\\/\",\"name\":\"La importancia de contratar a un profesional en correcci\\u00f3n de textos para la escritura empresarial y literaria - El Digital de Asturias\",\"description\":\"La correcta escritura ha sido siempre una habilidad esencial en diversos contextos. Con el tiempo, esta habilidad se ha vuelto cr\\u00edtica tanto en el mundo\",\"inLanguage\":\"es-ES\",\"isPartOf\":{\"@id\":\"https:\\\/\\\/www.eldigitaldeasturias.com\\\/noticias\\\/#website\"},\"breadcrumb\":{\"@id\":\"https:\\\/\\\/www.eldigitaldeasturias.com\\\/noticias\\\/la-importancia-de-contratar-a-un-profesional-en-correccion-de-textos-para-la-escritura-empresarial-y-literaria\\\/#breadcrumblist\"},\"author\":{\"@id\":\"https:\\\/\\\/www.eldigitaldeasturias.com\\\/noticias\\\/author\\\/admin\\\/#author\"},\"creator\":{\"@id\":\"https:\\\/\\\/www.eldigitaldeasturias.com\\\/noticias\\\/author\\\/admin\\\/#author\"},\"image\":{\"@type\":\"ImageObject\",\"url\":\"https:\\\/\\\/www.eldigitaldeasturias.com\\\/noticias\\\/wp-content\\\/uploads\\\/2023\\\/09\\\/profesional.jpg\",\"@id\":\"https:\\\/\\\/www.eldigitaldeasturias.com\\\/noticias\\\/la-importancia-de-contratar-a-un-profesional-en-correccion-de-textos-para-la-escritura-empresarial-y-literaria\\\/#mainImage\",\"width\":1005,\"height\":671,\"caption\":\"profesional\"},\"primaryImageOfPage\":{\"@id\":\"https:\\\/\\\/www.eldigitaldeasturias.com\\\/noticias\\\/la-importancia-de-contratar-a-un-profesional-en-correccion-de-textos-para-la-escritura-empresarial-y-literaria\\\/#mainImage\"},\"datePublished\":\"2023-09-28T18:18:45+02:00\",\"dateModified\":\"2023-09-28T18:18:45+02:00\"},{\"@type\":\"WebSite\",\"@id\":\"https:\\\/\\\/www.eldigitaldeasturias.com\\\/noticias\\\/#website\",\"url\":\"https:\\\/\\\/www.eldigitaldeasturias.com\\\/noticias\\\/\",\"name\":\"El Digital de Asturias - Diario de actualidad y noticias\",\"alternateName\":\"El Digital de Asturias - Diario de actualidad y noticias\",\"description\":\"Hemeroteca\",\"inLanguage\":\"es-ES\",\"publisher\":{\"@id\":\"https:\\\/\\\/www.eldigitaldeasturias.com\\\/noticias\\\/#organization\"}}]}\n\t\t<\/script>\n\t\t<!-- All in One SEO Pro -->\r\n\t\t<title>La importancia de contratar a un profesional en correcci\u00f3n de textos para la escritura empresarial y literaria - El Digital de Asturias<\/title>\n\n","aioseo_head_json":{"title":"La importancia de contratar a un profesional en correcci\u00f3n de textos para la escritura empresarial y literaria - El Digital de Asturias","description":"La correcta escritura ha sido siempre una habilidad esencial en diversos contextos. Con el tiempo, esta habilidad se ha vuelto cr\u00edtica tanto en el mundo","canonical_url":"https:\/\/www.eldigitaldeasturias.com\/noticias\/la-importancia-de-contratar-a-un-profesional-en-correccion-de-textos-para-la-escritura-empresarial-y-literaria\/","robots":"max-image-preview:large","keywords":"negocios y empresas","webmasterTools":{"google-site-verification":"UA-38556648-1","msvalidate.01":"7dfe9f3f1b24437ab69f4f2559babe99","miscellaneous":""},"schema":{"@context":"https:\/\/schema.org","@graph":[{"@type":"BlogPosting","@id":"https:\/\/www.eldigitaldeasturias.com\/noticias\/la-importancia-de-contratar-a-un-profesional-en-correccion-de-textos-para-la-escritura-empresarial-y-literaria\/#blogposting","name":"La importancia de contratar a un profesional en correcci\u00f3n de textos para la escritura empresarial y literaria - El Digital de Asturias","headline":"La importancia de contratar a un profesional en correcci\u00f3n de textos para la escritura empresarial y literaria","author":{"@id":"https:\/\/www.eldigitaldeasturias.com\/noticias\/author\/admin\/#author"},"publisher":{"@id":"https:\/\/www.eldigitaldeasturias.com\/noticias\/#organization"},"image":{"@type":"ImageObject","url":"https:\/\/www.eldigitaldeasturias.com\/noticias\/wp-content\/uploads\/2023\/09\/profesional.jpg","width":1005,"height":671,"caption":"profesional"},"datePublished":"2023-09-28T18:18:45+02:00","dateModified":"2023-09-28T18:18:45+02:00","inLanguage":"es-ES","mainEntityOfPage":{"@id":"https:\/\/www.eldigitaldeasturias.com\/noticias\/la-importancia-de-contratar-a-un-profesional-en-correccion-de-textos-para-la-escritura-empresarial-y-literaria\/#webpage"},"isPartOf":{"@id":"https:\/\/www.eldigitaldeasturias.com\/noticias\/la-importancia-de-contratar-a-un-profesional-en-correccion-de-textos-para-la-escritura-empresarial-y-literaria\/#webpage"},"articleSection":"Negocios y Empresas"},{"@type":"BreadcrumbList","@id":"https:\/\/www.eldigitaldeasturias.com\/noticias\/la-importancia-de-contratar-a-un-profesional-en-correccion-de-textos-para-la-escritura-empresarial-y-literaria\/#breadcrumblist","itemListElement":[{"@type":"ListItem","@id":"https:\/\/www.eldigitaldeasturias.com\/noticias#listItem","position":1,"name":"Home","item":"https:\/\/www.eldigitaldeasturias.com\/noticias","nextItem":{"@type":"ListItem","@id":"https:\/\/www.eldigitaldeasturias.com\/noticias\/category\/negocios-y-empresas\/#listItem","name":"Negocios y Empresas"}},{"@type":"ListItem","@id":"https:\/\/www.eldigitaldeasturias.com\/noticias\/category\/negocios-y-empresas\/#listItem","position":2,"name":"Negocios y Empresas","item":"https:\/\/www.eldigitaldeasturias.com\/noticias\/category\/negocios-y-empresas\/","nextItem":{"@type":"ListItem","@id":"https:\/\/www.eldigitaldeasturias.com\/noticias\/la-importancia-de-contratar-a-un-profesional-en-correccion-de-textos-para-la-escritura-empresarial-y-literaria\/#listItem","name":"La importancia de contratar a un profesional en correcci\u00f3n de textos para la escritura empresarial y literaria"},"previousItem":{"@type":"ListItem","@id":"https:\/\/www.eldigitaldeasturias.com\/noticias#listItem","name":"Home"}},{"@type":"ListItem","@id":"https:\/\/www.eldigitaldeasturias.com\/noticias\/la-importancia-de-contratar-a-un-profesional-en-correccion-de-textos-para-la-escritura-empresarial-y-literaria\/#listItem","position":3,"name":"La importancia de contratar a un profesional en correcci\u00f3n de textos para la escritura empresarial y literaria","previousItem":{"@type":"ListItem","@id":"https:\/\/www.eldigitaldeasturias.com\/noticias\/category\/negocios-y-empresas\/#listItem","name":"Negocios y Empresas"}}]},{"@type":"Organization","@id":"https:\/\/www.eldigitaldeasturias.com\/noticias\/#organization","name":"El Digital de Asturias","description":"Hemeroteca","url":"https:\/\/www.eldigitaldeasturias.com\/noticias\/","email":"info@eldigitaldeasturias.com","telephone":"+34652131393","logo":{"@type":"ImageObject","url":"https:\/\/www.eldigitaldeasturias.com\/noticias\/wp-content\/uploads\/2020\/12\/EDA.jpg","@id":"https:\/\/www.eldigitaldeasturias.com\/noticias\/la-importancia-de-contratar-a-un-profesional-en-correccion-de-textos-para-la-escritura-empresarial-y-literaria\/#organizationLogo","width":649,"height":297},"image":{"@id":"https:\/\/www.eldigitaldeasturias.com\/noticias\/la-importancia-de-contratar-a-un-profesional-en-correccion-de-textos-para-la-escritura-empresarial-y-literaria\/#organizationLogo"},"sameAs":["https:\/\/facebook.com\/eldigitaldeasturias","https:\/\/www.youtube.com\/channel\/UCZP-2wLEB9Rv6erhFmqVnvg"],"address":{"@id":"https:\/\/www.eldigitaldeasturias.com\/noticias\/#postaladdress","@type":"PostalAddress","streetAddress":"san antonio 4,","postalCode":"33430","addressLocality":"Cand\u00e1s","addressRegion":"Asturias","addressCountry":"ES"}},{"@type":"Person","@id":"https:\/\/www.eldigitaldeasturias.com\/noticias\/author\/admin\/#author","url":"https:\/\/www.eldigitaldeasturias.com\/noticias\/author\/admin\/","name":"El Digital de Asturias","image":{"@type":"ImageObject","@id":"https:\/\/www.eldigitaldeasturias.com\/noticias\/la-importancia-de-contratar-a-un-profesional-en-correccion-de-textos-para-la-escritura-empresarial-y-literaria\/#authorImage","url":"https:\/\/www.eldigitaldeasturias.com\/noticias\/wp-content\/litespeed\/avatar\/18677e78aa0546b92d9dbf31ec7d7668.jpg?ver=1777290358","width":96,"height":96,"caption":"El Digital de Asturias"}},{"@type":"WebPage","@id":"https:\/\/www.eldigitaldeasturias.com\/noticias\/la-importancia-de-contratar-a-un-profesional-en-correccion-de-textos-para-la-escritura-empresarial-y-literaria\/#webpage","url":"https:\/\/www.eldigitaldeasturias.com\/noticias\/la-importancia-de-contratar-a-un-profesional-en-correccion-de-textos-para-la-escritura-empresarial-y-literaria\/","name":"La importancia de contratar a un profesional en correcci\u00f3n de textos para la escritura empresarial y literaria - El Digital de Asturias","description":"La correcta escritura ha sido siempre una habilidad esencial en diversos contextos. Con el tiempo, esta habilidad se ha vuelto cr\u00edtica tanto en el mundo","inLanguage":"es-ES","isPartOf":{"@id":"https:\/\/www.eldigitaldeasturias.com\/noticias\/#website"},"breadcrumb":{"@id":"https:\/\/www.eldigitaldeasturias.com\/noticias\/la-importancia-de-contratar-a-un-profesional-en-correccion-de-textos-para-la-escritura-empresarial-y-literaria\/#breadcrumblist"},"author":{"@id":"https:\/\/www.eldigitaldeasturias.com\/noticias\/author\/admin\/#author"},"creator":{"@id":"https:\/\/www.eldigitaldeasturias.com\/noticias\/author\/admin\/#author"},"image":{"@type":"ImageObject","url":"https:\/\/www.eldigitaldeasturias.com\/noticias\/wp-content\/uploads\/2023\/09\/profesional.jpg","@id":"https:\/\/www.eldigitaldeasturias.com\/noticias\/la-importancia-de-contratar-a-un-profesional-en-correccion-de-textos-para-la-escritura-empresarial-y-literaria\/#mainImage","width":1005,"height":671,"caption":"profesional"},"primaryImageOfPage":{"@id":"https:\/\/www.eldigitaldeasturias.com\/noticias\/la-importancia-de-contratar-a-un-profesional-en-correccion-de-textos-para-la-escritura-empresarial-y-literaria\/#mainImage"},"datePublished":"2023-09-28T18:18:45+02:00","dateModified":"2023-09-28T18:18:45+02:00"},{"@type":"WebSite","@id":"https:\/\/www.eldigitaldeasturias.com\/noticias\/#website","url":"https:\/\/www.eldigitaldeasturias.com\/noticias\/","name":"El Digital de Asturias - Diario de actualidad y noticias","alternateName":"El Digital de Asturias - Diario de actualidad y noticias","description":"Hemeroteca","inLanguage":"es-ES","publisher":{"@id":"https:\/\/www.eldigitaldeasturias.com\/noticias\/#organization"}}]},"og:locale":"es_ES","og:site_name":"El Digital de Asturias","og:type":"article","og:title":"La importancia de contratar a un profesional en correcci\u00f3n de textos para la escritura empresarial y literaria - El Digital de Asturias","og:description":"La correcta escritura ha sido siempre una habilidad esencial en diversos contextos. Con el tiempo, esta habilidad se ha vuelto cr\u00edtica tanto en el mundo","og:url":"https:\/\/www.eldigitaldeasturias.com\/noticias\/la-importancia-de-contratar-a-un-profesional-en-correccion-de-textos-para-la-escritura-empresarial-y-literaria\/","og:image":"https:\/\/www.eldigitaldeasturias.com\/noticias\/wp-content\/uploads\/2023\/09\/profesional.jpg","og:image:secure_url":"https:\/\/www.eldigitaldeasturias.com\/noticias\/wp-content\/uploads\/2023\/09\/profesional.jpg","og:image:width":1005,"og:image:height":671,"article:tag":["negocios y empresas"],"article:published_time":"2023-09-28T16:18:45+00:00","article:modified_time":"2023-09-28T16:18:45+00:00","article:publisher":"https:\/\/facebook.com\/eldigitaldeasturias","twitter:card":"summary_large_image","twitter:title":"La importancia de contratar a un profesional en correcci\u00f3n de textos para la escritura empresarial y literaria - El Digital de Asturias","twitter:description":"La correcta escritura ha sido siempre una habilidad esencial en diversos contextos. Con el tiempo, esta habilidad se ha vuelto cr\u00edtica tanto en el mundo","twitter:image":"https:\/\/www.eldigitaldeasturias.com\/noticias\/wp-content\/uploads\/2023\/09\/profesional.jpg","twitter:label1":"Escrito por","twitter:data1":"El Digital de Asturias","twitter:label2":"Tiempo de lectura estimado","twitter:data2":"4 minutos"},"aioseo_meta_data":{"post_id":"1125907","title":null,"description":"La correcta escritura ha sido siempre una habilidad esencial en diversos contextos. Con el tiempo, esta habilidad se ha vuelto cr\u00edtica tanto en el mundo","keywords":[],"keyphrases":{"focus":{"keyphrase":" profesional ","score":68,"analysis":{"keyphraseInTitle":{"score":9,"maxScore":9,"error":0},"keyphraseInDescription":{"score":3,"maxScore":9,"error":1},"keyphraseLength":{"score":9,"maxScore":9,"error":0,"length":1},"keyphraseInURL":{"score":1,"maxScore":5,"error":1},"keyphraseInIntroduction":{"score":3,"maxScore":9,"error":1},"keyphraseInSubHeadings":{"score":3,"maxScore":9,"error":1},"keyphraseInImageAlt":{"score":9,"maxScore":9,"error":0},"keywordDensity":{"type":"best","score":9,"maxScore":9,"error":0}}},"additional":[{"keyphrase":" profesional ","score":73,"analysis":{"keyphraseInDescription":{"score":3,"maxScore":9,"error":1},"keyphraseLength":{"score":9,"maxScore":9,"error":0,"length":1},"keyphraseInIntroduction":{"score":3,"maxScore":9,"error":1},"keyphraseInImageAlt":{"score":9,"maxScore":9,"error":0},"keywordDensity":{"type":"best","score":9,"maxScore":9,"error":0}}}]},"primary_term":null,"canonical_url":null,"og_title":null,"og_description":null,"og_object_type":"default","og_image_type":"default","og_image_url":null,"og_image_width":null,"og_image_height":null,"og_image_custom_url":null,"og_image_custom_fields":null,"og_video":"","og_custom_url":null,"og_article_section":null,"og_article_tags":[],"twitter_use_og":false,"twitter_card":"default","twitter_image_type":"default","twitter_image_url":null,"twitter_image_custom_url":null,"twitter_image_custom_fields":null,"twitter_title":null,"twitter_description":null,"schema":{"blockGraphs":[],"customGraphs":[],"default":{"data":{"Article":[],"Course":[],"Dataset":[],"FAQPage":[],"Movie":[],"Person":[],"Product":[],"ProductReview":[],"Car":[],"Recipe":[],"Service":[],"SoftwareApplication":[],"WebPage":[]},"graphName":"BlogPosting","isEnabled":true},"graphs":[]},"schema_type":"default","schema_type_options":null,"pillar_content":false,"robots_default":true,"robots_noindex":false,"robots_noarchive":false,"robots_nosnippet":false,"robots_nofollow":false,"robots_noimageindex":false,"robots_noodp":false,"robots_notranslate":false,"robots_max_snippet":"-1","robots_max_videopreview":"-1","robots_max_imagepreview":"large","priority":null,"frequency":"default","local_seo":null,"seo_analyzer_scan_date":"2025-10-05 17:20:21","breadcrumb_settings":null,"limit_modified_date":false,"open_ai":"{\"title\":{\"suggestions\":[],\"usage\":0},\"description\":{\"suggestions\":[],\"usage\":0}}","ai":null,"created":"2023-09-28 16:05:14","updated":"2025-10-05 17:20:21"},"aioseo_breadcrumb":"<div class=\"aioseo-breadcrumbs\"><span class=\"aioseo-breadcrumb\">\n\t<a href=\"https:\/\/www.eldigitaldeasturias.com\/noticias\" title=\"Home\">Home<\/a>\n<\/span><span class=\"aioseo-breadcrumb-separator\">\u2013<\/span><span class=\"aioseo-breadcrumb\">\n\t<a href=\"https:\/\/www.eldigitaldeasturias.com\/noticias\/category\/negocios-y-empresas\/\" title=\"Negocios y Empresas\">Negocios y Empresas<\/a>\n<\/span><span class=\"aioseo-breadcrumb-separator\">\u2013<\/span><span class=\"aioseo-breadcrumb\">\n\t<a href=\"https:\/\/www.eldigitaldeasturias.com\/noticias\/la-importancia-de-contratar-a-un-profesional-en-correccion-de-textos-para-la-escritura-empresarial-y-literaria\/\" title=\"La importancia de contratar a un profesional en correcci\u00f3n de textos para la escritura empresarial y literaria\">La importancia de contratar a un profesional en correcci\u00f3n de textos para la escritura empresarial y literaria<\/a>\n<\/span><\/div>","aioseo_breadcrumb_json":[{"label":"Home","link":"https:\/\/www.eldigitaldeasturias.com\/noticias"},{"label":"Negocios y Empresas","link":"https:\/\/www.eldigitaldeasturias.com\/noticias\/category\/negocios-y-empresas\/"},{"label":"La importancia de contratar a un profesional en correcci\u00f3n de textos para la escritura empresarial y literaria","link":"https:\/\/www.eldigitaldeasturias.com\/noticias\/la-importancia-de-contratar-a-un-profesional-en-correccion-de-textos-para-la-escritura-empresarial-y-literaria\/"}],"_links":{"self":[{"href":"https:\/\/www.eldigitaldeasturias.com\/noticias\/wp-json\/wp\/v2\/posts\/1125907","targetHints":{"allow":["GET"]}}],"collection":[{"href":"https:\/\/www.eldigitaldeasturias.com\/noticias\/wp-json\/wp\/v2\/posts"}],"about":[{"href":"https:\/\/www.eldigitaldeasturias.com\/noticias\/wp-json\/wp\/v2\/types\/post"}],"author":[{"embeddable":true,"href":"https:\/\/www.eldigitaldeasturias.com\/noticias\/wp-json\/wp\/v2\/users\/1"}],"replies":[{"embeddable":true,"href":"https:\/\/www.eldigitaldeasturias.com\/noticias\/wp-json\/wp\/v2\/comments?post=1125907"}],"version-history":[{"count":0,"href":"https:\/\/www.eldigitaldeasturias.com\/noticias\/wp-json\/wp\/v2\/posts\/1125907\/revisions"}],"wp:featuredmedia":[{"embeddable":true,"href":"https:\/\/www.eldigitaldeasturias.com\/noticias\/wp-json\/wp\/v2\/media\/1125908"}],"wp:attachment":[{"href":"https:\/\/www.eldigitaldeasturias.com\/noticias\/wp-json\/wp\/v2\/media?parent=1125907"}],"wp:term":[{"taxonomy":"category","embeddable":true,"href":"https:\/\/www.eldigitaldeasturias.com\/noticias\/wp-json\/wp\/v2\/categories?post=1125907"},{"taxonomy":"post_tag","embeddable":true,"href":"https:\/\/www.eldigitaldeasturias.com\/noticias\/wp-json\/wp\/v2\/tags?post=1125907"}],"curies":[{"name":"wp","href":"https:\/\/api.w.org\/{rel}","templated":true}]}}