{"id":1125605,"date":"2023-09-17T04:10:01","date_gmt":"2023-09-17T02:10:01","guid":{"rendered":"https:\/\/www.eldigitaldeasturias.com\/noticias\/?p=1125605"},"modified":"2023-09-17T06:17:26","modified_gmt":"2023-09-17T04:17:26","slug":"ciclo-como-proteger-el-conocimiento-en-aviles","status":"publish","type":"post","link":"https:\/\/www.eldigitaldeasturias.com\/noticias\/ciclo-como-proteger-el-conocimiento-en-aviles\/","title":{"rendered":"Ciclo \u00abC\u00f3mo proteger el conocimiento\u00bb en Avil\u00e9s"},"content":{"rendered":"<p>El <a href=\"https:\/\/aviles.es\/\" target=\"_blank\" rel=\"noopener\"><span style=\"color: #ff6600;\"><strong>Ayuntamiento de Avil\u00e9s<\/strong><\/span><\/a> con la colaboraci\u00f3n del Club Asturiano de la Innovaci\u00f3n ofrecer\u00e1 cuatro talleres formativos tanto para <a href=\"https:\/\/www.eldigitaldeasturias.com\/noticias\/category\/negocios-y-empresas\/\"><span style=\"color: #ff6600;\"><strong>emprendedores y empresas<\/strong><\/span><\/a> dentro del ciclo\u00bbC\u00f3mo proteger el conocimiento\u201d.<\/p>\n<p><img loading=\"lazy\" decoding=\"async\" class=\"aligncenter wp-image-1125606 size-full\" src=\"https:\/\/www.eldigitaldeasturias.com\/noticias\/wp-content\/uploads\/2023\/09\/Ciclo-emprendedores.jpg\" alt=\"Ciclo emprendedores\" width=\"640\" height=\"427\" srcset=\"https:\/\/www.eldigitaldeasturias.com\/noticias\/wp-content\/uploads\/2023\/09\/Ciclo-emprendedores.jpg 640w, https:\/\/www.eldigitaldeasturias.com\/noticias\/wp-content\/uploads\/2023\/09\/Ciclo-emprendedores-360x240.jpg 360w, https:\/\/www.eldigitaldeasturias.com\/noticias\/wp-content\/uploads\/2023\/09\/Ciclo-emprendedores-450x300.jpg 450w, https:\/\/www.eldigitaldeasturias.com\/noticias\/wp-content\/uploads\/2023\/09\/Ciclo-emprendedores-150x100.jpg 150w\" sizes=\"auto, (max-width: 640px) 100vw, 640px\" \/><\/p>\n<p>Las empresas generan unos conocimientos que son vitales para su actividad, mantenimiento con \u00e9xito y crecimiento futuro como son las patentes, dise\u00f1os, investigaciones, innovaci\u00f3n, tecnolog\u00edas, etc\u00e9tera. Tener todo esto a buen recaudo y bien seguro, para que agentes ajenos no se aprovechen del esfuerzo con la consiguiente repercusi\u00f3n en la cuenta de resultados, es una cuesti\u00f3n que cada vez est\u00e1 m\u00e1s enraizada en la cultura empresarial, pero es un asunto bastante complejo porque se cruzan diferentes legislaciones y no son las mismas en todos los pa\u00edses.<\/p>\n<p>Por eso desde e<strong>l Ayuntamiento de Avil\u00e9s con la colaboraci\u00f3n del Club Asturiano de la Innovaci\u00f3n, se ofrece el ciclo \u00abC\u00f3mo proteger el conocimiento\u00bb<\/strong> que consta de cuatro talleres formativos gratuitos dirigidos a personal t\u00e9cnico y directivo de las empresas avilesinas y de la comarca, para darles a conocer la protecci\u00f3n del conocimiento que contempla la ley de secretos empresariales, la protecci\u00f3n de la propiedad industrial desde un punto de vista eminentemente pr\u00e1ctico, c\u00f3mo proteger la innovaci\u00f3n y las marcas, y los incentivos que existen para la I+D. Un ciclo alineado con los objetivos de la ciudad en torno la innovaci\u00f3n y sus centros de investigaci\u00f3n, impartido por profesionales especializados en cada una de las \u00e1reas.<\/p>\n<p>El ciclo, que ha sido presentado esta semana por el concejal de Desarrollo Urbano y Econ\u00f3mico, Manuel Campa, y por la directora del Club Asturiano de la Innovaci\u00f3n Beatriz Garc\u00eda Fanjul, arrancar\u00e1 con el primer taller el 28 de septiembre, y habr\u00e1 otro m\u00e1s en octubre y dos en noviembre. Aquellas personas que deseen inscribirse s\u00f3lo tienen que apuntarse en el apartado de actividades de la web del centro. www.curtidora.com. donde tambi\u00e9n est\u00e1 informaci\u00f3n sobre los contenidos de los talleres.<\/p>\n<p>El ciclo es fruto de la colaboraci\u00f3n iniciada este a\u00f1o entre Innovasturias y el Ayuntamiento de Avil\u00e9s. Se pueden se\u00f1alar como hitos de este proceso la puesta en marcha de la Primera edici\u00f3n del curso \u201cExperto en formulaci\u00f3n y gesti\u00f3n de proyectos europeos\u00bb, que permiti\u00f3 cualificar a 24 personas vinculadas a empresas de Avil\u00e9s en la financiaci\u00f3n europea de proyectos innovadores, o el establecimiento de un servicio de asesoramiento en \u00e1reas de innovaci\u00f3n empresarial en el Centro de Empresas la Curtidora.<\/p>\n<p>Las cuatro p\u00edldoras formativas se impartir\u00e1n de 9:00 a 11:30 en el Centro de empresas La Curtidora por parte de profesionales de Herrero Asociados (H&amp;A). Dos de los formadores, Jon Ander G\u00f3mez y Pablo Gonz\u00e1lez, han acompa\u00f1ado al concejal de Desarrollo Urbano y Econ\u00f3mico y a la directora de Innovasturias en la presentaci\u00f3n del proyecto.<\/p>\n","protected":false},"excerpt":{"rendered":"<p>El Ayuntamiento de Avil\u00e9s con la colaboraci\u00f3n del Club Asturiano de la Innovaci\u00f3n ofrecer\u00e1 cuatro talleres formativos tanto para emprendedores y empresas dentro del ciclo\u00bbC\u00f3mo proteger el conocimiento\u201d. Las empresas generan unos conocimientos que son vitales para su actividad, mantenimiento con \u00e9xito y crecimiento futuro como son las patentes, dise\u00f1os, investigaciones, innovaci\u00f3n, tecnolog\u00edas, etc\u00e9tera. Tener [&hellip;]<\/p>\n","protected":false},"author":1,"featured_media":1125606,"comment_status":"closed","ping_status":"closed","sticky":false,"template":"","format":"standard","meta":{"footnotes":""},"categories":[219],"tags":[],"class_list":["post-1125605","post","type-post","status-publish","format-standard","has-post-thumbnail","hentry","category-negocios-y-empresas"],"aioseo_notices":[],"aioseo_head":"\n\t\t<!-- All in One SEO Pro 4.9.6.2 - aioseo.com -->\n\t<meta name=\"description\" content=\"El Ayuntamiento de Avil\u00e9s con la colaboraci\u00f3n del Club Asturiano de la Innovaci\u00f3n ofrecer\u00e1 cuatro talleres formativos tanto para emprendedores y empresas dentro\" \/>\n\t<meta name=\"robots\" content=\"max-image-preview:large\" \/>\n\t<meta name=\"author\" content=\"El Digital de Asturias\"\/>\n\t<meta name=\"google-site-verification\" content=\"UA-38556648-1\" \/>\n\t<meta name=\"msvalidate.01\" content=\"7dfe9f3f1b24437ab69f4f2559babe99\" \/>\n\t<meta name=\"keywords\" content=\"negocios y empresas\" \/>\n\t<link rel=\"canonical\" href=\"https:\/\/www.eldigitaldeasturias.com\/noticias\/ciclo-como-proteger-el-conocimiento-en-aviles\/\" \/>\n\t<meta name=\"generator\" content=\"All in One SEO Pro (AIOSEO) 4.9.6.2\" \/>\n\t\t<meta property=\"og:locale\" content=\"es_ES\" \/>\n\t\t<meta property=\"og:site_name\" content=\"El Digital de Asturias\" \/>\n\t\t<meta property=\"og:type\" content=\"article\" \/>\n\t\t<meta property=\"og:title\" content=\"Ciclo \u00abC\u00f3mo proteger el conocimiento\u00bb en Avil\u00e9s - El Digital de Asturias\" \/>\n\t\t<meta property=\"og:description\" content=\"El Ayuntamiento de Avil\u00e9s con la colaboraci\u00f3n del Club Asturiano de la Innovaci\u00f3n ofrecer\u00e1 cuatro talleres formativos tanto para emprendedores y empresas dentro\" \/>\n\t\t<meta property=\"og:url\" content=\"https:\/\/www.eldigitaldeasturias.com\/noticias\/ciclo-como-proteger-el-conocimiento-en-aviles\/\" \/>\n\t\t<meta property=\"og:image\" content=\"https:\/\/www.eldigitaldeasturias.com\/noticias\/wp-content\/uploads\/2023\/09\/Ciclo-emprendedores.jpg\" \/>\n\t\t<meta property=\"og:image:secure_url\" content=\"https:\/\/www.eldigitaldeasturias.com\/noticias\/wp-content\/uploads\/2023\/09\/Ciclo-emprendedores.jpg\" \/>\n\t\t<meta property=\"og:image:width\" content=\"640\" \/>\n\t\t<meta property=\"og:image:height\" content=\"427\" \/>\n\t\t<meta property=\"article:tag\" content=\"negocios y empresas\" \/>\n\t\t<meta property=\"article:published_time\" content=\"2023-09-17T02:10:01+00:00\" \/>\n\t\t<meta property=\"article:modified_time\" content=\"2023-09-17T04:17:26+00:00\" \/>\n\t\t<meta property=\"article:publisher\" content=\"https:\/\/facebook.com\/eldigitaldeasturias\" \/>\n\t\t<meta name=\"twitter:card\" content=\"summary_large_image\" \/>\n\t\t<meta name=\"twitter:title\" content=\"Ciclo \u00abC\u00f3mo proteger el conocimiento\u00bb en Avil\u00e9s - El Digital de Asturias\" \/>\n\t\t<meta name=\"twitter:description\" content=\"El Ayuntamiento de Avil\u00e9s con la colaboraci\u00f3n del Club Asturiano de la Innovaci\u00f3n ofrecer\u00e1 cuatro talleres formativos tanto para emprendedores y empresas dentro\" \/>\n\t\t<meta name=\"twitter:image\" content=\"https:\/\/www.eldigitaldeasturias.com\/noticias\/wp-content\/uploads\/2023\/09\/Ciclo-emprendedores.jpg\" \/>\n\t\t<meta name=\"twitter:label1\" content=\"Escrito por\" \/>\n\t\t<meta name=\"twitter:data1\" content=\"El Digital de Asturias\" \/>\n\t\t<meta name=\"twitter:label2\" content=\"Tiempo de lectura estimado\" \/>\n\t\t<meta name=\"twitter:data2\" content=\"2 minutos\" \/>\n\t\t<script type=\"application\/ld+json\" class=\"aioseo-schema\">\n\t\t\t{\"@context\":\"https:\\\/\\\/schema.org\",\"@graph\":[{\"@type\":\"BlogPosting\",\"@id\":\"https:\\\/\\\/www.eldigitaldeasturias.com\\\/noticias\\\/ciclo-como-proteger-el-conocimiento-en-aviles\\\/#blogposting\",\"name\":\"Ciclo \\u00abC\\u00f3mo proteger el conocimiento\\u00bb en Avil\\u00e9s - El Digital de Asturias\",\"headline\":\"Ciclo \\u00abC\\u00f3mo proteger el conocimiento\\u00bb en Avil\\u00e9s\",\"author\":{\"@id\":\"https:\\\/\\\/www.eldigitaldeasturias.com\\\/noticias\\\/author\\\/admin\\\/#author\"},\"publisher\":{\"@id\":\"https:\\\/\\\/www.eldigitaldeasturias.com\\\/noticias\\\/#organization\"},\"image\":{\"@type\":\"ImageObject\",\"url\":\"https:\\\/\\\/www.eldigitaldeasturias.com\\\/noticias\\\/wp-content\\\/uploads\\\/2023\\\/09\\\/Ciclo-emprendedores.jpg\",\"width\":640,\"height\":427,\"caption\":\"Ciclo emprendedores\"},\"datePublished\":\"2023-09-17T04:10:01+02:00\",\"dateModified\":\"2023-09-17T06:17:26+02:00\",\"inLanguage\":\"es-ES\",\"mainEntityOfPage\":{\"@id\":\"https:\\\/\\\/www.eldigitaldeasturias.com\\\/noticias\\\/ciclo-como-proteger-el-conocimiento-en-aviles\\\/#webpage\"},\"isPartOf\":{\"@id\":\"https:\\\/\\\/www.eldigitaldeasturias.com\\\/noticias\\\/ciclo-como-proteger-el-conocimiento-en-aviles\\\/#webpage\"},\"articleSection\":\"Negocios y Empresas\"},{\"@type\":\"BreadcrumbList\",\"@id\":\"https:\\\/\\\/www.eldigitaldeasturias.com\\\/noticias\\\/ciclo-como-proteger-el-conocimiento-en-aviles\\\/#breadcrumblist\",\"itemListElement\":[{\"@type\":\"ListItem\",\"@id\":\"https:\\\/\\\/www.eldigitaldeasturias.com\\\/noticias#listItem\",\"position\":1,\"name\":\"Home\",\"item\":\"https:\\\/\\\/www.eldigitaldeasturias.com\\\/noticias\",\"nextItem\":{\"@type\":\"ListItem\",\"@id\":\"https:\\\/\\\/www.eldigitaldeasturias.com\\\/noticias\\\/category\\\/negocios-y-empresas\\\/#listItem\",\"name\":\"Negocios y Empresas\"}},{\"@type\":\"ListItem\",\"@id\":\"https:\\\/\\\/www.eldigitaldeasturias.com\\\/noticias\\\/category\\\/negocios-y-empresas\\\/#listItem\",\"position\":2,\"name\":\"Negocios y Empresas\",\"item\":\"https:\\\/\\\/www.eldigitaldeasturias.com\\\/noticias\\\/category\\\/negocios-y-empresas\\\/\",\"nextItem\":{\"@type\":\"ListItem\",\"@id\":\"https:\\\/\\\/www.eldigitaldeasturias.com\\\/noticias\\\/ciclo-como-proteger-el-conocimiento-en-aviles\\\/#listItem\",\"name\":\"Ciclo \\u00abC\\u00f3mo proteger el conocimiento\\u00bb en Avil\\u00e9s\"},\"previousItem\":{\"@type\":\"ListItem\",\"@id\":\"https:\\\/\\\/www.eldigitaldeasturias.com\\\/noticias#listItem\",\"name\":\"Home\"}},{\"@type\":\"ListItem\",\"@id\":\"https:\\\/\\\/www.eldigitaldeasturias.com\\\/noticias\\\/ciclo-como-proteger-el-conocimiento-en-aviles\\\/#listItem\",\"position\":3,\"name\":\"Ciclo \\u00abC\\u00f3mo proteger el conocimiento\\u00bb en Avil\\u00e9s\",\"previousItem\":{\"@type\":\"ListItem\",\"@id\":\"https:\\\/\\\/www.eldigitaldeasturias.com\\\/noticias\\\/category\\\/negocios-y-empresas\\\/#listItem\",\"name\":\"Negocios y Empresas\"}}]},{\"@type\":\"Organization\",\"@id\":\"https:\\\/\\\/www.eldigitaldeasturias.com\\\/noticias\\\/#organization\",\"name\":\"El Digital de Asturias\",\"description\":\"Hemeroteca\",\"url\":\"https:\\\/\\\/www.eldigitaldeasturias.com\\\/noticias\\\/\",\"email\":\"info@eldigitaldeasturias.com\",\"telephone\":\"+34652131393\",\"logo\":{\"@type\":\"ImageObject\",\"url\":\"https:\\\/\\\/www.eldigitaldeasturias.com\\\/noticias\\\/wp-content\\\/uploads\\\/2020\\\/12\\\/EDA.jpg\",\"@id\":\"https:\\\/\\\/www.eldigitaldeasturias.com\\\/noticias\\\/ciclo-como-proteger-el-conocimiento-en-aviles\\\/#organizationLogo\",\"width\":649,\"height\":297},\"image\":{\"@id\":\"https:\\\/\\\/www.eldigitaldeasturias.com\\\/noticias\\\/ciclo-como-proteger-el-conocimiento-en-aviles\\\/#organizationLogo\"},\"sameAs\":[\"https:\\\/\\\/facebook.com\\\/eldigitaldeasturias\",\"https:\\\/\\\/www.youtube.com\\\/channel\\\/UCZP-2wLEB9Rv6erhFmqVnvg\"],\"address\":{\"@id\":\"https:\\\/\\\/www.eldigitaldeasturias.com\\\/noticias\\\/#postaladdress\",\"@type\":\"PostalAddress\",\"streetAddress\":\"san antonio 4,\",\"postalCode\":\"33430\",\"addressLocality\":\"Cand\\u00e1s\",\"addressRegion\":\"Asturias\",\"addressCountry\":\"ES\"}},{\"@type\":\"Person\",\"@id\":\"https:\\\/\\\/www.eldigitaldeasturias.com\\\/noticias\\\/author\\\/admin\\\/#author\",\"url\":\"https:\\\/\\\/www.eldigitaldeasturias.com\\\/noticias\\\/author\\\/admin\\\/\",\"name\":\"El Digital de Asturias\",\"image\":{\"@type\":\"ImageObject\",\"@id\":\"https:\\\/\\\/www.eldigitaldeasturias.com\\\/noticias\\\/ciclo-como-proteger-el-conocimiento-en-aviles\\\/#authorImage\",\"url\":\"https:\\\/\\\/www.eldigitaldeasturias.com\\\/noticias\\\/wp-content\\\/litespeed\\\/avatar\\\/18677e78aa0546b92d9dbf31ec7d7668.jpg?ver=1777290358\",\"width\":96,\"height\":96,\"caption\":\"El Digital de Asturias\"}},{\"@type\":\"WebPage\",\"@id\":\"https:\\\/\\\/www.eldigitaldeasturias.com\\\/noticias\\\/ciclo-como-proteger-el-conocimiento-en-aviles\\\/#webpage\",\"url\":\"https:\\\/\\\/www.eldigitaldeasturias.com\\\/noticias\\\/ciclo-como-proteger-el-conocimiento-en-aviles\\\/\",\"name\":\"Ciclo \\u00abC\\u00f3mo proteger el conocimiento\\u00bb en Avil\\u00e9s - El Digital de Asturias\",\"description\":\"El Ayuntamiento de Avil\\u00e9s con la colaboraci\\u00f3n del Club Asturiano de la Innovaci\\u00f3n ofrecer\\u00e1 cuatro talleres formativos tanto para emprendedores y empresas dentro\",\"inLanguage\":\"es-ES\",\"isPartOf\":{\"@id\":\"https:\\\/\\\/www.eldigitaldeasturias.com\\\/noticias\\\/#website\"},\"breadcrumb\":{\"@id\":\"https:\\\/\\\/www.eldigitaldeasturias.com\\\/noticias\\\/ciclo-como-proteger-el-conocimiento-en-aviles\\\/#breadcrumblist\"},\"author\":{\"@id\":\"https:\\\/\\\/www.eldigitaldeasturias.com\\\/noticias\\\/author\\\/admin\\\/#author\"},\"creator\":{\"@id\":\"https:\\\/\\\/www.eldigitaldeasturias.com\\\/noticias\\\/author\\\/admin\\\/#author\"},\"image\":{\"@type\":\"ImageObject\",\"url\":\"https:\\\/\\\/www.eldigitaldeasturias.com\\\/noticias\\\/wp-content\\\/uploads\\\/2023\\\/09\\\/Ciclo-emprendedores.jpg\",\"@id\":\"https:\\\/\\\/www.eldigitaldeasturias.com\\\/noticias\\\/ciclo-como-proteger-el-conocimiento-en-aviles\\\/#mainImage\",\"width\":640,\"height\":427,\"caption\":\"Ciclo emprendedores\"},\"primaryImageOfPage\":{\"@id\":\"https:\\\/\\\/www.eldigitaldeasturias.com\\\/noticias\\\/ciclo-como-proteger-el-conocimiento-en-aviles\\\/#mainImage\"},\"datePublished\":\"2023-09-17T04:10:01+02:00\",\"dateModified\":\"2023-09-17T06:17:26+02:00\"},{\"@type\":\"WebSite\",\"@id\":\"https:\\\/\\\/www.eldigitaldeasturias.com\\\/noticias\\\/#website\",\"url\":\"https:\\\/\\\/www.eldigitaldeasturias.com\\\/noticias\\\/\",\"name\":\"El Digital de Asturias - Diario de actualidad y noticias\",\"alternateName\":\"El Digital de Asturias - Diario de actualidad y noticias\",\"description\":\"Hemeroteca\",\"inLanguage\":\"es-ES\",\"publisher\":{\"@id\":\"https:\\\/\\\/www.eldigitaldeasturias.com\\\/noticias\\\/#organization\"}}]}\n\t\t<\/script>\n\t\t<!-- All in One SEO Pro -->\r\n\t\t<title>Ciclo \u00abC\u00f3mo proteger el conocimiento\u00bb en Avil\u00e9s - El Digital de Asturias<\/title>\n\n","aioseo_head_json":{"title":"Ciclo \u00abC\u00f3mo proteger el conocimiento\u00bb en Avil\u00e9s - El Digital de Asturias","description":"El Ayuntamiento de Avil\u00e9s con la colaboraci\u00f3n del Club Asturiano de la Innovaci\u00f3n ofrecer\u00e1 cuatro talleres formativos tanto para emprendedores y empresas dentro","canonical_url":"https:\/\/www.eldigitaldeasturias.com\/noticias\/ciclo-como-proteger-el-conocimiento-en-aviles\/","robots":"max-image-preview:large","keywords":"negocios y empresas","webmasterTools":{"google-site-verification":"UA-38556648-1","msvalidate.01":"7dfe9f3f1b24437ab69f4f2559babe99","miscellaneous":""},"schema":{"@context":"https:\/\/schema.org","@graph":[{"@type":"BlogPosting","@id":"https:\/\/www.eldigitaldeasturias.com\/noticias\/ciclo-como-proteger-el-conocimiento-en-aviles\/#blogposting","name":"Ciclo \u00abC\u00f3mo proteger el conocimiento\u00bb en Avil\u00e9s - El Digital de Asturias","headline":"Ciclo \u00abC\u00f3mo proteger el conocimiento\u00bb en Avil\u00e9s","author":{"@id":"https:\/\/www.eldigitaldeasturias.com\/noticias\/author\/admin\/#author"},"publisher":{"@id":"https:\/\/www.eldigitaldeasturias.com\/noticias\/#organization"},"image":{"@type":"ImageObject","url":"https:\/\/www.eldigitaldeasturias.com\/noticias\/wp-content\/uploads\/2023\/09\/Ciclo-emprendedores.jpg","width":640,"height":427,"caption":"Ciclo emprendedores"},"datePublished":"2023-09-17T04:10:01+02:00","dateModified":"2023-09-17T06:17:26+02:00","inLanguage":"es-ES","mainEntityOfPage":{"@id":"https:\/\/www.eldigitaldeasturias.com\/noticias\/ciclo-como-proteger-el-conocimiento-en-aviles\/#webpage"},"isPartOf":{"@id":"https:\/\/www.eldigitaldeasturias.com\/noticias\/ciclo-como-proteger-el-conocimiento-en-aviles\/#webpage"},"articleSection":"Negocios y Empresas"},{"@type":"BreadcrumbList","@id":"https:\/\/www.eldigitaldeasturias.com\/noticias\/ciclo-como-proteger-el-conocimiento-en-aviles\/#breadcrumblist","itemListElement":[{"@type":"ListItem","@id":"https:\/\/www.eldigitaldeasturias.com\/noticias#listItem","position":1,"name":"Home","item":"https:\/\/www.eldigitaldeasturias.com\/noticias","nextItem":{"@type":"ListItem","@id":"https:\/\/www.eldigitaldeasturias.com\/noticias\/category\/negocios-y-empresas\/#listItem","name":"Negocios y Empresas"}},{"@type":"ListItem","@id":"https:\/\/www.eldigitaldeasturias.com\/noticias\/category\/negocios-y-empresas\/#listItem","position":2,"name":"Negocios y Empresas","item":"https:\/\/www.eldigitaldeasturias.com\/noticias\/category\/negocios-y-empresas\/","nextItem":{"@type":"ListItem","@id":"https:\/\/www.eldigitaldeasturias.com\/noticias\/ciclo-como-proteger-el-conocimiento-en-aviles\/#listItem","name":"Ciclo \u00abC\u00f3mo proteger el conocimiento\u00bb en Avil\u00e9s"},"previousItem":{"@type":"ListItem","@id":"https:\/\/www.eldigitaldeasturias.com\/noticias#listItem","name":"Home"}},{"@type":"ListItem","@id":"https:\/\/www.eldigitaldeasturias.com\/noticias\/ciclo-como-proteger-el-conocimiento-en-aviles\/#listItem","position":3,"name":"Ciclo \u00abC\u00f3mo proteger el conocimiento\u00bb en Avil\u00e9s","previousItem":{"@type":"ListItem","@id":"https:\/\/www.eldigitaldeasturias.com\/noticias\/category\/negocios-y-empresas\/#listItem","name":"Negocios y Empresas"}}]},{"@type":"Organization","@id":"https:\/\/www.eldigitaldeasturias.com\/noticias\/#organization","name":"El Digital de Asturias","description":"Hemeroteca","url":"https:\/\/www.eldigitaldeasturias.com\/noticias\/","email":"info@eldigitaldeasturias.com","telephone":"+34652131393","logo":{"@type":"ImageObject","url":"https:\/\/www.eldigitaldeasturias.com\/noticias\/wp-content\/uploads\/2020\/12\/EDA.jpg","@id":"https:\/\/www.eldigitaldeasturias.com\/noticias\/ciclo-como-proteger-el-conocimiento-en-aviles\/#organizationLogo","width":649,"height":297},"image":{"@id":"https:\/\/www.eldigitaldeasturias.com\/noticias\/ciclo-como-proteger-el-conocimiento-en-aviles\/#organizationLogo"},"sameAs":["https:\/\/facebook.com\/eldigitaldeasturias","https:\/\/www.youtube.com\/channel\/UCZP-2wLEB9Rv6erhFmqVnvg"],"address":{"@id":"https:\/\/www.eldigitaldeasturias.com\/noticias\/#postaladdress","@type":"PostalAddress","streetAddress":"san antonio 4,","postalCode":"33430","addressLocality":"Cand\u00e1s","addressRegion":"Asturias","addressCountry":"ES"}},{"@type":"Person","@id":"https:\/\/www.eldigitaldeasturias.com\/noticias\/author\/admin\/#author","url":"https:\/\/www.eldigitaldeasturias.com\/noticias\/author\/admin\/","name":"El Digital de Asturias","image":{"@type":"ImageObject","@id":"https:\/\/www.eldigitaldeasturias.com\/noticias\/ciclo-como-proteger-el-conocimiento-en-aviles\/#authorImage","url":"https:\/\/www.eldigitaldeasturias.com\/noticias\/wp-content\/litespeed\/avatar\/18677e78aa0546b92d9dbf31ec7d7668.jpg?ver=1777290358","width":96,"height":96,"caption":"El Digital de Asturias"}},{"@type":"WebPage","@id":"https:\/\/www.eldigitaldeasturias.com\/noticias\/ciclo-como-proteger-el-conocimiento-en-aviles\/#webpage","url":"https:\/\/www.eldigitaldeasturias.com\/noticias\/ciclo-como-proteger-el-conocimiento-en-aviles\/","name":"Ciclo \u00abC\u00f3mo proteger el conocimiento\u00bb en Avil\u00e9s - El Digital de Asturias","description":"El Ayuntamiento de Avil\u00e9s con la colaboraci\u00f3n del Club Asturiano de la Innovaci\u00f3n ofrecer\u00e1 cuatro talleres formativos tanto para emprendedores y empresas dentro","inLanguage":"es-ES","isPartOf":{"@id":"https:\/\/www.eldigitaldeasturias.com\/noticias\/#website"},"breadcrumb":{"@id":"https:\/\/www.eldigitaldeasturias.com\/noticias\/ciclo-como-proteger-el-conocimiento-en-aviles\/#breadcrumblist"},"author":{"@id":"https:\/\/www.eldigitaldeasturias.com\/noticias\/author\/admin\/#author"},"creator":{"@id":"https:\/\/www.eldigitaldeasturias.com\/noticias\/author\/admin\/#author"},"image":{"@type":"ImageObject","url":"https:\/\/www.eldigitaldeasturias.com\/noticias\/wp-content\/uploads\/2023\/09\/Ciclo-emprendedores.jpg","@id":"https:\/\/www.eldigitaldeasturias.com\/noticias\/ciclo-como-proteger-el-conocimiento-en-aviles\/#mainImage","width":640,"height":427,"caption":"Ciclo emprendedores"},"primaryImageOfPage":{"@id":"https:\/\/www.eldigitaldeasturias.com\/noticias\/ciclo-como-proteger-el-conocimiento-en-aviles\/#mainImage"},"datePublished":"2023-09-17T04:10:01+02:00","dateModified":"2023-09-17T06:17:26+02:00"},{"@type":"WebSite","@id":"https:\/\/www.eldigitaldeasturias.com\/noticias\/#website","url":"https:\/\/www.eldigitaldeasturias.com\/noticias\/","name":"El Digital de Asturias - Diario de actualidad y noticias","alternateName":"El Digital de Asturias - Diario de actualidad y noticias","description":"Hemeroteca","inLanguage":"es-ES","publisher":{"@id":"https:\/\/www.eldigitaldeasturias.com\/noticias\/#organization"}}]},"og:locale":"es_ES","og:site_name":"El Digital de Asturias","og:type":"article","og:title":"Ciclo \u00abC\u00f3mo proteger el conocimiento\u00bb en Avil\u00e9s - El Digital de Asturias","og:description":"El Ayuntamiento de Avil\u00e9s con la colaboraci\u00f3n del Club Asturiano de la Innovaci\u00f3n ofrecer\u00e1 cuatro talleres formativos tanto para emprendedores y empresas dentro","og:url":"https:\/\/www.eldigitaldeasturias.com\/noticias\/ciclo-como-proteger-el-conocimiento-en-aviles\/","og:image":"https:\/\/www.eldigitaldeasturias.com\/noticias\/wp-content\/uploads\/2023\/09\/Ciclo-emprendedores.jpg","og:image:secure_url":"https:\/\/www.eldigitaldeasturias.com\/noticias\/wp-content\/uploads\/2023\/09\/Ciclo-emprendedores.jpg","og:image:width":640,"og:image:height":427,"article:tag":["negocios y empresas"],"article:published_time":"2023-09-17T02:10:01+00:00","article:modified_time":"2023-09-17T04:17:26+00:00","article:publisher":"https:\/\/facebook.com\/eldigitaldeasturias","twitter:card":"summary_large_image","twitter:title":"Ciclo \u00abC\u00f3mo proteger el conocimiento\u00bb en Avil\u00e9s - El Digital de Asturias","twitter:description":"El Ayuntamiento de Avil\u00e9s con la colaboraci\u00f3n del Club Asturiano de la Innovaci\u00f3n ofrecer\u00e1 cuatro talleres formativos tanto para emprendedores y empresas dentro","twitter:image":"https:\/\/www.eldigitaldeasturias.com\/noticias\/wp-content\/uploads\/2023\/09\/Ciclo-emprendedores.jpg","twitter:label1":"Escrito por","twitter:data1":"El Digital de Asturias","twitter:label2":"Tiempo de lectura estimado","twitter:data2":"2 minutos"},"aioseo_meta_data":{"post_id":"1125605","title":null,"description":"El Ayuntamiento de Avil\u00e9s con la colaboraci\u00f3n del Club Asturiano de la Innovaci\u00f3n ofrecer\u00e1 cuatro talleres formativos tanto para emprendedores y empresas dentro","keywords":[],"keyphrases":{"focus":{"keyphrase":" Avil\u00e9s ","score":100,"analysis":{"keyphraseInTitle":{"score":9,"maxScore":9,"error":0},"keyphraseInDescription":{"score":9,"maxScore":9,"error":0},"keyphraseLength":{"score":9,"maxScore":9,"error":0,"length":2},"keyphraseInURL":{"score":5,"maxScore":5,"error":0},"keyphraseInIntroduction":{"score":9,"maxScore":9,"error":0},"keyphraseInSubHeadings":[],"keyphraseInImageAlt":{"score":9,"maxScore":9,"error":0},"keywordDensity":{"type":"best","score":9,"maxScore":9,"error":0}}},"additional":[{"keyphrase":" Avil\u00e9s ","score":100,"analysis":{"keyphraseInDescription":{"score":9,"maxScore":9,"error":0},"keyphraseLength":{"score":9,"maxScore":9,"error":0,"length":2},"keyphraseInIntroduction":{"score":9,"maxScore":9,"error":0},"keyphraseInImageAlt":{"score":9,"maxScore":9,"error":0},"keywordDensity":{"type":"best","score":9,"maxScore":9,"error":0}}},{"keyphrase":" emprendedores ","score":80,"analysis":{"keyphraseInDescription":{"score":9,"maxScore":9,"error":0},"keyphraseLength":{"score":9,"maxScore":9,"error":0,"length":1},"keyphraseInIntroduction":{"score":9,"maxScore":9,"error":0},"keyphraseInImageAlt":{"score":9,"maxScore":9,"error":0},"keywordDensity":{"score":0,"type":"low","maxScore":9,"error":1}}}]},"primary_term":null,"canonical_url":null,"og_title":null,"og_description":null,"og_object_type":"default","og_image_type":"default","og_image_url":null,"og_image_width":null,"og_image_height":null,"og_image_custom_url":null,"og_image_custom_fields":null,"og_video":"","og_custom_url":null,"og_article_section":null,"og_article_tags":[],"twitter_use_og":false,"twitter_card":"default","twitter_image_type":"default","twitter_image_url":null,"twitter_image_custom_url":null,"twitter_image_custom_fields":null,"twitter_title":null,"twitter_description":null,"schema":{"blockGraphs":[],"customGraphs":[],"default":{"data":{"Article":[],"Course":[],"Dataset":[],"FAQPage":[],"Movie":[],"Person":[],"Product":[],"ProductReview":[],"Car":[],"Recipe":[],"Service":[],"SoftwareApplication":[],"WebPage":[]},"graphName":"BlogPosting","isEnabled":true},"graphs":[]},"schema_type":"default","schema_type_options":null,"pillar_content":false,"robots_default":true,"robots_noindex":false,"robots_noarchive":false,"robots_nosnippet":false,"robots_nofollow":false,"robots_noimageindex":false,"robots_noodp":false,"robots_notranslate":false,"robots_max_snippet":"-1","robots_max_videopreview":"-1","robots_max_imagepreview":"large","priority":null,"frequency":"default","local_seo":null,"seo_analyzer_scan_date":"2025-10-05 16:03:29","breadcrumb_settings":null,"limit_modified_date":false,"open_ai":"{\"title\":{\"suggestions\":[],\"usage\":0},\"description\":{\"suggestions\":[],\"usage\":0}}","ai":null,"created":"2023-09-17 02:02:50","updated":"2025-10-05 16:03:29"},"aioseo_breadcrumb":"<div class=\"aioseo-breadcrumbs\"><span class=\"aioseo-breadcrumb\">\n\t<a href=\"https:\/\/www.eldigitaldeasturias.com\/noticias\" title=\"Home\">Home<\/a>\n<\/span><span class=\"aioseo-breadcrumb-separator\">\u2013<\/span><span class=\"aioseo-breadcrumb\">\n\t<a href=\"https:\/\/www.eldigitaldeasturias.com\/noticias\/category\/negocios-y-empresas\/\" title=\"Negocios y Empresas\">Negocios y Empresas<\/a>\n<\/span><span class=\"aioseo-breadcrumb-separator\">\u2013<\/span><span class=\"aioseo-breadcrumb\">\n\t<a href=\"https:\/\/www.eldigitaldeasturias.com\/noticias\/ciclo-como-proteger-el-conocimiento-en-aviles\/\" title=\"Ciclo \u00abC\u00f3mo proteger el conocimiento\u00bb en Avil\u00e9s\">Ciclo \u00abC\u00f3mo proteger el conocimiento\u00bb en Avil\u00e9s<\/a>\n<\/span><\/div>","aioseo_breadcrumb_json":[{"label":"Home","link":"https:\/\/www.eldigitaldeasturias.com\/noticias"},{"label":"Negocios y Empresas","link":"https:\/\/www.eldigitaldeasturias.com\/noticias\/category\/negocios-y-empresas\/"},{"label":"Ciclo \u00abC\u00f3mo proteger el conocimiento\u00bb en Avil\u00e9s","link":"https:\/\/www.eldigitaldeasturias.com\/noticias\/ciclo-como-proteger-el-conocimiento-en-aviles\/"}],"_links":{"self":[{"href":"https:\/\/www.eldigitaldeasturias.com\/noticias\/wp-json\/wp\/v2\/posts\/1125605","targetHints":{"allow":["GET"]}}],"collection":[{"href":"https:\/\/www.eldigitaldeasturias.com\/noticias\/wp-json\/wp\/v2\/posts"}],"about":[{"href":"https:\/\/www.eldigitaldeasturias.com\/noticias\/wp-json\/wp\/v2\/types\/post"}],"author":[{"embeddable":true,"href":"https:\/\/www.eldigitaldeasturias.com\/noticias\/wp-json\/wp\/v2\/users\/1"}],"replies":[{"embeddable":true,"href":"https:\/\/www.eldigitaldeasturias.com\/noticias\/wp-json\/wp\/v2\/comments?post=1125605"}],"version-history":[{"count":0,"href":"https:\/\/www.eldigitaldeasturias.com\/noticias\/wp-json\/wp\/v2\/posts\/1125605\/revisions"}],"wp:featuredmedia":[{"embeddable":true,"href":"https:\/\/www.eldigitaldeasturias.com\/noticias\/wp-json\/wp\/v2\/media\/1125606"}],"wp:attachment":[{"href":"https:\/\/www.eldigitaldeasturias.com\/noticias\/wp-json\/wp\/v2\/media?parent=1125605"}],"wp:term":[{"taxonomy":"category","embeddable":true,"href":"https:\/\/www.eldigitaldeasturias.com\/noticias\/wp-json\/wp\/v2\/categories?post=1125605"},{"taxonomy":"post_tag","embeddable":true,"href":"https:\/\/www.eldigitaldeasturias.com\/noticias\/wp-json\/wp\/v2\/tags?post=1125605"}],"curies":[{"name":"wp","href":"https:\/\/api.w.org\/{rel}","templated":true}]}}