{"id":1125279,"date":"2023-09-12T19:16:37","date_gmt":"2023-09-12T17:16:37","guid":{"rendered":"https:\/\/www.eldigitaldeasturias.com\/noticias\/?p=1125279"},"modified":"2023-09-12T19:16:37","modified_gmt":"2023-09-12T17:16:37","slug":"premios-empresariales-del-principado-de-asturias-galardonados-2023","status":"publish","type":"post","link":"https:\/\/www.eldigitaldeasturias.com\/noticias\/premios-empresariales-del-principado-de-asturias-galardonados-2023\/","title":{"rendered":"Premios Empresariales del Principado de Asturias: Galardonados 2023"},"content":{"rendered":"<p>El <a href=\"https:\/\/actualidad.asturias.es\/\" target=\"_blank\" rel=\"noopener\"><span style=\"color: #ff6600;\"><strong>Gobierno del Principado<\/strong><\/span><\/a> ha informado hoy de las <a href=\"https:\/\/www.eldigitaldeasturias.com\/noticias\/category\/negocios-y-empresas\/\"><span style=\"color: #ff6600;\"><strong>empresas<\/strong><\/span><\/a> galardonas con los Premios Empresariales del Principado de Asturias en la edici\u00f3n de 2023, est\u00e9 a\u00f1o han sido <strong>TSK, Aleastur y Capsa.<\/strong><\/p>\n<figure id=\"attachment_1125280\" aria-describedby=\"caption-attachment-1125280\" style=\"width: 650px\" class=\"wp-caption aligncenter\"><img loading=\"lazy\" decoding=\"async\" class=\"wp-image-1125280 size-large\" src=\"https:\/\/www.eldigitaldeasturias.com\/noticias\/wp-content\/uploads\/2023\/09\/Premios-Empresariales-del-Principado-de-Asturias-650x458.jpg\" alt=\"Premios Empresariales del Principado de Asturias\" width=\"650\" height=\"458\" srcset=\"https:\/\/www.eldigitaldeasturias.com\/noticias\/wp-content\/uploads\/2023\/09\/Premios-Empresariales-del-Principado-de-Asturias-650x458.jpg 650w, https:\/\/www.eldigitaldeasturias.com\/noticias\/wp-content\/uploads\/2023\/09\/Premios-Empresariales-del-Principado-de-Asturias-360x253.jpg 360w, https:\/\/www.eldigitaldeasturias.com\/noticias\/wp-content\/uploads\/2023\/09\/Premios-Empresariales-del-Principado-de-Asturias-426x300.jpg 426w, https:\/\/www.eldigitaldeasturias.com\/noticias\/wp-content\/uploads\/2023\/09\/Premios-Empresariales-del-Principado-de-Asturias-768x541.jpg 768w, https:\/\/www.eldigitaldeasturias.com\/noticias\/wp-content\/uploads\/2023\/09\/Premios-Empresariales-del-Principado-de-Asturias-150x106.jpg 150w, https:\/\/www.eldigitaldeasturias.com\/noticias\/wp-content\/uploads\/2023\/09\/Premios-Empresariales-del-Principado-de-Asturias-450x317.jpg 450w, https:\/\/www.eldigitaldeasturias.com\/noticias\/wp-content\/uploads\/2023\/09\/Premios-Empresariales-del-Principado-de-Asturias.jpg 902w\" sizes=\"auto, (max-width: 650px) 100vw, 650px\" \/><figcaption id=\"caption-attachment-1125280\" class=\"wp-caption-text\">Foto: Prensa Gobierno de Asturias<\/figcaption><\/figure>\n<p>El Gobierno de Asturias ha concedido los Premios Empresariales del Principado, en su edici\u00f3n de 2023, a las compa\u00f1\u00edas TSK Electr\u00f3nica y Electricidad, en la modalidad de Innovaci\u00f3n; Asturiana de Aleaciones (Aleastur), en la categor\u00eda de Crecimiento, y Corporaci\u00f3n Alimentaria Pe\u00f1asanta (Capsa), en el apartado de Internacionalizaci\u00f3n.<\/p>\n<p>Estos galardones, que cuentan con una dotaci\u00f3n econ\u00f3mica de 15.000 euros, trofeo y diploma acreditativo, pretenden reconocer, fomentar y potenciar el impulso empresarial de la comunidad en distintos \u00e1mbitos. El fallo se ha hecho p\u00fablico hoy, tras las reuniones de los diferentes jurados en la sede de la Agencia de Ciencia, Competitividad Empresarial e Innovaci\u00f3n, Sekuens, promotora de estas distinciones.<\/p>\n<h2>Premio empresarial a la Innovaci\u00f3n<\/h2>\n<p>El jurado ha distinguido la pol\u00edtica de I+D+i de TSK, que desde su fundaci\u00f3n en 1963 se ha convertido en una de las compa\u00f1\u00edas m\u00e1s reconocidas y respetadas en la prestaci\u00f3n de servicios de ingenier\u00eda a empresas industriales.<\/p>\n<p>El fallo recoge que la innovaci\u00f3n forma parte del esp\u00edritu de la compa\u00f1\u00eda y que ha sido un factor fundamental para convertirla en una referencia en los sectores de la energ\u00eda, la industria, el manejo de minerales y el medio ambiente. Actualmente es una de las primeras diez empresas de ingenier\u00eda y construcci\u00f3n industrial a nivel nacional.<\/p>\n<p>Tambi\u00e9n se ha destacado la continua labor de I+D+i llevada a cabo por el departamento de Digital Innovation, formado por 50 profesionales, as\u00ed como la acertada visi\u00f3n estrat\u00e9gica de la firma, lo que le permite competir y estar presente en m\u00e1s de 50 pa\u00edses y cuatro continentes, con un 98% de actividad internacional.<\/p>\n<h2>Premio al Crecimiento Empresarial<\/h2>\n<p>Concedido a Aleastur por su crecimiento sostenido basado en la especializaci\u00f3n y la alta cualificaci\u00f3n de su plantilla. Este hecho, unido a la internacionalizaci\u00f3n y a las sucesivas alianzas estrat\u00e9gicas y accionariales, ha facilitado la innovaci\u00f3n continua de la empresa, de modo que ahora ocupa una posici\u00f3n de liderazgo a nivel mundial como productora de aleaciones especiales de aluminio de alta complejidad para la industria del metal.<\/p>\n<p>El jurado ha considerado un valor destacable el plan de inversiones productivas llevado a cabo en los \u00faltimos 15 a\u00f1os por un importe de 40 millones, con tres centros de fabricaci\u00f3n en Asturias y uno en Bar\u00e9in. Igualmente, ha subrayado el incremento sostenido del empleo, hasta llegar a las 280 personas en plantilla, as\u00ed como la apuesta constante por el desarrollo del talento y la innovaci\u00f3n, plasmada en la puesta en marcha de un centro de I+D+i empresarial, con sede en Avil\u00e9s.<\/p>\n<h2>Premio a la Internacionalizaci\u00f3n<\/h2>\n<p>El jurado ha optado por Capsa por su consolidada trayectoria nacional y su apuesta en los \u00faltimos a\u00f1os por el impulso internacional con resultados muy relevantes. El acta destaca el elevado n\u00famero de pa\u00edses a los que exporta sus productos, que han ido aumentando de forma continuada a\u00f1o tras a\u00f1o, en competencia con otras empresas del sector l\u00e1cteo l\u00edderes en el \u00e1mbito internacional.<\/p>\n<p>Asimismo, ha subrayado su contribuci\u00f3n a la proyecci\u00f3n internacional de la comunidad como embajadora y referencia de la marca Asturias, animando a otras empresas a seguir sus pasos con el objetivo com\u00fan de incrementar las exportaciones y favorecer el desarrollo regional.<\/p>\n","protected":false},"excerpt":{"rendered":"<p>El Gobierno del Principado ha informado hoy de las empresas galardonas con los Premios Empresariales del Principado de Asturias en la edici\u00f3n de 2023, est\u00e9 a\u00f1o han sido TSK, Aleastur y Capsa. El Gobierno de Asturias ha concedido los Premios Empresariales del Principado, en su edici\u00f3n de 2023, a las compa\u00f1\u00edas TSK Electr\u00f3nica y Electricidad, [&hellip;]<\/p>\n","protected":false},"author":1,"featured_media":1125280,"comment_status":"closed","ping_status":"closed","sticky":false,"template":"","format":"standard","meta":{"footnotes":""},"categories":[141,219],"tags":[],"class_list":["post-1125279","post","type-post","status-publish","format-standard","has-post-thumbnail","hentry","category-destacadas","category-negocios-y-empresas"],"aioseo_notices":[],"aioseo_head":"\n\t\t<!-- All in One SEO Pro 4.9.6.2 - aioseo.com -->\n\t<meta name=\"description\" content=\"El Gobierno del Principado ha informado hoy de las empresas galardonas con los Premios Empresariales del Principado de Asturias en la edici\u00f3n de 2023, est\u00e9 a\u00f1o han sido TSK, Aleastur y Capsa. El Gobierno de Asturias ha concedido los Premios Empresariales del Principado, en su edici\u00f3n de 2023, a las compa\u00f1\u00edas TSK Electr\u00f3nica y Electricidad, El Gobierno del Principado ha informado hoy de las empresas galardonas con los Premios Empresariales del Principado de Asturias en la edici\u00f3n de 2023\" \/>\n\t<meta name=\"robots\" content=\"max-image-preview:large\" \/>\n\t<meta name=\"author\" content=\"El Digital de Asturias\"\/>\n\t<meta name=\"google-site-verification\" content=\"UA-38556648-1\" \/>\n\t<meta name=\"msvalidate.01\" content=\"7dfe9f3f1b24437ab69f4f2559babe99\" \/>\n\t<meta name=\"keywords\" content=\"destacadas,negocios y empresas\" \/>\n\t<link rel=\"canonical\" href=\"https:\/\/www.eldigitaldeasturias.com\/noticias\/premios-empresariales-del-principado-de-asturias-galardonados-2023\/\" \/>\n\t<meta name=\"generator\" content=\"All in One SEO Pro (AIOSEO) 4.9.6.2\" \/>\n\t\t<meta property=\"og:locale\" content=\"es_ES\" \/>\n\t\t<meta property=\"og:site_name\" content=\"El Digital de Asturias\" \/>\n\t\t<meta property=\"og:type\" content=\"article\" \/>\n\t\t<meta property=\"og:title\" content=\"Premios Empresariales del Principado de Asturias: Galardonados 2023 - El Digital de Asturias\" \/>\n\t\t<meta property=\"og:description\" content=\"El Gobierno del Principado ha informado hoy de las empresas galardonas con los Premios Empresariales del Principado de Asturias en la edici\u00f3n de 2023, est\u00e9 a\u00f1o han sido TSK, Aleastur y Capsa. El Gobierno de Asturias ha concedido los Premios Empresariales del Principado, en su edici\u00f3n de 2023, a las compa\u00f1\u00edas TSK Electr\u00f3nica y Electricidad, El Gobierno del Principado ha informado hoy de las empresas galardonas con los Premios Empresariales del Principado de Asturias en la edici\u00f3n de 2023\" \/>\n\t\t<meta property=\"og:url\" content=\"https:\/\/www.eldigitaldeasturias.com\/noticias\/premios-empresariales-del-principado-de-asturias-galardonados-2023\/\" \/>\n\t\t<meta property=\"og:image\" content=\"https:\/\/www.eldigitaldeasturias.com\/noticias\/wp-content\/uploads\/2023\/09\/Premios-Empresariales-del-Principado-de-Asturias.jpg\" \/>\n\t\t<meta property=\"og:image:secure_url\" content=\"https:\/\/www.eldigitaldeasturias.com\/noticias\/wp-content\/uploads\/2023\/09\/Premios-Empresariales-del-Principado-de-Asturias.jpg\" \/>\n\t\t<meta property=\"og:image:width\" content=\"902\" \/>\n\t\t<meta property=\"og:image:height\" content=\"635\" \/>\n\t\t<meta property=\"article:tag\" content=\"destacadas\" \/>\n\t\t<meta property=\"article:tag\" content=\"negocios y empresas\" \/>\n\t\t<meta property=\"article:published_time\" content=\"2023-09-12T17:16:37+00:00\" \/>\n\t\t<meta property=\"article:modified_time\" content=\"2023-09-12T17:16:37+00:00\" \/>\n\t\t<meta property=\"article:publisher\" content=\"https:\/\/facebook.com\/eldigitaldeasturias\" \/>\n\t\t<meta name=\"twitter:card\" content=\"summary_large_image\" \/>\n\t\t<meta name=\"twitter:title\" content=\"Premios Empresariales del Principado de Asturias: Galardonados 2023 - El Digital de Asturias\" \/>\n\t\t<meta name=\"twitter:description\" content=\"El Gobierno del Principado ha informado hoy de las empresas galardonas con los Premios Empresariales del Principado de Asturias en la edici\u00f3n de 2023, est\u00e9 a\u00f1o han sido TSK, Aleastur y Capsa. El Gobierno de Asturias ha concedido los Premios Empresariales del Principado, en su edici\u00f3n de 2023, a las compa\u00f1\u00edas TSK Electr\u00f3nica y Electricidad, El Gobierno del Principado ha informado hoy de las empresas galardonas con los Premios Empresariales del Principado de Asturias en la edici\u00f3n de 2023\" \/>\n\t\t<meta name=\"twitter:image\" content=\"https:\/\/www.eldigitaldeasturias.com\/noticias\/wp-content\/uploads\/2023\/09\/Premios-Empresariales-del-Principado-de-Asturias.jpg\" \/>\n\t\t<meta name=\"twitter:label1\" content=\"Escrito por\" \/>\n\t\t<meta name=\"twitter:data1\" content=\"El Digital de Asturias\" \/>\n\t\t<meta name=\"twitter:label2\" content=\"Tiempo de lectura estimado\" \/>\n\t\t<meta name=\"twitter:data2\" content=\"3 minutos\" \/>\n\t\t<script type=\"application\/ld+json\" class=\"aioseo-schema\">\n\t\t\t{\"@context\":\"https:\\\/\\\/schema.org\",\"@graph\":[{\"@type\":\"BlogPosting\",\"@id\":\"https:\\\/\\\/www.eldigitaldeasturias.com\\\/noticias\\\/premios-empresariales-del-principado-de-asturias-galardonados-2023\\\/#blogposting\",\"name\":\"Premios Empresariales del Principado de Asturias: Galardonados 2023 - El Digital de Asturias\",\"headline\":\"Premios Empresariales del Principado de Asturias: Galardonados 2023\",\"author\":{\"@id\":\"https:\\\/\\\/www.eldigitaldeasturias.com\\\/noticias\\\/author\\\/admin\\\/#author\"},\"publisher\":{\"@id\":\"https:\\\/\\\/www.eldigitaldeasturias.com\\\/noticias\\\/#organization\"},\"image\":{\"@type\":\"ImageObject\",\"url\":\"https:\\\/\\\/www.eldigitaldeasturias.com\\\/noticias\\\/wp-content\\\/uploads\\\/2023\\\/09\\\/Premios-Empresariales-del-Principado-de-Asturias.jpg\",\"width\":902,\"height\":635,\"caption\":\"Foto: Prensa Gobierno de Asturias\"},\"datePublished\":\"2023-09-12T19:16:37+02:00\",\"dateModified\":\"2023-09-12T19:16:37+02:00\",\"inLanguage\":\"es-ES\",\"mainEntityOfPage\":{\"@id\":\"https:\\\/\\\/www.eldigitaldeasturias.com\\\/noticias\\\/premios-empresariales-del-principado-de-asturias-galardonados-2023\\\/#webpage\"},\"isPartOf\":{\"@id\":\"https:\\\/\\\/www.eldigitaldeasturias.com\\\/noticias\\\/premios-empresariales-del-principado-de-asturias-galardonados-2023\\\/#webpage\"},\"articleSection\":\"Destacadas, Negocios y Empresas\"},{\"@type\":\"BreadcrumbList\",\"@id\":\"https:\\\/\\\/www.eldigitaldeasturias.com\\\/noticias\\\/premios-empresariales-del-principado-de-asturias-galardonados-2023\\\/#breadcrumblist\",\"itemListElement\":[{\"@type\":\"ListItem\",\"@id\":\"https:\\\/\\\/www.eldigitaldeasturias.com\\\/noticias#listItem\",\"position\":1,\"name\":\"Home\",\"item\":\"https:\\\/\\\/www.eldigitaldeasturias.com\\\/noticias\",\"nextItem\":{\"@type\":\"ListItem\",\"@id\":\"https:\\\/\\\/www.eldigitaldeasturias.com\\\/noticias\\\/category\\\/destacadas\\\/#listItem\",\"name\":\"Destacadas\"}},{\"@type\":\"ListItem\",\"@id\":\"https:\\\/\\\/www.eldigitaldeasturias.com\\\/noticias\\\/category\\\/destacadas\\\/#listItem\",\"position\":2,\"name\":\"Destacadas\",\"item\":\"https:\\\/\\\/www.eldigitaldeasturias.com\\\/noticias\\\/category\\\/destacadas\\\/\",\"nextItem\":{\"@type\":\"ListItem\",\"@id\":\"https:\\\/\\\/www.eldigitaldeasturias.com\\\/noticias\\\/premios-empresariales-del-principado-de-asturias-galardonados-2023\\\/#listItem\",\"name\":\"Premios Empresariales del Principado de Asturias: Galardonados 2023\"},\"previousItem\":{\"@type\":\"ListItem\",\"@id\":\"https:\\\/\\\/www.eldigitaldeasturias.com\\\/noticias#listItem\",\"name\":\"Home\"}},{\"@type\":\"ListItem\",\"@id\":\"https:\\\/\\\/www.eldigitaldeasturias.com\\\/noticias\\\/premios-empresariales-del-principado-de-asturias-galardonados-2023\\\/#listItem\",\"position\":3,\"name\":\"Premios Empresariales del Principado de Asturias: Galardonados 2023\",\"previousItem\":{\"@type\":\"ListItem\",\"@id\":\"https:\\\/\\\/www.eldigitaldeasturias.com\\\/noticias\\\/category\\\/destacadas\\\/#listItem\",\"name\":\"Destacadas\"}}]},{\"@type\":\"Organization\",\"@id\":\"https:\\\/\\\/www.eldigitaldeasturias.com\\\/noticias\\\/#organization\",\"name\":\"El Digital de Asturias\",\"description\":\"Hemeroteca\",\"url\":\"https:\\\/\\\/www.eldigitaldeasturias.com\\\/noticias\\\/\",\"email\":\"info@eldigitaldeasturias.com\",\"telephone\":\"+34652131393\",\"logo\":{\"@type\":\"ImageObject\",\"url\":\"https:\\\/\\\/www.eldigitaldeasturias.com\\\/noticias\\\/wp-content\\\/uploads\\\/2020\\\/12\\\/EDA.jpg\",\"@id\":\"https:\\\/\\\/www.eldigitaldeasturias.com\\\/noticias\\\/premios-empresariales-del-principado-de-asturias-galardonados-2023\\\/#organizationLogo\",\"width\":649,\"height\":297},\"image\":{\"@id\":\"https:\\\/\\\/www.eldigitaldeasturias.com\\\/noticias\\\/premios-empresariales-del-principado-de-asturias-galardonados-2023\\\/#organizationLogo\"},\"sameAs\":[\"https:\\\/\\\/facebook.com\\\/eldigitaldeasturias\",\"https:\\\/\\\/www.youtube.com\\\/channel\\\/UCZP-2wLEB9Rv6erhFmqVnvg\"],\"address\":{\"@id\":\"https:\\\/\\\/www.eldigitaldeasturias.com\\\/noticias\\\/#postaladdress\",\"@type\":\"PostalAddress\",\"streetAddress\":\"san antonio 4,\",\"postalCode\":\"33430\",\"addressLocality\":\"Cand\\u00e1s\",\"addressRegion\":\"Asturias\",\"addressCountry\":\"ES\"}},{\"@type\":\"Person\",\"@id\":\"https:\\\/\\\/www.eldigitaldeasturias.com\\\/noticias\\\/author\\\/admin\\\/#author\",\"url\":\"https:\\\/\\\/www.eldigitaldeasturias.com\\\/noticias\\\/author\\\/admin\\\/\",\"name\":\"El Digital de Asturias\",\"image\":{\"@type\":\"ImageObject\",\"@id\":\"https:\\\/\\\/www.eldigitaldeasturias.com\\\/noticias\\\/premios-empresariales-del-principado-de-asturias-galardonados-2023\\\/#authorImage\",\"url\":\"https:\\\/\\\/www.eldigitaldeasturias.com\\\/noticias\\\/wp-content\\\/litespeed\\\/avatar\\\/18677e78aa0546b92d9dbf31ec7d7668.jpg?ver=1777290358\",\"width\":96,\"height\":96,\"caption\":\"El Digital de Asturias\"}},{\"@type\":\"WebPage\",\"@id\":\"https:\\\/\\\/www.eldigitaldeasturias.com\\\/noticias\\\/premios-empresariales-del-principado-de-asturias-galardonados-2023\\\/#webpage\",\"url\":\"https:\\\/\\\/www.eldigitaldeasturias.com\\\/noticias\\\/premios-empresariales-del-principado-de-asturias-galardonados-2023\\\/\",\"name\":\"Premios Empresariales del Principado de Asturias: Galardonados 2023 - El Digital de Asturias\",\"description\":\"El Gobierno del Principado ha informado hoy de las empresas galardonas con los Premios Empresariales del Principado de Asturias en la edici\\u00f3n de 2023, est\\u00e9 a\\u00f1o han sido TSK, Aleastur y Capsa. El Gobierno de Asturias ha concedido los Premios Empresariales del Principado, en su edici\\u00f3n de 2023, a las compa\\u00f1\\u00edas TSK Electr\\u00f3nica y Electricidad, El Gobierno del Principado ha informado hoy de las empresas galardonas con los Premios Empresariales del Principado de Asturias en la edici\\u00f3n de 2023\",\"inLanguage\":\"es-ES\",\"isPartOf\":{\"@id\":\"https:\\\/\\\/www.eldigitaldeasturias.com\\\/noticias\\\/#website\"},\"breadcrumb\":{\"@id\":\"https:\\\/\\\/www.eldigitaldeasturias.com\\\/noticias\\\/premios-empresariales-del-principado-de-asturias-galardonados-2023\\\/#breadcrumblist\"},\"author\":{\"@id\":\"https:\\\/\\\/www.eldigitaldeasturias.com\\\/noticias\\\/author\\\/admin\\\/#author\"},\"creator\":{\"@id\":\"https:\\\/\\\/www.eldigitaldeasturias.com\\\/noticias\\\/author\\\/admin\\\/#author\"},\"image\":{\"@type\":\"ImageObject\",\"url\":\"https:\\\/\\\/www.eldigitaldeasturias.com\\\/noticias\\\/wp-content\\\/uploads\\\/2023\\\/09\\\/Premios-Empresariales-del-Principado-de-Asturias.jpg\",\"@id\":\"https:\\\/\\\/www.eldigitaldeasturias.com\\\/noticias\\\/premios-empresariales-del-principado-de-asturias-galardonados-2023\\\/#mainImage\",\"width\":902,\"height\":635,\"caption\":\"Foto: Prensa Gobierno de Asturias\"},\"primaryImageOfPage\":{\"@id\":\"https:\\\/\\\/www.eldigitaldeasturias.com\\\/noticias\\\/premios-empresariales-del-principado-de-asturias-galardonados-2023\\\/#mainImage\"},\"datePublished\":\"2023-09-12T19:16:37+02:00\",\"dateModified\":\"2023-09-12T19:16:37+02:00\"},{\"@type\":\"WebSite\",\"@id\":\"https:\\\/\\\/www.eldigitaldeasturias.com\\\/noticias\\\/#website\",\"url\":\"https:\\\/\\\/www.eldigitaldeasturias.com\\\/noticias\\\/\",\"name\":\"El Digital de Asturias - Diario de actualidad y noticias\",\"alternateName\":\"El Digital de Asturias - Diario de actualidad y noticias\",\"description\":\"Hemeroteca\",\"inLanguage\":\"es-ES\",\"publisher\":{\"@id\":\"https:\\\/\\\/www.eldigitaldeasturias.com\\\/noticias\\\/#organization\"}}]}\n\t\t<\/script>\n\t\t<!-- All in One SEO Pro -->\r\n\t\t<title>Premios Empresariales del Principado de Asturias: Galardonados 2023 - El Digital de Asturias<\/title>\n\n","aioseo_head_json":{"title":"Premios Empresariales del Principado de Asturias: Galardonados 2023 - El Digital de Asturias","description":"El Gobierno del Principado ha informado hoy de las empresas galardonas con los Premios Empresariales del Principado de Asturias en la edici\u00f3n de 2023, est\u00e9 a\u00f1o han sido TSK, Aleastur y Capsa. El Gobierno de Asturias ha concedido los Premios Empresariales del Principado, en su edici\u00f3n de 2023, a las compa\u00f1\u00edas TSK Electr\u00f3nica y Electricidad, El Gobierno del Principado ha informado hoy de las empresas galardonas con los Premios Empresariales del Principado de Asturias en la edici\u00f3n de 2023","canonical_url":"https:\/\/www.eldigitaldeasturias.com\/noticias\/premios-empresariales-del-principado-de-asturias-galardonados-2023\/","robots":"max-image-preview:large","keywords":"destacadas,negocios y empresas","webmasterTools":{"google-site-verification":"UA-38556648-1","msvalidate.01":"7dfe9f3f1b24437ab69f4f2559babe99","miscellaneous":""},"schema":{"@context":"https:\/\/schema.org","@graph":[{"@type":"BlogPosting","@id":"https:\/\/www.eldigitaldeasturias.com\/noticias\/premios-empresariales-del-principado-de-asturias-galardonados-2023\/#blogposting","name":"Premios Empresariales del Principado de Asturias: Galardonados 2023 - El Digital de Asturias","headline":"Premios Empresariales del Principado de Asturias: Galardonados 2023","author":{"@id":"https:\/\/www.eldigitaldeasturias.com\/noticias\/author\/admin\/#author"},"publisher":{"@id":"https:\/\/www.eldigitaldeasturias.com\/noticias\/#organization"},"image":{"@type":"ImageObject","url":"https:\/\/www.eldigitaldeasturias.com\/noticias\/wp-content\/uploads\/2023\/09\/Premios-Empresariales-del-Principado-de-Asturias.jpg","width":902,"height":635,"caption":"Foto: Prensa Gobierno de Asturias"},"datePublished":"2023-09-12T19:16:37+02:00","dateModified":"2023-09-12T19:16:37+02:00","inLanguage":"es-ES","mainEntityOfPage":{"@id":"https:\/\/www.eldigitaldeasturias.com\/noticias\/premios-empresariales-del-principado-de-asturias-galardonados-2023\/#webpage"},"isPartOf":{"@id":"https:\/\/www.eldigitaldeasturias.com\/noticias\/premios-empresariales-del-principado-de-asturias-galardonados-2023\/#webpage"},"articleSection":"Destacadas, Negocios y Empresas"},{"@type":"BreadcrumbList","@id":"https:\/\/www.eldigitaldeasturias.com\/noticias\/premios-empresariales-del-principado-de-asturias-galardonados-2023\/#breadcrumblist","itemListElement":[{"@type":"ListItem","@id":"https:\/\/www.eldigitaldeasturias.com\/noticias#listItem","position":1,"name":"Home","item":"https:\/\/www.eldigitaldeasturias.com\/noticias","nextItem":{"@type":"ListItem","@id":"https:\/\/www.eldigitaldeasturias.com\/noticias\/category\/destacadas\/#listItem","name":"Destacadas"}},{"@type":"ListItem","@id":"https:\/\/www.eldigitaldeasturias.com\/noticias\/category\/destacadas\/#listItem","position":2,"name":"Destacadas","item":"https:\/\/www.eldigitaldeasturias.com\/noticias\/category\/destacadas\/","nextItem":{"@type":"ListItem","@id":"https:\/\/www.eldigitaldeasturias.com\/noticias\/premios-empresariales-del-principado-de-asturias-galardonados-2023\/#listItem","name":"Premios Empresariales del Principado de Asturias: Galardonados 2023"},"previousItem":{"@type":"ListItem","@id":"https:\/\/www.eldigitaldeasturias.com\/noticias#listItem","name":"Home"}},{"@type":"ListItem","@id":"https:\/\/www.eldigitaldeasturias.com\/noticias\/premios-empresariales-del-principado-de-asturias-galardonados-2023\/#listItem","position":3,"name":"Premios Empresariales del Principado de Asturias: Galardonados 2023","previousItem":{"@type":"ListItem","@id":"https:\/\/www.eldigitaldeasturias.com\/noticias\/category\/destacadas\/#listItem","name":"Destacadas"}}]},{"@type":"Organization","@id":"https:\/\/www.eldigitaldeasturias.com\/noticias\/#organization","name":"El Digital de Asturias","description":"Hemeroteca","url":"https:\/\/www.eldigitaldeasturias.com\/noticias\/","email":"info@eldigitaldeasturias.com","telephone":"+34652131393","logo":{"@type":"ImageObject","url":"https:\/\/www.eldigitaldeasturias.com\/noticias\/wp-content\/uploads\/2020\/12\/EDA.jpg","@id":"https:\/\/www.eldigitaldeasturias.com\/noticias\/premios-empresariales-del-principado-de-asturias-galardonados-2023\/#organizationLogo","width":649,"height":297},"image":{"@id":"https:\/\/www.eldigitaldeasturias.com\/noticias\/premios-empresariales-del-principado-de-asturias-galardonados-2023\/#organizationLogo"},"sameAs":["https:\/\/facebook.com\/eldigitaldeasturias","https:\/\/www.youtube.com\/channel\/UCZP-2wLEB9Rv6erhFmqVnvg"],"address":{"@id":"https:\/\/www.eldigitaldeasturias.com\/noticias\/#postaladdress","@type":"PostalAddress","streetAddress":"san antonio 4,","postalCode":"33430","addressLocality":"Cand\u00e1s","addressRegion":"Asturias","addressCountry":"ES"}},{"@type":"Person","@id":"https:\/\/www.eldigitaldeasturias.com\/noticias\/author\/admin\/#author","url":"https:\/\/www.eldigitaldeasturias.com\/noticias\/author\/admin\/","name":"El Digital de Asturias","image":{"@type":"ImageObject","@id":"https:\/\/www.eldigitaldeasturias.com\/noticias\/premios-empresariales-del-principado-de-asturias-galardonados-2023\/#authorImage","url":"https:\/\/www.eldigitaldeasturias.com\/noticias\/wp-content\/litespeed\/avatar\/18677e78aa0546b92d9dbf31ec7d7668.jpg?ver=1777290358","width":96,"height":96,"caption":"El Digital de Asturias"}},{"@type":"WebPage","@id":"https:\/\/www.eldigitaldeasturias.com\/noticias\/premios-empresariales-del-principado-de-asturias-galardonados-2023\/#webpage","url":"https:\/\/www.eldigitaldeasturias.com\/noticias\/premios-empresariales-del-principado-de-asturias-galardonados-2023\/","name":"Premios Empresariales del Principado de Asturias: Galardonados 2023 - El Digital de Asturias","description":"El Gobierno del Principado ha informado hoy de las empresas galardonas con los Premios Empresariales del Principado de Asturias en la edici\u00f3n de 2023, est\u00e9 a\u00f1o han sido TSK, Aleastur y Capsa. El Gobierno de Asturias ha concedido los Premios Empresariales del Principado, en su edici\u00f3n de 2023, a las compa\u00f1\u00edas TSK Electr\u00f3nica y Electricidad, El Gobierno del Principado ha informado hoy de las empresas galardonas con los Premios Empresariales del Principado de Asturias en la edici\u00f3n de 2023","inLanguage":"es-ES","isPartOf":{"@id":"https:\/\/www.eldigitaldeasturias.com\/noticias\/#website"},"breadcrumb":{"@id":"https:\/\/www.eldigitaldeasturias.com\/noticias\/premios-empresariales-del-principado-de-asturias-galardonados-2023\/#breadcrumblist"},"author":{"@id":"https:\/\/www.eldigitaldeasturias.com\/noticias\/author\/admin\/#author"},"creator":{"@id":"https:\/\/www.eldigitaldeasturias.com\/noticias\/author\/admin\/#author"},"image":{"@type":"ImageObject","url":"https:\/\/www.eldigitaldeasturias.com\/noticias\/wp-content\/uploads\/2023\/09\/Premios-Empresariales-del-Principado-de-Asturias.jpg","@id":"https:\/\/www.eldigitaldeasturias.com\/noticias\/premios-empresariales-del-principado-de-asturias-galardonados-2023\/#mainImage","width":902,"height":635,"caption":"Foto: Prensa Gobierno de Asturias"},"primaryImageOfPage":{"@id":"https:\/\/www.eldigitaldeasturias.com\/noticias\/premios-empresariales-del-principado-de-asturias-galardonados-2023\/#mainImage"},"datePublished":"2023-09-12T19:16:37+02:00","dateModified":"2023-09-12T19:16:37+02:00"},{"@type":"WebSite","@id":"https:\/\/www.eldigitaldeasturias.com\/noticias\/#website","url":"https:\/\/www.eldigitaldeasturias.com\/noticias\/","name":"El Digital de Asturias - Diario de actualidad y noticias","alternateName":"El Digital de Asturias - Diario de actualidad y noticias","description":"Hemeroteca","inLanguage":"es-ES","publisher":{"@id":"https:\/\/www.eldigitaldeasturias.com\/noticias\/#organization"}}]},"og:locale":"es_ES","og:site_name":"El Digital de Asturias","og:type":"article","og:title":"Premios Empresariales del Principado de Asturias: Galardonados 2023 - El Digital de Asturias","og:description":"El Gobierno del Principado ha informado hoy de las empresas galardonas con los Premios Empresariales del Principado de Asturias en la edici\u00f3n de 2023, est\u00e9 a\u00f1o han sido TSK, Aleastur y Capsa. El Gobierno de Asturias ha concedido los Premios Empresariales del Principado, en su edici\u00f3n de 2023, a las compa\u00f1\u00edas TSK Electr\u00f3nica y Electricidad, El Gobierno del Principado ha informado hoy de las empresas galardonas con los Premios Empresariales del Principado de Asturias en la edici\u00f3n de 2023","og:url":"https:\/\/www.eldigitaldeasturias.com\/noticias\/premios-empresariales-del-principado-de-asturias-galardonados-2023\/","og:image":"https:\/\/www.eldigitaldeasturias.com\/noticias\/wp-content\/uploads\/2023\/09\/Premios-Empresariales-del-Principado-de-Asturias.jpg","og:image:secure_url":"https:\/\/www.eldigitaldeasturias.com\/noticias\/wp-content\/uploads\/2023\/09\/Premios-Empresariales-del-Principado-de-Asturias.jpg","og:image:width":902,"og:image:height":635,"article:tag":["destacadas","negocios y empresas"],"article:published_time":"2023-09-12T17:16:37+00:00","article:modified_time":"2023-09-12T17:16:37+00:00","article:publisher":"https:\/\/facebook.com\/eldigitaldeasturias","twitter:card":"summary_large_image","twitter:title":"Premios Empresariales del Principado de Asturias: Galardonados 2023 - El Digital de Asturias","twitter:description":"El Gobierno del Principado ha informado hoy de las empresas galardonas con los Premios Empresariales del Principado de Asturias en la edici\u00f3n de 2023, est\u00e9 a\u00f1o han sido TSK, Aleastur y Capsa. El Gobierno de Asturias ha concedido los Premios Empresariales del Principado, en su edici\u00f3n de 2023, a las compa\u00f1\u00edas TSK Electr\u00f3nica y Electricidad, El Gobierno del Principado ha informado hoy de las empresas galardonas con los Premios Empresariales del Principado de Asturias en la edici\u00f3n de 2023","twitter:image":"https:\/\/www.eldigitaldeasturias.com\/noticias\/wp-content\/uploads\/2023\/09\/Premios-Empresariales-del-Principado-de-Asturias.jpg","twitter:label1":"Escrito por","twitter:data1":"El Digital de Asturias","twitter:label2":"Tiempo de lectura estimado","twitter:data2":"3 minutos"},"aioseo_meta_data":{"post_id":"1125279","title":null,"description":"#post_excerpt El Gobierno del Principado ha informado hoy de las empresas galardonas con los Premios Empresariales del Principado de Asturias en la edici\u00f3n de 2023","keywords":[],"keyphrases":{"focus":{"keyphrase":"Asturias","score":91,"analysis":{"keyphraseInTitle":{"score":9,"maxScore":9,"error":0},"keyphraseInDescription":{"score":9,"maxScore":9,"error":0},"keyphraseLength":{"score":9,"maxScore":9,"error":0,"length":1},"keyphraseInURL":{"score":5,"maxScore":5,"error":0},"keyphraseInIntroduction":{"score":9,"maxScore":9,"error":0},"keyphraseInSubHeadings":{"score":3,"maxScore":9,"error":1},"keyphraseInImageAlt":{"score":9,"maxScore":9,"error":0},"keywordDensity":{"type":"best","score":9,"maxScore":9,"error":0}}},"additional":[{"keyphrase":"Premios Empresariales ","score":80,"analysis":{"keyphraseInDescription":{"score":9,"maxScore":9,"error":0},"keyphraseLength":{"score":9,"maxScore":9,"error":0,"length":2},"keyphraseInIntroduction":{"score":9,"maxScore":9,"error":0},"keyphraseInImageAlt":{"score":9,"maxScore":9,"error":0},"keywordDensity":{"score":0,"type":"low","maxScore":9,"error":1}}},{"keyphrase":"Asturias","score":100,"analysis":{"keyphraseInDescription":{"score":9,"maxScore":9,"error":0},"keyphraseLength":{"score":9,"maxScore":9,"error":0,"length":1},"keyphraseInIntroduction":{"score":9,"maxScore":9,"error":0},"keyphraseInImageAlt":{"score":9,"maxScore":9,"error":0},"keywordDensity":{"type":"best","score":9,"maxScore":9,"error":0}}}]},"primary_term":null,"canonical_url":null,"og_title":null,"og_description":null,"og_object_type":"default","og_image_type":"default","og_image_url":null,"og_image_width":null,"og_image_height":null,"og_image_custom_url":null,"og_image_custom_fields":null,"og_video":"","og_custom_url":null,"og_article_section":null,"og_article_tags":[],"twitter_use_og":false,"twitter_card":"default","twitter_image_type":"default","twitter_image_url":null,"twitter_image_custom_url":null,"twitter_image_custom_fields":null,"twitter_title":null,"twitter_description":null,"schema":{"blockGraphs":[],"customGraphs":[],"default":{"data":{"Article":[],"Course":[],"Dataset":[],"FAQPage":[],"Movie":[],"Person":[],"Product":[],"ProductReview":[],"Car":[],"Recipe":[],"Service":[],"SoftwareApplication":[],"WebPage":[]},"graphName":"BlogPosting","isEnabled":true},"graphs":[]},"schema_type":"default","schema_type_options":null,"pillar_content":false,"robots_default":true,"robots_noindex":false,"robots_noarchive":false,"robots_nosnippet":false,"robots_nofollow":false,"robots_noimageindex":false,"robots_noodp":false,"robots_notranslate":false,"robots_max_snippet":"-1","robots_max_videopreview":"-1","robots_max_imagepreview":"large","priority":null,"frequency":"default","local_seo":null,"seo_analyzer_scan_date":"2025-10-05 14:38:31","breadcrumb_settings":null,"limit_modified_date":false,"open_ai":"{\"title\":{\"suggestions\":[],\"usage\":0},\"description\":{\"suggestions\":[],\"usage\":0}}","ai":null,"created":"2023-09-12 17:09:21","updated":"2025-10-05 14:38:31"},"aioseo_breadcrumb":"<div class=\"aioseo-breadcrumbs\"><span class=\"aioseo-breadcrumb\">\n\t<a href=\"https:\/\/www.eldigitaldeasturias.com\/noticias\" title=\"Home\">Home<\/a>\n<\/span><span class=\"aioseo-breadcrumb-separator\">\u2013<\/span><span class=\"aioseo-breadcrumb\">\n\t<a href=\"https:\/\/www.eldigitaldeasturias.com\/noticias\/category\/destacadas\/\" title=\"Destacadas\">Destacadas<\/a>\n<\/span><span class=\"aioseo-breadcrumb-separator\">\u2013<\/span><span class=\"aioseo-breadcrumb\">\n\t<a href=\"https:\/\/www.eldigitaldeasturias.com\/noticias\/premios-empresariales-del-principado-de-asturias-galardonados-2023\/\" title=\"Premios Empresariales del Principado de Asturias: Galardonados 2023\">Premios Empresariales del Principado de Asturias: Galardonados 2023<\/a>\n<\/span><\/div>","aioseo_breadcrumb_json":[{"label":"Home","link":"https:\/\/www.eldigitaldeasturias.com\/noticias"},{"label":"Destacadas","link":"https:\/\/www.eldigitaldeasturias.com\/noticias\/category\/destacadas\/"},{"label":"Premios Empresariales del Principado de Asturias: Galardonados 2023","link":"https:\/\/www.eldigitaldeasturias.com\/noticias\/premios-empresariales-del-principado-de-asturias-galardonados-2023\/"}],"_links":{"self":[{"href":"https:\/\/www.eldigitaldeasturias.com\/noticias\/wp-json\/wp\/v2\/posts\/1125279","targetHints":{"allow":["GET"]}}],"collection":[{"href":"https:\/\/www.eldigitaldeasturias.com\/noticias\/wp-json\/wp\/v2\/posts"}],"about":[{"href":"https:\/\/www.eldigitaldeasturias.com\/noticias\/wp-json\/wp\/v2\/types\/post"}],"author":[{"embeddable":true,"href":"https:\/\/www.eldigitaldeasturias.com\/noticias\/wp-json\/wp\/v2\/users\/1"}],"replies":[{"embeddable":true,"href":"https:\/\/www.eldigitaldeasturias.com\/noticias\/wp-json\/wp\/v2\/comments?post=1125279"}],"version-history":[{"count":0,"href":"https:\/\/www.eldigitaldeasturias.com\/noticias\/wp-json\/wp\/v2\/posts\/1125279\/revisions"}],"wp:featuredmedia":[{"embeddable":true,"href":"https:\/\/www.eldigitaldeasturias.com\/noticias\/wp-json\/wp\/v2\/media\/1125280"}],"wp:attachment":[{"href":"https:\/\/www.eldigitaldeasturias.com\/noticias\/wp-json\/wp\/v2\/media?parent=1125279"}],"wp:term":[{"taxonomy":"category","embeddable":true,"href":"https:\/\/www.eldigitaldeasturias.com\/noticias\/wp-json\/wp\/v2\/categories?post=1125279"},{"taxonomy":"post_tag","embeddable":true,"href":"https:\/\/www.eldigitaldeasturias.com\/noticias\/wp-json\/wp\/v2\/tags?post=1125279"}],"curies":[{"name":"wp","href":"https:\/\/api.w.org\/{rel}","templated":true}]}}