{"id":1124299,"date":"2023-08-23T15:39:48","date_gmt":"2023-08-23T13:39:48","guid":{"rendered":"https:\/\/www.eldigitaldeasturias.com\/noticias\/?p=1124299"},"modified":"2023-08-23T15:40:14","modified_gmt":"2023-08-23T13:40:14","slug":"presentada-una-nueva-especie-de-invertebrados-marinos-hallada-en-asturias","status":"publish","type":"post","link":"https:\/\/www.eldigitaldeasturias.com\/noticias\/presentada-una-nueva-especie-de-invertebrados-marinos-hallada-en-asturias\/","title":{"rendered":"Presentada una nueva especie de invertebrados marinos hallada en Asturias"},"content":{"rendered":"<p>El equipo de investigaci\u00f3n del <strong>Museo del Jur\u00e1sico de Asturias<\/strong> (Muja) y del <strong>Museo de Historia Natural de Luxemburgo<\/strong> han descrito una nueva especie de ofiuras, invertebrados marinos del grupo de equinodermos, parientes de los erizos y las estrellas de mar, hallada en el Principado. El consejero de Ciencia, Empresas, Formaci\u00f3n y Empleo, <strong>Borja S\u00e1nchez, ha destacado la importancia del descubrimiento y la internacionalizaci\u00f3n que el equipamiento ofrece a la comunidad en el \u00e1mbito cient\u00edfico.<\/strong><\/p>\n<figure id=\"attachment_1124300\" aria-describedby=\"caption-attachment-1124300\" style=\"width: 645px\" class=\"wp-caption aligncenter\"><img loading=\"lazy\" decoding=\"async\" class=\"wp-image-1124300 size-large\" src=\"https:\/\/www.eldigitaldeasturias.com\/noticias\/wp-content\/uploads\/2023\/08\/nueva-especie-Asturias-645x480.jpg\" alt=\"nueva especie Asturias\" width=\"645\" height=\"480\" srcset=\"https:\/\/www.eldigitaldeasturias.com\/noticias\/wp-content\/uploads\/2023\/08\/nueva-especie-Asturias-645x480.jpg 645w, https:\/\/www.eldigitaldeasturias.com\/noticias\/wp-content\/uploads\/2023\/08\/nueva-especie-Asturias-360x268.jpg 360w, https:\/\/www.eldigitaldeasturias.com\/noticias\/wp-content\/uploads\/2023\/08\/nueva-especie-Asturias-403x300.jpg 403w, https:\/\/www.eldigitaldeasturias.com\/noticias\/wp-content\/uploads\/2023\/08\/nueva-especie-Asturias-768x571.jpg 768w, https:\/\/www.eldigitaldeasturias.com\/noticias\/wp-content\/uploads\/2023\/08\/nueva-especie-Asturias-150x112.jpg 150w, https:\/\/www.eldigitaldeasturias.com\/noticias\/wp-content\/uploads\/2023\/08\/nueva-especie-Asturias-450x335.jpg 450w, https:\/\/www.eldigitaldeasturias.com\/noticias\/wp-content\/uploads\/2023\/08\/nueva-especie-Asturias.jpg 890w\" sizes=\"auto, (max-width: 645px) 100vw, 645px\" \/><figcaption id=\"caption-attachment-1124300\" class=\"wp-caption-text\">Foto: Prensa Gobierno de Asturias<\/figcaption><\/figure>\n<p>S\u00e1nchez y el equipo cient\u00edfico del Muja, formado por los ge\u00f3logos Jos\u00e9 Carlos Garc\u00eda-Ramos y Laura Pi\u00f1uela, han presentado el trabajo de investigaci\u00f3n publicado en la <strong>revista Swiss Journal of Palaeontology<\/strong>. En el acto han estado acompa\u00f1ados por el alcalde de Colunga, Jos\u00e9 \u00c1ngel Toyos, y la concejala de Cultura de Villaviciosa, Mar\u00eda Reyes Ugalde.<\/p>\n<p>El paleont\u00f3logo Ben Thuy, del Museo de Historia Natural de Luxemburgo, firma junto con Garc\u00eda-Ramos y Pi\u00f1uela el art\u00edculo cient\u00edfico sobre estos invertebrados marinos, parientes de los erizos y estrellas de mar. Las ofiuras muestran un cuerpo en forma de disco con simetr\u00eda pentarradial (rasgo distintivo de los equinodermos), del que parten cinco brazos largos, articulados y muy flexibles. Su esqueleto, tanto el del disco central como el de los brazos, es de carbonato c\u00e1lcico y est\u00e1 formado por numerosas placas y os\u00edculos. Se desplazan ondulando sus brazos en mar abierto, aunque algunas especies toleran temporalmente el agua salobre. El registro f\u00f3sil de las ofiuras abarca desde el Ordov\u00edcico Inferior hasta la actualidad.<\/p>\n<p><strong>Los ejemplares asturianos fueron hallados en una capa de caliza gris de la formaci\u00f3n Rodiles del Jur\u00e1sico Inferior, con una edad en torno a los 195 millones de a\u00f1os.<\/strong> En aquella \u00e9poca, <a href=\"https:\/\/www.eldigitaldeasturias.com\/noticias\/category\/actualidad-asturias\/\"><span style=\"color: #ff6600;\"><strong>Asturias<\/strong><\/span><\/a> estaba cubierta por un mar de escasa profundidad. Las ofiuras asturianas presentan caracter\u00edsticas similares al g\u00e9nero Arenorbis, del Tri\u00e1sico, por lo que se incluyen dentro del mismo, pero con algunos rasgos distintivos que permiten asignarlas a una nueva especie, Arenorbis Santameraensis, por la localidad de Santa Mera en Villaviciosa, muy pr\u00f3xima a los acantilados donde se encontraron estos f\u00f3siles. Se trata de las \u00fanicas ofiuras descritas formalmente en el Jur\u00e1sico de Espa\u00f1a y pertenecen a un g\u00e9nero que hasta este momento estaba restringido exclusivamente al Tri\u00e1sico Medio. Los ejemplares asturianos permiten prolongar por primera vez la existencia de este g\u00e9nero hasta el Jur\u00e1sico.<\/p>\n<p>Borja S\u00e1nchez ha puesto en valor la importancia del <strong>patrimonio jur\u00e1sico asturiano,<\/strong> que sirve de atracci\u00f3n no solo en el Muja sino tambi\u00e9n en eventos como la Feria Internacional de Muestras de Asturias (Fidma). El consejero ha recordado que una de las piezas estrella de la exposici\u00f3n del pabell\u00f3n del Principado fue precisamente un f\u00f3sil de un pez jur\u00e1sico atrapado en una caliza que, gracias a las nuevas tecnolog\u00edas, puede contemplarse en 3D, y que ha sido vista por m\u00e1s de 70.000 personas.<\/p>\n<h4>Referencia de publicaci\u00f3n<\/h4>\n<p>Ben Thuy, Laura Pi\u00f1uela and Jos\u00e9 Carlos Garc\u00eda-Ramos. 2023. A relict Triassic brittle star (Echindoremata, Ophiuroidea) in Lower Jurassic strata of Asturias, north-west Spain. Swiss Journal of Palaeontology: <span style=\"color: #ff6600;\"><strong><a style=\"color: #ff6600;\" href=\"https:\/\/doi.org\/10.1186\/s13358-023-00275-5\" target=\"_blank\" rel=\"nofollow noopener\">https:\/\/doi.org\/10.1186\/s13358-023-00275-5<\/a><\/strong><\/span><\/p>\n","protected":false},"excerpt":{"rendered":"<p>El equipo de investigaci\u00f3n del Museo del Jur\u00e1sico de Asturias (Muja) y del Museo de Historia Natural de Luxemburgo han descrito una nueva especie de ofiuras, invertebrados marinos del grupo de equinodermos, parientes de los erizos y las estrellas de mar, hallada en el Principado. El consejero de Ciencia, Empresas, Formaci\u00f3n y Empleo, Borja S\u00e1nchez, [&hellip;]<\/p>\n","protected":false},"author":1,"featured_media":1124300,"comment_status":"closed","ping_status":"closed","sticky":false,"template":"","format":"standard","meta":{"footnotes":""},"categories":[12,141],"tags":[],"class_list":["post-1124299","post","type-post","status-publish","format-standard","has-post-thumbnail","hentry","category-actualidad-asturias","category-destacadas"],"aioseo_notices":[],"aioseo_head":"\n\t\t<!-- All in One SEO Pro 4.9.6.2 - aioseo.com -->\n\t<meta name=\"description\" content=\"El equipo de investigaci\u00f3n del Museo del Jur\u00e1sico de Asturias (Muja) y del Museo de Historia Natural de Luxemburgo han descrito una nueva especie\" \/>\n\t<meta name=\"robots\" content=\"max-image-preview:large\" \/>\n\t<meta name=\"author\" content=\"El Digital de Asturias\"\/>\n\t<meta name=\"google-site-verification\" content=\"UA-38556648-1\" \/>\n\t<meta name=\"msvalidate.01\" content=\"7dfe9f3f1b24437ab69f4f2559babe99\" \/>\n\t<meta name=\"keywords\" content=\"actualidad asturias,destacadas\" \/>\n\t<link rel=\"canonical\" href=\"https:\/\/www.eldigitaldeasturias.com\/noticias\/presentada-una-nueva-especie-de-invertebrados-marinos-hallada-en-asturias\/\" \/>\n\t<meta name=\"generator\" content=\"All in One SEO Pro (AIOSEO) 4.9.6.2\" \/>\n\t\t<meta property=\"og:locale\" content=\"es_ES\" \/>\n\t\t<meta property=\"og:site_name\" content=\"El Digital de Asturias\" \/>\n\t\t<meta property=\"og:type\" content=\"article\" \/>\n\t\t<meta property=\"og:title\" content=\"Presentada una nueva especie de invertebrados marinos hallada en Asturias - El Digital de Asturias\" \/>\n\t\t<meta property=\"og:description\" content=\"El equipo de investigaci\u00f3n del Museo del Jur\u00e1sico de Asturias (Muja) y del Museo de Historia Natural de Luxemburgo han descrito una nueva especie\" \/>\n\t\t<meta property=\"og:url\" content=\"https:\/\/www.eldigitaldeasturias.com\/noticias\/presentada-una-nueva-especie-de-invertebrados-marinos-hallada-en-asturias\/\" \/>\n\t\t<meta property=\"og:image\" content=\"https:\/\/www.eldigitaldeasturias.com\/noticias\/wp-content\/uploads\/2023\/08\/nueva-especie-Asturias.jpg\" \/>\n\t\t<meta property=\"og:image:secure_url\" content=\"https:\/\/www.eldigitaldeasturias.com\/noticias\/wp-content\/uploads\/2023\/08\/nueva-especie-Asturias.jpg\" \/>\n\t\t<meta property=\"og:image:width\" content=\"890\" \/>\n\t\t<meta property=\"og:image:height\" content=\"662\" \/>\n\t\t<meta property=\"article:tag\" content=\"actualidad asturias\" \/>\n\t\t<meta property=\"article:tag\" content=\"destacadas\" \/>\n\t\t<meta property=\"article:published_time\" content=\"2023-08-23T13:39:48+00:00\" \/>\n\t\t<meta property=\"article:modified_time\" content=\"2023-08-23T13:40:14+00:00\" \/>\n\t\t<meta property=\"article:publisher\" content=\"https:\/\/facebook.com\/eldigitaldeasturias\" \/>\n\t\t<meta name=\"twitter:card\" content=\"summary_large_image\" \/>\n\t\t<meta name=\"twitter:title\" content=\"Presentada una nueva especie de invertebrados marinos hallada en Asturias - El Digital de Asturias\" \/>\n\t\t<meta name=\"twitter:description\" content=\"El equipo de investigaci\u00f3n del Museo del Jur\u00e1sico de Asturias (Muja) y del Museo de Historia Natural de Luxemburgo han descrito una nueva especie\" \/>\n\t\t<meta name=\"twitter:image\" content=\"https:\/\/www.eldigitaldeasturias.com\/noticias\/wp-content\/uploads\/2023\/08\/nueva-especie-Asturias.jpg\" \/>\n\t\t<meta name=\"twitter:label1\" content=\"Escrito por\" \/>\n\t\t<meta name=\"twitter:data1\" content=\"El Digital de Asturias\" \/>\n\t\t<meta name=\"twitter:label2\" content=\"Tiempo de lectura estimado\" \/>\n\t\t<meta name=\"twitter:data2\" content=\"3 minutos\" \/>\n\t\t<script type=\"application\/ld+json\" class=\"aioseo-schema\">\n\t\t\t{\"@context\":\"https:\\\/\\\/schema.org\",\"@graph\":[{\"@type\":\"BlogPosting\",\"@id\":\"https:\\\/\\\/www.eldigitaldeasturias.com\\\/noticias\\\/presentada-una-nueva-especie-de-invertebrados-marinos-hallada-en-asturias\\\/#blogposting\",\"name\":\"Presentada una nueva especie de invertebrados marinos hallada en Asturias - El Digital de Asturias\",\"headline\":\"Presentada una nueva especie de invertebrados marinos hallada en Asturias\",\"author\":{\"@id\":\"https:\\\/\\\/www.eldigitaldeasturias.com\\\/noticias\\\/author\\\/admin\\\/#author\"},\"publisher\":{\"@id\":\"https:\\\/\\\/www.eldigitaldeasturias.com\\\/noticias\\\/#organization\"},\"image\":{\"@type\":\"ImageObject\",\"url\":\"https:\\\/\\\/www.eldigitaldeasturias.com\\\/noticias\\\/wp-content\\\/uploads\\\/2023\\\/08\\\/nueva-especie-Asturias.jpg\",\"width\":890,\"height\":662,\"caption\":\"Foto: Prensa Gobierno de Asturias\"},\"datePublished\":\"2023-08-23T15:39:48+02:00\",\"dateModified\":\"2023-08-23T15:40:14+02:00\",\"inLanguage\":\"es-ES\",\"mainEntityOfPage\":{\"@id\":\"https:\\\/\\\/www.eldigitaldeasturias.com\\\/noticias\\\/presentada-una-nueva-especie-de-invertebrados-marinos-hallada-en-asturias\\\/#webpage\"},\"isPartOf\":{\"@id\":\"https:\\\/\\\/www.eldigitaldeasturias.com\\\/noticias\\\/presentada-una-nueva-especie-de-invertebrados-marinos-hallada-en-asturias\\\/#webpage\"},\"articleSection\":\"Actualidad Asturias, Destacadas\"},{\"@type\":\"BreadcrumbList\",\"@id\":\"https:\\\/\\\/www.eldigitaldeasturias.com\\\/noticias\\\/presentada-una-nueva-especie-de-invertebrados-marinos-hallada-en-asturias\\\/#breadcrumblist\",\"itemListElement\":[{\"@type\":\"ListItem\",\"@id\":\"https:\\\/\\\/www.eldigitaldeasturias.com\\\/noticias#listItem\",\"position\":1,\"name\":\"Home\",\"item\":\"https:\\\/\\\/www.eldigitaldeasturias.com\\\/noticias\",\"nextItem\":{\"@type\":\"ListItem\",\"@id\":\"https:\\\/\\\/www.eldigitaldeasturias.com\\\/noticias\\\/category\\\/actualidad-asturias\\\/#listItem\",\"name\":\"Actualidad Asturias\"}},{\"@type\":\"ListItem\",\"@id\":\"https:\\\/\\\/www.eldigitaldeasturias.com\\\/noticias\\\/category\\\/actualidad-asturias\\\/#listItem\",\"position\":2,\"name\":\"Actualidad Asturias\",\"item\":\"https:\\\/\\\/www.eldigitaldeasturias.com\\\/noticias\\\/category\\\/actualidad-asturias\\\/\",\"nextItem\":{\"@type\":\"ListItem\",\"@id\":\"https:\\\/\\\/www.eldigitaldeasturias.com\\\/noticias\\\/presentada-una-nueva-especie-de-invertebrados-marinos-hallada-en-asturias\\\/#listItem\",\"name\":\"Presentada una nueva especie de invertebrados marinos hallada en Asturias\"},\"previousItem\":{\"@type\":\"ListItem\",\"@id\":\"https:\\\/\\\/www.eldigitaldeasturias.com\\\/noticias#listItem\",\"name\":\"Home\"}},{\"@type\":\"ListItem\",\"@id\":\"https:\\\/\\\/www.eldigitaldeasturias.com\\\/noticias\\\/presentada-una-nueva-especie-de-invertebrados-marinos-hallada-en-asturias\\\/#listItem\",\"position\":3,\"name\":\"Presentada una nueva especie de invertebrados marinos hallada en Asturias\",\"previousItem\":{\"@type\":\"ListItem\",\"@id\":\"https:\\\/\\\/www.eldigitaldeasturias.com\\\/noticias\\\/category\\\/actualidad-asturias\\\/#listItem\",\"name\":\"Actualidad Asturias\"}}]},{\"@type\":\"Organization\",\"@id\":\"https:\\\/\\\/www.eldigitaldeasturias.com\\\/noticias\\\/#organization\",\"name\":\"El Digital de Asturias\",\"description\":\"Hemeroteca\",\"url\":\"https:\\\/\\\/www.eldigitaldeasturias.com\\\/noticias\\\/\",\"email\":\"info@eldigitaldeasturias.com\",\"telephone\":\"+34652131393\",\"logo\":{\"@type\":\"ImageObject\",\"url\":\"https:\\\/\\\/www.eldigitaldeasturias.com\\\/noticias\\\/wp-content\\\/uploads\\\/2020\\\/12\\\/EDA.jpg\",\"@id\":\"https:\\\/\\\/www.eldigitaldeasturias.com\\\/noticias\\\/presentada-una-nueva-especie-de-invertebrados-marinos-hallada-en-asturias\\\/#organizationLogo\",\"width\":649,\"height\":297},\"image\":{\"@id\":\"https:\\\/\\\/www.eldigitaldeasturias.com\\\/noticias\\\/presentada-una-nueva-especie-de-invertebrados-marinos-hallada-en-asturias\\\/#organizationLogo\"},\"sameAs\":[\"https:\\\/\\\/facebook.com\\\/eldigitaldeasturias\",\"https:\\\/\\\/www.youtube.com\\\/channel\\\/UCZP-2wLEB9Rv6erhFmqVnvg\"],\"address\":{\"@id\":\"https:\\\/\\\/www.eldigitaldeasturias.com\\\/noticias\\\/#postaladdress\",\"@type\":\"PostalAddress\",\"streetAddress\":\"san antonio 4,\",\"postalCode\":\"33430\",\"addressLocality\":\"Cand\\u00e1s\",\"addressRegion\":\"Asturias\",\"addressCountry\":\"ES\"}},{\"@type\":\"Person\",\"@id\":\"https:\\\/\\\/www.eldigitaldeasturias.com\\\/noticias\\\/author\\\/admin\\\/#author\",\"url\":\"https:\\\/\\\/www.eldigitaldeasturias.com\\\/noticias\\\/author\\\/admin\\\/\",\"name\":\"El Digital de Asturias\",\"image\":{\"@type\":\"ImageObject\",\"@id\":\"https:\\\/\\\/www.eldigitaldeasturias.com\\\/noticias\\\/presentada-una-nueva-especie-de-invertebrados-marinos-hallada-en-asturias\\\/#authorImage\",\"url\":\"https:\\\/\\\/www.eldigitaldeasturias.com\\\/noticias\\\/wp-content\\\/litespeed\\\/avatar\\\/18677e78aa0546b92d9dbf31ec7d7668.jpg?ver=1777290358\",\"width\":96,\"height\":96,\"caption\":\"El Digital de Asturias\"}},{\"@type\":\"WebPage\",\"@id\":\"https:\\\/\\\/www.eldigitaldeasturias.com\\\/noticias\\\/presentada-una-nueva-especie-de-invertebrados-marinos-hallada-en-asturias\\\/#webpage\",\"url\":\"https:\\\/\\\/www.eldigitaldeasturias.com\\\/noticias\\\/presentada-una-nueva-especie-de-invertebrados-marinos-hallada-en-asturias\\\/\",\"name\":\"Presentada una nueva especie de invertebrados marinos hallada en Asturias - El Digital de Asturias\",\"description\":\"El equipo de investigaci\\u00f3n del Museo del Jur\\u00e1sico de Asturias (Muja) y del Museo de Historia Natural de Luxemburgo han descrito una nueva especie\",\"inLanguage\":\"es-ES\",\"isPartOf\":{\"@id\":\"https:\\\/\\\/www.eldigitaldeasturias.com\\\/noticias\\\/#website\"},\"breadcrumb\":{\"@id\":\"https:\\\/\\\/www.eldigitaldeasturias.com\\\/noticias\\\/presentada-una-nueva-especie-de-invertebrados-marinos-hallada-en-asturias\\\/#breadcrumblist\"},\"author\":{\"@id\":\"https:\\\/\\\/www.eldigitaldeasturias.com\\\/noticias\\\/author\\\/admin\\\/#author\"},\"creator\":{\"@id\":\"https:\\\/\\\/www.eldigitaldeasturias.com\\\/noticias\\\/author\\\/admin\\\/#author\"},\"image\":{\"@type\":\"ImageObject\",\"url\":\"https:\\\/\\\/www.eldigitaldeasturias.com\\\/noticias\\\/wp-content\\\/uploads\\\/2023\\\/08\\\/nueva-especie-Asturias.jpg\",\"@id\":\"https:\\\/\\\/www.eldigitaldeasturias.com\\\/noticias\\\/presentada-una-nueva-especie-de-invertebrados-marinos-hallada-en-asturias\\\/#mainImage\",\"width\":890,\"height\":662,\"caption\":\"Foto: Prensa Gobierno de Asturias\"},\"primaryImageOfPage\":{\"@id\":\"https:\\\/\\\/www.eldigitaldeasturias.com\\\/noticias\\\/presentada-una-nueva-especie-de-invertebrados-marinos-hallada-en-asturias\\\/#mainImage\"},\"datePublished\":\"2023-08-23T15:39:48+02:00\",\"dateModified\":\"2023-08-23T15:40:14+02:00\"},{\"@type\":\"WebSite\",\"@id\":\"https:\\\/\\\/www.eldigitaldeasturias.com\\\/noticias\\\/#website\",\"url\":\"https:\\\/\\\/www.eldigitaldeasturias.com\\\/noticias\\\/\",\"name\":\"El Digital de Asturias - Diario de actualidad y noticias\",\"alternateName\":\"El Digital de Asturias - Diario de actualidad y noticias\",\"description\":\"Hemeroteca\",\"inLanguage\":\"es-ES\",\"publisher\":{\"@id\":\"https:\\\/\\\/www.eldigitaldeasturias.com\\\/noticias\\\/#organization\"}}]}\n\t\t<\/script>\n\t\t<!-- All in One SEO Pro -->\r\n\t\t<title>Presentada una nueva especie de invertebrados marinos hallada en Asturias - El Digital de Asturias<\/title>\n\n","aioseo_head_json":{"title":"Presentada una nueva especie de invertebrados marinos hallada en Asturias - El Digital de Asturias","description":"El equipo de investigaci\u00f3n del Museo del Jur\u00e1sico de Asturias (Muja) y del Museo de Historia Natural de Luxemburgo han descrito una nueva especie","canonical_url":"https:\/\/www.eldigitaldeasturias.com\/noticias\/presentada-una-nueva-especie-de-invertebrados-marinos-hallada-en-asturias\/","robots":"max-image-preview:large","keywords":"actualidad asturias,destacadas","webmasterTools":{"google-site-verification":"UA-38556648-1","msvalidate.01":"7dfe9f3f1b24437ab69f4f2559babe99","miscellaneous":""},"schema":{"@context":"https:\/\/schema.org","@graph":[{"@type":"BlogPosting","@id":"https:\/\/www.eldigitaldeasturias.com\/noticias\/presentada-una-nueva-especie-de-invertebrados-marinos-hallada-en-asturias\/#blogposting","name":"Presentada una nueva especie de invertebrados marinos hallada en Asturias - El Digital de Asturias","headline":"Presentada una nueva especie de invertebrados marinos hallada en Asturias","author":{"@id":"https:\/\/www.eldigitaldeasturias.com\/noticias\/author\/admin\/#author"},"publisher":{"@id":"https:\/\/www.eldigitaldeasturias.com\/noticias\/#organization"},"image":{"@type":"ImageObject","url":"https:\/\/www.eldigitaldeasturias.com\/noticias\/wp-content\/uploads\/2023\/08\/nueva-especie-Asturias.jpg","width":890,"height":662,"caption":"Foto: Prensa Gobierno de Asturias"},"datePublished":"2023-08-23T15:39:48+02:00","dateModified":"2023-08-23T15:40:14+02:00","inLanguage":"es-ES","mainEntityOfPage":{"@id":"https:\/\/www.eldigitaldeasturias.com\/noticias\/presentada-una-nueva-especie-de-invertebrados-marinos-hallada-en-asturias\/#webpage"},"isPartOf":{"@id":"https:\/\/www.eldigitaldeasturias.com\/noticias\/presentada-una-nueva-especie-de-invertebrados-marinos-hallada-en-asturias\/#webpage"},"articleSection":"Actualidad Asturias, Destacadas"},{"@type":"BreadcrumbList","@id":"https:\/\/www.eldigitaldeasturias.com\/noticias\/presentada-una-nueva-especie-de-invertebrados-marinos-hallada-en-asturias\/#breadcrumblist","itemListElement":[{"@type":"ListItem","@id":"https:\/\/www.eldigitaldeasturias.com\/noticias#listItem","position":1,"name":"Home","item":"https:\/\/www.eldigitaldeasturias.com\/noticias","nextItem":{"@type":"ListItem","@id":"https:\/\/www.eldigitaldeasturias.com\/noticias\/category\/actualidad-asturias\/#listItem","name":"Actualidad Asturias"}},{"@type":"ListItem","@id":"https:\/\/www.eldigitaldeasturias.com\/noticias\/category\/actualidad-asturias\/#listItem","position":2,"name":"Actualidad Asturias","item":"https:\/\/www.eldigitaldeasturias.com\/noticias\/category\/actualidad-asturias\/","nextItem":{"@type":"ListItem","@id":"https:\/\/www.eldigitaldeasturias.com\/noticias\/presentada-una-nueva-especie-de-invertebrados-marinos-hallada-en-asturias\/#listItem","name":"Presentada una nueva especie de invertebrados marinos hallada en Asturias"},"previousItem":{"@type":"ListItem","@id":"https:\/\/www.eldigitaldeasturias.com\/noticias#listItem","name":"Home"}},{"@type":"ListItem","@id":"https:\/\/www.eldigitaldeasturias.com\/noticias\/presentada-una-nueva-especie-de-invertebrados-marinos-hallada-en-asturias\/#listItem","position":3,"name":"Presentada una nueva especie de invertebrados marinos hallada en Asturias","previousItem":{"@type":"ListItem","@id":"https:\/\/www.eldigitaldeasturias.com\/noticias\/category\/actualidad-asturias\/#listItem","name":"Actualidad Asturias"}}]},{"@type":"Organization","@id":"https:\/\/www.eldigitaldeasturias.com\/noticias\/#organization","name":"El Digital de Asturias","description":"Hemeroteca","url":"https:\/\/www.eldigitaldeasturias.com\/noticias\/","email":"info@eldigitaldeasturias.com","telephone":"+34652131393","logo":{"@type":"ImageObject","url":"https:\/\/www.eldigitaldeasturias.com\/noticias\/wp-content\/uploads\/2020\/12\/EDA.jpg","@id":"https:\/\/www.eldigitaldeasturias.com\/noticias\/presentada-una-nueva-especie-de-invertebrados-marinos-hallada-en-asturias\/#organizationLogo","width":649,"height":297},"image":{"@id":"https:\/\/www.eldigitaldeasturias.com\/noticias\/presentada-una-nueva-especie-de-invertebrados-marinos-hallada-en-asturias\/#organizationLogo"},"sameAs":["https:\/\/facebook.com\/eldigitaldeasturias","https:\/\/www.youtube.com\/channel\/UCZP-2wLEB9Rv6erhFmqVnvg"],"address":{"@id":"https:\/\/www.eldigitaldeasturias.com\/noticias\/#postaladdress","@type":"PostalAddress","streetAddress":"san antonio 4,","postalCode":"33430","addressLocality":"Cand\u00e1s","addressRegion":"Asturias","addressCountry":"ES"}},{"@type":"Person","@id":"https:\/\/www.eldigitaldeasturias.com\/noticias\/author\/admin\/#author","url":"https:\/\/www.eldigitaldeasturias.com\/noticias\/author\/admin\/","name":"El Digital de Asturias","image":{"@type":"ImageObject","@id":"https:\/\/www.eldigitaldeasturias.com\/noticias\/presentada-una-nueva-especie-de-invertebrados-marinos-hallada-en-asturias\/#authorImage","url":"https:\/\/www.eldigitaldeasturias.com\/noticias\/wp-content\/litespeed\/avatar\/18677e78aa0546b92d9dbf31ec7d7668.jpg?ver=1777290358","width":96,"height":96,"caption":"El Digital de Asturias"}},{"@type":"WebPage","@id":"https:\/\/www.eldigitaldeasturias.com\/noticias\/presentada-una-nueva-especie-de-invertebrados-marinos-hallada-en-asturias\/#webpage","url":"https:\/\/www.eldigitaldeasturias.com\/noticias\/presentada-una-nueva-especie-de-invertebrados-marinos-hallada-en-asturias\/","name":"Presentada una nueva especie de invertebrados marinos hallada en Asturias - El Digital de Asturias","description":"El equipo de investigaci\u00f3n del Museo del Jur\u00e1sico de Asturias (Muja) y del Museo de Historia Natural de Luxemburgo han descrito una nueva especie","inLanguage":"es-ES","isPartOf":{"@id":"https:\/\/www.eldigitaldeasturias.com\/noticias\/#website"},"breadcrumb":{"@id":"https:\/\/www.eldigitaldeasturias.com\/noticias\/presentada-una-nueva-especie-de-invertebrados-marinos-hallada-en-asturias\/#breadcrumblist"},"author":{"@id":"https:\/\/www.eldigitaldeasturias.com\/noticias\/author\/admin\/#author"},"creator":{"@id":"https:\/\/www.eldigitaldeasturias.com\/noticias\/author\/admin\/#author"},"image":{"@type":"ImageObject","url":"https:\/\/www.eldigitaldeasturias.com\/noticias\/wp-content\/uploads\/2023\/08\/nueva-especie-Asturias.jpg","@id":"https:\/\/www.eldigitaldeasturias.com\/noticias\/presentada-una-nueva-especie-de-invertebrados-marinos-hallada-en-asturias\/#mainImage","width":890,"height":662,"caption":"Foto: Prensa Gobierno de Asturias"},"primaryImageOfPage":{"@id":"https:\/\/www.eldigitaldeasturias.com\/noticias\/presentada-una-nueva-especie-de-invertebrados-marinos-hallada-en-asturias\/#mainImage"},"datePublished":"2023-08-23T15:39:48+02:00","dateModified":"2023-08-23T15:40:14+02:00"},{"@type":"WebSite","@id":"https:\/\/www.eldigitaldeasturias.com\/noticias\/#website","url":"https:\/\/www.eldigitaldeasturias.com\/noticias\/","name":"El Digital de Asturias - Diario de actualidad y noticias","alternateName":"El Digital de Asturias - Diario de actualidad y noticias","description":"Hemeroteca","inLanguage":"es-ES","publisher":{"@id":"https:\/\/www.eldigitaldeasturias.com\/noticias\/#organization"}}]},"og:locale":"es_ES","og:site_name":"El Digital de Asturias","og:type":"article","og:title":"Presentada una nueva especie de invertebrados marinos hallada en Asturias - El Digital de Asturias","og:description":"El equipo de investigaci\u00f3n del Museo del Jur\u00e1sico de Asturias (Muja) y del Museo de Historia Natural de Luxemburgo han descrito una nueva especie","og:url":"https:\/\/www.eldigitaldeasturias.com\/noticias\/presentada-una-nueva-especie-de-invertebrados-marinos-hallada-en-asturias\/","og:image":"https:\/\/www.eldigitaldeasturias.com\/noticias\/wp-content\/uploads\/2023\/08\/nueva-especie-Asturias.jpg","og:image:secure_url":"https:\/\/www.eldigitaldeasturias.com\/noticias\/wp-content\/uploads\/2023\/08\/nueva-especie-Asturias.jpg","og:image:width":890,"og:image:height":662,"article:tag":["actualidad asturias","destacadas"],"article:published_time":"2023-08-23T13:39:48+00:00","article:modified_time":"2023-08-23T13:40:14+00:00","article:publisher":"https:\/\/facebook.com\/eldigitaldeasturias","twitter:card":"summary_large_image","twitter:title":"Presentada una nueva especie de invertebrados marinos hallada en Asturias - El Digital de Asturias","twitter:description":"El equipo de investigaci\u00f3n del Museo del Jur\u00e1sico de Asturias (Muja) y del Museo de Historia Natural de Luxemburgo han descrito una nueva especie","twitter:image":"https:\/\/www.eldigitaldeasturias.com\/noticias\/wp-content\/uploads\/2023\/08\/nueva-especie-Asturias.jpg","twitter:label1":"Escrito por","twitter:data1":"El Digital de Asturias","twitter:label2":"Tiempo de lectura estimado","twitter:data2":"3 minutos"},"aioseo_meta_data":{"post_id":"1124299","title":null,"description":"El equipo de investigaci\u00f3n del Museo del Jur\u00e1sico de Asturias (Muja) y del Museo de Historia Natural de Luxemburgo han descrito una nueva especie","keywords":[],"keyphrases":{"focus":{"keyphrase":"Asturias","score":100,"analysis":{"keyphraseInTitle":{"score":9,"maxScore":9,"error":0},"keyphraseInDescription":{"score":9,"maxScore":9,"error":0},"keyphraseLength":{"score":9,"maxScore":9,"error":0,"length":1},"keyphraseInURL":{"score":5,"maxScore":5,"error":0},"keyphraseInIntroduction":{"score":9,"maxScore":9,"error":0},"keyphraseInSubHeadings":[],"keyphraseInImageAlt":{"score":9,"maxScore":9,"error":0},"keywordDensity":{"type":"best","score":9,"maxScore":9,"error":0}}},"additional":[{"keyphrase":"nueva especie ","score":80,"analysis":{"keyphraseInDescription":{"score":9,"maxScore":9,"error":0},"keyphraseLength":{"score":9,"maxScore":9,"error":0,"length":2},"keyphraseInIntroduction":{"score":9,"maxScore":9,"error":0},"keyphraseInImageAlt":{"score":9,"maxScore":9,"error":0},"keywordDensity":{"score":0,"type":"low","maxScore":9,"error":1}}},{"keyphrase":"Asturias","score":100,"analysis":{"keyphraseInDescription":{"score":9,"maxScore":9,"error":0},"keyphraseLength":{"score":9,"maxScore":9,"error":0,"length":1},"keyphraseInIntroduction":{"score":9,"maxScore":9,"error":0},"keyphraseInImageAlt":{"score":9,"maxScore":9,"error":0},"keywordDensity":{"type":"best","score":9,"maxScore":9,"error":0}}}]},"primary_term":null,"canonical_url":null,"og_title":null,"og_description":null,"og_object_type":"default","og_image_type":"default","og_image_url":null,"og_image_width":null,"og_image_height":null,"og_image_custom_url":null,"og_image_custom_fields":null,"og_video":"","og_custom_url":null,"og_article_section":null,"og_article_tags":[],"twitter_use_og":false,"twitter_card":"default","twitter_image_type":"default","twitter_image_url":null,"twitter_image_custom_url":null,"twitter_image_custom_fields":null,"twitter_title":null,"twitter_description":null,"schema":{"blockGraphs":[],"customGraphs":[],"default":{"data":{"Article":[],"Course":[],"Dataset":[],"FAQPage":[],"Movie":[],"Person":[],"Product":[],"ProductReview":[],"Car":[],"Recipe":[],"Service":[],"SoftwareApplication":[],"WebPage":[]},"graphName":"BlogPosting","isEnabled":true},"graphs":[]},"schema_type":"default","schema_type_options":null,"pillar_content":false,"robots_default":true,"robots_noindex":false,"robots_noarchive":false,"robots_nosnippet":false,"robots_nofollow":false,"robots_noimageindex":false,"robots_noodp":false,"robots_notranslate":false,"robots_max_snippet":"-1","robots_max_videopreview":"-1","robots_max_imagepreview":"large","priority":null,"frequency":"default","local_seo":null,"seo_analyzer_scan_date":"2025-10-05 10:33:37","breadcrumb_settings":null,"limit_modified_date":false,"open_ai":"{\"title\":{\"suggestions\":[],\"usage\":0},\"description\":{\"suggestions\":[],\"usage\":0}}","ai":null,"created":"2023-08-23 13:28:28","updated":"2025-10-05 10:33:37"},"aioseo_breadcrumb":"<div class=\"aioseo-breadcrumbs\"><span class=\"aioseo-breadcrumb\">\n\t<a href=\"https:\/\/www.eldigitaldeasturias.com\/noticias\" title=\"Home\">Home<\/a>\n<\/span><span class=\"aioseo-breadcrumb-separator\">\u2013<\/span><span class=\"aioseo-breadcrumb\">\n\t<a href=\"https:\/\/www.eldigitaldeasturias.com\/noticias\/category\/actualidad-asturias\/\" title=\"Actualidad Asturias\">Actualidad Asturias<\/a>\n<\/span><span class=\"aioseo-breadcrumb-separator\">\u2013<\/span><span class=\"aioseo-breadcrumb\">\n\t<a href=\"https:\/\/www.eldigitaldeasturias.com\/noticias\/presentada-una-nueva-especie-de-invertebrados-marinos-hallada-en-asturias\/\" title=\"Presentada una nueva especie de invertebrados marinos hallada en Asturias\">Presentada una nueva especie de invertebrados marinos hallada en Asturias<\/a>\n<\/span><\/div>","aioseo_breadcrumb_json":[{"label":"Home","link":"https:\/\/www.eldigitaldeasturias.com\/noticias"},{"label":"Actualidad Asturias","link":"https:\/\/www.eldigitaldeasturias.com\/noticias\/category\/actualidad-asturias\/"},{"label":"Presentada una nueva especie de invertebrados marinos hallada en Asturias","link":"https:\/\/www.eldigitaldeasturias.com\/noticias\/presentada-una-nueva-especie-de-invertebrados-marinos-hallada-en-asturias\/"}],"_links":{"self":[{"href":"https:\/\/www.eldigitaldeasturias.com\/noticias\/wp-json\/wp\/v2\/posts\/1124299","targetHints":{"allow":["GET"]}}],"collection":[{"href":"https:\/\/www.eldigitaldeasturias.com\/noticias\/wp-json\/wp\/v2\/posts"}],"about":[{"href":"https:\/\/www.eldigitaldeasturias.com\/noticias\/wp-json\/wp\/v2\/types\/post"}],"author":[{"embeddable":true,"href":"https:\/\/www.eldigitaldeasturias.com\/noticias\/wp-json\/wp\/v2\/users\/1"}],"replies":[{"embeddable":true,"href":"https:\/\/www.eldigitaldeasturias.com\/noticias\/wp-json\/wp\/v2\/comments?post=1124299"}],"version-history":[{"count":0,"href":"https:\/\/www.eldigitaldeasturias.com\/noticias\/wp-json\/wp\/v2\/posts\/1124299\/revisions"}],"wp:featuredmedia":[{"embeddable":true,"href":"https:\/\/www.eldigitaldeasturias.com\/noticias\/wp-json\/wp\/v2\/media\/1124300"}],"wp:attachment":[{"href":"https:\/\/www.eldigitaldeasturias.com\/noticias\/wp-json\/wp\/v2\/media?parent=1124299"}],"wp:term":[{"taxonomy":"category","embeddable":true,"href":"https:\/\/www.eldigitaldeasturias.com\/noticias\/wp-json\/wp\/v2\/categories?post=1124299"},{"taxonomy":"post_tag","embeddable":true,"href":"https:\/\/www.eldigitaldeasturias.com\/noticias\/wp-json\/wp\/v2\/tags?post=1124299"}],"curies":[{"name":"wp","href":"https:\/\/api.w.org\/{rel}","templated":true}]}}