{"id":1123438,"date":"2023-07-31T07:53:12","date_gmt":"2023-07-31T05:53:12","guid":{"rendered":"https:\/\/www.eldigitaldeasturias.com\/noticias\/?p=1123438"},"modified":"2023-07-31T07:53:31","modified_gmt":"2023-07-31T05:53:31","slug":"reformas-de-viviendas-y-minipisos-con-inspiracion-al-cuadrado","status":"publish","type":"post","link":"https:\/\/www.eldigitaldeasturias.com\/noticias\/reformas-de-viviendas-y-minipisos-con-inspiracion-al-cuadrado\/","title":{"rendered":"Reformas de viviendas y minipisos con Inspiraci\u00f3n al Cuadrado"},"content":{"rendered":"<p>Las <strong>reformas de viviendas<\/strong>, pisos y oficinas est\u00e1n al alza, cada vez son m\u00e1s los propietarios que buscan <strong>confort, nuevos espacios y el asesoramiento de <a title=\"Inspiraci\u00f3n al Cuadrado\" href=\"https:\/\/www.inspiracionalcuadrado.es\/\" target=\"_blank\" rel=\"noopener\"><span style=\"color: #ff6600;\">Inspiraci\u00f3n al Cuadrado<\/span><\/a><\/strong>. El concepto de hogar o de lugar de trabajo ha evolucionado y actualmente son muchas las personas que trabajan desde casa, y tambi\u00e9n son muchas las que le dan m\u00e1s valor a <strong>las comodidades del hogar y a los espacios de ocio, ejercicio o descanso<\/strong>.<\/p>\n<p><img loading=\"lazy\" decoding=\"async\" class=\"aligncenter wp-image-1123441 size-full\" src=\"https:\/\/www.eldigitaldeasturias.com\/noticias\/wp-content\/uploads\/2023\/07\/Reformas-de-viviendas.jpg\" alt=\"Reformas de viviendas\" width=\"640\" height=\"480\" srcset=\"https:\/\/www.eldigitaldeasturias.com\/noticias\/wp-content\/uploads\/2023\/07\/Reformas-de-viviendas.jpg 640w, https:\/\/www.eldigitaldeasturias.com\/noticias\/wp-content\/uploads\/2023\/07\/Reformas-de-viviendas-360x270.jpg 360w, https:\/\/www.eldigitaldeasturias.com\/noticias\/wp-content\/uploads\/2023\/07\/Reformas-de-viviendas-400x300.jpg 400w, https:\/\/www.eldigitaldeasturias.com\/noticias\/wp-content\/uploads\/2023\/07\/Reformas-de-viviendas-150x113.jpg 150w, https:\/\/www.eldigitaldeasturias.com\/noticias\/wp-content\/uploads\/2023\/07\/Reformas-de-viviendas-450x338.jpg 450w\" sizes=\"auto, (max-width: 640px) 100vw, 640px\" \/><\/p>\n<p>Los ba\u00f1os, las cocinas, la b\u00fasqueda de nuevos materiales sostenibles, la iluminaci\u00f3n e incluso las terrazas o jardines cada d\u00eda son m\u00e1s importantes y necesarios para esas <strong>personas a las que realmente les gusta sentir y vivir su hogar<\/strong>. Una terraza bien aprovechada puede ofrecer muchas ventajas e incluso puede ser un l<strong>ugar perfecto para instalar muebles de exteriores<\/strong> en lo que se puedan guardar herramientas o accesorios que no son parte del d\u00eda a d\u00eda.<\/p>\n<blockquote><p>Las habitaciones tambi\u00e9n han cambiado y los ba\u00f1os y las cocinas hoy en d\u00eda ofrecen un mejor servicio y m\u00e1s seguridad a las personas.<\/p><\/blockquote>\n<h2>Un hogar mucho m\u00e1s personal<\/h2>\n<p>Con el paso de los a\u00f1os todos <strong>los hogares van necesitando cambios, obras y tareas de mantenimiento<\/strong>; pero tambi\u00e9n hay viviendas que van cambiando de propietarios y por tanto necesitan<strong> una reforma para convertirlos en un lugar m\u00e1s personal<\/strong>.<\/p>\n<p><img loading=\"lazy\" decoding=\"async\" class=\"aligncenter wp-image-1123440 size-full\" src=\"https:\/\/www.eldigitaldeasturias.com\/noticias\/wp-content\/uploads\/2023\/07\/reformas-banos.jpg\" alt=\"reformas ba\u00f1os\" width=\"640\" height=\"427\" srcset=\"https:\/\/www.eldigitaldeasturias.com\/noticias\/wp-content\/uploads\/2023\/07\/reformas-banos.jpg 640w, https:\/\/www.eldigitaldeasturias.com\/noticias\/wp-content\/uploads\/2023\/07\/reformas-banos-360x240.jpg 360w, https:\/\/www.eldigitaldeasturias.com\/noticias\/wp-content\/uploads\/2023\/07\/reformas-banos-450x300.jpg 450w, https:\/\/www.eldigitaldeasturias.com\/noticias\/wp-content\/uploads\/2023\/07\/reformas-banos-150x100.jpg 150w\" sizes=\"auto, (max-width: 640px) 100vw, 640px\" \/><\/p>\n<p>Los ba\u00f1os, la cocina e incluso el recibidor de una vivienda dicen mucho de las personas que viven en ella; <strong>antes de emprender cualquier tipo de reforma es muy \u00fatil contar con una <a title=\"calculadora de presupuesto de reformas online\" href=\"https:\/\/www.inspiracionalcuadrado.es\/calculadora-presupuestos\" target=\"_blank\" rel=\"noopener\"><span style=\"color: #ff6600;\">calculadora de presupuesto de reformas online<\/span><\/a><\/strong>; sus ventajas son muchas y de ese modo el precio de una obra o reforma se ajustar\u00e1 realmente al presupuesto disponible.<\/p>\n<blockquote><p>Reformar un hogar y realizar obras es m\u00e1s sencillo cuando se cuenta con expertos y profesionales que realmente sepan ofrecer a los propietarios aquello que buscan.<\/p><\/blockquote>\n<h2>Crear calidad de vida<\/h2>\n<p>A la hora de <strong>realizar una <a title=\"reforma de minipiso\" href=\"https:\/\/www.inspiracionalcuadrado.es\/reforma-y-decoracion-de-mini-piso-en-madrid\" target=\"_blank\" rel=\"noopener\"><span style=\"color: #ff6600;\">reforma de minipiso<\/span><\/a> es necesario contar con profesionales que ofrezcan soluciones, propuestas y nuevas ideas<\/strong> para contar con un espacio mucho m\u00e1s acogedor y m\u00e1s funcional; el concepto de familia ha cambiado, las necesidades de las personas son diferentes, y <strong>las viviendas ya no se miden \u00fanicamente por el tama\u00f1o, se miden por la calidad de vida que aportan<\/strong>\u00a0y por los servicios con los cuentan.<\/p>\n<p>Una vivienda peque\u00f1a,<strong> minipiso<\/strong>, puede ser ideal<strong> para personas mayores, solteras, parejas que se van a vivir juntas o incluso para profesionales que desean trabajar, crear y descansar en una casa<\/strong> en la que s\u00ed puedan tener todo lo necesario y en la que no tengan que dedicar mucho tiempo a la limpieza, a ordenar habitaciones y con la que adem\u00e1s tambi\u00e9n puedan <strong>ahorrar en gastos de calefacci\u00f3n o aire acondicionado<\/strong>.<\/p>\n<p>Las grandes viviendas para personas que viven solas o en pareja muchas veces acaban siendo casas con espacios vacios y poco utilizados, <strong>hoy en d\u00eda un minipiso ofrece ventajas, comodidad y ahorro, es sin duda una opci\u00f3n muy interesante para personas que quieran tener un hogar acogedor, funcional y realmente \u00fatil para su estilo de vida.<\/strong><\/p>\n<p><img loading=\"lazy\" decoding=\"async\" class=\"aligncenter wp-image-1123439 size-full\" src=\"https:\/\/www.eldigitaldeasturias.com\/noticias\/wp-content\/uploads\/2023\/07\/viviendas.jpg\" alt=\"viviendas\" width=\"640\" height=\"441\" srcset=\"https:\/\/www.eldigitaldeasturias.com\/noticias\/wp-content\/uploads\/2023\/07\/viviendas.jpg 640w, https:\/\/www.eldigitaldeasturias.com\/noticias\/wp-content\/uploads\/2023\/07\/viviendas-360x248.jpg 360w, https:\/\/www.eldigitaldeasturias.com\/noticias\/wp-content\/uploads\/2023\/07\/viviendas-435x300.jpg 435w, https:\/\/www.eldigitaldeasturias.com\/noticias\/wp-content\/uploads\/2023\/07\/viviendas-150x103.jpg 150w, https:\/\/www.eldigitaldeasturias.com\/noticias\/wp-content\/uploads\/2023\/07\/viviendas-450x310.jpg 450w\" sizes=\"auto, (max-width: 640px) 100vw, 640px\" \/><\/p>\n<h2>Nuevas tendencias<\/h2>\n<p>Ba\u00f1os modernos, terrazas para cualquier \u00e9poca del a\u00f1o, habitaciones para los m\u00e1s peque\u00f1os de la casa, estancias para el trabajo o los estudios e incluso cuartos de invitados han ido evolucionado durante los \u00faltimos a\u00f1os.<\/p>\n<p>Hoy en d\u00eda hay <strong>personas que desean combinar diferentes estilos de decoraci\u00f3n<\/strong>, y tambi\u00e9n hay personas a las que les gusta tener un <strong>ba\u00f1o personalizado<\/strong> o una cocina equipada con todo lo necesario para <strong>cocinar y saborear la vida<\/strong>; las famosas <strong>cocinas americanas<\/strong> o las <strong>cocinas que conecten con el comedor de la casa<\/strong> son objeto de deseo de muchas personas; cada persona tiene sus gustos, necesidades y preferencias, de ah\u00ed la importancia de trabajar mano a mano con expertos para darle forma a ese hogar so\u00f1ado y deseado.<\/p>\n<h2>Asesoramiento personalizado<\/h2>\n<p><strong>Una reforma<\/strong> y cualquier obra que se quiera realizar en la casa o segunda residencia <strong>hay que planificarla con tiempo<\/strong>; para evitar que las obras se alarguen m\u00e1s de lo deseado y <strong>para que las ideas se conviertan en realidades<\/strong> es necesario contar con asesoramiento profesional y personalizado; <strong>en Inspiraci\u00f3n al Cuadrado te ofrecen un servicio profesiona<\/strong>l, aportar\u00e1n ideas, te ayudar\u00e1n a elegir los m\u00e1s modernos materiales y adem\u00e1s tambi\u00e9n cuentan con expertos que te aconsejar\u00e1n a la hora de elegir el mobiliario de la casa.<\/p>\n<p>Reformar, pintar paredes, cambiar y adaptar cuartos de ba\u00f1o o tener nuevos espacios para disfrutar de la casa y contar con dormitorios en los que el descanso sea una realidad es una opci\u00f3n a tu alcance.<\/p>\n<p><strong>Hoy en d\u00eda crear hogar es m\u00e1s sencillo gracias a la empresa que te hemos mencionado<\/strong>, sus trabajos y las <strong>buenas valoraciones y referencias de sus cliente<\/strong>s le han convertido en todo un referente del sector. <strong>\u00bfDeseas darle una nueva vida o un nuevo uso a tu casa? Accede a inspiracionalcuadrado.es y descubre todo lo que pueden hacer por ti.<\/strong><\/p>\n","protected":false},"excerpt":{"rendered":"<p>Las reformas de viviendas, pisos y oficinas est\u00e1n al alza, cada vez son m\u00e1s los propietarios que buscan confort, nuevos espacios y el asesoramiento de Inspiraci\u00f3n al Cuadrado. El concepto de hogar o de lugar de trabajo ha evolucionado y actualmente son muchas las personas que trabajan desde casa, y tambi\u00e9n son muchas las que [&hellip;]<\/p>\n","protected":false},"author":1,"featured_media":1123441,"comment_status":"closed","ping_status":"closed","sticky":false,"template":"","format":"standard","meta":{"footnotes":""},"categories":[219],"tags":[],"class_list":["post-1123438","post","type-post","status-publish","format-standard","has-post-thumbnail","hentry","category-negocios-y-empresas"],"aioseo_notices":[],"aioseo_head":"\n\t\t<!-- All in One SEO Pro 4.9.6.2 - aioseo.com -->\n\t<meta name=\"description\" content=\"Las reformas de viviendas, pisos y oficinas est\u00e1n al alza, cada vez son m\u00e1s los propietarios que buscan confort, nuevos espacios y el asesoramiento de\" \/>\n\t<meta name=\"robots\" content=\"max-image-preview:large\" \/>\n\t<meta name=\"author\" content=\"El Digital de Asturias\"\/>\n\t<meta name=\"google-site-verification\" content=\"UA-38556648-1\" \/>\n\t<meta name=\"msvalidate.01\" content=\"7dfe9f3f1b24437ab69f4f2559babe99\" \/>\n\t<meta name=\"keywords\" content=\"negocios y empresas\" \/>\n\t<link rel=\"canonical\" href=\"https:\/\/www.eldigitaldeasturias.com\/noticias\/reformas-de-viviendas-y-minipisos-con-inspiracion-al-cuadrado\/\" \/>\n\t<meta name=\"generator\" content=\"All in One SEO Pro (AIOSEO) 4.9.6.2\" \/>\n\t\t<meta property=\"og:locale\" content=\"es_ES\" \/>\n\t\t<meta property=\"og:site_name\" content=\"El Digital de Asturias\" \/>\n\t\t<meta property=\"og:type\" content=\"article\" \/>\n\t\t<meta property=\"og:title\" content=\"Reformas de viviendas y minipisos con Inspiraci\u00f3n al Cuadrado - El Digital de Asturias\" \/>\n\t\t<meta property=\"og:description\" content=\"Las reformas de viviendas, pisos y oficinas est\u00e1n al alza, cada vez son m\u00e1s los propietarios que buscan confort, nuevos espacios y el asesoramiento de\" \/>\n\t\t<meta property=\"og:url\" content=\"https:\/\/www.eldigitaldeasturias.com\/noticias\/reformas-de-viviendas-y-minipisos-con-inspiracion-al-cuadrado\/\" \/>\n\t\t<meta property=\"og:image\" content=\"https:\/\/www.eldigitaldeasturias.com\/noticias\/wp-content\/uploads\/2023\/07\/Reformas-de-viviendas.jpg\" \/>\n\t\t<meta property=\"og:image:secure_url\" content=\"https:\/\/www.eldigitaldeasturias.com\/noticias\/wp-content\/uploads\/2023\/07\/Reformas-de-viviendas.jpg\" \/>\n\t\t<meta property=\"og:image:width\" content=\"640\" \/>\n\t\t<meta property=\"og:image:height\" content=\"480\" \/>\n\t\t<meta property=\"article:tag\" content=\"negocios y empresas\" \/>\n\t\t<meta property=\"article:published_time\" content=\"2023-07-31T05:53:12+00:00\" \/>\n\t\t<meta property=\"article:modified_time\" content=\"2023-07-31T05:53:31+00:00\" \/>\n\t\t<meta property=\"article:publisher\" content=\"https:\/\/facebook.com\/eldigitaldeasturias\" \/>\n\t\t<meta name=\"twitter:card\" content=\"summary_large_image\" \/>\n\t\t<meta name=\"twitter:title\" content=\"Reformas de viviendas y minipisos con Inspiraci\u00f3n al Cuadrado - El Digital de Asturias\" \/>\n\t\t<meta name=\"twitter:description\" content=\"Las reformas de viviendas, pisos y oficinas est\u00e1n al alza, cada vez son m\u00e1s los propietarios que buscan confort, nuevos espacios y el asesoramiento de\" \/>\n\t\t<meta name=\"twitter:image\" content=\"https:\/\/www.eldigitaldeasturias.com\/noticias\/wp-content\/uploads\/2023\/07\/Reformas-de-viviendas.jpg\" \/>\n\t\t<meta name=\"twitter:label1\" content=\"Escrito por\" \/>\n\t\t<meta name=\"twitter:data1\" content=\"El Digital de Asturias\" \/>\n\t\t<meta name=\"twitter:label2\" content=\"Tiempo de lectura estimado\" \/>\n\t\t<meta name=\"twitter:data2\" content=\"4 minutos\" \/>\n\t\t<script type=\"application\/ld+json\" class=\"aioseo-schema\">\n\t\t\t{\"@context\":\"https:\\\/\\\/schema.org\",\"@graph\":[{\"@type\":\"BlogPosting\",\"@id\":\"https:\\\/\\\/www.eldigitaldeasturias.com\\\/noticias\\\/reformas-de-viviendas-y-minipisos-con-inspiracion-al-cuadrado\\\/#blogposting\",\"name\":\"Reformas de viviendas y minipisos con Inspiraci\\u00f3n al Cuadrado - El Digital de Asturias\",\"headline\":\"Reformas de viviendas y minipisos con Inspiraci\\u00f3n al Cuadrado\",\"author\":{\"@id\":\"https:\\\/\\\/www.eldigitaldeasturias.com\\\/noticias\\\/author\\\/admin\\\/#author\"},\"publisher\":{\"@id\":\"https:\\\/\\\/www.eldigitaldeasturias.com\\\/noticias\\\/#organization\"},\"image\":{\"@type\":\"ImageObject\",\"url\":\"https:\\\/\\\/www.eldigitaldeasturias.com\\\/noticias\\\/wp-content\\\/uploads\\\/2023\\\/07\\\/Reformas-de-viviendas.jpg\",\"width\":640,\"height\":480,\"caption\":\"Reformas de viviendas\"},\"datePublished\":\"2023-07-31T07:53:12+02:00\",\"dateModified\":\"2023-07-31T07:53:31+02:00\",\"inLanguage\":\"es-ES\",\"mainEntityOfPage\":{\"@id\":\"https:\\\/\\\/www.eldigitaldeasturias.com\\\/noticias\\\/reformas-de-viviendas-y-minipisos-con-inspiracion-al-cuadrado\\\/#webpage\"},\"isPartOf\":{\"@id\":\"https:\\\/\\\/www.eldigitaldeasturias.com\\\/noticias\\\/reformas-de-viviendas-y-minipisos-con-inspiracion-al-cuadrado\\\/#webpage\"},\"articleSection\":\"Negocios y Empresas\"},{\"@type\":\"BreadcrumbList\",\"@id\":\"https:\\\/\\\/www.eldigitaldeasturias.com\\\/noticias\\\/reformas-de-viviendas-y-minipisos-con-inspiracion-al-cuadrado\\\/#breadcrumblist\",\"itemListElement\":[{\"@type\":\"ListItem\",\"@id\":\"https:\\\/\\\/www.eldigitaldeasturias.com\\\/noticias#listItem\",\"position\":1,\"name\":\"Home\",\"item\":\"https:\\\/\\\/www.eldigitaldeasturias.com\\\/noticias\",\"nextItem\":{\"@type\":\"ListItem\",\"@id\":\"https:\\\/\\\/www.eldigitaldeasturias.com\\\/noticias\\\/category\\\/negocios-y-empresas\\\/#listItem\",\"name\":\"Negocios y Empresas\"}},{\"@type\":\"ListItem\",\"@id\":\"https:\\\/\\\/www.eldigitaldeasturias.com\\\/noticias\\\/category\\\/negocios-y-empresas\\\/#listItem\",\"position\":2,\"name\":\"Negocios y Empresas\",\"item\":\"https:\\\/\\\/www.eldigitaldeasturias.com\\\/noticias\\\/category\\\/negocios-y-empresas\\\/\",\"nextItem\":{\"@type\":\"ListItem\",\"@id\":\"https:\\\/\\\/www.eldigitaldeasturias.com\\\/noticias\\\/reformas-de-viviendas-y-minipisos-con-inspiracion-al-cuadrado\\\/#listItem\",\"name\":\"Reformas de viviendas y minipisos con Inspiraci\\u00f3n al Cuadrado\"},\"previousItem\":{\"@type\":\"ListItem\",\"@id\":\"https:\\\/\\\/www.eldigitaldeasturias.com\\\/noticias#listItem\",\"name\":\"Home\"}},{\"@type\":\"ListItem\",\"@id\":\"https:\\\/\\\/www.eldigitaldeasturias.com\\\/noticias\\\/reformas-de-viviendas-y-minipisos-con-inspiracion-al-cuadrado\\\/#listItem\",\"position\":3,\"name\":\"Reformas de viviendas y minipisos con Inspiraci\\u00f3n al Cuadrado\",\"previousItem\":{\"@type\":\"ListItem\",\"@id\":\"https:\\\/\\\/www.eldigitaldeasturias.com\\\/noticias\\\/category\\\/negocios-y-empresas\\\/#listItem\",\"name\":\"Negocios y Empresas\"}}]},{\"@type\":\"Organization\",\"@id\":\"https:\\\/\\\/www.eldigitaldeasturias.com\\\/noticias\\\/#organization\",\"name\":\"El Digital de Asturias\",\"description\":\"Hemeroteca\",\"url\":\"https:\\\/\\\/www.eldigitaldeasturias.com\\\/noticias\\\/\",\"email\":\"info@eldigitaldeasturias.com\",\"telephone\":\"+34652131393\",\"logo\":{\"@type\":\"ImageObject\",\"url\":\"https:\\\/\\\/www.eldigitaldeasturias.com\\\/noticias\\\/wp-content\\\/uploads\\\/2020\\\/12\\\/EDA.jpg\",\"@id\":\"https:\\\/\\\/www.eldigitaldeasturias.com\\\/noticias\\\/reformas-de-viviendas-y-minipisos-con-inspiracion-al-cuadrado\\\/#organizationLogo\",\"width\":649,\"height\":297},\"image\":{\"@id\":\"https:\\\/\\\/www.eldigitaldeasturias.com\\\/noticias\\\/reformas-de-viviendas-y-minipisos-con-inspiracion-al-cuadrado\\\/#organizationLogo\"},\"sameAs\":[\"https:\\\/\\\/facebook.com\\\/eldigitaldeasturias\",\"https:\\\/\\\/www.youtube.com\\\/channel\\\/UCZP-2wLEB9Rv6erhFmqVnvg\"],\"address\":{\"@id\":\"https:\\\/\\\/www.eldigitaldeasturias.com\\\/noticias\\\/#postaladdress\",\"@type\":\"PostalAddress\",\"streetAddress\":\"san antonio 4,\",\"postalCode\":\"33430\",\"addressLocality\":\"Cand\\u00e1s\",\"addressRegion\":\"Asturias\",\"addressCountry\":\"ES\"}},{\"@type\":\"Person\",\"@id\":\"https:\\\/\\\/www.eldigitaldeasturias.com\\\/noticias\\\/author\\\/admin\\\/#author\",\"url\":\"https:\\\/\\\/www.eldigitaldeasturias.com\\\/noticias\\\/author\\\/admin\\\/\",\"name\":\"El Digital de Asturias\",\"image\":{\"@type\":\"ImageObject\",\"@id\":\"https:\\\/\\\/www.eldigitaldeasturias.com\\\/noticias\\\/reformas-de-viviendas-y-minipisos-con-inspiracion-al-cuadrado\\\/#authorImage\",\"url\":\"https:\\\/\\\/www.eldigitaldeasturias.com\\\/noticias\\\/wp-content\\\/litespeed\\\/avatar\\\/18677e78aa0546b92d9dbf31ec7d7668.jpg?ver=1777290358\",\"width\":96,\"height\":96,\"caption\":\"El Digital de Asturias\"}},{\"@type\":\"WebPage\",\"@id\":\"https:\\\/\\\/www.eldigitaldeasturias.com\\\/noticias\\\/reformas-de-viviendas-y-minipisos-con-inspiracion-al-cuadrado\\\/#webpage\",\"url\":\"https:\\\/\\\/www.eldigitaldeasturias.com\\\/noticias\\\/reformas-de-viviendas-y-minipisos-con-inspiracion-al-cuadrado\\\/\",\"name\":\"Reformas de viviendas y minipisos con Inspiraci\\u00f3n al Cuadrado - El Digital de Asturias\",\"description\":\"Las reformas de viviendas, pisos y oficinas est\\u00e1n al alza, cada vez son m\\u00e1s los propietarios que buscan confort, nuevos espacios y el asesoramiento de\",\"inLanguage\":\"es-ES\",\"isPartOf\":{\"@id\":\"https:\\\/\\\/www.eldigitaldeasturias.com\\\/noticias\\\/#website\"},\"breadcrumb\":{\"@id\":\"https:\\\/\\\/www.eldigitaldeasturias.com\\\/noticias\\\/reformas-de-viviendas-y-minipisos-con-inspiracion-al-cuadrado\\\/#breadcrumblist\"},\"author\":{\"@id\":\"https:\\\/\\\/www.eldigitaldeasturias.com\\\/noticias\\\/author\\\/admin\\\/#author\"},\"creator\":{\"@id\":\"https:\\\/\\\/www.eldigitaldeasturias.com\\\/noticias\\\/author\\\/admin\\\/#author\"},\"image\":{\"@type\":\"ImageObject\",\"url\":\"https:\\\/\\\/www.eldigitaldeasturias.com\\\/noticias\\\/wp-content\\\/uploads\\\/2023\\\/07\\\/Reformas-de-viviendas.jpg\",\"@id\":\"https:\\\/\\\/www.eldigitaldeasturias.com\\\/noticias\\\/reformas-de-viviendas-y-minipisos-con-inspiracion-al-cuadrado\\\/#mainImage\",\"width\":640,\"height\":480,\"caption\":\"Reformas de viviendas\"},\"primaryImageOfPage\":{\"@id\":\"https:\\\/\\\/www.eldigitaldeasturias.com\\\/noticias\\\/reformas-de-viviendas-y-minipisos-con-inspiracion-al-cuadrado\\\/#mainImage\"},\"datePublished\":\"2023-07-31T07:53:12+02:00\",\"dateModified\":\"2023-07-31T07:53:31+02:00\"},{\"@type\":\"WebSite\",\"@id\":\"https:\\\/\\\/www.eldigitaldeasturias.com\\\/noticias\\\/#website\",\"url\":\"https:\\\/\\\/www.eldigitaldeasturias.com\\\/noticias\\\/\",\"name\":\"El Digital de Asturias - Diario de actualidad y noticias\",\"alternateName\":\"El Digital de Asturias - Diario de actualidad y noticias\",\"description\":\"Hemeroteca\",\"inLanguage\":\"es-ES\",\"publisher\":{\"@id\":\"https:\\\/\\\/www.eldigitaldeasturias.com\\\/noticias\\\/#organization\"}}]}\n\t\t<\/script>\n\t\t<!-- All in One SEO Pro -->\r\n\t\t<title>Reformas de viviendas y minipisos con Inspiraci\u00f3n al Cuadrado - El Digital de Asturias<\/title>\n\n","aioseo_head_json":{"title":"Reformas de viviendas y minipisos con Inspiraci\u00f3n al Cuadrado - El Digital de Asturias","description":"Las reformas de viviendas, pisos y oficinas est\u00e1n al alza, cada vez son m\u00e1s los propietarios que buscan confort, nuevos espacios y el asesoramiento de","canonical_url":"https:\/\/www.eldigitaldeasturias.com\/noticias\/reformas-de-viviendas-y-minipisos-con-inspiracion-al-cuadrado\/","robots":"max-image-preview:large","keywords":"negocios y empresas","webmasterTools":{"google-site-verification":"UA-38556648-1","msvalidate.01":"7dfe9f3f1b24437ab69f4f2559babe99","miscellaneous":""},"schema":{"@context":"https:\/\/schema.org","@graph":[{"@type":"BlogPosting","@id":"https:\/\/www.eldigitaldeasturias.com\/noticias\/reformas-de-viviendas-y-minipisos-con-inspiracion-al-cuadrado\/#blogposting","name":"Reformas de viviendas y minipisos con Inspiraci\u00f3n al Cuadrado - El Digital de Asturias","headline":"Reformas de viviendas y minipisos con Inspiraci\u00f3n al Cuadrado","author":{"@id":"https:\/\/www.eldigitaldeasturias.com\/noticias\/author\/admin\/#author"},"publisher":{"@id":"https:\/\/www.eldigitaldeasturias.com\/noticias\/#organization"},"image":{"@type":"ImageObject","url":"https:\/\/www.eldigitaldeasturias.com\/noticias\/wp-content\/uploads\/2023\/07\/Reformas-de-viviendas.jpg","width":640,"height":480,"caption":"Reformas de viviendas"},"datePublished":"2023-07-31T07:53:12+02:00","dateModified":"2023-07-31T07:53:31+02:00","inLanguage":"es-ES","mainEntityOfPage":{"@id":"https:\/\/www.eldigitaldeasturias.com\/noticias\/reformas-de-viviendas-y-minipisos-con-inspiracion-al-cuadrado\/#webpage"},"isPartOf":{"@id":"https:\/\/www.eldigitaldeasturias.com\/noticias\/reformas-de-viviendas-y-minipisos-con-inspiracion-al-cuadrado\/#webpage"},"articleSection":"Negocios y Empresas"},{"@type":"BreadcrumbList","@id":"https:\/\/www.eldigitaldeasturias.com\/noticias\/reformas-de-viviendas-y-minipisos-con-inspiracion-al-cuadrado\/#breadcrumblist","itemListElement":[{"@type":"ListItem","@id":"https:\/\/www.eldigitaldeasturias.com\/noticias#listItem","position":1,"name":"Home","item":"https:\/\/www.eldigitaldeasturias.com\/noticias","nextItem":{"@type":"ListItem","@id":"https:\/\/www.eldigitaldeasturias.com\/noticias\/category\/negocios-y-empresas\/#listItem","name":"Negocios y Empresas"}},{"@type":"ListItem","@id":"https:\/\/www.eldigitaldeasturias.com\/noticias\/category\/negocios-y-empresas\/#listItem","position":2,"name":"Negocios y Empresas","item":"https:\/\/www.eldigitaldeasturias.com\/noticias\/category\/negocios-y-empresas\/","nextItem":{"@type":"ListItem","@id":"https:\/\/www.eldigitaldeasturias.com\/noticias\/reformas-de-viviendas-y-minipisos-con-inspiracion-al-cuadrado\/#listItem","name":"Reformas de viviendas y minipisos con Inspiraci\u00f3n al Cuadrado"},"previousItem":{"@type":"ListItem","@id":"https:\/\/www.eldigitaldeasturias.com\/noticias#listItem","name":"Home"}},{"@type":"ListItem","@id":"https:\/\/www.eldigitaldeasturias.com\/noticias\/reformas-de-viviendas-y-minipisos-con-inspiracion-al-cuadrado\/#listItem","position":3,"name":"Reformas de viviendas y minipisos con Inspiraci\u00f3n al Cuadrado","previousItem":{"@type":"ListItem","@id":"https:\/\/www.eldigitaldeasturias.com\/noticias\/category\/negocios-y-empresas\/#listItem","name":"Negocios y Empresas"}}]},{"@type":"Organization","@id":"https:\/\/www.eldigitaldeasturias.com\/noticias\/#organization","name":"El Digital de Asturias","description":"Hemeroteca","url":"https:\/\/www.eldigitaldeasturias.com\/noticias\/","email":"info@eldigitaldeasturias.com","telephone":"+34652131393","logo":{"@type":"ImageObject","url":"https:\/\/www.eldigitaldeasturias.com\/noticias\/wp-content\/uploads\/2020\/12\/EDA.jpg","@id":"https:\/\/www.eldigitaldeasturias.com\/noticias\/reformas-de-viviendas-y-minipisos-con-inspiracion-al-cuadrado\/#organizationLogo","width":649,"height":297},"image":{"@id":"https:\/\/www.eldigitaldeasturias.com\/noticias\/reformas-de-viviendas-y-minipisos-con-inspiracion-al-cuadrado\/#organizationLogo"},"sameAs":["https:\/\/facebook.com\/eldigitaldeasturias","https:\/\/www.youtube.com\/channel\/UCZP-2wLEB9Rv6erhFmqVnvg"],"address":{"@id":"https:\/\/www.eldigitaldeasturias.com\/noticias\/#postaladdress","@type":"PostalAddress","streetAddress":"san antonio 4,","postalCode":"33430","addressLocality":"Cand\u00e1s","addressRegion":"Asturias","addressCountry":"ES"}},{"@type":"Person","@id":"https:\/\/www.eldigitaldeasturias.com\/noticias\/author\/admin\/#author","url":"https:\/\/www.eldigitaldeasturias.com\/noticias\/author\/admin\/","name":"El Digital de Asturias","image":{"@type":"ImageObject","@id":"https:\/\/www.eldigitaldeasturias.com\/noticias\/reformas-de-viviendas-y-minipisos-con-inspiracion-al-cuadrado\/#authorImage","url":"https:\/\/www.eldigitaldeasturias.com\/noticias\/wp-content\/litespeed\/avatar\/18677e78aa0546b92d9dbf31ec7d7668.jpg?ver=1777290358","width":96,"height":96,"caption":"El Digital de Asturias"}},{"@type":"WebPage","@id":"https:\/\/www.eldigitaldeasturias.com\/noticias\/reformas-de-viviendas-y-minipisos-con-inspiracion-al-cuadrado\/#webpage","url":"https:\/\/www.eldigitaldeasturias.com\/noticias\/reformas-de-viviendas-y-minipisos-con-inspiracion-al-cuadrado\/","name":"Reformas de viviendas y minipisos con Inspiraci\u00f3n al Cuadrado - El Digital de Asturias","description":"Las reformas de viviendas, pisos y oficinas est\u00e1n al alza, cada vez son m\u00e1s los propietarios que buscan confort, nuevos espacios y el asesoramiento de","inLanguage":"es-ES","isPartOf":{"@id":"https:\/\/www.eldigitaldeasturias.com\/noticias\/#website"},"breadcrumb":{"@id":"https:\/\/www.eldigitaldeasturias.com\/noticias\/reformas-de-viviendas-y-minipisos-con-inspiracion-al-cuadrado\/#breadcrumblist"},"author":{"@id":"https:\/\/www.eldigitaldeasturias.com\/noticias\/author\/admin\/#author"},"creator":{"@id":"https:\/\/www.eldigitaldeasturias.com\/noticias\/author\/admin\/#author"},"image":{"@type":"ImageObject","url":"https:\/\/www.eldigitaldeasturias.com\/noticias\/wp-content\/uploads\/2023\/07\/Reformas-de-viviendas.jpg","@id":"https:\/\/www.eldigitaldeasturias.com\/noticias\/reformas-de-viviendas-y-minipisos-con-inspiracion-al-cuadrado\/#mainImage","width":640,"height":480,"caption":"Reformas de viviendas"},"primaryImageOfPage":{"@id":"https:\/\/www.eldigitaldeasturias.com\/noticias\/reformas-de-viviendas-y-minipisos-con-inspiracion-al-cuadrado\/#mainImage"},"datePublished":"2023-07-31T07:53:12+02:00","dateModified":"2023-07-31T07:53:31+02:00"},{"@type":"WebSite","@id":"https:\/\/www.eldigitaldeasturias.com\/noticias\/#website","url":"https:\/\/www.eldigitaldeasturias.com\/noticias\/","name":"El Digital de Asturias - Diario de actualidad y noticias","alternateName":"El Digital de Asturias - Diario de actualidad y noticias","description":"Hemeroteca","inLanguage":"es-ES","publisher":{"@id":"https:\/\/www.eldigitaldeasturias.com\/noticias\/#organization"}}]},"og:locale":"es_ES","og:site_name":"El Digital de Asturias","og:type":"article","og:title":"Reformas de viviendas y minipisos con Inspiraci\u00f3n al Cuadrado - El Digital de Asturias","og:description":"Las reformas de viviendas, pisos y oficinas est\u00e1n al alza, cada vez son m\u00e1s los propietarios que buscan confort, nuevos espacios y el asesoramiento de","og:url":"https:\/\/www.eldigitaldeasturias.com\/noticias\/reformas-de-viviendas-y-minipisos-con-inspiracion-al-cuadrado\/","og:image":"https:\/\/www.eldigitaldeasturias.com\/noticias\/wp-content\/uploads\/2023\/07\/Reformas-de-viviendas.jpg","og:image:secure_url":"https:\/\/www.eldigitaldeasturias.com\/noticias\/wp-content\/uploads\/2023\/07\/Reformas-de-viviendas.jpg","og:image:width":640,"og:image:height":480,"article:tag":["negocios y empresas"],"article:published_time":"2023-07-31T05:53:12+00:00","article:modified_time":"2023-07-31T05:53:31+00:00","article:publisher":"https:\/\/facebook.com\/eldigitaldeasturias","twitter:card":"summary_large_image","twitter:title":"Reformas de viviendas y minipisos con Inspiraci\u00f3n al Cuadrado - El Digital de Asturias","twitter:description":"Las reformas de viviendas, pisos y oficinas est\u00e1n al alza, cada vez son m\u00e1s los propietarios que buscan confort, nuevos espacios y el asesoramiento de","twitter:image":"https:\/\/www.eldigitaldeasturias.com\/noticias\/wp-content\/uploads\/2023\/07\/Reformas-de-viviendas.jpg","twitter:label1":"Escrito por","twitter:data1":"El Digital de Asturias","twitter:label2":"Tiempo de lectura estimado","twitter:data2":"4 minutos"},"aioseo_meta_data":{"post_id":"1123438","title":null,"description":"Las reformas de viviendas, pisos y oficinas est\u00e1n al alza, cada vez son m\u00e1s los propietarios que buscan confort, nuevos espacios y el asesoramiento de","keywords":[],"keyphrases":{"focus":{"keyphrase":"reformas","score":90,"analysis":{"keyphraseInTitle":{"score":9,"maxScore":9,"error":0},"keyphraseInDescription":{"score":9,"maxScore":9,"error":0},"keyphraseLength":{"score":9,"maxScore":9,"error":0,"length":1},"keyphraseInURL":{"score":5,"maxScore":5,"error":0},"keyphraseInIntroduction":{"score":9,"maxScore":9,"error":0},"keyphraseInSubHeadings":{"score":3,"maxScore":9,"error":1},"keyphraseInImageAlt":{"score":9,"maxScore":9,"error":0}}},"additional":[{"keyphrase":"reformas de viviendas","score":100,"analysis":{"keyphraseInDescription":{"score":9,"maxScore":9,"error":0},"keyphraseLength":{"score":9,"maxScore":9,"error":0,"length":3},"keyphraseInIntroduction":{"score":9,"maxScore":9,"error":0},"keyphraseInImageAlt":{"score":9,"maxScore":9,"error":0}}},{"keyphrase":"viviendas","score":100,"analysis":{"keyphraseInDescription":{"score":9,"maxScore":9,"error":0},"keyphraseLength":{"score":9,"maxScore":9,"error":0,"length":1},"keyphraseInIntroduction":{"score":9,"maxScore":9,"error":0},"keyphraseInImageAlt":{"score":9,"maxScore":9,"error":0}}},{"keyphrase":"reformas ","score":100,"analysis":{"keyphraseInDescription":{"score":9,"maxScore":9,"error":0},"keyphraseLength":{"score":9,"maxScore":9,"error":0,"length":1},"keyphraseInIntroduction":{"score":9,"maxScore":9,"error":0},"keyphraseInImageAlt":{"score":9,"maxScore":9,"error":0}}}]},"primary_term":null,"canonical_url":null,"og_title":null,"og_description":null,"og_object_type":"default","og_image_type":"default","og_image_url":null,"og_image_width":null,"og_image_height":null,"og_image_custom_url":null,"og_image_custom_fields":null,"og_video":"","og_custom_url":null,"og_article_section":null,"og_article_tags":[],"twitter_use_og":false,"twitter_card":"default","twitter_image_type":"default","twitter_image_url":null,"twitter_image_custom_url":null,"twitter_image_custom_fields":null,"twitter_title":null,"twitter_description":null,"schema":{"blockGraphs":[],"customGraphs":[],"default":{"data":{"Article":[],"Course":[],"Dataset":[],"FAQPage":[],"Movie":[],"Person":[],"Product":[],"ProductReview":[],"Car":[],"Recipe":[],"Service":[],"SoftwareApplication":[],"WebPage":[]},"graphName":"BlogPosting","isEnabled":true},"graphs":[]},"schema_type":"default","schema_type_options":null,"pillar_content":false,"robots_default":true,"robots_noindex":false,"robots_noarchive":false,"robots_nosnippet":false,"robots_nofollow":false,"robots_noimageindex":false,"robots_noodp":false,"robots_notranslate":false,"robots_max_snippet":"-1","robots_max_videopreview":"-1","robots_max_imagepreview":"large","priority":null,"frequency":"default","local_seo":null,"seo_analyzer_scan_date":"2025-10-05 07:32:20","breadcrumb_settings":null,"limit_modified_date":false,"open_ai":"{\"title\":{\"suggestions\":[],\"usage\":0},\"description\":{\"suggestions\":[],\"usage\":0}}","ai":null,"created":"2023-07-31 05:07:53","updated":"2025-10-05 07:32:20"},"aioseo_breadcrumb":"<div class=\"aioseo-breadcrumbs\"><span class=\"aioseo-breadcrumb\">\n\t<a href=\"https:\/\/www.eldigitaldeasturias.com\/noticias\" title=\"Home\">Home<\/a>\n<\/span><span class=\"aioseo-breadcrumb-separator\">\u2013<\/span><span class=\"aioseo-breadcrumb\">\n\t<a href=\"https:\/\/www.eldigitaldeasturias.com\/noticias\/category\/negocios-y-empresas\/\" title=\"Negocios y Empresas\">Negocios y Empresas<\/a>\n<\/span><span class=\"aioseo-breadcrumb-separator\">\u2013<\/span><span class=\"aioseo-breadcrumb\">\n\t<a href=\"https:\/\/www.eldigitaldeasturias.com\/noticias\/reformas-de-viviendas-y-minipisos-con-inspiracion-al-cuadrado\/\" title=\"Reformas de viviendas y minipisos con Inspiraci\u00f3n al Cuadrado\">Reformas de viviendas y minipisos con Inspiraci\u00f3n al Cuadrado<\/a>\n<\/span><\/div>","aioseo_breadcrumb_json":[{"label":"Home","link":"https:\/\/www.eldigitaldeasturias.com\/noticias"},{"label":"Negocios y Empresas","link":"https:\/\/www.eldigitaldeasturias.com\/noticias\/category\/negocios-y-empresas\/"},{"label":"Reformas de viviendas y minipisos con Inspiraci\u00f3n al Cuadrado","link":"https:\/\/www.eldigitaldeasturias.com\/noticias\/reformas-de-viviendas-y-minipisos-con-inspiracion-al-cuadrado\/"}],"_links":{"self":[{"href":"https:\/\/www.eldigitaldeasturias.com\/noticias\/wp-json\/wp\/v2\/posts\/1123438","targetHints":{"allow":["GET"]}}],"collection":[{"href":"https:\/\/www.eldigitaldeasturias.com\/noticias\/wp-json\/wp\/v2\/posts"}],"about":[{"href":"https:\/\/www.eldigitaldeasturias.com\/noticias\/wp-json\/wp\/v2\/types\/post"}],"author":[{"embeddable":true,"href":"https:\/\/www.eldigitaldeasturias.com\/noticias\/wp-json\/wp\/v2\/users\/1"}],"replies":[{"embeddable":true,"href":"https:\/\/www.eldigitaldeasturias.com\/noticias\/wp-json\/wp\/v2\/comments?post=1123438"}],"version-history":[{"count":0,"href":"https:\/\/www.eldigitaldeasturias.com\/noticias\/wp-json\/wp\/v2\/posts\/1123438\/revisions"}],"wp:featuredmedia":[{"embeddable":true,"href":"https:\/\/www.eldigitaldeasturias.com\/noticias\/wp-json\/wp\/v2\/media\/1123441"}],"wp:attachment":[{"href":"https:\/\/www.eldigitaldeasturias.com\/noticias\/wp-json\/wp\/v2\/media?parent=1123438"}],"wp:term":[{"taxonomy":"category","embeddable":true,"href":"https:\/\/www.eldigitaldeasturias.com\/noticias\/wp-json\/wp\/v2\/categories?post=1123438"},{"taxonomy":"post_tag","embeddable":true,"href":"https:\/\/www.eldigitaldeasturias.com\/noticias\/wp-json\/wp\/v2\/tags?post=1123438"}],"curies":[{"name":"wp","href":"https:\/\/api.w.org\/{rel}","templated":true}]}}