{"id":1123353,"date":"2023-07-24T12:57:07","date_gmt":"2023-07-24T10:57:07","guid":{"rendered":"https:\/\/www.eldigitaldeasturias.com\/noticias\/?p=1123353"},"modified":"2023-07-24T12:57:07","modified_gmt":"2023-07-24T10:57:07","slug":"ayuda-a-mejorar-la-productividad-laboral-de-tu-empresa","status":"publish","type":"post","link":"https:\/\/www.eldigitaldeasturias.com\/noticias\/ayuda-a-mejorar-la-productividad-laboral-de-tu-empresa\/","title":{"rendered":"Ayuda a mejorar la productividad laboral de tu empresa"},"content":{"rendered":"<p><span style=\"font-weight: 400;\">En el vertiginoso modelo productivo actual, donde la competitividad y la velocidad son imperativos ineludibles, la gesti\u00f3n eficiente del tiempo se posiciona como uno de los pilares fundamentales para alcanzar niveles sobresalientes de rendimiento. La capacidad de priorizar tareas, establecer objetivos claros, promover la cohesi\u00f3n del equipo y fomentar la <\/span><span style=\"color: #ff6600;\"><strong><a style=\"color: #ff6600;\" href=\"https:\/\/www.sesamehr.es\/blog\/importancia-flexibilidad-laboral\/\" target=\"_blank\" rel=\"noopener\">flexibilidad laboral<\/a><\/strong><\/span><span style=\"font-weight: 400;\">, junto con la formaci\u00f3n continua y la motivaci\u00f3n, son piezas clave en el rompecabezas de la optimizaci\u00f3n del tiempo en el entorno laboral. En este art\u00edculo, analizaremos diversas estrategias para mejorar la eficiencia y c\u00f3mo cada una de ellas puede contribuir a forjar un ambiente de trabajo satisfactorio para todos as\u00ed como estimular la <\/span><strong><span style=\"color: #ff6600;\"><a style=\"color: #ff6600;\" href=\"https:\/\/www.sesamehr.es\/guias\/productividad-laboral-de-los-empleados-como-mejorarla-la-guia-practica-mas-completa\/\" target=\"_blank\" rel=\"noopener\">productividad laboral<\/a><\/span><\/strong><span style=\"font-weight: 400;\">. \u00a1Presta atenci\u00f3n!<\/span><\/p>\n<p><img loading=\"lazy\" decoding=\"async\" class=\"aligncenter wp-image-1123354 size-full\" src=\"https:\/\/www.eldigitaldeasturias.com\/noticias\/wp-content\/uploads\/2023\/07\/competitividad-empresa.jpg\" alt=\"competitividad empresa\" width=\"640\" height=\"424\" srcset=\"https:\/\/www.eldigitaldeasturias.com\/noticias\/wp-content\/uploads\/2023\/07\/competitividad-empresa.jpg 640w, https:\/\/www.eldigitaldeasturias.com\/noticias\/wp-content\/uploads\/2023\/07\/competitividad-empresa-360x239.jpg 360w, https:\/\/www.eldigitaldeasturias.com\/noticias\/wp-content\/uploads\/2023\/07\/competitividad-empresa-453x300.jpg 453w, https:\/\/www.eldigitaldeasturias.com\/noticias\/wp-content\/uploads\/2023\/07\/competitividad-empresa-150x99.jpg 150w, https:\/\/www.eldigitaldeasturias.com\/noticias\/wp-content\/uploads\/2023\/07\/competitividad-empresa-450x298.jpg 450w\" sizes=\"auto, (max-width: 640px) 100vw, 640px\" \/><\/p>\n<h2><b>Priorizar tareas urgentes e importantes<\/b><\/h2>\n<p><span style=\"font-weight: 400;\">La sabidur\u00eda de distinguir entre lo urgente y lo importante es una habilidad esencial en la gesti\u00f3n del tiempo. Es fundamental identificar aquellas tareas que requieren una atenci\u00f3n inmediata, sin descuidar aquellas que tienen un impacto significativo en los resultados a largo plazo. La matriz de Eisenhower, que clasifica las tareas en cuatro cuadrantes (urgente e importante, importante pero no urgente, urgente pero no importante, ni urgente ni importante), se erige como una herramienta valiosa para esta tarea. Al abordar primero las tareas clave y de alta prioridad, se puede evitar la sensaci\u00f3n de estar siempre apagando incendios y se gana una visi\u00f3n m\u00e1s clara de los objetivos a largo plazo.<\/span><\/p>\n<h2><b>Utilizar un gestor de tareas para contar el tiempo de las actividades<\/b><\/h2>\n<p><span style=\"font-weight: 400;\">La tecnolog\u00eda nos ofrece una amplia gama de herramientas para optimizar nuestra gesti\u00f3n del tiempo. Los gestores de tareas, aplicaciones y software de seguimiento del tiempo son recursos valiosos para monitorizar la dedicaci\u00f3n a diferentes actividades y proyectos. Estas herramientas permiten identificar cuellos de botella, eliminar ineficiencias y fomentar una mayor responsabilidad personal en el cumplimiento de plazos y metas establecidas.<\/span><\/p>\n<h2><b>Trabajar por objetivos<\/b><\/h2>\n<p><span style=\"font-weight: 400;\">Establecer metas claras es la br\u00fajula que orienta el esfuerzo hacia una direcci\u00f3n concreta. Al desglosar los objetivos en metas a corto, medio y largo plazo, se puede crear un enfoque estrat\u00e9gico que, a su vez, favorece una mayor organizaci\u00f3n y eficacia en el trabajo diario. Establecer objetivos individuales y grupales tambi\u00e9n promueve la colaboraci\u00f3n y el esp\u00edritu de equipo, ya que cada miembro contribuye con sus habilidades particulares al logro de los resultados.<\/span><\/p>\n<h2><b>Cohesi\u00f3n del equipo<\/b><\/h2>\n<p><span style=\"font-weight: 400;\">En lugar de fomentar la competencia interna, es preciso estimular un ambiente de trabajo donde la colaboraci\u00f3n y el apoyo mutuo sean el motor de la productividad. La sinergia generada por un equipo cohesionado, donde cada miembro se siente valorado y escuchado, se traduce en resultados m\u00e1s s\u00f3lidos y una atm\u00f3sfera laboral m\u00e1s enriquecedora. Adem\u00e1s, es vital que los l\u00edderes establezcan canales de comunicaci\u00f3n abiertos y promuevan la empat\u00eda y el respeto entre todos los integrantes del equipo.<\/span><\/p>\n<h2><b>Flexibilidad laboral y teletrabajo<\/b><\/h2>\n<p><span style=\"font-weight: 400;\">La adaptabilidad es una virtud que no solo beneficia a los empleados, sino tambi\u00e9n a las empresas. Ofrecer opciones de flexibilidad horaria y la posibilidad de trabajar de forma remota permite a los trabajadores gestionar su tiempo de manera m\u00e1s eficiente y armonizar su vida personal con la profesional. Sin embargo, es fundamental establecer l\u00edmites claros y asegurarse de que estas medidas no comprometan la colaboraci\u00f3n y la efectividad del equipo.<\/span><\/p>\n<h2><b>Formaci\u00f3n continua<\/b><\/h2>\n<p><span style=\"font-weight: 400;\">En un entorno laboral en constante evoluci\u00f3n, la formaci\u00f3n continua es un requisito esencial para mantenerse relevante y competitivo. Identificar las necesidades de capacitaci\u00f3n y proporcionar cursos y oportunidades de reciclaje contribuye a mejorar la eficiencia y la calidad del trabajo realizado. La inversi\u00f3n en el desarrollo profesional de los empleados no solo favorece su crecimiento personal, sino que tambi\u00e9n se traduce en un aumento de la productividad y la innovaci\u00f3n dentro de la organizaci\u00f3n.<\/span><\/p>\n<h2><b>Motivaci\u00f3n y desarrollo profesional<\/b><\/h2>\n<p><span style=\"font-weight: 400;\">Un equipo motivado es un equipo comprometido con el \u00e9xito de la empresa. Mantener a los empleados entusiasmados y comprometidos con proyectos estimulantes y desafiantes es una estrategia clave para mejorar la productividad. Adem\u00e1s, ofrecer oportunidades de desarrollo profesional y crecimiento dentro de la organizaci\u00f3n promueve la retenci\u00f3n del talento y evita la p\u00e9rdida de empleados valiosos.<\/span><\/p>\n<h2><b>Descansos peri\u00f3dicos durante la jornada<\/b><\/h2>\n<p><span style=\"font-weight: 400;\">El agotamiento y la fatiga pueden minar la concentraci\u00f3n y la eficiencia laboral. Permitir pausas breves y regulares durante la jornada de trabajo ofrece a los empleados la oportunidad de recargar energ\u00edas y revitalizar su enfoque. Estos momentos de descanso son ideales para desconectar y regresar al trabajo con una perspectiva renovada, lo que puede llevar a resultados m\u00e1s creativos y una mayor productividad.<\/span><\/p>\n<p><span style=\"font-weight: 400;\">En definitiva, la gesti\u00f3n del tiempo en el trabajo es un arte que requiere pr\u00e1ctica y disciplina. Al implementar estrategias para priorizar tareas, establecer objetivos, fomentar la colaboraci\u00f3n, ofrecer flexibilidad laboral, invertir en formaci\u00f3n continua, mantener la motivaci\u00f3n y promover descansos regulares, se puede forjar un ambiente laboral m\u00e1s productivo y gratificante para todos los involucrados. La combinaci\u00f3n de estas medidas no solo mejora la eficiencia individual y colectiva, sino que tambi\u00e9n contribuye a un crecimiento sostenible y un futuro pr\u00f3spero para la empresa. La gesti\u00f3n del tiempo eficiente es, sin lugar a dudas, el cimiento sobre el cual se construye el \u00e9xito empresarial en la era digital.<\/span><\/p>\n","protected":false},"excerpt":{"rendered":"<p>En el vertiginoso modelo productivo actual, donde la competitividad y la velocidad son imperativos ineludibles, la gesti\u00f3n eficiente del tiempo se posiciona como uno de los pilares fundamentales para alcanzar niveles sobresalientes de rendimiento. La capacidad de priorizar tareas, establecer objetivos claros, promover la cohesi\u00f3n del equipo y fomentar la flexibilidad laboral, junto con la [&hellip;]<\/p>\n","protected":false},"author":1,"featured_media":1123354,"comment_status":"closed","ping_status":"closed","sticky":false,"template":"","format":"standard","meta":{"footnotes":""},"categories":[219],"tags":[],"class_list":["post-1123353","post","type-post","status-publish","format-standard","has-post-thumbnail","hentry","category-negocios-y-empresas"],"aioseo_notices":[],"aioseo_head":"\n\t\t<!-- All in One SEO Pro 4.9.6.2 - aioseo.com -->\n\t<meta name=\"description\" content=\"En el vertiginoso modelo productivo actual, donde la competitividad y la velocidad son imperativos ineludibles, la gesti\u00f3n eficiente del tiempo se posiciona\" \/>\n\t<meta name=\"robots\" content=\"max-image-preview:large\" \/>\n\t<meta name=\"author\" content=\"El Digital de Asturias\"\/>\n\t<meta name=\"google-site-verification\" content=\"UA-38556648-1\" \/>\n\t<meta name=\"msvalidate.01\" content=\"7dfe9f3f1b24437ab69f4f2559babe99\" \/>\n\t<meta name=\"keywords\" content=\"negocios y empresas\" \/>\n\t<link rel=\"canonical\" href=\"https:\/\/www.eldigitaldeasturias.com\/noticias\/ayuda-a-mejorar-la-productividad-laboral-de-tu-empresa\/\" \/>\n\t<meta name=\"generator\" content=\"All in One SEO Pro (AIOSEO) 4.9.6.2\" \/>\n\t\t<meta property=\"og:locale\" content=\"es_ES\" \/>\n\t\t<meta property=\"og:site_name\" content=\"El Digital de Asturias\" \/>\n\t\t<meta property=\"og:type\" content=\"article\" \/>\n\t\t<meta property=\"og:title\" content=\"Ayuda a mejorar la productividad laboral de tu empresa - El Digital de Asturias\" \/>\n\t\t<meta property=\"og:description\" content=\"En el vertiginoso modelo productivo actual, donde la competitividad y la velocidad son imperativos ineludibles, la gesti\u00f3n eficiente del tiempo se posiciona\" \/>\n\t\t<meta property=\"og:url\" content=\"https:\/\/www.eldigitaldeasturias.com\/noticias\/ayuda-a-mejorar-la-productividad-laboral-de-tu-empresa\/\" \/>\n\t\t<meta property=\"og:image\" content=\"https:\/\/www.eldigitaldeasturias.com\/noticias\/wp-content\/uploads\/2023\/07\/competitividad-empresa.jpg\" \/>\n\t\t<meta property=\"og:image:secure_url\" content=\"https:\/\/www.eldigitaldeasturias.com\/noticias\/wp-content\/uploads\/2023\/07\/competitividad-empresa.jpg\" \/>\n\t\t<meta property=\"og:image:width\" content=\"640\" \/>\n\t\t<meta property=\"og:image:height\" content=\"424\" \/>\n\t\t<meta property=\"article:tag\" content=\"negocios y empresas\" \/>\n\t\t<meta property=\"article:published_time\" content=\"2023-07-24T10:57:07+00:00\" \/>\n\t\t<meta property=\"article:modified_time\" content=\"2023-07-24T10:57:07+00:00\" \/>\n\t\t<meta property=\"article:publisher\" content=\"https:\/\/facebook.com\/eldigitaldeasturias\" \/>\n\t\t<meta name=\"twitter:card\" content=\"summary_large_image\" \/>\n\t\t<meta name=\"twitter:title\" content=\"Ayuda a mejorar la productividad laboral de tu empresa - El Digital de Asturias\" \/>\n\t\t<meta name=\"twitter:description\" content=\"En el vertiginoso modelo productivo actual, donde la competitividad y la velocidad son imperativos ineludibles, la gesti\u00f3n eficiente del tiempo se posiciona\" \/>\n\t\t<meta name=\"twitter:image\" content=\"https:\/\/www.eldigitaldeasturias.com\/noticias\/wp-content\/uploads\/2023\/07\/competitividad-empresa.jpg\" \/>\n\t\t<meta name=\"twitter:label1\" content=\"Escrito por\" \/>\n\t\t<meta name=\"twitter:data1\" content=\"El Digital de Asturias\" \/>\n\t\t<meta name=\"twitter:label2\" content=\"Tiempo de lectura estimado\" \/>\n\t\t<meta name=\"twitter:data2\" content=\"5 minutos\" \/>\n\t\t<script type=\"application\/ld+json\" class=\"aioseo-schema\">\n\t\t\t{\"@context\":\"https:\\\/\\\/schema.org\",\"@graph\":[{\"@type\":\"BlogPosting\",\"@id\":\"https:\\\/\\\/www.eldigitaldeasturias.com\\\/noticias\\\/ayuda-a-mejorar-la-productividad-laboral-de-tu-empresa\\\/#blogposting\",\"name\":\"Ayuda a mejorar la productividad laboral de tu empresa - El Digital de Asturias\",\"headline\":\"Ayuda a mejorar la productividad laboral de tu empresa\",\"author\":{\"@id\":\"https:\\\/\\\/www.eldigitaldeasturias.com\\\/noticias\\\/author\\\/admin\\\/#author\"},\"publisher\":{\"@id\":\"https:\\\/\\\/www.eldigitaldeasturias.com\\\/noticias\\\/#organization\"},\"image\":{\"@type\":\"ImageObject\",\"url\":\"https:\\\/\\\/www.eldigitaldeasturias.com\\\/noticias\\\/wp-content\\\/uploads\\\/2023\\\/07\\\/competitividad-empresa.jpg\",\"width\":640,\"height\":424,\"caption\":\"competitividad empresa\"},\"datePublished\":\"2023-07-24T12:57:07+02:00\",\"dateModified\":\"2023-07-24T12:57:07+02:00\",\"inLanguage\":\"es-ES\",\"mainEntityOfPage\":{\"@id\":\"https:\\\/\\\/www.eldigitaldeasturias.com\\\/noticias\\\/ayuda-a-mejorar-la-productividad-laboral-de-tu-empresa\\\/#webpage\"},\"isPartOf\":{\"@id\":\"https:\\\/\\\/www.eldigitaldeasturias.com\\\/noticias\\\/ayuda-a-mejorar-la-productividad-laboral-de-tu-empresa\\\/#webpage\"},\"articleSection\":\"Negocios y Empresas\"},{\"@type\":\"BreadcrumbList\",\"@id\":\"https:\\\/\\\/www.eldigitaldeasturias.com\\\/noticias\\\/ayuda-a-mejorar-la-productividad-laboral-de-tu-empresa\\\/#breadcrumblist\",\"itemListElement\":[{\"@type\":\"ListItem\",\"@id\":\"https:\\\/\\\/www.eldigitaldeasturias.com\\\/noticias#listItem\",\"position\":1,\"name\":\"Home\",\"item\":\"https:\\\/\\\/www.eldigitaldeasturias.com\\\/noticias\",\"nextItem\":{\"@type\":\"ListItem\",\"@id\":\"https:\\\/\\\/www.eldigitaldeasturias.com\\\/noticias\\\/category\\\/negocios-y-empresas\\\/#listItem\",\"name\":\"Negocios y Empresas\"}},{\"@type\":\"ListItem\",\"@id\":\"https:\\\/\\\/www.eldigitaldeasturias.com\\\/noticias\\\/category\\\/negocios-y-empresas\\\/#listItem\",\"position\":2,\"name\":\"Negocios y Empresas\",\"item\":\"https:\\\/\\\/www.eldigitaldeasturias.com\\\/noticias\\\/category\\\/negocios-y-empresas\\\/\",\"nextItem\":{\"@type\":\"ListItem\",\"@id\":\"https:\\\/\\\/www.eldigitaldeasturias.com\\\/noticias\\\/ayuda-a-mejorar-la-productividad-laboral-de-tu-empresa\\\/#listItem\",\"name\":\"Ayuda a mejorar la productividad laboral de tu empresa\"},\"previousItem\":{\"@type\":\"ListItem\",\"@id\":\"https:\\\/\\\/www.eldigitaldeasturias.com\\\/noticias#listItem\",\"name\":\"Home\"}},{\"@type\":\"ListItem\",\"@id\":\"https:\\\/\\\/www.eldigitaldeasturias.com\\\/noticias\\\/ayuda-a-mejorar-la-productividad-laboral-de-tu-empresa\\\/#listItem\",\"position\":3,\"name\":\"Ayuda a mejorar la productividad laboral de tu empresa\",\"previousItem\":{\"@type\":\"ListItem\",\"@id\":\"https:\\\/\\\/www.eldigitaldeasturias.com\\\/noticias\\\/category\\\/negocios-y-empresas\\\/#listItem\",\"name\":\"Negocios y Empresas\"}}]},{\"@type\":\"Organization\",\"@id\":\"https:\\\/\\\/www.eldigitaldeasturias.com\\\/noticias\\\/#organization\",\"name\":\"El Digital de Asturias\",\"description\":\"Hemeroteca\",\"url\":\"https:\\\/\\\/www.eldigitaldeasturias.com\\\/noticias\\\/\",\"email\":\"info@eldigitaldeasturias.com\",\"telephone\":\"+34652131393\",\"logo\":{\"@type\":\"ImageObject\",\"url\":\"https:\\\/\\\/www.eldigitaldeasturias.com\\\/noticias\\\/wp-content\\\/uploads\\\/2020\\\/12\\\/EDA.jpg\",\"@id\":\"https:\\\/\\\/www.eldigitaldeasturias.com\\\/noticias\\\/ayuda-a-mejorar-la-productividad-laboral-de-tu-empresa\\\/#organizationLogo\",\"width\":649,\"height\":297},\"image\":{\"@id\":\"https:\\\/\\\/www.eldigitaldeasturias.com\\\/noticias\\\/ayuda-a-mejorar-la-productividad-laboral-de-tu-empresa\\\/#organizationLogo\"},\"sameAs\":[\"https:\\\/\\\/facebook.com\\\/eldigitaldeasturias\",\"https:\\\/\\\/www.youtube.com\\\/channel\\\/UCZP-2wLEB9Rv6erhFmqVnvg\"],\"address\":{\"@id\":\"https:\\\/\\\/www.eldigitaldeasturias.com\\\/noticias\\\/#postaladdress\",\"@type\":\"PostalAddress\",\"streetAddress\":\"san antonio 4,\",\"postalCode\":\"33430\",\"addressLocality\":\"Cand\\u00e1s\",\"addressRegion\":\"Asturias\",\"addressCountry\":\"ES\"}},{\"@type\":\"Person\",\"@id\":\"https:\\\/\\\/www.eldigitaldeasturias.com\\\/noticias\\\/author\\\/admin\\\/#author\",\"url\":\"https:\\\/\\\/www.eldigitaldeasturias.com\\\/noticias\\\/author\\\/admin\\\/\",\"name\":\"El Digital de Asturias\",\"image\":{\"@type\":\"ImageObject\",\"@id\":\"https:\\\/\\\/www.eldigitaldeasturias.com\\\/noticias\\\/ayuda-a-mejorar-la-productividad-laboral-de-tu-empresa\\\/#authorImage\",\"url\":\"https:\\\/\\\/www.eldigitaldeasturias.com\\\/noticias\\\/wp-content\\\/litespeed\\\/avatar\\\/18677e78aa0546b92d9dbf31ec7d7668.jpg?ver=1777290358\",\"width\":96,\"height\":96,\"caption\":\"El Digital de Asturias\"}},{\"@type\":\"WebPage\",\"@id\":\"https:\\\/\\\/www.eldigitaldeasturias.com\\\/noticias\\\/ayuda-a-mejorar-la-productividad-laboral-de-tu-empresa\\\/#webpage\",\"url\":\"https:\\\/\\\/www.eldigitaldeasturias.com\\\/noticias\\\/ayuda-a-mejorar-la-productividad-laboral-de-tu-empresa\\\/\",\"name\":\"Ayuda a mejorar la productividad laboral de tu empresa - El Digital de Asturias\",\"description\":\"En el vertiginoso modelo productivo actual, donde la competitividad y la velocidad son imperativos ineludibles, la gesti\\u00f3n eficiente del tiempo se posiciona\",\"inLanguage\":\"es-ES\",\"isPartOf\":{\"@id\":\"https:\\\/\\\/www.eldigitaldeasturias.com\\\/noticias\\\/#website\"},\"breadcrumb\":{\"@id\":\"https:\\\/\\\/www.eldigitaldeasturias.com\\\/noticias\\\/ayuda-a-mejorar-la-productividad-laboral-de-tu-empresa\\\/#breadcrumblist\"},\"author\":{\"@id\":\"https:\\\/\\\/www.eldigitaldeasturias.com\\\/noticias\\\/author\\\/admin\\\/#author\"},\"creator\":{\"@id\":\"https:\\\/\\\/www.eldigitaldeasturias.com\\\/noticias\\\/author\\\/admin\\\/#author\"},\"image\":{\"@type\":\"ImageObject\",\"url\":\"https:\\\/\\\/www.eldigitaldeasturias.com\\\/noticias\\\/wp-content\\\/uploads\\\/2023\\\/07\\\/competitividad-empresa.jpg\",\"@id\":\"https:\\\/\\\/www.eldigitaldeasturias.com\\\/noticias\\\/ayuda-a-mejorar-la-productividad-laboral-de-tu-empresa\\\/#mainImage\",\"width\":640,\"height\":424,\"caption\":\"competitividad empresa\"},\"primaryImageOfPage\":{\"@id\":\"https:\\\/\\\/www.eldigitaldeasturias.com\\\/noticias\\\/ayuda-a-mejorar-la-productividad-laboral-de-tu-empresa\\\/#mainImage\"},\"datePublished\":\"2023-07-24T12:57:07+02:00\",\"dateModified\":\"2023-07-24T12:57:07+02:00\"},{\"@type\":\"WebSite\",\"@id\":\"https:\\\/\\\/www.eldigitaldeasturias.com\\\/noticias\\\/#website\",\"url\":\"https:\\\/\\\/www.eldigitaldeasturias.com\\\/noticias\\\/\",\"name\":\"El Digital de Asturias - Diario de actualidad y noticias\",\"alternateName\":\"El Digital de Asturias - Diario de actualidad y noticias\",\"description\":\"Hemeroteca\",\"inLanguage\":\"es-ES\",\"publisher\":{\"@id\":\"https:\\\/\\\/www.eldigitaldeasturias.com\\\/noticias\\\/#organization\"}}]}\n\t\t<\/script>\n\t\t<!-- All in One SEO Pro -->\r\n\t\t<title>Ayuda a mejorar la productividad laboral de tu empresa - El Digital de Asturias<\/title>\n\n","aioseo_head_json":{"title":"Ayuda a mejorar la productividad laboral de tu empresa - El Digital de Asturias","description":"En el vertiginoso modelo productivo actual, donde la competitividad y la velocidad son imperativos ineludibles, la gesti\u00f3n eficiente del tiempo se posiciona","canonical_url":"https:\/\/www.eldigitaldeasturias.com\/noticias\/ayuda-a-mejorar-la-productividad-laboral-de-tu-empresa\/","robots":"max-image-preview:large","keywords":"negocios y empresas","webmasterTools":{"google-site-verification":"UA-38556648-1","msvalidate.01":"7dfe9f3f1b24437ab69f4f2559babe99","miscellaneous":""},"schema":{"@context":"https:\/\/schema.org","@graph":[{"@type":"BlogPosting","@id":"https:\/\/www.eldigitaldeasturias.com\/noticias\/ayuda-a-mejorar-la-productividad-laboral-de-tu-empresa\/#blogposting","name":"Ayuda a mejorar la productividad laboral de tu empresa - El Digital de Asturias","headline":"Ayuda a mejorar la productividad laboral de tu empresa","author":{"@id":"https:\/\/www.eldigitaldeasturias.com\/noticias\/author\/admin\/#author"},"publisher":{"@id":"https:\/\/www.eldigitaldeasturias.com\/noticias\/#organization"},"image":{"@type":"ImageObject","url":"https:\/\/www.eldigitaldeasturias.com\/noticias\/wp-content\/uploads\/2023\/07\/competitividad-empresa.jpg","width":640,"height":424,"caption":"competitividad empresa"},"datePublished":"2023-07-24T12:57:07+02:00","dateModified":"2023-07-24T12:57:07+02:00","inLanguage":"es-ES","mainEntityOfPage":{"@id":"https:\/\/www.eldigitaldeasturias.com\/noticias\/ayuda-a-mejorar-la-productividad-laboral-de-tu-empresa\/#webpage"},"isPartOf":{"@id":"https:\/\/www.eldigitaldeasturias.com\/noticias\/ayuda-a-mejorar-la-productividad-laboral-de-tu-empresa\/#webpage"},"articleSection":"Negocios y Empresas"},{"@type":"BreadcrumbList","@id":"https:\/\/www.eldigitaldeasturias.com\/noticias\/ayuda-a-mejorar-la-productividad-laboral-de-tu-empresa\/#breadcrumblist","itemListElement":[{"@type":"ListItem","@id":"https:\/\/www.eldigitaldeasturias.com\/noticias#listItem","position":1,"name":"Home","item":"https:\/\/www.eldigitaldeasturias.com\/noticias","nextItem":{"@type":"ListItem","@id":"https:\/\/www.eldigitaldeasturias.com\/noticias\/category\/negocios-y-empresas\/#listItem","name":"Negocios y Empresas"}},{"@type":"ListItem","@id":"https:\/\/www.eldigitaldeasturias.com\/noticias\/category\/negocios-y-empresas\/#listItem","position":2,"name":"Negocios y Empresas","item":"https:\/\/www.eldigitaldeasturias.com\/noticias\/category\/negocios-y-empresas\/","nextItem":{"@type":"ListItem","@id":"https:\/\/www.eldigitaldeasturias.com\/noticias\/ayuda-a-mejorar-la-productividad-laboral-de-tu-empresa\/#listItem","name":"Ayuda a mejorar la productividad laboral de tu empresa"},"previousItem":{"@type":"ListItem","@id":"https:\/\/www.eldigitaldeasturias.com\/noticias#listItem","name":"Home"}},{"@type":"ListItem","@id":"https:\/\/www.eldigitaldeasturias.com\/noticias\/ayuda-a-mejorar-la-productividad-laboral-de-tu-empresa\/#listItem","position":3,"name":"Ayuda a mejorar la productividad laboral de tu empresa","previousItem":{"@type":"ListItem","@id":"https:\/\/www.eldigitaldeasturias.com\/noticias\/category\/negocios-y-empresas\/#listItem","name":"Negocios y Empresas"}}]},{"@type":"Organization","@id":"https:\/\/www.eldigitaldeasturias.com\/noticias\/#organization","name":"El Digital de Asturias","description":"Hemeroteca","url":"https:\/\/www.eldigitaldeasturias.com\/noticias\/","email":"info@eldigitaldeasturias.com","telephone":"+34652131393","logo":{"@type":"ImageObject","url":"https:\/\/www.eldigitaldeasturias.com\/noticias\/wp-content\/uploads\/2020\/12\/EDA.jpg","@id":"https:\/\/www.eldigitaldeasturias.com\/noticias\/ayuda-a-mejorar-la-productividad-laboral-de-tu-empresa\/#organizationLogo","width":649,"height":297},"image":{"@id":"https:\/\/www.eldigitaldeasturias.com\/noticias\/ayuda-a-mejorar-la-productividad-laboral-de-tu-empresa\/#organizationLogo"},"sameAs":["https:\/\/facebook.com\/eldigitaldeasturias","https:\/\/www.youtube.com\/channel\/UCZP-2wLEB9Rv6erhFmqVnvg"],"address":{"@id":"https:\/\/www.eldigitaldeasturias.com\/noticias\/#postaladdress","@type":"PostalAddress","streetAddress":"san antonio 4,","postalCode":"33430","addressLocality":"Cand\u00e1s","addressRegion":"Asturias","addressCountry":"ES"}},{"@type":"Person","@id":"https:\/\/www.eldigitaldeasturias.com\/noticias\/author\/admin\/#author","url":"https:\/\/www.eldigitaldeasturias.com\/noticias\/author\/admin\/","name":"El Digital de Asturias","image":{"@type":"ImageObject","@id":"https:\/\/www.eldigitaldeasturias.com\/noticias\/ayuda-a-mejorar-la-productividad-laboral-de-tu-empresa\/#authorImage","url":"https:\/\/www.eldigitaldeasturias.com\/noticias\/wp-content\/litespeed\/avatar\/18677e78aa0546b92d9dbf31ec7d7668.jpg?ver=1777290358","width":96,"height":96,"caption":"El Digital de Asturias"}},{"@type":"WebPage","@id":"https:\/\/www.eldigitaldeasturias.com\/noticias\/ayuda-a-mejorar-la-productividad-laboral-de-tu-empresa\/#webpage","url":"https:\/\/www.eldigitaldeasturias.com\/noticias\/ayuda-a-mejorar-la-productividad-laboral-de-tu-empresa\/","name":"Ayuda a mejorar la productividad laboral de tu empresa - El Digital de Asturias","description":"En el vertiginoso modelo productivo actual, donde la competitividad y la velocidad son imperativos ineludibles, la gesti\u00f3n eficiente del tiempo se posiciona","inLanguage":"es-ES","isPartOf":{"@id":"https:\/\/www.eldigitaldeasturias.com\/noticias\/#website"},"breadcrumb":{"@id":"https:\/\/www.eldigitaldeasturias.com\/noticias\/ayuda-a-mejorar-la-productividad-laboral-de-tu-empresa\/#breadcrumblist"},"author":{"@id":"https:\/\/www.eldigitaldeasturias.com\/noticias\/author\/admin\/#author"},"creator":{"@id":"https:\/\/www.eldigitaldeasturias.com\/noticias\/author\/admin\/#author"},"image":{"@type":"ImageObject","url":"https:\/\/www.eldigitaldeasturias.com\/noticias\/wp-content\/uploads\/2023\/07\/competitividad-empresa.jpg","@id":"https:\/\/www.eldigitaldeasturias.com\/noticias\/ayuda-a-mejorar-la-productividad-laboral-de-tu-empresa\/#mainImage","width":640,"height":424,"caption":"competitividad empresa"},"primaryImageOfPage":{"@id":"https:\/\/www.eldigitaldeasturias.com\/noticias\/ayuda-a-mejorar-la-productividad-laboral-de-tu-empresa\/#mainImage"},"datePublished":"2023-07-24T12:57:07+02:00","dateModified":"2023-07-24T12:57:07+02:00"},{"@type":"WebSite","@id":"https:\/\/www.eldigitaldeasturias.com\/noticias\/#website","url":"https:\/\/www.eldigitaldeasturias.com\/noticias\/","name":"El Digital de Asturias - Diario de actualidad y noticias","alternateName":"El Digital de Asturias - Diario de actualidad y noticias","description":"Hemeroteca","inLanguage":"es-ES","publisher":{"@id":"https:\/\/www.eldigitaldeasturias.com\/noticias\/#organization"}}]},"og:locale":"es_ES","og:site_name":"El Digital de Asturias","og:type":"article","og:title":"Ayuda a mejorar la productividad laboral de tu empresa - El Digital de Asturias","og:description":"En el vertiginoso modelo productivo actual, donde la competitividad y la velocidad son imperativos ineludibles, la gesti\u00f3n eficiente del tiempo se posiciona","og:url":"https:\/\/www.eldigitaldeasturias.com\/noticias\/ayuda-a-mejorar-la-productividad-laboral-de-tu-empresa\/","og:image":"https:\/\/www.eldigitaldeasturias.com\/noticias\/wp-content\/uploads\/2023\/07\/competitividad-empresa.jpg","og:image:secure_url":"https:\/\/www.eldigitaldeasturias.com\/noticias\/wp-content\/uploads\/2023\/07\/competitividad-empresa.jpg","og:image:width":640,"og:image:height":424,"article:tag":["negocios y empresas"],"article:published_time":"2023-07-24T10:57:07+00:00","article:modified_time":"2023-07-24T10:57:07+00:00","article:publisher":"https:\/\/facebook.com\/eldigitaldeasturias","twitter:card":"summary_large_image","twitter:title":"Ayuda a mejorar la productividad laboral de tu empresa - El Digital de Asturias","twitter:description":"En el vertiginoso modelo productivo actual, donde la competitividad y la velocidad son imperativos ineludibles, la gesti\u00f3n eficiente del tiempo se posiciona","twitter:image":"https:\/\/www.eldigitaldeasturias.com\/noticias\/wp-content\/uploads\/2023\/07\/competitividad-empresa.jpg","twitter:label1":"Escrito por","twitter:data1":"El Digital de Asturias","twitter:label2":"Tiempo de lectura estimado","twitter:data2":"5 minutos"},"aioseo_meta_data":{"post_id":"1123353","title":null,"description":"En el vertiginoso modelo productivo actual, donde la competitividad y la velocidad son imperativos ineludibles, la gesti\u00f3n eficiente del tiempo se posiciona","keywords":[],"keyphrases":{"focus":{"keyphrase":"competitividad","score":73,"analysis":{"keyphraseInTitle":{"score":3,"maxScore":9,"error":1},"keyphraseInDescription":{"score":9,"maxScore":9,"error":0},"keyphraseLength":{"score":9,"maxScore":9,"error":0,"length":1},"keyphraseInURL":{"score":1,"maxScore":5,"error":1},"keyphraseInIntroduction":{"score":9,"maxScore":9,"error":0},"keyphraseInSubHeadings":{"score":3,"maxScore":9,"error":1},"keyphraseInImageAlt":{"score":9,"maxScore":9,"error":0}}},"additional":[{"keyphrase":"competitividad","score":100,"analysis":{"keyphraseInDescription":{"score":9,"maxScore":9,"error":0},"keyphraseLength":{"score":9,"maxScore":9,"error":0,"length":1},"keyphraseInIntroduction":{"score":9,"maxScore":9,"error":0},"keyphraseInImageAlt":{"score":9,"maxScore":9,"error":0}}},{"keyphrase":"empresa","score":67,"analysis":{"keyphraseInDescription":{"score":3,"maxScore":9,"error":1},"keyphraseLength":{"score":9,"maxScore":9,"error":0,"length":1},"keyphraseInIntroduction":{"score":3,"maxScore":9,"error":1},"keyphraseInImageAlt":{"score":9,"maxScore":9,"error":0}}}]},"primary_term":null,"canonical_url":null,"og_title":null,"og_description":null,"og_object_type":"default","og_image_type":"default","og_image_url":null,"og_image_width":null,"og_image_height":null,"og_image_custom_url":null,"og_image_custom_fields":null,"og_video":"","og_custom_url":null,"og_article_section":null,"og_article_tags":[],"twitter_use_og":false,"twitter_card":"default","twitter_image_type":"default","twitter_image_url":null,"twitter_image_custom_url":null,"twitter_image_custom_fields":null,"twitter_title":null,"twitter_description":null,"schema":{"blockGraphs":[],"customGraphs":[],"default":{"data":{"Article":[],"Course":[],"Dataset":[],"FAQPage":[],"Movie":[],"Person":[],"Product":[],"ProductReview":[],"Car":[],"Recipe":[],"Service":[],"SoftwareApplication":[],"WebPage":[]},"graphName":"BlogPosting","isEnabled":true},"graphs":[]},"schema_type":"default","schema_type_options":null,"pillar_content":false,"robots_default":true,"robots_noindex":false,"robots_noarchive":false,"robots_nosnippet":false,"robots_nofollow":false,"robots_noimageindex":false,"robots_noodp":false,"robots_notranslate":false,"robots_max_snippet":"-1","robots_max_videopreview":"-1","robots_max_imagepreview":"large","priority":null,"frequency":"default","local_seo":null,"seo_analyzer_scan_date":"2025-10-05 07:12:29","breadcrumb_settings":null,"limit_modified_date":false,"open_ai":"{\"title\":{\"suggestions\":[],\"usage\":0},\"description\":{\"suggestions\":[],\"usage\":0}}","ai":null,"created":"2023-07-24 10:52:01","updated":"2025-10-05 07:12:29"},"aioseo_breadcrumb":"<div class=\"aioseo-breadcrumbs\"><span class=\"aioseo-breadcrumb\">\n\t<a href=\"https:\/\/www.eldigitaldeasturias.com\/noticias\" title=\"Home\">Home<\/a>\n<\/span><span class=\"aioseo-breadcrumb-separator\">\u2013<\/span><span class=\"aioseo-breadcrumb\">\n\t<a href=\"https:\/\/www.eldigitaldeasturias.com\/noticias\/category\/negocios-y-empresas\/\" title=\"Negocios y Empresas\">Negocios y Empresas<\/a>\n<\/span><span class=\"aioseo-breadcrumb-separator\">\u2013<\/span><span class=\"aioseo-breadcrumb\">\n\t<a href=\"https:\/\/www.eldigitaldeasturias.com\/noticias\/ayuda-a-mejorar-la-productividad-laboral-de-tu-empresa\/\" title=\"Ayuda a mejorar la productividad laboral de tu empresa\">Ayuda a mejorar la productividad laboral de tu empresa<\/a>\n<\/span><\/div>","aioseo_breadcrumb_json":[{"label":"Home","link":"https:\/\/www.eldigitaldeasturias.com\/noticias"},{"label":"Negocios y Empresas","link":"https:\/\/www.eldigitaldeasturias.com\/noticias\/category\/negocios-y-empresas\/"},{"label":"Ayuda a mejorar la productividad laboral de tu empresa","link":"https:\/\/www.eldigitaldeasturias.com\/noticias\/ayuda-a-mejorar-la-productividad-laboral-de-tu-empresa\/"}],"_links":{"self":[{"href":"https:\/\/www.eldigitaldeasturias.com\/noticias\/wp-json\/wp\/v2\/posts\/1123353","targetHints":{"allow":["GET"]}}],"collection":[{"href":"https:\/\/www.eldigitaldeasturias.com\/noticias\/wp-json\/wp\/v2\/posts"}],"about":[{"href":"https:\/\/www.eldigitaldeasturias.com\/noticias\/wp-json\/wp\/v2\/types\/post"}],"author":[{"embeddable":true,"href":"https:\/\/www.eldigitaldeasturias.com\/noticias\/wp-json\/wp\/v2\/users\/1"}],"replies":[{"embeddable":true,"href":"https:\/\/www.eldigitaldeasturias.com\/noticias\/wp-json\/wp\/v2\/comments?post=1123353"}],"version-history":[{"count":0,"href":"https:\/\/www.eldigitaldeasturias.com\/noticias\/wp-json\/wp\/v2\/posts\/1123353\/revisions"}],"wp:featuredmedia":[{"embeddable":true,"href":"https:\/\/www.eldigitaldeasturias.com\/noticias\/wp-json\/wp\/v2\/media\/1123354"}],"wp:attachment":[{"href":"https:\/\/www.eldigitaldeasturias.com\/noticias\/wp-json\/wp\/v2\/media?parent=1123353"}],"wp:term":[{"taxonomy":"category","embeddable":true,"href":"https:\/\/www.eldigitaldeasturias.com\/noticias\/wp-json\/wp\/v2\/categories?post=1123353"},{"taxonomy":"post_tag","embeddable":true,"href":"https:\/\/www.eldigitaldeasturias.com\/noticias\/wp-json\/wp\/v2\/tags?post=1123353"}],"curies":[{"name":"wp","href":"https:\/\/api.w.org\/{rel}","templated":true}]}}