{"id":1123104,"date":"2023-06-13T17:49:48","date_gmt":"2023-06-13T15:49:48","guid":{"rendered":"https:\/\/www.eldigitaldeasturias.com\/noticias\/?p=1123104"},"modified":"2023-06-13T17:49:48","modified_gmt":"2023-06-13T15:49:48","slug":"compra-y-alquiler-de-autocaravanas-el-placer-de-tener-una-casa-con-ruedas","status":"publish","type":"post","link":"https:\/\/www.eldigitaldeasturias.com\/noticias\/compra-y-alquiler-de-autocaravanas-el-placer-de-tener-una-casa-con-ruedas\/","title":{"rendered":"Compra y alquiler de autocaravanas: el placer de tener una casa con ruedas"},"content":{"rendered":"<p><i><span style=\"font-weight: 400;\">El mercado de la automoci\u00f3n cuenta con un gran volumen de empresas destinadas a ponernos las cosas muy f\u00e1ciles en t\u00e9rminos de movilidad. Es decir, compa\u00f1\u00edas que disponen de todo tipo de veh\u00edculos para que elijamos el modelo que m\u00e1s se adapta tanto a nuestras necesidades como a nuestro presupuesto. Entre todas las opciones que existen, las autocaravanas y las campers se presentan como unas de las m\u00e1s destacadas; puesto que no solo hablamos de un medio de transporte, sino tambi\u00e9n de viviendas m\u00f3viles. Una tendencia comercial que no deja de crecer y en las que empresas como Alquivan ya han logrado destacar en gran medida.<\/span><\/i><span style=\"font-weight: 400;\">\u00a0<\/span><\/p>\n<p><img loading=\"lazy\" decoding=\"async\" class=\"aligncenter wp-image-1123105 size-large\" src=\"https:\/\/www.eldigitaldeasturias.com\/noticias\/wp-content\/uploads\/2023\/06\/autocaravanas-automocion-650x429.jpg\" alt=\"autocaravanas automoci\u00f3n\" width=\"650\" height=\"429\" srcset=\"https:\/\/www.eldigitaldeasturias.com\/noticias\/wp-content\/uploads\/2023\/06\/autocaravanas-automocion-650x429.jpg 650w, https:\/\/www.eldigitaldeasturias.com\/noticias\/wp-content\/uploads\/2023\/06\/autocaravanas-automocion-360x238.jpg 360w, https:\/\/www.eldigitaldeasturias.com\/noticias\/wp-content\/uploads\/2023\/06\/autocaravanas-automocion-454x300.jpg 454w, https:\/\/www.eldigitaldeasturias.com\/noticias\/wp-content\/uploads\/2023\/06\/autocaravanas-automocion-150x99.jpg 150w, https:\/\/www.eldigitaldeasturias.com\/noticias\/wp-content\/uploads\/2023\/06\/autocaravanas-automocion-450x297.jpg 450w, https:\/\/www.eldigitaldeasturias.com\/noticias\/wp-content\/uploads\/2023\/06\/autocaravanas-automocion.jpg 686w\" sizes=\"auto, (max-width: 650px) 100vw, 650px\" \/><\/p>\n<h2><span style=\"font-weight: 400;\">Encuentra las mejores ofertas de autocaravanas de segunda mano<\/span><\/h2>\n<p><span style=\"font-weight: 400;\">Las autocaravanas son veh\u00edculos de grandes dimensiones que cuentan con todo lo necesario para que desarrollemos nuestro d\u00eda a d\u00eda. Cama, cocina, ba\u00f1o, electrodom\u00e9sticos\u2026 Son casas port\u00e1tiles que podemos llevar de un lugar a otro, huyendo de la vida sedentaria para convertirnos en aut\u00e9nticos n\u00f3madas. <\/span><b>La empresa Alquivan ha conseguido convertirse en todo un referente<\/b><span style=\"font-weight: 400;\"> en lo que respecta a la venta de <\/span><span style=\"color: #ff6600;\"><a style=\"color: #ff6600;\" href=\"https:\/\/www.alquivan.com\/autocaravanas\/venta\/\" target=\"_blank\" rel=\"noopener\"><span style=\"font-weight: 400;\">autocaravanas segunda mano<\/span><\/a><\/span><span style=\"font-weight: 400;\">, considerada como la compa\u00f1\u00eda l\u00edder del sector en la provincia de C\u00f3rdoba.<\/span><\/p>\n<p><span style=\"font-weight: 400;\">Gracias a su p\u00e1gina web, ahora podemos explorar de forma online todas las opciones que tenemos a nuestro alcance. Un espacio virtual que simplifica en gran medida el proceso de b\u00fasqueda, <\/span><b>contando con todas las garant\u00edas de seguridad que se espera de una empresa de rigor como esta<\/b><span style=\"font-weight: 400;\">. En consecuencia, todo lo que debemos hacer es filtrar las autocaravanas disponibles seg\u00fan el presupuesto del que disponemos y las caracter\u00edsticas propias del veh\u00edculo, como <\/span><b>las dimensiones, el equipamiento o el kilometraje<\/b><span style=\"font-weight: 400;\">. Un sistema intuitivo y eficiente que nos ahorra tanto dinero como tiempo.<\/span><\/p>\n<p><span style=\"font-weight: 400;\">Ahora bien, cabe destacar que en Alquivan no solo disponen de los mejores modelos de autocaravana del mercado, bien sean de segunda mano o de ocasi\u00f3n. <\/span><b>Tambi\u00e9n cuentan con otras opciones similares como las caravanas<\/b><span style=\"font-weight: 400;\">, las cuales se acoplan a los coches para llevar la casa siempre que queramos con nosotros. <\/span><b>O, por otro lado, las furgonetas camper, que tienen un tama\u00f1o mucho m\u00e1s reducido<\/b><span style=\"font-weight: 400;\"> para as\u00ed convertirse en autocaravanas compactas. Como puedes observar, esta plataforma digital presenta una enorme libertad a sus clientes para que invierta el dinero como consideren m\u00e1s pertinente; garantizando en todos los casos la m\u00e1xima transparencia en esta transacci\u00f3n comercial.<\/span><span style=\"font-weight: 400;\">\u00a0<\/span><\/p>\n<h2><span style=\"font-weight: 400;\">Alquila el veh\u00edculo perfecto para unas vacaciones inolvidables<\/span><\/h2>\n<p><span style=\"font-weight: 400;\">A pesar de ser modelos de segunda mano, la <\/span><span style=\"color: #ff6600;\"><a style=\"color: #ff6600;\" href=\"https:\/\/www.alquivan.com\/furgonetas-camper\/venta\/\" target=\"_blank\" rel=\"noopener\"><span style=\"font-weight: 400;\">venta furgonetas Camper<\/span><\/a><\/span><span style=\"font-weight: 400;\"> y de autocaravanas no es precisamente accesible. Por consiguiente, si vas a comprar estos veh\u00edculos, aseg\u00farate de que efectivamente les vas a sacar el rendimiento para el que fueron dise\u00f1ados. En su defecto, <\/span><b>si le vas a destinar un uso m\u00e1s bien espor\u00e1dico, entonces se antoja mucho m\u00e1s conveniente apostar por su alquiler<\/b><span style=\"font-weight: 400;\">. Una modalidad en la que igualmente Alquivan se ha especializado, poniendo las cosas muy f\u00e1ciles a aquellos que quieren vivir una experiencia tur\u00edstica de estas caracter\u00edsticas.<\/span><\/p>\n<p><span style=\"font-weight: 400;\">Los viajes por carretera son especialmente enriquecedores, sobre todo en pa\u00edses como Espa\u00f1a. <\/span><b>El territorio nacional est\u00e1 repleto de maravillas paisaj\u00edsticas que merece la pena descubrir<\/b><span style=\"font-weight: 400;\">, explorando as\u00ed las muchas regiones que van a hacer las delicias de nuestras vacaciones. Asimismo, hay que comentar que el hecho de que Alquivan tenga la sede en C\u00f3rdoba es todo un motivo de celebraci\u00f3n. Desde all\u00ed puedes partir hacia destinos id\u00edlicos en los meses de verano como es el caso de <\/span><b>la Costa del Sol o, por supuesto, el lugar por excelencia de las autocaravanas y las campers: el Algarve de Portugal<\/b><span style=\"font-weight: 400;\">.<\/span><\/p>\n<p><span style=\"font-weight: 400;\">Sea como sea, estamos ante una alternativa tur\u00edstica de lo m\u00e1s demandada en la actualidad. Son muchas las personas que quieren ser las due\u00f1as de sus tiempos vacacionales y dejar de depender de los hoteles o los restaurantes. <\/span><b>Con estos veh\u00edculos podemos despertar frente a las playas m\u00e1s hermosas y dejarnos sorprender por entornos naturales \u00fanicos<\/b><span style=\"font-weight: 400;\">. Por lo que nada como recurrir a compa\u00f1\u00edas como Alquivan para alquilar durante las semanas que queramos los mejores veh\u00edculos del sector.\u00a0<\/span><\/p>\n","protected":false},"excerpt":{"rendered":"<p>El mercado de la automoci\u00f3n cuenta con un gran volumen de empresas destinadas a ponernos las cosas muy f\u00e1ciles en t\u00e9rminos de movilidad. Es decir, compa\u00f1\u00edas que disponen de todo tipo de veh\u00edculos para que elijamos el modelo que m\u00e1s se adapta tanto a nuestras necesidades como a nuestro presupuesto. Entre todas las opciones que [&hellip;]<\/p>\n","protected":false},"author":1,"featured_media":1123105,"comment_status":"closed","ping_status":"closed","sticky":false,"template":"","format":"standard","meta":{"footnotes":""},"categories":[219],"tags":[],"class_list":["post-1123104","post","type-post","status-publish","format-standard","has-post-thumbnail","hentry","category-negocios-y-empresas"],"aioseo_notices":[],"aioseo_head":"\n\t\t<!-- All in One SEO Pro 4.9.6.2 - aioseo.com -->\n\t<meta name=\"description\" content=\"El mercado de la automoci\u00f3n cuenta con un gran volumen de empresas destinadas a ponernos las cosas muy f\u00e1ciles en t\u00e9rminos de movilidad. Es decir, compa\u00f1\u00edas\" \/>\n\t<meta name=\"robots\" content=\"max-image-preview:large\" \/>\n\t<meta name=\"author\" content=\"El Digital de Asturias\"\/>\n\t<meta name=\"google-site-verification\" content=\"UA-38556648-1\" \/>\n\t<meta name=\"msvalidate.01\" content=\"7dfe9f3f1b24437ab69f4f2559babe99\" \/>\n\t<meta name=\"keywords\" content=\"negocios y empresas\" \/>\n\t<link rel=\"canonical\" href=\"https:\/\/www.eldigitaldeasturias.com\/noticias\/compra-y-alquiler-de-autocaravanas-el-placer-de-tener-una-casa-con-ruedas\/\" \/>\n\t<meta name=\"generator\" content=\"All in One SEO Pro (AIOSEO) 4.9.6.2\" \/>\n\t\t<meta property=\"og:locale\" content=\"es_ES\" \/>\n\t\t<meta property=\"og:site_name\" content=\"El Digital de Asturias\" \/>\n\t\t<meta property=\"og:type\" content=\"article\" \/>\n\t\t<meta property=\"og:title\" content=\"Compra y alquiler de autocaravanas: el placer de tener una casa con ruedas - El Digital de Asturias\" \/>\n\t\t<meta property=\"og:description\" content=\"El mercado de la automoci\u00f3n cuenta con un gran volumen de empresas destinadas a ponernos las cosas muy f\u00e1ciles en t\u00e9rminos de movilidad. Es decir, compa\u00f1\u00edas\" \/>\n\t\t<meta property=\"og:url\" content=\"https:\/\/www.eldigitaldeasturias.com\/noticias\/compra-y-alquiler-de-autocaravanas-el-placer-de-tener-una-casa-con-ruedas\/\" \/>\n\t\t<meta property=\"og:image\" content=\"https:\/\/www.eldigitaldeasturias.com\/noticias\/wp-content\/uploads\/2023\/06\/autocaravanas-automocion.jpg\" \/>\n\t\t<meta property=\"og:image:secure_url\" content=\"https:\/\/www.eldigitaldeasturias.com\/noticias\/wp-content\/uploads\/2023\/06\/autocaravanas-automocion.jpg\" \/>\n\t\t<meta property=\"og:image:width\" content=\"686\" \/>\n\t\t<meta property=\"og:image:height\" content=\"453\" \/>\n\t\t<meta property=\"article:tag\" content=\"negocios y empresas\" \/>\n\t\t<meta property=\"article:published_time\" content=\"2023-06-13T15:49:48+00:00\" \/>\n\t\t<meta property=\"article:modified_time\" content=\"2023-06-13T15:49:48+00:00\" \/>\n\t\t<meta property=\"article:publisher\" content=\"https:\/\/facebook.com\/eldigitaldeasturias\" \/>\n\t\t<meta name=\"twitter:card\" content=\"summary_large_image\" \/>\n\t\t<meta name=\"twitter:title\" content=\"Compra y alquiler de autocaravanas: el placer de tener una casa con ruedas - El Digital de Asturias\" \/>\n\t\t<meta name=\"twitter:description\" content=\"El mercado de la automoci\u00f3n cuenta con un gran volumen de empresas destinadas a ponernos las cosas muy f\u00e1ciles en t\u00e9rminos de movilidad. Es decir, compa\u00f1\u00edas\" \/>\n\t\t<meta name=\"twitter:image\" content=\"https:\/\/www.eldigitaldeasturias.com\/noticias\/wp-content\/uploads\/2023\/06\/autocaravanas-automocion.jpg\" \/>\n\t\t<meta name=\"twitter:label1\" content=\"Escrito por\" \/>\n\t\t<meta name=\"twitter:data1\" content=\"El Digital de Asturias\" \/>\n\t\t<meta name=\"twitter:label2\" content=\"Tiempo de lectura estimado\" \/>\n\t\t<meta name=\"twitter:data2\" content=\"4 minutos\" \/>\n\t\t<script type=\"application\/ld+json\" class=\"aioseo-schema\">\n\t\t\t{\"@context\":\"https:\\\/\\\/schema.org\",\"@graph\":[{\"@type\":\"BlogPosting\",\"@id\":\"https:\\\/\\\/www.eldigitaldeasturias.com\\\/noticias\\\/compra-y-alquiler-de-autocaravanas-el-placer-de-tener-una-casa-con-ruedas\\\/#blogposting\",\"name\":\"Compra y alquiler de autocaravanas: el placer de tener una casa con ruedas - El Digital de Asturias\",\"headline\":\"Compra y alquiler de autocaravanas: el placer de tener una casa con ruedas\",\"author\":{\"@id\":\"https:\\\/\\\/www.eldigitaldeasturias.com\\\/noticias\\\/author\\\/admin\\\/#author\"},\"publisher\":{\"@id\":\"https:\\\/\\\/www.eldigitaldeasturias.com\\\/noticias\\\/#organization\"},\"image\":{\"@type\":\"ImageObject\",\"url\":\"https:\\\/\\\/www.eldigitaldeasturias.com\\\/noticias\\\/wp-content\\\/uploads\\\/2023\\\/06\\\/autocaravanas-automocion.jpg\",\"width\":686,\"height\":453,\"caption\":\"autocaravanas automoci\\u00f3n\"},\"datePublished\":\"2023-06-13T17:49:48+02:00\",\"dateModified\":\"2023-06-13T17:49:48+02:00\",\"inLanguage\":\"es-ES\",\"mainEntityOfPage\":{\"@id\":\"https:\\\/\\\/www.eldigitaldeasturias.com\\\/noticias\\\/compra-y-alquiler-de-autocaravanas-el-placer-de-tener-una-casa-con-ruedas\\\/#webpage\"},\"isPartOf\":{\"@id\":\"https:\\\/\\\/www.eldigitaldeasturias.com\\\/noticias\\\/compra-y-alquiler-de-autocaravanas-el-placer-de-tener-una-casa-con-ruedas\\\/#webpage\"},\"articleSection\":\"Negocios y Empresas\"},{\"@type\":\"BreadcrumbList\",\"@id\":\"https:\\\/\\\/www.eldigitaldeasturias.com\\\/noticias\\\/compra-y-alquiler-de-autocaravanas-el-placer-de-tener-una-casa-con-ruedas\\\/#breadcrumblist\",\"itemListElement\":[{\"@type\":\"ListItem\",\"@id\":\"https:\\\/\\\/www.eldigitaldeasturias.com\\\/noticias#listItem\",\"position\":1,\"name\":\"Home\",\"item\":\"https:\\\/\\\/www.eldigitaldeasturias.com\\\/noticias\",\"nextItem\":{\"@type\":\"ListItem\",\"@id\":\"https:\\\/\\\/www.eldigitaldeasturias.com\\\/noticias\\\/category\\\/negocios-y-empresas\\\/#listItem\",\"name\":\"Negocios y Empresas\"}},{\"@type\":\"ListItem\",\"@id\":\"https:\\\/\\\/www.eldigitaldeasturias.com\\\/noticias\\\/category\\\/negocios-y-empresas\\\/#listItem\",\"position\":2,\"name\":\"Negocios y Empresas\",\"item\":\"https:\\\/\\\/www.eldigitaldeasturias.com\\\/noticias\\\/category\\\/negocios-y-empresas\\\/\",\"nextItem\":{\"@type\":\"ListItem\",\"@id\":\"https:\\\/\\\/www.eldigitaldeasturias.com\\\/noticias\\\/compra-y-alquiler-de-autocaravanas-el-placer-de-tener-una-casa-con-ruedas\\\/#listItem\",\"name\":\"Compra y alquiler de autocaravanas: el placer de tener una casa con ruedas\"},\"previousItem\":{\"@type\":\"ListItem\",\"@id\":\"https:\\\/\\\/www.eldigitaldeasturias.com\\\/noticias#listItem\",\"name\":\"Home\"}},{\"@type\":\"ListItem\",\"@id\":\"https:\\\/\\\/www.eldigitaldeasturias.com\\\/noticias\\\/compra-y-alquiler-de-autocaravanas-el-placer-de-tener-una-casa-con-ruedas\\\/#listItem\",\"position\":3,\"name\":\"Compra y alquiler de autocaravanas: el placer de tener una casa con ruedas\",\"previousItem\":{\"@type\":\"ListItem\",\"@id\":\"https:\\\/\\\/www.eldigitaldeasturias.com\\\/noticias\\\/category\\\/negocios-y-empresas\\\/#listItem\",\"name\":\"Negocios y Empresas\"}}]},{\"@type\":\"Organization\",\"@id\":\"https:\\\/\\\/www.eldigitaldeasturias.com\\\/noticias\\\/#organization\",\"name\":\"El Digital de Asturias\",\"description\":\"Hemeroteca\",\"url\":\"https:\\\/\\\/www.eldigitaldeasturias.com\\\/noticias\\\/\",\"email\":\"info@eldigitaldeasturias.com\",\"telephone\":\"+34652131393\",\"logo\":{\"@type\":\"ImageObject\",\"url\":\"https:\\\/\\\/www.eldigitaldeasturias.com\\\/noticias\\\/wp-content\\\/uploads\\\/2020\\\/12\\\/EDA.jpg\",\"@id\":\"https:\\\/\\\/www.eldigitaldeasturias.com\\\/noticias\\\/compra-y-alquiler-de-autocaravanas-el-placer-de-tener-una-casa-con-ruedas\\\/#organizationLogo\",\"width\":649,\"height\":297},\"image\":{\"@id\":\"https:\\\/\\\/www.eldigitaldeasturias.com\\\/noticias\\\/compra-y-alquiler-de-autocaravanas-el-placer-de-tener-una-casa-con-ruedas\\\/#organizationLogo\"},\"sameAs\":[\"https:\\\/\\\/facebook.com\\\/eldigitaldeasturias\",\"https:\\\/\\\/www.youtube.com\\\/channel\\\/UCZP-2wLEB9Rv6erhFmqVnvg\"],\"address\":{\"@id\":\"https:\\\/\\\/www.eldigitaldeasturias.com\\\/noticias\\\/#postaladdress\",\"@type\":\"PostalAddress\",\"streetAddress\":\"san antonio 4,\",\"postalCode\":\"33430\",\"addressLocality\":\"Cand\\u00e1s\",\"addressRegion\":\"Asturias\",\"addressCountry\":\"ES\"}},{\"@type\":\"Person\",\"@id\":\"https:\\\/\\\/www.eldigitaldeasturias.com\\\/noticias\\\/author\\\/admin\\\/#author\",\"url\":\"https:\\\/\\\/www.eldigitaldeasturias.com\\\/noticias\\\/author\\\/admin\\\/\",\"name\":\"El Digital de Asturias\",\"image\":{\"@type\":\"ImageObject\",\"@id\":\"https:\\\/\\\/www.eldigitaldeasturias.com\\\/noticias\\\/compra-y-alquiler-de-autocaravanas-el-placer-de-tener-una-casa-con-ruedas\\\/#authorImage\",\"url\":\"https:\\\/\\\/www.eldigitaldeasturias.com\\\/noticias\\\/wp-content\\\/litespeed\\\/avatar\\\/18677e78aa0546b92d9dbf31ec7d7668.jpg?ver=1777290358\",\"width\":96,\"height\":96,\"caption\":\"El Digital de Asturias\"}},{\"@type\":\"WebPage\",\"@id\":\"https:\\\/\\\/www.eldigitaldeasturias.com\\\/noticias\\\/compra-y-alquiler-de-autocaravanas-el-placer-de-tener-una-casa-con-ruedas\\\/#webpage\",\"url\":\"https:\\\/\\\/www.eldigitaldeasturias.com\\\/noticias\\\/compra-y-alquiler-de-autocaravanas-el-placer-de-tener-una-casa-con-ruedas\\\/\",\"name\":\"Compra y alquiler de autocaravanas: el placer de tener una casa con ruedas - El Digital de Asturias\",\"description\":\"El mercado de la automoci\\u00f3n cuenta con un gran volumen de empresas destinadas a ponernos las cosas muy f\\u00e1ciles en t\\u00e9rminos de movilidad. Es decir, compa\\u00f1\\u00edas\",\"inLanguage\":\"es-ES\",\"isPartOf\":{\"@id\":\"https:\\\/\\\/www.eldigitaldeasturias.com\\\/noticias\\\/#website\"},\"breadcrumb\":{\"@id\":\"https:\\\/\\\/www.eldigitaldeasturias.com\\\/noticias\\\/compra-y-alquiler-de-autocaravanas-el-placer-de-tener-una-casa-con-ruedas\\\/#breadcrumblist\"},\"author\":{\"@id\":\"https:\\\/\\\/www.eldigitaldeasturias.com\\\/noticias\\\/author\\\/admin\\\/#author\"},\"creator\":{\"@id\":\"https:\\\/\\\/www.eldigitaldeasturias.com\\\/noticias\\\/author\\\/admin\\\/#author\"},\"image\":{\"@type\":\"ImageObject\",\"url\":\"https:\\\/\\\/www.eldigitaldeasturias.com\\\/noticias\\\/wp-content\\\/uploads\\\/2023\\\/06\\\/autocaravanas-automocion.jpg\",\"@id\":\"https:\\\/\\\/www.eldigitaldeasturias.com\\\/noticias\\\/compra-y-alquiler-de-autocaravanas-el-placer-de-tener-una-casa-con-ruedas\\\/#mainImage\",\"width\":686,\"height\":453,\"caption\":\"autocaravanas automoci\\u00f3n\"},\"primaryImageOfPage\":{\"@id\":\"https:\\\/\\\/www.eldigitaldeasturias.com\\\/noticias\\\/compra-y-alquiler-de-autocaravanas-el-placer-de-tener-una-casa-con-ruedas\\\/#mainImage\"},\"datePublished\":\"2023-06-13T17:49:48+02:00\",\"dateModified\":\"2023-06-13T17:49:48+02:00\"},{\"@type\":\"WebSite\",\"@id\":\"https:\\\/\\\/www.eldigitaldeasturias.com\\\/noticias\\\/#website\",\"url\":\"https:\\\/\\\/www.eldigitaldeasturias.com\\\/noticias\\\/\",\"name\":\"El Digital de Asturias - Diario de actualidad y noticias\",\"alternateName\":\"El Digital de Asturias - Diario de actualidad y noticias\",\"description\":\"Hemeroteca\",\"inLanguage\":\"es-ES\",\"publisher\":{\"@id\":\"https:\\\/\\\/www.eldigitaldeasturias.com\\\/noticias\\\/#organization\"}}]}\n\t\t<\/script>\n\t\t<!-- All in One SEO Pro -->\r\n\t\t<title>Compra y alquiler de autocaravanas: el placer de tener una casa con ruedas - El Digital de Asturias<\/title>\n\n","aioseo_head_json":{"title":"Compra y alquiler de autocaravanas: el placer de tener una casa con ruedas - El Digital de Asturias","description":"El mercado de la automoci\u00f3n cuenta con un gran volumen de empresas destinadas a ponernos las cosas muy f\u00e1ciles en t\u00e9rminos de movilidad. Es decir, compa\u00f1\u00edas","canonical_url":"https:\/\/www.eldigitaldeasturias.com\/noticias\/compra-y-alquiler-de-autocaravanas-el-placer-de-tener-una-casa-con-ruedas\/","robots":"max-image-preview:large","keywords":"negocios y empresas","webmasterTools":{"google-site-verification":"UA-38556648-1","msvalidate.01":"7dfe9f3f1b24437ab69f4f2559babe99","miscellaneous":""},"schema":{"@context":"https:\/\/schema.org","@graph":[{"@type":"BlogPosting","@id":"https:\/\/www.eldigitaldeasturias.com\/noticias\/compra-y-alquiler-de-autocaravanas-el-placer-de-tener-una-casa-con-ruedas\/#blogposting","name":"Compra y alquiler de autocaravanas: el placer de tener una casa con ruedas - El Digital de Asturias","headline":"Compra y alquiler de autocaravanas: el placer de tener una casa con ruedas","author":{"@id":"https:\/\/www.eldigitaldeasturias.com\/noticias\/author\/admin\/#author"},"publisher":{"@id":"https:\/\/www.eldigitaldeasturias.com\/noticias\/#organization"},"image":{"@type":"ImageObject","url":"https:\/\/www.eldigitaldeasturias.com\/noticias\/wp-content\/uploads\/2023\/06\/autocaravanas-automocion.jpg","width":686,"height":453,"caption":"autocaravanas automoci\u00f3n"},"datePublished":"2023-06-13T17:49:48+02:00","dateModified":"2023-06-13T17:49:48+02:00","inLanguage":"es-ES","mainEntityOfPage":{"@id":"https:\/\/www.eldigitaldeasturias.com\/noticias\/compra-y-alquiler-de-autocaravanas-el-placer-de-tener-una-casa-con-ruedas\/#webpage"},"isPartOf":{"@id":"https:\/\/www.eldigitaldeasturias.com\/noticias\/compra-y-alquiler-de-autocaravanas-el-placer-de-tener-una-casa-con-ruedas\/#webpage"},"articleSection":"Negocios y Empresas"},{"@type":"BreadcrumbList","@id":"https:\/\/www.eldigitaldeasturias.com\/noticias\/compra-y-alquiler-de-autocaravanas-el-placer-de-tener-una-casa-con-ruedas\/#breadcrumblist","itemListElement":[{"@type":"ListItem","@id":"https:\/\/www.eldigitaldeasturias.com\/noticias#listItem","position":1,"name":"Home","item":"https:\/\/www.eldigitaldeasturias.com\/noticias","nextItem":{"@type":"ListItem","@id":"https:\/\/www.eldigitaldeasturias.com\/noticias\/category\/negocios-y-empresas\/#listItem","name":"Negocios y Empresas"}},{"@type":"ListItem","@id":"https:\/\/www.eldigitaldeasturias.com\/noticias\/category\/negocios-y-empresas\/#listItem","position":2,"name":"Negocios y Empresas","item":"https:\/\/www.eldigitaldeasturias.com\/noticias\/category\/negocios-y-empresas\/","nextItem":{"@type":"ListItem","@id":"https:\/\/www.eldigitaldeasturias.com\/noticias\/compra-y-alquiler-de-autocaravanas-el-placer-de-tener-una-casa-con-ruedas\/#listItem","name":"Compra y alquiler de autocaravanas: el placer de tener una casa con ruedas"},"previousItem":{"@type":"ListItem","@id":"https:\/\/www.eldigitaldeasturias.com\/noticias#listItem","name":"Home"}},{"@type":"ListItem","@id":"https:\/\/www.eldigitaldeasturias.com\/noticias\/compra-y-alquiler-de-autocaravanas-el-placer-de-tener-una-casa-con-ruedas\/#listItem","position":3,"name":"Compra y alquiler de autocaravanas: el placer de tener una casa con ruedas","previousItem":{"@type":"ListItem","@id":"https:\/\/www.eldigitaldeasturias.com\/noticias\/category\/negocios-y-empresas\/#listItem","name":"Negocios y Empresas"}}]},{"@type":"Organization","@id":"https:\/\/www.eldigitaldeasturias.com\/noticias\/#organization","name":"El Digital de Asturias","description":"Hemeroteca","url":"https:\/\/www.eldigitaldeasturias.com\/noticias\/","email":"info@eldigitaldeasturias.com","telephone":"+34652131393","logo":{"@type":"ImageObject","url":"https:\/\/www.eldigitaldeasturias.com\/noticias\/wp-content\/uploads\/2020\/12\/EDA.jpg","@id":"https:\/\/www.eldigitaldeasturias.com\/noticias\/compra-y-alquiler-de-autocaravanas-el-placer-de-tener-una-casa-con-ruedas\/#organizationLogo","width":649,"height":297},"image":{"@id":"https:\/\/www.eldigitaldeasturias.com\/noticias\/compra-y-alquiler-de-autocaravanas-el-placer-de-tener-una-casa-con-ruedas\/#organizationLogo"},"sameAs":["https:\/\/facebook.com\/eldigitaldeasturias","https:\/\/www.youtube.com\/channel\/UCZP-2wLEB9Rv6erhFmqVnvg"],"address":{"@id":"https:\/\/www.eldigitaldeasturias.com\/noticias\/#postaladdress","@type":"PostalAddress","streetAddress":"san antonio 4,","postalCode":"33430","addressLocality":"Cand\u00e1s","addressRegion":"Asturias","addressCountry":"ES"}},{"@type":"Person","@id":"https:\/\/www.eldigitaldeasturias.com\/noticias\/author\/admin\/#author","url":"https:\/\/www.eldigitaldeasturias.com\/noticias\/author\/admin\/","name":"El Digital de Asturias","image":{"@type":"ImageObject","@id":"https:\/\/www.eldigitaldeasturias.com\/noticias\/compra-y-alquiler-de-autocaravanas-el-placer-de-tener-una-casa-con-ruedas\/#authorImage","url":"https:\/\/www.eldigitaldeasturias.com\/noticias\/wp-content\/litespeed\/avatar\/18677e78aa0546b92d9dbf31ec7d7668.jpg?ver=1777290358","width":96,"height":96,"caption":"El Digital de Asturias"}},{"@type":"WebPage","@id":"https:\/\/www.eldigitaldeasturias.com\/noticias\/compra-y-alquiler-de-autocaravanas-el-placer-de-tener-una-casa-con-ruedas\/#webpage","url":"https:\/\/www.eldigitaldeasturias.com\/noticias\/compra-y-alquiler-de-autocaravanas-el-placer-de-tener-una-casa-con-ruedas\/","name":"Compra y alquiler de autocaravanas: el placer de tener una casa con ruedas - El Digital de Asturias","description":"El mercado de la automoci\u00f3n cuenta con un gran volumen de empresas destinadas a ponernos las cosas muy f\u00e1ciles en t\u00e9rminos de movilidad. Es decir, compa\u00f1\u00edas","inLanguage":"es-ES","isPartOf":{"@id":"https:\/\/www.eldigitaldeasturias.com\/noticias\/#website"},"breadcrumb":{"@id":"https:\/\/www.eldigitaldeasturias.com\/noticias\/compra-y-alquiler-de-autocaravanas-el-placer-de-tener-una-casa-con-ruedas\/#breadcrumblist"},"author":{"@id":"https:\/\/www.eldigitaldeasturias.com\/noticias\/author\/admin\/#author"},"creator":{"@id":"https:\/\/www.eldigitaldeasturias.com\/noticias\/author\/admin\/#author"},"image":{"@type":"ImageObject","url":"https:\/\/www.eldigitaldeasturias.com\/noticias\/wp-content\/uploads\/2023\/06\/autocaravanas-automocion.jpg","@id":"https:\/\/www.eldigitaldeasturias.com\/noticias\/compra-y-alquiler-de-autocaravanas-el-placer-de-tener-una-casa-con-ruedas\/#mainImage","width":686,"height":453,"caption":"autocaravanas automoci\u00f3n"},"primaryImageOfPage":{"@id":"https:\/\/www.eldigitaldeasturias.com\/noticias\/compra-y-alquiler-de-autocaravanas-el-placer-de-tener-una-casa-con-ruedas\/#mainImage"},"datePublished":"2023-06-13T17:49:48+02:00","dateModified":"2023-06-13T17:49:48+02:00"},{"@type":"WebSite","@id":"https:\/\/www.eldigitaldeasturias.com\/noticias\/#website","url":"https:\/\/www.eldigitaldeasturias.com\/noticias\/","name":"El Digital de Asturias - Diario de actualidad y noticias","alternateName":"El Digital de Asturias - Diario de actualidad y noticias","description":"Hemeroteca","inLanguage":"es-ES","publisher":{"@id":"https:\/\/www.eldigitaldeasturias.com\/noticias\/#organization"}}]},"og:locale":"es_ES","og:site_name":"El Digital de Asturias","og:type":"article","og:title":"Compra y alquiler de autocaravanas: el placer de tener una casa con ruedas - El Digital de Asturias","og:description":"El mercado de la automoci\u00f3n cuenta con un gran volumen de empresas destinadas a ponernos las cosas muy f\u00e1ciles en t\u00e9rminos de movilidad. Es decir, compa\u00f1\u00edas","og:url":"https:\/\/www.eldigitaldeasturias.com\/noticias\/compra-y-alquiler-de-autocaravanas-el-placer-de-tener-una-casa-con-ruedas\/","og:image":"https:\/\/www.eldigitaldeasturias.com\/noticias\/wp-content\/uploads\/2023\/06\/autocaravanas-automocion.jpg","og:image:secure_url":"https:\/\/www.eldigitaldeasturias.com\/noticias\/wp-content\/uploads\/2023\/06\/autocaravanas-automocion.jpg","og:image:width":686,"og:image:height":453,"article:tag":["negocios y empresas"],"article:published_time":"2023-06-13T15:49:48+00:00","article:modified_time":"2023-06-13T15:49:48+00:00","article:publisher":"https:\/\/facebook.com\/eldigitaldeasturias","twitter:card":"summary_large_image","twitter:title":"Compra y alquiler de autocaravanas: el placer de tener una casa con ruedas - El Digital de Asturias","twitter:description":"El mercado de la automoci\u00f3n cuenta con un gran volumen de empresas destinadas a ponernos las cosas muy f\u00e1ciles en t\u00e9rminos de movilidad. Es decir, compa\u00f1\u00edas","twitter:image":"https:\/\/www.eldigitaldeasturias.com\/noticias\/wp-content\/uploads\/2023\/06\/autocaravanas-automocion.jpg","twitter:label1":"Escrito por","twitter:data1":"El Digital de Asturias","twitter:label2":"Tiempo de lectura estimado","twitter:data2":"4 minutos"},"aioseo_meta_data":{"post_id":"1123104","title":null,"description":"El mercado de la automoci\u00f3n cuenta con un gran volumen de empresas destinadas a ponernos las cosas muy f\u00e1ciles en t\u00e9rminos de movilidad. Es decir, compa\u00f1\u00edas","keywords":[],"keyphrases":{"focus":{"keyphrase":"autocaravanas","score":83,"analysis":{"keyphraseInTitle":{"score":9,"maxScore":9,"error":0},"keyphraseInDescription":{"score":3,"maxScore":9,"error":1},"keyphraseLength":{"score":9,"maxScore":9,"error":0,"length":1},"keyphraseInURL":{"score":1,"maxScore":5,"error":1},"keyphraseInIntroduction":{"score":9,"maxScore":9,"error":0},"keyphraseInSubHeadings":{"score":9,"maxScore":9,"error":0},"keyphraseInImageAlt":{"score":9,"maxScore":9,"error":0}}},"additional":[{"keyphrase":" automoci\u00f3n","score":100,"analysis":{"keyphraseInDescription":{"score":9,"maxScore":9,"error":0},"keyphraseLength":{"score":9,"maxScore":9,"error":0,"length":1},"keyphraseInIntroduction":{"score":9,"maxScore":9,"error":0},"keyphraseInImageAlt":{"score":9,"maxScore":9,"error":0}}},{"keyphrase":"autocaravanas","score":83,"analysis":{"keyphraseInDescription":{"score":3,"maxScore":9,"error":1},"keyphraseLength":{"score":9,"maxScore":9,"error":0,"length":1},"keyphraseInIntroduction":{"score":9,"maxScore":9,"error":0},"keyphraseInImageAlt":{"score":9,"maxScore":9,"error":0}}}]},"primary_term":null,"canonical_url":null,"og_title":null,"og_description":null,"og_object_type":"default","og_image_type":"default","og_image_url":null,"og_image_width":null,"og_image_height":null,"og_image_custom_url":null,"og_image_custom_fields":null,"og_video":"","og_custom_url":null,"og_article_section":null,"og_article_tags":[],"twitter_use_og":false,"twitter_card":"default","twitter_image_type":"default","twitter_image_url":null,"twitter_image_custom_url":null,"twitter_image_custom_fields":null,"twitter_title":null,"twitter_description":null,"schema":{"blockGraphs":[],"customGraphs":[],"default":{"data":{"Article":[],"Course":[],"Dataset":[],"FAQPage":[],"Movie":[],"Person":[],"Product":[],"ProductReview":[],"Car":[],"Recipe":[],"Service":[],"SoftwareApplication":[],"WebPage":[]},"graphName":"BlogPosting","isEnabled":true},"graphs":[]},"schema_type":"default","schema_type_options":null,"pillar_content":false,"robots_default":true,"robots_noindex":false,"robots_noarchive":false,"robots_nosnippet":false,"robots_nofollow":false,"robots_noimageindex":false,"robots_noodp":false,"robots_notranslate":false,"robots_max_snippet":"-1","robots_max_videopreview":"-1","robots_max_imagepreview":"large","priority":null,"frequency":"default","local_seo":null,"seo_analyzer_scan_date":"2025-10-05 06:33:26","breadcrumb_settings":null,"limit_modified_date":false,"open_ai":"{\"title\":{\"suggestions\":[],\"usage\":0},\"description\":{\"suggestions\":[],\"usage\":0}}","ai":null,"created":"2023-06-13 15:41:57","updated":"2025-10-05 06:33:26"},"aioseo_breadcrumb":"<div class=\"aioseo-breadcrumbs\"><span class=\"aioseo-breadcrumb\">\n\t<a href=\"https:\/\/www.eldigitaldeasturias.com\/noticias\" title=\"Home\">Home<\/a>\n<\/span><span class=\"aioseo-breadcrumb-separator\">\u2013<\/span><span class=\"aioseo-breadcrumb\">\n\t<a href=\"https:\/\/www.eldigitaldeasturias.com\/noticias\/category\/negocios-y-empresas\/\" title=\"Negocios y Empresas\">Negocios y Empresas<\/a>\n<\/span><span class=\"aioseo-breadcrumb-separator\">\u2013<\/span><span class=\"aioseo-breadcrumb\">\n\t<a href=\"https:\/\/www.eldigitaldeasturias.com\/noticias\/compra-y-alquiler-de-autocaravanas-el-placer-de-tener-una-casa-con-ruedas\/\" title=\"Compra y alquiler de autocaravanas: el placer de tener una casa con ruedas\">Compra y alquiler de autocaravanas: el placer de tener una casa con ruedas<\/a>\n<\/span><\/div>","aioseo_breadcrumb_json":[{"label":"Home","link":"https:\/\/www.eldigitaldeasturias.com\/noticias"},{"label":"Negocios y Empresas","link":"https:\/\/www.eldigitaldeasturias.com\/noticias\/category\/negocios-y-empresas\/"},{"label":"Compra y alquiler de autocaravanas: el placer de tener una casa con ruedas","link":"https:\/\/www.eldigitaldeasturias.com\/noticias\/compra-y-alquiler-de-autocaravanas-el-placer-de-tener-una-casa-con-ruedas\/"}],"_links":{"self":[{"href":"https:\/\/www.eldigitaldeasturias.com\/noticias\/wp-json\/wp\/v2\/posts\/1123104","targetHints":{"allow":["GET"]}}],"collection":[{"href":"https:\/\/www.eldigitaldeasturias.com\/noticias\/wp-json\/wp\/v2\/posts"}],"about":[{"href":"https:\/\/www.eldigitaldeasturias.com\/noticias\/wp-json\/wp\/v2\/types\/post"}],"author":[{"embeddable":true,"href":"https:\/\/www.eldigitaldeasturias.com\/noticias\/wp-json\/wp\/v2\/users\/1"}],"replies":[{"embeddable":true,"href":"https:\/\/www.eldigitaldeasturias.com\/noticias\/wp-json\/wp\/v2\/comments?post=1123104"}],"version-history":[{"count":0,"href":"https:\/\/www.eldigitaldeasturias.com\/noticias\/wp-json\/wp\/v2\/posts\/1123104\/revisions"}],"wp:featuredmedia":[{"embeddable":true,"href":"https:\/\/www.eldigitaldeasturias.com\/noticias\/wp-json\/wp\/v2\/media\/1123105"}],"wp:attachment":[{"href":"https:\/\/www.eldigitaldeasturias.com\/noticias\/wp-json\/wp\/v2\/media?parent=1123104"}],"wp:term":[{"taxonomy":"category","embeddable":true,"href":"https:\/\/www.eldigitaldeasturias.com\/noticias\/wp-json\/wp\/v2\/categories?post=1123104"},{"taxonomy":"post_tag","embeddable":true,"href":"https:\/\/www.eldigitaldeasturias.com\/noticias\/wp-json\/wp\/v2\/tags?post=1123104"}],"curies":[{"name":"wp","href":"https:\/\/api.w.org\/{rel}","templated":true}]}}