{"id":1122768,"date":"2023-05-17T02:49:01","date_gmt":"2023-05-17T00:49:01","guid":{"rendered":"https:\/\/www.eldigitaldeasturias.com\/noticias\/?p=1122768"},"modified":"2023-05-17T02:49:01","modified_gmt":"2023-05-17T00:49:01","slug":"tu-perfil-de-linkedin-esta-impulsando-tu-marca-personal","status":"publish","type":"post","link":"https:\/\/www.eldigitaldeasturias.com\/noticias\/tu-perfil-de-linkedin-esta-impulsando-tu-marca-personal\/","title":{"rendered":"\u00bfTu perfil de LinkedIn est\u00e1 impulsando tu marca personal?"},"content":{"rendered":"<p>Un<strong> perfil profesional en redes sociales<\/strong> es muy importante, y mucho m\u00e1s en LinkedIn, hablamos de un sitio en la red en el que puedes mejorar tus opciones profesionales, encontrar nuevos puestos de trabajo o encontrar a otras personas con las que quiz\u00e1s puedas establecer alianzas estrat\u00e9gicas o que pueden incluso contratar tus servicios, todo depender\u00e1 de lo que hagas, busques y ofrezcas. <strong>Mejorar <a title=\"tu marca personal en LinkedIn\" href=\"https:\/\/sebastianpendino.com\/marca-personal-linkedin\/\" target=\"_blank\" rel=\"noopener\"><span style=\"color: #ff6600;\">tu marca personal en LinkedIn<\/span><\/a> te puede abrir nuevas oportunidades de trabajo o de <a href=\"https:\/\/www.eldigitaldeasturias.com\/noticias\/category\/negocios-y-empresas\/\" target=\"_blank\" rel=\"noopener\"><span style=\"color: #ff6600;\">negocio<\/span><\/a>, pero para ello tambi\u00e9n es importante dejarse asesorar por expertos que puedan darte buenos consejos triunfar en la red social y profesional que te hemos mencionado.<\/strong><\/p>\n<p><img loading=\"lazy\" decoding=\"async\" class=\"aligncenter wp-image-1122769 size-full\" src=\"https:\/\/www.eldigitaldeasturias.com\/noticias\/wp-content\/uploads\/2023\/05\/LinkedIn-profesional.jpg\" alt=\"LinkedIn profesional\" width=\"640\" height=\"480\" srcset=\"https:\/\/www.eldigitaldeasturias.com\/noticias\/wp-content\/uploads\/2023\/05\/LinkedIn-profesional.jpg 640w, https:\/\/www.eldigitaldeasturias.com\/noticias\/wp-content\/uploads\/2023\/05\/LinkedIn-profesional-360x270.jpg 360w, https:\/\/www.eldigitaldeasturias.com\/noticias\/wp-content\/uploads\/2023\/05\/LinkedIn-profesional-400x300.jpg 400w, https:\/\/www.eldigitaldeasturias.com\/noticias\/wp-content\/uploads\/2023\/05\/LinkedIn-profesional-150x113.jpg 150w, https:\/\/www.eldigitaldeasturias.com\/noticias\/wp-content\/uploads\/2023\/05\/LinkedIn-profesional-450x338.jpg 450w\" sizes=\"auto, (max-width: 640px) 100vw, 640px\" \/><\/p>\n<p><strong>Una de las personas que m\u00e1s sabe de c\u00f3mo se puede crear, administrar y potenciar una marca personal en LinkedIn es Sebasti\u00e1n Pendino<\/strong>; su trayectoria y sus muchos a\u00f1os de experiencia son su mejor aval, <strong>adem\u00e1s cuenta con muy buenas referencias en la red y en su sitio web sebastianpendino.com podr\u00e1s encontrar muchas informaci\u00f3n interesante, datos que te ser\u00e1n de gran ayuda y consejos para vender productos y servicios online.<\/strong><\/p>\n<h2>Una red que te ayudar\u00e1 a crecer y evolucionar<\/h2>\n<p>Seguramente que alguna vez te has hecho la siguiente pregunta;<strong> \u00bf<a title=\"c\u00f3mo mejorar mi perfil de LinkedIn\" href=\"https:\/\/sebastianpendino.com\/perfil-de-linkedin-optimizado\/\" target=\"_blank\" rel=\"noopener\"><span style=\"color: #ff6600;\">c\u00f3mo mejorar mi perfil de LinkedIn<\/span><\/a> para lograr nuevos contactos y para poder tener una mejor visibilidad?\u00a0<\/strong><\/p>\n<p>Una de las claves para mejorar un perfil es definir los objetivos. <strong>\u00bfBuscamos trabajo? \u00bfDeseas conocer nuevos contactos relacionados con tu actividad empresarial o industrial? \u00bfO quiz\u00e1s quieres promocionar tus marca personal?.<\/strong> Eso es lo primero que deber\u00e1s tener claro y una vez que sepas lo que realmente necesitas no lo dudes y deja que el experto que te hemos mencionado te ayude a <strong>mejorar tu presencia en LinkedIn y resuelva todos y cada uno de tus interrogantes<\/strong>, para ello lo \u00fanico que debes hacer es acceder al sitio web que te hemos mencionado y desde la secci\u00f3n de contacto explicar lo que deseas y cu\u00e1les son tus necesidades actuales. <strong>Sebasti\u00e1n Pendino te dar\u00e1 las claves para que tengas \u00e9xito.<\/strong><\/p>\n<h3>Una buena presentaci\u00f3n siempre es importante<\/h3>\n<p><strong>En la vida y en el trabajo somos lo que hacemos<\/strong> y tambi\u00e9n lo que mostramos a los dem\u00e1s, y <strong>una buena presentaci\u00f3n<\/strong> siempre es importante en redes en las que otros profesionales de tu mismo sector quiz\u00e1s tambi\u00e9n busquen lo mismo que t\u00fa, internet es un mundo que nunca descansa, y la competencia tampoco por eso a la hora de realizar una presentaci\u00f3n debemos usar palabras concretas y atractivas, y tambi\u00e9n debemos ser siempre cien por cien honestos.<\/p>\n<blockquote><p>La mejor manera de generar confianza entre clientes, colegas del sector o personas que quiz\u00e1s quieran contratarte es siendo tu mismo o tu misma, pues nuestra marca personal siempre seremos nosotros.<\/p><\/blockquote>\n<p>Otro <strong>factor clave es el SEO<\/strong>, elegir palabras relacionadas con nuestras actividad <strong>nos ayudar\u00e1 a tener una mejor presencia y por tanto m\u00e1s posibles contactos, clientes o personas interesadas en nuestros servicios.<\/strong><\/p>\n<p><img loading=\"lazy\" decoding=\"async\" class=\"aligncenter wp-image-1122770 size-full\" src=\"https:\/\/www.eldigitaldeasturias.com\/noticias\/wp-content\/uploads\/2023\/05\/LinkedIn.jpg\" alt=\"LinkedIn\" width=\"640\" height=\"427\" srcset=\"https:\/\/www.eldigitaldeasturias.com\/noticias\/wp-content\/uploads\/2023\/05\/LinkedIn.jpg 640w, https:\/\/www.eldigitaldeasturias.com\/noticias\/wp-content\/uploads\/2023\/05\/LinkedIn-360x240.jpg 360w, https:\/\/www.eldigitaldeasturias.com\/noticias\/wp-content\/uploads\/2023\/05\/LinkedIn-450x300.jpg 450w, https:\/\/www.eldigitaldeasturias.com\/noticias\/wp-content\/uploads\/2023\/05\/LinkedIn-150x100.jpg 150w\" sizes=\"auto, (max-width: 640px) 100vw, 640px\" \/><\/p>\n<h2>Asesorarse con un experto<\/h2>\n<p>En la vida <strong>siempre es necesario dejarse asesorar y trabajar con expertos<\/strong> que nos aporten un plus de calidad, que sepan dar respuestas a nuestras inquietudes o necesidades y que adem\u00e1s nos ofrezcan <strong>propuestas reales y sin letra peque\u00f1a.<\/strong><\/p>\n<p><strong>Con Sebasti\u00e1n Pendino tendr\u00e1s resultados positivos<\/strong>, pero tambi\u00e9n tendr\u00e1s que poner de tu parte; ser una persona que cumpla con lo que ofreces, ser un profesional en todos los sentidos de la palabra, y ofrecer servicios que realmente s\u00ed puedas realizar te servir\u00e1 para aumentar tu cartera de clientes, para tener m\u00e1s ofertas o para ser mejor valorado por otros trabajadores, empresarios e incluso clientes dentro de tu sector.<\/p>\n<p>Internet es lo que mueve el mundo, y <strong>LinkedIn el lugar perfecto para prosperar, encontrar personas con tus mismas afinidades o para ofrecer servicios o contratar a personas para determinadas tareas<\/strong> que te permitan dedicarte a otras actividades en tu empresa o negocio.<\/p>\n<p>\u00bfDeseas tener una buena presencia en una de las mejores redes profesionales y aumentar tu reputaci\u00f3n online? <strong>Recuerda acceder a sebastianpendino.com y descubre hoy mismo todo lo necesario para lograr tus metas.<\/strong><\/p>\n","protected":false},"excerpt":{"rendered":"<p>Un perfil profesional en redes sociales es muy importante, y mucho m\u00e1s en LinkedIn, hablamos de un sitio en la red en el que puedes mejorar tus opciones profesionales, encontrar nuevos puestos de trabajo o encontrar a otras personas con las que quiz\u00e1s puedas establecer alianzas estrat\u00e9gicas o que pueden incluso contratar tus servicios, todo [&hellip;]<\/p>\n","protected":false},"author":1,"featured_media":1122769,"comment_status":"closed","ping_status":"closed","sticky":false,"template":"","format":"standard","meta":{"footnotes":""},"categories":[219],"tags":[],"class_list":["post-1122768","post","type-post","status-publish","format-standard","has-post-thumbnail","hentry","category-negocios-y-empresas"],"aioseo_notices":[],"aioseo_head":"\n\t\t<!-- All in One SEO Pro 4.9.6.2 - aioseo.com -->\n\t<meta name=\"description\" content=\"Un perfil profesional en redes sociales es muy importante, y mucho m\u00e1s en LinkedIn, hablamos de un sitio en la red en el que puedes mejorar tus opciones\" \/>\n\t<meta name=\"robots\" content=\"max-image-preview:large\" \/>\n\t<meta name=\"author\" content=\"El Digital de Asturias\"\/>\n\t<meta name=\"google-site-verification\" content=\"UA-38556648-1\" \/>\n\t<meta name=\"msvalidate.01\" content=\"7dfe9f3f1b24437ab69f4f2559babe99\" \/>\n\t<meta name=\"keywords\" content=\"negocios y empresas\" \/>\n\t<link rel=\"canonical\" href=\"https:\/\/www.eldigitaldeasturias.com\/noticias\/tu-perfil-de-linkedin-esta-impulsando-tu-marca-personal\/\" \/>\n\t<meta name=\"generator\" content=\"All in One SEO Pro (AIOSEO) 4.9.6.2\" \/>\n\t\t<meta property=\"og:locale\" content=\"es_ES\" \/>\n\t\t<meta property=\"og:site_name\" content=\"El Digital de Asturias\" \/>\n\t\t<meta property=\"og:type\" content=\"article\" \/>\n\t\t<meta property=\"og:title\" content=\"\u00bfTu perfil de LinkedIn est\u00e1 impulsando tu marca personal? - El Digital de Asturias\" \/>\n\t\t<meta property=\"og:description\" content=\"Un perfil profesional en redes sociales es muy importante, y mucho m\u00e1s en LinkedIn, hablamos de un sitio en la red en el que puedes mejorar tus opciones\" \/>\n\t\t<meta property=\"og:url\" content=\"https:\/\/www.eldigitaldeasturias.com\/noticias\/tu-perfil-de-linkedin-esta-impulsando-tu-marca-personal\/\" \/>\n\t\t<meta property=\"og:image\" content=\"https:\/\/www.eldigitaldeasturias.com\/noticias\/wp-content\/uploads\/2023\/05\/LinkedIn-profesional.jpg\" \/>\n\t\t<meta property=\"og:image:secure_url\" content=\"https:\/\/www.eldigitaldeasturias.com\/noticias\/wp-content\/uploads\/2023\/05\/LinkedIn-profesional.jpg\" \/>\n\t\t<meta property=\"og:image:width\" content=\"640\" \/>\n\t\t<meta property=\"og:image:height\" content=\"480\" \/>\n\t\t<meta property=\"article:tag\" content=\"negocios y empresas\" \/>\n\t\t<meta property=\"article:published_time\" content=\"2023-05-17T00:49:01+00:00\" \/>\n\t\t<meta property=\"article:modified_time\" content=\"2023-05-17T00:49:01+00:00\" \/>\n\t\t<meta property=\"article:publisher\" content=\"https:\/\/facebook.com\/eldigitaldeasturias\" \/>\n\t\t<meta name=\"twitter:card\" content=\"summary_large_image\" \/>\n\t\t<meta name=\"twitter:title\" content=\"\u00bfTu perfil de LinkedIn est\u00e1 impulsando tu marca personal? - El Digital de Asturias\" \/>\n\t\t<meta name=\"twitter:description\" content=\"Un perfil profesional en redes sociales es muy importante, y mucho m\u00e1s en LinkedIn, hablamos de un sitio en la red en el que puedes mejorar tus opciones\" \/>\n\t\t<meta name=\"twitter:image\" content=\"https:\/\/www.eldigitaldeasturias.com\/noticias\/wp-content\/uploads\/2023\/05\/LinkedIn-profesional.jpg\" \/>\n\t\t<meta name=\"twitter:label1\" content=\"Escrito por\" \/>\n\t\t<meta name=\"twitter:data1\" content=\"El Digital de Asturias\" \/>\n\t\t<meta name=\"twitter:label2\" content=\"Tiempo de lectura estimado\" \/>\n\t\t<meta name=\"twitter:data2\" content=\"4 minutos\" \/>\n\t\t<script type=\"application\/ld+json\" class=\"aioseo-schema\">\n\t\t\t{\"@context\":\"https:\\\/\\\/schema.org\",\"@graph\":[{\"@type\":\"BlogPosting\",\"@id\":\"https:\\\/\\\/www.eldigitaldeasturias.com\\\/noticias\\\/tu-perfil-de-linkedin-esta-impulsando-tu-marca-personal\\\/#blogposting\",\"name\":\"\\u00bfTu perfil de LinkedIn est\\u00e1 impulsando tu marca personal? - El Digital de Asturias\",\"headline\":\"\\u00bfTu perfil de LinkedIn est\\u00e1 impulsando tu marca personal?\",\"author\":{\"@id\":\"https:\\\/\\\/www.eldigitaldeasturias.com\\\/noticias\\\/author\\\/admin\\\/#author\"},\"publisher\":{\"@id\":\"https:\\\/\\\/www.eldigitaldeasturias.com\\\/noticias\\\/#organization\"},\"image\":{\"@type\":\"ImageObject\",\"url\":\"https:\\\/\\\/www.eldigitaldeasturias.com\\\/noticias\\\/wp-content\\\/uploads\\\/2023\\\/05\\\/LinkedIn-profesional.jpg\",\"width\":640,\"height\":480,\"caption\":\"LinkedIn profesional\"},\"datePublished\":\"2023-05-17T02:49:01+02:00\",\"dateModified\":\"2023-05-17T02:49:01+02:00\",\"inLanguage\":\"es-ES\",\"mainEntityOfPage\":{\"@id\":\"https:\\\/\\\/www.eldigitaldeasturias.com\\\/noticias\\\/tu-perfil-de-linkedin-esta-impulsando-tu-marca-personal\\\/#webpage\"},\"isPartOf\":{\"@id\":\"https:\\\/\\\/www.eldigitaldeasturias.com\\\/noticias\\\/tu-perfil-de-linkedin-esta-impulsando-tu-marca-personal\\\/#webpage\"},\"articleSection\":\"Negocios y Empresas\"},{\"@type\":\"BreadcrumbList\",\"@id\":\"https:\\\/\\\/www.eldigitaldeasturias.com\\\/noticias\\\/tu-perfil-de-linkedin-esta-impulsando-tu-marca-personal\\\/#breadcrumblist\",\"itemListElement\":[{\"@type\":\"ListItem\",\"@id\":\"https:\\\/\\\/www.eldigitaldeasturias.com\\\/noticias#listItem\",\"position\":1,\"name\":\"Home\",\"item\":\"https:\\\/\\\/www.eldigitaldeasturias.com\\\/noticias\",\"nextItem\":{\"@type\":\"ListItem\",\"@id\":\"https:\\\/\\\/www.eldigitaldeasturias.com\\\/noticias\\\/category\\\/negocios-y-empresas\\\/#listItem\",\"name\":\"Negocios y Empresas\"}},{\"@type\":\"ListItem\",\"@id\":\"https:\\\/\\\/www.eldigitaldeasturias.com\\\/noticias\\\/category\\\/negocios-y-empresas\\\/#listItem\",\"position\":2,\"name\":\"Negocios y Empresas\",\"item\":\"https:\\\/\\\/www.eldigitaldeasturias.com\\\/noticias\\\/category\\\/negocios-y-empresas\\\/\",\"nextItem\":{\"@type\":\"ListItem\",\"@id\":\"https:\\\/\\\/www.eldigitaldeasturias.com\\\/noticias\\\/tu-perfil-de-linkedin-esta-impulsando-tu-marca-personal\\\/#listItem\",\"name\":\"\\u00bfTu perfil de LinkedIn est\\u00e1 impulsando tu marca personal?\"},\"previousItem\":{\"@type\":\"ListItem\",\"@id\":\"https:\\\/\\\/www.eldigitaldeasturias.com\\\/noticias#listItem\",\"name\":\"Home\"}},{\"@type\":\"ListItem\",\"@id\":\"https:\\\/\\\/www.eldigitaldeasturias.com\\\/noticias\\\/tu-perfil-de-linkedin-esta-impulsando-tu-marca-personal\\\/#listItem\",\"position\":3,\"name\":\"\\u00bfTu perfil de LinkedIn est\\u00e1 impulsando tu marca personal?\",\"previousItem\":{\"@type\":\"ListItem\",\"@id\":\"https:\\\/\\\/www.eldigitaldeasturias.com\\\/noticias\\\/category\\\/negocios-y-empresas\\\/#listItem\",\"name\":\"Negocios y Empresas\"}}]},{\"@type\":\"Organization\",\"@id\":\"https:\\\/\\\/www.eldigitaldeasturias.com\\\/noticias\\\/#organization\",\"name\":\"El Digital de Asturias\",\"description\":\"Hemeroteca\",\"url\":\"https:\\\/\\\/www.eldigitaldeasturias.com\\\/noticias\\\/\",\"email\":\"info@eldigitaldeasturias.com\",\"telephone\":\"+34652131393\",\"logo\":{\"@type\":\"ImageObject\",\"url\":\"https:\\\/\\\/www.eldigitaldeasturias.com\\\/noticias\\\/wp-content\\\/uploads\\\/2020\\\/12\\\/EDA.jpg\",\"@id\":\"https:\\\/\\\/www.eldigitaldeasturias.com\\\/noticias\\\/tu-perfil-de-linkedin-esta-impulsando-tu-marca-personal\\\/#organizationLogo\",\"width\":649,\"height\":297},\"image\":{\"@id\":\"https:\\\/\\\/www.eldigitaldeasturias.com\\\/noticias\\\/tu-perfil-de-linkedin-esta-impulsando-tu-marca-personal\\\/#organizationLogo\"},\"sameAs\":[\"https:\\\/\\\/facebook.com\\\/eldigitaldeasturias\",\"https:\\\/\\\/www.youtube.com\\\/channel\\\/UCZP-2wLEB9Rv6erhFmqVnvg\"],\"address\":{\"@id\":\"https:\\\/\\\/www.eldigitaldeasturias.com\\\/noticias\\\/#postaladdress\",\"@type\":\"PostalAddress\",\"streetAddress\":\"san antonio 4,\",\"postalCode\":\"33430\",\"addressLocality\":\"Cand\\u00e1s\",\"addressRegion\":\"Asturias\",\"addressCountry\":\"ES\"}},{\"@type\":\"Person\",\"@id\":\"https:\\\/\\\/www.eldigitaldeasturias.com\\\/noticias\\\/author\\\/admin\\\/#author\",\"url\":\"https:\\\/\\\/www.eldigitaldeasturias.com\\\/noticias\\\/author\\\/admin\\\/\",\"name\":\"El Digital de Asturias\",\"image\":{\"@type\":\"ImageObject\",\"@id\":\"https:\\\/\\\/www.eldigitaldeasturias.com\\\/noticias\\\/tu-perfil-de-linkedin-esta-impulsando-tu-marca-personal\\\/#authorImage\",\"url\":\"https:\\\/\\\/www.eldigitaldeasturias.com\\\/noticias\\\/wp-content\\\/litespeed\\\/avatar\\\/18677e78aa0546b92d9dbf31ec7d7668.jpg?ver=1777290358\",\"width\":96,\"height\":96,\"caption\":\"El Digital de Asturias\"}},{\"@type\":\"WebPage\",\"@id\":\"https:\\\/\\\/www.eldigitaldeasturias.com\\\/noticias\\\/tu-perfil-de-linkedin-esta-impulsando-tu-marca-personal\\\/#webpage\",\"url\":\"https:\\\/\\\/www.eldigitaldeasturias.com\\\/noticias\\\/tu-perfil-de-linkedin-esta-impulsando-tu-marca-personal\\\/\",\"name\":\"\\u00bfTu perfil de LinkedIn est\\u00e1 impulsando tu marca personal? - El Digital de Asturias\",\"description\":\"Un perfil profesional en redes sociales es muy importante, y mucho m\\u00e1s en LinkedIn, hablamos de un sitio en la red en el que puedes mejorar tus opciones\",\"inLanguage\":\"es-ES\",\"isPartOf\":{\"@id\":\"https:\\\/\\\/www.eldigitaldeasturias.com\\\/noticias\\\/#website\"},\"breadcrumb\":{\"@id\":\"https:\\\/\\\/www.eldigitaldeasturias.com\\\/noticias\\\/tu-perfil-de-linkedin-esta-impulsando-tu-marca-personal\\\/#breadcrumblist\"},\"author\":{\"@id\":\"https:\\\/\\\/www.eldigitaldeasturias.com\\\/noticias\\\/author\\\/admin\\\/#author\"},\"creator\":{\"@id\":\"https:\\\/\\\/www.eldigitaldeasturias.com\\\/noticias\\\/author\\\/admin\\\/#author\"},\"image\":{\"@type\":\"ImageObject\",\"url\":\"https:\\\/\\\/www.eldigitaldeasturias.com\\\/noticias\\\/wp-content\\\/uploads\\\/2023\\\/05\\\/LinkedIn-profesional.jpg\",\"@id\":\"https:\\\/\\\/www.eldigitaldeasturias.com\\\/noticias\\\/tu-perfil-de-linkedin-esta-impulsando-tu-marca-personal\\\/#mainImage\",\"width\":640,\"height\":480,\"caption\":\"LinkedIn profesional\"},\"primaryImageOfPage\":{\"@id\":\"https:\\\/\\\/www.eldigitaldeasturias.com\\\/noticias\\\/tu-perfil-de-linkedin-esta-impulsando-tu-marca-personal\\\/#mainImage\"},\"datePublished\":\"2023-05-17T02:49:01+02:00\",\"dateModified\":\"2023-05-17T02:49:01+02:00\"},{\"@type\":\"WebSite\",\"@id\":\"https:\\\/\\\/www.eldigitaldeasturias.com\\\/noticias\\\/#website\",\"url\":\"https:\\\/\\\/www.eldigitaldeasturias.com\\\/noticias\\\/\",\"name\":\"El Digital de Asturias - Diario de actualidad y noticias\",\"alternateName\":\"El Digital de Asturias - Diario de actualidad y noticias\",\"description\":\"Hemeroteca\",\"inLanguage\":\"es-ES\",\"publisher\":{\"@id\":\"https:\\\/\\\/www.eldigitaldeasturias.com\\\/noticias\\\/#organization\"}}]}\n\t\t<\/script>\n\t\t<!-- All in One SEO Pro -->\r\n\t\t<title>\u00bfTu perfil de LinkedIn est\u00e1 impulsando tu marca personal? - El Digital de Asturias<\/title>\n\n","aioseo_head_json":{"title":"\u00bfTu perfil de LinkedIn est\u00e1 impulsando tu marca personal? - El Digital de Asturias","description":"Un perfil profesional en redes sociales es muy importante, y mucho m\u00e1s en LinkedIn, hablamos de un sitio en la red en el que puedes mejorar tus opciones","canonical_url":"https:\/\/www.eldigitaldeasturias.com\/noticias\/tu-perfil-de-linkedin-esta-impulsando-tu-marca-personal\/","robots":"max-image-preview:large","keywords":"negocios y empresas","webmasterTools":{"google-site-verification":"UA-38556648-1","msvalidate.01":"7dfe9f3f1b24437ab69f4f2559babe99","miscellaneous":""},"schema":{"@context":"https:\/\/schema.org","@graph":[{"@type":"BlogPosting","@id":"https:\/\/www.eldigitaldeasturias.com\/noticias\/tu-perfil-de-linkedin-esta-impulsando-tu-marca-personal\/#blogposting","name":"\u00bfTu perfil de LinkedIn est\u00e1 impulsando tu marca personal? - El Digital de Asturias","headline":"\u00bfTu perfil de LinkedIn est\u00e1 impulsando tu marca personal?","author":{"@id":"https:\/\/www.eldigitaldeasturias.com\/noticias\/author\/admin\/#author"},"publisher":{"@id":"https:\/\/www.eldigitaldeasturias.com\/noticias\/#organization"},"image":{"@type":"ImageObject","url":"https:\/\/www.eldigitaldeasturias.com\/noticias\/wp-content\/uploads\/2023\/05\/LinkedIn-profesional.jpg","width":640,"height":480,"caption":"LinkedIn profesional"},"datePublished":"2023-05-17T02:49:01+02:00","dateModified":"2023-05-17T02:49:01+02:00","inLanguage":"es-ES","mainEntityOfPage":{"@id":"https:\/\/www.eldigitaldeasturias.com\/noticias\/tu-perfil-de-linkedin-esta-impulsando-tu-marca-personal\/#webpage"},"isPartOf":{"@id":"https:\/\/www.eldigitaldeasturias.com\/noticias\/tu-perfil-de-linkedin-esta-impulsando-tu-marca-personal\/#webpage"},"articleSection":"Negocios y Empresas"},{"@type":"BreadcrumbList","@id":"https:\/\/www.eldigitaldeasturias.com\/noticias\/tu-perfil-de-linkedin-esta-impulsando-tu-marca-personal\/#breadcrumblist","itemListElement":[{"@type":"ListItem","@id":"https:\/\/www.eldigitaldeasturias.com\/noticias#listItem","position":1,"name":"Home","item":"https:\/\/www.eldigitaldeasturias.com\/noticias","nextItem":{"@type":"ListItem","@id":"https:\/\/www.eldigitaldeasturias.com\/noticias\/category\/negocios-y-empresas\/#listItem","name":"Negocios y Empresas"}},{"@type":"ListItem","@id":"https:\/\/www.eldigitaldeasturias.com\/noticias\/category\/negocios-y-empresas\/#listItem","position":2,"name":"Negocios y Empresas","item":"https:\/\/www.eldigitaldeasturias.com\/noticias\/category\/negocios-y-empresas\/","nextItem":{"@type":"ListItem","@id":"https:\/\/www.eldigitaldeasturias.com\/noticias\/tu-perfil-de-linkedin-esta-impulsando-tu-marca-personal\/#listItem","name":"\u00bfTu perfil de LinkedIn est\u00e1 impulsando tu marca personal?"},"previousItem":{"@type":"ListItem","@id":"https:\/\/www.eldigitaldeasturias.com\/noticias#listItem","name":"Home"}},{"@type":"ListItem","@id":"https:\/\/www.eldigitaldeasturias.com\/noticias\/tu-perfil-de-linkedin-esta-impulsando-tu-marca-personal\/#listItem","position":3,"name":"\u00bfTu perfil de LinkedIn est\u00e1 impulsando tu marca personal?","previousItem":{"@type":"ListItem","@id":"https:\/\/www.eldigitaldeasturias.com\/noticias\/category\/negocios-y-empresas\/#listItem","name":"Negocios y Empresas"}}]},{"@type":"Organization","@id":"https:\/\/www.eldigitaldeasturias.com\/noticias\/#organization","name":"El Digital de Asturias","description":"Hemeroteca","url":"https:\/\/www.eldigitaldeasturias.com\/noticias\/","email":"info@eldigitaldeasturias.com","telephone":"+34652131393","logo":{"@type":"ImageObject","url":"https:\/\/www.eldigitaldeasturias.com\/noticias\/wp-content\/uploads\/2020\/12\/EDA.jpg","@id":"https:\/\/www.eldigitaldeasturias.com\/noticias\/tu-perfil-de-linkedin-esta-impulsando-tu-marca-personal\/#organizationLogo","width":649,"height":297},"image":{"@id":"https:\/\/www.eldigitaldeasturias.com\/noticias\/tu-perfil-de-linkedin-esta-impulsando-tu-marca-personal\/#organizationLogo"},"sameAs":["https:\/\/facebook.com\/eldigitaldeasturias","https:\/\/www.youtube.com\/channel\/UCZP-2wLEB9Rv6erhFmqVnvg"],"address":{"@id":"https:\/\/www.eldigitaldeasturias.com\/noticias\/#postaladdress","@type":"PostalAddress","streetAddress":"san antonio 4,","postalCode":"33430","addressLocality":"Cand\u00e1s","addressRegion":"Asturias","addressCountry":"ES"}},{"@type":"Person","@id":"https:\/\/www.eldigitaldeasturias.com\/noticias\/author\/admin\/#author","url":"https:\/\/www.eldigitaldeasturias.com\/noticias\/author\/admin\/","name":"El Digital de Asturias","image":{"@type":"ImageObject","@id":"https:\/\/www.eldigitaldeasturias.com\/noticias\/tu-perfil-de-linkedin-esta-impulsando-tu-marca-personal\/#authorImage","url":"https:\/\/www.eldigitaldeasturias.com\/noticias\/wp-content\/litespeed\/avatar\/18677e78aa0546b92d9dbf31ec7d7668.jpg?ver=1777290358","width":96,"height":96,"caption":"El Digital de Asturias"}},{"@type":"WebPage","@id":"https:\/\/www.eldigitaldeasturias.com\/noticias\/tu-perfil-de-linkedin-esta-impulsando-tu-marca-personal\/#webpage","url":"https:\/\/www.eldigitaldeasturias.com\/noticias\/tu-perfil-de-linkedin-esta-impulsando-tu-marca-personal\/","name":"\u00bfTu perfil de LinkedIn est\u00e1 impulsando tu marca personal? - El Digital de Asturias","description":"Un perfil profesional en redes sociales es muy importante, y mucho m\u00e1s en LinkedIn, hablamos de un sitio en la red en el que puedes mejorar tus opciones","inLanguage":"es-ES","isPartOf":{"@id":"https:\/\/www.eldigitaldeasturias.com\/noticias\/#website"},"breadcrumb":{"@id":"https:\/\/www.eldigitaldeasturias.com\/noticias\/tu-perfil-de-linkedin-esta-impulsando-tu-marca-personal\/#breadcrumblist"},"author":{"@id":"https:\/\/www.eldigitaldeasturias.com\/noticias\/author\/admin\/#author"},"creator":{"@id":"https:\/\/www.eldigitaldeasturias.com\/noticias\/author\/admin\/#author"},"image":{"@type":"ImageObject","url":"https:\/\/www.eldigitaldeasturias.com\/noticias\/wp-content\/uploads\/2023\/05\/LinkedIn-profesional.jpg","@id":"https:\/\/www.eldigitaldeasturias.com\/noticias\/tu-perfil-de-linkedin-esta-impulsando-tu-marca-personal\/#mainImage","width":640,"height":480,"caption":"LinkedIn profesional"},"primaryImageOfPage":{"@id":"https:\/\/www.eldigitaldeasturias.com\/noticias\/tu-perfil-de-linkedin-esta-impulsando-tu-marca-personal\/#mainImage"},"datePublished":"2023-05-17T02:49:01+02:00","dateModified":"2023-05-17T02:49:01+02:00"},{"@type":"WebSite","@id":"https:\/\/www.eldigitaldeasturias.com\/noticias\/#website","url":"https:\/\/www.eldigitaldeasturias.com\/noticias\/","name":"El Digital de Asturias - Diario de actualidad y noticias","alternateName":"El Digital de Asturias - Diario de actualidad y noticias","description":"Hemeroteca","inLanguage":"es-ES","publisher":{"@id":"https:\/\/www.eldigitaldeasturias.com\/noticias\/#organization"}}]},"og:locale":"es_ES","og:site_name":"El Digital de Asturias","og:type":"article","og:title":"\u00bfTu perfil de LinkedIn est\u00e1 impulsando tu marca personal? - El Digital de Asturias","og:description":"Un perfil profesional en redes sociales es muy importante, y mucho m\u00e1s en LinkedIn, hablamos de un sitio en la red en el que puedes mejorar tus opciones","og:url":"https:\/\/www.eldigitaldeasturias.com\/noticias\/tu-perfil-de-linkedin-esta-impulsando-tu-marca-personal\/","og:image":"https:\/\/www.eldigitaldeasturias.com\/noticias\/wp-content\/uploads\/2023\/05\/LinkedIn-profesional.jpg","og:image:secure_url":"https:\/\/www.eldigitaldeasturias.com\/noticias\/wp-content\/uploads\/2023\/05\/LinkedIn-profesional.jpg","og:image:width":640,"og:image:height":480,"article:tag":["negocios y empresas"],"article:published_time":"2023-05-17T00:49:01+00:00","article:modified_time":"2023-05-17T00:49:01+00:00","article:publisher":"https:\/\/facebook.com\/eldigitaldeasturias","twitter:card":"summary_large_image","twitter:title":"\u00bfTu perfil de LinkedIn est\u00e1 impulsando tu marca personal? - El Digital de Asturias","twitter:description":"Un perfil profesional en redes sociales es muy importante, y mucho m\u00e1s en LinkedIn, hablamos de un sitio en la red en el que puedes mejorar tus opciones","twitter:image":"https:\/\/www.eldigitaldeasturias.com\/noticias\/wp-content\/uploads\/2023\/05\/LinkedIn-profesional.jpg","twitter:label1":"Escrito por","twitter:data1":"El Digital de Asturias","twitter:label2":"Tiempo de lectura estimado","twitter:data2":"4 minutos"},"aioseo_meta_data":{"post_id":"1122768","title":null,"description":"Un perfil profesional en redes sociales es muy importante, y mucho m\u00e1s en LinkedIn, hablamos de un sitio en la red en el que puedes mejorar tus opciones","keywords":[],"keyphrases":{"focus":{"keyphrase":"LinkedIn","score":83,"analysis":{"keyphraseInTitle":{"score":9,"maxScore":9,"error":0},"keyphraseInDescription":{"score":9,"maxScore":9,"error":0},"keyphraseLength":{"score":9,"maxScore":9,"error":0,"length":1},"keyphraseInURL":{"score":1,"maxScore":5,"error":1},"keyphraseInIntroduction":{"score":9,"maxScore":9,"error":0},"keyphraseInSubHeadings":{"score":3,"maxScore":9,"error":1},"keyphraseInImageAlt":{"score":9,"maxScore":9,"error":0}}},"additional":[{"keyphrase":" perfil profesional ","score":100,"analysis":{"keyphraseInDescription":{"score":9,"maxScore":9,"error":0},"keyphraseLength":{"score":9,"maxScore":9,"error":0,"length":2},"keyphraseInIntroduction":{"score":9,"maxScore":9,"error":0},"keyphraseInImageAlt":{"score":9,"maxScore":9,"error":0}}},{"keyphrase":"profesional ","score":100,"analysis":{"keyphraseInDescription":{"score":9,"maxScore":9,"error":0},"keyphraseLength":{"score":9,"maxScore":9,"error":0,"length":1},"keyphraseInIntroduction":{"score":9,"maxScore":9,"error":0},"keyphraseInImageAlt":{"score":9,"maxScore":9,"error":0}}},{"keyphrase":"LinkedIn","score":100,"analysis":{"keyphraseInDescription":{"score":9,"maxScore":9,"error":0},"keyphraseLength":{"score":9,"maxScore":9,"error":0,"length":1},"keyphraseInIntroduction":{"score":9,"maxScore":9,"error":0},"keyphraseInImageAlt":{"score":9,"maxScore":9,"error":0}}}]},"primary_term":null,"canonical_url":null,"og_title":null,"og_description":null,"og_object_type":"default","og_image_type":"default","og_image_url":null,"og_image_width":null,"og_image_height":null,"og_image_custom_url":null,"og_image_custom_fields":null,"og_video":"","og_custom_url":null,"og_article_section":null,"og_article_tags":[],"twitter_use_og":false,"twitter_card":"default","twitter_image_type":"default","twitter_image_url":null,"twitter_image_custom_url":null,"twitter_image_custom_fields":null,"twitter_title":null,"twitter_description":null,"schema":{"blockGraphs":[],"customGraphs":[],"default":{"data":{"Article":[],"Course":[],"Dataset":[],"FAQPage":[],"Movie":[],"Person":[],"Product":[],"ProductReview":[],"Car":[],"Recipe":[],"Service":[],"SoftwareApplication":[],"WebPage":[]},"graphName":"","isEnabled":true},"graphs":[]},"schema_type":"default","schema_type_options":null,"pillar_content":false,"robots_default":true,"robots_noindex":false,"robots_noarchive":false,"robots_nosnippet":false,"robots_nofollow":false,"robots_noimageindex":false,"robots_noodp":false,"robots_notranslate":false,"robots_max_snippet":"-1","robots_max_videopreview":"-1","robots_max_imagepreview":"large","priority":null,"frequency":"default","local_seo":null,"seo_analyzer_scan_date":"2025-10-05 05:17:56","breadcrumb_settings":null,"limit_modified_date":false,"open_ai":"{\"title\":{\"suggestions\":[],\"usage\":0},\"description\":{\"suggestions\":[],\"usage\":0}}","ai":null,"created":"2023-05-17 00:34:14","updated":"2025-10-05 05:17:56"},"aioseo_breadcrumb":"<div class=\"aioseo-breadcrumbs\"><span class=\"aioseo-breadcrumb\">\n\t<a href=\"https:\/\/www.eldigitaldeasturias.com\/noticias\" title=\"Home\">Home<\/a>\n<\/span><span class=\"aioseo-breadcrumb-separator\">\u2013<\/span><span class=\"aioseo-breadcrumb\">\n\t<a href=\"https:\/\/www.eldigitaldeasturias.com\/noticias\/category\/negocios-y-empresas\/\" title=\"Negocios y Empresas\">Negocios y Empresas<\/a>\n<\/span><span class=\"aioseo-breadcrumb-separator\">\u2013<\/span><span class=\"aioseo-breadcrumb\">\n\t<a href=\"https:\/\/www.eldigitaldeasturias.com\/noticias\/tu-perfil-de-linkedin-esta-impulsando-tu-marca-personal\/\" title=\"\u00bfTu perfil de LinkedIn est\u00e1 impulsando tu marca personal?\">\u00bfTu perfil de LinkedIn est\u00e1 impulsando tu marca personal?<\/a>\n<\/span><\/div>","aioseo_breadcrumb_json":[{"label":"Home","link":"https:\/\/www.eldigitaldeasturias.com\/noticias"},{"label":"Negocios y Empresas","link":"https:\/\/www.eldigitaldeasturias.com\/noticias\/category\/negocios-y-empresas\/"},{"label":"\u00bfTu perfil de LinkedIn est\u00e1 impulsando tu marca personal?","link":"https:\/\/www.eldigitaldeasturias.com\/noticias\/tu-perfil-de-linkedin-esta-impulsando-tu-marca-personal\/"}],"_links":{"self":[{"href":"https:\/\/www.eldigitaldeasturias.com\/noticias\/wp-json\/wp\/v2\/posts\/1122768","targetHints":{"allow":["GET"]}}],"collection":[{"href":"https:\/\/www.eldigitaldeasturias.com\/noticias\/wp-json\/wp\/v2\/posts"}],"about":[{"href":"https:\/\/www.eldigitaldeasturias.com\/noticias\/wp-json\/wp\/v2\/types\/post"}],"author":[{"embeddable":true,"href":"https:\/\/www.eldigitaldeasturias.com\/noticias\/wp-json\/wp\/v2\/users\/1"}],"replies":[{"embeddable":true,"href":"https:\/\/www.eldigitaldeasturias.com\/noticias\/wp-json\/wp\/v2\/comments?post=1122768"}],"version-history":[{"count":0,"href":"https:\/\/www.eldigitaldeasturias.com\/noticias\/wp-json\/wp\/v2\/posts\/1122768\/revisions"}],"wp:featuredmedia":[{"embeddable":true,"href":"https:\/\/www.eldigitaldeasturias.com\/noticias\/wp-json\/wp\/v2\/media\/1122769"}],"wp:attachment":[{"href":"https:\/\/www.eldigitaldeasturias.com\/noticias\/wp-json\/wp\/v2\/media?parent=1122768"}],"wp:term":[{"taxonomy":"category","embeddable":true,"href":"https:\/\/www.eldigitaldeasturias.com\/noticias\/wp-json\/wp\/v2\/categories?post=1122768"},{"taxonomy":"post_tag","embeddable":true,"href":"https:\/\/www.eldigitaldeasturias.com\/noticias\/wp-json\/wp\/v2\/tags?post=1122768"}],"curies":[{"name":"wp","href":"https:\/\/api.w.org\/{rel}","templated":true}]}}