{"id":1122693,"date":"2023-05-13T00:32:57","date_gmt":"2023-05-12T22:32:57","guid":{"rendered":"https:\/\/www.eldigitaldeasturias.com\/noticias\/?p=1122693"},"modified":"2023-05-13T00:32:57","modified_gmt":"2023-05-12T22:32:57","slug":"apple-lidera-el-mercado-de-moviles-reacondicionados","status":"publish","type":"post","link":"https:\/\/www.eldigitaldeasturias.com\/noticias\/apple-lidera-el-mercado-de-moviles-reacondicionados\/","title":{"rendered":"Apple lidera el mercado de m\u00f3viles reacondicionados"},"content":{"rendered":"<p><span style=\"font-weight: 400;\">El mercado de <\/span><b>m\u00f3viles reacondicionados<\/b><span style=\"font-weight: 400;\"> no para de crecer, y <\/span><b>Apple es la marca que est\u00e1 arrasando en este sector<\/b><span style=\"font-weight: 400;\">. Estos dispositivos de segunda mano, que parecen nuevos tras recibir una actualizaci\u00f3n de pantalla y bater\u00eda, adem\u00e1s de una limpieza profunda, se revenden con garant\u00edas de dos o tres a\u00f1os y a precios que pueden llegar a tener hasta un <\/span><b>70% de descuento<\/b><span style=\"font-weight: 400;\"> respecto al modelo nuevo.<\/span><\/p>\n<p><img loading=\"lazy\" decoding=\"async\" class=\"aligncenter wp-image-1122694 size-full\" src=\"https:\/\/www.eldigitaldeasturias.com\/noticias\/wp-content\/uploads\/2023\/05\/Apple.jpg\" alt=\"Apple\" width=\"640\" height=\"362\" srcset=\"https:\/\/www.eldigitaldeasturias.com\/noticias\/wp-content\/uploads\/2023\/05\/Apple.jpg 640w, https:\/\/www.eldigitaldeasturias.com\/noticias\/wp-content\/uploads\/2023\/05\/Apple-360x204.jpg 360w, https:\/\/www.eldigitaldeasturias.com\/noticias\/wp-content\/uploads\/2023\/05\/Apple-480x272.jpg 480w, https:\/\/www.eldigitaldeasturias.com\/noticias\/wp-content\/uploads\/2023\/05\/Apple-150x85.jpg 150w, https:\/\/www.eldigitaldeasturias.com\/noticias\/wp-content\/uploads\/2023\/05\/Apple-450x255.jpg 450w\" sizes=\"auto, (max-width: 640px) 100vw, 640px\" \/><\/p>\n<p>&nbsp;<\/p>\n<p><span style=\"font-weight: 400;\">Desde El Digital de Asturias hemos querido hablar con los expertos en telefon\u00eda m\u00f3vil de <\/span><span style=\"color: #ff6600;\"><strong><a style=\"color: #ff6600;\" href=\"https:\/\/nimovil.es\" target=\"_blank\" rel=\"noopener\">nimovil.es<\/a><\/strong><\/span><span style=\"font-weight: 400;\"> y lo tienen claro, \u00abhoy en d\u00eda con las garant\u00edas que ofrecen los m\u00f3viles reacondicionados es normal que est\u00e9n en auge. Permiten a casi todo el mundo poder disfrutar de un tel\u00e9fono de gama alta\u00bb.<\/span><\/p>\n<h2><b>Apple reina en el mercado de reacondicionados<\/b><\/h2>\n<p><span style=\"font-weight: 400;\">Los iPhone representan entre el 15% y el 18% de las ventas totales de tel\u00e9fonos inteligentes nuevos en el mundo desde hace a\u00f1os, seg\u00fan datos de Counterpoint. Sin embargo, en el sector de los reacondicionados, su presencia se dispara: la mitad de los tel\u00e9fonos de este tipo que se venden en el mundo son iPhone.<\/span><\/p>\n<h2><b>Factores de crecimiento en el mercado reacondicionado<\/b><\/h2>\n<p><span style=\"font-weight: 400;\">El precio de los nuevos modelos de iPhone supera ampliamente los 1.000 euros, lo que hace que la gente busque alternativas como el modelo SE o los reacondicionados, que ofrecen el mismo producto por la mitad del precio.<\/span><\/p>\n<p><span style=\"font-weight: 400;\">Los consumidores prefieren un costo m\u00e1s bajo aunque tengan que lidiar con dispositivos con alg\u00fan defecto. Los reacondicionados tambi\u00e9n atraen a quienes tienen mayor conciencia medioambiental, ya que alargan la vida del dispositivo y tienen una menor huella de carbono que un modelo nuevo.<\/span><\/p>\n<p><b>El mercado de reacondicionados creci\u00f3 un 5% a nivel global en 2022<\/b><span style=\"font-weight: 400;\">. En China, el mayor mercado global, descendi\u00f3 un 16% debido a las restricciones del coronavirus.\u00a0<\/span><\/p>\n<p><span style=\"font-weight: 400;\">El alto precio de los tel\u00e9fonos nuevos de Apple funciona como reclamo para los potenciales compradores de reacondicionados, y tambi\u00e9n es una ventaja para las empresas que los reacondicionan, ya que les permite trabajar con m\u00e1rgenes m\u00e1s amplios.<\/span><\/p>\n<h2><b>Controlar el mercado a trav\u00e9s de la gama alta<\/b><\/h2>\n<p><span style=\"font-weight: 400;\">Apple apunta a la gama alta en todos sus tel\u00e9fonos, excepto en el iPhone SE, lo que le permite tener poco competidores en ese segmento. El mercado reacondicionado le permite introducir sus tel\u00e9fonos fuera de este segmento y atraer nuevos usuarios a su ecosistema.<\/span><\/p>\n<h2><b>Origen de los tel\u00e9fonos reacondicionados<\/b><\/h2>\n<p><span style=\"font-weight: 400;\">La demanda de iPhones reacondicionados es alta, pero \u00a0hay suficientes dispositivos para suplirla. Muchos provienen de programas de intercambio de dispositivos antiguos y de Estados Unidos, donde es habitual cambiar de m\u00f3vil cada a\u00f1o o cada 18 meses, generando un flujo de dispositivos casi nuevos.<\/span><\/p>\n","protected":false},"excerpt":{"rendered":"<p>El mercado de m\u00f3viles reacondicionados no para de crecer, y Apple es la marca que est\u00e1 arrasando en este sector. Estos dispositivos de segunda mano, que parecen nuevos tras recibir una actualizaci\u00f3n de pantalla y bater\u00eda, adem\u00e1s de una limpieza profunda, se revenden con garant\u00edas de dos o tres a\u00f1os y a precios que pueden [&hellip;]<\/p>\n","protected":false},"author":1,"featured_media":1122694,"comment_status":"closed","ping_status":"closed","sticky":false,"template":"","format":"standard","meta":{"footnotes":""},"categories":[219],"tags":[],"class_list":["post-1122693","post","type-post","status-publish","format-standard","has-post-thumbnail","hentry","category-negocios-y-empresas"],"aioseo_notices":[],"aioseo_head":"\n\t\t<!-- All in One SEO Pro 4.9.6.2 - aioseo.com -->\n\t<meta name=\"description\" content=\"El mercado de m\u00f3viles reacondicionados no para de crecer, y Apple es la marca que est\u00e1 arrasando en este sector. Estos dispositivos de segunda mano\" \/>\n\t<meta name=\"robots\" content=\"max-image-preview:large\" \/>\n\t<meta name=\"author\" content=\"El Digital de Asturias\"\/>\n\t<meta name=\"google-site-verification\" content=\"UA-38556648-1\" \/>\n\t<meta name=\"msvalidate.01\" content=\"7dfe9f3f1b24437ab69f4f2559babe99\" \/>\n\t<meta name=\"keywords\" content=\"negocios y empresas\" \/>\n\t<link rel=\"canonical\" href=\"https:\/\/www.eldigitaldeasturias.com\/noticias\/apple-lidera-el-mercado-de-moviles-reacondicionados\/\" \/>\n\t<meta name=\"generator\" content=\"All in One SEO Pro (AIOSEO) 4.9.6.2\" \/>\n\t\t<meta property=\"og:locale\" content=\"es_ES\" \/>\n\t\t<meta property=\"og:site_name\" content=\"El Digital de Asturias\" \/>\n\t\t<meta property=\"og:type\" content=\"article\" \/>\n\t\t<meta property=\"og:title\" content=\"Apple lidera el mercado de m\u00f3viles reacondicionados - El Digital de Asturias\" \/>\n\t\t<meta property=\"og:description\" content=\"El mercado de m\u00f3viles reacondicionados no para de crecer, y Apple es la marca que est\u00e1 arrasando en este sector. Estos dispositivos de segunda mano\" \/>\n\t\t<meta property=\"og:url\" content=\"https:\/\/www.eldigitaldeasturias.com\/noticias\/apple-lidera-el-mercado-de-moviles-reacondicionados\/\" \/>\n\t\t<meta property=\"og:image\" content=\"https:\/\/www.eldigitaldeasturias.com\/noticias\/wp-content\/uploads\/2023\/05\/Apple.jpg\" \/>\n\t\t<meta property=\"og:image:secure_url\" content=\"https:\/\/www.eldigitaldeasturias.com\/noticias\/wp-content\/uploads\/2023\/05\/Apple.jpg\" \/>\n\t\t<meta property=\"og:image:width\" content=\"640\" \/>\n\t\t<meta property=\"og:image:height\" content=\"362\" \/>\n\t\t<meta property=\"article:tag\" content=\"negocios y empresas\" \/>\n\t\t<meta property=\"article:published_time\" content=\"2023-05-12T22:32:57+00:00\" \/>\n\t\t<meta property=\"article:modified_time\" content=\"2023-05-12T22:32:57+00:00\" \/>\n\t\t<meta property=\"article:publisher\" content=\"https:\/\/facebook.com\/eldigitaldeasturias\" \/>\n\t\t<meta name=\"twitter:card\" content=\"summary_large_image\" \/>\n\t\t<meta name=\"twitter:title\" content=\"Apple lidera el mercado de m\u00f3viles reacondicionados - El Digital de Asturias\" \/>\n\t\t<meta name=\"twitter:description\" content=\"El mercado de m\u00f3viles reacondicionados no para de crecer, y Apple es la marca que est\u00e1 arrasando en este sector. Estos dispositivos de segunda mano\" \/>\n\t\t<meta name=\"twitter:image\" content=\"https:\/\/www.eldigitaldeasturias.com\/noticias\/wp-content\/uploads\/2023\/05\/Apple.jpg\" \/>\n\t\t<meta name=\"twitter:label1\" content=\"Escrito por\" \/>\n\t\t<meta name=\"twitter:data1\" content=\"El Digital de Asturias\" \/>\n\t\t<meta name=\"twitter:label2\" content=\"Tiempo de lectura estimado\" \/>\n\t\t<meta name=\"twitter:data2\" content=\"2 minutos\" \/>\n\t\t<script type=\"application\/ld+json\" class=\"aioseo-schema\">\n\t\t\t{\"@context\":\"https:\\\/\\\/schema.org\",\"@graph\":[{\"@type\":\"BlogPosting\",\"@id\":\"https:\\\/\\\/www.eldigitaldeasturias.com\\\/noticias\\\/apple-lidera-el-mercado-de-moviles-reacondicionados\\\/#blogposting\",\"name\":\"Apple lidera el mercado de m\\u00f3viles reacondicionados - El Digital de Asturias\",\"headline\":\"Apple lidera el mercado de m\\u00f3viles reacondicionados\",\"author\":{\"@id\":\"https:\\\/\\\/www.eldigitaldeasturias.com\\\/noticias\\\/author\\\/admin\\\/#author\"},\"publisher\":{\"@id\":\"https:\\\/\\\/www.eldigitaldeasturias.com\\\/noticias\\\/#organization\"},\"image\":{\"@type\":\"ImageObject\",\"url\":\"https:\\\/\\\/www.eldigitaldeasturias.com\\\/noticias\\\/wp-content\\\/uploads\\\/2023\\\/05\\\/Apple.jpg\",\"width\":640,\"height\":362,\"caption\":\"Apple\"},\"datePublished\":\"2023-05-13T00:32:57+02:00\",\"dateModified\":\"2023-05-13T00:32:57+02:00\",\"inLanguage\":\"es-ES\",\"mainEntityOfPage\":{\"@id\":\"https:\\\/\\\/www.eldigitaldeasturias.com\\\/noticias\\\/apple-lidera-el-mercado-de-moviles-reacondicionados\\\/#webpage\"},\"isPartOf\":{\"@id\":\"https:\\\/\\\/www.eldigitaldeasturias.com\\\/noticias\\\/apple-lidera-el-mercado-de-moviles-reacondicionados\\\/#webpage\"},\"articleSection\":\"Negocios y Empresas\"},{\"@type\":\"BreadcrumbList\",\"@id\":\"https:\\\/\\\/www.eldigitaldeasturias.com\\\/noticias\\\/apple-lidera-el-mercado-de-moviles-reacondicionados\\\/#breadcrumblist\",\"itemListElement\":[{\"@type\":\"ListItem\",\"@id\":\"https:\\\/\\\/www.eldigitaldeasturias.com\\\/noticias#listItem\",\"position\":1,\"name\":\"Home\",\"item\":\"https:\\\/\\\/www.eldigitaldeasturias.com\\\/noticias\",\"nextItem\":{\"@type\":\"ListItem\",\"@id\":\"https:\\\/\\\/www.eldigitaldeasturias.com\\\/noticias\\\/category\\\/negocios-y-empresas\\\/#listItem\",\"name\":\"Negocios y Empresas\"}},{\"@type\":\"ListItem\",\"@id\":\"https:\\\/\\\/www.eldigitaldeasturias.com\\\/noticias\\\/category\\\/negocios-y-empresas\\\/#listItem\",\"position\":2,\"name\":\"Negocios y Empresas\",\"item\":\"https:\\\/\\\/www.eldigitaldeasturias.com\\\/noticias\\\/category\\\/negocios-y-empresas\\\/\",\"nextItem\":{\"@type\":\"ListItem\",\"@id\":\"https:\\\/\\\/www.eldigitaldeasturias.com\\\/noticias\\\/apple-lidera-el-mercado-de-moviles-reacondicionados\\\/#listItem\",\"name\":\"Apple lidera el mercado de m\\u00f3viles reacondicionados\"},\"previousItem\":{\"@type\":\"ListItem\",\"@id\":\"https:\\\/\\\/www.eldigitaldeasturias.com\\\/noticias#listItem\",\"name\":\"Home\"}},{\"@type\":\"ListItem\",\"@id\":\"https:\\\/\\\/www.eldigitaldeasturias.com\\\/noticias\\\/apple-lidera-el-mercado-de-moviles-reacondicionados\\\/#listItem\",\"position\":3,\"name\":\"Apple lidera el mercado de m\\u00f3viles reacondicionados\",\"previousItem\":{\"@type\":\"ListItem\",\"@id\":\"https:\\\/\\\/www.eldigitaldeasturias.com\\\/noticias\\\/category\\\/negocios-y-empresas\\\/#listItem\",\"name\":\"Negocios y Empresas\"}}]},{\"@type\":\"Organization\",\"@id\":\"https:\\\/\\\/www.eldigitaldeasturias.com\\\/noticias\\\/#organization\",\"name\":\"El Digital de Asturias\",\"description\":\"Hemeroteca\",\"url\":\"https:\\\/\\\/www.eldigitaldeasturias.com\\\/noticias\\\/\",\"email\":\"info@eldigitaldeasturias.com\",\"telephone\":\"+34652131393\",\"logo\":{\"@type\":\"ImageObject\",\"url\":\"https:\\\/\\\/www.eldigitaldeasturias.com\\\/noticias\\\/wp-content\\\/uploads\\\/2020\\\/12\\\/EDA.jpg\",\"@id\":\"https:\\\/\\\/www.eldigitaldeasturias.com\\\/noticias\\\/apple-lidera-el-mercado-de-moviles-reacondicionados\\\/#organizationLogo\",\"width\":649,\"height\":297},\"image\":{\"@id\":\"https:\\\/\\\/www.eldigitaldeasturias.com\\\/noticias\\\/apple-lidera-el-mercado-de-moviles-reacondicionados\\\/#organizationLogo\"},\"sameAs\":[\"https:\\\/\\\/facebook.com\\\/eldigitaldeasturias\",\"https:\\\/\\\/www.youtube.com\\\/channel\\\/UCZP-2wLEB9Rv6erhFmqVnvg\"],\"address\":{\"@id\":\"https:\\\/\\\/www.eldigitaldeasturias.com\\\/noticias\\\/#postaladdress\",\"@type\":\"PostalAddress\",\"streetAddress\":\"san antonio 4,\",\"postalCode\":\"33430\",\"addressLocality\":\"Cand\\u00e1s\",\"addressRegion\":\"Asturias\",\"addressCountry\":\"ES\"}},{\"@type\":\"Person\",\"@id\":\"https:\\\/\\\/www.eldigitaldeasturias.com\\\/noticias\\\/author\\\/admin\\\/#author\",\"url\":\"https:\\\/\\\/www.eldigitaldeasturias.com\\\/noticias\\\/author\\\/admin\\\/\",\"name\":\"El Digital de Asturias\",\"image\":{\"@type\":\"ImageObject\",\"@id\":\"https:\\\/\\\/www.eldigitaldeasturias.com\\\/noticias\\\/apple-lidera-el-mercado-de-moviles-reacondicionados\\\/#authorImage\",\"url\":\"https:\\\/\\\/www.eldigitaldeasturias.com\\\/noticias\\\/wp-content\\\/litespeed\\\/avatar\\\/18677e78aa0546b92d9dbf31ec7d7668.jpg?ver=1777290358\",\"width\":96,\"height\":96,\"caption\":\"El Digital de Asturias\"}},{\"@type\":\"WebPage\",\"@id\":\"https:\\\/\\\/www.eldigitaldeasturias.com\\\/noticias\\\/apple-lidera-el-mercado-de-moviles-reacondicionados\\\/#webpage\",\"url\":\"https:\\\/\\\/www.eldigitaldeasturias.com\\\/noticias\\\/apple-lidera-el-mercado-de-moviles-reacondicionados\\\/\",\"name\":\"Apple lidera el mercado de m\\u00f3viles reacondicionados - El Digital de Asturias\",\"description\":\"El mercado de m\\u00f3viles reacondicionados no para de crecer, y Apple es la marca que est\\u00e1 arrasando en este sector. Estos dispositivos de segunda mano\",\"inLanguage\":\"es-ES\",\"isPartOf\":{\"@id\":\"https:\\\/\\\/www.eldigitaldeasturias.com\\\/noticias\\\/#website\"},\"breadcrumb\":{\"@id\":\"https:\\\/\\\/www.eldigitaldeasturias.com\\\/noticias\\\/apple-lidera-el-mercado-de-moviles-reacondicionados\\\/#breadcrumblist\"},\"author\":{\"@id\":\"https:\\\/\\\/www.eldigitaldeasturias.com\\\/noticias\\\/author\\\/admin\\\/#author\"},\"creator\":{\"@id\":\"https:\\\/\\\/www.eldigitaldeasturias.com\\\/noticias\\\/author\\\/admin\\\/#author\"},\"image\":{\"@type\":\"ImageObject\",\"url\":\"https:\\\/\\\/www.eldigitaldeasturias.com\\\/noticias\\\/wp-content\\\/uploads\\\/2023\\\/05\\\/Apple.jpg\",\"@id\":\"https:\\\/\\\/www.eldigitaldeasturias.com\\\/noticias\\\/apple-lidera-el-mercado-de-moviles-reacondicionados\\\/#mainImage\",\"width\":640,\"height\":362,\"caption\":\"Apple\"},\"primaryImageOfPage\":{\"@id\":\"https:\\\/\\\/www.eldigitaldeasturias.com\\\/noticias\\\/apple-lidera-el-mercado-de-moviles-reacondicionados\\\/#mainImage\"},\"datePublished\":\"2023-05-13T00:32:57+02:00\",\"dateModified\":\"2023-05-13T00:32:57+02:00\"},{\"@type\":\"WebSite\",\"@id\":\"https:\\\/\\\/www.eldigitaldeasturias.com\\\/noticias\\\/#website\",\"url\":\"https:\\\/\\\/www.eldigitaldeasturias.com\\\/noticias\\\/\",\"name\":\"El Digital de Asturias - Diario de actualidad y noticias\",\"alternateName\":\"El Digital de Asturias - Diario de actualidad y noticias\",\"description\":\"Hemeroteca\",\"inLanguage\":\"es-ES\",\"publisher\":{\"@id\":\"https:\\\/\\\/www.eldigitaldeasturias.com\\\/noticias\\\/#organization\"}}]}\n\t\t<\/script>\n\t\t<!-- All in One SEO Pro -->\r\n\t\t<title>Apple lidera el mercado de m\u00f3viles reacondicionados - El Digital de Asturias<\/title>\n\n","aioseo_head_json":{"title":"Apple lidera el mercado de m\u00f3viles reacondicionados - El Digital de Asturias","description":"El mercado de m\u00f3viles reacondicionados no para de crecer, y Apple es la marca que est\u00e1 arrasando en este sector. Estos dispositivos de segunda mano","canonical_url":"https:\/\/www.eldigitaldeasturias.com\/noticias\/apple-lidera-el-mercado-de-moviles-reacondicionados\/","robots":"max-image-preview:large","keywords":"negocios y empresas","webmasterTools":{"google-site-verification":"UA-38556648-1","msvalidate.01":"7dfe9f3f1b24437ab69f4f2559babe99","miscellaneous":""},"schema":{"@context":"https:\/\/schema.org","@graph":[{"@type":"BlogPosting","@id":"https:\/\/www.eldigitaldeasturias.com\/noticias\/apple-lidera-el-mercado-de-moviles-reacondicionados\/#blogposting","name":"Apple lidera el mercado de m\u00f3viles reacondicionados - El Digital de Asturias","headline":"Apple lidera el mercado de m\u00f3viles reacondicionados","author":{"@id":"https:\/\/www.eldigitaldeasturias.com\/noticias\/author\/admin\/#author"},"publisher":{"@id":"https:\/\/www.eldigitaldeasturias.com\/noticias\/#organization"},"image":{"@type":"ImageObject","url":"https:\/\/www.eldigitaldeasturias.com\/noticias\/wp-content\/uploads\/2023\/05\/Apple.jpg","width":640,"height":362,"caption":"Apple"},"datePublished":"2023-05-13T00:32:57+02:00","dateModified":"2023-05-13T00:32:57+02:00","inLanguage":"es-ES","mainEntityOfPage":{"@id":"https:\/\/www.eldigitaldeasturias.com\/noticias\/apple-lidera-el-mercado-de-moviles-reacondicionados\/#webpage"},"isPartOf":{"@id":"https:\/\/www.eldigitaldeasturias.com\/noticias\/apple-lidera-el-mercado-de-moviles-reacondicionados\/#webpage"},"articleSection":"Negocios y Empresas"},{"@type":"BreadcrumbList","@id":"https:\/\/www.eldigitaldeasturias.com\/noticias\/apple-lidera-el-mercado-de-moviles-reacondicionados\/#breadcrumblist","itemListElement":[{"@type":"ListItem","@id":"https:\/\/www.eldigitaldeasturias.com\/noticias#listItem","position":1,"name":"Home","item":"https:\/\/www.eldigitaldeasturias.com\/noticias","nextItem":{"@type":"ListItem","@id":"https:\/\/www.eldigitaldeasturias.com\/noticias\/category\/negocios-y-empresas\/#listItem","name":"Negocios y Empresas"}},{"@type":"ListItem","@id":"https:\/\/www.eldigitaldeasturias.com\/noticias\/category\/negocios-y-empresas\/#listItem","position":2,"name":"Negocios y Empresas","item":"https:\/\/www.eldigitaldeasturias.com\/noticias\/category\/negocios-y-empresas\/","nextItem":{"@type":"ListItem","@id":"https:\/\/www.eldigitaldeasturias.com\/noticias\/apple-lidera-el-mercado-de-moviles-reacondicionados\/#listItem","name":"Apple lidera el mercado de m\u00f3viles reacondicionados"},"previousItem":{"@type":"ListItem","@id":"https:\/\/www.eldigitaldeasturias.com\/noticias#listItem","name":"Home"}},{"@type":"ListItem","@id":"https:\/\/www.eldigitaldeasturias.com\/noticias\/apple-lidera-el-mercado-de-moviles-reacondicionados\/#listItem","position":3,"name":"Apple lidera el mercado de m\u00f3viles reacondicionados","previousItem":{"@type":"ListItem","@id":"https:\/\/www.eldigitaldeasturias.com\/noticias\/category\/negocios-y-empresas\/#listItem","name":"Negocios y Empresas"}}]},{"@type":"Organization","@id":"https:\/\/www.eldigitaldeasturias.com\/noticias\/#organization","name":"El Digital de Asturias","description":"Hemeroteca","url":"https:\/\/www.eldigitaldeasturias.com\/noticias\/","email":"info@eldigitaldeasturias.com","telephone":"+34652131393","logo":{"@type":"ImageObject","url":"https:\/\/www.eldigitaldeasturias.com\/noticias\/wp-content\/uploads\/2020\/12\/EDA.jpg","@id":"https:\/\/www.eldigitaldeasturias.com\/noticias\/apple-lidera-el-mercado-de-moviles-reacondicionados\/#organizationLogo","width":649,"height":297},"image":{"@id":"https:\/\/www.eldigitaldeasturias.com\/noticias\/apple-lidera-el-mercado-de-moviles-reacondicionados\/#organizationLogo"},"sameAs":["https:\/\/facebook.com\/eldigitaldeasturias","https:\/\/www.youtube.com\/channel\/UCZP-2wLEB9Rv6erhFmqVnvg"],"address":{"@id":"https:\/\/www.eldigitaldeasturias.com\/noticias\/#postaladdress","@type":"PostalAddress","streetAddress":"san antonio 4,","postalCode":"33430","addressLocality":"Cand\u00e1s","addressRegion":"Asturias","addressCountry":"ES"}},{"@type":"Person","@id":"https:\/\/www.eldigitaldeasturias.com\/noticias\/author\/admin\/#author","url":"https:\/\/www.eldigitaldeasturias.com\/noticias\/author\/admin\/","name":"El Digital de Asturias","image":{"@type":"ImageObject","@id":"https:\/\/www.eldigitaldeasturias.com\/noticias\/apple-lidera-el-mercado-de-moviles-reacondicionados\/#authorImage","url":"https:\/\/www.eldigitaldeasturias.com\/noticias\/wp-content\/litespeed\/avatar\/18677e78aa0546b92d9dbf31ec7d7668.jpg?ver=1777290358","width":96,"height":96,"caption":"El Digital de Asturias"}},{"@type":"WebPage","@id":"https:\/\/www.eldigitaldeasturias.com\/noticias\/apple-lidera-el-mercado-de-moviles-reacondicionados\/#webpage","url":"https:\/\/www.eldigitaldeasturias.com\/noticias\/apple-lidera-el-mercado-de-moviles-reacondicionados\/","name":"Apple lidera el mercado de m\u00f3viles reacondicionados - El Digital de Asturias","description":"El mercado de m\u00f3viles reacondicionados no para de crecer, y Apple es la marca que est\u00e1 arrasando en este sector. Estos dispositivos de segunda mano","inLanguage":"es-ES","isPartOf":{"@id":"https:\/\/www.eldigitaldeasturias.com\/noticias\/#website"},"breadcrumb":{"@id":"https:\/\/www.eldigitaldeasturias.com\/noticias\/apple-lidera-el-mercado-de-moviles-reacondicionados\/#breadcrumblist"},"author":{"@id":"https:\/\/www.eldigitaldeasturias.com\/noticias\/author\/admin\/#author"},"creator":{"@id":"https:\/\/www.eldigitaldeasturias.com\/noticias\/author\/admin\/#author"},"image":{"@type":"ImageObject","url":"https:\/\/www.eldigitaldeasturias.com\/noticias\/wp-content\/uploads\/2023\/05\/Apple.jpg","@id":"https:\/\/www.eldigitaldeasturias.com\/noticias\/apple-lidera-el-mercado-de-moviles-reacondicionados\/#mainImage","width":640,"height":362,"caption":"Apple"},"primaryImageOfPage":{"@id":"https:\/\/www.eldigitaldeasturias.com\/noticias\/apple-lidera-el-mercado-de-moviles-reacondicionados\/#mainImage"},"datePublished":"2023-05-13T00:32:57+02:00","dateModified":"2023-05-13T00:32:57+02:00"},{"@type":"WebSite","@id":"https:\/\/www.eldigitaldeasturias.com\/noticias\/#website","url":"https:\/\/www.eldigitaldeasturias.com\/noticias\/","name":"El Digital de Asturias - Diario de actualidad y noticias","alternateName":"El Digital de Asturias - Diario de actualidad y noticias","description":"Hemeroteca","inLanguage":"es-ES","publisher":{"@id":"https:\/\/www.eldigitaldeasturias.com\/noticias\/#organization"}}]},"og:locale":"es_ES","og:site_name":"El Digital de Asturias","og:type":"article","og:title":"Apple lidera el mercado de m\u00f3viles reacondicionados - El Digital de Asturias","og:description":"El mercado de m\u00f3viles reacondicionados no para de crecer, y Apple es la marca que est\u00e1 arrasando en este sector. Estos dispositivos de segunda mano","og:url":"https:\/\/www.eldigitaldeasturias.com\/noticias\/apple-lidera-el-mercado-de-moviles-reacondicionados\/","og:image":"https:\/\/www.eldigitaldeasturias.com\/noticias\/wp-content\/uploads\/2023\/05\/Apple.jpg","og:image:secure_url":"https:\/\/www.eldigitaldeasturias.com\/noticias\/wp-content\/uploads\/2023\/05\/Apple.jpg","og:image:width":640,"og:image:height":362,"article:tag":["negocios y empresas"],"article:published_time":"2023-05-12T22:32:57+00:00","article:modified_time":"2023-05-12T22:32:57+00:00","article:publisher":"https:\/\/facebook.com\/eldigitaldeasturias","twitter:card":"summary_large_image","twitter:title":"Apple lidera el mercado de m\u00f3viles reacondicionados - El Digital de Asturias","twitter:description":"El mercado de m\u00f3viles reacondicionados no para de crecer, y Apple es la marca que est\u00e1 arrasando en este sector. Estos dispositivos de segunda mano","twitter:image":"https:\/\/www.eldigitaldeasturias.com\/noticias\/wp-content\/uploads\/2023\/05\/Apple.jpg","twitter:label1":"Escrito por","twitter:data1":"El Digital de Asturias","twitter:label2":"Tiempo de lectura estimado","twitter:data2":"2 minutos"},"aioseo_meta_data":{"post_id":"1122693","title":null,"description":"El mercado de m\u00f3viles reacondicionados no para de crecer, y Apple es la marca que est\u00e1 arrasando en este sector. Estos dispositivos de segunda mano","keywords":[],"keyphrases":{"focus":{"keyphrase":"Apple ","score":83,"analysis":{"keyphraseInTitle":{"score":9,"maxScore":9,"error":0},"keyphraseInDescription":{"score":9,"maxScore":9,"error":0},"keyphraseLength":{"score":9,"maxScore":9,"error":0,"length":1},"keyphraseInURL":{"score":1,"maxScore":5,"error":1},"keyphraseInIntroduction":{"score":9,"maxScore":9,"error":0},"keyphraseInSubHeadings":{"score":3,"maxScore":9,"error":1},"keyphraseInImageAlt":{"score":9,"maxScore":9,"error":0}}},"additional":[{"keyphrase":"mercado de m\u00f3viles","score":83,"analysis":{"keyphraseInDescription":{"score":9,"maxScore":9,"error":0},"keyphraseLength":{"score":9,"maxScore":9,"error":0,"length":3},"keyphraseInIntroduction":{"score":9,"maxScore":9,"error":0},"keyphraseInImageAlt":{"score":3,"maxScore":9,"error":1}}},{"keyphrase":" reacondicionados","score":100,"analysis":{"keyphraseInDescription":{"score":9,"maxScore":9,"error":0},"keyphraseLength":{"score":9,"maxScore":9,"error":0,"length":1},"keyphraseInIntroduction":{"score":9,"maxScore":9,"error":0},"keyphraseInImageAlt":{"score":9,"maxScore":9,"error":0}}},{"keyphrase":"Apple ","score":100,"analysis":{"keyphraseInDescription":{"score":9,"maxScore":9,"error":0},"keyphraseLength":{"score":9,"maxScore":9,"error":0,"length":1},"keyphraseInIntroduction":{"score":9,"maxScore":9,"error":0},"keyphraseInImageAlt":{"score":9,"maxScore":9,"error":0}}}]},"primary_term":null,"canonical_url":null,"og_title":null,"og_description":null,"og_object_type":"default","og_image_type":"default","og_image_url":null,"og_image_width":null,"og_image_height":null,"og_image_custom_url":null,"og_image_custom_fields":null,"og_video":"","og_custom_url":null,"og_article_section":null,"og_article_tags":[],"twitter_use_og":false,"twitter_card":"default","twitter_image_type":"default","twitter_image_url":null,"twitter_image_custom_url":null,"twitter_image_custom_fields":null,"twitter_title":null,"twitter_description":null,"schema":{"blockGraphs":[],"customGraphs":[],"default":{"data":{"Article":[],"Course":[],"Dataset":[],"FAQPage":[],"Movie":[],"Person":[],"Product":[],"ProductReview":[],"Car":[],"Recipe":[],"Service":[],"SoftwareApplication":[],"WebPage":[]},"graphName":"","isEnabled":true},"graphs":[]},"schema_type":"default","schema_type_options":null,"pillar_content":false,"robots_default":true,"robots_noindex":false,"robots_noarchive":false,"robots_nosnippet":false,"robots_nofollow":false,"robots_noimageindex":false,"robots_noodp":false,"robots_notranslate":false,"robots_max_snippet":"-1","robots_max_videopreview":"-1","robots_max_imagepreview":"large","priority":null,"frequency":"default","local_seo":null,"seo_analyzer_scan_date":"2025-10-05 04:59:43","breadcrumb_settings":null,"limit_modified_date":false,"open_ai":"{\"title\":{\"suggestions\":[],\"usage\":0},\"description\":{\"suggestions\":[],\"usage\":0}}","ai":null,"created":"2023-05-12 22:28:07","updated":"2025-10-05 04:59:43"},"aioseo_breadcrumb":"<div class=\"aioseo-breadcrumbs\"><span class=\"aioseo-breadcrumb\">\n\t<a href=\"https:\/\/www.eldigitaldeasturias.com\/noticias\" title=\"Home\">Home<\/a>\n<\/span><span class=\"aioseo-breadcrumb-separator\">\u2013<\/span><span class=\"aioseo-breadcrumb\">\n\t<a href=\"https:\/\/www.eldigitaldeasturias.com\/noticias\/category\/negocios-y-empresas\/\" title=\"Negocios y Empresas\">Negocios y Empresas<\/a>\n<\/span><span class=\"aioseo-breadcrumb-separator\">\u2013<\/span><span class=\"aioseo-breadcrumb\">\n\t<a href=\"https:\/\/www.eldigitaldeasturias.com\/noticias\/apple-lidera-el-mercado-de-moviles-reacondicionados\/\" title=\"Apple lidera el mercado de m\u00f3viles reacondicionados\">Apple lidera el mercado de m\u00f3viles reacondicionados<\/a>\n<\/span><\/div>","aioseo_breadcrumb_json":[{"label":"Home","link":"https:\/\/www.eldigitaldeasturias.com\/noticias"},{"label":"Negocios y Empresas","link":"https:\/\/www.eldigitaldeasturias.com\/noticias\/category\/negocios-y-empresas\/"},{"label":"Apple lidera el mercado de m\u00f3viles reacondicionados","link":"https:\/\/www.eldigitaldeasturias.com\/noticias\/apple-lidera-el-mercado-de-moviles-reacondicionados\/"}],"_links":{"self":[{"href":"https:\/\/www.eldigitaldeasturias.com\/noticias\/wp-json\/wp\/v2\/posts\/1122693","targetHints":{"allow":["GET"]}}],"collection":[{"href":"https:\/\/www.eldigitaldeasturias.com\/noticias\/wp-json\/wp\/v2\/posts"}],"about":[{"href":"https:\/\/www.eldigitaldeasturias.com\/noticias\/wp-json\/wp\/v2\/types\/post"}],"author":[{"embeddable":true,"href":"https:\/\/www.eldigitaldeasturias.com\/noticias\/wp-json\/wp\/v2\/users\/1"}],"replies":[{"embeddable":true,"href":"https:\/\/www.eldigitaldeasturias.com\/noticias\/wp-json\/wp\/v2\/comments?post=1122693"}],"version-history":[{"count":0,"href":"https:\/\/www.eldigitaldeasturias.com\/noticias\/wp-json\/wp\/v2\/posts\/1122693\/revisions"}],"wp:featuredmedia":[{"embeddable":true,"href":"https:\/\/www.eldigitaldeasturias.com\/noticias\/wp-json\/wp\/v2\/media\/1122694"}],"wp:attachment":[{"href":"https:\/\/www.eldigitaldeasturias.com\/noticias\/wp-json\/wp\/v2\/media?parent=1122693"}],"wp:term":[{"taxonomy":"category","embeddable":true,"href":"https:\/\/www.eldigitaldeasturias.com\/noticias\/wp-json\/wp\/v2\/categories?post=1122693"},{"taxonomy":"post_tag","embeddable":true,"href":"https:\/\/www.eldigitaldeasturias.com\/noticias\/wp-json\/wp\/v2\/tags?post=1122693"}],"curies":[{"name":"wp","href":"https:\/\/api.w.org\/{rel}","templated":true}]}}