{"id":1122361,"date":"2023-04-28T21:46:38","date_gmt":"2023-04-28T19:46:38","guid":{"rendered":"https:\/\/www.eldigitaldeasturias.com\/noticias\/?p=1122361"},"modified":"2023-04-28T21:46:38","modified_gmt":"2023-04-28T19:46:38","slug":"los-beneficios-de-mercedes-benz-suben-un-12-por-ciento-en-primer-trimestre-de-2023","status":"publish","type":"post","link":"https:\/\/www.eldigitaldeasturias.com\/noticias\/los-beneficios-de-mercedes-benz-suben-un-12-por-ciento-en-primer-trimestre-de-2023\/","title":{"rendered":"Los beneficios de Mercedes-Benz suben un 12 por ciento en primer trimestre de 2023"},"content":{"rendered":"<p>Stuttgart (Alemania), 28 abr (dpa) &#8211; Los beneficios de la <a href=\"https:\/\/www.eldigitaldeasturias.com\/noticias\/category\/negocios-y-empresas\/\"><span style=\"color: #ff6600;\"><strong>automotriz<\/strong><\/span><\/a> alemana Mercedes-Benz subieron un 12 por ciento en el primer trimestre de 2023, hasta los 4.010 millones de euros (4.409 millones de d\u00f3lares), seg\u00fan anunci\u00f3 hoy la compa\u00f1\u00eda.<\/p>\n<figure id=\"attachment_1122362\" aria-describedby=\"caption-attachment-1122362\" style=\"width: 650px\" class=\"wp-caption aligncenter\"><img loading=\"lazy\" decoding=\"async\" class=\"wp-image-1122362 size-large\" src=\"https:\/\/www.eldigitaldeasturias.com\/noticias\/wp-content\/uploads\/2023\/04\/Mercedes-Benz-650x437.jpg\" alt=\"Mercedes-Benz\" width=\"650\" height=\"437\" srcset=\"https:\/\/www.eldigitaldeasturias.com\/noticias\/wp-content\/uploads\/2023\/04\/Mercedes-Benz-650x437.jpg 650w, https:\/\/www.eldigitaldeasturias.com\/noticias\/wp-content\/uploads\/2023\/04\/Mercedes-Benz-360x242.jpg 360w, https:\/\/www.eldigitaldeasturias.com\/noticias\/wp-content\/uploads\/2023\/04\/Mercedes-Benz-446x300.jpg 446w, https:\/\/www.eldigitaldeasturias.com\/noticias\/wp-content\/uploads\/2023\/04\/Mercedes-Benz-768x516.jpg 768w, https:\/\/www.eldigitaldeasturias.com\/noticias\/wp-content\/uploads\/2023\/04\/Mercedes-Benz-150x101.jpg 150w, https:\/\/www.eldigitaldeasturias.com\/noticias\/wp-content\/uploads\/2023\/04\/Mercedes-Benz-450x302.jpg 450w, https:\/\/www.eldigitaldeasturias.com\/noticias\/wp-content\/uploads\/2023\/04\/Mercedes-Benz.jpg 973w\" sizes=\"auto, (max-width: 650px) 100vw, 650px\" \/><figcaption id=\"caption-attachment-1122362\" class=\"wp-caption-text\">L\u00ednea de producci\u00f3n de coches de lujo de la planta de Mercedes-Benz en la ciudad alemana de Sindelfingen. Foto: Bernd Wei\u00dfbrod\/dpa<\/figcaption><\/figure>\n<p>Los buenos resultados fueron impulsados por el aumento del tres por ciento en las ventas, como ya se conoc\u00eda, dentro de las cuales el segmento de los coches de lujo creci\u00f3 con fuerza un ocho por ciento (37.520 millones de euros).<\/p>\n<p>La empresa confirm\u00f3 a su vez cifras preliminares el resultado de explotaci\u00f3n antes de intereses e impuestos y ajustado por costes especiales, que aument\u00f3 un dos por ciento, hasta 5.420 millones de euros.<\/p>\n<p>Mercedes agreg\u00f3 que vendi\u00f3 503.483 coches en el trimestre, incluida la marca de coches peque\u00f1os Smart. El n\u00famero de coches totalmente el\u00e9ctricos vendidos aument\u00f3 un 89 por ciento, hasta los 51.639.<\/p>\n","protected":false},"excerpt":{"rendered":"<p>Stuttgart (Alemania), 28 abr (dpa) &#8211; Los beneficios de la automotriz alemana Mercedes-Benz subieron un 12 por ciento en el primer trimestre de 2023, hasta los 4.010 millones de euros (4.409 millones de d\u00f3lares), seg\u00fan anunci\u00f3 hoy la compa\u00f1\u00eda. Los buenos resultados fueron impulsados por el aumento del tres por ciento en las ventas, como [&hellip;]<\/p>\n","protected":false},"author":1,"featured_media":1122362,"comment_status":"closed","ping_status":"closed","sticky":false,"template":"","format":"standard","meta":{"footnotes":""},"categories":[219],"tags":[],"class_list":["post-1122361","post","type-post","status-publish","format-standard","has-post-thumbnail","hentry","category-negocios-y-empresas"],"aioseo_notices":[],"aioseo_head":"\n\t\t<!-- All in One SEO Pro 4.9.6.2 - aioseo.com -->\n\t<meta name=\"description\" content=\"Stuttgart (Alemania), 28 abr (dpa) - Los beneficios de la automotriz alemana Mercedes-Benz subieron un 12 por ciento en el primer trimestre de 2023\" \/>\n\t<meta name=\"robots\" content=\"max-image-preview:large\" \/>\n\t<meta name=\"author\" content=\"El Digital de Asturias\"\/>\n\t<meta name=\"google-site-verification\" content=\"UA-38556648-1\" \/>\n\t<meta name=\"msvalidate.01\" content=\"7dfe9f3f1b24437ab69f4f2559babe99\" \/>\n\t<meta name=\"keywords\" content=\"negocios y empresas\" \/>\n\t<link rel=\"canonical\" href=\"https:\/\/www.eldigitaldeasturias.com\/noticias\/los-beneficios-de-mercedes-benz-suben-un-12-por-ciento-en-primer-trimestre-de-2023\/\" \/>\n\t<meta name=\"generator\" content=\"All in One SEO Pro (AIOSEO) 4.9.6.2\" \/>\n\t\t<meta property=\"og:locale\" content=\"es_ES\" \/>\n\t\t<meta property=\"og:site_name\" content=\"El Digital de Asturias\" \/>\n\t\t<meta property=\"og:type\" content=\"article\" \/>\n\t\t<meta property=\"og:title\" content=\"Los beneficios de Mercedes-Benz suben un 12 por ciento en primer trimestre de 2023 - El Digital de Asturias\" \/>\n\t\t<meta property=\"og:description\" content=\"Stuttgart (Alemania), 28 abr (dpa) - Los beneficios de la automotriz alemana Mercedes-Benz subieron un 12 por ciento en el primer trimestre de 2023\" \/>\n\t\t<meta property=\"og:url\" content=\"https:\/\/www.eldigitaldeasturias.com\/noticias\/los-beneficios-de-mercedes-benz-suben-un-12-por-ciento-en-primer-trimestre-de-2023\/\" \/>\n\t\t<meta property=\"og:image\" content=\"https:\/\/www.eldigitaldeasturias.com\/noticias\/wp-content\/uploads\/2023\/04\/Mercedes-Benz.jpg\" \/>\n\t\t<meta property=\"og:image:secure_url\" content=\"https:\/\/www.eldigitaldeasturias.com\/noticias\/wp-content\/uploads\/2023\/04\/Mercedes-Benz.jpg\" \/>\n\t\t<meta property=\"og:image:width\" content=\"973\" \/>\n\t\t<meta property=\"og:image:height\" content=\"654\" \/>\n\t\t<meta property=\"article:tag\" content=\"negocios y empresas\" \/>\n\t\t<meta property=\"article:published_time\" content=\"2023-04-28T19:46:38+00:00\" \/>\n\t\t<meta property=\"article:modified_time\" content=\"2023-04-28T19:46:38+00:00\" \/>\n\t\t<meta property=\"article:publisher\" content=\"https:\/\/facebook.com\/eldigitaldeasturias\" \/>\n\t\t<meta name=\"twitter:card\" content=\"summary_large_image\" \/>\n\t\t<meta name=\"twitter:title\" content=\"Los beneficios de Mercedes-Benz suben un 12 por ciento en primer trimestre de 2023 - El Digital de Asturias\" \/>\n\t\t<meta name=\"twitter:description\" content=\"Stuttgart (Alemania), 28 abr (dpa) - Los beneficios de la automotriz alemana Mercedes-Benz subieron un 12 por ciento en el primer trimestre de 2023\" \/>\n\t\t<meta name=\"twitter:image\" content=\"https:\/\/www.eldigitaldeasturias.com\/noticias\/wp-content\/uploads\/2023\/04\/Mercedes-Benz.jpg\" \/>\n\t\t<meta name=\"twitter:label1\" content=\"Escrito por\" \/>\n\t\t<meta name=\"twitter:data1\" content=\"El Digital de Asturias\" \/>\n\t\t<meta name=\"twitter:label2\" content=\"Tiempo de lectura estimado\" \/>\n\t\t<meta name=\"twitter:data2\" content=\"1 minuto\" \/>\n\t\t<script type=\"application\/ld+json\" class=\"aioseo-schema\">\n\t\t\t{\"@context\":\"https:\\\/\\\/schema.org\",\"@graph\":[{\"@type\":\"BlogPosting\",\"@id\":\"https:\\\/\\\/www.eldigitaldeasturias.com\\\/noticias\\\/los-beneficios-de-mercedes-benz-suben-un-12-por-ciento-en-primer-trimestre-de-2023\\\/#blogposting\",\"name\":\"Los beneficios de Mercedes-Benz suben un 12 por ciento en primer trimestre de 2023 - El Digital de Asturias\",\"headline\":\"Los beneficios de Mercedes-Benz suben un 12 por ciento en primer trimestre de 2023\",\"author\":{\"@id\":\"https:\\\/\\\/www.eldigitaldeasturias.com\\\/noticias\\\/author\\\/admin\\\/#author\"},\"publisher\":{\"@id\":\"https:\\\/\\\/www.eldigitaldeasturias.com\\\/noticias\\\/#organization\"},\"image\":{\"@type\":\"ImageObject\",\"url\":\"https:\\\/\\\/www.eldigitaldeasturias.com\\\/noticias\\\/wp-content\\\/uploads\\\/2023\\\/04\\\/Mercedes-Benz.jpg\",\"width\":973,\"height\":654,\"caption\":\"L\\u00ednea de producci\\u00f3n de coches de lujo de la planta de Mercedes-Benz en la ciudad alemana de Sindelfingen. Foto: Bernd Wei\\u00dfbrod\\\/dpa\"},\"datePublished\":\"2023-04-28T21:46:38+02:00\",\"dateModified\":\"2023-04-28T21:46:38+02:00\",\"inLanguage\":\"es-ES\",\"mainEntityOfPage\":{\"@id\":\"https:\\\/\\\/www.eldigitaldeasturias.com\\\/noticias\\\/los-beneficios-de-mercedes-benz-suben-un-12-por-ciento-en-primer-trimestre-de-2023\\\/#webpage\"},\"isPartOf\":{\"@id\":\"https:\\\/\\\/www.eldigitaldeasturias.com\\\/noticias\\\/los-beneficios-de-mercedes-benz-suben-un-12-por-ciento-en-primer-trimestre-de-2023\\\/#webpage\"},\"articleSection\":\"Negocios y Empresas\"},{\"@type\":\"BreadcrumbList\",\"@id\":\"https:\\\/\\\/www.eldigitaldeasturias.com\\\/noticias\\\/los-beneficios-de-mercedes-benz-suben-un-12-por-ciento-en-primer-trimestre-de-2023\\\/#breadcrumblist\",\"itemListElement\":[{\"@type\":\"ListItem\",\"@id\":\"https:\\\/\\\/www.eldigitaldeasturias.com\\\/noticias#listItem\",\"position\":1,\"name\":\"Home\",\"item\":\"https:\\\/\\\/www.eldigitaldeasturias.com\\\/noticias\",\"nextItem\":{\"@type\":\"ListItem\",\"@id\":\"https:\\\/\\\/www.eldigitaldeasturias.com\\\/noticias\\\/category\\\/negocios-y-empresas\\\/#listItem\",\"name\":\"Negocios y Empresas\"}},{\"@type\":\"ListItem\",\"@id\":\"https:\\\/\\\/www.eldigitaldeasturias.com\\\/noticias\\\/category\\\/negocios-y-empresas\\\/#listItem\",\"position\":2,\"name\":\"Negocios y Empresas\",\"item\":\"https:\\\/\\\/www.eldigitaldeasturias.com\\\/noticias\\\/category\\\/negocios-y-empresas\\\/\",\"nextItem\":{\"@type\":\"ListItem\",\"@id\":\"https:\\\/\\\/www.eldigitaldeasturias.com\\\/noticias\\\/los-beneficios-de-mercedes-benz-suben-un-12-por-ciento-en-primer-trimestre-de-2023\\\/#listItem\",\"name\":\"Los beneficios de Mercedes-Benz suben un 12 por ciento en primer trimestre de 2023\"},\"previousItem\":{\"@type\":\"ListItem\",\"@id\":\"https:\\\/\\\/www.eldigitaldeasturias.com\\\/noticias#listItem\",\"name\":\"Home\"}},{\"@type\":\"ListItem\",\"@id\":\"https:\\\/\\\/www.eldigitaldeasturias.com\\\/noticias\\\/los-beneficios-de-mercedes-benz-suben-un-12-por-ciento-en-primer-trimestre-de-2023\\\/#listItem\",\"position\":3,\"name\":\"Los beneficios de Mercedes-Benz suben un 12 por ciento en primer trimestre de 2023\",\"previousItem\":{\"@type\":\"ListItem\",\"@id\":\"https:\\\/\\\/www.eldigitaldeasturias.com\\\/noticias\\\/category\\\/negocios-y-empresas\\\/#listItem\",\"name\":\"Negocios y Empresas\"}}]},{\"@type\":\"Organization\",\"@id\":\"https:\\\/\\\/www.eldigitaldeasturias.com\\\/noticias\\\/#organization\",\"name\":\"El Digital de Asturias\",\"description\":\"Hemeroteca\",\"url\":\"https:\\\/\\\/www.eldigitaldeasturias.com\\\/noticias\\\/\",\"email\":\"info@eldigitaldeasturias.com\",\"telephone\":\"+34652131393\",\"logo\":{\"@type\":\"ImageObject\",\"url\":\"https:\\\/\\\/www.eldigitaldeasturias.com\\\/noticias\\\/wp-content\\\/uploads\\\/2020\\\/12\\\/EDA.jpg\",\"@id\":\"https:\\\/\\\/www.eldigitaldeasturias.com\\\/noticias\\\/los-beneficios-de-mercedes-benz-suben-un-12-por-ciento-en-primer-trimestre-de-2023\\\/#organizationLogo\",\"width\":649,\"height\":297},\"image\":{\"@id\":\"https:\\\/\\\/www.eldigitaldeasturias.com\\\/noticias\\\/los-beneficios-de-mercedes-benz-suben-un-12-por-ciento-en-primer-trimestre-de-2023\\\/#organizationLogo\"},\"sameAs\":[\"https:\\\/\\\/facebook.com\\\/eldigitaldeasturias\",\"https:\\\/\\\/www.youtube.com\\\/channel\\\/UCZP-2wLEB9Rv6erhFmqVnvg\"],\"address\":{\"@id\":\"https:\\\/\\\/www.eldigitaldeasturias.com\\\/noticias\\\/#postaladdress\",\"@type\":\"PostalAddress\",\"streetAddress\":\"san antonio 4,\",\"postalCode\":\"33430\",\"addressLocality\":\"Cand\\u00e1s\",\"addressRegion\":\"Asturias\",\"addressCountry\":\"ES\"}},{\"@type\":\"Person\",\"@id\":\"https:\\\/\\\/www.eldigitaldeasturias.com\\\/noticias\\\/author\\\/admin\\\/#author\",\"url\":\"https:\\\/\\\/www.eldigitaldeasturias.com\\\/noticias\\\/author\\\/admin\\\/\",\"name\":\"El Digital de Asturias\",\"image\":{\"@type\":\"ImageObject\",\"@id\":\"https:\\\/\\\/www.eldigitaldeasturias.com\\\/noticias\\\/los-beneficios-de-mercedes-benz-suben-un-12-por-ciento-en-primer-trimestre-de-2023\\\/#authorImage\",\"url\":\"https:\\\/\\\/www.eldigitaldeasturias.com\\\/noticias\\\/wp-content\\\/litespeed\\\/avatar\\\/18677e78aa0546b92d9dbf31ec7d7668.jpg?ver=1777290358\",\"width\":96,\"height\":96,\"caption\":\"El Digital de Asturias\"}},{\"@type\":\"WebPage\",\"@id\":\"https:\\\/\\\/www.eldigitaldeasturias.com\\\/noticias\\\/los-beneficios-de-mercedes-benz-suben-un-12-por-ciento-en-primer-trimestre-de-2023\\\/#webpage\",\"url\":\"https:\\\/\\\/www.eldigitaldeasturias.com\\\/noticias\\\/los-beneficios-de-mercedes-benz-suben-un-12-por-ciento-en-primer-trimestre-de-2023\\\/\",\"name\":\"Los beneficios de Mercedes-Benz suben un 12 por ciento en primer trimestre de 2023 - El Digital de Asturias\",\"description\":\"Stuttgart (Alemania), 28 abr (dpa) - Los beneficios de la automotriz alemana Mercedes-Benz subieron un 12 por ciento en el primer trimestre de 2023\",\"inLanguage\":\"es-ES\",\"isPartOf\":{\"@id\":\"https:\\\/\\\/www.eldigitaldeasturias.com\\\/noticias\\\/#website\"},\"breadcrumb\":{\"@id\":\"https:\\\/\\\/www.eldigitaldeasturias.com\\\/noticias\\\/los-beneficios-de-mercedes-benz-suben-un-12-por-ciento-en-primer-trimestre-de-2023\\\/#breadcrumblist\"},\"author\":{\"@id\":\"https:\\\/\\\/www.eldigitaldeasturias.com\\\/noticias\\\/author\\\/admin\\\/#author\"},\"creator\":{\"@id\":\"https:\\\/\\\/www.eldigitaldeasturias.com\\\/noticias\\\/author\\\/admin\\\/#author\"},\"image\":{\"@type\":\"ImageObject\",\"url\":\"https:\\\/\\\/www.eldigitaldeasturias.com\\\/noticias\\\/wp-content\\\/uploads\\\/2023\\\/04\\\/Mercedes-Benz.jpg\",\"@id\":\"https:\\\/\\\/www.eldigitaldeasturias.com\\\/noticias\\\/los-beneficios-de-mercedes-benz-suben-un-12-por-ciento-en-primer-trimestre-de-2023\\\/#mainImage\",\"width\":973,\"height\":654,\"caption\":\"L\\u00ednea de producci\\u00f3n de coches de lujo de la planta de Mercedes-Benz en la ciudad alemana de Sindelfingen. Foto: Bernd Wei\\u00dfbrod\\\/dpa\"},\"primaryImageOfPage\":{\"@id\":\"https:\\\/\\\/www.eldigitaldeasturias.com\\\/noticias\\\/los-beneficios-de-mercedes-benz-suben-un-12-por-ciento-en-primer-trimestre-de-2023\\\/#mainImage\"},\"datePublished\":\"2023-04-28T21:46:38+02:00\",\"dateModified\":\"2023-04-28T21:46:38+02:00\"},{\"@type\":\"WebSite\",\"@id\":\"https:\\\/\\\/www.eldigitaldeasturias.com\\\/noticias\\\/#website\",\"url\":\"https:\\\/\\\/www.eldigitaldeasturias.com\\\/noticias\\\/\",\"name\":\"El Digital de Asturias - Diario de actualidad y noticias\",\"alternateName\":\"El Digital de Asturias - Diario de actualidad y noticias\",\"description\":\"Hemeroteca\",\"inLanguage\":\"es-ES\",\"publisher\":{\"@id\":\"https:\\\/\\\/www.eldigitaldeasturias.com\\\/noticias\\\/#organization\"}}]}\n\t\t<\/script>\n\t\t<!-- All in One SEO Pro -->\r\n\t\t<title>Los beneficios de Mercedes-Benz suben un 12 por ciento en primer trimestre de 2023 - El Digital de Asturias<\/title>\n\n","aioseo_head_json":{"title":"Los beneficios de Mercedes-Benz suben un 12 por ciento en primer trimestre de 2023 - El Digital de Asturias","description":"Stuttgart (Alemania), 28 abr (dpa) - Los beneficios de la automotriz alemana Mercedes-Benz subieron un 12 por ciento en el primer trimestre de 2023","canonical_url":"https:\/\/www.eldigitaldeasturias.com\/noticias\/los-beneficios-de-mercedes-benz-suben-un-12-por-ciento-en-primer-trimestre-de-2023\/","robots":"max-image-preview:large","keywords":"negocios y empresas","webmasterTools":{"google-site-verification":"UA-38556648-1","msvalidate.01":"7dfe9f3f1b24437ab69f4f2559babe99","miscellaneous":""},"schema":{"@context":"https:\/\/schema.org","@graph":[{"@type":"BlogPosting","@id":"https:\/\/www.eldigitaldeasturias.com\/noticias\/los-beneficios-de-mercedes-benz-suben-un-12-por-ciento-en-primer-trimestre-de-2023\/#blogposting","name":"Los beneficios de Mercedes-Benz suben un 12 por ciento en primer trimestre de 2023 - El Digital de Asturias","headline":"Los beneficios de Mercedes-Benz suben un 12 por ciento en primer trimestre de 2023","author":{"@id":"https:\/\/www.eldigitaldeasturias.com\/noticias\/author\/admin\/#author"},"publisher":{"@id":"https:\/\/www.eldigitaldeasturias.com\/noticias\/#organization"},"image":{"@type":"ImageObject","url":"https:\/\/www.eldigitaldeasturias.com\/noticias\/wp-content\/uploads\/2023\/04\/Mercedes-Benz.jpg","width":973,"height":654,"caption":"L\u00ednea de producci\u00f3n de coches de lujo de la planta de Mercedes-Benz en la ciudad alemana de Sindelfingen. Foto: Bernd Wei\u00dfbrod\/dpa"},"datePublished":"2023-04-28T21:46:38+02:00","dateModified":"2023-04-28T21:46:38+02:00","inLanguage":"es-ES","mainEntityOfPage":{"@id":"https:\/\/www.eldigitaldeasturias.com\/noticias\/los-beneficios-de-mercedes-benz-suben-un-12-por-ciento-en-primer-trimestre-de-2023\/#webpage"},"isPartOf":{"@id":"https:\/\/www.eldigitaldeasturias.com\/noticias\/los-beneficios-de-mercedes-benz-suben-un-12-por-ciento-en-primer-trimestre-de-2023\/#webpage"},"articleSection":"Negocios y Empresas"},{"@type":"BreadcrumbList","@id":"https:\/\/www.eldigitaldeasturias.com\/noticias\/los-beneficios-de-mercedes-benz-suben-un-12-por-ciento-en-primer-trimestre-de-2023\/#breadcrumblist","itemListElement":[{"@type":"ListItem","@id":"https:\/\/www.eldigitaldeasturias.com\/noticias#listItem","position":1,"name":"Home","item":"https:\/\/www.eldigitaldeasturias.com\/noticias","nextItem":{"@type":"ListItem","@id":"https:\/\/www.eldigitaldeasturias.com\/noticias\/category\/negocios-y-empresas\/#listItem","name":"Negocios y Empresas"}},{"@type":"ListItem","@id":"https:\/\/www.eldigitaldeasturias.com\/noticias\/category\/negocios-y-empresas\/#listItem","position":2,"name":"Negocios y Empresas","item":"https:\/\/www.eldigitaldeasturias.com\/noticias\/category\/negocios-y-empresas\/","nextItem":{"@type":"ListItem","@id":"https:\/\/www.eldigitaldeasturias.com\/noticias\/los-beneficios-de-mercedes-benz-suben-un-12-por-ciento-en-primer-trimestre-de-2023\/#listItem","name":"Los beneficios de Mercedes-Benz suben un 12 por ciento en primer trimestre de 2023"},"previousItem":{"@type":"ListItem","@id":"https:\/\/www.eldigitaldeasturias.com\/noticias#listItem","name":"Home"}},{"@type":"ListItem","@id":"https:\/\/www.eldigitaldeasturias.com\/noticias\/los-beneficios-de-mercedes-benz-suben-un-12-por-ciento-en-primer-trimestre-de-2023\/#listItem","position":3,"name":"Los beneficios de Mercedes-Benz suben un 12 por ciento en primer trimestre de 2023","previousItem":{"@type":"ListItem","@id":"https:\/\/www.eldigitaldeasturias.com\/noticias\/category\/negocios-y-empresas\/#listItem","name":"Negocios y Empresas"}}]},{"@type":"Organization","@id":"https:\/\/www.eldigitaldeasturias.com\/noticias\/#organization","name":"El Digital de Asturias","description":"Hemeroteca","url":"https:\/\/www.eldigitaldeasturias.com\/noticias\/","email":"info@eldigitaldeasturias.com","telephone":"+34652131393","logo":{"@type":"ImageObject","url":"https:\/\/www.eldigitaldeasturias.com\/noticias\/wp-content\/uploads\/2020\/12\/EDA.jpg","@id":"https:\/\/www.eldigitaldeasturias.com\/noticias\/los-beneficios-de-mercedes-benz-suben-un-12-por-ciento-en-primer-trimestre-de-2023\/#organizationLogo","width":649,"height":297},"image":{"@id":"https:\/\/www.eldigitaldeasturias.com\/noticias\/los-beneficios-de-mercedes-benz-suben-un-12-por-ciento-en-primer-trimestre-de-2023\/#organizationLogo"},"sameAs":["https:\/\/facebook.com\/eldigitaldeasturias","https:\/\/www.youtube.com\/channel\/UCZP-2wLEB9Rv6erhFmqVnvg"],"address":{"@id":"https:\/\/www.eldigitaldeasturias.com\/noticias\/#postaladdress","@type":"PostalAddress","streetAddress":"san antonio 4,","postalCode":"33430","addressLocality":"Cand\u00e1s","addressRegion":"Asturias","addressCountry":"ES"}},{"@type":"Person","@id":"https:\/\/www.eldigitaldeasturias.com\/noticias\/author\/admin\/#author","url":"https:\/\/www.eldigitaldeasturias.com\/noticias\/author\/admin\/","name":"El Digital de Asturias","image":{"@type":"ImageObject","@id":"https:\/\/www.eldigitaldeasturias.com\/noticias\/los-beneficios-de-mercedes-benz-suben-un-12-por-ciento-en-primer-trimestre-de-2023\/#authorImage","url":"https:\/\/www.eldigitaldeasturias.com\/noticias\/wp-content\/litespeed\/avatar\/18677e78aa0546b92d9dbf31ec7d7668.jpg?ver=1777290358","width":96,"height":96,"caption":"El Digital de Asturias"}},{"@type":"WebPage","@id":"https:\/\/www.eldigitaldeasturias.com\/noticias\/los-beneficios-de-mercedes-benz-suben-un-12-por-ciento-en-primer-trimestre-de-2023\/#webpage","url":"https:\/\/www.eldigitaldeasturias.com\/noticias\/los-beneficios-de-mercedes-benz-suben-un-12-por-ciento-en-primer-trimestre-de-2023\/","name":"Los beneficios de Mercedes-Benz suben un 12 por ciento en primer trimestre de 2023 - El Digital de Asturias","description":"Stuttgart (Alemania), 28 abr (dpa) - Los beneficios de la automotriz alemana Mercedes-Benz subieron un 12 por ciento en el primer trimestre de 2023","inLanguage":"es-ES","isPartOf":{"@id":"https:\/\/www.eldigitaldeasturias.com\/noticias\/#website"},"breadcrumb":{"@id":"https:\/\/www.eldigitaldeasturias.com\/noticias\/los-beneficios-de-mercedes-benz-suben-un-12-por-ciento-en-primer-trimestre-de-2023\/#breadcrumblist"},"author":{"@id":"https:\/\/www.eldigitaldeasturias.com\/noticias\/author\/admin\/#author"},"creator":{"@id":"https:\/\/www.eldigitaldeasturias.com\/noticias\/author\/admin\/#author"},"image":{"@type":"ImageObject","url":"https:\/\/www.eldigitaldeasturias.com\/noticias\/wp-content\/uploads\/2023\/04\/Mercedes-Benz.jpg","@id":"https:\/\/www.eldigitaldeasturias.com\/noticias\/los-beneficios-de-mercedes-benz-suben-un-12-por-ciento-en-primer-trimestre-de-2023\/#mainImage","width":973,"height":654,"caption":"L\u00ednea de producci\u00f3n de coches de lujo de la planta de Mercedes-Benz en la ciudad alemana de Sindelfingen. Foto: Bernd Wei\u00dfbrod\/dpa"},"primaryImageOfPage":{"@id":"https:\/\/www.eldigitaldeasturias.com\/noticias\/los-beneficios-de-mercedes-benz-suben-un-12-por-ciento-en-primer-trimestre-de-2023\/#mainImage"},"datePublished":"2023-04-28T21:46:38+02:00","dateModified":"2023-04-28T21:46:38+02:00"},{"@type":"WebSite","@id":"https:\/\/www.eldigitaldeasturias.com\/noticias\/#website","url":"https:\/\/www.eldigitaldeasturias.com\/noticias\/","name":"El Digital de Asturias - Diario de actualidad y noticias","alternateName":"El Digital de Asturias - Diario de actualidad y noticias","description":"Hemeroteca","inLanguage":"es-ES","publisher":{"@id":"https:\/\/www.eldigitaldeasturias.com\/noticias\/#organization"}}]},"og:locale":"es_ES","og:site_name":"El Digital de Asturias","og:type":"article","og:title":"Los beneficios de Mercedes-Benz suben un 12 por ciento en primer trimestre de 2023 - El Digital de Asturias","og:description":"Stuttgart (Alemania), 28 abr (dpa) - Los beneficios de la automotriz alemana Mercedes-Benz subieron un 12 por ciento en el primer trimestre de 2023","og:url":"https:\/\/www.eldigitaldeasturias.com\/noticias\/los-beneficios-de-mercedes-benz-suben-un-12-por-ciento-en-primer-trimestre-de-2023\/","og:image":"https:\/\/www.eldigitaldeasturias.com\/noticias\/wp-content\/uploads\/2023\/04\/Mercedes-Benz.jpg","og:image:secure_url":"https:\/\/www.eldigitaldeasturias.com\/noticias\/wp-content\/uploads\/2023\/04\/Mercedes-Benz.jpg","og:image:width":973,"og:image:height":654,"article:tag":["negocios y empresas"],"article:published_time":"2023-04-28T19:46:38+00:00","article:modified_time":"2023-04-28T19:46:38+00:00","article:publisher":"https:\/\/facebook.com\/eldigitaldeasturias","twitter:card":"summary_large_image","twitter:title":"Los beneficios de Mercedes-Benz suben un 12 por ciento en primer trimestre de 2023 - El Digital de Asturias","twitter:description":"Stuttgart (Alemania), 28 abr (dpa) - Los beneficios de la automotriz alemana Mercedes-Benz subieron un 12 por ciento en el primer trimestre de 2023","twitter:image":"https:\/\/www.eldigitaldeasturias.com\/noticias\/wp-content\/uploads\/2023\/04\/Mercedes-Benz.jpg","twitter:label1":"Escrito por","twitter:data1":"El Digital de Asturias","twitter:label2":"Tiempo de lectura estimado","twitter:data2":"1 minuto"},"aioseo_meta_data":{"post_id":"1122361","title":null,"description":"Stuttgart (Alemania), 28 abr (dpa) - Los beneficios de la automotriz alemana Mercedes-Benz subieron un 12 por ciento en el primer trimestre de 2023","keywords":[],"keyphrases":{"focus":{"keyphrase":"Mercedes-Benz","score":92,"analysis":{"keyphraseInTitle":{"score":9,"maxScore":9,"error":0},"keyphraseInDescription":{"score":9,"maxScore":9,"error":0},"keyphraseLength":{"score":9,"maxScore":9,"error":0,"length":1},"keyphraseInURL":{"score":1,"maxScore":5,"error":1},"keyphraseInIntroduction":{"score":9,"maxScore":9,"error":0},"keyphraseInSubHeadings":[],"keyphraseInImageAlt":{"score":9,"maxScore":9,"error":0}}},"additional":[{"keyphrase":"Mercedes-Benz","score":100,"analysis":{"keyphraseInDescription":{"score":9,"maxScore":9,"error":0},"keyphraseLength":{"score":9,"maxScore":9,"error":0,"length":1},"keyphraseInIntroduction":{"score":9,"maxScore":9,"error":0},"keyphraseInImageAlt":{"score":9,"maxScore":9,"error":0}}}]},"primary_term":null,"canonical_url":null,"og_title":null,"og_description":null,"og_object_type":"default","og_image_type":"default","og_image_url":null,"og_image_width":null,"og_image_height":null,"og_image_custom_url":null,"og_image_custom_fields":null,"og_video":"","og_custom_url":null,"og_article_section":null,"og_article_tags":[],"twitter_use_og":false,"twitter_card":"default","twitter_image_type":"default","twitter_image_url":null,"twitter_image_custom_url":null,"twitter_image_custom_fields":null,"twitter_title":null,"twitter_description":null,"schema":{"blockGraphs":[],"customGraphs":[],"default":{"data":{"Article":[],"Course":[],"Dataset":[],"FAQPage":[],"Movie":[],"Person":[],"Product":[],"ProductReview":[],"Car":[],"Recipe":[],"Service":[],"SoftwareApplication":[],"WebPage":[]},"graphName":"","isEnabled":true},"graphs":[]},"schema_type":"default","schema_type_options":null,"pillar_content":false,"robots_default":true,"robots_noindex":false,"robots_noarchive":false,"robots_nosnippet":false,"robots_nofollow":false,"robots_noimageindex":false,"robots_noodp":false,"robots_notranslate":false,"robots_max_snippet":"-1","robots_max_videopreview":"-1","robots_max_imagepreview":"large","priority":null,"frequency":"default","local_seo":null,"seo_analyzer_scan_date":"2025-10-05 03:42:05","breadcrumb_settings":null,"limit_modified_date":false,"open_ai":"{\"title\":{\"suggestions\":[],\"usage\":0},\"description\":{\"suggestions\":[],\"usage\":0}}","ai":null,"created":"2023-04-28 19:40:51","updated":"2025-10-05 03:42:05"},"aioseo_breadcrumb":"<div class=\"aioseo-breadcrumbs\"><span class=\"aioseo-breadcrumb\">\n\t<a href=\"https:\/\/www.eldigitaldeasturias.com\/noticias\" title=\"Home\">Home<\/a>\n<\/span><span class=\"aioseo-breadcrumb-separator\">\u2013<\/span><span class=\"aioseo-breadcrumb\">\n\t<a href=\"https:\/\/www.eldigitaldeasturias.com\/noticias\/category\/negocios-y-empresas\/\" title=\"Negocios y Empresas\">Negocios y Empresas<\/a>\n<\/span><span class=\"aioseo-breadcrumb-separator\">\u2013<\/span><span class=\"aioseo-breadcrumb\">\n\t<a href=\"https:\/\/www.eldigitaldeasturias.com\/noticias\/los-beneficios-de-mercedes-benz-suben-un-12-por-ciento-en-primer-trimestre-de-2023\/\" title=\"Los beneficios de Mercedes-Benz suben un 12 por ciento en primer trimestre de 2023\">Los beneficios de Mercedes-Benz suben un 12 por ciento en primer trimestre de 2023<\/a>\n<\/span><\/div>","aioseo_breadcrumb_json":[{"label":"Home","link":"https:\/\/www.eldigitaldeasturias.com\/noticias"},{"label":"Negocios y Empresas","link":"https:\/\/www.eldigitaldeasturias.com\/noticias\/category\/negocios-y-empresas\/"},{"label":"Los beneficios de Mercedes-Benz suben un 12 por ciento en primer trimestre de 2023","link":"https:\/\/www.eldigitaldeasturias.com\/noticias\/los-beneficios-de-mercedes-benz-suben-un-12-por-ciento-en-primer-trimestre-de-2023\/"}],"_links":{"self":[{"href":"https:\/\/www.eldigitaldeasturias.com\/noticias\/wp-json\/wp\/v2\/posts\/1122361","targetHints":{"allow":["GET"]}}],"collection":[{"href":"https:\/\/www.eldigitaldeasturias.com\/noticias\/wp-json\/wp\/v2\/posts"}],"about":[{"href":"https:\/\/www.eldigitaldeasturias.com\/noticias\/wp-json\/wp\/v2\/types\/post"}],"author":[{"embeddable":true,"href":"https:\/\/www.eldigitaldeasturias.com\/noticias\/wp-json\/wp\/v2\/users\/1"}],"replies":[{"embeddable":true,"href":"https:\/\/www.eldigitaldeasturias.com\/noticias\/wp-json\/wp\/v2\/comments?post=1122361"}],"version-history":[{"count":0,"href":"https:\/\/www.eldigitaldeasturias.com\/noticias\/wp-json\/wp\/v2\/posts\/1122361\/revisions"}],"wp:featuredmedia":[{"embeddable":true,"href":"https:\/\/www.eldigitaldeasturias.com\/noticias\/wp-json\/wp\/v2\/media\/1122362"}],"wp:attachment":[{"href":"https:\/\/www.eldigitaldeasturias.com\/noticias\/wp-json\/wp\/v2\/media?parent=1122361"}],"wp:term":[{"taxonomy":"category","embeddable":true,"href":"https:\/\/www.eldigitaldeasturias.com\/noticias\/wp-json\/wp\/v2\/categories?post=1122361"},{"taxonomy":"post_tag","embeddable":true,"href":"https:\/\/www.eldigitaldeasturias.com\/noticias\/wp-json\/wp\/v2\/tags?post=1122361"}],"curies":[{"name":"wp","href":"https:\/\/api.w.org\/{rel}","templated":true}]}}