{"id":1122299,"date":"2023-04-25T19:14:05","date_gmt":"2023-04-25T17:14:05","guid":{"rendered":"https:\/\/www.eldigitaldeasturias.com\/noticias\/?p=1122299"},"modified":"2023-04-25T19:14:05","modified_gmt":"2023-04-25T17:14:05","slug":"airtificial-participara-en-el-primer-proyecto-de-navegacion-fluvial-de-colombia","status":"publish","type":"post","link":"https:\/\/www.eldigitaldeasturias.com\/noticias\/airtificial-participara-en-el-primer-proyecto-de-navegacion-fluvial-de-colombia\/","title":{"rendered":"Airtificial participar\u00e1 en el primer proyecto de navegaci\u00f3n fluvial de Colombia"},"content":{"rendered":"<p>(EP) &#8211; Airtificial ha firmado un nuevo contrato de ingenier\u00eda de vanguardia en obra civil para la construcci\u00f3n del primer proyecto de navegaci\u00f3n fluvial en Colombia, en consorcio con dos empresas locales, seg\u00fan ha informado la <a href=\"https:\/\/www.eldigitaldeasturias.com\/noticias\/category\/negocios-y-empresas\/\" target=\"_blank\" rel=\"noopener\"><span style=\"color: #ff6600;\">empresa<\/span><\/a> a la Comisi\u00f3n Nacional del Mercado de Valores (CNMV).<\/p>\n<figure id=\"attachment_1122300\" aria-describedby=\"caption-attachment-1122300\" style=\"width: 647px\" class=\"wp-caption aligncenter\"><img loading=\"lazy\" decoding=\"async\" class=\"wp-image-1122300 size-large\" src=\"https:\/\/www.eldigitaldeasturias.com\/noticias\/wp-content\/uploads\/2023\/04\/Airtificial-647x480.jpg\" alt=\"Airtificial\" width=\"647\" height=\"480\" srcset=\"https:\/\/www.eldigitaldeasturias.com\/noticias\/wp-content\/uploads\/2023\/04\/Airtificial-647x480.jpg 647w, https:\/\/www.eldigitaldeasturias.com\/noticias\/wp-content\/uploads\/2023\/04\/Airtificial-360x267.jpg 360w, https:\/\/www.eldigitaldeasturias.com\/noticias\/wp-content\/uploads\/2023\/04\/Airtificial-404x300.jpg 404w, https:\/\/www.eldigitaldeasturias.com\/noticias\/wp-content\/uploads\/2023\/04\/Airtificial-768x570.jpg 768w, https:\/\/www.eldigitaldeasturias.com\/noticias\/wp-content\/uploads\/2023\/04\/Airtificial-150x111.jpg 150w, https:\/\/www.eldigitaldeasturias.com\/noticias\/wp-content\/uploads\/2023\/04\/Airtificial-450x334.jpg 450w, https:\/\/www.eldigitaldeasturias.com\/noticias\/wp-content\/uploads\/2023\/04\/Airtificial.jpg 892w\" sizes=\"auto, (max-width: 647px) 100vw, 647px\" \/><figcaption id=\"caption-attachment-1122300\" class=\"wp-caption-text\">DOTO: AIRTIFICIAL \/ Europa Press<\/figcaption><\/figure>\n<p>La divisi\u00f3n de obra civil de la empresa espa\u00f1ola ser\u00e1 la responsable de dirigir la interventor\u00eda del megaproyecto Canal del Dique &#8211;que tendr\u00e1 impacto en 19 municipios del pa\u00eds en los departamentos de Atl\u00e1ntico, Bol\u00edvar y Sucre&#8211;, cuyo valor es de 15 millones de euros de los que a Airtificial le corresponden aproximadamente cinco millones.<\/p>\n<blockquote><p>El Canal del Dique es el primer proyecto de infraestructura fluvial navegable de Colombia, exactamente en el r\u00edo m\u00e1s importante del pa\u00eds y de Am\u00e9rica, el r\u00edo Magdalena, que comprende 115 kil\u00f3metros entre el municipio de interior Calamar y la Bah\u00eda de Cartagena de Indias.<\/p><\/blockquote>\n<p>El proyecto, seg\u00fan subraya Airtificial, tendr\u00e1 un impacto muy significativo para casi una veintena de municipios del pa\u00eds y transformar\u00e1 la vida de 1,5 millones de colombianos.<\/p>\n<p>Para el director general de la empresa, Guillermo Fern\u00e1ndez de Pe\u00f1aranda, los trabajos de la divisi\u00f3n en el Canal del Dique \u00abconsolidan los esfuerzos de la compa\u00f1\u00eda por participar en proyectos ligados con la sostenibilidad y que generan un gran impacto en la sociedad. Airtificial est\u00e1 consolidando un fuerte impacto positivo en los proyectos en los que participa a trav\u00e9s de todas sus unidades de negocio\u00bb.<\/p>\n<p>Pe\u00f1aranda pone el foco tambi\u00e9n en \u00abla importancia del proyecto para la Unidad ya que asegura, junto a los dem\u00e1s proyectos en curso, un alto nivel de actividad para los pr\u00f3ximos a\u00f1os\u00bb.<\/p>\n","protected":false},"excerpt":{"rendered":"<p>(EP) &#8211; Airtificial ha firmado un nuevo contrato de ingenier\u00eda de vanguardia en obra civil para la construcci\u00f3n del primer proyecto de navegaci\u00f3n fluvial en Colombia, en consorcio con dos empresas locales, seg\u00fan ha informado la empresa a la Comisi\u00f3n Nacional del Mercado de Valores (CNMV). La divisi\u00f3n de obra civil de la empresa espa\u00f1ola [&hellip;]<\/p>\n","protected":false},"author":1,"featured_media":1122300,"comment_status":"closed","ping_status":"closed","sticky":false,"template":"","format":"standard","meta":{"footnotes":""},"categories":[219],"tags":[],"class_list":["post-1122299","post","type-post","status-publish","format-standard","has-post-thumbnail","hentry","category-negocios-y-empresas"],"aioseo_notices":[],"aioseo_head":"\n\t\t<!-- All in One SEO Pro 4.9.6.2 - aioseo.com -->\n\t<meta name=\"description\" content=\"(EP) - Airtificial ha firmado un nuevo contrato de ingenier\u00eda de vanguardia en obra civil para la construcci\u00f3n del primer proyecto de navegaci\u00f3n fluvial en Colombia\" \/>\n\t<meta name=\"robots\" content=\"max-image-preview:large\" \/>\n\t<meta name=\"author\" content=\"El Digital de Asturias\"\/>\n\t<meta name=\"google-site-verification\" content=\"UA-38556648-1\" \/>\n\t<meta name=\"msvalidate.01\" content=\"7dfe9f3f1b24437ab69f4f2559babe99\" \/>\n\t<meta name=\"keywords\" content=\"negocios y empresas\" \/>\n\t<link rel=\"canonical\" href=\"https:\/\/www.eldigitaldeasturias.com\/noticias\/airtificial-participara-en-el-primer-proyecto-de-navegacion-fluvial-de-colombia\/\" \/>\n\t<meta name=\"generator\" content=\"All in One SEO Pro (AIOSEO) 4.9.6.2\" \/>\n\t\t<meta property=\"og:locale\" content=\"es_ES\" \/>\n\t\t<meta property=\"og:site_name\" content=\"El Digital de Asturias\" \/>\n\t\t<meta property=\"og:type\" content=\"article\" \/>\n\t\t<meta property=\"og:title\" content=\"Airtificial participar\u00e1 en el primer proyecto de navegaci\u00f3n fluvial de Colombia - El Digital de Asturias\" \/>\n\t\t<meta property=\"og:description\" content=\"(EP) - Airtificial ha firmado un nuevo contrato de ingenier\u00eda de vanguardia en obra civil para la construcci\u00f3n del primer proyecto de navegaci\u00f3n fluvial en Colombia\" \/>\n\t\t<meta property=\"og:url\" content=\"https:\/\/www.eldigitaldeasturias.com\/noticias\/airtificial-participara-en-el-primer-proyecto-de-navegacion-fluvial-de-colombia\/\" \/>\n\t\t<meta property=\"og:image\" content=\"https:\/\/www.eldigitaldeasturias.com\/noticias\/wp-content\/uploads\/2023\/04\/Airtificial.jpg\" \/>\n\t\t<meta property=\"og:image:secure_url\" content=\"https:\/\/www.eldigitaldeasturias.com\/noticias\/wp-content\/uploads\/2023\/04\/Airtificial.jpg\" \/>\n\t\t<meta property=\"og:image:width\" content=\"892\" \/>\n\t\t<meta property=\"og:image:height\" content=\"662\" \/>\n\t\t<meta property=\"article:tag\" content=\"negocios y empresas\" \/>\n\t\t<meta property=\"article:published_time\" content=\"2023-04-25T17:14:05+00:00\" \/>\n\t\t<meta property=\"article:modified_time\" content=\"2023-04-25T17:14:05+00:00\" \/>\n\t\t<meta property=\"article:publisher\" content=\"https:\/\/facebook.com\/eldigitaldeasturias\" \/>\n\t\t<meta name=\"twitter:card\" content=\"summary_large_image\" \/>\n\t\t<meta name=\"twitter:title\" content=\"Airtificial participar\u00e1 en el primer proyecto de navegaci\u00f3n fluvial de Colombia - El Digital de Asturias\" \/>\n\t\t<meta name=\"twitter:description\" content=\"(EP) - Airtificial ha firmado un nuevo contrato de ingenier\u00eda de vanguardia en obra civil para la construcci\u00f3n del primer proyecto de navegaci\u00f3n fluvial en Colombia\" \/>\n\t\t<meta name=\"twitter:image\" content=\"https:\/\/www.eldigitaldeasturias.com\/noticias\/wp-content\/uploads\/2023\/04\/Airtificial.jpg\" \/>\n\t\t<meta name=\"twitter:label1\" content=\"Escrito por\" \/>\n\t\t<meta name=\"twitter:data1\" content=\"El Digital de Asturias\" \/>\n\t\t<meta name=\"twitter:label2\" content=\"Tiempo de lectura estimado\" \/>\n\t\t<meta name=\"twitter:data2\" content=\"2 minutos\" \/>\n\t\t<script type=\"application\/ld+json\" class=\"aioseo-schema\">\n\t\t\t{\"@context\":\"https:\\\/\\\/schema.org\",\"@graph\":[{\"@type\":\"BlogPosting\",\"@id\":\"https:\\\/\\\/www.eldigitaldeasturias.com\\\/noticias\\\/airtificial-participara-en-el-primer-proyecto-de-navegacion-fluvial-de-colombia\\\/#blogposting\",\"name\":\"Airtificial participar\\u00e1 en el primer proyecto de navegaci\\u00f3n fluvial de Colombia - El Digital de Asturias\",\"headline\":\"Airtificial participar\\u00e1 en el primer proyecto de navegaci\\u00f3n fluvial de Colombia\",\"author\":{\"@id\":\"https:\\\/\\\/www.eldigitaldeasturias.com\\\/noticias\\\/author\\\/admin\\\/#author\"},\"publisher\":{\"@id\":\"https:\\\/\\\/www.eldigitaldeasturias.com\\\/noticias\\\/#organization\"},\"image\":{\"@type\":\"ImageObject\",\"url\":\"https:\\\/\\\/www.eldigitaldeasturias.com\\\/noticias\\\/wp-content\\\/uploads\\\/2023\\\/04\\\/Airtificial.jpg\",\"width\":892,\"height\":662,\"caption\":\"DOTO: AIRTIFICIAL \\\/ Europa Press\"},\"datePublished\":\"2023-04-25T19:14:05+02:00\",\"dateModified\":\"2023-04-25T19:14:05+02:00\",\"inLanguage\":\"es-ES\",\"mainEntityOfPage\":{\"@id\":\"https:\\\/\\\/www.eldigitaldeasturias.com\\\/noticias\\\/airtificial-participara-en-el-primer-proyecto-de-navegacion-fluvial-de-colombia\\\/#webpage\"},\"isPartOf\":{\"@id\":\"https:\\\/\\\/www.eldigitaldeasturias.com\\\/noticias\\\/airtificial-participara-en-el-primer-proyecto-de-navegacion-fluvial-de-colombia\\\/#webpage\"},\"articleSection\":\"Negocios y Empresas\"},{\"@type\":\"BreadcrumbList\",\"@id\":\"https:\\\/\\\/www.eldigitaldeasturias.com\\\/noticias\\\/airtificial-participara-en-el-primer-proyecto-de-navegacion-fluvial-de-colombia\\\/#breadcrumblist\",\"itemListElement\":[{\"@type\":\"ListItem\",\"@id\":\"https:\\\/\\\/www.eldigitaldeasturias.com\\\/noticias#listItem\",\"position\":1,\"name\":\"Home\",\"item\":\"https:\\\/\\\/www.eldigitaldeasturias.com\\\/noticias\",\"nextItem\":{\"@type\":\"ListItem\",\"@id\":\"https:\\\/\\\/www.eldigitaldeasturias.com\\\/noticias\\\/category\\\/negocios-y-empresas\\\/#listItem\",\"name\":\"Negocios y Empresas\"}},{\"@type\":\"ListItem\",\"@id\":\"https:\\\/\\\/www.eldigitaldeasturias.com\\\/noticias\\\/category\\\/negocios-y-empresas\\\/#listItem\",\"position\":2,\"name\":\"Negocios y Empresas\",\"item\":\"https:\\\/\\\/www.eldigitaldeasturias.com\\\/noticias\\\/category\\\/negocios-y-empresas\\\/\",\"nextItem\":{\"@type\":\"ListItem\",\"@id\":\"https:\\\/\\\/www.eldigitaldeasturias.com\\\/noticias\\\/airtificial-participara-en-el-primer-proyecto-de-navegacion-fluvial-de-colombia\\\/#listItem\",\"name\":\"Airtificial participar\\u00e1 en el primer proyecto de navegaci\\u00f3n fluvial de Colombia\"},\"previousItem\":{\"@type\":\"ListItem\",\"@id\":\"https:\\\/\\\/www.eldigitaldeasturias.com\\\/noticias#listItem\",\"name\":\"Home\"}},{\"@type\":\"ListItem\",\"@id\":\"https:\\\/\\\/www.eldigitaldeasturias.com\\\/noticias\\\/airtificial-participara-en-el-primer-proyecto-de-navegacion-fluvial-de-colombia\\\/#listItem\",\"position\":3,\"name\":\"Airtificial participar\\u00e1 en el primer proyecto de navegaci\\u00f3n fluvial de Colombia\",\"previousItem\":{\"@type\":\"ListItem\",\"@id\":\"https:\\\/\\\/www.eldigitaldeasturias.com\\\/noticias\\\/category\\\/negocios-y-empresas\\\/#listItem\",\"name\":\"Negocios y Empresas\"}}]},{\"@type\":\"Organization\",\"@id\":\"https:\\\/\\\/www.eldigitaldeasturias.com\\\/noticias\\\/#organization\",\"name\":\"El Digital de Asturias\",\"description\":\"Hemeroteca\",\"url\":\"https:\\\/\\\/www.eldigitaldeasturias.com\\\/noticias\\\/\",\"email\":\"info@eldigitaldeasturias.com\",\"telephone\":\"+34652131393\",\"logo\":{\"@type\":\"ImageObject\",\"url\":\"https:\\\/\\\/www.eldigitaldeasturias.com\\\/noticias\\\/wp-content\\\/uploads\\\/2020\\\/12\\\/EDA.jpg\",\"@id\":\"https:\\\/\\\/www.eldigitaldeasturias.com\\\/noticias\\\/airtificial-participara-en-el-primer-proyecto-de-navegacion-fluvial-de-colombia\\\/#organizationLogo\",\"width\":649,\"height\":297},\"image\":{\"@id\":\"https:\\\/\\\/www.eldigitaldeasturias.com\\\/noticias\\\/airtificial-participara-en-el-primer-proyecto-de-navegacion-fluvial-de-colombia\\\/#organizationLogo\"},\"sameAs\":[\"https:\\\/\\\/facebook.com\\\/eldigitaldeasturias\",\"https:\\\/\\\/www.youtube.com\\\/channel\\\/UCZP-2wLEB9Rv6erhFmqVnvg\"],\"address\":{\"@id\":\"https:\\\/\\\/www.eldigitaldeasturias.com\\\/noticias\\\/#postaladdress\",\"@type\":\"PostalAddress\",\"streetAddress\":\"san antonio 4,\",\"postalCode\":\"33430\",\"addressLocality\":\"Cand\\u00e1s\",\"addressRegion\":\"Asturias\",\"addressCountry\":\"ES\"}},{\"@type\":\"Person\",\"@id\":\"https:\\\/\\\/www.eldigitaldeasturias.com\\\/noticias\\\/author\\\/admin\\\/#author\",\"url\":\"https:\\\/\\\/www.eldigitaldeasturias.com\\\/noticias\\\/author\\\/admin\\\/\",\"name\":\"El Digital de Asturias\",\"image\":{\"@type\":\"ImageObject\",\"@id\":\"https:\\\/\\\/www.eldigitaldeasturias.com\\\/noticias\\\/airtificial-participara-en-el-primer-proyecto-de-navegacion-fluvial-de-colombia\\\/#authorImage\",\"url\":\"https:\\\/\\\/www.eldigitaldeasturias.com\\\/noticias\\\/wp-content\\\/litespeed\\\/avatar\\\/18677e78aa0546b92d9dbf31ec7d7668.jpg?ver=1777290358\",\"width\":96,\"height\":96,\"caption\":\"El Digital de Asturias\"}},{\"@type\":\"WebPage\",\"@id\":\"https:\\\/\\\/www.eldigitaldeasturias.com\\\/noticias\\\/airtificial-participara-en-el-primer-proyecto-de-navegacion-fluvial-de-colombia\\\/#webpage\",\"url\":\"https:\\\/\\\/www.eldigitaldeasturias.com\\\/noticias\\\/airtificial-participara-en-el-primer-proyecto-de-navegacion-fluvial-de-colombia\\\/\",\"name\":\"Airtificial participar\\u00e1 en el primer proyecto de navegaci\\u00f3n fluvial de Colombia - El Digital de Asturias\",\"description\":\"(EP) - Airtificial ha firmado un nuevo contrato de ingenier\\u00eda de vanguardia en obra civil para la construcci\\u00f3n del primer proyecto de navegaci\\u00f3n fluvial en Colombia\",\"inLanguage\":\"es-ES\",\"isPartOf\":{\"@id\":\"https:\\\/\\\/www.eldigitaldeasturias.com\\\/noticias\\\/#website\"},\"breadcrumb\":{\"@id\":\"https:\\\/\\\/www.eldigitaldeasturias.com\\\/noticias\\\/airtificial-participara-en-el-primer-proyecto-de-navegacion-fluvial-de-colombia\\\/#breadcrumblist\"},\"author\":{\"@id\":\"https:\\\/\\\/www.eldigitaldeasturias.com\\\/noticias\\\/author\\\/admin\\\/#author\"},\"creator\":{\"@id\":\"https:\\\/\\\/www.eldigitaldeasturias.com\\\/noticias\\\/author\\\/admin\\\/#author\"},\"image\":{\"@type\":\"ImageObject\",\"url\":\"https:\\\/\\\/www.eldigitaldeasturias.com\\\/noticias\\\/wp-content\\\/uploads\\\/2023\\\/04\\\/Airtificial.jpg\",\"@id\":\"https:\\\/\\\/www.eldigitaldeasturias.com\\\/noticias\\\/airtificial-participara-en-el-primer-proyecto-de-navegacion-fluvial-de-colombia\\\/#mainImage\",\"width\":892,\"height\":662,\"caption\":\"DOTO: AIRTIFICIAL \\\/ Europa Press\"},\"primaryImageOfPage\":{\"@id\":\"https:\\\/\\\/www.eldigitaldeasturias.com\\\/noticias\\\/airtificial-participara-en-el-primer-proyecto-de-navegacion-fluvial-de-colombia\\\/#mainImage\"},\"datePublished\":\"2023-04-25T19:14:05+02:00\",\"dateModified\":\"2023-04-25T19:14:05+02:00\"},{\"@type\":\"WebSite\",\"@id\":\"https:\\\/\\\/www.eldigitaldeasturias.com\\\/noticias\\\/#website\",\"url\":\"https:\\\/\\\/www.eldigitaldeasturias.com\\\/noticias\\\/\",\"name\":\"El Digital de Asturias - Diario de actualidad y noticias\",\"alternateName\":\"El Digital de Asturias - Diario de actualidad y noticias\",\"description\":\"Hemeroteca\",\"inLanguage\":\"es-ES\",\"publisher\":{\"@id\":\"https:\\\/\\\/www.eldigitaldeasturias.com\\\/noticias\\\/#organization\"}}]}\n\t\t<\/script>\n\t\t<!-- All in One SEO Pro -->\r\n\t\t<title>Airtificial participar\u00e1 en el primer proyecto de navegaci\u00f3n fluvial de Colombia - El Digital de Asturias<\/title>\n\n","aioseo_head_json":{"title":"Airtificial participar\u00e1 en el primer proyecto de navegaci\u00f3n fluvial de Colombia - El Digital de Asturias","description":"(EP) - Airtificial ha firmado un nuevo contrato de ingenier\u00eda de vanguardia en obra civil para la construcci\u00f3n del primer proyecto de navegaci\u00f3n fluvial en Colombia","canonical_url":"https:\/\/www.eldigitaldeasturias.com\/noticias\/airtificial-participara-en-el-primer-proyecto-de-navegacion-fluvial-de-colombia\/","robots":"max-image-preview:large","keywords":"negocios y empresas","webmasterTools":{"google-site-verification":"UA-38556648-1","msvalidate.01":"7dfe9f3f1b24437ab69f4f2559babe99","miscellaneous":""},"schema":{"@context":"https:\/\/schema.org","@graph":[{"@type":"BlogPosting","@id":"https:\/\/www.eldigitaldeasturias.com\/noticias\/airtificial-participara-en-el-primer-proyecto-de-navegacion-fluvial-de-colombia\/#blogposting","name":"Airtificial participar\u00e1 en el primer proyecto de navegaci\u00f3n fluvial de Colombia - El Digital de Asturias","headline":"Airtificial participar\u00e1 en el primer proyecto de navegaci\u00f3n fluvial de Colombia","author":{"@id":"https:\/\/www.eldigitaldeasturias.com\/noticias\/author\/admin\/#author"},"publisher":{"@id":"https:\/\/www.eldigitaldeasturias.com\/noticias\/#organization"},"image":{"@type":"ImageObject","url":"https:\/\/www.eldigitaldeasturias.com\/noticias\/wp-content\/uploads\/2023\/04\/Airtificial.jpg","width":892,"height":662,"caption":"DOTO: AIRTIFICIAL \/ Europa Press"},"datePublished":"2023-04-25T19:14:05+02:00","dateModified":"2023-04-25T19:14:05+02:00","inLanguage":"es-ES","mainEntityOfPage":{"@id":"https:\/\/www.eldigitaldeasturias.com\/noticias\/airtificial-participara-en-el-primer-proyecto-de-navegacion-fluvial-de-colombia\/#webpage"},"isPartOf":{"@id":"https:\/\/www.eldigitaldeasturias.com\/noticias\/airtificial-participara-en-el-primer-proyecto-de-navegacion-fluvial-de-colombia\/#webpage"},"articleSection":"Negocios y Empresas"},{"@type":"BreadcrumbList","@id":"https:\/\/www.eldigitaldeasturias.com\/noticias\/airtificial-participara-en-el-primer-proyecto-de-navegacion-fluvial-de-colombia\/#breadcrumblist","itemListElement":[{"@type":"ListItem","@id":"https:\/\/www.eldigitaldeasturias.com\/noticias#listItem","position":1,"name":"Home","item":"https:\/\/www.eldigitaldeasturias.com\/noticias","nextItem":{"@type":"ListItem","@id":"https:\/\/www.eldigitaldeasturias.com\/noticias\/category\/negocios-y-empresas\/#listItem","name":"Negocios y Empresas"}},{"@type":"ListItem","@id":"https:\/\/www.eldigitaldeasturias.com\/noticias\/category\/negocios-y-empresas\/#listItem","position":2,"name":"Negocios y Empresas","item":"https:\/\/www.eldigitaldeasturias.com\/noticias\/category\/negocios-y-empresas\/","nextItem":{"@type":"ListItem","@id":"https:\/\/www.eldigitaldeasturias.com\/noticias\/airtificial-participara-en-el-primer-proyecto-de-navegacion-fluvial-de-colombia\/#listItem","name":"Airtificial participar\u00e1 en el primer proyecto de navegaci\u00f3n fluvial de Colombia"},"previousItem":{"@type":"ListItem","@id":"https:\/\/www.eldigitaldeasturias.com\/noticias#listItem","name":"Home"}},{"@type":"ListItem","@id":"https:\/\/www.eldigitaldeasturias.com\/noticias\/airtificial-participara-en-el-primer-proyecto-de-navegacion-fluvial-de-colombia\/#listItem","position":3,"name":"Airtificial participar\u00e1 en el primer proyecto de navegaci\u00f3n fluvial de Colombia","previousItem":{"@type":"ListItem","@id":"https:\/\/www.eldigitaldeasturias.com\/noticias\/category\/negocios-y-empresas\/#listItem","name":"Negocios y Empresas"}}]},{"@type":"Organization","@id":"https:\/\/www.eldigitaldeasturias.com\/noticias\/#organization","name":"El Digital de Asturias","description":"Hemeroteca","url":"https:\/\/www.eldigitaldeasturias.com\/noticias\/","email":"info@eldigitaldeasturias.com","telephone":"+34652131393","logo":{"@type":"ImageObject","url":"https:\/\/www.eldigitaldeasturias.com\/noticias\/wp-content\/uploads\/2020\/12\/EDA.jpg","@id":"https:\/\/www.eldigitaldeasturias.com\/noticias\/airtificial-participara-en-el-primer-proyecto-de-navegacion-fluvial-de-colombia\/#organizationLogo","width":649,"height":297},"image":{"@id":"https:\/\/www.eldigitaldeasturias.com\/noticias\/airtificial-participara-en-el-primer-proyecto-de-navegacion-fluvial-de-colombia\/#organizationLogo"},"sameAs":["https:\/\/facebook.com\/eldigitaldeasturias","https:\/\/www.youtube.com\/channel\/UCZP-2wLEB9Rv6erhFmqVnvg"],"address":{"@id":"https:\/\/www.eldigitaldeasturias.com\/noticias\/#postaladdress","@type":"PostalAddress","streetAddress":"san antonio 4,","postalCode":"33430","addressLocality":"Cand\u00e1s","addressRegion":"Asturias","addressCountry":"ES"}},{"@type":"Person","@id":"https:\/\/www.eldigitaldeasturias.com\/noticias\/author\/admin\/#author","url":"https:\/\/www.eldigitaldeasturias.com\/noticias\/author\/admin\/","name":"El Digital de Asturias","image":{"@type":"ImageObject","@id":"https:\/\/www.eldigitaldeasturias.com\/noticias\/airtificial-participara-en-el-primer-proyecto-de-navegacion-fluvial-de-colombia\/#authorImage","url":"https:\/\/www.eldigitaldeasturias.com\/noticias\/wp-content\/litespeed\/avatar\/18677e78aa0546b92d9dbf31ec7d7668.jpg?ver=1777290358","width":96,"height":96,"caption":"El Digital de Asturias"}},{"@type":"WebPage","@id":"https:\/\/www.eldigitaldeasturias.com\/noticias\/airtificial-participara-en-el-primer-proyecto-de-navegacion-fluvial-de-colombia\/#webpage","url":"https:\/\/www.eldigitaldeasturias.com\/noticias\/airtificial-participara-en-el-primer-proyecto-de-navegacion-fluvial-de-colombia\/","name":"Airtificial participar\u00e1 en el primer proyecto de navegaci\u00f3n fluvial de Colombia - El Digital de Asturias","description":"(EP) - Airtificial ha firmado un nuevo contrato de ingenier\u00eda de vanguardia en obra civil para la construcci\u00f3n del primer proyecto de navegaci\u00f3n fluvial en Colombia","inLanguage":"es-ES","isPartOf":{"@id":"https:\/\/www.eldigitaldeasturias.com\/noticias\/#website"},"breadcrumb":{"@id":"https:\/\/www.eldigitaldeasturias.com\/noticias\/airtificial-participara-en-el-primer-proyecto-de-navegacion-fluvial-de-colombia\/#breadcrumblist"},"author":{"@id":"https:\/\/www.eldigitaldeasturias.com\/noticias\/author\/admin\/#author"},"creator":{"@id":"https:\/\/www.eldigitaldeasturias.com\/noticias\/author\/admin\/#author"},"image":{"@type":"ImageObject","url":"https:\/\/www.eldigitaldeasturias.com\/noticias\/wp-content\/uploads\/2023\/04\/Airtificial.jpg","@id":"https:\/\/www.eldigitaldeasturias.com\/noticias\/airtificial-participara-en-el-primer-proyecto-de-navegacion-fluvial-de-colombia\/#mainImage","width":892,"height":662,"caption":"DOTO: AIRTIFICIAL \/ Europa Press"},"primaryImageOfPage":{"@id":"https:\/\/www.eldigitaldeasturias.com\/noticias\/airtificial-participara-en-el-primer-proyecto-de-navegacion-fluvial-de-colombia\/#mainImage"},"datePublished":"2023-04-25T19:14:05+02:00","dateModified":"2023-04-25T19:14:05+02:00"},{"@type":"WebSite","@id":"https:\/\/www.eldigitaldeasturias.com\/noticias\/#website","url":"https:\/\/www.eldigitaldeasturias.com\/noticias\/","name":"El Digital de Asturias - Diario de actualidad y noticias","alternateName":"El Digital de Asturias - Diario de actualidad y noticias","description":"Hemeroteca","inLanguage":"es-ES","publisher":{"@id":"https:\/\/www.eldigitaldeasturias.com\/noticias\/#organization"}}]},"og:locale":"es_ES","og:site_name":"El Digital de Asturias","og:type":"article","og:title":"Airtificial participar\u00e1 en el primer proyecto de navegaci\u00f3n fluvial de Colombia - El Digital de Asturias","og:description":"(EP) - Airtificial ha firmado un nuevo contrato de ingenier\u00eda de vanguardia en obra civil para la construcci\u00f3n del primer proyecto de navegaci\u00f3n fluvial en Colombia","og:url":"https:\/\/www.eldigitaldeasturias.com\/noticias\/airtificial-participara-en-el-primer-proyecto-de-navegacion-fluvial-de-colombia\/","og:image":"https:\/\/www.eldigitaldeasturias.com\/noticias\/wp-content\/uploads\/2023\/04\/Airtificial.jpg","og:image:secure_url":"https:\/\/www.eldigitaldeasturias.com\/noticias\/wp-content\/uploads\/2023\/04\/Airtificial.jpg","og:image:width":892,"og:image:height":662,"article:tag":["negocios y empresas"],"article:published_time":"2023-04-25T17:14:05+00:00","article:modified_time":"2023-04-25T17:14:05+00:00","article:publisher":"https:\/\/facebook.com\/eldigitaldeasturias","twitter:card":"summary_large_image","twitter:title":"Airtificial participar\u00e1 en el primer proyecto de navegaci\u00f3n fluvial de Colombia - El Digital de Asturias","twitter:description":"(EP) - Airtificial ha firmado un nuevo contrato de ingenier\u00eda de vanguardia en obra civil para la construcci\u00f3n del primer proyecto de navegaci\u00f3n fluvial en Colombia","twitter:image":"https:\/\/www.eldigitaldeasturias.com\/noticias\/wp-content\/uploads\/2023\/04\/Airtificial.jpg","twitter:label1":"Escrito por","twitter:data1":"El Digital de Asturias","twitter:label2":"Tiempo de lectura estimado","twitter:data2":"2 minutos"},"aioseo_meta_data":{"post_id":"1122299","title":null,"description":"(EP) - Airtificial ha firmado un nuevo contrato de ingenier\u00eda de vanguardia en obra civil para la construcci\u00f3n del primer proyecto de navegaci\u00f3n fluvial en Colombia","keywords":[],"keyphrases":{"focus":{"keyphrase":"Airtificial","score":92,"analysis":{"keyphraseInTitle":{"score":9,"maxScore":9,"error":0},"keyphraseInDescription":{"score":9,"maxScore":9,"error":0},"keyphraseLength":{"score":9,"maxScore":9,"error":0,"length":1},"keyphraseInURL":{"score":1,"maxScore":5,"error":1},"keyphraseInIntroduction":{"score":9,"maxScore":9,"error":0},"keyphraseInSubHeadings":[],"keyphraseInImageAlt":{"score":9,"maxScore":9,"error":0}}},"additional":[{"keyphrase":"Airtificial","score":100,"analysis":{"keyphraseInDescription":{"score":9,"maxScore":9,"error":0},"keyphraseLength":{"score":9,"maxScore":9,"error":0,"length":1},"keyphraseInIntroduction":{"score":9,"maxScore":9,"error":0},"keyphraseInImageAlt":{"score":9,"maxScore":9,"error":0}}},{"keyphrase":"Colombia","score":83,"analysis":{"keyphraseInDescription":{"score":9,"maxScore":9,"error":0},"keyphraseLength":{"score":9,"maxScore":9,"error":0,"length":1},"keyphraseInIntroduction":{"score":9,"maxScore":9,"error":0},"keyphraseInImageAlt":{"score":3,"maxScore":9,"error":1}}}]},"primary_term":null,"canonical_url":null,"og_title":null,"og_description":null,"og_object_type":"default","og_image_type":"default","og_image_url":null,"og_image_width":null,"og_image_height":null,"og_image_custom_url":null,"og_image_custom_fields":null,"og_video":"","og_custom_url":null,"og_article_section":null,"og_article_tags":[],"twitter_use_og":false,"twitter_card":"default","twitter_image_type":"default","twitter_image_url":null,"twitter_image_custom_url":null,"twitter_image_custom_fields":null,"twitter_title":null,"twitter_description":null,"schema":{"blockGraphs":[],"customGraphs":[],"default":{"data":{"Article":[],"Course":[],"Dataset":[],"FAQPage":[],"Movie":[],"Person":[],"Product":[],"ProductReview":[],"Car":[],"Recipe":[],"Service":[],"SoftwareApplication":[],"WebPage":[]},"graphName":"","isEnabled":true},"graphs":[]},"schema_type":"default","schema_type_options":null,"pillar_content":false,"robots_default":true,"robots_noindex":false,"robots_noarchive":false,"robots_nosnippet":false,"robots_nofollow":false,"robots_noimageindex":false,"robots_noodp":false,"robots_notranslate":false,"robots_max_snippet":"-1","robots_max_videopreview":"-1","robots_max_imagepreview":"large","priority":null,"frequency":"default","local_seo":null,"seo_analyzer_scan_date":"2025-10-05 03:27:43","breadcrumb_settings":null,"limit_modified_date":false,"open_ai":"{\"title\":{\"suggestions\":[],\"usage\":0},\"description\":{\"suggestions\":[],\"usage\":0}}","ai":null,"created":"2023-04-25 17:09:42","updated":"2025-10-05 03:27:43"},"aioseo_breadcrumb":"<div class=\"aioseo-breadcrumbs\"><span class=\"aioseo-breadcrumb\">\n\t<a href=\"https:\/\/www.eldigitaldeasturias.com\/noticias\" title=\"Home\">Home<\/a>\n<\/span><span class=\"aioseo-breadcrumb-separator\">\u2013<\/span><span class=\"aioseo-breadcrumb\">\n\t<a href=\"https:\/\/www.eldigitaldeasturias.com\/noticias\/category\/negocios-y-empresas\/\" title=\"Negocios y Empresas\">Negocios y Empresas<\/a>\n<\/span><span class=\"aioseo-breadcrumb-separator\">\u2013<\/span><span class=\"aioseo-breadcrumb\">\n\t<a href=\"https:\/\/www.eldigitaldeasturias.com\/noticias\/airtificial-participara-en-el-primer-proyecto-de-navegacion-fluvial-de-colombia\/\" title=\"Airtificial participar\u00e1 en el primer proyecto de navegaci\u00f3n fluvial de Colombia\">Airtificial participar\u00e1 en el primer proyecto de navegaci\u00f3n fluvial de Colombia<\/a>\n<\/span><\/div>","aioseo_breadcrumb_json":[{"label":"Home","link":"https:\/\/www.eldigitaldeasturias.com\/noticias"},{"label":"Negocios y Empresas","link":"https:\/\/www.eldigitaldeasturias.com\/noticias\/category\/negocios-y-empresas\/"},{"label":"Airtificial participar\u00e1 en el primer proyecto de navegaci\u00f3n fluvial de Colombia","link":"https:\/\/www.eldigitaldeasturias.com\/noticias\/airtificial-participara-en-el-primer-proyecto-de-navegacion-fluvial-de-colombia\/"}],"_links":{"self":[{"href":"https:\/\/www.eldigitaldeasturias.com\/noticias\/wp-json\/wp\/v2\/posts\/1122299","targetHints":{"allow":["GET"]}}],"collection":[{"href":"https:\/\/www.eldigitaldeasturias.com\/noticias\/wp-json\/wp\/v2\/posts"}],"about":[{"href":"https:\/\/www.eldigitaldeasturias.com\/noticias\/wp-json\/wp\/v2\/types\/post"}],"author":[{"embeddable":true,"href":"https:\/\/www.eldigitaldeasturias.com\/noticias\/wp-json\/wp\/v2\/users\/1"}],"replies":[{"embeddable":true,"href":"https:\/\/www.eldigitaldeasturias.com\/noticias\/wp-json\/wp\/v2\/comments?post=1122299"}],"version-history":[{"count":0,"href":"https:\/\/www.eldigitaldeasturias.com\/noticias\/wp-json\/wp\/v2\/posts\/1122299\/revisions"}],"wp:featuredmedia":[{"embeddable":true,"href":"https:\/\/www.eldigitaldeasturias.com\/noticias\/wp-json\/wp\/v2\/media\/1122300"}],"wp:attachment":[{"href":"https:\/\/www.eldigitaldeasturias.com\/noticias\/wp-json\/wp\/v2\/media?parent=1122299"}],"wp:term":[{"taxonomy":"category","embeddable":true,"href":"https:\/\/www.eldigitaldeasturias.com\/noticias\/wp-json\/wp\/v2\/categories?post=1122299"},{"taxonomy":"post_tag","embeddable":true,"href":"https:\/\/www.eldigitaldeasturias.com\/noticias\/wp-json\/wp\/v2\/tags?post=1122299"}],"curies":[{"name":"wp","href":"https:\/\/api.w.org\/{rel}","templated":true}]}}