{"id":1122016,"date":"2023-04-15T03:27:30","date_gmt":"2023-04-15T01:27:30","guid":{"rendered":"https:\/\/www.eldigitaldeasturias.com\/noticias\/?p=1122016"},"modified":"2023-04-15T03:27:30","modified_gmt":"2023-04-15T01:27:30","slug":"el-cierre-y-hundimiento-de-los-negocios-causas-y-efectos","status":"publish","type":"post","link":"https:\/\/www.eldigitaldeasturias.com\/noticias\/el-cierre-y-hundimiento-de-los-negocios-causas-y-efectos\/","title":{"rendered":"El cierre y hundimiento de los negocios: Causas y efectos"},"content":{"rendered":"<p>(EP) &#8211; El alza de cotizaciones, la <a href=\"https:\/\/candas365.es\/noticias\/category\/economia\/\" target=\"_blank\" rel=\"noopener\"><span style=\"color: #ff6600;\"><strong>inflaci\u00f3n<\/strong><\/span><\/a> y la subida del salario m\u00ednimo interprofesional (SMI) han causado la destrucci\u00f3n, en un a\u00f1o, de 3.899 microempresas (menos de diez trabajadores), seg\u00fan un estudio de Cepyme publicado el lunes con datos a cierre del pasado mes de febrero.<\/p>\n<figure id=\"attachment_1122017\" aria-describedby=\"caption-attachment-1122017\" style=\"width: 640px\" class=\"wp-caption aligncenter\"><img loading=\"lazy\" decoding=\"async\" class=\"wp-image-1122017 size-large\" src=\"https:\/\/www.eldigitaldeasturias.com\/noticias\/wp-content\/uploads\/2023\/04\/negocios-640x480.jpg\" alt=\"negocios\" width=\"640\" height=\"480\" srcset=\"https:\/\/www.eldigitaldeasturias.com\/noticias\/wp-content\/uploads\/2023\/04\/negocios-640x480.jpg 640w, https:\/\/www.eldigitaldeasturias.com\/noticias\/wp-content\/uploads\/2023\/04\/negocios-360x270.jpg 360w, https:\/\/www.eldigitaldeasturias.com\/noticias\/wp-content\/uploads\/2023\/04\/negocios-400x300.jpg 400w, https:\/\/www.eldigitaldeasturias.com\/noticias\/wp-content\/uploads\/2023\/04\/negocios-768x576.jpg 768w, https:\/\/www.eldigitaldeasturias.com\/noticias\/wp-content\/uploads\/2023\/04\/negocios-150x112.jpg 150w, https:\/\/www.eldigitaldeasturias.com\/noticias\/wp-content\/uploads\/2023\/04\/negocios-450x337.jpg 450w, https:\/\/www.eldigitaldeasturias.com\/noticias\/wp-content\/uploads\/2023\/04\/negocios.jpg 891w\" sizes=\"auto, (max-width: 640px) 100vw, 640px\" \/><figcaption id=\"caption-attachment-1122017\" class=\"wp-caption-text\">Foto: Europa Press<\/figcaption><\/figure>\n<p>En total, <strong>en febrero de este a\u00f1o hab\u00eda 1.122.782 <a href=\"https:\/\/www.eldigitaldeasturias.com\/noticias\/category\/negocios-y-empresas\/\"><span style=\"color: #ff6600;\">microempresas<\/span><\/a>, un 0,3% menos que las existentes en febrero de 2022<\/strong>. Con esta ca\u00edda interanual, se acumulan ya cinco meses de descensos en el n\u00famero de microempresas, seg\u00fan ha denunciado Cepyme, que basa su an\u00e1lisis en datos oficiales de la Seguridad Social.<\/p>\n<p>La organizaci\u00f3n empresarial advierte de que la disminuci\u00f3n de microempresas ha sido \u00abespecialmente intensa\u00bb, del orden del 3,8%, en las actividades agrupadas en el sector agricultura, ganader\u00eda y pesca. Tambi\u00e9n se han registrado descensos en la industria (-1,6%) y los servicios (-0,1%).<\/p>\n<blockquote><p>Por el contrario, el n\u00famero de microempresas de la construcci\u00f3n se increment\u00f3 en febrero en tasa interanual en un 1,7%, acerc\u00e1ndose su cifra total a los m\u00e1ximos alcanzados en 2008.<\/p><\/blockquote>\n<p>En concreto, el sector agrario, ganadero y pesquero ha perdido 3.443 microempresas en un a\u00f1o; la industria ha cerrado 1.209 y los servicios, 1.225. En la construcci\u00f3n, en cambio, los peque\u00f1os negocios aumentaron en 1.978.<\/p>\n<p>Tomando la serie de empresas inscritas en la Seguridad Social, Cepyme alerta de que las microempresas agropecuarias acumulan 18 meses consecutivos de ca\u00eddas; las industriales suman 19 meses de descensos y las de servicios, cinco meses.<\/p>\n<p>\u00abEl hito de que merme la cifra de microempresas en tres sectores (agropecuario, industria y servicios) no se produc\u00eda desde 2013, exceptuando el periodo m\u00e1s adverso de la pandemia\u00bb, avisa la organizaci\u00f3n empresarial.<\/p>\n<h2>SUBE LA CIFRA TOTAL DE EMPRESAS, PERO SIGUE POR DEBAJO DEL NIVEL PRECOVID<\/h2>\n<p>Pese a que la cifra de empresas de menos de 10 trabajadores suma ya cinco meses de retrocesos, la cifra global de empresas aument\u00f3 un 0,2% en febrero, hasta totalizar 1.316.527, lo que supone la primera subida interanual en cinco meses.<\/p>\n<p>No obstante, Cepyme subraya que tanto el n\u00famero total de empresas inscritas en la Seguridad Social como el de microempresas sigue por debajo de los niveles del \u00faltimo trimestre de 2019, previo a la llegada de la pandemia.<\/p>\n<p>La organizaci\u00f3n empresarial se\u00f1ala que las grandes empresas de m\u00e1s de 500 trabajadores, \u00abmenos permeables a la subida del SMI, en particular, y al alza de costes laborales, en general\u00bb, creci\u00f3 en febrero un 5,6% interanual, con 130 empresas m\u00e1s, hasta un total de 2.440.<\/p>\n<p>Concretamente, el sector agropecuario sum\u00f3 en este periodo una empresa de m\u00e1s de 500 trabajadores; la industria gan\u00f3 30 m\u00e1s; la construcci\u00f3n, 5; y los servicios, 94 grandes empresas.<\/p>\n<p>Por su parte, las empresas de 10 a 49 trabajadores crecieron un 3,2% interanual en febrero, mientras que las de 50 a 249 subieron un 3,6% y las de 250 a 499 empleados aumentaron un 5,8%.<\/p>\n<p>De este modo, s\u00f3lo las microempresas perdieron negocios en este periodo, pero se trata del grueso del tejido empresarial, pues suponen m\u00e1s de ocho de cada diez empresas del total del parque empresarial espa\u00f1ol.<\/p>\n<p>A tenor de estos datos y ante el alza del SMI y de las cotizaciones a la Seguridad Social, \u00abque se ver\u00e1 amplificada en los pr\u00f3ximos ejercicios por la reforma de las pensiones\u00bb, Cepyme ha instado al Gobierno a prestar su atenci\u00f3n a las empresas \u00abm\u00e1s vulnerables\u00bb, las microempresas, aquellas de menos de 10 trabajadores y que representan el 85,2% de tejido productivo espa\u00f1ol.<\/p>\n<p>La organizaci\u00f3n que preside Gerardo Cuerva ha denunciado que <strong>las medidas que elevan los costes tributarios y laborales \u00abno s\u00f3lo dificultan o impiden\u00bb que el tejido empresarial gane tama\u00f1o, \u00absino que debilitan especialmente a la microempresa, en muchos casos hasta producir su cierre\u00bb.<\/strong><\/p>\n","protected":false},"excerpt":{"rendered":"<p>(EP) &#8211; El alza de cotizaciones, la inflaci\u00f3n y la subida del salario m\u00ednimo interprofesional (SMI) han causado la destrucci\u00f3n, en un a\u00f1o, de 3.899 microempresas (menos de diez trabajadores), seg\u00fan un estudio de Cepyme publicado el lunes con datos a cierre del pasado mes de febrero. En total, en febrero de este a\u00f1o hab\u00eda [&hellip;]<\/p>\n","protected":false},"author":1,"featured_media":1122017,"comment_status":"closed","ping_status":"closed","sticky":false,"template":"","format":"standard","meta":{"footnotes":""},"categories":[219],"tags":[],"class_list":["post-1122016","post","type-post","status-publish","format-standard","has-post-thumbnail","hentry","category-negocios-y-empresas"],"aioseo_notices":[],"aioseo_head":"\n\t\t<!-- All in One SEO Pro 4.9.6.2 - aioseo.com -->\n\t<meta name=\"description\" content=\"(EP) - El alza de cotizaciones, la inflaci\u00f3n y la subida del salario m\u00ednimo interprofesional (SMI) han causado la destrucci\u00f3n, en un a\u00f1o, de 3.899 microempresas\" \/>\n\t<meta name=\"robots\" content=\"max-image-preview:large\" \/>\n\t<meta name=\"author\" content=\"El Digital de Asturias\"\/>\n\t<meta name=\"google-site-verification\" content=\"UA-38556648-1\" \/>\n\t<meta name=\"msvalidate.01\" content=\"7dfe9f3f1b24437ab69f4f2559babe99\" \/>\n\t<meta name=\"keywords\" content=\"negocios y empresas\" \/>\n\t<link rel=\"canonical\" href=\"https:\/\/www.eldigitaldeasturias.com\/noticias\/el-cierre-y-hundimiento-de-los-negocios-causas-y-efectos\/\" \/>\n\t<meta name=\"generator\" content=\"All in One SEO Pro (AIOSEO) 4.9.6.2\" \/>\n\t\t<meta property=\"og:locale\" content=\"es_ES\" \/>\n\t\t<meta property=\"og:site_name\" content=\"El Digital de Asturias\" \/>\n\t\t<meta property=\"og:type\" content=\"article\" \/>\n\t\t<meta property=\"og:title\" content=\"El cierre y hundimiento de los negocios: Causas y efectos - El Digital de Asturias\" \/>\n\t\t<meta property=\"og:description\" content=\"(EP) - El alza de cotizaciones, la inflaci\u00f3n y la subida del salario m\u00ednimo interprofesional (SMI) han causado la destrucci\u00f3n, en un a\u00f1o, de 3.899 microempresas\" \/>\n\t\t<meta property=\"og:url\" content=\"https:\/\/www.eldigitaldeasturias.com\/noticias\/el-cierre-y-hundimiento-de-los-negocios-causas-y-efectos\/\" \/>\n\t\t<meta property=\"og:image\" content=\"https:\/\/www.eldigitaldeasturias.com\/noticias\/wp-content\/uploads\/2023\/04\/negocios.jpg\" \/>\n\t\t<meta property=\"og:image:secure_url\" content=\"https:\/\/www.eldigitaldeasturias.com\/noticias\/wp-content\/uploads\/2023\/04\/negocios.jpg\" \/>\n\t\t<meta property=\"og:image:width\" content=\"891\" \/>\n\t\t<meta property=\"og:image:height\" content=\"668\" \/>\n\t\t<meta property=\"article:tag\" content=\"negocios y empresas\" \/>\n\t\t<meta property=\"article:published_time\" content=\"2023-04-15T01:27:30+00:00\" \/>\n\t\t<meta property=\"article:modified_time\" content=\"2023-04-15T01:27:30+00:00\" \/>\n\t\t<meta property=\"article:publisher\" content=\"https:\/\/facebook.com\/eldigitaldeasturias\" \/>\n\t\t<meta name=\"twitter:card\" content=\"summary_large_image\" \/>\n\t\t<meta name=\"twitter:title\" content=\"El cierre y hundimiento de los negocios: Causas y efectos - El Digital de Asturias\" \/>\n\t\t<meta name=\"twitter:description\" content=\"(EP) - El alza de cotizaciones, la inflaci\u00f3n y la subida del salario m\u00ednimo interprofesional (SMI) han causado la destrucci\u00f3n, en un a\u00f1o, de 3.899 microempresas\" \/>\n\t\t<meta name=\"twitter:image\" content=\"https:\/\/www.eldigitaldeasturias.com\/noticias\/wp-content\/uploads\/2023\/04\/negocios.jpg\" \/>\n\t\t<meta name=\"twitter:label1\" content=\"Escrito por\" \/>\n\t\t<meta name=\"twitter:data1\" content=\"El Digital de Asturias\" \/>\n\t\t<meta name=\"twitter:label2\" content=\"Tiempo de lectura estimado\" \/>\n\t\t<meta name=\"twitter:data2\" content=\"3 minutos\" \/>\n\t\t<script type=\"application\/ld+json\" class=\"aioseo-schema\">\n\t\t\t{\"@context\":\"https:\\\/\\\/schema.org\",\"@graph\":[{\"@type\":\"BlogPosting\",\"@id\":\"https:\\\/\\\/www.eldigitaldeasturias.com\\\/noticias\\\/el-cierre-y-hundimiento-de-los-negocios-causas-y-efectos\\\/#blogposting\",\"name\":\"El cierre y hundimiento de los negocios: Causas y efectos - El Digital de Asturias\",\"headline\":\"El cierre y hundimiento de los negocios: Causas y efectos\",\"author\":{\"@id\":\"https:\\\/\\\/www.eldigitaldeasturias.com\\\/noticias\\\/author\\\/admin\\\/#author\"},\"publisher\":{\"@id\":\"https:\\\/\\\/www.eldigitaldeasturias.com\\\/noticias\\\/#organization\"},\"image\":{\"@type\":\"ImageObject\",\"url\":\"https:\\\/\\\/www.eldigitaldeasturias.com\\\/noticias\\\/wp-content\\\/uploads\\\/2023\\\/04\\\/negocios.jpg\",\"width\":891,\"height\":668,\"caption\":\"Foto: Europa Press\"},\"datePublished\":\"2023-04-15T03:27:30+02:00\",\"dateModified\":\"2023-04-15T03:27:30+02:00\",\"inLanguage\":\"es-ES\",\"mainEntityOfPage\":{\"@id\":\"https:\\\/\\\/www.eldigitaldeasturias.com\\\/noticias\\\/el-cierre-y-hundimiento-de-los-negocios-causas-y-efectos\\\/#webpage\"},\"isPartOf\":{\"@id\":\"https:\\\/\\\/www.eldigitaldeasturias.com\\\/noticias\\\/el-cierre-y-hundimiento-de-los-negocios-causas-y-efectos\\\/#webpage\"},\"articleSection\":\"Negocios y Empresas\"},{\"@type\":\"BreadcrumbList\",\"@id\":\"https:\\\/\\\/www.eldigitaldeasturias.com\\\/noticias\\\/el-cierre-y-hundimiento-de-los-negocios-causas-y-efectos\\\/#breadcrumblist\",\"itemListElement\":[{\"@type\":\"ListItem\",\"@id\":\"https:\\\/\\\/www.eldigitaldeasturias.com\\\/noticias#listItem\",\"position\":1,\"name\":\"Home\",\"item\":\"https:\\\/\\\/www.eldigitaldeasturias.com\\\/noticias\",\"nextItem\":{\"@type\":\"ListItem\",\"@id\":\"https:\\\/\\\/www.eldigitaldeasturias.com\\\/noticias\\\/category\\\/negocios-y-empresas\\\/#listItem\",\"name\":\"Negocios y Empresas\"}},{\"@type\":\"ListItem\",\"@id\":\"https:\\\/\\\/www.eldigitaldeasturias.com\\\/noticias\\\/category\\\/negocios-y-empresas\\\/#listItem\",\"position\":2,\"name\":\"Negocios y Empresas\",\"item\":\"https:\\\/\\\/www.eldigitaldeasturias.com\\\/noticias\\\/category\\\/negocios-y-empresas\\\/\",\"nextItem\":{\"@type\":\"ListItem\",\"@id\":\"https:\\\/\\\/www.eldigitaldeasturias.com\\\/noticias\\\/el-cierre-y-hundimiento-de-los-negocios-causas-y-efectos\\\/#listItem\",\"name\":\"El cierre y hundimiento de los negocios: Causas y efectos\"},\"previousItem\":{\"@type\":\"ListItem\",\"@id\":\"https:\\\/\\\/www.eldigitaldeasturias.com\\\/noticias#listItem\",\"name\":\"Home\"}},{\"@type\":\"ListItem\",\"@id\":\"https:\\\/\\\/www.eldigitaldeasturias.com\\\/noticias\\\/el-cierre-y-hundimiento-de-los-negocios-causas-y-efectos\\\/#listItem\",\"position\":3,\"name\":\"El cierre y hundimiento de los negocios: Causas y efectos\",\"previousItem\":{\"@type\":\"ListItem\",\"@id\":\"https:\\\/\\\/www.eldigitaldeasturias.com\\\/noticias\\\/category\\\/negocios-y-empresas\\\/#listItem\",\"name\":\"Negocios y Empresas\"}}]},{\"@type\":\"Organization\",\"@id\":\"https:\\\/\\\/www.eldigitaldeasturias.com\\\/noticias\\\/#organization\",\"name\":\"El Digital de Asturias\",\"description\":\"Hemeroteca\",\"url\":\"https:\\\/\\\/www.eldigitaldeasturias.com\\\/noticias\\\/\",\"email\":\"info@eldigitaldeasturias.com\",\"telephone\":\"+34652131393\",\"logo\":{\"@type\":\"ImageObject\",\"url\":\"https:\\\/\\\/www.eldigitaldeasturias.com\\\/noticias\\\/wp-content\\\/uploads\\\/2020\\\/12\\\/EDA.jpg\",\"@id\":\"https:\\\/\\\/www.eldigitaldeasturias.com\\\/noticias\\\/el-cierre-y-hundimiento-de-los-negocios-causas-y-efectos\\\/#organizationLogo\",\"width\":649,\"height\":297},\"image\":{\"@id\":\"https:\\\/\\\/www.eldigitaldeasturias.com\\\/noticias\\\/el-cierre-y-hundimiento-de-los-negocios-causas-y-efectos\\\/#organizationLogo\"},\"sameAs\":[\"https:\\\/\\\/facebook.com\\\/eldigitaldeasturias\",\"https:\\\/\\\/www.youtube.com\\\/channel\\\/UCZP-2wLEB9Rv6erhFmqVnvg\"],\"address\":{\"@id\":\"https:\\\/\\\/www.eldigitaldeasturias.com\\\/noticias\\\/#postaladdress\",\"@type\":\"PostalAddress\",\"streetAddress\":\"san antonio 4,\",\"postalCode\":\"33430\",\"addressLocality\":\"Cand\\u00e1s\",\"addressRegion\":\"Asturias\",\"addressCountry\":\"ES\"}},{\"@type\":\"Person\",\"@id\":\"https:\\\/\\\/www.eldigitaldeasturias.com\\\/noticias\\\/author\\\/admin\\\/#author\",\"url\":\"https:\\\/\\\/www.eldigitaldeasturias.com\\\/noticias\\\/author\\\/admin\\\/\",\"name\":\"El Digital de Asturias\",\"image\":{\"@type\":\"ImageObject\",\"@id\":\"https:\\\/\\\/www.eldigitaldeasturias.com\\\/noticias\\\/el-cierre-y-hundimiento-de-los-negocios-causas-y-efectos\\\/#authorImage\",\"url\":\"https:\\\/\\\/www.eldigitaldeasturias.com\\\/noticias\\\/wp-content\\\/litespeed\\\/avatar\\\/18677e78aa0546b92d9dbf31ec7d7668.jpg?ver=1777290358\",\"width\":96,\"height\":96,\"caption\":\"El Digital de Asturias\"}},{\"@type\":\"WebPage\",\"@id\":\"https:\\\/\\\/www.eldigitaldeasturias.com\\\/noticias\\\/el-cierre-y-hundimiento-de-los-negocios-causas-y-efectos\\\/#webpage\",\"url\":\"https:\\\/\\\/www.eldigitaldeasturias.com\\\/noticias\\\/el-cierre-y-hundimiento-de-los-negocios-causas-y-efectos\\\/\",\"name\":\"El cierre y hundimiento de los negocios: Causas y efectos - El Digital de Asturias\",\"description\":\"(EP) - El alza de cotizaciones, la inflaci\\u00f3n y la subida del salario m\\u00ednimo interprofesional (SMI) han causado la destrucci\\u00f3n, en un a\\u00f1o, de 3.899 microempresas\",\"inLanguage\":\"es-ES\",\"isPartOf\":{\"@id\":\"https:\\\/\\\/www.eldigitaldeasturias.com\\\/noticias\\\/#website\"},\"breadcrumb\":{\"@id\":\"https:\\\/\\\/www.eldigitaldeasturias.com\\\/noticias\\\/el-cierre-y-hundimiento-de-los-negocios-causas-y-efectos\\\/#breadcrumblist\"},\"author\":{\"@id\":\"https:\\\/\\\/www.eldigitaldeasturias.com\\\/noticias\\\/author\\\/admin\\\/#author\"},\"creator\":{\"@id\":\"https:\\\/\\\/www.eldigitaldeasturias.com\\\/noticias\\\/author\\\/admin\\\/#author\"},\"image\":{\"@type\":\"ImageObject\",\"url\":\"https:\\\/\\\/www.eldigitaldeasturias.com\\\/noticias\\\/wp-content\\\/uploads\\\/2023\\\/04\\\/negocios.jpg\",\"@id\":\"https:\\\/\\\/www.eldigitaldeasturias.com\\\/noticias\\\/el-cierre-y-hundimiento-de-los-negocios-causas-y-efectos\\\/#mainImage\",\"width\":891,\"height\":668,\"caption\":\"Foto: Europa Press\"},\"primaryImageOfPage\":{\"@id\":\"https:\\\/\\\/www.eldigitaldeasturias.com\\\/noticias\\\/el-cierre-y-hundimiento-de-los-negocios-causas-y-efectos\\\/#mainImage\"},\"datePublished\":\"2023-04-15T03:27:30+02:00\",\"dateModified\":\"2023-04-15T03:27:30+02:00\"},{\"@type\":\"WebSite\",\"@id\":\"https:\\\/\\\/www.eldigitaldeasturias.com\\\/noticias\\\/#website\",\"url\":\"https:\\\/\\\/www.eldigitaldeasturias.com\\\/noticias\\\/\",\"name\":\"El Digital de Asturias - Diario de actualidad y noticias\",\"alternateName\":\"El Digital de Asturias - Diario de actualidad y noticias\",\"description\":\"Hemeroteca\",\"inLanguage\":\"es-ES\",\"publisher\":{\"@id\":\"https:\\\/\\\/www.eldigitaldeasturias.com\\\/noticias\\\/#organization\"}}]}\n\t\t<\/script>\n\t\t<!-- All in One SEO Pro -->\r\n\t\t<title>El cierre y hundimiento de los negocios: Causas y efectos - El Digital de Asturias<\/title>\n\n","aioseo_head_json":{"title":"El cierre y hundimiento de los negocios: Causas y efectos - El Digital de Asturias","description":"(EP) - El alza de cotizaciones, la inflaci\u00f3n y la subida del salario m\u00ednimo interprofesional (SMI) han causado la destrucci\u00f3n, en un a\u00f1o, de 3.899 microempresas","canonical_url":"https:\/\/www.eldigitaldeasturias.com\/noticias\/el-cierre-y-hundimiento-de-los-negocios-causas-y-efectos\/","robots":"max-image-preview:large","keywords":"negocios y empresas","webmasterTools":{"google-site-verification":"UA-38556648-1","msvalidate.01":"7dfe9f3f1b24437ab69f4f2559babe99","miscellaneous":""},"schema":{"@context":"https:\/\/schema.org","@graph":[{"@type":"BlogPosting","@id":"https:\/\/www.eldigitaldeasturias.com\/noticias\/el-cierre-y-hundimiento-de-los-negocios-causas-y-efectos\/#blogposting","name":"El cierre y hundimiento de los negocios: Causas y efectos - El Digital de Asturias","headline":"El cierre y hundimiento de los negocios: Causas y efectos","author":{"@id":"https:\/\/www.eldigitaldeasturias.com\/noticias\/author\/admin\/#author"},"publisher":{"@id":"https:\/\/www.eldigitaldeasturias.com\/noticias\/#organization"},"image":{"@type":"ImageObject","url":"https:\/\/www.eldigitaldeasturias.com\/noticias\/wp-content\/uploads\/2023\/04\/negocios.jpg","width":891,"height":668,"caption":"Foto: Europa Press"},"datePublished":"2023-04-15T03:27:30+02:00","dateModified":"2023-04-15T03:27:30+02:00","inLanguage":"es-ES","mainEntityOfPage":{"@id":"https:\/\/www.eldigitaldeasturias.com\/noticias\/el-cierre-y-hundimiento-de-los-negocios-causas-y-efectos\/#webpage"},"isPartOf":{"@id":"https:\/\/www.eldigitaldeasturias.com\/noticias\/el-cierre-y-hundimiento-de-los-negocios-causas-y-efectos\/#webpage"},"articleSection":"Negocios y Empresas"},{"@type":"BreadcrumbList","@id":"https:\/\/www.eldigitaldeasturias.com\/noticias\/el-cierre-y-hundimiento-de-los-negocios-causas-y-efectos\/#breadcrumblist","itemListElement":[{"@type":"ListItem","@id":"https:\/\/www.eldigitaldeasturias.com\/noticias#listItem","position":1,"name":"Home","item":"https:\/\/www.eldigitaldeasturias.com\/noticias","nextItem":{"@type":"ListItem","@id":"https:\/\/www.eldigitaldeasturias.com\/noticias\/category\/negocios-y-empresas\/#listItem","name":"Negocios y Empresas"}},{"@type":"ListItem","@id":"https:\/\/www.eldigitaldeasturias.com\/noticias\/category\/negocios-y-empresas\/#listItem","position":2,"name":"Negocios y Empresas","item":"https:\/\/www.eldigitaldeasturias.com\/noticias\/category\/negocios-y-empresas\/","nextItem":{"@type":"ListItem","@id":"https:\/\/www.eldigitaldeasturias.com\/noticias\/el-cierre-y-hundimiento-de-los-negocios-causas-y-efectos\/#listItem","name":"El cierre y hundimiento de los negocios: Causas y efectos"},"previousItem":{"@type":"ListItem","@id":"https:\/\/www.eldigitaldeasturias.com\/noticias#listItem","name":"Home"}},{"@type":"ListItem","@id":"https:\/\/www.eldigitaldeasturias.com\/noticias\/el-cierre-y-hundimiento-de-los-negocios-causas-y-efectos\/#listItem","position":3,"name":"El cierre y hundimiento de los negocios: Causas y efectos","previousItem":{"@type":"ListItem","@id":"https:\/\/www.eldigitaldeasturias.com\/noticias\/category\/negocios-y-empresas\/#listItem","name":"Negocios y Empresas"}}]},{"@type":"Organization","@id":"https:\/\/www.eldigitaldeasturias.com\/noticias\/#organization","name":"El Digital de Asturias","description":"Hemeroteca","url":"https:\/\/www.eldigitaldeasturias.com\/noticias\/","email":"info@eldigitaldeasturias.com","telephone":"+34652131393","logo":{"@type":"ImageObject","url":"https:\/\/www.eldigitaldeasturias.com\/noticias\/wp-content\/uploads\/2020\/12\/EDA.jpg","@id":"https:\/\/www.eldigitaldeasturias.com\/noticias\/el-cierre-y-hundimiento-de-los-negocios-causas-y-efectos\/#organizationLogo","width":649,"height":297},"image":{"@id":"https:\/\/www.eldigitaldeasturias.com\/noticias\/el-cierre-y-hundimiento-de-los-negocios-causas-y-efectos\/#organizationLogo"},"sameAs":["https:\/\/facebook.com\/eldigitaldeasturias","https:\/\/www.youtube.com\/channel\/UCZP-2wLEB9Rv6erhFmqVnvg"],"address":{"@id":"https:\/\/www.eldigitaldeasturias.com\/noticias\/#postaladdress","@type":"PostalAddress","streetAddress":"san antonio 4,","postalCode":"33430","addressLocality":"Cand\u00e1s","addressRegion":"Asturias","addressCountry":"ES"}},{"@type":"Person","@id":"https:\/\/www.eldigitaldeasturias.com\/noticias\/author\/admin\/#author","url":"https:\/\/www.eldigitaldeasturias.com\/noticias\/author\/admin\/","name":"El Digital de Asturias","image":{"@type":"ImageObject","@id":"https:\/\/www.eldigitaldeasturias.com\/noticias\/el-cierre-y-hundimiento-de-los-negocios-causas-y-efectos\/#authorImage","url":"https:\/\/www.eldigitaldeasturias.com\/noticias\/wp-content\/litespeed\/avatar\/18677e78aa0546b92d9dbf31ec7d7668.jpg?ver=1777290358","width":96,"height":96,"caption":"El Digital de Asturias"}},{"@type":"WebPage","@id":"https:\/\/www.eldigitaldeasturias.com\/noticias\/el-cierre-y-hundimiento-de-los-negocios-causas-y-efectos\/#webpage","url":"https:\/\/www.eldigitaldeasturias.com\/noticias\/el-cierre-y-hundimiento-de-los-negocios-causas-y-efectos\/","name":"El cierre y hundimiento de los negocios: Causas y efectos - El Digital de Asturias","description":"(EP) - El alza de cotizaciones, la inflaci\u00f3n y la subida del salario m\u00ednimo interprofesional (SMI) han causado la destrucci\u00f3n, en un a\u00f1o, de 3.899 microempresas","inLanguage":"es-ES","isPartOf":{"@id":"https:\/\/www.eldigitaldeasturias.com\/noticias\/#website"},"breadcrumb":{"@id":"https:\/\/www.eldigitaldeasturias.com\/noticias\/el-cierre-y-hundimiento-de-los-negocios-causas-y-efectos\/#breadcrumblist"},"author":{"@id":"https:\/\/www.eldigitaldeasturias.com\/noticias\/author\/admin\/#author"},"creator":{"@id":"https:\/\/www.eldigitaldeasturias.com\/noticias\/author\/admin\/#author"},"image":{"@type":"ImageObject","url":"https:\/\/www.eldigitaldeasturias.com\/noticias\/wp-content\/uploads\/2023\/04\/negocios.jpg","@id":"https:\/\/www.eldigitaldeasturias.com\/noticias\/el-cierre-y-hundimiento-de-los-negocios-causas-y-efectos\/#mainImage","width":891,"height":668,"caption":"Foto: Europa Press"},"primaryImageOfPage":{"@id":"https:\/\/www.eldigitaldeasturias.com\/noticias\/el-cierre-y-hundimiento-de-los-negocios-causas-y-efectos\/#mainImage"},"datePublished":"2023-04-15T03:27:30+02:00","dateModified":"2023-04-15T03:27:30+02:00"},{"@type":"WebSite","@id":"https:\/\/www.eldigitaldeasturias.com\/noticias\/#website","url":"https:\/\/www.eldigitaldeasturias.com\/noticias\/","name":"El Digital de Asturias - Diario de actualidad y noticias","alternateName":"El Digital de Asturias - Diario de actualidad y noticias","description":"Hemeroteca","inLanguage":"es-ES","publisher":{"@id":"https:\/\/www.eldigitaldeasturias.com\/noticias\/#organization"}}]},"og:locale":"es_ES","og:site_name":"El Digital de Asturias","og:type":"article","og:title":"El cierre y hundimiento de los negocios: Causas y efectos - El Digital de Asturias","og:description":"(EP) - El alza de cotizaciones, la inflaci\u00f3n y la subida del salario m\u00ednimo interprofesional (SMI) han causado la destrucci\u00f3n, en un a\u00f1o, de 3.899 microempresas","og:url":"https:\/\/www.eldigitaldeasturias.com\/noticias\/el-cierre-y-hundimiento-de-los-negocios-causas-y-efectos\/","og:image":"https:\/\/www.eldigitaldeasturias.com\/noticias\/wp-content\/uploads\/2023\/04\/negocios.jpg","og:image:secure_url":"https:\/\/www.eldigitaldeasturias.com\/noticias\/wp-content\/uploads\/2023\/04\/negocios.jpg","og:image:width":891,"og:image:height":668,"article:tag":["negocios y empresas"],"article:published_time":"2023-04-15T01:27:30+00:00","article:modified_time":"2023-04-15T01:27:30+00:00","article:publisher":"https:\/\/facebook.com\/eldigitaldeasturias","twitter:card":"summary_large_image","twitter:title":"El cierre y hundimiento de los negocios: Causas y efectos - El Digital de Asturias","twitter:description":"(EP) - El alza de cotizaciones, la inflaci\u00f3n y la subida del salario m\u00ednimo interprofesional (SMI) han causado la destrucci\u00f3n, en un a\u00f1o, de 3.899 microempresas","twitter:image":"https:\/\/www.eldigitaldeasturias.com\/noticias\/wp-content\/uploads\/2023\/04\/negocios.jpg","twitter:label1":"Escrito por","twitter:data1":"El Digital de Asturias","twitter:label2":"Tiempo de lectura estimado","twitter:data2":"3 minutos"},"aioseo_meta_data":{"post_id":"1122016","title":null,"description":"(EP) - El alza de cotizaciones, la inflaci\u00f3n y la subida del salario m\u00ednimo interprofesional (SMI) han causado la destrucci\u00f3n, en un a\u00f1o, de 3.899 microempresas","keywords":[],"keyphrases":{"focus":{"keyphrase":"negocios","score":63,"analysis":{"keyphraseInTitle":{"score":9,"maxScore":9,"error":0},"keyphraseInDescription":{"score":3,"maxScore":9,"error":1},"keyphraseLength":{"score":9,"maxScore":9,"error":0,"length":1},"keyphraseInURL":{"score":1,"maxScore":5,"error":1},"keyphraseInIntroduction":{"score":3,"maxScore":9,"error":1},"keyphraseInSubHeadings":{"score":3,"maxScore":9,"error":1},"keyphraseInImageAlt":{"score":9,"maxScore":9,"error":0}}},"additional":[{"keyphrase":"microempresas","score":83,"analysis":{"keyphraseInDescription":{"score":9,"maxScore":9,"error":0},"keyphraseLength":{"score":9,"maxScore":9,"error":0,"length":1},"keyphraseInIntroduction":{"score":9,"maxScore":9,"error":0},"keyphraseInImageAlt":{"score":3,"maxScore":9,"error":1}}},{"keyphrase":"negocios","score":67,"analysis":{"keyphraseInDescription":{"score":3,"maxScore":9,"error":1},"keyphraseLength":{"score":9,"maxScore":9,"error":0,"length":1},"keyphraseInIntroduction":{"score":3,"maxScore":9,"error":1},"keyphraseInImageAlt":{"score":9,"maxScore":9,"error":0}}}]},"primary_term":null,"canonical_url":null,"og_title":null,"og_description":null,"og_object_type":"default","og_image_type":"default","og_image_url":null,"og_image_width":null,"og_image_height":null,"og_image_custom_url":null,"og_image_custom_fields":null,"og_video":"","og_custom_url":null,"og_article_section":null,"og_article_tags":[],"twitter_use_og":false,"twitter_card":"default","twitter_image_type":"default","twitter_image_url":null,"twitter_image_custom_url":null,"twitter_image_custom_fields":null,"twitter_title":null,"twitter_description":null,"schema":{"blockGraphs":[],"customGraphs":[],"default":{"data":{"Article":[],"Course":[],"Dataset":[],"FAQPage":[],"Movie":[],"Person":[],"Product":[],"ProductReview":[],"Car":[],"Recipe":[],"Service":[],"SoftwareApplication":[],"WebPage":[]},"graphName":"","isEnabled":true},"graphs":[]},"schema_type":"default","schema_type_options":null,"pillar_content":false,"robots_default":true,"robots_noindex":false,"robots_noarchive":false,"robots_nosnippet":false,"robots_nofollow":false,"robots_noimageindex":false,"robots_noodp":false,"robots_notranslate":false,"robots_max_snippet":"-1","robots_max_videopreview":"-1","robots_max_imagepreview":"large","priority":null,"frequency":"default","local_seo":null,"seo_analyzer_scan_date":"2025-10-05 02:19:46","breadcrumb_settings":null,"limit_modified_date":false,"open_ai":"{\"title\":{\"suggestions\":[],\"usage\":0},\"description\":{\"suggestions\":[],\"usage\":0}}","ai":null,"created":"2023-04-15 01:21:06","updated":"2025-10-05 02:19:46"},"aioseo_breadcrumb":"<div class=\"aioseo-breadcrumbs\"><span class=\"aioseo-breadcrumb\">\n\t<a href=\"https:\/\/www.eldigitaldeasturias.com\/noticias\" title=\"Home\">Home<\/a>\n<\/span><span class=\"aioseo-breadcrumb-separator\">\u2013<\/span><span class=\"aioseo-breadcrumb\">\n\t<a href=\"https:\/\/www.eldigitaldeasturias.com\/noticias\/category\/negocios-y-empresas\/\" title=\"Negocios y Empresas\">Negocios y Empresas<\/a>\n<\/span><span class=\"aioseo-breadcrumb-separator\">\u2013<\/span><span class=\"aioseo-breadcrumb\">\n\t<a href=\"https:\/\/www.eldigitaldeasturias.com\/noticias\/el-cierre-y-hundimiento-de-los-negocios-causas-y-efectos\/\" title=\"El cierre y hundimiento de los negocios: Causas y efectos\">El cierre y hundimiento de los negocios: Causas y efectos<\/a>\n<\/span><\/div>","aioseo_breadcrumb_json":[{"label":"Home","link":"https:\/\/www.eldigitaldeasturias.com\/noticias"},{"label":"Negocios y Empresas","link":"https:\/\/www.eldigitaldeasturias.com\/noticias\/category\/negocios-y-empresas\/"},{"label":"El cierre y hundimiento de los negocios: Causas y efectos","link":"https:\/\/www.eldigitaldeasturias.com\/noticias\/el-cierre-y-hundimiento-de-los-negocios-causas-y-efectos\/"}],"_links":{"self":[{"href":"https:\/\/www.eldigitaldeasturias.com\/noticias\/wp-json\/wp\/v2\/posts\/1122016","targetHints":{"allow":["GET"]}}],"collection":[{"href":"https:\/\/www.eldigitaldeasturias.com\/noticias\/wp-json\/wp\/v2\/posts"}],"about":[{"href":"https:\/\/www.eldigitaldeasturias.com\/noticias\/wp-json\/wp\/v2\/types\/post"}],"author":[{"embeddable":true,"href":"https:\/\/www.eldigitaldeasturias.com\/noticias\/wp-json\/wp\/v2\/users\/1"}],"replies":[{"embeddable":true,"href":"https:\/\/www.eldigitaldeasturias.com\/noticias\/wp-json\/wp\/v2\/comments?post=1122016"}],"version-history":[{"count":0,"href":"https:\/\/www.eldigitaldeasturias.com\/noticias\/wp-json\/wp\/v2\/posts\/1122016\/revisions"}],"wp:featuredmedia":[{"embeddable":true,"href":"https:\/\/www.eldigitaldeasturias.com\/noticias\/wp-json\/wp\/v2\/media\/1122017"}],"wp:attachment":[{"href":"https:\/\/www.eldigitaldeasturias.com\/noticias\/wp-json\/wp\/v2\/media?parent=1122016"}],"wp:term":[{"taxonomy":"category","embeddable":true,"href":"https:\/\/www.eldigitaldeasturias.com\/noticias\/wp-json\/wp\/v2\/categories?post=1122016"},{"taxonomy":"post_tag","embeddable":true,"href":"https:\/\/www.eldigitaldeasturias.com\/noticias\/wp-json\/wp\/v2\/tags?post=1122016"}],"curies":[{"name":"wp","href":"https:\/\/api.w.org\/{rel}","templated":true}]}}