{"id":1121964,"date":"2023-04-12T08:47:23","date_gmt":"2023-04-12T06:47:23","guid":{"rendered":"https:\/\/www.eldigitaldeasturias.com\/noticias\/?p=1121964"},"modified":"2023-04-12T08:47:23","modified_gmt":"2023-04-12T06:47:23","slug":"la-primera-conservera-de-camisetas-nace-en-galicia","status":"publish","type":"post","link":"https:\/\/www.eldigitaldeasturias.com\/noticias\/la-primera-conservera-de-camisetas-nace-en-galicia\/","title":{"rendered":"La primera conservera de camisetas nace en Galicia"},"content":{"rendered":"<p><a href=\"https:\/\/www.maiwabrand.com\/\" target=\"_blank\" rel=\"noopener\"><span style=\"color: #ff6600;\"><img loading=\"lazy\" decoding=\"async\" class=\"alignleft size-medium wp-image-1121965\" src=\"https:\/\/www.eldigitaldeasturias.com\/noticias\/wp-content\/uploads\/2023\/04\/Maiwa-IP-241x320.jpg\" alt=\"Maiwa\" width=\"241\" height=\"320\" srcset=\"https:\/\/www.eldigitaldeasturias.com\/noticias\/wp-content\/uploads\/2023\/04\/Maiwa-IP-241x320.jpg 241w, https:\/\/www.eldigitaldeasturias.com\/noticias\/wp-content\/uploads\/2023\/04\/Maiwa-IP-361x480.jpg 361w, https:\/\/www.eldigitaldeasturias.com\/noticias\/wp-content\/uploads\/2023\/04\/Maiwa-IP-225x300.jpg 225w, https:\/\/www.eldigitaldeasturias.com\/noticias\/wp-content\/uploads\/2023\/04\/Maiwa-IP-150x200.jpg 150w, https:\/\/www.eldigitaldeasturias.com\/noticias\/wp-content\/uploads\/2023\/04\/Maiwa-IP-450x599.jpg 450w, https:\/\/www.eldigitaldeasturias.com\/noticias\/wp-content\/uploads\/2023\/04\/Maiwa-IP.jpg 481w\" sizes=\"auto, (max-width: 241px) 100vw, 241px\" \/>Maiwa<\/span><\/a>, una joven empresa de moda gallega, apuesta por las \u201clatas de conserva\u201d como packaging para su nueva campa\u00f1a de verano.<\/p>\n<p>Esta marca de moda, que comenz\u00f3 su andadura en 2020, homenajea de esta manera su origen y adn gallego, enlatando sus camisetas y sudaderas con el inconfundible logo de la raspa que identifica a la marca en unas originales cajas de conserva.<\/p>\n<p>Su apuesta por festejar su propia historia les ha permitido producir desde Galicia una colecci\u00f3n de ropa que, cada a\u00f1o que pasa, sigue teniendo m\u00e1s \u00e9xito y que muestra parte de la personalidad, de la alegr\u00eda, del car\u00e1cter y de eso que tienen los gallegos que engancha.<\/p>\n<p>\u201cBusc\u00e1bamos seguir la estela de calidad gallega que viene desde el mar y se refleja en todos los aspectos empresariales de nuestra tierra. Maiwa quiere ser reflejo y homenaje de la vida ligada al mar que han sido el pilar de la econom\u00eda y vida de los pueblos del litoral, que han creado a su alrededor toda una industria de referencia en Europa y que hoy se puede tambi\u00e9n llevar con orgullo gracias a la moda producida aqu\u00ed\u201d explica Marta V\u00e1zquez, al frente del proyecto.<\/p>\n<p>Y es que no hay mayor regalo que el ofrecer la tradici\u00f3n, la magia y, por qu\u00e9 no decirlo, la morri\u00f1a, esa morri\u00f1a porque todo aquel que ha disfrutado alguna vez de Galicia\u00a0 ha sentido la\u00a0 alegr\u00eda de estar, el deseo de volver y el orgullo de pertenecer a esta tierra que engancha de verdad.<\/p>\n<p>Esta costa es, cada a\u00f1o, m\u00e1s frecuentada por miles de visitantes que llegan desde todos los rincones espa\u00f1oles para disfrutar de su estilo de vida atl\u00e1ntico, su gastronom\u00eda y, sobre todo. su forma de ser. Un lugar donde las camisetas son esenciales y las sudaderas imprescindibles porque cuando cae el sol en Galicia se necesita ese \u201cpor si acaso\u201d para salvar una noche fresca y dormir en sus casas t\u00edpicas<\/p>\n<p>\u201cA lo largo de la orograf\u00eda de la costa gallega se encuentran los t\u00edpicos pueblos marineros, esos en los que el mar es su forma de vida, y qu\u00e9 mejor que una raspa, pensamos, para representar y unir dos tradiciones muy vinculadas a Galicia, el textil y el mar. Maiwa, busca eso, esa chispa gallega que engancha con su filosof\u00eda de disfrutar de la vida\u201d explican.<\/p>\n","protected":false},"excerpt":{"rendered":"<p>Maiwa, una joven empresa de moda gallega, apuesta por las \u201clatas de conserva\u201d como packaging para su nueva campa\u00f1a de verano. Esta marca de moda, que comenz\u00f3 su andadura en 2020, homenajea de esta manera su origen y adn gallego, enlatando sus camisetas y sudaderas con el inconfundible logo de la raspa que identifica a [&hellip;]<\/p>\n","protected":false},"author":1,"featured_media":1121965,"comment_status":"closed","ping_status":"closed","sticky":false,"template":"","format":"standard","meta":{"footnotes":""},"categories":[219],"tags":[],"class_list":["post-1121964","post","type-post","status-publish","format-standard","has-post-thumbnail","hentry","category-negocios-y-empresas"],"aioseo_notices":[],"aioseo_head":"\n\t\t<!-- All in One SEO Pro 4.9.6.2 - aioseo.com -->\n\t<meta name=\"description\" content=\"Maiwa, una joven empresa de moda gallega, apuesta por las \u201clatas de conserva\u201d como packaging para su nueva campa\u00f1a de verano.\" \/>\n\t<meta name=\"robots\" content=\"max-image-preview:large\" \/>\n\t<meta name=\"author\" content=\"El Digital de Asturias\"\/>\n\t<meta name=\"google-site-verification\" content=\"UA-38556648-1\" \/>\n\t<meta name=\"msvalidate.01\" content=\"7dfe9f3f1b24437ab69f4f2559babe99\" \/>\n\t<meta name=\"keywords\" content=\"negocios y empresas\" \/>\n\t<link rel=\"canonical\" href=\"https:\/\/www.eldigitaldeasturias.com\/noticias\/la-primera-conservera-de-camisetas-nace-en-galicia\/\" \/>\n\t<meta name=\"generator\" content=\"All in One SEO Pro (AIOSEO) 4.9.6.2\" \/>\n\t\t<meta property=\"og:locale\" content=\"es_ES\" \/>\n\t\t<meta property=\"og:site_name\" content=\"El Digital de Asturias\" \/>\n\t\t<meta property=\"og:type\" content=\"article\" \/>\n\t\t<meta property=\"og:title\" content=\"La primera conservera de camisetas nace en Galicia - El Digital de Asturias\" \/>\n\t\t<meta property=\"og:description\" content=\"Maiwa, una joven empresa de moda gallega, apuesta por las \u201clatas de conserva\u201d como packaging para su nueva campa\u00f1a de verano.\" \/>\n\t\t<meta property=\"og:url\" content=\"https:\/\/www.eldigitaldeasturias.com\/noticias\/la-primera-conservera-de-camisetas-nace-en-galicia\/\" \/>\n\t\t<meta property=\"og:image\" content=\"https:\/\/www.eldigitaldeasturias.com\/noticias\/wp-content\/uploads\/2023\/04\/Maiwa-IP.jpg\" \/>\n\t\t<meta property=\"og:image:secure_url\" content=\"https:\/\/www.eldigitaldeasturias.com\/noticias\/wp-content\/uploads\/2023\/04\/Maiwa-IP.jpg\" \/>\n\t\t<meta property=\"og:image:width\" content=\"481\" \/>\n\t\t<meta property=\"og:image:height\" content=\"640\" \/>\n\t\t<meta property=\"article:tag\" content=\"negocios y empresas\" \/>\n\t\t<meta property=\"article:published_time\" content=\"2023-04-12T06:47:23+00:00\" \/>\n\t\t<meta property=\"article:modified_time\" content=\"2023-04-12T06:47:23+00:00\" \/>\n\t\t<meta property=\"article:publisher\" content=\"https:\/\/facebook.com\/eldigitaldeasturias\" \/>\n\t\t<meta name=\"twitter:card\" content=\"summary_large_image\" \/>\n\t\t<meta name=\"twitter:title\" content=\"La primera conservera de camisetas nace en Galicia - El Digital de Asturias\" \/>\n\t\t<meta name=\"twitter:description\" content=\"Maiwa, una joven empresa de moda gallega, apuesta por las \u201clatas de conserva\u201d como packaging para su nueva campa\u00f1a de verano.\" \/>\n\t\t<meta name=\"twitter:image\" content=\"https:\/\/www.eldigitaldeasturias.com\/noticias\/wp-content\/uploads\/2023\/04\/Maiwa-IP.jpg\" \/>\n\t\t<meta name=\"twitter:label1\" content=\"Escrito por\" \/>\n\t\t<meta name=\"twitter:data1\" content=\"El Digital de Asturias\" \/>\n\t\t<meta name=\"twitter:label2\" content=\"Tiempo de lectura estimado\" \/>\n\t\t<meta name=\"twitter:data2\" content=\"2 minutos\" \/>\n\t\t<script type=\"application\/ld+json\" class=\"aioseo-schema\">\n\t\t\t{\"@context\":\"https:\\\/\\\/schema.org\",\"@graph\":[{\"@type\":\"BlogPosting\",\"@id\":\"https:\\\/\\\/www.eldigitaldeasturias.com\\\/noticias\\\/la-primera-conservera-de-camisetas-nace-en-galicia\\\/#blogposting\",\"name\":\"La primera conservera de camisetas nace en Galicia - El Digital de Asturias\",\"headline\":\"La primera conservera de camisetas nace en Galicia\",\"author\":{\"@id\":\"https:\\\/\\\/www.eldigitaldeasturias.com\\\/noticias\\\/author\\\/admin\\\/#author\"},\"publisher\":{\"@id\":\"https:\\\/\\\/www.eldigitaldeasturias.com\\\/noticias\\\/#organization\"},\"image\":{\"@type\":\"ImageObject\",\"url\":\"https:\\\/\\\/www.eldigitaldeasturias.com\\\/noticias\\\/wp-content\\\/uploads\\\/2023\\\/04\\\/Maiwa-IP.jpg\",\"width\":481,\"height\":640,\"caption\":\"Maiwa\"},\"datePublished\":\"2023-04-12T08:47:23+02:00\",\"dateModified\":\"2023-04-12T08:47:23+02:00\",\"inLanguage\":\"es-ES\",\"mainEntityOfPage\":{\"@id\":\"https:\\\/\\\/www.eldigitaldeasturias.com\\\/noticias\\\/la-primera-conservera-de-camisetas-nace-en-galicia\\\/#webpage\"},\"isPartOf\":{\"@id\":\"https:\\\/\\\/www.eldigitaldeasturias.com\\\/noticias\\\/la-primera-conservera-de-camisetas-nace-en-galicia\\\/#webpage\"},\"articleSection\":\"Negocios y Empresas\"},{\"@type\":\"BreadcrumbList\",\"@id\":\"https:\\\/\\\/www.eldigitaldeasturias.com\\\/noticias\\\/la-primera-conservera-de-camisetas-nace-en-galicia\\\/#breadcrumblist\",\"itemListElement\":[{\"@type\":\"ListItem\",\"@id\":\"https:\\\/\\\/www.eldigitaldeasturias.com\\\/noticias#listItem\",\"position\":1,\"name\":\"Home\",\"item\":\"https:\\\/\\\/www.eldigitaldeasturias.com\\\/noticias\",\"nextItem\":{\"@type\":\"ListItem\",\"@id\":\"https:\\\/\\\/www.eldigitaldeasturias.com\\\/noticias\\\/category\\\/negocios-y-empresas\\\/#listItem\",\"name\":\"Negocios y Empresas\"}},{\"@type\":\"ListItem\",\"@id\":\"https:\\\/\\\/www.eldigitaldeasturias.com\\\/noticias\\\/category\\\/negocios-y-empresas\\\/#listItem\",\"position\":2,\"name\":\"Negocios y Empresas\",\"item\":\"https:\\\/\\\/www.eldigitaldeasturias.com\\\/noticias\\\/category\\\/negocios-y-empresas\\\/\",\"nextItem\":{\"@type\":\"ListItem\",\"@id\":\"https:\\\/\\\/www.eldigitaldeasturias.com\\\/noticias\\\/la-primera-conservera-de-camisetas-nace-en-galicia\\\/#listItem\",\"name\":\"La primera conservera de camisetas nace en Galicia\"},\"previousItem\":{\"@type\":\"ListItem\",\"@id\":\"https:\\\/\\\/www.eldigitaldeasturias.com\\\/noticias#listItem\",\"name\":\"Home\"}},{\"@type\":\"ListItem\",\"@id\":\"https:\\\/\\\/www.eldigitaldeasturias.com\\\/noticias\\\/la-primera-conservera-de-camisetas-nace-en-galicia\\\/#listItem\",\"position\":3,\"name\":\"La primera conservera de camisetas nace en Galicia\",\"previousItem\":{\"@type\":\"ListItem\",\"@id\":\"https:\\\/\\\/www.eldigitaldeasturias.com\\\/noticias\\\/category\\\/negocios-y-empresas\\\/#listItem\",\"name\":\"Negocios y Empresas\"}}]},{\"@type\":\"Organization\",\"@id\":\"https:\\\/\\\/www.eldigitaldeasturias.com\\\/noticias\\\/#organization\",\"name\":\"El Digital de Asturias\",\"description\":\"Hemeroteca\",\"url\":\"https:\\\/\\\/www.eldigitaldeasturias.com\\\/noticias\\\/\",\"email\":\"info@eldigitaldeasturias.com\",\"telephone\":\"+34652131393\",\"logo\":{\"@type\":\"ImageObject\",\"url\":\"https:\\\/\\\/www.eldigitaldeasturias.com\\\/noticias\\\/wp-content\\\/uploads\\\/2020\\\/12\\\/EDA.jpg\",\"@id\":\"https:\\\/\\\/www.eldigitaldeasturias.com\\\/noticias\\\/la-primera-conservera-de-camisetas-nace-en-galicia\\\/#organizationLogo\",\"width\":649,\"height\":297},\"image\":{\"@id\":\"https:\\\/\\\/www.eldigitaldeasturias.com\\\/noticias\\\/la-primera-conservera-de-camisetas-nace-en-galicia\\\/#organizationLogo\"},\"sameAs\":[\"https:\\\/\\\/facebook.com\\\/eldigitaldeasturias\",\"https:\\\/\\\/www.youtube.com\\\/channel\\\/UCZP-2wLEB9Rv6erhFmqVnvg\"],\"address\":{\"@id\":\"https:\\\/\\\/www.eldigitaldeasturias.com\\\/noticias\\\/#postaladdress\",\"@type\":\"PostalAddress\",\"streetAddress\":\"san antonio 4,\",\"postalCode\":\"33430\",\"addressLocality\":\"Cand\\u00e1s\",\"addressRegion\":\"Asturias\",\"addressCountry\":\"ES\"}},{\"@type\":\"Person\",\"@id\":\"https:\\\/\\\/www.eldigitaldeasturias.com\\\/noticias\\\/author\\\/admin\\\/#author\",\"url\":\"https:\\\/\\\/www.eldigitaldeasturias.com\\\/noticias\\\/author\\\/admin\\\/\",\"name\":\"El Digital de Asturias\",\"image\":{\"@type\":\"ImageObject\",\"@id\":\"https:\\\/\\\/www.eldigitaldeasturias.com\\\/noticias\\\/la-primera-conservera-de-camisetas-nace-en-galicia\\\/#authorImage\",\"url\":\"https:\\\/\\\/www.eldigitaldeasturias.com\\\/noticias\\\/wp-content\\\/litespeed\\\/avatar\\\/18677e78aa0546b92d9dbf31ec7d7668.jpg?ver=1777290358\",\"width\":96,\"height\":96,\"caption\":\"El Digital de Asturias\"}},{\"@type\":\"WebPage\",\"@id\":\"https:\\\/\\\/www.eldigitaldeasturias.com\\\/noticias\\\/la-primera-conservera-de-camisetas-nace-en-galicia\\\/#webpage\",\"url\":\"https:\\\/\\\/www.eldigitaldeasturias.com\\\/noticias\\\/la-primera-conservera-de-camisetas-nace-en-galicia\\\/\",\"name\":\"La primera conservera de camisetas nace en Galicia - El Digital de Asturias\",\"description\":\"Maiwa, una joven empresa de moda gallega, apuesta por las \\u201clatas de conserva\\u201d como packaging para su nueva campa\\u00f1a de verano.\",\"inLanguage\":\"es-ES\",\"isPartOf\":{\"@id\":\"https:\\\/\\\/www.eldigitaldeasturias.com\\\/noticias\\\/#website\"},\"breadcrumb\":{\"@id\":\"https:\\\/\\\/www.eldigitaldeasturias.com\\\/noticias\\\/la-primera-conservera-de-camisetas-nace-en-galicia\\\/#breadcrumblist\"},\"author\":{\"@id\":\"https:\\\/\\\/www.eldigitaldeasturias.com\\\/noticias\\\/author\\\/admin\\\/#author\"},\"creator\":{\"@id\":\"https:\\\/\\\/www.eldigitaldeasturias.com\\\/noticias\\\/author\\\/admin\\\/#author\"},\"image\":{\"@type\":\"ImageObject\",\"url\":\"https:\\\/\\\/www.eldigitaldeasturias.com\\\/noticias\\\/wp-content\\\/uploads\\\/2023\\\/04\\\/Maiwa-IP.jpg\",\"@id\":\"https:\\\/\\\/www.eldigitaldeasturias.com\\\/noticias\\\/la-primera-conservera-de-camisetas-nace-en-galicia\\\/#mainImage\",\"width\":481,\"height\":640,\"caption\":\"Maiwa\"},\"primaryImageOfPage\":{\"@id\":\"https:\\\/\\\/www.eldigitaldeasturias.com\\\/noticias\\\/la-primera-conservera-de-camisetas-nace-en-galicia\\\/#mainImage\"},\"datePublished\":\"2023-04-12T08:47:23+02:00\",\"dateModified\":\"2023-04-12T08:47:23+02:00\"},{\"@type\":\"WebSite\",\"@id\":\"https:\\\/\\\/www.eldigitaldeasturias.com\\\/noticias\\\/#website\",\"url\":\"https:\\\/\\\/www.eldigitaldeasturias.com\\\/noticias\\\/\",\"name\":\"El Digital de Asturias - Diario de actualidad y noticias\",\"alternateName\":\"El Digital de Asturias - Diario de actualidad y noticias\",\"description\":\"Hemeroteca\",\"inLanguage\":\"es-ES\",\"publisher\":{\"@id\":\"https:\\\/\\\/www.eldigitaldeasturias.com\\\/noticias\\\/#organization\"}}]}\n\t\t<\/script>\n\t\t<!-- All in One SEO Pro -->\r\n\t\t<title>La primera conservera de camisetas nace en Galicia - El Digital de Asturias<\/title>\n\n","aioseo_head_json":{"title":"La primera conservera de camisetas nace en Galicia - El Digital de Asturias","description":"Maiwa, una joven empresa de moda gallega, apuesta por las \u201clatas de conserva\u201d como packaging para su nueva campa\u00f1a de verano.","canonical_url":"https:\/\/www.eldigitaldeasturias.com\/noticias\/la-primera-conservera-de-camisetas-nace-en-galicia\/","robots":"max-image-preview:large","keywords":"negocios y empresas","webmasterTools":{"google-site-verification":"UA-38556648-1","msvalidate.01":"7dfe9f3f1b24437ab69f4f2559babe99","miscellaneous":""},"schema":{"@context":"https:\/\/schema.org","@graph":[{"@type":"BlogPosting","@id":"https:\/\/www.eldigitaldeasturias.com\/noticias\/la-primera-conservera-de-camisetas-nace-en-galicia\/#blogposting","name":"La primera conservera de camisetas nace en Galicia - El Digital de Asturias","headline":"La primera conservera de camisetas nace en Galicia","author":{"@id":"https:\/\/www.eldigitaldeasturias.com\/noticias\/author\/admin\/#author"},"publisher":{"@id":"https:\/\/www.eldigitaldeasturias.com\/noticias\/#organization"},"image":{"@type":"ImageObject","url":"https:\/\/www.eldigitaldeasturias.com\/noticias\/wp-content\/uploads\/2023\/04\/Maiwa-IP.jpg","width":481,"height":640,"caption":"Maiwa"},"datePublished":"2023-04-12T08:47:23+02:00","dateModified":"2023-04-12T08:47:23+02:00","inLanguage":"es-ES","mainEntityOfPage":{"@id":"https:\/\/www.eldigitaldeasturias.com\/noticias\/la-primera-conservera-de-camisetas-nace-en-galicia\/#webpage"},"isPartOf":{"@id":"https:\/\/www.eldigitaldeasturias.com\/noticias\/la-primera-conservera-de-camisetas-nace-en-galicia\/#webpage"},"articleSection":"Negocios y Empresas"},{"@type":"BreadcrumbList","@id":"https:\/\/www.eldigitaldeasturias.com\/noticias\/la-primera-conservera-de-camisetas-nace-en-galicia\/#breadcrumblist","itemListElement":[{"@type":"ListItem","@id":"https:\/\/www.eldigitaldeasturias.com\/noticias#listItem","position":1,"name":"Home","item":"https:\/\/www.eldigitaldeasturias.com\/noticias","nextItem":{"@type":"ListItem","@id":"https:\/\/www.eldigitaldeasturias.com\/noticias\/category\/negocios-y-empresas\/#listItem","name":"Negocios y Empresas"}},{"@type":"ListItem","@id":"https:\/\/www.eldigitaldeasturias.com\/noticias\/category\/negocios-y-empresas\/#listItem","position":2,"name":"Negocios y Empresas","item":"https:\/\/www.eldigitaldeasturias.com\/noticias\/category\/negocios-y-empresas\/","nextItem":{"@type":"ListItem","@id":"https:\/\/www.eldigitaldeasturias.com\/noticias\/la-primera-conservera-de-camisetas-nace-en-galicia\/#listItem","name":"La primera conservera de camisetas nace en Galicia"},"previousItem":{"@type":"ListItem","@id":"https:\/\/www.eldigitaldeasturias.com\/noticias#listItem","name":"Home"}},{"@type":"ListItem","@id":"https:\/\/www.eldigitaldeasturias.com\/noticias\/la-primera-conservera-de-camisetas-nace-en-galicia\/#listItem","position":3,"name":"La primera conservera de camisetas nace en Galicia","previousItem":{"@type":"ListItem","@id":"https:\/\/www.eldigitaldeasturias.com\/noticias\/category\/negocios-y-empresas\/#listItem","name":"Negocios y Empresas"}}]},{"@type":"Organization","@id":"https:\/\/www.eldigitaldeasturias.com\/noticias\/#organization","name":"El Digital de Asturias","description":"Hemeroteca","url":"https:\/\/www.eldigitaldeasturias.com\/noticias\/","email":"info@eldigitaldeasturias.com","telephone":"+34652131393","logo":{"@type":"ImageObject","url":"https:\/\/www.eldigitaldeasturias.com\/noticias\/wp-content\/uploads\/2020\/12\/EDA.jpg","@id":"https:\/\/www.eldigitaldeasturias.com\/noticias\/la-primera-conservera-de-camisetas-nace-en-galicia\/#organizationLogo","width":649,"height":297},"image":{"@id":"https:\/\/www.eldigitaldeasturias.com\/noticias\/la-primera-conservera-de-camisetas-nace-en-galicia\/#organizationLogo"},"sameAs":["https:\/\/facebook.com\/eldigitaldeasturias","https:\/\/www.youtube.com\/channel\/UCZP-2wLEB9Rv6erhFmqVnvg"],"address":{"@id":"https:\/\/www.eldigitaldeasturias.com\/noticias\/#postaladdress","@type":"PostalAddress","streetAddress":"san antonio 4,","postalCode":"33430","addressLocality":"Cand\u00e1s","addressRegion":"Asturias","addressCountry":"ES"}},{"@type":"Person","@id":"https:\/\/www.eldigitaldeasturias.com\/noticias\/author\/admin\/#author","url":"https:\/\/www.eldigitaldeasturias.com\/noticias\/author\/admin\/","name":"El Digital de Asturias","image":{"@type":"ImageObject","@id":"https:\/\/www.eldigitaldeasturias.com\/noticias\/la-primera-conservera-de-camisetas-nace-en-galicia\/#authorImage","url":"https:\/\/www.eldigitaldeasturias.com\/noticias\/wp-content\/litespeed\/avatar\/18677e78aa0546b92d9dbf31ec7d7668.jpg?ver=1777290358","width":96,"height":96,"caption":"El Digital de Asturias"}},{"@type":"WebPage","@id":"https:\/\/www.eldigitaldeasturias.com\/noticias\/la-primera-conservera-de-camisetas-nace-en-galicia\/#webpage","url":"https:\/\/www.eldigitaldeasturias.com\/noticias\/la-primera-conservera-de-camisetas-nace-en-galicia\/","name":"La primera conservera de camisetas nace en Galicia - El Digital de Asturias","description":"Maiwa, una joven empresa de moda gallega, apuesta por las \u201clatas de conserva\u201d como packaging para su nueva campa\u00f1a de verano.","inLanguage":"es-ES","isPartOf":{"@id":"https:\/\/www.eldigitaldeasturias.com\/noticias\/#website"},"breadcrumb":{"@id":"https:\/\/www.eldigitaldeasturias.com\/noticias\/la-primera-conservera-de-camisetas-nace-en-galicia\/#breadcrumblist"},"author":{"@id":"https:\/\/www.eldigitaldeasturias.com\/noticias\/author\/admin\/#author"},"creator":{"@id":"https:\/\/www.eldigitaldeasturias.com\/noticias\/author\/admin\/#author"},"image":{"@type":"ImageObject","url":"https:\/\/www.eldigitaldeasturias.com\/noticias\/wp-content\/uploads\/2023\/04\/Maiwa-IP.jpg","@id":"https:\/\/www.eldigitaldeasturias.com\/noticias\/la-primera-conservera-de-camisetas-nace-en-galicia\/#mainImage","width":481,"height":640,"caption":"Maiwa"},"primaryImageOfPage":{"@id":"https:\/\/www.eldigitaldeasturias.com\/noticias\/la-primera-conservera-de-camisetas-nace-en-galicia\/#mainImage"},"datePublished":"2023-04-12T08:47:23+02:00","dateModified":"2023-04-12T08:47:23+02:00"},{"@type":"WebSite","@id":"https:\/\/www.eldigitaldeasturias.com\/noticias\/#website","url":"https:\/\/www.eldigitaldeasturias.com\/noticias\/","name":"El Digital de Asturias - Diario de actualidad y noticias","alternateName":"El Digital de Asturias - Diario de actualidad y noticias","description":"Hemeroteca","inLanguage":"es-ES","publisher":{"@id":"https:\/\/www.eldigitaldeasturias.com\/noticias\/#organization"}}]},"og:locale":"es_ES","og:site_name":"El Digital de Asturias","og:type":"article","og:title":"La primera conservera de camisetas nace en Galicia - El Digital de Asturias","og:description":"Maiwa, una joven empresa de moda gallega, apuesta por las \u201clatas de conserva\u201d como packaging para su nueva campa\u00f1a de verano.","og:url":"https:\/\/www.eldigitaldeasturias.com\/noticias\/la-primera-conservera-de-camisetas-nace-en-galicia\/","og:image":"https:\/\/www.eldigitaldeasturias.com\/noticias\/wp-content\/uploads\/2023\/04\/Maiwa-IP.jpg","og:image:secure_url":"https:\/\/www.eldigitaldeasturias.com\/noticias\/wp-content\/uploads\/2023\/04\/Maiwa-IP.jpg","og:image:width":481,"og:image:height":640,"article:tag":["negocios y empresas"],"article:published_time":"2023-04-12T06:47:23+00:00","article:modified_time":"2023-04-12T06:47:23+00:00","article:publisher":"https:\/\/facebook.com\/eldigitaldeasturias","twitter:card":"summary_large_image","twitter:title":"La primera conservera de camisetas nace en Galicia - El Digital de Asturias","twitter:description":"Maiwa, una joven empresa de moda gallega, apuesta por las \u201clatas de conserva\u201d como packaging para su nueva campa\u00f1a de verano.","twitter:image":"https:\/\/www.eldigitaldeasturias.com\/noticias\/wp-content\/uploads\/2023\/04\/Maiwa-IP.jpg","twitter:label1":"Escrito por","twitter:data1":"El Digital de Asturias","twitter:label2":"Tiempo de lectura estimado","twitter:data2":"2 minutos"},"aioseo_meta_data":{"post_id":"1121964","title":null,"description":"Maiwa, una joven empresa de moda gallega, apuesta por las \u201clatas de conserva\u201d como packaging para su nueva campa\u00f1a de verano.","keywords":[],"keyphrases":{"focus":{"keyphrase":"Maiwa","score":80,"analysis":{"keyphraseInTitle":{"score":3,"maxScore":9,"error":1},"keyphraseInDescription":{"score":9,"maxScore":9,"error":0},"keyphraseLength":{"score":9,"maxScore":9,"error":0,"length":1},"keyphraseInURL":{"score":1,"maxScore":5,"error":1},"keyphraseInIntroduction":{"score":9,"maxScore":9,"error":0},"keyphraseInSubHeadings":[],"keyphraseInImageAlt":{"score":9,"maxScore":9,"error":0}}},"additional":[{"keyphrase":"Maiwa","score":100,"analysis":{"keyphraseInDescription":{"score":9,"maxScore":9,"error":0},"keyphraseLength":{"score":9,"maxScore":9,"error":0,"length":1},"keyphraseInIntroduction":{"score":9,"maxScore":9,"error":0},"keyphraseInImageAlt":{"score":9,"maxScore":9,"error":0}}}]},"primary_term":null,"canonical_url":null,"og_title":null,"og_description":null,"og_object_type":"default","og_image_type":"default","og_image_url":null,"og_image_width":null,"og_image_height":null,"og_image_custom_url":null,"og_image_custom_fields":null,"og_video":"","og_custom_url":null,"og_article_section":null,"og_article_tags":[],"twitter_use_og":false,"twitter_card":"default","twitter_image_type":"default","twitter_image_url":null,"twitter_image_custom_url":null,"twitter_image_custom_fields":null,"twitter_title":null,"twitter_description":null,"schema":{"blockGraphs":[],"customGraphs":[],"default":{"data":{"Article":[],"Course":[],"Dataset":[],"FAQPage":[],"Movie":[],"Person":[],"Product":[],"ProductReview":[],"Car":[],"Recipe":[],"Service":[],"SoftwareApplication":[],"WebPage":[]},"graphName":"","isEnabled":true},"graphs":[]},"schema_type":"default","schema_type_options":null,"pillar_content":false,"robots_default":true,"robots_noindex":false,"robots_noarchive":false,"robots_nosnippet":false,"robots_nofollow":false,"robots_noimageindex":false,"robots_noodp":false,"robots_notranslate":false,"robots_max_snippet":"-1","robots_max_videopreview":"-1","robots_max_imagepreview":"large","priority":null,"frequency":"default","local_seo":null,"seo_analyzer_scan_date":"2025-10-05 02:09:17","breadcrumb_settings":null,"limit_modified_date":false,"open_ai":"{\"title\":{\"suggestions\":[],\"usage\":0},\"description\":{\"suggestions\":[],\"usage\":0}}","ai":null,"created":"2023-04-12 06:44:21","updated":"2025-10-05 02:09:17"},"aioseo_breadcrumb":"<div class=\"aioseo-breadcrumbs\"><span class=\"aioseo-breadcrumb\">\n\t<a href=\"https:\/\/www.eldigitaldeasturias.com\/noticias\" title=\"Home\">Home<\/a>\n<\/span><span class=\"aioseo-breadcrumb-separator\">\u2013<\/span><span class=\"aioseo-breadcrumb\">\n\t<a href=\"https:\/\/www.eldigitaldeasturias.com\/noticias\/category\/negocios-y-empresas\/\" title=\"Negocios y Empresas\">Negocios y Empresas<\/a>\n<\/span><span class=\"aioseo-breadcrumb-separator\">\u2013<\/span><span class=\"aioseo-breadcrumb\">\n\t<a href=\"https:\/\/www.eldigitaldeasturias.com\/noticias\/la-primera-conservera-de-camisetas-nace-en-galicia\/\" title=\"La primera conservera de camisetas nace en Galicia\">La primera conservera de camisetas nace en Galicia<\/a>\n<\/span><\/div>","aioseo_breadcrumb_json":[{"label":"Home","link":"https:\/\/www.eldigitaldeasturias.com\/noticias"},{"label":"Negocios y Empresas","link":"https:\/\/www.eldigitaldeasturias.com\/noticias\/category\/negocios-y-empresas\/"},{"label":"La primera conservera de camisetas nace en Galicia","link":"https:\/\/www.eldigitaldeasturias.com\/noticias\/la-primera-conservera-de-camisetas-nace-en-galicia\/"}],"_links":{"self":[{"href":"https:\/\/www.eldigitaldeasturias.com\/noticias\/wp-json\/wp\/v2\/posts\/1121964","targetHints":{"allow":["GET"]}}],"collection":[{"href":"https:\/\/www.eldigitaldeasturias.com\/noticias\/wp-json\/wp\/v2\/posts"}],"about":[{"href":"https:\/\/www.eldigitaldeasturias.com\/noticias\/wp-json\/wp\/v2\/types\/post"}],"author":[{"embeddable":true,"href":"https:\/\/www.eldigitaldeasturias.com\/noticias\/wp-json\/wp\/v2\/users\/1"}],"replies":[{"embeddable":true,"href":"https:\/\/www.eldigitaldeasturias.com\/noticias\/wp-json\/wp\/v2\/comments?post=1121964"}],"version-history":[{"count":0,"href":"https:\/\/www.eldigitaldeasturias.com\/noticias\/wp-json\/wp\/v2\/posts\/1121964\/revisions"}],"wp:featuredmedia":[{"embeddable":true,"href":"https:\/\/www.eldigitaldeasturias.com\/noticias\/wp-json\/wp\/v2\/media\/1121965"}],"wp:attachment":[{"href":"https:\/\/www.eldigitaldeasturias.com\/noticias\/wp-json\/wp\/v2\/media?parent=1121964"}],"wp:term":[{"taxonomy":"category","embeddable":true,"href":"https:\/\/www.eldigitaldeasturias.com\/noticias\/wp-json\/wp\/v2\/categories?post=1121964"},{"taxonomy":"post_tag","embeddable":true,"href":"https:\/\/www.eldigitaldeasturias.com\/noticias\/wp-json\/wp\/v2\/tags?post=1121964"}],"curies":[{"name":"wp","href":"https:\/\/api.w.org\/{rel}","templated":true}]}}