{"id":1121747,"date":"2023-04-02T06:06:54","date_gmt":"2023-04-02T04:06:54","guid":{"rendered":"https:\/\/www.eldigitaldeasturias.com\/noticias\/?p=1121747"},"modified":"2023-04-02T06:06:54","modified_gmt":"2023-04-02T04:06:54","slug":"crisis-en-espana-se-hunde-la-tasa-de-ahorro-en-los-hogares-espanoles","status":"publish","type":"post","link":"https:\/\/www.eldigitaldeasturias.com\/noticias\/crisis-en-espana-se-hunde-la-tasa-de-ahorro-en-los-hogares-espanoles\/","title":{"rendered":"Crisis en Espa\u00f1a: Se hunde la tasa de ahorro en los hogares espa\u00f1oles"},"content":{"rendered":"<p>(EP) &#8211; Los hogares espa\u00f1oles situaron en 2022 su <span style=\"color: #ff6600;\"><a style=\"color: #ff6600;\" href=\"https:\/\/www.eldigitaldeasturias.com\/noticias\/category\/economia\/\"><strong>tasa de ahorro<\/strong><\/a><\/span> en el 7,2% de su renta disponible, tasa 6,6 puntos inferior a la registrada en 2021 y la m\u00e1s baja desde 2018, seg\u00fan ha informado el Instituto Nacional de Estad\u00edstica (INE).<\/p>\n<figure id=\"attachment_1121748\" aria-describedby=\"caption-attachment-1121748\" style=\"width: 650px\" class=\"wp-caption aligncenter\"><img loading=\"lazy\" decoding=\"async\" class=\"wp-image-1121748 size-large\" src=\"https:\/\/www.eldigitaldeasturias.com\/noticias\/wp-content\/uploads\/2023\/04\/tasa-de-ahorro-650x433.jpg\" alt=\"tasa de ahorro\" width=\"650\" height=\"433\" srcset=\"https:\/\/www.eldigitaldeasturias.com\/noticias\/wp-content\/uploads\/2023\/04\/tasa-de-ahorro-650x433.jpg 650w, https:\/\/www.eldigitaldeasturias.com\/noticias\/wp-content\/uploads\/2023\/04\/tasa-de-ahorro-360x240.jpg 360w, https:\/\/www.eldigitaldeasturias.com\/noticias\/wp-content\/uploads\/2023\/04\/tasa-de-ahorro-450x300.jpg 450w, https:\/\/www.eldigitaldeasturias.com\/noticias\/wp-content\/uploads\/2023\/04\/tasa-de-ahorro-768x512.jpg 768w, https:\/\/www.eldigitaldeasturias.com\/noticias\/wp-content\/uploads\/2023\/04\/tasa-de-ahorro-150x100.jpg 150w, https:\/\/www.eldigitaldeasturias.com\/noticias\/wp-content\/uploads\/2023\/04\/tasa-de-ahorro.jpg 990w\" sizes=\"auto, (max-width: 650px) 100vw, 650px\" \/><figcaption id=\"caption-attachment-1121748\" class=\"wp-caption-text\">Foto: Jes\u00fas Hell\u00edn &#8211; Europa Press<\/figcaption><\/figure>\n<p>En un a\u00f1o marcado por altas tasas de inflaci\u00f3n y un mayor coste de la vida, <strong>las familias espa\u00f1olas ahorraron 58.457 millones de euros, un 46% menos que en 2021<\/strong>, al tiempo que elevaron su gasto en consumo un 11,5%, hasta los 756.862 millones de euros, e incrementaron su inversi\u00f3n un 13,7%, hasta los 59.291 millones de euros.<\/p>\n<blockquote><p>De esta forma, los hogares presentaron en 2022 una renta disponible de 817.536 millones de euros, un 3,6% m\u00e1s que en 2021.<\/p><\/blockquote>\n<p>El ahorro generado por los hogares fue insuficiente para financiar la inversi\u00f3n que realizaron en el conjunto del a\u00f1o, por lo que mostraron una necesidad de financiaci\u00f3n de 1.753 millones de euros, frente a la capacidad de financiaci\u00f3n de 57.636 millones de 2021.<\/p>\n","protected":false},"excerpt":{"rendered":"<p>(EP) &#8211; Los hogares espa\u00f1oles situaron en 2022 su tasa de ahorro en el 7,2% de su renta disponible, tasa 6,6 puntos inferior a la registrada en 2021 y la m\u00e1s baja desde 2018, seg\u00fan ha informado el Instituto Nacional de Estad\u00edstica (INE). En un a\u00f1o marcado por altas tasas de inflaci\u00f3n y un mayor [&hellip;]<\/p>\n","protected":false},"author":1,"featured_media":1121748,"comment_status":"closed","ping_status":"closed","sticky":false,"template":"","format":"standard","meta":{"footnotes":""},"categories":[187],"tags":[],"class_list":["post-1121747","post","type-post","status-publish","format-standard","has-post-thumbnail","hentry","category-economia"],"aioseo_notices":[],"aioseo_head":"\n\t\t<!-- All in One SEO Pro 4.9.6.2 - aioseo.com -->\n\t<meta name=\"description\" content=\"(EP) - Los hogares espa\u00f1oles situaron en 2022 su tasa de ahorro en el 7,2% de su renta disponible, tasa 6,6 puntos inferior a la registrada en 2021\" \/>\n\t<meta name=\"robots\" content=\"max-image-preview:large\" \/>\n\t<meta name=\"author\" content=\"El Digital de Asturias\"\/>\n\t<meta name=\"google-site-verification\" content=\"UA-38556648-1\" \/>\n\t<meta name=\"msvalidate.01\" content=\"7dfe9f3f1b24437ab69f4f2559babe99\" \/>\n\t<meta name=\"keywords\" content=\"econom\u00eda\" \/>\n\t<link rel=\"canonical\" href=\"https:\/\/www.eldigitaldeasturias.com\/noticias\/crisis-en-espana-se-hunde-la-tasa-de-ahorro-en-los-hogares-espanoles\/\" \/>\n\t<meta name=\"generator\" content=\"All in One SEO Pro (AIOSEO) 4.9.6.2\" \/>\n\t\t<meta property=\"og:locale\" content=\"es_ES\" \/>\n\t\t<meta property=\"og:site_name\" content=\"El Digital de Asturias\" \/>\n\t\t<meta property=\"og:type\" content=\"article\" \/>\n\t\t<meta property=\"og:title\" content=\"Crisis en Espa\u00f1a: Se hunde la tasa de ahorro en los hogares espa\u00f1oles - El Digital de Asturias\" \/>\n\t\t<meta property=\"og:description\" content=\"(EP) - Los hogares espa\u00f1oles situaron en 2022 su tasa de ahorro en el 7,2% de su renta disponible, tasa 6,6 puntos inferior a la registrada en 2021\" \/>\n\t\t<meta property=\"og:url\" content=\"https:\/\/www.eldigitaldeasturias.com\/noticias\/crisis-en-espana-se-hunde-la-tasa-de-ahorro-en-los-hogares-espanoles\/\" \/>\n\t\t<meta property=\"og:image\" content=\"https:\/\/www.eldigitaldeasturias.com\/noticias\/wp-content\/uploads\/2023\/04\/tasa-de-ahorro.jpg\" \/>\n\t\t<meta property=\"og:image:secure_url\" content=\"https:\/\/www.eldigitaldeasturias.com\/noticias\/wp-content\/uploads\/2023\/04\/tasa-de-ahorro.jpg\" \/>\n\t\t<meta property=\"og:image:width\" content=\"990\" \/>\n\t\t<meta property=\"og:image:height\" content=\"660\" \/>\n\t\t<meta property=\"article:tag\" content=\"econom\u00eda\" \/>\n\t\t<meta property=\"article:published_time\" content=\"2023-04-02T04:06:54+00:00\" \/>\n\t\t<meta property=\"article:modified_time\" content=\"2023-04-02T04:06:54+00:00\" \/>\n\t\t<meta property=\"article:publisher\" content=\"https:\/\/facebook.com\/eldigitaldeasturias\" \/>\n\t\t<meta name=\"twitter:card\" content=\"summary_large_image\" \/>\n\t\t<meta name=\"twitter:title\" content=\"Crisis en Espa\u00f1a: Se hunde la tasa de ahorro en los hogares espa\u00f1oles - El Digital de Asturias\" \/>\n\t\t<meta name=\"twitter:description\" content=\"(EP) - Los hogares espa\u00f1oles situaron en 2022 su tasa de ahorro en el 7,2% de su renta disponible, tasa 6,6 puntos inferior a la registrada en 2021\" \/>\n\t\t<meta name=\"twitter:image\" content=\"https:\/\/www.eldigitaldeasturias.com\/noticias\/wp-content\/uploads\/2023\/04\/tasa-de-ahorro.jpg\" \/>\n\t\t<meta name=\"twitter:label1\" content=\"Escrito por\" \/>\n\t\t<meta name=\"twitter:data1\" content=\"El Digital de Asturias\" \/>\n\t\t<meta name=\"twitter:label2\" content=\"Tiempo de lectura estimado\" \/>\n\t\t<meta name=\"twitter:data2\" content=\"1 minuto\" \/>\n\t\t<script type=\"application\/ld+json\" class=\"aioseo-schema\">\n\t\t\t{\"@context\":\"https:\\\/\\\/schema.org\",\"@graph\":[{\"@type\":\"BlogPosting\",\"@id\":\"https:\\\/\\\/www.eldigitaldeasturias.com\\\/noticias\\\/crisis-en-espana-se-hunde-la-tasa-de-ahorro-en-los-hogares-espanoles\\\/#blogposting\",\"name\":\"Crisis en Espa\\u00f1a: Se hunde la tasa de ahorro en los hogares espa\\u00f1oles - El Digital de Asturias\",\"headline\":\"Crisis en Espa\\u00f1a: Se hunde la tasa de ahorro en los hogares espa\\u00f1oles\",\"author\":{\"@id\":\"https:\\\/\\\/www.eldigitaldeasturias.com\\\/noticias\\\/author\\\/admin\\\/#author\"},\"publisher\":{\"@id\":\"https:\\\/\\\/www.eldigitaldeasturias.com\\\/noticias\\\/#organization\"},\"image\":{\"@type\":\"ImageObject\",\"url\":\"https:\\\/\\\/www.eldigitaldeasturias.com\\\/noticias\\\/wp-content\\\/uploads\\\/2023\\\/04\\\/tasa-de-ahorro.jpg\",\"width\":990,\"height\":660,\"caption\":\"Foto: Jes\\u00fas Hell\\u00edn - Europa Press\"},\"datePublished\":\"2023-04-02T06:06:54+02:00\",\"dateModified\":\"2023-04-02T06:06:54+02:00\",\"inLanguage\":\"es-ES\",\"mainEntityOfPage\":{\"@id\":\"https:\\\/\\\/www.eldigitaldeasturias.com\\\/noticias\\\/crisis-en-espana-se-hunde-la-tasa-de-ahorro-en-los-hogares-espanoles\\\/#webpage\"},\"isPartOf\":{\"@id\":\"https:\\\/\\\/www.eldigitaldeasturias.com\\\/noticias\\\/crisis-en-espana-se-hunde-la-tasa-de-ahorro-en-los-hogares-espanoles\\\/#webpage\"},\"articleSection\":\"Econom\\u00eda\"},{\"@type\":\"BreadcrumbList\",\"@id\":\"https:\\\/\\\/www.eldigitaldeasturias.com\\\/noticias\\\/crisis-en-espana-se-hunde-la-tasa-de-ahorro-en-los-hogares-espanoles\\\/#breadcrumblist\",\"itemListElement\":[{\"@type\":\"ListItem\",\"@id\":\"https:\\\/\\\/www.eldigitaldeasturias.com\\\/noticias#listItem\",\"position\":1,\"name\":\"Home\",\"item\":\"https:\\\/\\\/www.eldigitaldeasturias.com\\\/noticias\",\"nextItem\":{\"@type\":\"ListItem\",\"@id\":\"https:\\\/\\\/www.eldigitaldeasturias.com\\\/noticias\\\/category\\\/economia\\\/#listItem\",\"name\":\"Econom\\u00eda\"}},{\"@type\":\"ListItem\",\"@id\":\"https:\\\/\\\/www.eldigitaldeasturias.com\\\/noticias\\\/category\\\/economia\\\/#listItem\",\"position\":2,\"name\":\"Econom\\u00eda\",\"item\":\"https:\\\/\\\/www.eldigitaldeasturias.com\\\/noticias\\\/category\\\/economia\\\/\",\"nextItem\":{\"@type\":\"ListItem\",\"@id\":\"https:\\\/\\\/www.eldigitaldeasturias.com\\\/noticias\\\/crisis-en-espana-se-hunde-la-tasa-de-ahorro-en-los-hogares-espanoles\\\/#listItem\",\"name\":\"Crisis en Espa\\u00f1a: Se hunde la tasa de ahorro en los hogares espa\\u00f1oles\"},\"previousItem\":{\"@type\":\"ListItem\",\"@id\":\"https:\\\/\\\/www.eldigitaldeasturias.com\\\/noticias#listItem\",\"name\":\"Home\"}},{\"@type\":\"ListItem\",\"@id\":\"https:\\\/\\\/www.eldigitaldeasturias.com\\\/noticias\\\/crisis-en-espana-se-hunde-la-tasa-de-ahorro-en-los-hogares-espanoles\\\/#listItem\",\"position\":3,\"name\":\"Crisis en Espa\\u00f1a: Se hunde la tasa de ahorro en los hogares espa\\u00f1oles\",\"previousItem\":{\"@type\":\"ListItem\",\"@id\":\"https:\\\/\\\/www.eldigitaldeasturias.com\\\/noticias\\\/category\\\/economia\\\/#listItem\",\"name\":\"Econom\\u00eda\"}}]},{\"@type\":\"Organization\",\"@id\":\"https:\\\/\\\/www.eldigitaldeasturias.com\\\/noticias\\\/#organization\",\"name\":\"El Digital de Asturias\",\"description\":\"Hemeroteca\",\"url\":\"https:\\\/\\\/www.eldigitaldeasturias.com\\\/noticias\\\/\",\"email\":\"info@eldigitaldeasturias.com\",\"telephone\":\"+34652131393\",\"logo\":{\"@type\":\"ImageObject\",\"url\":\"https:\\\/\\\/www.eldigitaldeasturias.com\\\/noticias\\\/wp-content\\\/uploads\\\/2020\\\/12\\\/EDA.jpg\",\"@id\":\"https:\\\/\\\/www.eldigitaldeasturias.com\\\/noticias\\\/crisis-en-espana-se-hunde-la-tasa-de-ahorro-en-los-hogares-espanoles\\\/#organizationLogo\",\"width\":649,\"height\":297},\"image\":{\"@id\":\"https:\\\/\\\/www.eldigitaldeasturias.com\\\/noticias\\\/crisis-en-espana-se-hunde-la-tasa-de-ahorro-en-los-hogares-espanoles\\\/#organizationLogo\"},\"sameAs\":[\"https:\\\/\\\/facebook.com\\\/eldigitaldeasturias\",\"https:\\\/\\\/www.youtube.com\\\/channel\\\/UCZP-2wLEB9Rv6erhFmqVnvg\"],\"address\":{\"@id\":\"https:\\\/\\\/www.eldigitaldeasturias.com\\\/noticias\\\/#postaladdress\",\"@type\":\"PostalAddress\",\"streetAddress\":\"san antonio 4,\",\"postalCode\":\"33430\",\"addressLocality\":\"Cand\\u00e1s\",\"addressRegion\":\"Asturias\",\"addressCountry\":\"ES\"}},{\"@type\":\"Person\",\"@id\":\"https:\\\/\\\/www.eldigitaldeasturias.com\\\/noticias\\\/author\\\/admin\\\/#author\",\"url\":\"https:\\\/\\\/www.eldigitaldeasturias.com\\\/noticias\\\/author\\\/admin\\\/\",\"name\":\"El Digital de Asturias\",\"image\":{\"@type\":\"ImageObject\",\"@id\":\"https:\\\/\\\/www.eldigitaldeasturias.com\\\/noticias\\\/crisis-en-espana-se-hunde-la-tasa-de-ahorro-en-los-hogares-espanoles\\\/#authorImage\",\"url\":\"https:\\\/\\\/www.eldigitaldeasturias.com\\\/noticias\\\/wp-content\\\/litespeed\\\/avatar\\\/18677e78aa0546b92d9dbf31ec7d7668.jpg?ver=1776685526\",\"width\":96,\"height\":96,\"caption\":\"El Digital de Asturias\"}},{\"@type\":\"WebPage\",\"@id\":\"https:\\\/\\\/www.eldigitaldeasturias.com\\\/noticias\\\/crisis-en-espana-se-hunde-la-tasa-de-ahorro-en-los-hogares-espanoles\\\/#webpage\",\"url\":\"https:\\\/\\\/www.eldigitaldeasturias.com\\\/noticias\\\/crisis-en-espana-se-hunde-la-tasa-de-ahorro-en-los-hogares-espanoles\\\/\",\"name\":\"Crisis en Espa\\u00f1a: Se hunde la tasa de ahorro en los hogares espa\\u00f1oles - El Digital de Asturias\",\"description\":\"(EP) - Los hogares espa\\u00f1oles situaron en 2022 su tasa de ahorro en el 7,2% de su renta disponible, tasa 6,6 puntos inferior a la registrada en 2021\",\"inLanguage\":\"es-ES\",\"isPartOf\":{\"@id\":\"https:\\\/\\\/www.eldigitaldeasturias.com\\\/noticias\\\/#website\"},\"breadcrumb\":{\"@id\":\"https:\\\/\\\/www.eldigitaldeasturias.com\\\/noticias\\\/crisis-en-espana-se-hunde-la-tasa-de-ahorro-en-los-hogares-espanoles\\\/#breadcrumblist\"},\"author\":{\"@id\":\"https:\\\/\\\/www.eldigitaldeasturias.com\\\/noticias\\\/author\\\/admin\\\/#author\"},\"creator\":{\"@id\":\"https:\\\/\\\/www.eldigitaldeasturias.com\\\/noticias\\\/author\\\/admin\\\/#author\"},\"image\":{\"@type\":\"ImageObject\",\"url\":\"https:\\\/\\\/www.eldigitaldeasturias.com\\\/noticias\\\/wp-content\\\/uploads\\\/2023\\\/04\\\/tasa-de-ahorro.jpg\",\"@id\":\"https:\\\/\\\/www.eldigitaldeasturias.com\\\/noticias\\\/crisis-en-espana-se-hunde-la-tasa-de-ahorro-en-los-hogares-espanoles\\\/#mainImage\",\"width\":990,\"height\":660,\"caption\":\"Foto: Jes\\u00fas Hell\\u00edn - Europa Press\"},\"primaryImageOfPage\":{\"@id\":\"https:\\\/\\\/www.eldigitaldeasturias.com\\\/noticias\\\/crisis-en-espana-se-hunde-la-tasa-de-ahorro-en-los-hogares-espanoles\\\/#mainImage\"},\"datePublished\":\"2023-04-02T06:06:54+02:00\",\"dateModified\":\"2023-04-02T06:06:54+02:00\"},{\"@type\":\"WebSite\",\"@id\":\"https:\\\/\\\/www.eldigitaldeasturias.com\\\/noticias\\\/#website\",\"url\":\"https:\\\/\\\/www.eldigitaldeasturias.com\\\/noticias\\\/\",\"name\":\"El Digital de Asturias - Diario de actualidad y noticias\",\"alternateName\":\"El Digital de Asturias - Diario de actualidad y noticias\",\"description\":\"Hemeroteca\",\"inLanguage\":\"es-ES\",\"publisher\":{\"@id\":\"https:\\\/\\\/www.eldigitaldeasturias.com\\\/noticias\\\/#organization\"}}]}\n\t\t<\/script>\n\t\t<!-- All in One SEO Pro -->\r\n\t\t<title>Crisis en Espa\u00f1a: Se hunde la tasa de ahorro en los hogares espa\u00f1oles - El Digital de Asturias<\/title>\n\n","aioseo_head_json":{"title":"Crisis en Espa\u00f1a: Se hunde la tasa de ahorro en los hogares espa\u00f1oles - El Digital de Asturias","description":"(EP) - Los hogares espa\u00f1oles situaron en 2022 su tasa de ahorro en el 7,2% de su renta disponible, tasa 6,6 puntos inferior a la registrada en 2021","canonical_url":"https:\/\/www.eldigitaldeasturias.com\/noticias\/crisis-en-espana-se-hunde-la-tasa-de-ahorro-en-los-hogares-espanoles\/","robots":"max-image-preview:large","keywords":"econom\u00eda","webmasterTools":{"google-site-verification":"UA-38556648-1","msvalidate.01":"7dfe9f3f1b24437ab69f4f2559babe99","miscellaneous":""},"schema":{"@context":"https:\/\/schema.org","@graph":[{"@type":"BlogPosting","@id":"https:\/\/www.eldigitaldeasturias.com\/noticias\/crisis-en-espana-se-hunde-la-tasa-de-ahorro-en-los-hogares-espanoles\/#blogposting","name":"Crisis en Espa\u00f1a: Se hunde la tasa de ahorro en los hogares espa\u00f1oles - El Digital de Asturias","headline":"Crisis en Espa\u00f1a: Se hunde la tasa de ahorro en los hogares espa\u00f1oles","author":{"@id":"https:\/\/www.eldigitaldeasturias.com\/noticias\/author\/admin\/#author"},"publisher":{"@id":"https:\/\/www.eldigitaldeasturias.com\/noticias\/#organization"},"image":{"@type":"ImageObject","url":"https:\/\/www.eldigitaldeasturias.com\/noticias\/wp-content\/uploads\/2023\/04\/tasa-de-ahorro.jpg","width":990,"height":660,"caption":"Foto: Jes\u00fas Hell\u00edn - Europa Press"},"datePublished":"2023-04-02T06:06:54+02:00","dateModified":"2023-04-02T06:06:54+02:00","inLanguage":"es-ES","mainEntityOfPage":{"@id":"https:\/\/www.eldigitaldeasturias.com\/noticias\/crisis-en-espana-se-hunde-la-tasa-de-ahorro-en-los-hogares-espanoles\/#webpage"},"isPartOf":{"@id":"https:\/\/www.eldigitaldeasturias.com\/noticias\/crisis-en-espana-se-hunde-la-tasa-de-ahorro-en-los-hogares-espanoles\/#webpage"},"articleSection":"Econom\u00eda"},{"@type":"BreadcrumbList","@id":"https:\/\/www.eldigitaldeasturias.com\/noticias\/crisis-en-espana-se-hunde-la-tasa-de-ahorro-en-los-hogares-espanoles\/#breadcrumblist","itemListElement":[{"@type":"ListItem","@id":"https:\/\/www.eldigitaldeasturias.com\/noticias#listItem","position":1,"name":"Home","item":"https:\/\/www.eldigitaldeasturias.com\/noticias","nextItem":{"@type":"ListItem","@id":"https:\/\/www.eldigitaldeasturias.com\/noticias\/category\/economia\/#listItem","name":"Econom\u00eda"}},{"@type":"ListItem","@id":"https:\/\/www.eldigitaldeasturias.com\/noticias\/category\/economia\/#listItem","position":2,"name":"Econom\u00eda","item":"https:\/\/www.eldigitaldeasturias.com\/noticias\/category\/economia\/","nextItem":{"@type":"ListItem","@id":"https:\/\/www.eldigitaldeasturias.com\/noticias\/crisis-en-espana-se-hunde-la-tasa-de-ahorro-en-los-hogares-espanoles\/#listItem","name":"Crisis en Espa\u00f1a: Se hunde la tasa de ahorro en los hogares espa\u00f1oles"},"previousItem":{"@type":"ListItem","@id":"https:\/\/www.eldigitaldeasturias.com\/noticias#listItem","name":"Home"}},{"@type":"ListItem","@id":"https:\/\/www.eldigitaldeasturias.com\/noticias\/crisis-en-espana-se-hunde-la-tasa-de-ahorro-en-los-hogares-espanoles\/#listItem","position":3,"name":"Crisis en Espa\u00f1a: Se hunde la tasa de ahorro en los hogares espa\u00f1oles","previousItem":{"@type":"ListItem","@id":"https:\/\/www.eldigitaldeasturias.com\/noticias\/category\/economia\/#listItem","name":"Econom\u00eda"}}]},{"@type":"Organization","@id":"https:\/\/www.eldigitaldeasturias.com\/noticias\/#organization","name":"El Digital de Asturias","description":"Hemeroteca","url":"https:\/\/www.eldigitaldeasturias.com\/noticias\/","email":"info@eldigitaldeasturias.com","telephone":"+34652131393","logo":{"@type":"ImageObject","url":"https:\/\/www.eldigitaldeasturias.com\/noticias\/wp-content\/uploads\/2020\/12\/EDA.jpg","@id":"https:\/\/www.eldigitaldeasturias.com\/noticias\/crisis-en-espana-se-hunde-la-tasa-de-ahorro-en-los-hogares-espanoles\/#organizationLogo","width":649,"height":297},"image":{"@id":"https:\/\/www.eldigitaldeasturias.com\/noticias\/crisis-en-espana-se-hunde-la-tasa-de-ahorro-en-los-hogares-espanoles\/#organizationLogo"},"sameAs":["https:\/\/facebook.com\/eldigitaldeasturias","https:\/\/www.youtube.com\/channel\/UCZP-2wLEB9Rv6erhFmqVnvg"],"address":{"@id":"https:\/\/www.eldigitaldeasturias.com\/noticias\/#postaladdress","@type":"PostalAddress","streetAddress":"san antonio 4,","postalCode":"33430","addressLocality":"Cand\u00e1s","addressRegion":"Asturias","addressCountry":"ES"}},{"@type":"Person","@id":"https:\/\/www.eldigitaldeasturias.com\/noticias\/author\/admin\/#author","url":"https:\/\/www.eldigitaldeasturias.com\/noticias\/author\/admin\/","name":"El Digital de Asturias","image":{"@type":"ImageObject","@id":"https:\/\/www.eldigitaldeasturias.com\/noticias\/crisis-en-espana-se-hunde-la-tasa-de-ahorro-en-los-hogares-espanoles\/#authorImage","url":"https:\/\/www.eldigitaldeasturias.com\/noticias\/wp-content\/litespeed\/avatar\/18677e78aa0546b92d9dbf31ec7d7668.jpg?ver=1776685526","width":96,"height":96,"caption":"El Digital de Asturias"}},{"@type":"WebPage","@id":"https:\/\/www.eldigitaldeasturias.com\/noticias\/crisis-en-espana-se-hunde-la-tasa-de-ahorro-en-los-hogares-espanoles\/#webpage","url":"https:\/\/www.eldigitaldeasturias.com\/noticias\/crisis-en-espana-se-hunde-la-tasa-de-ahorro-en-los-hogares-espanoles\/","name":"Crisis en Espa\u00f1a: Se hunde la tasa de ahorro en los hogares espa\u00f1oles - El Digital de Asturias","description":"(EP) - Los hogares espa\u00f1oles situaron en 2022 su tasa de ahorro en el 7,2% de su renta disponible, tasa 6,6 puntos inferior a la registrada en 2021","inLanguage":"es-ES","isPartOf":{"@id":"https:\/\/www.eldigitaldeasturias.com\/noticias\/#website"},"breadcrumb":{"@id":"https:\/\/www.eldigitaldeasturias.com\/noticias\/crisis-en-espana-se-hunde-la-tasa-de-ahorro-en-los-hogares-espanoles\/#breadcrumblist"},"author":{"@id":"https:\/\/www.eldigitaldeasturias.com\/noticias\/author\/admin\/#author"},"creator":{"@id":"https:\/\/www.eldigitaldeasturias.com\/noticias\/author\/admin\/#author"},"image":{"@type":"ImageObject","url":"https:\/\/www.eldigitaldeasturias.com\/noticias\/wp-content\/uploads\/2023\/04\/tasa-de-ahorro.jpg","@id":"https:\/\/www.eldigitaldeasturias.com\/noticias\/crisis-en-espana-se-hunde-la-tasa-de-ahorro-en-los-hogares-espanoles\/#mainImage","width":990,"height":660,"caption":"Foto: Jes\u00fas Hell\u00edn - Europa Press"},"primaryImageOfPage":{"@id":"https:\/\/www.eldigitaldeasturias.com\/noticias\/crisis-en-espana-se-hunde-la-tasa-de-ahorro-en-los-hogares-espanoles\/#mainImage"},"datePublished":"2023-04-02T06:06:54+02:00","dateModified":"2023-04-02T06:06:54+02:00"},{"@type":"WebSite","@id":"https:\/\/www.eldigitaldeasturias.com\/noticias\/#website","url":"https:\/\/www.eldigitaldeasturias.com\/noticias\/","name":"El Digital de Asturias - Diario de actualidad y noticias","alternateName":"El Digital de Asturias - Diario de actualidad y noticias","description":"Hemeroteca","inLanguage":"es-ES","publisher":{"@id":"https:\/\/www.eldigitaldeasturias.com\/noticias\/#organization"}}]},"og:locale":"es_ES","og:site_name":"El Digital de Asturias","og:type":"article","og:title":"Crisis en Espa\u00f1a: Se hunde la tasa de ahorro en los hogares espa\u00f1oles - El Digital de Asturias","og:description":"(EP) - Los hogares espa\u00f1oles situaron en 2022 su tasa de ahorro en el 7,2% de su renta disponible, tasa 6,6 puntos inferior a la registrada en 2021","og:url":"https:\/\/www.eldigitaldeasturias.com\/noticias\/crisis-en-espana-se-hunde-la-tasa-de-ahorro-en-los-hogares-espanoles\/","og:image":"https:\/\/www.eldigitaldeasturias.com\/noticias\/wp-content\/uploads\/2023\/04\/tasa-de-ahorro.jpg","og:image:secure_url":"https:\/\/www.eldigitaldeasturias.com\/noticias\/wp-content\/uploads\/2023\/04\/tasa-de-ahorro.jpg","og:image:width":990,"og:image:height":660,"article:tag":["econom\u00eda"],"article:published_time":"2023-04-02T04:06:54+00:00","article:modified_time":"2023-04-02T04:06:54+00:00","article:publisher":"https:\/\/facebook.com\/eldigitaldeasturias","twitter:card":"summary_large_image","twitter:title":"Crisis en Espa\u00f1a: Se hunde la tasa de ahorro en los hogares espa\u00f1oles - El Digital de Asturias","twitter:description":"(EP) - Los hogares espa\u00f1oles situaron en 2022 su tasa de ahorro en el 7,2% de su renta disponible, tasa 6,6 puntos inferior a la registrada en 2021","twitter:image":"https:\/\/www.eldigitaldeasturias.com\/noticias\/wp-content\/uploads\/2023\/04\/tasa-de-ahorro.jpg","twitter:label1":"Escrito por","twitter:data1":"El Digital de Asturias","twitter:label2":"Tiempo de lectura estimado","twitter:data2":"1 minuto"},"aioseo_meta_data":{"post_id":"1121747","title":null,"description":"(EP) - Los hogares espa\u00f1oles situaron en 2022 su tasa de ahorro en el 7,2% de su renta disponible, tasa 6,6 puntos inferior a la registrada en 2021","keywords":[],"keyphrases":{"focus":{"keyphrase":"ahorro","score":92,"analysis":{"keyphraseInTitle":{"score":9,"maxScore":9,"error":0},"keyphraseInDescription":{"score":9,"maxScore":9,"error":0},"keyphraseLength":{"score":9,"maxScore":9,"error":0,"length":1},"keyphraseInURL":{"score":1,"maxScore":5,"error":1},"keyphraseInIntroduction":{"score":9,"maxScore":9,"error":0},"keyphraseInSubHeadings":[],"keyphraseInImageAlt":{"score":9,"maxScore":9,"error":0}}},"additional":[{"keyphrase":"hogares espa\u00f1oles","score":83,"analysis":{"keyphraseInDescription":{"score":9,"maxScore":9,"error":0},"keyphraseLength":{"score":9,"maxScore":9,"error":0,"length":2},"keyphraseInIntroduction":{"score":9,"maxScore":9,"error":0},"keyphraseInImageAlt":{"score":3,"maxScore":9,"error":1}}},{"keyphrase":"tasa de ahorro","score":100,"analysis":{"keyphraseInDescription":{"score":9,"maxScore":9,"error":0},"keyphraseLength":{"score":9,"maxScore":9,"error":0,"length":3},"keyphraseInIntroduction":{"score":9,"maxScore":9,"error":0},"keyphraseInImageAlt":{"score":9,"maxScore":9,"error":0}}}]},"primary_term":null,"canonical_url":null,"og_title":null,"og_description":null,"og_object_type":"default","og_image_type":"default","og_image_url":null,"og_image_width":null,"og_image_height":null,"og_image_custom_url":null,"og_image_custom_fields":null,"og_video":"","og_custom_url":null,"og_article_section":null,"og_article_tags":[],"twitter_use_og":false,"twitter_card":"default","twitter_image_type":"default","twitter_image_url":null,"twitter_image_custom_url":null,"twitter_image_custom_fields":null,"twitter_title":null,"twitter_description":null,"schema":{"blockGraphs":[],"customGraphs":[],"default":{"data":{"Article":[],"Course":[],"Dataset":[],"FAQPage":[],"Movie":[],"Person":[],"Product":[],"ProductReview":[],"Car":[],"Recipe":[],"Service":[],"SoftwareApplication":[],"WebPage":[]},"graphName":"BlogPosting","isEnabled":true},"graphs":[]},"schema_type":"default","schema_type_options":null,"pillar_content":false,"robots_default":true,"robots_noindex":false,"robots_noarchive":false,"robots_nosnippet":false,"robots_nofollow":false,"robots_noimageindex":false,"robots_noodp":false,"robots_notranslate":false,"robots_max_snippet":"-1","robots_max_videopreview":"-1","robots_max_imagepreview":"large","priority":null,"frequency":"default","local_seo":null,"seo_analyzer_scan_date":"2025-10-05 00:55:37","breadcrumb_settings":null,"limit_modified_date":false,"open_ai":"{\"title\":{\"suggestions\":[],\"usage\":0},\"description\":{\"suggestions\":[],\"usage\":0}}","ai":null,"created":"2023-04-02 04:01:56","updated":"2025-10-05 00:55:37"},"aioseo_breadcrumb":"<div class=\"aioseo-breadcrumbs\"><span class=\"aioseo-breadcrumb\">\n\t<a href=\"https:\/\/www.eldigitaldeasturias.com\/noticias\" title=\"Home\">Home<\/a>\n<\/span><span class=\"aioseo-breadcrumb-separator\">\u2013<\/span><span class=\"aioseo-breadcrumb\">\n\t<a href=\"https:\/\/www.eldigitaldeasturias.com\/noticias\/category\/economia\/\" title=\"Econom\u00eda\">Econom\u00eda<\/a>\n<\/span><span class=\"aioseo-breadcrumb-separator\">\u2013<\/span><span class=\"aioseo-breadcrumb\">\n\t<a href=\"https:\/\/www.eldigitaldeasturias.com\/noticias\/crisis-en-espana-se-hunde-la-tasa-de-ahorro-en-los-hogares-espanoles\/\" title=\"Crisis en Espa\u00f1a: Se hunde la tasa de ahorro en los hogares espa\u00f1oles\">Crisis en Espa\u00f1a: Se hunde la tasa de ahorro en los hogares espa\u00f1oles<\/a>\n<\/span><\/div>","aioseo_breadcrumb_json":[{"label":"Home","link":"https:\/\/www.eldigitaldeasturias.com\/noticias"},{"label":"Econom\u00eda","link":"https:\/\/www.eldigitaldeasturias.com\/noticias\/category\/economia\/"},{"label":"Crisis en Espa\u00f1a: Se hunde la tasa de ahorro en los hogares espa\u00f1oles","link":"https:\/\/www.eldigitaldeasturias.com\/noticias\/crisis-en-espana-se-hunde-la-tasa-de-ahorro-en-los-hogares-espanoles\/"}],"_links":{"self":[{"href":"https:\/\/www.eldigitaldeasturias.com\/noticias\/wp-json\/wp\/v2\/posts\/1121747","targetHints":{"allow":["GET"]}}],"collection":[{"href":"https:\/\/www.eldigitaldeasturias.com\/noticias\/wp-json\/wp\/v2\/posts"}],"about":[{"href":"https:\/\/www.eldigitaldeasturias.com\/noticias\/wp-json\/wp\/v2\/types\/post"}],"author":[{"embeddable":true,"href":"https:\/\/www.eldigitaldeasturias.com\/noticias\/wp-json\/wp\/v2\/users\/1"}],"replies":[{"embeddable":true,"href":"https:\/\/www.eldigitaldeasturias.com\/noticias\/wp-json\/wp\/v2\/comments?post=1121747"}],"version-history":[{"count":0,"href":"https:\/\/www.eldigitaldeasturias.com\/noticias\/wp-json\/wp\/v2\/posts\/1121747\/revisions"}],"wp:featuredmedia":[{"embeddable":true,"href":"https:\/\/www.eldigitaldeasturias.com\/noticias\/wp-json\/wp\/v2\/media\/1121748"}],"wp:attachment":[{"href":"https:\/\/www.eldigitaldeasturias.com\/noticias\/wp-json\/wp\/v2\/media?parent=1121747"}],"wp:term":[{"taxonomy":"category","embeddable":true,"href":"https:\/\/www.eldigitaldeasturias.com\/noticias\/wp-json\/wp\/v2\/categories?post=1121747"},{"taxonomy":"post_tag","embeddable":true,"href":"https:\/\/www.eldigitaldeasturias.com\/noticias\/wp-json\/wp\/v2\/tags?post=1121747"}],"curies":[{"name":"wp","href":"https:\/\/api.w.org\/{rel}","templated":true}]}}