{"id":1121744,"date":"2023-04-02T06:00:10","date_gmt":"2023-04-02T04:00:10","guid":{"rendered":"https:\/\/www.eldigitaldeasturias.com\/noticias\/?p=1121744"},"modified":"2023-04-02T06:00:10","modified_gmt":"2023-04-02T04:00:10","slug":"acciona-y-nordex-se-alian-para-desarrollar-proyectos-de-hidrogeno-verde","status":"publish","type":"post","link":"https:\/\/www.eldigitaldeasturias.com\/noticias\/acciona-y-nordex-se-alian-para-desarrollar-proyectos-de-hidrogeno-verde\/","title":{"rendered":"Acciona y Nordex se al\u00edan para desarrollar proyectos de hidr\u00f3geno verde"},"content":{"rendered":"<p>(EP) &#8211; Acciona y su participada alemana Nordex han constituido una &#8216;joint venture&#8217; para desarrollar proyectos de hidr\u00f3geno verde en zonas con abundantes recursos e\u00f3licos disponibles y no conectadas a las redes el\u00e9ctricas convencionales, para producir a costes competitivos, ha anunciado el viernes el grupo que preside Jos\u00e9 Manuel Entrecanales.<\/p>\n<figure id=\"attachment_1121745\" aria-describedby=\"caption-attachment-1121745\" style=\"width: 650px\" class=\"wp-caption aligncenter\"><img loading=\"lazy\" decoding=\"async\" class=\"wp-image-1121745 size-large\" src=\"https:\/\/www.eldigitaldeasturias.com\/noticias\/wp-content\/uploads\/2023\/04\/Acciona-650x449.jpg\" alt=\"Acciona\" width=\"650\" height=\"449\" srcset=\"https:\/\/www.eldigitaldeasturias.com\/noticias\/wp-content\/uploads\/2023\/04\/Acciona-650x449.jpg 650w, https:\/\/www.eldigitaldeasturias.com\/noticias\/wp-content\/uploads\/2023\/04\/Acciona-360x249.jpg 360w, https:\/\/www.eldigitaldeasturias.com\/noticias\/wp-content\/uploads\/2023\/04\/Acciona-434x300.jpg 434w, https:\/\/www.eldigitaldeasturias.com\/noticias\/wp-content\/uploads\/2023\/04\/Acciona-768x531.jpg 768w, https:\/\/www.eldigitaldeasturias.com\/noticias\/wp-content\/uploads\/2023\/04\/Acciona-150x104.jpg 150w, https:\/\/www.eldigitaldeasturias.com\/noticias\/wp-content\/uploads\/2023\/04\/Acciona-450x311.jpg 450w, https:\/\/www.eldigitaldeasturias.com\/noticias\/wp-content\/uploads\/2023\/04\/Acciona.jpg 954w\" sizes=\"auto, (max-width: 650px) 100vw, 650px\" \/><figcaption id=\"caption-attachment-1121745\" class=\"wp-caption-text\">Foto: Eduardo Parra &#8211; Europa Press<\/figcaption><\/figure>\n<p>La nueva compa\u00f1\u00eda ya cuenta con ocho emplazamientos de estas caracter\u00edsticas localizados en Estados Unidos, Am\u00e9rica Latina y \u00c1frica y eval\u00faa nuevas oportunidades en otros lugares del mundo, seg\u00fan ha precisado Acciona.<\/p>\n<blockquote><p>Esta &#8216;joint venture&#8217; no operar\u00e1 en Espa\u00f1a y Portugal, donde Acciona Energ\u00eda ya mantiene una alianza con Plug Power.<\/p><\/blockquote>\n<p>El grupo Acciona tendr\u00e1 un 50% de participaci\u00f3n en esta nueva sociedad, distribuido a partes iguales entre Acciona y Acciona Energ\u00eda, mientras que el fabricante alem\u00e1n de aerogeneradores Nordex tendr\u00e1 el 50% restante.<\/p>\n<p>La operaci\u00f3n se ha articulado mediante la compra, por parte de Acciona, de la mitad de la filial de Nordex para el desarrollo de proyectos de hidr\u00f3geno verde por un importe aplazado de 68 millones de euros, a pagar durante los pr\u00f3ximos cuatro a\u00f1os.<\/p>\n<h2>PROYECTOS POR UN M\u00cdNIMO DE 1GW<\/h2>\n<p>Con una cartera objetivo de energ\u00edas renovables en desarrollo de 50 gigavatios (GW), el plan de esta nueva empresa entre Acciona y Nordex es desarrollar proyectos que lleguen a producir 0,5 millones de toneladas de hidr\u00f3geno verde anuales en el horizonte de los pr\u00f3ximos diez a\u00f1os. Los primeros estar\u00edan listos en 2027.<\/p>\n<p>Cada uno de los proyectos, cuyo tama\u00f1o m\u00ednimo ser\u00e1 de 1GW de potencia renovable instalada, se desplegar\u00e1 a trav\u00e9s de acuerdos estrat\u00e9gicos con otras compa\u00f1\u00edas e instituciones de car\u00e1cter p\u00fablico y privado, interesadas en la producci\u00f3n o en el consumo masivo de hidr\u00f3geno verde.<\/p>\n<p>Acciona ha destacado que la demanda de hidr\u00f3geno verde en el mundo crecer\u00e1 en torno al 700% en los pr\u00f3ximos 30 a\u00f1os, impulsada por la descarbonizaci\u00f3n de la econom\u00eda, seg\u00fan diversos estudios.<\/p>\n<p>\u00abEn consecuencia, el hidr\u00f3geno verde podr\u00eda contribuir al 20% de las necesidades totales de reducci\u00f3n de emisiones para 2050. M\u00e1s de 25 pa\u00edses han establecido ya planes de hidr\u00f3geno verde\u00bb, ha a\u00f1adido el grupo espa\u00f1ol.<\/p>\n<p>La Comisi\u00f3n Europea public\u00f3 en mayo del pasado a\u00f1o su plan REPowerEU, que traza el camino de la Uni\u00f3n Europea (UE) hacia la r\u00e1pida reducci\u00f3n de la dependencia energ\u00e9tica de los combustibles f\u00f3siles en 2027. El plan tiene como objetivo la producci\u00f3n de diez millones de toneladas de hidr\u00f3geno renovable en la UE y la misma cantidad de importaciones para 2030.<\/p>\n<h2>ENTRECANALES: EL HIDR\u00d3GENO VERDE SER\u00c1 \u00abCLAVE\u00bb PARA LA DESCARBONIZACI\u00d3N<\/h2>\n<p>\u00abEl hidr\u00f3geno verde ser\u00e1 clave para acabar con las emisiones de gases de efecto invernadero en sectores de muy dif\u00edcil descarbonizaci\u00f3n, como la industria, la agricultura, o el transporte a\u00e9reo y mar\u00edtimo\u00bb, ha subrayado el presidente y CEO de Acciona, Jos\u00e9 Manuel Entrecanales.<\/p>\n<p>\u00abEsta joint venture complementa nuestra alianza con Plug Power para Espa\u00f1a y Portugal, m\u00e1s enfocada en soluciones de cercan\u00eda para nuestros clientes\u00bb, ha a\u00f1adido Entrecanales.<\/p>\n<p>Por si parte, Jos\u00e9 Luis Blanco, CEO del grupo Nordex, ha resaltado que la experiencia del grupo en el desarrollo de proyectos e\u00f3licos le ha permitido \u00abconstruir una atractiva cartera de proyectos de hidr\u00f3geno verde en zonas geogr\u00e1ficas interesantes, as\u00ed como una estrecha red de excelentes promotores locales y socios experimentados\u00bb.<\/p>\n<p>El hidr\u00f3geno verde se obtiene mediante el proceso de la electrolisis que, con energ\u00edas renovables no contaminantes, descompone el agua en sus componentes, hidr\u00f3geno y ox\u00edgeno. Una vez obtenido, el hidr\u00f3geno verde se puede transportar a trav\u00e9s de gaseoductos o sintetizado en amoniaco verde o combustible sostenible.<\/p>\n<p>Nordex trabaja desde hace un a\u00f1o en su planta de Barasoain (Navarra) en el desarrollo de un nuevo prototipo de electrolizador alcalino presurizado adaptado a la operaci\u00f3n variable de fuentes renovables. Esta iniciativa ha sido reconocida como Proyecto Importante de Inter\u00e9s Com\u00fan Europeo (IPCEI).<\/p>\n<p>Actualmente el desarrollo del electrolizador se encuentra en una fase avanzada de I+D+i, con el objetivo de aumentar la flexibilidad operativa de las tecnolog\u00edas alcalinas. En una fase posterior, Nordex desarrollar\u00e1 el prototipo modular en sus instalaciones de Navarra.<\/p>\n<p>&nbsp;<\/p>\n","protected":false},"excerpt":{"rendered":"<p>(EP) &#8211; Acciona y su participada alemana Nordex han constituido una &#8216;joint venture&#8217; para desarrollar proyectos de hidr\u00f3geno verde en zonas con abundantes recursos e\u00f3licos disponibles y no conectadas a las redes el\u00e9ctricas convencionales, para producir a costes competitivos, ha anunciado el viernes el grupo que preside Jos\u00e9 Manuel Entrecanales. La nueva compa\u00f1\u00eda ya cuenta [&hellip;]<\/p>\n","protected":false},"author":1,"featured_media":1121745,"comment_status":"closed","ping_status":"closed","sticky":false,"template":"","format":"standard","meta":{"footnotes":""},"categories":[219],"tags":[],"class_list":["post-1121744","post","type-post","status-publish","format-standard","has-post-thumbnail","hentry","category-negocios-y-empresas"],"aioseo_notices":[],"aioseo_head":"\n\t\t<!-- All in One SEO Pro 4.9.6.2 - aioseo.com -->\n\t<meta name=\"description\" content=\"(EP) - Acciona y su participada alemana Nordex han constituido una &#039;joint venture&#039; para desarrollar proyectos de hidr\u00f3geno verde en zonas con abundantes\" \/>\n\t<meta name=\"robots\" content=\"max-image-preview:large\" \/>\n\t<meta name=\"author\" content=\"El Digital de Asturias\"\/>\n\t<meta name=\"google-site-verification\" content=\"UA-38556648-1\" \/>\n\t<meta name=\"msvalidate.01\" content=\"7dfe9f3f1b24437ab69f4f2559babe99\" \/>\n\t<meta name=\"keywords\" content=\"negocios y empresas\" \/>\n\t<link rel=\"canonical\" href=\"https:\/\/www.eldigitaldeasturias.com\/noticias\/acciona-y-nordex-se-alian-para-desarrollar-proyectos-de-hidrogeno-verde\/\" \/>\n\t<meta name=\"generator\" content=\"All in One SEO Pro (AIOSEO) 4.9.6.2\" \/>\n\t\t<meta property=\"og:locale\" content=\"es_ES\" \/>\n\t\t<meta property=\"og:site_name\" content=\"El Digital de Asturias\" \/>\n\t\t<meta property=\"og:type\" content=\"article\" \/>\n\t\t<meta property=\"og:title\" content=\"Acciona y Nordex se al\u00edan para desarrollar proyectos de hidr\u00f3geno verde - El Digital de Asturias\" \/>\n\t\t<meta property=\"og:description\" content=\"(EP) - Acciona y su participada alemana Nordex han constituido una &#039;joint venture&#039; para desarrollar proyectos de hidr\u00f3geno verde en zonas con abundantes\" \/>\n\t\t<meta property=\"og:url\" content=\"https:\/\/www.eldigitaldeasturias.com\/noticias\/acciona-y-nordex-se-alian-para-desarrollar-proyectos-de-hidrogeno-verde\/\" \/>\n\t\t<meta property=\"og:image\" content=\"https:\/\/www.eldigitaldeasturias.com\/noticias\/wp-content\/uploads\/2023\/04\/Acciona.jpg\" \/>\n\t\t<meta property=\"og:image:secure_url\" content=\"https:\/\/www.eldigitaldeasturias.com\/noticias\/wp-content\/uploads\/2023\/04\/Acciona.jpg\" \/>\n\t\t<meta property=\"og:image:width\" content=\"954\" \/>\n\t\t<meta property=\"og:image:height\" content=\"659\" \/>\n\t\t<meta property=\"article:tag\" content=\"negocios y empresas\" \/>\n\t\t<meta property=\"article:published_time\" content=\"2023-04-02T04:00:10+00:00\" \/>\n\t\t<meta property=\"article:modified_time\" content=\"2023-04-02T04:00:10+00:00\" \/>\n\t\t<meta property=\"article:publisher\" content=\"https:\/\/facebook.com\/eldigitaldeasturias\" \/>\n\t\t<meta name=\"twitter:card\" content=\"summary_large_image\" \/>\n\t\t<meta name=\"twitter:title\" content=\"Acciona y Nordex se al\u00edan para desarrollar proyectos de hidr\u00f3geno verde - El Digital de Asturias\" \/>\n\t\t<meta name=\"twitter:description\" content=\"(EP) - Acciona y su participada alemana Nordex han constituido una &#039;joint venture&#039; para desarrollar proyectos de hidr\u00f3geno verde en zonas con abundantes\" \/>\n\t\t<meta name=\"twitter:image\" content=\"https:\/\/www.eldigitaldeasturias.com\/noticias\/wp-content\/uploads\/2023\/04\/Acciona.jpg\" \/>\n\t\t<meta name=\"twitter:label1\" content=\"Escrito por\" \/>\n\t\t<meta name=\"twitter:data1\" content=\"El Digital de Asturias\" \/>\n\t\t<meta name=\"twitter:label2\" content=\"Tiempo de lectura estimado\" \/>\n\t\t<meta name=\"twitter:data2\" content=\"4 minutos\" \/>\n\t\t<script type=\"application\/ld+json\" class=\"aioseo-schema\">\n\t\t\t{\"@context\":\"https:\\\/\\\/schema.org\",\"@graph\":[{\"@type\":\"BlogPosting\",\"@id\":\"https:\\\/\\\/www.eldigitaldeasturias.com\\\/noticias\\\/acciona-y-nordex-se-alian-para-desarrollar-proyectos-de-hidrogeno-verde\\\/#blogposting\",\"name\":\"Acciona y Nordex se al\\u00edan para desarrollar proyectos de hidr\\u00f3geno verde - El Digital de Asturias\",\"headline\":\"Acciona y Nordex se al\\u00edan para desarrollar proyectos de hidr\\u00f3geno verde\",\"author\":{\"@id\":\"https:\\\/\\\/www.eldigitaldeasturias.com\\\/noticias\\\/author\\\/admin\\\/#author\"},\"publisher\":{\"@id\":\"https:\\\/\\\/www.eldigitaldeasturias.com\\\/noticias\\\/#organization\"},\"image\":{\"@type\":\"ImageObject\",\"url\":\"https:\\\/\\\/www.eldigitaldeasturias.com\\\/noticias\\\/wp-content\\\/uploads\\\/2023\\\/04\\\/Acciona.jpg\",\"width\":954,\"height\":659,\"caption\":\"Foto: Eduardo Parra - Europa Press\"},\"datePublished\":\"2023-04-02T06:00:10+02:00\",\"dateModified\":\"2023-04-02T06:00:10+02:00\",\"inLanguage\":\"es-ES\",\"mainEntityOfPage\":{\"@id\":\"https:\\\/\\\/www.eldigitaldeasturias.com\\\/noticias\\\/acciona-y-nordex-se-alian-para-desarrollar-proyectos-de-hidrogeno-verde\\\/#webpage\"},\"isPartOf\":{\"@id\":\"https:\\\/\\\/www.eldigitaldeasturias.com\\\/noticias\\\/acciona-y-nordex-se-alian-para-desarrollar-proyectos-de-hidrogeno-verde\\\/#webpage\"},\"articleSection\":\"Negocios y Empresas\"},{\"@type\":\"BreadcrumbList\",\"@id\":\"https:\\\/\\\/www.eldigitaldeasturias.com\\\/noticias\\\/acciona-y-nordex-se-alian-para-desarrollar-proyectos-de-hidrogeno-verde\\\/#breadcrumblist\",\"itemListElement\":[{\"@type\":\"ListItem\",\"@id\":\"https:\\\/\\\/www.eldigitaldeasturias.com\\\/noticias#listItem\",\"position\":1,\"name\":\"Home\",\"item\":\"https:\\\/\\\/www.eldigitaldeasturias.com\\\/noticias\",\"nextItem\":{\"@type\":\"ListItem\",\"@id\":\"https:\\\/\\\/www.eldigitaldeasturias.com\\\/noticias\\\/category\\\/negocios-y-empresas\\\/#listItem\",\"name\":\"Negocios y Empresas\"}},{\"@type\":\"ListItem\",\"@id\":\"https:\\\/\\\/www.eldigitaldeasturias.com\\\/noticias\\\/category\\\/negocios-y-empresas\\\/#listItem\",\"position\":2,\"name\":\"Negocios y Empresas\",\"item\":\"https:\\\/\\\/www.eldigitaldeasturias.com\\\/noticias\\\/category\\\/negocios-y-empresas\\\/\",\"nextItem\":{\"@type\":\"ListItem\",\"@id\":\"https:\\\/\\\/www.eldigitaldeasturias.com\\\/noticias\\\/acciona-y-nordex-se-alian-para-desarrollar-proyectos-de-hidrogeno-verde\\\/#listItem\",\"name\":\"Acciona y Nordex se al\\u00edan para desarrollar proyectos de hidr\\u00f3geno verde\"},\"previousItem\":{\"@type\":\"ListItem\",\"@id\":\"https:\\\/\\\/www.eldigitaldeasturias.com\\\/noticias#listItem\",\"name\":\"Home\"}},{\"@type\":\"ListItem\",\"@id\":\"https:\\\/\\\/www.eldigitaldeasturias.com\\\/noticias\\\/acciona-y-nordex-se-alian-para-desarrollar-proyectos-de-hidrogeno-verde\\\/#listItem\",\"position\":3,\"name\":\"Acciona y Nordex se al\\u00edan para desarrollar proyectos de hidr\\u00f3geno verde\",\"previousItem\":{\"@type\":\"ListItem\",\"@id\":\"https:\\\/\\\/www.eldigitaldeasturias.com\\\/noticias\\\/category\\\/negocios-y-empresas\\\/#listItem\",\"name\":\"Negocios y Empresas\"}}]},{\"@type\":\"Organization\",\"@id\":\"https:\\\/\\\/www.eldigitaldeasturias.com\\\/noticias\\\/#organization\",\"name\":\"El Digital de Asturias\",\"description\":\"Hemeroteca\",\"url\":\"https:\\\/\\\/www.eldigitaldeasturias.com\\\/noticias\\\/\",\"email\":\"info@eldigitaldeasturias.com\",\"telephone\":\"+34652131393\",\"logo\":{\"@type\":\"ImageObject\",\"url\":\"https:\\\/\\\/www.eldigitaldeasturias.com\\\/noticias\\\/wp-content\\\/uploads\\\/2020\\\/12\\\/EDA.jpg\",\"@id\":\"https:\\\/\\\/www.eldigitaldeasturias.com\\\/noticias\\\/acciona-y-nordex-se-alian-para-desarrollar-proyectos-de-hidrogeno-verde\\\/#organizationLogo\",\"width\":649,\"height\":297},\"image\":{\"@id\":\"https:\\\/\\\/www.eldigitaldeasturias.com\\\/noticias\\\/acciona-y-nordex-se-alian-para-desarrollar-proyectos-de-hidrogeno-verde\\\/#organizationLogo\"},\"sameAs\":[\"https:\\\/\\\/facebook.com\\\/eldigitaldeasturias\",\"https:\\\/\\\/www.youtube.com\\\/channel\\\/UCZP-2wLEB9Rv6erhFmqVnvg\"],\"address\":{\"@id\":\"https:\\\/\\\/www.eldigitaldeasturias.com\\\/noticias\\\/#postaladdress\",\"@type\":\"PostalAddress\",\"streetAddress\":\"san antonio 4,\",\"postalCode\":\"33430\",\"addressLocality\":\"Cand\\u00e1s\",\"addressRegion\":\"Asturias\",\"addressCountry\":\"ES\"}},{\"@type\":\"Person\",\"@id\":\"https:\\\/\\\/www.eldigitaldeasturias.com\\\/noticias\\\/author\\\/admin\\\/#author\",\"url\":\"https:\\\/\\\/www.eldigitaldeasturias.com\\\/noticias\\\/author\\\/admin\\\/\",\"name\":\"El Digital de Asturias\",\"image\":{\"@type\":\"ImageObject\",\"@id\":\"https:\\\/\\\/www.eldigitaldeasturias.com\\\/noticias\\\/acciona-y-nordex-se-alian-para-desarrollar-proyectos-de-hidrogeno-verde\\\/#authorImage\",\"url\":\"https:\\\/\\\/www.eldigitaldeasturias.com\\\/noticias\\\/wp-content\\\/litespeed\\\/avatar\\\/18677e78aa0546b92d9dbf31ec7d7668.jpg?ver=1777290358\",\"width\":96,\"height\":96,\"caption\":\"El Digital de Asturias\"}},{\"@type\":\"WebPage\",\"@id\":\"https:\\\/\\\/www.eldigitaldeasturias.com\\\/noticias\\\/acciona-y-nordex-se-alian-para-desarrollar-proyectos-de-hidrogeno-verde\\\/#webpage\",\"url\":\"https:\\\/\\\/www.eldigitaldeasturias.com\\\/noticias\\\/acciona-y-nordex-se-alian-para-desarrollar-proyectos-de-hidrogeno-verde\\\/\",\"name\":\"Acciona y Nordex se al\\u00edan para desarrollar proyectos de hidr\\u00f3geno verde - El Digital de Asturias\",\"description\":\"(EP) - Acciona y su participada alemana Nordex han constituido una 'joint venture' para desarrollar proyectos de hidr\\u00f3geno verde en zonas con abundantes\",\"inLanguage\":\"es-ES\",\"isPartOf\":{\"@id\":\"https:\\\/\\\/www.eldigitaldeasturias.com\\\/noticias\\\/#website\"},\"breadcrumb\":{\"@id\":\"https:\\\/\\\/www.eldigitaldeasturias.com\\\/noticias\\\/acciona-y-nordex-se-alian-para-desarrollar-proyectos-de-hidrogeno-verde\\\/#breadcrumblist\"},\"author\":{\"@id\":\"https:\\\/\\\/www.eldigitaldeasturias.com\\\/noticias\\\/author\\\/admin\\\/#author\"},\"creator\":{\"@id\":\"https:\\\/\\\/www.eldigitaldeasturias.com\\\/noticias\\\/author\\\/admin\\\/#author\"},\"image\":{\"@type\":\"ImageObject\",\"url\":\"https:\\\/\\\/www.eldigitaldeasturias.com\\\/noticias\\\/wp-content\\\/uploads\\\/2023\\\/04\\\/Acciona.jpg\",\"@id\":\"https:\\\/\\\/www.eldigitaldeasturias.com\\\/noticias\\\/acciona-y-nordex-se-alian-para-desarrollar-proyectos-de-hidrogeno-verde\\\/#mainImage\",\"width\":954,\"height\":659,\"caption\":\"Foto: Eduardo Parra - Europa Press\"},\"primaryImageOfPage\":{\"@id\":\"https:\\\/\\\/www.eldigitaldeasturias.com\\\/noticias\\\/acciona-y-nordex-se-alian-para-desarrollar-proyectos-de-hidrogeno-verde\\\/#mainImage\"},\"datePublished\":\"2023-04-02T06:00:10+02:00\",\"dateModified\":\"2023-04-02T06:00:10+02:00\"},{\"@type\":\"WebSite\",\"@id\":\"https:\\\/\\\/www.eldigitaldeasturias.com\\\/noticias\\\/#website\",\"url\":\"https:\\\/\\\/www.eldigitaldeasturias.com\\\/noticias\\\/\",\"name\":\"El Digital de Asturias - Diario de actualidad y noticias\",\"alternateName\":\"El Digital de Asturias - Diario de actualidad y noticias\",\"description\":\"Hemeroteca\",\"inLanguage\":\"es-ES\",\"publisher\":{\"@id\":\"https:\\\/\\\/www.eldigitaldeasturias.com\\\/noticias\\\/#organization\"}}]}\n\t\t<\/script>\n\t\t<!-- All in One SEO Pro -->\r\n\t\t<title>Acciona y Nordex se al\u00edan para desarrollar proyectos de hidr\u00f3geno verde - El Digital de Asturias<\/title>\n\n","aioseo_head_json":{"title":"Acciona y Nordex se al\u00edan para desarrollar proyectos de hidr\u00f3geno verde - El Digital de Asturias","description":"(EP) - Acciona y su participada alemana Nordex han constituido una 'joint venture' para desarrollar proyectos de hidr\u00f3geno verde en zonas con abundantes","canonical_url":"https:\/\/www.eldigitaldeasturias.com\/noticias\/acciona-y-nordex-se-alian-para-desarrollar-proyectos-de-hidrogeno-verde\/","robots":"max-image-preview:large","keywords":"negocios y empresas","webmasterTools":{"google-site-verification":"UA-38556648-1","msvalidate.01":"7dfe9f3f1b24437ab69f4f2559babe99","miscellaneous":""},"schema":{"@context":"https:\/\/schema.org","@graph":[{"@type":"BlogPosting","@id":"https:\/\/www.eldigitaldeasturias.com\/noticias\/acciona-y-nordex-se-alian-para-desarrollar-proyectos-de-hidrogeno-verde\/#blogposting","name":"Acciona y Nordex se al\u00edan para desarrollar proyectos de hidr\u00f3geno verde - El Digital de Asturias","headline":"Acciona y Nordex se al\u00edan para desarrollar proyectos de hidr\u00f3geno verde","author":{"@id":"https:\/\/www.eldigitaldeasturias.com\/noticias\/author\/admin\/#author"},"publisher":{"@id":"https:\/\/www.eldigitaldeasturias.com\/noticias\/#organization"},"image":{"@type":"ImageObject","url":"https:\/\/www.eldigitaldeasturias.com\/noticias\/wp-content\/uploads\/2023\/04\/Acciona.jpg","width":954,"height":659,"caption":"Foto: Eduardo Parra - Europa Press"},"datePublished":"2023-04-02T06:00:10+02:00","dateModified":"2023-04-02T06:00:10+02:00","inLanguage":"es-ES","mainEntityOfPage":{"@id":"https:\/\/www.eldigitaldeasturias.com\/noticias\/acciona-y-nordex-se-alian-para-desarrollar-proyectos-de-hidrogeno-verde\/#webpage"},"isPartOf":{"@id":"https:\/\/www.eldigitaldeasturias.com\/noticias\/acciona-y-nordex-se-alian-para-desarrollar-proyectos-de-hidrogeno-verde\/#webpage"},"articleSection":"Negocios y Empresas"},{"@type":"BreadcrumbList","@id":"https:\/\/www.eldigitaldeasturias.com\/noticias\/acciona-y-nordex-se-alian-para-desarrollar-proyectos-de-hidrogeno-verde\/#breadcrumblist","itemListElement":[{"@type":"ListItem","@id":"https:\/\/www.eldigitaldeasturias.com\/noticias#listItem","position":1,"name":"Home","item":"https:\/\/www.eldigitaldeasturias.com\/noticias","nextItem":{"@type":"ListItem","@id":"https:\/\/www.eldigitaldeasturias.com\/noticias\/category\/negocios-y-empresas\/#listItem","name":"Negocios y Empresas"}},{"@type":"ListItem","@id":"https:\/\/www.eldigitaldeasturias.com\/noticias\/category\/negocios-y-empresas\/#listItem","position":2,"name":"Negocios y Empresas","item":"https:\/\/www.eldigitaldeasturias.com\/noticias\/category\/negocios-y-empresas\/","nextItem":{"@type":"ListItem","@id":"https:\/\/www.eldigitaldeasturias.com\/noticias\/acciona-y-nordex-se-alian-para-desarrollar-proyectos-de-hidrogeno-verde\/#listItem","name":"Acciona y Nordex se al\u00edan para desarrollar proyectos de hidr\u00f3geno verde"},"previousItem":{"@type":"ListItem","@id":"https:\/\/www.eldigitaldeasturias.com\/noticias#listItem","name":"Home"}},{"@type":"ListItem","@id":"https:\/\/www.eldigitaldeasturias.com\/noticias\/acciona-y-nordex-se-alian-para-desarrollar-proyectos-de-hidrogeno-verde\/#listItem","position":3,"name":"Acciona y Nordex se al\u00edan para desarrollar proyectos de hidr\u00f3geno verde","previousItem":{"@type":"ListItem","@id":"https:\/\/www.eldigitaldeasturias.com\/noticias\/category\/negocios-y-empresas\/#listItem","name":"Negocios y Empresas"}}]},{"@type":"Organization","@id":"https:\/\/www.eldigitaldeasturias.com\/noticias\/#organization","name":"El Digital de Asturias","description":"Hemeroteca","url":"https:\/\/www.eldigitaldeasturias.com\/noticias\/","email":"info@eldigitaldeasturias.com","telephone":"+34652131393","logo":{"@type":"ImageObject","url":"https:\/\/www.eldigitaldeasturias.com\/noticias\/wp-content\/uploads\/2020\/12\/EDA.jpg","@id":"https:\/\/www.eldigitaldeasturias.com\/noticias\/acciona-y-nordex-se-alian-para-desarrollar-proyectos-de-hidrogeno-verde\/#organizationLogo","width":649,"height":297},"image":{"@id":"https:\/\/www.eldigitaldeasturias.com\/noticias\/acciona-y-nordex-se-alian-para-desarrollar-proyectos-de-hidrogeno-verde\/#organizationLogo"},"sameAs":["https:\/\/facebook.com\/eldigitaldeasturias","https:\/\/www.youtube.com\/channel\/UCZP-2wLEB9Rv6erhFmqVnvg"],"address":{"@id":"https:\/\/www.eldigitaldeasturias.com\/noticias\/#postaladdress","@type":"PostalAddress","streetAddress":"san antonio 4,","postalCode":"33430","addressLocality":"Cand\u00e1s","addressRegion":"Asturias","addressCountry":"ES"}},{"@type":"Person","@id":"https:\/\/www.eldigitaldeasturias.com\/noticias\/author\/admin\/#author","url":"https:\/\/www.eldigitaldeasturias.com\/noticias\/author\/admin\/","name":"El Digital de Asturias","image":{"@type":"ImageObject","@id":"https:\/\/www.eldigitaldeasturias.com\/noticias\/acciona-y-nordex-se-alian-para-desarrollar-proyectos-de-hidrogeno-verde\/#authorImage","url":"https:\/\/www.eldigitaldeasturias.com\/noticias\/wp-content\/litespeed\/avatar\/18677e78aa0546b92d9dbf31ec7d7668.jpg?ver=1777290358","width":96,"height":96,"caption":"El Digital de Asturias"}},{"@type":"WebPage","@id":"https:\/\/www.eldigitaldeasturias.com\/noticias\/acciona-y-nordex-se-alian-para-desarrollar-proyectos-de-hidrogeno-verde\/#webpage","url":"https:\/\/www.eldigitaldeasturias.com\/noticias\/acciona-y-nordex-se-alian-para-desarrollar-proyectos-de-hidrogeno-verde\/","name":"Acciona y Nordex se al\u00edan para desarrollar proyectos de hidr\u00f3geno verde - El Digital de Asturias","description":"(EP) - Acciona y su participada alemana Nordex han constituido una 'joint venture' para desarrollar proyectos de hidr\u00f3geno verde en zonas con abundantes","inLanguage":"es-ES","isPartOf":{"@id":"https:\/\/www.eldigitaldeasturias.com\/noticias\/#website"},"breadcrumb":{"@id":"https:\/\/www.eldigitaldeasturias.com\/noticias\/acciona-y-nordex-se-alian-para-desarrollar-proyectos-de-hidrogeno-verde\/#breadcrumblist"},"author":{"@id":"https:\/\/www.eldigitaldeasturias.com\/noticias\/author\/admin\/#author"},"creator":{"@id":"https:\/\/www.eldigitaldeasturias.com\/noticias\/author\/admin\/#author"},"image":{"@type":"ImageObject","url":"https:\/\/www.eldigitaldeasturias.com\/noticias\/wp-content\/uploads\/2023\/04\/Acciona.jpg","@id":"https:\/\/www.eldigitaldeasturias.com\/noticias\/acciona-y-nordex-se-alian-para-desarrollar-proyectos-de-hidrogeno-verde\/#mainImage","width":954,"height":659,"caption":"Foto: Eduardo Parra - Europa Press"},"primaryImageOfPage":{"@id":"https:\/\/www.eldigitaldeasturias.com\/noticias\/acciona-y-nordex-se-alian-para-desarrollar-proyectos-de-hidrogeno-verde\/#mainImage"},"datePublished":"2023-04-02T06:00:10+02:00","dateModified":"2023-04-02T06:00:10+02:00"},{"@type":"WebSite","@id":"https:\/\/www.eldigitaldeasturias.com\/noticias\/#website","url":"https:\/\/www.eldigitaldeasturias.com\/noticias\/","name":"El Digital de Asturias - Diario de actualidad y noticias","alternateName":"El Digital de Asturias - Diario de actualidad y noticias","description":"Hemeroteca","inLanguage":"es-ES","publisher":{"@id":"https:\/\/www.eldigitaldeasturias.com\/noticias\/#organization"}}]},"og:locale":"es_ES","og:site_name":"El Digital de Asturias","og:type":"article","og:title":"Acciona y Nordex se al\u00edan para desarrollar proyectos de hidr\u00f3geno verde - El Digital de Asturias","og:description":"(EP) - Acciona y su participada alemana Nordex han constituido una 'joint venture' para desarrollar proyectos de hidr\u00f3geno verde en zonas con abundantes","og:url":"https:\/\/www.eldigitaldeasturias.com\/noticias\/acciona-y-nordex-se-alian-para-desarrollar-proyectos-de-hidrogeno-verde\/","og:image":"https:\/\/www.eldigitaldeasturias.com\/noticias\/wp-content\/uploads\/2023\/04\/Acciona.jpg","og:image:secure_url":"https:\/\/www.eldigitaldeasturias.com\/noticias\/wp-content\/uploads\/2023\/04\/Acciona.jpg","og:image:width":954,"og:image:height":659,"article:tag":["negocios y empresas"],"article:published_time":"2023-04-02T04:00:10+00:00","article:modified_time":"2023-04-02T04:00:10+00:00","article:publisher":"https:\/\/facebook.com\/eldigitaldeasturias","twitter:card":"summary_large_image","twitter:title":"Acciona y Nordex se al\u00edan para desarrollar proyectos de hidr\u00f3geno verde - El Digital de Asturias","twitter:description":"(EP) - Acciona y su participada alemana Nordex han constituido una 'joint venture' para desarrollar proyectos de hidr\u00f3geno verde en zonas con abundantes","twitter:image":"https:\/\/www.eldigitaldeasturias.com\/noticias\/wp-content\/uploads\/2023\/04\/Acciona.jpg","twitter:label1":"Escrito por","twitter:data1":"El Digital de Asturias","twitter:label2":"Tiempo de lectura estimado","twitter:data2":"4 minutos"},"aioseo_meta_data":{"post_id":"1121744","title":null,"description":"(EP) - Acciona y su participada alemana Nordex han constituido una 'joint venture' para desarrollar proyectos de hidr\u00f3geno verde en zonas con abundantes","keywords":[],"keyphrases":{"focus":{"keyphrase":"Acciona","score":83,"analysis":{"keyphraseInTitle":{"score":9,"maxScore":9,"error":0},"keyphraseInDescription":{"score":9,"maxScore":9,"error":0},"keyphraseLength":{"score":9,"maxScore":9,"error":0,"length":1},"keyphraseInURL":{"score":1,"maxScore":5,"error":1},"keyphraseInIntroduction":{"score":9,"maxScore":9,"error":0},"keyphraseInSubHeadings":{"score":3,"maxScore":9,"error":1},"keyphraseInImageAlt":{"score":9,"maxScore":9,"error":0}}},"additional":[{"keyphrase":"Acciona","score":100,"analysis":{"keyphraseInDescription":{"score":9,"maxScore":9,"error":0},"keyphraseLength":{"score":9,"maxScore":9,"error":0,"length":1},"keyphraseInIntroduction":{"score":9,"maxScore":9,"error":0},"keyphraseInImageAlt":{"score":9,"maxScore":9,"error":0}}}]},"primary_term":null,"canonical_url":null,"og_title":null,"og_description":null,"og_object_type":"default","og_image_type":"default","og_image_url":null,"og_image_width":null,"og_image_height":null,"og_image_custom_url":null,"og_image_custom_fields":null,"og_video":"","og_custom_url":null,"og_article_section":null,"og_article_tags":[],"twitter_use_og":false,"twitter_card":"default","twitter_image_type":"default","twitter_image_url":null,"twitter_image_custom_url":null,"twitter_image_custom_fields":null,"twitter_title":null,"twitter_description":null,"schema":{"blockGraphs":[],"customGraphs":[],"default":{"data":{"Article":[],"Course":[],"Dataset":[],"FAQPage":[],"Movie":[],"Person":[],"Product":[],"ProductReview":[],"Car":[],"Recipe":[],"Service":[],"SoftwareApplication":[],"WebPage":[]},"graphName":"BlogPosting","isEnabled":true},"graphs":[]},"schema_type":"default","schema_type_options":null,"pillar_content":false,"robots_default":true,"robots_noindex":false,"robots_noarchive":false,"robots_nosnippet":false,"robots_nofollow":false,"robots_noimageindex":false,"robots_noodp":false,"robots_notranslate":false,"robots_max_snippet":"-1","robots_max_videopreview":"-1","robots_max_imagepreview":"large","priority":null,"frequency":"default","local_seo":null,"seo_analyzer_scan_date":"2025-10-05 00:55:28","breadcrumb_settings":null,"limit_modified_date":false,"open_ai":"{\"title\":{\"suggestions\":[],\"usage\":0},\"description\":{\"suggestions\":[],\"usage\":0}}","ai":null,"created":"2023-04-02 03:51:47","updated":"2025-10-05 00:55:28"},"aioseo_breadcrumb":"<div class=\"aioseo-breadcrumbs\"><span class=\"aioseo-breadcrumb\">\n\t<a href=\"https:\/\/www.eldigitaldeasturias.com\/noticias\" title=\"Home\">Home<\/a>\n<\/span><span class=\"aioseo-breadcrumb-separator\">\u2013<\/span><span class=\"aioseo-breadcrumb\">\n\t<a href=\"https:\/\/www.eldigitaldeasturias.com\/noticias\/category\/negocios-y-empresas\/\" title=\"Negocios y Empresas\">Negocios y Empresas<\/a>\n<\/span><span class=\"aioseo-breadcrumb-separator\">\u2013<\/span><span class=\"aioseo-breadcrumb\">\n\t<a href=\"https:\/\/www.eldigitaldeasturias.com\/noticias\/acciona-y-nordex-se-alian-para-desarrollar-proyectos-de-hidrogeno-verde\/\" title=\"Acciona y Nordex se al\u00edan para desarrollar proyectos de hidr\u00f3geno verde\">Acciona y Nordex se al\u00edan para desarrollar proyectos de hidr\u00f3geno verde<\/a>\n<\/span><\/div>","aioseo_breadcrumb_json":[{"label":"Home","link":"https:\/\/www.eldigitaldeasturias.com\/noticias"},{"label":"Negocios y Empresas","link":"https:\/\/www.eldigitaldeasturias.com\/noticias\/category\/negocios-y-empresas\/"},{"label":"Acciona y Nordex se al\u00edan para desarrollar proyectos de hidr\u00f3geno verde","link":"https:\/\/www.eldigitaldeasturias.com\/noticias\/acciona-y-nordex-se-alian-para-desarrollar-proyectos-de-hidrogeno-verde\/"}],"_links":{"self":[{"href":"https:\/\/www.eldigitaldeasturias.com\/noticias\/wp-json\/wp\/v2\/posts\/1121744","targetHints":{"allow":["GET"]}}],"collection":[{"href":"https:\/\/www.eldigitaldeasturias.com\/noticias\/wp-json\/wp\/v2\/posts"}],"about":[{"href":"https:\/\/www.eldigitaldeasturias.com\/noticias\/wp-json\/wp\/v2\/types\/post"}],"author":[{"embeddable":true,"href":"https:\/\/www.eldigitaldeasturias.com\/noticias\/wp-json\/wp\/v2\/users\/1"}],"replies":[{"embeddable":true,"href":"https:\/\/www.eldigitaldeasturias.com\/noticias\/wp-json\/wp\/v2\/comments?post=1121744"}],"version-history":[{"count":0,"href":"https:\/\/www.eldigitaldeasturias.com\/noticias\/wp-json\/wp\/v2\/posts\/1121744\/revisions"}],"wp:featuredmedia":[{"embeddable":true,"href":"https:\/\/www.eldigitaldeasturias.com\/noticias\/wp-json\/wp\/v2\/media\/1121745"}],"wp:attachment":[{"href":"https:\/\/www.eldigitaldeasturias.com\/noticias\/wp-json\/wp\/v2\/media?parent=1121744"}],"wp:term":[{"taxonomy":"category","embeddable":true,"href":"https:\/\/www.eldigitaldeasturias.com\/noticias\/wp-json\/wp\/v2\/categories?post=1121744"},{"taxonomy":"post_tag","embeddable":true,"href":"https:\/\/www.eldigitaldeasturias.com\/noticias\/wp-json\/wp\/v2\/tags?post=1121744"}],"curies":[{"name":"wp","href":"https:\/\/api.w.org\/{rel}","templated":true}]}}