{"id":1121687,"date":"2023-04-01T06:52:49","date_gmt":"2023-04-01T04:52:49","guid":{"rendered":"https:\/\/www.eldigitaldeasturias.com\/noticias\/?p=1121687"},"modified":"2023-04-01T06:52:49","modified_gmt":"2023-04-01T04:52:49","slug":"incendios-en-asturias-barbon-se-ha-reunido-con-los-grupos-parlamentarios","status":"publish","type":"post","link":"https:\/\/www.eldigitaldeasturias.com\/noticias\/incendios-en-asturias-barbon-se-ha-reunido-con-los-grupos-parlamentarios\/","title":{"rendered":"Incendios en Asturias: Barb\u00f3n se ha reunido con los grupos parlamentarios"},"content":{"rendered":"<p>El presidente del <a href=\"https:\/\/www.eldigitaldeasturias.com\/noticias\/category\/actualidad-asturias\/\"><span style=\"color: #ff6600;\"><strong>Principado de Asturias<\/strong><\/span><\/a>, Adri\u00e1n Barb\u00f3n se ha reunido el viernes con los portavoces de todos los grupos parlamentarios para informarles sobre la evoluci\u00f3n de los <a href=\"https:\/\/candas365.es\/noticias\/gran-preocupacion-en-asturias-por-los-efectos-de-los-incendios\/\"><span style=\"color: #ff6600;\"><strong>incendios forestales<\/strong><\/span><\/a> en el Principado de Asturias.<\/p>\n<figure id=\"attachment_1121689\" aria-describedby=\"caption-attachment-1121689\" style=\"width: 650px\" class=\"wp-caption aligncenter\"><img loading=\"lazy\" decoding=\"async\" class=\"wp-image-1121689 size-large\" src=\"https:\/\/www.eldigitaldeasturias.com\/noticias\/wp-content\/uploads\/2023\/04\/Barbon-Asturias-650x404.jpg\" alt=\"Barb\u00f3n Asturias\" width=\"650\" height=\"404\" srcset=\"https:\/\/www.eldigitaldeasturias.com\/noticias\/wp-content\/uploads\/2023\/04\/Barbon-Asturias-650x404.jpg 650w, https:\/\/www.eldigitaldeasturias.com\/noticias\/wp-content\/uploads\/2023\/04\/Barbon-Asturias-360x224.jpg 360w, https:\/\/www.eldigitaldeasturias.com\/noticias\/wp-content\/uploads\/2023\/04\/Barbon-Asturias-480x298.jpg 480w, https:\/\/www.eldigitaldeasturias.com\/noticias\/wp-content\/uploads\/2023\/04\/Barbon-Asturias-768x477.jpg 768w, https:\/\/www.eldigitaldeasturias.com\/noticias\/wp-content\/uploads\/2023\/04\/Barbon-Asturias-150x93.jpg 150w, https:\/\/www.eldigitaldeasturias.com\/noticias\/wp-content\/uploads\/2023\/04\/Barbon-Asturias-450x279.jpg 450w, https:\/\/www.eldigitaldeasturias.com\/noticias\/wp-content\/uploads\/2023\/04\/Barbon-Asturias.jpg 1074w\" sizes=\"auto, (max-width: 650px) 100vw, 650px\" \/><figcaption id=\"caption-attachment-1121689\" class=\"wp-caption-text\">FOTO: PRENSA GOBIERNO DE ASTURIAS<\/figcaption><\/figure>\n","protected":false},"excerpt":{"rendered":"<p>El presidente del Principado de Asturias, Adri\u00e1n Barb\u00f3n se ha reunido el viernes con los portavoces de todos los grupos parlamentarios para informarles sobre la evoluci\u00f3n de los incendios forestales en el Principado de Asturias.<\/p>\n","protected":false},"author":1,"featured_media":1121689,"comment_status":"closed","ping_status":"closed","sticky":false,"template":"","format":"image","meta":{"footnotes":""},"categories":[141,946],"tags":[],"class_list":["post-1121687","post","type-post","status-publish","format-image","has-post-thumbnail","hentry","category-destacadas","category-fotos-asturias","post_format-post-format-image"],"aioseo_notices":[],"aioseo_head":"\n\t\t<!-- All in One SEO Pro 4.9.6.2 - aioseo.com -->\n\t<meta name=\"description\" content=\"El presidente del Principado de Asturias, Adri\u00e1n Barb\u00f3n se ha reunido el viernes con los portavoces de todos los grupos parlamentarios para informarles\" \/>\n\t<meta name=\"robots\" content=\"max-image-preview:large\" \/>\n\t<meta name=\"author\" content=\"El Digital de Asturias\"\/>\n\t<meta name=\"google-site-verification\" content=\"UA-38556648-1\" \/>\n\t<meta name=\"msvalidate.01\" content=\"7dfe9f3f1b24437ab69f4f2559babe99\" \/>\n\t<meta name=\"keywords\" content=\"destacadas,fotos asturias\" \/>\n\t<link rel=\"canonical\" href=\"https:\/\/www.eldigitaldeasturias.com\/noticias\/incendios-en-asturias-barbon-se-ha-reunido-con-los-grupos-parlamentarios\/\" \/>\n\t<meta name=\"generator\" content=\"All in One SEO Pro (AIOSEO) 4.9.6.2\" \/>\n\t\t<meta property=\"og:locale\" content=\"es_ES\" \/>\n\t\t<meta property=\"og:site_name\" content=\"El Digital de Asturias\" \/>\n\t\t<meta property=\"og:type\" content=\"article\" \/>\n\t\t<meta property=\"og:title\" content=\"Incendios en Asturias: Barb\u00f3n se ha reunido con los grupos parlamentarios - El Digital de Asturias\" \/>\n\t\t<meta property=\"og:description\" content=\"El presidente del Principado de Asturias, Adri\u00e1n Barb\u00f3n se ha reunido el viernes con los portavoces de todos los grupos parlamentarios para informarles\" \/>\n\t\t<meta property=\"og:url\" content=\"https:\/\/www.eldigitaldeasturias.com\/noticias\/incendios-en-asturias-barbon-se-ha-reunido-con-los-grupos-parlamentarios\/\" \/>\n\t\t<meta property=\"og:image\" content=\"https:\/\/www.eldigitaldeasturias.com\/noticias\/wp-content\/uploads\/2023\/04\/Barbon-Asturias.jpg\" \/>\n\t\t<meta property=\"og:image:secure_url\" content=\"https:\/\/www.eldigitaldeasturias.com\/noticias\/wp-content\/uploads\/2023\/04\/Barbon-Asturias.jpg\" \/>\n\t\t<meta property=\"og:image:width\" content=\"1074\" \/>\n\t\t<meta property=\"og:image:height\" content=\"667\" \/>\n\t\t<meta property=\"article:tag\" content=\"destacadas\" \/>\n\t\t<meta property=\"article:tag\" content=\"fotos asturias\" \/>\n\t\t<meta property=\"article:published_time\" content=\"2023-04-01T04:52:49+00:00\" \/>\n\t\t<meta property=\"article:modified_time\" content=\"2023-04-01T04:52:49+00:00\" \/>\n\t\t<meta property=\"article:publisher\" content=\"https:\/\/facebook.com\/eldigitaldeasturias\" \/>\n\t\t<meta name=\"twitter:card\" content=\"summary_large_image\" \/>\n\t\t<meta name=\"twitter:title\" content=\"Incendios en Asturias: Barb\u00f3n se ha reunido con los grupos parlamentarios - El Digital de Asturias\" \/>\n\t\t<meta name=\"twitter:description\" content=\"El presidente del Principado de Asturias, Adri\u00e1n Barb\u00f3n se ha reunido el viernes con los portavoces de todos los grupos parlamentarios para informarles\" \/>\n\t\t<meta name=\"twitter:image\" content=\"https:\/\/www.eldigitaldeasturias.com\/noticias\/wp-content\/uploads\/2023\/04\/Barbon-Asturias.jpg\" \/>\n\t\t<meta name=\"twitter:label1\" content=\"Escrito por\" \/>\n\t\t<meta name=\"twitter:data1\" content=\"El Digital de Asturias\" \/>\n\t\t<script type=\"application\/ld+json\" class=\"aioseo-schema\">\n\t\t\t{\"@context\":\"https:\\\/\\\/schema.org\",\"@graph\":[{\"@type\":\"BlogPosting\",\"@id\":\"https:\\\/\\\/www.eldigitaldeasturias.com\\\/noticias\\\/incendios-en-asturias-barbon-se-ha-reunido-con-los-grupos-parlamentarios\\\/#blogposting\",\"name\":\"Incendios en Asturias: Barb\\u00f3n se ha reunido con los grupos parlamentarios - El Digital de Asturias\",\"headline\":\"Incendios en Asturias: Barb\\u00f3n se ha reunido con los grupos parlamentarios\",\"author\":{\"@id\":\"https:\\\/\\\/www.eldigitaldeasturias.com\\\/noticias\\\/author\\\/admin\\\/#author\"},\"publisher\":{\"@id\":\"https:\\\/\\\/www.eldigitaldeasturias.com\\\/noticias\\\/#organization\"},\"image\":{\"@type\":\"ImageObject\",\"url\":\"https:\\\/\\\/www.eldigitaldeasturias.com\\\/noticias\\\/wp-content\\\/uploads\\\/2023\\\/04\\\/Barbon-Asturias.jpg\",\"width\":1074,\"height\":667,\"caption\":\"FOTO: PRENSA GOBIERNO DE ASTURIAS\"},\"datePublished\":\"2023-04-01T06:52:49+02:00\",\"dateModified\":\"2023-04-01T06:52:49+02:00\",\"inLanguage\":\"es-ES\",\"mainEntityOfPage\":{\"@id\":\"https:\\\/\\\/www.eldigitaldeasturias.com\\\/noticias\\\/incendios-en-asturias-barbon-se-ha-reunido-con-los-grupos-parlamentarios\\\/#webpage\"},\"isPartOf\":{\"@id\":\"https:\\\/\\\/www.eldigitaldeasturias.com\\\/noticias\\\/incendios-en-asturias-barbon-se-ha-reunido-con-los-grupos-parlamentarios\\\/#webpage\"},\"articleSection\":\"Destacadas, Fotos Asturias, Imagen\"},{\"@type\":\"BreadcrumbList\",\"@id\":\"https:\\\/\\\/www.eldigitaldeasturias.com\\\/noticias\\\/incendios-en-asturias-barbon-se-ha-reunido-con-los-grupos-parlamentarios\\\/#breadcrumblist\",\"itemListElement\":[{\"@type\":\"ListItem\",\"@id\":\"https:\\\/\\\/www.eldigitaldeasturias.com\\\/noticias#listItem\",\"position\":1,\"name\":\"Home\",\"item\":\"https:\\\/\\\/www.eldigitaldeasturias.com\\\/noticias\",\"nextItem\":{\"@type\":\"ListItem\",\"@id\":\"https:\\\/\\\/www.eldigitaldeasturias.com\\\/noticias\\\/category\\\/destacadas\\\/#listItem\",\"name\":\"Destacadas\"}},{\"@type\":\"ListItem\",\"@id\":\"https:\\\/\\\/www.eldigitaldeasturias.com\\\/noticias\\\/category\\\/destacadas\\\/#listItem\",\"position\":2,\"name\":\"Destacadas\",\"item\":\"https:\\\/\\\/www.eldigitaldeasturias.com\\\/noticias\\\/category\\\/destacadas\\\/\",\"nextItem\":{\"@type\":\"ListItem\",\"@id\":\"https:\\\/\\\/www.eldigitaldeasturias.com\\\/noticias\\\/incendios-en-asturias-barbon-se-ha-reunido-con-los-grupos-parlamentarios\\\/#listItem\",\"name\":\"Incendios en Asturias: Barb\\u00f3n se ha reunido con los grupos parlamentarios\"},\"previousItem\":{\"@type\":\"ListItem\",\"@id\":\"https:\\\/\\\/www.eldigitaldeasturias.com\\\/noticias#listItem\",\"name\":\"Home\"}},{\"@type\":\"ListItem\",\"@id\":\"https:\\\/\\\/www.eldigitaldeasturias.com\\\/noticias\\\/incendios-en-asturias-barbon-se-ha-reunido-con-los-grupos-parlamentarios\\\/#listItem\",\"position\":3,\"name\":\"Incendios en Asturias: Barb\\u00f3n se ha reunido con los grupos parlamentarios\",\"previousItem\":{\"@type\":\"ListItem\",\"@id\":\"https:\\\/\\\/www.eldigitaldeasturias.com\\\/noticias\\\/category\\\/destacadas\\\/#listItem\",\"name\":\"Destacadas\"}}]},{\"@type\":\"Organization\",\"@id\":\"https:\\\/\\\/www.eldigitaldeasturias.com\\\/noticias\\\/#organization\",\"name\":\"El Digital de Asturias\",\"description\":\"Hemeroteca\",\"url\":\"https:\\\/\\\/www.eldigitaldeasturias.com\\\/noticias\\\/\",\"email\":\"info@eldigitaldeasturias.com\",\"telephone\":\"+34652131393\",\"logo\":{\"@type\":\"ImageObject\",\"url\":\"https:\\\/\\\/www.eldigitaldeasturias.com\\\/noticias\\\/wp-content\\\/uploads\\\/2020\\\/12\\\/EDA.jpg\",\"@id\":\"https:\\\/\\\/www.eldigitaldeasturias.com\\\/noticias\\\/incendios-en-asturias-barbon-se-ha-reunido-con-los-grupos-parlamentarios\\\/#organizationLogo\",\"width\":649,\"height\":297},\"image\":{\"@id\":\"https:\\\/\\\/www.eldigitaldeasturias.com\\\/noticias\\\/incendios-en-asturias-barbon-se-ha-reunido-con-los-grupos-parlamentarios\\\/#organizationLogo\"},\"sameAs\":[\"https:\\\/\\\/facebook.com\\\/eldigitaldeasturias\",\"https:\\\/\\\/www.youtube.com\\\/channel\\\/UCZP-2wLEB9Rv6erhFmqVnvg\"],\"address\":{\"@id\":\"https:\\\/\\\/www.eldigitaldeasturias.com\\\/noticias\\\/#postaladdress\",\"@type\":\"PostalAddress\",\"streetAddress\":\"san antonio 4,\",\"postalCode\":\"33430\",\"addressLocality\":\"Cand\\u00e1s\",\"addressRegion\":\"Asturias\",\"addressCountry\":\"ES\"}},{\"@type\":\"Person\",\"@id\":\"https:\\\/\\\/www.eldigitaldeasturias.com\\\/noticias\\\/author\\\/admin\\\/#author\",\"url\":\"https:\\\/\\\/www.eldigitaldeasturias.com\\\/noticias\\\/author\\\/admin\\\/\",\"name\":\"El Digital de Asturias\",\"image\":{\"@type\":\"ImageObject\",\"@id\":\"https:\\\/\\\/www.eldigitaldeasturias.com\\\/noticias\\\/incendios-en-asturias-barbon-se-ha-reunido-con-los-grupos-parlamentarios\\\/#authorImage\",\"url\":\"https:\\\/\\\/www.eldigitaldeasturias.com\\\/noticias\\\/wp-content\\\/litespeed\\\/avatar\\\/18677e78aa0546b92d9dbf31ec7d7668.jpg?ver=1777290358\",\"width\":96,\"height\":96,\"caption\":\"El Digital de Asturias\"}},{\"@type\":\"WebPage\",\"@id\":\"https:\\\/\\\/www.eldigitaldeasturias.com\\\/noticias\\\/incendios-en-asturias-barbon-se-ha-reunido-con-los-grupos-parlamentarios\\\/#webpage\",\"url\":\"https:\\\/\\\/www.eldigitaldeasturias.com\\\/noticias\\\/incendios-en-asturias-barbon-se-ha-reunido-con-los-grupos-parlamentarios\\\/\",\"name\":\"Incendios en Asturias: Barb\\u00f3n se ha reunido con los grupos parlamentarios - El Digital de Asturias\",\"description\":\"El presidente del Principado de Asturias, Adri\\u00e1n Barb\\u00f3n se ha reunido el viernes con los portavoces de todos los grupos parlamentarios para informarles\",\"inLanguage\":\"es-ES\",\"isPartOf\":{\"@id\":\"https:\\\/\\\/www.eldigitaldeasturias.com\\\/noticias\\\/#website\"},\"breadcrumb\":{\"@id\":\"https:\\\/\\\/www.eldigitaldeasturias.com\\\/noticias\\\/incendios-en-asturias-barbon-se-ha-reunido-con-los-grupos-parlamentarios\\\/#breadcrumblist\"},\"author\":{\"@id\":\"https:\\\/\\\/www.eldigitaldeasturias.com\\\/noticias\\\/author\\\/admin\\\/#author\"},\"creator\":{\"@id\":\"https:\\\/\\\/www.eldigitaldeasturias.com\\\/noticias\\\/author\\\/admin\\\/#author\"},\"image\":{\"@type\":\"ImageObject\",\"url\":\"https:\\\/\\\/www.eldigitaldeasturias.com\\\/noticias\\\/wp-content\\\/uploads\\\/2023\\\/04\\\/Barbon-Asturias.jpg\",\"@id\":\"https:\\\/\\\/www.eldigitaldeasturias.com\\\/noticias\\\/incendios-en-asturias-barbon-se-ha-reunido-con-los-grupos-parlamentarios\\\/#mainImage\",\"width\":1074,\"height\":667,\"caption\":\"FOTO: PRENSA GOBIERNO DE ASTURIAS\"},\"primaryImageOfPage\":{\"@id\":\"https:\\\/\\\/www.eldigitaldeasturias.com\\\/noticias\\\/incendios-en-asturias-barbon-se-ha-reunido-con-los-grupos-parlamentarios\\\/#mainImage\"},\"datePublished\":\"2023-04-01T06:52:49+02:00\",\"dateModified\":\"2023-04-01T06:52:49+02:00\"},{\"@type\":\"WebSite\",\"@id\":\"https:\\\/\\\/www.eldigitaldeasturias.com\\\/noticias\\\/#website\",\"url\":\"https:\\\/\\\/www.eldigitaldeasturias.com\\\/noticias\\\/\",\"name\":\"El Digital de Asturias - Diario de actualidad y noticias\",\"alternateName\":\"El Digital de Asturias - Diario de actualidad y noticias\",\"description\":\"Hemeroteca\",\"inLanguage\":\"es-ES\",\"publisher\":{\"@id\":\"https:\\\/\\\/www.eldigitaldeasturias.com\\\/noticias\\\/#organization\"}}]}\n\t\t<\/script>\n\t\t<!-- All in One SEO Pro -->\r\n\t\t<title>Incendios en Asturias: Barb\u00f3n se ha reunido con los grupos parlamentarios - El Digital de Asturias<\/title>\n\n","aioseo_head_json":{"title":"Incendios en Asturias: Barb\u00f3n se ha reunido con los grupos parlamentarios - El Digital de Asturias","description":"El presidente del Principado de Asturias, Adri\u00e1n Barb\u00f3n se ha reunido el viernes con los portavoces de todos los grupos parlamentarios para informarles","canonical_url":"https:\/\/www.eldigitaldeasturias.com\/noticias\/incendios-en-asturias-barbon-se-ha-reunido-con-los-grupos-parlamentarios\/","robots":"max-image-preview:large","keywords":"destacadas,fotos asturias","webmasterTools":{"google-site-verification":"UA-38556648-1","msvalidate.01":"7dfe9f3f1b24437ab69f4f2559babe99","miscellaneous":""},"schema":{"@context":"https:\/\/schema.org","@graph":[{"@type":"BlogPosting","@id":"https:\/\/www.eldigitaldeasturias.com\/noticias\/incendios-en-asturias-barbon-se-ha-reunido-con-los-grupos-parlamentarios\/#blogposting","name":"Incendios en Asturias: Barb\u00f3n se ha reunido con los grupos parlamentarios - El Digital de Asturias","headline":"Incendios en Asturias: Barb\u00f3n se ha reunido con los grupos parlamentarios","author":{"@id":"https:\/\/www.eldigitaldeasturias.com\/noticias\/author\/admin\/#author"},"publisher":{"@id":"https:\/\/www.eldigitaldeasturias.com\/noticias\/#organization"},"image":{"@type":"ImageObject","url":"https:\/\/www.eldigitaldeasturias.com\/noticias\/wp-content\/uploads\/2023\/04\/Barbon-Asturias.jpg","width":1074,"height":667,"caption":"FOTO: PRENSA GOBIERNO DE ASTURIAS"},"datePublished":"2023-04-01T06:52:49+02:00","dateModified":"2023-04-01T06:52:49+02:00","inLanguage":"es-ES","mainEntityOfPage":{"@id":"https:\/\/www.eldigitaldeasturias.com\/noticias\/incendios-en-asturias-barbon-se-ha-reunido-con-los-grupos-parlamentarios\/#webpage"},"isPartOf":{"@id":"https:\/\/www.eldigitaldeasturias.com\/noticias\/incendios-en-asturias-barbon-se-ha-reunido-con-los-grupos-parlamentarios\/#webpage"},"articleSection":"Destacadas, Fotos Asturias, Imagen"},{"@type":"BreadcrumbList","@id":"https:\/\/www.eldigitaldeasturias.com\/noticias\/incendios-en-asturias-barbon-se-ha-reunido-con-los-grupos-parlamentarios\/#breadcrumblist","itemListElement":[{"@type":"ListItem","@id":"https:\/\/www.eldigitaldeasturias.com\/noticias#listItem","position":1,"name":"Home","item":"https:\/\/www.eldigitaldeasturias.com\/noticias","nextItem":{"@type":"ListItem","@id":"https:\/\/www.eldigitaldeasturias.com\/noticias\/category\/destacadas\/#listItem","name":"Destacadas"}},{"@type":"ListItem","@id":"https:\/\/www.eldigitaldeasturias.com\/noticias\/category\/destacadas\/#listItem","position":2,"name":"Destacadas","item":"https:\/\/www.eldigitaldeasturias.com\/noticias\/category\/destacadas\/","nextItem":{"@type":"ListItem","@id":"https:\/\/www.eldigitaldeasturias.com\/noticias\/incendios-en-asturias-barbon-se-ha-reunido-con-los-grupos-parlamentarios\/#listItem","name":"Incendios en Asturias: Barb\u00f3n se ha reunido con los grupos parlamentarios"},"previousItem":{"@type":"ListItem","@id":"https:\/\/www.eldigitaldeasturias.com\/noticias#listItem","name":"Home"}},{"@type":"ListItem","@id":"https:\/\/www.eldigitaldeasturias.com\/noticias\/incendios-en-asturias-barbon-se-ha-reunido-con-los-grupos-parlamentarios\/#listItem","position":3,"name":"Incendios en Asturias: Barb\u00f3n se ha reunido con los grupos parlamentarios","previousItem":{"@type":"ListItem","@id":"https:\/\/www.eldigitaldeasturias.com\/noticias\/category\/destacadas\/#listItem","name":"Destacadas"}}]},{"@type":"Organization","@id":"https:\/\/www.eldigitaldeasturias.com\/noticias\/#organization","name":"El Digital de Asturias","description":"Hemeroteca","url":"https:\/\/www.eldigitaldeasturias.com\/noticias\/","email":"info@eldigitaldeasturias.com","telephone":"+34652131393","logo":{"@type":"ImageObject","url":"https:\/\/www.eldigitaldeasturias.com\/noticias\/wp-content\/uploads\/2020\/12\/EDA.jpg","@id":"https:\/\/www.eldigitaldeasturias.com\/noticias\/incendios-en-asturias-barbon-se-ha-reunido-con-los-grupos-parlamentarios\/#organizationLogo","width":649,"height":297},"image":{"@id":"https:\/\/www.eldigitaldeasturias.com\/noticias\/incendios-en-asturias-barbon-se-ha-reunido-con-los-grupos-parlamentarios\/#organizationLogo"},"sameAs":["https:\/\/facebook.com\/eldigitaldeasturias","https:\/\/www.youtube.com\/channel\/UCZP-2wLEB9Rv6erhFmqVnvg"],"address":{"@id":"https:\/\/www.eldigitaldeasturias.com\/noticias\/#postaladdress","@type":"PostalAddress","streetAddress":"san antonio 4,","postalCode":"33430","addressLocality":"Cand\u00e1s","addressRegion":"Asturias","addressCountry":"ES"}},{"@type":"Person","@id":"https:\/\/www.eldigitaldeasturias.com\/noticias\/author\/admin\/#author","url":"https:\/\/www.eldigitaldeasturias.com\/noticias\/author\/admin\/","name":"El Digital de Asturias","image":{"@type":"ImageObject","@id":"https:\/\/www.eldigitaldeasturias.com\/noticias\/incendios-en-asturias-barbon-se-ha-reunido-con-los-grupos-parlamentarios\/#authorImage","url":"https:\/\/www.eldigitaldeasturias.com\/noticias\/wp-content\/litespeed\/avatar\/18677e78aa0546b92d9dbf31ec7d7668.jpg?ver=1777290358","width":96,"height":96,"caption":"El Digital de Asturias"}},{"@type":"WebPage","@id":"https:\/\/www.eldigitaldeasturias.com\/noticias\/incendios-en-asturias-barbon-se-ha-reunido-con-los-grupos-parlamentarios\/#webpage","url":"https:\/\/www.eldigitaldeasturias.com\/noticias\/incendios-en-asturias-barbon-se-ha-reunido-con-los-grupos-parlamentarios\/","name":"Incendios en Asturias: Barb\u00f3n se ha reunido con los grupos parlamentarios - El Digital de Asturias","description":"El presidente del Principado de Asturias, Adri\u00e1n Barb\u00f3n se ha reunido el viernes con los portavoces de todos los grupos parlamentarios para informarles","inLanguage":"es-ES","isPartOf":{"@id":"https:\/\/www.eldigitaldeasturias.com\/noticias\/#website"},"breadcrumb":{"@id":"https:\/\/www.eldigitaldeasturias.com\/noticias\/incendios-en-asturias-barbon-se-ha-reunido-con-los-grupos-parlamentarios\/#breadcrumblist"},"author":{"@id":"https:\/\/www.eldigitaldeasturias.com\/noticias\/author\/admin\/#author"},"creator":{"@id":"https:\/\/www.eldigitaldeasturias.com\/noticias\/author\/admin\/#author"},"image":{"@type":"ImageObject","url":"https:\/\/www.eldigitaldeasturias.com\/noticias\/wp-content\/uploads\/2023\/04\/Barbon-Asturias.jpg","@id":"https:\/\/www.eldigitaldeasturias.com\/noticias\/incendios-en-asturias-barbon-se-ha-reunido-con-los-grupos-parlamentarios\/#mainImage","width":1074,"height":667,"caption":"FOTO: PRENSA GOBIERNO DE ASTURIAS"},"primaryImageOfPage":{"@id":"https:\/\/www.eldigitaldeasturias.com\/noticias\/incendios-en-asturias-barbon-se-ha-reunido-con-los-grupos-parlamentarios\/#mainImage"},"datePublished":"2023-04-01T06:52:49+02:00","dateModified":"2023-04-01T06:52:49+02:00"},{"@type":"WebSite","@id":"https:\/\/www.eldigitaldeasturias.com\/noticias\/#website","url":"https:\/\/www.eldigitaldeasturias.com\/noticias\/","name":"El Digital de Asturias - Diario de actualidad y noticias","alternateName":"El Digital de Asturias - Diario de actualidad y noticias","description":"Hemeroteca","inLanguage":"es-ES","publisher":{"@id":"https:\/\/www.eldigitaldeasturias.com\/noticias\/#organization"}}]},"og:locale":"es_ES","og:site_name":"El Digital de Asturias","og:type":"article","og:title":"Incendios en Asturias: Barb\u00f3n se ha reunido con los grupos parlamentarios - El Digital de Asturias","og:description":"El presidente del Principado de Asturias, Adri\u00e1n Barb\u00f3n se ha reunido el viernes con los portavoces de todos los grupos parlamentarios para informarles","og:url":"https:\/\/www.eldigitaldeasturias.com\/noticias\/incendios-en-asturias-barbon-se-ha-reunido-con-los-grupos-parlamentarios\/","og:image":"https:\/\/www.eldigitaldeasturias.com\/noticias\/wp-content\/uploads\/2023\/04\/Barbon-Asturias.jpg","og:image:secure_url":"https:\/\/www.eldigitaldeasturias.com\/noticias\/wp-content\/uploads\/2023\/04\/Barbon-Asturias.jpg","og:image:width":1074,"og:image:height":667,"article:tag":["destacadas","fotos asturias"],"article:published_time":"2023-04-01T04:52:49+00:00","article:modified_time":"2023-04-01T04:52:49+00:00","article:publisher":"https:\/\/facebook.com\/eldigitaldeasturias","twitter:card":"summary_large_image","twitter:title":"Incendios en Asturias: Barb\u00f3n se ha reunido con los grupos parlamentarios - El Digital de Asturias","twitter:description":"El presidente del Principado de Asturias, Adri\u00e1n Barb\u00f3n se ha reunido el viernes con los portavoces de todos los grupos parlamentarios para informarles","twitter:image":"https:\/\/www.eldigitaldeasturias.com\/noticias\/wp-content\/uploads\/2023\/04\/Barbon-Asturias.jpg","twitter:label1":"Escrito por","twitter:data1":"El Digital de Asturias"},"aioseo_meta_data":{"post_id":"1121687","title":null,"description":"El presidente del Principado de Asturias, Adri\u00e1n Barb\u00f3n se ha reunido el viernes con los portavoces de todos los grupos parlamentarios para informarles","keywords":[],"keyphrases":{"focus":{"keyphrase":"Barb\u00f3n","score":92,"analysis":{"keyphraseInTitle":{"score":9,"maxScore":9,"error":0},"keyphraseInDescription":{"score":9,"maxScore":9,"error":0},"keyphraseLength":{"score":9,"maxScore":9,"error":0,"length":1},"keyphraseInURL":{"score":1,"maxScore":5,"error":1},"keyphraseInIntroduction":{"score":9,"maxScore":9,"error":0},"keyphraseInSubHeadings":[],"keyphraseInImageAlt":{"score":9,"maxScore":9,"error":0}}},"additional":[{"keyphrase":"Asturias","score":100,"analysis":{"keyphraseInDescription":{"score":9,"maxScore":9,"error":0},"keyphraseLength":{"score":9,"maxScore":9,"error":0,"length":1},"keyphraseInIntroduction":{"score":9,"maxScore":9,"error":0},"keyphraseInImageAlt":{"score":9,"maxScore":9,"error":0}}}]},"primary_term":null,"canonical_url":null,"og_title":null,"og_description":null,"og_object_type":"default","og_image_type":"default","og_image_url":null,"og_image_width":null,"og_image_height":null,"og_image_custom_url":null,"og_image_custom_fields":null,"og_video":"","og_custom_url":null,"og_article_section":null,"og_article_tags":[],"twitter_use_og":false,"twitter_card":"default","twitter_image_type":"default","twitter_image_url":null,"twitter_image_custom_url":null,"twitter_image_custom_fields":null,"twitter_title":null,"twitter_description":null,"schema":{"blockGraphs":[],"customGraphs":[],"default":{"data":{"Article":[],"Course":[],"Dataset":[],"FAQPage":[],"Movie":[],"Person":[],"Product":[],"ProductReview":[],"Car":[],"Recipe":[],"Service":[],"SoftwareApplication":[],"WebPage":[]},"graphName":"BlogPosting","isEnabled":true},"graphs":[]},"schema_type":"default","schema_type_options":null,"pillar_content":false,"robots_default":true,"robots_noindex":false,"robots_noarchive":false,"robots_nosnippet":false,"robots_nofollow":false,"robots_noimageindex":false,"robots_noodp":false,"robots_notranslate":false,"robots_max_snippet":"-1","robots_max_videopreview":"-1","robots_max_imagepreview":"large","priority":null,"frequency":"default","local_seo":null,"seo_analyzer_scan_date":"2025-10-05 00:43:44","breadcrumb_settings":null,"limit_modified_date":false,"open_ai":"{\"title\":{\"suggestions\":[],\"usage\":0},\"description\":{\"suggestions\":[],\"usage\":0}}","ai":null,"created":"2023-04-01 04:46:16","updated":"2025-10-05 00:43:44"},"aioseo_breadcrumb":"<div class=\"aioseo-breadcrumbs\"><span class=\"aioseo-breadcrumb\">\n\t<a href=\"https:\/\/www.eldigitaldeasturias.com\/noticias\" title=\"Home\">Home<\/a>\n<\/span><span class=\"aioseo-breadcrumb-separator\">\u2013<\/span><span class=\"aioseo-breadcrumb\">\n\t<a href=\"https:\/\/www.eldigitaldeasturias.com\/noticias\/category\/destacadas\/\" title=\"Destacadas\">Destacadas<\/a>\n<\/span><span class=\"aioseo-breadcrumb-separator\">\u2013<\/span><span class=\"aioseo-breadcrumb\">\n\t<a href=\"https:\/\/www.eldigitaldeasturias.com\/noticias\/incendios-en-asturias-barbon-se-ha-reunido-con-los-grupos-parlamentarios\/\" title=\"Incendios en Asturias: Barb\u00f3n se ha reunido con los grupos parlamentarios\">Incendios en Asturias: Barb\u00f3n se ha reunido con los grupos parlamentarios<\/a>\n<\/span><\/div>","aioseo_breadcrumb_json":[{"label":"Home","link":"https:\/\/www.eldigitaldeasturias.com\/noticias"},{"label":"Destacadas","link":"https:\/\/www.eldigitaldeasturias.com\/noticias\/category\/destacadas\/"},{"label":"Incendios en Asturias: Barb\u00f3n se ha reunido con los grupos parlamentarios","link":"https:\/\/www.eldigitaldeasturias.com\/noticias\/incendios-en-asturias-barbon-se-ha-reunido-con-los-grupos-parlamentarios\/"}],"_links":{"self":[{"href":"https:\/\/www.eldigitaldeasturias.com\/noticias\/wp-json\/wp\/v2\/posts\/1121687","targetHints":{"allow":["GET"]}}],"collection":[{"href":"https:\/\/www.eldigitaldeasturias.com\/noticias\/wp-json\/wp\/v2\/posts"}],"about":[{"href":"https:\/\/www.eldigitaldeasturias.com\/noticias\/wp-json\/wp\/v2\/types\/post"}],"author":[{"embeddable":true,"href":"https:\/\/www.eldigitaldeasturias.com\/noticias\/wp-json\/wp\/v2\/users\/1"}],"replies":[{"embeddable":true,"href":"https:\/\/www.eldigitaldeasturias.com\/noticias\/wp-json\/wp\/v2\/comments?post=1121687"}],"version-history":[{"count":0,"href":"https:\/\/www.eldigitaldeasturias.com\/noticias\/wp-json\/wp\/v2\/posts\/1121687\/revisions"}],"wp:featuredmedia":[{"embeddable":true,"href":"https:\/\/www.eldigitaldeasturias.com\/noticias\/wp-json\/wp\/v2\/media\/1121689"}],"wp:attachment":[{"href":"https:\/\/www.eldigitaldeasturias.com\/noticias\/wp-json\/wp\/v2\/media?parent=1121687"}],"wp:term":[{"taxonomy":"category","embeddable":true,"href":"https:\/\/www.eldigitaldeasturias.com\/noticias\/wp-json\/wp\/v2\/categories?post=1121687"},{"taxonomy":"post_tag","embeddable":true,"href":"https:\/\/www.eldigitaldeasturias.com\/noticias\/wp-json\/wp\/v2\/tags?post=1121687"}],"curies":[{"name":"wp","href":"https:\/\/api.w.org\/{rel}","templated":true}]}}