{"id":1121589,"date":"2023-03-31T17:53:41","date_gmt":"2023-03-31T15:53:41","guid":{"rendered":"https:\/\/www.eldigitaldeasturias.com\/noticias\/?p=1121589"},"modified":"2023-03-31T17:53:41","modified_gmt":"2023-03-31T15:53:41","slug":"confecciones-oroel-premio-cepyme-de-economia-circular-2022","status":"publish","type":"post","link":"https:\/\/www.eldigitaldeasturias.com\/noticias\/confecciones-oroel-premio-cepyme-de-economia-circular-2022\/","title":{"rendered":"Confecciones OROEL premio CEPYME de Econom\u00eda Circular 2022"},"content":{"rendered":"<p><img loading=\"lazy\" decoding=\"async\" class=\"alignleft size-medium wp-image-1121590\" src=\"https:\/\/www.eldigitaldeasturias.com\/noticias\/wp-content\/uploads\/2023\/03\/Oroel-Cepyme-Economia-circular-IP-240x320.jpg\" alt=\"Oroel - Cepyme Economia circular - IP\" width=\"240\" height=\"320\" srcset=\"https:\/\/www.eldigitaldeasturias.com\/noticias\/wp-content\/uploads\/2023\/03\/Oroel-Cepyme-Economia-circular-IP-240x320.jpg 240w, https:\/\/www.eldigitaldeasturias.com\/noticias\/wp-content\/uploads\/2023\/03\/Oroel-Cepyme-Economia-circular-IP-360x480.jpg 360w, https:\/\/www.eldigitaldeasturias.com\/noticias\/wp-content\/uploads\/2023\/03\/Oroel-Cepyme-Economia-circular-IP-225x300.jpg 225w, https:\/\/www.eldigitaldeasturias.com\/noticias\/wp-content\/uploads\/2023\/03\/Oroel-Cepyme-Economia-circular-IP-768x1024.jpg 768w, https:\/\/www.eldigitaldeasturias.com\/noticias\/wp-content\/uploads\/2023\/03\/Oroel-Cepyme-Economia-circular-IP-1152x1536.jpg 1152w, https:\/\/www.eldigitaldeasturias.com\/noticias\/wp-content\/uploads\/2023\/03\/Oroel-Cepyme-Economia-circular-IP-150x200.jpg 150w, https:\/\/www.eldigitaldeasturias.com\/noticias\/wp-content\/uploads\/2023\/03\/Oroel-Cepyme-Economia-circular-IP-450x600.jpg 450w, https:\/\/www.eldigitaldeasturias.com\/noticias\/wp-content\/uploads\/2023\/03\/Oroel-Cepyme-Economia-circular-IP.jpg 1200w\" sizes=\"auto, (max-width: 240px) 100vw, 240px\" \/>La Confederaci\u00f3n Espa\u00f1ola de la Peque\u00f1a y Mediana Empresa (CEPYME) ha distinguido a Confecciones <strong><span style=\"color: #ff6600;\"><a style=\"color: #ff6600;\" href=\"http:\/\/www.oroel.com\" target=\"_blank\" rel=\"noopener\">OROEL<\/a><\/span><\/strong> con el premio PYME Econom\u00eda Circular 2022 por dise\u00f1ar y llevar a cabo su proyecto ECOROEL. En la gala de los IX Premios CEPYME, que ha tenido lugar esta ma\u00f1ana en Madrid, Luis del Corral, presidente del Grupo Oroel, ha sido el encargado de recoger el premio a Pyme Econom\u00eda Circular entregado por la confederaci\u00f3n.<\/p>\n<p>&nbsp;<\/p>\n<p>\u201cTodo esfuerzo lleva su recompensa y hoy hemos sido distinguidos con honores\u201d, ha explicado del Corral, tras la ovaci\u00f3n. \u201cDesde que el proyecto ECOROEL comenz\u00f3 a andar, nos hemos visto muy arropados tanto por instituciones como por asociaciones patronales de Arag\u00f3n, que han estado a nuestro lado para apoyar este proyecto revolucionario. Hemos logrado hacer algo que hasta ahora no hab\u00eda sido posible\u201d, ha a\u00f1adido. No en vano, Confecciones OROEL ha sido la \u00fanica empresa aragonesa que ha llegado a ser finalista en la presente edici\u00f3n de los premios.<\/p>\n<p>Confecciones OROEL, dedicada al dise\u00f1o, fabricaci\u00f3n y comercializaci\u00f3n de vestuario de protecci\u00f3n funcional, comenz\u00f3 su compromiso con la econom\u00eda circular en 2018, cuando se decidi\u00f3 embarcar en el proyecto ECOROEL. De caracter\u00edsticas \u00fanicas en Europa, en ECOROEL han conseguido recuperar y reutilizar las fibras aramidas y modacr\u00edlicas para elaborar tejidos para nuevas prendas t\u00e9cnicas de protecci\u00f3n individual, otorg\u00e1ndoles una segunda vida a aquellas prendas que otrora se desechaban a la basura.<\/p>\n<p>En la categor\u00eda de PYME Econom\u00eda Circular, reconocimiento que se entrega por primera vez en la historia, tambi\u00e9n estaban presentes como finalistas las empresas ABN Pipe Systems, SLU (Valladolid) y Algaenergy SA (Madrid). El galard\u00f3n pone en valor la contribuci\u00f3n de proyectos que peque\u00f1as y medianas empresas realizan para conseguir un presente y futuro m\u00e1s sostenible.<\/p>\n","protected":false},"excerpt":{"rendered":"<p>La Confederaci\u00f3n Espa\u00f1ola de la Peque\u00f1a y Mediana Empresa (CEPYME) ha distinguido a Confecciones OROEL con el premio PYME Econom\u00eda Circular 2022 por dise\u00f1ar y llevar a cabo su proyecto ECOROEL. En la gala de los IX Premios CEPYME, que ha tenido lugar esta ma\u00f1ana en Madrid, Luis del Corral, presidente del Grupo Oroel, ha [&hellip;]<\/p>\n","protected":false},"author":1,"featured_media":1121590,"comment_status":"closed","ping_status":"closed","sticky":false,"template":"","format":"standard","meta":{"footnotes":""},"categories":[219],"tags":[],"class_list":["post-1121589","post","type-post","status-publish","format-standard","has-post-thumbnail","hentry","category-negocios-y-empresas"],"aioseo_notices":[],"aioseo_head":"\n\t\t<!-- All in One SEO Pro 4.9.6.2 - aioseo.com -->\n\t<meta name=\"description\" content=\"La Confederaci\u00f3n Espa\u00f1ola de la Peque\u00f1a y Mediana Empresa (CEPYME) ha distinguido a Confecciones OROEL con el premio PYME Econom\u00eda Circular 2022\" \/>\n\t<meta name=\"robots\" content=\"max-image-preview:large\" \/>\n\t<meta name=\"author\" content=\"El Digital de Asturias\"\/>\n\t<meta name=\"google-site-verification\" content=\"UA-38556648-1\" \/>\n\t<meta name=\"msvalidate.01\" content=\"7dfe9f3f1b24437ab69f4f2559babe99\" \/>\n\t<meta name=\"keywords\" content=\"negocios y empresas\" \/>\n\t<link rel=\"canonical\" href=\"https:\/\/www.eldigitaldeasturias.com\/noticias\/confecciones-oroel-premio-cepyme-de-economia-circular-2022\/\" \/>\n\t<meta name=\"generator\" content=\"All in One SEO Pro (AIOSEO) 4.9.6.2\" \/>\n\t\t<meta property=\"og:locale\" content=\"es_ES\" \/>\n\t\t<meta property=\"og:site_name\" content=\"El Digital de Asturias\" \/>\n\t\t<meta property=\"og:type\" content=\"article\" \/>\n\t\t<meta property=\"og:title\" content=\"Confecciones OROEL premio CEPYME de Econom\u00eda Circular 2022 - El Digital de Asturias\" \/>\n\t\t<meta property=\"og:description\" content=\"La Confederaci\u00f3n Espa\u00f1ola de la Peque\u00f1a y Mediana Empresa (CEPYME) ha distinguido a Confecciones OROEL con el premio PYME Econom\u00eda Circular 2022\" \/>\n\t\t<meta property=\"og:url\" content=\"https:\/\/www.eldigitaldeasturias.com\/noticias\/confecciones-oroel-premio-cepyme-de-economia-circular-2022\/\" \/>\n\t\t<meta property=\"og:image\" content=\"https:\/\/www.eldigitaldeasturias.com\/noticias\/wp-content\/uploads\/2023\/03\/Oroel-Cepyme-Economia-circular-IP.jpg\" \/>\n\t\t<meta property=\"og:image:secure_url\" content=\"https:\/\/www.eldigitaldeasturias.com\/noticias\/wp-content\/uploads\/2023\/03\/Oroel-Cepyme-Economia-circular-IP.jpg\" \/>\n\t\t<meta property=\"og:image:width\" content=\"1200\" \/>\n\t\t<meta property=\"og:image:height\" content=\"1600\" \/>\n\t\t<meta property=\"article:tag\" content=\"negocios y empresas\" \/>\n\t\t<meta property=\"article:published_time\" content=\"2023-03-31T15:53:41+00:00\" \/>\n\t\t<meta property=\"article:modified_time\" content=\"2023-03-31T15:53:41+00:00\" \/>\n\t\t<meta property=\"article:publisher\" content=\"https:\/\/facebook.com\/eldigitaldeasturias\" \/>\n\t\t<meta name=\"twitter:card\" content=\"summary_large_image\" \/>\n\t\t<meta name=\"twitter:title\" content=\"Confecciones OROEL premio CEPYME de Econom\u00eda Circular 2022 - El Digital de Asturias\" \/>\n\t\t<meta name=\"twitter:description\" content=\"La Confederaci\u00f3n Espa\u00f1ola de la Peque\u00f1a y Mediana Empresa (CEPYME) ha distinguido a Confecciones OROEL con el premio PYME Econom\u00eda Circular 2022\" \/>\n\t\t<meta name=\"twitter:image\" content=\"https:\/\/www.eldigitaldeasturias.com\/noticias\/wp-content\/uploads\/2023\/03\/Oroel-Cepyme-Economia-circular-IP.jpg\" \/>\n\t\t<meta name=\"twitter:label1\" content=\"Escrito por\" \/>\n\t\t<meta name=\"twitter:data1\" content=\"El Digital de Asturias\" \/>\n\t\t<meta name=\"twitter:label2\" content=\"Tiempo de lectura estimado\" \/>\n\t\t<meta name=\"twitter:data2\" content=\"2 minutos\" \/>\n\t\t<script type=\"application\/ld+json\" class=\"aioseo-schema\">\n\t\t\t{\"@context\":\"https:\\\/\\\/schema.org\",\"@graph\":[{\"@type\":\"BlogPosting\",\"@id\":\"https:\\\/\\\/www.eldigitaldeasturias.com\\\/noticias\\\/confecciones-oroel-premio-cepyme-de-economia-circular-2022\\\/#blogposting\",\"name\":\"Confecciones OROEL premio CEPYME de Econom\\u00eda Circular 2022 - El Digital de Asturias\",\"headline\":\"Confecciones OROEL premio CEPYME de Econom\\u00eda Circular 2022\",\"author\":{\"@id\":\"https:\\\/\\\/www.eldigitaldeasturias.com\\\/noticias\\\/author\\\/admin\\\/#author\"},\"publisher\":{\"@id\":\"https:\\\/\\\/www.eldigitaldeasturias.com\\\/noticias\\\/#organization\"},\"image\":{\"@type\":\"ImageObject\",\"url\":\"https:\\\/\\\/www.eldigitaldeasturias.com\\\/noticias\\\/wp-content\\\/uploads\\\/2023\\\/03\\\/Oroel-Cepyme-Economia-circular-IP.jpg\",\"width\":1200,\"height\":1600,\"caption\":\"Oroel - Cepyme Economia circular - IP\"},\"datePublished\":\"2023-03-31T17:53:41+02:00\",\"dateModified\":\"2023-03-31T17:53:41+02:00\",\"inLanguage\":\"es-ES\",\"mainEntityOfPage\":{\"@id\":\"https:\\\/\\\/www.eldigitaldeasturias.com\\\/noticias\\\/confecciones-oroel-premio-cepyme-de-economia-circular-2022\\\/#webpage\"},\"isPartOf\":{\"@id\":\"https:\\\/\\\/www.eldigitaldeasturias.com\\\/noticias\\\/confecciones-oroel-premio-cepyme-de-economia-circular-2022\\\/#webpage\"},\"articleSection\":\"Negocios y Empresas\"},{\"@type\":\"BreadcrumbList\",\"@id\":\"https:\\\/\\\/www.eldigitaldeasturias.com\\\/noticias\\\/confecciones-oroel-premio-cepyme-de-economia-circular-2022\\\/#breadcrumblist\",\"itemListElement\":[{\"@type\":\"ListItem\",\"@id\":\"https:\\\/\\\/www.eldigitaldeasturias.com\\\/noticias#listItem\",\"position\":1,\"name\":\"Home\",\"item\":\"https:\\\/\\\/www.eldigitaldeasturias.com\\\/noticias\",\"nextItem\":{\"@type\":\"ListItem\",\"@id\":\"https:\\\/\\\/www.eldigitaldeasturias.com\\\/noticias\\\/category\\\/negocios-y-empresas\\\/#listItem\",\"name\":\"Negocios y Empresas\"}},{\"@type\":\"ListItem\",\"@id\":\"https:\\\/\\\/www.eldigitaldeasturias.com\\\/noticias\\\/category\\\/negocios-y-empresas\\\/#listItem\",\"position\":2,\"name\":\"Negocios y Empresas\",\"item\":\"https:\\\/\\\/www.eldigitaldeasturias.com\\\/noticias\\\/category\\\/negocios-y-empresas\\\/\",\"nextItem\":{\"@type\":\"ListItem\",\"@id\":\"https:\\\/\\\/www.eldigitaldeasturias.com\\\/noticias\\\/confecciones-oroel-premio-cepyme-de-economia-circular-2022\\\/#listItem\",\"name\":\"Confecciones OROEL premio CEPYME de Econom\\u00eda Circular 2022\"},\"previousItem\":{\"@type\":\"ListItem\",\"@id\":\"https:\\\/\\\/www.eldigitaldeasturias.com\\\/noticias#listItem\",\"name\":\"Home\"}},{\"@type\":\"ListItem\",\"@id\":\"https:\\\/\\\/www.eldigitaldeasturias.com\\\/noticias\\\/confecciones-oroel-premio-cepyme-de-economia-circular-2022\\\/#listItem\",\"position\":3,\"name\":\"Confecciones OROEL premio CEPYME de Econom\\u00eda Circular 2022\",\"previousItem\":{\"@type\":\"ListItem\",\"@id\":\"https:\\\/\\\/www.eldigitaldeasturias.com\\\/noticias\\\/category\\\/negocios-y-empresas\\\/#listItem\",\"name\":\"Negocios y Empresas\"}}]},{\"@type\":\"Organization\",\"@id\":\"https:\\\/\\\/www.eldigitaldeasturias.com\\\/noticias\\\/#organization\",\"name\":\"El Digital de Asturias\",\"description\":\"Hemeroteca\",\"url\":\"https:\\\/\\\/www.eldigitaldeasturias.com\\\/noticias\\\/\",\"email\":\"info@eldigitaldeasturias.com\",\"telephone\":\"+34652131393\",\"logo\":{\"@type\":\"ImageObject\",\"url\":\"https:\\\/\\\/www.eldigitaldeasturias.com\\\/noticias\\\/wp-content\\\/uploads\\\/2020\\\/12\\\/EDA.jpg\",\"@id\":\"https:\\\/\\\/www.eldigitaldeasturias.com\\\/noticias\\\/confecciones-oroel-premio-cepyme-de-economia-circular-2022\\\/#organizationLogo\",\"width\":649,\"height\":297},\"image\":{\"@id\":\"https:\\\/\\\/www.eldigitaldeasturias.com\\\/noticias\\\/confecciones-oroel-premio-cepyme-de-economia-circular-2022\\\/#organizationLogo\"},\"sameAs\":[\"https:\\\/\\\/facebook.com\\\/eldigitaldeasturias\",\"https:\\\/\\\/www.youtube.com\\\/channel\\\/UCZP-2wLEB9Rv6erhFmqVnvg\"],\"address\":{\"@id\":\"https:\\\/\\\/www.eldigitaldeasturias.com\\\/noticias\\\/#postaladdress\",\"@type\":\"PostalAddress\",\"streetAddress\":\"san antonio 4,\",\"postalCode\":\"33430\",\"addressLocality\":\"Cand\\u00e1s\",\"addressRegion\":\"Asturias\",\"addressCountry\":\"ES\"}},{\"@type\":\"Person\",\"@id\":\"https:\\\/\\\/www.eldigitaldeasturias.com\\\/noticias\\\/author\\\/admin\\\/#author\",\"url\":\"https:\\\/\\\/www.eldigitaldeasturias.com\\\/noticias\\\/author\\\/admin\\\/\",\"name\":\"El Digital de Asturias\",\"image\":{\"@type\":\"ImageObject\",\"@id\":\"https:\\\/\\\/www.eldigitaldeasturias.com\\\/noticias\\\/confecciones-oroel-premio-cepyme-de-economia-circular-2022\\\/#authorImage\",\"url\":\"https:\\\/\\\/www.eldigitaldeasturias.com\\\/noticias\\\/wp-content\\\/litespeed\\\/avatar\\\/18677e78aa0546b92d9dbf31ec7d7668.jpg?ver=1777290358\",\"width\":96,\"height\":96,\"caption\":\"El Digital de Asturias\"}},{\"@type\":\"WebPage\",\"@id\":\"https:\\\/\\\/www.eldigitaldeasturias.com\\\/noticias\\\/confecciones-oroel-premio-cepyme-de-economia-circular-2022\\\/#webpage\",\"url\":\"https:\\\/\\\/www.eldigitaldeasturias.com\\\/noticias\\\/confecciones-oroel-premio-cepyme-de-economia-circular-2022\\\/\",\"name\":\"Confecciones OROEL premio CEPYME de Econom\\u00eda Circular 2022 - El Digital de Asturias\",\"description\":\"La Confederaci\\u00f3n Espa\\u00f1ola de la Peque\\u00f1a y Mediana Empresa (CEPYME) ha distinguido a Confecciones OROEL con el premio PYME Econom\\u00eda Circular 2022\",\"inLanguage\":\"es-ES\",\"isPartOf\":{\"@id\":\"https:\\\/\\\/www.eldigitaldeasturias.com\\\/noticias\\\/#website\"},\"breadcrumb\":{\"@id\":\"https:\\\/\\\/www.eldigitaldeasturias.com\\\/noticias\\\/confecciones-oroel-premio-cepyme-de-economia-circular-2022\\\/#breadcrumblist\"},\"author\":{\"@id\":\"https:\\\/\\\/www.eldigitaldeasturias.com\\\/noticias\\\/author\\\/admin\\\/#author\"},\"creator\":{\"@id\":\"https:\\\/\\\/www.eldigitaldeasturias.com\\\/noticias\\\/author\\\/admin\\\/#author\"},\"image\":{\"@type\":\"ImageObject\",\"url\":\"https:\\\/\\\/www.eldigitaldeasturias.com\\\/noticias\\\/wp-content\\\/uploads\\\/2023\\\/03\\\/Oroel-Cepyme-Economia-circular-IP.jpg\",\"@id\":\"https:\\\/\\\/www.eldigitaldeasturias.com\\\/noticias\\\/confecciones-oroel-premio-cepyme-de-economia-circular-2022\\\/#mainImage\",\"width\":1200,\"height\":1600,\"caption\":\"Oroel - Cepyme Economia circular - IP\"},\"primaryImageOfPage\":{\"@id\":\"https:\\\/\\\/www.eldigitaldeasturias.com\\\/noticias\\\/confecciones-oroel-premio-cepyme-de-economia-circular-2022\\\/#mainImage\"},\"datePublished\":\"2023-03-31T17:53:41+02:00\",\"dateModified\":\"2023-03-31T17:53:41+02:00\"},{\"@type\":\"WebSite\",\"@id\":\"https:\\\/\\\/www.eldigitaldeasturias.com\\\/noticias\\\/#website\",\"url\":\"https:\\\/\\\/www.eldigitaldeasturias.com\\\/noticias\\\/\",\"name\":\"El Digital de Asturias - Diario de actualidad y noticias\",\"alternateName\":\"El Digital de Asturias - Diario de actualidad y noticias\",\"description\":\"Hemeroteca\",\"inLanguage\":\"es-ES\",\"publisher\":{\"@id\":\"https:\\\/\\\/www.eldigitaldeasturias.com\\\/noticias\\\/#organization\"}}]}\n\t\t<\/script>\n\t\t<!-- All in One SEO Pro -->\r\n\t\t<title>Confecciones OROEL premio CEPYME de Econom\u00eda Circular 2022 - El Digital de Asturias<\/title>\n\n","aioseo_head_json":{"title":"Confecciones OROEL premio CEPYME de Econom\u00eda Circular 2022 - El Digital de Asturias","description":"La Confederaci\u00f3n Espa\u00f1ola de la Peque\u00f1a y Mediana Empresa (CEPYME) ha distinguido a Confecciones OROEL con el premio PYME Econom\u00eda Circular 2022","canonical_url":"https:\/\/www.eldigitaldeasturias.com\/noticias\/confecciones-oroel-premio-cepyme-de-economia-circular-2022\/","robots":"max-image-preview:large","keywords":"negocios y empresas","webmasterTools":{"google-site-verification":"UA-38556648-1","msvalidate.01":"7dfe9f3f1b24437ab69f4f2559babe99","miscellaneous":""},"schema":{"@context":"https:\/\/schema.org","@graph":[{"@type":"BlogPosting","@id":"https:\/\/www.eldigitaldeasturias.com\/noticias\/confecciones-oroel-premio-cepyme-de-economia-circular-2022\/#blogposting","name":"Confecciones OROEL premio CEPYME de Econom\u00eda Circular 2022 - El Digital de Asturias","headline":"Confecciones OROEL premio CEPYME de Econom\u00eda Circular 2022","author":{"@id":"https:\/\/www.eldigitaldeasturias.com\/noticias\/author\/admin\/#author"},"publisher":{"@id":"https:\/\/www.eldigitaldeasturias.com\/noticias\/#organization"},"image":{"@type":"ImageObject","url":"https:\/\/www.eldigitaldeasturias.com\/noticias\/wp-content\/uploads\/2023\/03\/Oroel-Cepyme-Economia-circular-IP.jpg","width":1200,"height":1600,"caption":"Oroel - Cepyme Economia circular - IP"},"datePublished":"2023-03-31T17:53:41+02:00","dateModified":"2023-03-31T17:53:41+02:00","inLanguage":"es-ES","mainEntityOfPage":{"@id":"https:\/\/www.eldigitaldeasturias.com\/noticias\/confecciones-oroel-premio-cepyme-de-economia-circular-2022\/#webpage"},"isPartOf":{"@id":"https:\/\/www.eldigitaldeasturias.com\/noticias\/confecciones-oroel-premio-cepyme-de-economia-circular-2022\/#webpage"},"articleSection":"Negocios y Empresas"},{"@type":"BreadcrumbList","@id":"https:\/\/www.eldigitaldeasturias.com\/noticias\/confecciones-oroel-premio-cepyme-de-economia-circular-2022\/#breadcrumblist","itemListElement":[{"@type":"ListItem","@id":"https:\/\/www.eldigitaldeasturias.com\/noticias#listItem","position":1,"name":"Home","item":"https:\/\/www.eldigitaldeasturias.com\/noticias","nextItem":{"@type":"ListItem","@id":"https:\/\/www.eldigitaldeasturias.com\/noticias\/category\/negocios-y-empresas\/#listItem","name":"Negocios y Empresas"}},{"@type":"ListItem","@id":"https:\/\/www.eldigitaldeasturias.com\/noticias\/category\/negocios-y-empresas\/#listItem","position":2,"name":"Negocios y Empresas","item":"https:\/\/www.eldigitaldeasturias.com\/noticias\/category\/negocios-y-empresas\/","nextItem":{"@type":"ListItem","@id":"https:\/\/www.eldigitaldeasturias.com\/noticias\/confecciones-oroel-premio-cepyme-de-economia-circular-2022\/#listItem","name":"Confecciones OROEL premio CEPYME de Econom\u00eda Circular 2022"},"previousItem":{"@type":"ListItem","@id":"https:\/\/www.eldigitaldeasturias.com\/noticias#listItem","name":"Home"}},{"@type":"ListItem","@id":"https:\/\/www.eldigitaldeasturias.com\/noticias\/confecciones-oroel-premio-cepyme-de-economia-circular-2022\/#listItem","position":3,"name":"Confecciones OROEL premio CEPYME de Econom\u00eda Circular 2022","previousItem":{"@type":"ListItem","@id":"https:\/\/www.eldigitaldeasturias.com\/noticias\/category\/negocios-y-empresas\/#listItem","name":"Negocios y Empresas"}}]},{"@type":"Organization","@id":"https:\/\/www.eldigitaldeasturias.com\/noticias\/#organization","name":"El Digital de Asturias","description":"Hemeroteca","url":"https:\/\/www.eldigitaldeasturias.com\/noticias\/","email":"info@eldigitaldeasturias.com","telephone":"+34652131393","logo":{"@type":"ImageObject","url":"https:\/\/www.eldigitaldeasturias.com\/noticias\/wp-content\/uploads\/2020\/12\/EDA.jpg","@id":"https:\/\/www.eldigitaldeasturias.com\/noticias\/confecciones-oroel-premio-cepyme-de-economia-circular-2022\/#organizationLogo","width":649,"height":297},"image":{"@id":"https:\/\/www.eldigitaldeasturias.com\/noticias\/confecciones-oroel-premio-cepyme-de-economia-circular-2022\/#organizationLogo"},"sameAs":["https:\/\/facebook.com\/eldigitaldeasturias","https:\/\/www.youtube.com\/channel\/UCZP-2wLEB9Rv6erhFmqVnvg"],"address":{"@id":"https:\/\/www.eldigitaldeasturias.com\/noticias\/#postaladdress","@type":"PostalAddress","streetAddress":"san antonio 4,","postalCode":"33430","addressLocality":"Cand\u00e1s","addressRegion":"Asturias","addressCountry":"ES"}},{"@type":"Person","@id":"https:\/\/www.eldigitaldeasturias.com\/noticias\/author\/admin\/#author","url":"https:\/\/www.eldigitaldeasturias.com\/noticias\/author\/admin\/","name":"El Digital de Asturias","image":{"@type":"ImageObject","@id":"https:\/\/www.eldigitaldeasturias.com\/noticias\/confecciones-oroel-premio-cepyme-de-economia-circular-2022\/#authorImage","url":"https:\/\/www.eldigitaldeasturias.com\/noticias\/wp-content\/litespeed\/avatar\/18677e78aa0546b92d9dbf31ec7d7668.jpg?ver=1777290358","width":96,"height":96,"caption":"El Digital de Asturias"}},{"@type":"WebPage","@id":"https:\/\/www.eldigitaldeasturias.com\/noticias\/confecciones-oroel-premio-cepyme-de-economia-circular-2022\/#webpage","url":"https:\/\/www.eldigitaldeasturias.com\/noticias\/confecciones-oroel-premio-cepyme-de-economia-circular-2022\/","name":"Confecciones OROEL premio CEPYME de Econom\u00eda Circular 2022 - El Digital de Asturias","description":"La Confederaci\u00f3n Espa\u00f1ola de la Peque\u00f1a y Mediana Empresa (CEPYME) ha distinguido a Confecciones OROEL con el premio PYME Econom\u00eda Circular 2022","inLanguage":"es-ES","isPartOf":{"@id":"https:\/\/www.eldigitaldeasturias.com\/noticias\/#website"},"breadcrumb":{"@id":"https:\/\/www.eldigitaldeasturias.com\/noticias\/confecciones-oroel-premio-cepyme-de-economia-circular-2022\/#breadcrumblist"},"author":{"@id":"https:\/\/www.eldigitaldeasturias.com\/noticias\/author\/admin\/#author"},"creator":{"@id":"https:\/\/www.eldigitaldeasturias.com\/noticias\/author\/admin\/#author"},"image":{"@type":"ImageObject","url":"https:\/\/www.eldigitaldeasturias.com\/noticias\/wp-content\/uploads\/2023\/03\/Oroel-Cepyme-Economia-circular-IP.jpg","@id":"https:\/\/www.eldigitaldeasturias.com\/noticias\/confecciones-oroel-premio-cepyme-de-economia-circular-2022\/#mainImage","width":1200,"height":1600,"caption":"Oroel - Cepyme Economia circular - IP"},"primaryImageOfPage":{"@id":"https:\/\/www.eldigitaldeasturias.com\/noticias\/confecciones-oroel-premio-cepyme-de-economia-circular-2022\/#mainImage"},"datePublished":"2023-03-31T17:53:41+02:00","dateModified":"2023-03-31T17:53:41+02:00"},{"@type":"WebSite","@id":"https:\/\/www.eldigitaldeasturias.com\/noticias\/#website","url":"https:\/\/www.eldigitaldeasturias.com\/noticias\/","name":"El Digital de Asturias - Diario de actualidad y noticias","alternateName":"El Digital de Asturias - Diario de actualidad y noticias","description":"Hemeroteca","inLanguage":"es-ES","publisher":{"@id":"https:\/\/www.eldigitaldeasturias.com\/noticias\/#organization"}}]},"og:locale":"es_ES","og:site_name":"El Digital de Asturias","og:type":"article","og:title":"Confecciones OROEL premio CEPYME de Econom\u00eda Circular 2022 - El Digital de Asturias","og:description":"La Confederaci\u00f3n Espa\u00f1ola de la Peque\u00f1a y Mediana Empresa (CEPYME) ha distinguido a Confecciones OROEL con el premio PYME Econom\u00eda Circular 2022","og:url":"https:\/\/www.eldigitaldeasturias.com\/noticias\/confecciones-oroel-premio-cepyme-de-economia-circular-2022\/","og:image":"https:\/\/www.eldigitaldeasturias.com\/noticias\/wp-content\/uploads\/2023\/03\/Oroel-Cepyme-Economia-circular-IP.jpg","og:image:secure_url":"https:\/\/www.eldigitaldeasturias.com\/noticias\/wp-content\/uploads\/2023\/03\/Oroel-Cepyme-Economia-circular-IP.jpg","og:image:width":1200,"og:image:height":1600,"article:tag":["negocios y empresas"],"article:published_time":"2023-03-31T15:53:41+00:00","article:modified_time":"2023-03-31T15:53:41+00:00","article:publisher":"https:\/\/facebook.com\/eldigitaldeasturias","twitter:card":"summary_large_image","twitter:title":"Confecciones OROEL premio CEPYME de Econom\u00eda Circular 2022 - El Digital de Asturias","twitter:description":"La Confederaci\u00f3n Espa\u00f1ola de la Peque\u00f1a y Mediana Empresa (CEPYME) ha distinguido a Confecciones OROEL con el premio PYME Econom\u00eda Circular 2022","twitter:image":"https:\/\/www.eldigitaldeasturias.com\/noticias\/wp-content\/uploads\/2023\/03\/Oroel-Cepyme-Economia-circular-IP.jpg","twitter:label1":"Escrito por","twitter:data1":"El Digital de Asturias","twitter:label2":"Tiempo de lectura estimado","twitter:data2":"2 minutos"},"aioseo_meta_data":{"post_id":"1121589","title":null,"description":"La Confederaci\u00f3n Espa\u00f1ola de la Peque\u00f1a y Mediana Empresa (CEPYME) ha distinguido a Confecciones OROEL con el premio PYME Econom\u00eda Circular 2022","keywords":[],"keyphrases":{"focus":{"keyphrase":"OROEL","score":92,"analysis":{"keyphraseInTitle":{"score":9,"maxScore":9,"error":0},"keyphraseInDescription":{"score":9,"maxScore":9,"error":0},"keyphraseLength":{"score":9,"maxScore":9,"error":0,"length":1},"keyphraseInURL":{"score":1,"maxScore":5,"error":1},"keyphraseInIntroduction":{"score":9,"maxScore":9,"error":0},"keyphraseInSubHeadings":[],"keyphraseInImageAlt":{"score":9,"maxScore":9,"error":0}}},"additional":[{"keyphrase":"Econom\u00eda Circular","score":83,"analysis":{"keyphraseInDescription":{"score":9,"maxScore":9,"error":0},"keyphraseLength":{"score":9,"maxScore":9,"error":0,"length":2},"keyphraseInIntroduction":{"score":9,"maxScore":9,"error":0},"keyphraseInImageAlt":{"score":3,"maxScore":9,"error":1}}},{"keyphrase":"OROEL","score":100,"analysis":{"keyphraseInDescription":{"score":9,"maxScore":9,"error":0},"keyphraseLength":{"score":9,"maxScore":9,"error":0,"length":1},"keyphraseInIntroduction":{"score":9,"maxScore":9,"error":0},"keyphraseInImageAlt":{"score":9,"maxScore":9,"error":0}}}]},"primary_term":null,"canonical_url":null,"og_title":null,"og_description":null,"og_object_type":"default","og_image_type":"default","og_image_url":null,"og_image_width":null,"og_image_height":null,"og_image_custom_url":null,"og_image_custom_fields":null,"og_video":"","og_custom_url":null,"og_article_section":null,"og_article_tags":[],"twitter_use_og":false,"twitter_card":"default","twitter_image_type":"default","twitter_image_url":null,"twitter_image_custom_url":null,"twitter_image_custom_fields":null,"twitter_title":null,"twitter_description":null,"schema":{"blockGraphs":[],"customGraphs":[],"default":{"data":{"Article":[],"Course":[],"Dataset":[],"FAQPage":[],"Movie":[],"Person":[],"Product":[],"ProductReview":[],"Car":[],"Recipe":[],"Service":[],"SoftwareApplication":[],"WebPage":[]},"graphName":"BlogPosting","isEnabled":true},"graphs":[]},"schema_type":"default","schema_type_options":null,"pillar_content":false,"robots_default":true,"robots_noindex":false,"robots_noarchive":false,"robots_nosnippet":false,"robots_nofollow":false,"robots_noimageindex":false,"robots_noodp":false,"robots_notranslate":false,"robots_max_snippet":"-1","robots_max_videopreview":"-1","robots_max_imagepreview":"large","priority":null,"frequency":"default","local_seo":null,"seo_analyzer_scan_date":"2025-10-05 00:40:14","breadcrumb_settings":null,"limit_modified_date":false,"open_ai":"{\"title\":{\"suggestions\":[],\"usage\":0},\"description\":{\"suggestions\":[],\"usage\":0}}","ai":null,"created":"2023-03-31 15:49:45","updated":"2025-10-05 00:40:14"},"aioseo_breadcrumb":"<div class=\"aioseo-breadcrumbs\"><span class=\"aioseo-breadcrumb\">\n\t<a href=\"https:\/\/www.eldigitaldeasturias.com\/noticias\" title=\"Home\">Home<\/a>\n<\/span><span class=\"aioseo-breadcrumb-separator\">\u2013<\/span><span class=\"aioseo-breadcrumb\">\n\t<a href=\"https:\/\/www.eldigitaldeasturias.com\/noticias\/category\/negocios-y-empresas\/\" title=\"Negocios y Empresas\">Negocios y Empresas<\/a>\n<\/span><span class=\"aioseo-breadcrumb-separator\">\u2013<\/span><span class=\"aioseo-breadcrumb\">\n\t<a href=\"https:\/\/www.eldigitaldeasturias.com\/noticias\/confecciones-oroel-premio-cepyme-de-economia-circular-2022\/\" title=\"Confecciones OROEL premio CEPYME de Econom\u00eda Circular 2022\">Confecciones OROEL premio CEPYME de Econom\u00eda Circular 2022<\/a>\n<\/span><\/div>","aioseo_breadcrumb_json":[{"label":"Home","link":"https:\/\/www.eldigitaldeasturias.com\/noticias"},{"label":"Negocios y Empresas","link":"https:\/\/www.eldigitaldeasturias.com\/noticias\/category\/negocios-y-empresas\/"},{"label":"Confecciones OROEL premio CEPYME de Econom\u00eda Circular 2022","link":"https:\/\/www.eldigitaldeasturias.com\/noticias\/confecciones-oroel-premio-cepyme-de-economia-circular-2022\/"}],"_links":{"self":[{"href":"https:\/\/www.eldigitaldeasturias.com\/noticias\/wp-json\/wp\/v2\/posts\/1121589","targetHints":{"allow":["GET"]}}],"collection":[{"href":"https:\/\/www.eldigitaldeasturias.com\/noticias\/wp-json\/wp\/v2\/posts"}],"about":[{"href":"https:\/\/www.eldigitaldeasturias.com\/noticias\/wp-json\/wp\/v2\/types\/post"}],"author":[{"embeddable":true,"href":"https:\/\/www.eldigitaldeasturias.com\/noticias\/wp-json\/wp\/v2\/users\/1"}],"replies":[{"embeddable":true,"href":"https:\/\/www.eldigitaldeasturias.com\/noticias\/wp-json\/wp\/v2\/comments?post=1121589"}],"version-history":[{"count":0,"href":"https:\/\/www.eldigitaldeasturias.com\/noticias\/wp-json\/wp\/v2\/posts\/1121589\/revisions"}],"wp:featuredmedia":[{"embeddable":true,"href":"https:\/\/www.eldigitaldeasturias.com\/noticias\/wp-json\/wp\/v2\/media\/1121590"}],"wp:attachment":[{"href":"https:\/\/www.eldigitaldeasturias.com\/noticias\/wp-json\/wp\/v2\/media?parent=1121589"}],"wp:term":[{"taxonomy":"category","embeddable":true,"href":"https:\/\/www.eldigitaldeasturias.com\/noticias\/wp-json\/wp\/v2\/categories?post=1121589"},{"taxonomy":"post_tag","embeddable":true,"href":"https:\/\/www.eldigitaldeasturias.com\/noticias\/wp-json\/wp\/v2\/tags?post=1121589"}],"curies":[{"name":"wp","href":"https:\/\/api.w.org\/{rel}","templated":true}]}}