{"id":1121097,"date":"2023-03-09T20:14:34","date_gmt":"2023-03-09T19:14:34","guid":{"rendered":"https:\/\/www.eldigitaldeasturias.com\/noticias\/?p=1121097"},"modified":"2023-03-09T20:14:34","modified_gmt":"2023-03-09T19:14:34","slug":"el-ibex-35-ha-cerrado-la-sesion-del-9-de-marzo-con-una-caida-del-045","status":"publish","type":"post","link":"https:\/\/www.eldigitaldeasturias.com\/noticias\/el-ibex-35-ha-cerrado-la-sesion-del-9-de-marzo-con-una-caida-del-045\/","title":{"rendered":"El Ibex 35 ha cerrado la sesi\u00f3n del 9 de marzo con una ca\u00edda del 0,45%"},"content":{"rendered":"<p>(EP) &#8211; El Ibex 35 ha cerrado la sesi\u00f3n de este jueves con una ca\u00edda del 0,45%, por lo que se ha situado en los 9.423,2 puntos, en una sesi\u00f3n en la que la principal referencia para los inversores ha sido el dato de <a href=\"https:\/\/www.eldigitaldeasturias.com\/noticias\/category\/economia\/\"><span style=\"color: #ff6600;\"><strong>inflaci\u00f3n de China<\/strong><\/span><\/a>, cuya tasa interanual se situ\u00f3 el pasado mes de febrero en el 1%.<\/p>\n<figure id=\"attachment_1121098\" aria-describedby=\"caption-attachment-1121098\" style=\"width: 647px\" class=\"wp-caption aligncenter\"><img loading=\"lazy\" decoding=\"async\" class=\"wp-image-1121098 size-large\" src=\"https:\/\/www.eldigitaldeasturias.com\/noticias\/wp-content\/uploads\/2023\/03\/Ibex-647x480.jpg\" alt=\"Ibex\" width=\"647\" height=\"480\" srcset=\"https:\/\/www.eldigitaldeasturias.com\/noticias\/wp-content\/uploads\/2023\/03\/Ibex-647x480.jpg 647w, https:\/\/www.eldigitaldeasturias.com\/noticias\/wp-content\/uploads\/2023\/03\/Ibex-360x267.jpg 360w, https:\/\/www.eldigitaldeasturias.com\/noticias\/wp-content\/uploads\/2023\/03\/Ibex-404x300.jpg 404w, https:\/\/www.eldigitaldeasturias.com\/noticias\/wp-content\/uploads\/2023\/03\/Ibex-768x570.jpg 768w, https:\/\/www.eldigitaldeasturias.com\/noticias\/wp-content\/uploads\/2023\/03\/Ibex-150x111.jpg 150w, https:\/\/www.eldigitaldeasturias.com\/noticias\/wp-content\/uploads\/2023\/03\/Ibex-450x334.jpg 450w, https:\/\/www.eldigitaldeasturias.com\/noticias\/wp-content\/uploads\/2023\/03\/Ibex.jpg 884w\" sizes=\"auto, (max-width: 647px) 100vw, 647px\" \/><figcaption id=\"caption-attachment-1121098\" class=\"wp-caption-text\">Foto: Marta Fern\u00e1ndez Jara &#8211; Europa Press<\/figcaption><\/figure>\n<p>Esta cifra supone una moderaci\u00f3n sustancial respecto de la subida de los precios del 2,1% en enero y el menor ritmo de encarecimiento de la vida desde febrero de 2022. No obstante, la Oficina Nacional de Estad\u00edstica (ONE) de China ha advertido del impacto sobre la inflaci\u00f3n de febrero de factores estacionales como la disminuci\u00f3n de la demanda de los consumidores despu\u00e9s de las celebraciones del A\u00f1o Nuevo Lunar.<\/p>\n<p>Sin embargo, los mercados permanecen a la espera de conocer el informe de empleo oficial de ma\u00f1ana en Estados Unidos, despu\u00e9s de que el presidente de la Reserva Federal (Fed), Jerome Powell, trasladase ayer ante el Congreso del pa\u00eds norteamericano que la cuant\u00eda de la pr\u00f3xima subida de tipos &#8211;prevista para el 22 de marzo&#8211; todav\u00eda no est\u00e1 decidida y que ser\u00e1n precisamente los <a href=\"https:\/\/candas365.es\/noticias\/category\/economia\/\" target=\"_blank\" rel=\"noopener\"><span style=\"color: #ff6600;\"><strong>datos de empleo<\/strong><\/span><\/a> que se conocer\u00e1n ma\u00f1ana y el de inflaci\u00f3n, que se publicar\u00e1 la semana que viene, las que marquen el pr\u00f3ximo paso. Los inversores, no obstante, descuentan una nueva subida de 50 puntos b\u00e1sicos.<\/p>\n<p>\u00danicamente siete valores de los 35 que componen el selectivo han culminado la jornada en &#8216;verde&#8217;, liderados por Fluidra (+1,24%), Enag\u00e1s (+0,88%), Inditex (+0,62%) y Solaria (+0,60%).<\/p>\n<p>Del lado contrario, Colonial ha sido el valor que m\u00e1s ha ca\u00eddo este jueves (-3,54%), por delante de Merlin (-3,19%), Meli\u00e1 (-3%), Grifols (-2,92%) y Unicaja Banco (-1,74%).<\/p>\n<p>Respecto al resto de plazas europeas, \u00fanicamente Fr\u00e1ncfort ha cerrado en positivo, con un leve alza del 0,01%. Par\u00eds ha finalizado la sesi\u00f3n cayendo un 0,12% y Mil\u00e1n, un 0,72%. De esta forma, el Euro Stoxx 50 se ha dejado un 0,05%, mientras que el FTSE 100 brit\u00e1nico ha descendido un 0,63%.<\/p>\n<blockquote><p>Asimismo, el barril de Brent se ha apreciado un 0,38%, hasta los 82,95 d\u00f3lares, mientras que el West Texas Intermediate se situaba en los 76,98 d\u00f3lares, un 0,37% m\u00e1s.<\/p><\/blockquote>\n<p>El rendimiento en los mercados secundarios de deuda del bono espa\u00f1ol con vencimiento a 10 a\u00f1os se situaba al finalizar la sesi\u00f3n en el 3,645%, ligeramente por debajo del 3,663% del mi\u00e9rcoles. De esta forma, la prima de riesgo ha bajado un punto y medio frente a la jornada anterior, hasta los 100,2 puntos b\u00e1sicos.<\/p>\n<p>En el mercado de divisas, el euro se ha apreciado un 0,27% frente al d\u00f3lar, aunque todav\u00eda sigue sin recuperar los 1,06 &#8216;billetes verdes&#8217;. En concreto, la divisa comunitaria se ha situado en un tipo de cambio de 1,0574 d\u00f3lares.<\/p>\n","protected":false},"excerpt":{"rendered":"<p>(EP) &#8211; El Ibex 35 ha cerrado la sesi\u00f3n de este jueves con una ca\u00edda del 0,45%, por lo que se ha situado en los 9.423,2 puntos, en una sesi\u00f3n en la que la principal referencia para los inversores ha sido el dato de inflaci\u00f3n de China, cuya tasa interanual se situ\u00f3 el pasado mes [&hellip;]<\/p>\n","protected":false},"author":1,"featured_media":1121098,"comment_status":"closed","ping_status":"closed","sticky":false,"template":"","format":"standard","meta":{"footnotes":""},"categories":[187],"tags":[],"class_list":["post-1121097","post","type-post","status-publish","format-standard","has-post-thumbnail","hentry","category-economia"],"aioseo_notices":[],"aioseo_head":"\n\t\t<!-- All in One SEO Pro 4.9.6.2 - aioseo.com -->\n\t<meta name=\"description\" content=\"(EP) - El Ibex 35 ha cerrado la sesi\u00f3n de este jueves con una ca\u00edda del 0,45%, por lo que se ha situado en los 9.423,2 puntos, en una sesi\u00f3n en la que la\" \/>\n\t<meta name=\"robots\" content=\"max-image-preview:large\" \/>\n\t<meta name=\"author\" content=\"El Digital de Asturias\"\/>\n\t<meta name=\"google-site-verification\" content=\"UA-38556648-1\" \/>\n\t<meta name=\"msvalidate.01\" content=\"7dfe9f3f1b24437ab69f4f2559babe99\" \/>\n\t<meta name=\"keywords\" content=\"econom\u00eda\" \/>\n\t<link rel=\"canonical\" href=\"https:\/\/www.eldigitaldeasturias.com\/noticias\/el-ibex-35-ha-cerrado-la-sesion-del-9-de-marzo-con-una-caida-del-045\/\" \/>\n\t<meta name=\"generator\" content=\"All in One SEO Pro (AIOSEO) 4.9.6.2\" \/>\n\t\t<meta property=\"og:locale\" content=\"es_ES\" \/>\n\t\t<meta property=\"og:site_name\" content=\"El Digital de Asturias\" \/>\n\t\t<meta property=\"og:type\" content=\"article\" \/>\n\t\t<meta property=\"og:title\" content=\"El Ibex 35 ha cerrado la sesi\u00f3n del 9 de marzo con una ca\u00edda del 0,45% - El Digital de Asturias\" \/>\n\t\t<meta property=\"og:description\" content=\"(EP) - El Ibex 35 ha cerrado la sesi\u00f3n de este jueves con una ca\u00edda del 0,45%, por lo que se ha situado en los 9.423,2 puntos, en una sesi\u00f3n en la que la\" \/>\n\t\t<meta property=\"og:url\" content=\"https:\/\/www.eldigitaldeasturias.com\/noticias\/el-ibex-35-ha-cerrado-la-sesion-del-9-de-marzo-con-una-caida-del-045\/\" \/>\n\t\t<meta property=\"og:image\" content=\"https:\/\/www.eldigitaldeasturias.com\/noticias\/wp-content\/uploads\/2023\/03\/Ibex.jpg\" \/>\n\t\t<meta property=\"og:image:secure_url\" content=\"https:\/\/www.eldigitaldeasturias.com\/noticias\/wp-content\/uploads\/2023\/03\/Ibex.jpg\" \/>\n\t\t<meta property=\"og:image:width\" content=\"884\" \/>\n\t\t<meta property=\"og:image:height\" content=\"656\" \/>\n\t\t<meta property=\"article:tag\" content=\"econom\u00eda\" \/>\n\t\t<meta property=\"article:published_time\" content=\"2023-03-09T19:14:34+00:00\" \/>\n\t\t<meta property=\"article:modified_time\" content=\"2023-03-09T19:14:34+00:00\" \/>\n\t\t<meta property=\"article:publisher\" content=\"https:\/\/facebook.com\/eldigitaldeasturias\" \/>\n\t\t<meta name=\"twitter:card\" content=\"summary_large_image\" \/>\n\t\t<meta name=\"twitter:title\" content=\"El Ibex 35 ha cerrado la sesi\u00f3n del 9 de marzo con una ca\u00edda del 0,45% - El Digital de Asturias\" \/>\n\t\t<meta name=\"twitter:description\" content=\"(EP) - El Ibex 35 ha cerrado la sesi\u00f3n de este jueves con una ca\u00edda del 0,45%, por lo que se ha situado en los 9.423,2 puntos, en una sesi\u00f3n en la que la\" \/>\n\t\t<meta name=\"twitter:image\" content=\"https:\/\/www.eldigitaldeasturias.com\/noticias\/wp-content\/uploads\/2023\/03\/Ibex.jpg\" \/>\n\t\t<meta name=\"twitter:label1\" content=\"Escrito por\" \/>\n\t\t<meta name=\"twitter:data1\" content=\"El Digital de Asturias\" \/>\n\t\t<meta name=\"twitter:label2\" content=\"Tiempo de lectura estimado\" \/>\n\t\t<meta name=\"twitter:data2\" content=\"2 minutos\" \/>\n\t\t<script type=\"application\/ld+json\" class=\"aioseo-schema\">\n\t\t\t{\"@context\":\"https:\\\/\\\/schema.org\",\"@graph\":[{\"@type\":\"BlogPosting\",\"@id\":\"https:\\\/\\\/www.eldigitaldeasturias.com\\\/noticias\\\/el-ibex-35-ha-cerrado-la-sesion-del-9-de-marzo-con-una-caida-del-045\\\/#blogposting\",\"name\":\"El Ibex 35 ha cerrado la sesi\\u00f3n del 9 de marzo con una ca\\u00edda del 0,45% - El Digital de Asturias\",\"headline\":\"El Ibex 35 ha cerrado la sesi\\u00f3n del 9 de marzo con una ca\\u00edda del 0,45%\",\"author\":{\"@id\":\"https:\\\/\\\/www.eldigitaldeasturias.com\\\/noticias\\\/author\\\/admin\\\/#author\"},\"publisher\":{\"@id\":\"https:\\\/\\\/www.eldigitaldeasturias.com\\\/noticias\\\/#organization\"},\"image\":{\"@type\":\"ImageObject\",\"url\":\"https:\\\/\\\/www.eldigitaldeasturias.com\\\/noticias\\\/wp-content\\\/uploads\\\/2023\\\/03\\\/Ibex.jpg\",\"width\":884,\"height\":656,\"caption\":\"Foto: Marta Fern\\u00e1ndez Jara - Europa Press\"},\"datePublished\":\"2023-03-09T20:14:34+01:00\",\"dateModified\":\"2023-03-09T20:14:34+01:00\",\"inLanguage\":\"es-ES\",\"mainEntityOfPage\":{\"@id\":\"https:\\\/\\\/www.eldigitaldeasturias.com\\\/noticias\\\/el-ibex-35-ha-cerrado-la-sesion-del-9-de-marzo-con-una-caida-del-045\\\/#webpage\"},\"isPartOf\":{\"@id\":\"https:\\\/\\\/www.eldigitaldeasturias.com\\\/noticias\\\/el-ibex-35-ha-cerrado-la-sesion-del-9-de-marzo-con-una-caida-del-045\\\/#webpage\"},\"articleSection\":\"Econom\\u00eda\"},{\"@type\":\"BreadcrumbList\",\"@id\":\"https:\\\/\\\/www.eldigitaldeasturias.com\\\/noticias\\\/el-ibex-35-ha-cerrado-la-sesion-del-9-de-marzo-con-una-caida-del-045\\\/#breadcrumblist\",\"itemListElement\":[{\"@type\":\"ListItem\",\"@id\":\"https:\\\/\\\/www.eldigitaldeasturias.com\\\/noticias#listItem\",\"position\":1,\"name\":\"Home\",\"item\":\"https:\\\/\\\/www.eldigitaldeasturias.com\\\/noticias\",\"nextItem\":{\"@type\":\"ListItem\",\"@id\":\"https:\\\/\\\/www.eldigitaldeasturias.com\\\/noticias\\\/category\\\/economia\\\/#listItem\",\"name\":\"Econom\\u00eda\"}},{\"@type\":\"ListItem\",\"@id\":\"https:\\\/\\\/www.eldigitaldeasturias.com\\\/noticias\\\/category\\\/economia\\\/#listItem\",\"position\":2,\"name\":\"Econom\\u00eda\",\"item\":\"https:\\\/\\\/www.eldigitaldeasturias.com\\\/noticias\\\/category\\\/economia\\\/\",\"nextItem\":{\"@type\":\"ListItem\",\"@id\":\"https:\\\/\\\/www.eldigitaldeasturias.com\\\/noticias\\\/el-ibex-35-ha-cerrado-la-sesion-del-9-de-marzo-con-una-caida-del-045\\\/#listItem\",\"name\":\"El Ibex 35 ha cerrado la sesi\\u00f3n del 9 de marzo con una ca\\u00edda del 0,45%\"},\"previousItem\":{\"@type\":\"ListItem\",\"@id\":\"https:\\\/\\\/www.eldigitaldeasturias.com\\\/noticias#listItem\",\"name\":\"Home\"}},{\"@type\":\"ListItem\",\"@id\":\"https:\\\/\\\/www.eldigitaldeasturias.com\\\/noticias\\\/el-ibex-35-ha-cerrado-la-sesion-del-9-de-marzo-con-una-caida-del-045\\\/#listItem\",\"position\":3,\"name\":\"El Ibex 35 ha cerrado la sesi\\u00f3n del 9 de marzo con una ca\\u00edda del 0,45%\",\"previousItem\":{\"@type\":\"ListItem\",\"@id\":\"https:\\\/\\\/www.eldigitaldeasturias.com\\\/noticias\\\/category\\\/economia\\\/#listItem\",\"name\":\"Econom\\u00eda\"}}]},{\"@type\":\"Organization\",\"@id\":\"https:\\\/\\\/www.eldigitaldeasturias.com\\\/noticias\\\/#organization\",\"name\":\"El Digital de Asturias\",\"description\":\"Hemeroteca\",\"url\":\"https:\\\/\\\/www.eldigitaldeasturias.com\\\/noticias\\\/\",\"email\":\"info@eldigitaldeasturias.com\",\"telephone\":\"+34652131393\",\"logo\":{\"@type\":\"ImageObject\",\"url\":\"https:\\\/\\\/www.eldigitaldeasturias.com\\\/noticias\\\/wp-content\\\/uploads\\\/2020\\\/12\\\/EDA.jpg\",\"@id\":\"https:\\\/\\\/www.eldigitaldeasturias.com\\\/noticias\\\/el-ibex-35-ha-cerrado-la-sesion-del-9-de-marzo-con-una-caida-del-045\\\/#organizationLogo\",\"width\":649,\"height\":297},\"image\":{\"@id\":\"https:\\\/\\\/www.eldigitaldeasturias.com\\\/noticias\\\/el-ibex-35-ha-cerrado-la-sesion-del-9-de-marzo-con-una-caida-del-045\\\/#organizationLogo\"},\"sameAs\":[\"https:\\\/\\\/facebook.com\\\/eldigitaldeasturias\",\"https:\\\/\\\/www.youtube.com\\\/channel\\\/UCZP-2wLEB9Rv6erhFmqVnvg\"],\"address\":{\"@id\":\"https:\\\/\\\/www.eldigitaldeasturias.com\\\/noticias\\\/#postaladdress\",\"@type\":\"PostalAddress\",\"streetAddress\":\"san antonio 4,\",\"postalCode\":\"33430\",\"addressLocality\":\"Cand\\u00e1s\",\"addressRegion\":\"Asturias\",\"addressCountry\":\"ES\"}},{\"@type\":\"Person\",\"@id\":\"https:\\\/\\\/www.eldigitaldeasturias.com\\\/noticias\\\/author\\\/admin\\\/#author\",\"url\":\"https:\\\/\\\/www.eldigitaldeasturias.com\\\/noticias\\\/author\\\/admin\\\/\",\"name\":\"El Digital de Asturias\",\"image\":{\"@type\":\"ImageObject\",\"@id\":\"https:\\\/\\\/www.eldigitaldeasturias.com\\\/noticias\\\/el-ibex-35-ha-cerrado-la-sesion-del-9-de-marzo-con-una-caida-del-045\\\/#authorImage\",\"url\":\"https:\\\/\\\/www.eldigitaldeasturias.com\\\/noticias\\\/wp-content\\\/litespeed\\\/avatar\\\/18677e78aa0546b92d9dbf31ec7d7668.jpg?ver=1777290358\",\"width\":96,\"height\":96,\"caption\":\"El Digital de Asturias\"}},{\"@type\":\"WebPage\",\"@id\":\"https:\\\/\\\/www.eldigitaldeasturias.com\\\/noticias\\\/el-ibex-35-ha-cerrado-la-sesion-del-9-de-marzo-con-una-caida-del-045\\\/#webpage\",\"url\":\"https:\\\/\\\/www.eldigitaldeasturias.com\\\/noticias\\\/el-ibex-35-ha-cerrado-la-sesion-del-9-de-marzo-con-una-caida-del-045\\\/\",\"name\":\"El Ibex 35 ha cerrado la sesi\\u00f3n del 9 de marzo con una ca\\u00edda del 0,45% - El Digital de Asturias\",\"description\":\"(EP) - El Ibex 35 ha cerrado la sesi\\u00f3n de este jueves con una ca\\u00edda del 0,45%, por lo que se ha situado en los 9.423,2 puntos, en una sesi\\u00f3n en la que la\",\"inLanguage\":\"es-ES\",\"isPartOf\":{\"@id\":\"https:\\\/\\\/www.eldigitaldeasturias.com\\\/noticias\\\/#website\"},\"breadcrumb\":{\"@id\":\"https:\\\/\\\/www.eldigitaldeasturias.com\\\/noticias\\\/el-ibex-35-ha-cerrado-la-sesion-del-9-de-marzo-con-una-caida-del-045\\\/#breadcrumblist\"},\"author\":{\"@id\":\"https:\\\/\\\/www.eldigitaldeasturias.com\\\/noticias\\\/author\\\/admin\\\/#author\"},\"creator\":{\"@id\":\"https:\\\/\\\/www.eldigitaldeasturias.com\\\/noticias\\\/author\\\/admin\\\/#author\"},\"image\":{\"@type\":\"ImageObject\",\"url\":\"https:\\\/\\\/www.eldigitaldeasturias.com\\\/noticias\\\/wp-content\\\/uploads\\\/2023\\\/03\\\/Ibex.jpg\",\"@id\":\"https:\\\/\\\/www.eldigitaldeasturias.com\\\/noticias\\\/el-ibex-35-ha-cerrado-la-sesion-del-9-de-marzo-con-una-caida-del-045\\\/#mainImage\",\"width\":884,\"height\":656,\"caption\":\"Foto: Marta Fern\\u00e1ndez Jara - Europa Press\"},\"primaryImageOfPage\":{\"@id\":\"https:\\\/\\\/www.eldigitaldeasturias.com\\\/noticias\\\/el-ibex-35-ha-cerrado-la-sesion-del-9-de-marzo-con-una-caida-del-045\\\/#mainImage\"},\"datePublished\":\"2023-03-09T20:14:34+01:00\",\"dateModified\":\"2023-03-09T20:14:34+01:00\"},{\"@type\":\"WebSite\",\"@id\":\"https:\\\/\\\/www.eldigitaldeasturias.com\\\/noticias\\\/#website\",\"url\":\"https:\\\/\\\/www.eldigitaldeasturias.com\\\/noticias\\\/\",\"name\":\"El Digital de Asturias - Diario de actualidad y noticias\",\"alternateName\":\"El Digital de Asturias - Diario de actualidad y noticias\",\"description\":\"Hemeroteca\",\"inLanguage\":\"es-ES\",\"publisher\":{\"@id\":\"https:\\\/\\\/www.eldigitaldeasturias.com\\\/noticias\\\/#organization\"}}]}\n\t\t<\/script>\n\t\t<!-- All in One SEO Pro -->\r\n\t\t<title>El Ibex 35 ha cerrado la sesi\u00f3n del 9 de marzo con una ca\u00edda del 0,45% - El Digital de Asturias<\/title>\n\n","aioseo_head_json":{"title":"El Ibex 35 ha cerrado la sesi\u00f3n del 9 de marzo con una ca\u00edda del 0,45% - El Digital de Asturias","description":"(EP) - El Ibex 35 ha cerrado la sesi\u00f3n de este jueves con una ca\u00edda del 0,45%, por lo que se ha situado en los 9.423,2 puntos, en una sesi\u00f3n en la que la","canonical_url":"https:\/\/www.eldigitaldeasturias.com\/noticias\/el-ibex-35-ha-cerrado-la-sesion-del-9-de-marzo-con-una-caida-del-045\/","robots":"max-image-preview:large","keywords":"econom\u00eda","webmasterTools":{"google-site-verification":"UA-38556648-1","msvalidate.01":"7dfe9f3f1b24437ab69f4f2559babe99","miscellaneous":""},"schema":{"@context":"https:\/\/schema.org","@graph":[{"@type":"BlogPosting","@id":"https:\/\/www.eldigitaldeasturias.com\/noticias\/el-ibex-35-ha-cerrado-la-sesion-del-9-de-marzo-con-una-caida-del-045\/#blogposting","name":"El Ibex 35 ha cerrado la sesi\u00f3n del 9 de marzo con una ca\u00edda del 0,45% - El Digital de Asturias","headline":"El Ibex 35 ha cerrado la sesi\u00f3n del 9 de marzo con una ca\u00edda del 0,45%","author":{"@id":"https:\/\/www.eldigitaldeasturias.com\/noticias\/author\/admin\/#author"},"publisher":{"@id":"https:\/\/www.eldigitaldeasturias.com\/noticias\/#organization"},"image":{"@type":"ImageObject","url":"https:\/\/www.eldigitaldeasturias.com\/noticias\/wp-content\/uploads\/2023\/03\/Ibex.jpg","width":884,"height":656,"caption":"Foto: Marta Fern\u00e1ndez Jara - Europa Press"},"datePublished":"2023-03-09T20:14:34+01:00","dateModified":"2023-03-09T20:14:34+01:00","inLanguage":"es-ES","mainEntityOfPage":{"@id":"https:\/\/www.eldigitaldeasturias.com\/noticias\/el-ibex-35-ha-cerrado-la-sesion-del-9-de-marzo-con-una-caida-del-045\/#webpage"},"isPartOf":{"@id":"https:\/\/www.eldigitaldeasturias.com\/noticias\/el-ibex-35-ha-cerrado-la-sesion-del-9-de-marzo-con-una-caida-del-045\/#webpage"},"articleSection":"Econom\u00eda"},{"@type":"BreadcrumbList","@id":"https:\/\/www.eldigitaldeasturias.com\/noticias\/el-ibex-35-ha-cerrado-la-sesion-del-9-de-marzo-con-una-caida-del-045\/#breadcrumblist","itemListElement":[{"@type":"ListItem","@id":"https:\/\/www.eldigitaldeasturias.com\/noticias#listItem","position":1,"name":"Home","item":"https:\/\/www.eldigitaldeasturias.com\/noticias","nextItem":{"@type":"ListItem","@id":"https:\/\/www.eldigitaldeasturias.com\/noticias\/category\/economia\/#listItem","name":"Econom\u00eda"}},{"@type":"ListItem","@id":"https:\/\/www.eldigitaldeasturias.com\/noticias\/category\/economia\/#listItem","position":2,"name":"Econom\u00eda","item":"https:\/\/www.eldigitaldeasturias.com\/noticias\/category\/economia\/","nextItem":{"@type":"ListItem","@id":"https:\/\/www.eldigitaldeasturias.com\/noticias\/el-ibex-35-ha-cerrado-la-sesion-del-9-de-marzo-con-una-caida-del-045\/#listItem","name":"El Ibex 35 ha cerrado la sesi\u00f3n del 9 de marzo con una ca\u00edda del 0,45%"},"previousItem":{"@type":"ListItem","@id":"https:\/\/www.eldigitaldeasturias.com\/noticias#listItem","name":"Home"}},{"@type":"ListItem","@id":"https:\/\/www.eldigitaldeasturias.com\/noticias\/el-ibex-35-ha-cerrado-la-sesion-del-9-de-marzo-con-una-caida-del-045\/#listItem","position":3,"name":"El Ibex 35 ha cerrado la sesi\u00f3n del 9 de marzo con una ca\u00edda del 0,45%","previousItem":{"@type":"ListItem","@id":"https:\/\/www.eldigitaldeasturias.com\/noticias\/category\/economia\/#listItem","name":"Econom\u00eda"}}]},{"@type":"Organization","@id":"https:\/\/www.eldigitaldeasturias.com\/noticias\/#organization","name":"El Digital de Asturias","description":"Hemeroteca","url":"https:\/\/www.eldigitaldeasturias.com\/noticias\/","email":"info@eldigitaldeasturias.com","telephone":"+34652131393","logo":{"@type":"ImageObject","url":"https:\/\/www.eldigitaldeasturias.com\/noticias\/wp-content\/uploads\/2020\/12\/EDA.jpg","@id":"https:\/\/www.eldigitaldeasturias.com\/noticias\/el-ibex-35-ha-cerrado-la-sesion-del-9-de-marzo-con-una-caida-del-045\/#organizationLogo","width":649,"height":297},"image":{"@id":"https:\/\/www.eldigitaldeasturias.com\/noticias\/el-ibex-35-ha-cerrado-la-sesion-del-9-de-marzo-con-una-caida-del-045\/#organizationLogo"},"sameAs":["https:\/\/facebook.com\/eldigitaldeasturias","https:\/\/www.youtube.com\/channel\/UCZP-2wLEB9Rv6erhFmqVnvg"],"address":{"@id":"https:\/\/www.eldigitaldeasturias.com\/noticias\/#postaladdress","@type":"PostalAddress","streetAddress":"san antonio 4,","postalCode":"33430","addressLocality":"Cand\u00e1s","addressRegion":"Asturias","addressCountry":"ES"}},{"@type":"Person","@id":"https:\/\/www.eldigitaldeasturias.com\/noticias\/author\/admin\/#author","url":"https:\/\/www.eldigitaldeasturias.com\/noticias\/author\/admin\/","name":"El Digital de Asturias","image":{"@type":"ImageObject","@id":"https:\/\/www.eldigitaldeasturias.com\/noticias\/el-ibex-35-ha-cerrado-la-sesion-del-9-de-marzo-con-una-caida-del-045\/#authorImage","url":"https:\/\/www.eldigitaldeasturias.com\/noticias\/wp-content\/litespeed\/avatar\/18677e78aa0546b92d9dbf31ec7d7668.jpg?ver=1777290358","width":96,"height":96,"caption":"El Digital de Asturias"}},{"@type":"WebPage","@id":"https:\/\/www.eldigitaldeasturias.com\/noticias\/el-ibex-35-ha-cerrado-la-sesion-del-9-de-marzo-con-una-caida-del-045\/#webpage","url":"https:\/\/www.eldigitaldeasturias.com\/noticias\/el-ibex-35-ha-cerrado-la-sesion-del-9-de-marzo-con-una-caida-del-045\/","name":"El Ibex 35 ha cerrado la sesi\u00f3n del 9 de marzo con una ca\u00edda del 0,45% - El Digital de Asturias","description":"(EP) - El Ibex 35 ha cerrado la sesi\u00f3n de este jueves con una ca\u00edda del 0,45%, por lo que se ha situado en los 9.423,2 puntos, en una sesi\u00f3n en la que la","inLanguage":"es-ES","isPartOf":{"@id":"https:\/\/www.eldigitaldeasturias.com\/noticias\/#website"},"breadcrumb":{"@id":"https:\/\/www.eldigitaldeasturias.com\/noticias\/el-ibex-35-ha-cerrado-la-sesion-del-9-de-marzo-con-una-caida-del-045\/#breadcrumblist"},"author":{"@id":"https:\/\/www.eldigitaldeasturias.com\/noticias\/author\/admin\/#author"},"creator":{"@id":"https:\/\/www.eldigitaldeasturias.com\/noticias\/author\/admin\/#author"},"image":{"@type":"ImageObject","url":"https:\/\/www.eldigitaldeasturias.com\/noticias\/wp-content\/uploads\/2023\/03\/Ibex.jpg","@id":"https:\/\/www.eldigitaldeasturias.com\/noticias\/el-ibex-35-ha-cerrado-la-sesion-del-9-de-marzo-con-una-caida-del-045\/#mainImage","width":884,"height":656,"caption":"Foto: Marta Fern\u00e1ndez Jara - Europa Press"},"primaryImageOfPage":{"@id":"https:\/\/www.eldigitaldeasturias.com\/noticias\/el-ibex-35-ha-cerrado-la-sesion-del-9-de-marzo-con-una-caida-del-045\/#mainImage"},"datePublished":"2023-03-09T20:14:34+01:00","dateModified":"2023-03-09T20:14:34+01:00"},{"@type":"WebSite","@id":"https:\/\/www.eldigitaldeasturias.com\/noticias\/#website","url":"https:\/\/www.eldigitaldeasturias.com\/noticias\/","name":"El Digital de Asturias - Diario de actualidad y noticias","alternateName":"El Digital de Asturias - Diario de actualidad y noticias","description":"Hemeroteca","inLanguage":"es-ES","publisher":{"@id":"https:\/\/www.eldigitaldeasturias.com\/noticias\/#organization"}}]},"og:locale":"es_ES","og:site_name":"El Digital de Asturias","og:type":"article","og:title":"El Ibex 35 ha cerrado la sesi\u00f3n del 9 de marzo con una ca\u00edda del 0,45% - El Digital de Asturias","og:description":"(EP) - El Ibex 35 ha cerrado la sesi\u00f3n de este jueves con una ca\u00edda del 0,45%, por lo que se ha situado en los 9.423,2 puntos, en una sesi\u00f3n en la que la","og:url":"https:\/\/www.eldigitaldeasturias.com\/noticias\/el-ibex-35-ha-cerrado-la-sesion-del-9-de-marzo-con-una-caida-del-045\/","og:image":"https:\/\/www.eldigitaldeasturias.com\/noticias\/wp-content\/uploads\/2023\/03\/Ibex.jpg","og:image:secure_url":"https:\/\/www.eldigitaldeasturias.com\/noticias\/wp-content\/uploads\/2023\/03\/Ibex.jpg","og:image:width":884,"og:image:height":656,"article:tag":["econom\u00eda"],"article:published_time":"2023-03-09T19:14:34+00:00","article:modified_time":"2023-03-09T19:14:34+00:00","article:publisher":"https:\/\/facebook.com\/eldigitaldeasturias","twitter:card":"summary_large_image","twitter:title":"El Ibex 35 ha cerrado la sesi\u00f3n del 9 de marzo con una ca\u00edda del 0,45% - El Digital de Asturias","twitter:description":"(EP) - El Ibex 35 ha cerrado la sesi\u00f3n de este jueves con una ca\u00edda del 0,45%, por lo que se ha situado en los 9.423,2 puntos, en una sesi\u00f3n en la que la","twitter:image":"https:\/\/www.eldigitaldeasturias.com\/noticias\/wp-content\/uploads\/2023\/03\/Ibex.jpg","twitter:label1":"Escrito por","twitter:data1":"El Digital de Asturias","twitter:label2":"Tiempo de lectura estimado","twitter:data2":"2 minutos"},"aioseo_meta_data":{"post_id":"1121097","title":null,"description":"(EP) - El Ibex 35 ha cerrado la sesi\u00f3n de este jueves con una ca\u00edda del 0,45%, por lo que se ha situado en los 9.423,2 puntos, en una sesi\u00f3n en la que la","keywords":[],"keyphrases":{"focus":{"keyphrase":" Ibex ","score":92,"analysis":{"keyphraseInTitle":{"score":9,"maxScore":9,"error":0},"keyphraseInDescription":{"score":9,"maxScore":9,"error":0},"keyphraseLength":{"score":9,"maxScore":9,"error":0,"length":1},"keyphraseInURL":{"score":1,"maxScore":5,"error":1},"keyphraseInIntroduction":{"score":9,"maxScore":9,"error":0},"keyphraseInSubHeadings":[],"keyphraseInImageAlt":{"score":9,"maxScore":9,"error":0}}},"additional":[{"keyphrase":" Ibex 35","score":100,"analysis":{"keyphraseInDescription":{"score":9,"maxScore":9,"error":0},"keyphraseLength":{"score":9,"maxScore":9,"error":0,"length":1},"keyphraseInIntroduction":{"score":9,"maxScore":9,"error":0},"keyphraseInImageAlt":{"score":9,"maxScore":9,"error":0}}}]},"primary_term":null,"canonical_url":null,"og_title":null,"og_description":null,"og_object_type":"default","og_image_type":"default","og_image_url":null,"og_image_width":null,"og_image_height":null,"og_image_custom_url":null,"og_image_custom_fields":null,"og_video":"","og_custom_url":null,"og_article_section":null,"og_article_tags":[],"twitter_use_og":false,"twitter_card":"default","twitter_image_type":"default","twitter_image_url":null,"twitter_image_custom_url":null,"twitter_image_custom_fields":null,"twitter_title":null,"twitter_description":null,"schema":{"blockGraphs":[],"customGraphs":[],"default":{"data":{"Article":[],"Course":[],"Dataset":[],"FAQPage":[],"Movie":[],"Person":[],"Product":[],"ProductReview":[],"Car":[],"Recipe":[],"Service":[],"SoftwareApplication":[],"WebPage":[]},"graphName":"BlogPosting","isEnabled":true},"graphs":[]},"schema_type":"default","schema_type_options":null,"pillar_content":false,"robots_default":true,"robots_noindex":false,"robots_noarchive":false,"robots_nosnippet":false,"robots_nofollow":false,"robots_noimageindex":false,"robots_noodp":false,"robots_notranslate":false,"robots_max_snippet":"-1","robots_max_videopreview":"-1","robots_max_imagepreview":"large","priority":null,"frequency":"default","local_seo":null,"seo_analyzer_scan_date":"2025-10-04 22:42:56","breadcrumb_settings":null,"limit_modified_date":false,"open_ai":"{\"title\":{\"suggestions\":[],\"usage\":0},\"description\":{\"suggestions\":[],\"usage\":0}}","ai":null,"created":"2023-03-09 19:05:14","updated":"2025-10-04 22:42:56"},"aioseo_breadcrumb":"<div class=\"aioseo-breadcrumbs\"><span class=\"aioseo-breadcrumb\">\n\t<a href=\"https:\/\/www.eldigitaldeasturias.com\/noticias\" title=\"Home\">Home<\/a>\n<\/span><span class=\"aioseo-breadcrumb-separator\">\u2013<\/span><span class=\"aioseo-breadcrumb\">\n\t<a href=\"https:\/\/www.eldigitaldeasturias.com\/noticias\/category\/economia\/\" title=\"Econom\u00eda\">Econom\u00eda<\/a>\n<\/span><span class=\"aioseo-breadcrumb-separator\">\u2013<\/span><span class=\"aioseo-breadcrumb\">\n\t<a href=\"https:\/\/www.eldigitaldeasturias.com\/noticias\/el-ibex-35-ha-cerrado-la-sesion-del-9-de-marzo-con-una-caida-del-045\/\" title=\"El Ibex 35 ha cerrado la sesi\u00f3n del 9 de marzo con una ca\u00edda del 0,45%\">El Ibex 35 ha cerrado la sesi\u00f3n del 9 de marzo con una ca\u00edda del 0,45%<\/a>\n<\/span><\/div>","aioseo_breadcrumb_json":[{"label":"Home","link":"https:\/\/www.eldigitaldeasturias.com\/noticias"},{"label":"Econom\u00eda","link":"https:\/\/www.eldigitaldeasturias.com\/noticias\/category\/economia\/"},{"label":"El Ibex 35 ha cerrado la sesi\u00f3n del 9 de marzo con una ca\u00edda del 0,45%","link":"https:\/\/www.eldigitaldeasturias.com\/noticias\/el-ibex-35-ha-cerrado-la-sesion-del-9-de-marzo-con-una-caida-del-045\/"}],"_links":{"self":[{"href":"https:\/\/www.eldigitaldeasturias.com\/noticias\/wp-json\/wp\/v2\/posts\/1121097","targetHints":{"allow":["GET"]}}],"collection":[{"href":"https:\/\/www.eldigitaldeasturias.com\/noticias\/wp-json\/wp\/v2\/posts"}],"about":[{"href":"https:\/\/www.eldigitaldeasturias.com\/noticias\/wp-json\/wp\/v2\/types\/post"}],"author":[{"embeddable":true,"href":"https:\/\/www.eldigitaldeasturias.com\/noticias\/wp-json\/wp\/v2\/users\/1"}],"replies":[{"embeddable":true,"href":"https:\/\/www.eldigitaldeasturias.com\/noticias\/wp-json\/wp\/v2\/comments?post=1121097"}],"version-history":[{"count":0,"href":"https:\/\/www.eldigitaldeasturias.com\/noticias\/wp-json\/wp\/v2\/posts\/1121097\/revisions"}],"wp:featuredmedia":[{"embeddable":true,"href":"https:\/\/www.eldigitaldeasturias.com\/noticias\/wp-json\/wp\/v2\/media\/1121098"}],"wp:attachment":[{"href":"https:\/\/www.eldigitaldeasturias.com\/noticias\/wp-json\/wp\/v2\/media?parent=1121097"}],"wp:term":[{"taxonomy":"category","embeddable":true,"href":"https:\/\/www.eldigitaldeasturias.com\/noticias\/wp-json\/wp\/v2\/categories?post=1121097"},{"taxonomy":"post_tag","embeddable":true,"href":"https:\/\/www.eldigitaldeasturias.com\/noticias\/wp-json\/wp\/v2\/tags?post=1121097"}],"curies":[{"name":"wp","href":"https:\/\/api.w.org\/{rel}","templated":true}]}}