{"id":1120913,"date":"2023-02-28T16:54:16","date_gmt":"2023-02-28T15:54:16","guid":{"rendered":"https:\/\/www.eldigitaldeasturias.com\/noticias\/?p=1120913"},"modified":"2023-02-28T16:54:16","modified_gmt":"2023-02-28T15:54:16","slug":"lopez-obrador-tesla-construira-una-fabrica-en-monterrey","status":"publish","type":"post","link":"https:\/\/www.eldigitaldeasturias.com\/noticias\/lopez-obrador-tesla-construira-una-fabrica-en-monterrey\/","title":{"rendered":"L\u00f3pez Obrador: \u00abTesla construir\u00e1 una f\u00e1brica en Monterrey\u00bb"},"content":{"rendered":"<p>(EP) &#8211; El presidente de M\u00e9xico, <strong>Andr\u00e9s Manuel L\u00f3pez Obrador<\/strong>, ha confirmado que Tesla construir\u00e1 una f\u00e1brica en la ciudad mexicana de <a href=\"https:\/\/es.wikipedia.org\/wiki\/Monterrey\" target=\"_blank\" rel=\"noopener\"><span style=\"color: #ff6600;\"><strong>Monterrey<\/strong><\/span><\/a>, en el norte del pa\u00eds, convirti\u00e9ndose en la primera que tendr\u00e1 la compa\u00f1\u00eda en Am\u00e9rica Latina.<\/p>\n<figure id=\"attachment_1120914\" aria-describedby=\"caption-attachment-1120914\" style=\"width: 650px\" class=\"wp-caption aligncenter\"><img loading=\"lazy\" decoding=\"async\" class=\"wp-image-1120914 size-large\" src=\"https:\/\/www.eldigitaldeasturias.com\/noticias\/wp-content\/uploads\/2023\/02\/Obrador-650x432.jpg\" alt=\"Obrador\" width=\"650\" height=\"432\" srcset=\"https:\/\/www.eldigitaldeasturias.com\/noticias\/wp-content\/uploads\/2023\/02\/Obrador-650x432.jpg 650w, https:\/\/www.eldigitaldeasturias.com\/noticias\/wp-content\/uploads\/2023\/02\/Obrador-360x239.jpg 360w, https:\/\/www.eldigitaldeasturias.com\/noticias\/wp-content\/uploads\/2023\/02\/Obrador-452x300.jpg 452w, https:\/\/www.eldigitaldeasturias.com\/noticias\/wp-content\/uploads\/2023\/02\/Obrador-768x510.jpg 768w, https:\/\/www.eldigitaldeasturias.com\/noticias\/wp-content\/uploads\/2023\/02\/Obrador-150x100.jpg 150w, https:\/\/www.eldigitaldeasturias.com\/noticias\/wp-content\/uploads\/2023\/02\/Obrador-450x299.jpg 450w, https:\/\/www.eldigitaldeasturias.com\/noticias\/wp-content\/uploads\/2023\/02\/Obrador.jpg 1010w\" sizes=\"auto, (max-width: 650px) 100vw, 650px\" \/><figcaption id=\"caption-attachment-1120914\" class=\"wp-caption-text\">FOTO: PRESIDENCIA DE M\u00c9XICO \/ Europa Press<\/figcaption><\/figure>\n<p>En su conferencia matutina de este martes, el mandatario mexicano ha explicado que ha dialogado en dos ocasiones en la \u00faltima semana con el director general de <strong><span style=\"color: #ff6600;\"><a style=\"color: #ff6600;\" href=\"https:\/\/www.eldigitaldeasturias.com\/noticias\/category\/negocios-y-empresas\/\">Tesla<\/a><\/span><\/strong>, Elon Musk, y se ha dado un \u00abentendimiento\u00bb entre ambos para que la compa\u00f1\u00eda invierta en el pa\u00eds.<\/p>\n<p>Con todo, L\u00f3pez Obrador ha apuntado que en la jornada del mi\u00e9rcoles y durante la pr\u00f3xima semana, la firma automovil\u00edstica dar\u00e1 m\u00e1s detalles sobre la puesta en marcha de la nueva f\u00e1brica.<\/p>\n<blockquote><p>\u00abLa llegada de Tesla al pa\u00eds va a significar una inversi\u00f3n considerable y la generaci\u00f3n de muchos empleos. Quiero agradecer a Musk que fuera tan respetuoso y atento\u00bb, ha resaltado.<\/p><\/blockquote>\n<h2>COMPROMISO ANTE LA ESCASEZ DE AGUA<\/h2>\n<p>Recientemente, el presidente de M\u00e9xico hab\u00eda sugerido a Tesla que se planteara otra localizaci\u00f3n que no fuera el Estado de Nuevo Le\u00f3n (cuya capital es Monterrey) ya que esta no era \u00abadecuada\u00bb por la falta de agua.<\/p>\n<p>Con todo, y ante la ubicaci\u00f3n final de la f\u00e1brica, <strong>el mandatario ha manifestado que la nueva planta estar\u00e1 sujeta a una serie de compromisos para enfrentar este problema<\/strong>. Uno de estos compromisos, seg\u00fan ha adelantado, es el uso de agua reciclada en todo el proceso de fabricaci\u00f3n de autom\u00f3viles el\u00e9ctricos, al mismo tiempo que se har\u00e1 un tratamiento del agua incluso para la pintura de los autom\u00f3viles.<\/p>\n<p>Adem\u00e1s, <strong>L\u00f3pez Obrador ha insistido a Elon Musk que M\u00e9xico no puede otorgar los mismos subsidios que aporta el Gobierno de Estados Unidos a la producci\u00f3n automovil\u00edstica<\/strong>. Sin embargo, el presidente ha expresado que el cofundador de Tesla hab\u00eda comprendido \u00abperfectamente\u00bb la situaci\u00f3n y ambos hablaron sobre las \u00abventajas comparativas\u00bb que ten\u00eda M\u00e9xico, convirtiendo al pa\u00eds en un destino \u00ab\u00fanico en el mundo\u00bb.<\/p>\n<p>En la misma l\u00ednea, <strong>el presidente ha defendido que el recurso principal de M\u00e9xico es \u00abla calidad de sus trabajadores\u00bb<\/strong>, as\u00ed como su \u00e9tica, su responsabilidad y su profesionalidad, algo con lo que el Obrador ha asegurado que Musk ha coincidido \u00abplenamente\u00bb.<\/p>\n","protected":false},"excerpt":{"rendered":"<p>(EP) &#8211; El presidente de M\u00e9xico, Andr\u00e9s Manuel L\u00f3pez Obrador, ha confirmado que Tesla construir\u00e1 una f\u00e1brica en la ciudad mexicana de Monterrey, en el norte del pa\u00eds, convirti\u00e9ndose en la primera que tendr\u00e1 la compa\u00f1\u00eda en Am\u00e9rica Latina. En su conferencia matutina de este martes, el mandatario mexicano ha explicado que ha dialogado en [&hellip;]<\/p>\n","protected":false},"author":1,"featured_media":1120914,"comment_status":"closed","ping_status":"closed","sticky":false,"template":"","format":"standard","meta":{"footnotes":""},"categories":[219],"tags":[],"class_list":["post-1120913","post","type-post","status-publish","format-standard","has-post-thumbnail","hentry","category-negocios-y-empresas"],"aioseo_notices":[],"aioseo_head":"\n\t\t<!-- All in One SEO Pro 4.9.6.2 - aioseo.com -->\n\t<meta name=\"description\" content=\"(EP) - El presidente de M\u00e9xico, Andr\u00e9s Manuel L\u00f3pez Obrador, ha confirmado que Tesla construir\u00e1 una f\u00e1brica en la ciudad mexicana de Monterrey\" \/>\n\t<meta name=\"robots\" content=\"max-image-preview:large\" \/>\n\t<meta name=\"author\" content=\"El Digital de Asturias\"\/>\n\t<meta name=\"google-site-verification\" content=\"UA-38556648-1\" \/>\n\t<meta name=\"msvalidate.01\" content=\"7dfe9f3f1b24437ab69f4f2559babe99\" \/>\n\t<meta name=\"keywords\" content=\"negocios y empresas\" \/>\n\t<link rel=\"canonical\" href=\"https:\/\/www.eldigitaldeasturias.com\/noticias\/lopez-obrador-tesla-construira-una-fabrica-en-monterrey\/\" \/>\n\t<meta name=\"generator\" content=\"All in One SEO Pro (AIOSEO) 4.9.6.2\" \/>\n\t\t<meta property=\"og:locale\" content=\"es_ES\" \/>\n\t\t<meta property=\"og:site_name\" content=\"El Digital de Asturias\" \/>\n\t\t<meta property=\"og:type\" content=\"article\" \/>\n\t\t<meta property=\"og:title\" content=\"L\u00f3pez Obrador: \u00abTesla construir\u00e1 una f\u00e1brica en Monterrey\u00bb - El Digital de Asturias\" \/>\n\t\t<meta property=\"og:description\" content=\"(EP) - El presidente de M\u00e9xico, Andr\u00e9s Manuel L\u00f3pez Obrador, ha confirmado que Tesla construir\u00e1 una f\u00e1brica en la ciudad mexicana de Monterrey\" \/>\n\t\t<meta property=\"og:url\" content=\"https:\/\/www.eldigitaldeasturias.com\/noticias\/lopez-obrador-tesla-construira-una-fabrica-en-monterrey\/\" \/>\n\t\t<meta property=\"og:image\" content=\"https:\/\/www.eldigitaldeasturias.com\/noticias\/wp-content\/uploads\/2023\/02\/Obrador.jpg\" \/>\n\t\t<meta property=\"og:image:secure_url\" content=\"https:\/\/www.eldigitaldeasturias.com\/noticias\/wp-content\/uploads\/2023\/02\/Obrador.jpg\" \/>\n\t\t<meta property=\"og:image:width\" content=\"1010\" \/>\n\t\t<meta property=\"og:image:height\" content=\"671\" \/>\n\t\t<meta property=\"article:tag\" content=\"negocios y empresas\" \/>\n\t\t<meta property=\"article:published_time\" content=\"2023-02-28T15:54:16+00:00\" \/>\n\t\t<meta property=\"article:modified_time\" content=\"2023-02-28T15:54:16+00:00\" \/>\n\t\t<meta property=\"article:publisher\" content=\"https:\/\/facebook.com\/eldigitaldeasturias\" \/>\n\t\t<meta name=\"twitter:card\" content=\"summary_large_image\" \/>\n\t\t<meta name=\"twitter:title\" content=\"L\u00f3pez Obrador: \u00abTesla construir\u00e1 una f\u00e1brica en Monterrey\u00bb - El Digital de Asturias\" \/>\n\t\t<meta name=\"twitter:description\" content=\"(EP) - El presidente de M\u00e9xico, Andr\u00e9s Manuel L\u00f3pez Obrador, ha confirmado que Tesla construir\u00e1 una f\u00e1brica en la ciudad mexicana de Monterrey\" \/>\n\t\t<meta name=\"twitter:image\" content=\"https:\/\/www.eldigitaldeasturias.com\/noticias\/wp-content\/uploads\/2023\/02\/Obrador.jpg\" \/>\n\t\t<meta name=\"twitter:label1\" content=\"Escrito por\" \/>\n\t\t<meta name=\"twitter:data1\" content=\"El Digital de Asturias\" \/>\n\t\t<meta name=\"twitter:label2\" content=\"Tiempo de lectura estimado\" \/>\n\t\t<meta name=\"twitter:data2\" content=\"2 minutos\" \/>\n\t\t<script type=\"application\/ld+json\" class=\"aioseo-schema\">\n\t\t\t{\"@context\":\"https:\\\/\\\/schema.org\",\"@graph\":[{\"@type\":\"BlogPosting\",\"@id\":\"https:\\\/\\\/www.eldigitaldeasturias.com\\\/noticias\\\/lopez-obrador-tesla-construira-una-fabrica-en-monterrey\\\/#blogposting\",\"name\":\"L\\u00f3pez Obrador: \\u00abTesla construir\\u00e1 una f\\u00e1brica en Monterrey\\u00bb - El Digital de Asturias\",\"headline\":\"L\\u00f3pez Obrador: \\u00abTesla construir\\u00e1 una f\\u00e1brica en Monterrey\\u00bb\",\"author\":{\"@id\":\"https:\\\/\\\/www.eldigitaldeasturias.com\\\/noticias\\\/author\\\/admin\\\/#author\"},\"publisher\":{\"@id\":\"https:\\\/\\\/www.eldigitaldeasturias.com\\\/noticias\\\/#organization\"},\"image\":{\"@type\":\"ImageObject\",\"url\":\"https:\\\/\\\/www.eldigitaldeasturias.com\\\/noticias\\\/wp-content\\\/uploads\\\/2023\\\/02\\\/Obrador.jpg\",\"width\":1010,\"height\":671,\"caption\":\"FOTO: PRESIDENCIA DE M\\u00c9XICO \\\/ Europa Press\"},\"datePublished\":\"2023-02-28T16:54:16+01:00\",\"dateModified\":\"2023-02-28T16:54:16+01:00\",\"inLanguage\":\"es-ES\",\"mainEntityOfPage\":{\"@id\":\"https:\\\/\\\/www.eldigitaldeasturias.com\\\/noticias\\\/lopez-obrador-tesla-construira-una-fabrica-en-monterrey\\\/#webpage\"},\"isPartOf\":{\"@id\":\"https:\\\/\\\/www.eldigitaldeasturias.com\\\/noticias\\\/lopez-obrador-tesla-construira-una-fabrica-en-monterrey\\\/#webpage\"},\"articleSection\":\"Negocios y Empresas\"},{\"@type\":\"BreadcrumbList\",\"@id\":\"https:\\\/\\\/www.eldigitaldeasturias.com\\\/noticias\\\/lopez-obrador-tesla-construira-una-fabrica-en-monterrey\\\/#breadcrumblist\",\"itemListElement\":[{\"@type\":\"ListItem\",\"@id\":\"https:\\\/\\\/www.eldigitaldeasturias.com\\\/noticias#listItem\",\"position\":1,\"name\":\"Home\",\"item\":\"https:\\\/\\\/www.eldigitaldeasturias.com\\\/noticias\",\"nextItem\":{\"@type\":\"ListItem\",\"@id\":\"https:\\\/\\\/www.eldigitaldeasturias.com\\\/noticias\\\/category\\\/negocios-y-empresas\\\/#listItem\",\"name\":\"Negocios y Empresas\"}},{\"@type\":\"ListItem\",\"@id\":\"https:\\\/\\\/www.eldigitaldeasturias.com\\\/noticias\\\/category\\\/negocios-y-empresas\\\/#listItem\",\"position\":2,\"name\":\"Negocios y Empresas\",\"item\":\"https:\\\/\\\/www.eldigitaldeasturias.com\\\/noticias\\\/category\\\/negocios-y-empresas\\\/\",\"nextItem\":{\"@type\":\"ListItem\",\"@id\":\"https:\\\/\\\/www.eldigitaldeasturias.com\\\/noticias\\\/lopez-obrador-tesla-construira-una-fabrica-en-monterrey\\\/#listItem\",\"name\":\"L\\u00f3pez Obrador: \\u00abTesla construir\\u00e1 una f\\u00e1brica en Monterrey\\u00bb\"},\"previousItem\":{\"@type\":\"ListItem\",\"@id\":\"https:\\\/\\\/www.eldigitaldeasturias.com\\\/noticias#listItem\",\"name\":\"Home\"}},{\"@type\":\"ListItem\",\"@id\":\"https:\\\/\\\/www.eldigitaldeasturias.com\\\/noticias\\\/lopez-obrador-tesla-construira-una-fabrica-en-monterrey\\\/#listItem\",\"position\":3,\"name\":\"L\\u00f3pez Obrador: \\u00abTesla construir\\u00e1 una f\\u00e1brica en Monterrey\\u00bb\",\"previousItem\":{\"@type\":\"ListItem\",\"@id\":\"https:\\\/\\\/www.eldigitaldeasturias.com\\\/noticias\\\/category\\\/negocios-y-empresas\\\/#listItem\",\"name\":\"Negocios y Empresas\"}}]},{\"@type\":\"Organization\",\"@id\":\"https:\\\/\\\/www.eldigitaldeasturias.com\\\/noticias\\\/#organization\",\"name\":\"El Digital de Asturias\",\"description\":\"Hemeroteca\",\"url\":\"https:\\\/\\\/www.eldigitaldeasturias.com\\\/noticias\\\/\",\"email\":\"info@eldigitaldeasturias.com\",\"telephone\":\"+34652131393\",\"logo\":{\"@type\":\"ImageObject\",\"url\":\"https:\\\/\\\/www.eldigitaldeasturias.com\\\/noticias\\\/wp-content\\\/uploads\\\/2020\\\/12\\\/EDA.jpg\",\"@id\":\"https:\\\/\\\/www.eldigitaldeasturias.com\\\/noticias\\\/lopez-obrador-tesla-construira-una-fabrica-en-monterrey\\\/#organizationLogo\",\"width\":649,\"height\":297},\"image\":{\"@id\":\"https:\\\/\\\/www.eldigitaldeasturias.com\\\/noticias\\\/lopez-obrador-tesla-construira-una-fabrica-en-monterrey\\\/#organizationLogo\"},\"sameAs\":[\"https:\\\/\\\/facebook.com\\\/eldigitaldeasturias\",\"https:\\\/\\\/www.youtube.com\\\/channel\\\/UCZP-2wLEB9Rv6erhFmqVnvg\"],\"address\":{\"@id\":\"https:\\\/\\\/www.eldigitaldeasturias.com\\\/noticias\\\/#postaladdress\",\"@type\":\"PostalAddress\",\"streetAddress\":\"san antonio 4,\",\"postalCode\":\"33430\",\"addressLocality\":\"Cand\\u00e1s\",\"addressRegion\":\"Asturias\",\"addressCountry\":\"ES\"}},{\"@type\":\"Person\",\"@id\":\"https:\\\/\\\/www.eldigitaldeasturias.com\\\/noticias\\\/author\\\/admin\\\/#author\",\"url\":\"https:\\\/\\\/www.eldigitaldeasturias.com\\\/noticias\\\/author\\\/admin\\\/\",\"name\":\"El Digital de Asturias\",\"image\":{\"@type\":\"ImageObject\",\"@id\":\"https:\\\/\\\/www.eldigitaldeasturias.com\\\/noticias\\\/lopez-obrador-tesla-construira-una-fabrica-en-monterrey\\\/#authorImage\",\"url\":\"https:\\\/\\\/www.eldigitaldeasturias.com\\\/noticias\\\/wp-content\\\/litespeed\\\/avatar\\\/18677e78aa0546b92d9dbf31ec7d7668.jpg?ver=1777290358\",\"width\":96,\"height\":96,\"caption\":\"El Digital de Asturias\"}},{\"@type\":\"WebPage\",\"@id\":\"https:\\\/\\\/www.eldigitaldeasturias.com\\\/noticias\\\/lopez-obrador-tesla-construira-una-fabrica-en-monterrey\\\/#webpage\",\"url\":\"https:\\\/\\\/www.eldigitaldeasturias.com\\\/noticias\\\/lopez-obrador-tesla-construira-una-fabrica-en-monterrey\\\/\",\"name\":\"L\\u00f3pez Obrador: \\u00abTesla construir\\u00e1 una f\\u00e1brica en Monterrey\\u00bb - El Digital de Asturias\",\"description\":\"(EP) - El presidente de M\\u00e9xico, Andr\\u00e9s Manuel L\\u00f3pez Obrador, ha confirmado que Tesla construir\\u00e1 una f\\u00e1brica en la ciudad mexicana de Monterrey\",\"inLanguage\":\"es-ES\",\"isPartOf\":{\"@id\":\"https:\\\/\\\/www.eldigitaldeasturias.com\\\/noticias\\\/#website\"},\"breadcrumb\":{\"@id\":\"https:\\\/\\\/www.eldigitaldeasturias.com\\\/noticias\\\/lopez-obrador-tesla-construira-una-fabrica-en-monterrey\\\/#breadcrumblist\"},\"author\":{\"@id\":\"https:\\\/\\\/www.eldigitaldeasturias.com\\\/noticias\\\/author\\\/admin\\\/#author\"},\"creator\":{\"@id\":\"https:\\\/\\\/www.eldigitaldeasturias.com\\\/noticias\\\/author\\\/admin\\\/#author\"},\"image\":{\"@type\":\"ImageObject\",\"url\":\"https:\\\/\\\/www.eldigitaldeasturias.com\\\/noticias\\\/wp-content\\\/uploads\\\/2023\\\/02\\\/Obrador.jpg\",\"@id\":\"https:\\\/\\\/www.eldigitaldeasturias.com\\\/noticias\\\/lopez-obrador-tesla-construira-una-fabrica-en-monterrey\\\/#mainImage\",\"width\":1010,\"height\":671,\"caption\":\"FOTO: PRESIDENCIA DE M\\u00c9XICO \\\/ Europa Press\"},\"primaryImageOfPage\":{\"@id\":\"https:\\\/\\\/www.eldigitaldeasturias.com\\\/noticias\\\/lopez-obrador-tesla-construira-una-fabrica-en-monterrey\\\/#mainImage\"},\"datePublished\":\"2023-02-28T16:54:16+01:00\",\"dateModified\":\"2023-02-28T16:54:16+01:00\"},{\"@type\":\"WebSite\",\"@id\":\"https:\\\/\\\/www.eldigitaldeasturias.com\\\/noticias\\\/#website\",\"url\":\"https:\\\/\\\/www.eldigitaldeasturias.com\\\/noticias\\\/\",\"name\":\"El Digital de Asturias - Diario de actualidad y noticias\",\"alternateName\":\"El Digital de Asturias - Diario de actualidad y noticias\",\"description\":\"Hemeroteca\",\"inLanguage\":\"es-ES\",\"publisher\":{\"@id\":\"https:\\\/\\\/www.eldigitaldeasturias.com\\\/noticias\\\/#organization\"}}]}\n\t\t<\/script>\n\t\t<!-- All in One SEO Pro -->\r\n\t\t<title>L\u00f3pez Obrador: \u00abTesla construir\u00e1 una f\u00e1brica en Monterrey\u00bb - El Digital de Asturias<\/title>\n\n","aioseo_head_json":{"title":"L\u00f3pez Obrador: \u00abTesla construir\u00e1 una f\u00e1brica en Monterrey\u00bb - El Digital de Asturias","description":"(EP) - El presidente de M\u00e9xico, Andr\u00e9s Manuel L\u00f3pez Obrador, ha confirmado que Tesla construir\u00e1 una f\u00e1brica en la ciudad mexicana de Monterrey","canonical_url":"https:\/\/www.eldigitaldeasturias.com\/noticias\/lopez-obrador-tesla-construira-una-fabrica-en-monterrey\/","robots":"max-image-preview:large","keywords":"negocios y empresas","webmasterTools":{"google-site-verification":"UA-38556648-1","msvalidate.01":"7dfe9f3f1b24437ab69f4f2559babe99","miscellaneous":""},"schema":{"@context":"https:\/\/schema.org","@graph":[{"@type":"BlogPosting","@id":"https:\/\/www.eldigitaldeasturias.com\/noticias\/lopez-obrador-tesla-construira-una-fabrica-en-monterrey\/#blogposting","name":"L\u00f3pez Obrador: \u00abTesla construir\u00e1 una f\u00e1brica en Monterrey\u00bb - El Digital de Asturias","headline":"L\u00f3pez Obrador: \u00abTesla construir\u00e1 una f\u00e1brica en Monterrey\u00bb","author":{"@id":"https:\/\/www.eldigitaldeasturias.com\/noticias\/author\/admin\/#author"},"publisher":{"@id":"https:\/\/www.eldigitaldeasturias.com\/noticias\/#organization"},"image":{"@type":"ImageObject","url":"https:\/\/www.eldigitaldeasturias.com\/noticias\/wp-content\/uploads\/2023\/02\/Obrador.jpg","width":1010,"height":671,"caption":"FOTO: PRESIDENCIA DE M\u00c9XICO \/ Europa Press"},"datePublished":"2023-02-28T16:54:16+01:00","dateModified":"2023-02-28T16:54:16+01:00","inLanguage":"es-ES","mainEntityOfPage":{"@id":"https:\/\/www.eldigitaldeasturias.com\/noticias\/lopez-obrador-tesla-construira-una-fabrica-en-monterrey\/#webpage"},"isPartOf":{"@id":"https:\/\/www.eldigitaldeasturias.com\/noticias\/lopez-obrador-tesla-construira-una-fabrica-en-monterrey\/#webpage"},"articleSection":"Negocios y Empresas"},{"@type":"BreadcrumbList","@id":"https:\/\/www.eldigitaldeasturias.com\/noticias\/lopez-obrador-tesla-construira-una-fabrica-en-monterrey\/#breadcrumblist","itemListElement":[{"@type":"ListItem","@id":"https:\/\/www.eldigitaldeasturias.com\/noticias#listItem","position":1,"name":"Home","item":"https:\/\/www.eldigitaldeasturias.com\/noticias","nextItem":{"@type":"ListItem","@id":"https:\/\/www.eldigitaldeasturias.com\/noticias\/category\/negocios-y-empresas\/#listItem","name":"Negocios y Empresas"}},{"@type":"ListItem","@id":"https:\/\/www.eldigitaldeasturias.com\/noticias\/category\/negocios-y-empresas\/#listItem","position":2,"name":"Negocios y Empresas","item":"https:\/\/www.eldigitaldeasturias.com\/noticias\/category\/negocios-y-empresas\/","nextItem":{"@type":"ListItem","@id":"https:\/\/www.eldigitaldeasturias.com\/noticias\/lopez-obrador-tesla-construira-una-fabrica-en-monterrey\/#listItem","name":"L\u00f3pez Obrador: \u00abTesla construir\u00e1 una f\u00e1brica en Monterrey\u00bb"},"previousItem":{"@type":"ListItem","@id":"https:\/\/www.eldigitaldeasturias.com\/noticias#listItem","name":"Home"}},{"@type":"ListItem","@id":"https:\/\/www.eldigitaldeasturias.com\/noticias\/lopez-obrador-tesla-construira-una-fabrica-en-monterrey\/#listItem","position":3,"name":"L\u00f3pez Obrador: \u00abTesla construir\u00e1 una f\u00e1brica en Monterrey\u00bb","previousItem":{"@type":"ListItem","@id":"https:\/\/www.eldigitaldeasturias.com\/noticias\/category\/negocios-y-empresas\/#listItem","name":"Negocios y Empresas"}}]},{"@type":"Organization","@id":"https:\/\/www.eldigitaldeasturias.com\/noticias\/#organization","name":"El Digital de Asturias","description":"Hemeroteca","url":"https:\/\/www.eldigitaldeasturias.com\/noticias\/","email":"info@eldigitaldeasturias.com","telephone":"+34652131393","logo":{"@type":"ImageObject","url":"https:\/\/www.eldigitaldeasturias.com\/noticias\/wp-content\/uploads\/2020\/12\/EDA.jpg","@id":"https:\/\/www.eldigitaldeasturias.com\/noticias\/lopez-obrador-tesla-construira-una-fabrica-en-monterrey\/#organizationLogo","width":649,"height":297},"image":{"@id":"https:\/\/www.eldigitaldeasturias.com\/noticias\/lopez-obrador-tesla-construira-una-fabrica-en-monterrey\/#organizationLogo"},"sameAs":["https:\/\/facebook.com\/eldigitaldeasturias","https:\/\/www.youtube.com\/channel\/UCZP-2wLEB9Rv6erhFmqVnvg"],"address":{"@id":"https:\/\/www.eldigitaldeasturias.com\/noticias\/#postaladdress","@type":"PostalAddress","streetAddress":"san antonio 4,","postalCode":"33430","addressLocality":"Cand\u00e1s","addressRegion":"Asturias","addressCountry":"ES"}},{"@type":"Person","@id":"https:\/\/www.eldigitaldeasturias.com\/noticias\/author\/admin\/#author","url":"https:\/\/www.eldigitaldeasturias.com\/noticias\/author\/admin\/","name":"El Digital de Asturias","image":{"@type":"ImageObject","@id":"https:\/\/www.eldigitaldeasturias.com\/noticias\/lopez-obrador-tesla-construira-una-fabrica-en-monterrey\/#authorImage","url":"https:\/\/www.eldigitaldeasturias.com\/noticias\/wp-content\/litespeed\/avatar\/18677e78aa0546b92d9dbf31ec7d7668.jpg?ver=1777290358","width":96,"height":96,"caption":"El Digital de Asturias"}},{"@type":"WebPage","@id":"https:\/\/www.eldigitaldeasturias.com\/noticias\/lopez-obrador-tesla-construira-una-fabrica-en-monterrey\/#webpage","url":"https:\/\/www.eldigitaldeasturias.com\/noticias\/lopez-obrador-tesla-construira-una-fabrica-en-monterrey\/","name":"L\u00f3pez Obrador: \u00abTesla construir\u00e1 una f\u00e1brica en Monterrey\u00bb - El Digital de Asturias","description":"(EP) - El presidente de M\u00e9xico, Andr\u00e9s Manuel L\u00f3pez Obrador, ha confirmado que Tesla construir\u00e1 una f\u00e1brica en la ciudad mexicana de Monterrey","inLanguage":"es-ES","isPartOf":{"@id":"https:\/\/www.eldigitaldeasturias.com\/noticias\/#website"},"breadcrumb":{"@id":"https:\/\/www.eldigitaldeasturias.com\/noticias\/lopez-obrador-tesla-construira-una-fabrica-en-monterrey\/#breadcrumblist"},"author":{"@id":"https:\/\/www.eldigitaldeasturias.com\/noticias\/author\/admin\/#author"},"creator":{"@id":"https:\/\/www.eldigitaldeasturias.com\/noticias\/author\/admin\/#author"},"image":{"@type":"ImageObject","url":"https:\/\/www.eldigitaldeasturias.com\/noticias\/wp-content\/uploads\/2023\/02\/Obrador.jpg","@id":"https:\/\/www.eldigitaldeasturias.com\/noticias\/lopez-obrador-tesla-construira-una-fabrica-en-monterrey\/#mainImage","width":1010,"height":671,"caption":"FOTO: PRESIDENCIA DE M\u00c9XICO \/ Europa Press"},"primaryImageOfPage":{"@id":"https:\/\/www.eldigitaldeasturias.com\/noticias\/lopez-obrador-tesla-construira-una-fabrica-en-monterrey\/#mainImage"},"datePublished":"2023-02-28T16:54:16+01:00","dateModified":"2023-02-28T16:54:16+01:00"},{"@type":"WebSite","@id":"https:\/\/www.eldigitaldeasturias.com\/noticias\/#website","url":"https:\/\/www.eldigitaldeasturias.com\/noticias\/","name":"El Digital de Asturias - Diario de actualidad y noticias","alternateName":"El Digital de Asturias - Diario de actualidad y noticias","description":"Hemeroteca","inLanguage":"es-ES","publisher":{"@id":"https:\/\/www.eldigitaldeasturias.com\/noticias\/#organization"}}]},"og:locale":"es_ES","og:site_name":"El Digital de Asturias","og:type":"article","og:title":"L\u00f3pez Obrador: \u00abTesla construir\u00e1 una f\u00e1brica en Monterrey\u00bb - El Digital de Asturias","og:description":"(EP) - El presidente de M\u00e9xico, Andr\u00e9s Manuel L\u00f3pez Obrador, ha confirmado que Tesla construir\u00e1 una f\u00e1brica en la ciudad mexicana de Monterrey","og:url":"https:\/\/www.eldigitaldeasturias.com\/noticias\/lopez-obrador-tesla-construira-una-fabrica-en-monterrey\/","og:image":"https:\/\/www.eldigitaldeasturias.com\/noticias\/wp-content\/uploads\/2023\/02\/Obrador.jpg","og:image:secure_url":"https:\/\/www.eldigitaldeasturias.com\/noticias\/wp-content\/uploads\/2023\/02\/Obrador.jpg","og:image:width":1010,"og:image:height":671,"article:tag":["negocios y empresas"],"article:published_time":"2023-02-28T15:54:16+00:00","article:modified_time":"2023-02-28T15:54:16+00:00","article:publisher":"https:\/\/facebook.com\/eldigitaldeasturias","twitter:card":"summary_large_image","twitter:title":"L\u00f3pez Obrador: \u00abTesla construir\u00e1 una f\u00e1brica en Monterrey\u00bb - El Digital de Asturias","twitter:description":"(EP) - El presidente de M\u00e9xico, Andr\u00e9s Manuel L\u00f3pez Obrador, ha confirmado que Tesla construir\u00e1 una f\u00e1brica en la ciudad mexicana de Monterrey","twitter:image":"https:\/\/www.eldigitaldeasturias.com\/noticias\/wp-content\/uploads\/2023\/02\/Obrador.jpg","twitter:label1":"Escrito por","twitter:data1":"El Digital de Asturias","twitter:label2":"Tiempo de lectura estimado","twitter:data2":"2 minutos"},"aioseo_meta_data":{"post_id":"1120913","title":null,"description":"(EP) - El presidente de M\u00e9xico, Andr\u00e9s Manuel L\u00f3pez Obrador, ha confirmado que Tesla construir\u00e1 una f\u00e1brica en la ciudad mexicana de Monterrey","keywords":[],"keyphrases":{"focus":{"keyphrase":"Obrador","score":83,"analysis":{"keyphraseInTitle":{"score":9,"maxScore":9,"error":0},"keyphraseInDescription":{"score":9,"maxScore":9,"error":0},"keyphraseLength":{"score":9,"maxScore":9,"error":0,"length":1},"keyphraseInURL":{"score":1,"maxScore":5,"error":1},"keyphraseInIntroduction":{"score":9,"maxScore":9,"error":0},"keyphraseInSubHeadings":{"score":3,"maxScore":9,"error":1},"keyphraseInImageAlt":{"score":9,"maxScore":9,"error":0}}},"additional":[{"keyphrase":"Monterrey","score":83,"analysis":{"keyphraseInDescription":{"score":9,"maxScore":9,"error":0},"keyphraseLength":{"score":9,"maxScore":9,"error":0,"length":1},"keyphraseInIntroduction":{"score":9,"maxScore":9,"error":0},"keyphraseInImageAlt":{"score":3,"maxScore":9,"error":1}}},{"keyphrase":"Tesla ","score":83,"analysis":{"keyphraseInDescription":{"score":9,"maxScore":9,"error":0},"keyphraseLength":{"score":9,"maxScore":9,"error":0,"length":1},"keyphraseInIntroduction":{"score":9,"maxScore":9,"error":0},"keyphraseInImageAlt":{"score":3,"maxScore":9,"error":1}}},{"keyphrase":" L\u00f3pez Obrador","score":100,"analysis":{"keyphraseInDescription":{"score":9,"maxScore":9,"error":0},"keyphraseLength":{"score":9,"maxScore":9,"error":0,"length":2},"keyphraseInIntroduction":{"score":9,"maxScore":9,"error":0},"keyphraseInImageAlt":{"score":9,"maxScore":9,"error":0}}}]},"primary_term":null,"canonical_url":null,"og_title":null,"og_description":null,"og_object_type":"default","og_image_type":"default","og_image_url":null,"og_image_width":null,"og_image_height":null,"og_image_custom_url":null,"og_image_custom_fields":null,"og_video":"","og_custom_url":null,"og_article_section":null,"og_article_tags":[],"twitter_use_og":false,"twitter_card":"default","twitter_image_type":"default","twitter_image_url":null,"twitter_image_custom_url":null,"twitter_image_custom_fields":null,"twitter_title":null,"twitter_description":null,"schema":{"blockGraphs":[],"customGraphs":[],"default":{"data":{"Article":[],"Course":[],"Dataset":[],"FAQPage":[],"Movie":[],"Person":[],"Product":[],"ProductReview":[],"Car":[],"Recipe":[],"Service":[],"SoftwareApplication":[],"WebPage":[]},"graphName":"BlogPosting","isEnabled":true},"graphs":[]},"schema_type":"default","schema_type_options":null,"pillar_content":false,"robots_default":true,"robots_noindex":false,"robots_noarchive":false,"robots_nosnippet":false,"robots_nofollow":false,"robots_noimageindex":false,"robots_noodp":false,"robots_notranslate":false,"robots_max_snippet":"-1","robots_max_videopreview":"-1","robots_max_imagepreview":"large","priority":null,"frequency":"default","local_seo":null,"seo_analyzer_scan_date":"2025-10-04 21:40:06","breadcrumb_settings":null,"limit_modified_date":false,"open_ai":null,"ai":null,"created":"2023-02-28 15:38:00","updated":"2025-10-04 21:40:06"},"aioseo_breadcrumb":"<div class=\"aioseo-breadcrumbs\"><span class=\"aioseo-breadcrumb\">\n\t<a href=\"https:\/\/www.eldigitaldeasturias.com\/noticias\" title=\"Home\">Home<\/a>\n<\/span><span class=\"aioseo-breadcrumb-separator\">\u2013<\/span><span class=\"aioseo-breadcrumb\">\n\t<a href=\"https:\/\/www.eldigitaldeasturias.com\/noticias\/category\/negocios-y-empresas\/\" title=\"Negocios y Empresas\">Negocios y Empresas<\/a>\n<\/span><span class=\"aioseo-breadcrumb-separator\">\u2013<\/span><span class=\"aioseo-breadcrumb\">\n\t<a href=\"https:\/\/www.eldigitaldeasturias.com\/noticias\/lopez-obrador-tesla-construira-una-fabrica-en-monterrey\/\" title=\"L\u00f3pez Obrador: \u00abTesla construir\u00e1 una f\u00e1brica en Monterrey\u00bb\">L\u00f3pez Obrador: \u00abTesla construir\u00e1 una f\u00e1brica en Monterrey\u00bb<\/a>\n<\/span><\/div>","aioseo_breadcrumb_json":[{"label":"Home","link":"https:\/\/www.eldigitaldeasturias.com\/noticias"},{"label":"Negocios y Empresas","link":"https:\/\/www.eldigitaldeasturias.com\/noticias\/category\/negocios-y-empresas\/"},{"label":"L\u00f3pez Obrador: \u00abTesla construir\u00e1 una f\u00e1brica en Monterrey\u00bb","link":"https:\/\/www.eldigitaldeasturias.com\/noticias\/lopez-obrador-tesla-construira-una-fabrica-en-monterrey\/"}],"_links":{"self":[{"href":"https:\/\/www.eldigitaldeasturias.com\/noticias\/wp-json\/wp\/v2\/posts\/1120913","targetHints":{"allow":["GET"]}}],"collection":[{"href":"https:\/\/www.eldigitaldeasturias.com\/noticias\/wp-json\/wp\/v2\/posts"}],"about":[{"href":"https:\/\/www.eldigitaldeasturias.com\/noticias\/wp-json\/wp\/v2\/types\/post"}],"author":[{"embeddable":true,"href":"https:\/\/www.eldigitaldeasturias.com\/noticias\/wp-json\/wp\/v2\/users\/1"}],"replies":[{"embeddable":true,"href":"https:\/\/www.eldigitaldeasturias.com\/noticias\/wp-json\/wp\/v2\/comments?post=1120913"}],"version-history":[{"count":0,"href":"https:\/\/www.eldigitaldeasturias.com\/noticias\/wp-json\/wp\/v2\/posts\/1120913\/revisions"}],"wp:featuredmedia":[{"embeddable":true,"href":"https:\/\/www.eldigitaldeasturias.com\/noticias\/wp-json\/wp\/v2\/media\/1120914"}],"wp:attachment":[{"href":"https:\/\/www.eldigitaldeasturias.com\/noticias\/wp-json\/wp\/v2\/media?parent=1120913"}],"wp:term":[{"taxonomy":"category","embeddable":true,"href":"https:\/\/www.eldigitaldeasturias.com\/noticias\/wp-json\/wp\/v2\/categories?post=1120913"},{"taxonomy":"post_tag","embeddable":true,"href":"https:\/\/www.eldigitaldeasturias.com\/noticias\/wp-json\/wp\/v2\/tags?post=1120913"}],"curies":[{"name":"wp","href":"https:\/\/api.w.org\/{rel}","templated":true}]}}