{"id":1120910,"date":"2023-02-27T23:59:36","date_gmt":"2023-02-27T22:59:36","guid":{"rendered":"https:\/\/www.eldigitaldeasturias.com\/noticias\/?p=1120910"},"modified":"2023-02-27T23:59:36","modified_gmt":"2023-02-27T22:59:36","slug":"alquila-los-mejores-camiones-pluma-para-tus-trabajos-en-altura","status":"publish","type":"post","link":"https:\/\/www.eldigitaldeasturias.com\/noticias\/alquila-los-mejores-camiones-pluma-para-tus-trabajos-en-altura\/","title":{"rendered":"Alquila los mejores camiones pluma para tus trabajos en altura"},"content":{"rendered":"<p><i><span style=\"font-weight: 400;\">La maquinaria que se emplea en sectores como el de la construcci\u00f3n o el de la log\u00edstica debe estar sujeta a un grado de excelencia incontestable. De hecho, su propia manipulaci\u00f3n ha de caer en manos de especialistas de rigor, quienes aseguran que todo se desarrolla sin ning\u00fan tipo de incidente de por medio. En este orden de ideas, los camiones pluma son un recurso clave para todo tipo de trabajos que exigen tanto llegar a grandes alturas como manipular cargas pesadas. Por lo que, si tu empresa tiene alg\u00fan tipo de cometido de estas caracter\u00edsticas por delante, es importante saber en manos de qui\u00e9n ponerse en todo momento.<\/span><\/i><span style=\"font-weight: 400;\">\u00a0<\/span><\/p>\n<p><img loading=\"lazy\" decoding=\"async\" class=\"aligncenter wp-image-1120911 size-full\" src=\"https:\/\/www.eldigitaldeasturias.com\/noticias\/wp-content\/uploads\/2023\/02\/camiones-pluma.jpg\" alt=\"camiones pluma\" width=\"557\" height=\"356\" srcset=\"https:\/\/www.eldigitaldeasturias.com\/noticias\/wp-content\/uploads\/2023\/02\/camiones-pluma.jpg 557w, https:\/\/www.eldigitaldeasturias.com\/noticias\/wp-content\/uploads\/2023\/02\/camiones-pluma-360x230.jpg 360w, https:\/\/www.eldigitaldeasturias.com\/noticias\/wp-content\/uploads\/2023\/02\/camiones-pluma-469x300.jpg 469w, https:\/\/www.eldigitaldeasturias.com\/noticias\/wp-content\/uploads\/2023\/02\/camiones-pluma-150x96.jpg 150w, https:\/\/www.eldigitaldeasturias.com\/noticias\/wp-content\/uploads\/2023\/02\/camiones-pluma-450x288.jpg 450w\" sizes=\"auto, (max-width: 557px) 100vw, 557px\" \/><\/p>\n<h2><span style=\"font-weight: 400;\">Cu\u00e1ndo se necesita un cami\u00f3n pluma<\/span><\/h2>\n<p><span style=\"font-weight: 400;\">Los camiones gr\u00faa, tambi\u00e9n conocidos por muchos como <\/span><span style=\"color: #ff6600;\"><a style=\"color: #ff6600;\" href=\"https:\/\/www.gruasyuguero.com\/alquiler-camion-grua-pluma\/\" target=\"_blank\" rel=\"noopener\"><span style=\"font-weight: 400;\">camiones con pluma<\/span><\/a><\/span><span style=\"font-weight: 400;\">, son veh\u00edculos de gran envergadura destinados al transporte de cargas de gran peso. Su estructura est\u00e1 dise\u00f1ada para llevar a cabo este tipo de labores con una eficiencia y seguridad inigualables, ya que <\/span><b>cuentan con un caparaz\u00f3n en el que se hallan los anclajes y los sistemas de rodamiento<\/b><span style=\"font-weight: 400;\">. Los cuales permiten que su columna gire. Asimismo, disponen de un sistema de brazos, uno hidr\u00e1ulico para la gr\u00faa y unos estabilizadores, haciendo que todo se maneje con un control incontestable.<\/span><\/p>\n<p><span style=\"font-weight: 400;\">Gracias a este maravilloso sistema de ingenier\u00eda, <\/span><b>el brazo de la gr\u00faa puede alcanzar hasta 25 metros de altura<\/b><span style=\"font-weight: 400;\">. Con una potencia de elevaci\u00f3n que supera los 350 caballos, lo cual <\/span><b>le da la fuerza necesaria como para subir mercanc\u00edas con pesos sustanciales<\/b><span style=\"font-weight: 400;\">. Si tenemos esto en cuenta, es evidente que sectores como el de la construcci\u00f3n y el de la log\u00edstica se benefician en gran medida de dichos camiones. Un recurso fundamental cuando se deben mover contenedores y dem\u00e1s elementos que se puedan necesitar en este tipo de trabajos.<\/span><\/p>\n<p><span style=\"font-weight: 400;\">No obstante, para dejarlo todo lo m\u00e1s claro posible, queremos poner unos cuantos ejemplos pr\u00e1cticos de cu\u00e1ndo los servicios de un cami\u00f3n pluma son esenciales. En los muelles de carga y descarga de mercanc\u00edas, esta maquinaria <\/span><b>optimiza las labores de log\u00edstica al poder mover contenedores enteros<\/b><span style=\"font-weight: 400;\"> para sacarlos del barco y colocarlos en su lugar apropiado. En el caso de la construcci\u00f3n, se pueden elevar materiales para el edificio que se est\u00e1 levantando hasta la altura esperada. Tambi\u00e9n <\/span><b>son buenos recursos a la hora de introducir grandes piezas de mobiliario que no caben por las escaleras<\/b><span style=\"font-weight: 400;\">; tal y como es el caso de los sof\u00e1s o las ba\u00f1eras. Sea como sea, el objetivo siempre es el mismo: llegar a alturas sustanciales con cargas pesadas.<\/span><span style=\"font-weight: 400;\">\u00a0<\/span><\/p>\n<h2><span style=\"font-weight: 400;\">C\u00f3mo dar con las mejores empresas del sector<\/span><\/h2>\n<p><span style=\"font-weight: 400;\">Puesto que hablamos de trabajos muy concretos y de maquinarias de enorme coste econ\u00f3mico, lo m\u00e1s adecuado es <\/span><b>recurrir a empresas especializadas en su alquiler cada vez que necesitemos esta maquinaria.<\/b><span style=\"font-weight: 400;\"> De lo contrario, haremos una inversi\u00f3n dr\u00e1stica que jam\u00e1s veremos reflejada en nuestras cuentas de forma positiva. Ahora bien, \u00bfc\u00f3mo puedes dar con una agencia especializada en este sector y asegurar unos resultados impecables en todos los casos?<\/span><\/p>\n<p><b>Quien pone en alquiler un cami\u00f3n pluma debe hacerlo siguiendo todos los protocolos de seguridad<\/b><span style=\"font-weight: 400;\">. La mera manipulaci\u00f3n de estos veh\u00edculos no solo pone en riesgos a los operarios, sino a todos los que se encuentran en la zona en la que se va a utilizar. Por consiguiente, lo primero que debes hacer es asegurarte de que la compa\u00f1\u00eda en cuesti\u00f3n <\/span><b>dispone de todos los certificados correspondientes<\/b><span style=\"font-weight: 400;\">; tanto los asociados a los propios caminos como aquellos que habilitan al personal para su correspondiente manipulaci\u00f3n.<\/span><\/p>\n<p><span style=\"font-weight: 400;\">En cuanto a los valores corporativos en los que deber\u00edas priorizar, encontramos algunos como la agilidad, la eficiencia y el compromiso empresarial. De este modo, sabr\u00e1s que <\/span><b>el trabajo que tienes por delante se va a resolver sin retrasos ni ning\u00fan tipo de improviso<\/b><span style=\"font-weight: 400;\">. Una informaci\u00f3n a la que tienes acceso en internet, bien sea en las propias plataformas online de las empresas de alquiler de camiones pluma o a trav\u00e9s de las rese\u00f1as que dejan otros clientes sobre el servicio recibido.\u00a0<\/span><\/p>\n","protected":false},"excerpt":{"rendered":"<p>La maquinaria que se emplea en sectores como el de la construcci\u00f3n o el de la log\u00edstica debe estar sujeta a un grado de excelencia incontestable. De hecho, su propia manipulaci\u00f3n ha de caer en manos de especialistas de rigor, quienes aseguran que todo se desarrolla sin ning\u00fan tipo de incidente de por medio. En [&hellip;]<\/p>\n","protected":false},"author":1,"featured_media":1120911,"comment_status":"closed","ping_status":"closed","sticky":false,"template":"","format":"standard","meta":{"footnotes":""},"categories":[219],"tags":[],"class_list":["post-1120910","post","type-post","status-publish","format-standard","has-post-thumbnail","hentry","category-negocios-y-empresas"],"aioseo_notices":[],"aioseo_head":"\n\t\t<!-- All in One SEO Pro 4.9.6.2 - aioseo.com -->\n\t<meta name=\"description\" content=\"La maquinaria que se emplea en sectores como el de la construcci\u00f3n o el de la log\u00edstica debe estar sujeta a un grado de excelencia incontestable. De hecho\" \/>\n\t<meta name=\"robots\" content=\"max-image-preview:large\" \/>\n\t<meta name=\"author\" content=\"El Digital de Asturias\"\/>\n\t<meta name=\"google-site-verification\" content=\"UA-38556648-1\" \/>\n\t<meta name=\"msvalidate.01\" content=\"7dfe9f3f1b24437ab69f4f2559babe99\" \/>\n\t<meta name=\"keywords\" content=\"negocios y empresas\" \/>\n\t<link rel=\"canonical\" href=\"https:\/\/www.eldigitaldeasturias.com\/noticias\/alquila-los-mejores-camiones-pluma-para-tus-trabajos-en-altura\/\" \/>\n\t<meta name=\"generator\" content=\"All in One SEO Pro (AIOSEO) 4.9.6.2\" \/>\n\t\t<meta property=\"og:locale\" content=\"es_ES\" \/>\n\t\t<meta property=\"og:site_name\" content=\"El Digital de Asturias\" \/>\n\t\t<meta property=\"og:type\" content=\"article\" \/>\n\t\t<meta property=\"og:title\" content=\"Alquila los mejores camiones pluma para tus trabajos en altura - El Digital de Asturias\" \/>\n\t\t<meta property=\"og:description\" content=\"La maquinaria que se emplea en sectores como el de la construcci\u00f3n o el de la log\u00edstica debe estar sujeta a un grado de excelencia incontestable. De hecho\" \/>\n\t\t<meta property=\"og:url\" content=\"https:\/\/www.eldigitaldeasturias.com\/noticias\/alquila-los-mejores-camiones-pluma-para-tus-trabajos-en-altura\/\" \/>\n\t\t<meta property=\"og:image\" content=\"https:\/\/www.eldigitaldeasturias.com\/noticias\/wp-content\/uploads\/2023\/02\/camiones-pluma.jpg\" \/>\n\t\t<meta property=\"og:image:secure_url\" content=\"https:\/\/www.eldigitaldeasturias.com\/noticias\/wp-content\/uploads\/2023\/02\/camiones-pluma.jpg\" \/>\n\t\t<meta property=\"og:image:width\" content=\"557\" \/>\n\t\t<meta property=\"og:image:height\" content=\"356\" \/>\n\t\t<meta property=\"article:tag\" content=\"negocios y empresas\" \/>\n\t\t<meta property=\"article:published_time\" content=\"2023-02-27T22:59:36+00:00\" \/>\n\t\t<meta property=\"article:modified_time\" content=\"2023-02-27T22:59:36+00:00\" \/>\n\t\t<meta property=\"article:publisher\" content=\"https:\/\/facebook.com\/eldigitaldeasturias\" \/>\n\t\t<meta name=\"twitter:card\" content=\"summary_large_image\" \/>\n\t\t<meta name=\"twitter:title\" content=\"Alquila los mejores camiones pluma para tus trabajos en altura - El Digital de Asturias\" \/>\n\t\t<meta name=\"twitter:description\" content=\"La maquinaria que se emplea en sectores como el de la construcci\u00f3n o el de la log\u00edstica debe estar sujeta a un grado de excelencia incontestable. De hecho\" \/>\n\t\t<meta name=\"twitter:image\" content=\"https:\/\/www.eldigitaldeasturias.com\/noticias\/wp-content\/uploads\/2023\/02\/camiones-pluma.jpg\" \/>\n\t\t<meta name=\"twitter:label1\" content=\"Escrito por\" \/>\n\t\t<meta name=\"twitter:data1\" content=\"El Digital de Asturias\" \/>\n\t\t<meta name=\"twitter:label2\" content=\"Tiempo de lectura estimado\" \/>\n\t\t<meta name=\"twitter:data2\" content=\"4 minutos\" \/>\n\t\t<script type=\"application\/ld+json\" class=\"aioseo-schema\">\n\t\t\t{\"@context\":\"https:\\\/\\\/schema.org\",\"@graph\":[{\"@type\":\"BlogPosting\",\"@id\":\"https:\\\/\\\/www.eldigitaldeasturias.com\\\/noticias\\\/alquila-los-mejores-camiones-pluma-para-tus-trabajos-en-altura\\\/#blogposting\",\"name\":\"Alquila los mejores camiones pluma para tus trabajos en altura - El Digital de Asturias\",\"headline\":\"Alquila los mejores camiones pluma para tus trabajos en altura\",\"author\":{\"@id\":\"https:\\\/\\\/www.eldigitaldeasturias.com\\\/noticias\\\/author\\\/admin\\\/#author\"},\"publisher\":{\"@id\":\"https:\\\/\\\/www.eldigitaldeasturias.com\\\/noticias\\\/#organization\"},\"image\":{\"@type\":\"ImageObject\",\"url\":\"https:\\\/\\\/www.eldigitaldeasturias.com\\\/noticias\\\/wp-content\\\/uploads\\\/2023\\\/02\\\/camiones-pluma.jpg\",\"width\":557,\"height\":356,\"caption\":\"camiones pluma\"},\"datePublished\":\"2023-02-27T23:59:36+01:00\",\"dateModified\":\"2023-02-27T23:59:36+01:00\",\"inLanguage\":\"es-ES\",\"mainEntityOfPage\":{\"@id\":\"https:\\\/\\\/www.eldigitaldeasturias.com\\\/noticias\\\/alquila-los-mejores-camiones-pluma-para-tus-trabajos-en-altura\\\/#webpage\"},\"isPartOf\":{\"@id\":\"https:\\\/\\\/www.eldigitaldeasturias.com\\\/noticias\\\/alquila-los-mejores-camiones-pluma-para-tus-trabajos-en-altura\\\/#webpage\"},\"articleSection\":\"Negocios y Empresas\"},{\"@type\":\"BreadcrumbList\",\"@id\":\"https:\\\/\\\/www.eldigitaldeasturias.com\\\/noticias\\\/alquila-los-mejores-camiones-pluma-para-tus-trabajos-en-altura\\\/#breadcrumblist\",\"itemListElement\":[{\"@type\":\"ListItem\",\"@id\":\"https:\\\/\\\/www.eldigitaldeasturias.com\\\/noticias#listItem\",\"position\":1,\"name\":\"Home\",\"item\":\"https:\\\/\\\/www.eldigitaldeasturias.com\\\/noticias\",\"nextItem\":{\"@type\":\"ListItem\",\"@id\":\"https:\\\/\\\/www.eldigitaldeasturias.com\\\/noticias\\\/category\\\/negocios-y-empresas\\\/#listItem\",\"name\":\"Negocios y Empresas\"}},{\"@type\":\"ListItem\",\"@id\":\"https:\\\/\\\/www.eldigitaldeasturias.com\\\/noticias\\\/category\\\/negocios-y-empresas\\\/#listItem\",\"position\":2,\"name\":\"Negocios y Empresas\",\"item\":\"https:\\\/\\\/www.eldigitaldeasturias.com\\\/noticias\\\/category\\\/negocios-y-empresas\\\/\",\"nextItem\":{\"@type\":\"ListItem\",\"@id\":\"https:\\\/\\\/www.eldigitaldeasturias.com\\\/noticias\\\/alquila-los-mejores-camiones-pluma-para-tus-trabajos-en-altura\\\/#listItem\",\"name\":\"Alquila los mejores camiones pluma para tus trabajos en altura\"},\"previousItem\":{\"@type\":\"ListItem\",\"@id\":\"https:\\\/\\\/www.eldigitaldeasturias.com\\\/noticias#listItem\",\"name\":\"Home\"}},{\"@type\":\"ListItem\",\"@id\":\"https:\\\/\\\/www.eldigitaldeasturias.com\\\/noticias\\\/alquila-los-mejores-camiones-pluma-para-tus-trabajos-en-altura\\\/#listItem\",\"position\":3,\"name\":\"Alquila los mejores camiones pluma para tus trabajos en altura\",\"previousItem\":{\"@type\":\"ListItem\",\"@id\":\"https:\\\/\\\/www.eldigitaldeasturias.com\\\/noticias\\\/category\\\/negocios-y-empresas\\\/#listItem\",\"name\":\"Negocios y Empresas\"}}]},{\"@type\":\"Organization\",\"@id\":\"https:\\\/\\\/www.eldigitaldeasturias.com\\\/noticias\\\/#organization\",\"name\":\"El Digital de Asturias\",\"description\":\"Hemeroteca\",\"url\":\"https:\\\/\\\/www.eldigitaldeasturias.com\\\/noticias\\\/\",\"email\":\"info@eldigitaldeasturias.com\",\"telephone\":\"+34652131393\",\"logo\":{\"@type\":\"ImageObject\",\"url\":\"https:\\\/\\\/www.eldigitaldeasturias.com\\\/noticias\\\/wp-content\\\/uploads\\\/2020\\\/12\\\/EDA.jpg\",\"@id\":\"https:\\\/\\\/www.eldigitaldeasturias.com\\\/noticias\\\/alquila-los-mejores-camiones-pluma-para-tus-trabajos-en-altura\\\/#organizationLogo\",\"width\":649,\"height\":297},\"image\":{\"@id\":\"https:\\\/\\\/www.eldigitaldeasturias.com\\\/noticias\\\/alquila-los-mejores-camiones-pluma-para-tus-trabajos-en-altura\\\/#organizationLogo\"},\"sameAs\":[\"https:\\\/\\\/facebook.com\\\/eldigitaldeasturias\",\"https:\\\/\\\/www.youtube.com\\\/channel\\\/UCZP-2wLEB9Rv6erhFmqVnvg\"],\"address\":{\"@id\":\"https:\\\/\\\/www.eldigitaldeasturias.com\\\/noticias\\\/#postaladdress\",\"@type\":\"PostalAddress\",\"streetAddress\":\"san antonio 4,\",\"postalCode\":\"33430\",\"addressLocality\":\"Cand\\u00e1s\",\"addressRegion\":\"Asturias\",\"addressCountry\":\"ES\"}},{\"@type\":\"Person\",\"@id\":\"https:\\\/\\\/www.eldigitaldeasturias.com\\\/noticias\\\/author\\\/admin\\\/#author\",\"url\":\"https:\\\/\\\/www.eldigitaldeasturias.com\\\/noticias\\\/author\\\/admin\\\/\",\"name\":\"El Digital de Asturias\",\"image\":{\"@type\":\"ImageObject\",\"@id\":\"https:\\\/\\\/www.eldigitaldeasturias.com\\\/noticias\\\/alquila-los-mejores-camiones-pluma-para-tus-trabajos-en-altura\\\/#authorImage\",\"url\":\"https:\\\/\\\/www.eldigitaldeasturias.com\\\/noticias\\\/wp-content\\\/litespeed\\\/avatar\\\/18677e78aa0546b92d9dbf31ec7d7668.jpg?ver=1777290358\",\"width\":96,\"height\":96,\"caption\":\"El Digital de Asturias\"}},{\"@type\":\"WebPage\",\"@id\":\"https:\\\/\\\/www.eldigitaldeasturias.com\\\/noticias\\\/alquila-los-mejores-camiones-pluma-para-tus-trabajos-en-altura\\\/#webpage\",\"url\":\"https:\\\/\\\/www.eldigitaldeasturias.com\\\/noticias\\\/alquila-los-mejores-camiones-pluma-para-tus-trabajos-en-altura\\\/\",\"name\":\"Alquila los mejores camiones pluma para tus trabajos en altura - El Digital de Asturias\",\"description\":\"La maquinaria que se emplea en sectores como el de la construcci\\u00f3n o el de la log\\u00edstica debe estar sujeta a un grado de excelencia incontestable. De hecho\",\"inLanguage\":\"es-ES\",\"isPartOf\":{\"@id\":\"https:\\\/\\\/www.eldigitaldeasturias.com\\\/noticias\\\/#website\"},\"breadcrumb\":{\"@id\":\"https:\\\/\\\/www.eldigitaldeasturias.com\\\/noticias\\\/alquila-los-mejores-camiones-pluma-para-tus-trabajos-en-altura\\\/#breadcrumblist\"},\"author\":{\"@id\":\"https:\\\/\\\/www.eldigitaldeasturias.com\\\/noticias\\\/author\\\/admin\\\/#author\"},\"creator\":{\"@id\":\"https:\\\/\\\/www.eldigitaldeasturias.com\\\/noticias\\\/author\\\/admin\\\/#author\"},\"image\":{\"@type\":\"ImageObject\",\"url\":\"https:\\\/\\\/www.eldigitaldeasturias.com\\\/noticias\\\/wp-content\\\/uploads\\\/2023\\\/02\\\/camiones-pluma.jpg\",\"@id\":\"https:\\\/\\\/www.eldigitaldeasturias.com\\\/noticias\\\/alquila-los-mejores-camiones-pluma-para-tus-trabajos-en-altura\\\/#mainImage\",\"width\":557,\"height\":356,\"caption\":\"camiones pluma\"},\"primaryImageOfPage\":{\"@id\":\"https:\\\/\\\/www.eldigitaldeasturias.com\\\/noticias\\\/alquila-los-mejores-camiones-pluma-para-tus-trabajos-en-altura\\\/#mainImage\"},\"datePublished\":\"2023-02-27T23:59:36+01:00\",\"dateModified\":\"2023-02-27T23:59:36+01:00\"},{\"@type\":\"WebSite\",\"@id\":\"https:\\\/\\\/www.eldigitaldeasturias.com\\\/noticias\\\/#website\",\"url\":\"https:\\\/\\\/www.eldigitaldeasturias.com\\\/noticias\\\/\",\"name\":\"El Digital de Asturias - Diario de actualidad y noticias\",\"alternateName\":\"El Digital de Asturias - Diario de actualidad y noticias\",\"description\":\"Hemeroteca\",\"inLanguage\":\"es-ES\",\"publisher\":{\"@id\":\"https:\\\/\\\/www.eldigitaldeasturias.com\\\/noticias\\\/#organization\"}}]}\n\t\t<\/script>\n\t\t<!-- All in One SEO Pro -->\r\n\t\t<title>Alquila los mejores camiones pluma para tus trabajos en altura - El Digital de Asturias<\/title>\n\n","aioseo_head_json":{"title":"Alquila los mejores camiones pluma para tus trabajos en altura - El Digital de Asturias","description":"La maquinaria que se emplea en sectores como el de la construcci\u00f3n o el de la log\u00edstica debe estar sujeta a un grado de excelencia incontestable. De hecho","canonical_url":"https:\/\/www.eldigitaldeasturias.com\/noticias\/alquila-los-mejores-camiones-pluma-para-tus-trabajos-en-altura\/","robots":"max-image-preview:large","keywords":"negocios y empresas","webmasterTools":{"google-site-verification":"UA-38556648-1","msvalidate.01":"7dfe9f3f1b24437ab69f4f2559babe99","miscellaneous":""},"schema":{"@context":"https:\/\/schema.org","@graph":[{"@type":"BlogPosting","@id":"https:\/\/www.eldigitaldeasturias.com\/noticias\/alquila-los-mejores-camiones-pluma-para-tus-trabajos-en-altura\/#blogposting","name":"Alquila los mejores camiones pluma para tus trabajos en altura - El Digital de Asturias","headline":"Alquila los mejores camiones pluma para tus trabajos en altura","author":{"@id":"https:\/\/www.eldigitaldeasturias.com\/noticias\/author\/admin\/#author"},"publisher":{"@id":"https:\/\/www.eldigitaldeasturias.com\/noticias\/#organization"},"image":{"@type":"ImageObject","url":"https:\/\/www.eldigitaldeasturias.com\/noticias\/wp-content\/uploads\/2023\/02\/camiones-pluma.jpg","width":557,"height":356,"caption":"camiones pluma"},"datePublished":"2023-02-27T23:59:36+01:00","dateModified":"2023-02-27T23:59:36+01:00","inLanguage":"es-ES","mainEntityOfPage":{"@id":"https:\/\/www.eldigitaldeasturias.com\/noticias\/alquila-los-mejores-camiones-pluma-para-tus-trabajos-en-altura\/#webpage"},"isPartOf":{"@id":"https:\/\/www.eldigitaldeasturias.com\/noticias\/alquila-los-mejores-camiones-pluma-para-tus-trabajos-en-altura\/#webpage"},"articleSection":"Negocios y Empresas"},{"@type":"BreadcrumbList","@id":"https:\/\/www.eldigitaldeasturias.com\/noticias\/alquila-los-mejores-camiones-pluma-para-tus-trabajos-en-altura\/#breadcrumblist","itemListElement":[{"@type":"ListItem","@id":"https:\/\/www.eldigitaldeasturias.com\/noticias#listItem","position":1,"name":"Home","item":"https:\/\/www.eldigitaldeasturias.com\/noticias","nextItem":{"@type":"ListItem","@id":"https:\/\/www.eldigitaldeasturias.com\/noticias\/category\/negocios-y-empresas\/#listItem","name":"Negocios y Empresas"}},{"@type":"ListItem","@id":"https:\/\/www.eldigitaldeasturias.com\/noticias\/category\/negocios-y-empresas\/#listItem","position":2,"name":"Negocios y Empresas","item":"https:\/\/www.eldigitaldeasturias.com\/noticias\/category\/negocios-y-empresas\/","nextItem":{"@type":"ListItem","@id":"https:\/\/www.eldigitaldeasturias.com\/noticias\/alquila-los-mejores-camiones-pluma-para-tus-trabajos-en-altura\/#listItem","name":"Alquila los mejores camiones pluma para tus trabajos en altura"},"previousItem":{"@type":"ListItem","@id":"https:\/\/www.eldigitaldeasturias.com\/noticias#listItem","name":"Home"}},{"@type":"ListItem","@id":"https:\/\/www.eldigitaldeasturias.com\/noticias\/alquila-los-mejores-camiones-pluma-para-tus-trabajos-en-altura\/#listItem","position":3,"name":"Alquila los mejores camiones pluma para tus trabajos en altura","previousItem":{"@type":"ListItem","@id":"https:\/\/www.eldigitaldeasturias.com\/noticias\/category\/negocios-y-empresas\/#listItem","name":"Negocios y Empresas"}}]},{"@type":"Organization","@id":"https:\/\/www.eldigitaldeasturias.com\/noticias\/#organization","name":"El Digital de Asturias","description":"Hemeroteca","url":"https:\/\/www.eldigitaldeasturias.com\/noticias\/","email":"info@eldigitaldeasturias.com","telephone":"+34652131393","logo":{"@type":"ImageObject","url":"https:\/\/www.eldigitaldeasturias.com\/noticias\/wp-content\/uploads\/2020\/12\/EDA.jpg","@id":"https:\/\/www.eldigitaldeasturias.com\/noticias\/alquila-los-mejores-camiones-pluma-para-tus-trabajos-en-altura\/#organizationLogo","width":649,"height":297},"image":{"@id":"https:\/\/www.eldigitaldeasturias.com\/noticias\/alquila-los-mejores-camiones-pluma-para-tus-trabajos-en-altura\/#organizationLogo"},"sameAs":["https:\/\/facebook.com\/eldigitaldeasturias","https:\/\/www.youtube.com\/channel\/UCZP-2wLEB9Rv6erhFmqVnvg"],"address":{"@id":"https:\/\/www.eldigitaldeasturias.com\/noticias\/#postaladdress","@type":"PostalAddress","streetAddress":"san antonio 4,","postalCode":"33430","addressLocality":"Cand\u00e1s","addressRegion":"Asturias","addressCountry":"ES"}},{"@type":"Person","@id":"https:\/\/www.eldigitaldeasturias.com\/noticias\/author\/admin\/#author","url":"https:\/\/www.eldigitaldeasturias.com\/noticias\/author\/admin\/","name":"El Digital de Asturias","image":{"@type":"ImageObject","@id":"https:\/\/www.eldigitaldeasturias.com\/noticias\/alquila-los-mejores-camiones-pluma-para-tus-trabajos-en-altura\/#authorImage","url":"https:\/\/www.eldigitaldeasturias.com\/noticias\/wp-content\/litespeed\/avatar\/18677e78aa0546b92d9dbf31ec7d7668.jpg?ver=1777290358","width":96,"height":96,"caption":"El Digital de Asturias"}},{"@type":"WebPage","@id":"https:\/\/www.eldigitaldeasturias.com\/noticias\/alquila-los-mejores-camiones-pluma-para-tus-trabajos-en-altura\/#webpage","url":"https:\/\/www.eldigitaldeasturias.com\/noticias\/alquila-los-mejores-camiones-pluma-para-tus-trabajos-en-altura\/","name":"Alquila los mejores camiones pluma para tus trabajos en altura - El Digital de Asturias","description":"La maquinaria que se emplea en sectores como el de la construcci\u00f3n o el de la log\u00edstica debe estar sujeta a un grado de excelencia incontestable. De hecho","inLanguage":"es-ES","isPartOf":{"@id":"https:\/\/www.eldigitaldeasturias.com\/noticias\/#website"},"breadcrumb":{"@id":"https:\/\/www.eldigitaldeasturias.com\/noticias\/alquila-los-mejores-camiones-pluma-para-tus-trabajos-en-altura\/#breadcrumblist"},"author":{"@id":"https:\/\/www.eldigitaldeasturias.com\/noticias\/author\/admin\/#author"},"creator":{"@id":"https:\/\/www.eldigitaldeasturias.com\/noticias\/author\/admin\/#author"},"image":{"@type":"ImageObject","url":"https:\/\/www.eldigitaldeasturias.com\/noticias\/wp-content\/uploads\/2023\/02\/camiones-pluma.jpg","@id":"https:\/\/www.eldigitaldeasturias.com\/noticias\/alquila-los-mejores-camiones-pluma-para-tus-trabajos-en-altura\/#mainImage","width":557,"height":356,"caption":"camiones pluma"},"primaryImageOfPage":{"@id":"https:\/\/www.eldigitaldeasturias.com\/noticias\/alquila-los-mejores-camiones-pluma-para-tus-trabajos-en-altura\/#mainImage"},"datePublished":"2023-02-27T23:59:36+01:00","dateModified":"2023-02-27T23:59:36+01:00"},{"@type":"WebSite","@id":"https:\/\/www.eldigitaldeasturias.com\/noticias\/#website","url":"https:\/\/www.eldigitaldeasturias.com\/noticias\/","name":"El Digital de Asturias - Diario de actualidad y noticias","alternateName":"El Digital de Asturias - Diario de actualidad y noticias","description":"Hemeroteca","inLanguage":"es-ES","publisher":{"@id":"https:\/\/www.eldigitaldeasturias.com\/noticias\/#organization"}}]},"og:locale":"es_ES","og:site_name":"El Digital de Asturias","og:type":"article","og:title":"Alquila los mejores camiones pluma para tus trabajos en altura - El Digital de Asturias","og:description":"La maquinaria que se emplea en sectores como el de la construcci\u00f3n o el de la log\u00edstica debe estar sujeta a un grado de excelencia incontestable. De hecho","og:url":"https:\/\/www.eldigitaldeasturias.com\/noticias\/alquila-los-mejores-camiones-pluma-para-tus-trabajos-en-altura\/","og:image":"https:\/\/www.eldigitaldeasturias.com\/noticias\/wp-content\/uploads\/2023\/02\/camiones-pluma.jpg","og:image:secure_url":"https:\/\/www.eldigitaldeasturias.com\/noticias\/wp-content\/uploads\/2023\/02\/camiones-pluma.jpg","og:image:width":557,"og:image:height":356,"article:tag":["negocios y empresas"],"article:published_time":"2023-02-27T22:59:36+00:00","article:modified_time":"2023-02-27T22:59:36+00:00","article:publisher":"https:\/\/facebook.com\/eldigitaldeasturias","twitter:card":"summary_large_image","twitter:title":"Alquila los mejores camiones pluma para tus trabajos en altura - El Digital de Asturias","twitter:description":"La maquinaria que se emplea en sectores como el de la construcci\u00f3n o el de la log\u00edstica debe estar sujeta a un grado de excelencia incontestable. De hecho","twitter:image":"https:\/\/www.eldigitaldeasturias.com\/noticias\/wp-content\/uploads\/2023\/02\/camiones-pluma.jpg","twitter:label1":"Escrito por","twitter:data1":"El Digital de Asturias","twitter:label2":"Tiempo de lectura estimado","twitter:data2":"4 minutos"},"aioseo_meta_data":{"post_id":"1120910","title":null,"description":"La maquinaria que se emplea en sectores como el de la construcci\u00f3n o el de la log\u00edstica debe estar sujeta a un grado de excelencia incontestable. De hecho","keywords":[],"keyphrases":{"focus":{"keyphrase":"camiones pluma","score":73,"analysis":{"keyphraseInTitle":{"score":9,"maxScore":9,"error":0},"keyphraseInDescription":{"score":3,"maxScore":9,"error":1},"keyphraseLength":{"score":9,"maxScore":9,"error":0,"length":2},"keyphraseInURL":{"score":1,"maxScore":5,"error":1},"keyphraseInIntroduction":{"score":9,"maxScore":9,"error":0},"keyphraseInSubHeadings":{"score":3,"maxScore":9,"error":1},"keyphraseInImageAlt":{"score":9,"maxScore":9,"error":0}}},"additional":[{"keyphrase":" maquinaria","score":100,"analysis":{"keyphraseInDescription":{"score":9,"maxScore":9,"error":0},"keyphraseLength":{"score":9,"maxScore":9,"error":0,"length":1},"keyphraseInIntroduction":{"score":9,"maxScore":9,"error":0},"keyphraseInImageAlt":{"score":9,"maxScore":9,"error":0}}},{"keyphrase":" construcci\u00f3n","score":100,"analysis":{"keyphraseInDescription":{"score":9,"maxScore":9,"error":0},"keyphraseLength":{"score":9,"maxScore":9,"error":0,"length":1},"keyphraseInIntroduction":{"score":9,"maxScore":9,"error":0},"keyphraseInImageAlt":{"score":9,"maxScore":9,"error":0}}},{"keyphrase":" log\u00edstica","score":100,"analysis":{"keyphraseInDescription":{"score":9,"maxScore":9,"error":0},"keyphraseLength":{"score":9,"maxScore":9,"error":0,"length":1},"keyphraseInIntroduction":{"score":9,"maxScore":9,"error":0},"keyphraseInImageAlt":{"score":9,"maxScore":9,"error":0}}},{"keyphrase":"camiones pluma","score":83,"analysis":{"keyphraseInDescription":{"score":3,"maxScore":9,"error":1},"keyphraseLength":{"score":9,"maxScore":9,"error":0,"length":2},"keyphraseInIntroduction":{"score":9,"maxScore":9,"error":0},"keyphraseInImageAlt":{"score":9,"maxScore":9,"error":0}}}]},"primary_term":null,"canonical_url":null,"og_title":null,"og_description":null,"og_object_type":"default","og_image_type":"default","og_image_url":null,"og_image_width":null,"og_image_height":null,"og_image_custom_url":null,"og_image_custom_fields":null,"og_video":"","og_custom_url":null,"og_article_section":null,"og_article_tags":[],"twitter_use_og":false,"twitter_card":"default","twitter_image_type":"default","twitter_image_url":null,"twitter_image_custom_url":null,"twitter_image_custom_fields":null,"twitter_title":null,"twitter_description":null,"schema":{"blockGraphs":[],"customGraphs":[],"default":{"data":{"Article":[],"Course":[],"Dataset":[],"FAQPage":[],"Movie":[],"Person":[],"Product":[],"ProductReview":[],"Car":[],"Recipe":[],"Service":[],"SoftwareApplication":[],"WebPage":[]},"graphName":"BlogPosting","isEnabled":true},"graphs":[]},"schema_type":"default","schema_type_options":null,"pillar_content":false,"robots_default":true,"robots_noindex":false,"robots_noarchive":false,"robots_nosnippet":false,"robots_nofollow":false,"robots_noimageindex":false,"robots_noodp":false,"robots_notranslate":false,"robots_max_snippet":"-1","robots_max_videopreview":"-1","robots_max_imagepreview":"large","priority":null,"frequency":"default","local_seo":null,"seo_analyzer_scan_date":"2025-10-04 21:39:33","breadcrumb_settings":null,"limit_modified_date":false,"open_ai":null,"ai":null,"created":"2023-02-27 22:23:20","updated":"2025-10-04 21:39:33"},"aioseo_breadcrumb":"<div class=\"aioseo-breadcrumbs\"><span class=\"aioseo-breadcrumb\">\n\t<a href=\"https:\/\/www.eldigitaldeasturias.com\/noticias\" title=\"Home\">Home<\/a>\n<\/span><span class=\"aioseo-breadcrumb-separator\">\u2013<\/span><span class=\"aioseo-breadcrumb\">\n\t<a href=\"https:\/\/www.eldigitaldeasturias.com\/noticias\/category\/negocios-y-empresas\/\" title=\"Negocios y Empresas\">Negocios y Empresas<\/a>\n<\/span><span class=\"aioseo-breadcrumb-separator\">\u2013<\/span><span class=\"aioseo-breadcrumb\">\n\t<a href=\"https:\/\/www.eldigitaldeasturias.com\/noticias\/alquila-los-mejores-camiones-pluma-para-tus-trabajos-en-altura\/\" title=\"Alquila los mejores camiones pluma para tus trabajos en altura\">Alquila los mejores camiones pluma para tus trabajos en altura<\/a>\n<\/span><\/div>","aioseo_breadcrumb_json":[{"label":"Home","link":"https:\/\/www.eldigitaldeasturias.com\/noticias"},{"label":"Negocios y Empresas","link":"https:\/\/www.eldigitaldeasturias.com\/noticias\/category\/negocios-y-empresas\/"},{"label":"Alquila los mejores camiones pluma para tus trabajos en altura","link":"https:\/\/www.eldigitaldeasturias.com\/noticias\/alquila-los-mejores-camiones-pluma-para-tus-trabajos-en-altura\/"}],"_links":{"self":[{"href":"https:\/\/www.eldigitaldeasturias.com\/noticias\/wp-json\/wp\/v2\/posts\/1120910","targetHints":{"allow":["GET"]}}],"collection":[{"href":"https:\/\/www.eldigitaldeasturias.com\/noticias\/wp-json\/wp\/v2\/posts"}],"about":[{"href":"https:\/\/www.eldigitaldeasturias.com\/noticias\/wp-json\/wp\/v2\/types\/post"}],"author":[{"embeddable":true,"href":"https:\/\/www.eldigitaldeasturias.com\/noticias\/wp-json\/wp\/v2\/users\/1"}],"replies":[{"embeddable":true,"href":"https:\/\/www.eldigitaldeasturias.com\/noticias\/wp-json\/wp\/v2\/comments?post=1120910"}],"version-history":[{"count":0,"href":"https:\/\/www.eldigitaldeasturias.com\/noticias\/wp-json\/wp\/v2\/posts\/1120910\/revisions"}],"wp:featuredmedia":[{"embeddable":true,"href":"https:\/\/www.eldigitaldeasturias.com\/noticias\/wp-json\/wp\/v2\/media\/1120911"}],"wp:attachment":[{"href":"https:\/\/www.eldigitaldeasturias.com\/noticias\/wp-json\/wp\/v2\/media?parent=1120910"}],"wp:term":[{"taxonomy":"category","embeddable":true,"href":"https:\/\/www.eldigitaldeasturias.com\/noticias\/wp-json\/wp\/v2\/categories?post=1120910"},{"taxonomy":"post_tag","embeddable":true,"href":"https:\/\/www.eldigitaldeasturias.com\/noticias\/wp-json\/wp\/v2\/tags?post=1120910"}],"curies":[{"name":"wp","href":"https:\/\/api.w.org\/{rel}","templated":true}]}}