{"id":1120637,"date":"2023-01-31T17:44:49","date_gmt":"2023-01-31T16:44:49","guid":{"rendered":"https:\/\/www.eldigitaldeasturias.com\/noticias\/?p=1120637"},"modified":"2023-01-31T17:44:49","modified_gmt":"2023-01-31T16:44:49","slug":"emprender-en-aviles-la-forma-de-paliar-el-paro","status":"publish","type":"post","link":"https:\/\/www.eldigitaldeasturias.com\/noticias\/emprender-en-aviles-la-forma-de-paliar-el-paro\/","title":{"rendered":"Emprender en Avil\u00e9s, la forma de paliar el paro"},"content":{"rendered":"<p>Avil\u00e9s lleva tiempo peleando por salir adelante. A la bajada considerable de nacimientos e incremento de fallecimientos se suma la bajada de empresas activas en la localidad asturiana, lo que desemboca en la creaci\u00f3n de menos empleo.<\/p>\n<p><img loading=\"lazy\" decoding=\"async\" class=\"aligncenter wp-image-1120638 size-large\" src=\"https:\/\/www.eldigitaldeasturias.com\/noticias\/wp-content\/uploads\/2023\/01\/Aviles-619x480.jpg\" alt=\"Avil\u00e9s\" width=\"619\" height=\"480\" srcset=\"https:\/\/www.eldigitaldeasturias.com\/noticias\/wp-content\/uploads\/2023\/01\/Aviles-619x480.jpg 619w, https:\/\/www.eldigitaldeasturias.com\/noticias\/wp-content\/uploads\/2023\/01\/Aviles-360x279.jpg 360w, https:\/\/www.eldigitaldeasturias.com\/noticias\/wp-content\/uploads\/2023\/01\/Aviles-387x300.jpg 387w, https:\/\/www.eldigitaldeasturias.com\/noticias\/wp-content\/uploads\/2023\/01\/Aviles-150x116.jpg 150w, https:\/\/www.eldigitaldeasturias.com\/noticias\/wp-content\/uploads\/2023\/01\/Aviles-450x349.jpg 450w, https:\/\/www.eldigitaldeasturias.com\/noticias\/wp-content\/uploads\/2023\/01\/Aviles.jpg 633w\" sizes=\"auto, (max-width: 619px) 100vw, 619px\" \/><\/p>\n<p>No obstante, con iniciativas como \u00a1Emprender es posible!, tratan de paliar el paro estructural de m\u00e1s de 2000 personas gracias a la puesta en marcha de formaciones que hablan de las 5s, de c\u00f3mo hacer un plan de negocio o de c\u00f3mo asesorarse.<\/p>\n<p>\u201cSe trata en realidad de poner la semilla emprendedora para que los j\u00f3venes y parados tengan una salida en el autoempleo. Tan solo hace falta encontrar ese servicio o idea que pueda ser de utilidad y, con la digitalizaci\u00f3n, empezar a trabajar en ello\u201d explican.<\/p>\n<p>Y es que, en realidad, basta acudir a una <strong><span style=\"color: #ff6600;\"><a style=\"color: #ff6600;\" href=\"https:\/\/mueblesdirecto.com\" target=\"_blank\" rel=\"noopener\">tienda de muebles de oficina<\/a><\/span><\/strong> para crear un despacho en la vivienda desde el que trabajar o bien acudir al coworking para tambi\u00e9n beneficiarse de la sinergia que se crea en esos espacios.<\/p>\n<h2>\u00bfQu\u00e9 es necesario para emprender en un lugar como Avil\u00e9s?<\/h2>\n<p>En primer lugar es necesario hacer un claro desarrollo de la idea de negocio, creando tambi\u00e9n un contexto en el que el estudio de mercado y su testeo sea posible para ver la viabilidad.<\/p>\n<p>Si lo es y es factible encontrar un nicho en el que desarrollar la empresa y productos o servicios, se trata de hacer un plan de negocio al uso definiendo d\u00f3nde se va a situar la sede social e incluso comprar <span style=\"color: #ff6600;\"><strong><a style=\"color: #ff6600;\" href=\"https:\/\/mueblesdirecto.com\/muebles-de-oficina-aviles\" target=\"_blank\" rel=\"noopener\">muebles de oficina en Avil\u00e9s<\/a><\/strong><\/span> para que todo sea m\u00e1s c\u00f3modo y \u00e1gil.<\/p>\n<p>En caso de necesitar espacio, es el momento de hacerse con alg\u00fan alquiler de nave que sirva para almacenar los productos que vayan a venderse &#8211; normalmente cuanto m\u00e1s se compra, mejor precio &#8211; o bien comenzar las operaciones ofreciendo los servicios.<\/p>\n<p>\u201cSiempre es aconsejable, sobre todo al principio, contar con asesores que se encarguen de todo el papeleo, licencias, registros y dem\u00e1s para operar lo antes posible. El emprendedor debe estar, precisamente, a su negocio, no a los plazos legales\u201d explican desde Muebles Directo, que est\u00e1n viendo estos meses c\u00f3mo aumentan los interesados en muebles de oficina en la zona.<\/p>\n","protected":false},"excerpt":{"rendered":"<p>Avil\u00e9s lleva tiempo peleando por salir adelante. A la bajada considerable de nacimientos e incremento de fallecimientos se suma la bajada de empresas activas en la localidad asturiana, lo que desemboca en la creaci\u00f3n de menos empleo. No obstante, con iniciativas como \u00a1Emprender es posible!, tratan de paliar el paro estructural de m\u00e1s de 2000 [&hellip;]<\/p>\n","protected":false},"author":1,"featured_media":1120638,"comment_status":"closed","ping_status":"closed","sticky":false,"template":"","format":"standard","meta":{"footnotes":""},"categories":[219],"tags":[],"class_list":["post-1120637","post","type-post","status-publish","format-standard","has-post-thumbnail","hentry","category-negocios-y-empresas"],"aioseo_notices":[],"aioseo_head":"\n\t\t<!-- All in One SEO Pro 4.9.6.2 - aioseo.com -->\n\t<meta name=\"description\" content=\"Avil\u00e9s lleva tiempo peleando por salir adelante. A la bajada considerable de nacimientos e incremento de fallecimientos se suma la bajada de empresas\" \/>\n\t<meta name=\"robots\" content=\"max-image-preview:large\" \/>\n\t<meta name=\"author\" content=\"El Digital de Asturias\"\/>\n\t<meta name=\"google-site-verification\" content=\"UA-38556648-1\" \/>\n\t<meta name=\"msvalidate.01\" content=\"7dfe9f3f1b24437ab69f4f2559babe99\" \/>\n\t<meta name=\"keywords\" content=\"negocios y empresas\" \/>\n\t<link rel=\"canonical\" href=\"https:\/\/www.eldigitaldeasturias.com\/noticias\/emprender-en-aviles-la-forma-de-paliar-el-paro\/\" \/>\n\t<meta name=\"generator\" content=\"All in One SEO Pro (AIOSEO) 4.9.6.2\" \/>\n\t\t<meta property=\"og:locale\" content=\"es_ES\" \/>\n\t\t<meta property=\"og:site_name\" content=\"El Digital de Asturias\" \/>\n\t\t<meta property=\"og:type\" content=\"article\" \/>\n\t\t<meta property=\"og:title\" content=\"Emprender en Avil\u00e9s, la forma de paliar el paro - El Digital de Asturias\" \/>\n\t\t<meta property=\"og:description\" content=\"Avil\u00e9s lleva tiempo peleando por salir adelante. A la bajada considerable de nacimientos e incremento de fallecimientos se suma la bajada de empresas\" \/>\n\t\t<meta property=\"og:url\" content=\"https:\/\/www.eldigitaldeasturias.com\/noticias\/emprender-en-aviles-la-forma-de-paliar-el-paro\/\" \/>\n\t\t<meta property=\"og:image\" content=\"https:\/\/www.eldigitaldeasturias.com\/noticias\/wp-content\/uploads\/2023\/01\/Aviles.jpg\" \/>\n\t\t<meta property=\"og:image:secure_url\" content=\"https:\/\/www.eldigitaldeasturias.com\/noticias\/wp-content\/uploads\/2023\/01\/Aviles.jpg\" \/>\n\t\t<meta property=\"og:image:width\" content=\"633\" \/>\n\t\t<meta property=\"og:image:height\" content=\"491\" \/>\n\t\t<meta property=\"article:tag\" content=\"negocios y empresas\" \/>\n\t\t<meta property=\"article:published_time\" content=\"2023-01-31T16:44:49+00:00\" \/>\n\t\t<meta property=\"article:modified_time\" content=\"2023-01-31T16:44:49+00:00\" \/>\n\t\t<meta property=\"article:publisher\" content=\"https:\/\/facebook.com\/eldigitaldeasturias\" \/>\n\t\t<meta name=\"twitter:card\" content=\"summary_large_image\" \/>\n\t\t<meta name=\"twitter:title\" content=\"Emprender en Avil\u00e9s, la forma de paliar el paro - El Digital de Asturias\" \/>\n\t\t<meta name=\"twitter:description\" content=\"Avil\u00e9s lleva tiempo peleando por salir adelante. A la bajada considerable de nacimientos e incremento de fallecimientos se suma la bajada de empresas\" \/>\n\t\t<meta name=\"twitter:image\" content=\"https:\/\/www.eldigitaldeasturias.com\/noticias\/wp-content\/uploads\/2023\/01\/Aviles.jpg\" \/>\n\t\t<meta name=\"twitter:label1\" content=\"Escrito por\" \/>\n\t\t<meta name=\"twitter:data1\" content=\"El Digital de Asturias\" \/>\n\t\t<meta name=\"twitter:label2\" content=\"Tiempo de lectura estimado\" \/>\n\t\t<meta name=\"twitter:data2\" content=\"2 minutos\" \/>\n\t\t<script type=\"application\/ld+json\" class=\"aioseo-schema\">\n\t\t\t{\"@context\":\"https:\\\/\\\/schema.org\",\"@graph\":[{\"@type\":\"BlogPosting\",\"@id\":\"https:\\\/\\\/www.eldigitaldeasturias.com\\\/noticias\\\/emprender-en-aviles-la-forma-de-paliar-el-paro\\\/#blogposting\",\"name\":\"Emprender en Avil\\u00e9s, la forma de paliar el paro - El Digital de Asturias\",\"headline\":\"Emprender en Avil\\u00e9s, la forma de paliar el paro\",\"author\":{\"@id\":\"https:\\\/\\\/www.eldigitaldeasturias.com\\\/noticias\\\/author\\\/admin\\\/#author\"},\"publisher\":{\"@id\":\"https:\\\/\\\/www.eldigitaldeasturias.com\\\/noticias\\\/#organization\"},\"image\":{\"@type\":\"ImageObject\",\"url\":\"https:\\\/\\\/www.eldigitaldeasturias.com\\\/noticias\\\/wp-content\\\/uploads\\\/2023\\\/01\\\/Aviles.jpg\",\"width\":633,\"height\":491,\"caption\":\"Avil\\u00e9s\"},\"datePublished\":\"2023-01-31T17:44:49+01:00\",\"dateModified\":\"2023-01-31T17:44:49+01:00\",\"inLanguage\":\"es-ES\",\"mainEntityOfPage\":{\"@id\":\"https:\\\/\\\/www.eldigitaldeasturias.com\\\/noticias\\\/emprender-en-aviles-la-forma-de-paliar-el-paro\\\/#webpage\"},\"isPartOf\":{\"@id\":\"https:\\\/\\\/www.eldigitaldeasturias.com\\\/noticias\\\/emprender-en-aviles-la-forma-de-paliar-el-paro\\\/#webpage\"},\"articleSection\":\"Negocios y Empresas\"},{\"@type\":\"BreadcrumbList\",\"@id\":\"https:\\\/\\\/www.eldigitaldeasturias.com\\\/noticias\\\/emprender-en-aviles-la-forma-de-paliar-el-paro\\\/#breadcrumblist\",\"itemListElement\":[{\"@type\":\"ListItem\",\"@id\":\"https:\\\/\\\/www.eldigitaldeasturias.com\\\/noticias#listItem\",\"position\":1,\"name\":\"Home\",\"item\":\"https:\\\/\\\/www.eldigitaldeasturias.com\\\/noticias\",\"nextItem\":{\"@type\":\"ListItem\",\"@id\":\"https:\\\/\\\/www.eldigitaldeasturias.com\\\/noticias\\\/category\\\/negocios-y-empresas\\\/#listItem\",\"name\":\"Negocios y Empresas\"}},{\"@type\":\"ListItem\",\"@id\":\"https:\\\/\\\/www.eldigitaldeasturias.com\\\/noticias\\\/category\\\/negocios-y-empresas\\\/#listItem\",\"position\":2,\"name\":\"Negocios y Empresas\",\"item\":\"https:\\\/\\\/www.eldigitaldeasturias.com\\\/noticias\\\/category\\\/negocios-y-empresas\\\/\",\"nextItem\":{\"@type\":\"ListItem\",\"@id\":\"https:\\\/\\\/www.eldigitaldeasturias.com\\\/noticias\\\/emprender-en-aviles-la-forma-de-paliar-el-paro\\\/#listItem\",\"name\":\"Emprender en Avil\\u00e9s, la forma de paliar el paro\"},\"previousItem\":{\"@type\":\"ListItem\",\"@id\":\"https:\\\/\\\/www.eldigitaldeasturias.com\\\/noticias#listItem\",\"name\":\"Home\"}},{\"@type\":\"ListItem\",\"@id\":\"https:\\\/\\\/www.eldigitaldeasturias.com\\\/noticias\\\/emprender-en-aviles-la-forma-de-paliar-el-paro\\\/#listItem\",\"position\":3,\"name\":\"Emprender en Avil\\u00e9s, la forma de paliar el paro\",\"previousItem\":{\"@type\":\"ListItem\",\"@id\":\"https:\\\/\\\/www.eldigitaldeasturias.com\\\/noticias\\\/category\\\/negocios-y-empresas\\\/#listItem\",\"name\":\"Negocios y Empresas\"}}]},{\"@type\":\"Organization\",\"@id\":\"https:\\\/\\\/www.eldigitaldeasturias.com\\\/noticias\\\/#organization\",\"name\":\"El Digital de Asturias\",\"description\":\"Hemeroteca\",\"url\":\"https:\\\/\\\/www.eldigitaldeasturias.com\\\/noticias\\\/\",\"email\":\"info@eldigitaldeasturias.com\",\"telephone\":\"+34652131393\",\"logo\":{\"@type\":\"ImageObject\",\"url\":\"https:\\\/\\\/www.eldigitaldeasturias.com\\\/noticias\\\/wp-content\\\/uploads\\\/2020\\\/12\\\/EDA.jpg\",\"@id\":\"https:\\\/\\\/www.eldigitaldeasturias.com\\\/noticias\\\/emprender-en-aviles-la-forma-de-paliar-el-paro\\\/#organizationLogo\",\"width\":649,\"height\":297},\"image\":{\"@id\":\"https:\\\/\\\/www.eldigitaldeasturias.com\\\/noticias\\\/emprender-en-aviles-la-forma-de-paliar-el-paro\\\/#organizationLogo\"},\"sameAs\":[\"https:\\\/\\\/facebook.com\\\/eldigitaldeasturias\",\"https:\\\/\\\/www.youtube.com\\\/channel\\\/UCZP-2wLEB9Rv6erhFmqVnvg\"],\"address\":{\"@id\":\"https:\\\/\\\/www.eldigitaldeasturias.com\\\/noticias\\\/#postaladdress\",\"@type\":\"PostalAddress\",\"streetAddress\":\"san antonio 4,\",\"postalCode\":\"33430\",\"addressLocality\":\"Cand\\u00e1s\",\"addressRegion\":\"Asturias\",\"addressCountry\":\"ES\"}},{\"@type\":\"Person\",\"@id\":\"https:\\\/\\\/www.eldigitaldeasturias.com\\\/noticias\\\/author\\\/admin\\\/#author\",\"url\":\"https:\\\/\\\/www.eldigitaldeasturias.com\\\/noticias\\\/author\\\/admin\\\/\",\"name\":\"El Digital de Asturias\",\"image\":{\"@type\":\"ImageObject\",\"@id\":\"https:\\\/\\\/www.eldigitaldeasturias.com\\\/noticias\\\/emprender-en-aviles-la-forma-de-paliar-el-paro\\\/#authorImage\",\"url\":\"https:\\\/\\\/www.eldigitaldeasturias.com\\\/noticias\\\/wp-content\\\/litespeed\\\/avatar\\\/18677e78aa0546b92d9dbf31ec7d7668.jpg?ver=1777290358\",\"width\":96,\"height\":96,\"caption\":\"El Digital de Asturias\"}},{\"@type\":\"WebPage\",\"@id\":\"https:\\\/\\\/www.eldigitaldeasturias.com\\\/noticias\\\/emprender-en-aviles-la-forma-de-paliar-el-paro\\\/#webpage\",\"url\":\"https:\\\/\\\/www.eldigitaldeasturias.com\\\/noticias\\\/emprender-en-aviles-la-forma-de-paliar-el-paro\\\/\",\"name\":\"Emprender en Avil\\u00e9s, la forma de paliar el paro - El Digital de Asturias\",\"description\":\"Avil\\u00e9s lleva tiempo peleando por salir adelante. A la bajada considerable de nacimientos e incremento de fallecimientos se suma la bajada de empresas\",\"inLanguage\":\"es-ES\",\"isPartOf\":{\"@id\":\"https:\\\/\\\/www.eldigitaldeasturias.com\\\/noticias\\\/#website\"},\"breadcrumb\":{\"@id\":\"https:\\\/\\\/www.eldigitaldeasturias.com\\\/noticias\\\/emprender-en-aviles-la-forma-de-paliar-el-paro\\\/#breadcrumblist\"},\"author\":{\"@id\":\"https:\\\/\\\/www.eldigitaldeasturias.com\\\/noticias\\\/author\\\/admin\\\/#author\"},\"creator\":{\"@id\":\"https:\\\/\\\/www.eldigitaldeasturias.com\\\/noticias\\\/author\\\/admin\\\/#author\"},\"image\":{\"@type\":\"ImageObject\",\"url\":\"https:\\\/\\\/www.eldigitaldeasturias.com\\\/noticias\\\/wp-content\\\/uploads\\\/2023\\\/01\\\/Aviles.jpg\",\"@id\":\"https:\\\/\\\/www.eldigitaldeasturias.com\\\/noticias\\\/emprender-en-aviles-la-forma-de-paliar-el-paro\\\/#mainImage\",\"width\":633,\"height\":491,\"caption\":\"Avil\\u00e9s\"},\"primaryImageOfPage\":{\"@id\":\"https:\\\/\\\/www.eldigitaldeasturias.com\\\/noticias\\\/emprender-en-aviles-la-forma-de-paliar-el-paro\\\/#mainImage\"},\"datePublished\":\"2023-01-31T17:44:49+01:00\",\"dateModified\":\"2023-01-31T17:44:49+01:00\"},{\"@type\":\"WebSite\",\"@id\":\"https:\\\/\\\/www.eldigitaldeasturias.com\\\/noticias\\\/#website\",\"url\":\"https:\\\/\\\/www.eldigitaldeasturias.com\\\/noticias\\\/\",\"name\":\"El Digital de Asturias - Diario de actualidad y noticias\",\"alternateName\":\"El Digital de Asturias - Diario de actualidad y noticias\",\"description\":\"Hemeroteca\",\"inLanguage\":\"es-ES\",\"publisher\":{\"@id\":\"https:\\\/\\\/www.eldigitaldeasturias.com\\\/noticias\\\/#organization\"}}]}\n\t\t<\/script>\n\t\t<!-- All in One SEO Pro -->\r\n\t\t<title>Emprender en Avil\u00e9s, la forma de paliar el paro - El Digital de Asturias<\/title>\n\n","aioseo_head_json":{"title":"Emprender en Avil\u00e9s, la forma de paliar el paro - El Digital de Asturias","description":"Avil\u00e9s lleva tiempo peleando por salir adelante. A la bajada considerable de nacimientos e incremento de fallecimientos se suma la bajada de empresas","canonical_url":"https:\/\/www.eldigitaldeasturias.com\/noticias\/emprender-en-aviles-la-forma-de-paliar-el-paro\/","robots":"max-image-preview:large","keywords":"negocios y empresas","webmasterTools":{"google-site-verification":"UA-38556648-1","msvalidate.01":"7dfe9f3f1b24437ab69f4f2559babe99","miscellaneous":""},"schema":{"@context":"https:\/\/schema.org","@graph":[{"@type":"BlogPosting","@id":"https:\/\/www.eldigitaldeasturias.com\/noticias\/emprender-en-aviles-la-forma-de-paliar-el-paro\/#blogposting","name":"Emprender en Avil\u00e9s, la forma de paliar el paro - El Digital de Asturias","headline":"Emprender en Avil\u00e9s, la forma de paliar el paro","author":{"@id":"https:\/\/www.eldigitaldeasturias.com\/noticias\/author\/admin\/#author"},"publisher":{"@id":"https:\/\/www.eldigitaldeasturias.com\/noticias\/#organization"},"image":{"@type":"ImageObject","url":"https:\/\/www.eldigitaldeasturias.com\/noticias\/wp-content\/uploads\/2023\/01\/Aviles.jpg","width":633,"height":491,"caption":"Avil\u00e9s"},"datePublished":"2023-01-31T17:44:49+01:00","dateModified":"2023-01-31T17:44:49+01:00","inLanguage":"es-ES","mainEntityOfPage":{"@id":"https:\/\/www.eldigitaldeasturias.com\/noticias\/emprender-en-aviles-la-forma-de-paliar-el-paro\/#webpage"},"isPartOf":{"@id":"https:\/\/www.eldigitaldeasturias.com\/noticias\/emprender-en-aviles-la-forma-de-paliar-el-paro\/#webpage"},"articleSection":"Negocios y Empresas"},{"@type":"BreadcrumbList","@id":"https:\/\/www.eldigitaldeasturias.com\/noticias\/emprender-en-aviles-la-forma-de-paliar-el-paro\/#breadcrumblist","itemListElement":[{"@type":"ListItem","@id":"https:\/\/www.eldigitaldeasturias.com\/noticias#listItem","position":1,"name":"Home","item":"https:\/\/www.eldigitaldeasturias.com\/noticias","nextItem":{"@type":"ListItem","@id":"https:\/\/www.eldigitaldeasturias.com\/noticias\/category\/negocios-y-empresas\/#listItem","name":"Negocios y Empresas"}},{"@type":"ListItem","@id":"https:\/\/www.eldigitaldeasturias.com\/noticias\/category\/negocios-y-empresas\/#listItem","position":2,"name":"Negocios y Empresas","item":"https:\/\/www.eldigitaldeasturias.com\/noticias\/category\/negocios-y-empresas\/","nextItem":{"@type":"ListItem","@id":"https:\/\/www.eldigitaldeasturias.com\/noticias\/emprender-en-aviles-la-forma-de-paliar-el-paro\/#listItem","name":"Emprender en Avil\u00e9s, la forma de paliar el paro"},"previousItem":{"@type":"ListItem","@id":"https:\/\/www.eldigitaldeasturias.com\/noticias#listItem","name":"Home"}},{"@type":"ListItem","@id":"https:\/\/www.eldigitaldeasturias.com\/noticias\/emprender-en-aviles-la-forma-de-paliar-el-paro\/#listItem","position":3,"name":"Emprender en Avil\u00e9s, la forma de paliar el paro","previousItem":{"@type":"ListItem","@id":"https:\/\/www.eldigitaldeasturias.com\/noticias\/category\/negocios-y-empresas\/#listItem","name":"Negocios y Empresas"}}]},{"@type":"Organization","@id":"https:\/\/www.eldigitaldeasturias.com\/noticias\/#organization","name":"El Digital de Asturias","description":"Hemeroteca","url":"https:\/\/www.eldigitaldeasturias.com\/noticias\/","email":"info@eldigitaldeasturias.com","telephone":"+34652131393","logo":{"@type":"ImageObject","url":"https:\/\/www.eldigitaldeasturias.com\/noticias\/wp-content\/uploads\/2020\/12\/EDA.jpg","@id":"https:\/\/www.eldigitaldeasturias.com\/noticias\/emprender-en-aviles-la-forma-de-paliar-el-paro\/#organizationLogo","width":649,"height":297},"image":{"@id":"https:\/\/www.eldigitaldeasturias.com\/noticias\/emprender-en-aviles-la-forma-de-paliar-el-paro\/#organizationLogo"},"sameAs":["https:\/\/facebook.com\/eldigitaldeasturias","https:\/\/www.youtube.com\/channel\/UCZP-2wLEB9Rv6erhFmqVnvg"],"address":{"@id":"https:\/\/www.eldigitaldeasturias.com\/noticias\/#postaladdress","@type":"PostalAddress","streetAddress":"san antonio 4,","postalCode":"33430","addressLocality":"Cand\u00e1s","addressRegion":"Asturias","addressCountry":"ES"}},{"@type":"Person","@id":"https:\/\/www.eldigitaldeasturias.com\/noticias\/author\/admin\/#author","url":"https:\/\/www.eldigitaldeasturias.com\/noticias\/author\/admin\/","name":"El Digital de Asturias","image":{"@type":"ImageObject","@id":"https:\/\/www.eldigitaldeasturias.com\/noticias\/emprender-en-aviles-la-forma-de-paliar-el-paro\/#authorImage","url":"https:\/\/www.eldigitaldeasturias.com\/noticias\/wp-content\/litespeed\/avatar\/18677e78aa0546b92d9dbf31ec7d7668.jpg?ver=1777290358","width":96,"height":96,"caption":"El Digital de Asturias"}},{"@type":"WebPage","@id":"https:\/\/www.eldigitaldeasturias.com\/noticias\/emprender-en-aviles-la-forma-de-paliar-el-paro\/#webpage","url":"https:\/\/www.eldigitaldeasturias.com\/noticias\/emprender-en-aviles-la-forma-de-paliar-el-paro\/","name":"Emprender en Avil\u00e9s, la forma de paliar el paro - El Digital de Asturias","description":"Avil\u00e9s lleva tiempo peleando por salir adelante. A la bajada considerable de nacimientos e incremento de fallecimientos se suma la bajada de empresas","inLanguage":"es-ES","isPartOf":{"@id":"https:\/\/www.eldigitaldeasturias.com\/noticias\/#website"},"breadcrumb":{"@id":"https:\/\/www.eldigitaldeasturias.com\/noticias\/emprender-en-aviles-la-forma-de-paliar-el-paro\/#breadcrumblist"},"author":{"@id":"https:\/\/www.eldigitaldeasturias.com\/noticias\/author\/admin\/#author"},"creator":{"@id":"https:\/\/www.eldigitaldeasturias.com\/noticias\/author\/admin\/#author"},"image":{"@type":"ImageObject","url":"https:\/\/www.eldigitaldeasturias.com\/noticias\/wp-content\/uploads\/2023\/01\/Aviles.jpg","@id":"https:\/\/www.eldigitaldeasturias.com\/noticias\/emprender-en-aviles-la-forma-de-paliar-el-paro\/#mainImage","width":633,"height":491,"caption":"Avil\u00e9s"},"primaryImageOfPage":{"@id":"https:\/\/www.eldigitaldeasturias.com\/noticias\/emprender-en-aviles-la-forma-de-paliar-el-paro\/#mainImage"},"datePublished":"2023-01-31T17:44:49+01:00","dateModified":"2023-01-31T17:44:49+01:00"},{"@type":"WebSite","@id":"https:\/\/www.eldigitaldeasturias.com\/noticias\/#website","url":"https:\/\/www.eldigitaldeasturias.com\/noticias\/","name":"El Digital de Asturias - Diario de actualidad y noticias","alternateName":"El Digital de Asturias - Diario de actualidad y noticias","description":"Hemeroteca","inLanguage":"es-ES","publisher":{"@id":"https:\/\/www.eldigitaldeasturias.com\/noticias\/#organization"}}]},"og:locale":"es_ES","og:site_name":"El Digital de Asturias","og:type":"article","og:title":"Emprender en Avil\u00e9s, la forma de paliar el paro - El Digital de Asturias","og:description":"Avil\u00e9s lleva tiempo peleando por salir adelante. A la bajada considerable de nacimientos e incremento de fallecimientos se suma la bajada de empresas","og:url":"https:\/\/www.eldigitaldeasturias.com\/noticias\/emprender-en-aviles-la-forma-de-paliar-el-paro\/","og:image":"https:\/\/www.eldigitaldeasturias.com\/noticias\/wp-content\/uploads\/2023\/01\/Aviles.jpg","og:image:secure_url":"https:\/\/www.eldigitaldeasturias.com\/noticias\/wp-content\/uploads\/2023\/01\/Aviles.jpg","og:image:width":633,"og:image:height":491,"article:tag":["negocios y empresas"],"article:published_time":"2023-01-31T16:44:49+00:00","article:modified_time":"2023-01-31T16:44:49+00:00","article:publisher":"https:\/\/facebook.com\/eldigitaldeasturias","twitter:card":"summary_large_image","twitter:title":"Emprender en Avil\u00e9s, la forma de paliar el paro - El Digital de Asturias","twitter:description":"Avil\u00e9s lleva tiempo peleando por salir adelante. A la bajada considerable de nacimientos e incremento de fallecimientos se suma la bajada de empresas","twitter:image":"https:\/\/www.eldigitaldeasturias.com\/noticias\/wp-content\/uploads\/2023\/01\/Aviles.jpg","twitter:label1":"Escrito por","twitter:data1":"El Digital de Asturias","twitter:label2":"Tiempo de lectura estimado","twitter:data2":"2 minutos"},"aioseo_meta_data":{"post_id":"1120637","title":null,"description":"Avil\u00e9s lleva tiempo peleando por salir adelante. A la bajada considerable de nacimientos e incremento de fallecimientos se suma la bajada de empresas","keywords":[],"keyphrases":{"focus":{"keyphrase":"Avil\u00e9s ","score":93,"analysis":{"keyphraseInTitle":{"score":9,"maxScore":9,"error":0},"keyphraseInDescription":{"score":9,"maxScore":9,"error":0},"keyphraseLength":{"score":9,"maxScore":9,"error":0,"length":1},"keyphraseInURL":{"score":1,"maxScore":5,"error":1},"keyphraseInIntroduction":{"score":9,"maxScore":9,"error":0},"keyphraseInSubHeadings":{"score":9,"maxScore":9,"error":0},"keyphraseInImageAlt":{"score":9,"maxScore":9,"error":0}}},"additional":[{"keyphrase":"empresas","score":83,"analysis":{"keyphraseInDescription":{"score":9,"maxScore":9,"error":0},"keyphraseLength":{"score":9,"maxScore":9,"error":0,"length":1},"keyphraseInIntroduction":{"score":9,"maxScore":9,"error":0},"keyphraseInImageAlt":{"score":3,"maxScore":9,"error":1}}},{"keyphrase":"Avil\u00e9s","score":100,"analysis":{"keyphraseInDescription":{"score":9,"maxScore":9,"error":0},"keyphraseLength":{"score":9,"maxScore":9,"error":0,"length":1},"keyphraseInIntroduction":{"score":9,"maxScore":9,"error":0},"keyphraseInImageAlt":{"score":9,"maxScore":9,"error":0}}}]},"primary_term":null,"canonical_url":null,"og_title":null,"og_description":null,"og_object_type":"default","og_image_type":"default","og_image_url":null,"og_image_width":null,"og_image_height":null,"og_image_custom_url":null,"og_image_custom_fields":null,"og_video":"","og_custom_url":null,"og_article_section":null,"og_article_tags":[],"twitter_use_og":false,"twitter_card":"default","twitter_image_type":"default","twitter_image_url":null,"twitter_image_custom_url":null,"twitter_image_custom_fields":null,"twitter_title":null,"twitter_description":null,"schema":{"blockGraphs":[],"customGraphs":[],"default":{"data":{"Article":[],"Course":[],"Dataset":[],"FAQPage":[],"Movie":[],"Person":[],"Product":[],"ProductReview":[],"Car":[],"Recipe":[],"Service":[],"SoftwareApplication":[],"WebPage":[]},"graphName":"BlogPosting","isEnabled":true},"graphs":[]},"schema_type":"default","schema_type_options":null,"pillar_content":false,"robots_default":true,"robots_noindex":false,"robots_noarchive":false,"robots_nosnippet":false,"robots_nofollow":false,"robots_noimageindex":false,"robots_noodp":false,"robots_notranslate":false,"robots_max_snippet":"-1","robots_max_videopreview":"-1","robots_max_imagepreview":"large","priority":null,"frequency":"default","local_seo":null,"seo_analyzer_scan_date":"2025-10-04 20:17:36","breadcrumb_settings":null,"limit_modified_date":false,"open_ai":null,"ai":null,"created":"2023-01-31 16:30:57","updated":"2025-10-04 20:17:36"},"aioseo_breadcrumb":"<div class=\"aioseo-breadcrumbs\"><span class=\"aioseo-breadcrumb\">\n\t<a href=\"https:\/\/www.eldigitaldeasturias.com\/noticias\" title=\"Home\">Home<\/a>\n<\/span><span class=\"aioseo-breadcrumb-separator\">\u2013<\/span><span class=\"aioseo-breadcrumb\">\n\t<a href=\"https:\/\/www.eldigitaldeasturias.com\/noticias\/category\/negocios-y-empresas\/\" title=\"Negocios y Empresas\">Negocios y Empresas<\/a>\n<\/span><span class=\"aioseo-breadcrumb-separator\">\u2013<\/span><span class=\"aioseo-breadcrumb\">\n\t<a href=\"https:\/\/www.eldigitaldeasturias.com\/noticias\/emprender-en-aviles-la-forma-de-paliar-el-paro\/\" title=\"Emprender en Avil\u00e9s, la forma de paliar el paro\">Emprender en Avil\u00e9s, la forma de paliar el paro<\/a>\n<\/span><\/div>","aioseo_breadcrumb_json":[{"label":"Home","link":"https:\/\/www.eldigitaldeasturias.com\/noticias"},{"label":"Negocios y Empresas","link":"https:\/\/www.eldigitaldeasturias.com\/noticias\/category\/negocios-y-empresas\/"},{"label":"Emprender en Avil\u00e9s, la forma de paliar el paro","link":"https:\/\/www.eldigitaldeasturias.com\/noticias\/emprender-en-aviles-la-forma-de-paliar-el-paro\/"}],"_links":{"self":[{"href":"https:\/\/www.eldigitaldeasturias.com\/noticias\/wp-json\/wp\/v2\/posts\/1120637","targetHints":{"allow":["GET"]}}],"collection":[{"href":"https:\/\/www.eldigitaldeasturias.com\/noticias\/wp-json\/wp\/v2\/posts"}],"about":[{"href":"https:\/\/www.eldigitaldeasturias.com\/noticias\/wp-json\/wp\/v2\/types\/post"}],"author":[{"embeddable":true,"href":"https:\/\/www.eldigitaldeasturias.com\/noticias\/wp-json\/wp\/v2\/users\/1"}],"replies":[{"embeddable":true,"href":"https:\/\/www.eldigitaldeasturias.com\/noticias\/wp-json\/wp\/v2\/comments?post=1120637"}],"version-history":[{"count":0,"href":"https:\/\/www.eldigitaldeasturias.com\/noticias\/wp-json\/wp\/v2\/posts\/1120637\/revisions"}],"wp:featuredmedia":[{"embeddable":true,"href":"https:\/\/www.eldigitaldeasturias.com\/noticias\/wp-json\/wp\/v2\/media\/1120638"}],"wp:attachment":[{"href":"https:\/\/www.eldigitaldeasturias.com\/noticias\/wp-json\/wp\/v2\/media?parent=1120637"}],"wp:term":[{"taxonomy":"category","embeddable":true,"href":"https:\/\/www.eldigitaldeasturias.com\/noticias\/wp-json\/wp\/v2\/categories?post=1120637"},{"taxonomy":"post_tag","embeddable":true,"href":"https:\/\/www.eldigitaldeasturias.com\/noticias\/wp-json\/wp\/v2\/tags?post=1120637"}],"curies":[{"name":"wp","href":"https:\/\/api.w.org\/{rel}","templated":true}]}}