{"id":1120547,"date":"2023-01-17T02:38:55","date_gmt":"2023-01-17T01:38:55","guid":{"rendered":"https:\/\/www.eldigitaldeasturias.com\/noticias\/?p=1120547"},"modified":"2023-01-17T02:38:55","modified_gmt":"2023-01-17T01:38:55","slug":"grupomar-de-antonio-suarez-gutierrez-comprometida-con-la-gestion-del-impacto-medioambiental","status":"publish","type":"post","link":"https:\/\/www.eldigitaldeasturias.com\/noticias\/grupomar-de-antonio-suarez-gutierrez-comprometida-con-la-gestion-del-impacto-medioambiental\/","title":{"rendered":"Grupomar de Antonio Su\u00e1rez Gutierrez comprometida con la gesti\u00f3n del impacto medioambiental"},"content":{"rendered":"<p><b>Grupomar dirigida por Antonio Su\u00e1rez Guti\u00e9rrez<\/b><span style=\"font-weight: 400;\"> es la primera empresa del sector atunero en M\u00e9xico adherida al Pacto Mundial M\u00e9xico y la Agenda 2030 de la ONU para el logro de los Objetivos de Desarrollo Sostenible. Uno de sus principales objetivos es el compromiso con llevar una gestio\u0301n controlada del impacto ambiental de sus operaciones. Para ello promueven una serie de acciones a favor del <\/span><span style=\"color: #ff6600;\"><strong><a style=\"color: #ff6600;\" href=\"https:\/\/www.elcorreogallego.es\/tendencias\/grupomar-presidida-por-antonio-suarez-gutierrez-expone-su-compromiso-con-la-gestion-del-impacto-medioambiental-DG12720366\" target=\"_blank\" rel=\"noopener\">cuidado medioambiental<\/a><\/strong><\/span><span style=\"font-weight: 400;\">.<\/span><\/p>\n<p><img loading=\"lazy\" decoding=\"async\" class=\"aligncenter wp-image-1120548 size-large\" src=\"https:\/\/www.eldigitaldeasturias.com\/noticias\/wp-content\/uploads\/2023\/01\/Antonio-Suarez-650x439.jpg\" alt=\"Antonio Su\u00e1rez\" width=\"650\" height=\"439\" srcset=\"https:\/\/www.eldigitaldeasturias.com\/noticias\/wp-content\/uploads\/2023\/01\/Antonio-Suarez-650x439.jpg 650w, https:\/\/www.eldigitaldeasturias.com\/noticias\/wp-content\/uploads\/2023\/01\/Antonio-Suarez-360x243.jpg 360w, https:\/\/www.eldigitaldeasturias.com\/noticias\/wp-content\/uploads\/2023\/01\/Antonio-Suarez-444x300.jpg 444w, https:\/\/www.eldigitaldeasturias.com\/noticias\/wp-content\/uploads\/2023\/01\/Antonio-Suarez-150x101.jpg 150w, https:\/\/www.eldigitaldeasturias.com\/noticias\/wp-content\/uploads\/2023\/01\/Antonio-Suarez-450x304.jpg 450w, https:\/\/www.eldigitaldeasturias.com\/noticias\/wp-content\/uploads\/2023\/01\/Antonio-Suarez.jpg 734w\" sizes=\"auto, (max-width: 650px) 100vw, 650px\" \/><\/p>\n<h2><b>Grupomar, ma\u0301s de 10 an\u0303os participando en jornadas de limpieza de playas<\/b><\/h2>\n<p><span style=\"font-weight: 400;\">De la mano de <\/span><span style=\"color: #ff6600;\"><a style=\"color: #ff6600;\" href=\"https:\/\/efecomunica.efe.com\/antonio-suarez-gutierrez-referente-en-el-mercado-alimentario\/\" target=\"_blank\" rel=\"noopener\"><b>Antonio Su\u00e1rez Guti\u00e9rrez<\/b><\/a><\/span><span style=\"font-weight: 400;\">, Grupomar lleva m\u00e1s de una d\u00e9cada \u00a0participando en jornadas de limpieza de playas en asociacio\u0301n con autoridades locales del Puerto de Manzanillo, <\/span><b>asociaciones civiles y voluntarios de Grupomar <\/b><span style=\"font-weight: 400;\">y otras personas interesadas.<\/span><\/p>\n<p><span style=\"font-weight: 400;\">A lo largo de una de\u0301cada de compromiso e<\/span><b> iniciativa por limpiar las playas de Manzanillo<\/b><span style=\"font-weight: 400;\"> la empresa ha logrado recolectar cerca de 1,8 toneladas de residuos y ma\u0301s de 12,000 colillas de cigarros, en ma\u0301s de 22 kilo\u0301metros de playas. En total han participado m\u00e1s de 750 voluntarios, un n\u00famero que contin\u00faa aumentando cada a\u00f1o.<\/span><\/p>\n<p><span style=\"font-weight: 400;\">\u201cGenerando alianzas con el sector educativo y asociaciones civiles con el propo\u0301sito de generar una cultura en favor de la preservacio\u0301n del medio ambiente; nuestra meta es crecer a 4 jornadas masivas de limpieza de playas por an\u0303o, elevando un 40% del voluntariado.\u201d Se\u00f1ala <\/span><b>Antonio Su\u00e1rez Guti\u00e9rrez<\/b><span style=\"font-weight: 400;\">.<\/span><\/p>\n<h2><b>Participacio\u0301n de Grupomar en campan\u0303as de reforestacio\u0301n<\/b><\/h2>\n<p><span style=\"font-weight: 400;\">Como parte de su compromiso con el cuidado del medio ambiente y para potenciar la <\/span><b>responsabilidad social empresarial de Grupomar,<\/b><span style=\"font-weight: 400;\"> \u00a0ha tenido la iniciativa voluntaria de participar en diversas campan\u0303as de reforestacio\u0301n social en el estado de Colima.<\/span><\/p>\n<p><span style=\"font-weight: 400;\">A trave\u0301s de convenios con las autoridades pertinentes y en <\/span><b>alianza con CONAGUA y CONAFOR<\/b><span style=\"font-weight: 400;\"> se han logrado llevar a cabo 3 diferentes campan\u0303as anuales de reforestacio\u0301n habiendo logrado intervenir en ma\u0301s de 10 hecta\u0301reas, con la participacio\u0301n de ma\u0301s de 100 voluntarios.<\/span><\/p>\n<p><span style=\"font-weight: 400;\">\u201cVivimos en un mundo que es nuestra responsabilidad. Tenemos que esforzarnos por cuidarlo y protegerlo. En <\/span><b>Grupomar <\/b><span style=\"font-weight: 400;\">cada a\u00f1o intentamos aportar nuestro granito de arena poniendo s\u00f3lidos pilares a trav\u00e9s de nuestras acciones sostenibles\u201d se\u00f1ala <\/span><b>Antonio Su\u00e1rez Guti\u00e9rrez<\/b><span style=\"font-weight: 400;\">.<\/span><\/p>\n<h2><b>Grupomar y su proyecto de Sostunyabilidad<\/b><\/h2>\n<p><span style=\"font-weight: 400;\">Sostunyabilidad es la ma\u0301s reciente iniciativa del <\/span><b>compromiso de Grupomar hacia la sustentabilidad<\/b><span style=\"font-weight: 400;\">. Est\u00e1 basado en acciones, nuevas propuestas y el uso de tecnologi\u0301as ecoeficientes para lograr los Objetivos de Desarrollo Sostenible (ODS). \u201cPara ello, requerimos soluciones que no solamente sean una respuesta a los retos presentes, sino tambie\u0301n a los futuros.\u201d Se\u00f1ala Su\u00e1rez Guti\u00e9rrez.<\/span><\/p>\n<p><span style=\"font-weight: 400;\">Adem\u00e1s la empresa atunera est\u00e1 invirtiendo grandes esfuerzos en investigaciones sobre el impacto de la pesqueri\u0301a del atu\u0301n, con el objetivo de desarrollar nuevas t\u00e9cnicas y m\u00e9todos de pesca comprometidos con el cuidado y proteccio\u0301n del atu\u0301n, su ecosistema y la fauna de acompan\u0303amiento.<\/span><\/p>\n<p><span style=\"font-weight: 400;\">Para continuar su camino por la <\/span><span style=\"color: #ff6600;\"><strong><a style=\"color: #ff6600;\" href=\"https:\/\/www.elperiodicodeaqui.com\/epda-noticias\/grupomar-fundada-por-antonio-suarez-gutierrez-celebra-el-dia-mundial-de-la-pesca-reforzando-su-compromiso-con-la-pesca-sostenible\/301314\" target=\"_blank\" rel=\"noopener\">lucha por la sostenibilidad<\/a><\/strong><\/span><span style=\"font-weight: 400;\">, <\/span><b>Grupomar ha impulsado la creaci\u00f3n de una Agenda Azul<\/b><span style=\"font-weight: 400;\">, como gu\u00eda para continuar implementando acciones e iniciativas en favor del medio ambiente y de la sociedad. Est\u00e1 dividida en 3 grandes secciones: mejorar la alimentaci\u00f3n y la salud de las personas y de sus familias, \u00a0garantizar el futuro de los oc\u00e9anos y reducir el impacto ambiental.<\/span><\/p>\n<p><span style=\"font-weight: 400;\">\u201cGrupomar tiene mucho que ofrecer y mucho que hacer por el medioambiente. Queremos continuar siendo li\u0301deres en el mercado, pero tambie\u0301n referentes en la implementacio\u0301n de procesos sostenibles\u201d \u00a0afirma<\/span><b> Antonio Su\u00e1rez Guti\u00e9rrez<\/b><span style=\"font-weight: 400;\">.<\/span><\/p>\n","protected":false},"excerpt":{"rendered":"<p>Grupomar dirigida por Antonio Su\u00e1rez Guti\u00e9rrez es la primera empresa del sector atunero en M\u00e9xico adherida al Pacto Mundial M\u00e9xico y la Agenda 2030 de la ONU para el logro de los Objetivos de Desarrollo Sostenible. Uno de sus principales objetivos es el compromiso con llevar una gestio\u0301n controlada del impacto ambiental de sus operaciones. [&hellip;]<\/p>\n","protected":false},"author":1,"featured_media":1120548,"comment_status":"closed","ping_status":"closed","sticky":false,"template":"","format":"standard","meta":{"footnotes":""},"categories":[219],"tags":[],"class_list":["post-1120547","post","type-post","status-publish","format-standard","has-post-thumbnail","hentry","category-negocios-y-empresas"],"aioseo_notices":[],"aioseo_head":"\n\t\t<!-- All in One SEO Pro 4.9.6.2 - aioseo.com -->\n\t<meta name=\"description\" content=\"Grupomar dirigida por Antonio Su\u00e1rez Guti\u00e9rrez es la primera empresa del sector atunero en M\u00e9xico adherida al Pacto Mundial M\u00e9xico y la Agenda 2030\" \/>\n\t<meta name=\"robots\" content=\"max-image-preview:large\" \/>\n\t<meta name=\"author\" content=\"El Digital de Asturias\"\/>\n\t<meta name=\"google-site-verification\" content=\"UA-38556648-1\" \/>\n\t<meta name=\"msvalidate.01\" content=\"7dfe9f3f1b24437ab69f4f2559babe99\" \/>\n\t<meta name=\"keywords\" content=\"negocios y empresas\" \/>\n\t<link rel=\"canonical\" href=\"https:\/\/www.eldigitaldeasturias.com\/noticias\/grupomar-de-antonio-suarez-gutierrez-comprometida-con-la-gestion-del-impacto-medioambiental\/\" \/>\n\t<meta name=\"generator\" content=\"All in One SEO Pro (AIOSEO) 4.9.6.2\" \/>\n\t\t<meta property=\"og:locale\" content=\"es_ES\" \/>\n\t\t<meta property=\"og:site_name\" content=\"El Digital de Asturias\" \/>\n\t\t<meta property=\"og:type\" content=\"article\" \/>\n\t\t<meta property=\"og:title\" content=\"Grupomar de Antonio Su\u00e1rez Gutierrez comprometida con la gesti\u00f3n del impacto medioambiental - El Digital de Asturias\" \/>\n\t\t<meta property=\"og:description\" content=\"Grupomar dirigida por Antonio Su\u00e1rez Guti\u00e9rrez es la primera empresa del sector atunero en M\u00e9xico adherida al Pacto Mundial M\u00e9xico y la Agenda 2030\" \/>\n\t\t<meta property=\"og:url\" content=\"https:\/\/www.eldigitaldeasturias.com\/noticias\/grupomar-de-antonio-suarez-gutierrez-comprometida-con-la-gestion-del-impacto-medioambiental\/\" \/>\n\t\t<meta property=\"og:image\" content=\"https:\/\/www.eldigitaldeasturias.com\/noticias\/wp-content\/uploads\/2023\/01\/Antonio-Suarez.jpg\" \/>\n\t\t<meta property=\"og:image:secure_url\" content=\"https:\/\/www.eldigitaldeasturias.com\/noticias\/wp-content\/uploads\/2023\/01\/Antonio-Suarez.jpg\" \/>\n\t\t<meta property=\"og:image:width\" content=\"734\" \/>\n\t\t<meta property=\"og:image:height\" content=\"496\" \/>\n\t\t<meta property=\"article:tag\" content=\"negocios y empresas\" \/>\n\t\t<meta property=\"article:published_time\" content=\"2023-01-17T01:38:55+00:00\" \/>\n\t\t<meta property=\"article:modified_time\" content=\"2023-01-17T01:38:55+00:00\" \/>\n\t\t<meta property=\"article:publisher\" content=\"https:\/\/facebook.com\/eldigitaldeasturias\" \/>\n\t\t<meta name=\"twitter:card\" content=\"summary_large_image\" \/>\n\t\t<meta name=\"twitter:title\" content=\"Grupomar de Antonio Su\u00e1rez Gutierrez comprometida con la gesti\u00f3n del impacto medioambiental - El Digital de Asturias\" \/>\n\t\t<meta name=\"twitter:description\" content=\"Grupomar dirigida por Antonio Su\u00e1rez Guti\u00e9rrez es la primera empresa del sector atunero en M\u00e9xico adherida al Pacto Mundial M\u00e9xico y la Agenda 2030\" \/>\n\t\t<meta name=\"twitter:image\" content=\"https:\/\/www.eldigitaldeasturias.com\/noticias\/wp-content\/uploads\/2023\/01\/Antonio-Suarez.jpg\" \/>\n\t\t<meta name=\"twitter:label1\" content=\"Escrito por\" \/>\n\t\t<meta name=\"twitter:data1\" content=\"El Digital de Asturias\" \/>\n\t\t<meta name=\"twitter:label2\" content=\"Tiempo de lectura estimado\" \/>\n\t\t<meta name=\"twitter:data2\" content=\"3 minutos\" \/>\n\t\t<script type=\"application\/ld+json\" class=\"aioseo-schema\">\n\t\t\t{\"@context\":\"https:\\\/\\\/schema.org\",\"@graph\":[{\"@type\":\"BlogPosting\",\"@id\":\"https:\\\/\\\/www.eldigitaldeasturias.com\\\/noticias\\\/grupomar-de-antonio-suarez-gutierrez-comprometida-con-la-gestion-del-impacto-medioambiental\\\/#blogposting\",\"name\":\"Grupomar de Antonio Su\\u00e1rez Gutierrez comprometida con la gesti\\u00f3n del impacto medioambiental - El Digital de Asturias\",\"headline\":\"Grupomar de Antonio Su\\u00e1rez Gutierrez comprometida con la gesti\\u00f3n del impacto medioambiental\",\"author\":{\"@id\":\"https:\\\/\\\/www.eldigitaldeasturias.com\\\/noticias\\\/author\\\/admin\\\/#author\"},\"publisher\":{\"@id\":\"https:\\\/\\\/www.eldigitaldeasturias.com\\\/noticias\\\/#organization\"},\"image\":{\"@type\":\"ImageObject\",\"url\":\"https:\\\/\\\/www.eldigitaldeasturias.com\\\/noticias\\\/wp-content\\\/uploads\\\/2023\\\/01\\\/Antonio-Suarez.jpg\",\"width\":734,\"height\":496,\"caption\":\"Antonio Su\\u00e1rez\"},\"datePublished\":\"2023-01-17T02:38:55+01:00\",\"dateModified\":\"2023-01-17T02:38:55+01:00\",\"inLanguage\":\"es-ES\",\"mainEntityOfPage\":{\"@id\":\"https:\\\/\\\/www.eldigitaldeasturias.com\\\/noticias\\\/grupomar-de-antonio-suarez-gutierrez-comprometida-con-la-gestion-del-impacto-medioambiental\\\/#webpage\"},\"isPartOf\":{\"@id\":\"https:\\\/\\\/www.eldigitaldeasturias.com\\\/noticias\\\/grupomar-de-antonio-suarez-gutierrez-comprometida-con-la-gestion-del-impacto-medioambiental\\\/#webpage\"},\"articleSection\":\"Negocios y Empresas\"},{\"@type\":\"BreadcrumbList\",\"@id\":\"https:\\\/\\\/www.eldigitaldeasturias.com\\\/noticias\\\/grupomar-de-antonio-suarez-gutierrez-comprometida-con-la-gestion-del-impacto-medioambiental\\\/#breadcrumblist\",\"itemListElement\":[{\"@type\":\"ListItem\",\"@id\":\"https:\\\/\\\/www.eldigitaldeasturias.com\\\/noticias#listItem\",\"position\":1,\"name\":\"Home\",\"item\":\"https:\\\/\\\/www.eldigitaldeasturias.com\\\/noticias\",\"nextItem\":{\"@type\":\"ListItem\",\"@id\":\"https:\\\/\\\/www.eldigitaldeasturias.com\\\/noticias\\\/category\\\/negocios-y-empresas\\\/#listItem\",\"name\":\"Negocios y Empresas\"}},{\"@type\":\"ListItem\",\"@id\":\"https:\\\/\\\/www.eldigitaldeasturias.com\\\/noticias\\\/category\\\/negocios-y-empresas\\\/#listItem\",\"position\":2,\"name\":\"Negocios y Empresas\",\"item\":\"https:\\\/\\\/www.eldigitaldeasturias.com\\\/noticias\\\/category\\\/negocios-y-empresas\\\/\",\"nextItem\":{\"@type\":\"ListItem\",\"@id\":\"https:\\\/\\\/www.eldigitaldeasturias.com\\\/noticias\\\/grupomar-de-antonio-suarez-gutierrez-comprometida-con-la-gestion-del-impacto-medioambiental\\\/#listItem\",\"name\":\"Grupomar de Antonio Su\\u00e1rez Gutierrez comprometida con la gesti\\u00f3n del impacto medioambiental\"},\"previousItem\":{\"@type\":\"ListItem\",\"@id\":\"https:\\\/\\\/www.eldigitaldeasturias.com\\\/noticias#listItem\",\"name\":\"Home\"}},{\"@type\":\"ListItem\",\"@id\":\"https:\\\/\\\/www.eldigitaldeasturias.com\\\/noticias\\\/grupomar-de-antonio-suarez-gutierrez-comprometida-con-la-gestion-del-impacto-medioambiental\\\/#listItem\",\"position\":3,\"name\":\"Grupomar de Antonio Su\\u00e1rez Gutierrez comprometida con la gesti\\u00f3n del impacto medioambiental\",\"previousItem\":{\"@type\":\"ListItem\",\"@id\":\"https:\\\/\\\/www.eldigitaldeasturias.com\\\/noticias\\\/category\\\/negocios-y-empresas\\\/#listItem\",\"name\":\"Negocios y Empresas\"}}]},{\"@type\":\"Organization\",\"@id\":\"https:\\\/\\\/www.eldigitaldeasturias.com\\\/noticias\\\/#organization\",\"name\":\"El Digital de Asturias\",\"description\":\"Hemeroteca\",\"url\":\"https:\\\/\\\/www.eldigitaldeasturias.com\\\/noticias\\\/\",\"email\":\"info@eldigitaldeasturias.com\",\"telephone\":\"+34652131393\",\"logo\":{\"@type\":\"ImageObject\",\"url\":\"https:\\\/\\\/www.eldigitaldeasturias.com\\\/noticias\\\/wp-content\\\/uploads\\\/2020\\\/12\\\/EDA.jpg\",\"@id\":\"https:\\\/\\\/www.eldigitaldeasturias.com\\\/noticias\\\/grupomar-de-antonio-suarez-gutierrez-comprometida-con-la-gestion-del-impacto-medioambiental\\\/#organizationLogo\",\"width\":649,\"height\":297},\"image\":{\"@id\":\"https:\\\/\\\/www.eldigitaldeasturias.com\\\/noticias\\\/grupomar-de-antonio-suarez-gutierrez-comprometida-con-la-gestion-del-impacto-medioambiental\\\/#organizationLogo\"},\"sameAs\":[\"https:\\\/\\\/facebook.com\\\/eldigitaldeasturias\",\"https:\\\/\\\/www.youtube.com\\\/channel\\\/UCZP-2wLEB9Rv6erhFmqVnvg\"],\"address\":{\"@id\":\"https:\\\/\\\/www.eldigitaldeasturias.com\\\/noticias\\\/#postaladdress\",\"@type\":\"PostalAddress\",\"streetAddress\":\"san antonio 4,\",\"postalCode\":\"33430\",\"addressLocality\":\"Cand\\u00e1s\",\"addressRegion\":\"Asturias\",\"addressCountry\":\"ES\"}},{\"@type\":\"Person\",\"@id\":\"https:\\\/\\\/www.eldigitaldeasturias.com\\\/noticias\\\/author\\\/admin\\\/#author\",\"url\":\"https:\\\/\\\/www.eldigitaldeasturias.com\\\/noticias\\\/author\\\/admin\\\/\",\"name\":\"El Digital de Asturias\",\"image\":{\"@type\":\"ImageObject\",\"@id\":\"https:\\\/\\\/www.eldigitaldeasturias.com\\\/noticias\\\/grupomar-de-antonio-suarez-gutierrez-comprometida-con-la-gestion-del-impacto-medioambiental\\\/#authorImage\",\"url\":\"https:\\\/\\\/www.eldigitaldeasturias.com\\\/noticias\\\/wp-content\\\/litespeed\\\/avatar\\\/18677e78aa0546b92d9dbf31ec7d7668.jpg?ver=1777290358\",\"width\":96,\"height\":96,\"caption\":\"El Digital de Asturias\"}},{\"@type\":\"WebPage\",\"@id\":\"https:\\\/\\\/www.eldigitaldeasturias.com\\\/noticias\\\/grupomar-de-antonio-suarez-gutierrez-comprometida-con-la-gestion-del-impacto-medioambiental\\\/#webpage\",\"url\":\"https:\\\/\\\/www.eldigitaldeasturias.com\\\/noticias\\\/grupomar-de-antonio-suarez-gutierrez-comprometida-con-la-gestion-del-impacto-medioambiental\\\/\",\"name\":\"Grupomar de Antonio Su\\u00e1rez Gutierrez comprometida con la gesti\\u00f3n del impacto medioambiental - El Digital de Asturias\",\"description\":\"Grupomar dirigida por Antonio Su\\u00e1rez Guti\\u00e9rrez es la primera empresa del sector atunero en M\\u00e9xico adherida al Pacto Mundial M\\u00e9xico y la Agenda 2030\",\"inLanguage\":\"es-ES\",\"isPartOf\":{\"@id\":\"https:\\\/\\\/www.eldigitaldeasturias.com\\\/noticias\\\/#website\"},\"breadcrumb\":{\"@id\":\"https:\\\/\\\/www.eldigitaldeasturias.com\\\/noticias\\\/grupomar-de-antonio-suarez-gutierrez-comprometida-con-la-gestion-del-impacto-medioambiental\\\/#breadcrumblist\"},\"author\":{\"@id\":\"https:\\\/\\\/www.eldigitaldeasturias.com\\\/noticias\\\/author\\\/admin\\\/#author\"},\"creator\":{\"@id\":\"https:\\\/\\\/www.eldigitaldeasturias.com\\\/noticias\\\/author\\\/admin\\\/#author\"},\"image\":{\"@type\":\"ImageObject\",\"url\":\"https:\\\/\\\/www.eldigitaldeasturias.com\\\/noticias\\\/wp-content\\\/uploads\\\/2023\\\/01\\\/Antonio-Suarez.jpg\",\"@id\":\"https:\\\/\\\/www.eldigitaldeasturias.com\\\/noticias\\\/grupomar-de-antonio-suarez-gutierrez-comprometida-con-la-gestion-del-impacto-medioambiental\\\/#mainImage\",\"width\":734,\"height\":496,\"caption\":\"Antonio Su\\u00e1rez\"},\"primaryImageOfPage\":{\"@id\":\"https:\\\/\\\/www.eldigitaldeasturias.com\\\/noticias\\\/grupomar-de-antonio-suarez-gutierrez-comprometida-con-la-gestion-del-impacto-medioambiental\\\/#mainImage\"},\"datePublished\":\"2023-01-17T02:38:55+01:00\",\"dateModified\":\"2023-01-17T02:38:55+01:00\"},{\"@type\":\"WebSite\",\"@id\":\"https:\\\/\\\/www.eldigitaldeasturias.com\\\/noticias\\\/#website\",\"url\":\"https:\\\/\\\/www.eldigitaldeasturias.com\\\/noticias\\\/\",\"name\":\"El Digital de Asturias - Diario de actualidad y noticias\",\"alternateName\":\"El Digital de Asturias - Diario de actualidad y noticias\",\"description\":\"Hemeroteca\",\"inLanguage\":\"es-ES\",\"publisher\":{\"@id\":\"https:\\\/\\\/www.eldigitaldeasturias.com\\\/noticias\\\/#organization\"}}]}\n\t\t<\/script>\n\t\t<!-- All in One SEO Pro -->\r\n\t\t<title>Grupomar de Antonio Su\u00e1rez Gutierrez comprometida con la gesti\u00f3n del impacto medioambiental - El Digital de Asturias<\/title>\n\n","aioseo_head_json":{"title":"Grupomar de Antonio Su\u00e1rez Gutierrez comprometida con la gesti\u00f3n del impacto medioambiental - El Digital de Asturias","description":"Grupomar dirigida por Antonio Su\u00e1rez Guti\u00e9rrez es la primera empresa del sector atunero en M\u00e9xico adherida al Pacto Mundial M\u00e9xico y la Agenda 2030","canonical_url":"https:\/\/www.eldigitaldeasturias.com\/noticias\/grupomar-de-antonio-suarez-gutierrez-comprometida-con-la-gestion-del-impacto-medioambiental\/","robots":"max-image-preview:large","keywords":"negocios y empresas","webmasterTools":{"google-site-verification":"UA-38556648-1","msvalidate.01":"7dfe9f3f1b24437ab69f4f2559babe99","miscellaneous":""},"schema":{"@context":"https:\/\/schema.org","@graph":[{"@type":"BlogPosting","@id":"https:\/\/www.eldigitaldeasturias.com\/noticias\/grupomar-de-antonio-suarez-gutierrez-comprometida-con-la-gestion-del-impacto-medioambiental\/#blogposting","name":"Grupomar de Antonio Su\u00e1rez Gutierrez comprometida con la gesti\u00f3n del impacto medioambiental - El Digital de Asturias","headline":"Grupomar de Antonio Su\u00e1rez Gutierrez comprometida con la gesti\u00f3n del impacto medioambiental","author":{"@id":"https:\/\/www.eldigitaldeasturias.com\/noticias\/author\/admin\/#author"},"publisher":{"@id":"https:\/\/www.eldigitaldeasturias.com\/noticias\/#organization"},"image":{"@type":"ImageObject","url":"https:\/\/www.eldigitaldeasturias.com\/noticias\/wp-content\/uploads\/2023\/01\/Antonio-Suarez.jpg","width":734,"height":496,"caption":"Antonio Su\u00e1rez"},"datePublished":"2023-01-17T02:38:55+01:00","dateModified":"2023-01-17T02:38:55+01:00","inLanguage":"es-ES","mainEntityOfPage":{"@id":"https:\/\/www.eldigitaldeasturias.com\/noticias\/grupomar-de-antonio-suarez-gutierrez-comprometida-con-la-gestion-del-impacto-medioambiental\/#webpage"},"isPartOf":{"@id":"https:\/\/www.eldigitaldeasturias.com\/noticias\/grupomar-de-antonio-suarez-gutierrez-comprometida-con-la-gestion-del-impacto-medioambiental\/#webpage"},"articleSection":"Negocios y Empresas"},{"@type":"BreadcrumbList","@id":"https:\/\/www.eldigitaldeasturias.com\/noticias\/grupomar-de-antonio-suarez-gutierrez-comprometida-con-la-gestion-del-impacto-medioambiental\/#breadcrumblist","itemListElement":[{"@type":"ListItem","@id":"https:\/\/www.eldigitaldeasturias.com\/noticias#listItem","position":1,"name":"Home","item":"https:\/\/www.eldigitaldeasturias.com\/noticias","nextItem":{"@type":"ListItem","@id":"https:\/\/www.eldigitaldeasturias.com\/noticias\/category\/negocios-y-empresas\/#listItem","name":"Negocios y Empresas"}},{"@type":"ListItem","@id":"https:\/\/www.eldigitaldeasturias.com\/noticias\/category\/negocios-y-empresas\/#listItem","position":2,"name":"Negocios y Empresas","item":"https:\/\/www.eldigitaldeasturias.com\/noticias\/category\/negocios-y-empresas\/","nextItem":{"@type":"ListItem","@id":"https:\/\/www.eldigitaldeasturias.com\/noticias\/grupomar-de-antonio-suarez-gutierrez-comprometida-con-la-gestion-del-impacto-medioambiental\/#listItem","name":"Grupomar de Antonio Su\u00e1rez Gutierrez comprometida con la gesti\u00f3n del impacto medioambiental"},"previousItem":{"@type":"ListItem","@id":"https:\/\/www.eldigitaldeasturias.com\/noticias#listItem","name":"Home"}},{"@type":"ListItem","@id":"https:\/\/www.eldigitaldeasturias.com\/noticias\/grupomar-de-antonio-suarez-gutierrez-comprometida-con-la-gestion-del-impacto-medioambiental\/#listItem","position":3,"name":"Grupomar de Antonio Su\u00e1rez Gutierrez comprometida con la gesti\u00f3n del impacto medioambiental","previousItem":{"@type":"ListItem","@id":"https:\/\/www.eldigitaldeasturias.com\/noticias\/category\/negocios-y-empresas\/#listItem","name":"Negocios y Empresas"}}]},{"@type":"Organization","@id":"https:\/\/www.eldigitaldeasturias.com\/noticias\/#organization","name":"El Digital de Asturias","description":"Hemeroteca","url":"https:\/\/www.eldigitaldeasturias.com\/noticias\/","email":"info@eldigitaldeasturias.com","telephone":"+34652131393","logo":{"@type":"ImageObject","url":"https:\/\/www.eldigitaldeasturias.com\/noticias\/wp-content\/uploads\/2020\/12\/EDA.jpg","@id":"https:\/\/www.eldigitaldeasturias.com\/noticias\/grupomar-de-antonio-suarez-gutierrez-comprometida-con-la-gestion-del-impacto-medioambiental\/#organizationLogo","width":649,"height":297},"image":{"@id":"https:\/\/www.eldigitaldeasturias.com\/noticias\/grupomar-de-antonio-suarez-gutierrez-comprometida-con-la-gestion-del-impacto-medioambiental\/#organizationLogo"},"sameAs":["https:\/\/facebook.com\/eldigitaldeasturias","https:\/\/www.youtube.com\/channel\/UCZP-2wLEB9Rv6erhFmqVnvg"],"address":{"@id":"https:\/\/www.eldigitaldeasturias.com\/noticias\/#postaladdress","@type":"PostalAddress","streetAddress":"san antonio 4,","postalCode":"33430","addressLocality":"Cand\u00e1s","addressRegion":"Asturias","addressCountry":"ES"}},{"@type":"Person","@id":"https:\/\/www.eldigitaldeasturias.com\/noticias\/author\/admin\/#author","url":"https:\/\/www.eldigitaldeasturias.com\/noticias\/author\/admin\/","name":"El Digital de Asturias","image":{"@type":"ImageObject","@id":"https:\/\/www.eldigitaldeasturias.com\/noticias\/grupomar-de-antonio-suarez-gutierrez-comprometida-con-la-gestion-del-impacto-medioambiental\/#authorImage","url":"https:\/\/www.eldigitaldeasturias.com\/noticias\/wp-content\/litespeed\/avatar\/18677e78aa0546b92d9dbf31ec7d7668.jpg?ver=1777290358","width":96,"height":96,"caption":"El Digital de Asturias"}},{"@type":"WebPage","@id":"https:\/\/www.eldigitaldeasturias.com\/noticias\/grupomar-de-antonio-suarez-gutierrez-comprometida-con-la-gestion-del-impacto-medioambiental\/#webpage","url":"https:\/\/www.eldigitaldeasturias.com\/noticias\/grupomar-de-antonio-suarez-gutierrez-comprometida-con-la-gestion-del-impacto-medioambiental\/","name":"Grupomar de Antonio Su\u00e1rez Gutierrez comprometida con la gesti\u00f3n del impacto medioambiental - El Digital de Asturias","description":"Grupomar dirigida por Antonio Su\u00e1rez Guti\u00e9rrez es la primera empresa del sector atunero en M\u00e9xico adherida al Pacto Mundial M\u00e9xico y la Agenda 2030","inLanguage":"es-ES","isPartOf":{"@id":"https:\/\/www.eldigitaldeasturias.com\/noticias\/#website"},"breadcrumb":{"@id":"https:\/\/www.eldigitaldeasturias.com\/noticias\/grupomar-de-antonio-suarez-gutierrez-comprometida-con-la-gestion-del-impacto-medioambiental\/#breadcrumblist"},"author":{"@id":"https:\/\/www.eldigitaldeasturias.com\/noticias\/author\/admin\/#author"},"creator":{"@id":"https:\/\/www.eldigitaldeasturias.com\/noticias\/author\/admin\/#author"},"image":{"@type":"ImageObject","url":"https:\/\/www.eldigitaldeasturias.com\/noticias\/wp-content\/uploads\/2023\/01\/Antonio-Suarez.jpg","@id":"https:\/\/www.eldigitaldeasturias.com\/noticias\/grupomar-de-antonio-suarez-gutierrez-comprometida-con-la-gestion-del-impacto-medioambiental\/#mainImage","width":734,"height":496,"caption":"Antonio Su\u00e1rez"},"primaryImageOfPage":{"@id":"https:\/\/www.eldigitaldeasturias.com\/noticias\/grupomar-de-antonio-suarez-gutierrez-comprometida-con-la-gestion-del-impacto-medioambiental\/#mainImage"},"datePublished":"2023-01-17T02:38:55+01:00","dateModified":"2023-01-17T02:38:55+01:00"},{"@type":"WebSite","@id":"https:\/\/www.eldigitaldeasturias.com\/noticias\/#website","url":"https:\/\/www.eldigitaldeasturias.com\/noticias\/","name":"El Digital de Asturias - Diario de actualidad y noticias","alternateName":"El Digital de Asturias - Diario de actualidad y noticias","description":"Hemeroteca","inLanguage":"es-ES","publisher":{"@id":"https:\/\/www.eldigitaldeasturias.com\/noticias\/#organization"}}]},"og:locale":"es_ES","og:site_name":"El Digital de Asturias","og:type":"article","og:title":"Grupomar de Antonio Su\u00e1rez Gutierrez comprometida con la gesti\u00f3n del impacto medioambiental - El Digital de Asturias","og:description":"Grupomar dirigida por Antonio Su\u00e1rez Guti\u00e9rrez es la primera empresa del sector atunero en M\u00e9xico adherida al Pacto Mundial M\u00e9xico y la Agenda 2030","og:url":"https:\/\/www.eldigitaldeasturias.com\/noticias\/grupomar-de-antonio-suarez-gutierrez-comprometida-con-la-gestion-del-impacto-medioambiental\/","og:image":"https:\/\/www.eldigitaldeasturias.com\/noticias\/wp-content\/uploads\/2023\/01\/Antonio-Suarez.jpg","og:image:secure_url":"https:\/\/www.eldigitaldeasturias.com\/noticias\/wp-content\/uploads\/2023\/01\/Antonio-Suarez.jpg","og:image:width":734,"og:image:height":496,"article:tag":["negocios y empresas"],"article:published_time":"2023-01-17T01:38:55+00:00","article:modified_time":"2023-01-17T01:38:55+00:00","article:publisher":"https:\/\/facebook.com\/eldigitaldeasturias","twitter:card":"summary_large_image","twitter:title":"Grupomar de Antonio Su\u00e1rez Gutierrez comprometida con la gesti\u00f3n del impacto medioambiental - El Digital de Asturias","twitter:description":"Grupomar dirigida por Antonio Su\u00e1rez Guti\u00e9rrez es la primera empresa del sector atunero en M\u00e9xico adherida al Pacto Mundial M\u00e9xico y la Agenda 2030","twitter:image":"https:\/\/www.eldigitaldeasturias.com\/noticias\/wp-content\/uploads\/2023\/01\/Antonio-Suarez.jpg","twitter:label1":"Escrito por","twitter:data1":"El Digital de Asturias","twitter:label2":"Tiempo de lectura estimado","twitter:data2":"3 minutos"},"aioseo_meta_data":{"post_id":"1120547","title":null,"description":"Grupomar dirigida por Antonio Su\u00e1rez Guti\u00e9rrez es la primera empresa del sector atunero en M\u00e9xico adherida al Pacto Mundial M\u00e9xico y la Agenda 2030","keywords":[],"keyphrases":{"focus":{"keyphrase":"Antonio Su\u00e1rez","score":83,"analysis":{"keyphraseInTitle":{"score":9,"maxScore":9,"error":0},"keyphraseInDescription":{"score":9,"maxScore":9,"error":0},"keyphraseLength":{"score":9,"maxScore":9,"error":0,"length":2},"keyphraseInURL":{"score":1,"maxScore":5,"error":1},"keyphraseInIntroduction":{"score":9,"maxScore":9,"error":0},"keyphraseInSubHeadings":{"score":3,"maxScore":9,"error":1},"keyphraseInImageAlt":{"score":9,"maxScore":9,"error":0}}},"additional":[{"keyphrase":"Grupomar","score":83,"analysis":{"keyphraseInDescription":{"score":9,"maxScore":9,"error":0},"keyphraseLength":{"score":9,"maxScore":9,"error":0,"length":1},"keyphraseInIntroduction":{"score":9,"maxScore":9,"error":0},"keyphraseInImageAlt":{"score":3,"maxScore":9,"error":1}}},{"keyphrase":"empresa ","score":83,"analysis":{"keyphraseInDescription":{"score":9,"maxScore":9,"error":0},"keyphraseLength":{"score":9,"maxScore":9,"error":0,"length":1},"keyphraseInIntroduction":{"score":9,"maxScore":9,"error":0},"keyphraseInImageAlt":{"score":3,"maxScore":9,"error":1}}},{"keyphrase":"Antonio Su\u00e1rez","score":100,"analysis":{"keyphraseInDescription":{"score":9,"maxScore":9,"error":0},"keyphraseLength":{"score":9,"maxScore":9,"error":0,"length":2},"keyphraseInIntroduction":{"score":9,"maxScore":9,"error":0},"keyphraseInImageAlt":{"score":9,"maxScore":9,"error":0}}},{"keyphrase":"M\u00e9xico ","score":83,"analysis":{"keyphraseInDescription":{"score":9,"maxScore":9,"error":0},"keyphraseLength":{"score":9,"maxScore":9,"error":0,"length":1},"keyphraseInIntroduction":{"score":9,"maxScore":9,"error":0},"keyphraseInImageAlt":{"score":3,"maxScore":9,"error":1}}}]},"primary_term":null,"canonical_url":null,"og_title":null,"og_description":null,"og_object_type":"default","og_image_type":"default","og_image_url":null,"og_image_width":null,"og_image_height":null,"og_image_custom_url":null,"og_image_custom_fields":null,"og_video":"","og_custom_url":null,"og_article_section":null,"og_article_tags":[],"twitter_use_og":false,"twitter_card":"default","twitter_image_type":"default","twitter_image_url":null,"twitter_image_custom_url":null,"twitter_image_custom_fields":null,"twitter_title":null,"twitter_description":null,"schema":{"blockGraphs":[],"customGraphs":[],"default":{"data":{"Article":[],"Course":[],"Dataset":[],"FAQPage":[],"Movie":[],"Person":[],"Product":[],"ProductReview":[],"Car":[],"Recipe":[],"Service":[],"SoftwareApplication":[],"WebPage":[]},"graphName":"BlogPosting","isEnabled":true},"graphs":[]},"schema_type":"default","schema_type_options":null,"pillar_content":false,"robots_default":true,"robots_noindex":false,"robots_noarchive":false,"robots_nosnippet":false,"robots_nofollow":false,"robots_noimageindex":false,"robots_noodp":false,"robots_notranslate":false,"robots_max_snippet":"-1","robots_max_videopreview":"-1","robots_max_imagepreview":"large","priority":null,"frequency":"default","local_seo":null,"seo_analyzer_scan_date":"2025-10-04 19:50:03","breadcrumb_settings":null,"limit_modified_date":false,"open_ai":null,"ai":null,"created":"2023-01-17 01:29:51","updated":"2025-10-04 19:50:03"},"aioseo_breadcrumb":"<div class=\"aioseo-breadcrumbs\"><span class=\"aioseo-breadcrumb\">\n\t<a href=\"https:\/\/www.eldigitaldeasturias.com\/noticias\" title=\"Home\">Home<\/a>\n<\/span><span class=\"aioseo-breadcrumb-separator\">\u2013<\/span><span class=\"aioseo-breadcrumb\">\n\t<a href=\"https:\/\/www.eldigitaldeasturias.com\/noticias\/category\/negocios-y-empresas\/\" title=\"Negocios y Empresas\">Negocios y Empresas<\/a>\n<\/span><span class=\"aioseo-breadcrumb-separator\">\u2013<\/span><span class=\"aioseo-breadcrumb\">\n\t<a href=\"https:\/\/www.eldigitaldeasturias.com\/noticias\/grupomar-de-antonio-suarez-gutierrez-comprometida-con-la-gestion-del-impacto-medioambiental\/\" title=\"Grupomar de Antonio Su\u00e1rez Gutierrez comprometida con la gesti\u00f3n del impacto medioambiental\">Grupomar de Antonio Su\u00e1rez Gutierrez comprometida con la gesti\u00f3n del impacto medioambiental<\/a>\n<\/span><\/div>","aioseo_breadcrumb_json":[{"label":"Home","link":"https:\/\/www.eldigitaldeasturias.com\/noticias"},{"label":"Negocios y Empresas","link":"https:\/\/www.eldigitaldeasturias.com\/noticias\/category\/negocios-y-empresas\/"},{"label":"Grupomar de Antonio Su\u00e1rez Gutierrez comprometida con la gesti\u00f3n del impacto medioambiental","link":"https:\/\/www.eldigitaldeasturias.com\/noticias\/grupomar-de-antonio-suarez-gutierrez-comprometida-con-la-gestion-del-impacto-medioambiental\/"}],"_links":{"self":[{"href":"https:\/\/www.eldigitaldeasturias.com\/noticias\/wp-json\/wp\/v2\/posts\/1120547","targetHints":{"allow":["GET"]}}],"collection":[{"href":"https:\/\/www.eldigitaldeasturias.com\/noticias\/wp-json\/wp\/v2\/posts"}],"about":[{"href":"https:\/\/www.eldigitaldeasturias.com\/noticias\/wp-json\/wp\/v2\/types\/post"}],"author":[{"embeddable":true,"href":"https:\/\/www.eldigitaldeasturias.com\/noticias\/wp-json\/wp\/v2\/users\/1"}],"replies":[{"embeddable":true,"href":"https:\/\/www.eldigitaldeasturias.com\/noticias\/wp-json\/wp\/v2\/comments?post=1120547"}],"version-history":[{"count":0,"href":"https:\/\/www.eldigitaldeasturias.com\/noticias\/wp-json\/wp\/v2\/posts\/1120547\/revisions"}],"wp:featuredmedia":[{"embeddable":true,"href":"https:\/\/www.eldigitaldeasturias.com\/noticias\/wp-json\/wp\/v2\/media\/1120548"}],"wp:attachment":[{"href":"https:\/\/www.eldigitaldeasturias.com\/noticias\/wp-json\/wp\/v2\/media?parent=1120547"}],"wp:term":[{"taxonomy":"category","embeddable":true,"href":"https:\/\/www.eldigitaldeasturias.com\/noticias\/wp-json\/wp\/v2\/categories?post=1120547"},{"taxonomy":"post_tag","embeddable":true,"href":"https:\/\/www.eldigitaldeasturias.com\/noticias\/wp-json\/wp\/v2\/tags?post=1120547"}],"curies":[{"name":"wp","href":"https:\/\/api.w.org\/{rel}","templated":true}]}}