{"id":1119357,"date":"2022-11-29T11:35:17","date_gmt":"2022-11-29T10:35:17","guid":{"rendered":"https:\/\/www.eldigitaldeasturias.com\/noticias\/?p=1119357"},"modified":"2022-11-29T11:35:17","modified_gmt":"2022-11-29T10:35:17","slug":"como-crear-una-empresa-en-andorra","status":"publish","type":"post","link":"https:\/\/www.eldigitaldeasturias.com\/noticias\/como-crear-una-empresa-en-andorra\/","title":{"rendered":"\u00bfC\u00f3mo crear una empresa en Andorra?"},"content":{"rendered":"<p>Si te encuentras en este pa\u00eds y est\u00e1s pensando en crear tu propia compa\u00f1\u00eda, este post puede ser interesante para ti. Ya que aqu\u00ed te explicaremos un poco acerca de lo que tienes que saber para concretar la <span style=\"color: #ff6600;\"><strong><a style=\"color: #ff6600;\" href=\"https:\/\/www.andorra-advisors.com\/crear-empresa-andorra\/\" target=\"_blank\" rel=\"noopener\">constituci\u00f3n de una empresa en Andorra<\/a><\/strong><\/span>.<\/p>\n<p><img loading=\"lazy\" decoding=\"async\" class=\"aligncenter wp-image-1119358 size-large\" src=\"https:\/\/www.eldigitaldeasturias.com\/noticias\/wp-content\/uploads\/2022\/11\/empresa-1-650x365.jpg\" alt=\"empresa\" width=\"650\" height=\"365\" srcset=\"https:\/\/www.eldigitaldeasturias.com\/noticias\/wp-content\/uploads\/2022\/11\/empresa-1-650x365.jpg 650w, https:\/\/www.eldigitaldeasturias.com\/noticias\/wp-content\/uploads\/2022\/11\/empresa-1-360x202.jpg 360w, https:\/\/www.eldigitaldeasturias.com\/noticias\/wp-content\/uploads\/2022\/11\/empresa-1-480x270.jpg 480w, https:\/\/www.eldigitaldeasturias.com\/noticias\/wp-content\/uploads\/2022\/11\/empresa-1-768x431.jpg 768w, https:\/\/www.eldigitaldeasturias.com\/noticias\/wp-content\/uploads\/2022\/11\/empresa-1-150x84.jpg 150w, https:\/\/www.eldigitaldeasturias.com\/noticias\/wp-content\/uploads\/2022\/11\/empresa-1-450x253.jpg 450w, https:\/\/www.eldigitaldeasturias.com\/noticias\/wp-content\/uploads\/2022\/11\/empresa-1.jpg 1088w\" sizes=\"auto, (max-width: 650px) 100vw, 650px\" \/><\/p>\n<p>Sobre todo, si eres un empresario espa\u00f1ol que busca tener su propia sociedad en esta ubicaci\u00f3n. Ya que, como es bien sabido, dicho territorio se considera un \u201clugar con muchas ventajas fiscales\u201d y ofrece una excelente calidad de vida. Por lo que te invitamos a quedarte con nosotros un rato e informarte de todo acerca de este tema.<\/p>\n<h2>\u00bfCu\u00e1l es la raz\u00f3n de querer crear una empresa en Andorra?<\/h2>\n<p>Andorra es un pa\u00eds que cuenta con muchas ventajas, ya que est\u00e1 controlada por una jurisdicci\u00f3n moderna. Esta misma ofrece una carga transparente y baja en cuanto al aspecto fiscal.<\/p>\n<p>A su vez, la legislaci\u00f3n de Andorra ha sufrido cambios en estos \u00faltimos a\u00f1os que han permitido que muchos empresarios hayan podido erigir sus compa\u00f1\u00edas y tener \u00e9xito. Sobre todo, espa\u00f1oles, ya que es un territorio factible y que est\u00e1 capacitado para los nuevos emprendimientos.<\/p>\n<h2>Documentos necesarios para crear una sociedad en Andorra<\/h2>\n<p>Por otra parte, debido a que Andorra es un lugar con muchas ventajas fiscales, cuenta con una lista de requisitos poco exigente, para crear una sociedad o empresa. De hecho, estos se pueden ver como un paso a paso para cumplir con una serie de tr\u00e1mites. Los mismos los podr\u00e1s ver a continuaci\u00f3n:<\/p>\n<ul>\n<li>Tienes que hacer una solicitud de reserva de denominaci\u00f3n social. Dicho paso es muy necesario para distinguir a tu empresa del resto de compa\u00f1\u00edas. Esto, en los diferentes organismos oficiales con los que llegues a realizar cualquier tipo de tr\u00e1mite o comunicaci\u00f3n. La certificaci\u00f3n negativa de la denominaci\u00f3n social te garantizar\u00e1 que el nombre de tu compa\u00f1\u00eda es exclusivo y no la usa otra.<\/li>\n<li>Aseg\u00farate de crear los estatutos de la sociedad.<\/li>\n<li>Deposita el capital inicial social en una de las entidades bancarias del territorio andorrano. Por supuesto, tienes que aperturar una cuenta en este pa\u00eds y aportar todos los documentos que te pide para oficializar el proceso.<\/li>\n<li>Realiza el proceso de constituci\u00f3n de tu empresa ante una notar\u00eda. Lo que quiere decir que debes formalizar los estatutos antes creados, pero ante una notar\u00eda. Tambi\u00e9n se incluye la inscripci\u00f3n en el Registro Mercantil de Andorra.<\/li>\n<li>Comienza con tus actividades empresariales. Este paso lo realizas una vez que todo lo dem\u00e1s ya fue concretado. Cuando hayas hecho la inscripci\u00f3n en el Registro Mercantil, se te dar\u00e1 un per\u00edodo de seis meses para iniciar con el movimiento de tu compa\u00f1\u00eda.<\/li>\n<\/ul>\n<h2>Beneficios de crear una empresa en Andorra<\/h2>\n<p>Con todo lo antes dicho, ahora te podemos hablar de las ventajas que ofrece Andorra para la constituci\u00f3n de las empresas. Varias de las m\u00e1s importantes son las siguientes:<\/p>\n<ul>\n<li>La ubicaci\u00f3n de Andorra es muy conveniente en el mapa. Se encuentra en contacto con el sur de Espa\u00f1a y el norte de Francia. Adem\u00e1s, est\u00e1 a dos horas de dos ciudades muy relevantes en Europa, siendo Toulouse y Barcelona.<\/li>\n<li>Las infraestructuras son inmejorables en este pa\u00eds. Por lo que la renta per c\u00e1pita es una de las m\u00e1s elevadas de todo el continente. Adem\u00e1s de que cuentas con un internet de alta velocidad, grandes estructuras sanitarias, y las universidades y escuelas disponen de ense\u00f1anza triling\u00fce.<\/li>\n<li>Andorra dispone de m\u00faltiples convenios con otros pa\u00edses. Ya que dispone de 7 acuerdos de doble imposici\u00f3n. Por lo que pueden evitar dichos casos a nivel fiscal internacional y llevan una serie de medidas a los territorios contratantes. Actualmente, tienen estos contratos con Francia, Espa\u00f1a, Portugal, los Emiratos \u00c1rabes Unidos, Luxemburgo y Liechtenstein.<\/li>\n<li>Las inversiones en Andorra permiten crear empresas con posibilidades altas de obtenci\u00f3n de residencias, tanto a extranjeros como directores. Sobre todo, porque en este territorio valoran mucho las inversiones extranjeras.<\/li>\n<li>Los impuestos y <span style=\"color: #ff6600;\"><strong><a style=\"color: #ff6600;\" href=\"https:\/\/www.eldigitaldeasturias.com\/noticias\/andorra-ha-aprobado-un-aumento-del-salario-minimo\/\" target=\"_blank\" rel=\"noopener\">los sueldos<\/a><\/strong><\/span> en Andorra son muy c\u00f3modos. Ya que las rentas van de entre un 5 a 10%, mientras que el impuesto por sociedades va de un 2 a un 10%. Esto lo hace el pa\u00eds con la tasa m\u00e1s baja de toda Europa. Sin mencionar que el IVA es del 4,5%.<\/li>\n<\/ul>\n<h2>Otras ventajas que se tienen al crear una empresa en Andorra<\/h2>\n<p>Adicionales a los beneficios antes destacados, Andorra dispone de las siguientes ventajas:<\/p>\n<ul>\n<li>Cuenta con 100% de cobertura de <span style=\"color: #ff6600;\"><strong><a style=\"color: #ff6600;\" href=\"https:\/\/elcomercio.pe\/economia\/internet-de-fibra-optica-cual-es-la-region-con-la-mayor-tasa-de-crecimiento-en-el-mercado-rmmn-noticia\/\" target=\"_blank\" rel=\"noopener\">fibra \u00f3ptica<\/a><\/strong><\/span> por todo el pa\u00eds.<\/li>\n<li>Tiene v\u00edas directas con Francia y Espa\u00f1a.<\/li>\n<li>Los alquileres de oficinas van a partir de los 400 euros, siendo un precio muy econ\u00f3mico en Europa.<\/li>\n<li>El sistema educativo no tiene tarifas y es de excelente calidad, junto con educaci\u00f3n privada y especializada.<\/li>\n<li>El sistema sanitario es bastante \u00f3ptimo y muy eficiente.<\/li>\n<li>No tienen gastos municipales mayores a los 500 euros por a\u00f1o.<\/li>\n<\/ul>\n","protected":false},"excerpt":{"rendered":"<p>Si te encuentras en este pa\u00eds y est\u00e1s pensando en crear tu propia compa\u00f1\u00eda, este post puede ser interesante para ti. Ya que aqu\u00ed te explicaremos un poco acerca de lo que tienes que saber para concretar la constituci\u00f3n de una empresa en Andorra. Sobre todo, si eres un empresario espa\u00f1ol que busca tener su [&hellip;]<\/p>\n","protected":false},"author":1,"featured_media":1119358,"comment_status":"closed","ping_status":"closed","sticky":false,"template":"","format":"standard","meta":{"footnotes":""},"categories":[219],"tags":[],"class_list":["post-1119357","post","type-post","status-publish","format-standard","has-post-thumbnail","hentry","category-negocios-y-empresas"],"aioseo_notices":[],"aioseo_head":"\n\t\t<!-- All in One SEO Pro 4.9.6.2 - aioseo.com -->\n\t<meta name=\"description\" content=\"Si te encuentras en este pa\u00eds y est\u00e1s pensando en crear tu propia compa\u00f1\u00eda, este post puede ser interesante para ti. Ya que aqu\u00ed te explicaremos un poco acerca\" \/>\n\t<meta name=\"robots\" content=\"max-image-preview:large\" \/>\n\t<meta name=\"author\" content=\"El Digital de Asturias\"\/>\n\t<meta name=\"google-site-verification\" content=\"UA-38556648-1\" \/>\n\t<meta name=\"msvalidate.01\" content=\"7dfe9f3f1b24437ab69f4f2559babe99\" \/>\n\t<meta name=\"keywords\" content=\"negocios y empresas\" \/>\n\t<link rel=\"canonical\" href=\"https:\/\/www.eldigitaldeasturias.com\/noticias\/como-crear-una-empresa-en-andorra\/\" \/>\n\t<meta name=\"generator\" content=\"All in One SEO Pro (AIOSEO) 4.9.6.2\" \/>\n\t\t<meta property=\"og:locale\" content=\"es_ES\" \/>\n\t\t<meta property=\"og:site_name\" content=\"El Digital de Asturias\" \/>\n\t\t<meta property=\"og:type\" content=\"article\" \/>\n\t\t<meta property=\"og:title\" content=\"\u00bfC\u00f3mo crear una empresa en Andorra? - El Digital de Asturias\" \/>\n\t\t<meta property=\"og:description\" content=\"Si te encuentras en este pa\u00eds y est\u00e1s pensando en crear tu propia compa\u00f1\u00eda, este post puede ser interesante para ti. Ya que aqu\u00ed te explicaremos un poco acerca\" \/>\n\t\t<meta property=\"og:url\" content=\"https:\/\/www.eldigitaldeasturias.com\/noticias\/como-crear-una-empresa-en-andorra\/\" \/>\n\t\t<meta property=\"og:image\" content=\"https:\/\/www.eldigitaldeasturias.com\/noticias\/wp-content\/uploads\/2022\/11\/empresa-1.jpg\" \/>\n\t\t<meta property=\"og:image:secure_url\" content=\"https:\/\/www.eldigitaldeasturias.com\/noticias\/wp-content\/uploads\/2022\/11\/empresa-1.jpg\" \/>\n\t\t<meta property=\"og:image:width\" content=\"1088\" \/>\n\t\t<meta property=\"og:image:height\" content=\"611\" \/>\n\t\t<meta property=\"article:tag\" content=\"negocios y empresas\" \/>\n\t\t<meta property=\"article:published_time\" content=\"2022-11-29T10:35:17+00:00\" \/>\n\t\t<meta property=\"article:modified_time\" content=\"2022-11-29T10:35:17+00:00\" \/>\n\t\t<meta property=\"article:publisher\" content=\"https:\/\/facebook.com\/eldigitaldeasturias\" \/>\n\t\t<meta name=\"twitter:card\" content=\"summary_large_image\" \/>\n\t\t<meta name=\"twitter:title\" content=\"\u00bfC\u00f3mo crear una empresa en Andorra? - El Digital de Asturias\" \/>\n\t\t<meta name=\"twitter:description\" content=\"Si te encuentras en este pa\u00eds y est\u00e1s pensando en crear tu propia compa\u00f1\u00eda, este post puede ser interesante para ti. Ya que aqu\u00ed te explicaremos un poco acerca\" \/>\n\t\t<meta name=\"twitter:image\" content=\"https:\/\/www.eldigitaldeasturias.com\/noticias\/wp-content\/uploads\/2022\/11\/empresa-1.jpg\" \/>\n\t\t<meta name=\"twitter:label1\" content=\"Escrito por\" \/>\n\t\t<meta name=\"twitter:data1\" content=\"El Digital de Asturias\" \/>\n\t\t<meta name=\"twitter:label2\" content=\"Tiempo de lectura estimado\" \/>\n\t\t<meta name=\"twitter:data2\" content=\"4 minutos\" \/>\n\t\t<script type=\"application\/ld+json\" class=\"aioseo-schema\">\n\t\t\t{\"@context\":\"https:\\\/\\\/schema.org\",\"@graph\":[{\"@type\":\"BlogPosting\",\"@id\":\"https:\\\/\\\/www.eldigitaldeasturias.com\\\/noticias\\\/como-crear-una-empresa-en-andorra\\\/#blogposting\",\"name\":\"\\u00bfC\\u00f3mo crear una empresa en Andorra? - El Digital de Asturias\",\"headline\":\"\\u00bfC\\u00f3mo crear una empresa en Andorra?\",\"author\":{\"@id\":\"https:\\\/\\\/www.eldigitaldeasturias.com\\\/noticias\\\/author\\\/admin\\\/#author\"},\"publisher\":{\"@id\":\"https:\\\/\\\/www.eldigitaldeasturias.com\\\/noticias\\\/#organization\"},\"image\":{\"@type\":\"ImageObject\",\"url\":\"https:\\\/\\\/www.eldigitaldeasturias.com\\\/noticias\\\/wp-content\\\/uploads\\\/2022\\\/11\\\/empresa-1.jpg\",\"width\":1088,\"height\":611,\"caption\":\"empresa\"},\"datePublished\":\"2022-11-29T11:35:17+01:00\",\"dateModified\":\"2022-11-29T11:35:17+01:00\",\"inLanguage\":\"es-ES\",\"mainEntityOfPage\":{\"@id\":\"https:\\\/\\\/www.eldigitaldeasturias.com\\\/noticias\\\/como-crear-una-empresa-en-andorra\\\/#webpage\"},\"isPartOf\":{\"@id\":\"https:\\\/\\\/www.eldigitaldeasturias.com\\\/noticias\\\/como-crear-una-empresa-en-andorra\\\/#webpage\"},\"articleSection\":\"Negocios y Empresas\"},{\"@type\":\"BreadcrumbList\",\"@id\":\"https:\\\/\\\/www.eldigitaldeasturias.com\\\/noticias\\\/como-crear-una-empresa-en-andorra\\\/#breadcrumblist\",\"itemListElement\":[{\"@type\":\"ListItem\",\"@id\":\"https:\\\/\\\/www.eldigitaldeasturias.com\\\/noticias#listItem\",\"position\":1,\"name\":\"Home\",\"item\":\"https:\\\/\\\/www.eldigitaldeasturias.com\\\/noticias\",\"nextItem\":{\"@type\":\"ListItem\",\"@id\":\"https:\\\/\\\/www.eldigitaldeasturias.com\\\/noticias\\\/category\\\/negocios-y-empresas\\\/#listItem\",\"name\":\"Negocios y Empresas\"}},{\"@type\":\"ListItem\",\"@id\":\"https:\\\/\\\/www.eldigitaldeasturias.com\\\/noticias\\\/category\\\/negocios-y-empresas\\\/#listItem\",\"position\":2,\"name\":\"Negocios y Empresas\",\"item\":\"https:\\\/\\\/www.eldigitaldeasturias.com\\\/noticias\\\/category\\\/negocios-y-empresas\\\/\",\"nextItem\":{\"@type\":\"ListItem\",\"@id\":\"https:\\\/\\\/www.eldigitaldeasturias.com\\\/noticias\\\/como-crear-una-empresa-en-andorra\\\/#listItem\",\"name\":\"\\u00bfC\\u00f3mo crear una empresa en Andorra?\"},\"previousItem\":{\"@type\":\"ListItem\",\"@id\":\"https:\\\/\\\/www.eldigitaldeasturias.com\\\/noticias#listItem\",\"name\":\"Home\"}},{\"@type\":\"ListItem\",\"@id\":\"https:\\\/\\\/www.eldigitaldeasturias.com\\\/noticias\\\/como-crear-una-empresa-en-andorra\\\/#listItem\",\"position\":3,\"name\":\"\\u00bfC\\u00f3mo crear una empresa en Andorra?\",\"previousItem\":{\"@type\":\"ListItem\",\"@id\":\"https:\\\/\\\/www.eldigitaldeasturias.com\\\/noticias\\\/category\\\/negocios-y-empresas\\\/#listItem\",\"name\":\"Negocios y Empresas\"}}]},{\"@type\":\"Organization\",\"@id\":\"https:\\\/\\\/www.eldigitaldeasturias.com\\\/noticias\\\/#organization\",\"name\":\"El Digital de Asturias\",\"description\":\"Hemeroteca\",\"url\":\"https:\\\/\\\/www.eldigitaldeasturias.com\\\/noticias\\\/\",\"email\":\"info@eldigitaldeasturias.com\",\"telephone\":\"+34652131393\",\"logo\":{\"@type\":\"ImageObject\",\"url\":\"https:\\\/\\\/www.eldigitaldeasturias.com\\\/noticias\\\/wp-content\\\/uploads\\\/2020\\\/12\\\/EDA.jpg\",\"@id\":\"https:\\\/\\\/www.eldigitaldeasturias.com\\\/noticias\\\/como-crear-una-empresa-en-andorra\\\/#organizationLogo\",\"width\":649,\"height\":297},\"image\":{\"@id\":\"https:\\\/\\\/www.eldigitaldeasturias.com\\\/noticias\\\/como-crear-una-empresa-en-andorra\\\/#organizationLogo\"},\"sameAs\":[\"https:\\\/\\\/facebook.com\\\/eldigitaldeasturias\",\"https:\\\/\\\/www.youtube.com\\\/channel\\\/UCZP-2wLEB9Rv6erhFmqVnvg\"],\"address\":{\"@id\":\"https:\\\/\\\/www.eldigitaldeasturias.com\\\/noticias\\\/#postaladdress\",\"@type\":\"PostalAddress\",\"streetAddress\":\"san antonio 4,\",\"postalCode\":\"33430\",\"addressLocality\":\"Cand\\u00e1s\",\"addressRegion\":\"Asturias\",\"addressCountry\":\"ES\"}},{\"@type\":\"Person\",\"@id\":\"https:\\\/\\\/www.eldigitaldeasturias.com\\\/noticias\\\/author\\\/admin\\\/#author\",\"url\":\"https:\\\/\\\/www.eldigitaldeasturias.com\\\/noticias\\\/author\\\/admin\\\/\",\"name\":\"El Digital de Asturias\",\"image\":{\"@type\":\"ImageObject\",\"@id\":\"https:\\\/\\\/www.eldigitaldeasturias.com\\\/noticias\\\/como-crear-una-empresa-en-andorra\\\/#authorImage\",\"url\":\"https:\\\/\\\/www.eldigitaldeasturias.com\\\/noticias\\\/wp-content\\\/litespeed\\\/avatar\\\/18677e78aa0546b92d9dbf31ec7d7668.jpg?ver=1776685526\",\"width\":96,\"height\":96,\"caption\":\"El Digital de Asturias\"}},{\"@type\":\"WebPage\",\"@id\":\"https:\\\/\\\/www.eldigitaldeasturias.com\\\/noticias\\\/como-crear-una-empresa-en-andorra\\\/#webpage\",\"url\":\"https:\\\/\\\/www.eldigitaldeasturias.com\\\/noticias\\\/como-crear-una-empresa-en-andorra\\\/\",\"name\":\"\\u00bfC\\u00f3mo crear una empresa en Andorra? - El Digital de Asturias\",\"description\":\"Si te encuentras en este pa\\u00eds y est\\u00e1s pensando en crear tu propia compa\\u00f1\\u00eda, este post puede ser interesante para ti. Ya que aqu\\u00ed te explicaremos un poco acerca\",\"inLanguage\":\"es-ES\",\"isPartOf\":{\"@id\":\"https:\\\/\\\/www.eldigitaldeasturias.com\\\/noticias\\\/#website\"},\"breadcrumb\":{\"@id\":\"https:\\\/\\\/www.eldigitaldeasturias.com\\\/noticias\\\/como-crear-una-empresa-en-andorra\\\/#breadcrumblist\"},\"author\":{\"@id\":\"https:\\\/\\\/www.eldigitaldeasturias.com\\\/noticias\\\/author\\\/admin\\\/#author\"},\"creator\":{\"@id\":\"https:\\\/\\\/www.eldigitaldeasturias.com\\\/noticias\\\/author\\\/admin\\\/#author\"},\"image\":{\"@type\":\"ImageObject\",\"url\":\"https:\\\/\\\/www.eldigitaldeasturias.com\\\/noticias\\\/wp-content\\\/uploads\\\/2022\\\/11\\\/empresa-1.jpg\",\"@id\":\"https:\\\/\\\/www.eldigitaldeasturias.com\\\/noticias\\\/como-crear-una-empresa-en-andorra\\\/#mainImage\",\"width\":1088,\"height\":611,\"caption\":\"empresa\"},\"primaryImageOfPage\":{\"@id\":\"https:\\\/\\\/www.eldigitaldeasturias.com\\\/noticias\\\/como-crear-una-empresa-en-andorra\\\/#mainImage\"},\"datePublished\":\"2022-11-29T11:35:17+01:00\",\"dateModified\":\"2022-11-29T11:35:17+01:00\"},{\"@type\":\"WebSite\",\"@id\":\"https:\\\/\\\/www.eldigitaldeasturias.com\\\/noticias\\\/#website\",\"url\":\"https:\\\/\\\/www.eldigitaldeasturias.com\\\/noticias\\\/\",\"name\":\"El Digital de Asturias - Diario de actualidad y noticias\",\"alternateName\":\"El Digital de Asturias - Diario de actualidad y noticias\",\"description\":\"Hemeroteca\",\"inLanguage\":\"es-ES\",\"publisher\":{\"@id\":\"https:\\\/\\\/www.eldigitaldeasturias.com\\\/noticias\\\/#organization\"}}]}\n\t\t<\/script>\n\t\t<!-- All in One SEO Pro -->\r\n\t\t<title>\u00bfC\u00f3mo crear una empresa en Andorra? - El Digital de Asturias<\/title>\n\n","aioseo_head_json":{"title":"\u00bfC\u00f3mo crear una empresa en Andorra? - El Digital de Asturias","description":"Si te encuentras en este pa\u00eds y est\u00e1s pensando en crear tu propia compa\u00f1\u00eda, este post puede ser interesante para ti. Ya que aqu\u00ed te explicaremos un poco acerca","canonical_url":"https:\/\/www.eldigitaldeasturias.com\/noticias\/como-crear-una-empresa-en-andorra\/","robots":"max-image-preview:large","keywords":"negocios y empresas","webmasterTools":{"google-site-verification":"UA-38556648-1","msvalidate.01":"7dfe9f3f1b24437ab69f4f2559babe99","miscellaneous":""},"schema":{"@context":"https:\/\/schema.org","@graph":[{"@type":"BlogPosting","@id":"https:\/\/www.eldigitaldeasturias.com\/noticias\/como-crear-una-empresa-en-andorra\/#blogposting","name":"\u00bfC\u00f3mo crear una empresa en Andorra? - El Digital de Asturias","headline":"\u00bfC\u00f3mo crear una empresa en Andorra?","author":{"@id":"https:\/\/www.eldigitaldeasturias.com\/noticias\/author\/admin\/#author"},"publisher":{"@id":"https:\/\/www.eldigitaldeasturias.com\/noticias\/#organization"},"image":{"@type":"ImageObject","url":"https:\/\/www.eldigitaldeasturias.com\/noticias\/wp-content\/uploads\/2022\/11\/empresa-1.jpg","width":1088,"height":611,"caption":"empresa"},"datePublished":"2022-11-29T11:35:17+01:00","dateModified":"2022-11-29T11:35:17+01:00","inLanguage":"es-ES","mainEntityOfPage":{"@id":"https:\/\/www.eldigitaldeasturias.com\/noticias\/como-crear-una-empresa-en-andorra\/#webpage"},"isPartOf":{"@id":"https:\/\/www.eldigitaldeasturias.com\/noticias\/como-crear-una-empresa-en-andorra\/#webpage"},"articleSection":"Negocios y Empresas"},{"@type":"BreadcrumbList","@id":"https:\/\/www.eldigitaldeasturias.com\/noticias\/como-crear-una-empresa-en-andorra\/#breadcrumblist","itemListElement":[{"@type":"ListItem","@id":"https:\/\/www.eldigitaldeasturias.com\/noticias#listItem","position":1,"name":"Home","item":"https:\/\/www.eldigitaldeasturias.com\/noticias","nextItem":{"@type":"ListItem","@id":"https:\/\/www.eldigitaldeasturias.com\/noticias\/category\/negocios-y-empresas\/#listItem","name":"Negocios y Empresas"}},{"@type":"ListItem","@id":"https:\/\/www.eldigitaldeasturias.com\/noticias\/category\/negocios-y-empresas\/#listItem","position":2,"name":"Negocios y Empresas","item":"https:\/\/www.eldigitaldeasturias.com\/noticias\/category\/negocios-y-empresas\/","nextItem":{"@type":"ListItem","@id":"https:\/\/www.eldigitaldeasturias.com\/noticias\/como-crear-una-empresa-en-andorra\/#listItem","name":"\u00bfC\u00f3mo crear una empresa en Andorra?"},"previousItem":{"@type":"ListItem","@id":"https:\/\/www.eldigitaldeasturias.com\/noticias#listItem","name":"Home"}},{"@type":"ListItem","@id":"https:\/\/www.eldigitaldeasturias.com\/noticias\/como-crear-una-empresa-en-andorra\/#listItem","position":3,"name":"\u00bfC\u00f3mo crear una empresa en Andorra?","previousItem":{"@type":"ListItem","@id":"https:\/\/www.eldigitaldeasturias.com\/noticias\/category\/negocios-y-empresas\/#listItem","name":"Negocios y Empresas"}}]},{"@type":"Organization","@id":"https:\/\/www.eldigitaldeasturias.com\/noticias\/#organization","name":"El Digital de Asturias","description":"Hemeroteca","url":"https:\/\/www.eldigitaldeasturias.com\/noticias\/","email":"info@eldigitaldeasturias.com","telephone":"+34652131393","logo":{"@type":"ImageObject","url":"https:\/\/www.eldigitaldeasturias.com\/noticias\/wp-content\/uploads\/2020\/12\/EDA.jpg","@id":"https:\/\/www.eldigitaldeasturias.com\/noticias\/como-crear-una-empresa-en-andorra\/#organizationLogo","width":649,"height":297},"image":{"@id":"https:\/\/www.eldigitaldeasturias.com\/noticias\/como-crear-una-empresa-en-andorra\/#organizationLogo"},"sameAs":["https:\/\/facebook.com\/eldigitaldeasturias","https:\/\/www.youtube.com\/channel\/UCZP-2wLEB9Rv6erhFmqVnvg"],"address":{"@id":"https:\/\/www.eldigitaldeasturias.com\/noticias\/#postaladdress","@type":"PostalAddress","streetAddress":"san antonio 4,","postalCode":"33430","addressLocality":"Cand\u00e1s","addressRegion":"Asturias","addressCountry":"ES"}},{"@type":"Person","@id":"https:\/\/www.eldigitaldeasturias.com\/noticias\/author\/admin\/#author","url":"https:\/\/www.eldigitaldeasturias.com\/noticias\/author\/admin\/","name":"El Digital de Asturias","image":{"@type":"ImageObject","@id":"https:\/\/www.eldigitaldeasturias.com\/noticias\/como-crear-una-empresa-en-andorra\/#authorImage","url":"https:\/\/www.eldigitaldeasturias.com\/noticias\/wp-content\/litespeed\/avatar\/18677e78aa0546b92d9dbf31ec7d7668.jpg?ver=1776685526","width":96,"height":96,"caption":"El Digital de Asturias"}},{"@type":"WebPage","@id":"https:\/\/www.eldigitaldeasturias.com\/noticias\/como-crear-una-empresa-en-andorra\/#webpage","url":"https:\/\/www.eldigitaldeasturias.com\/noticias\/como-crear-una-empresa-en-andorra\/","name":"\u00bfC\u00f3mo crear una empresa en Andorra? - El Digital de Asturias","description":"Si te encuentras en este pa\u00eds y est\u00e1s pensando en crear tu propia compa\u00f1\u00eda, este post puede ser interesante para ti. Ya que aqu\u00ed te explicaremos un poco acerca","inLanguage":"es-ES","isPartOf":{"@id":"https:\/\/www.eldigitaldeasturias.com\/noticias\/#website"},"breadcrumb":{"@id":"https:\/\/www.eldigitaldeasturias.com\/noticias\/como-crear-una-empresa-en-andorra\/#breadcrumblist"},"author":{"@id":"https:\/\/www.eldigitaldeasturias.com\/noticias\/author\/admin\/#author"},"creator":{"@id":"https:\/\/www.eldigitaldeasturias.com\/noticias\/author\/admin\/#author"},"image":{"@type":"ImageObject","url":"https:\/\/www.eldigitaldeasturias.com\/noticias\/wp-content\/uploads\/2022\/11\/empresa-1.jpg","@id":"https:\/\/www.eldigitaldeasturias.com\/noticias\/como-crear-una-empresa-en-andorra\/#mainImage","width":1088,"height":611,"caption":"empresa"},"primaryImageOfPage":{"@id":"https:\/\/www.eldigitaldeasturias.com\/noticias\/como-crear-una-empresa-en-andorra\/#mainImage"},"datePublished":"2022-11-29T11:35:17+01:00","dateModified":"2022-11-29T11:35:17+01:00"},{"@type":"WebSite","@id":"https:\/\/www.eldigitaldeasturias.com\/noticias\/#website","url":"https:\/\/www.eldigitaldeasturias.com\/noticias\/","name":"El Digital de Asturias - Diario de actualidad y noticias","alternateName":"El Digital de Asturias - Diario de actualidad y noticias","description":"Hemeroteca","inLanguage":"es-ES","publisher":{"@id":"https:\/\/www.eldigitaldeasturias.com\/noticias\/#organization"}}]},"og:locale":"es_ES","og:site_name":"El Digital de Asturias","og:type":"article","og:title":"\u00bfC\u00f3mo crear una empresa en Andorra? - El Digital de Asturias","og:description":"Si te encuentras en este pa\u00eds y est\u00e1s pensando en crear tu propia compa\u00f1\u00eda, este post puede ser interesante para ti. Ya que aqu\u00ed te explicaremos un poco acerca","og:url":"https:\/\/www.eldigitaldeasturias.com\/noticias\/como-crear-una-empresa-en-andorra\/","og:image":"https:\/\/www.eldigitaldeasturias.com\/noticias\/wp-content\/uploads\/2022\/11\/empresa-1.jpg","og:image:secure_url":"https:\/\/www.eldigitaldeasturias.com\/noticias\/wp-content\/uploads\/2022\/11\/empresa-1.jpg","og:image:width":1088,"og:image:height":611,"article:tag":["negocios y empresas"],"article:published_time":"2022-11-29T10:35:17+00:00","article:modified_time":"2022-11-29T10:35:17+00:00","article:publisher":"https:\/\/facebook.com\/eldigitaldeasturias","twitter:card":"summary_large_image","twitter:title":"\u00bfC\u00f3mo crear una empresa en Andorra? - El Digital de Asturias","twitter:description":"Si te encuentras en este pa\u00eds y est\u00e1s pensando en crear tu propia compa\u00f1\u00eda, este post puede ser interesante para ti. Ya que aqu\u00ed te explicaremos un poco acerca","twitter:image":"https:\/\/www.eldigitaldeasturias.com\/noticias\/wp-content\/uploads\/2022\/11\/empresa-1.jpg","twitter:label1":"Escrito por","twitter:data1":"El Digital de Asturias","twitter:label2":"Tiempo de lectura estimado","twitter:data2":"4 minutos"},"aioseo_meta_data":{"post_id":"1119357","title":null,"description":"Si te encuentras en este pa\u00eds y est\u00e1s pensando en crear tu propia compa\u00f1\u00eda, este post puede ser interesante para ti. Ya que aqu\u00ed te explicaremos un poco acerca","keywords":[],"keyphrases":{"focus":{"keyphrase":"compa\u00f1\u00eda","score":63,"analysis":{"keyphraseInTitle":{"title":"Focus keyphrase in SEO title","description":"Focus keyphrase not found in SEO title.","score":3,"maxScore":9,"error":1},"keyphraseInDescription":{"title":"Focus keyphrase in meta description","description":"Focus keyphrase found in meta description.","score":9,"maxScore":9,"error":0},"keyphraseLength":{"title":"Focus keyphrase length","description":"Good job!","score":9,"maxScore":9,"error":0,"length":1},"keyphraseInURL":{"title":"Focus keyphrase in URL","description":"Focus keyphrase not found in the URL.","score":1,"maxScore":5,"error":1},"keyphraseInIntroduction":{"title":"Focus keyphrase in introduction","description":"Your Focus keyphrase appears in the first paragraph. Well done!","score":9,"maxScore":9,"error":0},"keyphraseInSubHeadings":{"title":"Focus keyphrase in Subheadings","description":"Use your focus keyphrase more in your H2 and H3 subheadings.","score":3,"maxScore":9,"error":1},"keyphraseInImageAlt":{"title":"Focus keyphrase in image alt attributes","description":"Focus keyphrase not found in image alt attribute(s). Add an image with your Focus keyphrase as alt text.","score":3,"maxScore":9,"error":1}}},"additional":[{"keyphrase":"propia compa\u00f1\u00eda","score":83,"analysis":{"keyphraseInDescription":{"title":"Keyphrase in meta description","description":"Keyphrase found in meta description.","score":9,"maxScore":9,"error":0},"keyphraseLength":{"title":"Keyphrase length","description":"Good job!","score":9,"maxScore":9,"error":0,"length":2},"keyphraseInIntroduction":{"title":"Keyphrase in introduction","description":"Your Keyphrase appears in the first paragraph. Well done!","score":9,"maxScore":9,"error":0},"keyphraseInImageAlt":{"title":"Keyphrase in image alt attributes","description":"Keyphrase not found in image alt attribute(s). Add an image with your Keyphrase as alt text.","score":3,"maxScore":9,"error":1}}},{"keyphrase":"empresa","score":83,"analysis":{"keyphraseInDescription":{"title":"Keyphrase in meta description","description":"Keyphrase not found in meta description.","score":3,"maxScore":9,"error":1},"keyphraseLength":{"title":"Keyphrase length","description":"Good job!","score":9,"maxScore":9,"error":0,"length":1},"keyphraseInIntroduction":{"title":"Keyphrase in introduction","description":"Your Keyphrase appears in the first paragraph. Well done!","score":9,"maxScore":9,"error":0},"keyphraseInImageAlt":{"title":"Keyphrase in image alt attributes","description":"Keyphrase found in image alt attribute(s).","score":9,"maxScore":9,"error":0}}}]},"primary_term":null,"canonical_url":null,"og_title":null,"og_description":null,"og_object_type":"default","og_image_type":"default","og_image_url":null,"og_image_width":null,"og_image_height":null,"og_image_custom_url":null,"og_image_custom_fields":null,"og_video":"","og_custom_url":null,"og_article_section":null,"og_article_tags":[],"twitter_use_og":false,"twitter_card":"default","twitter_image_type":"default","twitter_image_url":null,"twitter_image_custom_url":null,"twitter_image_custom_fields":null,"twitter_title":null,"twitter_description":null,"schema":{"blockGraphs":[],"customGraphs":[],"default":{"data":{"Article":[],"Course":[],"Dataset":[],"FAQPage":[],"Movie":[],"Person":[],"Product":[],"ProductReview":[],"Car":[],"Recipe":[],"Service":[],"SoftwareApplication":[],"WebPage":[]},"graphName":"BlogPosting","isEnabled":true},"graphs":[]},"schema_type":"default","schema_type_options":null,"pillar_content":false,"robots_default":true,"robots_noindex":false,"robots_noarchive":false,"robots_nosnippet":false,"robots_nofollow":false,"robots_noimageindex":false,"robots_noodp":false,"robots_notranslate":false,"robots_max_snippet":"-1","robots_max_videopreview":"-1","robots_max_imagepreview":"large","priority":null,"frequency":"default","local_seo":null,"seo_analyzer_scan_date":"2025-10-04 12:26:37","breadcrumb_settings":null,"limit_modified_date":false,"open_ai":null,"ai":null,"created":"2022-11-29 10:29:35","updated":"2025-10-04 12:26:37"},"aioseo_breadcrumb":"<div class=\"aioseo-breadcrumbs\"><span class=\"aioseo-breadcrumb\">\n\t<a href=\"https:\/\/www.eldigitaldeasturias.com\/noticias\" title=\"Home\">Home<\/a>\n<\/span><span class=\"aioseo-breadcrumb-separator\">\u2013<\/span><span class=\"aioseo-breadcrumb\">\n\t<a href=\"https:\/\/www.eldigitaldeasturias.com\/noticias\/category\/negocios-y-empresas\/\" title=\"Negocios y Empresas\">Negocios y Empresas<\/a>\n<\/span><span class=\"aioseo-breadcrumb-separator\">\u2013<\/span><span class=\"aioseo-breadcrumb\">\n\t<a href=\"https:\/\/www.eldigitaldeasturias.com\/noticias\/como-crear-una-empresa-en-andorra\/\" title=\"\u00bfC\u00f3mo crear una empresa en Andorra?\">\u00bfC\u00f3mo crear una empresa en Andorra?<\/a>\n<\/span><\/div>","aioseo_breadcrumb_json":[{"label":"Home","link":"https:\/\/www.eldigitaldeasturias.com\/noticias"},{"label":"Negocios y Empresas","link":"https:\/\/www.eldigitaldeasturias.com\/noticias\/category\/negocios-y-empresas\/"},{"label":"\u00bfC\u00f3mo crear una empresa en Andorra?","link":"https:\/\/www.eldigitaldeasturias.com\/noticias\/como-crear-una-empresa-en-andorra\/"}],"_links":{"self":[{"href":"https:\/\/www.eldigitaldeasturias.com\/noticias\/wp-json\/wp\/v2\/posts\/1119357","targetHints":{"allow":["GET"]}}],"collection":[{"href":"https:\/\/www.eldigitaldeasturias.com\/noticias\/wp-json\/wp\/v2\/posts"}],"about":[{"href":"https:\/\/www.eldigitaldeasturias.com\/noticias\/wp-json\/wp\/v2\/types\/post"}],"author":[{"embeddable":true,"href":"https:\/\/www.eldigitaldeasturias.com\/noticias\/wp-json\/wp\/v2\/users\/1"}],"replies":[{"embeddable":true,"href":"https:\/\/www.eldigitaldeasturias.com\/noticias\/wp-json\/wp\/v2\/comments?post=1119357"}],"version-history":[{"count":0,"href":"https:\/\/www.eldigitaldeasturias.com\/noticias\/wp-json\/wp\/v2\/posts\/1119357\/revisions"}],"wp:featuredmedia":[{"embeddable":true,"href":"https:\/\/www.eldigitaldeasturias.com\/noticias\/wp-json\/wp\/v2\/media\/1119358"}],"wp:attachment":[{"href":"https:\/\/www.eldigitaldeasturias.com\/noticias\/wp-json\/wp\/v2\/media?parent=1119357"}],"wp:term":[{"taxonomy":"category","embeddable":true,"href":"https:\/\/www.eldigitaldeasturias.com\/noticias\/wp-json\/wp\/v2\/categories?post=1119357"},{"taxonomy":"post_tag","embeddable":true,"href":"https:\/\/www.eldigitaldeasturias.com\/noticias\/wp-json\/wp\/v2\/tags?post=1119357"}],"curies":[{"name":"wp","href":"https:\/\/api.w.org\/{rel}","templated":true}]}}