{"id":1119257,"date":"2022-11-22T11:59:00","date_gmt":"2022-11-22T10:59:00","guid":{"rendered":"https:\/\/www.eldigitaldeasturias.com\/noticias\/?p=1119257"},"modified":"2022-11-22T11:59:00","modified_gmt":"2022-11-22T10:59:00","slug":"alemania-aplicara-de-forma-retroactiva-a-enero-y-febrero-el-freno-al-precio-del-gas","status":"publish","type":"post","link":"https:\/\/www.eldigitaldeasturias.com\/noticias\/alemania-aplicara-de-forma-retroactiva-a-enero-y-febrero-el-freno-al-precio-del-gas\/","title":{"rendered":"Alemania aplicar\u00e1 de forma retroactiva a enero y febrero el freno al precio del gas"},"content":{"rendered":"<p>Berl\u00edn, 22 nov (dpa) &#8211; El Gobierno de Alemania aplicar\u00e1 de forma retroactiva a enero y febrero el freno al <a href=\"https:\/\/www.eldigitaldeasturias.com\/noticias\/category\/economia\/\"><span style=\"color: #ff6600;\"><strong>precio del gas<\/strong><\/span><\/a> previsto inicialmente para marzo de 2023, seg\u00fan un proyecto de ley al que tuvo acceso hoy<span style=\"color: #ff6600;\"> <a style=\"color: #ff6600;\" href=\"https:\/\/www.dpa.com\/es\/\" target=\"_blank\" rel=\"noopener\"><strong>dpa<\/strong><\/a><\/span>.<\/p>\n<figure id=\"attachment_1119258\" aria-describedby=\"caption-attachment-1119258\" style=\"width: 650px\" class=\"wp-caption aligncenter\"><img loading=\"lazy\" decoding=\"async\" class=\"wp-image-1119258 size-large\" src=\"https:\/\/www.eldigitaldeasturias.com\/noticias\/wp-content\/uploads\/2022\/11\/gas-650x433.jpg\" alt=\"gas\" width=\"650\" height=\"433\" srcset=\"https:\/\/www.eldigitaldeasturias.com\/noticias\/wp-content\/uploads\/2022\/11\/gas-650x433.jpg 650w, https:\/\/www.eldigitaldeasturias.com\/noticias\/wp-content\/uploads\/2022\/11\/gas-360x240.jpg 360w, https:\/\/www.eldigitaldeasturias.com\/noticias\/wp-content\/uploads\/2022\/11\/gas-450x300.jpg 450w, https:\/\/www.eldigitaldeasturias.com\/noticias\/wp-content\/uploads\/2022\/11\/gas-768x512.jpg 768w, https:\/\/www.eldigitaldeasturias.com\/noticias\/wp-content\/uploads\/2022\/11\/gas-150x100.jpg 150w, https:\/\/www.eldigitaldeasturias.com\/noticias\/wp-content\/uploads\/2022\/11\/gas.jpg 986w\" sizes=\"auto, (max-width: 650px) 100vw, 650px\" \/><figcaption id=\"caption-attachment-1119258\" class=\"wp-caption-text\">Alemania aplicar\u00e1 un freno al precio del gas en 2023. Foto: Hauke-Christian Dittrich\/dpa<\/figcaption><\/figure>\n<p>El importe de la desgravaci\u00f3n calculado para marzo se ampliar\u00e1 as\u00ed a los dos meses previos para ciudadanos y empresas. El mismo procedimiento est\u00e1 previsto para el freno al precio de la electricidad.<\/p>\n<p>La medida forma parte del esfuerzo de Berl\u00edn por compensar los altos precios de la energ\u00eda. En un primer paso, el Parlamento alem\u00e1n aprob\u00f3 ya un pago \u00fanico en diciembre.<\/p>\n<p>Con el freno al precio del gas, los hogares y las peque\u00f1as y medianas empresas recibir\u00e1n una tarifa bruta garantizada para el gas de 12 c\u00e9ntimos por kilovatio hora (12 centavos de d\u00f3lar) para el 80 por ciento de su consumo anterior. Para el 20 por ciento restante se aplicar\u00e1 el precio libre del contrato.<\/p>\n<p>Tambi\u00e9n est\u00e1 previsto un freno en el precio del gas para la industria a partir de enero. Estos grandes consumidores recibir\u00e1n un precio garantizado de 7 c\u00e9ntimos por kilovatio hora neto para el 70 por ciento de su volumen de consumo anterior.<\/p>\n<p>El alivio para la industria est\u00e1 ligado sin embargo a algunas condiciones. Por ejemplo, no se podr\u00e1n pagar dividendos mientras dure la medida de estabilizaci\u00f3n, seg\u00fan el proyecto de ley.<\/p>\n<p>La mayor parte de los fondos para subvencionar el consumo de energ\u00eda proceder\u00e1 de un fondo con un volumen de hasta 200.000 millones de euros, para el que el Gobierno federal est\u00e1 contrayendo nuevas deudas.<\/p>\n<p>El documento afirma que la guerra de Rusia contra Ucrania ha agravado cada vez m\u00e1s la situaci\u00f3n de los mercados energ\u00e9ticos en Alemania y Europa en el curso de 2022.<\/p>\n<p>En particular, los recientes aumentos de precios del gas natural y la calefacci\u00f3n representan una \u00abcarga considerable, en algunos casos amenazante para la existencia\u00bb, para la poblaci\u00f3n y las empresas de Alemania. \u00abSon un enorme desaf\u00edo sociopol\u00edtico y econ\u00f3mico\u00bb.<\/p>\n","protected":false},"excerpt":{"rendered":"<p>Berl\u00edn, 22 nov (dpa) &#8211; El Gobierno de Alemania aplicar\u00e1 de forma retroactiva a enero y febrero el freno al precio del gas previsto inicialmente para marzo de 2023, seg\u00fan un proyecto de ley al que tuvo acceso hoy dpa. El importe de la desgravaci\u00f3n calculado para marzo se ampliar\u00e1 as\u00ed a los dos meses [&hellip;]<\/p>\n","protected":false},"author":1,"featured_media":1119258,"comment_status":"closed","ping_status":"closed","sticky":false,"template":"","format":"standard","meta":{"footnotes":""},"categories":[187],"tags":[],"class_list":["post-1119257","post","type-post","status-publish","format-standard","has-post-thumbnail","hentry","category-economia"],"aioseo_notices":[],"aioseo_head":"\n\t\t<!-- All in One SEO Pro 4.9.6.2 - aioseo.com -->\n\t<meta name=\"description\" content=\"Berl\u00edn, 22 nov (dpa) - El Gobierno de Alemania aplicar\u00e1 de forma retroactiva a enero y febrero el freno al precio del gas previsto inicialmente para marzo\" \/>\n\t<meta name=\"robots\" content=\"max-image-preview:large\" \/>\n\t<meta name=\"author\" content=\"El Digital de Asturias\"\/>\n\t<meta name=\"google-site-verification\" content=\"UA-38556648-1\" \/>\n\t<meta name=\"msvalidate.01\" content=\"7dfe9f3f1b24437ab69f4f2559babe99\" \/>\n\t<meta name=\"keywords\" content=\"econom\u00eda\" \/>\n\t<link rel=\"canonical\" href=\"https:\/\/www.eldigitaldeasturias.com\/noticias\/alemania-aplicara-de-forma-retroactiva-a-enero-y-febrero-el-freno-al-precio-del-gas\/\" \/>\n\t<meta name=\"generator\" content=\"All in One SEO Pro (AIOSEO) 4.9.6.2\" \/>\n\t\t<meta property=\"og:locale\" content=\"es_ES\" \/>\n\t\t<meta property=\"og:site_name\" content=\"El Digital de Asturias\" \/>\n\t\t<meta property=\"og:type\" content=\"article\" \/>\n\t\t<meta property=\"og:title\" content=\"Alemania aplicar\u00e1 de forma retroactiva a enero y febrero el freno al precio del gas - El Digital de Asturias\" \/>\n\t\t<meta property=\"og:description\" content=\"Berl\u00edn, 22 nov (dpa) - El Gobierno de Alemania aplicar\u00e1 de forma retroactiva a enero y febrero el freno al precio del gas previsto inicialmente para marzo\" \/>\n\t\t<meta property=\"og:url\" content=\"https:\/\/www.eldigitaldeasturias.com\/noticias\/alemania-aplicara-de-forma-retroactiva-a-enero-y-febrero-el-freno-al-precio-del-gas\/\" \/>\n\t\t<meta property=\"og:image\" content=\"https:\/\/www.eldigitaldeasturias.com\/noticias\/wp-content\/uploads\/2022\/11\/gas.jpg\" \/>\n\t\t<meta property=\"og:image:secure_url\" content=\"https:\/\/www.eldigitaldeasturias.com\/noticias\/wp-content\/uploads\/2022\/11\/gas.jpg\" \/>\n\t\t<meta property=\"og:image:width\" content=\"986\" \/>\n\t\t<meta property=\"og:image:height\" content=\"657\" \/>\n\t\t<meta property=\"article:tag\" content=\"econom\u00eda\" \/>\n\t\t<meta property=\"article:published_time\" content=\"2022-11-22T10:59:00+00:00\" \/>\n\t\t<meta property=\"article:modified_time\" content=\"2022-11-22T10:59:00+00:00\" \/>\n\t\t<meta property=\"article:publisher\" content=\"https:\/\/facebook.com\/eldigitaldeasturias\" \/>\n\t\t<meta name=\"twitter:card\" content=\"summary_large_image\" \/>\n\t\t<meta name=\"twitter:title\" content=\"Alemania aplicar\u00e1 de forma retroactiva a enero y febrero el freno al precio del gas - El Digital de Asturias\" \/>\n\t\t<meta name=\"twitter:description\" content=\"Berl\u00edn, 22 nov (dpa) - El Gobierno de Alemania aplicar\u00e1 de forma retroactiva a enero y febrero el freno al precio del gas previsto inicialmente para marzo\" \/>\n\t\t<meta name=\"twitter:image\" content=\"https:\/\/www.eldigitaldeasturias.com\/noticias\/wp-content\/uploads\/2022\/11\/gas.jpg\" \/>\n\t\t<meta name=\"twitter:label1\" content=\"Escrito por\" \/>\n\t\t<meta name=\"twitter:data1\" content=\"El Digital de Asturias\" \/>\n\t\t<meta name=\"twitter:label2\" content=\"Tiempo de lectura estimado\" \/>\n\t\t<meta name=\"twitter:data2\" content=\"2 minutos\" \/>\n\t\t<script type=\"application\/ld+json\" class=\"aioseo-schema\">\n\t\t\t{\"@context\":\"https:\\\/\\\/schema.org\",\"@graph\":[{\"@type\":\"BlogPosting\",\"@id\":\"https:\\\/\\\/www.eldigitaldeasturias.com\\\/noticias\\\/alemania-aplicara-de-forma-retroactiva-a-enero-y-febrero-el-freno-al-precio-del-gas\\\/#blogposting\",\"name\":\"Alemania aplicar\\u00e1 de forma retroactiva a enero y febrero el freno al precio del gas - El Digital de Asturias\",\"headline\":\"Alemania aplicar\\u00e1 de forma retroactiva a enero y febrero el freno al precio del gas\",\"author\":{\"@id\":\"https:\\\/\\\/www.eldigitaldeasturias.com\\\/noticias\\\/author\\\/admin\\\/#author\"},\"publisher\":{\"@id\":\"https:\\\/\\\/www.eldigitaldeasturias.com\\\/noticias\\\/#organization\"},\"image\":{\"@type\":\"ImageObject\",\"url\":\"https:\\\/\\\/www.eldigitaldeasturias.com\\\/noticias\\\/wp-content\\\/uploads\\\/2022\\\/11\\\/gas.jpg\",\"width\":986,\"height\":657,\"caption\":\"Alemania aplicar\\u00e1 un freno al precio del gas en 2023. Foto: Hauke-Christian Dittrich\\\/dpa\"},\"datePublished\":\"2022-11-22T11:59:00+01:00\",\"dateModified\":\"2022-11-22T11:59:00+01:00\",\"inLanguage\":\"es-ES\",\"mainEntityOfPage\":{\"@id\":\"https:\\\/\\\/www.eldigitaldeasturias.com\\\/noticias\\\/alemania-aplicara-de-forma-retroactiva-a-enero-y-febrero-el-freno-al-precio-del-gas\\\/#webpage\"},\"isPartOf\":{\"@id\":\"https:\\\/\\\/www.eldigitaldeasturias.com\\\/noticias\\\/alemania-aplicara-de-forma-retroactiva-a-enero-y-febrero-el-freno-al-precio-del-gas\\\/#webpage\"},\"articleSection\":\"Econom\\u00eda\"},{\"@type\":\"BreadcrumbList\",\"@id\":\"https:\\\/\\\/www.eldigitaldeasturias.com\\\/noticias\\\/alemania-aplicara-de-forma-retroactiva-a-enero-y-febrero-el-freno-al-precio-del-gas\\\/#breadcrumblist\",\"itemListElement\":[{\"@type\":\"ListItem\",\"@id\":\"https:\\\/\\\/www.eldigitaldeasturias.com\\\/noticias#listItem\",\"position\":1,\"name\":\"Home\",\"item\":\"https:\\\/\\\/www.eldigitaldeasturias.com\\\/noticias\",\"nextItem\":{\"@type\":\"ListItem\",\"@id\":\"https:\\\/\\\/www.eldigitaldeasturias.com\\\/noticias\\\/category\\\/economia\\\/#listItem\",\"name\":\"Econom\\u00eda\"}},{\"@type\":\"ListItem\",\"@id\":\"https:\\\/\\\/www.eldigitaldeasturias.com\\\/noticias\\\/category\\\/economia\\\/#listItem\",\"position\":2,\"name\":\"Econom\\u00eda\",\"item\":\"https:\\\/\\\/www.eldigitaldeasturias.com\\\/noticias\\\/category\\\/economia\\\/\",\"nextItem\":{\"@type\":\"ListItem\",\"@id\":\"https:\\\/\\\/www.eldigitaldeasturias.com\\\/noticias\\\/alemania-aplicara-de-forma-retroactiva-a-enero-y-febrero-el-freno-al-precio-del-gas\\\/#listItem\",\"name\":\"Alemania aplicar\\u00e1 de forma retroactiva a enero y febrero el freno al precio del gas\"},\"previousItem\":{\"@type\":\"ListItem\",\"@id\":\"https:\\\/\\\/www.eldigitaldeasturias.com\\\/noticias#listItem\",\"name\":\"Home\"}},{\"@type\":\"ListItem\",\"@id\":\"https:\\\/\\\/www.eldigitaldeasturias.com\\\/noticias\\\/alemania-aplicara-de-forma-retroactiva-a-enero-y-febrero-el-freno-al-precio-del-gas\\\/#listItem\",\"position\":3,\"name\":\"Alemania aplicar\\u00e1 de forma retroactiva a enero y febrero el freno al precio del gas\",\"previousItem\":{\"@type\":\"ListItem\",\"@id\":\"https:\\\/\\\/www.eldigitaldeasturias.com\\\/noticias\\\/category\\\/economia\\\/#listItem\",\"name\":\"Econom\\u00eda\"}}]},{\"@type\":\"Organization\",\"@id\":\"https:\\\/\\\/www.eldigitaldeasturias.com\\\/noticias\\\/#organization\",\"name\":\"El Digital de Asturias\",\"description\":\"Hemeroteca\",\"url\":\"https:\\\/\\\/www.eldigitaldeasturias.com\\\/noticias\\\/\",\"email\":\"info@eldigitaldeasturias.com\",\"telephone\":\"+34652131393\",\"logo\":{\"@type\":\"ImageObject\",\"url\":\"https:\\\/\\\/www.eldigitaldeasturias.com\\\/noticias\\\/wp-content\\\/uploads\\\/2020\\\/12\\\/EDA.jpg\",\"@id\":\"https:\\\/\\\/www.eldigitaldeasturias.com\\\/noticias\\\/alemania-aplicara-de-forma-retroactiva-a-enero-y-febrero-el-freno-al-precio-del-gas\\\/#organizationLogo\",\"width\":649,\"height\":297},\"image\":{\"@id\":\"https:\\\/\\\/www.eldigitaldeasturias.com\\\/noticias\\\/alemania-aplicara-de-forma-retroactiva-a-enero-y-febrero-el-freno-al-precio-del-gas\\\/#organizationLogo\"},\"sameAs\":[\"https:\\\/\\\/facebook.com\\\/eldigitaldeasturias\",\"https:\\\/\\\/www.youtube.com\\\/channel\\\/UCZP-2wLEB9Rv6erhFmqVnvg\"],\"address\":{\"@id\":\"https:\\\/\\\/www.eldigitaldeasturias.com\\\/noticias\\\/#postaladdress\",\"@type\":\"PostalAddress\",\"streetAddress\":\"san antonio 4,\",\"postalCode\":\"33430\",\"addressLocality\":\"Cand\\u00e1s\",\"addressRegion\":\"Asturias\",\"addressCountry\":\"ES\"}},{\"@type\":\"Person\",\"@id\":\"https:\\\/\\\/www.eldigitaldeasturias.com\\\/noticias\\\/author\\\/admin\\\/#author\",\"url\":\"https:\\\/\\\/www.eldigitaldeasturias.com\\\/noticias\\\/author\\\/admin\\\/\",\"name\":\"El Digital de Asturias\",\"image\":{\"@type\":\"ImageObject\",\"@id\":\"https:\\\/\\\/www.eldigitaldeasturias.com\\\/noticias\\\/alemania-aplicara-de-forma-retroactiva-a-enero-y-febrero-el-freno-al-precio-del-gas\\\/#authorImage\",\"url\":\"https:\\\/\\\/www.eldigitaldeasturias.com\\\/noticias\\\/wp-content\\\/litespeed\\\/avatar\\\/18677e78aa0546b92d9dbf31ec7d7668.jpg?ver=1776685526\",\"width\":96,\"height\":96,\"caption\":\"El Digital de Asturias\"}},{\"@type\":\"WebPage\",\"@id\":\"https:\\\/\\\/www.eldigitaldeasturias.com\\\/noticias\\\/alemania-aplicara-de-forma-retroactiva-a-enero-y-febrero-el-freno-al-precio-del-gas\\\/#webpage\",\"url\":\"https:\\\/\\\/www.eldigitaldeasturias.com\\\/noticias\\\/alemania-aplicara-de-forma-retroactiva-a-enero-y-febrero-el-freno-al-precio-del-gas\\\/\",\"name\":\"Alemania aplicar\\u00e1 de forma retroactiva a enero y febrero el freno al precio del gas - El Digital de Asturias\",\"description\":\"Berl\\u00edn, 22 nov (dpa) - El Gobierno de Alemania aplicar\\u00e1 de forma retroactiva a enero y febrero el freno al precio del gas previsto inicialmente para marzo\",\"inLanguage\":\"es-ES\",\"isPartOf\":{\"@id\":\"https:\\\/\\\/www.eldigitaldeasturias.com\\\/noticias\\\/#website\"},\"breadcrumb\":{\"@id\":\"https:\\\/\\\/www.eldigitaldeasturias.com\\\/noticias\\\/alemania-aplicara-de-forma-retroactiva-a-enero-y-febrero-el-freno-al-precio-del-gas\\\/#breadcrumblist\"},\"author\":{\"@id\":\"https:\\\/\\\/www.eldigitaldeasturias.com\\\/noticias\\\/author\\\/admin\\\/#author\"},\"creator\":{\"@id\":\"https:\\\/\\\/www.eldigitaldeasturias.com\\\/noticias\\\/author\\\/admin\\\/#author\"},\"image\":{\"@type\":\"ImageObject\",\"url\":\"https:\\\/\\\/www.eldigitaldeasturias.com\\\/noticias\\\/wp-content\\\/uploads\\\/2022\\\/11\\\/gas.jpg\",\"@id\":\"https:\\\/\\\/www.eldigitaldeasturias.com\\\/noticias\\\/alemania-aplicara-de-forma-retroactiva-a-enero-y-febrero-el-freno-al-precio-del-gas\\\/#mainImage\",\"width\":986,\"height\":657,\"caption\":\"Alemania aplicar\\u00e1 un freno al precio del gas en 2023. Foto: Hauke-Christian Dittrich\\\/dpa\"},\"primaryImageOfPage\":{\"@id\":\"https:\\\/\\\/www.eldigitaldeasturias.com\\\/noticias\\\/alemania-aplicara-de-forma-retroactiva-a-enero-y-febrero-el-freno-al-precio-del-gas\\\/#mainImage\"},\"datePublished\":\"2022-11-22T11:59:00+01:00\",\"dateModified\":\"2022-11-22T11:59:00+01:00\"},{\"@type\":\"WebSite\",\"@id\":\"https:\\\/\\\/www.eldigitaldeasturias.com\\\/noticias\\\/#website\",\"url\":\"https:\\\/\\\/www.eldigitaldeasturias.com\\\/noticias\\\/\",\"name\":\"El Digital de Asturias - Diario de actualidad y noticias\",\"alternateName\":\"El Digital de Asturias - Diario de actualidad y noticias\",\"description\":\"Hemeroteca\",\"inLanguage\":\"es-ES\",\"publisher\":{\"@id\":\"https:\\\/\\\/www.eldigitaldeasturias.com\\\/noticias\\\/#organization\"}}]}\n\t\t<\/script>\n\t\t<!-- All in One SEO Pro -->\r\n\t\t<title>Alemania aplicar\u00e1 de forma retroactiva a enero y febrero el freno al precio del gas - El Digital de Asturias<\/title>\n\n","aioseo_head_json":{"title":"Alemania aplicar\u00e1 de forma retroactiva a enero y febrero el freno al precio del gas - El Digital de Asturias","description":"Berl\u00edn, 22 nov (dpa) - El Gobierno de Alemania aplicar\u00e1 de forma retroactiva a enero y febrero el freno al precio del gas previsto inicialmente para marzo","canonical_url":"https:\/\/www.eldigitaldeasturias.com\/noticias\/alemania-aplicara-de-forma-retroactiva-a-enero-y-febrero-el-freno-al-precio-del-gas\/","robots":"max-image-preview:large","keywords":"econom\u00eda","webmasterTools":{"google-site-verification":"UA-38556648-1","msvalidate.01":"7dfe9f3f1b24437ab69f4f2559babe99","miscellaneous":""},"schema":{"@context":"https:\/\/schema.org","@graph":[{"@type":"BlogPosting","@id":"https:\/\/www.eldigitaldeasturias.com\/noticias\/alemania-aplicara-de-forma-retroactiva-a-enero-y-febrero-el-freno-al-precio-del-gas\/#blogposting","name":"Alemania aplicar\u00e1 de forma retroactiva a enero y febrero el freno al precio del gas - El Digital de Asturias","headline":"Alemania aplicar\u00e1 de forma retroactiva a enero y febrero el freno al precio del gas","author":{"@id":"https:\/\/www.eldigitaldeasturias.com\/noticias\/author\/admin\/#author"},"publisher":{"@id":"https:\/\/www.eldigitaldeasturias.com\/noticias\/#organization"},"image":{"@type":"ImageObject","url":"https:\/\/www.eldigitaldeasturias.com\/noticias\/wp-content\/uploads\/2022\/11\/gas.jpg","width":986,"height":657,"caption":"Alemania aplicar\u00e1 un freno al precio del gas en 2023. Foto: Hauke-Christian Dittrich\/dpa"},"datePublished":"2022-11-22T11:59:00+01:00","dateModified":"2022-11-22T11:59:00+01:00","inLanguage":"es-ES","mainEntityOfPage":{"@id":"https:\/\/www.eldigitaldeasturias.com\/noticias\/alemania-aplicara-de-forma-retroactiva-a-enero-y-febrero-el-freno-al-precio-del-gas\/#webpage"},"isPartOf":{"@id":"https:\/\/www.eldigitaldeasturias.com\/noticias\/alemania-aplicara-de-forma-retroactiva-a-enero-y-febrero-el-freno-al-precio-del-gas\/#webpage"},"articleSection":"Econom\u00eda"},{"@type":"BreadcrumbList","@id":"https:\/\/www.eldigitaldeasturias.com\/noticias\/alemania-aplicara-de-forma-retroactiva-a-enero-y-febrero-el-freno-al-precio-del-gas\/#breadcrumblist","itemListElement":[{"@type":"ListItem","@id":"https:\/\/www.eldigitaldeasturias.com\/noticias#listItem","position":1,"name":"Home","item":"https:\/\/www.eldigitaldeasturias.com\/noticias","nextItem":{"@type":"ListItem","@id":"https:\/\/www.eldigitaldeasturias.com\/noticias\/category\/economia\/#listItem","name":"Econom\u00eda"}},{"@type":"ListItem","@id":"https:\/\/www.eldigitaldeasturias.com\/noticias\/category\/economia\/#listItem","position":2,"name":"Econom\u00eda","item":"https:\/\/www.eldigitaldeasturias.com\/noticias\/category\/economia\/","nextItem":{"@type":"ListItem","@id":"https:\/\/www.eldigitaldeasturias.com\/noticias\/alemania-aplicara-de-forma-retroactiva-a-enero-y-febrero-el-freno-al-precio-del-gas\/#listItem","name":"Alemania aplicar\u00e1 de forma retroactiva a enero y febrero el freno al precio del gas"},"previousItem":{"@type":"ListItem","@id":"https:\/\/www.eldigitaldeasturias.com\/noticias#listItem","name":"Home"}},{"@type":"ListItem","@id":"https:\/\/www.eldigitaldeasturias.com\/noticias\/alemania-aplicara-de-forma-retroactiva-a-enero-y-febrero-el-freno-al-precio-del-gas\/#listItem","position":3,"name":"Alemania aplicar\u00e1 de forma retroactiva a enero y febrero el freno al precio del gas","previousItem":{"@type":"ListItem","@id":"https:\/\/www.eldigitaldeasturias.com\/noticias\/category\/economia\/#listItem","name":"Econom\u00eda"}}]},{"@type":"Organization","@id":"https:\/\/www.eldigitaldeasturias.com\/noticias\/#organization","name":"El Digital de Asturias","description":"Hemeroteca","url":"https:\/\/www.eldigitaldeasturias.com\/noticias\/","email":"info@eldigitaldeasturias.com","telephone":"+34652131393","logo":{"@type":"ImageObject","url":"https:\/\/www.eldigitaldeasturias.com\/noticias\/wp-content\/uploads\/2020\/12\/EDA.jpg","@id":"https:\/\/www.eldigitaldeasturias.com\/noticias\/alemania-aplicara-de-forma-retroactiva-a-enero-y-febrero-el-freno-al-precio-del-gas\/#organizationLogo","width":649,"height":297},"image":{"@id":"https:\/\/www.eldigitaldeasturias.com\/noticias\/alemania-aplicara-de-forma-retroactiva-a-enero-y-febrero-el-freno-al-precio-del-gas\/#organizationLogo"},"sameAs":["https:\/\/facebook.com\/eldigitaldeasturias","https:\/\/www.youtube.com\/channel\/UCZP-2wLEB9Rv6erhFmqVnvg"],"address":{"@id":"https:\/\/www.eldigitaldeasturias.com\/noticias\/#postaladdress","@type":"PostalAddress","streetAddress":"san antonio 4,","postalCode":"33430","addressLocality":"Cand\u00e1s","addressRegion":"Asturias","addressCountry":"ES"}},{"@type":"Person","@id":"https:\/\/www.eldigitaldeasturias.com\/noticias\/author\/admin\/#author","url":"https:\/\/www.eldigitaldeasturias.com\/noticias\/author\/admin\/","name":"El Digital de Asturias","image":{"@type":"ImageObject","@id":"https:\/\/www.eldigitaldeasturias.com\/noticias\/alemania-aplicara-de-forma-retroactiva-a-enero-y-febrero-el-freno-al-precio-del-gas\/#authorImage","url":"https:\/\/www.eldigitaldeasturias.com\/noticias\/wp-content\/litespeed\/avatar\/18677e78aa0546b92d9dbf31ec7d7668.jpg?ver=1776685526","width":96,"height":96,"caption":"El Digital de Asturias"}},{"@type":"WebPage","@id":"https:\/\/www.eldigitaldeasturias.com\/noticias\/alemania-aplicara-de-forma-retroactiva-a-enero-y-febrero-el-freno-al-precio-del-gas\/#webpage","url":"https:\/\/www.eldigitaldeasturias.com\/noticias\/alemania-aplicara-de-forma-retroactiva-a-enero-y-febrero-el-freno-al-precio-del-gas\/","name":"Alemania aplicar\u00e1 de forma retroactiva a enero y febrero el freno al precio del gas - El Digital de Asturias","description":"Berl\u00edn, 22 nov (dpa) - El Gobierno de Alemania aplicar\u00e1 de forma retroactiva a enero y febrero el freno al precio del gas previsto inicialmente para marzo","inLanguage":"es-ES","isPartOf":{"@id":"https:\/\/www.eldigitaldeasturias.com\/noticias\/#website"},"breadcrumb":{"@id":"https:\/\/www.eldigitaldeasturias.com\/noticias\/alemania-aplicara-de-forma-retroactiva-a-enero-y-febrero-el-freno-al-precio-del-gas\/#breadcrumblist"},"author":{"@id":"https:\/\/www.eldigitaldeasturias.com\/noticias\/author\/admin\/#author"},"creator":{"@id":"https:\/\/www.eldigitaldeasturias.com\/noticias\/author\/admin\/#author"},"image":{"@type":"ImageObject","url":"https:\/\/www.eldigitaldeasturias.com\/noticias\/wp-content\/uploads\/2022\/11\/gas.jpg","@id":"https:\/\/www.eldigitaldeasturias.com\/noticias\/alemania-aplicara-de-forma-retroactiva-a-enero-y-febrero-el-freno-al-precio-del-gas\/#mainImage","width":986,"height":657,"caption":"Alemania aplicar\u00e1 un freno al precio del gas en 2023. Foto: Hauke-Christian Dittrich\/dpa"},"primaryImageOfPage":{"@id":"https:\/\/www.eldigitaldeasturias.com\/noticias\/alemania-aplicara-de-forma-retroactiva-a-enero-y-febrero-el-freno-al-precio-del-gas\/#mainImage"},"datePublished":"2022-11-22T11:59:00+01:00","dateModified":"2022-11-22T11:59:00+01:00"},{"@type":"WebSite","@id":"https:\/\/www.eldigitaldeasturias.com\/noticias\/#website","url":"https:\/\/www.eldigitaldeasturias.com\/noticias\/","name":"El Digital de Asturias - Diario de actualidad y noticias","alternateName":"El Digital de Asturias - Diario de actualidad y noticias","description":"Hemeroteca","inLanguage":"es-ES","publisher":{"@id":"https:\/\/www.eldigitaldeasturias.com\/noticias\/#organization"}}]},"og:locale":"es_ES","og:site_name":"El Digital de Asturias","og:type":"article","og:title":"Alemania aplicar\u00e1 de forma retroactiva a enero y febrero el freno al precio del gas - El Digital de Asturias","og:description":"Berl\u00edn, 22 nov (dpa) - El Gobierno de Alemania aplicar\u00e1 de forma retroactiva a enero y febrero el freno al precio del gas previsto inicialmente para marzo","og:url":"https:\/\/www.eldigitaldeasturias.com\/noticias\/alemania-aplicara-de-forma-retroactiva-a-enero-y-febrero-el-freno-al-precio-del-gas\/","og:image":"https:\/\/www.eldigitaldeasturias.com\/noticias\/wp-content\/uploads\/2022\/11\/gas.jpg","og:image:secure_url":"https:\/\/www.eldigitaldeasturias.com\/noticias\/wp-content\/uploads\/2022\/11\/gas.jpg","og:image:width":986,"og:image:height":657,"article:tag":["econom\u00eda"],"article:published_time":"2022-11-22T10:59:00+00:00","article:modified_time":"2022-11-22T10:59:00+00:00","article:publisher":"https:\/\/facebook.com\/eldigitaldeasturias","twitter:card":"summary_large_image","twitter:title":"Alemania aplicar\u00e1 de forma retroactiva a enero y febrero el freno al precio del gas - El Digital de Asturias","twitter:description":"Berl\u00edn, 22 nov (dpa) - El Gobierno de Alemania aplicar\u00e1 de forma retroactiva a enero y febrero el freno al precio del gas previsto inicialmente para marzo","twitter:image":"https:\/\/www.eldigitaldeasturias.com\/noticias\/wp-content\/uploads\/2022\/11\/gas.jpg","twitter:label1":"Escrito por","twitter:data1":"El Digital de Asturias","twitter:label2":"Tiempo de lectura estimado","twitter:data2":"2 minutos"},"aioseo_meta_data":{"post_id":"1119257","title":null,"description":"Berl\u00edn, 22 nov (dpa) - El Gobierno de Alemania aplicar\u00e1 de forma retroactiva a enero y febrero el freno al precio del gas previsto inicialmente para marzo","keywords":[],"keyphrases":{"focus":{"keyphrase":"Alemania","score":80,"analysis":{"keyphraseInTitle":{"title":"Focus keyphrase in SEO title","description":"Focus keyphrase found in SEO title.","score":9,"maxScore":9,"error":0},"keyphraseInDescription":{"title":"Focus keyphrase in meta description","description":"Focus keyphrase found in meta description.","score":9,"maxScore":9,"error":0},"keyphraseLength":{"title":"Focus keyphrase length","description":"Good job!","score":9,"maxScore":9,"error":0,"length":1},"keyphraseInURL":{"title":"Focus keyphrase in URL","description":"Focus keyphrase not found in the URL.","score":1,"maxScore":5,"error":1},"keyphraseInIntroduction":{"title":"Focus keyphrase in introduction","description":"Your Focus keyphrase appears in the first paragraph. Well done!","score":9,"maxScore":9,"error":0},"keyphraseInSubHeadings":[],"keyphraseInImageAlt":{"title":"Focus keyphrase in image alt attributes","description":"Focus keyphrase not found in image alt attribute(s). Add an image with your Focus keyphrase as alt text.","score":3,"maxScore":9,"error":1}}},"additional":[{"keyphrase":"precio del gas","score":83,"analysis":{"keyphraseInDescription":{"title":"Keyphrase in meta description","description":"Keyphrase found in meta description.","score":9,"maxScore":9,"error":0},"keyphraseLength":{"title":"Keyphrase length","description":"Good job!","score":9,"maxScore":9,"error":0,"length":3},"keyphraseInIntroduction":{"title":"Keyphrase in introduction","description":"Your Keyphrase appears in the first paragraph. Well done!","score":9,"maxScore":9,"error":0},"keyphraseInImageAlt":{"title":"Keyphrase in image alt attributes","description":"Keyphrase not found in image alt attribute(s). Add an image with your Keyphrase as alt text.","score":3,"maxScore":9,"error":1}}},{"keyphrase":"gas","score":100,"analysis":{"keyphraseInDescription":{"title":"Keyphrase in meta description","description":"Keyphrase found in meta description.","score":9,"maxScore":9,"error":0},"keyphraseLength":{"title":"Keyphrase length","description":"Good job!","score":9,"maxScore":9,"error":0,"length":1},"keyphraseInIntroduction":{"title":"Keyphrase in introduction","description":"Your Keyphrase appears in the first paragraph. Well done!","score":9,"maxScore":9,"error":0},"keyphraseInImageAlt":{"title":"Keyphrase in image alt attributes","description":"Keyphrase found in image alt attribute(s).","score":9,"maxScore":9,"error":0}}}]},"primary_term":null,"canonical_url":null,"og_title":null,"og_description":null,"og_object_type":"default","og_image_type":"default","og_image_url":null,"og_image_width":null,"og_image_height":null,"og_image_custom_url":null,"og_image_custom_fields":null,"og_video":"","og_custom_url":null,"og_article_section":null,"og_article_tags":[],"twitter_use_og":false,"twitter_card":"default","twitter_image_type":"default","twitter_image_url":null,"twitter_image_custom_url":null,"twitter_image_custom_fields":null,"twitter_title":null,"twitter_description":null,"schema":{"blockGraphs":[],"customGraphs":[],"default":{"data":{"Article":[],"Course":[],"Dataset":[],"FAQPage":[],"Movie":[],"Person":[],"Product":[],"ProductReview":[],"Car":[],"Recipe":[],"Service":[],"SoftwareApplication":[],"WebPage":[]},"graphName":"BlogPosting","isEnabled":true},"graphs":[]},"schema_type":"default","schema_type_options":null,"pillar_content":false,"robots_default":true,"robots_noindex":false,"robots_noarchive":false,"robots_nosnippet":false,"robots_nofollow":false,"robots_noimageindex":false,"robots_noodp":false,"robots_notranslate":false,"robots_max_snippet":"-1","robots_max_videopreview":"-1","robots_max_imagepreview":"large","priority":null,"frequency":"default","local_seo":null,"seo_analyzer_scan_date":"2025-10-04 11:56:56","breadcrumb_settings":null,"limit_modified_date":false,"open_ai":null,"ai":null,"created":"2022-11-22 10:51:49","updated":"2025-10-04 11:56:56"},"aioseo_breadcrumb":"<div class=\"aioseo-breadcrumbs\"><span class=\"aioseo-breadcrumb\">\n\t<a href=\"https:\/\/www.eldigitaldeasturias.com\/noticias\" title=\"Home\">Home<\/a>\n<\/span><span class=\"aioseo-breadcrumb-separator\">\u2013<\/span><span class=\"aioseo-breadcrumb\">\n\t<a href=\"https:\/\/www.eldigitaldeasturias.com\/noticias\/category\/economia\/\" title=\"Econom\u00eda\">Econom\u00eda<\/a>\n<\/span><span class=\"aioseo-breadcrumb-separator\">\u2013<\/span><span class=\"aioseo-breadcrumb\">\n\t<a href=\"https:\/\/www.eldigitaldeasturias.com\/noticias\/alemania-aplicara-de-forma-retroactiva-a-enero-y-febrero-el-freno-al-precio-del-gas\/\" title=\"Alemania aplicar\u00e1 de forma retroactiva a enero y febrero el freno al precio del gas\">Alemania aplicar\u00e1 de forma retroactiva a enero y febrero el freno al precio del gas<\/a>\n<\/span><\/div>","aioseo_breadcrumb_json":[{"label":"Home","link":"https:\/\/www.eldigitaldeasturias.com\/noticias"},{"label":"Econom\u00eda","link":"https:\/\/www.eldigitaldeasturias.com\/noticias\/category\/economia\/"},{"label":"Alemania aplicar\u00e1 de forma retroactiva a enero y febrero el freno al precio del gas","link":"https:\/\/www.eldigitaldeasturias.com\/noticias\/alemania-aplicara-de-forma-retroactiva-a-enero-y-febrero-el-freno-al-precio-del-gas\/"}],"_links":{"self":[{"href":"https:\/\/www.eldigitaldeasturias.com\/noticias\/wp-json\/wp\/v2\/posts\/1119257","targetHints":{"allow":["GET"]}}],"collection":[{"href":"https:\/\/www.eldigitaldeasturias.com\/noticias\/wp-json\/wp\/v2\/posts"}],"about":[{"href":"https:\/\/www.eldigitaldeasturias.com\/noticias\/wp-json\/wp\/v2\/types\/post"}],"author":[{"embeddable":true,"href":"https:\/\/www.eldigitaldeasturias.com\/noticias\/wp-json\/wp\/v2\/users\/1"}],"replies":[{"embeddable":true,"href":"https:\/\/www.eldigitaldeasturias.com\/noticias\/wp-json\/wp\/v2\/comments?post=1119257"}],"version-history":[{"count":0,"href":"https:\/\/www.eldigitaldeasturias.com\/noticias\/wp-json\/wp\/v2\/posts\/1119257\/revisions"}],"wp:featuredmedia":[{"embeddable":true,"href":"https:\/\/www.eldigitaldeasturias.com\/noticias\/wp-json\/wp\/v2\/media\/1119258"}],"wp:attachment":[{"href":"https:\/\/www.eldigitaldeasturias.com\/noticias\/wp-json\/wp\/v2\/media?parent=1119257"}],"wp:term":[{"taxonomy":"category","embeddable":true,"href":"https:\/\/www.eldigitaldeasturias.com\/noticias\/wp-json\/wp\/v2\/categories?post=1119257"},{"taxonomy":"post_tag","embeddable":true,"href":"https:\/\/www.eldigitaldeasturias.com\/noticias\/wp-json\/wp\/v2\/tags?post=1119257"}],"curies":[{"name":"wp","href":"https:\/\/api.w.org\/{rel}","templated":true}]}}