{"id":1119254,"date":"2022-11-22T08:37:32","date_gmt":"2022-11-22T07:37:32","guid":{"rendered":"https:\/\/www.eldigitaldeasturias.com\/noticias\/?p=1119254"},"modified":"2022-11-22T08:37:32","modified_gmt":"2022-11-22T07:37:32","slug":"teletrabajo-y-otras-tendencias-en-espacios-de-oficina-sanos-y-sostenibles","status":"publish","type":"post","link":"https:\/\/www.eldigitaldeasturias.com\/noticias\/teletrabajo-y-otras-tendencias-en-espacios-de-oficina-sanos-y-sostenibles\/","title":{"rendered":"Teletrabajo y otras tendencias en espacios de oficina sanos y sostenibles"},"content":{"rendered":"<p><span style=\"font-weight: 400;\">El mundo laboral se ha venido transformado durante los \u00faltimos 20 a\u00f1os; y es que el nuevo milenio trajo el apogeo de las herramientas tecnol\u00f3gicas y digitales. Con ellas las vacantes laborales y formas de trabajo se han transformado, los espacios se han permeado para llegar a ser m\u00e1s sostenibles y acordes con las necesidades tanto de empresas como de profesionales. Este proceso, adem\u00e1s, se vio prematuramente acelerado tras la pandemia por el virus covid-19. Nos hizo ver las posibilidades de optimizar procesos desde el trabajo en casa, contando con un port\u00e1til y buena conexi\u00f3n a internet. Gracias a esto es que las consecuencias econ\u00f3micas y sociales de la pandemia no resultaron tan devastadoras.\u00a0<\/span><\/p>\n<p><img loading=\"lazy\" decoding=\"async\" class=\"aligncenter wp-image-1119255 size-full\" src=\"https:\/\/www.eldigitaldeasturias.com\/noticias\/wp-content\/uploads\/2022\/11\/laboral.jpg\" alt=\"laboral\" width=\"640\" height=\"480\" srcset=\"https:\/\/www.eldigitaldeasturias.com\/noticias\/wp-content\/uploads\/2022\/11\/laboral.jpg 640w, https:\/\/www.eldigitaldeasturias.com\/noticias\/wp-content\/uploads\/2022\/11\/laboral-360x270.jpg 360w, https:\/\/www.eldigitaldeasturias.com\/noticias\/wp-content\/uploads\/2022\/11\/laboral-400x300.jpg 400w, https:\/\/www.eldigitaldeasturias.com\/noticias\/wp-content\/uploads\/2022\/11\/laboral-150x113.jpg 150w, https:\/\/www.eldigitaldeasturias.com\/noticias\/wp-content\/uploads\/2022\/11\/laboral-450x338.jpg 450w\" sizes=\"auto, (max-width: 640px) 100vw, 640px\" \/><\/p>\n<p><span style=\"font-weight: 400;\">El teletrabajo sigue suponiendo ciertos retos que es necesario afrontar y aprender a compaginar con los cambios que se est\u00e1n suscitando en el contexto de oficinas y espacios de trabajo. Hoy te contamos c\u00f3mo equiparte para tu trabajo en casa con <\/span><span style=\"color: #ff6600;\"><a style=\"color: #ff6600;\" href=\"https:\/\/www.oficinasmontiel.com\" target=\"_blank\" rel=\"noopener\"><b>Oficinas Montiel<\/b><\/a><\/span><span style=\"font-weight: 400;\"> y cu\u00e1les son las tendencias en espacios laborales.\u00a0<\/span><\/p>\n<h2><span style=\"font-weight: 400;\">La revoluci\u00f3n del teletrabajo\u00a0<\/span><\/h2>\n<p><span style=\"font-weight: 400;\">El teletrabajo o trabajo en casa es una forma de producci\u00f3n laboral remota que se vale de la conexi\u00f3n a internet y las herramientas tecnol\u00f3gicas y digitales para cumplir los objetivos. Es una figura laboral relativamente nueva, que ven\u00eda present\u00e1ndose en diferentes modelos empresariales y que ha cobrado a\u00fan m\u00e1s protagonismo por todos los beneficios que aporta en diferentes \u00e1mbitos; es decir, mientras al trabajador le provee comodidad e independencia, a la empresa le ayuda a ahorrar mucho dinero y, a su vez, se propende por una cultura de trabajo m\u00e1s flexible, sostenible, eco amigable y saludable. Y lo mejor es que, en medio de la gran tragedia que supuso el covid-19, la pandemia permiti\u00f3 que el trabajo remoto a nuevas corporaciones.\u00a0<\/span><\/p>\n<p><span style=\"font-weight: 400;\">Incluso ahora, a pesar de haber vuelto a la presencialidad, se est\u00e1 tomando la figura de \u201calternancia\u201d como una forma de optimizar procesos y procurar la salud ocupacional de los trabajadores. No hay que pasar por alto que esta modalidad ha ganado muchos adeptos, puesto que favorece la efectividad, el manejo del tiempo, la posibilidad de equilibrar la vida personal y el trabajo. Sin que se pierda el esp\u00edritu empresarial y la unidad corporativa que se siente al acudir unos d\u00edas a la oficina.\u00a0<\/span><\/p>\n<h2><span style=\"font-weight: 400;\">Accesorios para el trabajo en casa<\/span><\/h2>\n<p><span style=\"font-weight: 400;\">El trabajo en casa ha supuesto un proceso de adaptaci\u00f3n. Nuestros hogares no estaban acondicionados y preparados para suplir el ambiente de una oficina. Desde las sillas, los escritorios, el lugar para papeles, port\u00e1til y dem\u00e1s accesorios. Sin contar que requiere de un espacio con buena iluminaci\u00f3n y sin contaminaci\u00f3n sonora. Te contamos cu\u00e1les son esos esenciales que debes comprar ya, a fin de garantizar una comodidad m\u00ednima en el marco de tu teletrabajo.\u00a0<\/span><\/p>\n<ul>\n<li aria-level=\"1\"><b>Silla de escritorio:<\/b><span style=\"font-weight: 400;\"> La silla es uno de los elementos m\u00e1s importantes en la oficina, su elecci\u00f3n equivocada o su carencia tiene efectos inmediatos en nuestra salud. Sentarse en una silla en malas condiciones ocasiona rigidez y dolor en las articulaciones, espasmos, calambres e incluso dolores de est\u00f3mago. Su elecci\u00f3n est\u00e1 relacionada con los siguientes factores: las horas de uso, necesidades especiales y el lugar de trabajo. Para largas jornadas de trabajo debes optar por todas aquellas que sean ergon\u00f3micas.<\/span><span style=\"font-weight: 400;\">\u00a0<\/span><\/li>\n<\/ul>\n<p>&nbsp;<\/p>\n<ul>\n<li aria-level=\"1\"><b>Escritorio: <\/b><span style=\"font-weight: 400;\">Busca el que sea adecuado a tus necesidades y gustos. Si el espacio con el que cuentas es peque\u00f1o, opta por escritorios a\u00e9reos o elevados; si requieres un lugar para libros o archivos, hay opciones de escritorios con librero agregados o con gavetas. Mantente atento con el tipo de material, que no sea susceptible a rayones y que su limpieza sea f\u00e1cil. Adem\u00e1s, que el color y estilo vaya acorde a tus gustos, alineado con la decoraci\u00f3n del resto de tu casa.<\/span><span style=\"font-weight: 400;\">\u00a0<\/span><\/li>\n<\/ul>\n<p>&nbsp;<\/p>\n<ul>\n<li aria-level=\"1\"><b>Archivadoras: <\/b><span style=\"font-weight: 400;\">Son ideales para mantener un orden en el archivo, dividir procesos, clientes, facturas, manuales y m\u00e1s. Los hay en todos los tama\u00f1os y formas, con diferentes acabados y precios. Te permiten establecer un orden general que no te haga incurrir en errores. Tambi\u00e9n, implementa el archivo de manera digital, ya que estar\u00e1s en alternancia.\u00a0<\/span><\/li>\n<\/ul>\n<p>&nbsp;<\/p>\n<ul>\n<li aria-level=\"1\"><b>Pizarras de oficina: <\/b><span style=\"font-weight: 400;\">Pinterest ha popularizado cada vez m\u00e1s el uso de ellas. Son ideales para generar recordatorios, realizar listas y planeaciones que se encuentren visibles para todo el mundo. De igual forma, son muy \u00fatiles al momento de realizar ponencias, capacitaciones o reuniones de grupo.<\/span><\/li>\n<\/ul>\n<p>&nbsp;<\/p>\n<ul>\n<li aria-level=\"1\"><b>Agendas: <\/b><span style=\"font-weight: 400;\">Con ella contar\u00e1s con las herramientas para planificar y organizar tus semanas de trabajo, tareas y pendientes por hacer. Sin contar que es un muy buen obsequio corporativo que puedes entregar a tus trabajadores.\u00a0<\/span><\/li>\n<\/ul>\n<h2><span style=\"font-weight: 400;\">\u00bfQu\u00e9 est\u00e1 en tendencia?<\/span><\/h2>\n<ul>\n<li style=\"font-weight: 400;\" aria-level=\"1\"><span style=\"font-weight: 400;\">Oficinas h\u00edbridas: Siguiendo con la l\u00ednea del teletrabajo y las opciones m\u00e1s saludables, en los pr\u00f3ximos meses seguir\u00e1 vigente el recurso de la alternancia. El espacio de trabajo es h\u00edbrido, con el objetivo de integrar a las personas que est\u00e1n fuera de la oficina, de manera que puedan optar tanto por el trabajo remoto como por la presencialidad. En los espacios de oficina tradicionales, las salas de reuniones se equipan con tecnolog\u00eda, pizarras y pantallas para facilitar el trabajo y acercar dos mundos profundamente interconectados.<\/span><\/li>\n<li style=\"font-weight: 400;\" aria-level=\"1\"><span style=\"font-weight: 400;\">Espacios sostenibles: La sostenibilidad ha sido tendencia durante todo el 2022 y seguir\u00e1 estando presente de cara a generar espacios de trabajo que procuren el bienestar del medio ambiente. No por ello dejan de ser atractivos, desde luego, pero su premisa es la b\u00fasqueda de ser respetuosos con el entorno, el ahorro de energ\u00eda y la desaparici\u00f3n del pl\u00e1stico.<\/span><\/li>\n<li style=\"font-weight: 400;\" aria-level=\"1\"><span style=\"font-weight: 400;\">Flexibilidad y disfrute: Pasas m\u00e1s tiempo en el trabajo que en casa, eso es seguro. La mayor\u00eda de las personas estamos centrados en cumplir con los objetivos de una sociedad que apuesta por la hiperproductividad y, contra ello, dif\u00edcilmente podemos hacer algo. Lo que s\u00ed est\u00e1 en nuestras manos es lograr que cada minuto que estamos en la oficina sea agradable y, precisamente, esta tendencia busca la felicidad de todo el personal. Se trata de crear espacios flexibles y de disfrute, que permitan las pausas activas, favorezcan el encuentro y reencuentro de los compa\u00f1eros, como salas de <\/span><i><span style=\"font-weight: 400;\">break-out.<\/span><\/i><\/li>\n<\/ul>\n<h2><span style=\"font-weight: 400;\">Oficinas Montiel<\/span><\/h2>\n<p><span style=\"font-weight: 400;\">Oficinas Montiel es una tienda en l\u00ednea pensada para el mundo corporativo. Puedes adquirir con\u00a0 pocos clics, en tu laptop o m\u00f3vil, el mobiliario que necesitas para tu oficina en casa. Cuenta con modelos especialmente dise\u00f1ados y pensados para el teletrabajo y las oficinas que buscan implementar espacios de trabajo sostenibles. Visita su sitio web para conocer m\u00e1s de su cat\u00e1logo.<\/span><\/p>\n","protected":false},"excerpt":{"rendered":"<p>El mundo laboral se ha venido transformado durante los \u00faltimos 20 a\u00f1os; y es que el nuevo milenio trajo el apogeo de las herramientas tecnol\u00f3gicas y digitales. Con ellas las vacantes laborales y formas de trabajo se han transformado, los espacios se han permeado para llegar a ser m\u00e1s sostenibles y acordes con las necesidades [&hellip;]<\/p>\n","protected":false},"author":1,"featured_media":1119255,"comment_status":"closed","ping_status":"closed","sticky":false,"template":"","format":"standard","meta":{"footnotes":""},"categories":[219],"tags":[],"class_list":["post-1119254","post","type-post","status-publish","format-standard","has-post-thumbnail","hentry","category-negocios-y-empresas"],"aioseo_notices":[],"aioseo_head":"\n\t\t<!-- All in One SEO Pro 4.9.6.2 - aioseo.com -->\n\t<meta name=\"description\" content=\"El mundo laboral se ha venido transformado durante los \u00faltimos 20 a\u00f1os; y es que el nuevo milenio trajo el apogeo de las herramientas tecnol\u00f3gicas y digitales\" \/>\n\t<meta name=\"robots\" content=\"max-image-preview:large\" \/>\n\t<meta name=\"author\" content=\"El Digital de Asturias\"\/>\n\t<meta name=\"google-site-verification\" content=\"UA-38556648-1\" \/>\n\t<meta name=\"msvalidate.01\" content=\"7dfe9f3f1b24437ab69f4f2559babe99\" \/>\n\t<meta name=\"keywords\" content=\"negocios y empresas\" \/>\n\t<link rel=\"canonical\" href=\"https:\/\/www.eldigitaldeasturias.com\/noticias\/teletrabajo-y-otras-tendencias-en-espacios-de-oficina-sanos-y-sostenibles\/\" \/>\n\t<meta name=\"generator\" content=\"All in One SEO Pro (AIOSEO) 4.9.6.2\" \/>\n\t\t<meta property=\"og:locale\" content=\"es_ES\" \/>\n\t\t<meta property=\"og:site_name\" content=\"El Digital de Asturias\" \/>\n\t\t<meta property=\"og:type\" content=\"article\" \/>\n\t\t<meta property=\"og:title\" content=\"Teletrabajo y otras tendencias en espacios de oficina sanos y sostenibles - El Digital de Asturias\" \/>\n\t\t<meta property=\"og:description\" content=\"El mundo laboral se ha venido transformado durante los \u00faltimos 20 a\u00f1os; y es que el nuevo milenio trajo el apogeo de las herramientas tecnol\u00f3gicas y digitales\" \/>\n\t\t<meta property=\"og:url\" content=\"https:\/\/www.eldigitaldeasturias.com\/noticias\/teletrabajo-y-otras-tendencias-en-espacios-de-oficina-sanos-y-sostenibles\/\" \/>\n\t\t<meta property=\"og:image\" content=\"https:\/\/www.eldigitaldeasturias.com\/noticias\/wp-content\/uploads\/2022\/11\/laboral.jpg\" \/>\n\t\t<meta property=\"og:image:secure_url\" content=\"https:\/\/www.eldigitaldeasturias.com\/noticias\/wp-content\/uploads\/2022\/11\/laboral.jpg\" \/>\n\t\t<meta property=\"og:image:width\" content=\"640\" \/>\n\t\t<meta property=\"og:image:height\" content=\"480\" \/>\n\t\t<meta property=\"article:tag\" content=\"negocios y empresas\" \/>\n\t\t<meta property=\"article:published_time\" content=\"2022-11-22T07:37:32+00:00\" \/>\n\t\t<meta property=\"article:modified_time\" content=\"2022-11-22T07:37:32+00:00\" \/>\n\t\t<meta property=\"article:publisher\" content=\"https:\/\/facebook.com\/eldigitaldeasturias\" \/>\n\t\t<meta name=\"twitter:card\" content=\"summary_large_image\" \/>\n\t\t<meta name=\"twitter:title\" content=\"Teletrabajo y otras tendencias en espacios de oficina sanos y sostenibles - El Digital de Asturias\" \/>\n\t\t<meta name=\"twitter:description\" content=\"El mundo laboral se ha venido transformado durante los \u00faltimos 20 a\u00f1os; y es que el nuevo milenio trajo el apogeo de las herramientas tecnol\u00f3gicas y digitales\" \/>\n\t\t<meta name=\"twitter:image\" content=\"https:\/\/www.eldigitaldeasturias.com\/noticias\/wp-content\/uploads\/2022\/11\/laboral.jpg\" \/>\n\t\t<meta name=\"twitter:label1\" content=\"Escrito por\" \/>\n\t\t<meta name=\"twitter:data1\" content=\"El Digital de Asturias\" \/>\n\t\t<meta name=\"twitter:label2\" content=\"Tiempo de lectura estimado\" \/>\n\t\t<meta name=\"twitter:data2\" content=\"6 minutos\" \/>\n\t\t<script type=\"application\/ld+json\" class=\"aioseo-schema\">\n\t\t\t{\"@context\":\"https:\\\/\\\/schema.org\",\"@graph\":[{\"@type\":\"BlogPosting\",\"@id\":\"https:\\\/\\\/www.eldigitaldeasturias.com\\\/noticias\\\/teletrabajo-y-otras-tendencias-en-espacios-de-oficina-sanos-y-sostenibles\\\/#blogposting\",\"name\":\"Teletrabajo y otras tendencias en espacios de oficina sanos y sostenibles - El Digital de Asturias\",\"headline\":\"Teletrabajo y otras tendencias en espacios de oficina sanos y sostenibles\",\"author\":{\"@id\":\"https:\\\/\\\/www.eldigitaldeasturias.com\\\/noticias\\\/author\\\/admin\\\/#author\"},\"publisher\":{\"@id\":\"https:\\\/\\\/www.eldigitaldeasturias.com\\\/noticias\\\/#organization\"},\"image\":{\"@type\":\"ImageObject\",\"url\":\"https:\\\/\\\/www.eldigitaldeasturias.com\\\/noticias\\\/wp-content\\\/uploads\\\/2022\\\/11\\\/laboral.jpg\",\"width\":640,\"height\":480,\"caption\":\"laboral\"},\"datePublished\":\"2022-11-22T08:37:32+01:00\",\"dateModified\":\"2022-11-22T08:37:32+01:00\",\"inLanguage\":\"es-ES\",\"mainEntityOfPage\":{\"@id\":\"https:\\\/\\\/www.eldigitaldeasturias.com\\\/noticias\\\/teletrabajo-y-otras-tendencias-en-espacios-de-oficina-sanos-y-sostenibles\\\/#webpage\"},\"isPartOf\":{\"@id\":\"https:\\\/\\\/www.eldigitaldeasturias.com\\\/noticias\\\/teletrabajo-y-otras-tendencias-en-espacios-de-oficina-sanos-y-sostenibles\\\/#webpage\"},\"articleSection\":\"Negocios y Empresas\"},{\"@type\":\"BreadcrumbList\",\"@id\":\"https:\\\/\\\/www.eldigitaldeasturias.com\\\/noticias\\\/teletrabajo-y-otras-tendencias-en-espacios-de-oficina-sanos-y-sostenibles\\\/#breadcrumblist\",\"itemListElement\":[{\"@type\":\"ListItem\",\"@id\":\"https:\\\/\\\/www.eldigitaldeasturias.com\\\/noticias#listItem\",\"position\":1,\"name\":\"Home\",\"item\":\"https:\\\/\\\/www.eldigitaldeasturias.com\\\/noticias\",\"nextItem\":{\"@type\":\"ListItem\",\"@id\":\"https:\\\/\\\/www.eldigitaldeasturias.com\\\/noticias\\\/category\\\/negocios-y-empresas\\\/#listItem\",\"name\":\"Negocios y Empresas\"}},{\"@type\":\"ListItem\",\"@id\":\"https:\\\/\\\/www.eldigitaldeasturias.com\\\/noticias\\\/category\\\/negocios-y-empresas\\\/#listItem\",\"position\":2,\"name\":\"Negocios y Empresas\",\"item\":\"https:\\\/\\\/www.eldigitaldeasturias.com\\\/noticias\\\/category\\\/negocios-y-empresas\\\/\",\"nextItem\":{\"@type\":\"ListItem\",\"@id\":\"https:\\\/\\\/www.eldigitaldeasturias.com\\\/noticias\\\/teletrabajo-y-otras-tendencias-en-espacios-de-oficina-sanos-y-sostenibles\\\/#listItem\",\"name\":\"Teletrabajo y otras tendencias en espacios de oficina sanos y sostenibles\"},\"previousItem\":{\"@type\":\"ListItem\",\"@id\":\"https:\\\/\\\/www.eldigitaldeasturias.com\\\/noticias#listItem\",\"name\":\"Home\"}},{\"@type\":\"ListItem\",\"@id\":\"https:\\\/\\\/www.eldigitaldeasturias.com\\\/noticias\\\/teletrabajo-y-otras-tendencias-en-espacios-de-oficina-sanos-y-sostenibles\\\/#listItem\",\"position\":3,\"name\":\"Teletrabajo y otras tendencias en espacios de oficina sanos y sostenibles\",\"previousItem\":{\"@type\":\"ListItem\",\"@id\":\"https:\\\/\\\/www.eldigitaldeasturias.com\\\/noticias\\\/category\\\/negocios-y-empresas\\\/#listItem\",\"name\":\"Negocios y Empresas\"}}]},{\"@type\":\"Organization\",\"@id\":\"https:\\\/\\\/www.eldigitaldeasturias.com\\\/noticias\\\/#organization\",\"name\":\"El Digital de Asturias\",\"description\":\"Hemeroteca\",\"url\":\"https:\\\/\\\/www.eldigitaldeasturias.com\\\/noticias\\\/\",\"email\":\"info@eldigitaldeasturias.com\",\"telephone\":\"+34652131393\",\"logo\":{\"@type\":\"ImageObject\",\"url\":\"https:\\\/\\\/www.eldigitaldeasturias.com\\\/noticias\\\/wp-content\\\/uploads\\\/2020\\\/12\\\/EDA.jpg\",\"@id\":\"https:\\\/\\\/www.eldigitaldeasturias.com\\\/noticias\\\/teletrabajo-y-otras-tendencias-en-espacios-de-oficina-sanos-y-sostenibles\\\/#organizationLogo\",\"width\":649,\"height\":297},\"image\":{\"@id\":\"https:\\\/\\\/www.eldigitaldeasturias.com\\\/noticias\\\/teletrabajo-y-otras-tendencias-en-espacios-de-oficina-sanos-y-sostenibles\\\/#organizationLogo\"},\"sameAs\":[\"https:\\\/\\\/facebook.com\\\/eldigitaldeasturias\",\"https:\\\/\\\/www.youtube.com\\\/channel\\\/UCZP-2wLEB9Rv6erhFmqVnvg\"],\"address\":{\"@id\":\"https:\\\/\\\/www.eldigitaldeasturias.com\\\/noticias\\\/#postaladdress\",\"@type\":\"PostalAddress\",\"streetAddress\":\"san antonio 4,\",\"postalCode\":\"33430\",\"addressLocality\":\"Cand\\u00e1s\",\"addressRegion\":\"Asturias\",\"addressCountry\":\"ES\"}},{\"@type\":\"Person\",\"@id\":\"https:\\\/\\\/www.eldigitaldeasturias.com\\\/noticias\\\/author\\\/admin\\\/#author\",\"url\":\"https:\\\/\\\/www.eldigitaldeasturias.com\\\/noticias\\\/author\\\/admin\\\/\",\"name\":\"El Digital de Asturias\",\"image\":{\"@type\":\"ImageObject\",\"@id\":\"https:\\\/\\\/www.eldigitaldeasturias.com\\\/noticias\\\/teletrabajo-y-otras-tendencias-en-espacios-de-oficina-sanos-y-sostenibles\\\/#authorImage\",\"url\":\"https:\\\/\\\/www.eldigitaldeasturias.com\\\/noticias\\\/wp-content\\\/litespeed\\\/avatar\\\/18677e78aa0546b92d9dbf31ec7d7668.jpg?ver=1776685526\",\"width\":96,\"height\":96,\"caption\":\"El Digital de Asturias\"}},{\"@type\":\"WebPage\",\"@id\":\"https:\\\/\\\/www.eldigitaldeasturias.com\\\/noticias\\\/teletrabajo-y-otras-tendencias-en-espacios-de-oficina-sanos-y-sostenibles\\\/#webpage\",\"url\":\"https:\\\/\\\/www.eldigitaldeasturias.com\\\/noticias\\\/teletrabajo-y-otras-tendencias-en-espacios-de-oficina-sanos-y-sostenibles\\\/\",\"name\":\"Teletrabajo y otras tendencias en espacios de oficina sanos y sostenibles - El Digital de Asturias\",\"description\":\"El mundo laboral se ha venido transformado durante los \\u00faltimos 20 a\\u00f1os; y es que el nuevo milenio trajo el apogeo de las herramientas tecnol\\u00f3gicas y digitales\",\"inLanguage\":\"es-ES\",\"isPartOf\":{\"@id\":\"https:\\\/\\\/www.eldigitaldeasturias.com\\\/noticias\\\/#website\"},\"breadcrumb\":{\"@id\":\"https:\\\/\\\/www.eldigitaldeasturias.com\\\/noticias\\\/teletrabajo-y-otras-tendencias-en-espacios-de-oficina-sanos-y-sostenibles\\\/#breadcrumblist\"},\"author\":{\"@id\":\"https:\\\/\\\/www.eldigitaldeasturias.com\\\/noticias\\\/author\\\/admin\\\/#author\"},\"creator\":{\"@id\":\"https:\\\/\\\/www.eldigitaldeasturias.com\\\/noticias\\\/author\\\/admin\\\/#author\"},\"image\":{\"@type\":\"ImageObject\",\"url\":\"https:\\\/\\\/www.eldigitaldeasturias.com\\\/noticias\\\/wp-content\\\/uploads\\\/2022\\\/11\\\/laboral.jpg\",\"@id\":\"https:\\\/\\\/www.eldigitaldeasturias.com\\\/noticias\\\/teletrabajo-y-otras-tendencias-en-espacios-de-oficina-sanos-y-sostenibles\\\/#mainImage\",\"width\":640,\"height\":480,\"caption\":\"laboral\"},\"primaryImageOfPage\":{\"@id\":\"https:\\\/\\\/www.eldigitaldeasturias.com\\\/noticias\\\/teletrabajo-y-otras-tendencias-en-espacios-de-oficina-sanos-y-sostenibles\\\/#mainImage\"},\"datePublished\":\"2022-11-22T08:37:32+01:00\",\"dateModified\":\"2022-11-22T08:37:32+01:00\"},{\"@type\":\"WebSite\",\"@id\":\"https:\\\/\\\/www.eldigitaldeasturias.com\\\/noticias\\\/#website\",\"url\":\"https:\\\/\\\/www.eldigitaldeasturias.com\\\/noticias\\\/\",\"name\":\"El Digital de Asturias - Diario de actualidad y noticias\",\"alternateName\":\"El Digital de Asturias - Diario de actualidad y noticias\",\"description\":\"Hemeroteca\",\"inLanguage\":\"es-ES\",\"publisher\":{\"@id\":\"https:\\\/\\\/www.eldigitaldeasturias.com\\\/noticias\\\/#organization\"}}]}\n\t\t<\/script>\n\t\t<!-- All in One SEO Pro -->\r\n\t\t<title>Teletrabajo y otras tendencias en espacios de oficina sanos y sostenibles - El Digital de Asturias<\/title>\n\n","aioseo_head_json":{"title":"Teletrabajo y otras tendencias en espacios de oficina sanos y sostenibles - El Digital de Asturias","description":"El mundo laboral se ha venido transformado durante los \u00faltimos 20 a\u00f1os; y es que el nuevo milenio trajo el apogeo de las herramientas tecnol\u00f3gicas y digitales","canonical_url":"https:\/\/www.eldigitaldeasturias.com\/noticias\/teletrabajo-y-otras-tendencias-en-espacios-de-oficina-sanos-y-sostenibles\/","robots":"max-image-preview:large","keywords":"negocios y empresas","webmasterTools":{"google-site-verification":"UA-38556648-1","msvalidate.01":"7dfe9f3f1b24437ab69f4f2559babe99","miscellaneous":""},"schema":{"@context":"https:\/\/schema.org","@graph":[{"@type":"BlogPosting","@id":"https:\/\/www.eldigitaldeasturias.com\/noticias\/teletrabajo-y-otras-tendencias-en-espacios-de-oficina-sanos-y-sostenibles\/#blogposting","name":"Teletrabajo y otras tendencias en espacios de oficina sanos y sostenibles - El Digital de Asturias","headline":"Teletrabajo y otras tendencias en espacios de oficina sanos y sostenibles","author":{"@id":"https:\/\/www.eldigitaldeasturias.com\/noticias\/author\/admin\/#author"},"publisher":{"@id":"https:\/\/www.eldigitaldeasturias.com\/noticias\/#organization"},"image":{"@type":"ImageObject","url":"https:\/\/www.eldigitaldeasturias.com\/noticias\/wp-content\/uploads\/2022\/11\/laboral.jpg","width":640,"height":480,"caption":"laboral"},"datePublished":"2022-11-22T08:37:32+01:00","dateModified":"2022-11-22T08:37:32+01:00","inLanguage":"es-ES","mainEntityOfPage":{"@id":"https:\/\/www.eldigitaldeasturias.com\/noticias\/teletrabajo-y-otras-tendencias-en-espacios-de-oficina-sanos-y-sostenibles\/#webpage"},"isPartOf":{"@id":"https:\/\/www.eldigitaldeasturias.com\/noticias\/teletrabajo-y-otras-tendencias-en-espacios-de-oficina-sanos-y-sostenibles\/#webpage"},"articleSection":"Negocios y Empresas"},{"@type":"BreadcrumbList","@id":"https:\/\/www.eldigitaldeasturias.com\/noticias\/teletrabajo-y-otras-tendencias-en-espacios-de-oficina-sanos-y-sostenibles\/#breadcrumblist","itemListElement":[{"@type":"ListItem","@id":"https:\/\/www.eldigitaldeasturias.com\/noticias#listItem","position":1,"name":"Home","item":"https:\/\/www.eldigitaldeasturias.com\/noticias","nextItem":{"@type":"ListItem","@id":"https:\/\/www.eldigitaldeasturias.com\/noticias\/category\/negocios-y-empresas\/#listItem","name":"Negocios y Empresas"}},{"@type":"ListItem","@id":"https:\/\/www.eldigitaldeasturias.com\/noticias\/category\/negocios-y-empresas\/#listItem","position":2,"name":"Negocios y Empresas","item":"https:\/\/www.eldigitaldeasturias.com\/noticias\/category\/negocios-y-empresas\/","nextItem":{"@type":"ListItem","@id":"https:\/\/www.eldigitaldeasturias.com\/noticias\/teletrabajo-y-otras-tendencias-en-espacios-de-oficina-sanos-y-sostenibles\/#listItem","name":"Teletrabajo y otras tendencias en espacios de oficina sanos y sostenibles"},"previousItem":{"@type":"ListItem","@id":"https:\/\/www.eldigitaldeasturias.com\/noticias#listItem","name":"Home"}},{"@type":"ListItem","@id":"https:\/\/www.eldigitaldeasturias.com\/noticias\/teletrabajo-y-otras-tendencias-en-espacios-de-oficina-sanos-y-sostenibles\/#listItem","position":3,"name":"Teletrabajo y otras tendencias en espacios de oficina sanos y sostenibles","previousItem":{"@type":"ListItem","@id":"https:\/\/www.eldigitaldeasturias.com\/noticias\/category\/negocios-y-empresas\/#listItem","name":"Negocios y Empresas"}}]},{"@type":"Organization","@id":"https:\/\/www.eldigitaldeasturias.com\/noticias\/#organization","name":"El Digital de Asturias","description":"Hemeroteca","url":"https:\/\/www.eldigitaldeasturias.com\/noticias\/","email":"info@eldigitaldeasturias.com","telephone":"+34652131393","logo":{"@type":"ImageObject","url":"https:\/\/www.eldigitaldeasturias.com\/noticias\/wp-content\/uploads\/2020\/12\/EDA.jpg","@id":"https:\/\/www.eldigitaldeasturias.com\/noticias\/teletrabajo-y-otras-tendencias-en-espacios-de-oficina-sanos-y-sostenibles\/#organizationLogo","width":649,"height":297},"image":{"@id":"https:\/\/www.eldigitaldeasturias.com\/noticias\/teletrabajo-y-otras-tendencias-en-espacios-de-oficina-sanos-y-sostenibles\/#organizationLogo"},"sameAs":["https:\/\/facebook.com\/eldigitaldeasturias","https:\/\/www.youtube.com\/channel\/UCZP-2wLEB9Rv6erhFmqVnvg"],"address":{"@id":"https:\/\/www.eldigitaldeasturias.com\/noticias\/#postaladdress","@type":"PostalAddress","streetAddress":"san antonio 4,","postalCode":"33430","addressLocality":"Cand\u00e1s","addressRegion":"Asturias","addressCountry":"ES"}},{"@type":"Person","@id":"https:\/\/www.eldigitaldeasturias.com\/noticias\/author\/admin\/#author","url":"https:\/\/www.eldigitaldeasturias.com\/noticias\/author\/admin\/","name":"El Digital de Asturias","image":{"@type":"ImageObject","@id":"https:\/\/www.eldigitaldeasturias.com\/noticias\/teletrabajo-y-otras-tendencias-en-espacios-de-oficina-sanos-y-sostenibles\/#authorImage","url":"https:\/\/www.eldigitaldeasturias.com\/noticias\/wp-content\/litespeed\/avatar\/18677e78aa0546b92d9dbf31ec7d7668.jpg?ver=1776685526","width":96,"height":96,"caption":"El Digital de Asturias"}},{"@type":"WebPage","@id":"https:\/\/www.eldigitaldeasturias.com\/noticias\/teletrabajo-y-otras-tendencias-en-espacios-de-oficina-sanos-y-sostenibles\/#webpage","url":"https:\/\/www.eldigitaldeasturias.com\/noticias\/teletrabajo-y-otras-tendencias-en-espacios-de-oficina-sanos-y-sostenibles\/","name":"Teletrabajo y otras tendencias en espacios de oficina sanos y sostenibles - El Digital de Asturias","description":"El mundo laboral se ha venido transformado durante los \u00faltimos 20 a\u00f1os; y es que el nuevo milenio trajo el apogeo de las herramientas tecnol\u00f3gicas y digitales","inLanguage":"es-ES","isPartOf":{"@id":"https:\/\/www.eldigitaldeasturias.com\/noticias\/#website"},"breadcrumb":{"@id":"https:\/\/www.eldigitaldeasturias.com\/noticias\/teletrabajo-y-otras-tendencias-en-espacios-de-oficina-sanos-y-sostenibles\/#breadcrumblist"},"author":{"@id":"https:\/\/www.eldigitaldeasturias.com\/noticias\/author\/admin\/#author"},"creator":{"@id":"https:\/\/www.eldigitaldeasturias.com\/noticias\/author\/admin\/#author"},"image":{"@type":"ImageObject","url":"https:\/\/www.eldigitaldeasturias.com\/noticias\/wp-content\/uploads\/2022\/11\/laboral.jpg","@id":"https:\/\/www.eldigitaldeasturias.com\/noticias\/teletrabajo-y-otras-tendencias-en-espacios-de-oficina-sanos-y-sostenibles\/#mainImage","width":640,"height":480,"caption":"laboral"},"primaryImageOfPage":{"@id":"https:\/\/www.eldigitaldeasturias.com\/noticias\/teletrabajo-y-otras-tendencias-en-espacios-de-oficina-sanos-y-sostenibles\/#mainImage"},"datePublished":"2022-11-22T08:37:32+01:00","dateModified":"2022-11-22T08:37:32+01:00"},{"@type":"WebSite","@id":"https:\/\/www.eldigitaldeasturias.com\/noticias\/#website","url":"https:\/\/www.eldigitaldeasturias.com\/noticias\/","name":"El Digital de Asturias - Diario de actualidad y noticias","alternateName":"El Digital de Asturias - Diario de actualidad y noticias","description":"Hemeroteca","inLanguage":"es-ES","publisher":{"@id":"https:\/\/www.eldigitaldeasturias.com\/noticias\/#organization"}}]},"og:locale":"es_ES","og:site_name":"El Digital de Asturias","og:type":"article","og:title":"Teletrabajo y otras tendencias en espacios de oficina sanos y sostenibles - El Digital de Asturias","og:description":"El mundo laboral se ha venido transformado durante los \u00faltimos 20 a\u00f1os; y es que el nuevo milenio trajo el apogeo de las herramientas tecnol\u00f3gicas y digitales","og:url":"https:\/\/www.eldigitaldeasturias.com\/noticias\/teletrabajo-y-otras-tendencias-en-espacios-de-oficina-sanos-y-sostenibles\/","og:image":"https:\/\/www.eldigitaldeasturias.com\/noticias\/wp-content\/uploads\/2022\/11\/laboral.jpg","og:image:secure_url":"https:\/\/www.eldigitaldeasturias.com\/noticias\/wp-content\/uploads\/2022\/11\/laboral.jpg","og:image:width":640,"og:image:height":480,"article:tag":["negocios y empresas"],"article:published_time":"2022-11-22T07:37:32+00:00","article:modified_time":"2022-11-22T07:37:32+00:00","article:publisher":"https:\/\/facebook.com\/eldigitaldeasturias","twitter:card":"summary_large_image","twitter:title":"Teletrabajo y otras tendencias en espacios de oficina sanos y sostenibles - El Digital de Asturias","twitter:description":"El mundo laboral se ha venido transformado durante los \u00faltimos 20 a\u00f1os; y es que el nuevo milenio trajo el apogeo de las herramientas tecnol\u00f3gicas y digitales","twitter:image":"https:\/\/www.eldigitaldeasturias.com\/noticias\/wp-content\/uploads\/2022\/11\/laboral.jpg","twitter:label1":"Escrito por","twitter:data1":"El Digital de Asturias","twitter:label2":"Tiempo de lectura estimado","twitter:data2":"6 minutos"},"aioseo_meta_data":{"post_id":"1119254","title":null,"description":"El mundo laboral se ha venido transformado durante los \u00faltimos 20 a\u00f1os; y es que el nuevo milenio trajo el apogeo de las herramientas tecnol\u00f3gicas y digitales","keywords":[],"keyphrases":{"focus":{"keyphrase":"laboral","score":73,"analysis":{"keyphraseInTitle":{"title":"Focus keyphrase in SEO title","description":"Focus keyphrase not found in SEO title.","score":3,"maxScore":9,"error":1},"keyphraseInDescription":{"title":"Focus keyphrase in meta description","description":"Focus keyphrase found in meta description.","score":9,"maxScore":9,"error":0},"keyphraseLength":{"title":"Focus keyphrase length","description":"Good job!","score":9,"maxScore":9,"error":0,"length":1},"keyphraseInURL":{"title":"Focus keyphrase in URL","description":"Focus keyphrase not found in the URL.","score":1,"maxScore":5,"error":1},"keyphraseInIntroduction":{"title":"Focus keyphrase in introduction","description":"Your Focus keyphrase appears in the first paragraph. Well done!","score":9,"maxScore":9,"error":0},"keyphraseInSubHeadings":{"title":"Focus keyphrase in Subheadings","description":"Use your focus keyphrase more in your H2 and H3 subheadings.","score":3,"maxScore":9,"error":1},"keyphraseInImageAlt":{"title":"Focus keyphrase in image alt attributes","description":"Focus keyphrase found in image alt attribute(s).","score":9,"maxScore":9,"error":0}}},"additional":[{"keyphrase":"digitales","score":83,"analysis":{"keyphraseInDescription":{"title":"Keyphrase in meta description","description":"Keyphrase found in meta description.","score":9,"maxScore":9,"error":0},"keyphraseLength":{"title":"Keyphrase length","description":"Good job!","score":9,"maxScore":9,"error":0,"length":1},"keyphraseInIntroduction":{"title":"Keyphrase in introduction","description":"Your Keyphrase appears in the first paragraph. Well done!","score":9,"maxScore":9,"error":0},"keyphraseInImageAlt":{"title":"Keyphrase in image alt attributes","description":"Keyphrase not found in image alt attribute(s). Add an image with your Keyphrase as alt text.","score":3,"maxScore":9,"error":1}}},{"keyphrase":"mundo laboral","score":83,"analysis":{"keyphraseInDescription":{"title":"Keyphrase in meta description","description":"Keyphrase found in meta description.","score":9,"maxScore":9,"error":0},"keyphraseLength":{"title":"Keyphrase length","description":"Good job!","score":9,"maxScore":9,"error":0,"length":2},"keyphraseInIntroduction":{"title":"Keyphrase in introduction","description":"Your Keyphrase appears in the first paragraph. Well done!","score":9,"maxScore":9,"error":0},"keyphraseInImageAlt":{"title":"Keyphrase in image alt attributes","description":"Keyphrase not found in image alt attribute(s). Add an image with your Keyphrase as alt text.","score":3,"maxScore":9,"error":1}}},{"keyphrase":"herramientas tecnol\u00f3gicas ","score":83,"analysis":{"keyphraseInDescription":{"title":"Keyphrase in meta description","description":"Keyphrase found in meta description.","score":9,"maxScore":9,"error":0},"keyphraseLength":{"title":"Keyphrase length","description":"Good job!","score":9,"maxScore":9,"error":0,"length":2},"keyphraseInIntroduction":{"title":"Keyphrase in introduction","description":"Your Keyphrase appears in the first paragraph. Well done!","score":9,"maxScore":9,"error":0},"keyphraseInImageAlt":{"title":"Keyphrase in image alt attributes","description":"Keyphrase not found in image alt attribute(s). Add an image with your Keyphrase as alt text.","score":3,"maxScore":9,"error":1}}},{"keyphrase":"laboral","score":100,"analysis":{"keyphraseInDescription":{"title":"Keyphrase in meta description","description":"Keyphrase found in meta description.","score":9,"maxScore":9,"error":0},"keyphraseLength":{"title":"Keyphrase length","description":"Good job!","score":9,"maxScore":9,"error":0,"length":1},"keyphraseInIntroduction":{"title":"Keyphrase in introduction","description":"Your Keyphrase appears in the first paragraph. Well done!","score":9,"maxScore":9,"error":0},"keyphraseInImageAlt":{"title":"Keyphrase in image alt attributes","description":"Keyphrase found in image alt attribute(s).","score":9,"maxScore":9,"error":0}}}]},"primary_term":null,"canonical_url":null,"og_title":null,"og_description":null,"og_object_type":"default","og_image_type":"default","og_image_url":null,"og_image_width":null,"og_image_height":null,"og_image_custom_url":null,"og_image_custom_fields":null,"og_video":"","og_custom_url":null,"og_article_section":null,"og_article_tags":[],"twitter_use_og":false,"twitter_card":"default","twitter_image_type":"default","twitter_image_url":null,"twitter_image_custom_url":null,"twitter_image_custom_fields":null,"twitter_title":null,"twitter_description":null,"schema":{"blockGraphs":[],"customGraphs":[],"default":{"data":{"Article":[],"Course":[],"Dataset":[],"FAQPage":[],"Movie":[],"Person":[],"Product":[],"ProductReview":[],"Car":[],"Recipe":[],"Service":[],"SoftwareApplication":[],"WebPage":[]},"graphName":"BlogPosting","isEnabled":true},"graphs":[]},"schema_type":"default","schema_type_options":null,"pillar_content":false,"robots_default":true,"robots_noindex":false,"robots_noarchive":false,"robots_nosnippet":false,"robots_nofollow":false,"robots_noimageindex":false,"robots_noodp":false,"robots_notranslate":false,"robots_max_snippet":"-1","robots_max_videopreview":"-1","robots_max_imagepreview":"large","priority":null,"frequency":"default","local_seo":null,"seo_analyzer_scan_date":"2025-10-04 11:56:44","breadcrumb_settings":null,"limit_modified_date":false,"open_ai":null,"ai":null,"created":"2022-11-22 07:28:45","updated":"2025-10-04 11:56:44"},"aioseo_breadcrumb":"<div class=\"aioseo-breadcrumbs\"><span class=\"aioseo-breadcrumb\">\n\t<a href=\"https:\/\/www.eldigitaldeasturias.com\/noticias\" title=\"Home\">Home<\/a>\n<\/span><span class=\"aioseo-breadcrumb-separator\">\u2013<\/span><span class=\"aioseo-breadcrumb\">\n\t<a href=\"https:\/\/www.eldigitaldeasturias.com\/noticias\/category\/negocios-y-empresas\/\" title=\"Negocios y Empresas\">Negocios y Empresas<\/a>\n<\/span><span class=\"aioseo-breadcrumb-separator\">\u2013<\/span><span class=\"aioseo-breadcrumb\">\n\t<a href=\"https:\/\/www.eldigitaldeasturias.com\/noticias\/teletrabajo-y-otras-tendencias-en-espacios-de-oficina-sanos-y-sostenibles\/\" title=\"Teletrabajo y otras tendencias en espacios de oficina sanos y sostenibles\">Teletrabajo y otras tendencias en espacios de oficina sanos y sostenibles<\/a>\n<\/span><\/div>","aioseo_breadcrumb_json":[{"label":"Home","link":"https:\/\/www.eldigitaldeasturias.com\/noticias"},{"label":"Negocios y Empresas","link":"https:\/\/www.eldigitaldeasturias.com\/noticias\/category\/negocios-y-empresas\/"},{"label":"Teletrabajo y otras tendencias en espacios de oficina sanos y sostenibles","link":"https:\/\/www.eldigitaldeasturias.com\/noticias\/teletrabajo-y-otras-tendencias-en-espacios-de-oficina-sanos-y-sostenibles\/"}],"_links":{"self":[{"href":"https:\/\/www.eldigitaldeasturias.com\/noticias\/wp-json\/wp\/v2\/posts\/1119254","targetHints":{"allow":["GET"]}}],"collection":[{"href":"https:\/\/www.eldigitaldeasturias.com\/noticias\/wp-json\/wp\/v2\/posts"}],"about":[{"href":"https:\/\/www.eldigitaldeasturias.com\/noticias\/wp-json\/wp\/v2\/types\/post"}],"author":[{"embeddable":true,"href":"https:\/\/www.eldigitaldeasturias.com\/noticias\/wp-json\/wp\/v2\/users\/1"}],"replies":[{"embeddable":true,"href":"https:\/\/www.eldigitaldeasturias.com\/noticias\/wp-json\/wp\/v2\/comments?post=1119254"}],"version-history":[{"count":0,"href":"https:\/\/www.eldigitaldeasturias.com\/noticias\/wp-json\/wp\/v2\/posts\/1119254\/revisions"}],"wp:featuredmedia":[{"embeddable":true,"href":"https:\/\/www.eldigitaldeasturias.com\/noticias\/wp-json\/wp\/v2\/media\/1119255"}],"wp:attachment":[{"href":"https:\/\/www.eldigitaldeasturias.com\/noticias\/wp-json\/wp\/v2\/media?parent=1119254"}],"wp:term":[{"taxonomy":"category","embeddable":true,"href":"https:\/\/www.eldigitaldeasturias.com\/noticias\/wp-json\/wp\/v2\/categories?post=1119254"},{"taxonomy":"post_tag","embeddable":true,"href":"https:\/\/www.eldigitaldeasturias.com\/noticias\/wp-json\/wp\/v2\/tags?post=1119254"}],"curies":[{"name":"wp","href":"https:\/\/api.w.org\/{rel}","templated":true}]}}