{"id":1119116,"date":"2022-11-16T09:49:07","date_gmt":"2022-11-16T08:49:07","guid":{"rendered":"https:\/\/www.eldigitaldeasturias.com\/noticias\/?p=1119116"},"modified":"2022-11-16T09:49:07","modified_gmt":"2022-11-16T08:49:07","slug":"optimismo-en-las-pymes-iberoamericanas-de-cara-a-2023","status":"publish","type":"post","link":"https:\/\/www.eldigitaldeasturias.com\/noticias\/optimismo-en-las-pymes-iberoamericanas-de-cara-a-2023\/","title":{"rendered":"Optimismo en las pymes iberoamericanas de cara a 2023"},"content":{"rendered":"<p>(EP) &#8211; Un 59% de<strong> las <span style=\"color: #ff6600;\"><a style=\"color: #ff6600;\" href=\"https:\/\/www.eldigitaldeasturias.com\/noticias\/category\/negocios-y-empresas\/\">pymes<\/a><\/span> iberoamericanas<\/strong> considera que su situaci\u00f3n mejorar\u00e1 en un a\u00f1o, seg\u00fan los resultados de la &#8216;Encuesta Iberoamericana de las Mipymes: apostando por las micro, peque\u00f1as y medianas empresas para el crecimiento y la prosperidad&#8217;, elaborada por varias de las organizaciones empresariales miembros del Consejo de Empresarios Iberoamericanos (CEIB) y de la Organizaci\u00f3n Internacional de Empleadores (OIE), en la que han participado m\u00e1s de 2.300 pymes de 22 pa\u00edses de Iberoam\u00e9rica.<\/p>\n<p><img loading=\"lazy\" decoding=\"async\" class=\"aligncenter wp-image-1103653 size-full\" src=\"https:\/\/www.eldigitaldeasturias.com\/noticias\/wp-content\/uploads\/2022\/01\/economia.jpg\" alt=\"econom\u00eda\" width=\"640\" height=\"452\" srcset=\"https:\/\/www.eldigitaldeasturias.com\/noticias\/wp-content\/uploads\/2022\/01\/economia.jpg 640w, https:\/\/www.eldigitaldeasturias.com\/noticias\/wp-content\/uploads\/2022\/01\/economia-360x254.jpg 360w, https:\/\/www.eldigitaldeasturias.com\/noticias\/wp-content\/uploads\/2022\/01\/economia-425x300.jpg 425w, https:\/\/www.eldigitaldeasturias.com\/noticias\/wp-content\/uploads\/2022\/01\/economia-150x106.jpg 150w, https:\/\/www.eldigitaldeasturias.com\/noticias\/wp-content\/uploads\/2022\/01\/economia-450x318.jpg 450w\" sizes=\"auto, (max-width: 640px) 100vw, 640px\" \/><\/p>\n<p>El secretario permanente de CEIB, Narciso Casado, el responsable de Econom\u00eda y Empresas de SEGIB, Esteban Campero y el secretario general de FIJE, Antonio Magraner, han sido los encargados de presentar este martes el documento en el marco de la segunda y \u00faltima jornada del V Foro Iberoamericano de la Mipyme, que comenz\u00f3 el lunes en Lisboa.<\/p>\n<p>Dicha encuesta permite conocer c\u00f3mo las peque\u00f1as y medianas empresas est\u00e1n enfrentando los escollos actuales, especialmente a ra\u00edz de la pandemia, su resiliencia y capacidad de adaptaci\u00f3n, a trav\u00e9s de la valoraci\u00f3n en sus modelos de negocio y de una mayor adopci\u00f3n de herramientas digitales, que ayuda a tener una radiograf\u00eda completa del tejido productivo.<\/p>\n<h2>EL 86% DE LAS PYMES APUESTA POR LA DIGITALIZACI\u00d3N<\/h2>\n<p>Seg\u00fan se extrae del documento, <strong>las<a href=\"https:\/\/candas365.es\/noticias\/category\/canal-empresas\/\" target=\"_blank\" rel=\"noopener\"><span style=\"color: #ff6600;\"> pymes<\/span><\/a> de la regi\u00f3n apuestan de forma decidida por la digitalizaci\u00f3n<\/strong>, ya que el 86% de ellas se encuentra en alguna etapa de proceso y un 59% afirma tener empleados preparados para dicha transformaci\u00f3n. Adem\u00e1s, un 78,3% de las empresas encuestadas asegura contar con una p\u00e1gina web.<\/p>\n<p>La encuesta tambi\u00e9n ha puesto de manifiesto que la pandemia jug\u00f3 un papel \u00abdecisivo\u00bb en la digitalizaci\u00f3n de las empresas, pues tan solo un 17,5% afirma haber tenido que cerrar sus operaciones, mientras que un 77% de las pymes implementaron herramientas digitales durante la \u00abgran crisis del aislamiento\u00bb. <strong>De ellas, el 39,7% considera que este proceso de digitalizaci\u00f3n fue clave para la supervivencia de su negocio.<\/strong><\/p>\n<p>\u00abCon estos datos sobre la mesa, no podemos negar que la puesta en marcha de la transformaci\u00f3n digital de las pymes iberoamericanas es una realidad, siendo la pandemia un acelerador de este proceso\u00bb, han explicado en el foro.<\/p>\n<h2>LA INFLACI\u00d3N ES LA PRINCIPAL PREOCUPACI\u00d3N DE LAS PYMES<\/h2>\n<p>En la presentaci\u00f3n de la encuesta, Narciso Casado, Esteban Campero y Antonio Magraner han asegurado que la inflaci\u00f3n es la principal preocupaci\u00f3n de las pymes en el actual escenario global de crisis.<\/p>\n<p>La encuesta muestra que los principales retos de la coyuntura que se perciben de manera general por las pymes son la inflaci\u00f3n, con un 45,6%, seguido por la financiaci\u00f3n, con un 19,5%. No obstante, la mayor\u00eda de las pymes son optimistas respecto al futuro de su empresa, tendencia que se mantiene en la mayor\u00eda de los sectores, con excepci\u00f3n de la construcci\u00f3n y la miner\u00eda.<\/p>\n<p>Por lo que se refiere a la internacionalizaci\u00f3n de las pymes iberoamericanas, \u00abaunque todav\u00eda queda un largo camino\u00bb, cabe destacar que en los \u00faltimos dos a\u00f1os se ha producido un salto en las exportaciones para el 39,6% de estas empresas, a pesar de seguir encontrando dificultades en la gesti\u00f3n para poder exportar.<\/p>\n","protected":false},"excerpt":{"rendered":"<p>(EP) &#8211; Un 59% de las pymes iberoamericanas considera que su situaci\u00f3n mejorar\u00e1 en un a\u00f1o, seg\u00fan los resultados de la &#8216;Encuesta Iberoamericana de las Mipymes: apostando por las micro, peque\u00f1as y medianas empresas para el crecimiento y la prosperidad&#8217;, elaborada por varias de las organizaciones empresariales miembros del Consejo de Empresarios Iberoamericanos (CEIB) y [&hellip;]<\/p>\n","protected":false},"author":1,"featured_media":1103653,"comment_status":"closed","ping_status":"closed","sticky":false,"template":"","format":"standard","meta":{"footnotes":""},"categories":[219],"tags":[],"class_list":["post-1119116","post","type-post","status-publish","format-standard","has-post-thumbnail","hentry","category-negocios-y-empresas"],"aioseo_notices":[],"aioseo_head":"\n\t\t<!-- All in One SEO Pro 4.9.6.2 - aioseo.com -->\n\t<meta name=\"description\" content=\"(EP) - Un 59% de las pymes iberoamericanas considera que su situaci\u00f3n mejorar\u00e1 en un a\u00f1o, seg\u00fan los resultados de la &#039;Encuesta Iberoamericana de las Mipyme\" \/>\n\t<meta name=\"robots\" content=\"max-image-preview:large\" \/>\n\t<meta name=\"author\" content=\"El Digital de Asturias\"\/>\n\t<meta name=\"google-site-verification\" content=\"UA-38556648-1\" \/>\n\t<meta name=\"msvalidate.01\" content=\"7dfe9f3f1b24437ab69f4f2559babe99\" \/>\n\t<meta name=\"keywords\" content=\"negocios y empresas\" \/>\n\t<link rel=\"canonical\" href=\"https:\/\/www.eldigitaldeasturias.com\/noticias\/optimismo-en-las-pymes-iberoamericanas-de-cara-a-2023\/\" \/>\n\t<meta name=\"generator\" content=\"All in One SEO Pro (AIOSEO) 4.9.6.2\" \/>\n\t\t<meta property=\"og:locale\" content=\"es_ES\" \/>\n\t\t<meta property=\"og:site_name\" content=\"El Digital de Asturias\" \/>\n\t\t<meta property=\"og:type\" content=\"article\" \/>\n\t\t<meta property=\"og:title\" content=\"Optimismo en las pymes iberoamericanas de cara a 2023 - El Digital de Asturias\" \/>\n\t\t<meta property=\"og:description\" content=\"(EP) - Un 59% de las pymes iberoamericanas considera que su situaci\u00f3n mejorar\u00e1 en un a\u00f1o, seg\u00fan los resultados de la &#039;Encuesta Iberoamericana de las Mipyme\" \/>\n\t\t<meta property=\"og:url\" content=\"https:\/\/www.eldigitaldeasturias.com\/noticias\/optimismo-en-las-pymes-iberoamericanas-de-cara-a-2023\/\" \/>\n\t\t<meta property=\"og:image\" content=\"https:\/\/www.eldigitaldeasturias.com\/noticias\/wp-content\/uploads\/2022\/01\/economia.jpg\" \/>\n\t\t<meta property=\"og:image:secure_url\" content=\"https:\/\/www.eldigitaldeasturias.com\/noticias\/wp-content\/uploads\/2022\/01\/economia.jpg\" \/>\n\t\t<meta property=\"og:image:width\" content=\"640\" \/>\n\t\t<meta property=\"og:image:height\" content=\"452\" \/>\n\t\t<meta property=\"article:tag\" content=\"negocios y empresas\" \/>\n\t\t<meta property=\"article:published_time\" content=\"2022-11-16T08:49:07+00:00\" \/>\n\t\t<meta property=\"article:modified_time\" content=\"2022-11-16T08:49:07+00:00\" \/>\n\t\t<meta property=\"article:publisher\" content=\"https:\/\/facebook.com\/eldigitaldeasturias\" \/>\n\t\t<meta name=\"twitter:card\" content=\"summary_large_image\" \/>\n\t\t<meta name=\"twitter:title\" content=\"Optimismo en las pymes iberoamericanas de cara a 2023 - El Digital de Asturias\" \/>\n\t\t<meta name=\"twitter:description\" content=\"(EP) - Un 59% de las pymes iberoamericanas considera que su situaci\u00f3n mejorar\u00e1 en un a\u00f1o, seg\u00fan los resultados de la &#039;Encuesta Iberoamericana de las Mipyme\" \/>\n\t\t<meta name=\"twitter:image\" content=\"https:\/\/www.eldigitaldeasturias.com\/noticias\/wp-content\/uploads\/2022\/01\/economia.jpg\" \/>\n\t\t<meta name=\"twitter:label1\" content=\"Escrito por\" \/>\n\t\t<meta name=\"twitter:data1\" content=\"El Digital de Asturias\" \/>\n\t\t<meta name=\"twitter:label2\" content=\"Tiempo de lectura estimado\" \/>\n\t\t<meta name=\"twitter:data2\" content=\"3 minutos\" \/>\n\t\t<script type=\"application\/ld+json\" class=\"aioseo-schema\">\n\t\t\t{\"@context\":\"https:\\\/\\\/schema.org\",\"@graph\":[{\"@type\":\"BlogPosting\",\"@id\":\"https:\\\/\\\/www.eldigitaldeasturias.com\\\/noticias\\\/optimismo-en-las-pymes-iberoamericanas-de-cara-a-2023\\\/#blogposting\",\"name\":\"Optimismo en las pymes iberoamericanas de cara a 2023 - El Digital de Asturias\",\"headline\":\"Optimismo en las pymes iberoamericanas de cara a 2023\",\"author\":{\"@id\":\"https:\\\/\\\/www.eldigitaldeasturias.com\\\/noticias\\\/author\\\/admin\\\/#author\"},\"publisher\":{\"@id\":\"https:\\\/\\\/www.eldigitaldeasturias.com\\\/noticias\\\/#organization\"},\"image\":{\"@type\":\"ImageObject\",\"url\":\"https:\\\/\\\/www.eldigitaldeasturias.com\\\/noticias\\\/wp-content\\\/uploads\\\/2022\\\/01\\\/economia.jpg\",\"width\":640,\"height\":452,\"caption\":\"econom\\u00eda\"},\"datePublished\":\"2022-11-16T09:49:07+01:00\",\"dateModified\":\"2022-11-16T09:49:07+01:00\",\"inLanguage\":\"es-ES\",\"mainEntityOfPage\":{\"@id\":\"https:\\\/\\\/www.eldigitaldeasturias.com\\\/noticias\\\/optimismo-en-las-pymes-iberoamericanas-de-cara-a-2023\\\/#webpage\"},\"isPartOf\":{\"@id\":\"https:\\\/\\\/www.eldigitaldeasturias.com\\\/noticias\\\/optimismo-en-las-pymes-iberoamericanas-de-cara-a-2023\\\/#webpage\"},\"articleSection\":\"Negocios y Empresas\"},{\"@type\":\"BreadcrumbList\",\"@id\":\"https:\\\/\\\/www.eldigitaldeasturias.com\\\/noticias\\\/optimismo-en-las-pymes-iberoamericanas-de-cara-a-2023\\\/#breadcrumblist\",\"itemListElement\":[{\"@type\":\"ListItem\",\"@id\":\"https:\\\/\\\/www.eldigitaldeasturias.com\\\/noticias#listItem\",\"position\":1,\"name\":\"Home\",\"item\":\"https:\\\/\\\/www.eldigitaldeasturias.com\\\/noticias\",\"nextItem\":{\"@type\":\"ListItem\",\"@id\":\"https:\\\/\\\/www.eldigitaldeasturias.com\\\/noticias\\\/category\\\/negocios-y-empresas\\\/#listItem\",\"name\":\"Negocios y Empresas\"}},{\"@type\":\"ListItem\",\"@id\":\"https:\\\/\\\/www.eldigitaldeasturias.com\\\/noticias\\\/category\\\/negocios-y-empresas\\\/#listItem\",\"position\":2,\"name\":\"Negocios y Empresas\",\"item\":\"https:\\\/\\\/www.eldigitaldeasturias.com\\\/noticias\\\/category\\\/negocios-y-empresas\\\/\",\"nextItem\":{\"@type\":\"ListItem\",\"@id\":\"https:\\\/\\\/www.eldigitaldeasturias.com\\\/noticias\\\/optimismo-en-las-pymes-iberoamericanas-de-cara-a-2023\\\/#listItem\",\"name\":\"Optimismo en las pymes iberoamericanas de cara a 2023\"},\"previousItem\":{\"@type\":\"ListItem\",\"@id\":\"https:\\\/\\\/www.eldigitaldeasturias.com\\\/noticias#listItem\",\"name\":\"Home\"}},{\"@type\":\"ListItem\",\"@id\":\"https:\\\/\\\/www.eldigitaldeasturias.com\\\/noticias\\\/optimismo-en-las-pymes-iberoamericanas-de-cara-a-2023\\\/#listItem\",\"position\":3,\"name\":\"Optimismo en las pymes iberoamericanas de cara a 2023\",\"previousItem\":{\"@type\":\"ListItem\",\"@id\":\"https:\\\/\\\/www.eldigitaldeasturias.com\\\/noticias\\\/category\\\/negocios-y-empresas\\\/#listItem\",\"name\":\"Negocios y Empresas\"}}]},{\"@type\":\"Organization\",\"@id\":\"https:\\\/\\\/www.eldigitaldeasturias.com\\\/noticias\\\/#organization\",\"name\":\"El Digital de Asturias\",\"description\":\"Hemeroteca\",\"url\":\"https:\\\/\\\/www.eldigitaldeasturias.com\\\/noticias\\\/\",\"email\":\"info@eldigitaldeasturias.com\",\"telephone\":\"+34652131393\",\"logo\":{\"@type\":\"ImageObject\",\"url\":\"https:\\\/\\\/www.eldigitaldeasturias.com\\\/noticias\\\/wp-content\\\/uploads\\\/2020\\\/12\\\/EDA.jpg\",\"@id\":\"https:\\\/\\\/www.eldigitaldeasturias.com\\\/noticias\\\/optimismo-en-las-pymes-iberoamericanas-de-cara-a-2023\\\/#organizationLogo\",\"width\":649,\"height\":297},\"image\":{\"@id\":\"https:\\\/\\\/www.eldigitaldeasturias.com\\\/noticias\\\/optimismo-en-las-pymes-iberoamericanas-de-cara-a-2023\\\/#organizationLogo\"},\"sameAs\":[\"https:\\\/\\\/facebook.com\\\/eldigitaldeasturias\",\"https:\\\/\\\/www.youtube.com\\\/channel\\\/UCZP-2wLEB9Rv6erhFmqVnvg\"],\"address\":{\"@id\":\"https:\\\/\\\/www.eldigitaldeasturias.com\\\/noticias\\\/#postaladdress\",\"@type\":\"PostalAddress\",\"streetAddress\":\"san antonio 4,\",\"postalCode\":\"33430\",\"addressLocality\":\"Cand\\u00e1s\",\"addressRegion\":\"Asturias\",\"addressCountry\":\"ES\"}},{\"@type\":\"Person\",\"@id\":\"https:\\\/\\\/www.eldigitaldeasturias.com\\\/noticias\\\/author\\\/admin\\\/#author\",\"url\":\"https:\\\/\\\/www.eldigitaldeasturias.com\\\/noticias\\\/author\\\/admin\\\/\",\"name\":\"El Digital de Asturias\",\"image\":{\"@type\":\"ImageObject\",\"@id\":\"https:\\\/\\\/www.eldigitaldeasturias.com\\\/noticias\\\/optimismo-en-las-pymes-iberoamericanas-de-cara-a-2023\\\/#authorImage\",\"url\":\"https:\\\/\\\/www.eldigitaldeasturias.com\\\/noticias\\\/wp-content\\\/litespeed\\\/avatar\\\/18677e78aa0546b92d9dbf31ec7d7668.jpg?ver=1776685526\",\"width\":96,\"height\":96,\"caption\":\"El Digital de Asturias\"}},{\"@type\":\"WebPage\",\"@id\":\"https:\\\/\\\/www.eldigitaldeasturias.com\\\/noticias\\\/optimismo-en-las-pymes-iberoamericanas-de-cara-a-2023\\\/#webpage\",\"url\":\"https:\\\/\\\/www.eldigitaldeasturias.com\\\/noticias\\\/optimismo-en-las-pymes-iberoamericanas-de-cara-a-2023\\\/\",\"name\":\"Optimismo en las pymes iberoamericanas de cara a 2023 - El Digital de Asturias\",\"description\":\"(EP) - Un 59% de las pymes iberoamericanas considera que su situaci\\u00f3n mejorar\\u00e1 en un a\\u00f1o, seg\\u00fan los resultados de la 'Encuesta Iberoamericana de las Mipyme\",\"inLanguage\":\"es-ES\",\"isPartOf\":{\"@id\":\"https:\\\/\\\/www.eldigitaldeasturias.com\\\/noticias\\\/#website\"},\"breadcrumb\":{\"@id\":\"https:\\\/\\\/www.eldigitaldeasturias.com\\\/noticias\\\/optimismo-en-las-pymes-iberoamericanas-de-cara-a-2023\\\/#breadcrumblist\"},\"author\":{\"@id\":\"https:\\\/\\\/www.eldigitaldeasturias.com\\\/noticias\\\/author\\\/admin\\\/#author\"},\"creator\":{\"@id\":\"https:\\\/\\\/www.eldigitaldeasturias.com\\\/noticias\\\/author\\\/admin\\\/#author\"},\"image\":{\"@type\":\"ImageObject\",\"url\":\"https:\\\/\\\/www.eldigitaldeasturias.com\\\/noticias\\\/wp-content\\\/uploads\\\/2022\\\/01\\\/economia.jpg\",\"@id\":\"https:\\\/\\\/www.eldigitaldeasturias.com\\\/noticias\\\/optimismo-en-las-pymes-iberoamericanas-de-cara-a-2023\\\/#mainImage\",\"width\":640,\"height\":452,\"caption\":\"econom\\u00eda\"},\"primaryImageOfPage\":{\"@id\":\"https:\\\/\\\/www.eldigitaldeasturias.com\\\/noticias\\\/optimismo-en-las-pymes-iberoamericanas-de-cara-a-2023\\\/#mainImage\"},\"datePublished\":\"2022-11-16T09:49:07+01:00\",\"dateModified\":\"2022-11-16T09:49:07+01:00\"},{\"@type\":\"WebSite\",\"@id\":\"https:\\\/\\\/www.eldigitaldeasturias.com\\\/noticias\\\/#website\",\"url\":\"https:\\\/\\\/www.eldigitaldeasturias.com\\\/noticias\\\/\",\"name\":\"El Digital de Asturias - Diario de actualidad y noticias\",\"alternateName\":\"El Digital de Asturias - Diario de actualidad y noticias\",\"description\":\"Hemeroteca\",\"inLanguage\":\"es-ES\",\"publisher\":{\"@id\":\"https:\\\/\\\/www.eldigitaldeasturias.com\\\/noticias\\\/#organization\"}}]}\n\t\t<\/script>\n\t\t<!-- All in One SEO Pro -->\r\n\t\t<title>Optimismo en las pymes iberoamericanas de cara a 2023 - El Digital de Asturias<\/title>\n\n","aioseo_head_json":{"title":"Optimismo en las pymes iberoamericanas de cara a 2023 - El Digital de Asturias","description":"(EP) - Un 59% de las pymes iberoamericanas considera que su situaci\u00f3n mejorar\u00e1 en un a\u00f1o, seg\u00fan los resultados de la 'Encuesta Iberoamericana de las Mipyme","canonical_url":"https:\/\/www.eldigitaldeasturias.com\/noticias\/optimismo-en-las-pymes-iberoamericanas-de-cara-a-2023\/","robots":"max-image-preview:large","keywords":"negocios y empresas","webmasterTools":{"google-site-verification":"UA-38556648-1","msvalidate.01":"7dfe9f3f1b24437ab69f4f2559babe99","miscellaneous":""},"schema":{"@context":"https:\/\/schema.org","@graph":[{"@type":"BlogPosting","@id":"https:\/\/www.eldigitaldeasturias.com\/noticias\/optimismo-en-las-pymes-iberoamericanas-de-cara-a-2023\/#blogposting","name":"Optimismo en las pymes iberoamericanas de cara a 2023 - El Digital de Asturias","headline":"Optimismo en las pymes iberoamericanas de cara a 2023","author":{"@id":"https:\/\/www.eldigitaldeasturias.com\/noticias\/author\/admin\/#author"},"publisher":{"@id":"https:\/\/www.eldigitaldeasturias.com\/noticias\/#organization"},"image":{"@type":"ImageObject","url":"https:\/\/www.eldigitaldeasturias.com\/noticias\/wp-content\/uploads\/2022\/01\/economia.jpg","width":640,"height":452,"caption":"econom\u00eda"},"datePublished":"2022-11-16T09:49:07+01:00","dateModified":"2022-11-16T09:49:07+01:00","inLanguage":"es-ES","mainEntityOfPage":{"@id":"https:\/\/www.eldigitaldeasturias.com\/noticias\/optimismo-en-las-pymes-iberoamericanas-de-cara-a-2023\/#webpage"},"isPartOf":{"@id":"https:\/\/www.eldigitaldeasturias.com\/noticias\/optimismo-en-las-pymes-iberoamericanas-de-cara-a-2023\/#webpage"},"articleSection":"Negocios y Empresas"},{"@type":"BreadcrumbList","@id":"https:\/\/www.eldigitaldeasturias.com\/noticias\/optimismo-en-las-pymes-iberoamericanas-de-cara-a-2023\/#breadcrumblist","itemListElement":[{"@type":"ListItem","@id":"https:\/\/www.eldigitaldeasturias.com\/noticias#listItem","position":1,"name":"Home","item":"https:\/\/www.eldigitaldeasturias.com\/noticias","nextItem":{"@type":"ListItem","@id":"https:\/\/www.eldigitaldeasturias.com\/noticias\/category\/negocios-y-empresas\/#listItem","name":"Negocios y Empresas"}},{"@type":"ListItem","@id":"https:\/\/www.eldigitaldeasturias.com\/noticias\/category\/negocios-y-empresas\/#listItem","position":2,"name":"Negocios y Empresas","item":"https:\/\/www.eldigitaldeasturias.com\/noticias\/category\/negocios-y-empresas\/","nextItem":{"@type":"ListItem","@id":"https:\/\/www.eldigitaldeasturias.com\/noticias\/optimismo-en-las-pymes-iberoamericanas-de-cara-a-2023\/#listItem","name":"Optimismo en las pymes iberoamericanas de cara a 2023"},"previousItem":{"@type":"ListItem","@id":"https:\/\/www.eldigitaldeasturias.com\/noticias#listItem","name":"Home"}},{"@type":"ListItem","@id":"https:\/\/www.eldigitaldeasturias.com\/noticias\/optimismo-en-las-pymes-iberoamericanas-de-cara-a-2023\/#listItem","position":3,"name":"Optimismo en las pymes iberoamericanas de cara a 2023","previousItem":{"@type":"ListItem","@id":"https:\/\/www.eldigitaldeasturias.com\/noticias\/category\/negocios-y-empresas\/#listItem","name":"Negocios y Empresas"}}]},{"@type":"Organization","@id":"https:\/\/www.eldigitaldeasturias.com\/noticias\/#organization","name":"El Digital de Asturias","description":"Hemeroteca","url":"https:\/\/www.eldigitaldeasturias.com\/noticias\/","email":"info@eldigitaldeasturias.com","telephone":"+34652131393","logo":{"@type":"ImageObject","url":"https:\/\/www.eldigitaldeasturias.com\/noticias\/wp-content\/uploads\/2020\/12\/EDA.jpg","@id":"https:\/\/www.eldigitaldeasturias.com\/noticias\/optimismo-en-las-pymes-iberoamericanas-de-cara-a-2023\/#organizationLogo","width":649,"height":297},"image":{"@id":"https:\/\/www.eldigitaldeasturias.com\/noticias\/optimismo-en-las-pymes-iberoamericanas-de-cara-a-2023\/#organizationLogo"},"sameAs":["https:\/\/facebook.com\/eldigitaldeasturias","https:\/\/www.youtube.com\/channel\/UCZP-2wLEB9Rv6erhFmqVnvg"],"address":{"@id":"https:\/\/www.eldigitaldeasturias.com\/noticias\/#postaladdress","@type":"PostalAddress","streetAddress":"san antonio 4,","postalCode":"33430","addressLocality":"Cand\u00e1s","addressRegion":"Asturias","addressCountry":"ES"}},{"@type":"Person","@id":"https:\/\/www.eldigitaldeasturias.com\/noticias\/author\/admin\/#author","url":"https:\/\/www.eldigitaldeasturias.com\/noticias\/author\/admin\/","name":"El Digital de Asturias","image":{"@type":"ImageObject","@id":"https:\/\/www.eldigitaldeasturias.com\/noticias\/optimismo-en-las-pymes-iberoamericanas-de-cara-a-2023\/#authorImage","url":"https:\/\/www.eldigitaldeasturias.com\/noticias\/wp-content\/litespeed\/avatar\/18677e78aa0546b92d9dbf31ec7d7668.jpg?ver=1776685526","width":96,"height":96,"caption":"El Digital de Asturias"}},{"@type":"WebPage","@id":"https:\/\/www.eldigitaldeasturias.com\/noticias\/optimismo-en-las-pymes-iberoamericanas-de-cara-a-2023\/#webpage","url":"https:\/\/www.eldigitaldeasturias.com\/noticias\/optimismo-en-las-pymes-iberoamericanas-de-cara-a-2023\/","name":"Optimismo en las pymes iberoamericanas de cara a 2023 - El Digital de Asturias","description":"(EP) - Un 59% de las pymes iberoamericanas considera que su situaci\u00f3n mejorar\u00e1 en un a\u00f1o, seg\u00fan los resultados de la 'Encuesta Iberoamericana de las Mipyme","inLanguage":"es-ES","isPartOf":{"@id":"https:\/\/www.eldigitaldeasturias.com\/noticias\/#website"},"breadcrumb":{"@id":"https:\/\/www.eldigitaldeasturias.com\/noticias\/optimismo-en-las-pymes-iberoamericanas-de-cara-a-2023\/#breadcrumblist"},"author":{"@id":"https:\/\/www.eldigitaldeasturias.com\/noticias\/author\/admin\/#author"},"creator":{"@id":"https:\/\/www.eldigitaldeasturias.com\/noticias\/author\/admin\/#author"},"image":{"@type":"ImageObject","url":"https:\/\/www.eldigitaldeasturias.com\/noticias\/wp-content\/uploads\/2022\/01\/economia.jpg","@id":"https:\/\/www.eldigitaldeasturias.com\/noticias\/optimismo-en-las-pymes-iberoamericanas-de-cara-a-2023\/#mainImage","width":640,"height":452,"caption":"econom\u00eda"},"primaryImageOfPage":{"@id":"https:\/\/www.eldigitaldeasturias.com\/noticias\/optimismo-en-las-pymes-iberoamericanas-de-cara-a-2023\/#mainImage"},"datePublished":"2022-11-16T09:49:07+01:00","dateModified":"2022-11-16T09:49:07+01:00"},{"@type":"WebSite","@id":"https:\/\/www.eldigitaldeasturias.com\/noticias\/#website","url":"https:\/\/www.eldigitaldeasturias.com\/noticias\/","name":"El Digital de Asturias - Diario de actualidad y noticias","alternateName":"El Digital de Asturias - Diario de actualidad y noticias","description":"Hemeroteca","inLanguage":"es-ES","publisher":{"@id":"https:\/\/www.eldigitaldeasturias.com\/noticias\/#organization"}}]},"og:locale":"es_ES","og:site_name":"El Digital de Asturias","og:type":"article","og:title":"Optimismo en las pymes iberoamericanas de cara a 2023 - El Digital de Asturias","og:description":"(EP) - Un 59% de las pymes iberoamericanas considera que su situaci\u00f3n mejorar\u00e1 en un a\u00f1o, seg\u00fan los resultados de la 'Encuesta Iberoamericana de las Mipyme","og:url":"https:\/\/www.eldigitaldeasturias.com\/noticias\/optimismo-en-las-pymes-iberoamericanas-de-cara-a-2023\/","og:image":"https:\/\/www.eldigitaldeasturias.com\/noticias\/wp-content\/uploads\/2022\/01\/economia.jpg","og:image:secure_url":"https:\/\/www.eldigitaldeasturias.com\/noticias\/wp-content\/uploads\/2022\/01\/economia.jpg","og:image:width":640,"og:image:height":452,"article:tag":["negocios y empresas"],"article:published_time":"2022-11-16T08:49:07+00:00","article:modified_time":"2022-11-16T08:49:07+00:00","article:publisher":"https:\/\/facebook.com\/eldigitaldeasturias","twitter:card":"summary_large_image","twitter:title":"Optimismo en las pymes iberoamericanas de cara a 2023 - El Digital de Asturias","twitter:description":"(EP) - Un 59% de las pymes iberoamericanas considera que su situaci\u00f3n mejorar\u00e1 en un a\u00f1o, seg\u00fan los resultados de la 'Encuesta Iberoamericana de las Mipyme","twitter:image":"https:\/\/www.eldigitaldeasturias.com\/noticias\/wp-content\/uploads\/2022\/01\/economia.jpg","twitter:label1":"Escrito por","twitter:data1":"El Digital de Asturias","twitter:label2":"Tiempo de lectura estimado","twitter:data2":"3 minutos"},"aioseo_meta_data":{"post_id":"1119116","title":null,"description":"(EP) - Un 59% de las pymes iberoamericanas considera que su situaci\u00f3n mejorar\u00e1 en un a\u00f1o, seg\u00fan los resultados de la 'Encuesta Iberoamericana de las Mipyme","keywords":[],"keyphrases":{"focus":{"keyphrase":"pymes ","score":73,"analysis":{"keyphraseInTitle":{"title":"Focus keyphrase in SEO title","description":"Focus keyphrase found in SEO title.","score":9,"maxScore":9,"error":0},"keyphraseInDescription":{"title":"Focus keyphrase in meta description","description":"Focus keyphrase found in meta description.","score":9,"maxScore":9,"error":0},"keyphraseLength":{"title":"Focus keyphrase length","description":"Good job!","score":9,"maxScore":9,"error":0,"length":1},"keyphraseInURL":{"title":"Focus keyphrase in URL","description":"Focus keyphrase not found in the URL.","score":1,"maxScore":5,"error":1},"keyphraseInIntroduction":{"title":"Focus keyphrase in introduction","description":"Your Focus keyphrase appears in the first paragraph. Well done!","score":9,"maxScore":9,"error":0},"keyphraseInSubHeadings":{"title":"Focus keyphrase in Subheadings","description":"More than 75% of your H2 and H3 subheadings reflect the topic of your copy. That's too much. Don't over-optimize!","score":3,"maxScore":9,"error":1},"keyphraseInImageAlt":{"title":"Focus keyphrase in image alt attributes","description":"Focus keyphrase not found in image alt attribute(s). Add an image with your Focus keyphrase as alt text.","score":3,"maxScore":9,"error":1}}},"additional":[{"keyphrase":"pymes iberoamericanas ","score":83,"analysis":{"keyphraseInDescription":{"title":"Keyphrase in meta description","description":"Keyphrase found in meta description.","score":9,"maxScore":9,"error":0},"keyphraseLength":{"title":"Keyphrase length","description":"Good job!","score":9,"maxScore":9,"error":0,"length":2},"keyphraseInIntroduction":{"title":"Keyphrase in introduction","description":"Your Keyphrase appears in the first paragraph. Well done!","score":9,"maxScore":9,"error":0},"keyphraseInImageAlt":{"title":"Keyphrase in image alt attributes","description":"Keyphrase not found in image alt attribute(s). Add an image with your Keyphrase as alt text.","score":3,"maxScore":9,"error":1}}}]},"primary_term":null,"canonical_url":null,"og_title":null,"og_description":null,"og_object_type":"default","og_image_type":"default","og_image_url":null,"og_image_width":null,"og_image_height":null,"og_image_custom_url":null,"og_image_custom_fields":null,"og_video":"","og_custom_url":null,"og_article_section":null,"og_article_tags":[],"twitter_use_og":false,"twitter_card":"default","twitter_image_type":"default","twitter_image_url":null,"twitter_image_custom_url":null,"twitter_image_custom_fields":null,"twitter_title":null,"twitter_description":null,"schema":{"blockGraphs":[],"customGraphs":[],"default":{"data":{"Article":[],"Course":[],"Dataset":[],"FAQPage":[],"Movie":[],"Person":[],"Product":[],"ProductReview":[],"Car":[],"Recipe":[],"Service":[],"SoftwareApplication":[],"WebPage":[]},"graphName":"BlogPosting","isEnabled":true},"graphs":[]},"schema_type":"default","schema_type_options":null,"pillar_content":false,"robots_default":true,"robots_noindex":false,"robots_noarchive":false,"robots_nosnippet":false,"robots_nofollow":false,"robots_noimageindex":false,"robots_noodp":false,"robots_notranslate":false,"robots_max_snippet":"-1","robots_max_videopreview":"-1","robots_max_imagepreview":"large","priority":null,"frequency":"default","local_seo":null,"seo_analyzer_scan_date":"2025-10-04 11:06:16","breadcrumb_settings":null,"limit_modified_date":false,"open_ai":null,"ai":null,"created":"2022-11-16 08:43:36","updated":"2025-10-04 11:06:16"},"aioseo_breadcrumb":"<div class=\"aioseo-breadcrumbs\"><span class=\"aioseo-breadcrumb\">\n\t<a href=\"https:\/\/www.eldigitaldeasturias.com\/noticias\" title=\"Home\">Home<\/a>\n<\/span><span class=\"aioseo-breadcrumb-separator\">\u2013<\/span><span class=\"aioseo-breadcrumb\">\n\t<a href=\"https:\/\/www.eldigitaldeasturias.com\/noticias\/category\/negocios-y-empresas\/\" title=\"Negocios y Empresas\">Negocios y Empresas<\/a>\n<\/span><span class=\"aioseo-breadcrumb-separator\">\u2013<\/span><span class=\"aioseo-breadcrumb\">\n\t<a href=\"https:\/\/www.eldigitaldeasturias.com\/noticias\/optimismo-en-las-pymes-iberoamericanas-de-cara-a-2023\/\" title=\"Optimismo en las pymes iberoamericanas de cara a 2023\">Optimismo en las pymes iberoamericanas de cara a 2023<\/a>\n<\/span><\/div>","aioseo_breadcrumb_json":[{"label":"Home","link":"https:\/\/www.eldigitaldeasturias.com\/noticias"},{"label":"Negocios y Empresas","link":"https:\/\/www.eldigitaldeasturias.com\/noticias\/category\/negocios-y-empresas\/"},{"label":"Optimismo en las pymes iberoamericanas de cara a 2023","link":"https:\/\/www.eldigitaldeasturias.com\/noticias\/optimismo-en-las-pymes-iberoamericanas-de-cara-a-2023\/"}],"_links":{"self":[{"href":"https:\/\/www.eldigitaldeasturias.com\/noticias\/wp-json\/wp\/v2\/posts\/1119116","targetHints":{"allow":["GET"]}}],"collection":[{"href":"https:\/\/www.eldigitaldeasturias.com\/noticias\/wp-json\/wp\/v2\/posts"}],"about":[{"href":"https:\/\/www.eldigitaldeasturias.com\/noticias\/wp-json\/wp\/v2\/types\/post"}],"author":[{"embeddable":true,"href":"https:\/\/www.eldigitaldeasturias.com\/noticias\/wp-json\/wp\/v2\/users\/1"}],"replies":[{"embeddable":true,"href":"https:\/\/www.eldigitaldeasturias.com\/noticias\/wp-json\/wp\/v2\/comments?post=1119116"}],"version-history":[{"count":0,"href":"https:\/\/www.eldigitaldeasturias.com\/noticias\/wp-json\/wp\/v2\/posts\/1119116\/revisions"}],"wp:featuredmedia":[{"embeddable":true,"href":"https:\/\/www.eldigitaldeasturias.com\/noticias\/wp-json\/wp\/v2\/media\/1103653"}],"wp:attachment":[{"href":"https:\/\/www.eldigitaldeasturias.com\/noticias\/wp-json\/wp\/v2\/media?parent=1119116"}],"wp:term":[{"taxonomy":"category","embeddable":true,"href":"https:\/\/www.eldigitaldeasturias.com\/noticias\/wp-json\/wp\/v2\/categories?post=1119116"},{"taxonomy":"post_tag","embeddable":true,"href":"https:\/\/www.eldigitaldeasturias.com\/noticias\/wp-json\/wp\/v2\/tags?post=1119116"}],"curies":[{"name":"wp","href":"https:\/\/api.w.org\/{rel}","templated":true}]}}