{"id":1118931,"date":"2022-11-11T11:48:45","date_gmt":"2022-11-11T10:48:45","guid":{"rendered":"https:\/\/www.eldigitaldeasturias.com\/noticias\/?p=1118931"},"modified":"2022-11-11T11:48:45","modified_gmt":"2022-11-11T10:48:45","slug":"daimler-truck-casi-duplica-su-facturacion-en-el-tercer-trimestre-de-2022","status":"publish","type":"post","link":"https:\/\/www.eldigitaldeasturias.com\/noticias\/daimler-truck-casi-duplica-su-facturacion-en-el-tercer-trimestre-de-2022\/","title":{"rendered":"Daimler Truck casi duplica su facturaci\u00f3n en el tercer trimestre de 2022"},"content":{"rendered":"<p>Leinfelden-Echterdingen (Alemania), 11 nov (dpa) &#8211; El <a href=\"https:\/\/eldigitaldeasturias.com\/magazine365\/category\/motor\/\" target=\"_blank\" rel=\"noopener\"><span style=\"color: #ff6600;\"><strong>fabricante alem\u00e1n de veh\u00edculos<\/strong><\/span><\/a> Daimler Truck registr\u00f3 una facturaci\u00f3n en el tercer trimestre de 13.500 millones de euros (13.600 millones de d\u00f3lares), con un aumento del 47 por ciento interanual, inform\u00f3 hoy la compa\u00f1\u00eda.<\/p>\n<figure id=\"attachment_1118932\" aria-describedby=\"caption-attachment-1118932\" style=\"width: 650px\" class=\"wp-caption aligncenter\"><img loading=\"lazy\" decoding=\"async\" class=\"wp-image-1118932 size-large\" src=\"https:\/\/www.eldigitaldeasturias.com\/noticias\/wp-content\/uploads\/2022\/11\/Daimler-Truck-650x429.jpg\" alt=\"Daimler Truck\" width=\"650\" height=\"429\" srcset=\"https:\/\/www.eldigitaldeasturias.com\/noticias\/wp-content\/uploads\/2022\/11\/Daimler-Truck-650x429.jpg 650w, https:\/\/www.eldigitaldeasturias.com\/noticias\/wp-content\/uploads\/2022\/11\/Daimler-Truck-360x237.jpg 360w, https:\/\/www.eldigitaldeasturias.com\/noticias\/wp-content\/uploads\/2022\/11\/Daimler-Truck-455x300.jpg 455w, https:\/\/www.eldigitaldeasturias.com\/noticias\/wp-content\/uploads\/2022\/11\/Daimler-Truck-768x506.jpg 768w, https:\/\/www.eldigitaldeasturias.com\/noticias\/wp-content\/uploads\/2022\/11\/Daimler-Truck-150x99.jpg 150w, https:\/\/www.eldigitaldeasturias.com\/noticias\/wp-content\/uploads\/2022\/11\/Daimler-Truck-450x297.jpg 450w, https:\/\/www.eldigitaldeasturias.com\/noticias\/wp-content\/uploads\/2022\/11\/Daimler-Truck.jpg 1004w\" sizes=\"auto, (max-width: 650px) 100vw, 650px\" \/><figcaption id=\"caption-attachment-1118932\" class=\"wp-caption-text\">Entrada de la sede central de la compa\u00f1\u00eda alemana Daimler Truck en Leinfelden-Echterdingen. Foto: Bernd Wei\u00dfbrod\/dpa<\/figcaption><\/figure>\n<p>El fabricante de camiones y autobuses agreg\u00f3 que el beneficio neto atribuible a los accionistas fue de 963 millones de euros, m\u00e1s del cu\u00e1druple que en el mismo periodo del a\u00f1o anterior.<\/p>\n<p>La firma atribuy\u00f3 las cifras al fuerte aumento de las ventas, a los tipos de cambio favorables y a las subidas de precios.<\/p>\n<p>La compa\u00f1\u00eda vendi\u00f3 134.972 veh\u00edculos en el tercer trimestre, un 27 por ciento m\u00e1s que el mismo periodo del a\u00f1o anterior, cuando el sector se vio afectado por las restricciones de la pandemia del coronavirus y las dificultades de suministro de chips.<\/p>\n","protected":false},"excerpt":{"rendered":"<p>Leinfelden-Echterdingen (Alemania), 11 nov (dpa) &#8211; El fabricante alem\u00e1n de veh\u00edculos Daimler Truck registr\u00f3 una facturaci\u00f3n en el tercer trimestre de 13.500 millones de euros (13.600 millones de d\u00f3lares), con un aumento del 47 por ciento interanual, inform\u00f3 hoy la compa\u00f1\u00eda. El fabricante de camiones y autobuses agreg\u00f3 que el beneficio neto atribuible a los [&hellip;]<\/p>\n","protected":false},"author":1,"featured_media":1118932,"comment_status":"closed","ping_status":"closed","sticky":false,"template":"","format":"standard","meta":{"footnotes":""},"categories":[219],"tags":[],"class_list":["post-1118931","post","type-post","status-publish","format-standard","has-post-thumbnail","hentry","category-negocios-y-empresas"],"aioseo_notices":[],"aioseo_head":"\n\t\t<!-- All in One SEO Pro 4.9.6.2 - aioseo.com -->\n\t<meta name=\"description\" content=\"Leinfelden-Echterdingen (Alemania), 11 nov (dpa) - El fabricante alem\u00e1n de veh\u00edculos Daimler Truck registr\u00f3 una facturaci\u00f3n en el tercer trimestre\" \/>\n\t<meta name=\"robots\" content=\"max-image-preview:large\" \/>\n\t<meta name=\"author\" content=\"El Digital de Asturias\"\/>\n\t<meta name=\"google-site-verification\" content=\"UA-38556648-1\" \/>\n\t<meta name=\"msvalidate.01\" content=\"7dfe9f3f1b24437ab69f4f2559babe99\" \/>\n\t<meta name=\"keywords\" content=\"negocios y empresas\" \/>\n\t<link rel=\"canonical\" href=\"https:\/\/www.eldigitaldeasturias.com\/noticias\/daimler-truck-casi-duplica-su-facturacion-en-el-tercer-trimestre-de-2022\/\" \/>\n\t<meta name=\"generator\" content=\"All in One SEO Pro (AIOSEO) 4.9.6.2\" \/>\n\t\t<meta property=\"og:locale\" content=\"es_ES\" \/>\n\t\t<meta property=\"og:site_name\" content=\"El Digital de Asturias\" \/>\n\t\t<meta property=\"og:type\" content=\"article\" \/>\n\t\t<meta property=\"og:title\" content=\"Daimler Truck casi duplica su facturaci\u00f3n en el tercer trimestre de 2022 - El Digital de Asturias\" \/>\n\t\t<meta property=\"og:description\" content=\"Leinfelden-Echterdingen (Alemania), 11 nov (dpa) - El fabricante alem\u00e1n de veh\u00edculos Daimler Truck registr\u00f3 una facturaci\u00f3n en el tercer trimestre\" \/>\n\t\t<meta property=\"og:url\" content=\"https:\/\/www.eldigitaldeasturias.com\/noticias\/daimler-truck-casi-duplica-su-facturacion-en-el-tercer-trimestre-de-2022\/\" \/>\n\t\t<meta property=\"og:image\" content=\"https:\/\/www.eldigitaldeasturias.com\/noticias\/wp-content\/uploads\/2022\/11\/Daimler-Truck.jpg\" \/>\n\t\t<meta property=\"og:image:secure_url\" content=\"https:\/\/www.eldigitaldeasturias.com\/noticias\/wp-content\/uploads\/2022\/11\/Daimler-Truck.jpg\" \/>\n\t\t<meta property=\"og:image:width\" content=\"1004\" \/>\n\t\t<meta property=\"og:image:height\" content=\"662\" \/>\n\t\t<meta property=\"article:tag\" content=\"negocios y empresas\" \/>\n\t\t<meta property=\"article:published_time\" content=\"2022-11-11T10:48:45+00:00\" \/>\n\t\t<meta property=\"article:modified_time\" content=\"2022-11-11T10:48:45+00:00\" \/>\n\t\t<meta property=\"article:publisher\" content=\"https:\/\/facebook.com\/eldigitaldeasturias\" \/>\n\t\t<meta name=\"twitter:card\" content=\"summary_large_image\" \/>\n\t\t<meta name=\"twitter:title\" content=\"Daimler Truck casi duplica su facturaci\u00f3n en el tercer trimestre de 2022 - El Digital de Asturias\" \/>\n\t\t<meta name=\"twitter:description\" content=\"Leinfelden-Echterdingen (Alemania), 11 nov (dpa) - El fabricante alem\u00e1n de veh\u00edculos Daimler Truck registr\u00f3 una facturaci\u00f3n en el tercer trimestre\" \/>\n\t\t<meta name=\"twitter:image\" content=\"https:\/\/www.eldigitaldeasturias.com\/noticias\/wp-content\/uploads\/2022\/11\/Daimler-Truck.jpg\" \/>\n\t\t<meta name=\"twitter:label1\" content=\"Escrito por\" \/>\n\t\t<meta name=\"twitter:data1\" content=\"El Digital de Asturias\" \/>\n\t\t<meta name=\"twitter:label2\" content=\"Tiempo de lectura estimado\" \/>\n\t\t<meta name=\"twitter:data2\" content=\"1 minuto\" \/>\n\t\t<script type=\"application\/ld+json\" class=\"aioseo-schema\">\n\t\t\t{\"@context\":\"https:\\\/\\\/schema.org\",\"@graph\":[{\"@type\":\"BlogPosting\",\"@id\":\"https:\\\/\\\/www.eldigitaldeasturias.com\\\/noticias\\\/daimler-truck-casi-duplica-su-facturacion-en-el-tercer-trimestre-de-2022\\\/#blogposting\",\"name\":\"Daimler Truck casi duplica su facturaci\\u00f3n en el tercer trimestre de 2022 - El Digital de Asturias\",\"headline\":\"Daimler Truck casi duplica su facturaci\\u00f3n en el tercer trimestre de 2022\",\"author\":{\"@id\":\"https:\\\/\\\/www.eldigitaldeasturias.com\\\/noticias\\\/author\\\/admin\\\/#author\"},\"publisher\":{\"@id\":\"https:\\\/\\\/www.eldigitaldeasturias.com\\\/noticias\\\/#organization\"},\"image\":{\"@type\":\"ImageObject\",\"url\":\"https:\\\/\\\/www.eldigitaldeasturias.com\\\/noticias\\\/wp-content\\\/uploads\\\/2022\\\/11\\\/Daimler-Truck.jpg\",\"width\":1004,\"height\":662,\"caption\":\"Entrada de la sede central de la compa\\u00f1\\u00eda alemana Daimler Truck en Leinfelden-Echterdingen. Foto: Bernd Wei\\u00dfbrod\\\/dpa\"},\"datePublished\":\"2022-11-11T11:48:45+01:00\",\"dateModified\":\"2022-11-11T11:48:45+01:00\",\"inLanguage\":\"es-ES\",\"mainEntityOfPage\":{\"@id\":\"https:\\\/\\\/www.eldigitaldeasturias.com\\\/noticias\\\/daimler-truck-casi-duplica-su-facturacion-en-el-tercer-trimestre-de-2022\\\/#webpage\"},\"isPartOf\":{\"@id\":\"https:\\\/\\\/www.eldigitaldeasturias.com\\\/noticias\\\/daimler-truck-casi-duplica-su-facturacion-en-el-tercer-trimestre-de-2022\\\/#webpage\"},\"articleSection\":\"Negocios y Empresas\"},{\"@type\":\"BreadcrumbList\",\"@id\":\"https:\\\/\\\/www.eldigitaldeasturias.com\\\/noticias\\\/daimler-truck-casi-duplica-su-facturacion-en-el-tercer-trimestre-de-2022\\\/#breadcrumblist\",\"itemListElement\":[{\"@type\":\"ListItem\",\"@id\":\"https:\\\/\\\/www.eldigitaldeasturias.com\\\/noticias#listItem\",\"position\":1,\"name\":\"Home\",\"item\":\"https:\\\/\\\/www.eldigitaldeasturias.com\\\/noticias\",\"nextItem\":{\"@type\":\"ListItem\",\"@id\":\"https:\\\/\\\/www.eldigitaldeasturias.com\\\/noticias\\\/category\\\/negocios-y-empresas\\\/#listItem\",\"name\":\"Negocios y Empresas\"}},{\"@type\":\"ListItem\",\"@id\":\"https:\\\/\\\/www.eldigitaldeasturias.com\\\/noticias\\\/category\\\/negocios-y-empresas\\\/#listItem\",\"position\":2,\"name\":\"Negocios y Empresas\",\"item\":\"https:\\\/\\\/www.eldigitaldeasturias.com\\\/noticias\\\/category\\\/negocios-y-empresas\\\/\",\"nextItem\":{\"@type\":\"ListItem\",\"@id\":\"https:\\\/\\\/www.eldigitaldeasturias.com\\\/noticias\\\/daimler-truck-casi-duplica-su-facturacion-en-el-tercer-trimestre-de-2022\\\/#listItem\",\"name\":\"Daimler Truck casi duplica su facturaci\\u00f3n en el tercer trimestre de 2022\"},\"previousItem\":{\"@type\":\"ListItem\",\"@id\":\"https:\\\/\\\/www.eldigitaldeasturias.com\\\/noticias#listItem\",\"name\":\"Home\"}},{\"@type\":\"ListItem\",\"@id\":\"https:\\\/\\\/www.eldigitaldeasturias.com\\\/noticias\\\/daimler-truck-casi-duplica-su-facturacion-en-el-tercer-trimestre-de-2022\\\/#listItem\",\"position\":3,\"name\":\"Daimler Truck casi duplica su facturaci\\u00f3n en el tercer trimestre de 2022\",\"previousItem\":{\"@type\":\"ListItem\",\"@id\":\"https:\\\/\\\/www.eldigitaldeasturias.com\\\/noticias\\\/category\\\/negocios-y-empresas\\\/#listItem\",\"name\":\"Negocios y Empresas\"}}]},{\"@type\":\"Organization\",\"@id\":\"https:\\\/\\\/www.eldigitaldeasturias.com\\\/noticias\\\/#organization\",\"name\":\"El Digital de Asturias\",\"description\":\"Hemeroteca\",\"url\":\"https:\\\/\\\/www.eldigitaldeasturias.com\\\/noticias\\\/\",\"email\":\"info@eldigitaldeasturias.com\",\"telephone\":\"+34652131393\",\"logo\":{\"@type\":\"ImageObject\",\"url\":\"https:\\\/\\\/www.eldigitaldeasturias.com\\\/noticias\\\/wp-content\\\/uploads\\\/2020\\\/12\\\/EDA.jpg\",\"@id\":\"https:\\\/\\\/www.eldigitaldeasturias.com\\\/noticias\\\/daimler-truck-casi-duplica-su-facturacion-en-el-tercer-trimestre-de-2022\\\/#organizationLogo\",\"width\":649,\"height\":297},\"image\":{\"@id\":\"https:\\\/\\\/www.eldigitaldeasturias.com\\\/noticias\\\/daimler-truck-casi-duplica-su-facturacion-en-el-tercer-trimestre-de-2022\\\/#organizationLogo\"},\"sameAs\":[\"https:\\\/\\\/facebook.com\\\/eldigitaldeasturias\",\"https:\\\/\\\/www.youtube.com\\\/channel\\\/UCZP-2wLEB9Rv6erhFmqVnvg\"],\"address\":{\"@id\":\"https:\\\/\\\/www.eldigitaldeasturias.com\\\/noticias\\\/#postaladdress\",\"@type\":\"PostalAddress\",\"streetAddress\":\"san antonio 4,\",\"postalCode\":\"33430\",\"addressLocality\":\"Cand\\u00e1s\",\"addressRegion\":\"Asturias\",\"addressCountry\":\"ES\"}},{\"@type\":\"Person\",\"@id\":\"https:\\\/\\\/www.eldigitaldeasturias.com\\\/noticias\\\/author\\\/admin\\\/#author\",\"url\":\"https:\\\/\\\/www.eldigitaldeasturias.com\\\/noticias\\\/author\\\/admin\\\/\",\"name\":\"El Digital de Asturias\",\"image\":{\"@type\":\"ImageObject\",\"@id\":\"https:\\\/\\\/www.eldigitaldeasturias.com\\\/noticias\\\/daimler-truck-casi-duplica-su-facturacion-en-el-tercer-trimestre-de-2022\\\/#authorImage\",\"url\":\"https:\\\/\\\/www.eldigitaldeasturias.com\\\/noticias\\\/wp-content\\\/litespeed\\\/avatar\\\/18677e78aa0546b92d9dbf31ec7d7668.jpg?ver=1776685526\",\"width\":96,\"height\":96,\"caption\":\"El Digital de Asturias\"}},{\"@type\":\"WebPage\",\"@id\":\"https:\\\/\\\/www.eldigitaldeasturias.com\\\/noticias\\\/daimler-truck-casi-duplica-su-facturacion-en-el-tercer-trimestre-de-2022\\\/#webpage\",\"url\":\"https:\\\/\\\/www.eldigitaldeasturias.com\\\/noticias\\\/daimler-truck-casi-duplica-su-facturacion-en-el-tercer-trimestre-de-2022\\\/\",\"name\":\"Daimler Truck casi duplica su facturaci\\u00f3n en el tercer trimestre de 2022 - El Digital de Asturias\",\"description\":\"Leinfelden-Echterdingen (Alemania), 11 nov (dpa) - El fabricante alem\\u00e1n de veh\\u00edculos Daimler Truck registr\\u00f3 una facturaci\\u00f3n en el tercer trimestre\",\"inLanguage\":\"es-ES\",\"isPartOf\":{\"@id\":\"https:\\\/\\\/www.eldigitaldeasturias.com\\\/noticias\\\/#website\"},\"breadcrumb\":{\"@id\":\"https:\\\/\\\/www.eldigitaldeasturias.com\\\/noticias\\\/daimler-truck-casi-duplica-su-facturacion-en-el-tercer-trimestre-de-2022\\\/#breadcrumblist\"},\"author\":{\"@id\":\"https:\\\/\\\/www.eldigitaldeasturias.com\\\/noticias\\\/author\\\/admin\\\/#author\"},\"creator\":{\"@id\":\"https:\\\/\\\/www.eldigitaldeasturias.com\\\/noticias\\\/author\\\/admin\\\/#author\"},\"image\":{\"@type\":\"ImageObject\",\"url\":\"https:\\\/\\\/www.eldigitaldeasturias.com\\\/noticias\\\/wp-content\\\/uploads\\\/2022\\\/11\\\/Daimler-Truck.jpg\",\"@id\":\"https:\\\/\\\/www.eldigitaldeasturias.com\\\/noticias\\\/daimler-truck-casi-duplica-su-facturacion-en-el-tercer-trimestre-de-2022\\\/#mainImage\",\"width\":1004,\"height\":662,\"caption\":\"Entrada de la sede central de la compa\\u00f1\\u00eda alemana Daimler Truck en Leinfelden-Echterdingen. Foto: Bernd Wei\\u00dfbrod\\\/dpa\"},\"primaryImageOfPage\":{\"@id\":\"https:\\\/\\\/www.eldigitaldeasturias.com\\\/noticias\\\/daimler-truck-casi-duplica-su-facturacion-en-el-tercer-trimestre-de-2022\\\/#mainImage\"},\"datePublished\":\"2022-11-11T11:48:45+01:00\",\"dateModified\":\"2022-11-11T11:48:45+01:00\"},{\"@type\":\"WebSite\",\"@id\":\"https:\\\/\\\/www.eldigitaldeasturias.com\\\/noticias\\\/#website\",\"url\":\"https:\\\/\\\/www.eldigitaldeasturias.com\\\/noticias\\\/\",\"name\":\"El Digital de Asturias - Diario de actualidad y noticias\",\"alternateName\":\"El Digital de Asturias - Diario de actualidad y noticias\",\"description\":\"Hemeroteca\",\"inLanguage\":\"es-ES\",\"publisher\":{\"@id\":\"https:\\\/\\\/www.eldigitaldeasturias.com\\\/noticias\\\/#organization\"}}]}\n\t\t<\/script>\n\t\t<!-- All in One SEO Pro -->\r\n\t\t<title>Daimler Truck casi duplica su facturaci\u00f3n en el tercer trimestre de 2022 - El Digital de Asturias<\/title>\n\n","aioseo_head_json":{"title":"Daimler Truck casi duplica su facturaci\u00f3n en el tercer trimestre de 2022 - El Digital de Asturias","description":"Leinfelden-Echterdingen (Alemania), 11 nov (dpa) - El fabricante alem\u00e1n de veh\u00edculos Daimler Truck registr\u00f3 una facturaci\u00f3n en el tercer trimestre","canonical_url":"https:\/\/www.eldigitaldeasturias.com\/noticias\/daimler-truck-casi-duplica-su-facturacion-en-el-tercer-trimestre-de-2022\/","robots":"max-image-preview:large","keywords":"negocios y empresas","webmasterTools":{"google-site-verification":"UA-38556648-1","msvalidate.01":"7dfe9f3f1b24437ab69f4f2559babe99","miscellaneous":""},"schema":{"@context":"https:\/\/schema.org","@graph":[{"@type":"BlogPosting","@id":"https:\/\/www.eldigitaldeasturias.com\/noticias\/daimler-truck-casi-duplica-su-facturacion-en-el-tercer-trimestre-de-2022\/#blogposting","name":"Daimler Truck casi duplica su facturaci\u00f3n en el tercer trimestre de 2022 - El Digital de Asturias","headline":"Daimler Truck casi duplica su facturaci\u00f3n en el tercer trimestre de 2022","author":{"@id":"https:\/\/www.eldigitaldeasturias.com\/noticias\/author\/admin\/#author"},"publisher":{"@id":"https:\/\/www.eldigitaldeasturias.com\/noticias\/#organization"},"image":{"@type":"ImageObject","url":"https:\/\/www.eldigitaldeasturias.com\/noticias\/wp-content\/uploads\/2022\/11\/Daimler-Truck.jpg","width":1004,"height":662,"caption":"Entrada de la sede central de la compa\u00f1\u00eda alemana Daimler Truck en Leinfelden-Echterdingen. Foto: Bernd Wei\u00dfbrod\/dpa"},"datePublished":"2022-11-11T11:48:45+01:00","dateModified":"2022-11-11T11:48:45+01:00","inLanguage":"es-ES","mainEntityOfPage":{"@id":"https:\/\/www.eldigitaldeasturias.com\/noticias\/daimler-truck-casi-duplica-su-facturacion-en-el-tercer-trimestre-de-2022\/#webpage"},"isPartOf":{"@id":"https:\/\/www.eldigitaldeasturias.com\/noticias\/daimler-truck-casi-duplica-su-facturacion-en-el-tercer-trimestre-de-2022\/#webpage"},"articleSection":"Negocios y Empresas"},{"@type":"BreadcrumbList","@id":"https:\/\/www.eldigitaldeasturias.com\/noticias\/daimler-truck-casi-duplica-su-facturacion-en-el-tercer-trimestre-de-2022\/#breadcrumblist","itemListElement":[{"@type":"ListItem","@id":"https:\/\/www.eldigitaldeasturias.com\/noticias#listItem","position":1,"name":"Home","item":"https:\/\/www.eldigitaldeasturias.com\/noticias","nextItem":{"@type":"ListItem","@id":"https:\/\/www.eldigitaldeasturias.com\/noticias\/category\/negocios-y-empresas\/#listItem","name":"Negocios y Empresas"}},{"@type":"ListItem","@id":"https:\/\/www.eldigitaldeasturias.com\/noticias\/category\/negocios-y-empresas\/#listItem","position":2,"name":"Negocios y Empresas","item":"https:\/\/www.eldigitaldeasturias.com\/noticias\/category\/negocios-y-empresas\/","nextItem":{"@type":"ListItem","@id":"https:\/\/www.eldigitaldeasturias.com\/noticias\/daimler-truck-casi-duplica-su-facturacion-en-el-tercer-trimestre-de-2022\/#listItem","name":"Daimler Truck casi duplica su facturaci\u00f3n en el tercer trimestre de 2022"},"previousItem":{"@type":"ListItem","@id":"https:\/\/www.eldigitaldeasturias.com\/noticias#listItem","name":"Home"}},{"@type":"ListItem","@id":"https:\/\/www.eldigitaldeasturias.com\/noticias\/daimler-truck-casi-duplica-su-facturacion-en-el-tercer-trimestre-de-2022\/#listItem","position":3,"name":"Daimler Truck casi duplica su facturaci\u00f3n en el tercer trimestre de 2022","previousItem":{"@type":"ListItem","@id":"https:\/\/www.eldigitaldeasturias.com\/noticias\/category\/negocios-y-empresas\/#listItem","name":"Negocios y Empresas"}}]},{"@type":"Organization","@id":"https:\/\/www.eldigitaldeasturias.com\/noticias\/#organization","name":"El Digital de Asturias","description":"Hemeroteca","url":"https:\/\/www.eldigitaldeasturias.com\/noticias\/","email":"info@eldigitaldeasturias.com","telephone":"+34652131393","logo":{"@type":"ImageObject","url":"https:\/\/www.eldigitaldeasturias.com\/noticias\/wp-content\/uploads\/2020\/12\/EDA.jpg","@id":"https:\/\/www.eldigitaldeasturias.com\/noticias\/daimler-truck-casi-duplica-su-facturacion-en-el-tercer-trimestre-de-2022\/#organizationLogo","width":649,"height":297},"image":{"@id":"https:\/\/www.eldigitaldeasturias.com\/noticias\/daimler-truck-casi-duplica-su-facturacion-en-el-tercer-trimestre-de-2022\/#organizationLogo"},"sameAs":["https:\/\/facebook.com\/eldigitaldeasturias","https:\/\/www.youtube.com\/channel\/UCZP-2wLEB9Rv6erhFmqVnvg"],"address":{"@id":"https:\/\/www.eldigitaldeasturias.com\/noticias\/#postaladdress","@type":"PostalAddress","streetAddress":"san antonio 4,","postalCode":"33430","addressLocality":"Cand\u00e1s","addressRegion":"Asturias","addressCountry":"ES"}},{"@type":"Person","@id":"https:\/\/www.eldigitaldeasturias.com\/noticias\/author\/admin\/#author","url":"https:\/\/www.eldigitaldeasturias.com\/noticias\/author\/admin\/","name":"El Digital de Asturias","image":{"@type":"ImageObject","@id":"https:\/\/www.eldigitaldeasturias.com\/noticias\/daimler-truck-casi-duplica-su-facturacion-en-el-tercer-trimestre-de-2022\/#authorImage","url":"https:\/\/www.eldigitaldeasturias.com\/noticias\/wp-content\/litespeed\/avatar\/18677e78aa0546b92d9dbf31ec7d7668.jpg?ver=1776685526","width":96,"height":96,"caption":"El Digital de Asturias"}},{"@type":"WebPage","@id":"https:\/\/www.eldigitaldeasturias.com\/noticias\/daimler-truck-casi-duplica-su-facturacion-en-el-tercer-trimestre-de-2022\/#webpage","url":"https:\/\/www.eldigitaldeasturias.com\/noticias\/daimler-truck-casi-duplica-su-facturacion-en-el-tercer-trimestre-de-2022\/","name":"Daimler Truck casi duplica su facturaci\u00f3n en el tercer trimestre de 2022 - El Digital de Asturias","description":"Leinfelden-Echterdingen (Alemania), 11 nov (dpa) - El fabricante alem\u00e1n de veh\u00edculos Daimler Truck registr\u00f3 una facturaci\u00f3n en el tercer trimestre","inLanguage":"es-ES","isPartOf":{"@id":"https:\/\/www.eldigitaldeasturias.com\/noticias\/#website"},"breadcrumb":{"@id":"https:\/\/www.eldigitaldeasturias.com\/noticias\/daimler-truck-casi-duplica-su-facturacion-en-el-tercer-trimestre-de-2022\/#breadcrumblist"},"author":{"@id":"https:\/\/www.eldigitaldeasturias.com\/noticias\/author\/admin\/#author"},"creator":{"@id":"https:\/\/www.eldigitaldeasturias.com\/noticias\/author\/admin\/#author"},"image":{"@type":"ImageObject","url":"https:\/\/www.eldigitaldeasturias.com\/noticias\/wp-content\/uploads\/2022\/11\/Daimler-Truck.jpg","@id":"https:\/\/www.eldigitaldeasturias.com\/noticias\/daimler-truck-casi-duplica-su-facturacion-en-el-tercer-trimestre-de-2022\/#mainImage","width":1004,"height":662,"caption":"Entrada de la sede central de la compa\u00f1\u00eda alemana Daimler Truck en Leinfelden-Echterdingen. Foto: Bernd Wei\u00dfbrod\/dpa"},"primaryImageOfPage":{"@id":"https:\/\/www.eldigitaldeasturias.com\/noticias\/daimler-truck-casi-duplica-su-facturacion-en-el-tercer-trimestre-de-2022\/#mainImage"},"datePublished":"2022-11-11T11:48:45+01:00","dateModified":"2022-11-11T11:48:45+01:00"},{"@type":"WebSite","@id":"https:\/\/www.eldigitaldeasturias.com\/noticias\/#website","url":"https:\/\/www.eldigitaldeasturias.com\/noticias\/","name":"El Digital de Asturias - Diario de actualidad y noticias","alternateName":"El Digital de Asturias - Diario de actualidad y noticias","description":"Hemeroteca","inLanguage":"es-ES","publisher":{"@id":"https:\/\/www.eldigitaldeasturias.com\/noticias\/#organization"}}]},"og:locale":"es_ES","og:site_name":"El Digital de Asturias","og:type":"article","og:title":"Daimler Truck casi duplica su facturaci\u00f3n en el tercer trimestre de 2022 - El Digital de Asturias","og:description":"Leinfelden-Echterdingen (Alemania), 11 nov (dpa) - El fabricante alem\u00e1n de veh\u00edculos Daimler Truck registr\u00f3 una facturaci\u00f3n en el tercer trimestre","og:url":"https:\/\/www.eldigitaldeasturias.com\/noticias\/daimler-truck-casi-duplica-su-facturacion-en-el-tercer-trimestre-de-2022\/","og:image":"https:\/\/www.eldigitaldeasturias.com\/noticias\/wp-content\/uploads\/2022\/11\/Daimler-Truck.jpg","og:image:secure_url":"https:\/\/www.eldigitaldeasturias.com\/noticias\/wp-content\/uploads\/2022\/11\/Daimler-Truck.jpg","og:image:width":1004,"og:image:height":662,"article:tag":["negocios y empresas"],"article:published_time":"2022-11-11T10:48:45+00:00","article:modified_time":"2022-11-11T10:48:45+00:00","article:publisher":"https:\/\/facebook.com\/eldigitaldeasturias","twitter:card":"summary_large_image","twitter:title":"Daimler Truck casi duplica su facturaci\u00f3n en el tercer trimestre de 2022 - El Digital de Asturias","twitter:description":"Leinfelden-Echterdingen (Alemania), 11 nov (dpa) - El fabricante alem\u00e1n de veh\u00edculos Daimler Truck registr\u00f3 una facturaci\u00f3n en el tercer trimestre","twitter:image":"https:\/\/www.eldigitaldeasturias.com\/noticias\/wp-content\/uploads\/2022\/11\/Daimler-Truck.jpg","twitter:label1":"Escrito por","twitter:data1":"El Digital de Asturias","twitter:label2":"Tiempo de lectura estimado","twitter:data2":"1 minuto"},"aioseo_meta_data":{"post_id":"1118931","title":null,"description":"Leinfelden-Echterdingen (Alemania), 11 nov (dpa) - El fabricante alem\u00e1n de veh\u00edculos Daimler Truck registr\u00f3 una facturaci\u00f3n en el tercer trimestre","keywords":[],"keyphrases":{"focus":{"keyphrase":"Daimler Truck ","score":92,"analysis":{"keyphraseInTitle":{"title":"Focus keyphrase in SEO title","description":"Focus keyphrase found in SEO title.","score":9,"maxScore":9,"error":0},"keyphraseInDescription":{"title":"Focus keyphrase in meta description","description":"Focus keyphrase found in meta description.","score":9,"maxScore":9,"error":0},"keyphraseLength":{"title":"Focus keyphrase length","description":"Good job!","score":9,"maxScore":9,"error":0,"length":2},"keyphraseInURL":{"title":"Focus keyphrase in URL","description":"Focus keyphrase not found in the URL.","score":1,"maxScore":5,"error":1},"keyphraseInIntroduction":{"title":"Focus keyphrase in introduction","description":"Your Focus keyphrase appears in the first paragraph. Well done!","score":9,"maxScore":9,"error":0},"keyphraseInSubHeadings":[],"keyphraseInImageAlt":{"title":"Focus keyphrase in image alt attributes","description":"Focus keyphrase found in image alt attribute(s).","score":9,"maxScore":9,"error":0}}},"additional":[{"keyphrase":"Daimler Truck ","score":100,"analysis":{"keyphraseInDescription":{"title":"Keyphrase in meta description","description":"Keyphrase found in meta description.","score":9,"maxScore":9,"error":0},"keyphraseLength":{"title":"Keyphrase length","description":"Good job!","score":9,"maxScore":9,"error":0,"length":2},"keyphraseInIntroduction":{"title":"Keyphrase in introduction","description":"Your Keyphrase appears in the first paragraph. Well done!","score":9,"maxScore":9,"error":0},"keyphraseInImageAlt":{"title":"Keyphrase in image alt attributes","description":"Keyphrase found in image alt attribute(s).","score":9,"maxScore":9,"error":0}}},{"keyphrase":"tercer trimestre","score":83,"analysis":{"keyphraseInDescription":{"title":"Keyphrase in meta description","description":"Keyphrase found in meta description.","score":9,"maxScore":9,"error":0},"keyphraseLength":{"title":"Keyphrase length","description":"Good job!","score":9,"maxScore":9,"error":0,"length":2},"keyphraseInIntroduction":{"title":"Keyphrase in introduction","description":"Your Keyphrase appears in the first paragraph. Well done!","score":9,"maxScore":9,"error":0},"keyphraseInImageAlt":{"title":"Keyphrase in image alt attributes","description":"Keyphrase not found in image alt attribute(s). Add an image with your Keyphrase as alt text.","score":3,"maxScore":9,"error":1}}}]},"primary_term":null,"canonical_url":null,"og_title":null,"og_description":null,"og_object_type":"default","og_image_type":"default","og_image_url":null,"og_image_width":null,"og_image_height":null,"og_image_custom_url":null,"og_image_custom_fields":null,"og_video":"","og_custom_url":null,"og_article_section":null,"og_article_tags":[],"twitter_use_og":false,"twitter_card":"default","twitter_image_type":"default","twitter_image_url":null,"twitter_image_custom_url":null,"twitter_image_custom_fields":null,"twitter_title":null,"twitter_description":null,"schema":{"blockGraphs":[],"customGraphs":[],"default":{"data":{"Article":[],"Course":[],"Dataset":[],"FAQPage":[],"Movie":[],"Person":[],"Product":[],"ProductReview":[],"Car":[],"Recipe":[],"Service":[],"SoftwareApplication":[],"WebPage":[]},"graphName":"BlogPosting","isEnabled":true},"graphs":[]},"schema_type":"default","schema_type_options":null,"pillar_content":false,"robots_default":true,"robots_noindex":false,"robots_noarchive":false,"robots_nosnippet":false,"robots_nofollow":false,"robots_noimageindex":false,"robots_noodp":false,"robots_notranslate":false,"robots_max_snippet":"-1","robots_max_videopreview":"-1","robots_max_imagepreview":"large","priority":null,"frequency":"default","local_seo":null,"seo_analyzer_scan_date":"2025-10-04 09:47:53","breadcrumb_settings":null,"limit_modified_date":false,"open_ai":null,"ai":null,"created":"2022-11-11 10:41:39","updated":"2025-10-04 09:47:53"},"aioseo_breadcrumb":"<div class=\"aioseo-breadcrumbs\"><span class=\"aioseo-breadcrumb\">\n\t<a href=\"https:\/\/www.eldigitaldeasturias.com\/noticias\" title=\"Home\">Home<\/a>\n<\/span><span class=\"aioseo-breadcrumb-separator\">\u2013<\/span><span class=\"aioseo-breadcrumb\">\n\t<a href=\"https:\/\/www.eldigitaldeasturias.com\/noticias\/category\/negocios-y-empresas\/\" title=\"Negocios y Empresas\">Negocios y Empresas<\/a>\n<\/span><span class=\"aioseo-breadcrumb-separator\">\u2013<\/span><span class=\"aioseo-breadcrumb\">\n\t<a href=\"https:\/\/www.eldigitaldeasturias.com\/noticias\/daimler-truck-casi-duplica-su-facturacion-en-el-tercer-trimestre-de-2022\/\" title=\"Daimler Truck casi duplica su facturaci\u00f3n en el tercer trimestre de 2022\">Daimler Truck casi duplica su facturaci\u00f3n en el tercer trimestre de 2022<\/a>\n<\/span><\/div>","aioseo_breadcrumb_json":[{"label":"Home","link":"https:\/\/www.eldigitaldeasturias.com\/noticias"},{"label":"Negocios y Empresas","link":"https:\/\/www.eldigitaldeasturias.com\/noticias\/category\/negocios-y-empresas\/"},{"label":"Daimler Truck casi duplica su facturaci\u00f3n en el tercer trimestre de 2022","link":"https:\/\/www.eldigitaldeasturias.com\/noticias\/daimler-truck-casi-duplica-su-facturacion-en-el-tercer-trimestre-de-2022\/"}],"_links":{"self":[{"href":"https:\/\/www.eldigitaldeasturias.com\/noticias\/wp-json\/wp\/v2\/posts\/1118931","targetHints":{"allow":["GET"]}}],"collection":[{"href":"https:\/\/www.eldigitaldeasturias.com\/noticias\/wp-json\/wp\/v2\/posts"}],"about":[{"href":"https:\/\/www.eldigitaldeasturias.com\/noticias\/wp-json\/wp\/v2\/types\/post"}],"author":[{"embeddable":true,"href":"https:\/\/www.eldigitaldeasturias.com\/noticias\/wp-json\/wp\/v2\/users\/1"}],"replies":[{"embeddable":true,"href":"https:\/\/www.eldigitaldeasturias.com\/noticias\/wp-json\/wp\/v2\/comments?post=1118931"}],"version-history":[{"count":0,"href":"https:\/\/www.eldigitaldeasturias.com\/noticias\/wp-json\/wp\/v2\/posts\/1118931\/revisions"}],"wp:featuredmedia":[{"embeddable":true,"href":"https:\/\/www.eldigitaldeasturias.com\/noticias\/wp-json\/wp\/v2\/media\/1118932"}],"wp:attachment":[{"href":"https:\/\/www.eldigitaldeasturias.com\/noticias\/wp-json\/wp\/v2\/media?parent=1118931"}],"wp:term":[{"taxonomy":"category","embeddable":true,"href":"https:\/\/www.eldigitaldeasturias.com\/noticias\/wp-json\/wp\/v2\/categories?post=1118931"},{"taxonomy":"post_tag","embeddable":true,"href":"https:\/\/www.eldigitaldeasturias.com\/noticias\/wp-json\/wp\/v2\/tags?post=1118931"}],"curies":[{"name":"wp","href":"https:\/\/api.w.org\/{rel}","templated":true}]}}