{"id":1118710,"date":"2022-11-05T05:09:14","date_gmt":"2022-11-05T04:09:14","guid":{"rendered":"https:\/\/www.eldigitaldeasturias.com\/noticias\/?p=1118710"},"modified":"2022-11-05T05:09:14","modified_gmt":"2022-11-05T04:09:14","slug":"zelenski-liberaremos-todas-nuestras-ciudades-y-pueblos","status":"publish","type":"post","link":"https:\/\/www.eldigitaldeasturias.com\/noticias\/zelenski-liberaremos-todas-nuestras-ciudades-y-pueblos\/","title":{"rendered":"Zelenski: \u00abLiberaremos todas nuestras ciudades y pueblos\u00bb"},"content":{"rendered":"<p>(EP) &#8211; El presidente de Ucrania,<strong> Volodimir Zelenski<\/strong>, ha asegurado este viernes que los conflictos \u00abm\u00e1s feroces\u00bb registrados esta semana se han concentrado en la regi\u00f3n del Donb\u00e1s, en concreto en las ciudades de Bakhmut y Soledar, donde ha afirmado que el Ej\u00e9rcito ucraniano \u00abmantiene sus posiciones\u00bb.<\/p>\n<figure id=\"attachment_1118711\" aria-describedby=\"caption-attachment-1118711\" style=\"width: 650px\" class=\"wp-caption aligncenter\"><img loading=\"lazy\" decoding=\"async\" class=\"wp-image-1118711 size-large\" src=\"https:\/\/www.eldigitaldeasturias.com\/noticias\/wp-content\/uploads\/2022\/11\/Zelenski-650x386.jpg\" alt=\"Zelenski\" width=\"650\" height=\"386\" srcset=\"https:\/\/www.eldigitaldeasturias.com\/noticias\/wp-content\/uploads\/2022\/11\/Zelenski-650x386.jpg 650w, https:\/\/www.eldigitaldeasturias.com\/noticias\/wp-content\/uploads\/2022\/11\/Zelenski-360x214.jpg 360w, https:\/\/www.eldigitaldeasturias.com\/noticias\/wp-content\/uploads\/2022\/11\/Zelenski-480x285.jpg 480w, https:\/\/www.eldigitaldeasturias.com\/noticias\/wp-content\/uploads\/2022\/11\/Zelenski-768x457.jpg 768w, https:\/\/www.eldigitaldeasturias.com\/noticias\/wp-content\/uploads\/2022\/11\/Zelenski-150x89.jpg 150w, https:\/\/www.eldigitaldeasturias.com\/noticias\/wp-content\/uploads\/2022\/11\/Zelenski-450x268.jpg 450w, https:\/\/www.eldigitaldeasturias.com\/noticias\/wp-content\/uploads\/2022\/11\/Zelenski.jpg 1090w\" sizes=\"auto, (max-width: 650px) 100vw, 650px\" \/><figcaption id=\"caption-attachment-1118711\" class=\"wp-caption-text\">FOTO: PRESIDENCIA DE UCRANIA \/ Europa Press<\/figcaption><\/figure>\n<p>\u00abMantenemos nuestras posiciones. Y en estas y algunas otras direcciones en la regi\u00f3n de Donetsk, el ej\u00e9rcito ruso ya ha gastado tantas vidas de su gente y tantas municiones como probablemente no gast\u00f3 en las dos guerras de Chechenia juntas\u00bb, ha sostenido en su discurso diario.<\/p>\n<p>En este sentido, el mandatario ha insistido en que Rusia oculta a sus civiles el n\u00famero de bajas en su bando y ha puesto en duda que este pa\u00eds haya puesto fin a la movilizaci\u00f3n militar parcial como asegur\u00f3 hace una semana.<strong> \u00abLa verdad es que en las regiones de Rusia y en nuestro territorio ocupado siguen juntando gente para enviarla a la muerte\u00bb, ha se\u00f1alado.<\/strong><\/p>\n<p>Esto, ha asegurado, \u00abes un indicador (&#8230;) de que su supuesta disposici\u00f3n a negociar es igual de falsa\u00bb. Zelenski ha criticado que cuando uno tiene verdaderamente esta intenci\u00f3n \u00abno busca la forma de enga\u00f1ar a todos los que le rodean para enviar a la &#8216;picadora de carne&#8217; a decenas o cientos de miles de personas m\u00e1s, movilizadas o en forma de algunos mercenarios\u00bb.<\/p>\n<p>Una vez m\u00e1s, ha se\u00f1alado que <strong>Ucrania est\u00e1 lista para la paz, \u00abuna paz justa\u00bb que comprende el respeto por la Carta de la ONU, el respeto por la integridad territorial del pa\u00eds y por su pueblo, as\u00ed como la exigencia de responsabilidades al \u00abterrorismo\u00bb.<\/strong><\/p>\n<p>Tambi\u00e9n ha hecho referencia a la visita de este viernes a <a href=\"https:\/\/www.eldigitaldeasturias.com\/noticias\/problemas-de-electricidad-en-kiev\/\"><span style=\"color: #ff6600;\"><strong>Kiev<\/strong><\/span><\/a> del Consejero de Seguridad Nacional del Presidente de los Estados Unidos, una interacci\u00f3n que ha subrayando como \u00abmuy \u00fatil\u00bb para la protecci\u00f3n del Estado. \u00abEstamos trabajando en el tema de la defensa a\u00e9rea y la defensa antimisiles para Ucrania\u00bb, ha declarado.<\/p>\n<p>Asimismo, ha agradecido la declaraci\u00f3n emitida por los ministros de Exteriores de los pa\u00edses del G7, que ha asegurado que cubre \u00abaspectos clave\u00bb de su situaci\u00f3n de defensa frente a la agresi\u00f3n rusa como la creaci\u00f3n de un mecanismo de coordinaci\u00f3n para ayudar al pa\u00eds a reconstruir su infraestructura energ\u00e9tica cr\u00edtica.<\/p>\n<p>Adem\u00e1s, ha querido recordar que en esta fecha se cumplen 31 a\u00f1os desde la aprobaci\u00f3n de la norma ucraniana sobre la frontera estatal, que constituy\u00f3 uno de los documentos \u00abfundamentales de la restauraci\u00f3n de la independencia de Ucrania\u00bb.<\/p>\n<p>\u00ab<strong>Liberaremos todas nuestras ciudades y pueblos<\/strong>, independientemente de los planes de los ocupantes para prolongar su estancia en suelo ucraniano. <strong>Ucrania ser\u00e1 libre<\/strong>. Y toda nuestra frontera ser\u00e1 restaurada, tanto en tierra como en el mar. Tanto en el este como en el sur\u00bb, ha asegurado.<\/p>\n","protected":false},"excerpt":{"rendered":"<p>(EP) &#8211; El presidente de Ucrania, Volodimir Zelenski, ha asegurado este viernes que los conflictos \u00abm\u00e1s feroces\u00bb registrados esta semana se han concentrado en la regi\u00f3n del Donb\u00e1s, en concreto en las ciudades de Bakhmut y Soledar, donde ha afirmado que el Ej\u00e9rcito ucraniano \u00abmantiene sus posiciones\u00bb. \u00abMantenemos nuestras posiciones. Y en estas y algunas [&hellip;]<\/p>\n","protected":false},"author":1,"featured_media":1118711,"comment_status":"closed","ping_status":"closed","sticky":false,"template":"","format":"standard","meta":{"footnotes":""},"categories":[1],"tags":[],"class_list":["post-1118710","post","type-post","status-publish","format-standard","has-post-thumbnail","hentry","category-actualidad"],"aioseo_notices":[],"aioseo_head":"\n\t\t<!-- All in One SEO Pro 4.9.6.2 - aioseo.com -->\n\t<meta name=\"description\" content=\"(EP) - El presidente de Ucrania, Volodimir Zelenski, ha asegurado este viernes que los conflictos &quot;m\u00e1s feroces&quot; registrados esta semana se han concentrad\" \/>\n\t<meta name=\"robots\" content=\"max-image-preview:large\" \/>\n\t<meta name=\"author\" content=\"El Digital de Asturias\"\/>\n\t<meta name=\"google-site-verification\" content=\"UA-38556648-1\" \/>\n\t<meta name=\"msvalidate.01\" content=\"7dfe9f3f1b24437ab69f4f2559babe99\" \/>\n\t<meta name=\"keywords\" content=\"actualidad\" \/>\n\t<link rel=\"canonical\" href=\"https:\/\/www.eldigitaldeasturias.com\/noticias\/zelenski-liberaremos-todas-nuestras-ciudades-y-pueblos\/\" \/>\n\t<meta name=\"generator\" content=\"All in One SEO Pro (AIOSEO) 4.9.6.2\" \/>\n\t\t<meta property=\"og:locale\" content=\"es_ES\" \/>\n\t\t<meta property=\"og:site_name\" content=\"El Digital de Asturias\" \/>\n\t\t<meta property=\"og:type\" content=\"article\" \/>\n\t\t<meta property=\"og:title\" content=\"Zelenski: \u00abLiberaremos todas nuestras ciudades y pueblos\u00bb - El Digital de Asturias\" \/>\n\t\t<meta property=\"og:description\" content=\"(EP) - El presidente de Ucrania, Volodimir Zelenski, ha asegurado este viernes que los conflictos &quot;m\u00e1s feroces&quot; registrados esta semana se han concentrad\" \/>\n\t\t<meta property=\"og:url\" content=\"https:\/\/www.eldigitaldeasturias.com\/noticias\/zelenski-liberaremos-todas-nuestras-ciudades-y-pueblos\/\" \/>\n\t\t<meta property=\"og:image\" content=\"https:\/\/www.eldigitaldeasturias.com\/noticias\/wp-content\/uploads\/2022\/11\/Zelenski.jpg\" \/>\n\t\t<meta property=\"og:image:secure_url\" content=\"https:\/\/www.eldigitaldeasturias.com\/noticias\/wp-content\/uploads\/2022\/11\/Zelenski.jpg\" \/>\n\t\t<meta property=\"og:image:width\" content=\"1090\" \/>\n\t\t<meta property=\"og:image:height\" content=\"648\" \/>\n\t\t<meta property=\"article:tag\" content=\"actualidad\" \/>\n\t\t<meta property=\"article:published_time\" content=\"2022-11-05T04:09:14+00:00\" \/>\n\t\t<meta property=\"article:modified_time\" content=\"2022-11-05T04:09:14+00:00\" \/>\n\t\t<meta property=\"article:publisher\" content=\"https:\/\/facebook.com\/eldigitaldeasturias\" \/>\n\t\t<meta name=\"twitter:card\" content=\"summary_large_image\" \/>\n\t\t<meta name=\"twitter:title\" content=\"Zelenski: \u00abLiberaremos todas nuestras ciudades y pueblos\u00bb - El Digital de Asturias\" \/>\n\t\t<meta name=\"twitter:description\" content=\"(EP) - El presidente de Ucrania, Volodimir Zelenski, ha asegurado este viernes que los conflictos &quot;m\u00e1s feroces&quot; registrados esta semana se han concentrad\" \/>\n\t\t<meta name=\"twitter:image\" content=\"https:\/\/www.eldigitaldeasturias.com\/noticias\/wp-content\/uploads\/2022\/11\/Zelenski.jpg\" \/>\n\t\t<meta name=\"twitter:label1\" content=\"Escrito por\" \/>\n\t\t<meta name=\"twitter:data1\" content=\"El Digital de Asturias\" \/>\n\t\t<meta name=\"twitter:label2\" content=\"Tiempo de lectura estimado\" \/>\n\t\t<meta name=\"twitter:data2\" content=\"3 minutos\" \/>\n\t\t<script type=\"application\/ld+json\" class=\"aioseo-schema\">\n\t\t\t{\"@context\":\"https:\\\/\\\/schema.org\",\"@graph\":[{\"@type\":\"BlogPosting\",\"@id\":\"https:\\\/\\\/www.eldigitaldeasturias.com\\\/noticias\\\/zelenski-liberaremos-todas-nuestras-ciudades-y-pueblos\\\/#blogposting\",\"name\":\"Zelenski: \\u00abLiberaremos todas nuestras ciudades y pueblos\\u00bb - El Digital de Asturias\",\"headline\":\"Zelenski: \\u00abLiberaremos todas nuestras ciudades y pueblos\\u00bb\",\"author\":{\"@id\":\"https:\\\/\\\/www.eldigitaldeasturias.com\\\/noticias\\\/author\\\/admin\\\/#author\"},\"publisher\":{\"@id\":\"https:\\\/\\\/www.eldigitaldeasturias.com\\\/noticias\\\/#organization\"},\"image\":{\"@type\":\"ImageObject\",\"url\":\"https:\\\/\\\/www.eldigitaldeasturias.com\\\/noticias\\\/wp-content\\\/uploads\\\/2022\\\/11\\\/Zelenski.jpg\",\"width\":1090,\"height\":648,\"caption\":\"Foto: PRESIDENCIA DE UCRANIA \\\/ Europa Press\"},\"datePublished\":\"2022-11-05T05:09:14+01:00\",\"dateModified\":\"2022-11-05T05:09:14+01:00\",\"inLanguage\":\"es-ES\",\"mainEntityOfPage\":{\"@id\":\"https:\\\/\\\/www.eldigitaldeasturias.com\\\/noticias\\\/zelenski-liberaremos-todas-nuestras-ciudades-y-pueblos\\\/#webpage\"},\"isPartOf\":{\"@id\":\"https:\\\/\\\/www.eldigitaldeasturias.com\\\/noticias\\\/zelenski-liberaremos-todas-nuestras-ciudades-y-pueblos\\\/#webpage\"},\"articleSection\":\"Actualidad\"},{\"@type\":\"BreadcrumbList\",\"@id\":\"https:\\\/\\\/www.eldigitaldeasturias.com\\\/noticias\\\/zelenski-liberaremos-todas-nuestras-ciudades-y-pueblos\\\/#breadcrumblist\",\"itemListElement\":[{\"@type\":\"ListItem\",\"@id\":\"https:\\\/\\\/www.eldigitaldeasturias.com\\\/noticias#listItem\",\"position\":1,\"name\":\"Home\",\"item\":\"https:\\\/\\\/www.eldigitaldeasturias.com\\\/noticias\",\"nextItem\":{\"@type\":\"ListItem\",\"@id\":\"https:\\\/\\\/www.eldigitaldeasturias.com\\\/noticias\\\/category\\\/actualidad\\\/#listItem\",\"name\":\"Actualidad\"}},{\"@type\":\"ListItem\",\"@id\":\"https:\\\/\\\/www.eldigitaldeasturias.com\\\/noticias\\\/category\\\/actualidad\\\/#listItem\",\"position\":2,\"name\":\"Actualidad\",\"item\":\"https:\\\/\\\/www.eldigitaldeasturias.com\\\/noticias\\\/category\\\/actualidad\\\/\",\"nextItem\":{\"@type\":\"ListItem\",\"@id\":\"https:\\\/\\\/www.eldigitaldeasturias.com\\\/noticias\\\/zelenski-liberaremos-todas-nuestras-ciudades-y-pueblos\\\/#listItem\",\"name\":\"Zelenski: \\u00abLiberaremos todas nuestras ciudades y pueblos\\u00bb\"},\"previousItem\":{\"@type\":\"ListItem\",\"@id\":\"https:\\\/\\\/www.eldigitaldeasturias.com\\\/noticias#listItem\",\"name\":\"Home\"}},{\"@type\":\"ListItem\",\"@id\":\"https:\\\/\\\/www.eldigitaldeasturias.com\\\/noticias\\\/zelenski-liberaremos-todas-nuestras-ciudades-y-pueblos\\\/#listItem\",\"position\":3,\"name\":\"Zelenski: \\u00abLiberaremos todas nuestras ciudades y pueblos\\u00bb\",\"previousItem\":{\"@type\":\"ListItem\",\"@id\":\"https:\\\/\\\/www.eldigitaldeasturias.com\\\/noticias\\\/category\\\/actualidad\\\/#listItem\",\"name\":\"Actualidad\"}}]},{\"@type\":\"Organization\",\"@id\":\"https:\\\/\\\/www.eldigitaldeasturias.com\\\/noticias\\\/#organization\",\"name\":\"El Digital de Asturias\",\"description\":\"Hemeroteca\",\"url\":\"https:\\\/\\\/www.eldigitaldeasturias.com\\\/noticias\\\/\",\"email\":\"info@eldigitaldeasturias.com\",\"telephone\":\"+34652131393\",\"logo\":{\"@type\":\"ImageObject\",\"url\":\"https:\\\/\\\/www.eldigitaldeasturias.com\\\/noticias\\\/wp-content\\\/uploads\\\/2020\\\/12\\\/EDA.jpg\",\"@id\":\"https:\\\/\\\/www.eldigitaldeasturias.com\\\/noticias\\\/zelenski-liberaremos-todas-nuestras-ciudades-y-pueblos\\\/#organizationLogo\",\"width\":649,\"height\":297},\"image\":{\"@id\":\"https:\\\/\\\/www.eldigitaldeasturias.com\\\/noticias\\\/zelenski-liberaremos-todas-nuestras-ciudades-y-pueblos\\\/#organizationLogo\"},\"sameAs\":[\"https:\\\/\\\/facebook.com\\\/eldigitaldeasturias\",\"https:\\\/\\\/www.youtube.com\\\/channel\\\/UCZP-2wLEB9Rv6erhFmqVnvg\"],\"address\":{\"@id\":\"https:\\\/\\\/www.eldigitaldeasturias.com\\\/noticias\\\/#postaladdress\",\"@type\":\"PostalAddress\",\"streetAddress\":\"san antonio 4,\",\"postalCode\":\"33430\",\"addressLocality\":\"Cand\\u00e1s\",\"addressRegion\":\"Asturias\",\"addressCountry\":\"ES\"}},{\"@type\":\"Person\",\"@id\":\"https:\\\/\\\/www.eldigitaldeasturias.com\\\/noticias\\\/author\\\/admin\\\/#author\",\"url\":\"https:\\\/\\\/www.eldigitaldeasturias.com\\\/noticias\\\/author\\\/admin\\\/\",\"name\":\"El Digital de Asturias\",\"image\":{\"@type\":\"ImageObject\",\"@id\":\"https:\\\/\\\/www.eldigitaldeasturias.com\\\/noticias\\\/zelenski-liberaremos-todas-nuestras-ciudades-y-pueblos\\\/#authorImage\",\"url\":\"https:\\\/\\\/www.eldigitaldeasturias.com\\\/noticias\\\/wp-content\\\/litespeed\\\/avatar\\\/18677e78aa0546b92d9dbf31ec7d7668.jpg?ver=1777290358\",\"width\":96,\"height\":96,\"caption\":\"El Digital de Asturias\"}},{\"@type\":\"WebPage\",\"@id\":\"https:\\\/\\\/www.eldigitaldeasturias.com\\\/noticias\\\/zelenski-liberaremos-todas-nuestras-ciudades-y-pueblos\\\/#webpage\",\"url\":\"https:\\\/\\\/www.eldigitaldeasturias.com\\\/noticias\\\/zelenski-liberaremos-todas-nuestras-ciudades-y-pueblos\\\/\",\"name\":\"Zelenski: \\u00abLiberaremos todas nuestras ciudades y pueblos\\u00bb - El Digital de Asturias\",\"description\":\"(EP) - El presidente de Ucrania, Volodimir Zelenski, ha asegurado este viernes que los conflictos \\\"m\\u00e1s feroces\\\" registrados esta semana se han concentrad\",\"inLanguage\":\"es-ES\",\"isPartOf\":{\"@id\":\"https:\\\/\\\/www.eldigitaldeasturias.com\\\/noticias\\\/#website\"},\"breadcrumb\":{\"@id\":\"https:\\\/\\\/www.eldigitaldeasturias.com\\\/noticias\\\/zelenski-liberaremos-todas-nuestras-ciudades-y-pueblos\\\/#breadcrumblist\"},\"author\":{\"@id\":\"https:\\\/\\\/www.eldigitaldeasturias.com\\\/noticias\\\/author\\\/admin\\\/#author\"},\"creator\":{\"@id\":\"https:\\\/\\\/www.eldigitaldeasturias.com\\\/noticias\\\/author\\\/admin\\\/#author\"},\"image\":{\"@type\":\"ImageObject\",\"url\":\"https:\\\/\\\/www.eldigitaldeasturias.com\\\/noticias\\\/wp-content\\\/uploads\\\/2022\\\/11\\\/Zelenski.jpg\",\"@id\":\"https:\\\/\\\/www.eldigitaldeasturias.com\\\/noticias\\\/zelenski-liberaremos-todas-nuestras-ciudades-y-pueblos\\\/#mainImage\",\"width\":1090,\"height\":648,\"caption\":\"Foto: PRESIDENCIA DE UCRANIA \\\/ Europa Press\"},\"primaryImageOfPage\":{\"@id\":\"https:\\\/\\\/www.eldigitaldeasturias.com\\\/noticias\\\/zelenski-liberaremos-todas-nuestras-ciudades-y-pueblos\\\/#mainImage\"},\"datePublished\":\"2022-11-05T05:09:14+01:00\",\"dateModified\":\"2022-11-05T05:09:14+01:00\"},{\"@type\":\"WebSite\",\"@id\":\"https:\\\/\\\/www.eldigitaldeasturias.com\\\/noticias\\\/#website\",\"url\":\"https:\\\/\\\/www.eldigitaldeasturias.com\\\/noticias\\\/\",\"name\":\"El Digital de Asturias - Diario de actualidad y noticias\",\"alternateName\":\"El Digital de Asturias - Diario de actualidad y noticias\",\"description\":\"Hemeroteca\",\"inLanguage\":\"es-ES\",\"publisher\":{\"@id\":\"https:\\\/\\\/www.eldigitaldeasturias.com\\\/noticias\\\/#organization\"}}]}\n\t\t<\/script>\n\t\t<!-- All in One SEO Pro -->\r\n\t\t<title>Zelenski: \u00abLiberaremos todas nuestras ciudades y pueblos\u00bb - El Digital de Asturias<\/title>\n\n","aioseo_head_json":{"title":"Zelenski: \u00abLiberaremos todas nuestras ciudades y pueblos\u00bb - El Digital de Asturias","description":"(EP) - El presidente de Ucrania, Volodimir Zelenski, ha asegurado este viernes que los conflictos \"m\u00e1s feroces\" registrados esta semana se han concentrad","canonical_url":"https:\/\/www.eldigitaldeasturias.com\/noticias\/zelenski-liberaremos-todas-nuestras-ciudades-y-pueblos\/","robots":"max-image-preview:large","keywords":"actualidad","webmasterTools":{"google-site-verification":"UA-38556648-1","msvalidate.01":"7dfe9f3f1b24437ab69f4f2559babe99","miscellaneous":""},"schema":{"@context":"https:\/\/schema.org","@graph":[{"@type":"BlogPosting","@id":"https:\/\/www.eldigitaldeasturias.com\/noticias\/zelenski-liberaremos-todas-nuestras-ciudades-y-pueblos\/#blogposting","name":"Zelenski: \u00abLiberaremos todas nuestras ciudades y pueblos\u00bb - El Digital de Asturias","headline":"Zelenski: \u00abLiberaremos todas nuestras ciudades y pueblos\u00bb","author":{"@id":"https:\/\/www.eldigitaldeasturias.com\/noticias\/author\/admin\/#author"},"publisher":{"@id":"https:\/\/www.eldigitaldeasturias.com\/noticias\/#organization"},"image":{"@type":"ImageObject","url":"https:\/\/www.eldigitaldeasturias.com\/noticias\/wp-content\/uploads\/2022\/11\/Zelenski.jpg","width":1090,"height":648,"caption":"Foto: PRESIDENCIA DE UCRANIA \/ Europa Press"},"datePublished":"2022-11-05T05:09:14+01:00","dateModified":"2022-11-05T05:09:14+01:00","inLanguage":"es-ES","mainEntityOfPage":{"@id":"https:\/\/www.eldigitaldeasturias.com\/noticias\/zelenski-liberaremos-todas-nuestras-ciudades-y-pueblos\/#webpage"},"isPartOf":{"@id":"https:\/\/www.eldigitaldeasturias.com\/noticias\/zelenski-liberaremos-todas-nuestras-ciudades-y-pueblos\/#webpage"},"articleSection":"Actualidad"},{"@type":"BreadcrumbList","@id":"https:\/\/www.eldigitaldeasturias.com\/noticias\/zelenski-liberaremos-todas-nuestras-ciudades-y-pueblos\/#breadcrumblist","itemListElement":[{"@type":"ListItem","@id":"https:\/\/www.eldigitaldeasturias.com\/noticias#listItem","position":1,"name":"Home","item":"https:\/\/www.eldigitaldeasturias.com\/noticias","nextItem":{"@type":"ListItem","@id":"https:\/\/www.eldigitaldeasturias.com\/noticias\/category\/actualidad\/#listItem","name":"Actualidad"}},{"@type":"ListItem","@id":"https:\/\/www.eldigitaldeasturias.com\/noticias\/category\/actualidad\/#listItem","position":2,"name":"Actualidad","item":"https:\/\/www.eldigitaldeasturias.com\/noticias\/category\/actualidad\/","nextItem":{"@type":"ListItem","@id":"https:\/\/www.eldigitaldeasturias.com\/noticias\/zelenski-liberaremos-todas-nuestras-ciudades-y-pueblos\/#listItem","name":"Zelenski: \u00abLiberaremos todas nuestras ciudades y pueblos\u00bb"},"previousItem":{"@type":"ListItem","@id":"https:\/\/www.eldigitaldeasturias.com\/noticias#listItem","name":"Home"}},{"@type":"ListItem","@id":"https:\/\/www.eldigitaldeasturias.com\/noticias\/zelenski-liberaremos-todas-nuestras-ciudades-y-pueblos\/#listItem","position":3,"name":"Zelenski: \u00abLiberaremos todas nuestras ciudades y pueblos\u00bb","previousItem":{"@type":"ListItem","@id":"https:\/\/www.eldigitaldeasturias.com\/noticias\/category\/actualidad\/#listItem","name":"Actualidad"}}]},{"@type":"Organization","@id":"https:\/\/www.eldigitaldeasturias.com\/noticias\/#organization","name":"El Digital de Asturias","description":"Hemeroteca","url":"https:\/\/www.eldigitaldeasturias.com\/noticias\/","email":"info@eldigitaldeasturias.com","telephone":"+34652131393","logo":{"@type":"ImageObject","url":"https:\/\/www.eldigitaldeasturias.com\/noticias\/wp-content\/uploads\/2020\/12\/EDA.jpg","@id":"https:\/\/www.eldigitaldeasturias.com\/noticias\/zelenski-liberaremos-todas-nuestras-ciudades-y-pueblos\/#organizationLogo","width":649,"height":297},"image":{"@id":"https:\/\/www.eldigitaldeasturias.com\/noticias\/zelenski-liberaremos-todas-nuestras-ciudades-y-pueblos\/#organizationLogo"},"sameAs":["https:\/\/facebook.com\/eldigitaldeasturias","https:\/\/www.youtube.com\/channel\/UCZP-2wLEB9Rv6erhFmqVnvg"],"address":{"@id":"https:\/\/www.eldigitaldeasturias.com\/noticias\/#postaladdress","@type":"PostalAddress","streetAddress":"san antonio 4,","postalCode":"33430","addressLocality":"Cand\u00e1s","addressRegion":"Asturias","addressCountry":"ES"}},{"@type":"Person","@id":"https:\/\/www.eldigitaldeasturias.com\/noticias\/author\/admin\/#author","url":"https:\/\/www.eldigitaldeasturias.com\/noticias\/author\/admin\/","name":"El Digital de Asturias","image":{"@type":"ImageObject","@id":"https:\/\/www.eldigitaldeasturias.com\/noticias\/zelenski-liberaremos-todas-nuestras-ciudades-y-pueblos\/#authorImage","url":"https:\/\/www.eldigitaldeasturias.com\/noticias\/wp-content\/litespeed\/avatar\/18677e78aa0546b92d9dbf31ec7d7668.jpg?ver=1777290358","width":96,"height":96,"caption":"El Digital de Asturias"}},{"@type":"WebPage","@id":"https:\/\/www.eldigitaldeasturias.com\/noticias\/zelenski-liberaremos-todas-nuestras-ciudades-y-pueblos\/#webpage","url":"https:\/\/www.eldigitaldeasturias.com\/noticias\/zelenski-liberaremos-todas-nuestras-ciudades-y-pueblos\/","name":"Zelenski: \u00abLiberaremos todas nuestras ciudades y pueblos\u00bb - El Digital de Asturias","description":"(EP) - El presidente de Ucrania, Volodimir Zelenski, ha asegurado este viernes que los conflictos \"m\u00e1s feroces\" registrados esta semana se han concentrad","inLanguage":"es-ES","isPartOf":{"@id":"https:\/\/www.eldigitaldeasturias.com\/noticias\/#website"},"breadcrumb":{"@id":"https:\/\/www.eldigitaldeasturias.com\/noticias\/zelenski-liberaremos-todas-nuestras-ciudades-y-pueblos\/#breadcrumblist"},"author":{"@id":"https:\/\/www.eldigitaldeasturias.com\/noticias\/author\/admin\/#author"},"creator":{"@id":"https:\/\/www.eldigitaldeasturias.com\/noticias\/author\/admin\/#author"},"image":{"@type":"ImageObject","url":"https:\/\/www.eldigitaldeasturias.com\/noticias\/wp-content\/uploads\/2022\/11\/Zelenski.jpg","@id":"https:\/\/www.eldigitaldeasturias.com\/noticias\/zelenski-liberaremos-todas-nuestras-ciudades-y-pueblos\/#mainImage","width":1090,"height":648,"caption":"Foto: PRESIDENCIA DE UCRANIA \/ Europa Press"},"primaryImageOfPage":{"@id":"https:\/\/www.eldigitaldeasturias.com\/noticias\/zelenski-liberaremos-todas-nuestras-ciudades-y-pueblos\/#mainImage"},"datePublished":"2022-11-05T05:09:14+01:00","dateModified":"2022-11-05T05:09:14+01:00"},{"@type":"WebSite","@id":"https:\/\/www.eldigitaldeasturias.com\/noticias\/#website","url":"https:\/\/www.eldigitaldeasturias.com\/noticias\/","name":"El Digital de Asturias - Diario de actualidad y noticias","alternateName":"El Digital de Asturias - Diario de actualidad y noticias","description":"Hemeroteca","inLanguage":"es-ES","publisher":{"@id":"https:\/\/www.eldigitaldeasturias.com\/noticias\/#organization"}}]},"og:locale":"es_ES","og:site_name":"El Digital de Asturias","og:type":"article","og:title":"Zelenski: \u00abLiberaremos todas nuestras ciudades y pueblos\u00bb - El Digital de Asturias","og:description":"(EP) - El presidente de Ucrania, Volodimir Zelenski, ha asegurado este viernes que los conflictos &quot;m\u00e1s feroces&quot; registrados esta semana se han concentrad","og:url":"https:\/\/www.eldigitaldeasturias.com\/noticias\/zelenski-liberaremos-todas-nuestras-ciudades-y-pueblos\/","og:image":"https:\/\/www.eldigitaldeasturias.com\/noticias\/wp-content\/uploads\/2022\/11\/Zelenski.jpg","og:image:secure_url":"https:\/\/www.eldigitaldeasturias.com\/noticias\/wp-content\/uploads\/2022\/11\/Zelenski.jpg","og:image:width":1090,"og:image:height":648,"article:tag":["actualidad"],"article:published_time":"2022-11-05T04:09:14+00:00","article:modified_time":"2022-11-05T04:09:14+00:00","article:publisher":"https:\/\/facebook.com\/eldigitaldeasturias","twitter:card":"summary_large_image","twitter:title":"Zelenski: \u00abLiberaremos todas nuestras ciudades y pueblos\u00bb - El Digital de Asturias","twitter:description":"(EP) - El presidente de Ucrania, Volodimir Zelenski, ha asegurado este viernes que los conflictos &quot;m\u00e1s feroces&quot; registrados esta semana se han concentrad","twitter:image":"https:\/\/www.eldigitaldeasturias.com\/noticias\/wp-content\/uploads\/2022\/11\/Zelenski.jpg","twitter:label1":"Escrito por","twitter:data1":"El Digital de Asturias","twitter:label2":"Tiempo de lectura estimado","twitter:data2":"3 minutos"},"aioseo_meta_data":{"post_id":"1118710","title":null,"description":"(EP) - El presidente de Ucrania, Volodimir Zelenski, ha asegurado este viernes que los conflictos \"m\u00e1s feroces\" registrados esta semana se han concentrad","keywords":[],"keyphrases":{"focus":{"keyphrase":"Zelenski","score":92,"analysis":{"keyphraseInTitle":{"title":"Focus keyphrase in SEO title","description":"Focus keyphrase found in SEO title.","score":9,"maxScore":9,"error":0},"keyphraseInDescription":{"title":"Focus keyphrase in meta description","description":"Focus keyphrase found in meta description.","score":9,"maxScore":9,"error":0},"keyphraseLength":{"title":"Focus keyphrase length","description":"Good job!","score":9,"maxScore":9,"error":0,"length":1},"keyphraseInURL":{"title":"Focus keyphrase in URL","description":"Focus keyphrase not found in the URL.","score":1,"maxScore":5,"error":1},"keyphraseInIntroduction":{"title":"Focus keyphrase in introduction","description":"Your Focus keyphrase appears in the first paragraph. Well done!","score":9,"maxScore":9,"error":0},"keyphraseInSubHeadings":[],"keyphraseInImageAlt":{"title":"Focus keyphrase in image alt attributes","description":"Focus keyphrase found in image alt attribute(s).","score":9,"maxScore":9,"error":0}}},"additional":[{"keyphrase":"Ucrania","score":83,"analysis":{"keyphraseInDescription":{"title":"Keyphrase in meta description","description":"Keyphrase found in meta description.","score":9,"maxScore":9,"error":0},"keyphraseLength":{"title":"Keyphrase length","description":"Good job!","score":9,"maxScore":9,"error":0,"length":1},"keyphraseInIntroduction":{"title":"Keyphrase in introduction","description":"Your Keyphrase appears in the first paragraph. Well done!","score":9,"maxScore":9,"error":0},"keyphraseInImageAlt":{"title":"Keyphrase in image alt attributes","description":"Keyphrase not found in image alt attribute(s). Add an image with your Keyphrase as alt text.","score":3,"maxScore":9,"error":1}}},{"keyphrase":" Volodimir Zelenski","score":83,"analysis":{"keyphraseInDescription":{"title":"Keyphrase in meta description","description":"Keyphrase found in meta description.","score":9,"maxScore":9,"error":0},"keyphraseLength":{"title":"Keyphrase length","description":"Good job!","score":9,"maxScore":9,"error":0,"length":2},"keyphraseInIntroduction":{"title":"Keyphrase in introduction","description":"Your Keyphrase appears in the first paragraph. Well done!","score":9,"maxScore":9,"error":0},"keyphraseInImageAlt":{"title":"Keyphrase in image alt attributes","description":"Keyphrase not found in image alt attribute(s). Add an image with your Keyphrase as alt text.","score":3,"maxScore":9,"error":1}}},{"keyphrase":"Zelenski","score":100,"analysis":{"keyphraseInDescription":{"title":"Keyphrase in meta description","description":"Keyphrase found in meta description.","score":9,"maxScore":9,"error":0},"keyphraseLength":{"title":"Keyphrase length","description":"Good job!","score":9,"maxScore":9,"error":0,"length":1},"keyphraseInIntroduction":{"title":"Keyphrase in introduction","description":"Your Keyphrase appears in the first paragraph. Well done!","score":9,"maxScore":9,"error":0},"keyphraseInImageAlt":{"title":"Keyphrase in image alt attributes","description":"Keyphrase found in image alt attribute(s).","score":9,"maxScore":9,"error":0}}}]},"primary_term":null,"canonical_url":null,"og_title":null,"og_description":null,"og_object_type":"default","og_image_type":"default","og_image_url":null,"og_image_width":null,"og_image_height":null,"og_image_custom_url":null,"og_image_custom_fields":null,"og_video":"","og_custom_url":null,"og_article_section":null,"og_article_tags":[],"twitter_use_og":false,"twitter_card":"default","twitter_image_type":"default","twitter_image_url":null,"twitter_image_custom_url":null,"twitter_image_custom_fields":null,"twitter_title":null,"twitter_description":null,"schema":{"blockGraphs":[],"customGraphs":[],"default":{"data":{"Article":[],"Course":[],"Dataset":[],"FAQPage":[],"Movie":[],"Person":[],"Product":[],"ProductReview":[],"Car":[],"Recipe":[],"Service":[],"SoftwareApplication":[],"WebPage":[]},"graphName":"BlogPosting","isEnabled":true},"graphs":[]},"schema_type":"default","schema_type_options":null,"pillar_content":false,"robots_default":true,"robots_noindex":false,"robots_noarchive":false,"robots_nosnippet":false,"robots_nofollow":false,"robots_noimageindex":false,"robots_noodp":false,"robots_notranslate":false,"robots_max_snippet":"-1","robots_max_videopreview":"-1","robots_max_imagepreview":"large","priority":null,"frequency":"default","local_seo":null,"seo_analyzer_scan_date":"2025-10-04 08:10:33","breadcrumb_settings":null,"limit_modified_date":false,"open_ai":null,"ai":null,"created":"2022-11-05 04:00:52","updated":"2025-10-04 08:10:33"},"aioseo_breadcrumb":"<div class=\"aioseo-breadcrumbs\"><span class=\"aioseo-breadcrumb\">\n\t<a href=\"https:\/\/www.eldigitaldeasturias.com\/noticias\" title=\"Home\">Home<\/a>\n<\/span><span class=\"aioseo-breadcrumb-separator\">\u2013<\/span><span class=\"aioseo-breadcrumb\">\n\t<a href=\"https:\/\/www.eldigitaldeasturias.com\/noticias\/category\/actualidad\/\" title=\"Actualidad\">Actualidad<\/a>\n<\/span><span class=\"aioseo-breadcrumb-separator\">\u2013<\/span><span class=\"aioseo-breadcrumb\">\n\t<a href=\"https:\/\/www.eldigitaldeasturias.com\/noticias\/zelenski-liberaremos-todas-nuestras-ciudades-y-pueblos\/\" title=\"Zelenski: \u00abLiberaremos todas nuestras ciudades y pueblos\u00bb\">Zelenski: \u00abLiberaremos todas nuestras ciudades y pueblos\u00bb<\/a>\n<\/span><\/div>","aioseo_breadcrumb_json":[{"label":"Home","link":"https:\/\/www.eldigitaldeasturias.com\/noticias"},{"label":"Actualidad","link":"https:\/\/www.eldigitaldeasturias.com\/noticias\/category\/actualidad\/"},{"label":"Zelenski: \u00abLiberaremos todas nuestras ciudades y pueblos\u00bb","link":"https:\/\/www.eldigitaldeasturias.com\/noticias\/zelenski-liberaremos-todas-nuestras-ciudades-y-pueblos\/"}],"_links":{"self":[{"href":"https:\/\/www.eldigitaldeasturias.com\/noticias\/wp-json\/wp\/v2\/posts\/1118710","targetHints":{"allow":["GET"]}}],"collection":[{"href":"https:\/\/www.eldigitaldeasturias.com\/noticias\/wp-json\/wp\/v2\/posts"}],"about":[{"href":"https:\/\/www.eldigitaldeasturias.com\/noticias\/wp-json\/wp\/v2\/types\/post"}],"author":[{"embeddable":true,"href":"https:\/\/www.eldigitaldeasturias.com\/noticias\/wp-json\/wp\/v2\/users\/1"}],"replies":[{"embeddable":true,"href":"https:\/\/www.eldigitaldeasturias.com\/noticias\/wp-json\/wp\/v2\/comments?post=1118710"}],"version-history":[{"count":0,"href":"https:\/\/www.eldigitaldeasturias.com\/noticias\/wp-json\/wp\/v2\/posts\/1118710\/revisions"}],"wp:featuredmedia":[{"embeddable":true,"href":"https:\/\/www.eldigitaldeasturias.com\/noticias\/wp-json\/wp\/v2\/media\/1118711"}],"wp:attachment":[{"href":"https:\/\/www.eldigitaldeasturias.com\/noticias\/wp-json\/wp\/v2\/media?parent=1118710"}],"wp:term":[{"taxonomy":"category","embeddable":true,"href":"https:\/\/www.eldigitaldeasturias.com\/noticias\/wp-json\/wp\/v2\/categories?post=1118710"},{"taxonomy":"post_tag","embeddable":true,"href":"https:\/\/www.eldigitaldeasturias.com\/noticias\/wp-json\/wp\/v2\/tags?post=1118710"}],"curies":[{"name":"wp","href":"https:\/\/api.w.org\/{rel}","templated":true}]}}