{"id":1118681,"date":"2022-11-04T11:49:59","date_gmt":"2022-11-04T10:49:59","guid":{"rendered":"https:\/\/www.eldigitaldeasturias.com\/noticias\/?p=1118681"},"modified":"2022-11-04T11:49:59","modified_gmt":"2022-11-04T10:49:59","slug":"vuelven-a-caer-los-pedidos-de-la-industria-alemana","status":"publish","type":"post","link":"https:\/\/www.eldigitaldeasturias.com\/noticias\/vuelven-a-caer-los-pedidos-de-la-industria-alemana\/","title":{"rendered":"Vuelven a caer los pedidos de la industria alemana"},"content":{"rendered":"<p>Wiesbaden (Alemania), 4 nov (dpa) &#8211; La <a href=\"https:\/\/naberco.es\/numero-dos-del-fmi-invierno-de-2023-podria-ser-aun-peor-en-alemania\/\" target=\"_blank\" rel=\"noopener\"><span style=\"color: #ff6600;\"><strong>industria alemana<\/strong><\/span><\/a> recibi\u00f3 menos pedidos en septiembre que en el mes anterior,<strong> con una cifra ajustada a los precios de un 4,0 por ciento inferior a la de agosto, inform\u00f3 hoy la Oficina Federal de Estad\u00edstica<\/strong>.<\/p>\n<figure id=\"attachment_1118682\" aria-describedby=\"caption-attachment-1118682\" style=\"width: 650px\" class=\"wp-caption aligncenter\"><img loading=\"lazy\" decoding=\"async\" class=\"wp-image-1118682 size-large\" src=\"https:\/\/www.eldigitaldeasturias.com\/noticias\/wp-content\/uploads\/2022\/11\/industria-650x437.jpg\" alt=\"industria\" width=\"650\" height=\"437\" srcset=\"https:\/\/www.eldigitaldeasturias.com\/noticias\/wp-content\/uploads\/2022\/11\/industria-650x437.jpg 650w, https:\/\/www.eldigitaldeasturias.com\/noticias\/wp-content\/uploads\/2022\/11\/industria-360x242.jpg 360w, https:\/\/www.eldigitaldeasturias.com\/noticias\/wp-content\/uploads\/2022\/11\/industria-446x300.jpg 446w, https:\/\/www.eldigitaldeasturias.com\/noticias\/wp-content\/uploads\/2022\/11\/industria-768x516.jpg 768w, https:\/\/www.eldigitaldeasturias.com\/noticias\/wp-content\/uploads\/2022\/11\/industria-150x101.jpg 150w, https:\/\/www.eldigitaldeasturias.com\/noticias\/wp-content\/uploads\/2022\/11\/industria-450x303.jpg 450w, https:\/\/www.eldigitaldeasturias.com\/noticias\/wp-content\/uploads\/2022\/11\/industria.jpg 998w\" sizes=\"auto, (max-width: 650px) 100vw, 650px\" \/><figcaption id=\"caption-attachment-1118682\" class=\"wp-caption-text\">Foto: Jan Woitas\/dpa<\/figcaption><\/figure>\n<p>Los datos indican que la situaci\u00f3n de los pedidos se est\u00e1 deteriorando desde julio.<\/p>\n<blockquote><p>El sector recibi\u00f3 en septiembre hasta un 10,8 por ciento menos de pedidos que en el mismo mes del a\u00f1o anterior.<\/p><\/blockquote>\n<p>Sin embargo, lo estad\u00edsticos explicaron que en septiembre de 2021 se produjeron grandes efectos de recuperaci\u00f3n relacionados con la pandemia de coronavirus. con una escasez simult\u00e1nea de productos intermedios.<\/p>\n<p>Por primera vez desde mayo de 2020, las empresas alemanas liquidaron m\u00e1s pedidos que los que entraron en septiembre. As\u00ed, los ingresos nominales fueron superiores a la suma de los nuevos pedidos nominales. Ajustados a los precios, los ingresos fueron un 0,2 por ciento superiores a los de agosto.<\/p>\n","protected":false},"excerpt":{"rendered":"<p>Wiesbaden (Alemania), 4 nov (dpa) &#8211; La industria alemana recibi\u00f3 menos pedidos en septiembre que en el mes anterior, con una cifra ajustada a los precios de un 4,0 por ciento inferior a la de agosto, inform\u00f3 hoy la Oficina Federal de Estad\u00edstica. Los datos indican que la situaci\u00f3n de los pedidos se est\u00e1 deteriorando [&hellip;]<\/p>\n","protected":false},"author":1,"featured_media":1118682,"comment_status":"closed","ping_status":"closed","sticky":false,"template":"","format":"standard","meta":{"footnotes":""},"categories":[187],"tags":[],"class_list":["post-1118681","post","type-post","status-publish","format-standard","has-post-thumbnail","hentry","category-economia"],"aioseo_notices":[],"aioseo_head":"\n\t\t<!-- All in One SEO Pro 4.9.6.2 - aioseo.com -->\n\t<meta name=\"description\" content=\"Wiesbaden (Alemania), 4 nov (dpa) - La industria alemana recibi\u00f3 menos pedidos en septiembre que en el mes anterior, con una cifra ajustada a los precios\" \/>\n\t<meta name=\"robots\" content=\"max-image-preview:large\" \/>\n\t<meta name=\"author\" content=\"El Digital de Asturias\"\/>\n\t<meta name=\"google-site-verification\" content=\"UA-38556648-1\" \/>\n\t<meta name=\"msvalidate.01\" content=\"7dfe9f3f1b24437ab69f4f2559babe99\" \/>\n\t<meta name=\"keywords\" content=\"econom\u00eda\" \/>\n\t<link rel=\"canonical\" href=\"https:\/\/www.eldigitaldeasturias.com\/noticias\/vuelven-a-caer-los-pedidos-de-la-industria-alemana\/\" \/>\n\t<meta name=\"generator\" content=\"All in One SEO Pro (AIOSEO) 4.9.6.2\" \/>\n\t\t<meta property=\"og:locale\" content=\"es_ES\" \/>\n\t\t<meta property=\"og:site_name\" content=\"El Digital de Asturias\" \/>\n\t\t<meta property=\"og:type\" content=\"article\" \/>\n\t\t<meta property=\"og:title\" content=\"Vuelven a caer los pedidos de la industria alemana - El Digital de Asturias\" \/>\n\t\t<meta property=\"og:description\" content=\"Wiesbaden (Alemania), 4 nov (dpa) - La industria alemana recibi\u00f3 menos pedidos en septiembre que en el mes anterior, con una cifra ajustada a los precios\" \/>\n\t\t<meta property=\"og:url\" content=\"https:\/\/www.eldigitaldeasturias.com\/noticias\/vuelven-a-caer-los-pedidos-de-la-industria-alemana\/\" \/>\n\t\t<meta property=\"og:image\" content=\"https:\/\/www.eldigitaldeasturias.com\/noticias\/wp-content\/uploads\/2022\/11\/industria.jpg\" \/>\n\t\t<meta property=\"og:image:secure_url\" content=\"https:\/\/www.eldigitaldeasturias.com\/noticias\/wp-content\/uploads\/2022\/11\/industria.jpg\" \/>\n\t\t<meta property=\"og:image:width\" content=\"998\" \/>\n\t\t<meta property=\"og:image:height\" content=\"671\" \/>\n\t\t<meta property=\"article:tag\" content=\"econom\u00eda\" \/>\n\t\t<meta property=\"article:published_time\" content=\"2022-11-04T10:49:59+00:00\" \/>\n\t\t<meta property=\"article:modified_time\" content=\"2022-11-04T10:49:59+00:00\" \/>\n\t\t<meta property=\"article:publisher\" content=\"https:\/\/facebook.com\/eldigitaldeasturias\" \/>\n\t\t<meta name=\"twitter:card\" content=\"summary_large_image\" \/>\n\t\t<meta name=\"twitter:title\" content=\"Vuelven a caer los pedidos de la industria alemana - El Digital de Asturias\" \/>\n\t\t<meta name=\"twitter:description\" content=\"Wiesbaden (Alemania), 4 nov (dpa) - La industria alemana recibi\u00f3 menos pedidos en septiembre que en el mes anterior, con una cifra ajustada a los precios\" \/>\n\t\t<meta name=\"twitter:image\" content=\"https:\/\/www.eldigitaldeasturias.com\/noticias\/wp-content\/uploads\/2022\/11\/industria.jpg\" \/>\n\t\t<meta name=\"twitter:label1\" content=\"Escrito por\" \/>\n\t\t<meta name=\"twitter:data1\" content=\"El Digital de Asturias\" \/>\n\t\t<meta name=\"twitter:label2\" content=\"Tiempo de lectura estimado\" \/>\n\t\t<meta name=\"twitter:data2\" content=\"1 minuto\" \/>\n\t\t<script type=\"application\/ld+json\" class=\"aioseo-schema\">\n\t\t\t{\"@context\":\"https:\\\/\\\/schema.org\",\"@graph\":[{\"@type\":\"BlogPosting\",\"@id\":\"https:\\\/\\\/www.eldigitaldeasturias.com\\\/noticias\\\/vuelven-a-caer-los-pedidos-de-la-industria-alemana\\\/#blogposting\",\"name\":\"Vuelven a caer los pedidos de la industria alemana - El Digital de Asturias\",\"headline\":\"Vuelven a caer los pedidos de la industria alemana\",\"author\":{\"@id\":\"https:\\\/\\\/www.eldigitaldeasturias.com\\\/noticias\\\/author\\\/admin\\\/#author\"},\"publisher\":{\"@id\":\"https:\\\/\\\/www.eldigitaldeasturias.com\\\/noticias\\\/#organization\"},\"image\":{\"@type\":\"ImageObject\",\"url\":\"https:\\\/\\\/www.eldigitaldeasturias.com\\\/noticias\\\/wp-content\\\/uploads\\\/2022\\\/11\\\/industria.jpg\",\"width\":998,\"height\":671,\"caption\":\"Foto: Jan Woitas\\\/dpa\"},\"datePublished\":\"2022-11-04T11:49:59+01:00\",\"dateModified\":\"2022-11-04T11:49:59+01:00\",\"inLanguage\":\"es-ES\",\"mainEntityOfPage\":{\"@id\":\"https:\\\/\\\/www.eldigitaldeasturias.com\\\/noticias\\\/vuelven-a-caer-los-pedidos-de-la-industria-alemana\\\/#webpage\"},\"isPartOf\":{\"@id\":\"https:\\\/\\\/www.eldigitaldeasturias.com\\\/noticias\\\/vuelven-a-caer-los-pedidos-de-la-industria-alemana\\\/#webpage\"},\"articleSection\":\"Econom\\u00eda\"},{\"@type\":\"BreadcrumbList\",\"@id\":\"https:\\\/\\\/www.eldigitaldeasturias.com\\\/noticias\\\/vuelven-a-caer-los-pedidos-de-la-industria-alemana\\\/#breadcrumblist\",\"itemListElement\":[{\"@type\":\"ListItem\",\"@id\":\"https:\\\/\\\/www.eldigitaldeasturias.com\\\/noticias#listItem\",\"position\":1,\"name\":\"Home\",\"item\":\"https:\\\/\\\/www.eldigitaldeasturias.com\\\/noticias\",\"nextItem\":{\"@type\":\"ListItem\",\"@id\":\"https:\\\/\\\/www.eldigitaldeasturias.com\\\/noticias\\\/category\\\/economia\\\/#listItem\",\"name\":\"Econom\\u00eda\"}},{\"@type\":\"ListItem\",\"@id\":\"https:\\\/\\\/www.eldigitaldeasturias.com\\\/noticias\\\/category\\\/economia\\\/#listItem\",\"position\":2,\"name\":\"Econom\\u00eda\",\"item\":\"https:\\\/\\\/www.eldigitaldeasturias.com\\\/noticias\\\/category\\\/economia\\\/\",\"nextItem\":{\"@type\":\"ListItem\",\"@id\":\"https:\\\/\\\/www.eldigitaldeasturias.com\\\/noticias\\\/vuelven-a-caer-los-pedidos-de-la-industria-alemana\\\/#listItem\",\"name\":\"Vuelven a caer los pedidos de la industria alemana\"},\"previousItem\":{\"@type\":\"ListItem\",\"@id\":\"https:\\\/\\\/www.eldigitaldeasturias.com\\\/noticias#listItem\",\"name\":\"Home\"}},{\"@type\":\"ListItem\",\"@id\":\"https:\\\/\\\/www.eldigitaldeasturias.com\\\/noticias\\\/vuelven-a-caer-los-pedidos-de-la-industria-alemana\\\/#listItem\",\"position\":3,\"name\":\"Vuelven a caer los pedidos de la industria alemana\",\"previousItem\":{\"@type\":\"ListItem\",\"@id\":\"https:\\\/\\\/www.eldigitaldeasturias.com\\\/noticias\\\/category\\\/economia\\\/#listItem\",\"name\":\"Econom\\u00eda\"}}]},{\"@type\":\"Organization\",\"@id\":\"https:\\\/\\\/www.eldigitaldeasturias.com\\\/noticias\\\/#organization\",\"name\":\"El Digital de Asturias\",\"description\":\"Hemeroteca\",\"url\":\"https:\\\/\\\/www.eldigitaldeasturias.com\\\/noticias\\\/\",\"email\":\"info@eldigitaldeasturias.com\",\"telephone\":\"+34652131393\",\"logo\":{\"@type\":\"ImageObject\",\"url\":\"https:\\\/\\\/www.eldigitaldeasturias.com\\\/noticias\\\/wp-content\\\/uploads\\\/2020\\\/12\\\/EDA.jpg\",\"@id\":\"https:\\\/\\\/www.eldigitaldeasturias.com\\\/noticias\\\/vuelven-a-caer-los-pedidos-de-la-industria-alemana\\\/#organizationLogo\",\"width\":649,\"height\":297},\"image\":{\"@id\":\"https:\\\/\\\/www.eldigitaldeasturias.com\\\/noticias\\\/vuelven-a-caer-los-pedidos-de-la-industria-alemana\\\/#organizationLogo\"},\"sameAs\":[\"https:\\\/\\\/facebook.com\\\/eldigitaldeasturias\",\"https:\\\/\\\/www.youtube.com\\\/channel\\\/UCZP-2wLEB9Rv6erhFmqVnvg\"],\"address\":{\"@id\":\"https:\\\/\\\/www.eldigitaldeasturias.com\\\/noticias\\\/#postaladdress\",\"@type\":\"PostalAddress\",\"streetAddress\":\"san antonio 4,\",\"postalCode\":\"33430\",\"addressLocality\":\"Cand\\u00e1s\",\"addressRegion\":\"Asturias\",\"addressCountry\":\"ES\"}},{\"@type\":\"Person\",\"@id\":\"https:\\\/\\\/www.eldigitaldeasturias.com\\\/noticias\\\/author\\\/admin\\\/#author\",\"url\":\"https:\\\/\\\/www.eldigitaldeasturias.com\\\/noticias\\\/author\\\/admin\\\/\",\"name\":\"El Digital de Asturias\",\"image\":{\"@type\":\"ImageObject\",\"@id\":\"https:\\\/\\\/www.eldigitaldeasturias.com\\\/noticias\\\/vuelven-a-caer-los-pedidos-de-la-industria-alemana\\\/#authorImage\",\"url\":\"https:\\\/\\\/www.eldigitaldeasturias.com\\\/noticias\\\/wp-content\\\/litespeed\\\/avatar\\\/18677e78aa0546b92d9dbf31ec7d7668.jpg?ver=1776685526\",\"width\":96,\"height\":96,\"caption\":\"El Digital de Asturias\"}},{\"@type\":\"WebPage\",\"@id\":\"https:\\\/\\\/www.eldigitaldeasturias.com\\\/noticias\\\/vuelven-a-caer-los-pedidos-de-la-industria-alemana\\\/#webpage\",\"url\":\"https:\\\/\\\/www.eldigitaldeasturias.com\\\/noticias\\\/vuelven-a-caer-los-pedidos-de-la-industria-alemana\\\/\",\"name\":\"Vuelven a caer los pedidos de la industria alemana - El Digital de Asturias\",\"description\":\"Wiesbaden (Alemania), 4 nov (dpa) - La industria alemana recibi\\u00f3 menos pedidos en septiembre que en el mes anterior, con una cifra ajustada a los precios\",\"inLanguage\":\"es-ES\",\"isPartOf\":{\"@id\":\"https:\\\/\\\/www.eldigitaldeasturias.com\\\/noticias\\\/#website\"},\"breadcrumb\":{\"@id\":\"https:\\\/\\\/www.eldigitaldeasturias.com\\\/noticias\\\/vuelven-a-caer-los-pedidos-de-la-industria-alemana\\\/#breadcrumblist\"},\"author\":{\"@id\":\"https:\\\/\\\/www.eldigitaldeasturias.com\\\/noticias\\\/author\\\/admin\\\/#author\"},\"creator\":{\"@id\":\"https:\\\/\\\/www.eldigitaldeasturias.com\\\/noticias\\\/author\\\/admin\\\/#author\"},\"image\":{\"@type\":\"ImageObject\",\"url\":\"https:\\\/\\\/www.eldigitaldeasturias.com\\\/noticias\\\/wp-content\\\/uploads\\\/2022\\\/11\\\/industria.jpg\",\"@id\":\"https:\\\/\\\/www.eldigitaldeasturias.com\\\/noticias\\\/vuelven-a-caer-los-pedidos-de-la-industria-alemana\\\/#mainImage\",\"width\":998,\"height\":671,\"caption\":\"Foto: Jan Woitas\\\/dpa\"},\"primaryImageOfPage\":{\"@id\":\"https:\\\/\\\/www.eldigitaldeasturias.com\\\/noticias\\\/vuelven-a-caer-los-pedidos-de-la-industria-alemana\\\/#mainImage\"},\"datePublished\":\"2022-11-04T11:49:59+01:00\",\"dateModified\":\"2022-11-04T11:49:59+01:00\"},{\"@type\":\"WebSite\",\"@id\":\"https:\\\/\\\/www.eldigitaldeasturias.com\\\/noticias\\\/#website\",\"url\":\"https:\\\/\\\/www.eldigitaldeasturias.com\\\/noticias\\\/\",\"name\":\"El Digital de Asturias - Diario de actualidad y noticias\",\"alternateName\":\"El Digital de Asturias - Diario de actualidad y noticias\",\"description\":\"Hemeroteca\",\"inLanguage\":\"es-ES\",\"publisher\":{\"@id\":\"https:\\\/\\\/www.eldigitaldeasturias.com\\\/noticias\\\/#organization\"}}]}\n\t\t<\/script>\n\t\t<!-- All in One SEO Pro -->\r\n\t\t<title>Vuelven a caer los pedidos de la industria alemana - El Digital de Asturias<\/title>\n\n","aioseo_head_json":{"title":"Vuelven a caer los pedidos de la industria alemana - El Digital de Asturias","description":"Wiesbaden (Alemania), 4 nov (dpa) - La industria alemana recibi\u00f3 menos pedidos en septiembre que en el mes anterior, con una cifra ajustada a los precios","canonical_url":"https:\/\/www.eldigitaldeasturias.com\/noticias\/vuelven-a-caer-los-pedidos-de-la-industria-alemana\/","robots":"max-image-preview:large","keywords":"econom\u00eda","webmasterTools":{"google-site-verification":"UA-38556648-1","msvalidate.01":"7dfe9f3f1b24437ab69f4f2559babe99","miscellaneous":""},"schema":{"@context":"https:\/\/schema.org","@graph":[{"@type":"BlogPosting","@id":"https:\/\/www.eldigitaldeasturias.com\/noticias\/vuelven-a-caer-los-pedidos-de-la-industria-alemana\/#blogposting","name":"Vuelven a caer los pedidos de la industria alemana - El Digital de Asturias","headline":"Vuelven a caer los pedidos de la industria alemana","author":{"@id":"https:\/\/www.eldigitaldeasturias.com\/noticias\/author\/admin\/#author"},"publisher":{"@id":"https:\/\/www.eldigitaldeasturias.com\/noticias\/#organization"},"image":{"@type":"ImageObject","url":"https:\/\/www.eldigitaldeasturias.com\/noticias\/wp-content\/uploads\/2022\/11\/industria.jpg","width":998,"height":671,"caption":"Foto: Jan Woitas\/dpa"},"datePublished":"2022-11-04T11:49:59+01:00","dateModified":"2022-11-04T11:49:59+01:00","inLanguage":"es-ES","mainEntityOfPage":{"@id":"https:\/\/www.eldigitaldeasturias.com\/noticias\/vuelven-a-caer-los-pedidos-de-la-industria-alemana\/#webpage"},"isPartOf":{"@id":"https:\/\/www.eldigitaldeasturias.com\/noticias\/vuelven-a-caer-los-pedidos-de-la-industria-alemana\/#webpage"},"articleSection":"Econom\u00eda"},{"@type":"BreadcrumbList","@id":"https:\/\/www.eldigitaldeasturias.com\/noticias\/vuelven-a-caer-los-pedidos-de-la-industria-alemana\/#breadcrumblist","itemListElement":[{"@type":"ListItem","@id":"https:\/\/www.eldigitaldeasturias.com\/noticias#listItem","position":1,"name":"Home","item":"https:\/\/www.eldigitaldeasturias.com\/noticias","nextItem":{"@type":"ListItem","@id":"https:\/\/www.eldigitaldeasturias.com\/noticias\/category\/economia\/#listItem","name":"Econom\u00eda"}},{"@type":"ListItem","@id":"https:\/\/www.eldigitaldeasturias.com\/noticias\/category\/economia\/#listItem","position":2,"name":"Econom\u00eda","item":"https:\/\/www.eldigitaldeasturias.com\/noticias\/category\/economia\/","nextItem":{"@type":"ListItem","@id":"https:\/\/www.eldigitaldeasturias.com\/noticias\/vuelven-a-caer-los-pedidos-de-la-industria-alemana\/#listItem","name":"Vuelven a caer los pedidos de la industria alemana"},"previousItem":{"@type":"ListItem","@id":"https:\/\/www.eldigitaldeasturias.com\/noticias#listItem","name":"Home"}},{"@type":"ListItem","@id":"https:\/\/www.eldigitaldeasturias.com\/noticias\/vuelven-a-caer-los-pedidos-de-la-industria-alemana\/#listItem","position":3,"name":"Vuelven a caer los pedidos de la industria alemana","previousItem":{"@type":"ListItem","@id":"https:\/\/www.eldigitaldeasturias.com\/noticias\/category\/economia\/#listItem","name":"Econom\u00eda"}}]},{"@type":"Organization","@id":"https:\/\/www.eldigitaldeasturias.com\/noticias\/#organization","name":"El Digital de Asturias","description":"Hemeroteca","url":"https:\/\/www.eldigitaldeasturias.com\/noticias\/","email":"info@eldigitaldeasturias.com","telephone":"+34652131393","logo":{"@type":"ImageObject","url":"https:\/\/www.eldigitaldeasturias.com\/noticias\/wp-content\/uploads\/2020\/12\/EDA.jpg","@id":"https:\/\/www.eldigitaldeasturias.com\/noticias\/vuelven-a-caer-los-pedidos-de-la-industria-alemana\/#organizationLogo","width":649,"height":297},"image":{"@id":"https:\/\/www.eldigitaldeasturias.com\/noticias\/vuelven-a-caer-los-pedidos-de-la-industria-alemana\/#organizationLogo"},"sameAs":["https:\/\/facebook.com\/eldigitaldeasturias","https:\/\/www.youtube.com\/channel\/UCZP-2wLEB9Rv6erhFmqVnvg"],"address":{"@id":"https:\/\/www.eldigitaldeasturias.com\/noticias\/#postaladdress","@type":"PostalAddress","streetAddress":"san antonio 4,","postalCode":"33430","addressLocality":"Cand\u00e1s","addressRegion":"Asturias","addressCountry":"ES"}},{"@type":"Person","@id":"https:\/\/www.eldigitaldeasturias.com\/noticias\/author\/admin\/#author","url":"https:\/\/www.eldigitaldeasturias.com\/noticias\/author\/admin\/","name":"El Digital de Asturias","image":{"@type":"ImageObject","@id":"https:\/\/www.eldigitaldeasturias.com\/noticias\/vuelven-a-caer-los-pedidos-de-la-industria-alemana\/#authorImage","url":"https:\/\/www.eldigitaldeasturias.com\/noticias\/wp-content\/litespeed\/avatar\/18677e78aa0546b92d9dbf31ec7d7668.jpg?ver=1776685526","width":96,"height":96,"caption":"El Digital de Asturias"}},{"@type":"WebPage","@id":"https:\/\/www.eldigitaldeasturias.com\/noticias\/vuelven-a-caer-los-pedidos-de-la-industria-alemana\/#webpage","url":"https:\/\/www.eldigitaldeasturias.com\/noticias\/vuelven-a-caer-los-pedidos-de-la-industria-alemana\/","name":"Vuelven a caer los pedidos de la industria alemana - El Digital de Asturias","description":"Wiesbaden (Alemania), 4 nov (dpa) - La industria alemana recibi\u00f3 menos pedidos en septiembre que en el mes anterior, con una cifra ajustada a los precios","inLanguage":"es-ES","isPartOf":{"@id":"https:\/\/www.eldigitaldeasturias.com\/noticias\/#website"},"breadcrumb":{"@id":"https:\/\/www.eldigitaldeasturias.com\/noticias\/vuelven-a-caer-los-pedidos-de-la-industria-alemana\/#breadcrumblist"},"author":{"@id":"https:\/\/www.eldigitaldeasturias.com\/noticias\/author\/admin\/#author"},"creator":{"@id":"https:\/\/www.eldigitaldeasturias.com\/noticias\/author\/admin\/#author"},"image":{"@type":"ImageObject","url":"https:\/\/www.eldigitaldeasturias.com\/noticias\/wp-content\/uploads\/2022\/11\/industria.jpg","@id":"https:\/\/www.eldigitaldeasturias.com\/noticias\/vuelven-a-caer-los-pedidos-de-la-industria-alemana\/#mainImage","width":998,"height":671,"caption":"Foto: Jan Woitas\/dpa"},"primaryImageOfPage":{"@id":"https:\/\/www.eldigitaldeasturias.com\/noticias\/vuelven-a-caer-los-pedidos-de-la-industria-alemana\/#mainImage"},"datePublished":"2022-11-04T11:49:59+01:00","dateModified":"2022-11-04T11:49:59+01:00"},{"@type":"WebSite","@id":"https:\/\/www.eldigitaldeasturias.com\/noticias\/#website","url":"https:\/\/www.eldigitaldeasturias.com\/noticias\/","name":"El Digital de Asturias - Diario de actualidad y noticias","alternateName":"El Digital de Asturias - Diario de actualidad y noticias","description":"Hemeroteca","inLanguage":"es-ES","publisher":{"@id":"https:\/\/www.eldigitaldeasturias.com\/noticias\/#organization"}}]},"og:locale":"es_ES","og:site_name":"El Digital de Asturias","og:type":"article","og:title":"Vuelven a caer los pedidos de la industria alemana - El Digital de Asturias","og:description":"Wiesbaden (Alemania), 4 nov (dpa) - La industria alemana recibi\u00f3 menos pedidos en septiembre que en el mes anterior, con una cifra ajustada a los precios","og:url":"https:\/\/www.eldigitaldeasturias.com\/noticias\/vuelven-a-caer-los-pedidos-de-la-industria-alemana\/","og:image":"https:\/\/www.eldigitaldeasturias.com\/noticias\/wp-content\/uploads\/2022\/11\/industria.jpg","og:image:secure_url":"https:\/\/www.eldigitaldeasturias.com\/noticias\/wp-content\/uploads\/2022\/11\/industria.jpg","og:image:width":998,"og:image:height":671,"article:tag":["econom\u00eda"],"article:published_time":"2022-11-04T10:49:59+00:00","article:modified_time":"2022-11-04T10:49:59+00:00","article:publisher":"https:\/\/facebook.com\/eldigitaldeasturias","twitter:card":"summary_large_image","twitter:title":"Vuelven a caer los pedidos de la industria alemana - El Digital de Asturias","twitter:description":"Wiesbaden (Alemania), 4 nov (dpa) - La industria alemana recibi\u00f3 menos pedidos en septiembre que en el mes anterior, con una cifra ajustada a los precios","twitter:image":"https:\/\/www.eldigitaldeasturias.com\/noticias\/wp-content\/uploads\/2022\/11\/industria.jpg","twitter:label1":"Escrito por","twitter:data1":"El Digital de Asturias","twitter:label2":"Tiempo de lectura estimado","twitter:data2":"1 minuto"},"aioseo_meta_data":{"post_id":"1118681","title":null,"description":"Wiesbaden (Alemania), 4 nov (dpa) - La industria alemana recibi\u00f3 menos pedidos en septiembre que en el mes anterior, con una cifra ajustada a los precios","keywords":[],"keyphrases":{"focus":{"keyphrase":"industria ","score":92,"analysis":{"keyphraseInTitle":{"title":"Focus keyphrase in SEO title","description":"Focus keyphrase found in SEO title.","score":9,"maxScore":9,"error":0},"keyphraseInDescription":{"title":"Focus keyphrase in meta description","description":"Focus keyphrase found in meta description.","score":9,"maxScore":9,"error":0},"keyphraseLength":{"title":"Focus keyphrase length","description":"Good job!","score":9,"maxScore":9,"error":0,"length":1},"keyphraseInURL":{"title":"Focus keyphrase in URL","description":"Focus keyphrase not found in the URL.","score":1,"maxScore":5,"error":1},"keyphraseInIntroduction":{"title":"Focus keyphrase in introduction","description":"Your Focus keyphrase appears in the first paragraph. Well done!","score":9,"maxScore":9,"error":0},"keyphraseInSubHeadings":[],"keyphraseInImageAlt":{"title":"Focus keyphrase in image alt attributes","description":"Focus keyphrase found in image alt attribute(s).","score":9,"maxScore":9,"error":0}}},"additional":[{"keyphrase":"industria alemana","score":83,"analysis":{"keyphraseInDescription":{"title":"Keyphrase in meta description","description":"Keyphrase found in meta description.","score":9,"maxScore":9,"error":0},"keyphraseLength":{"title":"Keyphrase length","description":"Good job!","score":9,"maxScore":9,"error":0,"length":2},"keyphraseInIntroduction":{"title":"Keyphrase in introduction","description":"Your Keyphrase appears in the first paragraph. Well done!","score":9,"maxScore":9,"error":0},"keyphraseInImageAlt":{"title":"Keyphrase in image alt attributes","description":"Keyphrase not found in image alt attribute(s). Add an image with your Keyphrase as alt text.","score":3,"maxScore":9,"error":1}}},{"keyphrase":"industria","score":100,"analysis":{"keyphraseInDescription":{"title":"Keyphrase in meta description","description":"Keyphrase found in meta description.","score":9,"maxScore":9,"error":0},"keyphraseLength":{"title":"Keyphrase length","description":"Good job!","score":9,"maxScore":9,"error":0,"length":1},"keyphraseInIntroduction":{"title":"Keyphrase in introduction","description":"Your Keyphrase appears in the first paragraph. Well done!","score":9,"maxScore":9,"error":0},"keyphraseInImageAlt":{"title":"Keyphrase in image alt attributes","description":"Keyphrase found in image alt attribute(s).","score":9,"maxScore":9,"error":0}}}]},"primary_term":null,"canonical_url":null,"og_title":null,"og_description":null,"og_object_type":"default","og_image_type":"default","og_image_url":null,"og_image_width":null,"og_image_height":null,"og_image_custom_url":null,"og_image_custom_fields":null,"og_video":"","og_custom_url":null,"og_article_section":null,"og_article_tags":[],"twitter_use_og":false,"twitter_card":"default","twitter_image_type":"default","twitter_image_url":null,"twitter_image_custom_url":null,"twitter_image_custom_fields":null,"twitter_title":null,"twitter_description":null,"schema":{"blockGraphs":[],"customGraphs":[],"default":{"data":{"Article":[],"Course":[],"Dataset":[],"FAQPage":[],"Movie":[],"Person":[],"Product":[],"ProductReview":[],"Car":[],"Recipe":[],"Service":[],"SoftwareApplication":[],"WebPage":[]},"graphName":"BlogPosting","isEnabled":true},"graphs":[]},"schema_type":"default","schema_type_options":null,"pillar_content":false,"robots_default":true,"robots_noindex":false,"robots_noarchive":false,"robots_nosnippet":false,"robots_nofollow":false,"robots_noimageindex":false,"robots_noodp":false,"robots_notranslate":false,"robots_max_snippet":"-1","robots_max_videopreview":"-1","robots_max_imagepreview":"large","priority":null,"frequency":"default","local_seo":null,"seo_analyzer_scan_date":"2025-10-04 07:59:15","breadcrumb_settings":null,"limit_modified_date":false,"open_ai":null,"ai":null,"created":"2022-11-04 10:38:30","updated":"2025-10-04 07:59:15"},"aioseo_breadcrumb":"<div class=\"aioseo-breadcrumbs\"><span class=\"aioseo-breadcrumb\">\n\t<a href=\"https:\/\/www.eldigitaldeasturias.com\/noticias\" title=\"Home\">Home<\/a>\n<\/span><span class=\"aioseo-breadcrumb-separator\">\u2013<\/span><span class=\"aioseo-breadcrumb\">\n\t<a href=\"https:\/\/www.eldigitaldeasturias.com\/noticias\/category\/economia\/\" title=\"Econom\u00eda\">Econom\u00eda<\/a>\n<\/span><span class=\"aioseo-breadcrumb-separator\">\u2013<\/span><span class=\"aioseo-breadcrumb\">\n\t<a href=\"https:\/\/www.eldigitaldeasturias.com\/noticias\/vuelven-a-caer-los-pedidos-de-la-industria-alemana\/\" title=\"Vuelven a caer los pedidos de la industria alemana\">Vuelven a caer los pedidos de la industria alemana<\/a>\n<\/span><\/div>","aioseo_breadcrumb_json":[{"label":"Home","link":"https:\/\/www.eldigitaldeasturias.com\/noticias"},{"label":"Econom\u00eda","link":"https:\/\/www.eldigitaldeasturias.com\/noticias\/category\/economia\/"},{"label":"Vuelven a caer los pedidos de la industria alemana","link":"https:\/\/www.eldigitaldeasturias.com\/noticias\/vuelven-a-caer-los-pedidos-de-la-industria-alemana\/"}],"_links":{"self":[{"href":"https:\/\/www.eldigitaldeasturias.com\/noticias\/wp-json\/wp\/v2\/posts\/1118681","targetHints":{"allow":["GET"]}}],"collection":[{"href":"https:\/\/www.eldigitaldeasturias.com\/noticias\/wp-json\/wp\/v2\/posts"}],"about":[{"href":"https:\/\/www.eldigitaldeasturias.com\/noticias\/wp-json\/wp\/v2\/types\/post"}],"author":[{"embeddable":true,"href":"https:\/\/www.eldigitaldeasturias.com\/noticias\/wp-json\/wp\/v2\/users\/1"}],"replies":[{"embeddable":true,"href":"https:\/\/www.eldigitaldeasturias.com\/noticias\/wp-json\/wp\/v2\/comments?post=1118681"}],"version-history":[{"count":0,"href":"https:\/\/www.eldigitaldeasturias.com\/noticias\/wp-json\/wp\/v2\/posts\/1118681\/revisions"}],"wp:featuredmedia":[{"embeddable":true,"href":"https:\/\/www.eldigitaldeasturias.com\/noticias\/wp-json\/wp\/v2\/media\/1118682"}],"wp:attachment":[{"href":"https:\/\/www.eldigitaldeasturias.com\/noticias\/wp-json\/wp\/v2\/media?parent=1118681"}],"wp:term":[{"taxonomy":"category","embeddable":true,"href":"https:\/\/www.eldigitaldeasturias.com\/noticias\/wp-json\/wp\/v2\/categories?post=1118681"},{"taxonomy":"post_tag","embeddable":true,"href":"https:\/\/www.eldigitaldeasturias.com\/noticias\/wp-json\/wp\/v2\/tags?post=1118681"}],"curies":[{"name":"wp","href":"https:\/\/api.w.org\/{rel}","templated":true}]}}