{"id":1118035,"date":"2022-10-18T10:11:07","date_gmt":"2022-10-18T08:11:07","guid":{"rendered":"https:\/\/www.eldigitaldeasturias.com\/noticias\/?p=1118035"},"modified":"2022-10-18T10:11:07","modified_gmt":"2022-10-18T08:11:07","slug":"axa-negocia-en-exclusiva-la-compra-de-gacm-espana","status":"publish","type":"post","link":"https:\/\/www.eldigitaldeasturias.com\/noticias\/axa-negocia-en-exclusiva-la-compra-de-gacm-espana\/","title":{"rendered":"Axa negocia en exclusiva la compra de GACM Espa\u00f1a"},"content":{"rendered":"<p>(EP) &#8211; El grupo asegurador franc\u00e9s Axa, a trav\u00e9s de Axa Espa\u00f1a, ha entrado en negociaciones exclusivas con Cr\u00e9dit Mutuel Alliance F\u00e9d\u00e9rale (GACM) para la potencial adquisici\u00f3n de su <a href=\"https:\/\/www.eldigitaldeasturias.com\/noticias\/category\/negocios-y-empresas\/\"><span style=\"color: #ff6600;\"><strong>filial<\/strong><\/span><\/a> Groupe Assurances du Cr\u00e9dit Mutuel Espa\u00f1a (GACM Espa\u00f1a) por 310 millones de euros, seg\u00fan ha informado la entidad.<\/p>\n<figure id=\"attachment_1118036\" aria-describedby=\"caption-attachment-1118036\" style=\"width: 650px\" class=\"wp-caption aligncenter\"><img loading=\"lazy\" decoding=\"async\" class=\"wp-image-1118036 size-large\" src=\"https:\/\/www.eldigitaldeasturias.com\/noticias\/wp-content\/uploads\/2022\/10\/Axa-650x360.jpg\" alt=\"Axa\" width=\"650\" height=\"360\" srcset=\"https:\/\/www.eldigitaldeasturias.com\/noticias\/wp-content\/uploads\/2022\/10\/Axa-650x360.jpg 650w, https:\/\/www.eldigitaldeasturias.com\/noticias\/wp-content\/uploads\/2022\/10\/Axa-360x200.jpg 360w, https:\/\/www.eldigitaldeasturias.com\/noticias\/wp-content\/uploads\/2022\/10\/Axa-480x266.jpg 480w, https:\/\/www.eldigitaldeasturias.com\/noticias\/wp-content\/uploads\/2022\/10\/Axa-768x426.jpg 768w, https:\/\/www.eldigitaldeasturias.com\/noticias\/wp-content\/uploads\/2022\/10\/Axa-150x83.jpg 150w, https:\/\/www.eldigitaldeasturias.com\/noticias\/wp-content\/uploads\/2022\/10\/Axa-450x249.jpg 450w, https:\/\/www.eldigitaldeasturias.com\/noticias\/wp-content\/uploads\/2022\/10\/Axa.jpg 790w\" sizes=\"auto, (max-width: 650px) 100vw, 650px\" \/><figcaption id=\"caption-attachment-1118036\" class=\"wp-caption-text\">FOTO: AXA \/ Europa Press<\/figcaption><\/figure>\n<p>La potencial compra de GACM Espa\u00f1a, que podr\u00eda completarse en el tercer trimestre de 2023, permitir\u00eda a Axa reforzar su presencia en el pa\u00eds en los segmentos de no vida y <a href=\"https:\/\/candas365.es\/noticias\/category\/salud\/\" target=\"_blank\" rel=\"noopener\"><span style=\"color: #ff6600;\"><strong>salud<\/strong><\/span><\/a>.<\/p>\n<p>\u00abEsta operaci\u00f3n refleja nuestro enfoque disciplinado en las fusiones y adquisiciones, en l\u00ednea con nuestra estrategia, reforzando nuestro posicionamiento en uno de nuestros principales mercados europeos, con foco en las l\u00edneas t\u00e9cnicas\u00bb, afirm\u00f3 <strong>Fr\u00e9d\u00e9ric de Courtois, viceconsejero delegado del Grupo Axa.<\/strong><\/p>\n<p>\u00abEsta adquisici\u00f3n reforzar\u00e1 nuestra posici\u00f3n de liderazgo en Espa\u00f1a y esperamos hacer crecer nuestro negocio a la vez que aseguramos una transici\u00f3n adecuada tanto para los asegurados como para los empleados\u00bb, a\u00f1adi\u00f3 <strong>Olga S\u00e1nchez, consejera delegada de Axa Espa\u00f1a.<\/strong><\/p>\n<p>GACM Espa\u00f1a registr\u00f3 unas primas brutas emitidas de 400 millones de euros y un beneficio neto consolidado de 16 millones de euros en 2021, principalmente en los ramos de no vida particulares y salud.<\/p>\n","protected":false},"excerpt":{"rendered":"<p>(EP) &#8211; El grupo asegurador franc\u00e9s Axa, a trav\u00e9s de Axa Espa\u00f1a, ha entrado en negociaciones exclusivas con Cr\u00e9dit Mutuel Alliance F\u00e9d\u00e9rale (GACM) para la potencial adquisici\u00f3n de su filial Groupe Assurances du Cr\u00e9dit Mutuel Espa\u00f1a (GACM Espa\u00f1a) por 310 millones de euros, seg\u00fan ha informado la entidad. La potencial compra de GACM Espa\u00f1a, que [&hellip;]<\/p>\n","protected":false},"author":1,"featured_media":1118036,"comment_status":"closed","ping_status":"closed","sticky":false,"template":"","format":"standard","meta":{"footnotes":""},"categories":[219],"tags":[],"class_list":["post-1118035","post","type-post","status-publish","format-standard","has-post-thumbnail","hentry","category-negocios-y-empresas"],"aioseo_notices":[],"aioseo_head":"\n\t\t<!-- All in One SEO Pro 4.9.6.2 - aioseo.com -->\n\t<meta name=\"description\" content=\"(EP) - El grupo asegurador franc\u00e9s Axa, a trav\u00e9s de Axa Espa\u00f1a, ha entrado en negociaciones exclusivas con Cr\u00e9dit Mutuel Alliance F\u00e9d\u00e9rale (GACM)\" \/>\n\t<meta name=\"robots\" content=\"max-image-preview:large\" \/>\n\t<meta name=\"author\" content=\"El Digital de Asturias\"\/>\n\t<meta name=\"google-site-verification\" content=\"UA-38556648-1\" \/>\n\t<meta name=\"msvalidate.01\" content=\"7dfe9f3f1b24437ab69f4f2559babe99\" \/>\n\t<meta name=\"keywords\" content=\"negocios y empresas\" \/>\n\t<link rel=\"canonical\" href=\"https:\/\/www.eldigitaldeasturias.com\/noticias\/axa-negocia-en-exclusiva-la-compra-de-gacm-espana\/\" \/>\n\t<meta name=\"generator\" content=\"All in One SEO Pro (AIOSEO) 4.9.6.2\" \/>\n\t\t<meta property=\"og:locale\" content=\"es_ES\" \/>\n\t\t<meta property=\"og:site_name\" content=\"El Digital de Asturias\" \/>\n\t\t<meta property=\"og:type\" content=\"article\" \/>\n\t\t<meta property=\"og:title\" content=\"Axa negocia en exclusiva la compra de GACM Espa\u00f1a - El Digital de Asturias\" \/>\n\t\t<meta property=\"og:description\" content=\"(EP) - El grupo asegurador franc\u00e9s Axa, a trav\u00e9s de Axa Espa\u00f1a, ha entrado en negociaciones exclusivas con Cr\u00e9dit Mutuel Alliance F\u00e9d\u00e9rale (GACM)\" \/>\n\t\t<meta property=\"og:url\" content=\"https:\/\/www.eldigitaldeasturias.com\/noticias\/axa-negocia-en-exclusiva-la-compra-de-gacm-espana\/\" \/>\n\t\t<meta property=\"og:image\" content=\"https:\/\/www.eldigitaldeasturias.com\/noticias\/wp-content\/uploads\/2022\/10\/Axa.jpg\" \/>\n\t\t<meta property=\"og:image:secure_url\" content=\"https:\/\/www.eldigitaldeasturias.com\/noticias\/wp-content\/uploads\/2022\/10\/Axa.jpg\" \/>\n\t\t<meta property=\"og:image:width\" content=\"790\" \/>\n\t\t<meta property=\"og:image:height\" content=\"438\" \/>\n\t\t<meta property=\"article:tag\" content=\"negocios y empresas\" \/>\n\t\t<meta property=\"article:published_time\" content=\"2022-10-18T08:11:07+00:00\" \/>\n\t\t<meta property=\"article:modified_time\" content=\"2022-10-18T08:11:07+00:00\" \/>\n\t\t<meta property=\"article:publisher\" content=\"https:\/\/facebook.com\/eldigitaldeasturias\" \/>\n\t\t<meta name=\"twitter:card\" content=\"summary_large_image\" \/>\n\t\t<meta name=\"twitter:title\" content=\"Axa negocia en exclusiva la compra de GACM Espa\u00f1a - El Digital de Asturias\" \/>\n\t\t<meta name=\"twitter:description\" content=\"(EP) - El grupo asegurador franc\u00e9s Axa, a trav\u00e9s de Axa Espa\u00f1a, ha entrado en negociaciones exclusivas con Cr\u00e9dit Mutuel Alliance F\u00e9d\u00e9rale (GACM)\" \/>\n\t\t<meta name=\"twitter:image\" content=\"https:\/\/www.eldigitaldeasturias.com\/noticias\/wp-content\/uploads\/2022\/10\/Axa.jpg\" \/>\n\t\t<meta name=\"twitter:label1\" content=\"Escrito por\" \/>\n\t\t<meta name=\"twitter:data1\" content=\"El Digital de Asturias\" \/>\n\t\t<meta name=\"twitter:label2\" content=\"Tiempo de lectura estimado\" \/>\n\t\t<meta name=\"twitter:data2\" content=\"1 minuto\" \/>\n\t\t<script type=\"application\/ld+json\" class=\"aioseo-schema\">\n\t\t\t{\"@context\":\"https:\\\/\\\/schema.org\",\"@graph\":[{\"@type\":\"BlogPosting\",\"@id\":\"https:\\\/\\\/www.eldigitaldeasturias.com\\\/noticias\\\/axa-negocia-en-exclusiva-la-compra-de-gacm-espana\\\/#blogposting\",\"name\":\"Axa negocia en exclusiva la compra de GACM Espa\\u00f1a - El Digital de Asturias\",\"headline\":\"Axa negocia en exclusiva la compra de GACM Espa\\u00f1a\",\"author\":{\"@id\":\"https:\\\/\\\/www.eldigitaldeasturias.com\\\/noticias\\\/author\\\/admin\\\/#author\"},\"publisher\":{\"@id\":\"https:\\\/\\\/www.eldigitaldeasturias.com\\\/noticias\\\/#organization\"},\"image\":{\"@type\":\"ImageObject\",\"url\":\"https:\\\/\\\/www.eldigitaldeasturias.com\\\/noticias\\\/wp-content\\\/uploads\\\/2022\\\/10\\\/Axa.jpg\",\"width\":790,\"height\":438,\"caption\":\"FOTO: AXA \\\/ Europa Press\"},\"datePublished\":\"2022-10-18T10:11:07+02:00\",\"dateModified\":\"2022-10-18T10:11:07+02:00\",\"inLanguage\":\"es-ES\",\"mainEntityOfPage\":{\"@id\":\"https:\\\/\\\/www.eldigitaldeasturias.com\\\/noticias\\\/axa-negocia-en-exclusiva-la-compra-de-gacm-espana\\\/#webpage\"},\"isPartOf\":{\"@id\":\"https:\\\/\\\/www.eldigitaldeasturias.com\\\/noticias\\\/axa-negocia-en-exclusiva-la-compra-de-gacm-espana\\\/#webpage\"},\"articleSection\":\"Negocios y Empresas\"},{\"@type\":\"BreadcrumbList\",\"@id\":\"https:\\\/\\\/www.eldigitaldeasturias.com\\\/noticias\\\/axa-negocia-en-exclusiva-la-compra-de-gacm-espana\\\/#breadcrumblist\",\"itemListElement\":[{\"@type\":\"ListItem\",\"@id\":\"https:\\\/\\\/www.eldigitaldeasturias.com\\\/noticias#listItem\",\"position\":1,\"name\":\"Home\",\"item\":\"https:\\\/\\\/www.eldigitaldeasturias.com\\\/noticias\",\"nextItem\":{\"@type\":\"ListItem\",\"@id\":\"https:\\\/\\\/www.eldigitaldeasturias.com\\\/noticias\\\/category\\\/negocios-y-empresas\\\/#listItem\",\"name\":\"Negocios y Empresas\"}},{\"@type\":\"ListItem\",\"@id\":\"https:\\\/\\\/www.eldigitaldeasturias.com\\\/noticias\\\/category\\\/negocios-y-empresas\\\/#listItem\",\"position\":2,\"name\":\"Negocios y Empresas\",\"item\":\"https:\\\/\\\/www.eldigitaldeasturias.com\\\/noticias\\\/category\\\/negocios-y-empresas\\\/\",\"nextItem\":{\"@type\":\"ListItem\",\"@id\":\"https:\\\/\\\/www.eldigitaldeasturias.com\\\/noticias\\\/axa-negocia-en-exclusiva-la-compra-de-gacm-espana\\\/#listItem\",\"name\":\"Axa negocia en exclusiva la compra de GACM Espa\\u00f1a\"},\"previousItem\":{\"@type\":\"ListItem\",\"@id\":\"https:\\\/\\\/www.eldigitaldeasturias.com\\\/noticias#listItem\",\"name\":\"Home\"}},{\"@type\":\"ListItem\",\"@id\":\"https:\\\/\\\/www.eldigitaldeasturias.com\\\/noticias\\\/axa-negocia-en-exclusiva-la-compra-de-gacm-espana\\\/#listItem\",\"position\":3,\"name\":\"Axa negocia en exclusiva la compra de GACM Espa\\u00f1a\",\"previousItem\":{\"@type\":\"ListItem\",\"@id\":\"https:\\\/\\\/www.eldigitaldeasturias.com\\\/noticias\\\/category\\\/negocios-y-empresas\\\/#listItem\",\"name\":\"Negocios y Empresas\"}}]},{\"@type\":\"Organization\",\"@id\":\"https:\\\/\\\/www.eldigitaldeasturias.com\\\/noticias\\\/#organization\",\"name\":\"El Digital de Asturias\",\"description\":\"Hemeroteca\",\"url\":\"https:\\\/\\\/www.eldigitaldeasturias.com\\\/noticias\\\/\",\"email\":\"info@eldigitaldeasturias.com\",\"telephone\":\"+34652131393\",\"logo\":{\"@type\":\"ImageObject\",\"url\":\"https:\\\/\\\/www.eldigitaldeasturias.com\\\/noticias\\\/wp-content\\\/uploads\\\/2020\\\/12\\\/EDA.jpg\",\"@id\":\"https:\\\/\\\/www.eldigitaldeasturias.com\\\/noticias\\\/axa-negocia-en-exclusiva-la-compra-de-gacm-espana\\\/#organizationLogo\",\"width\":649,\"height\":297},\"image\":{\"@id\":\"https:\\\/\\\/www.eldigitaldeasturias.com\\\/noticias\\\/axa-negocia-en-exclusiva-la-compra-de-gacm-espana\\\/#organizationLogo\"},\"sameAs\":[\"https:\\\/\\\/facebook.com\\\/eldigitaldeasturias\",\"https:\\\/\\\/www.youtube.com\\\/channel\\\/UCZP-2wLEB9Rv6erhFmqVnvg\"],\"address\":{\"@id\":\"https:\\\/\\\/www.eldigitaldeasturias.com\\\/noticias\\\/#postaladdress\",\"@type\":\"PostalAddress\",\"streetAddress\":\"san antonio 4,\",\"postalCode\":\"33430\",\"addressLocality\":\"Cand\\u00e1s\",\"addressRegion\":\"Asturias\",\"addressCountry\":\"ES\"}},{\"@type\":\"Person\",\"@id\":\"https:\\\/\\\/www.eldigitaldeasturias.com\\\/noticias\\\/author\\\/admin\\\/#author\",\"url\":\"https:\\\/\\\/www.eldigitaldeasturias.com\\\/noticias\\\/author\\\/admin\\\/\",\"name\":\"El Digital de Asturias\",\"image\":{\"@type\":\"ImageObject\",\"@id\":\"https:\\\/\\\/www.eldigitaldeasturias.com\\\/noticias\\\/axa-negocia-en-exclusiva-la-compra-de-gacm-espana\\\/#authorImage\",\"url\":\"https:\\\/\\\/www.eldigitaldeasturias.com\\\/noticias\\\/wp-content\\\/litespeed\\\/avatar\\\/18677e78aa0546b92d9dbf31ec7d7668.jpg?ver=1776685526\",\"width\":96,\"height\":96,\"caption\":\"El Digital de Asturias\"}},{\"@type\":\"WebPage\",\"@id\":\"https:\\\/\\\/www.eldigitaldeasturias.com\\\/noticias\\\/axa-negocia-en-exclusiva-la-compra-de-gacm-espana\\\/#webpage\",\"url\":\"https:\\\/\\\/www.eldigitaldeasturias.com\\\/noticias\\\/axa-negocia-en-exclusiva-la-compra-de-gacm-espana\\\/\",\"name\":\"Axa negocia en exclusiva la compra de GACM Espa\\u00f1a - El Digital de Asturias\",\"description\":\"(EP) - El grupo asegurador franc\\u00e9s Axa, a trav\\u00e9s de Axa Espa\\u00f1a, ha entrado en negociaciones exclusivas con Cr\\u00e9dit Mutuel Alliance F\\u00e9d\\u00e9rale (GACM)\",\"inLanguage\":\"es-ES\",\"isPartOf\":{\"@id\":\"https:\\\/\\\/www.eldigitaldeasturias.com\\\/noticias\\\/#website\"},\"breadcrumb\":{\"@id\":\"https:\\\/\\\/www.eldigitaldeasturias.com\\\/noticias\\\/axa-negocia-en-exclusiva-la-compra-de-gacm-espana\\\/#breadcrumblist\"},\"author\":{\"@id\":\"https:\\\/\\\/www.eldigitaldeasturias.com\\\/noticias\\\/author\\\/admin\\\/#author\"},\"creator\":{\"@id\":\"https:\\\/\\\/www.eldigitaldeasturias.com\\\/noticias\\\/author\\\/admin\\\/#author\"},\"image\":{\"@type\":\"ImageObject\",\"url\":\"https:\\\/\\\/www.eldigitaldeasturias.com\\\/noticias\\\/wp-content\\\/uploads\\\/2022\\\/10\\\/Axa.jpg\",\"@id\":\"https:\\\/\\\/www.eldigitaldeasturias.com\\\/noticias\\\/axa-negocia-en-exclusiva-la-compra-de-gacm-espana\\\/#mainImage\",\"width\":790,\"height\":438,\"caption\":\"FOTO: AXA \\\/ Europa Press\"},\"primaryImageOfPage\":{\"@id\":\"https:\\\/\\\/www.eldigitaldeasturias.com\\\/noticias\\\/axa-negocia-en-exclusiva-la-compra-de-gacm-espana\\\/#mainImage\"},\"datePublished\":\"2022-10-18T10:11:07+02:00\",\"dateModified\":\"2022-10-18T10:11:07+02:00\"},{\"@type\":\"WebSite\",\"@id\":\"https:\\\/\\\/www.eldigitaldeasturias.com\\\/noticias\\\/#website\",\"url\":\"https:\\\/\\\/www.eldigitaldeasturias.com\\\/noticias\\\/\",\"name\":\"El Digital de Asturias - Diario de actualidad y noticias\",\"alternateName\":\"El Digital de Asturias - Diario de actualidad y noticias\",\"description\":\"Hemeroteca\",\"inLanguage\":\"es-ES\",\"publisher\":{\"@id\":\"https:\\\/\\\/www.eldigitaldeasturias.com\\\/noticias\\\/#organization\"}}]}\n\t\t<\/script>\n\t\t<!-- All in One SEO Pro -->\r\n\t\t<title>Axa negocia en exclusiva la compra de GACM Espa\u00f1a - El Digital de Asturias<\/title>\n\n","aioseo_head_json":{"title":"Axa negocia en exclusiva la compra de GACM Espa\u00f1a - El Digital de Asturias","description":"(EP) - El grupo asegurador franc\u00e9s Axa, a trav\u00e9s de Axa Espa\u00f1a, ha entrado en negociaciones exclusivas con Cr\u00e9dit Mutuel Alliance F\u00e9d\u00e9rale (GACM)","canonical_url":"https:\/\/www.eldigitaldeasturias.com\/noticias\/axa-negocia-en-exclusiva-la-compra-de-gacm-espana\/","robots":"max-image-preview:large","keywords":"negocios y empresas","webmasterTools":{"google-site-verification":"UA-38556648-1","msvalidate.01":"7dfe9f3f1b24437ab69f4f2559babe99","miscellaneous":""},"schema":{"@context":"https:\/\/schema.org","@graph":[{"@type":"BlogPosting","@id":"https:\/\/www.eldigitaldeasturias.com\/noticias\/axa-negocia-en-exclusiva-la-compra-de-gacm-espana\/#blogposting","name":"Axa negocia en exclusiva la compra de GACM Espa\u00f1a - El Digital de Asturias","headline":"Axa negocia en exclusiva la compra de GACM Espa\u00f1a","author":{"@id":"https:\/\/www.eldigitaldeasturias.com\/noticias\/author\/admin\/#author"},"publisher":{"@id":"https:\/\/www.eldigitaldeasturias.com\/noticias\/#organization"},"image":{"@type":"ImageObject","url":"https:\/\/www.eldigitaldeasturias.com\/noticias\/wp-content\/uploads\/2022\/10\/Axa.jpg","width":790,"height":438,"caption":"FOTO: AXA \/ Europa Press"},"datePublished":"2022-10-18T10:11:07+02:00","dateModified":"2022-10-18T10:11:07+02:00","inLanguage":"es-ES","mainEntityOfPage":{"@id":"https:\/\/www.eldigitaldeasturias.com\/noticias\/axa-negocia-en-exclusiva-la-compra-de-gacm-espana\/#webpage"},"isPartOf":{"@id":"https:\/\/www.eldigitaldeasturias.com\/noticias\/axa-negocia-en-exclusiva-la-compra-de-gacm-espana\/#webpage"},"articleSection":"Negocios y Empresas"},{"@type":"BreadcrumbList","@id":"https:\/\/www.eldigitaldeasturias.com\/noticias\/axa-negocia-en-exclusiva-la-compra-de-gacm-espana\/#breadcrumblist","itemListElement":[{"@type":"ListItem","@id":"https:\/\/www.eldigitaldeasturias.com\/noticias#listItem","position":1,"name":"Home","item":"https:\/\/www.eldigitaldeasturias.com\/noticias","nextItem":{"@type":"ListItem","@id":"https:\/\/www.eldigitaldeasturias.com\/noticias\/category\/negocios-y-empresas\/#listItem","name":"Negocios y Empresas"}},{"@type":"ListItem","@id":"https:\/\/www.eldigitaldeasturias.com\/noticias\/category\/negocios-y-empresas\/#listItem","position":2,"name":"Negocios y Empresas","item":"https:\/\/www.eldigitaldeasturias.com\/noticias\/category\/negocios-y-empresas\/","nextItem":{"@type":"ListItem","@id":"https:\/\/www.eldigitaldeasturias.com\/noticias\/axa-negocia-en-exclusiva-la-compra-de-gacm-espana\/#listItem","name":"Axa negocia en exclusiva la compra de GACM Espa\u00f1a"},"previousItem":{"@type":"ListItem","@id":"https:\/\/www.eldigitaldeasturias.com\/noticias#listItem","name":"Home"}},{"@type":"ListItem","@id":"https:\/\/www.eldigitaldeasturias.com\/noticias\/axa-negocia-en-exclusiva-la-compra-de-gacm-espana\/#listItem","position":3,"name":"Axa negocia en exclusiva la compra de GACM Espa\u00f1a","previousItem":{"@type":"ListItem","@id":"https:\/\/www.eldigitaldeasturias.com\/noticias\/category\/negocios-y-empresas\/#listItem","name":"Negocios y Empresas"}}]},{"@type":"Organization","@id":"https:\/\/www.eldigitaldeasturias.com\/noticias\/#organization","name":"El Digital de Asturias","description":"Hemeroteca","url":"https:\/\/www.eldigitaldeasturias.com\/noticias\/","email":"info@eldigitaldeasturias.com","telephone":"+34652131393","logo":{"@type":"ImageObject","url":"https:\/\/www.eldigitaldeasturias.com\/noticias\/wp-content\/uploads\/2020\/12\/EDA.jpg","@id":"https:\/\/www.eldigitaldeasturias.com\/noticias\/axa-negocia-en-exclusiva-la-compra-de-gacm-espana\/#organizationLogo","width":649,"height":297},"image":{"@id":"https:\/\/www.eldigitaldeasturias.com\/noticias\/axa-negocia-en-exclusiva-la-compra-de-gacm-espana\/#organizationLogo"},"sameAs":["https:\/\/facebook.com\/eldigitaldeasturias","https:\/\/www.youtube.com\/channel\/UCZP-2wLEB9Rv6erhFmqVnvg"],"address":{"@id":"https:\/\/www.eldigitaldeasturias.com\/noticias\/#postaladdress","@type":"PostalAddress","streetAddress":"san antonio 4,","postalCode":"33430","addressLocality":"Cand\u00e1s","addressRegion":"Asturias","addressCountry":"ES"}},{"@type":"Person","@id":"https:\/\/www.eldigitaldeasturias.com\/noticias\/author\/admin\/#author","url":"https:\/\/www.eldigitaldeasturias.com\/noticias\/author\/admin\/","name":"El Digital de Asturias","image":{"@type":"ImageObject","@id":"https:\/\/www.eldigitaldeasturias.com\/noticias\/axa-negocia-en-exclusiva-la-compra-de-gacm-espana\/#authorImage","url":"https:\/\/www.eldigitaldeasturias.com\/noticias\/wp-content\/litespeed\/avatar\/18677e78aa0546b92d9dbf31ec7d7668.jpg?ver=1776685526","width":96,"height":96,"caption":"El Digital de Asturias"}},{"@type":"WebPage","@id":"https:\/\/www.eldigitaldeasturias.com\/noticias\/axa-negocia-en-exclusiva-la-compra-de-gacm-espana\/#webpage","url":"https:\/\/www.eldigitaldeasturias.com\/noticias\/axa-negocia-en-exclusiva-la-compra-de-gacm-espana\/","name":"Axa negocia en exclusiva la compra de GACM Espa\u00f1a - El Digital de Asturias","description":"(EP) - El grupo asegurador franc\u00e9s Axa, a trav\u00e9s de Axa Espa\u00f1a, ha entrado en negociaciones exclusivas con Cr\u00e9dit Mutuel Alliance F\u00e9d\u00e9rale (GACM)","inLanguage":"es-ES","isPartOf":{"@id":"https:\/\/www.eldigitaldeasturias.com\/noticias\/#website"},"breadcrumb":{"@id":"https:\/\/www.eldigitaldeasturias.com\/noticias\/axa-negocia-en-exclusiva-la-compra-de-gacm-espana\/#breadcrumblist"},"author":{"@id":"https:\/\/www.eldigitaldeasturias.com\/noticias\/author\/admin\/#author"},"creator":{"@id":"https:\/\/www.eldigitaldeasturias.com\/noticias\/author\/admin\/#author"},"image":{"@type":"ImageObject","url":"https:\/\/www.eldigitaldeasturias.com\/noticias\/wp-content\/uploads\/2022\/10\/Axa.jpg","@id":"https:\/\/www.eldigitaldeasturias.com\/noticias\/axa-negocia-en-exclusiva-la-compra-de-gacm-espana\/#mainImage","width":790,"height":438,"caption":"FOTO: AXA \/ Europa Press"},"primaryImageOfPage":{"@id":"https:\/\/www.eldigitaldeasturias.com\/noticias\/axa-negocia-en-exclusiva-la-compra-de-gacm-espana\/#mainImage"},"datePublished":"2022-10-18T10:11:07+02:00","dateModified":"2022-10-18T10:11:07+02:00"},{"@type":"WebSite","@id":"https:\/\/www.eldigitaldeasturias.com\/noticias\/#website","url":"https:\/\/www.eldigitaldeasturias.com\/noticias\/","name":"El Digital de Asturias - Diario de actualidad y noticias","alternateName":"El Digital de Asturias - Diario de actualidad y noticias","description":"Hemeroteca","inLanguage":"es-ES","publisher":{"@id":"https:\/\/www.eldigitaldeasturias.com\/noticias\/#organization"}}]},"og:locale":"es_ES","og:site_name":"El Digital de Asturias","og:type":"article","og:title":"Axa negocia en exclusiva la compra de GACM Espa\u00f1a - El Digital de Asturias","og:description":"(EP) - El grupo asegurador franc\u00e9s Axa, a trav\u00e9s de Axa Espa\u00f1a, ha entrado en negociaciones exclusivas con Cr\u00e9dit Mutuel Alliance F\u00e9d\u00e9rale (GACM)","og:url":"https:\/\/www.eldigitaldeasturias.com\/noticias\/axa-negocia-en-exclusiva-la-compra-de-gacm-espana\/","og:image":"https:\/\/www.eldigitaldeasturias.com\/noticias\/wp-content\/uploads\/2022\/10\/Axa.jpg","og:image:secure_url":"https:\/\/www.eldigitaldeasturias.com\/noticias\/wp-content\/uploads\/2022\/10\/Axa.jpg","og:image:width":790,"og:image:height":438,"article:tag":["negocios y empresas"],"article:published_time":"2022-10-18T08:11:07+00:00","article:modified_time":"2022-10-18T08:11:07+00:00","article:publisher":"https:\/\/facebook.com\/eldigitaldeasturias","twitter:card":"summary_large_image","twitter:title":"Axa negocia en exclusiva la compra de GACM Espa\u00f1a - El Digital de Asturias","twitter:description":"(EP) - El grupo asegurador franc\u00e9s Axa, a trav\u00e9s de Axa Espa\u00f1a, ha entrado en negociaciones exclusivas con Cr\u00e9dit Mutuel Alliance F\u00e9d\u00e9rale (GACM)","twitter:image":"https:\/\/www.eldigitaldeasturias.com\/noticias\/wp-content\/uploads\/2022\/10\/Axa.jpg","twitter:label1":"Escrito por","twitter:data1":"El Digital de Asturias","twitter:label2":"Tiempo de lectura estimado","twitter:data2":"1 minuto"},"aioseo_meta_data":{"post_id":"1118035","title":null,"description":"(EP) - El grupo asegurador franc\u00e9s Axa, a trav\u00e9s de Axa Espa\u00f1a, ha entrado en negociaciones exclusivas con Cr\u00e9dit Mutuel Alliance F\u00e9d\u00e9rale (GACM)","keywords":[],"keyphrases":{"focus":{"keyphrase":"Axa","score":92,"analysis":{"keyphraseInTitle":{"title":"Focus keyphrase in SEO title","description":"Focus keyphrase found in SEO title.","score":9,"maxScore":9,"error":0},"keyphraseInDescription":{"title":"Focus keyphrase in meta description","description":"Focus keyphrase found in meta description.","score":9,"maxScore":9,"error":0},"keyphraseLength":{"title":"Focus keyphrase length","description":"Good job!","score":9,"maxScore":9,"error":0,"length":1},"keyphraseInURL":{"title":"Focus keyphrase in URL","description":"Focus keyphrase not found in the URL.","score":1,"maxScore":5,"error":1},"keyphraseInIntroduction":{"title":"Focus keyphrase in introduction","description":"Your Focus keyphrase appears in the first paragraph. Well done!","score":9,"maxScore":9,"error":0},"keyphraseInSubHeadings":[],"keyphraseInImageAlt":{"title":"Focus keyphrase in image alt attributes","description":"Focus keyphrase found in image alt attribute(s).","score":9,"maxScore":9,"error":0}}},"additional":[{"keyphrase":"negociaciones exclusivas ","score":83,"analysis":{"keyphraseInDescription":{"title":"Keyphrase in meta description","description":"Keyphrase found in meta description.","score":9,"maxScore":9,"error":0},"keyphraseLength":{"title":"Keyphrase length","description":"Good job!","score":9,"maxScore":9,"error":0,"length":2},"keyphraseInIntroduction":{"title":"Keyphrase in introduction","description":"Your Keyphrase appears in the first paragraph. Well done!","score":9,"maxScore":9,"error":0},"keyphraseInImageAlt":{"title":"Keyphrase in image alt attributes","description":"Keyphrase not found in image alt attribute(s). Add an image with your Keyphrase as alt text.","score":3,"maxScore":9,"error":1}}}]},"primary_term":null,"canonical_url":null,"og_title":null,"og_description":null,"og_object_type":"default","og_image_type":"default","og_image_url":null,"og_image_width":null,"og_image_height":null,"og_image_custom_url":null,"og_image_custom_fields":null,"og_video":"","og_custom_url":null,"og_article_section":null,"og_article_tags":[],"twitter_use_og":false,"twitter_card":"default","twitter_image_type":"default","twitter_image_url":null,"twitter_image_custom_url":null,"twitter_image_custom_fields":null,"twitter_title":null,"twitter_description":null,"schema":{"blockGraphs":[],"customGraphs":[],"default":{"data":{"Article":[],"Course":[],"Dataset":[],"FAQPage":[],"Movie":[],"Person":[],"Product":[],"ProductReview":[],"Car":[],"Recipe":[],"Service":[],"SoftwareApplication":[],"WebPage":[]},"graphName":"BlogPosting","isEnabled":true},"graphs":[]},"schema_type":"default","schema_type_options":null,"pillar_content":false,"robots_default":true,"robots_noindex":false,"robots_noarchive":false,"robots_nosnippet":false,"robots_nofollow":false,"robots_noimageindex":false,"robots_noodp":false,"robots_notranslate":false,"robots_max_snippet":"-1","robots_max_videopreview":"-1","robots_max_imagepreview":"large","priority":null,"frequency":"default","local_seo":null,"seo_analyzer_scan_date":"2025-10-04 03:54:32","breadcrumb_settings":null,"limit_modified_date":false,"open_ai":null,"ai":null,"created":"2022-10-18 08:00:41","updated":"2025-10-04 03:54:32"},"aioseo_breadcrumb":"<div class=\"aioseo-breadcrumbs\"><span class=\"aioseo-breadcrumb\">\n\t<a href=\"https:\/\/www.eldigitaldeasturias.com\/noticias\" title=\"Home\">Home<\/a>\n<\/span><span class=\"aioseo-breadcrumb-separator\">\u2013<\/span><span class=\"aioseo-breadcrumb\">\n\t<a href=\"https:\/\/www.eldigitaldeasturias.com\/noticias\/category\/negocios-y-empresas\/\" title=\"Negocios y Empresas\">Negocios y Empresas<\/a>\n<\/span><span class=\"aioseo-breadcrumb-separator\">\u2013<\/span><span class=\"aioseo-breadcrumb\">\n\t<a href=\"https:\/\/www.eldigitaldeasturias.com\/noticias\/axa-negocia-en-exclusiva-la-compra-de-gacm-espana\/\" title=\"Axa negocia en exclusiva la compra de GACM Espa\u00f1a\">Axa negocia en exclusiva la compra de GACM Espa\u00f1a<\/a>\n<\/span><\/div>","aioseo_breadcrumb_json":[{"label":"Home","link":"https:\/\/www.eldigitaldeasturias.com\/noticias"},{"label":"Negocios y Empresas","link":"https:\/\/www.eldigitaldeasturias.com\/noticias\/category\/negocios-y-empresas\/"},{"label":"Axa negocia en exclusiva la compra de GACM Espa\u00f1a","link":"https:\/\/www.eldigitaldeasturias.com\/noticias\/axa-negocia-en-exclusiva-la-compra-de-gacm-espana\/"}],"_links":{"self":[{"href":"https:\/\/www.eldigitaldeasturias.com\/noticias\/wp-json\/wp\/v2\/posts\/1118035","targetHints":{"allow":["GET"]}}],"collection":[{"href":"https:\/\/www.eldigitaldeasturias.com\/noticias\/wp-json\/wp\/v2\/posts"}],"about":[{"href":"https:\/\/www.eldigitaldeasturias.com\/noticias\/wp-json\/wp\/v2\/types\/post"}],"author":[{"embeddable":true,"href":"https:\/\/www.eldigitaldeasturias.com\/noticias\/wp-json\/wp\/v2\/users\/1"}],"replies":[{"embeddable":true,"href":"https:\/\/www.eldigitaldeasturias.com\/noticias\/wp-json\/wp\/v2\/comments?post=1118035"}],"version-history":[{"count":0,"href":"https:\/\/www.eldigitaldeasturias.com\/noticias\/wp-json\/wp\/v2\/posts\/1118035\/revisions"}],"wp:featuredmedia":[{"embeddable":true,"href":"https:\/\/www.eldigitaldeasturias.com\/noticias\/wp-json\/wp\/v2\/media\/1118036"}],"wp:attachment":[{"href":"https:\/\/www.eldigitaldeasturias.com\/noticias\/wp-json\/wp\/v2\/media?parent=1118035"}],"wp:term":[{"taxonomy":"category","embeddable":true,"href":"https:\/\/www.eldigitaldeasturias.com\/noticias\/wp-json\/wp\/v2\/categories?post=1118035"},{"taxonomy":"post_tag","embeddable":true,"href":"https:\/\/www.eldigitaldeasturias.com\/noticias\/wp-json\/wp\/v2\/tags?post=1118035"}],"curies":[{"name":"wp","href":"https:\/\/api.w.org\/{rel}","templated":true}]}}