{"id":1118001,"date":"2022-10-17T23:20:20","date_gmt":"2022-10-17T21:20:20","guid":{"rendered":"https:\/\/www.eldigitaldeasturias.com\/noticias\/?p=1118001"},"modified":"2022-10-17T23:20:20","modified_gmt":"2022-10-17T21:20:20","slug":"sondeo-ifo-expertos-internacionales-preven-una-inflacion-de-mas-de-9-puntos","status":"publish","type":"post","link":"https:\/\/www.eldigitaldeasturias.com\/noticias\/sondeo-ifo-expertos-internacionales-preven-una-inflacion-de-mas-de-9-puntos\/","title":{"rendered":"Sondeo Ifo: Expertos internacionales prev\u00e9n una inflaci\u00f3n de m\u00e1s de 9 puntos"},"content":{"rendered":"<p><img loading=\"lazy\" decoding=\"async\" class=\"alignleft size-medium wp-image-1103653\" src=\"https:\/\/www.eldigitaldeasturias.com\/noticias\/wp-content\/uploads\/2022\/01\/economia-360x254.jpg\" alt=\"econom\u00eda\" width=\"360\" height=\"254\" srcset=\"https:\/\/www.eldigitaldeasturias.com\/noticias\/wp-content\/uploads\/2022\/01\/economia-360x254.jpg 360w, https:\/\/www.eldigitaldeasturias.com\/noticias\/wp-content\/uploads\/2022\/01\/economia-425x300.jpg 425w, https:\/\/www.eldigitaldeasturias.com\/noticias\/wp-content\/uploads\/2022\/01\/economia-150x106.jpg 150w, https:\/\/www.eldigitaldeasturias.com\/noticias\/wp-content\/uploads\/2022\/01\/economia-450x318.jpg 450w, https:\/\/www.eldigitaldeasturias.com\/noticias\/wp-content\/uploads\/2022\/01\/economia.jpg 640w\" sizes=\"auto, (max-width: 360px) 100vw, 360px\" \/>M\u00fanich\/Lucerna, 17 oct (dpa) &#8211; M\u00e1s de 1.600 economistas de 129 pa\u00edses esperan una inflaci\u00f3n promedio global de 9,5 por ciento para 2022, seg\u00fan una encuesta realizada de manera conjunta por el instituto alem\u00e1n de investigaci\u00f3n econ\u00f3mica Ifo y el suizo IWP.<\/p>\n<p>En el sondeo hecho en septiembre, 1.687 expertos dijeron esperar una inflaci\u00f3n para este a\u00f1o que supone \u00ab6,7 puntos porcentuales m\u00e1s que la tasa de inflaci\u00f3n promedio de la \u00faltima d\u00e9cada se\u00f1alada por el Banco Mundial\u00bb.<\/p>\n<p>A nivel regional, el estudio percibi\u00f3 grandes diferencias, ya que mientras en Europa Occidental los encuestados esperan una inflaci\u00f3n del 7,3 por ciento, en Europa Oriental la sit\u00faan en el 19 por ciento.<\/p>\n<p>En el Sudeste Asi\u00e1tico, los expertos prev\u00e9n 5,6 por ciento de inflaci\u00f3n, pero un 30 por ciento en Asia Occidental. En Am\u00e9rica del Norte, los economistas estiman 7,2 por ciento; 30 por ciento en Am\u00e9rica del Sur, e incluso casi 60 por ciento en \u00c1frica Oriental.<\/p>\n<p>Asimismo, en la encuesta se espera que la alta subida de precios contin\u00fae el a\u00f1o que viene a nivel mundial. \u00abCon una tasa de inflaci\u00f3n promedio del 7,5 por ciento en 2023, solo se espera un ligero descenso en comparaci\u00f3n con 2022\u00bb, indic\u00f3 el informe.<\/p>\n<p>Para 2026, los economistas siguen esperando un 5 por ciento de inflaci\u00f3n en todo el mundo.<\/p>\n","protected":false},"excerpt":{"rendered":"<p>M\u00fanich\/Lucerna, 17 oct (dpa) &#8211; M\u00e1s de 1.600 economistas de 129 pa\u00edses esperan una inflaci\u00f3n promedio global de 9,5 por ciento para 2022, seg\u00fan una encuesta realizada de manera conjunta por el instituto alem\u00e1n de investigaci\u00f3n econ\u00f3mica Ifo y el suizo IWP. En el sondeo hecho en septiembre, 1.687 expertos dijeron esperar una inflaci\u00f3n para [&hellip;]<\/p>\n","protected":false},"author":1,"featured_media":1103653,"comment_status":"closed","ping_status":"closed","sticky":false,"template":"","format":"standard","meta":{"footnotes":""},"categories":[187],"tags":[],"class_list":["post-1118001","post","type-post","status-publish","format-standard","has-post-thumbnail","hentry","category-economia"],"aioseo_notices":[],"aioseo_head":"\n\t\t<!-- All in One SEO Pro 4.9.6.2 - aioseo.com -->\n\t<meta name=\"description\" content=\"M\u00fanich\/Lucerna, 17 oct (dpa) - M\u00e1s de 1.600 economistas de 129 pa\u00edses esperan una inflaci\u00f3n promedio global de 9,5 por ciento para 2022, seg\u00fan una encuesta\" \/>\n\t<meta name=\"robots\" content=\"max-image-preview:large\" \/>\n\t<meta name=\"author\" content=\"El Digital de Asturias\"\/>\n\t<meta name=\"google-site-verification\" content=\"UA-38556648-1\" \/>\n\t<meta name=\"msvalidate.01\" content=\"7dfe9f3f1b24437ab69f4f2559babe99\" \/>\n\t<meta name=\"keywords\" content=\"econom\u00eda\" \/>\n\t<link rel=\"canonical\" href=\"https:\/\/www.eldigitaldeasturias.com\/noticias\/sondeo-ifo-expertos-internacionales-preven-una-inflacion-de-mas-de-9-puntos\/\" \/>\n\t<meta name=\"generator\" content=\"All in One SEO Pro (AIOSEO) 4.9.6.2\" \/>\n\t\t<meta property=\"og:locale\" content=\"es_ES\" \/>\n\t\t<meta property=\"og:site_name\" content=\"El Digital de Asturias\" \/>\n\t\t<meta property=\"og:type\" content=\"article\" \/>\n\t\t<meta property=\"og:title\" content=\"Sondeo Ifo: Expertos internacionales prev\u00e9n una inflaci\u00f3n de m\u00e1s de 9 puntos - El Digital de Asturias\" \/>\n\t\t<meta property=\"og:description\" content=\"M\u00fanich\/Lucerna, 17 oct (dpa) - M\u00e1s de 1.600 economistas de 129 pa\u00edses esperan una inflaci\u00f3n promedio global de 9,5 por ciento para 2022, seg\u00fan una encuesta\" \/>\n\t\t<meta property=\"og:url\" content=\"https:\/\/www.eldigitaldeasturias.com\/noticias\/sondeo-ifo-expertos-internacionales-preven-una-inflacion-de-mas-de-9-puntos\/\" \/>\n\t\t<meta property=\"og:image\" content=\"https:\/\/www.eldigitaldeasturias.com\/noticias\/wp-content\/uploads\/2022\/01\/economia.jpg\" \/>\n\t\t<meta property=\"og:image:secure_url\" content=\"https:\/\/www.eldigitaldeasturias.com\/noticias\/wp-content\/uploads\/2022\/01\/economia.jpg\" \/>\n\t\t<meta property=\"og:image:width\" content=\"640\" \/>\n\t\t<meta property=\"og:image:height\" content=\"452\" \/>\n\t\t<meta property=\"article:tag\" content=\"econom\u00eda\" \/>\n\t\t<meta property=\"article:published_time\" content=\"2022-10-17T21:20:20+00:00\" \/>\n\t\t<meta property=\"article:modified_time\" content=\"2022-10-17T21:20:20+00:00\" \/>\n\t\t<meta property=\"article:publisher\" content=\"https:\/\/facebook.com\/eldigitaldeasturias\" \/>\n\t\t<meta name=\"twitter:card\" content=\"summary_large_image\" \/>\n\t\t<meta name=\"twitter:title\" content=\"Sondeo Ifo: Expertos internacionales prev\u00e9n una inflaci\u00f3n de m\u00e1s de 9 puntos - El Digital de Asturias\" \/>\n\t\t<meta name=\"twitter:description\" content=\"M\u00fanich\/Lucerna, 17 oct (dpa) - M\u00e1s de 1.600 economistas de 129 pa\u00edses esperan una inflaci\u00f3n promedio global de 9,5 por ciento para 2022, seg\u00fan una encuesta\" \/>\n\t\t<meta name=\"twitter:image\" content=\"https:\/\/www.eldigitaldeasturias.com\/noticias\/wp-content\/uploads\/2022\/01\/economia.jpg\" \/>\n\t\t<meta name=\"twitter:label1\" content=\"Escrito por\" \/>\n\t\t<meta name=\"twitter:data1\" content=\"El Digital de Asturias\" \/>\n\t\t<meta name=\"twitter:label2\" content=\"Tiempo de lectura estimado\" \/>\n\t\t<meta name=\"twitter:data2\" content=\"1 minuto\" \/>\n\t\t<script type=\"application\/ld+json\" class=\"aioseo-schema\">\n\t\t\t{\"@context\":\"https:\\\/\\\/schema.org\",\"@graph\":[{\"@type\":\"BlogPosting\",\"@id\":\"https:\\\/\\\/www.eldigitaldeasturias.com\\\/noticias\\\/sondeo-ifo-expertos-internacionales-preven-una-inflacion-de-mas-de-9-puntos\\\/#blogposting\",\"name\":\"Sondeo Ifo: Expertos internacionales prev\\u00e9n una inflaci\\u00f3n de m\\u00e1s de 9 puntos - El Digital de Asturias\",\"headline\":\"Sondeo Ifo: Expertos internacionales prev\\u00e9n una inflaci\\u00f3n de m\\u00e1s de 9 puntos\",\"author\":{\"@id\":\"https:\\\/\\\/www.eldigitaldeasturias.com\\\/noticias\\\/author\\\/admin\\\/#author\"},\"publisher\":{\"@id\":\"https:\\\/\\\/www.eldigitaldeasturias.com\\\/noticias\\\/#organization\"},\"image\":{\"@type\":\"ImageObject\",\"url\":\"https:\\\/\\\/www.eldigitaldeasturias.com\\\/noticias\\\/wp-content\\\/uploads\\\/2022\\\/01\\\/economia.jpg\",\"width\":640,\"height\":452,\"caption\":\"econom\\u00eda\"},\"datePublished\":\"2022-10-17T23:20:20+02:00\",\"dateModified\":\"2022-10-17T23:20:20+02:00\",\"inLanguage\":\"es-ES\",\"mainEntityOfPage\":{\"@id\":\"https:\\\/\\\/www.eldigitaldeasturias.com\\\/noticias\\\/sondeo-ifo-expertos-internacionales-preven-una-inflacion-de-mas-de-9-puntos\\\/#webpage\"},\"isPartOf\":{\"@id\":\"https:\\\/\\\/www.eldigitaldeasturias.com\\\/noticias\\\/sondeo-ifo-expertos-internacionales-preven-una-inflacion-de-mas-de-9-puntos\\\/#webpage\"},\"articleSection\":\"Econom\\u00eda\"},{\"@type\":\"BreadcrumbList\",\"@id\":\"https:\\\/\\\/www.eldigitaldeasturias.com\\\/noticias\\\/sondeo-ifo-expertos-internacionales-preven-una-inflacion-de-mas-de-9-puntos\\\/#breadcrumblist\",\"itemListElement\":[{\"@type\":\"ListItem\",\"@id\":\"https:\\\/\\\/www.eldigitaldeasturias.com\\\/noticias#listItem\",\"position\":1,\"name\":\"Home\",\"item\":\"https:\\\/\\\/www.eldigitaldeasturias.com\\\/noticias\",\"nextItem\":{\"@type\":\"ListItem\",\"@id\":\"https:\\\/\\\/www.eldigitaldeasturias.com\\\/noticias\\\/category\\\/economia\\\/#listItem\",\"name\":\"Econom\\u00eda\"}},{\"@type\":\"ListItem\",\"@id\":\"https:\\\/\\\/www.eldigitaldeasturias.com\\\/noticias\\\/category\\\/economia\\\/#listItem\",\"position\":2,\"name\":\"Econom\\u00eda\",\"item\":\"https:\\\/\\\/www.eldigitaldeasturias.com\\\/noticias\\\/category\\\/economia\\\/\",\"nextItem\":{\"@type\":\"ListItem\",\"@id\":\"https:\\\/\\\/www.eldigitaldeasturias.com\\\/noticias\\\/sondeo-ifo-expertos-internacionales-preven-una-inflacion-de-mas-de-9-puntos\\\/#listItem\",\"name\":\"Sondeo Ifo: Expertos internacionales prev\\u00e9n una inflaci\\u00f3n de m\\u00e1s de 9 puntos\"},\"previousItem\":{\"@type\":\"ListItem\",\"@id\":\"https:\\\/\\\/www.eldigitaldeasturias.com\\\/noticias#listItem\",\"name\":\"Home\"}},{\"@type\":\"ListItem\",\"@id\":\"https:\\\/\\\/www.eldigitaldeasturias.com\\\/noticias\\\/sondeo-ifo-expertos-internacionales-preven-una-inflacion-de-mas-de-9-puntos\\\/#listItem\",\"position\":3,\"name\":\"Sondeo Ifo: Expertos internacionales prev\\u00e9n una inflaci\\u00f3n de m\\u00e1s de 9 puntos\",\"previousItem\":{\"@type\":\"ListItem\",\"@id\":\"https:\\\/\\\/www.eldigitaldeasturias.com\\\/noticias\\\/category\\\/economia\\\/#listItem\",\"name\":\"Econom\\u00eda\"}}]},{\"@type\":\"Organization\",\"@id\":\"https:\\\/\\\/www.eldigitaldeasturias.com\\\/noticias\\\/#organization\",\"name\":\"El Digital de Asturias\",\"description\":\"Hemeroteca\",\"url\":\"https:\\\/\\\/www.eldigitaldeasturias.com\\\/noticias\\\/\",\"email\":\"info@eldigitaldeasturias.com\",\"telephone\":\"+34652131393\",\"logo\":{\"@type\":\"ImageObject\",\"url\":\"https:\\\/\\\/www.eldigitaldeasturias.com\\\/noticias\\\/wp-content\\\/uploads\\\/2020\\\/12\\\/EDA.jpg\",\"@id\":\"https:\\\/\\\/www.eldigitaldeasturias.com\\\/noticias\\\/sondeo-ifo-expertos-internacionales-preven-una-inflacion-de-mas-de-9-puntos\\\/#organizationLogo\",\"width\":649,\"height\":297},\"image\":{\"@id\":\"https:\\\/\\\/www.eldigitaldeasturias.com\\\/noticias\\\/sondeo-ifo-expertos-internacionales-preven-una-inflacion-de-mas-de-9-puntos\\\/#organizationLogo\"},\"sameAs\":[\"https:\\\/\\\/facebook.com\\\/eldigitaldeasturias\",\"https:\\\/\\\/www.youtube.com\\\/channel\\\/UCZP-2wLEB9Rv6erhFmqVnvg\"],\"address\":{\"@id\":\"https:\\\/\\\/www.eldigitaldeasturias.com\\\/noticias\\\/#postaladdress\",\"@type\":\"PostalAddress\",\"streetAddress\":\"san antonio 4,\",\"postalCode\":\"33430\",\"addressLocality\":\"Cand\\u00e1s\",\"addressRegion\":\"Asturias\",\"addressCountry\":\"ES\"}},{\"@type\":\"Person\",\"@id\":\"https:\\\/\\\/www.eldigitaldeasturias.com\\\/noticias\\\/author\\\/admin\\\/#author\",\"url\":\"https:\\\/\\\/www.eldigitaldeasturias.com\\\/noticias\\\/author\\\/admin\\\/\",\"name\":\"El Digital de Asturias\",\"image\":{\"@type\":\"ImageObject\",\"@id\":\"https:\\\/\\\/www.eldigitaldeasturias.com\\\/noticias\\\/sondeo-ifo-expertos-internacionales-preven-una-inflacion-de-mas-de-9-puntos\\\/#authorImage\",\"url\":\"https:\\\/\\\/www.eldigitaldeasturias.com\\\/noticias\\\/wp-content\\\/litespeed\\\/avatar\\\/18677e78aa0546b92d9dbf31ec7d7668.jpg?ver=1776685526\",\"width\":96,\"height\":96,\"caption\":\"El Digital de Asturias\"}},{\"@type\":\"WebPage\",\"@id\":\"https:\\\/\\\/www.eldigitaldeasturias.com\\\/noticias\\\/sondeo-ifo-expertos-internacionales-preven-una-inflacion-de-mas-de-9-puntos\\\/#webpage\",\"url\":\"https:\\\/\\\/www.eldigitaldeasturias.com\\\/noticias\\\/sondeo-ifo-expertos-internacionales-preven-una-inflacion-de-mas-de-9-puntos\\\/\",\"name\":\"Sondeo Ifo: Expertos internacionales prev\\u00e9n una inflaci\\u00f3n de m\\u00e1s de 9 puntos - El Digital de Asturias\",\"description\":\"M\\u00fanich\\\/Lucerna, 17 oct (dpa) - M\\u00e1s de 1.600 economistas de 129 pa\\u00edses esperan una inflaci\\u00f3n promedio global de 9,5 por ciento para 2022, seg\\u00fan una encuesta\",\"inLanguage\":\"es-ES\",\"isPartOf\":{\"@id\":\"https:\\\/\\\/www.eldigitaldeasturias.com\\\/noticias\\\/#website\"},\"breadcrumb\":{\"@id\":\"https:\\\/\\\/www.eldigitaldeasturias.com\\\/noticias\\\/sondeo-ifo-expertos-internacionales-preven-una-inflacion-de-mas-de-9-puntos\\\/#breadcrumblist\"},\"author\":{\"@id\":\"https:\\\/\\\/www.eldigitaldeasturias.com\\\/noticias\\\/author\\\/admin\\\/#author\"},\"creator\":{\"@id\":\"https:\\\/\\\/www.eldigitaldeasturias.com\\\/noticias\\\/author\\\/admin\\\/#author\"},\"image\":{\"@type\":\"ImageObject\",\"url\":\"https:\\\/\\\/www.eldigitaldeasturias.com\\\/noticias\\\/wp-content\\\/uploads\\\/2022\\\/01\\\/economia.jpg\",\"@id\":\"https:\\\/\\\/www.eldigitaldeasturias.com\\\/noticias\\\/sondeo-ifo-expertos-internacionales-preven-una-inflacion-de-mas-de-9-puntos\\\/#mainImage\",\"width\":640,\"height\":452,\"caption\":\"econom\\u00eda\"},\"primaryImageOfPage\":{\"@id\":\"https:\\\/\\\/www.eldigitaldeasturias.com\\\/noticias\\\/sondeo-ifo-expertos-internacionales-preven-una-inflacion-de-mas-de-9-puntos\\\/#mainImage\"},\"datePublished\":\"2022-10-17T23:20:20+02:00\",\"dateModified\":\"2022-10-17T23:20:20+02:00\"},{\"@type\":\"WebSite\",\"@id\":\"https:\\\/\\\/www.eldigitaldeasturias.com\\\/noticias\\\/#website\",\"url\":\"https:\\\/\\\/www.eldigitaldeasturias.com\\\/noticias\\\/\",\"name\":\"El Digital de Asturias - Diario de actualidad y noticias\",\"alternateName\":\"El Digital de Asturias - Diario de actualidad y noticias\",\"description\":\"Hemeroteca\",\"inLanguage\":\"es-ES\",\"publisher\":{\"@id\":\"https:\\\/\\\/www.eldigitaldeasturias.com\\\/noticias\\\/#organization\"}}]}\n\t\t<\/script>\n\t\t<!-- All in One SEO Pro -->\r\n\t\t<title>Sondeo Ifo: Expertos internacionales prev\u00e9n una inflaci\u00f3n de m\u00e1s de 9 puntos - El Digital de Asturias<\/title>\n\n","aioseo_head_json":{"title":"Sondeo Ifo: Expertos internacionales prev\u00e9n una inflaci\u00f3n de m\u00e1s de 9 puntos - El Digital de Asturias","description":"M\u00fanich\/Lucerna, 17 oct (dpa) - M\u00e1s de 1.600 economistas de 129 pa\u00edses esperan una inflaci\u00f3n promedio global de 9,5 por ciento para 2022, seg\u00fan una encuesta","canonical_url":"https:\/\/www.eldigitaldeasturias.com\/noticias\/sondeo-ifo-expertos-internacionales-preven-una-inflacion-de-mas-de-9-puntos\/","robots":"max-image-preview:large","keywords":"econom\u00eda","webmasterTools":{"google-site-verification":"UA-38556648-1","msvalidate.01":"7dfe9f3f1b24437ab69f4f2559babe99","miscellaneous":""},"schema":{"@context":"https:\/\/schema.org","@graph":[{"@type":"BlogPosting","@id":"https:\/\/www.eldigitaldeasturias.com\/noticias\/sondeo-ifo-expertos-internacionales-preven-una-inflacion-de-mas-de-9-puntos\/#blogposting","name":"Sondeo Ifo: Expertos internacionales prev\u00e9n una inflaci\u00f3n de m\u00e1s de 9 puntos - El Digital de Asturias","headline":"Sondeo Ifo: Expertos internacionales prev\u00e9n una inflaci\u00f3n de m\u00e1s de 9 puntos","author":{"@id":"https:\/\/www.eldigitaldeasturias.com\/noticias\/author\/admin\/#author"},"publisher":{"@id":"https:\/\/www.eldigitaldeasturias.com\/noticias\/#organization"},"image":{"@type":"ImageObject","url":"https:\/\/www.eldigitaldeasturias.com\/noticias\/wp-content\/uploads\/2022\/01\/economia.jpg","width":640,"height":452,"caption":"econom\u00eda"},"datePublished":"2022-10-17T23:20:20+02:00","dateModified":"2022-10-17T23:20:20+02:00","inLanguage":"es-ES","mainEntityOfPage":{"@id":"https:\/\/www.eldigitaldeasturias.com\/noticias\/sondeo-ifo-expertos-internacionales-preven-una-inflacion-de-mas-de-9-puntos\/#webpage"},"isPartOf":{"@id":"https:\/\/www.eldigitaldeasturias.com\/noticias\/sondeo-ifo-expertos-internacionales-preven-una-inflacion-de-mas-de-9-puntos\/#webpage"},"articleSection":"Econom\u00eda"},{"@type":"BreadcrumbList","@id":"https:\/\/www.eldigitaldeasturias.com\/noticias\/sondeo-ifo-expertos-internacionales-preven-una-inflacion-de-mas-de-9-puntos\/#breadcrumblist","itemListElement":[{"@type":"ListItem","@id":"https:\/\/www.eldigitaldeasturias.com\/noticias#listItem","position":1,"name":"Home","item":"https:\/\/www.eldigitaldeasturias.com\/noticias","nextItem":{"@type":"ListItem","@id":"https:\/\/www.eldigitaldeasturias.com\/noticias\/category\/economia\/#listItem","name":"Econom\u00eda"}},{"@type":"ListItem","@id":"https:\/\/www.eldigitaldeasturias.com\/noticias\/category\/economia\/#listItem","position":2,"name":"Econom\u00eda","item":"https:\/\/www.eldigitaldeasturias.com\/noticias\/category\/economia\/","nextItem":{"@type":"ListItem","@id":"https:\/\/www.eldigitaldeasturias.com\/noticias\/sondeo-ifo-expertos-internacionales-preven-una-inflacion-de-mas-de-9-puntos\/#listItem","name":"Sondeo Ifo: Expertos internacionales prev\u00e9n una inflaci\u00f3n de m\u00e1s de 9 puntos"},"previousItem":{"@type":"ListItem","@id":"https:\/\/www.eldigitaldeasturias.com\/noticias#listItem","name":"Home"}},{"@type":"ListItem","@id":"https:\/\/www.eldigitaldeasturias.com\/noticias\/sondeo-ifo-expertos-internacionales-preven-una-inflacion-de-mas-de-9-puntos\/#listItem","position":3,"name":"Sondeo Ifo: Expertos internacionales prev\u00e9n una inflaci\u00f3n de m\u00e1s de 9 puntos","previousItem":{"@type":"ListItem","@id":"https:\/\/www.eldigitaldeasturias.com\/noticias\/category\/economia\/#listItem","name":"Econom\u00eda"}}]},{"@type":"Organization","@id":"https:\/\/www.eldigitaldeasturias.com\/noticias\/#organization","name":"El Digital de Asturias","description":"Hemeroteca","url":"https:\/\/www.eldigitaldeasturias.com\/noticias\/","email":"info@eldigitaldeasturias.com","telephone":"+34652131393","logo":{"@type":"ImageObject","url":"https:\/\/www.eldigitaldeasturias.com\/noticias\/wp-content\/uploads\/2020\/12\/EDA.jpg","@id":"https:\/\/www.eldigitaldeasturias.com\/noticias\/sondeo-ifo-expertos-internacionales-preven-una-inflacion-de-mas-de-9-puntos\/#organizationLogo","width":649,"height":297},"image":{"@id":"https:\/\/www.eldigitaldeasturias.com\/noticias\/sondeo-ifo-expertos-internacionales-preven-una-inflacion-de-mas-de-9-puntos\/#organizationLogo"},"sameAs":["https:\/\/facebook.com\/eldigitaldeasturias","https:\/\/www.youtube.com\/channel\/UCZP-2wLEB9Rv6erhFmqVnvg"],"address":{"@id":"https:\/\/www.eldigitaldeasturias.com\/noticias\/#postaladdress","@type":"PostalAddress","streetAddress":"san antonio 4,","postalCode":"33430","addressLocality":"Cand\u00e1s","addressRegion":"Asturias","addressCountry":"ES"}},{"@type":"Person","@id":"https:\/\/www.eldigitaldeasturias.com\/noticias\/author\/admin\/#author","url":"https:\/\/www.eldigitaldeasturias.com\/noticias\/author\/admin\/","name":"El Digital de Asturias","image":{"@type":"ImageObject","@id":"https:\/\/www.eldigitaldeasturias.com\/noticias\/sondeo-ifo-expertos-internacionales-preven-una-inflacion-de-mas-de-9-puntos\/#authorImage","url":"https:\/\/www.eldigitaldeasturias.com\/noticias\/wp-content\/litespeed\/avatar\/18677e78aa0546b92d9dbf31ec7d7668.jpg?ver=1776685526","width":96,"height":96,"caption":"El Digital de Asturias"}},{"@type":"WebPage","@id":"https:\/\/www.eldigitaldeasturias.com\/noticias\/sondeo-ifo-expertos-internacionales-preven-una-inflacion-de-mas-de-9-puntos\/#webpage","url":"https:\/\/www.eldigitaldeasturias.com\/noticias\/sondeo-ifo-expertos-internacionales-preven-una-inflacion-de-mas-de-9-puntos\/","name":"Sondeo Ifo: Expertos internacionales prev\u00e9n una inflaci\u00f3n de m\u00e1s de 9 puntos - El Digital de Asturias","description":"M\u00fanich\/Lucerna, 17 oct (dpa) - M\u00e1s de 1.600 economistas de 129 pa\u00edses esperan una inflaci\u00f3n promedio global de 9,5 por ciento para 2022, seg\u00fan una encuesta","inLanguage":"es-ES","isPartOf":{"@id":"https:\/\/www.eldigitaldeasturias.com\/noticias\/#website"},"breadcrumb":{"@id":"https:\/\/www.eldigitaldeasturias.com\/noticias\/sondeo-ifo-expertos-internacionales-preven-una-inflacion-de-mas-de-9-puntos\/#breadcrumblist"},"author":{"@id":"https:\/\/www.eldigitaldeasturias.com\/noticias\/author\/admin\/#author"},"creator":{"@id":"https:\/\/www.eldigitaldeasturias.com\/noticias\/author\/admin\/#author"},"image":{"@type":"ImageObject","url":"https:\/\/www.eldigitaldeasturias.com\/noticias\/wp-content\/uploads\/2022\/01\/economia.jpg","@id":"https:\/\/www.eldigitaldeasturias.com\/noticias\/sondeo-ifo-expertos-internacionales-preven-una-inflacion-de-mas-de-9-puntos\/#mainImage","width":640,"height":452,"caption":"econom\u00eda"},"primaryImageOfPage":{"@id":"https:\/\/www.eldigitaldeasturias.com\/noticias\/sondeo-ifo-expertos-internacionales-preven-una-inflacion-de-mas-de-9-puntos\/#mainImage"},"datePublished":"2022-10-17T23:20:20+02:00","dateModified":"2022-10-17T23:20:20+02:00"},{"@type":"WebSite","@id":"https:\/\/www.eldigitaldeasturias.com\/noticias\/#website","url":"https:\/\/www.eldigitaldeasturias.com\/noticias\/","name":"El Digital de Asturias - Diario de actualidad y noticias","alternateName":"El Digital de Asturias - Diario de actualidad y noticias","description":"Hemeroteca","inLanguage":"es-ES","publisher":{"@id":"https:\/\/www.eldigitaldeasturias.com\/noticias\/#organization"}}]},"og:locale":"es_ES","og:site_name":"El Digital de Asturias","og:type":"article","og:title":"Sondeo Ifo: Expertos internacionales prev\u00e9n una inflaci\u00f3n de m\u00e1s de 9 puntos - El Digital de Asturias","og:description":"M\u00fanich\/Lucerna, 17 oct (dpa) - M\u00e1s de 1.600 economistas de 129 pa\u00edses esperan una inflaci\u00f3n promedio global de 9,5 por ciento para 2022, seg\u00fan una encuesta","og:url":"https:\/\/www.eldigitaldeasturias.com\/noticias\/sondeo-ifo-expertos-internacionales-preven-una-inflacion-de-mas-de-9-puntos\/","og:image":"https:\/\/www.eldigitaldeasturias.com\/noticias\/wp-content\/uploads\/2022\/01\/economia.jpg","og:image:secure_url":"https:\/\/www.eldigitaldeasturias.com\/noticias\/wp-content\/uploads\/2022\/01\/economia.jpg","og:image:width":640,"og:image:height":452,"article:tag":["econom\u00eda"],"article:published_time":"2022-10-17T21:20:20+00:00","article:modified_time":"2022-10-17T21:20:20+00:00","article:publisher":"https:\/\/facebook.com\/eldigitaldeasturias","twitter:card":"summary_large_image","twitter:title":"Sondeo Ifo: Expertos internacionales prev\u00e9n una inflaci\u00f3n de m\u00e1s de 9 puntos - El Digital de Asturias","twitter:description":"M\u00fanich\/Lucerna, 17 oct (dpa) - M\u00e1s de 1.600 economistas de 129 pa\u00edses esperan una inflaci\u00f3n promedio global de 9,5 por ciento para 2022, seg\u00fan una encuesta","twitter:image":"https:\/\/www.eldigitaldeasturias.com\/noticias\/wp-content\/uploads\/2022\/01\/economia.jpg","twitter:label1":"Escrito por","twitter:data1":"El Digital de Asturias","twitter:label2":"Tiempo de lectura estimado","twitter:data2":"1 minuto"},"aioseo_meta_data":{"post_id":"1118001","title":null,"description":"M\u00fanich\/Lucerna, 17 oct (dpa) - M\u00e1s de 1.600 economistas de 129 pa\u00edses esperan una inflaci\u00f3n promedio global de 9,5 por ciento para 2022, seg\u00fan una encuesta","keywords":[],"keyphrases":{"focus":{"keyphrase":"inflaci\u00f3n ","score":87,"analysis":{"keyphraseInTitle":{"title":"Focus keyphrase in SEO title","description":"Focus keyphrase found in SEO title.","score":9,"maxScore":9,"error":0},"keyphraseInDescription":{"title":"Focus keyphrase in meta description","description":"Focus keyphrase found in meta description.","score":9,"maxScore":9,"error":0},"keyphraseLength":{"title":"Focus keyphrase length","description":"Good job!","score":9,"maxScore":9,"error":0,"length":1},"keyphraseInURL":[],"keyphraseInIntroduction":{"title":"Focus keyphrase in introduction","description":"Your Focus keyphrase appears in the first paragraph. Well done!","score":9,"maxScore":9,"error":0},"keyphraseInSubHeadings":[],"keyphraseInImageAlt":{"title":"Focus keyphrase in image alt attributes","description":"Focus keyphrase not found in image alt attribute(s). Add an image with your Focus keyphrase as alt text.","score":3,"maxScore":9,"error":1}}},"additional":[{"keyphrase":"encuesta","score":83,"analysis":{"keyphraseInDescription":{"title":"Keyphrase in meta description","description":"Keyphrase found in meta description.","score":9,"maxScore":9,"error":0},"keyphraseLength":{"title":"Keyphrase length","description":"Good job!","score":9,"maxScore":9,"error":0,"length":1},"keyphraseInIntroduction":{"title":"Keyphrase in introduction","description":"Your Keyphrase appears in the first paragraph. Well done!","score":9,"maxScore":9,"error":0},"keyphraseInImageAlt":{"title":"Keyphrase in image alt attributes","description":"Keyphrase not found in image alt attribute(s). Add an image with your Keyphrase as alt text.","score":3,"maxScore":9,"error":1}}}]},"primary_term":null,"canonical_url":null,"og_title":null,"og_description":null,"og_object_type":"default","og_image_type":"default","og_image_url":null,"og_image_width":null,"og_image_height":null,"og_image_custom_url":null,"og_image_custom_fields":null,"og_video":"","og_custom_url":null,"og_article_section":null,"og_article_tags":[],"twitter_use_og":false,"twitter_card":"default","twitter_image_type":"default","twitter_image_url":null,"twitter_image_custom_url":null,"twitter_image_custom_fields":null,"twitter_title":null,"twitter_description":null,"schema":{"blockGraphs":[],"customGraphs":[],"default":{"data":{"Article":[],"Course":[],"Dataset":[],"FAQPage":[],"Movie":[],"Person":[],"Product":[],"ProductReview":[],"Car":[],"Recipe":[],"Service":[],"SoftwareApplication":[],"WebPage":[]},"graphName":"BlogPosting","isEnabled":true},"graphs":[]},"schema_type":"default","schema_type_options":null,"pillar_content":false,"robots_default":true,"robots_noindex":false,"robots_noarchive":false,"robots_nosnippet":false,"robots_nofollow":false,"robots_noimageindex":false,"robots_noodp":false,"robots_notranslate":false,"robots_max_snippet":"-1","robots_max_videopreview":"-1","robots_max_imagepreview":"large","priority":null,"frequency":"default","local_seo":null,"seo_analyzer_scan_date":"2025-10-04 03:40:44","breadcrumb_settings":null,"limit_modified_date":false,"open_ai":null,"ai":null,"created":"2022-10-17 21:18:32","updated":"2025-10-04 03:40:44"},"aioseo_breadcrumb":"<div class=\"aioseo-breadcrumbs\"><span class=\"aioseo-breadcrumb\">\n\t<a href=\"https:\/\/www.eldigitaldeasturias.com\/noticias\" title=\"Home\">Home<\/a>\n<\/span><span class=\"aioseo-breadcrumb-separator\">\u2013<\/span><span class=\"aioseo-breadcrumb\">\n\t<a href=\"https:\/\/www.eldigitaldeasturias.com\/noticias\/category\/economia\/\" title=\"Econom\u00eda\">Econom\u00eda<\/a>\n<\/span><span class=\"aioseo-breadcrumb-separator\">\u2013<\/span><span class=\"aioseo-breadcrumb\">\n\t<a href=\"https:\/\/www.eldigitaldeasturias.com\/noticias\/sondeo-ifo-expertos-internacionales-preven-una-inflacion-de-mas-de-9-puntos\/\" title=\"Sondeo Ifo: Expertos internacionales prev\u00e9n una inflaci\u00f3n de m\u00e1s de 9 puntos\">Sondeo Ifo: Expertos internacionales prev\u00e9n una inflaci\u00f3n de m\u00e1s de 9 puntos<\/a>\n<\/span><\/div>","aioseo_breadcrumb_json":[{"label":"Home","link":"https:\/\/www.eldigitaldeasturias.com\/noticias"},{"label":"Econom\u00eda","link":"https:\/\/www.eldigitaldeasturias.com\/noticias\/category\/economia\/"},{"label":"Sondeo Ifo: Expertos internacionales prev\u00e9n una inflaci\u00f3n de m\u00e1s de 9 puntos","link":"https:\/\/www.eldigitaldeasturias.com\/noticias\/sondeo-ifo-expertos-internacionales-preven-una-inflacion-de-mas-de-9-puntos\/"}],"_links":{"self":[{"href":"https:\/\/www.eldigitaldeasturias.com\/noticias\/wp-json\/wp\/v2\/posts\/1118001","targetHints":{"allow":["GET"]}}],"collection":[{"href":"https:\/\/www.eldigitaldeasturias.com\/noticias\/wp-json\/wp\/v2\/posts"}],"about":[{"href":"https:\/\/www.eldigitaldeasturias.com\/noticias\/wp-json\/wp\/v2\/types\/post"}],"author":[{"embeddable":true,"href":"https:\/\/www.eldigitaldeasturias.com\/noticias\/wp-json\/wp\/v2\/users\/1"}],"replies":[{"embeddable":true,"href":"https:\/\/www.eldigitaldeasturias.com\/noticias\/wp-json\/wp\/v2\/comments?post=1118001"}],"version-history":[{"count":0,"href":"https:\/\/www.eldigitaldeasturias.com\/noticias\/wp-json\/wp\/v2\/posts\/1118001\/revisions"}],"wp:featuredmedia":[{"embeddable":true,"href":"https:\/\/www.eldigitaldeasturias.com\/noticias\/wp-json\/wp\/v2\/media\/1103653"}],"wp:attachment":[{"href":"https:\/\/www.eldigitaldeasturias.com\/noticias\/wp-json\/wp\/v2\/media?parent=1118001"}],"wp:term":[{"taxonomy":"category","embeddable":true,"href":"https:\/\/www.eldigitaldeasturias.com\/noticias\/wp-json\/wp\/v2\/categories?post=1118001"},{"taxonomy":"post_tag","embeddable":true,"href":"https:\/\/www.eldigitaldeasturias.com\/noticias\/wp-json\/wp\/v2\/tags?post=1118001"}],"curies":[{"name":"wp","href":"https:\/\/api.w.org\/{rel}","templated":true}]}}