{"id":1117994,"date":"2022-10-17T23:13:09","date_gmt":"2022-10-17T21:13:09","guid":{"rendered":"https:\/\/www.eldigitaldeasturias.com\/noticias\/?p=1117994"},"modified":"2022-10-17T23:13:09","modified_gmt":"2022-10-17T21:13:09","slug":"eurowings-cancela-240-vuelos-por-la-huelga-de-pilotos","status":"publish","type":"post","link":"https:\/\/www.eldigitaldeasturias.com\/noticias\/eurowings-cancela-240-vuelos-por-la-huelga-de-pilotos\/","title":{"rendered":"Eurowings cancela 240 vuelos por la huelga de pilotos"},"content":{"rendered":"<p>D\u00fcsseldorf (Alemania), 17 oct (dpa) &#8211; La segunda <span style=\"color: #ff6600;\"><strong><span style=\"color: #ff6600;\"><a style=\"color: #ff6600;\" href=\"https:\/\/eldigitaldeasturias.com\/magazine365\/huelga-de-pilotos-y-cancelaciones-en-eurowings\/\" target=\"_blank\" rel=\"noopener\">huelga de pilotos de Eurowing<\/a><\/span>s<\/strong><\/span>, del grupo Lufthansa, hizo que la aerol\u00ednea alemana tuviera que cancelar hoy 240 de sus 488 vuelos, seg\u00fan cifras ofrecidas por la misma compa\u00f1\u00eda.<\/p>\n<figure id=\"attachment_1117995\" aria-describedby=\"caption-attachment-1117995\" style=\"width: 650px\" class=\"wp-caption aligncenter\"><img loading=\"lazy\" decoding=\"async\" class=\"wp-image-1117995 size-large\" src=\"https:\/\/www.eldigitaldeasturias.com\/noticias\/wp-content\/uploads\/2022\/10\/Eurowings-650x445.jpg\" alt=\"Eurowings\" width=\"650\" height=\"445\" srcset=\"https:\/\/www.eldigitaldeasturias.com\/noticias\/wp-content\/uploads\/2022\/10\/Eurowings-650x445.jpg 650w, https:\/\/www.eldigitaldeasturias.com\/noticias\/wp-content\/uploads\/2022\/10\/Eurowings-360x247.jpg 360w, https:\/\/www.eldigitaldeasturias.com\/noticias\/wp-content\/uploads\/2022\/10\/Eurowings-438x300.jpg 438w, https:\/\/www.eldigitaldeasturias.com\/noticias\/wp-content\/uploads\/2022\/10\/Eurowings-768x526.jpg 768w, https:\/\/www.eldigitaldeasturias.com\/noticias\/wp-content\/uploads\/2022\/10\/Eurowings-150x103.jpg 150w, https:\/\/www.eldigitaldeasturias.com\/noticias\/wp-content\/uploads\/2022\/10\/Eurowings-450x308.jpg 450w, https:\/\/www.eldigitaldeasturias.com\/noticias\/wp-content\/uploads\/2022\/10\/Eurowings.jpg 988w\" sizes=\"auto, (max-width: 650px) 100vw, 650px\" \/><figcaption id=\"caption-attachment-1117995\" class=\"wp-caption-text\">Aeronaves de la compa\u00f1\u00eda alemana Eurowings en el aeropuerto de Bonn\/Colonia. Foto: Rolf Vennenbernd\/dpa<\/figcaption><\/figure>\n<p>La mayor\u00eda de los vuelos, unos 100, fueron cancelados en el aeropuerto de D\u00fcsseldorf. Tambi\u00e9n hubo numerosas cancelaciones en Colonia\/Bonn, Stuttgart, Hamburgo y Berl\u00edn. De acuerdo con la compa\u00f1\u00eda, unos 17.000 pasajeros se vieron afectados por la huelga.<\/p>\n<p>El director financiero de Eurowings, Kai Duve, acus\u00f3 al sindicato Vereinigung Cockpit (VC) de haber perdido la moderaci\u00f3n y explic\u00f3 que la huelga, que finalizar\u00e1 el mi\u00e9rcoles, le cuesta a la empresa decenas de millones de euros.<\/p>\n<p>Se trata de la segunda ocasi\u00f3n en menos de 14 d\u00edas que los pilotos de la filial de Lufthansa se ponen en huelga. Durante la primera huelga del 6 de octubre, se cancelaron aproximadamente la mitad de los vuelos.<\/p>\n<p>El sindicato de pilotos Vereinigung Cockpit (VC) llam\u00f3 a los pilotos de Eurowings a dejar de trabajar desde las 00:00 horas del lunes hasta el mi\u00e9rcoles (19 de octubre) inclusive por considerar insuficiente la oferta presentada por la patronal para el nuevo convenio colectivo.<\/p>\n<p>El sindicato busca mejores condiciones de trabajo. Una demanda central es la de que se alivie la carga de trabajo de los empleados con medidas como la reducci\u00f3n de los tiempos m\u00e1ximos de servicio de vuelo.<\/p>\n<p>El sindicato exige 14 d\u00edas libres m\u00e1s al a\u00f1o, mientras que Eurowings ofrece 10. Seg\u00fan la demanda del sindicato, los pilotos deber\u00edan trabajar cinco horas menos a la semana, ante lo que Eurowings ofrece tres horas.<\/p>\n<p>Duve expres\u00f3 su sorpresa ante la negativa del sindicato a negociar estas condiciones. \u00abNo s\u00e9 por qu\u00e9 esto no deber\u00eda ser negociable, realmente no entiendo nada\u00bb, declar\u00f3. Asimismo, exigi\u00f3 volver a la mesa de negociaci\u00f3n. \u00abTenemos que hablar ahora, hasta entonces no habr\u00e1 una nueva oferta\u00bb, a\u00f1adi\u00f3.<\/p>\n<p>La direcci\u00f3n de Eurowings recibi\u00f3 el apoyo de la empresa matriz Lufthansa. Su director general, Carsten Spohr, dijo a dpa que el futuro de Eurowings estar\u00eda en peligro si la direcci\u00f3n accede a las demandas de VC.<\/p>\n<p>\u00abEl grupo Lufthansa ofrece las mejores condiciones para los empleados en Europa\u00bb, argument\u00f3.<\/p>\n","protected":false},"excerpt":{"rendered":"<p>D\u00fcsseldorf (Alemania), 17 oct (dpa) &#8211; La segunda huelga de pilotos de Eurowings, del grupo Lufthansa, hizo que la aerol\u00ednea alemana tuviera que cancelar hoy 240 de sus 488 vuelos, seg\u00fan cifras ofrecidas por la misma compa\u00f1\u00eda. La mayor\u00eda de los vuelos, unos 100, fueron cancelados en el aeropuerto de D\u00fcsseldorf. Tambi\u00e9n hubo numerosas cancelaciones [&hellip;]<\/p>\n","protected":false},"author":1,"featured_media":1117995,"comment_status":"closed","ping_status":"closed","sticky":false,"template":"","format":"standard","meta":{"footnotes":""},"categories":[219],"tags":[],"class_list":["post-1117994","post","type-post","status-publish","format-standard","has-post-thumbnail","hentry","category-negocios-y-empresas"],"aioseo_notices":[],"aioseo_head":"\n\t\t<!-- All in One SEO Pro 4.9.6.2 - aioseo.com -->\n\t<meta name=\"description\" content=\"D\u00fcsseldorf (Alemania), 17 oct (dpa) - La segunda huelga de pilotos de Eurowings, del grupo Lufthansa, hizo que la aerol\u00ednea alemana tuviera que cancelar hoy\" \/>\n\t<meta name=\"robots\" content=\"max-image-preview:large\" \/>\n\t<meta name=\"author\" content=\"El Digital de Asturias\"\/>\n\t<meta name=\"google-site-verification\" content=\"UA-38556648-1\" \/>\n\t<meta name=\"msvalidate.01\" content=\"7dfe9f3f1b24437ab69f4f2559babe99\" \/>\n\t<meta name=\"keywords\" content=\"negocios y empresas\" \/>\n\t<link rel=\"canonical\" href=\"https:\/\/www.eldigitaldeasturias.com\/noticias\/eurowings-cancela-240-vuelos-por-la-huelga-de-pilotos\/\" \/>\n\t<meta name=\"generator\" content=\"All in One SEO Pro (AIOSEO) 4.9.6.2\" \/>\n\t\t<meta property=\"og:locale\" content=\"es_ES\" \/>\n\t\t<meta property=\"og:site_name\" content=\"El Digital de Asturias\" \/>\n\t\t<meta property=\"og:type\" content=\"article\" \/>\n\t\t<meta property=\"og:title\" content=\"Eurowings cancela 240 vuelos por la huelga de pilotos - El Digital de Asturias\" \/>\n\t\t<meta property=\"og:description\" content=\"D\u00fcsseldorf (Alemania), 17 oct (dpa) - La segunda huelga de pilotos de Eurowings, del grupo Lufthansa, hizo que la aerol\u00ednea alemana tuviera que cancelar hoy\" \/>\n\t\t<meta property=\"og:url\" content=\"https:\/\/www.eldigitaldeasturias.com\/noticias\/eurowings-cancela-240-vuelos-por-la-huelga-de-pilotos\/\" \/>\n\t\t<meta property=\"og:image\" content=\"https:\/\/www.eldigitaldeasturias.com\/noticias\/wp-content\/uploads\/2022\/10\/Eurowings.jpg\" \/>\n\t\t<meta property=\"og:image:secure_url\" content=\"https:\/\/www.eldigitaldeasturias.com\/noticias\/wp-content\/uploads\/2022\/10\/Eurowings.jpg\" \/>\n\t\t<meta property=\"og:image:width\" content=\"988\" \/>\n\t\t<meta property=\"og:image:height\" content=\"677\" \/>\n\t\t<meta property=\"article:tag\" content=\"negocios y empresas\" \/>\n\t\t<meta property=\"article:published_time\" content=\"2022-10-17T21:13:09+00:00\" \/>\n\t\t<meta property=\"article:modified_time\" content=\"2022-10-17T21:13:09+00:00\" \/>\n\t\t<meta property=\"article:publisher\" content=\"https:\/\/facebook.com\/eldigitaldeasturias\" \/>\n\t\t<meta name=\"twitter:card\" content=\"summary_large_image\" \/>\n\t\t<meta name=\"twitter:title\" content=\"Eurowings cancela 240 vuelos por la huelga de pilotos - El Digital de Asturias\" \/>\n\t\t<meta name=\"twitter:description\" content=\"D\u00fcsseldorf (Alemania), 17 oct (dpa) - La segunda huelga de pilotos de Eurowings, del grupo Lufthansa, hizo que la aerol\u00ednea alemana tuviera que cancelar hoy\" \/>\n\t\t<meta name=\"twitter:image\" content=\"https:\/\/www.eldigitaldeasturias.com\/noticias\/wp-content\/uploads\/2022\/10\/Eurowings.jpg\" \/>\n\t\t<meta name=\"twitter:label1\" content=\"Escrito por\" \/>\n\t\t<meta name=\"twitter:data1\" content=\"El Digital de Asturias\" \/>\n\t\t<meta name=\"twitter:label2\" content=\"Tiempo de lectura estimado\" \/>\n\t\t<meta name=\"twitter:data2\" content=\"2 minutos\" \/>\n\t\t<script type=\"application\/ld+json\" class=\"aioseo-schema\">\n\t\t\t{\"@context\":\"https:\\\/\\\/schema.org\",\"@graph\":[{\"@type\":\"BlogPosting\",\"@id\":\"https:\\\/\\\/www.eldigitaldeasturias.com\\\/noticias\\\/eurowings-cancela-240-vuelos-por-la-huelga-de-pilotos\\\/#blogposting\",\"name\":\"Eurowings cancela 240 vuelos por la huelga de pilotos - El Digital de Asturias\",\"headline\":\"Eurowings cancela 240 vuelos por la huelga de pilotos\",\"author\":{\"@id\":\"https:\\\/\\\/www.eldigitaldeasturias.com\\\/noticias\\\/author\\\/admin\\\/#author\"},\"publisher\":{\"@id\":\"https:\\\/\\\/www.eldigitaldeasturias.com\\\/noticias\\\/#organization\"},\"image\":{\"@type\":\"ImageObject\",\"url\":\"https:\\\/\\\/www.eldigitaldeasturias.com\\\/noticias\\\/wp-content\\\/uploads\\\/2022\\\/10\\\/Eurowings.jpg\",\"width\":988,\"height\":677,\"caption\":\"Aeronaves de la compa\\u00f1\\u00eda alemana Eurowings en el aeropuerto de Bonn\\\/Colonia. Foto: Rolf Vennenbernd\\\/dpa\"},\"datePublished\":\"2022-10-17T23:13:09+02:00\",\"dateModified\":\"2022-10-17T23:13:09+02:00\",\"inLanguage\":\"es-ES\",\"mainEntityOfPage\":{\"@id\":\"https:\\\/\\\/www.eldigitaldeasturias.com\\\/noticias\\\/eurowings-cancela-240-vuelos-por-la-huelga-de-pilotos\\\/#webpage\"},\"isPartOf\":{\"@id\":\"https:\\\/\\\/www.eldigitaldeasturias.com\\\/noticias\\\/eurowings-cancela-240-vuelos-por-la-huelga-de-pilotos\\\/#webpage\"},\"articleSection\":\"Negocios y Empresas\"},{\"@type\":\"BreadcrumbList\",\"@id\":\"https:\\\/\\\/www.eldigitaldeasturias.com\\\/noticias\\\/eurowings-cancela-240-vuelos-por-la-huelga-de-pilotos\\\/#breadcrumblist\",\"itemListElement\":[{\"@type\":\"ListItem\",\"@id\":\"https:\\\/\\\/www.eldigitaldeasturias.com\\\/noticias#listItem\",\"position\":1,\"name\":\"Home\",\"item\":\"https:\\\/\\\/www.eldigitaldeasturias.com\\\/noticias\",\"nextItem\":{\"@type\":\"ListItem\",\"@id\":\"https:\\\/\\\/www.eldigitaldeasturias.com\\\/noticias\\\/category\\\/negocios-y-empresas\\\/#listItem\",\"name\":\"Negocios y Empresas\"}},{\"@type\":\"ListItem\",\"@id\":\"https:\\\/\\\/www.eldigitaldeasturias.com\\\/noticias\\\/category\\\/negocios-y-empresas\\\/#listItem\",\"position\":2,\"name\":\"Negocios y Empresas\",\"item\":\"https:\\\/\\\/www.eldigitaldeasturias.com\\\/noticias\\\/category\\\/negocios-y-empresas\\\/\",\"nextItem\":{\"@type\":\"ListItem\",\"@id\":\"https:\\\/\\\/www.eldigitaldeasturias.com\\\/noticias\\\/eurowings-cancela-240-vuelos-por-la-huelga-de-pilotos\\\/#listItem\",\"name\":\"Eurowings cancela 240 vuelos por la huelga de pilotos\"},\"previousItem\":{\"@type\":\"ListItem\",\"@id\":\"https:\\\/\\\/www.eldigitaldeasturias.com\\\/noticias#listItem\",\"name\":\"Home\"}},{\"@type\":\"ListItem\",\"@id\":\"https:\\\/\\\/www.eldigitaldeasturias.com\\\/noticias\\\/eurowings-cancela-240-vuelos-por-la-huelga-de-pilotos\\\/#listItem\",\"position\":3,\"name\":\"Eurowings cancela 240 vuelos por la huelga de pilotos\",\"previousItem\":{\"@type\":\"ListItem\",\"@id\":\"https:\\\/\\\/www.eldigitaldeasturias.com\\\/noticias\\\/category\\\/negocios-y-empresas\\\/#listItem\",\"name\":\"Negocios y Empresas\"}}]},{\"@type\":\"Organization\",\"@id\":\"https:\\\/\\\/www.eldigitaldeasturias.com\\\/noticias\\\/#organization\",\"name\":\"El Digital de Asturias\",\"description\":\"Hemeroteca\",\"url\":\"https:\\\/\\\/www.eldigitaldeasturias.com\\\/noticias\\\/\",\"email\":\"info@eldigitaldeasturias.com\",\"telephone\":\"+34652131393\",\"logo\":{\"@type\":\"ImageObject\",\"url\":\"https:\\\/\\\/www.eldigitaldeasturias.com\\\/noticias\\\/wp-content\\\/uploads\\\/2020\\\/12\\\/EDA.jpg\",\"@id\":\"https:\\\/\\\/www.eldigitaldeasturias.com\\\/noticias\\\/eurowings-cancela-240-vuelos-por-la-huelga-de-pilotos\\\/#organizationLogo\",\"width\":649,\"height\":297},\"image\":{\"@id\":\"https:\\\/\\\/www.eldigitaldeasturias.com\\\/noticias\\\/eurowings-cancela-240-vuelos-por-la-huelga-de-pilotos\\\/#organizationLogo\"},\"sameAs\":[\"https:\\\/\\\/facebook.com\\\/eldigitaldeasturias\",\"https:\\\/\\\/www.youtube.com\\\/channel\\\/UCZP-2wLEB9Rv6erhFmqVnvg\"],\"address\":{\"@id\":\"https:\\\/\\\/www.eldigitaldeasturias.com\\\/noticias\\\/#postaladdress\",\"@type\":\"PostalAddress\",\"streetAddress\":\"san antonio 4,\",\"postalCode\":\"33430\",\"addressLocality\":\"Cand\\u00e1s\",\"addressRegion\":\"Asturias\",\"addressCountry\":\"ES\"}},{\"@type\":\"Person\",\"@id\":\"https:\\\/\\\/www.eldigitaldeasturias.com\\\/noticias\\\/author\\\/admin\\\/#author\",\"url\":\"https:\\\/\\\/www.eldigitaldeasturias.com\\\/noticias\\\/author\\\/admin\\\/\",\"name\":\"El Digital de Asturias\",\"image\":{\"@type\":\"ImageObject\",\"@id\":\"https:\\\/\\\/www.eldigitaldeasturias.com\\\/noticias\\\/eurowings-cancela-240-vuelos-por-la-huelga-de-pilotos\\\/#authorImage\",\"url\":\"https:\\\/\\\/www.eldigitaldeasturias.com\\\/noticias\\\/wp-content\\\/litespeed\\\/avatar\\\/18677e78aa0546b92d9dbf31ec7d7668.jpg?ver=1776685526\",\"width\":96,\"height\":96,\"caption\":\"El Digital de Asturias\"}},{\"@type\":\"WebPage\",\"@id\":\"https:\\\/\\\/www.eldigitaldeasturias.com\\\/noticias\\\/eurowings-cancela-240-vuelos-por-la-huelga-de-pilotos\\\/#webpage\",\"url\":\"https:\\\/\\\/www.eldigitaldeasturias.com\\\/noticias\\\/eurowings-cancela-240-vuelos-por-la-huelga-de-pilotos\\\/\",\"name\":\"Eurowings cancela 240 vuelos por la huelga de pilotos - El Digital de Asturias\",\"description\":\"D\\u00fcsseldorf (Alemania), 17 oct (dpa) - La segunda huelga de pilotos de Eurowings, del grupo Lufthansa, hizo que la aerol\\u00ednea alemana tuviera que cancelar hoy\",\"inLanguage\":\"es-ES\",\"isPartOf\":{\"@id\":\"https:\\\/\\\/www.eldigitaldeasturias.com\\\/noticias\\\/#website\"},\"breadcrumb\":{\"@id\":\"https:\\\/\\\/www.eldigitaldeasturias.com\\\/noticias\\\/eurowings-cancela-240-vuelos-por-la-huelga-de-pilotos\\\/#breadcrumblist\"},\"author\":{\"@id\":\"https:\\\/\\\/www.eldigitaldeasturias.com\\\/noticias\\\/author\\\/admin\\\/#author\"},\"creator\":{\"@id\":\"https:\\\/\\\/www.eldigitaldeasturias.com\\\/noticias\\\/author\\\/admin\\\/#author\"},\"image\":{\"@type\":\"ImageObject\",\"url\":\"https:\\\/\\\/www.eldigitaldeasturias.com\\\/noticias\\\/wp-content\\\/uploads\\\/2022\\\/10\\\/Eurowings.jpg\",\"@id\":\"https:\\\/\\\/www.eldigitaldeasturias.com\\\/noticias\\\/eurowings-cancela-240-vuelos-por-la-huelga-de-pilotos\\\/#mainImage\",\"width\":988,\"height\":677,\"caption\":\"Aeronaves de la compa\\u00f1\\u00eda alemana Eurowings en el aeropuerto de Bonn\\\/Colonia. Foto: Rolf Vennenbernd\\\/dpa\"},\"primaryImageOfPage\":{\"@id\":\"https:\\\/\\\/www.eldigitaldeasturias.com\\\/noticias\\\/eurowings-cancela-240-vuelos-por-la-huelga-de-pilotos\\\/#mainImage\"},\"datePublished\":\"2022-10-17T23:13:09+02:00\",\"dateModified\":\"2022-10-17T23:13:09+02:00\"},{\"@type\":\"WebSite\",\"@id\":\"https:\\\/\\\/www.eldigitaldeasturias.com\\\/noticias\\\/#website\",\"url\":\"https:\\\/\\\/www.eldigitaldeasturias.com\\\/noticias\\\/\",\"name\":\"El Digital de Asturias - Diario de actualidad y noticias\",\"alternateName\":\"El Digital de Asturias - Diario de actualidad y noticias\",\"description\":\"Hemeroteca\",\"inLanguage\":\"es-ES\",\"publisher\":{\"@id\":\"https:\\\/\\\/www.eldigitaldeasturias.com\\\/noticias\\\/#organization\"}}]}\n\t\t<\/script>\n\t\t<!-- All in One SEO Pro -->\r\n\t\t<title>Eurowings cancela 240 vuelos por la huelga de pilotos - El Digital de Asturias<\/title>\n\n","aioseo_head_json":{"title":"Eurowings cancela 240 vuelos por la huelga de pilotos - El Digital de Asturias","description":"D\u00fcsseldorf (Alemania), 17 oct (dpa) - La segunda huelga de pilotos de Eurowings, del grupo Lufthansa, hizo que la aerol\u00ednea alemana tuviera que cancelar hoy","canonical_url":"https:\/\/www.eldigitaldeasturias.com\/noticias\/eurowings-cancela-240-vuelos-por-la-huelga-de-pilotos\/","robots":"max-image-preview:large","keywords":"negocios y empresas","webmasterTools":{"google-site-verification":"UA-38556648-1","msvalidate.01":"7dfe9f3f1b24437ab69f4f2559babe99","miscellaneous":""},"schema":{"@context":"https:\/\/schema.org","@graph":[{"@type":"BlogPosting","@id":"https:\/\/www.eldigitaldeasturias.com\/noticias\/eurowings-cancela-240-vuelos-por-la-huelga-de-pilotos\/#blogposting","name":"Eurowings cancela 240 vuelos por la huelga de pilotos - El Digital de Asturias","headline":"Eurowings cancela 240 vuelos por la huelga de pilotos","author":{"@id":"https:\/\/www.eldigitaldeasturias.com\/noticias\/author\/admin\/#author"},"publisher":{"@id":"https:\/\/www.eldigitaldeasturias.com\/noticias\/#organization"},"image":{"@type":"ImageObject","url":"https:\/\/www.eldigitaldeasturias.com\/noticias\/wp-content\/uploads\/2022\/10\/Eurowings.jpg","width":988,"height":677,"caption":"Aeronaves de la compa\u00f1\u00eda alemana Eurowings en el aeropuerto de Bonn\/Colonia. Foto: Rolf Vennenbernd\/dpa"},"datePublished":"2022-10-17T23:13:09+02:00","dateModified":"2022-10-17T23:13:09+02:00","inLanguage":"es-ES","mainEntityOfPage":{"@id":"https:\/\/www.eldigitaldeasturias.com\/noticias\/eurowings-cancela-240-vuelos-por-la-huelga-de-pilotos\/#webpage"},"isPartOf":{"@id":"https:\/\/www.eldigitaldeasturias.com\/noticias\/eurowings-cancela-240-vuelos-por-la-huelga-de-pilotos\/#webpage"},"articleSection":"Negocios y Empresas"},{"@type":"BreadcrumbList","@id":"https:\/\/www.eldigitaldeasturias.com\/noticias\/eurowings-cancela-240-vuelos-por-la-huelga-de-pilotos\/#breadcrumblist","itemListElement":[{"@type":"ListItem","@id":"https:\/\/www.eldigitaldeasturias.com\/noticias#listItem","position":1,"name":"Home","item":"https:\/\/www.eldigitaldeasturias.com\/noticias","nextItem":{"@type":"ListItem","@id":"https:\/\/www.eldigitaldeasturias.com\/noticias\/category\/negocios-y-empresas\/#listItem","name":"Negocios y Empresas"}},{"@type":"ListItem","@id":"https:\/\/www.eldigitaldeasturias.com\/noticias\/category\/negocios-y-empresas\/#listItem","position":2,"name":"Negocios y Empresas","item":"https:\/\/www.eldigitaldeasturias.com\/noticias\/category\/negocios-y-empresas\/","nextItem":{"@type":"ListItem","@id":"https:\/\/www.eldigitaldeasturias.com\/noticias\/eurowings-cancela-240-vuelos-por-la-huelga-de-pilotos\/#listItem","name":"Eurowings cancela 240 vuelos por la huelga de pilotos"},"previousItem":{"@type":"ListItem","@id":"https:\/\/www.eldigitaldeasturias.com\/noticias#listItem","name":"Home"}},{"@type":"ListItem","@id":"https:\/\/www.eldigitaldeasturias.com\/noticias\/eurowings-cancela-240-vuelos-por-la-huelga-de-pilotos\/#listItem","position":3,"name":"Eurowings cancela 240 vuelos por la huelga de pilotos","previousItem":{"@type":"ListItem","@id":"https:\/\/www.eldigitaldeasturias.com\/noticias\/category\/negocios-y-empresas\/#listItem","name":"Negocios y Empresas"}}]},{"@type":"Organization","@id":"https:\/\/www.eldigitaldeasturias.com\/noticias\/#organization","name":"El Digital de Asturias","description":"Hemeroteca","url":"https:\/\/www.eldigitaldeasturias.com\/noticias\/","email":"info@eldigitaldeasturias.com","telephone":"+34652131393","logo":{"@type":"ImageObject","url":"https:\/\/www.eldigitaldeasturias.com\/noticias\/wp-content\/uploads\/2020\/12\/EDA.jpg","@id":"https:\/\/www.eldigitaldeasturias.com\/noticias\/eurowings-cancela-240-vuelos-por-la-huelga-de-pilotos\/#organizationLogo","width":649,"height":297},"image":{"@id":"https:\/\/www.eldigitaldeasturias.com\/noticias\/eurowings-cancela-240-vuelos-por-la-huelga-de-pilotos\/#organizationLogo"},"sameAs":["https:\/\/facebook.com\/eldigitaldeasturias","https:\/\/www.youtube.com\/channel\/UCZP-2wLEB9Rv6erhFmqVnvg"],"address":{"@id":"https:\/\/www.eldigitaldeasturias.com\/noticias\/#postaladdress","@type":"PostalAddress","streetAddress":"san antonio 4,","postalCode":"33430","addressLocality":"Cand\u00e1s","addressRegion":"Asturias","addressCountry":"ES"}},{"@type":"Person","@id":"https:\/\/www.eldigitaldeasturias.com\/noticias\/author\/admin\/#author","url":"https:\/\/www.eldigitaldeasturias.com\/noticias\/author\/admin\/","name":"El Digital de Asturias","image":{"@type":"ImageObject","@id":"https:\/\/www.eldigitaldeasturias.com\/noticias\/eurowings-cancela-240-vuelos-por-la-huelga-de-pilotos\/#authorImage","url":"https:\/\/www.eldigitaldeasturias.com\/noticias\/wp-content\/litespeed\/avatar\/18677e78aa0546b92d9dbf31ec7d7668.jpg?ver=1776685526","width":96,"height":96,"caption":"El Digital de Asturias"}},{"@type":"WebPage","@id":"https:\/\/www.eldigitaldeasturias.com\/noticias\/eurowings-cancela-240-vuelos-por-la-huelga-de-pilotos\/#webpage","url":"https:\/\/www.eldigitaldeasturias.com\/noticias\/eurowings-cancela-240-vuelos-por-la-huelga-de-pilotos\/","name":"Eurowings cancela 240 vuelos por la huelga de pilotos - El Digital de Asturias","description":"D\u00fcsseldorf (Alemania), 17 oct (dpa) - La segunda huelga de pilotos de Eurowings, del grupo Lufthansa, hizo que la aerol\u00ednea alemana tuviera que cancelar hoy","inLanguage":"es-ES","isPartOf":{"@id":"https:\/\/www.eldigitaldeasturias.com\/noticias\/#website"},"breadcrumb":{"@id":"https:\/\/www.eldigitaldeasturias.com\/noticias\/eurowings-cancela-240-vuelos-por-la-huelga-de-pilotos\/#breadcrumblist"},"author":{"@id":"https:\/\/www.eldigitaldeasturias.com\/noticias\/author\/admin\/#author"},"creator":{"@id":"https:\/\/www.eldigitaldeasturias.com\/noticias\/author\/admin\/#author"},"image":{"@type":"ImageObject","url":"https:\/\/www.eldigitaldeasturias.com\/noticias\/wp-content\/uploads\/2022\/10\/Eurowings.jpg","@id":"https:\/\/www.eldigitaldeasturias.com\/noticias\/eurowings-cancela-240-vuelos-por-la-huelga-de-pilotos\/#mainImage","width":988,"height":677,"caption":"Aeronaves de la compa\u00f1\u00eda alemana Eurowings en el aeropuerto de Bonn\/Colonia. Foto: Rolf Vennenbernd\/dpa"},"primaryImageOfPage":{"@id":"https:\/\/www.eldigitaldeasturias.com\/noticias\/eurowings-cancela-240-vuelos-por-la-huelga-de-pilotos\/#mainImage"},"datePublished":"2022-10-17T23:13:09+02:00","dateModified":"2022-10-17T23:13:09+02:00"},{"@type":"WebSite","@id":"https:\/\/www.eldigitaldeasturias.com\/noticias\/#website","url":"https:\/\/www.eldigitaldeasturias.com\/noticias\/","name":"El Digital de Asturias - Diario de actualidad y noticias","alternateName":"El Digital de Asturias - Diario de actualidad y noticias","description":"Hemeroteca","inLanguage":"es-ES","publisher":{"@id":"https:\/\/www.eldigitaldeasturias.com\/noticias\/#organization"}}]},"og:locale":"es_ES","og:site_name":"El Digital de Asturias","og:type":"article","og:title":"Eurowings cancela 240 vuelos por la huelga de pilotos - El Digital de Asturias","og:description":"D\u00fcsseldorf (Alemania), 17 oct (dpa) - La segunda huelga de pilotos de Eurowings, del grupo Lufthansa, hizo que la aerol\u00ednea alemana tuviera que cancelar hoy","og:url":"https:\/\/www.eldigitaldeasturias.com\/noticias\/eurowings-cancela-240-vuelos-por-la-huelga-de-pilotos\/","og:image":"https:\/\/www.eldigitaldeasturias.com\/noticias\/wp-content\/uploads\/2022\/10\/Eurowings.jpg","og:image:secure_url":"https:\/\/www.eldigitaldeasturias.com\/noticias\/wp-content\/uploads\/2022\/10\/Eurowings.jpg","og:image:width":988,"og:image:height":677,"article:tag":["negocios y empresas"],"article:published_time":"2022-10-17T21:13:09+00:00","article:modified_time":"2022-10-17T21:13:09+00:00","article:publisher":"https:\/\/facebook.com\/eldigitaldeasturias","twitter:card":"summary_large_image","twitter:title":"Eurowings cancela 240 vuelos por la huelga de pilotos - El Digital de Asturias","twitter:description":"D\u00fcsseldorf (Alemania), 17 oct (dpa) - La segunda huelga de pilotos de Eurowings, del grupo Lufthansa, hizo que la aerol\u00ednea alemana tuviera que cancelar hoy","twitter:image":"https:\/\/www.eldigitaldeasturias.com\/noticias\/wp-content\/uploads\/2022\/10\/Eurowings.jpg","twitter:label1":"Escrito por","twitter:data1":"El Digital de Asturias","twitter:label2":"Tiempo de lectura estimado","twitter:data2":"2 minutos"},"aioseo_meta_data":{"post_id":"1117994","title":null,"description":"D\u00fcsseldorf (Alemania), 17 oct (dpa) - La segunda huelga de pilotos de Eurowings, del grupo Lufthansa, hizo que la aerol\u00ednea alemana tuviera que cancelar hoy","keywords":[],"keyphrases":{"focus":{"keyphrase":"Eurowings","score":92,"analysis":{"keyphraseInTitle":{"title":"Focus keyphrase in SEO title","description":"Focus keyphrase found in SEO title.","score":9,"maxScore":9,"error":0},"keyphraseInDescription":{"title":"Focus keyphrase in meta description","description":"Focus keyphrase found in meta description.","score":9,"maxScore":9,"error":0},"keyphraseLength":{"title":"Focus keyphrase length","description":"Good job!","score":9,"maxScore":9,"error":0,"length":1},"keyphraseInURL":{"title":"Focus keyphrase in URL","description":"Focus keyphrase not found in the URL.","score":1,"maxScore":5,"error":1},"keyphraseInIntroduction":{"title":"Focus keyphrase in introduction","description":"Your Focus keyphrase appears in the first paragraph. Well done!","score":9,"maxScore":9,"error":0},"keyphraseInSubHeadings":[],"keyphraseInImageAlt":{"title":"Focus keyphrase in image alt attributes","description":"Focus keyphrase found in image alt attribute(s).","score":9,"maxScore":9,"error":0}}},"additional":[{"keyphrase":"huelga de pilotos ","score":83,"analysis":{"keyphraseInDescription":{"title":"Keyphrase in meta description","description":"Keyphrase found in meta description.","score":9,"maxScore":9,"error":0},"keyphraseLength":{"title":"Keyphrase length","description":"Good job!","score":9,"maxScore":9,"error":0,"length":3},"keyphraseInIntroduction":{"title":"Keyphrase in introduction","description":"Your Keyphrase appears in the first paragraph. Well done!","score":9,"maxScore":9,"error":0},"keyphraseInImageAlt":{"title":"Keyphrase in image alt attributes","description":"Keyphrase not found in image alt attribute(s). Add an image with your Keyphrase as alt text.","score":3,"maxScore":9,"error":1}}}]},"primary_term":null,"canonical_url":null,"og_title":null,"og_description":null,"og_object_type":"default","og_image_type":"default","og_image_url":null,"og_image_width":null,"og_image_height":null,"og_image_custom_url":null,"og_image_custom_fields":null,"og_video":"","og_custom_url":null,"og_article_section":null,"og_article_tags":[],"twitter_use_og":false,"twitter_card":"default","twitter_image_type":"default","twitter_image_url":null,"twitter_image_custom_url":null,"twitter_image_custom_fields":null,"twitter_title":null,"twitter_description":null,"schema":{"blockGraphs":[],"customGraphs":[],"default":{"data":{"Article":[],"Course":[],"Dataset":[],"FAQPage":[],"Movie":[],"Person":[],"Product":[],"ProductReview":[],"Car":[],"Recipe":[],"Service":[],"SoftwareApplication":[],"WebPage":[]},"graphName":"BlogPosting","isEnabled":true},"graphs":[]},"schema_type":"default","schema_type_options":null,"pillar_content":false,"robots_default":true,"robots_noindex":false,"robots_noarchive":false,"robots_nosnippet":false,"robots_nofollow":false,"robots_noimageindex":false,"robots_noodp":false,"robots_notranslate":false,"robots_max_snippet":"-1","robots_max_videopreview":"-1","robots_max_imagepreview":"large","priority":null,"frequency":"default","local_seo":null,"seo_analyzer_scan_date":"2025-10-04 03:40:11","breadcrumb_settings":null,"limit_modified_date":false,"open_ai":null,"ai":null,"created":"2022-10-17 21:06:35","updated":"2025-10-04 03:40:11"},"aioseo_breadcrumb":"<div class=\"aioseo-breadcrumbs\"><span class=\"aioseo-breadcrumb\">\n\t<a href=\"https:\/\/www.eldigitaldeasturias.com\/noticias\" title=\"Home\">Home<\/a>\n<\/span><span class=\"aioseo-breadcrumb-separator\">\u2013<\/span><span class=\"aioseo-breadcrumb\">\n\t<a href=\"https:\/\/www.eldigitaldeasturias.com\/noticias\/category\/negocios-y-empresas\/\" title=\"Negocios y Empresas\">Negocios y Empresas<\/a>\n<\/span><span class=\"aioseo-breadcrumb-separator\">\u2013<\/span><span class=\"aioseo-breadcrumb\">\n\t<a href=\"https:\/\/www.eldigitaldeasturias.com\/noticias\/eurowings-cancela-240-vuelos-por-la-huelga-de-pilotos\/\" title=\"Eurowings cancela 240 vuelos por la huelga de pilotos\">Eurowings cancela 240 vuelos por la huelga de pilotos<\/a>\n<\/span><\/div>","aioseo_breadcrumb_json":[{"label":"Home","link":"https:\/\/www.eldigitaldeasturias.com\/noticias"},{"label":"Negocios y Empresas","link":"https:\/\/www.eldigitaldeasturias.com\/noticias\/category\/negocios-y-empresas\/"},{"label":"Eurowings cancela 240 vuelos por la huelga de pilotos","link":"https:\/\/www.eldigitaldeasturias.com\/noticias\/eurowings-cancela-240-vuelos-por-la-huelga-de-pilotos\/"}],"_links":{"self":[{"href":"https:\/\/www.eldigitaldeasturias.com\/noticias\/wp-json\/wp\/v2\/posts\/1117994","targetHints":{"allow":["GET"]}}],"collection":[{"href":"https:\/\/www.eldigitaldeasturias.com\/noticias\/wp-json\/wp\/v2\/posts"}],"about":[{"href":"https:\/\/www.eldigitaldeasturias.com\/noticias\/wp-json\/wp\/v2\/types\/post"}],"author":[{"embeddable":true,"href":"https:\/\/www.eldigitaldeasturias.com\/noticias\/wp-json\/wp\/v2\/users\/1"}],"replies":[{"embeddable":true,"href":"https:\/\/www.eldigitaldeasturias.com\/noticias\/wp-json\/wp\/v2\/comments?post=1117994"}],"version-history":[{"count":0,"href":"https:\/\/www.eldigitaldeasturias.com\/noticias\/wp-json\/wp\/v2\/posts\/1117994\/revisions"}],"wp:featuredmedia":[{"embeddable":true,"href":"https:\/\/www.eldigitaldeasturias.com\/noticias\/wp-json\/wp\/v2\/media\/1117995"}],"wp:attachment":[{"href":"https:\/\/www.eldigitaldeasturias.com\/noticias\/wp-json\/wp\/v2\/media?parent=1117994"}],"wp:term":[{"taxonomy":"category","embeddable":true,"href":"https:\/\/www.eldigitaldeasturias.com\/noticias\/wp-json\/wp\/v2\/categories?post=1117994"},{"taxonomy":"post_tag","embeddable":true,"href":"https:\/\/www.eldigitaldeasturias.com\/noticias\/wp-json\/wp\/v2\/tags?post=1117994"}],"curies":[{"name":"wp","href":"https:\/\/api.w.org\/{rel}","templated":true}]}}