{"id":1117967,"date":"2022-10-17T16:05:48","date_gmt":"2022-10-17T14:05:48","guid":{"rendered":"https:\/\/www.eldigitaldeasturias.com\/noticias\/?p=1117967"},"modified":"2022-10-17T16:05:48","modified_gmt":"2022-10-17T14:05:48","slug":"la-industria-electronica-alemana-se-acerca-al-primer-deficit-del-milenio","status":"publish","type":"post","link":"https:\/\/www.eldigitaldeasturias.com\/noticias\/la-industria-electronica-alemana-se-acerca-al-primer-deficit-del-milenio\/","title":{"rendered":"La industria electr\u00f3nica alemana se acerca al primer d\u00e9ficit del milenio"},"content":{"rendered":"<p>Fr\u00e1ncfort, 17 oct (dpa) &#8211; Las exportaciones de la industria electr\u00f3nica y digital alemana crecieron en agosto un 15,8 por ciento interanual y alcanzaron los 20.400 millones de euros (19.830 millones de d\u00f3lares), anunci\u00f3 hoy la federaci\u00f3n del sector, la ZVEI.<\/p>\n<p><img loading=\"lazy\" decoding=\"async\" class=\"aligncenter wp-image-1085055 size-large\" src=\"https:\/\/www.eldigitaldeasturias.com\/noticias\/wp-content\/uploads\/2021\/01\/economia-674x480.jpg\" alt=\"econom\u00eda\" width=\"650\" height=\"463\" srcset=\"https:\/\/www.eldigitaldeasturias.com\/noticias\/wp-content\/uploads\/2021\/01\/economia-674x480.jpg 674w, https:\/\/www.eldigitaldeasturias.com\/noticias\/wp-content\/uploads\/2021\/01\/economia-360x256.jpg 360w, https:\/\/www.eldigitaldeasturias.com\/noticias\/wp-content\/uploads\/2021\/01\/economia-421x300.jpg 421w, https:\/\/www.eldigitaldeasturias.com\/noticias\/wp-content\/uploads\/2021\/01\/economia.jpg 753w\" sizes=\"auto, (max-width: 650px) 100vw, 650px\" \/><\/p>\n<p>Sin embargo, la entidad comunic\u00f3 que las importaciones llevan meses aumentando con m\u00e1s fuerza y que en agosto crecieron 30,1 por ciento con respecto al mismo mes del a\u00f1o pasado, hasta sumar 21.200 millones de euros.<\/p>\n<p>En los primeros ocho meses del a\u00f1o, comunic\u00f3 la ZVEI, las exportaciones ascendieron a 156.800 millones de euros, lo que representa un 7,8 por ciento m\u00e1s que el mismo periodo del a\u00f1o anterior. El crecimiento se dio tanto en la zona euro como con socios comerciales como Estados Unidos y China.<\/p>\n<p>Las importaciones aumentaron un 18 por ciento desde enero hasta agosto, y sumaron 165.500 millones de euros.<\/p>\n<p>\u00abEl comercio exterior alem\u00e1n de productos el\u00e9ctricos se encamina as\u00ed a su primer d\u00e9ficit desde el cambio de milenio\u00bb, explic\u00f3 Andreas Gontermann, economista jefe de la ZVEI.<\/p>\n<p>Seg\u00fan sus propios datos, la asociaci\u00f3n de la industria electr\u00f3nica y digital representa a empresas del sector que el a\u00f1o pasado facturaron alrededor de 200.000 millones de euros y tienen 879.000 empleados en Alemania.<\/p>\n","protected":false},"excerpt":{"rendered":"<p>Fr\u00e1ncfort, 17 oct (dpa) &#8211; Las exportaciones de la industria electr\u00f3nica y digital alemana crecieron en agosto un 15,8 por ciento interanual y alcanzaron los 20.400 millones de euros (19.830 millones de d\u00f3lares), anunci\u00f3 hoy la federaci\u00f3n del sector, la ZVEI. Sin embargo, la entidad comunic\u00f3 que las importaciones llevan meses aumentando con m\u00e1s fuerza [&hellip;]<\/p>\n","protected":false},"author":1,"featured_media":1085055,"comment_status":"closed","ping_status":"closed","sticky":false,"template":"","format":"standard","meta":{"footnotes":""},"categories":[187,219],"tags":[],"class_list":["post-1117967","post","type-post","status-publish","format-standard","has-post-thumbnail","hentry","category-economia","category-negocios-y-empresas"],"aioseo_notices":[],"aioseo_head":"\n\t\t<!-- All in One SEO Pro 4.9.6.2 - aioseo.com -->\n\t<meta name=\"description\" content=\"Fr\u00e1ncfort, 17 oct (dpa) - Las exportaciones de la industria electr\u00f3nica y digital alemana crecieron en agosto un 15,8 por ciento interanual y alcanzaron los\" \/>\n\t<meta name=\"robots\" content=\"max-image-preview:large\" \/>\n\t<meta name=\"author\" content=\"El Digital de Asturias\"\/>\n\t<meta name=\"google-site-verification\" content=\"UA-38556648-1\" \/>\n\t<meta name=\"msvalidate.01\" content=\"7dfe9f3f1b24437ab69f4f2559babe99\" \/>\n\t<meta name=\"keywords\" content=\"econom\u00eda,negocios y empresas\" \/>\n\t<link rel=\"canonical\" href=\"https:\/\/www.eldigitaldeasturias.com\/noticias\/la-industria-electronica-alemana-se-acerca-al-primer-deficit-del-milenio\/\" \/>\n\t<meta name=\"generator\" content=\"All in One SEO Pro (AIOSEO) 4.9.6.2\" \/>\n\t\t<meta property=\"og:locale\" content=\"es_ES\" \/>\n\t\t<meta property=\"og:site_name\" content=\"El Digital de Asturias\" \/>\n\t\t<meta property=\"og:type\" content=\"article\" \/>\n\t\t<meta property=\"og:title\" content=\"La industria electr\u00f3nica alemana se acerca al primer d\u00e9ficit del milenio - El Digital de Asturias\" \/>\n\t\t<meta property=\"og:description\" content=\"Fr\u00e1ncfort, 17 oct (dpa) - Las exportaciones de la industria electr\u00f3nica y digital alemana crecieron en agosto un 15,8 por ciento interanual y alcanzaron los\" \/>\n\t\t<meta property=\"og:url\" content=\"https:\/\/www.eldigitaldeasturias.com\/noticias\/la-industria-electronica-alemana-se-acerca-al-primer-deficit-del-milenio\/\" \/>\n\t\t<meta property=\"og:image\" content=\"https:\/\/www.eldigitaldeasturias.com\/noticias\/wp-content\/uploads\/2021\/01\/economia.jpg\" \/>\n\t\t<meta property=\"og:image:secure_url\" content=\"https:\/\/www.eldigitaldeasturias.com\/noticias\/wp-content\/uploads\/2021\/01\/economia.jpg\" \/>\n\t\t<meta property=\"og:image:width\" content=\"753\" \/>\n\t\t<meta property=\"og:image:height\" content=\"536\" \/>\n\t\t<meta property=\"article:tag\" content=\"econom\u00eda\" \/>\n\t\t<meta property=\"article:tag\" content=\"negocios y empresas\" \/>\n\t\t<meta property=\"article:published_time\" content=\"2022-10-17T14:05:48+00:00\" \/>\n\t\t<meta property=\"article:modified_time\" content=\"2022-10-17T14:05:48+00:00\" \/>\n\t\t<meta property=\"article:publisher\" content=\"https:\/\/facebook.com\/eldigitaldeasturias\" \/>\n\t\t<meta name=\"twitter:card\" content=\"summary_large_image\" \/>\n\t\t<meta name=\"twitter:title\" content=\"La industria electr\u00f3nica alemana se acerca al primer d\u00e9ficit del milenio - El Digital de Asturias\" \/>\n\t\t<meta name=\"twitter:description\" content=\"Fr\u00e1ncfort, 17 oct (dpa) - Las exportaciones de la industria electr\u00f3nica y digital alemana crecieron en agosto un 15,8 por ciento interanual y alcanzaron los\" \/>\n\t\t<meta name=\"twitter:image\" content=\"https:\/\/www.eldigitaldeasturias.com\/noticias\/wp-content\/uploads\/2021\/01\/economia.jpg\" \/>\n\t\t<meta name=\"twitter:label1\" content=\"Escrito por\" \/>\n\t\t<meta name=\"twitter:data1\" content=\"El Digital de Asturias\" \/>\n\t\t<meta name=\"twitter:label2\" content=\"Tiempo de lectura estimado\" \/>\n\t\t<meta name=\"twitter:data2\" content=\"1 minuto\" \/>\n\t\t<script type=\"application\/ld+json\" class=\"aioseo-schema\">\n\t\t\t{\"@context\":\"https:\\\/\\\/schema.org\",\"@graph\":[{\"@type\":\"BlogPosting\",\"@id\":\"https:\\\/\\\/www.eldigitaldeasturias.com\\\/noticias\\\/la-industria-electronica-alemana-se-acerca-al-primer-deficit-del-milenio\\\/#blogposting\",\"name\":\"La industria electr\\u00f3nica alemana se acerca al primer d\\u00e9ficit del milenio - El Digital de Asturias\",\"headline\":\"La industria electr\\u00f3nica alemana se acerca al primer d\\u00e9ficit del milenio\",\"author\":{\"@id\":\"https:\\\/\\\/www.eldigitaldeasturias.com\\\/noticias\\\/author\\\/admin\\\/#author\"},\"publisher\":{\"@id\":\"https:\\\/\\\/www.eldigitaldeasturias.com\\\/noticias\\\/#organization\"},\"image\":{\"@type\":\"ImageObject\",\"url\":\"https:\\\/\\\/www.eldigitaldeasturias.com\\\/noticias\\\/wp-content\\\/uploads\\\/2021\\\/01\\\/economia.jpg\",\"width\":753,\"height\":536,\"caption\":\"econom\\u00eda\"},\"datePublished\":\"2022-10-17T16:05:48+02:00\",\"dateModified\":\"2022-10-17T16:05:48+02:00\",\"inLanguage\":\"es-ES\",\"mainEntityOfPage\":{\"@id\":\"https:\\\/\\\/www.eldigitaldeasturias.com\\\/noticias\\\/la-industria-electronica-alemana-se-acerca-al-primer-deficit-del-milenio\\\/#webpage\"},\"isPartOf\":{\"@id\":\"https:\\\/\\\/www.eldigitaldeasturias.com\\\/noticias\\\/la-industria-electronica-alemana-se-acerca-al-primer-deficit-del-milenio\\\/#webpage\"},\"articleSection\":\"Econom\\u00eda, Negocios y Empresas\"},{\"@type\":\"BreadcrumbList\",\"@id\":\"https:\\\/\\\/www.eldigitaldeasturias.com\\\/noticias\\\/la-industria-electronica-alemana-se-acerca-al-primer-deficit-del-milenio\\\/#breadcrumblist\",\"itemListElement\":[{\"@type\":\"ListItem\",\"@id\":\"https:\\\/\\\/www.eldigitaldeasturias.com\\\/noticias#listItem\",\"position\":1,\"name\":\"Home\",\"item\":\"https:\\\/\\\/www.eldigitaldeasturias.com\\\/noticias\",\"nextItem\":{\"@type\":\"ListItem\",\"@id\":\"https:\\\/\\\/www.eldigitaldeasturias.com\\\/noticias\\\/category\\\/economia\\\/#listItem\",\"name\":\"Econom\\u00eda\"}},{\"@type\":\"ListItem\",\"@id\":\"https:\\\/\\\/www.eldigitaldeasturias.com\\\/noticias\\\/category\\\/economia\\\/#listItem\",\"position\":2,\"name\":\"Econom\\u00eda\",\"item\":\"https:\\\/\\\/www.eldigitaldeasturias.com\\\/noticias\\\/category\\\/economia\\\/\",\"nextItem\":{\"@type\":\"ListItem\",\"@id\":\"https:\\\/\\\/www.eldigitaldeasturias.com\\\/noticias\\\/la-industria-electronica-alemana-se-acerca-al-primer-deficit-del-milenio\\\/#listItem\",\"name\":\"La industria electr\\u00f3nica alemana se acerca al primer d\\u00e9ficit del milenio\"},\"previousItem\":{\"@type\":\"ListItem\",\"@id\":\"https:\\\/\\\/www.eldigitaldeasturias.com\\\/noticias#listItem\",\"name\":\"Home\"}},{\"@type\":\"ListItem\",\"@id\":\"https:\\\/\\\/www.eldigitaldeasturias.com\\\/noticias\\\/la-industria-electronica-alemana-se-acerca-al-primer-deficit-del-milenio\\\/#listItem\",\"position\":3,\"name\":\"La industria electr\\u00f3nica alemana se acerca al primer d\\u00e9ficit del milenio\",\"previousItem\":{\"@type\":\"ListItem\",\"@id\":\"https:\\\/\\\/www.eldigitaldeasturias.com\\\/noticias\\\/category\\\/economia\\\/#listItem\",\"name\":\"Econom\\u00eda\"}}]},{\"@type\":\"Organization\",\"@id\":\"https:\\\/\\\/www.eldigitaldeasturias.com\\\/noticias\\\/#organization\",\"name\":\"El Digital de Asturias\",\"description\":\"Hemeroteca\",\"url\":\"https:\\\/\\\/www.eldigitaldeasturias.com\\\/noticias\\\/\",\"email\":\"info@eldigitaldeasturias.com\",\"telephone\":\"+34652131393\",\"logo\":{\"@type\":\"ImageObject\",\"url\":\"https:\\\/\\\/www.eldigitaldeasturias.com\\\/noticias\\\/wp-content\\\/uploads\\\/2020\\\/12\\\/EDA.jpg\",\"@id\":\"https:\\\/\\\/www.eldigitaldeasturias.com\\\/noticias\\\/la-industria-electronica-alemana-se-acerca-al-primer-deficit-del-milenio\\\/#organizationLogo\",\"width\":649,\"height\":297},\"image\":{\"@id\":\"https:\\\/\\\/www.eldigitaldeasturias.com\\\/noticias\\\/la-industria-electronica-alemana-se-acerca-al-primer-deficit-del-milenio\\\/#organizationLogo\"},\"sameAs\":[\"https:\\\/\\\/facebook.com\\\/eldigitaldeasturias\",\"https:\\\/\\\/www.youtube.com\\\/channel\\\/UCZP-2wLEB9Rv6erhFmqVnvg\"],\"address\":{\"@id\":\"https:\\\/\\\/www.eldigitaldeasturias.com\\\/noticias\\\/#postaladdress\",\"@type\":\"PostalAddress\",\"streetAddress\":\"san antonio 4,\",\"postalCode\":\"33430\",\"addressLocality\":\"Cand\\u00e1s\",\"addressRegion\":\"Asturias\",\"addressCountry\":\"ES\"}},{\"@type\":\"Person\",\"@id\":\"https:\\\/\\\/www.eldigitaldeasturias.com\\\/noticias\\\/author\\\/admin\\\/#author\",\"url\":\"https:\\\/\\\/www.eldigitaldeasturias.com\\\/noticias\\\/author\\\/admin\\\/\",\"name\":\"El Digital de Asturias\",\"image\":{\"@type\":\"ImageObject\",\"@id\":\"https:\\\/\\\/www.eldigitaldeasturias.com\\\/noticias\\\/la-industria-electronica-alemana-se-acerca-al-primer-deficit-del-milenio\\\/#authorImage\",\"url\":\"https:\\\/\\\/www.eldigitaldeasturias.com\\\/noticias\\\/wp-content\\\/litespeed\\\/avatar\\\/18677e78aa0546b92d9dbf31ec7d7668.jpg?ver=1776685526\",\"width\":96,\"height\":96,\"caption\":\"El Digital de Asturias\"}},{\"@type\":\"WebPage\",\"@id\":\"https:\\\/\\\/www.eldigitaldeasturias.com\\\/noticias\\\/la-industria-electronica-alemana-se-acerca-al-primer-deficit-del-milenio\\\/#webpage\",\"url\":\"https:\\\/\\\/www.eldigitaldeasturias.com\\\/noticias\\\/la-industria-electronica-alemana-se-acerca-al-primer-deficit-del-milenio\\\/\",\"name\":\"La industria electr\\u00f3nica alemana se acerca al primer d\\u00e9ficit del milenio - El Digital de Asturias\",\"description\":\"Fr\\u00e1ncfort, 17 oct (dpa) - Las exportaciones de la industria electr\\u00f3nica y digital alemana crecieron en agosto un 15,8 por ciento interanual y alcanzaron los\",\"inLanguage\":\"es-ES\",\"isPartOf\":{\"@id\":\"https:\\\/\\\/www.eldigitaldeasturias.com\\\/noticias\\\/#website\"},\"breadcrumb\":{\"@id\":\"https:\\\/\\\/www.eldigitaldeasturias.com\\\/noticias\\\/la-industria-electronica-alemana-se-acerca-al-primer-deficit-del-milenio\\\/#breadcrumblist\"},\"author\":{\"@id\":\"https:\\\/\\\/www.eldigitaldeasturias.com\\\/noticias\\\/author\\\/admin\\\/#author\"},\"creator\":{\"@id\":\"https:\\\/\\\/www.eldigitaldeasturias.com\\\/noticias\\\/author\\\/admin\\\/#author\"},\"image\":{\"@type\":\"ImageObject\",\"url\":\"https:\\\/\\\/www.eldigitaldeasturias.com\\\/noticias\\\/wp-content\\\/uploads\\\/2021\\\/01\\\/economia.jpg\",\"@id\":\"https:\\\/\\\/www.eldigitaldeasturias.com\\\/noticias\\\/la-industria-electronica-alemana-se-acerca-al-primer-deficit-del-milenio\\\/#mainImage\",\"width\":753,\"height\":536,\"caption\":\"econom\\u00eda\"},\"primaryImageOfPage\":{\"@id\":\"https:\\\/\\\/www.eldigitaldeasturias.com\\\/noticias\\\/la-industria-electronica-alemana-se-acerca-al-primer-deficit-del-milenio\\\/#mainImage\"},\"datePublished\":\"2022-10-17T16:05:48+02:00\",\"dateModified\":\"2022-10-17T16:05:48+02:00\"},{\"@type\":\"WebSite\",\"@id\":\"https:\\\/\\\/www.eldigitaldeasturias.com\\\/noticias\\\/#website\",\"url\":\"https:\\\/\\\/www.eldigitaldeasturias.com\\\/noticias\\\/\",\"name\":\"El Digital de Asturias - Diario de actualidad y noticias\",\"alternateName\":\"El Digital de Asturias - Diario de actualidad y noticias\",\"description\":\"Hemeroteca\",\"inLanguage\":\"es-ES\",\"publisher\":{\"@id\":\"https:\\\/\\\/www.eldigitaldeasturias.com\\\/noticias\\\/#organization\"}}]}\n\t\t<\/script>\n\t\t<!-- All in One SEO Pro -->\r\n\t\t<title>La industria electr\u00f3nica alemana se acerca al primer d\u00e9ficit del milenio - El Digital de Asturias<\/title>\n\n","aioseo_head_json":{"title":"La industria electr\u00f3nica alemana se acerca al primer d\u00e9ficit del milenio - El Digital de Asturias","description":"Fr\u00e1ncfort, 17 oct (dpa) - Las exportaciones de la industria electr\u00f3nica y digital alemana crecieron en agosto un 15,8 por ciento interanual y alcanzaron los","canonical_url":"https:\/\/www.eldigitaldeasturias.com\/noticias\/la-industria-electronica-alemana-se-acerca-al-primer-deficit-del-milenio\/","robots":"max-image-preview:large","keywords":"econom\u00eda,negocios y empresas","webmasterTools":{"google-site-verification":"UA-38556648-1","msvalidate.01":"7dfe9f3f1b24437ab69f4f2559babe99","miscellaneous":""},"schema":{"@context":"https:\/\/schema.org","@graph":[{"@type":"BlogPosting","@id":"https:\/\/www.eldigitaldeasturias.com\/noticias\/la-industria-electronica-alemana-se-acerca-al-primer-deficit-del-milenio\/#blogposting","name":"La industria electr\u00f3nica alemana se acerca al primer d\u00e9ficit del milenio - El Digital de Asturias","headline":"La industria electr\u00f3nica alemana se acerca al primer d\u00e9ficit del milenio","author":{"@id":"https:\/\/www.eldigitaldeasturias.com\/noticias\/author\/admin\/#author"},"publisher":{"@id":"https:\/\/www.eldigitaldeasturias.com\/noticias\/#organization"},"image":{"@type":"ImageObject","url":"https:\/\/www.eldigitaldeasturias.com\/noticias\/wp-content\/uploads\/2021\/01\/economia.jpg","width":753,"height":536,"caption":"econom\u00eda"},"datePublished":"2022-10-17T16:05:48+02:00","dateModified":"2022-10-17T16:05:48+02:00","inLanguage":"es-ES","mainEntityOfPage":{"@id":"https:\/\/www.eldigitaldeasturias.com\/noticias\/la-industria-electronica-alemana-se-acerca-al-primer-deficit-del-milenio\/#webpage"},"isPartOf":{"@id":"https:\/\/www.eldigitaldeasturias.com\/noticias\/la-industria-electronica-alemana-se-acerca-al-primer-deficit-del-milenio\/#webpage"},"articleSection":"Econom\u00eda, Negocios y Empresas"},{"@type":"BreadcrumbList","@id":"https:\/\/www.eldigitaldeasturias.com\/noticias\/la-industria-electronica-alemana-se-acerca-al-primer-deficit-del-milenio\/#breadcrumblist","itemListElement":[{"@type":"ListItem","@id":"https:\/\/www.eldigitaldeasturias.com\/noticias#listItem","position":1,"name":"Home","item":"https:\/\/www.eldigitaldeasturias.com\/noticias","nextItem":{"@type":"ListItem","@id":"https:\/\/www.eldigitaldeasturias.com\/noticias\/category\/economia\/#listItem","name":"Econom\u00eda"}},{"@type":"ListItem","@id":"https:\/\/www.eldigitaldeasturias.com\/noticias\/category\/economia\/#listItem","position":2,"name":"Econom\u00eda","item":"https:\/\/www.eldigitaldeasturias.com\/noticias\/category\/economia\/","nextItem":{"@type":"ListItem","@id":"https:\/\/www.eldigitaldeasturias.com\/noticias\/la-industria-electronica-alemana-se-acerca-al-primer-deficit-del-milenio\/#listItem","name":"La industria electr\u00f3nica alemana se acerca al primer d\u00e9ficit del milenio"},"previousItem":{"@type":"ListItem","@id":"https:\/\/www.eldigitaldeasturias.com\/noticias#listItem","name":"Home"}},{"@type":"ListItem","@id":"https:\/\/www.eldigitaldeasturias.com\/noticias\/la-industria-electronica-alemana-se-acerca-al-primer-deficit-del-milenio\/#listItem","position":3,"name":"La industria electr\u00f3nica alemana se acerca al primer d\u00e9ficit del milenio","previousItem":{"@type":"ListItem","@id":"https:\/\/www.eldigitaldeasturias.com\/noticias\/category\/economia\/#listItem","name":"Econom\u00eda"}}]},{"@type":"Organization","@id":"https:\/\/www.eldigitaldeasturias.com\/noticias\/#organization","name":"El Digital de Asturias","description":"Hemeroteca","url":"https:\/\/www.eldigitaldeasturias.com\/noticias\/","email":"info@eldigitaldeasturias.com","telephone":"+34652131393","logo":{"@type":"ImageObject","url":"https:\/\/www.eldigitaldeasturias.com\/noticias\/wp-content\/uploads\/2020\/12\/EDA.jpg","@id":"https:\/\/www.eldigitaldeasturias.com\/noticias\/la-industria-electronica-alemana-se-acerca-al-primer-deficit-del-milenio\/#organizationLogo","width":649,"height":297},"image":{"@id":"https:\/\/www.eldigitaldeasturias.com\/noticias\/la-industria-electronica-alemana-se-acerca-al-primer-deficit-del-milenio\/#organizationLogo"},"sameAs":["https:\/\/facebook.com\/eldigitaldeasturias","https:\/\/www.youtube.com\/channel\/UCZP-2wLEB9Rv6erhFmqVnvg"],"address":{"@id":"https:\/\/www.eldigitaldeasturias.com\/noticias\/#postaladdress","@type":"PostalAddress","streetAddress":"san antonio 4,","postalCode":"33430","addressLocality":"Cand\u00e1s","addressRegion":"Asturias","addressCountry":"ES"}},{"@type":"Person","@id":"https:\/\/www.eldigitaldeasturias.com\/noticias\/author\/admin\/#author","url":"https:\/\/www.eldigitaldeasturias.com\/noticias\/author\/admin\/","name":"El Digital de Asturias","image":{"@type":"ImageObject","@id":"https:\/\/www.eldigitaldeasturias.com\/noticias\/la-industria-electronica-alemana-se-acerca-al-primer-deficit-del-milenio\/#authorImage","url":"https:\/\/www.eldigitaldeasturias.com\/noticias\/wp-content\/litespeed\/avatar\/18677e78aa0546b92d9dbf31ec7d7668.jpg?ver=1776685526","width":96,"height":96,"caption":"El Digital de Asturias"}},{"@type":"WebPage","@id":"https:\/\/www.eldigitaldeasturias.com\/noticias\/la-industria-electronica-alemana-se-acerca-al-primer-deficit-del-milenio\/#webpage","url":"https:\/\/www.eldigitaldeasturias.com\/noticias\/la-industria-electronica-alemana-se-acerca-al-primer-deficit-del-milenio\/","name":"La industria electr\u00f3nica alemana se acerca al primer d\u00e9ficit del milenio - El Digital de Asturias","description":"Fr\u00e1ncfort, 17 oct (dpa) - Las exportaciones de la industria electr\u00f3nica y digital alemana crecieron en agosto un 15,8 por ciento interanual y alcanzaron los","inLanguage":"es-ES","isPartOf":{"@id":"https:\/\/www.eldigitaldeasturias.com\/noticias\/#website"},"breadcrumb":{"@id":"https:\/\/www.eldigitaldeasturias.com\/noticias\/la-industria-electronica-alemana-se-acerca-al-primer-deficit-del-milenio\/#breadcrumblist"},"author":{"@id":"https:\/\/www.eldigitaldeasturias.com\/noticias\/author\/admin\/#author"},"creator":{"@id":"https:\/\/www.eldigitaldeasturias.com\/noticias\/author\/admin\/#author"},"image":{"@type":"ImageObject","url":"https:\/\/www.eldigitaldeasturias.com\/noticias\/wp-content\/uploads\/2021\/01\/economia.jpg","@id":"https:\/\/www.eldigitaldeasturias.com\/noticias\/la-industria-electronica-alemana-se-acerca-al-primer-deficit-del-milenio\/#mainImage","width":753,"height":536,"caption":"econom\u00eda"},"primaryImageOfPage":{"@id":"https:\/\/www.eldigitaldeasturias.com\/noticias\/la-industria-electronica-alemana-se-acerca-al-primer-deficit-del-milenio\/#mainImage"},"datePublished":"2022-10-17T16:05:48+02:00","dateModified":"2022-10-17T16:05:48+02:00"},{"@type":"WebSite","@id":"https:\/\/www.eldigitaldeasturias.com\/noticias\/#website","url":"https:\/\/www.eldigitaldeasturias.com\/noticias\/","name":"El Digital de Asturias - Diario de actualidad y noticias","alternateName":"El Digital de Asturias - Diario de actualidad y noticias","description":"Hemeroteca","inLanguage":"es-ES","publisher":{"@id":"https:\/\/www.eldigitaldeasturias.com\/noticias\/#organization"}}]},"og:locale":"es_ES","og:site_name":"El Digital de Asturias","og:type":"article","og:title":"La industria electr\u00f3nica alemana se acerca al primer d\u00e9ficit del milenio - El Digital de Asturias","og:description":"Fr\u00e1ncfort, 17 oct (dpa) - Las exportaciones de la industria electr\u00f3nica y digital alemana crecieron en agosto un 15,8 por ciento interanual y alcanzaron los","og:url":"https:\/\/www.eldigitaldeasturias.com\/noticias\/la-industria-electronica-alemana-se-acerca-al-primer-deficit-del-milenio\/","og:image":"https:\/\/www.eldigitaldeasturias.com\/noticias\/wp-content\/uploads\/2021\/01\/economia.jpg","og:image:secure_url":"https:\/\/www.eldigitaldeasturias.com\/noticias\/wp-content\/uploads\/2021\/01\/economia.jpg","og:image:width":753,"og:image:height":536,"article:tag":["econom\u00eda","negocios y empresas"],"article:published_time":"2022-10-17T14:05:48+00:00","article:modified_time":"2022-10-17T14:05:48+00:00","article:publisher":"https:\/\/facebook.com\/eldigitaldeasturias","twitter:card":"summary_large_image","twitter:title":"La industria electr\u00f3nica alemana se acerca al primer d\u00e9ficit del milenio - El Digital de Asturias","twitter:description":"Fr\u00e1ncfort, 17 oct (dpa) - Las exportaciones de la industria electr\u00f3nica y digital alemana crecieron en agosto un 15,8 por ciento interanual y alcanzaron los","twitter:image":"https:\/\/www.eldigitaldeasturias.com\/noticias\/wp-content\/uploads\/2021\/01\/economia.jpg","twitter:label1":"Escrito por","twitter:data1":"El Digital de Asturias","twitter:label2":"Tiempo de lectura estimado","twitter:data2":"1 minuto"},"aioseo_meta_data":{"post_id":"1117967","title":null,"description":"Fr\u00e1ncfort, 17 oct (dpa) - Las exportaciones de la industria electr\u00f3nica y digital alemana crecieron en agosto un 15,8 por ciento interanual y alcanzaron los","keywords":[],"keyphrases":{"focus":{"keyphrase":"industria","score":87,"analysis":{"keyphraseInTitle":{"title":"Focus keyphrase in SEO title","description":"Focus keyphrase found in SEO title.","score":9,"maxScore":9,"error":0},"keyphraseInDescription":{"title":"Focus keyphrase in meta description","description":"Focus keyphrase found in meta description.","score":9,"maxScore":9,"error":0},"keyphraseLength":{"title":"Focus keyphrase length","description":"Good job!","score":9,"maxScore":9,"error":0,"length":1},"keyphraseInURL":[],"keyphraseInIntroduction":{"title":"Focus keyphrase in introduction","description":"Your Focus keyphrase appears in the first paragraph. Well done!","score":9,"maxScore":9,"error":0},"keyphraseInSubHeadings":[],"keyphraseInImageAlt":{"title":"Focus keyphrase in image alt attributes","description":"Focus keyphrase not found in image alt attribute(s). Add an image with your Focus keyphrase as alt text.","score":3,"maxScore":9,"error":1}}},"additional":[{"keyphrase":"industria electr\u00f3nica","score":83,"analysis":{"keyphraseInDescription":{"title":"Keyphrase in meta description","description":"Keyphrase found in meta description.","score":9,"maxScore":9,"error":0},"keyphraseLength":{"title":"Keyphrase length","description":"Good job!","score":9,"maxScore":9,"error":0,"length":2},"keyphraseInIntroduction":{"title":"Keyphrase in introduction","description":"Your Keyphrase appears in the first paragraph. Well done!","score":9,"maxScore":9,"error":0},"keyphraseInImageAlt":{"title":"Keyphrase in image alt attributes","description":"Keyphrase not found in image alt attribute(s). Add an image with your Keyphrase as alt text.","score":3,"maxScore":9,"error":1}}},{"keyphrase":"digital","score":83,"analysis":{"keyphraseInDescription":{"title":"Keyphrase in meta description","description":"Keyphrase found in meta description.","score":9,"maxScore":9,"error":0},"keyphraseLength":{"title":"Keyphrase length","description":"Good job!","score":9,"maxScore":9,"error":0,"length":1},"keyphraseInIntroduction":{"title":"Keyphrase in introduction","description":"Your Keyphrase appears in the first paragraph. Well done!","score":9,"maxScore":9,"error":0},"keyphraseInImageAlt":{"title":"Keyphrase in image alt attributes","description":"Keyphrase not found in image alt attribute(s). Add an image with your Keyphrase as alt text.","score":3,"maxScore":9,"error":1}}}]},"primary_term":null,"canonical_url":null,"og_title":null,"og_description":null,"og_object_type":"default","og_image_type":"default","og_image_url":null,"og_image_width":null,"og_image_height":null,"og_image_custom_url":null,"og_image_custom_fields":null,"og_video":"","og_custom_url":null,"og_article_section":null,"og_article_tags":[],"twitter_use_og":false,"twitter_card":"default","twitter_image_type":"default","twitter_image_url":null,"twitter_image_custom_url":null,"twitter_image_custom_fields":null,"twitter_title":null,"twitter_description":null,"schema":{"blockGraphs":[],"customGraphs":[],"default":{"data":{"Article":[],"Course":[],"Dataset":[],"FAQPage":[],"Movie":[],"Person":[],"Product":[],"ProductReview":[],"Car":[],"Recipe":[],"Service":[],"SoftwareApplication":[],"WebPage":[]},"graphName":"BlogPosting","isEnabled":true},"graphs":[]},"schema_type":"default","schema_type_options":null,"pillar_content":false,"robots_default":true,"robots_noindex":false,"robots_noarchive":false,"robots_nosnippet":false,"robots_nofollow":false,"robots_noimageindex":false,"robots_noodp":false,"robots_notranslate":false,"robots_max_snippet":"-1","robots_max_videopreview":"-1","robots_max_imagepreview":"large","priority":null,"frequency":"default","local_seo":null,"seo_analyzer_scan_date":"2025-10-04 03:33:09","breadcrumb_settings":null,"limit_modified_date":false,"open_ai":null,"ai":null,"created":"2022-10-17 14:03:24","updated":"2025-10-04 03:33:09"},"aioseo_breadcrumb":"<div class=\"aioseo-breadcrumbs\"><span class=\"aioseo-breadcrumb\">\n\t<a href=\"https:\/\/www.eldigitaldeasturias.com\/noticias\" title=\"Home\">Home<\/a>\n<\/span><span class=\"aioseo-breadcrumb-separator\">\u2013<\/span><span class=\"aioseo-breadcrumb\">\n\t<a href=\"https:\/\/www.eldigitaldeasturias.com\/noticias\/category\/economia\/\" title=\"Econom\u00eda\">Econom\u00eda<\/a>\n<\/span><span class=\"aioseo-breadcrumb-separator\">\u2013<\/span><span class=\"aioseo-breadcrumb\">\n\t<a href=\"https:\/\/www.eldigitaldeasturias.com\/noticias\/la-industria-electronica-alemana-se-acerca-al-primer-deficit-del-milenio\/\" title=\"La industria electr\u00f3nica alemana se acerca al primer d\u00e9ficit del milenio\">La industria electr\u00f3nica alemana se acerca al primer d\u00e9ficit del milenio<\/a>\n<\/span><\/div>","aioseo_breadcrumb_json":[{"label":"Home","link":"https:\/\/www.eldigitaldeasturias.com\/noticias"},{"label":"Econom\u00eda","link":"https:\/\/www.eldigitaldeasturias.com\/noticias\/category\/economia\/"},{"label":"La industria electr\u00f3nica alemana se acerca al primer d\u00e9ficit del milenio","link":"https:\/\/www.eldigitaldeasturias.com\/noticias\/la-industria-electronica-alemana-se-acerca-al-primer-deficit-del-milenio\/"}],"_links":{"self":[{"href":"https:\/\/www.eldigitaldeasturias.com\/noticias\/wp-json\/wp\/v2\/posts\/1117967","targetHints":{"allow":["GET"]}}],"collection":[{"href":"https:\/\/www.eldigitaldeasturias.com\/noticias\/wp-json\/wp\/v2\/posts"}],"about":[{"href":"https:\/\/www.eldigitaldeasturias.com\/noticias\/wp-json\/wp\/v2\/types\/post"}],"author":[{"embeddable":true,"href":"https:\/\/www.eldigitaldeasturias.com\/noticias\/wp-json\/wp\/v2\/users\/1"}],"replies":[{"embeddable":true,"href":"https:\/\/www.eldigitaldeasturias.com\/noticias\/wp-json\/wp\/v2\/comments?post=1117967"}],"version-history":[{"count":0,"href":"https:\/\/www.eldigitaldeasturias.com\/noticias\/wp-json\/wp\/v2\/posts\/1117967\/revisions"}],"wp:featuredmedia":[{"embeddable":true,"href":"https:\/\/www.eldigitaldeasturias.com\/noticias\/wp-json\/wp\/v2\/media\/1085055"}],"wp:attachment":[{"href":"https:\/\/www.eldigitaldeasturias.com\/noticias\/wp-json\/wp\/v2\/media?parent=1117967"}],"wp:term":[{"taxonomy":"category","embeddable":true,"href":"https:\/\/www.eldigitaldeasturias.com\/noticias\/wp-json\/wp\/v2\/categories?post=1117967"},{"taxonomy":"post_tag","embeddable":true,"href":"https:\/\/www.eldigitaldeasturias.com\/noticias\/wp-json\/wp\/v2\/tags?post=1117967"}],"curies":[{"name":"wp","href":"https:\/\/api.w.org\/{rel}","templated":true}]}}