{"id":1117960,"date":"2022-10-17T03:49:57","date_gmt":"2022-10-17T01:49:57","guid":{"rendered":"https:\/\/www.eldigitaldeasturias.com\/noticias\/?p=1117960"},"modified":"2022-10-17T03:49:57","modified_gmt":"2022-10-17T01:49:57","slug":"espana-es-el-tercer-socio-de-ifc-en-europa","status":"publish","type":"post","link":"https:\/\/www.eldigitaldeasturias.com\/noticias\/espana-es-el-tercer-socio-de-ifc-en-europa\/","title":{"rendered":"Espa\u00f1a es el tercer socio de IFC en Europa"},"content":{"rendered":"<p>(EP) &#8211; Espa\u00f1a, a trav\u00e9s del Ministerio de Asuntos Econ\u00f3micos y Transformaci\u00f3n Digital, ha renovado su acuerdo con la IFC del Grupo Banco Mundial, la principal instituci\u00f3n internacional dedicada exclusivamente al sector privado en los pa\u00edses en desarrollo, con el objetivo de impulsar las inversiones del sector privado en Am\u00e9rica Latina y \u00c1frica.<\/p>\n<figure id=\"attachment_1117961\" aria-describedby=\"caption-attachment-1117961\" style=\"width: 650px\" class=\"wp-caption aligncenter\"><img loading=\"lazy\" decoding=\"async\" class=\"wp-image-1117961 size-large\" src=\"https:\/\/www.eldigitaldeasturias.com\/noticias\/wp-content\/uploads\/2022\/10\/IFC-650x433.jpg\" alt=\"IFC\" width=\"650\" height=\"433\" srcset=\"https:\/\/www.eldigitaldeasturias.com\/noticias\/wp-content\/uploads\/2022\/10\/IFC-650x433.jpg 650w, https:\/\/www.eldigitaldeasturias.com\/noticias\/wp-content\/uploads\/2022\/10\/IFC-360x240.jpg 360w, https:\/\/www.eldigitaldeasturias.com\/noticias\/wp-content\/uploads\/2022\/10\/IFC-450x300.jpg 450w, https:\/\/www.eldigitaldeasturias.com\/noticias\/wp-content\/uploads\/2022\/10\/IFC-768x512.jpg 768w, https:\/\/www.eldigitaldeasturias.com\/noticias\/wp-content\/uploads\/2022\/10\/IFC-150x100.jpg 150w, https:\/\/www.eldigitaldeasturias.com\/noticias\/wp-content\/uploads\/2022\/10\/IFC.jpg 996w\" sizes=\"auto, (max-width: 650px) 100vw, 650px\" \/><figcaption id=\"caption-attachment-1117961\" class=\"wp-caption-text\">Foto: A. P\u00e9rez Meca &#8211; Europa Press<\/figcaption><\/figure>\n<p>El Ministerio ha informado en un comunicado que en el marco de las asambleas anuales del Fondo Monetario Internacional (FMI) y el Banco Mundial en Washington, la vicepresidenta primera y ministra de Asuntos Econ\u00f3micos, Nadia Calvi\u00f1o, ha mantenido una reuni\u00f3n con el director general de la Corporaci\u00f3n Financiera Internacional (IFC), Makhtar Diop.<\/p>\n<p>En este marco, Espa\u00f1a ha firmado una nueva reposici\u00f3n de cuatro millones de euros al Fondo Bilateral de Asistencia T\u00e9cnica (TAFT), un fondo bilateral destinado a financiar acciones previas para el dise\u00f1o de proyectos de inversi\u00f3n en pa\u00edses en desarrollo y en \u00e1reas clave como la lucha contra el cambio clim\u00e1tico, el sector financiero o el impulso de energ\u00edas renovables.<\/p>\n<p>Las contribuciones a este fondo suman 15 millones de euros con la nueva reposici\u00f3n. El acuerdo con Espa\u00f1a otorgar\u00e1 una consideraci\u00f3n espec\u00edfica a los proyectos relacionados con el cierre de la brecha de g\u00e9nero y la digitalizaci\u00f3n.<\/p>\n<p>\u00abLa colaboraci\u00f3n p\u00fablico-privada es esencial para atajar los retos actuales y hacer frente a las necesidades de la doble transici\u00f3n verde y digital. El IFC tiene un papel clave que jugar para movilizar inversi\u00f3n a escala global. Espa\u00f1a seguir\u00e1 contribuyendo a este objetivo\u00bb, ha explicado la vicepresidenta tras la reuni\u00f3n con Diop.<\/p>\n<h2>INVERSIONES VERDES Y ACCESO A FINANCIACI\u00d3N DE PYMES<\/h2>\n<p>Ante la variedad de desaf\u00edos de desarrollo en Am\u00e9rica Latina y \u00c1frica, agravados por la pandemia y el cambio clim\u00e1tico, la cooperaci\u00f3n entre el Ministerio de Asuntos Econ\u00f3micos y Transformaci\u00f3n Digital y el IFC contribuye a impulsar la recuperaci\u00f3n econ\u00f3mica optimizando las oportunidades de mercado para inversiones sostenibles, as\u00ed como mejorando el acceso a la financiaci\u00f3n para las pymes.<\/p>\n<p>El Gobierno ha asegurado que esta nueva contribuci\u00f3n ayudar\u00e1 a financiar proyectos de IFC y a crear mejores condiciones para atracci\u00f3n de capital privado as\u00ed como a fortalecer las cadenas de suministro y las comunidades locales.<\/p>\n<p>\u00abMientras las econom\u00edas de Am\u00e9rica Latina y \u00c1frica afrontan los nuevos desaf\u00edos de las recientes crisis, el apoyo de donantes como Espa\u00f1a permitir\u00e1 a IFC cumplir su importante misi\u00f3n de desarrollo\u00bb, ha afirmado Makhtar Diop, director gerente de la instituci\u00f3n.<\/p>\n<h2>ESPA\u00d1A, EL TERCER SOCIO EUROPEO DE IFC<\/h2>\n<p>Espa\u00f1a es el tercer socio de IFC en Europa despu\u00e9s de Francia y Reino Unido, con 3.500 millones de d\u00f3lares (3.600 millones de euros) de financiaci\u00f3n, y un socio clave para las inversiones en Latinoam\u00e9rica y en Europa.<\/p>\n<p>Desde 1998, la asociaci\u00f3n de IFC con Espa\u00f1a ha financiado una amplia gama de proyectos de consultor\u00eda e infraestructuras, desarrollo del sector financiero, clima de inversi\u00f3n y otros en todo el mundo. IFC tambi\u00e9n se asocia con multinacionales y empresas medianas que est\u00e1n interesadas en invertir en mercados emergentes.<\/p>\n<p>A junio de 2022, IFC ten\u00eda una cartera de inversiones comprometidas a largo plazo de cerca de 2.800 millones de d\u00f3lares con socios espa\u00f1oles repartidos en varios sectores y regiones.<\/p>\n<p>Por otra parte, Espa\u00f1a ha reforzado su aportaci\u00f3n para la Alianza para la seguridad h\u00eddrica y el saneamiento (GWSP), un fondo del Banco Mundial destinado a la innovaci\u00f3n y asistencia t\u00e9cnica en el dise\u00f1o e implementaci\u00f3n de reformas en el sector del agua. Actualmente, Espa\u00f1a es el cuarto proveedor mundial en proyectos de agua del Banco Mundial.<\/p>\n","protected":false},"excerpt":{"rendered":"<p>(EP) &#8211; Espa\u00f1a, a trav\u00e9s del Ministerio de Asuntos Econ\u00f3micos y Transformaci\u00f3n Digital, ha renovado su acuerdo con la IFC del Grupo Banco Mundial, la principal instituci\u00f3n internacional dedicada exclusivamente al sector privado en los pa\u00edses en desarrollo, con el objetivo de impulsar las inversiones del sector privado en Am\u00e9rica Latina y \u00c1frica. El Ministerio [&hellip;]<\/p>\n","protected":false},"author":1,"featured_media":1117961,"comment_status":"closed","ping_status":"closed","sticky":false,"template":"","format":"standard","meta":{"footnotes":""},"categories":[187],"tags":[],"class_list":["post-1117960","post","type-post","status-publish","format-standard","has-post-thumbnail","hentry","category-economia"],"aioseo_notices":[],"aioseo_head":"\n\t\t<!-- All in One SEO Pro 4.9.6.2 - aioseo.com -->\n\t<meta name=\"description\" content=\"(EP) - Espa\u00f1a, a trav\u00e9s del Ministerio de Asuntos Econ\u00f3micos y Transformaci\u00f3n Digital, ha renovado su acuerdo con la IFC del Grupo Banco Mundial\" \/>\n\t<meta name=\"robots\" content=\"max-image-preview:large\" \/>\n\t<meta name=\"author\" content=\"El Digital de Asturias\"\/>\n\t<meta name=\"google-site-verification\" content=\"UA-38556648-1\" \/>\n\t<meta name=\"msvalidate.01\" content=\"7dfe9f3f1b24437ab69f4f2559babe99\" \/>\n\t<meta name=\"keywords\" content=\"econom\u00eda\" \/>\n\t<link rel=\"canonical\" href=\"https:\/\/www.eldigitaldeasturias.com\/noticias\/espana-es-el-tercer-socio-de-ifc-en-europa\/\" \/>\n\t<meta name=\"generator\" content=\"All in One SEO Pro (AIOSEO) 4.9.6.2\" \/>\n\t\t<meta property=\"og:locale\" content=\"es_ES\" \/>\n\t\t<meta property=\"og:site_name\" content=\"El Digital de Asturias\" \/>\n\t\t<meta property=\"og:type\" content=\"article\" \/>\n\t\t<meta property=\"og:title\" content=\"Espa\u00f1a es el tercer socio de IFC en Europa - El Digital de Asturias\" \/>\n\t\t<meta property=\"og:description\" content=\"(EP) - Espa\u00f1a, a trav\u00e9s del Ministerio de Asuntos Econ\u00f3micos y Transformaci\u00f3n Digital, ha renovado su acuerdo con la IFC del Grupo Banco Mundial\" \/>\n\t\t<meta property=\"og:url\" content=\"https:\/\/www.eldigitaldeasturias.com\/noticias\/espana-es-el-tercer-socio-de-ifc-en-europa\/\" \/>\n\t\t<meta property=\"og:image\" content=\"https:\/\/www.eldigitaldeasturias.com\/noticias\/wp-content\/uploads\/2022\/10\/IFC.jpg\" \/>\n\t\t<meta property=\"og:image:secure_url\" content=\"https:\/\/www.eldigitaldeasturias.com\/noticias\/wp-content\/uploads\/2022\/10\/IFC.jpg\" \/>\n\t\t<meta property=\"og:image:width\" content=\"996\" \/>\n\t\t<meta property=\"og:image:height\" content=\"664\" \/>\n\t\t<meta property=\"article:tag\" content=\"econom\u00eda\" \/>\n\t\t<meta property=\"article:published_time\" content=\"2022-10-17T01:49:57+00:00\" \/>\n\t\t<meta property=\"article:modified_time\" content=\"2022-10-17T01:49:57+00:00\" \/>\n\t\t<meta property=\"article:publisher\" content=\"https:\/\/facebook.com\/eldigitaldeasturias\" \/>\n\t\t<meta name=\"twitter:card\" content=\"summary_large_image\" \/>\n\t\t<meta name=\"twitter:title\" content=\"Espa\u00f1a es el tercer socio de IFC en Europa - El Digital de Asturias\" \/>\n\t\t<meta name=\"twitter:description\" content=\"(EP) - Espa\u00f1a, a trav\u00e9s del Ministerio de Asuntos Econ\u00f3micos y Transformaci\u00f3n Digital, ha renovado su acuerdo con la IFC del Grupo Banco Mundial\" \/>\n\t\t<meta name=\"twitter:image\" content=\"https:\/\/www.eldigitaldeasturias.com\/noticias\/wp-content\/uploads\/2022\/10\/IFC.jpg\" \/>\n\t\t<meta name=\"twitter:label1\" content=\"Escrito por\" \/>\n\t\t<meta name=\"twitter:data1\" content=\"El Digital de Asturias\" \/>\n\t\t<meta name=\"twitter:label2\" content=\"Tiempo de lectura estimado\" \/>\n\t\t<meta name=\"twitter:data2\" content=\"3 minutos\" \/>\n\t\t<script type=\"application\/ld+json\" class=\"aioseo-schema\">\n\t\t\t{\"@context\":\"https:\\\/\\\/schema.org\",\"@graph\":[{\"@type\":\"BlogPosting\",\"@id\":\"https:\\\/\\\/www.eldigitaldeasturias.com\\\/noticias\\\/espana-es-el-tercer-socio-de-ifc-en-europa\\\/#blogposting\",\"name\":\"Espa\\u00f1a es el tercer socio de IFC en Europa - El Digital de Asturias\",\"headline\":\"Espa\\u00f1a es el tercer socio de IFC en Europa\",\"author\":{\"@id\":\"https:\\\/\\\/www.eldigitaldeasturias.com\\\/noticias\\\/author\\\/admin\\\/#author\"},\"publisher\":{\"@id\":\"https:\\\/\\\/www.eldigitaldeasturias.com\\\/noticias\\\/#organization\"},\"image\":{\"@type\":\"ImageObject\",\"url\":\"https:\\\/\\\/www.eldigitaldeasturias.com\\\/noticias\\\/wp-content\\\/uploads\\\/2022\\\/10\\\/IFC.jpg\",\"width\":996,\"height\":664,\"caption\":\"Foto: A. P\\u00e9rez Meca - Europa Press\"},\"datePublished\":\"2022-10-17T03:49:57+02:00\",\"dateModified\":\"2022-10-17T03:49:57+02:00\",\"inLanguage\":\"es-ES\",\"mainEntityOfPage\":{\"@id\":\"https:\\\/\\\/www.eldigitaldeasturias.com\\\/noticias\\\/espana-es-el-tercer-socio-de-ifc-en-europa\\\/#webpage\"},\"isPartOf\":{\"@id\":\"https:\\\/\\\/www.eldigitaldeasturias.com\\\/noticias\\\/espana-es-el-tercer-socio-de-ifc-en-europa\\\/#webpage\"},\"articleSection\":\"Econom\\u00eda\"},{\"@type\":\"BreadcrumbList\",\"@id\":\"https:\\\/\\\/www.eldigitaldeasturias.com\\\/noticias\\\/espana-es-el-tercer-socio-de-ifc-en-europa\\\/#breadcrumblist\",\"itemListElement\":[{\"@type\":\"ListItem\",\"@id\":\"https:\\\/\\\/www.eldigitaldeasturias.com\\\/noticias#listItem\",\"position\":1,\"name\":\"Home\",\"item\":\"https:\\\/\\\/www.eldigitaldeasturias.com\\\/noticias\",\"nextItem\":{\"@type\":\"ListItem\",\"@id\":\"https:\\\/\\\/www.eldigitaldeasturias.com\\\/noticias\\\/category\\\/economia\\\/#listItem\",\"name\":\"Econom\\u00eda\"}},{\"@type\":\"ListItem\",\"@id\":\"https:\\\/\\\/www.eldigitaldeasturias.com\\\/noticias\\\/category\\\/economia\\\/#listItem\",\"position\":2,\"name\":\"Econom\\u00eda\",\"item\":\"https:\\\/\\\/www.eldigitaldeasturias.com\\\/noticias\\\/category\\\/economia\\\/\",\"nextItem\":{\"@type\":\"ListItem\",\"@id\":\"https:\\\/\\\/www.eldigitaldeasturias.com\\\/noticias\\\/espana-es-el-tercer-socio-de-ifc-en-europa\\\/#listItem\",\"name\":\"Espa\\u00f1a es el tercer socio de IFC en Europa\"},\"previousItem\":{\"@type\":\"ListItem\",\"@id\":\"https:\\\/\\\/www.eldigitaldeasturias.com\\\/noticias#listItem\",\"name\":\"Home\"}},{\"@type\":\"ListItem\",\"@id\":\"https:\\\/\\\/www.eldigitaldeasturias.com\\\/noticias\\\/espana-es-el-tercer-socio-de-ifc-en-europa\\\/#listItem\",\"position\":3,\"name\":\"Espa\\u00f1a es el tercer socio de IFC en Europa\",\"previousItem\":{\"@type\":\"ListItem\",\"@id\":\"https:\\\/\\\/www.eldigitaldeasturias.com\\\/noticias\\\/category\\\/economia\\\/#listItem\",\"name\":\"Econom\\u00eda\"}}]},{\"@type\":\"Organization\",\"@id\":\"https:\\\/\\\/www.eldigitaldeasturias.com\\\/noticias\\\/#organization\",\"name\":\"El Digital de Asturias\",\"description\":\"Hemeroteca\",\"url\":\"https:\\\/\\\/www.eldigitaldeasturias.com\\\/noticias\\\/\",\"email\":\"info@eldigitaldeasturias.com\",\"telephone\":\"+34652131393\",\"logo\":{\"@type\":\"ImageObject\",\"url\":\"https:\\\/\\\/www.eldigitaldeasturias.com\\\/noticias\\\/wp-content\\\/uploads\\\/2020\\\/12\\\/EDA.jpg\",\"@id\":\"https:\\\/\\\/www.eldigitaldeasturias.com\\\/noticias\\\/espana-es-el-tercer-socio-de-ifc-en-europa\\\/#organizationLogo\",\"width\":649,\"height\":297},\"image\":{\"@id\":\"https:\\\/\\\/www.eldigitaldeasturias.com\\\/noticias\\\/espana-es-el-tercer-socio-de-ifc-en-europa\\\/#organizationLogo\"},\"sameAs\":[\"https:\\\/\\\/facebook.com\\\/eldigitaldeasturias\",\"https:\\\/\\\/www.youtube.com\\\/channel\\\/UCZP-2wLEB9Rv6erhFmqVnvg\"],\"address\":{\"@id\":\"https:\\\/\\\/www.eldigitaldeasturias.com\\\/noticias\\\/#postaladdress\",\"@type\":\"PostalAddress\",\"streetAddress\":\"san antonio 4,\",\"postalCode\":\"33430\",\"addressLocality\":\"Cand\\u00e1s\",\"addressRegion\":\"Asturias\",\"addressCountry\":\"ES\"}},{\"@type\":\"Person\",\"@id\":\"https:\\\/\\\/www.eldigitaldeasturias.com\\\/noticias\\\/author\\\/admin\\\/#author\",\"url\":\"https:\\\/\\\/www.eldigitaldeasturias.com\\\/noticias\\\/author\\\/admin\\\/\",\"name\":\"El Digital de Asturias\",\"image\":{\"@type\":\"ImageObject\",\"@id\":\"https:\\\/\\\/www.eldigitaldeasturias.com\\\/noticias\\\/espana-es-el-tercer-socio-de-ifc-en-europa\\\/#authorImage\",\"url\":\"https:\\\/\\\/www.eldigitaldeasturias.com\\\/noticias\\\/wp-content\\\/litespeed\\\/avatar\\\/18677e78aa0546b92d9dbf31ec7d7668.jpg?ver=1776685526\",\"width\":96,\"height\":96,\"caption\":\"El Digital de Asturias\"}},{\"@type\":\"WebPage\",\"@id\":\"https:\\\/\\\/www.eldigitaldeasturias.com\\\/noticias\\\/espana-es-el-tercer-socio-de-ifc-en-europa\\\/#webpage\",\"url\":\"https:\\\/\\\/www.eldigitaldeasturias.com\\\/noticias\\\/espana-es-el-tercer-socio-de-ifc-en-europa\\\/\",\"name\":\"Espa\\u00f1a es el tercer socio de IFC en Europa - El Digital de Asturias\",\"description\":\"(EP) - Espa\\u00f1a, a trav\\u00e9s del Ministerio de Asuntos Econ\\u00f3micos y Transformaci\\u00f3n Digital, ha renovado su acuerdo con la IFC del Grupo Banco Mundial\",\"inLanguage\":\"es-ES\",\"isPartOf\":{\"@id\":\"https:\\\/\\\/www.eldigitaldeasturias.com\\\/noticias\\\/#website\"},\"breadcrumb\":{\"@id\":\"https:\\\/\\\/www.eldigitaldeasturias.com\\\/noticias\\\/espana-es-el-tercer-socio-de-ifc-en-europa\\\/#breadcrumblist\"},\"author\":{\"@id\":\"https:\\\/\\\/www.eldigitaldeasturias.com\\\/noticias\\\/author\\\/admin\\\/#author\"},\"creator\":{\"@id\":\"https:\\\/\\\/www.eldigitaldeasturias.com\\\/noticias\\\/author\\\/admin\\\/#author\"},\"image\":{\"@type\":\"ImageObject\",\"url\":\"https:\\\/\\\/www.eldigitaldeasturias.com\\\/noticias\\\/wp-content\\\/uploads\\\/2022\\\/10\\\/IFC.jpg\",\"@id\":\"https:\\\/\\\/www.eldigitaldeasturias.com\\\/noticias\\\/espana-es-el-tercer-socio-de-ifc-en-europa\\\/#mainImage\",\"width\":996,\"height\":664,\"caption\":\"Foto: A. P\\u00e9rez Meca - Europa Press\"},\"primaryImageOfPage\":{\"@id\":\"https:\\\/\\\/www.eldigitaldeasturias.com\\\/noticias\\\/espana-es-el-tercer-socio-de-ifc-en-europa\\\/#mainImage\"},\"datePublished\":\"2022-10-17T03:49:57+02:00\",\"dateModified\":\"2022-10-17T03:49:57+02:00\"},{\"@type\":\"WebSite\",\"@id\":\"https:\\\/\\\/www.eldigitaldeasturias.com\\\/noticias\\\/#website\",\"url\":\"https:\\\/\\\/www.eldigitaldeasturias.com\\\/noticias\\\/\",\"name\":\"El Digital de Asturias - Diario de actualidad y noticias\",\"alternateName\":\"El Digital de Asturias - Diario de actualidad y noticias\",\"description\":\"Hemeroteca\",\"inLanguage\":\"es-ES\",\"publisher\":{\"@id\":\"https:\\\/\\\/www.eldigitaldeasturias.com\\\/noticias\\\/#organization\"}}]}\n\t\t<\/script>\n\t\t<!-- All in One SEO Pro -->\r\n\t\t<title>Espa\u00f1a es el tercer socio de IFC en Europa - El Digital de Asturias<\/title>\n\n","aioseo_head_json":{"title":"Espa\u00f1a es el tercer socio de IFC en Europa - El Digital de Asturias","description":"(EP) - Espa\u00f1a, a trav\u00e9s del Ministerio de Asuntos Econ\u00f3micos y Transformaci\u00f3n Digital, ha renovado su acuerdo con la IFC del Grupo Banco Mundial","canonical_url":"https:\/\/www.eldigitaldeasturias.com\/noticias\/espana-es-el-tercer-socio-de-ifc-en-europa\/","robots":"max-image-preview:large","keywords":"econom\u00eda","webmasterTools":{"google-site-verification":"UA-38556648-1","msvalidate.01":"7dfe9f3f1b24437ab69f4f2559babe99","miscellaneous":""},"schema":{"@context":"https:\/\/schema.org","@graph":[{"@type":"BlogPosting","@id":"https:\/\/www.eldigitaldeasturias.com\/noticias\/espana-es-el-tercer-socio-de-ifc-en-europa\/#blogposting","name":"Espa\u00f1a es el tercer socio de IFC en Europa - El Digital de Asturias","headline":"Espa\u00f1a es el tercer socio de IFC en Europa","author":{"@id":"https:\/\/www.eldigitaldeasturias.com\/noticias\/author\/admin\/#author"},"publisher":{"@id":"https:\/\/www.eldigitaldeasturias.com\/noticias\/#organization"},"image":{"@type":"ImageObject","url":"https:\/\/www.eldigitaldeasturias.com\/noticias\/wp-content\/uploads\/2022\/10\/IFC.jpg","width":996,"height":664,"caption":"Foto: A. P\u00e9rez Meca - Europa Press"},"datePublished":"2022-10-17T03:49:57+02:00","dateModified":"2022-10-17T03:49:57+02:00","inLanguage":"es-ES","mainEntityOfPage":{"@id":"https:\/\/www.eldigitaldeasturias.com\/noticias\/espana-es-el-tercer-socio-de-ifc-en-europa\/#webpage"},"isPartOf":{"@id":"https:\/\/www.eldigitaldeasturias.com\/noticias\/espana-es-el-tercer-socio-de-ifc-en-europa\/#webpage"},"articleSection":"Econom\u00eda"},{"@type":"BreadcrumbList","@id":"https:\/\/www.eldigitaldeasturias.com\/noticias\/espana-es-el-tercer-socio-de-ifc-en-europa\/#breadcrumblist","itemListElement":[{"@type":"ListItem","@id":"https:\/\/www.eldigitaldeasturias.com\/noticias#listItem","position":1,"name":"Home","item":"https:\/\/www.eldigitaldeasturias.com\/noticias","nextItem":{"@type":"ListItem","@id":"https:\/\/www.eldigitaldeasturias.com\/noticias\/category\/economia\/#listItem","name":"Econom\u00eda"}},{"@type":"ListItem","@id":"https:\/\/www.eldigitaldeasturias.com\/noticias\/category\/economia\/#listItem","position":2,"name":"Econom\u00eda","item":"https:\/\/www.eldigitaldeasturias.com\/noticias\/category\/economia\/","nextItem":{"@type":"ListItem","@id":"https:\/\/www.eldigitaldeasturias.com\/noticias\/espana-es-el-tercer-socio-de-ifc-en-europa\/#listItem","name":"Espa\u00f1a es el tercer socio de IFC en Europa"},"previousItem":{"@type":"ListItem","@id":"https:\/\/www.eldigitaldeasturias.com\/noticias#listItem","name":"Home"}},{"@type":"ListItem","@id":"https:\/\/www.eldigitaldeasturias.com\/noticias\/espana-es-el-tercer-socio-de-ifc-en-europa\/#listItem","position":3,"name":"Espa\u00f1a es el tercer socio de IFC en Europa","previousItem":{"@type":"ListItem","@id":"https:\/\/www.eldigitaldeasturias.com\/noticias\/category\/economia\/#listItem","name":"Econom\u00eda"}}]},{"@type":"Organization","@id":"https:\/\/www.eldigitaldeasturias.com\/noticias\/#organization","name":"El Digital de Asturias","description":"Hemeroteca","url":"https:\/\/www.eldigitaldeasturias.com\/noticias\/","email":"info@eldigitaldeasturias.com","telephone":"+34652131393","logo":{"@type":"ImageObject","url":"https:\/\/www.eldigitaldeasturias.com\/noticias\/wp-content\/uploads\/2020\/12\/EDA.jpg","@id":"https:\/\/www.eldigitaldeasturias.com\/noticias\/espana-es-el-tercer-socio-de-ifc-en-europa\/#organizationLogo","width":649,"height":297},"image":{"@id":"https:\/\/www.eldigitaldeasturias.com\/noticias\/espana-es-el-tercer-socio-de-ifc-en-europa\/#organizationLogo"},"sameAs":["https:\/\/facebook.com\/eldigitaldeasturias","https:\/\/www.youtube.com\/channel\/UCZP-2wLEB9Rv6erhFmqVnvg"],"address":{"@id":"https:\/\/www.eldigitaldeasturias.com\/noticias\/#postaladdress","@type":"PostalAddress","streetAddress":"san antonio 4,","postalCode":"33430","addressLocality":"Cand\u00e1s","addressRegion":"Asturias","addressCountry":"ES"}},{"@type":"Person","@id":"https:\/\/www.eldigitaldeasturias.com\/noticias\/author\/admin\/#author","url":"https:\/\/www.eldigitaldeasturias.com\/noticias\/author\/admin\/","name":"El Digital de Asturias","image":{"@type":"ImageObject","@id":"https:\/\/www.eldigitaldeasturias.com\/noticias\/espana-es-el-tercer-socio-de-ifc-en-europa\/#authorImage","url":"https:\/\/www.eldigitaldeasturias.com\/noticias\/wp-content\/litespeed\/avatar\/18677e78aa0546b92d9dbf31ec7d7668.jpg?ver=1776685526","width":96,"height":96,"caption":"El Digital de Asturias"}},{"@type":"WebPage","@id":"https:\/\/www.eldigitaldeasturias.com\/noticias\/espana-es-el-tercer-socio-de-ifc-en-europa\/#webpage","url":"https:\/\/www.eldigitaldeasturias.com\/noticias\/espana-es-el-tercer-socio-de-ifc-en-europa\/","name":"Espa\u00f1a es el tercer socio de IFC en Europa - El Digital de Asturias","description":"(EP) - Espa\u00f1a, a trav\u00e9s del Ministerio de Asuntos Econ\u00f3micos y Transformaci\u00f3n Digital, ha renovado su acuerdo con la IFC del Grupo Banco Mundial","inLanguage":"es-ES","isPartOf":{"@id":"https:\/\/www.eldigitaldeasturias.com\/noticias\/#website"},"breadcrumb":{"@id":"https:\/\/www.eldigitaldeasturias.com\/noticias\/espana-es-el-tercer-socio-de-ifc-en-europa\/#breadcrumblist"},"author":{"@id":"https:\/\/www.eldigitaldeasturias.com\/noticias\/author\/admin\/#author"},"creator":{"@id":"https:\/\/www.eldigitaldeasturias.com\/noticias\/author\/admin\/#author"},"image":{"@type":"ImageObject","url":"https:\/\/www.eldigitaldeasturias.com\/noticias\/wp-content\/uploads\/2022\/10\/IFC.jpg","@id":"https:\/\/www.eldigitaldeasturias.com\/noticias\/espana-es-el-tercer-socio-de-ifc-en-europa\/#mainImage","width":996,"height":664,"caption":"Foto: A. P\u00e9rez Meca - Europa Press"},"primaryImageOfPage":{"@id":"https:\/\/www.eldigitaldeasturias.com\/noticias\/espana-es-el-tercer-socio-de-ifc-en-europa\/#mainImage"},"datePublished":"2022-10-17T03:49:57+02:00","dateModified":"2022-10-17T03:49:57+02:00"},{"@type":"WebSite","@id":"https:\/\/www.eldigitaldeasturias.com\/noticias\/#website","url":"https:\/\/www.eldigitaldeasturias.com\/noticias\/","name":"El Digital de Asturias - Diario de actualidad y noticias","alternateName":"El Digital de Asturias - Diario de actualidad y noticias","description":"Hemeroteca","inLanguage":"es-ES","publisher":{"@id":"https:\/\/www.eldigitaldeasturias.com\/noticias\/#organization"}}]},"og:locale":"es_ES","og:site_name":"El Digital de Asturias","og:type":"article","og:title":"Espa\u00f1a es el tercer socio de IFC en Europa - El Digital de Asturias","og:description":"(EP) - Espa\u00f1a, a trav\u00e9s del Ministerio de Asuntos Econ\u00f3micos y Transformaci\u00f3n Digital, ha renovado su acuerdo con la IFC del Grupo Banco Mundial","og:url":"https:\/\/www.eldigitaldeasturias.com\/noticias\/espana-es-el-tercer-socio-de-ifc-en-europa\/","og:image":"https:\/\/www.eldigitaldeasturias.com\/noticias\/wp-content\/uploads\/2022\/10\/IFC.jpg","og:image:secure_url":"https:\/\/www.eldigitaldeasturias.com\/noticias\/wp-content\/uploads\/2022\/10\/IFC.jpg","og:image:width":996,"og:image:height":664,"article:tag":["econom\u00eda"],"article:published_time":"2022-10-17T01:49:57+00:00","article:modified_time":"2022-10-17T01:49:57+00:00","article:publisher":"https:\/\/facebook.com\/eldigitaldeasturias","twitter:card":"summary_large_image","twitter:title":"Espa\u00f1a es el tercer socio de IFC en Europa - El Digital de Asturias","twitter:description":"(EP) - Espa\u00f1a, a trav\u00e9s del Ministerio de Asuntos Econ\u00f3micos y Transformaci\u00f3n Digital, ha renovado su acuerdo con la IFC del Grupo Banco Mundial","twitter:image":"https:\/\/www.eldigitaldeasturias.com\/noticias\/wp-content\/uploads\/2022\/10\/IFC.jpg","twitter:label1":"Escrito por","twitter:data1":"El Digital de Asturias","twitter:label2":"Tiempo de lectura estimado","twitter:data2":"3 minutos"},"aioseo_meta_data":{"post_id":"1117960","title":null,"description":"(EP) - Espa\u00f1a, a trav\u00e9s del Ministerio de Asuntos Econ\u00f3micos y Transformaci\u00f3n Digital, ha renovado su acuerdo con la IFC del Grupo Banco Mundial","keywords":[],"keyphrases":{"focus":{"keyphrase":"IFC","score":93,"analysis":{"keyphraseInTitle":{"title":"Focus keyphrase in SEO title","description":"Focus keyphrase found in SEO title.","score":9,"maxScore":9,"error":0},"keyphraseInDescription":{"title":"Focus keyphrase in meta description","description":"Focus keyphrase found in meta description.","score":9,"maxScore":9,"error":0},"keyphraseLength":{"title":"Focus keyphrase length","description":"Good job!","score":9,"maxScore":9,"error":0,"length":1},"keyphraseInURL":{"title":"Focus keyphrase in URL","description":"Focus keyphrase not found in the URL.","score":1,"maxScore":5,"error":1},"keyphraseInIntroduction":{"title":"Focus keyphrase in introduction","description":"Your Focus keyphrase appears in the first paragraph. Well done!","score":9,"maxScore":9,"error":0},"keyphraseInSubHeadings":{"title":"Focus keyphrase in Subheadings","description":"Your H2 and H3 subheadings reflects the topic of your copy. Good job!","score":9,"maxScore":9,"error":0},"keyphraseInImageAlt":{"title":"Focus keyphrase in image alt attributes","description":"Focus keyphrase found in image alt attribute(s).","score":9,"maxScore":9,"error":0}}},"additional":[{"keyphrase":"Banco Mundial","score":83,"analysis":{"keyphraseInDescription":{"title":"Keyphrase in meta description","description":"Keyphrase found in meta description.","score":9,"maxScore":9,"error":0},"keyphraseLength":{"title":"Keyphrase length","description":"Good job!","score":9,"maxScore":9,"error":0,"length":2},"keyphraseInIntroduction":{"title":"Keyphrase in introduction","description":"Your Keyphrase appears in the first paragraph. Well done!","score":9,"maxScore":9,"error":0},"keyphraseInImageAlt":{"title":"Keyphrase in image alt attributes","description":"Keyphrase not found in image alt attribute(s). Add an image with your Keyphrase as alt text.","score":3,"maxScore":9,"error":1}}},{"keyphrase":"Espa\u00f1a","score":83,"analysis":{"keyphraseInDescription":{"title":"Keyphrase in meta description","description":"Keyphrase found in meta description.","score":9,"maxScore":9,"error":0},"keyphraseLength":{"title":"Keyphrase length","description":"Good job!","score":9,"maxScore":9,"error":0,"length":1},"keyphraseInIntroduction":{"title":"Keyphrase in introduction","description":"Your Keyphrase appears in the first paragraph. Well done!","score":9,"maxScore":9,"error":0},"keyphraseInImageAlt":{"title":"Keyphrase in image alt attributes","description":"Keyphrase not found in image alt attribute(s). Add an image with your Keyphrase as alt text.","score":3,"maxScore":9,"error":1}}}]},"primary_term":null,"canonical_url":null,"og_title":null,"og_description":null,"og_object_type":"default","og_image_type":"default","og_image_url":null,"og_image_width":null,"og_image_height":null,"og_image_custom_url":null,"og_image_custom_fields":null,"og_video":"","og_custom_url":null,"og_article_section":null,"og_article_tags":[],"twitter_use_og":false,"twitter_card":"default","twitter_image_type":"default","twitter_image_url":null,"twitter_image_custom_url":null,"twitter_image_custom_fields":null,"twitter_title":null,"twitter_description":null,"schema":{"blockGraphs":[],"customGraphs":[],"default":{"data":{"Article":[],"Course":[],"Dataset":[],"FAQPage":[],"Movie":[],"Person":[],"Product":[],"ProductReview":[],"Car":[],"Recipe":[],"Service":[],"SoftwareApplication":[],"WebPage":[]},"graphName":"BlogPosting","isEnabled":true},"graphs":[]},"schema_type":"default","schema_type_options":null,"pillar_content":false,"robots_default":true,"robots_noindex":false,"robots_noarchive":false,"robots_nosnippet":false,"robots_nofollow":false,"robots_noimageindex":false,"robots_noodp":false,"robots_notranslate":false,"robots_max_snippet":"-1","robots_max_videopreview":"-1","robots_max_imagepreview":"large","priority":null,"frequency":"default","local_seo":null,"seo_analyzer_scan_date":"2025-10-04 03:29:47","breadcrumb_settings":null,"limit_modified_date":false,"open_ai":null,"ai":null,"created":"2022-10-17 01:45:00","updated":"2025-10-04 03:29:47"},"aioseo_breadcrumb":"<div class=\"aioseo-breadcrumbs\"><span class=\"aioseo-breadcrumb\">\n\t<a href=\"https:\/\/www.eldigitaldeasturias.com\/noticias\" title=\"Home\">Home<\/a>\n<\/span><span class=\"aioseo-breadcrumb-separator\">\u2013<\/span><span class=\"aioseo-breadcrumb\">\n\t<a href=\"https:\/\/www.eldigitaldeasturias.com\/noticias\/category\/economia\/\" title=\"Econom\u00eda\">Econom\u00eda<\/a>\n<\/span><span class=\"aioseo-breadcrumb-separator\">\u2013<\/span><span class=\"aioseo-breadcrumb\">\n\t<a href=\"https:\/\/www.eldigitaldeasturias.com\/noticias\/espana-es-el-tercer-socio-de-ifc-en-europa\/\" title=\"Espa\u00f1a es el tercer socio de IFC en Europa\">Espa\u00f1a es el tercer socio de IFC en Europa<\/a>\n<\/span><\/div>","aioseo_breadcrumb_json":[{"label":"Home","link":"https:\/\/www.eldigitaldeasturias.com\/noticias"},{"label":"Econom\u00eda","link":"https:\/\/www.eldigitaldeasturias.com\/noticias\/category\/economia\/"},{"label":"Espa\u00f1a es el tercer socio de IFC en Europa","link":"https:\/\/www.eldigitaldeasturias.com\/noticias\/espana-es-el-tercer-socio-de-ifc-en-europa\/"}],"_links":{"self":[{"href":"https:\/\/www.eldigitaldeasturias.com\/noticias\/wp-json\/wp\/v2\/posts\/1117960","targetHints":{"allow":["GET"]}}],"collection":[{"href":"https:\/\/www.eldigitaldeasturias.com\/noticias\/wp-json\/wp\/v2\/posts"}],"about":[{"href":"https:\/\/www.eldigitaldeasturias.com\/noticias\/wp-json\/wp\/v2\/types\/post"}],"author":[{"embeddable":true,"href":"https:\/\/www.eldigitaldeasturias.com\/noticias\/wp-json\/wp\/v2\/users\/1"}],"replies":[{"embeddable":true,"href":"https:\/\/www.eldigitaldeasturias.com\/noticias\/wp-json\/wp\/v2\/comments?post=1117960"}],"version-history":[{"count":0,"href":"https:\/\/www.eldigitaldeasturias.com\/noticias\/wp-json\/wp\/v2\/posts\/1117960\/revisions"}],"wp:featuredmedia":[{"embeddable":true,"href":"https:\/\/www.eldigitaldeasturias.com\/noticias\/wp-json\/wp\/v2\/media\/1117961"}],"wp:attachment":[{"href":"https:\/\/www.eldigitaldeasturias.com\/noticias\/wp-json\/wp\/v2\/media?parent=1117960"}],"wp:term":[{"taxonomy":"category","embeddable":true,"href":"https:\/\/www.eldigitaldeasturias.com\/noticias\/wp-json\/wp\/v2\/categories?post=1117960"},{"taxonomy":"post_tag","embeddable":true,"href":"https:\/\/www.eldigitaldeasturias.com\/noticias\/wp-json\/wp\/v2\/tags?post=1117960"}],"curies":[{"name":"wp","href":"https:\/\/api.w.org\/{rel}","templated":true}]}}