{"id":1117887,"date":"2022-10-15T16:45:21","date_gmt":"2022-10-15T14:45:21","guid":{"rendered":"https:\/\/www.eldigitaldeasturias.com\/noticias\/?p=1117887"},"modified":"2022-10-15T16:45:21","modified_gmt":"2022-10-15T14:45:21","slug":"el-almacen-fotovoltaico-nuevos-distribuidores-de-solis-ginglong","status":"publish","type":"post","link":"https:\/\/www.eldigitaldeasturias.com\/noticias\/el-almacen-fotovoltaico-nuevos-distribuidores-de-solis-ginglong\/","title":{"rendered":"El Almac\u00e9n Fotovoltaico: Nuevos distribuidores de Solis Ginglong"},"content":{"rendered":"<p><span style=\"font-weight: 400;\">Entusiasmados con la inclusi\u00f3n de la nueva marca en nuestro cat\u00e1logo, que nos permitir\u00e1 seguir brindando <\/span><b>un servicio de calidad a todos nuestros clientes<\/b><span style=\"font-weight: 400;\">, nuestro equipo de expertos se encuentra en constante exploraci\u00f3n de todas las opciones que nos ofrece el mercado en esta direcci\u00f3n. Con este fin, dedicamos importantes recursos a comprender las condiciones exactas del mercado para presentar m\u00e1s adelante nuevas soluciones a nuestros clientes.<\/span><\/p>\n<p><img loading=\"lazy\" decoding=\"async\" class=\"aligncenter wp-image-1117888 size-large\" src=\"https:\/\/www.eldigitaldeasturias.com\/noticias\/wp-content\/uploads\/2022\/10\/Fotovoltaico-650x469.jpg\" alt=\"Fotovoltaico\" width=\"650\" height=\"469\" srcset=\"https:\/\/www.eldigitaldeasturias.com\/noticias\/wp-content\/uploads\/2022\/10\/Fotovoltaico-650x469.jpg 650w, https:\/\/www.eldigitaldeasturias.com\/noticias\/wp-content\/uploads\/2022\/10\/Fotovoltaico-360x260.jpg 360w, https:\/\/www.eldigitaldeasturias.com\/noticias\/wp-content\/uploads\/2022\/10\/Fotovoltaico-416x300.jpg 416w, https:\/\/www.eldigitaldeasturias.com\/noticias\/wp-content\/uploads\/2022\/10\/Fotovoltaico-768x554.jpg 768w, https:\/\/www.eldigitaldeasturias.com\/noticias\/wp-content\/uploads\/2022\/10\/Fotovoltaico-150x108.jpg 150w, https:\/\/www.eldigitaldeasturias.com\/noticias\/wp-content\/uploads\/2022\/10\/Fotovoltaico-450x325.jpg 450w, https:\/\/www.eldigitaldeasturias.com\/noticias\/wp-content\/uploads\/2022\/10\/Fotovoltaico.jpg 978w\" sizes=\"auto, (max-width: 650px) 100vw, 650px\" \/><\/p>\n<p><span style=\"font-weight: 400;\">En este contexto, en <\/span><span style=\"color: #ff6600;\"><strong><a style=\"color: #ff6600;\" href=\"https:\/\/elalmacenfotovoltaico.com\/\" target=\"_blank\" rel=\"nofollow noopener\">el almacen fotovoltaico<\/a><\/strong><\/span><span style=\"font-weight: 400;\"> hemos integrado recientemente la reconocida marca de inversores solares Solis Ginglong. \u00abSe trata de una nueva incorporaci\u00f3n que se une a nuestro portfolio y que nos ayuda a poder seguir ofreciendo todo tipo de opciones de gran calidad con las que ofrecer nuevos escenarios\u00bb; comenta su <\/span><i><span style=\"font-weight: 400;\">CEO Alejandro Vazquez.<\/span><\/i><\/p>\n<h2><b>Sobre Solis Ginglong<\/b><\/h2>\n<p><span style=\"font-weight: 400;\">A nivel mundial, <\/span><span style=\"color: #ff6600;\"><strong><a style=\"color: #ff6600;\" href=\"https:\/\/elalmacenfotovoltaico.com\/37_solis\" target=\"_blank\" rel=\"nofollow noopener\">Solis Ginglong<\/a><\/strong><\/span><span style=\"font-weight: 400;\"> es una de las marcas m\u00e1s reconocidas internacionalmente en la industria. Fundada en <\/span><b>2005, <\/b><span style=\"font-weight: 400;\">fue la primera empresa de propiedad p\u00fablica y cotizada en bolsa de fabricaci\u00f3n de inversores. Cuenta ya con una trayectoria bien documentada y se ha convertido en una de las marcas l\u00edderes en el sector fotovoltaico. <\/span><b>Solis Ginglong<\/b><span style=\"font-weight: 400;\"> fue clasificada como el proveedor de inversores fotovoltaicos n\u00famero 3 a nivel mundial en t\u00e9rminos de env\u00edos en 2021, de acuerdo con las estimaciones de IHS Markit, ahora parte de S&amp;P Global.<\/span><\/p>\n<p><span style=\"font-weight: 400;\">Una de las razones por las que <\/span><b>Solis<\/b><span style=\"font-weight: 400;\"> ha podido lograr su posici\u00f3n actual en el mercado es la amplia gama de productos que ofrece, que ahora se pueden encontrar en <\/span><b>El Almac\u00e9n Fotovoltaico<\/b><span style=\"font-weight: 400;\">. Enfoque en soluciones residenciales y comerciales. Ay\u00fadanos a obtener un valor agregado interesante y lograr un buen equilibrio entre el costo y el beneficio que nos brinda.<\/span><\/p>\n<p><span style=\"font-weight: 400;\">Como elemento diferenciador de la marca en Espa\u00f1a, dispone de un servicio postventa en la delegaci\u00f3n en Madrid, en el que asisten a instaladores y distribuidores en las puestas en marcha y en las operaciones de mantenimiento.<\/span><\/p>\n<p><span style=\"font-weight: 400;\">En la ultima feria Genera, presentaron las novedades para final de a\u00f1o. La serie de h\u00edbridos se renueva, con la gama S6-EH1P(3-6)K-L y S6-EH3P (5-10)K-G, que como novedad ofrece un aumento en la intensidad de entrada del mppt adaptada a los nuevos m\u00f3dulos, posibilidad de paralelizaci\u00f3n y opci\u00f3n de funcionamiento offgrid, asistido por grupo electr\u00f3geno. De igual modo se espera el inversor de aislada S5-EO1P(5)K-48, paralelizable tanto en configuraci\u00f3n monof\u00e1sica como trif\u00e1sica.<\/span><\/p>\n<h2><b>Referentes en nuestro sector<\/b><\/h2>\n<p><b>El Almac\u00e9n Fotovoltaico<\/b><span style=\"font-weight: 400;\"> nace con una idea clara: ser capaces de convertirnos en una empresa referente en un sector en el que ya exist\u00edan una <\/span><b>gran cantidad de <\/b><span style=\"color: #ff6600;\"><a style=\"color: #ff6600;\" href=\"https:\/\/g.page\/r\/CdcVF1a8mQ-GEBM\" target=\"_blank\" rel=\"nofollow noopener\"><b>distribuidores y marcas especializadas<\/b><\/a><\/span><b>.<\/b><\/p>\n<p><span style=\"font-weight: 400;\">Es por ello que convertimos nuestra experiencia en nuestras principales cartas de valor, apostando solo por aquellos productos que gozan de una excelente consideraci\u00f3n entre el p\u00fablico y, adem\u00e1s, esto nos permite seguir diferenci\u00e1ndonos de nuestros competidores y posicionarnos por encima de ellos.<\/span><\/p>\n<p><span style=\"font-weight: 400;\">Incorporar la marca Solis Ginglong a nuestro cat\u00e1logo es solo un paso m\u00e1s en esa direcci\u00f3n. Ay\u00fadanos a brindar a nuestros clientes todo lo que necesitan para satisfacer todas sus necesidades. Para ello, nuestro equipo de ingenieros y t\u00e9cnicos han sido formados al 100% por la marca y est\u00e1n dise\u00f1ados para poder aportar todos sus conocimientos y ayudar a resolver cualquier duda o consulta que pueda surgir a lo largo del proceso de compra.<\/span><\/p>\n<p><span style=\"font-weight: 400;\">Como especialistas en la comercializaci\u00f3n de sistemas fotovoltaicos, nuestros nuevos canales de comercializaci\u00f3n y la formaci\u00f3n online, act\u00faan como nuestra mejor se\u00f1a de identidad. La contribuci\u00f3n de marcas como la mencionada en el presente art\u00edculo es solo un paso m\u00e1s en la trayectoria que ya llevamos unos meses recorriendo.<\/span><\/p>\n<h2><b>La importancia de un distribuidor autorizado<\/b><\/h2>\n<p><span style=\"font-weight: 400;\">Para nuestra empresa, poder <\/span><b>brindar a nuestros clientes<\/b><span style=\"font-weight: 400;\"> productos que aseguren la satisfacci\u00f3n de todas sus necesidades ha sido uno de nuestros grandes objetivos desde nuestra fundaci\u00f3n. Por ello, la inclusi\u00f3n de esta marca en nuestro cat\u00e1logo supone un importante impulso en nuestra pol\u00edtica con nuestros clientes a la hora de poder cubrir cualquier \u00e1rea de su inter\u00e9s.<\/span><\/p>\n<p><span style=\"font-weight: 400;\">Como <\/span><b>distribuidores oficiales<\/b><span style=\"font-weight: 400;\">, puedes visitar nuestra web para encontrar cualquier producto que forme parte del cat\u00e1logo de la marca. Adem\u00e1s, en el caso de que no encuentres alguna de las referencias en las que est\u00e9s interesado para poder llevar a cabo su instalaci\u00f3n, es suficiente con ponerse en contacto con nuestro equipo comercial para poder comprobar cu\u00e1les son las opciones con los que contamos en el momento actual y que puedan cubrir sus necesidades.<\/span><\/p>\n<p><span style=\"font-weight: 400;\">La confianza en los clientes, la calidad del servicio y la atenci\u00f3n a cada detalle en la operativa del d\u00eda a d\u00eda son solo tres elementos que permiten a El Almac\u00e9n Fotovoltaico seguir integrando una nueva marca con la que poder cumplir con las expectativas de cualquier cliente que trabaje.<\/span><\/p>\n","protected":false},"excerpt":{"rendered":"<p>Entusiasmados con la inclusi\u00f3n de la nueva marca en nuestro cat\u00e1logo, que nos permitir\u00e1 seguir brindando un servicio de calidad a todos nuestros clientes, nuestro equipo de expertos se encuentra en constante exploraci\u00f3n de todas las opciones que nos ofrece el mercado en esta direcci\u00f3n. Con este fin, dedicamos importantes recursos a comprender las condiciones [&hellip;]<\/p>\n","protected":false},"author":1,"featured_media":1117888,"comment_status":"closed","ping_status":"closed","sticky":false,"template":"","format":"standard","meta":{"footnotes":""},"categories":[219],"tags":[],"class_list":["post-1117887","post","type-post","status-publish","format-standard","has-post-thumbnail","hentry","category-negocios-y-empresas"],"aioseo_notices":[],"aioseo_head":"\n\t\t<!-- All in One SEO Pro 4.9.6.2 - aioseo.com -->\n\t<meta name=\"description\" content=\"Entusiasmados con la inclusi\u00f3n de la nueva marca en nuestro cat\u00e1logo, que nos permitir\u00e1 seguir brindando un servicio de calidad a todos nuestros clientes\" \/>\n\t<meta name=\"robots\" content=\"max-image-preview:large\" \/>\n\t<meta name=\"author\" content=\"El Digital de Asturias\"\/>\n\t<meta name=\"google-site-verification\" content=\"UA-38556648-1\" \/>\n\t<meta name=\"msvalidate.01\" content=\"7dfe9f3f1b24437ab69f4f2559babe99\" \/>\n\t<meta name=\"keywords\" content=\"negocios y empresas\" \/>\n\t<link rel=\"canonical\" href=\"https:\/\/www.eldigitaldeasturias.com\/noticias\/el-almacen-fotovoltaico-nuevos-distribuidores-de-solis-ginglong\/\" \/>\n\t<meta name=\"generator\" content=\"All in One SEO Pro (AIOSEO) 4.9.6.2\" \/>\n\t\t<meta property=\"og:locale\" content=\"es_ES\" \/>\n\t\t<meta property=\"og:site_name\" content=\"El Digital de Asturias\" \/>\n\t\t<meta property=\"og:type\" content=\"article\" \/>\n\t\t<meta property=\"og:title\" content=\"El Almac\u00e9n Fotovoltaico: Nuevos distribuidores de Solis Ginglong - El Digital de Asturias\" \/>\n\t\t<meta property=\"og:description\" content=\"Entusiasmados con la inclusi\u00f3n de la nueva marca en nuestro cat\u00e1logo, que nos permitir\u00e1 seguir brindando un servicio de calidad a todos nuestros clientes\" \/>\n\t\t<meta property=\"og:url\" content=\"https:\/\/www.eldigitaldeasturias.com\/noticias\/el-almacen-fotovoltaico-nuevos-distribuidores-de-solis-ginglong\/\" \/>\n\t\t<meta property=\"og:image\" content=\"https:\/\/www.eldigitaldeasturias.com\/noticias\/wp-content\/uploads\/2022\/10\/Fotovoltaico.jpg\" \/>\n\t\t<meta property=\"og:image:secure_url\" content=\"https:\/\/www.eldigitaldeasturias.com\/noticias\/wp-content\/uploads\/2022\/10\/Fotovoltaico.jpg\" \/>\n\t\t<meta property=\"og:image:width\" content=\"978\" \/>\n\t\t<meta property=\"og:image:height\" content=\"706\" \/>\n\t\t<meta property=\"article:tag\" content=\"negocios y empresas\" \/>\n\t\t<meta property=\"article:published_time\" content=\"2022-10-15T14:45:21+00:00\" \/>\n\t\t<meta property=\"article:modified_time\" content=\"2022-10-15T14:45:21+00:00\" \/>\n\t\t<meta property=\"article:publisher\" content=\"https:\/\/facebook.com\/eldigitaldeasturias\" \/>\n\t\t<meta name=\"twitter:card\" content=\"summary_large_image\" \/>\n\t\t<meta name=\"twitter:title\" content=\"El Almac\u00e9n Fotovoltaico: Nuevos distribuidores de Solis Ginglong - El Digital de Asturias\" \/>\n\t\t<meta name=\"twitter:description\" content=\"Entusiasmados con la inclusi\u00f3n de la nueva marca en nuestro cat\u00e1logo, que nos permitir\u00e1 seguir brindando un servicio de calidad a todos nuestros clientes\" \/>\n\t\t<meta name=\"twitter:image\" content=\"https:\/\/www.eldigitaldeasturias.com\/noticias\/wp-content\/uploads\/2022\/10\/Fotovoltaico.jpg\" \/>\n\t\t<meta name=\"twitter:label1\" content=\"Escrito por\" \/>\n\t\t<meta name=\"twitter:data1\" content=\"El Digital de Asturias\" \/>\n\t\t<meta name=\"twitter:label2\" content=\"Tiempo de lectura estimado\" \/>\n\t\t<meta name=\"twitter:data2\" content=\"4 minutos\" \/>\n\t\t<script type=\"application\/ld+json\" class=\"aioseo-schema\">\n\t\t\t{\"@context\":\"https:\\\/\\\/schema.org\",\"@graph\":[{\"@type\":\"BlogPosting\",\"@id\":\"https:\\\/\\\/www.eldigitaldeasturias.com\\\/noticias\\\/el-almacen-fotovoltaico-nuevos-distribuidores-de-solis-ginglong\\\/#blogposting\",\"name\":\"El Almac\\u00e9n Fotovoltaico: Nuevos distribuidores de Solis Ginglong - El Digital de Asturias\",\"headline\":\"El Almac\\u00e9n Fotovoltaico: Nuevos distribuidores de Solis Ginglong\",\"author\":{\"@id\":\"https:\\\/\\\/www.eldigitaldeasturias.com\\\/noticias\\\/author\\\/admin\\\/#author\"},\"publisher\":{\"@id\":\"https:\\\/\\\/www.eldigitaldeasturias.com\\\/noticias\\\/#organization\"},\"image\":{\"@type\":\"ImageObject\",\"url\":\"https:\\\/\\\/www.eldigitaldeasturias.com\\\/noticias\\\/wp-content\\\/uploads\\\/2022\\\/10\\\/Fotovoltaico.jpg\",\"width\":978,\"height\":706,\"caption\":\"Fotovoltaico\"},\"datePublished\":\"2022-10-15T16:45:21+02:00\",\"dateModified\":\"2022-10-15T16:45:21+02:00\",\"inLanguage\":\"es-ES\",\"mainEntityOfPage\":{\"@id\":\"https:\\\/\\\/www.eldigitaldeasturias.com\\\/noticias\\\/el-almacen-fotovoltaico-nuevos-distribuidores-de-solis-ginglong\\\/#webpage\"},\"isPartOf\":{\"@id\":\"https:\\\/\\\/www.eldigitaldeasturias.com\\\/noticias\\\/el-almacen-fotovoltaico-nuevos-distribuidores-de-solis-ginglong\\\/#webpage\"},\"articleSection\":\"Negocios y Empresas\"},{\"@type\":\"BreadcrumbList\",\"@id\":\"https:\\\/\\\/www.eldigitaldeasturias.com\\\/noticias\\\/el-almacen-fotovoltaico-nuevos-distribuidores-de-solis-ginglong\\\/#breadcrumblist\",\"itemListElement\":[{\"@type\":\"ListItem\",\"@id\":\"https:\\\/\\\/www.eldigitaldeasturias.com\\\/noticias#listItem\",\"position\":1,\"name\":\"Home\",\"item\":\"https:\\\/\\\/www.eldigitaldeasturias.com\\\/noticias\",\"nextItem\":{\"@type\":\"ListItem\",\"@id\":\"https:\\\/\\\/www.eldigitaldeasturias.com\\\/noticias\\\/category\\\/negocios-y-empresas\\\/#listItem\",\"name\":\"Negocios y Empresas\"}},{\"@type\":\"ListItem\",\"@id\":\"https:\\\/\\\/www.eldigitaldeasturias.com\\\/noticias\\\/category\\\/negocios-y-empresas\\\/#listItem\",\"position\":2,\"name\":\"Negocios y Empresas\",\"item\":\"https:\\\/\\\/www.eldigitaldeasturias.com\\\/noticias\\\/category\\\/negocios-y-empresas\\\/\",\"nextItem\":{\"@type\":\"ListItem\",\"@id\":\"https:\\\/\\\/www.eldigitaldeasturias.com\\\/noticias\\\/el-almacen-fotovoltaico-nuevos-distribuidores-de-solis-ginglong\\\/#listItem\",\"name\":\"El Almac\\u00e9n Fotovoltaico: Nuevos distribuidores de Solis Ginglong\"},\"previousItem\":{\"@type\":\"ListItem\",\"@id\":\"https:\\\/\\\/www.eldigitaldeasturias.com\\\/noticias#listItem\",\"name\":\"Home\"}},{\"@type\":\"ListItem\",\"@id\":\"https:\\\/\\\/www.eldigitaldeasturias.com\\\/noticias\\\/el-almacen-fotovoltaico-nuevos-distribuidores-de-solis-ginglong\\\/#listItem\",\"position\":3,\"name\":\"El Almac\\u00e9n Fotovoltaico: Nuevos distribuidores de Solis Ginglong\",\"previousItem\":{\"@type\":\"ListItem\",\"@id\":\"https:\\\/\\\/www.eldigitaldeasturias.com\\\/noticias\\\/category\\\/negocios-y-empresas\\\/#listItem\",\"name\":\"Negocios y Empresas\"}}]},{\"@type\":\"Organization\",\"@id\":\"https:\\\/\\\/www.eldigitaldeasturias.com\\\/noticias\\\/#organization\",\"name\":\"El Digital de Asturias\",\"description\":\"Hemeroteca\",\"url\":\"https:\\\/\\\/www.eldigitaldeasturias.com\\\/noticias\\\/\",\"email\":\"info@eldigitaldeasturias.com\",\"telephone\":\"+34652131393\",\"logo\":{\"@type\":\"ImageObject\",\"url\":\"https:\\\/\\\/www.eldigitaldeasturias.com\\\/noticias\\\/wp-content\\\/uploads\\\/2020\\\/12\\\/EDA.jpg\",\"@id\":\"https:\\\/\\\/www.eldigitaldeasturias.com\\\/noticias\\\/el-almacen-fotovoltaico-nuevos-distribuidores-de-solis-ginglong\\\/#organizationLogo\",\"width\":649,\"height\":297},\"image\":{\"@id\":\"https:\\\/\\\/www.eldigitaldeasturias.com\\\/noticias\\\/el-almacen-fotovoltaico-nuevos-distribuidores-de-solis-ginglong\\\/#organizationLogo\"},\"sameAs\":[\"https:\\\/\\\/facebook.com\\\/eldigitaldeasturias\",\"https:\\\/\\\/www.youtube.com\\\/channel\\\/UCZP-2wLEB9Rv6erhFmqVnvg\"],\"address\":{\"@id\":\"https:\\\/\\\/www.eldigitaldeasturias.com\\\/noticias\\\/#postaladdress\",\"@type\":\"PostalAddress\",\"streetAddress\":\"san antonio 4,\",\"postalCode\":\"33430\",\"addressLocality\":\"Cand\\u00e1s\",\"addressRegion\":\"Asturias\",\"addressCountry\":\"ES\"}},{\"@type\":\"Person\",\"@id\":\"https:\\\/\\\/www.eldigitaldeasturias.com\\\/noticias\\\/author\\\/admin\\\/#author\",\"url\":\"https:\\\/\\\/www.eldigitaldeasturias.com\\\/noticias\\\/author\\\/admin\\\/\",\"name\":\"El Digital de Asturias\",\"image\":{\"@type\":\"ImageObject\",\"@id\":\"https:\\\/\\\/www.eldigitaldeasturias.com\\\/noticias\\\/el-almacen-fotovoltaico-nuevos-distribuidores-de-solis-ginglong\\\/#authorImage\",\"url\":\"https:\\\/\\\/www.eldigitaldeasturias.com\\\/noticias\\\/wp-content\\\/litespeed\\\/avatar\\\/18677e78aa0546b92d9dbf31ec7d7668.jpg?ver=1776685526\",\"width\":96,\"height\":96,\"caption\":\"El Digital de Asturias\"}},{\"@type\":\"WebPage\",\"@id\":\"https:\\\/\\\/www.eldigitaldeasturias.com\\\/noticias\\\/el-almacen-fotovoltaico-nuevos-distribuidores-de-solis-ginglong\\\/#webpage\",\"url\":\"https:\\\/\\\/www.eldigitaldeasturias.com\\\/noticias\\\/el-almacen-fotovoltaico-nuevos-distribuidores-de-solis-ginglong\\\/\",\"name\":\"El Almac\\u00e9n Fotovoltaico: Nuevos distribuidores de Solis Ginglong - El Digital de Asturias\",\"description\":\"Entusiasmados con la inclusi\\u00f3n de la nueva marca en nuestro cat\\u00e1logo, que nos permitir\\u00e1 seguir brindando un servicio de calidad a todos nuestros clientes\",\"inLanguage\":\"es-ES\",\"isPartOf\":{\"@id\":\"https:\\\/\\\/www.eldigitaldeasturias.com\\\/noticias\\\/#website\"},\"breadcrumb\":{\"@id\":\"https:\\\/\\\/www.eldigitaldeasturias.com\\\/noticias\\\/el-almacen-fotovoltaico-nuevos-distribuidores-de-solis-ginglong\\\/#breadcrumblist\"},\"author\":{\"@id\":\"https:\\\/\\\/www.eldigitaldeasturias.com\\\/noticias\\\/author\\\/admin\\\/#author\"},\"creator\":{\"@id\":\"https:\\\/\\\/www.eldigitaldeasturias.com\\\/noticias\\\/author\\\/admin\\\/#author\"},\"image\":{\"@type\":\"ImageObject\",\"url\":\"https:\\\/\\\/www.eldigitaldeasturias.com\\\/noticias\\\/wp-content\\\/uploads\\\/2022\\\/10\\\/Fotovoltaico.jpg\",\"@id\":\"https:\\\/\\\/www.eldigitaldeasturias.com\\\/noticias\\\/el-almacen-fotovoltaico-nuevos-distribuidores-de-solis-ginglong\\\/#mainImage\",\"width\":978,\"height\":706,\"caption\":\"Fotovoltaico\"},\"primaryImageOfPage\":{\"@id\":\"https:\\\/\\\/www.eldigitaldeasturias.com\\\/noticias\\\/el-almacen-fotovoltaico-nuevos-distribuidores-de-solis-ginglong\\\/#mainImage\"},\"datePublished\":\"2022-10-15T16:45:21+02:00\",\"dateModified\":\"2022-10-15T16:45:21+02:00\"},{\"@type\":\"WebSite\",\"@id\":\"https:\\\/\\\/www.eldigitaldeasturias.com\\\/noticias\\\/#website\",\"url\":\"https:\\\/\\\/www.eldigitaldeasturias.com\\\/noticias\\\/\",\"name\":\"El Digital de Asturias - Diario de actualidad y noticias\",\"alternateName\":\"El Digital de Asturias - Diario de actualidad y noticias\",\"description\":\"Hemeroteca\",\"inLanguage\":\"es-ES\",\"publisher\":{\"@id\":\"https:\\\/\\\/www.eldigitaldeasturias.com\\\/noticias\\\/#organization\"}}]}\n\t\t<\/script>\n\t\t<!-- All in One SEO Pro -->\r\n\t\t<title>El Almac\u00e9n Fotovoltaico: Nuevos distribuidores de Solis Ginglong - El Digital de Asturias<\/title>\n\n","aioseo_head_json":{"title":"El Almac\u00e9n Fotovoltaico: Nuevos distribuidores de Solis Ginglong - El Digital de Asturias","description":"Entusiasmados con la inclusi\u00f3n de la nueva marca en nuestro cat\u00e1logo, que nos permitir\u00e1 seguir brindando un servicio de calidad a todos nuestros clientes","canonical_url":"https:\/\/www.eldigitaldeasturias.com\/noticias\/el-almacen-fotovoltaico-nuevos-distribuidores-de-solis-ginglong\/","robots":"max-image-preview:large","keywords":"negocios y empresas","webmasterTools":{"google-site-verification":"UA-38556648-1","msvalidate.01":"7dfe9f3f1b24437ab69f4f2559babe99","miscellaneous":""},"schema":{"@context":"https:\/\/schema.org","@graph":[{"@type":"BlogPosting","@id":"https:\/\/www.eldigitaldeasturias.com\/noticias\/el-almacen-fotovoltaico-nuevos-distribuidores-de-solis-ginglong\/#blogposting","name":"El Almac\u00e9n Fotovoltaico: Nuevos distribuidores de Solis Ginglong - El Digital de Asturias","headline":"El Almac\u00e9n Fotovoltaico: Nuevos distribuidores de Solis Ginglong","author":{"@id":"https:\/\/www.eldigitaldeasturias.com\/noticias\/author\/admin\/#author"},"publisher":{"@id":"https:\/\/www.eldigitaldeasturias.com\/noticias\/#organization"},"image":{"@type":"ImageObject","url":"https:\/\/www.eldigitaldeasturias.com\/noticias\/wp-content\/uploads\/2022\/10\/Fotovoltaico.jpg","width":978,"height":706,"caption":"Fotovoltaico"},"datePublished":"2022-10-15T16:45:21+02:00","dateModified":"2022-10-15T16:45:21+02:00","inLanguage":"es-ES","mainEntityOfPage":{"@id":"https:\/\/www.eldigitaldeasturias.com\/noticias\/el-almacen-fotovoltaico-nuevos-distribuidores-de-solis-ginglong\/#webpage"},"isPartOf":{"@id":"https:\/\/www.eldigitaldeasturias.com\/noticias\/el-almacen-fotovoltaico-nuevos-distribuidores-de-solis-ginglong\/#webpage"},"articleSection":"Negocios y Empresas"},{"@type":"BreadcrumbList","@id":"https:\/\/www.eldigitaldeasturias.com\/noticias\/el-almacen-fotovoltaico-nuevos-distribuidores-de-solis-ginglong\/#breadcrumblist","itemListElement":[{"@type":"ListItem","@id":"https:\/\/www.eldigitaldeasturias.com\/noticias#listItem","position":1,"name":"Home","item":"https:\/\/www.eldigitaldeasturias.com\/noticias","nextItem":{"@type":"ListItem","@id":"https:\/\/www.eldigitaldeasturias.com\/noticias\/category\/negocios-y-empresas\/#listItem","name":"Negocios y Empresas"}},{"@type":"ListItem","@id":"https:\/\/www.eldigitaldeasturias.com\/noticias\/category\/negocios-y-empresas\/#listItem","position":2,"name":"Negocios y Empresas","item":"https:\/\/www.eldigitaldeasturias.com\/noticias\/category\/negocios-y-empresas\/","nextItem":{"@type":"ListItem","@id":"https:\/\/www.eldigitaldeasturias.com\/noticias\/el-almacen-fotovoltaico-nuevos-distribuidores-de-solis-ginglong\/#listItem","name":"El Almac\u00e9n Fotovoltaico: Nuevos distribuidores de Solis Ginglong"},"previousItem":{"@type":"ListItem","@id":"https:\/\/www.eldigitaldeasturias.com\/noticias#listItem","name":"Home"}},{"@type":"ListItem","@id":"https:\/\/www.eldigitaldeasturias.com\/noticias\/el-almacen-fotovoltaico-nuevos-distribuidores-de-solis-ginglong\/#listItem","position":3,"name":"El Almac\u00e9n Fotovoltaico: Nuevos distribuidores de Solis Ginglong","previousItem":{"@type":"ListItem","@id":"https:\/\/www.eldigitaldeasturias.com\/noticias\/category\/negocios-y-empresas\/#listItem","name":"Negocios y Empresas"}}]},{"@type":"Organization","@id":"https:\/\/www.eldigitaldeasturias.com\/noticias\/#organization","name":"El Digital de Asturias","description":"Hemeroteca","url":"https:\/\/www.eldigitaldeasturias.com\/noticias\/","email":"info@eldigitaldeasturias.com","telephone":"+34652131393","logo":{"@type":"ImageObject","url":"https:\/\/www.eldigitaldeasturias.com\/noticias\/wp-content\/uploads\/2020\/12\/EDA.jpg","@id":"https:\/\/www.eldigitaldeasturias.com\/noticias\/el-almacen-fotovoltaico-nuevos-distribuidores-de-solis-ginglong\/#organizationLogo","width":649,"height":297},"image":{"@id":"https:\/\/www.eldigitaldeasturias.com\/noticias\/el-almacen-fotovoltaico-nuevos-distribuidores-de-solis-ginglong\/#organizationLogo"},"sameAs":["https:\/\/facebook.com\/eldigitaldeasturias","https:\/\/www.youtube.com\/channel\/UCZP-2wLEB9Rv6erhFmqVnvg"],"address":{"@id":"https:\/\/www.eldigitaldeasturias.com\/noticias\/#postaladdress","@type":"PostalAddress","streetAddress":"san antonio 4,","postalCode":"33430","addressLocality":"Cand\u00e1s","addressRegion":"Asturias","addressCountry":"ES"}},{"@type":"Person","@id":"https:\/\/www.eldigitaldeasturias.com\/noticias\/author\/admin\/#author","url":"https:\/\/www.eldigitaldeasturias.com\/noticias\/author\/admin\/","name":"El Digital de Asturias","image":{"@type":"ImageObject","@id":"https:\/\/www.eldigitaldeasturias.com\/noticias\/el-almacen-fotovoltaico-nuevos-distribuidores-de-solis-ginglong\/#authorImage","url":"https:\/\/www.eldigitaldeasturias.com\/noticias\/wp-content\/litespeed\/avatar\/18677e78aa0546b92d9dbf31ec7d7668.jpg?ver=1776685526","width":96,"height":96,"caption":"El Digital de Asturias"}},{"@type":"WebPage","@id":"https:\/\/www.eldigitaldeasturias.com\/noticias\/el-almacen-fotovoltaico-nuevos-distribuidores-de-solis-ginglong\/#webpage","url":"https:\/\/www.eldigitaldeasturias.com\/noticias\/el-almacen-fotovoltaico-nuevos-distribuidores-de-solis-ginglong\/","name":"El Almac\u00e9n Fotovoltaico: Nuevos distribuidores de Solis Ginglong - El Digital de Asturias","description":"Entusiasmados con la inclusi\u00f3n de la nueva marca en nuestro cat\u00e1logo, que nos permitir\u00e1 seguir brindando un servicio de calidad a todos nuestros clientes","inLanguage":"es-ES","isPartOf":{"@id":"https:\/\/www.eldigitaldeasturias.com\/noticias\/#website"},"breadcrumb":{"@id":"https:\/\/www.eldigitaldeasturias.com\/noticias\/el-almacen-fotovoltaico-nuevos-distribuidores-de-solis-ginglong\/#breadcrumblist"},"author":{"@id":"https:\/\/www.eldigitaldeasturias.com\/noticias\/author\/admin\/#author"},"creator":{"@id":"https:\/\/www.eldigitaldeasturias.com\/noticias\/author\/admin\/#author"},"image":{"@type":"ImageObject","url":"https:\/\/www.eldigitaldeasturias.com\/noticias\/wp-content\/uploads\/2022\/10\/Fotovoltaico.jpg","@id":"https:\/\/www.eldigitaldeasturias.com\/noticias\/el-almacen-fotovoltaico-nuevos-distribuidores-de-solis-ginglong\/#mainImage","width":978,"height":706,"caption":"Fotovoltaico"},"primaryImageOfPage":{"@id":"https:\/\/www.eldigitaldeasturias.com\/noticias\/el-almacen-fotovoltaico-nuevos-distribuidores-de-solis-ginglong\/#mainImage"},"datePublished":"2022-10-15T16:45:21+02:00","dateModified":"2022-10-15T16:45:21+02:00"},{"@type":"WebSite","@id":"https:\/\/www.eldigitaldeasturias.com\/noticias\/#website","url":"https:\/\/www.eldigitaldeasturias.com\/noticias\/","name":"El Digital de Asturias - Diario de actualidad y noticias","alternateName":"El Digital de Asturias - Diario de actualidad y noticias","description":"Hemeroteca","inLanguage":"es-ES","publisher":{"@id":"https:\/\/www.eldigitaldeasturias.com\/noticias\/#organization"}}]},"og:locale":"es_ES","og:site_name":"El Digital de Asturias","og:type":"article","og:title":"El Almac\u00e9n Fotovoltaico: Nuevos distribuidores de Solis Ginglong - El Digital de Asturias","og:description":"Entusiasmados con la inclusi\u00f3n de la nueva marca en nuestro cat\u00e1logo, que nos permitir\u00e1 seguir brindando un servicio de calidad a todos nuestros clientes","og:url":"https:\/\/www.eldigitaldeasturias.com\/noticias\/el-almacen-fotovoltaico-nuevos-distribuidores-de-solis-ginglong\/","og:image":"https:\/\/www.eldigitaldeasturias.com\/noticias\/wp-content\/uploads\/2022\/10\/Fotovoltaico.jpg","og:image:secure_url":"https:\/\/www.eldigitaldeasturias.com\/noticias\/wp-content\/uploads\/2022\/10\/Fotovoltaico.jpg","og:image:width":978,"og:image:height":706,"article:tag":["negocios y empresas"],"article:published_time":"2022-10-15T14:45:21+00:00","article:modified_time":"2022-10-15T14:45:21+00:00","article:publisher":"https:\/\/facebook.com\/eldigitaldeasturias","twitter:card":"summary_large_image","twitter:title":"El Almac\u00e9n Fotovoltaico: Nuevos distribuidores de Solis Ginglong - El Digital de Asturias","twitter:description":"Entusiasmados con la inclusi\u00f3n de la nueva marca en nuestro cat\u00e1logo, que nos permitir\u00e1 seguir brindando un servicio de calidad a todos nuestros clientes","twitter:image":"https:\/\/www.eldigitaldeasturias.com\/noticias\/wp-content\/uploads\/2022\/10\/Fotovoltaico.jpg","twitter:label1":"Escrito por","twitter:data1":"El Digital de Asturias","twitter:label2":"Tiempo de lectura estimado","twitter:data2":"4 minutos"},"aioseo_meta_data":{"post_id":"1117887","title":null,"description":"Entusiasmados con la inclusi\u00f3n de la nueva marca en nuestro cat\u00e1logo, que nos permitir\u00e1 seguir brindando un servicio de calidad a todos nuestros clientes","keywords":[],"keyphrases":{"focus":{"keyphrase":"Fotovoltaico","score":63,"analysis":{"keyphraseInTitle":{"title":"Focus keyphrase in SEO title","description":"Focus keyphrase found in SEO title.","score":9,"maxScore":9,"error":0},"keyphraseInDescription":{"title":"Focus keyphrase in meta description","description":"Focus keyphrase not found in meta description.","score":3,"maxScore":9,"error":1},"keyphraseLength":{"title":"Focus keyphrase length","description":"Good job!","score":9,"maxScore":9,"error":0,"length":1},"keyphraseInURL":{"title":"Focus keyphrase in URL","description":"Focus keyphrase not found in the URL.","score":1,"maxScore":5,"error":1},"keyphraseInIntroduction":{"title":"Focus keyphrase in introduction","description":"Your Focus keyphrase does not appear in the first paragraph. Make sure the topic is clear immediately.","score":3,"maxScore":9,"error":1},"keyphraseInSubHeadings":{"title":"Focus keyphrase in Subheadings","description":"Use your focus keyphrase more in your H2 and H3 subheadings.","score":3,"maxScore":9,"error":1},"keyphraseInImageAlt":{"title":"Focus keyphrase in image alt attributes","description":"Focus keyphrase found in image alt attribute(s).","score":9,"maxScore":9,"error":0}}},"additional":[{"keyphrase":"cat\u00e1logo","score":83,"analysis":{"keyphraseInDescription":{"title":"Keyphrase in meta description","description":"Keyphrase found in meta description.","score":9,"maxScore":9,"error":0},"keyphraseLength":{"title":"Keyphrase length","description":"Good job!","score":9,"maxScore":9,"error":0,"length":1},"keyphraseInIntroduction":{"title":"Keyphrase in introduction","description":"Your Keyphrase appears in the first paragraph. Well done!","score":9,"maxScore":9,"error":0},"keyphraseInImageAlt":{"title":"Keyphrase in image alt attributes","description":"Keyphrase not found in image alt attribute(s). Add an image with your Keyphrase as alt text.","score":3,"maxScore":9,"error":1}}},{"keyphrase":"servicio de calidad","score":83,"analysis":{"keyphraseInDescription":{"title":"Keyphrase in meta description","description":"Keyphrase found in meta description.","score":9,"maxScore":9,"error":0},"keyphraseLength":{"title":"Keyphrase length","description":"Good job!","score":9,"maxScore":9,"error":0,"length":3},"keyphraseInIntroduction":{"title":"Keyphrase in introduction","description":"Your Keyphrase appears in the first paragraph. Well done!","score":9,"maxScore":9,"error":0},"keyphraseInImageAlt":{"title":"Keyphrase in image alt attributes","description":"Keyphrase not found in image alt attribute(s). Add an image with your Keyphrase as alt text.","score":3,"maxScore":9,"error":1}}},{"keyphrase":"Fotovoltaico","score":67,"analysis":{"keyphraseInDescription":{"title":"Keyphrase in meta description","description":"Keyphrase not found in meta description.","score":3,"maxScore":9,"error":1},"keyphraseLength":{"title":"Keyphrase length","description":"Good job!","score":9,"maxScore":9,"error":0,"length":1},"keyphraseInIntroduction":{"title":"Keyphrase in introduction","description":"Your Keyphrase does not appear in the first paragraph. Make sure the topic is clear immediately.","score":3,"maxScore":9,"error":1},"keyphraseInImageAlt":{"title":"Keyphrase in image alt attributes","description":"Keyphrase found in image alt attribute(s).","score":9,"maxScore":9,"error":0}}}]},"primary_term":null,"canonical_url":null,"og_title":null,"og_description":null,"og_object_type":"default","og_image_type":"default","og_image_url":null,"og_image_width":null,"og_image_height":null,"og_image_custom_url":null,"og_image_custom_fields":null,"og_video":"","og_custom_url":null,"og_article_section":null,"og_article_tags":[],"twitter_use_og":false,"twitter_card":"default","twitter_image_type":"default","twitter_image_url":null,"twitter_image_custom_url":null,"twitter_image_custom_fields":null,"twitter_title":null,"twitter_description":null,"schema":{"blockGraphs":[],"customGraphs":[],"default":{"data":{"Article":[],"Course":[],"Dataset":[],"FAQPage":[],"Movie":[],"Person":[],"Product":[],"ProductReview":[],"Car":[],"Recipe":[],"Service":[],"SoftwareApplication":[],"WebPage":[]},"graphName":"BlogPosting","isEnabled":true},"graphs":[]},"schema_type":"default","schema_type_options":null,"pillar_content":false,"robots_default":true,"robots_noindex":false,"robots_noarchive":false,"robots_nosnippet":false,"robots_nofollow":false,"robots_noimageindex":false,"robots_noodp":false,"robots_notranslate":false,"robots_max_snippet":"-1","robots_max_videopreview":"-1","robots_max_imagepreview":"large","priority":null,"frequency":"default","local_seo":null,"seo_analyzer_scan_date":"2025-10-04 03:04:06","breadcrumb_settings":null,"limit_modified_date":false,"open_ai":null,"ai":null,"created":"2022-10-15 14:38:52","updated":"2025-10-04 03:04:06"},"aioseo_breadcrumb":"<div class=\"aioseo-breadcrumbs\"><span class=\"aioseo-breadcrumb\">\n\t<a href=\"https:\/\/www.eldigitaldeasturias.com\/noticias\" title=\"Home\">Home<\/a>\n<\/span><span class=\"aioseo-breadcrumb-separator\">\u2013<\/span><span class=\"aioseo-breadcrumb\">\n\t<a href=\"https:\/\/www.eldigitaldeasturias.com\/noticias\/category\/negocios-y-empresas\/\" title=\"Negocios y Empresas\">Negocios y Empresas<\/a>\n<\/span><span class=\"aioseo-breadcrumb-separator\">\u2013<\/span><span class=\"aioseo-breadcrumb\">\n\t<a href=\"https:\/\/www.eldigitaldeasturias.com\/noticias\/el-almacen-fotovoltaico-nuevos-distribuidores-de-solis-ginglong\/\" title=\"El Almac\u00e9n Fotovoltaico: Nuevos distribuidores de Solis Ginglong\">El Almac\u00e9n Fotovoltaico: Nuevos distribuidores de Solis Ginglong<\/a>\n<\/span><\/div>","aioseo_breadcrumb_json":[{"label":"Home","link":"https:\/\/www.eldigitaldeasturias.com\/noticias"},{"label":"Negocios y Empresas","link":"https:\/\/www.eldigitaldeasturias.com\/noticias\/category\/negocios-y-empresas\/"},{"label":"El Almac\u00e9n Fotovoltaico: Nuevos distribuidores de Solis Ginglong","link":"https:\/\/www.eldigitaldeasturias.com\/noticias\/el-almacen-fotovoltaico-nuevos-distribuidores-de-solis-ginglong\/"}],"_links":{"self":[{"href":"https:\/\/www.eldigitaldeasturias.com\/noticias\/wp-json\/wp\/v2\/posts\/1117887","targetHints":{"allow":["GET"]}}],"collection":[{"href":"https:\/\/www.eldigitaldeasturias.com\/noticias\/wp-json\/wp\/v2\/posts"}],"about":[{"href":"https:\/\/www.eldigitaldeasturias.com\/noticias\/wp-json\/wp\/v2\/types\/post"}],"author":[{"embeddable":true,"href":"https:\/\/www.eldigitaldeasturias.com\/noticias\/wp-json\/wp\/v2\/users\/1"}],"replies":[{"embeddable":true,"href":"https:\/\/www.eldigitaldeasturias.com\/noticias\/wp-json\/wp\/v2\/comments?post=1117887"}],"version-history":[{"count":0,"href":"https:\/\/www.eldigitaldeasturias.com\/noticias\/wp-json\/wp\/v2\/posts\/1117887\/revisions"}],"wp:featuredmedia":[{"embeddable":true,"href":"https:\/\/www.eldigitaldeasturias.com\/noticias\/wp-json\/wp\/v2\/media\/1117888"}],"wp:attachment":[{"href":"https:\/\/www.eldigitaldeasturias.com\/noticias\/wp-json\/wp\/v2\/media?parent=1117887"}],"wp:term":[{"taxonomy":"category","embeddable":true,"href":"https:\/\/www.eldigitaldeasturias.com\/noticias\/wp-json\/wp\/v2\/categories?post=1117887"},{"taxonomy":"post_tag","embeddable":true,"href":"https:\/\/www.eldigitaldeasturias.com\/noticias\/wp-json\/wp\/v2\/tags?post=1117887"}],"curies":[{"name":"wp","href":"https:\/\/api.w.org\/{rel}","templated":true}]}}