{"id":1117832,"date":"2022-10-14T17:13:28","date_gmt":"2022-10-14T15:13:28","guid":{"rendered":"https:\/\/www.eldigitaldeasturias.com\/noticias\/?p=1117832"},"modified":"2022-10-14T17:13:28","modified_gmt":"2022-10-14T15:13:28","slug":"camin-real-de-la-mesa-nuevas-emprendedoras-en-la-comarca","status":"publish","type":"post","link":"https:\/\/www.eldigitaldeasturias.com\/noticias\/camin-real-de-la-mesa-nuevas-emprendedoras-en-la-comarca\/","title":{"rendered":"Cam\u00edn Real de la Mesa: Nuevas emprendedoras en la Comarca"},"content":{"rendered":"<p>El 16 de octubre, coincidiendo con la celebraci\u00f3n del <strong>D\u00eda Internacional de la Mujer Rural<\/strong>, tendr\u00e1 lugar el acto de clausura de <strong>Escuela Rural Emprendedora de Cam\u00edn Real de la Mesa<\/strong>, en Somiedo, una iniciativa impulsada por la Fundaci\u00f3n Ayuda en Acci\u00f3n y la Asociaci\u00f3n Espa\u00f1ola de Emprendimiento Rural Sostenible, con la financiaci\u00f3n de la Fundaci\u00f3n La Caixa y el apoyo del Ayuntamiento de Somiedo, para <strong>visibilizar el talento de las mujeres rurales y su esfuerzo por sumar tradici\u00f3n e <a href=\"https:\/\/www.eldigitaldeasturias.com\/noticias\/category\/negocios-y-empresas\/\"><span style=\"color: #ff6600;\">innovaci\u00f3n<\/span><\/a>.<\/strong><\/p>\n<p><img loading=\"lazy\" decoding=\"async\" class=\"aligncenter wp-image-1117833 size-full\" src=\"https:\/\/www.eldigitaldeasturias.com\/noticias\/wp-content\/uploads\/2022\/10\/emprendedoras.jpg\" alt=\"emprendedoras\" width=\"640\" height=\"480\" srcset=\"https:\/\/www.eldigitaldeasturias.com\/noticias\/wp-content\/uploads\/2022\/10\/emprendedoras.jpg 640w, https:\/\/www.eldigitaldeasturias.com\/noticias\/wp-content\/uploads\/2022\/10\/emprendedoras-360x270.jpg 360w, https:\/\/www.eldigitaldeasturias.com\/noticias\/wp-content\/uploads\/2022\/10\/emprendedoras-400x300.jpg 400w, https:\/\/www.eldigitaldeasturias.com\/noticias\/wp-content\/uploads\/2022\/10\/emprendedoras-150x113.jpg 150w, https:\/\/www.eldigitaldeasturias.com\/noticias\/wp-content\/uploads\/2022\/10\/emprendedoras-450x338.jpg 450w\" sizes=\"auto, (max-width: 640px) 100vw, 640px\" \/><\/p>\n<p>Durante seis meses, un grupo de doce mujeres rurales de distintos municipios de la comarca, -Teverga, Villanueva de Santo Adriano, Somiedo y Tene-, a las que tambi\u00e9n se han sumado emprendedoras de otros municipios como Boal, La Caridad, Castropol, Porr\u00faa y Allande, se han unido para idear y desarrollar proyectos de emprendimiento con impacto en el territorio, acompa\u00f1adas de un equipo de formadoras, mentoras, y mujeres referentes, que les aportado su conocimiento y experiencia a trav\u00e9s de distintos recorridos tem\u00e1ticos: desarrollo personal, ideaci\u00f3n y prototipado, innovaci\u00f3n y modelo de negocio, y marca y comunicaci\u00f3n, datos y automatizaci\u00f3n, fuentes de financiaci\u00f3n, modelos de inversi\u00f3n y normativa y aspectos jur\u00eddicos, entre otros.<\/p>\n<p>Durante el acto de clausura, que se celebrar\u00e1 en el Centro de Empresas de Somiedo, las emprendedoras presentar\u00e1n sus proyectos ante los grupos de inter\u00e9s locales y regionales, -ayuntamientos, Grupo de Desarrollo Rural Cam\u00edn Real de la Mesa, gobierno del Principado de Asturias, asociaciones de mujeres locales y empresas de la comarca, y mostrar\u00e1n a los asistentes sus productos y servicios.<\/p>\n<p>Emprendedoras y proyectos Escuela Rural Emprendedora Cam\u00edn Real de la Mesa<\/p>\n<ul>\n<li>Elena Casc\u00f3n: Rocks and Van<\/li>\n<li>Luc\u00eda Gonz\u00e1lez Cuesta: Allande Stars<\/li>\n<li>Noelia Gonz\u00e1lez: El Gallinero Culturero<\/li>\n<li>Eli Haro: Queser\u00eda La Kulpable<\/li>\n<li>Isabel Quir\u00f3s: El Refugio del Lucero<\/li>\n<li>Marcela Vergueiro: Reac<\/li>\n<li>Andrea Lombard\u00eda, dise\u00f1adora consciente y artesana de marcas del rural<\/li>\n<li>Lorena Amezaga, natur\u00f3pata rural<\/li>\n<li>Mar\u00eda Mato, Sylvatica &amp; Arvensis<\/li>\n<li>Carolina Carbajal: Kakogreen<\/li>\n<li>Cristina Fern\u00e1ndez: Lalita Estudio<\/li>\n<li>Marina P\u00e9rez: La Flor Cerval<\/li>\n<\/ul>\n","protected":false},"excerpt":{"rendered":"<p>El 16 de octubre, coincidiendo con la celebraci\u00f3n del D\u00eda Internacional de la Mujer Rural, tendr\u00e1 lugar el acto de clausura de Escuela Rural Emprendedora de Cam\u00edn Real de la Mesa, en Somiedo, una iniciativa impulsada por la Fundaci\u00f3n Ayuda en Acci\u00f3n y la Asociaci\u00f3n Espa\u00f1ola de Emprendimiento Rural Sostenible, con la financiaci\u00f3n de la [&hellip;]<\/p>\n","protected":false},"author":1,"featured_media":1117833,"comment_status":"closed","ping_status":"closed","sticky":false,"template":"","format":"standard","meta":{"footnotes":""},"categories":[12,219],"tags":[],"class_list":["post-1117832","post","type-post","status-publish","format-standard","has-post-thumbnail","hentry","category-actualidad-asturias","category-negocios-y-empresas"],"aioseo_notices":[],"aioseo_head":"\n\t\t<!-- All in One SEO Pro 4.9.6.2 - aioseo.com -->\n\t<meta name=\"description\" content=\"El 16 de octubre, coincidiendo con la celebraci\u00f3n del D\u00eda Internacional de la Mujer Rural, tendr\u00e1 lugar el acto de clausura de Escuela Rural Emprendedora\" \/>\n\t<meta name=\"robots\" content=\"max-image-preview:large\" \/>\n\t<meta name=\"author\" content=\"El Digital de Asturias\"\/>\n\t<meta name=\"google-site-verification\" content=\"UA-38556648-1\" \/>\n\t<meta name=\"msvalidate.01\" content=\"7dfe9f3f1b24437ab69f4f2559babe99\" \/>\n\t<meta name=\"keywords\" content=\"actualidad asturias,negocios y empresas\" \/>\n\t<link rel=\"canonical\" href=\"https:\/\/www.eldigitaldeasturias.com\/noticias\/camin-real-de-la-mesa-nuevas-emprendedoras-en-la-comarca\/\" \/>\n\t<meta name=\"generator\" content=\"All in One SEO Pro (AIOSEO) 4.9.6.2\" \/>\n\t\t<meta property=\"og:locale\" content=\"es_ES\" \/>\n\t\t<meta property=\"og:site_name\" content=\"El Digital de Asturias\" \/>\n\t\t<meta property=\"og:type\" content=\"article\" \/>\n\t\t<meta property=\"og:title\" content=\"Cam\u00edn Real de la Mesa: Nuevas emprendedoras en la Comarca - El Digital de Asturias\" \/>\n\t\t<meta property=\"og:description\" content=\"El 16 de octubre, coincidiendo con la celebraci\u00f3n del D\u00eda Internacional de la Mujer Rural, tendr\u00e1 lugar el acto de clausura de Escuela Rural Emprendedora\" \/>\n\t\t<meta property=\"og:url\" content=\"https:\/\/www.eldigitaldeasturias.com\/noticias\/camin-real-de-la-mesa-nuevas-emprendedoras-en-la-comarca\/\" \/>\n\t\t<meta property=\"og:image\" content=\"https:\/\/www.eldigitaldeasturias.com\/noticias\/wp-content\/uploads\/2022\/10\/emprendedoras.jpg\" \/>\n\t\t<meta property=\"og:image:secure_url\" content=\"https:\/\/www.eldigitaldeasturias.com\/noticias\/wp-content\/uploads\/2022\/10\/emprendedoras.jpg\" \/>\n\t\t<meta property=\"og:image:width\" content=\"640\" \/>\n\t\t<meta property=\"og:image:height\" content=\"480\" \/>\n\t\t<meta property=\"article:tag\" content=\"actualidad asturias\" \/>\n\t\t<meta property=\"article:tag\" content=\"negocios y empresas\" \/>\n\t\t<meta property=\"article:published_time\" content=\"2022-10-14T15:13:28+00:00\" \/>\n\t\t<meta property=\"article:modified_time\" content=\"2022-10-14T15:13:28+00:00\" \/>\n\t\t<meta property=\"article:publisher\" content=\"https:\/\/facebook.com\/eldigitaldeasturias\" \/>\n\t\t<meta name=\"twitter:card\" content=\"summary_large_image\" \/>\n\t\t<meta name=\"twitter:title\" content=\"Cam\u00edn Real de la Mesa: Nuevas emprendedoras en la Comarca - El Digital de Asturias\" \/>\n\t\t<meta name=\"twitter:description\" content=\"El 16 de octubre, coincidiendo con la celebraci\u00f3n del D\u00eda Internacional de la Mujer Rural, tendr\u00e1 lugar el acto de clausura de Escuela Rural Emprendedora\" \/>\n\t\t<meta name=\"twitter:image\" content=\"https:\/\/www.eldigitaldeasturias.com\/noticias\/wp-content\/uploads\/2022\/10\/emprendedoras.jpg\" \/>\n\t\t<meta name=\"twitter:label1\" content=\"Escrito por\" \/>\n\t\t<meta name=\"twitter:data1\" content=\"El Digital de Asturias\" \/>\n\t\t<meta name=\"twitter:label2\" content=\"Tiempo de lectura estimado\" \/>\n\t\t<meta name=\"twitter:data2\" content=\"2 minutos\" \/>\n\t\t<script type=\"application\/ld+json\" class=\"aioseo-schema\">\n\t\t\t{\"@context\":\"https:\\\/\\\/schema.org\",\"@graph\":[{\"@type\":\"BlogPosting\",\"@id\":\"https:\\\/\\\/www.eldigitaldeasturias.com\\\/noticias\\\/camin-real-de-la-mesa-nuevas-emprendedoras-en-la-comarca\\\/#blogposting\",\"name\":\"Cam\\u00edn Real de la Mesa: Nuevas emprendedoras en la Comarca - El Digital de Asturias\",\"headline\":\"Cam\\u00edn Real de la Mesa: Nuevas emprendedoras en la Comarca\",\"author\":{\"@id\":\"https:\\\/\\\/www.eldigitaldeasturias.com\\\/noticias\\\/author\\\/admin\\\/#author\"},\"publisher\":{\"@id\":\"https:\\\/\\\/www.eldigitaldeasturias.com\\\/noticias\\\/#organization\"},\"image\":{\"@type\":\"ImageObject\",\"url\":\"https:\\\/\\\/www.eldigitaldeasturias.com\\\/noticias\\\/wp-content\\\/uploads\\\/2022\\\/10\\\/emprendedoras.jpg\",\"width\":640,\"height\":480,\"caption\":\"emprendedoras\"},\"datePublished\":\"2022-10-14T17:13:28+02:00\",\"dateModified\":\"2022-10-14T17:13:28+02:00\",\"inLanguage\":\"es-ES\",\"mainEntityOfPage\":{\"@id\":\"https:\\\/\\\/www.eldigitaldeasturias.com\\\/noticias\\\/camin-real-de-la-mesa-nuevas-emprendedoras-en-la-comarca\\\/#webpage\"},\"isPartOf\":{\"@id\":\"https:\\\/\\\/www.eldigitaldeasturias.com\\\/noticias\\\/camin-real-de-la-mesa-nuevas-emprendedoras-en-la-comarca\\\/#webpage\"},\"articleSection\":\"Actualidad Asturias, Negocios y Empresas\"},{\"@type\":\"BreadcrumbList\",\"@id\":\"https:\\\/\\\/www.eldigitaldeasturias.com\\\/noticias\\\/camin-real-de-la-mesa-nuevas-emprendedoras-en-la-comarca\\\/#breadcrumblist\",\"itemListElement\":[{\"@type\":\"ListItem\",\"@id\":\"https:\\\/\\\/www.eldigitaldeasturias.com\\\/noticias#listItem\",\"position\":1,\"name\":\"Home\",\"item\":\"https:\\\/\\\/www.eldigitaldeasturias.com\\\/noticias\",\"nextItem\":{\"@type\":\"ListItem\",\"@id\":\"https:\\\/\\\/www.eldigitaldeasturias.com\\\/noticias\\\/category\\\/actualidad-asturias\\\/#listItem\",\"name\":\"Actualidad Asturias\"}},{\"@type\":\"ListItem\",\"@id\":\"https:\\\/\\\/www.eldigitaldeasturias.com\\\/noticias\\\/category\\\/actualidad-asturias\\\/#listItem\",\"position\":2,\"name\":\"Actualidad Asturias\",\"item\":\"https:\\\/\\\/www.eldigitaldeasturias.com\\\/noticias\\\/category\\\/actualidad-asturias\\\/\",\"nextItem\":{\"@type\":\"ListItem\",\"@id\":\"https:\\\/\\\/www.eldigitaldeasturias.com\\\/noticias\\\/camin-real-de-la-mesa-nuevas-emprendedoras-en-la-comarca\\\/#listItem\",\"name\":\"Cam\\u00edn Real de la Mesa: Nuevas emprendedoras en la Comarca\"},\"previousItem\":{\"@type\":\"ListItem\",\"@id\":\"https:\\\/\\\/www.eldigitaldeasturias.com\\\/noticias#listItem\",\"name\":\"Home\"}},{\"@type\":\"ListItem\",\"@id\":\"https:\\\/\\\/www.eldigitaldeasturias.com\\\/noticias\\\/camin-real-de-la-mesa-nuevas-emprendedoras-en-la-comarca\\\/#listItem\",\"position\":3,\"name\":\"Cam\\u00edn Real de la Mesa: Nuevas emprendedoras en la Comarca\",\"previousItem\":{\"@type\":\"ListItem\",\"@id\":\"https:\\\/\\\/www.eldigitaldeasturias.com\\\/noticias\\\/category\\\/actualidad-asturias\\\/#listItem\",\"name\":\"Actualidad Asturias\"}}]},{\"@type\":\"Organization\",\"@id\":\"https:\\\/\\\/www.eldigitaldeasturias.com\\\/noticias\\\/#organization\",\"name\":\"El Digital de Asturias\",\"description\":\"Hemeroteca\",\"url\":\"https:\\\/\\\/www.eldigitaldeasturias.com\\\/noticias\\\/\",\"email\":\"info@eldigitaldeasturias.com\",\"telephone\":\"+34652131393\",\"logo\":{\"@type\":\"ImageObject\",\"url\":\"https:\\\/\\\/www.eldigitaldeasturias.com\\\/noticias\\\/wp-content\\\/uploads\\\/2020\\\/12\\\/EDA.jpg\",\"@id\":\"https:\\\/\\\/www.eldigitaldeasturias.com\\\/noticias\\\/camin-real-de-la-mesa-nuevas-emprendedoras-en-la-comarca\\\/#organizationLogo\",\"width\":649,\"height\":297},\"image\":{\"@id\":\"https:\\\/\\\/www.eldigitaldeasturias.com\\\/noticias\\\/camin-real-de-la-mesa-nuevas-emprendedoras-en-la-comarca\\\/#organizationLogo\"},\"sameAs\":[\"https:\\\/\\\/facebook.com\\\/eldigitaldeasturias\",\"https:\\\/\\\/www.youtube.com\\\/channel\\\/UCZP-2wLEB9Rv6erhFmqVnvg\"],\"address\":{\"@id\":\"https:\\\/\\\/www.eldigitaldeasturias.com\\\/noticias\\\/#postaladdress\",\"@type\":\"PostalAddress\",\"streetAddress\":\"san antonio 4,\",\"postalCode\":\"33430\",\"addressLocality\":\"Cand\\u00e1s\",\"addressRegion\":\"Asturias\",\"addressCountry\":\"ES\"}},{\"@type\":\"Person\",\"@id\":\"https:\\\/\\\/www.eldigitaldeasturias.com\\\/noticias\\\/author\\\/admin\\\/#author\",\"url\":\"https:\\\/\\\/www.eldigitaldeasturias.com\\\/noticias\\\/author\\\/admin\\\/\",\"name\":\"El Digital de Asturias\",\"image\":{\"@type\":\"ImageObject\",\"@id\":\"https:\\\/\\\/www.eldigitaldeasturias.com\\\/noticias\\\/camin-real-de-la-mesa-nuevas-emprendedoras-en-la-comarca\\\/#authorImage\",\"url\":\"https:\\\/\\\/www.eldigitaldeasturias.com\\\/noticias\\\/wp-content\\\/litespeed\\\/avatar\\\/18677e78aa0546b92d9dbf31ec7d7668.jpg?ver=1776685526\",\"width\":96,\"height\":96,\"caption\":\"El Digital de Asturias\"}},{\"@type\":\"WebPage\",\"@id\":\"https:\\\/\\\/www.eldigitaldeasturias.com\\\/noticias\\\/camin-real-de-la-mesa-nuevas-emprendedoras-en-la-comarca\\\/#webpage\",\"url\":\"https:\\\/\\\/www.eldigitaldeasturias.com\\\/noticias\\\/camin-real-de-la-mesa-nuevas-emprendedoras-en-la-comarca\\\/\",\"name\":\"Cam\\u00edn Real de la Mesa: Nuevas emprendedoras en la Comarca - El Digital de Asturias\",\"description\":\"El 16 de octubre, coincidiendo con la celebraci\\u00f3n del D\\u00eda Internacional de la Mujer Rural, tendr\\u00e1 lugar el acto de clausura de Escuela Rural Emprendedora\",\"inLanguage\":\"es-ES\",\"isPartOf\":{\"@id\":\"https:\\\/\\\/www.eldigitaldeasturias.com\\\/noticias\\\/#website\"},\"breadcrumb\":{\"@id\":\"https:\\\/\\\/www.eldigitaldeasturias.com\\\/noticias\\\/camin-real-de-la-mesa-nuevas-emprendedoras-en-la-comarca\\\/#breadcrumblist\"},\"author\":{\"@id\":\"https:\\\/\\\/www.eldigitaldeasturias.com\\\/noticias\\\/author\\\/admin\\\/#author\"},\"creator\":{\"@id\":\"https:\\\/\\\/www.eldigitaldeasturias.com\\\/noticias\\\/author\\\/admin\\\/#author\"},\"image\":{\"@type\":\"ImageObject\",\"url\":\"https:\\\/\\\/www.eldigitaldeasturias.com\\\/noticias\\\/wp-content\\\/uploads\\\/2022\\\/10\\\/emprendedoras.jpg\",\"@id\":\"https:\\\/\\\/www.eldigitaldeasturias.com\\\/noticias\\\/camin-real-de-la-mesa-nuevas-emprendedoras-en-la-comarca\\\/#mainImage\",\"width\":640,\"height\":480,\"caption\":\"emprendedoras\"},\"primaryImageOfPage\":{\"@id\":\"https:\\\/\\\/www.eldigitaldeasturias.com\\\/noticias\\\/camin-real-de-la-mesa-nuevas-emprendedoras-en-la-comarca\\\/#mainImage\"},\"datePublished\":\"2022-10-14T17:13:28+02:00\",\"dateModified\":\"2022-10-14T17:13:28+02:00\"},{\"@type\":\"WebSite\",\"@id\":\"https:\\\/\\\/www.eldigitaldeasturias.com\\\/noticias\\\/#website\",\"url\":\"https:\\\/\\\/www.eldigitaldeasturias.com\\\/noticias\\\/\",\"name\":\"El Digital de Asturias - Diario de actualidad y noticias\",\"alternateName\":\"El Digital de Asturias - Diario de actualidad y noticias\",\"description\":\"Hemeroteca\",\"inLanguage\":\"es-ES\",\"publisher\":{\"@id\":\"https:\\\/\\\/www.eldigitaldeasturias.com\\\/noticias\\\/#organization\"}}]}\n\t\t<\/script>\n\t\t<!-- All in One SEO Pro -->\r\n\t\t<title>Cam\u00edn Real de la Mesa: Nuevas emprendedoras en la Comarca - El Digital de Asturias<\/title>\n\n","aioseo_head_json":{"title":"Cam\u00edn Real de la Mesa: Nuevas emprendedoras en la Comarca - El Digital de Asturias","description":"El 16 de octubre, coincidiendo con la celebraci\u00f3n del D\u00eda Internacional de la Mujer Rural, tendr\u00e1 lugar el acto de clausura de Escuela Rural Emprendedora","canonical_url":"https:\/\/www.eldigitaldeasturias.com\/noticias\/camin-real-de-la-mesa-nuevas-emprendedoras-en-la-comarca\/","robots":"max-image-preview:large","keywords":"actualidad asturias,negocios y empresas","webmasterTools":{"google-site-verification":"UA-38556648-1","msvalidate.01":"7dfe9f3f1b24437ab69f4f2559babe99","miscellaneous":""},"schema":{"@context":"https:\/\/schema.org","@graph":[{"@type":"BlogPosting","@id":"https:\/\/www.eldigitaldeasturias.com\/noticias\/camin-real-de-la-mesa-nuevas-emprendedoras-en-la-comarca\/#blogposting","name":"Cam\u00edn Real de la Mesa: Nuevas emprendedoras en la Comarca - El Digital de Asturias","headline":"Cam\u00edn Real de la Mesa: Nuevas emprendedoras en la Comarca","author":{"@id":"https:\/\/www.eldigitaldeasturias.com\/noticias\/author\/admin\/#author"},"publisher":{"@id":"https:\/\/www.eldigitaldeasturias.com\/noticias\/#organization"},"image":{"@type":"ImageObject","url":"https:\/\/www.eldigitaldeasturias.com\/noticias\/wp-content\/uploads\/2022\/10\/emprendedoras.jpg","width":640,"height":480,"caption":"emprendedoras"},"datePublished":"2022-10-14T17:13:28+02:00","dateModified":"2022-10-14T17:13:28+02:00","inLanguage":"es-ES","mainEntityOfPage":{"@id":"https:\/\/www.eldigitaldeasturias.com\/noticias\/camin-real-de-la-mesa-nuevas-emprendedoras-en-la-comarca\/#webpage"},"isPartOf":{"@id":"https:\/\/www.eldigitaldeasturias.com\/noticias\/camin-real-de-la-mesa-nuevas-emprendedoras-en-la-comarca\/#webpage"},"articleSection":"Actualidad Asturias, Negocios y Empresas"},{"@type":"BreadcrumbList","@id":"https:\/\/www.eldigitaldeasturias.com\/noticias\/camin-real-de-la-mesa-nuevas-emprendedoras-en-la-comarca\/#breadcrumblist","itemListElement":[{"@type":"ListItem","@id":"https:\/\/www.eldigitaldeasturias.com\/noticias#listItem","position":1,"name":"Home","item":"https:\/\/www.eldigitaldeasturias.com\/noticias","nextItem":{"@type":"ListItem","@id":"https:\/\/www.eldigitaldeasturias.com\/noticias\/category\/actualidad-asturias\/#listItem","name":"Actualidad Asturias"}},{"@type":"ListItem","@id":"https:\/\/www.eldigitaldeasturias.com\/noticias\/category\/actualidad-asturias\/#listItem","position":2,"name":"Actualidad Asturias","item":"https:\/\/www.eldigitaldeasturias.com\/noticias\/category\/actualidad-asturias\/","nextItem":{"@type":"ListItem","@id":"https:\/\/www.eldigitaldeasturias.com\/noticias\/camin-real-de-la-mesa-nuevas-emprendedoras-en-la-comarca\/#listItem","name":"Cam\u00edn Real de la Mesa: Nuevas emprendedoras en la Comarca"},"previousItem":{"@type":"ListItem","@id":"https:\/\/www.eldigitaldeasturias.com\/noticias#listItem","name":"Home"}},{"@type":"ListItem","@id":"https:\/\/www.eldigitaldeasturias.com\/noticias\/camin-real-de-la-mesa-nuevas-emprendedoras-en-la-comarca\/#listItem","position":3,"name":"Cam\u00edn Real de la Mesa: Nuevas emprendedoras en la Comarca","previousItem":{"@type":"ListItem","@id":"https:\/\/www.eldigitaldeasturias.com\/noticias\/category\/actualidad-asturias\/#listItem","name":"Actualidad Asturias"}}]},{"@type":"Organization","@id":"https:\/\/www.eldigitaldeasturias.com\/noticias\/#organization","name":"El Digital de Asturias","description":"Hemeroteca","url":"https:\/\/www.eldigitaldeasturias.com\/noticias\/","email":"info@eldigitaldeasturias.com","telephone":"+34652131393","logo":{"@type":"ImageObject","url":"https:\/\/www.eldigitaldeasturias.com\/noticias\/wp-content\/uploads\/2020\/12\/EDA.jpg","@id":"https:\/\/www.eldigitaldeasturias.com\/noticias\/camin-real-de-la-mesa-nuevas-emprendedoras-en-la-comarca\/#organizationLogo","width":649,"height":297},"image":{"@id":"https:\/\/www.eldigitaldeasturias.com\/noticias\/camin-real-de-la-mesa-nuevas-emprendedoras-en-la-comarca\/#organizationLogo"},"sameAs":["https:\/\/facebook.com\/eldigitaldeasturias","https:\/\/www.youtube.com\/channel\/UCZP-2wLEB9Rv6erhFmqVnvg"],"address":{"@id":"https:\/\/www.eldigitaldeasturias.com\/noticias\/#postaladdress","@type":"PostalAddress","streetAddress":"san antonio 4,","postalCode":"33430","addressLocality":"Cand\u00e1s","addressRegion":"Asturias","addressCountry":"ES"}},{"@type":"Person","@id":"https:\/\/www.eldigitaldeasturias.com\/noticias\/author\/admin\/#author","url":"https:\/\/www.eldigitaldeasturias.com\/noticias\/author\/admin\/","name":"El Digital de Asturias","image":{"@type":"ImageObject","@id":"https:\/\/www.eldigitaldeasturias.com\/noticias\/camin-real-de-la-mesa-nuevas-emprendedoras-en-la-comarca\/#authorImage","url":"https:\/\/www.eldigitaldeasturias.com\/noticias\/wp-content\/litespeed\/avatar\/18677e78aa0546b92d9dbf31ec7d7668.jpg?ver=1776685526","width":96,"height":96,"caption":"El Digital de Asturias"}},{"@type":"WebPage","@id":"https:\/\/www.eldigitaldeasturias.com\/noticias\/camin-real-de-la-mesa-nuevas-emprendedoras-en-la-comarca\/#webpage","url":"https:\/\/www.eldigitaldeasturias.com\/noticias\/camin-real-de-la-mesa-nuevas-emprendedoras-en-la-comarca\/","name":"Cam\u00edn Real de la Mesa: Nuevas emprendedoras en la Comarca - El Digital de Asturias","description":"El 16 de octubre, coincidiendo con la celebraci\u00f3n del D\u00eda Internacional de la Mujer Rural, tendr\u00e1 lugar el acto de clausura de Escuela Rural Emprendedora","inLanguage":"es-ES","isPartOf":{"@id":"https:\/\/www.eldigitaldeasturias.com\/noticias\/#website"},"breadcrumb":{"@id":"https:\/\/www.eldigitaldeasturias.com\/noticias\/camin-real-de-la-mesa-nuevas-emprendedoras-en-la-comarca\/#breadcrumblist"},"author":{"@id":"https:\/\/www.eldigitaldeasturias.com\/noticias\/author\/admin\/#author"},"creator":{"@id":"https:\/\/www.eldigitaldeasturias.com\/noticias\/author\/admin\/#author"},"image":{"@type":"ImageObject","url":"https:\/\/www.eldigitaldeasturias.com\/noticias\/wp-content\/uploads\/2022\/10\/emprendedoras.jpg","@id":"https:\/\/www.eldigitaldeasturias.com\/noticias\/camin-real-de-la-mesa-nuevas-emprendedoras-en-la-comarca\/#mainImage","width":640,"height":480,"caption":"emprendedoras"},"primaryImageOfPage":{"@id":"https:\/\/www.eldigitaldeasturias.com\/noticias\/camin-real-de-la-mesa-nuevas-emprendedoras-en-la-comarca\/#mainImage"},"datePublished":"2022-10-14T17:13:28+02:00","dateModified":"2022-10-14T17:13:28+02:00"},{"@type":"WebSite","@id":"https:\/\/www.eldigitaldeasturias.com\/noticias\/#website","url":"https:\/\/www.eldigitaldeasturias.com\/noticias\/","name":"El Digital de Asturias - Diario de actualidad y noticias","alternateName":"El Digital de Asturias - Diario de actualidad y noticias","description":"Hemeroteca","inLanguage":"es-ES","publisher":{"@id":"https:\/\/www.eldigitaldeasturias.com\/noticias\/#organization"}}]},"og:locale":"es_ES","og:site_name":"El Digital de Asturias","og:type":"article","og:title":"Cam\u00edn Real de la Mesa: Nuevas emprendedoras en la Comarca - El Digital de Asturias","og:description":"El 16 de octubre, coincidiendo con la celebraci\u00f3n del D\u00eda Internacional de la Mujer Rural, tendr\u00e1 lugar el acto de clausura de Escuela Rural Emprendedora","og:url":"https:\/\/www.eldigitaldeasturias.com\/noticias\/camin-real-de-la-mesa-nuevas-emprendedoras-en-la-comarca\/","og:image":"https:\/\/www.eldigitaldeasturias.com\/noticias\/wp-content\/uploads\/2022\/10\/emprendedoras.jpg","og:image:secure_url":"https:\/\/www.eldigitaldeasturias.com\/noticias\/wp-content\/uploads\/2022\/10\/emprendedoras.jpg","og:image:width":640,"og:image:height":480,"article:tag":["actualidad asturias","negocios y empresas"],"article:published_time":"2022-10-14T15:13:28+00:00","article:modified_time":"2022-10-14T15:13:28+00:00","article:publisher":"https:\/\/facebook.com\/eldigitaldeasturias","twitter:card":"summary_large_image","twitter:title":"Cam\u00edn Real de la Mesa: Nuevas emprendedoras en la Comarca - El Digital de Asturias","twitter:description":"El 16 de octubre, coincidiendo con la celebraci\u00f3n del D\u00eda Internacional de la Mujer Rural, tendr\u00e1 lugar el acto de clausura de Escuela Rural Emprendedora","twitter:image":"https:\/\/www.eldigitaldeasturias.com\/noticias\/wp-content\/uploads\/2022\/10\/emprendedoras.jpg","twitter:label1":"Escrito por","twitter:data1":"El Digital de Asturias","twitter:label2":"Tiempo de lectura estimado","twitter:data2":"2 minutos"},"aioseo_meta_data":{"post_id":"1117832","title":null,"description":"El 16 de octubre, coincidiendo con la celebraci\u00f3n del D\u00eda Internacional de la Mujer Rural, tendr\u00e1 lugar el acto de clausura de Escuela Rural Emprendedora","keywords":[],"keyphrases":{"focus":{"keyphrase":"Emprendedora","score":80,"analysis":{"keyphraseInTitle":{"title":"Focus keyphrase in SEO title","description":"Focus keyphrase not found in SEO title.","score":3,"maxScore":9,"error":1},"keyphraseInDescription":{"title":"Focus keyphrase in meta description","description":"Focus keyphrase found in meta description.","score":9,"maxScore":9,"error":0},"keyphraseLength":{"title":"Focus keyphrase length","description":"Good job!","score":9,"maxScore":9,"error":0,"length":1},"keyphraseInURL":{"title":"Focus keyphrase in URL","description":"Focus keyphrase not found in the URL.","score":1,"maxScore":5,"error":1},"keyphraseInIntroduction":{"title":"Focus keyphrase in introduction","description":"Your Focus keyphrase appears in the first paragraph. Well done!","score":9,"maxScore":9,"error":0},"keyphraseInSubHeadings":[],"keyphraseInImageAlt":{"title":"Focus keyphrase in image alt attributes","description":"Focus keyphrase found in image alt attribute(s).","score":9,"maxScore":9,"error":0}}},"additional":[{"keyphrase":"Mujer Rural","score":83,"analysis":{"keyphraseInDescription":{"title":"Keyphrase in meta description","description":"Keyphrase found in meta description.","score":9,"maxScore":9,"error":0},"keyphraseLength":{"title":"Keyphrase length","description":"Good job!","score":9,"maxScore":9,"error":0,"length":2},"keyphraseInIntroduction":{"title":"Keyphrase in introduction","description":"Your Keyphrase appears in the first paragraph. Well done!","score":9,"maxScore":9,"error":0},"keyphraseInImageAlt":{"title":"Keyphrase in image alt attributes","description":"Keyphrase not found in image alt attribute(s). Add an image with your Keyphrase as alt text.","score":3,"maxScore":9,"error":1}}},{"keyphrase":"emprendedoras ","score":67,"analysis":{"keyphraseInDescription":{"title":"Keyphrase in meta description","description":"Keyphrase not found in meta description.","score":3,"maxScore":9,"error":1},"keyphraseLength":{"title":"Keyphrase length","description":"Good job!","score":9,"maxScore":9,"error":0,"length":1},"keyphraseInIntroduction":{"title":"Keyphrase in introduction","description":"Your Keyphrase does not appear in the first paragraph. Make sure the topic is clear immediately.","score":3,"maxScore":9,"error":1},"keyphraseInImageAlt":{"title":"Keyphrase in image alt attributes","description":"Keyphrase found in image alt attribute(s).","score":9,"maxScore":9,"error":0}}}]},"primary_term":null,"canonical_url":null,"og_title":null,"og_description":null,"og_object_type":"default","og_image_type":"default","og_image_url":null,"og_image_width":null,"og_image_height":null,"og_image_custom_url":null,"og_image_custom_fields":null,"og_video":"","og_custom_url":null,"og_article_section":null,"og_article_tags":[],"twitter_use_og":false,"twitter_card":"default","twitter_image_type":"default","twitter_image_url":null,"twitter_image_custom_url":null,"twitter_image_custom_fields":null,"twitter_title":null,"twitter_description":null,"schema":{"blockGraphs":[],"customGraphs":[],"default":{"data":{"Article":[],"Course":[],"Dataset":[],"FAQPage":[],"Movie":[],"Person":[],"Product":[],"ProductReview":[],"Car":[],"Recipe":[],"Service":[],"SoftwareApplication":[],"WebPage":[]},"graphName":"BlogPosting","isEnabled":true},"graphs":[]},"schema_type":"default","schema_type_options":null,"pillar_content":false,"robots_default":true,"robots_noindex":false,"robots_noarchive":false,"robots_nosnippet":false,"robots_nofollow":false,"robots_noimageindex":false,"robots_noodp":false,"robots_notranslate":false,"robots_max_snippet":"-1","robots_max_videopreview":"-1","robots_max_imagepreview":"large","priority":null,"frequency":"default","local_seo":null,"seo_analyzer_scan_date":"2025-10-04 02:38:24","breadcrumb_settings":null,"limit_modified_date":false,"open_ai":null,"ai":null,"created":"2022-10-14 14:54:52","updated":"2025-10-04 02:38:24"},"aioseo_breadcrumb":"<div class=\"aioseo-breadcrumbs\"><span class=\"aioseo-breadcrumb\">\n\t<a href=\"https:\/\/www.eldigitaldeasturias.com\/noticias\" title=\"Home\">Home<\/a>\n<\/span><span class=\"aioseo-breadcrumb-separator\">\u2013<\/span><span class=\"aioseo-breadcrumb\">\n\t<a href=\"https:\/\/www.eldigitaldeasturias.com\/noticias\/category\/actualidad-asturias\/\" title=\"Actualidad Asturias\">Actualidad Asturias<\/a>\n<\/span><span class=\"aioseo-breadcrumb-separator\">\u2013<\/span><span class=\"aioseo-breadcrumb\">\n\t<a href=\"https:\/\/www.eldigitaldeasturias.com\/noticias\/camin-real-de-la-mesa-nuevas-emprendedoras-en-la-comarca\/\" title=\"Cam\u00edn Real de la Mesa: Nuevas emprendedoras en la Comarca\">Cam\u00edn Real de la Mesa: Nuevas emprendedoras en la Comarca<\/a>\n<\/span><\/div>","aioseo_breadcrumb_json":[{"label":"Home","link":"https:\/\/www.eldigitaldeasturias.com\/noticias"},{"label":"Actualidad Asturias","link":"https:\/\/www.eldigitaldeasturias.com\/noticias\/category\/actualidad-asturias\/"},{"label":"Cam\u00edn Real de la Mesa: Nuevas emprendedoras en la Comarca","link":"https:\/\/www.eldigitaldeasturias.com\/noticias\/camin-real-de-la-mesa-nuevas-emprendedoras-en-la-comarca\/"}],"_links":{"self":[{"href":"https:\/\/www.eldigitaldeasturias.com\/noticias\/wp-json\/wp\/v2\/posts\/1117832","targetHints":{"allow":["GET"]}}],"collection":[{"href":"https:\/\/www.eldigitaldeasturias.com\/noticias\/wp-json\/wp\/v2\/posts"}],"about":[{"href":"https:\/\/www.eldigitaldeasturias.com\/noticias\/wp-json\/wp\/v2\/types\/post"}],"author":[{"embeddable":true,"href":"https:\/\/www.eldigitaldeasturias.com\/noticias\/wp-json\/wp\/v2\/users\/1"}],"replies":[{"embeddable":true,"href":"https:\/\/www.eldigitaldeasturias.com\/noticias\/wp-json\/wp\/v2\/comments?post=1117832"}],"version-history":[{"count":0,"href":"https:\/\/www.eldigitaldeasturias.com\/noticias\/wp-json\/wp\/v2\/posts\/1117832\/revisions"}],"wp:featuredmedia":[{"embeddable":true,"href":"https:\/\/www.eldigitaldeasturias.com\/noticias\/wp-json\/wp\/v2\/media\/1117833"}],"wp:attachment":[{"href":"https:\/\/www.eldigitaldeasturias.com\/noticias\/wp-json\/wp\/v2\/media?parent=1117832"}],"wp:term":[{"taxonomy":"category","embeddable":true,"href":"https:\/\/www.eldigitaldeasturias.com\/noticias\/wp-json\/wp\/v2\/categories?post=1117832"},{"taxonomy":"post_tag","embeddable":true,"href":"https:\/\/www.eldigitaldeasturias.com\/noticias\/wp-json\/wp\/v2\/tags?post=1117832"}],"curies":[{"name":"wp","href":"https:\/\/api.w.org\/{rel}","templated":true}]}}