{"id":1117780,"date":"2022-10-13T18:14:00","date_gmt":"2022-10-13T16:14:00","guid":{"rendered":"https:\/\/www.eldigitaldeasturias.com\/noticias\/?p=1117780"},"modified":"2022-10-13T18:14:00","modified_gmt":"2022-10-13T16:14:00","slug":"las-instalaciones-de-almacenamiento-de-gas-de-alemania-casi-al-95-por-ciento","status":"publish","type":"post","link":"https:\/\/www.eldigitaldeasturias.com\/noticias\/las-instalaciones-de-almacenamiento-de-gas-de-alemania-casi-al-95-por-ciento\/","title":{"rendered":"Las instalaciones de almacenamiento de gas de Alemania casi al 95 por ciento"},"content":{"rendered":"<p>Bruselas\/Berl\u00edn, 13 oct (dpa) &#8211; Las instalaciones de <a href=\"https:\/\/naberco.es\/sondeo-39-de-alemanes-teme-no-poder-pagar-factura-de-luz-y-gas\/\" target=\"_blank\" rel=\"noopener\"><span style=\"color: #ff6600;\"><strong>almacenamiento de gas<\/strong><\/span><\/a> de Alemania est\u00e1n llenas casi al 95 por ciento, a pesar de la falta de suministros de Rusia, inform\u00f3 hoy la p\u00e1gina web de los operadores europeos de infraestructuras de gas (EIG).<\/p>\n<figure id=\"attachment_1117781\" aria-describedby=\"caption-attachment-1117781\" style=\"width: 650px\" class=\"wp-caption aligncenter\"><img loading=\"lazy\" decoding=\"async\" class=\"wp-image-1117781 size-large\" src=\"https:\/\/www.eldigitaldeasturias.com\/noticias\/wp-content\/uploads\/2022\/10\/gas-650x424.jpg\" alt=\"gas\" width=\"650\" height=\"424\" srcset=\"https:\/\/www.eldigitaldeasturias.com\/noticias\/wp-content\/uploads\/2022\/10\/gas-650x424.jpg 650w, https:\/\/www.eldigitaldeasturias.com\/noticias\/wp-content\/uploads\/2022\/10\/gas-360x235.jpg 360w, https:\/\/www.eldigitaldeasturias.com\/noticias\/wp-content\/uploads\/2022\/10\/gas-460x300.jpg 460w, https:\/\/www.eldigitaldeasturias.com\/noticias\/wp-content\/uploads\/2022\/10\/gas-768x501.jpg 768w, https:\/\/www.eldigitaldeasturias.com\/noticias\/wp-content\/uploads\/2022\/10\/gas-150x98.jpg 150w, https:\/\/www.eldigitaldeasturias.com\/noticias\/wp-content\/uploads\/2022\/10\/gas-450x294.jpg 450w, https:\/\/www.eldigitaldeasturias.com\/noticias\/wp-content\/uploads\/2022\/10\/gas.jpg 1002w\" sizes=\"auto, (max-width: 650px) 100vw, 650px\" \/><figcaption id=\"caption-attachment-1117781\" class=\"wp-caption-text\">Instalaciones de almacenamiento de gas en Rehden, en el norte de Alemania. Foto: Sina Schuldt\/dpa<\/figcaption><\/figure>\n<p>A \u00faltima hora del mi\u00e9rcoles, el nivel de llenado hab\u00eda aumentado en 24 horas 0,28 puntos porcentuales, hasta el 94,97 por ciento. Los datos siempre se comunican con retraso.<\/p>\n<p>Alemania hab\u00eda estipulado mediante un decreto ministerial que las instalaciones de almacenamiento deben estar llenas al menos en un 95 por ciento el 1 de noviembre. Actualmente algunas plantas ya est\u00e1n por encima de este valor, pero otras todav\u00eda se encuentran por debajo de la normativa estipulada.<\/p>\n<p>La cantidad de gas almacenada en este nivel corresponde aproximadamente al consumo nacional de enero y febrero de 2022.<\/p>\n<p>Los dep\u00f3sitos compensan las fluctuaciones del consumo y, por tanto, constituyen una especie de sistema de amortiguaci\u00f3n para el mercado del gas. Suelen estar bien llenos al comienzo de la temporada de calefacci\u00f3n en el oto\u00f1o europeo.<\/p>\n<p>Luego disminuyen hasta la primavera. En los d\u00edas fr\u00edos de invierno, hasta el 60 por ciento del consumo de gas en Alemania se cubre con el gas almacenado.<\/p>\n<p>Las instalaciones de almacenamiento deben ayudar a garantizar que las empresas, las oficinas p\u00fablicas y los hogares de Alemania tengan suficiente energ\u00eda en la pr\u00f3xima temporada de calefacci\u00f3n.<\/p>\n<p>Sin embargo, seg\u00fan la Agencia Federal de Redes, un almacenamiento completo de gas solo ser\u00e1 suficiente para cubrir la demanda dom\u00e9stica durante unos dos meses de invierno. Por lo tanto, destaca que las importaciones a trav\u00e9s de terminales de gas licuado y el ahorro de energ\u00eda siguen estando a la orden del d\u00eda.<\/p>\n<p>Por su parte, Francia comenz\u00f3 hoy a suministrar gas natural a Alemania tras realizar una serie de ajustes t\u00e9cnicos en el gasoducto que conecta a ambos pa\u00edses, seg\u00fan anunci\u00f3 el operador franc\u00e9s de la red GRTGaz.<\/p>\n<p>El gas fluye ahora directamente a trav\u00e9s del \u00fanico punto de interconexi\u00f3n de gas entre los dos pa\u00edses cerca de la localidad de Niedergailbach, en el suroeste de Alemania.<\/p>\n<p>\u00abEn una situaci\u00f3n energ\u00e9tica in\u00e9dita vinculada a la guerra en Ucrania, Francia se solidariza con su vecino alem\u00e1n suministr\u00e1ndole gas directamente\u00bb, indic\u00f3 la empresa operadora en un comunicado.<\/p>\n<p>Seg\u00fan GRTGaz, inicialmente pasar\u00e1n por la frontera 31 gigavatios hora al d\u00eda. La capacidad m\u00e1xima es de 100 gigavatios hora al d\u00eda.<\/p>\n<p>Como originalmente el \u00fanico gasoducto entre ambos pa\u00edses estaba destinado a suministrar gas de Alemania a Francia y no a la inversa, se debieron realizar algunos ajustes t\u00e9cnicos.<\/p>\n<p>El operador se\u00f1al\u00f3 que esta medida se tom\u00f3 en vista de la fuerte ca\u00edda del suministro de gas ruso a Europa y en el marco de la solidaridad europea en materia de seguridad energ\u00e9tica.<\/p>\n<p>Como parte del acuerdo, Francia recibir\u00e1 a cambio electricidad de Alemania para pasar los meses cr\u00edticos del invierno.<\/p>\n","protected":false},"excerpt":{"rendered":"<p>Bruselas\/Berl\u00edn, 13 oct (dpa) &#8211; Las instalaciones de almacenamiento de gas de Alemania est\u00e1n llenas casi al 95 por ciento, a pesar de la falta de suministros de Rusia, inform\u00f3 hoy la p\u00e1gina web de los operadores europeos de infraestructuras de gas (EIG). A \u00faltima hora del mi\u00e9rcoles, el nivel de llenado hab\u00eda aumentado en [&hellip;]<\/p>\n","protected":false},"author":1,"featured_media":1117781,"comment_status":"closed","ping_status":"closed","sticky":false,"template":"","format":"standard","meta":{"footnotes":""},"categories":[187],"tags":[],"class_list":["post-1117780","post","type-post","status-publish","format-standard","has-post-thumbnail","hentry","category-economia"],"aioseo_notices":[],"aioseo_head":"\n\t\t<!-- All in One SEO Pro 4.9.6.2 - aioseo.com -->\n\t<meta name=\"description\" content=\"Bruselas\/Berl\u00edn, 13 oct (dpa) - Las instalaciones de almacenamiento de gas de Alemania est\u00e1n llenas casi al 95 por ciento, a pesar de la falta de suministros\" \/>\n\t<meta name=\"robots\" content=\"max-image-preview:large\" \/>\n\t<meta name=\"author\" content=\"El Digital de Asturias\"\/>\n\t<meta name=\"google-site-verification\" content=\"UA-38556648-1\" \/>\n\t<meta name=\"msvalidate.01\" content=\"7dfe9f3f1b24437ab69f4f2559babe99\" \/>\n\t<meta name=\"keywords\" content=\"econom\u00eda\" \/>\n\t<link rel=\"canonical\" href=\"https:\/\/www.eldigitaldeasturias.com\/noticias\/las-instalaciones-de-almacenamiento-de-gas-de-alemania-casi-al-95-por-ciento\/\" \/>\n\t<meta name=\"generator\" content=\"All in One SEO Pro (AIOSEO) 4.9.6.2\" \/>\n\t\t<meta property=\"og:locale\" content=\"es_ES\" \/>\n\t\t<meta property=\"og:site_name\" content=\"El Digital de Asturias\" \/>\n\t\t<meta property=\"og:type\" content=\"article\" \/>\n\t\t<meta property=\"og:title\" content=\"Las instalaciones de almacenamiento de gas de Alemania casi al 95 por ciento - El Digital de Asturias\" \/>\n\t\t<meta property=\"og:description\" content=\"Bruselas\/Berl\u00edn, 13 oct (dpa) - Las instalaciones de almacenamiento de gas de Alemania est\u00e1n llenas casi al 95 por ciento, a pesar de la falta de suministros\" \/>\n\t\t<meta property=\"og:url\" content=\"https:\/\/www.eldigitaldeasturias.com\/noticias\/las-instalaciones-de-almacenamiento-de-gas-de-alemania-casi-al-95-por-ciento\/\" \/>\n\t\t<meta property=\"og:image\" content=\"https:\/\/www.eldigitaldeasturias.com\/noticias\/wp-content\/uploads\/2022\/10\/gas.jpg\" \/>\n\t\t<meta property=\"og:image:secure_url\" content=\"https:\/\/www.eldigitaldeasturias.com\/noticias\/wp-content\/uploads\/2022\/10\/gas.jpg\" \/>\n\t\t<meta property=\"og:image:width\" content=\"1002\" \/>\n\t\t<meta property=\"og:image:height\" content=\"654\" \/>\n\t\t<meta property=\"article:tag\" content=\"econom\u00eda\" \/>\n\t\t<meta property=\"article:published_time\" content=\"2022-10-13T16:14:00+00:00\" \/>\n\t\t<meta property=\"article:modified_time\" content=\"2022-10-13T16:14:00+00:00\" \/>\n\t\t<meta property=\"article:publisher\" content=\"https:\/\/facebook.com\/eldigitaldeasturias\" \/>\n\t\t<meta name=\"twitter:card\" content=\"summary_large_image\" \/>\n\t\t<meta name=\"twitter:title\" content=\"Las instalaciones de almacenamiento de gas de Alemania casi al 95 por ciento - El Digital de Asturias\" \/>\n\t\t<meta name=\"twitter:description\" content=\"Bruselas\/Berl\u00edn, 13 oct (dpa) - Las instalaciones de almacenamiento de gas de Alemania est\u00e1n llenas casi al 95 por ciento, a pesar de la falta de suministros\" \/>\n\t\t<meta name=\"twitter:image\" content=\"https:\/\/www.eldigitaldeasturias.com\/noticias\/wp-content\/uploads\/2022\/10\/gas.jpg\" \/>\n\t\t<meta name=\"twitter:label1\" content=\"Escrito por\" \/>\n\t\t<meta name=\"twitter:data1\" content=\"El Digital de Asturias\" \/>\n\t\t<meta name=\"twitter:label2\" content=\"Tiempo de lectura estimado\" \/>\n\t\t<meta name=\"twitter:data2\" content=\"3 minutos\" \/>\n\t\t<script type=\"application\/ld+json\" class=\"aioseo-schema\">\n\t\t\t{\"@context\":\"https:\\\/\\\/schema.org\",\"@graph\":[{\"@type\":\"BlogPosting\",\"@id\":\"https:\\\/\\\/www.eldigitaldeasturias.com\\\/noticias\\\/las-instalaciones-de-almacenamiento-de-gas-de-alemania-casi-al-95-por-ciento\\\/#blogposting\",\"name\":\"Las instalaciones de almacenamiento de gas de Alemania casi al 95 por ciento - El Digital de Asturias\",\"headline\":\"Las instalaciones de almacenamiento de gas de Alemania casi al 95 por ciento\",\"author\":{\"@id\":\"https:\\\/\\\/www.eldigitaldeasturias.com\\\/noticias\\\/author\\\/admin\\\/#author\"},\"publisher\":{\"@id\":\"https:\\\/\\\/www.eldigitaldeasturias.com\\\/noticias\\\/#organization\"},\"image\":{\"@type\":\"ImageObject\",\"url\":\"https:\\\/\\\/www.eldigitaldeasturias.com\\\/noticias\\\/wp-content\\\/uploads\\\/2022\\\/10\\\/gas.jpg\",\"width\":1002,\"height\":654,\"caption\":\"Instalaciones de almacenamiento de gas en Rehden, en el norte de Alemania. Foto: Sina Schuldt\\\/dpa\"},\"datePublished\":\"2022-10-13T18:14:00+02:00\",\"dateModified\":\"2022-10-13T18:14:00+02:00\",\"inLanguage\":\"es-ES\",\"mainEntityOfPage\":{\"@id\":\"https:\\\/\\\/www.eldigitaldeasturias.com\\\/noticias\\\/las-instalaciones-de-almacenamiento-de-gas-de-alemania-casi-al-95-por-ciento\\\/#webpage\"},\"isPartOf\":{\"@id\":\"https:\\\/\\\/www.eldigitaldeasturias.com\\\/noticias\\\/las-instalaciones-de-almacenamiento-de-gas-de-alemania-casi-al-95-por-ciento\\\/#webpage\"},\"articleSection\":\"Econom\\u00eda\"},{\"@type\":\"BreadcrumbList\",\"@id\":\"https:\\\/\\\/www.eldigitaldeasturias.com\\\/noticias\\\/las-instalaciones-de-almacenamiento-de-gas-de-alemania-casi-al-95-por-ciento\\\/#breadcrumblist\",\"itemListElement\":[{\"@type\":\"ListItem\",\"@id\":\"https:\\\/\\\/www.eldigitaldeasturias.com\\\/noticias#listItem\",\"position\":1,\"name\":\"Home\",\"item\":\"https:\\\/\\\/www.eldigitaldeasturias.com\\\/noticias\",\"nextItem\":{\"@type\":\"ListItem\",\"@id\":\"https:\\\/\\\/www.eldigitaldeasturias.com\\\/noticias\\\/category\\\/economia\\\/#listItem\",\"name\":\"Econom\\u00eda\"}},{\"@type\":\"ListItem\",\"@id\":\"https:\\\/\\\/www.eldigitaldeasturias.com\\\/noticias\\\/category\\\/economia\\\/#listItem\",\"position\":2,\"name\":\"Econom\\u00eda\",\"item\":\"https:\\\/\\\/www.eldigitaldeasturias.com\\\/noticias\\\/category\\\/economia\\\/\",\"nextItem\":{\"@type\":\"ListItem\",\"@id\":\"https:\\\/\\\/www.eldigitaldeasturias.com\\\/noticias\\\/las-instalaciones-de-almacenamiento-de-gas-de-alemania-casi-al-95-por-ciento\\\/#listItem\",\"name\":\"Las instalaciones de almacenamiento de gas de Alemania casi al 95 por ciento\"},\"previousItem\":{\"@type\":\"ListItem\",\"@id\":\"https:\\\/\\\/www.eldigitaldeasturias.com\\\/noticias#listItem\",\"name\":\"Home\"}},{\"@type\":\"ListItem\",\"@id\":\"https:\\\/\\\/www.eldigitaldeasturias.com\\\/noticias\\\/las-instalaciones-de-almacenamiento-de-gas-de-alemania-casi-al-95-por-ciento\\\/#listItem\",\"position\":3,\"name\":\"Las instalaciones de almacenamiento de gas de Alemania casi al 95 por ciento\",\"previousItem\":{\"@type\":\"ListItem\",\"@id\":\"https:\\\/\\\/www.eldigitaldeasturias.com\\\/noticias\\\/category\\\/economia\\\/#listItem\",\"name\":\"Econom\\u00eda\"}}]},{\"@type\":\"Organization\",\"@id\":\"https:\\\/\\\/www.eldigitaldeasturias.com\\\/noticias\\\/#organization\",\"name\":\"El Digital de Asturias\",\"description\":\"Hemeroteca\",\"url\":\"https:\\\/\\\/www.eldigitaldeasturias.com\\\/noticias\\\/\",\"email\":\"info@eldigitaldeasturias.com\",\"telephone\":\"+34652131393\",\"logo\":{\"@type\":\"ImageObject\",\"url\":\"https:\\\/\\\/www.eldigitaldeasturias.com\\\/noticias\\\/wp-content\\\/uploads\\\/2020\\\/12\\\/EDA.jpg\",\"@id\":\"https:\\\/\\\/www.eldigitaldeasturias.com\\\/noticias\\\/las-instalaciones-de-almacenamiento-de-gas-de-alemania-casi-al-95-por-ciento\\\/#organizationLogo\",\"width\":649,\"height\":297},\"image\":{\"@id\":\"https:\\\/\\\/www.eldigitaldeasturias.com\\\/noticias\\\/las-instalaciones-de-almacenamiento-de-gas-de-alemania-casi-al-95-por-ciento\\\/#organizationLogo\"},\"sameAs\":[\"https:\\\/\\\/facebook.com\\\/eldigitaldeasturias\",\"https:\\\/\\\/www.youtube.com\\\/channel\\\/UCZP-2wLEB9Rv6erhFmqVnvg\"],\"address\":{\"@id\":\"https:\\\/\\\/www.eldigitaldeasturias.com\\\/noticias\\\/#postaladdress\",\"@type\":\"PostalAddress\",\"streetAddress\":\"san antonio 4,\",\"postalCode\":\"33430\",\"addressLocality\":\"Cand\\u00e1s\",\"addressRegion\":\"Asturias\",\"addressCountry\":\"ES\"}},{\"@type\":\"Person\",\"@id\":\"https:\\\/\\\/www.eldigitaldeasturias.com\\\/noticias\\\/author\\\/admin\\\/#author\",\"url\":\"https:\\\/\\\/www.eldigitaldeasturias.com\\\/noticias\\\/author\\\/admin\\\/\",\"name\":\"El Digital de Asturias\",\"image\":{\"@type\":\"ImageObject\",\"@id\":\"https:\\\/\\\/www.eldigitaldeasturias.com\\\/noticias\\\/las-instalaciones-de-almacenamiento-de-gas-de-alemania-casi-al-95-por-ciento\\\/#authorImage\",\"url\":\"https:\\\/\\\/www.eldigitaldeasturias.com\\\/noticias\\\/wp-content\\\/litespeed\\\/avatar\\\/18677e78aa0546b92d9dbf31ec7d7668.jpg?ver=1776685526\",\"width\":96,\"height\":96,\"caption\":\"El Digital de Asturias\"}},{\"@type\":\"WebPage\",\"@id\":\"https:\\\/\\\/www.eldigitaldeasturias.com\\\/noticias\\\/las-instalaciones-de-almacenamiento-de-gas-de-alemania-casi-al-95-por-ciento\\\/#webpage\",\"url\":\"https:\\\/\\\/www.eldigitaldeasturias.com\\\/noticias\\\/las-instalaciones-de-almacenamiento-de-gas-de-alemania-casi-al-95-por-ciento\\\/\",\"name\":\"Las instalaciones de almacenamiento de gas de Alemania casi al 95 por ciento - El Digital de Asturias\",\"description\":\"Bruselas\\\/Berl\\u00edn, 13 oct (dpa) - Las instalaciones de almacenamiento de gas de Alemania est\\u00e1n llenas casi al 95 por ciento, a pesar de la falta de suministros\",\"inLanguage\":\"es-ES\",\"isPartOf\":{\"@id\":\"https:\\\/\\\/www.eldigitaldeasturias.com\\\/noticias\\\/#website\"},\"breadcrumb\":{\"@id\":\"https:\\\/\\\/www.eldigitaldeasturias.com\\\/noticias\\\/las-instalaciones-de-almacenamiento-de-gas-de-alemania-casi-al-95-por-ciento\\\/#breadcrumblist\"},\"author\":{\"@id\":\"https:\\\/\\\/www.eldigitaldeasturias.com\\\/noticias\\\/author\\\/admin\\\/#author\"},\"creator\":{\"@id\":\"https:\\\/\\\/www.eldigitaldeasturias.com\\\/noticias\\\/author\\\/admin\\\/#author\"},\"image\":{\"@type\":\"ImageObject\",\"url\":\"https:\\\/\\\/www.eldigitaldeasturias.com\\\/noticias\\\/wp-content\\\/uploads\\\/2022\\\/10\\\/gas.jpg\",\"@id\":\"https:\\\/\\\/www.eldigitaldeasturias.com\\\/noticias\\\/las-instalaciones-de-almacenamiento-de-gas-de-alemania-casi-al-95-por-ciento\\\/#mainImage\",\"width\":1002,\"height\":654,\"caption\":\"Instalaciones de almacenamiento de gas en Rehden, en el norte de Alemania. Foto: Sina Schuldt\\\/dpa\"},\"primaryImageOfPage\":{\"@id\":\"https:\\\/\\\/www.eldigitaldeasturias.com\\\/noticias\\\/las-instalaciones-de-almacenamiento-de-gas-de-alemania-casi-al-95-por-ciento\\\/#mainImage\"},\"datePublished\":\"2022-10-13T18:14:00+02:00\",\"dateModified\":\"2022-10-13T18:14:00+02:00\"},{\"@type\":\"WebSite\",\"@id\":\"https:\\\/\\\/www.eldigitaldeasturias.com\\\/noticias\\\/#website\",\"url\":\"https:\\\/\\\/www.eldigitaldeasturias.com\\\/noticias\\\/\",\"name\":\"El Digital de Asturias - Diario de actualidad y noticias\",\"alternateName\":\"El Digital de Asturias - Diario de actualidad y noticias\",\"description\":\"Hemeroteca\",\"inLanguage\":\"es-ES\",\"publisher\":{\"@id\":\"https:\\\/\\\/www.eldigitaldeasturias.com\\\/noticias\\\/#organization\"}}]}\n\t\t<\/script>\n\t\t<!-- All in One SEO Pro -->\r\n\t\t<title>Las instalaciones de almacenamiento de gas de Alemania casi al 95 por ciento - El Digital de Asturias<\/title>\n\n","aioseo_head_json":{"title":"Las instalaciones de almacenamiento de gas de Alemania casi al 95 por ciento - El Digital de Asturias","description":"Bruselas\/Berl\u00edn, 13 oct (dpa) - Las instalaciones de almacenamiento de gas de Alemania est\u00e1n llenas casi al 95 por ciento, a pesar de la falta de suministros","canonical_url":"https:\/\/www.eldigitaldeasturias.com\/noticias\/las-instalaciones-de-almacenamiento-de-gas-de-alemania-casi-al-95-por-ciento\/","robots":"max-image-preview:large","keywords":"econom\u00eda","webmasterTools":{"google-site-verification":"UA-38556648-1","msvalidate.01":"7dfe9f3f1b24437ab69f4f2559babe99","miscellaneous":""},"schema":{"@context":"https:\/\/schema.org","@graph":[{"@type":"BlogPosting","@id":"https:\/\/www.eldigitaldeasturias.com\/noticias\/las-instalaciones-de-almacenamiento-de-gas-de-alemania-casi-al-95-por-ciento\/#blogposting","name":"Las instalaciones de almacenamiento de gas de Alemania casi al 95 por ciento - El Digital de Asturias","headline":"Las instalaciones de almacenamiento de gas de Alemania casi al 95 por ciento","author":{"@id":"https:\/\/www.eldigitaldeasturias.com\/noticias\/author\/admin\/#author"},"publisher":{"@id":"https:\/\/www.eldigitaldeasturias.com\/noticias\/#organization"},"image":{"@type":"ImageObject","url":"https:\/\/www.eldigitaldeasturias.com\/noticias\/wp-content\/uploads\/2022\/10\/gas.jpg","width":1002,"height":654,"caption":"Instalaciones de almacenamiento de gas en Rehden, en el norte de Alemania. Foto: Sina Schuldt\/dpa"},"datePublished":"2022-10-13T18:14:00+02:00","dateModified":"2022-10-13T18:14:00+02:00","inLanguage":"es-ES","mainEntityOfPage":{"@id":"https:\/\/www.eldigitaldeasturias.com\/noticias\/las-instalaciones-de-almacenamiento-de-gas-de-alemania-casi-al-95-por-ciento\/#webpage"},"isPartOf":{"@id":"https:\/\/www.eldigitaldeasturias.com\/noticias\/las-instalaciones-de-almacenamiento-de-gas-de-alemania-casi-al-95-por-ciento\/#webpage"},"articleSection":"Econom\u00eda"},{"@type":"BreadcrumbList","@id":"https:\/\/www.eldigitaldeasturias.com\/noticias\/las-instalaciones-de-almacenamiento-de-gas-de-alemania-casi-al-95-por-ciento\/#breadcrumblist","itemListElement":[{"@type":"ListItem","@id":"https:\/\/www.eldigitaldeasturias.com\/noticias#listItem","position":1,"name":"Home","item":"https:\/\/www.eldigitaldeasturias.com\/noticias","nextItem":{"@type":"ListItem","@id":"https:\/\/www.eldigitaldeasturias.com\/noticias\/category\/economia\/#listItem","name":"Econom\u00eda"}},{"@type":"ListItem","@id":"https:\/\/www.eldigitaldeasturias.com\/noticias\/category\/economia\/#listItem","position":2,"name":"Econom\u00eda","item":"https:\/\/www.eldigitaldeasturias.com\/noticias\/category\/economia\/","nextItem":{"@type":"ListItem","@id":"https:\/\/www.eldigitaldeasturias.com\/noticias\/las-instalaciones-de-almacenamiento-de-gas-de-alemania-casi-al-95-por-ciento\/#listItem","name":"Las instalaciones de almacenamiento de gas de Alemania casi al 95 por ciento"},"previousItem":{"@type":"ListItem","@id":"https:\/\/www.eldigitaldeasturias.com\/noticias#listItem","name":"Home"}},{"@type":"ListItem","@id":"https:\/\/www.eldigitaldeasturias.com\/noticias\/las-instalaciones-de-almacenamiento-de-gas-de-alemania-casi-al-95-por-ciento\/#listItem","position":3,"name":"Las instalaciones de almacenamiento de gas de Alemania casi al 95 por ciento","previousItem":{"@type":"ListItem","@id":"https:\/\/www.eldigitaldeasturias.com\/noticias\/category\/economia\/#listItem","name":"Econom\u00eda"}}]},{"@type":"Organization","@id":"https:\/\/www.eldigitaldeasturias.com\/noticias\/#organization","name":"El Digital de Asturias","description":"Hemeroteca","url":"https:\/\/www.eldigitaldeasturias.com\/noticias\/","email":"info@eldigitaldeasturias.com","telephone":"+34652131393","logo":{"@type":"ImageObject","url":"https:\/\/www.eldigitaldeasturias.com\/noticias\/wp-content\/uploads\/2020\/12\/EDA.jpg","@id":"https:\/\/www.eldigitaldeasturias.com\/noticias\/las-instalaciones-de-almacenamiento-de-gas-de-alemania-casi-al-95-por-ciento\/#organizationLogo","width":649,"height":297},"image":{"@id":"https:\/\/www.eldigitaldeasturias.com\/noticias\/las-instalaciones-de-almacenamiento-de-gas-de-alemania-casi-al-95-por-ciento\/#organizationLogo"},"sameAs":["https:\/\/facebook.com\/eldigitaldeasturias","https:\/\/www.youtube.com\/channel\/UCZP-2wLEB9Rv6erhFmqVnvg"],"address":{"@id":"https:\/\/www.eldigitaldeasturias.com\/noticias\/#postaladdress","@type":"PostalAddress","streetAddress":"san antonio 4,","postalCode":"33430","addressLocality":"Cand\u00e1s","addressRegion":"Asturias","addressCountry":"ES"}},{"@type":"Person","@id":"https:\/\/www.eldigitaldeasturias.com\/noticias\/author\/admin\/#author","url":"https:\/\/www.eldigitaldeasturias.com\/noticias\/author\/admin\/","name":"El Digital de Asturias","image":{"@type":"ImageObject","@id":"https:\/\/www.eldigitaldeasturias.com\/noticias\/las-instalaciones-de-almacenamiento-de-gas-de-alemania-casi-al-95-por-ciento\/#authorImage","url":"https:\/\/www.eldigitaldeasturias.com\/noticias\/wp-content\/litespeed\/avatar\/18677e78aa0546b92d9dbf31ec7d7668.jpg?ver=1776685526","width":96,"height":96,"caption":"El Digital de Asturias"}},{"@type":"WebPage","@id":"https:\/\/www.eldigitaldeasturias.com\/noticias\/las-instalaciones-de-almacenamiento-de-gas-de-alemania-casi-al-95-por-ciento\/#webpage","url":"https:\/\/www.eldigitaldeasturias.com\/noticias\/las-instalaciones-de-almacenamiento-de-gas-de-alemania-casi-al-95-por-ciento\/","name":"Las instalaciones de almacenamiento de gas de Alemania casi al 95 por ciento - El Digital de Asturias","description":"Bruselas\/Berl\u00edn, 13 oct (dpa) - Las instalaciones de almacenamiento de gas de Alemania est\u00e1n llenas casi al 95 por ciento, a pesar de la falta de suministros","inLanguage":"es-ES","isPartOf":{"@id":"https:\/\/www.eldigitaldeasturias.com\/noticias\/#website"},"breadcrumb":{"@id":"https:\/\/www.eldigitaldeasturias.com\/noticias\/las-instalaciones-de-almacenamiento-de-gas-de-alemania-casi-al-95-por-ciento\/#breadcrumblist"},"author":{"@id":"https:\/\/www.eldigitaldeasturias.com\/noticias\/author\/admin\/#author"},"creator":{"@id":"https:\/\/www.eldigitaldeasturias.com\/noticias\/author\/admin\/#author"},"image":{"@type":"ImageObject","url":"https:\/\/www.eldigitaldeasturias.com\/noticias\/wp-content\/uploads\/2022\/10\/gas.jpg","@id":"https:\/\/www.eldigitaldeasturias.com\/noticias\/las-instalaciones-de-almacenamiento-de-gas-de-alemania-casi-al-95-por-ciento\/#mainImage","width":1002,"height":654,"caption":"Instalaciones de almacenamiento de gas en Rehden, en el norte de Alemania. Foto: Sina Schuldt\/dpa"},"primaryImageOfPage":{"@id":"https:\/\/www.eldigitaldeasturias.com\/noticias\/las-instalaciones-de-almacenamiento-de-gas-de-alemania-casi-al-95-por-ciento\/#mainImage"},"datePublished":"2022-10-13T18:14:00+02:00","dateModified":"2022-10-13T18:14:00+02:00"},{"@type":"WebSite","@id":"https:\/\/www.eldigitaldeasturias.com\/noticias\/#website","url":"https:\/\/www.eldigitaldeasturias.com\/noticias\/","name":"El Digital de Asturias - Diario de actualidad y noticias","alternateName":"El Digital de Asturias - Diario de actualidad y noticias","description":"Hemeroteca","inLanguage":"es-ES","publisher":{"@id":"https:\/\/www.eldigitaldeasturias.com\/noticias\/#organization"}}]},"og:locale":"es_ES","og:site_name":"El Digital de Asturias","og:type":"article","og:title":"Las instalaciones de almacenamiento de gas de Alemania casi al 95 por ciento - El Digital de Asturias","og:description":"Bruselas\/Berl\u00edn, 13 oct (dpa) - Las instalaciones de almacenamiento de gas de Alemania est\u00e1n llenas casi al 95 por ciento, a pesar de la falta de suministros","og:url":"https:\/\/www.eldigitaldeasturias.com\/noticias\/las-instalaciones-de-almacenamiento-de-gas-de-alemania-casi-al-95-por-ciento\/","og:image":"https:\/\/www.eldigitaldeasturias.com\/noticias\/wp-content\/uploads\/2022\/10\/gas.jpg","og:image:secure_url":"https:\/\/www.eldigitaldeasturias.com\/noticias\/wp-content\/uploads\/2022\/10\/gas.jpg","og:image:width":1002,"og:image:height":654,"article:tag":["econom\u00eda"],"article:published_time":"2022-10-13T16:14:00+00:00","article:modified_time":"2022-10-13T16:14:00+00:00","article:publisher":"https:\/\/facebook.com\/eldigitaldeasturias","twitter:card":"summary_large_image","twitter:title":"Las instalaciones de almacenamiento de gas de Alemania casi al 95 por ciento - El Digital de Asturias","twitter:description":"Bruselas\/Berl\u00edn, 13 oct (dpa) - Las instalaciones de almacenamiento de gas de Alemania est\u00e1n llenas casi al 95 por ciento, a pesar de la falta de suministros","twitter:image":"https:\/\/www.eldigitaldeasturias.com\/noticias\/wp-content\/uploads\/2022\/10\/gas.jpg","twitter:label1":"Escrito por","twitter:data1":"El Digital de Asturias","twitter:label2":"Tiempo de lectura estimado","twitter:data2":"3 minutos"},"aioseo_meta_data":{"post_id":"1117780","title":null,"description":"Bruselas\/Berl\u00edn, 13 oct (dpa) - Las instalaciones de almacenamiento de gas de Alemania est\u00e1n llenas casi al 95 por ciento, a pesar de la falta de suministros","keywords":[],"keyphrases":{"focus":{"keyphrase":"gas ","score":92,"analysis":{"keyphraseInTitle":{"title":"Focus keyphrase in SEO title","description":"Focus keyphrase found in SEO title.","score":9,"maxScore":9,"error":0},"keyphraseInDescription":{"title":"Focus keyphrase in meta description","description":"Focus keyphrase found in meta description.","score":9,"maxScore":9,"error":0},"keyphraseLength":{"title":"Focus keyphrase length","description":"Good job!","score":9,"maxScore":9,"error":0,"length":1},"keyphraseInURL":{"title":"Focus keyphrase in URL","description":"Focus keyphrase not found in the URL.","score":1,"maxScore":5,"error":1},"keyphraseInIntroduction":{"title":"Focus keyphrase in introduction","description":"Your Focus keyphrase appears in the first paragraph. Well done!","score":9,"maxScore":9,"error":0},"keyphraseInSubHeadings":[],"keyphraseInImageAlt":{"title":"Focus keyphrase in image alt attributes","description":"Focus keyphrase found in image alt attribute(s).","score":9,"maxScore":9,"error":0}}},"additional":[{"keyphrase":"Alemania ","score":83,"analysis":{"keyphraseInDescription":{"title":"Keyphrase in meta description","description":"Keyphrase found in meta description.","score":9,"maxScore":9,"error":0},"keyphraseLength":{"title":"Keyphrase length","description":"Good job!","score":9,"maxScore":9,"error":0,"length":1},"keyphraseInIntroduction":{"title":"Keyphrase in introduction","description":"Your Keyphrase appears in the first paragraph. Well done!","score":9,"maxScore":9,"error":0},"keyphraseInImageAlt":{"title":"Keyphrase in image alt attributes","description":"Keyphrase not found in image alt attribute(s). Add an image with your Keyphrase as alt text.","score":3,"maxScore":9,"error":1}}}]},"primary_term":null,"canonical_url":null,"og_title":null,"og_description":null,"og_object_type":"default","og_image_type":"default","og_image_url":null,"og_image_width":null,"og_image_height":null,"og_image_custom_url":null,"og_image_custom_fields":null,"og_video":"","og_custom_url":null,"og_article_section":null,"og_article_tags":[],"twitter_use_og":false,"twitter_card":"default","twitter_image_type":"default","twitter_image_url":null,"twitter_image_custom_url":null,"twitter_image_custom_fields":null,"twitter_title":null,"twitter_description":null,"schema":{"blockGraphs":[],"customGraphs":[],"default":{"data":{"Article":[],"Course":[],"Dataset":[],"FAQPage":[],"Movie":[],"Person":[],"Product":[],"ProductReview":[],"Car":[],"Recipe":[],"Service":[],"SoftwareApplication":[],"WebPage":[]},"graphName":"BlogPosting","isEnabled":true},"graphs":[]},"schema_type":"default","schema_type_options":null,"pillar_content":false,"robots_default":true,"robots_noindex":false,"robots_noarchive":false,"robots_nosnippet":false,"robots_nofollow":false,"robots_noimageindex":false,"robots_noodp":false,"robots_notranslate":false,"robots_max_snippet":"-1","robots_max_videopreview":"-1","robots_max_imagepreview":"large","priority":null,"frequency":"default","local_seo":null,"seo_analyzer_scan_date":"2025-10-04 02:16:42","breadcrumb_settings":null,"limit_modified_date":false,"open_ai":null,"ai":null,"created":"2022-10-13 16:05:13","updated":"2025-10-04 02:16:42"},"aioseo_breadcrumb":"<div class=\"aioseo-breadcrumbs\"><span class=\"aioseo-breadcrumb\">\n\t<a href=\"https:\/\/www.eldigitaldeasturias.com\/noticias\" title=\"Home\">Home<\/a>\n<\/span><span class=\"aioseo-breadcrumb-separator\">\u2013<\/span><span class=\"aioseo-breadcrumb\">\n\t<a href=\"https:\/\/www.eldigitaldeasturias.com\/noticias\/category\/economia\/\" title=\"Econom\u00eda\">Econom\u00eda<\/a>\n<\/span><span class=\"aioseo-breadcrumb-separator\">\u2013<\/span><span class=\"aioseo-breadcrumb\">\n\t<a href=\"https:\/\/www.eldigitaldeasturias.com\/noticias\/las-instalaciones-de-almacenamiento-de-gas-de-alemania-casi-al-95-por-ciento\/\" title=\"Las instalaciones de almacenamiento de gas de Alemania casi al 95 por ciento\">Las instalaciones de almacenamiento de gas de Alemania casi al 95 por ciento<\/a>\n<\/span><\/div>","aioseo_breadcrumb_json":[{"label":"Home","link":"https:\/\/www.eldigitaldeasturias.com\/noticias"},{"label":"Econom\u00eda","link":"https:\/\/www.eldigitaldeasturias.com\/noticias\/category\/economia\/"},{"label":"Las instalaciones de almacenamiento de gas de Alemania casi al 95 por ciento","link":"https:\/\/www.eldigitaldeasturias.com\/noticias\/las-instalaciones-de-almacenamiento-de-gas-de-alemania-casi-al-95-por-ciento\/"}],"_links":{"self":[{"href":"https:\/\/www.eldigitaldeasturias.com\/noticias\/wp-json\/wp\/v2\/posts\/1117780","targetHints":{"allow":["GET"]}}],"collection":[{"href":"https:\/\/www.eldigitaldeasturias.com\/noticias\/wp-json\/wp\/v2\/posts"}],"about":[{"href":"https:\/\/www.eldigitaldeasturias.com\/noticias\/wp-json\/wp\/v2\/types\/post"}],"author":[{"embeddable":true,"href":"https:\/\/www.eldigitaldeasturias.com\/noticias\/wp-json\/wp\/v2\/users\/1"}],"replies":[{"embeddable":true,"href":"https:\/\/www.eldigitaldeasturias.com\/noticias\/wp-json\/wp\/v2\/comments?post=1117780"}],"version-history":[{"count":0,"href":"https:\/\/www.eldigitaldeasturias.com\/noticias\/wp-json\/wp\/v2\/posts\/1117780\/revisions"}],"wp:featuredmedia":[{"embeddable":true,"href":"https:\/\/www.eldigitaldeasturias.com\/noticias\/wp-json\/wp\/v2\/media\/1117781"}],"wp:attachment":[{"href":"https:\/\/www.eldigitaldeasturias.com\/noticias\/wp-json\/wp\/v2\/media?parent=1117780"}],"wp:term":[{"taxonomy":"category","embeddable":true,"href":"https:\/\/www.eldigitaldeasturias.com\/noticias\/wp-json\/wp\/v2\/categories?post=1117780"},{"taxonomy":"post_tag","embeddable":true,"href":"https:\/\/www.eldigitaldeasturias.com\/noticias\/wp-json\/wp\/v2\/tags?post=1117780"}],"curies":[{"name":"wp","href":"https:\/\/api.w.org\/{rel}","templated":true}]}}