{"id":1117491,"date":"2022-10-06T03:21:07","date_gmt":"2022-10-06T01:21:07","guid":{"rendered":"https:\/\/www.eldigitaldeasturias.com\/noticias\/?p=1117491"},"modified":"2022-10-06T03:32:42","modified_gmt":"2022-10-06T01:32:42","slug":"oviedo-ha-presentado-las-jornadas-del-desarme-en-santander","status":"publish","type":"post","link":"https:\/\/www.eldigitaldeasturias.com\/noticias\/oviedo-ha-presentado-las-jornadas-del-desarme-en-santander\/","title":{"rendered":"Oviedo ha presentado en Santander las \u00abJornadas del Desarme\u00bb"},"content":{"rendered":"<p>Oviedo ha presentado\u00a0 en Santander la \u201c<a href=\"https:\/\/www.oviedo.es\/-\/santander-acoge-la-presentacion-de-las-jornadas-del-desarme\"><span style=\"color: #ff6600;\"><strong>Jornadas del Desarme<\/strong><\/span><\/a>\u201d, una tradici\u00f3n que se remonta al siglo XIX, con la primera Guerra carlista (1833- 1839). Por aquel entonces, coincidiendo con el cumplea\u00f1os de la Reina Isabel II, en concreto el <strong>10 de octubre de 1836<\/strong>, las autoridades decidieron dar un \u201crancho extraordinario a los soldados a base de garbanzos, tocino y carne\u201d. <strong>Se dice que ah\u00ed, \u201cperdieron\u201d la guerra<\/strong>.<\/p>\n<figure id=\"attachment_1117492\" aria-describedby=\"caption-attachment-1117492\" style=\"width: 650px\" class=\"wp-caption aligncenter\"><img loading=\"lazy\" decoding=\"async\" class=\"wp-image-1117492 size-large\" src=\"https:\/\/www.eldigitaldeasturias.com\/noticias\/wp-content\/uploads\/2022\/10\/Desarme-650x429.jpg\" alt=\"Desarme\" width=\"650\" height=\"429\" srcset=\"https:\/\/www.eldigitaldeasturias.com\/noticias\/wp-content\/uploads\/2022\/10\/Desarme-650x429.jpg 650w, https:\/\/www.eldigitaldeasturias.com\/noticias\/wp-content\/uploads\/2022\/10\/Desarme-360x238.jpg 360w, https:\/\/www.eldigitaldeasturias.com\/noticias\/wp-content\/uploads\/2022\/10\/Desarme-454x300.jpg 454w, https:\/\/www.eldigitaldeasturias.com\/noticias\/wp-content\/uploads\/2022\/10\/Desarme-768x507.jpg 768w, https:\/\/www.eldigitaldeasturias.com\/noticias\/wp-content\/uploads\/2022\/10\/Desarme-150x99.jpg 150w, https:\/\/www.eldigitaldeasturias.com\/noticias\/wp-content\/uploads\/2022\/10\/Desarme-450x297.jpg 450w, https:\/\/www.eldigitaldeasturias.com\/noticias\/wp-content\/uploads\/2022\/10\/Desarme.jpg 974w\" sizes=\"auto, (max-width: 650px) 100vw, 650px\" \/><figcaption id=\"caption-attachment-1117492\" class=\"wp-caption-text\">FOTO: PRENSA AYUNTAMIENTO DE OVIEDO<\/figcaption><\/figure>\n<p>El alcalde de Oviedo, Alfredo Canteli, y el concejal de Hosteler\u00eda, Turismo y Congresos, Alfredo Garc\u00eda Quintana, han rememorado aquellas fechas, en un acto en el que tambi\u00e9n ha asistido la alcaldesa de Santander, Gema Igual, entre otras autoridades.<\/p>\n<p>El primer edil de Oviedo, Alfredo Canteli ha destacado su compromiso \u00abpara potenciar este men\u00fa\u00bb, y ha incidido en que su apuesta por \u00abel <a href=\"https:\/\/www.eldigitaldeasturias.com\/noticias\/category\/turismo\/\"><span style=\"color: #ff6600;\"><strong>turismo<\/strong><\/span><\/a> como sector preferencial para la actividad econ\u00f3mica ovetense\u00bb.<\/p>\n<p>El primer edil tambi\u00e9n ha querido hacer hincapi\u00e9 en que \u00abpresentar lejos de nuestra tierra el Men\u00fa del Desarme es un orgullo como ovetense\u00bb, enfatizando que \u00abse trata de una tradici\u00f3n muy arraigada en nuestra ciudad, que ha sido declarada Fiesta de Inter\u00e9s Tur\u00edstico Regional, y que se ha convertido en un ejemplo admirable de c\u00f3mo potenciar un men\u00fa aut\u00f3ctono\u00bb.<\/p>\n","protected":false},"excerpt":{"rendered":"<p>Oviedo ha presentado\u00a0 en Santander la \u201cJornadas del Desarme\u201d, una tradici\u00f3n que se remonta al siglo XIX, con la primera Guerra carlista (1833- 1839). Por aquel entonces, coincidiendo con el cumplea\u00f1os de la Reina Isabel II, en concreto el 10 de octubre de 1836, las autoridades decidieron dar un \u201crancho extraordinario a los soldados a [&hellip;]<\/p>\n","protected":false},"author":1,"featured_media":1117492,"comment_status":"closed","ping_status":"closed","sticky":false,"template":"","format":"standard","meta":{"footnotes":""},"categories":[12,599],"tags":[],"class_list":["post-1117491","post","type-post","status-publish","format-standard","has-post-thumbnail","hentry","category-actualidad-asturias","category-gastronomia"],"aioseo_notices":[],"aioseo_head":"\n\t\t<!-- All in One SEO Pro 4.9.6.2 - aioseo.com -->\n\t<meta name=\"description\" content=\"Oviedo ha presentado en Santander la \u201cJornadas del Desarme\u201d, una tradici\u00f3n que se remonta al siglo XIX, con la primera Guerra carlista (1833- 1839).\" \/>\n\t<meta name=\"robots\" content=\"max-image-preview:large\" \/>\n\t<meta name=\"author\" content=\"El Digital de Asturias\"\/>\n\t<meta name=\"google-site-verification\" content=\"UA-38556648-1\" \/>\n\t<meta name=\"msvalidate.01\" content=\"7dfe9f3f1b24437ab69f4f2559babe99\" \/>\n\t<meta name=\"keywords\" content=\"actualidad asturias,gastronom\u00eda\" \/>\n\t<link rel=\"canonical\" href=\"https:\/\/www.eldigitaldeasturias.com\/noticias\/oviedo-ha-presentado-las-jornadas-del-desarme-en-santander\/\" \/>\n\t<meta name=\"generator\" content=\"All in One SEO Pro (AIOSEO) 4.9.6.2\" \/>\n\t\t<meta property=\"og:locale\" content=\"es_ES\" \/>\n\t\t<meta property=\"og:site_name\" content=\"El Digital de Asturias\" \/>\n\t\t<meta property=\"og:type\" content=\"article\" \/>\n\t\t<meta property=\"og:title\" content=\"Oviedo ha presentado en Santander las \u00abJornadas del Desarme\u00bb - El Digital de Asturias\" \/>\n\t\t<meta property=\"og:description\" content=\"Oviedo ha presentado en Santander la \u201cJornadas del Desarme\u201d, una tradici\u00f3n que se remonta al siglo XIX, con la primera Guerra carlista (1833- 1839).\" \/>\n\t\t<meta property=\"og:url\" content=\"https:\/\/www.eldigitaldeasturias.com\/noticias\/oviedo-ha-presentado-las-jornadas-del-desarme-en-santander\/\" \/>\n\t\t<meta property=\"og:image\" content=\"https:\/\/www.eldigitaldeasturias.com\/noticias\/wp-content\/uploads\/2022\/10\/Desarme.jpg\" \/>\n\t\t<meta property=\"og:image:secure_url\" content=\"https:\/\/www.eldigitaldeasturias.com\/noticias\/wp-content\/uploads\/2022\/10\/Desarme.jpg\" \/>\n\t\t<meta property=\"og:image:width\" content=\"974\" \/>\n\t\t<meta property=\"og:image:height\" content=\"643\" \/>\n\t\t<meta property=\"article:tag\" content=\"actualidad asturias\" \/>\n\t\t<meta property=\"article:tag\" content=\"gastronom\u00eda\" \/>\n\t\t<meta property=\"article:published_time\" content=\"2022-10-06T01:21:07+00:00\" \/>\n\t\t<meta property=\"article:modified_time\" content=\"2022-10-06T01:32:42+00:00\" \/>\n\t\t<meta property=\"article:publisher\" content=\"https:\/\/facebook.com\/eldigitaldeasturias\" \/>\n\t\t<meta name=\"twitter:card\" content=\"summary_large_image\" \/>\n\t\t<meta name=\"twitter:title\" content=\"Oviedo ha presentado en Santander las \u00abJornadas del Desarme\u00bb - El Digital de Asturias\" \/>\n\t\t<meta name=\"twitter:description\" content=\"Oviedo ha presentado en Santander la \u201cJornadas del Desarme\u201d, una tradici\u00f3n que se remonta al siglo XIX, con la primera Guerra carlista (1833- 1839).\" \/>\n\t\t<meta name=\"twitter:image\" content=\"https:\/\/www.eldigitaldeasturias.com\/noticias\/wp-content\/uploads\/2022\/10\/Desarme.jpg\" \/>\n\t\t<meta name=\"twitter:label1\" content=\"Escrito por\" \/>\n\t\t<meta name=\"twitter:data1\" content=\"El Digital de Asturias\" \/>\n\t\t<meta name=\"twitter:label2\" content=\"Tiempo de lectura estimado\" \/>\n\t\t<meta name=\"twitter:data2\" content=\"1 minuto\" \/>\n\t\t<script type=\"application\/ld+json\" class=\"aioseo-schema\">\n\t\t\t{\"@context\":\"https:\\\/\\\/schema.org\",\"@graph\":[{\"@type\":\"BlogPosting\",\"@id\":\"https:\\\/\\\/www.eldigitaldeasturias.com\\\/noticias\\\/oviedo-ha-presentado-las-jornadas-del-desarme-en-santander\\\/#blogposting\",\"name\":\"Oviedo ha presentado en Santander las \\u00abJornadas del Desarme\\u00bb - El Digital de Asturias\",\"headline\":\"Oviedo ha presentado en Santander las \\u00abJornadas del Desarme\\u00bb\",\"author\":{\"@id\":\"https:\\\/\\\/www.eldigitaldeasturias.com\\\/noticias\\\/author\\\/admin\\\/#author\"},\"publisher\":{\"@id\":\"https:\\\/\\\/www.eldigitaldeasturias.com\\\/noticias\\\/#organization\"},\"image\":{\"@type\":\"ImageObject\",\"url\":\"https:\\\/\\\/www.eldigitaldeasturias.com\\\/noticias\\\/wp-content\\\/uploads\\\/2022\\\/10\\\/Desarme.jpg\",\"width\":974,\"height\":643,\"caption\":\"FOTO: PRENSA GOBIERNO DE ASTURIAS\"},\"datePublished\":\"2022-10-06T03:21:07+02:00\",\"dateModified\":\"2022-10-06T03:32:42+02:00\",\"inLanguage\":\"es-ES\",\"mainEntityOfPage\":{\"@id\":\"https:\\\/\\\/www.eldigitaldeasturias.com\\\/noticias\\\/oviedo-ha-presentado-las-jornadas-del-desarme-en-santander\\\/#webpage\"},\"isPartOf\":{\"@id\":\"https:\\\/\\\/www.eldigitaldeasturias.com\\\/noticias\\\/oviedo-ha-presentado-las-jornadas-del-desarme-en-santander\\\/#webpage\"},\"articleSection\":\"Actualidad Asturias, Gastronom\\u00eda\"},{\"@type\":\"BreadcrumbList\",\"@id\":\"https:\\\/\\\/www.eldigitaldeasturias.com\\\/noticias\\\/oviedo-ha-presentado-las-jornadas-del-desarme-en-santander\\\/#breadcrumblist\",\"itemListElement\":[{\"@type\":\"ListItem\",\"@id\":\"https:\\\/\\\/www.eldigitaldeasturias.com\\\/noticias#listItem\",\"position\":1,\"name\":\"Home\",\"item\":\"https:\\\/\\\/www.eldigitaldeasturias.com\\\/noticias\",\"nextItem\":{\"@type\":\"ListItem\",\"@id\":\"https:\\\/\\\/www.eldigitaldeasturias.com\\\/noticias\\\/category\\\/actualidad-asturias\\\/#listItem\",\"name\":\"Actualidad Asturias\"}},{\"@type\":\"ListItem\",\"@id\":\"https:\\\/\\\/www.eldigitaldeasturias.com\\\/noticias\\\/category\\\/actualidad-asturias\\\/#listItem\",\"position\":2,\"name\":\"Actualidad Asturias\",\"item\":\"https:\\\/\\\/www.eldigitaldeasturias.com\\\/noticias\\\/category\\\/actualidad-asturias\\\/\",\"nextItem\":{\"@type\":\"ListItem\",\"@id\":\"https:\\\/\\\/www.eldigitaldeasturias.com\\\/noticias\\\/oviedo-ha-presentado-las-jornadas-del-desarme-en-santander\\\/#listItem\",\"name\":\"Oviedo ha presentado en Santander las \\u00abJornadas del Desarme\\u00bb\"},\"previousItem\":{\"@type\":\"ListItem\",\"@id\":\"https:\\\/\\\/www.eldigitaldeasturias.com\\\/noticias#listItem\",\"name\":\"Home\"}},{\"@type\":\"ListItem\",\"@id\":\"https:\\\/\\\/www.eldigitaldeasturias.com\\\/noticias\\\/oviedo-ha-presentado-las-jornadas-del-desarme-en-santander\\\/#listItem\",\"position\":3,\"name\":\"Oviedo ha presentado en Santander las \\u00abJornadas del Desarme\\u00bb\",\"previousItem\":{\"@type\":\"ListItem\",\"@id\":\"https:\\\/\\\/www.eldigitaldeasturias.com\\\/noticias\\\/category\\\/actualidad-asturias\\\/#listItem\",\"name\":\"Actualidad Asturias\"}}]},{\"@type\":\"Organization\",\"@id\":\"https:\\\/\\\/www.eldigitaldeasturias.com\\\/noticias\\\/#organization\",\"name\":\"El Digital de Asturias\",\"description\":\"Hemeroteca\",\"url\":\"https:\\\/\\\/www.eldigitaldeasturias.com\\\/noticias\\\/\",\"email\":\"info@eldigitaldeasturias.com\",\"telephone\":\"+34652131393\",\"logo\":{\"@type\":\"ImageObject\",\"url\":\"https:\\\/\\\/www.eldigitaldeasturias.com\\\/noticias\\\/wp-content\\\/uploads\\\/2020\\\/12\\\/EDA.jpg\",\"@id\":\"https:\\\/\\\/www.eldigitaldeasturias.com\\\/noticias\\\/oviedo-ha-presentado-las-jornadas-del-desarme-en-santander\\\/#organizationLogo\",\"width\":649,\"height\":297},\"image\":{\"@id\":\"https:\\\/\\\/www.eldigitaldeasturias.com\\\/noticias\\\/oviedo-ha-presentado-las-jornadas-del-desarme-en-santander\\\/#organizationLogo\"},\"sameAs\":[\"https:\\\/\\\/facebook.com\\\/eldigitaldeasturias\",\"https:\\\/\\\/www.youtube.com\\\/channel\\\/UCZP-2wLEB9Rv6erhFmqVnvg\"],\"address\":{\"@id\":\"https:\\\/\\\/www.eldigitaldeasturias.com\\\/noticias\\\/#postaladdress\",\"@type\":\"PostalAddress\",\"streetAddress\":\"san antonio 4,\",\"postalCode\":\"33430\",\"addressLocality\":\"Cand\\u00e1s\",\"addressRegion\":\"Asturias\",\"addressCountry\":\"ES\"}},{\"@type\":\"Person\",\"@id\":\"https:\\\/\\\/www.eldigitaldeasturias.com\\\/noticias\\\/author\\\/admin\\\/#author\",\"url\":\"https:\\\/\\\/www.eldigitaldeasturias.com\\\/noticias\\\/author\\\/admin\\\/\",\"name\":\"El Digital de Asturias\",\"image\":{\"@type\":\"ImageObject\",\"@id\":\"https:\\\/\\\/www.eldigitaldeasturias.com\\\/noticias\\\/oviedo-ha-presentado-las-jornadas-del-desarme-en-santander\\\/#authorImage\",\"url\":\"https:\\\/\\\/www.eldigitaldeasturias.com\\\/noticias\\\/wp-content\\\/litespeed\\\/avatar\\\/18677e78aa0546b92d9dbf31ec7d7668.jpg?ver=1777290358\",\"width\":96,\"height\":96,\"caption\":\"El Digital de Asturias\"}},{\"@type\":\"WebPage\",\"@id\":\"https:\\\/\\\/www.eldigitaldeasturias.com\\\/noticias\\\/oviedo-ha-presentado-las-jornadas-del-desarme-en-santander\\\/#webpage\",\"url\":\"https:\\\/\\\/www.eldigitaldeasturias.com\\\/noticias\\\/oviedo-ha-presentado-las-jornadas-del-desarme-en-santander\\\/\",\"name\":\"Oviedo ha presentado en Santander las \\u00abJornadas del Desarme\\u00bb - El Digital de Asturias\",\"description\":\"Oviedo ha presentado en Santander la \\u201cJornadas del Desarme\\u201d, una tradici\\u00f3n que se remonta al siglo XIX, con la primera Guerra carlista (1833- 1839).\",\"inLanguage\":\"es-ES\",\"isPartOf\":{\"@id\":\"https:\\\/\\\/www.eldigitaldeasturias.com\\\/noticias\\\/#website\"},\"breadcrumb\":{\"@id\":\"https:\\\/\\\/www.eldigitaldeasturias.com\\\/noticias\\\/oviedo-ha-presentado-las-jornadas-del-desarme-en-santander\\\/#breadcrumblist\"},\"author\":{\"@id\":\"https:\\\/\\\/www.eldigitaldeasturias.com\\\/noticias\\\/author\\\/admin\\\/#author\"},\"creator\":{\"@id\":\"https:\\\/\\\/www.eldigitaldeasturias.com\\\/noticias\\\/author\\\/admin\\\/#author\"},\"image\":{\"@type\":\"ImageObject\",\"url\":\"https:\\\/\\\/www.eldigitaldeasturias.com\\\/noticias\\\/wp-content\\\/uploads\\\/2022\\\/10\\\/Desarme.jpg\",\"@id\":\"https:\\\/\\\/www.eldigitaldeasturias.com\\\/noticias\\\/oviedo-ha-presentado-las-jornadas-del-desarme-en-santander\\\/#mainImage\",\"width\":974,\"height\":643,\"caption\":\"FOTO: PRENSA GOBIERNO DE ASTURIAS\"},\"primaryImageOfPage\":{\"@id\":\"https:\\\/\\\/www.eldigitaldeasturias.com\\\/noticias\\\/oviedo-ha-presentado-las-jornadas-del-desarme-en-santander\\\/#mainImage\"},\"datePublished\":\"2022-10-06T03:21:07+02:00\",\"dateModified\":\"2022-10-06T03:32:42+02:00\"},{\"@type\":\"WebSite\",\"@id\":\"https:\\\/\\\/www.eldigitaldeasturias.com\\\/noticias\\\/#website\",\"url\":\"https:\\\/\\\/www.eldigitaldeasturias.com\\\/noticias\\\/\",\"name\":\"El Digital de Asturias - Diario de actualidad y noticias\",\"alternateName\":\"El Digital de Asturias - Diario de actualidad y noticias\",\"description\":\"Hemeroteca\",\"inLanguage\":\"es-ES\",\"publisher\":{\"@id\":\"https:\\\/\\\/www.eldigitaldeasturias.com\\\/noticias\\\/#organization\"}}]}\n\t\t<\/script>\n\t\t<!-- All in One SEO Pro -->\r\n\t\t<title>Oviedo ha presentado en Santander las \u00abJornadas del Desarme\u00bb - El Digital de Asturias<\/title>\n\n","aioseo_head_json":{"title":"Oviedo ha presentado en Santander las \u00abJornadas del Desarme\u00bb - El Digital de Asturias","description":"Oviedo ha presentado en Santander la \u201cJornadas del Desarme\u201d, una tradici\u00f3n que se remonta al siglo XIX, con la primera Guerra carlista (1833- 1839).","canonical_url":"https:\/\/www.eldigitaldeasturias.com\/noticias\/oviedo-ha-presentado-las-jornadas-del-desarme-en-santander\/","robots":"max-image-preview:large","keywords":"actualidad asturias,gastronom\u00eda","webmasterTools":{"google-site-verification":"UA-38556648-1","msvalidate.01":"7dfe9f3f1b24437ab69f4f2559babe99","miscellaneous":""},"schema":{"@context":"https:\/\/schema.org","@graph":[{"@type":"BlogPosting","@id":"https:\/\/www.eldigitaldeasturias.com\/noticias\/oviedo-ha-presentado-las-jornadas-del-desarme-en-santander\/#blogposting","name":"Oviedo ha presentado en Santander las \u00abJornadas del Desarme\u00bb - El Digital de Asturias","headline":"Oviedo ha presentado en Santander las \u00abJornadas del Desarme\u00bb","author":{"@id":"https:\/\/www.eldigitaldeasturias.com\/noticias\/author\/admin\/#author"},"publisher":{"@id":"https:\/\/www.eldigitaldeasturias.com\/noticias\/#organization"},"image":{"@type":"ImageObject","url":"https:\/\/www.eldigitaldeasturias.com\/noticias\/wp-content\/uploads\/2022\/10\/Desarme.jpg","width":974,"height":643,"caption":"FOTO: PRENSA GOBIERNO DE ASTURIAS"},"datePublished":"2022-10-06T03:21:07+02:00","dateModified":"2022-10-06T03:32:42+02:00","inLanguage":"es-ES","mainEntityOfPage":{"@id":"https:\/\/www.eldigitaldeasturias.com\/noticias\/oviedo-ha-presentado-las-jornadas-del-desarme-en-santander\/#webpage"},"isPartOf":{"@id":"https:\/\/www.eldigitaldeasturias.com\/noticias\/oviedo-ha-presentado-las-jornadas-del-desarme-en-santander\/#webpage"},"articleSection":"Actualidad Asturias, Gastronom\u00eda"},{"@type":"BreadcrumbList","@id":"https:\/\/www.eldigitaldeasturias.com\/noticias\/oviedo-ha-presentado-las-jornadas-del-desarme-en-santander\/#breadcrumblist","itemListElement":[{"@type":"ListItem","@id":"https:\/\/www.eldigitaldeasturias.com\/noticias#listItem","position":1,"name":"Home","item":"https:\/\/www.eldigitaldeasturias.com\/noticias","nextItem":{"@type":"ListItem","@id":"https:\/\/www.eldigitaldeasturias.com\/noticias\/category\/actualidad-asturias\/#listItem","name":"Actualidad Asturias"}},{"@type":"ListItem","@id":"https:\/\/www.eldigitaldeasturias.com\/noticias\/category\/actualidad-asturias\/#listItem","position":2,"name":"Actualidad Asturias","item":"https:\/\/www.eldigitaldeasturias.com\/noticias\/category\/actualidad-asturias\/","nextItem":{"@type":"ListItem","@id":"https:\/\/www.eldigitaldeasturias.com\/noticias\/oviedo-ha-presentado-las-jornadas-del-desarme-en-santander\/#listItem","name":"Oviedo ha presentado en Santander las \u00abJornadas del Desarme\u00bb"},"previousItem":{"@type":"ListItem","@id":"https:\/\/www.eldigitaldeasturias.com\/noticias#listItem","name":"Home"}},{"@type":"ListItem","@id":"https:\/\/www.eldigitaldeasturias.com\/noticias\/oviedo-ha-presentado-las-jornadas-del-desarme-en-santander\/#listItem","position":3,"name":"Oviedo ha presentado en Santander las \u00abJornadas del Desarme\u00bb","previousItem":{"@type":"ListItem","@id":"https:\/\/www.eldigitaldeasturias.com\/noticias\/category\/actualidad-asturias\/#listItem","name":"Actualidad Asturias"}}]},{"@type":"Organization","@id":"https:\/\/www.eldigitaldeasturias.com\/noticias\/#organization","name":"El Digital de Asturias","description":"Hemeroteca","url":"https:\/\/www.eldigitaldeasturias.com\/noticias\/","email":"info@eldigitaldeasturias.com","telephone":"+34652131393","logo":{"@type":"ImageObject","url":"https:\/\/www.eldigitaldeasturias.com\/noticias\/wp-content\/uploads\/2020\/12\/EDA.jpg","@id":"https:\/\/www.eldigitaldeasturias.com\/noticias\/oviedo-ha-presentado-las-jornadas-del-desarme-en-santander\/#organizationLogo","width":649,"height":297},"image":{"@id":"https:\/\/www.eldigitaldeasturias.com\/noticias\/oviedo-ha-presentado-las-jornadas-del-desarme-en-santander\/#organizationLogo"},"sameAs":["https:\/\/facebook.com\/eldigitaldeasturias","https:\/\/www.youtube.com\/channel\/UCZP-2wLEB9Rv6erhFmqVnvg"],"address":{"@id":"https:\/\/www.eldigitaldeasturias.com\/noticias\/#postaladdress","@type":"PostalAddress","streetAddress":"san antonio 4,","postalCode":"33430","addressLocality":"Cand\u00e1s","addressRegion":"Asturias","addressCountry":"ES"}},{"@type":"Person","@id":"https:\/\/www.eldigitaldeasturias.com\/noticias\/author\/admin\/#author","url":"https:\/\/www.eldigitaldeasturias.com\/noticias\/author\/admin\/","name":"El Digital de Asturias","image":{"@type":"ImageObject","@id":"https:\/\/www.eldigitaldeasturias.com\/noticias\/oviedo-ha-presentado-las-jornadas-del-desarme-en-santander\/#authorImage","url":"https:\/\/www.eldigitaldeasturias.com\/noticias\/wp-content\/litespeed\/avatar\/18677e78aa0546b92d9dbf31ec7d7668.jpg?ver=1777290358","width":96,"height":96,"caption":"El Digital de Asturias"}},{"@type":"WebPage","@id":"https:\/\/www.eldigitaldeasturias.com\/noticias\/oviedo-ha-presentado-las-jornadas-del-desarme-en-santander\/#webpage","url":"https:\/\/www.eldigitaldeasturias.com\/noticias\/oviedo-ha-presentado-las-jornadas-del-desarme-en-santander\/","name":"Oviedo ha presentado en Santander las \u00abJornadas del Desarme\u00bb - El Digital de Asturias","description":"Oviedo ha presentado en Santander la \u201cJornadas del Desarme\u201d, una tradici\u00f3n que se remonta al siglo XIX, con la primera Guerra carlista (1833- 1839).","inLanguage":"es-ES","isPartOf":{"@id":"https:\/\/www.eldigitaldeasturias.com\/noticias\/#website"},"breadcrumb":{"@id":"https:\/\/www.eldigitaldeasturias.com\/noticias\/oviedo-ha-presentado-las-jornadas-del-desarme-en-santander\/#breadcrumblist"},"author":{"@id":"https:\/\/www.eldigitaldeasturias.com\/noticias\/author\/admin\/#author"},"creator":{"@id":"https:\/\/www.eldigitaldeasturias.com\/noticias\/author\/admin\/#author"},"image":{"@type":"ImageObject","url":"https:\/\/www.eldigitaldeasturias.com\/noticias\/wp-content\/uploads\/2022\/10\/Desarme.jpg","@id":"https:\/\/www.eldigitaldeasturias.com\/noticias\/oviedo-ha-presentado-las-jornadas-del-desarme-en-santander\/#mainImage","width":974,"height":643,"caption":"FOTO: PRENSA GOBIERNO DE ASTURIAS"},"primaryImageOfPage":{"@id":"https:\/\/www.eldigitaldeasturias.com\/noticias\/oviedo-ha-presentado-las-jornadas-del-desarme-en-santander\/#mainImage"},"datePublished":"2022-10-06T03:21:07+02:00","dateModified":"2022-10-06T03:32:42+02:00"},{"@type":"WebSite","@id":"https:\/\/www.eldigitaldeasturias.com\/noticias\/#website","url":"https:\/\/www.eldigitaldeasturias.com\/noticias\/","name":"El Digital de Asturias - Diario de actualidad y noticias","alternateName":"El Digital de Asturias - Diario de actualidad y noticias","description":"Hemeroteca","inLanguage":"es-ES","publisher":{"@id":"https:\/\/www.eldigitaldeasturias.com\/noticias\/#organization"}}]},"og:locale":"es_ES","og:site_name":"El Digital de Asturias","og:type":"article","og:title":"Oviedo ha presentado en Santander las \u00abJornadas del Desarme\u00bb - El Digital de Asturias","og:description":"Oviedo ha presentado en Santander la \u201cJornadas del Desarme\u201d, una tradici\u00f3n que se remonta al siglo XIX, con la primera Guerra carlista (1833- 1839).","og:url":"https:\/\/www.eldigitaldeasturias.com\/noticias\/oviedo-ha-presentado-las-jornadas-del-desarme-en-santander\/","og:image":"https:\/\/www.eldigitaldeasturias.com\/noticias\/wp-content\/uploads\/2022\/10\/Desarme.jpg","og:image:secure_url":"https:\/\/www.eldigitaldeasturias.com\/noticias\/wp-content\/uploads\/2022\/10\/Desarme.jpg","og:image:width":974,"og:image:height":643,"article:tag":["actualidad asturias","gastronom\u00eda"],"article:published_time":"2022-10-06T01:21:07+00:00","article:modified_time":"2022-10-06T01:32:42+00:00","article:publisher":"https:\/\/facebook.com\/eldigitaldeasturias","twitter:card":"summary_large_image","twitter:title":"Oviedo ha presentado en Santander las \u00abJornadas del Desarme\u00bb - El Digital de Asturias","twitter:description":"Oviedo ha presentado en Santander la \u201cJornadas del Desarme\u201d, una tradici\u00f3n que se remonta al siglo XIX, con la primera Guerra carlista (1833- 1839).","twitter:image":"https:\/\/www.eldigitaldeasturias.com\/noticias\/wp-content\/uploads\/2022\/10\/Desarme.jpg","twitter:label1":"Escrito por","twitter:data1":"El Digital de Asturias","twitter:label2":"Tiempo de lectura estimado","twitter:data2":"1 minuto"},"aioseo_meta_data":{"post_id":"1117491","title":null,"description":"Oviedo ha presentado en Santander la \u201cJornadas del Desarme\u201d, una tradici\u00f3n que se remonta al siglo XIX, con la primera Guerra carlista (1833- 1839).","keywords":[],"keyphrases":{"focus":{"keyphrase":"Desarme","score":100,"analysis":{"keyphraseInTitle":{"title":"Focus keyphrase in SEO title","description":"Focus keyphrase found in SEO title.","score":9,"maxScore":9,"error":0},"keyphraseInDescription":{"title":"Focus keyphrase in meta description","description":"Focus keyphrase found in meta description.","score":9,"maxScore":9,"error":0},"keyphraseLength":{"title":"Focus keyphrase length","description":"Good job!","score":9,"maxScore":9,"error":0,"length":1},"keyphraseInURL":{"title":"Focus keyphrase in URL","description":"Focus keyphrase used in the URL.","score":5,"maxScore":5,"error":0},"keyphraseInIntroduction":{"title":"Focus keyphrase in introduction","description":"Your Focus keyphrase appears in the first paragraph. Well done!","score":9,"maxScore":9,"error":0},"keyphraseInSubHeadings":[],"keyphraseInImageAlt":{"title":"Focus keyphrase in image alt attributes","description":"Focus keyphrase found in image alt attribute(s).","score":9,"maxScore":9,"error":0}}},"additional":[{"keyphrase":"Jornadas del Desarme","score":83,"analysis":{"keyphraseInDescription":{"title":"Keyphrase in meta description","description":"Keyphrase found in meta description.","score":9,"maxScore":9,"error":0},"keyphraseLength":{"title":"Keyphrase length","description":"Good job!","score":9,"maxScore":9,"error":0,"length":3},"keyphraseInIntroduction":{"title":"Keyphrase in introduction","description":"Your Keyphrase appears in the first paragraph. Well done!","score":9,"maxScore":9,"error":0},"keyphraseInImageAlt":{"title":"Keyphrase in image alt attributes","description":"Keyphrase not found in image alt attribute(s). Add an image with your Keyphrase as alt text.","score":3,"maxScore":9,"error":1}}},{"keyphrase":"Santander","score":83,"analysis":{"keyphraseInDescription":{"title":"Keyphrase in meta description","description":"Keyphrase found in meta description.","score":9,"maxScore":9,"error":0},"keyphraseLength":{"title":"Keyphrase length","description":"Good job!","score":9,"maxScore":9,"error":0,"length":1},"keyphraseInIntroduction":{"title":"Keyphrase in introduction","description":"Your Keyphrase appears in the first paragraph. Well done!","score":9,"maxScore":9,"error":0},"keyphraseInImageAlt":{"title":"Keyphrase in image alt attributes","description":"Keyphrase not found in image alt attribute(s). Add an image with your Keyphrase as alt text.","score":3,"maxScore":9,"error":1}}},{"keyphrase":"Oviedo","score":83,"analysis":{"keyphraseInDescription":{"title":"Keyphrase in meta description","description":"Keyphrase found in meta description.","score":9,"maxScore":9,"error":0},"keyphraseLength":{"title":"Keyphrase length","description":"Good job!","score":9,"maxScore":9,"error":0,"length":1},"keyphraseInIntroduction":{"title":"Keyphrase in introduction","description":"Your Keyphrase appears in the first paragraph. Well done!","score":9,"maxScore":9,"error":0},"keyphraseInImageAlt":{"title":"Keyphrase in image alt attributes","description":"Keyphrase not found in image alt attribute(s). Add an image with your Keyphrase as alt text.","score":3,"maxScore":9,"error":1}}}]},"primary_term":null,"canonical_url":null,"og_title":null,"og_description":null,"og_object_type":"default","og_image_type":"default","og_image_url":null,"og_image_width":null,"og_image_height":null,"og_image_custom_url":null,"og_image_custom_fields":null,"og_video":"","og_custom_url":null,"og_article_section":null,"og_article_tags":[],"twitter_use_og":false,"twitter_card":"default","twitter_image_type":"default","twitter_image_url":null,"twitter_image_custom_url":null,"twitter_image_custom_fields":null,"twitter_title":null,"twitter_description":null,"schema":{"blockGraphs":[],"customGraphs":[],"default":{"data":{"Article":[],"Course":[],"Dataset":[],"FAQPage":[],"Movie":[],"Person":[],"Product":[],"ProductReview":[],"Car":[],"Recipe":[],"Service":[],"SoftwareApplication":[],"WebPage":[]},"graphName":"BlogPosting","isEnabled":true},"graphs":[]},"schema_type":"default","schema_type_options":null,"pillar_content":false,"robots_default":true,"robots_noindex":false,"robots_noarchive":false,"robots_nosnippet":false,"robots_nofollow":false,"robots_noimageindex":false,"robots_noodp":false,"robots_notranslate":false,"robots_max_snippet":"-1","robots_max_videopreview":"-1","robots_max_imagepreview":"large","priority":null,"frequency":"default","local_seo":null,"seo_analyzer_scan_date":"2025-10-04 00:16:22","breadcrumb_settings":null,"limit_modified_date":false,"open_ai":null,"ai":null,"created":"2022-10-06 01:13:44","updated":"2025-10-04 00:16:22"},"aioseo_breadcrumb":"<div class=\"aioseo-breadcrumbs\"><span class=\"aioseo-breadcrumb\">\n\t<a href=\"https:\/\/www.eldigitaldeasturias.com\/noticias\" title=\"Home\">Home<\/a>\n<\/span><span class=\"aioseo-breadcrumb-separator\">\u2013<\/span><span class=\"aioseo-breadcrumb\">\n\t<a href=\"https:\/\/www.eldigitaldeasturias.com\/noticias\/category\/actualidad-asturias\/\" title=\"Actualidad Asturias\">Actualidad Asturias<\/a>\n<\/span><span class=\"aioseo-breadcrumb-separator\">\u2013<\/span><span class=\"aioseo-breadcrumb\">\n\t<a href=\"https:\/\/www.eldigitaldeasturias.com\/noticias\/oviedo-ha-presentado-las-jornadas-del-desarme-en-santander\/\" title=\"Oviedo ha presentado en Santander las \u00abJornadas del Desarme\u00bb\">Oviedo ha presentado en Santander las \u00abJornadas del Desarme\u00bb<\/a>\n<\/span><\/div>","aioseo_breadcrumb_json":[{"label":"Home","link":"https:\/\/www.eldigitaldeasturias.com\/noticias"},{"label":"Actualidad Asturias","link":"https:\/\/www.eldigitaldeasturias.com\/noticias\/category\/actualidad-asturias\/"},{"label":"Oviedo ha presentado en Santander las \u00abJornadas del Desarme\u00bb","link":"https:\/\/www.eldigitaldeasturias.com\/noticias\/oviedo-ha-presentado-las-jornadas-del-desarme-en-santander\/"}],"_links":{"self":[{"href":"https:\/\/www.eldigitaldeasturias.com\/noticias\/wp-json\/wp\/v2\/posts\/1117491","targetHints":{"allow":["GET"]}}],"collection":[{"href":"https:\/\/www.eldigitaldeasturias.com\/noticias\/wp-json\/wp\/v2\/posts"}],"about":[{"href":"https:\/\/www.eldigitaldeasturias.com\/noticias\/wp-json\/wp\/v2\/types\/post"}],"author":[{"embeddable":true,"href":"https:\/\/www.eldigitaldeasturias.com\/noticias\/wp-json\/wp\/v2\/users\/1"}],"replies":[{"embeddable":true,"href":"https:\/\/www.eldigitaldeasturias.com\/noticias\/wp-json\/wp\/v2\/comments?post=1117491"}],"version-history":[{"count":0,"href":"https:\/\/www.eldigitaldeasturias.com\/noticias\/wp-json\/wp\/v2\/posts\/1117491\/revisions"}],"wp:featuredmedia":[{"embeddable":true,"href":"https:\/\/www.eldigitaldeasturias.com\/noticias\/wp-json\/wp\/v2\/media\/1117492"}],"wp:attachment":[{"href":"https:\/\/www.eldigitaldeasturias.com\/noticias\/wp-json\/wp\/v2\/media?parent=1117491"}],"wp:term":[{"taxonomy":"category","embeddable":true,"href":"https:\/\/www.eldigitaldeasturias.com\/noticias\/wp-json\/wp\/v2\/categories?post=1117491"},{"taxonomy":"post_tag","embeddable":true,"href":"https:\/\/www.eldigitaldeasturias.com\/noticias\/wp-json\/wp\/v2\/tags?post=1117491"}],"curies":[{"name":"wp","href":"https:\/\/api.w.org\/{rel}","templated":true}]}}