{"id":1117404,"date":"2022-10-03T23:51:48","date_gmt":"2022-10-03T21:51:48","guid":{"rendered":"https:\/\/www.eldigitaldeasturias.com\/noticias\/?p=1117404"},"modified":"2022-10-03T23:51:48","modified_gmt":"2022-10-03T21:51:48","slug":"los-funcionarios-tendran-una-subida-salarial","status":"publish","type":"post","link":"https:\/\/www.eldigitaldeasturias.com\/noticias\/los-funcionarios-tendran-una-subida-salarial\/","title":{"rendered":"Los funcionarios tendr\u00e1n una subida salarial"},"content":{"rendered":"<p>(EP) &#8211; El Gobierno, CCOO y UGT han acordado este lunes una <strong>subida salarial para los funcionarios del 9,5%<\/strong>, repartida entre 2022 y 2024, que se ha encontrado con el rechazo de CSIF, tambi\u00e9n presente en la mesa de negociaci\u00f3n, por considerarla insuficiente para hacer frente a la p\u00e9rdida de poder adquisitivo de los empleados p\u00fablicos.<\/p>\n<figure id=\"attachment_1117405\" aria-describedby=\"caption-attachment-1117405\" style=\"width: 650px\" class=\"wp-caption aligncenter\"><img loading=\"lazy\" decoding=\"async\" class=\"wp-image-1117405 size-large\" src=\"https:\/\/www.eldigitaldeasturias.com\/noticias\/wp-content\/uploads\/2022\/10\/Gobierno-650x436.jpg\" alt=\"Gobierno\" width=\"650\" height=\"436\" srcset=\"https:\/\/www.eldigitaldeasturias.com\/noticias\/wp-content\/uploads\/2022\/10\/Gobierno-650x436.jpg 650w, https:\/\/www.eldigitaldeasturias.com\/noticias\/wp-content\/uploads\/2022\/10\/Gobierno-360x241.jpg 360w, https:\/\/www.eldigitaldeasturias.com\/noticias\/wp-content\/uploads\/2022\/10\/Gobierno-448x300.jpg 448w, https:\/\/www.eldigitaldeasturias.com\/noticias\/wp-content\/uploads\/2022\/10\/Gobierno-768x515.jpg 768w, https:\/\/www.eldigitaldeasturias.com\/noticias\/wp-content\/uploads\/2022\/10\/Gobierno-150x101.jpg 150w, https:\/\/www.eldigitaldeasturias.com\/noticias\/wp-content\/uploads\/2022\/10\/Gobierno-450x302.jpg 450w, https:\/\/www.eldigitaldeasturias.com\/noticias\/wp-content\/uploads\/2022\/10\/Gobierno.jpg 1001w\" sizes=\"auto, (max-width: 650px) 100vw, 650px\" \/><figcaption id=\"caption-attachment-1117405\" class=\"wp-caption-text\">FOTO: Eduardo Parra &#8211; Europa Press<\/figcaption><\/figure>\n<p>El Ministerio de Hacienda y Funci\u00f3n P\u00fablica ha confirmado, a trav\u00e9s de un comunicado, que \u00abla Mesa General de Negociaci\u00f3n de la Funci\u00f3n P\u00fablica ha aprobado hoy la propuesta del Ministerio de Hacienda y Funci\u00f3n P\u00fablica para mejorar las retribuciones de los empleados p\u00fablicos\u00bb.<\/p>\n<p>\u00abCon el pacto alcanzado hoy, las empleadas y empleados p\u00fablicos recuperan los derechos laborales que fueron recortados en 2012 y se potencian los elementos esenciales que deben conformar una Administraci\u00f3n para el siglo XXI\u00bb, a\u00f1ade el comunicado de Hacienda.<\/p>\n<blockquote><p>La cartera que encabeza Mar\u00eda Jes\u00fas Montero present\u00f3 su propuesta salarial y laboral a los tres sindicatos el pasado jueves y les dio de plazo hasta este lunes para recibir sus respuestas finales.<\/p><\/blockquote>\n<p>UGT ya expres\u00f3 tras esa reuni\u00f3n su respaldo a la oferta de la cartera que dirige Mar\u00eda Jes\u00fas Montero, y as\u00ed lo ratificaron sus \u00f3rganos de decisi\u00f3n el viernes. En los encuentros de este lunes, tanto en el de la ma\u00f1ana como en el de la tarde, el sindicato ha recalcado al Ejecutivo su apoyo a esta subida salarial para los empleados p\u00fablicos.<\/p>\n<p>La secretaria de Acci\u00f3n Sindical de UGT Servicios P\u00fablicos, Isabel Araque, ha confirmado el pacto con el Ejecutivo despu\u00e9s del encuentro de esta tarde.<\/p>\n<p>\u00abQuienes s\u00ed hemos avalado y ratificado esa subida salarial somos los mismos sindicatos que esta ma\u00f1ana en la mesa de di\u00e1logo social hemos dicho que se ratifica en el seno de nuestras organizaciones sindicales\u00bb, ha dicho Araque a los medios.<\/p>\n<p>UGT ha recalcado que \u00abapoya este acuerdo desde la coherencia, el realismo y la responsabilidad\u00bb, para que unos tres millones de empleados p\u00fablicos \u00abpuedan paliar el efecto de la inflaci\u00f3n en su econom\u00eda\u00bb.<\/p>\n<p>CCOO tambi\u00e9n ha trasladado esta ma\u00f1ana al Ministerio su ratificaci\u00f3n del acuerdo, como ha informado su coordinador del \u00c1rea P\u00fablica, Humberto Mu\u00f1oz, a trav\u00e9s de un v\u00eddeo.<\/p>\n<p>\u00abTodo ello est\u00e1 condicionado a una correcta relaci\u00f3n en la aprobaci\u00f3n, en las pr\u00f3ximas semanas, de ese acuerdo en otras materias muy importantes que acompa\u00f1an al salarial y que tienen que ver con la recuperaci\u00f3n de determinados recortes de Gobiernos anteriores\u00bb, ha expresado.<\/p>\n<p>No obstante, <strong>CCOO ha reconocido en un comunicado que, pese al visto bueno de la organizaci\u00f3n, la subida salarial sigue \u00absiendo insuficiente\u00bb.<\/strong><\/p>\n<p>CSIF, que desde el principio exigi\u00f3 un incremento salarial de doble d\u00edgito, ha emplazado esta ma\u00f1ana al Ministerio de Hacienda y Funci\u00f3n P\u00fablica a mejorar su oferta en la reuni\u00f3n de la tarde. El Gobierno ha mantenido su propuesta del 9,5% entre 2022 y 2024 y el presidente de CSIF, Miguel Borra, ha dado su rechazo definitivo.<\/p>\n<p>\u00abManifestamos nuestro absoluto rechazo a la oferta salarial que nos ha trasladado el Gobierno. Los empleados p\u00fablicos vamos a volver a perder capacidad adquisitiva. Desde CSIF no vamos a avalar con nuestra firma un acuerdo que desde el minuto cero implica volver a perder capacidad adquisitiva\u00bb, ha dicho Borra a los medios esta tarde.<\/p>\n<p><strong>CSIF considera que la subida presentada por Hacienda no es de un 9,5%, sino de un 6%, puesto que los funcionarios ya han contado con un alza del 2% en sus n\u00f3minas este a\u00f1o<\/strong>. El resto del incremento se corresponde con un 1,5% adicional que depender\u00e1 de variables como el IPC o un crecimiento del PIB del 5,9% en 2023, algo que el sindicato ve \u00abmuy dif\u00edcil\u00bb.<\/p>\n<h2>HACIENDA CALCULA UNA REVALORIZACI\u00d3N EN T\u00c9RMINOS REALES DE HASTA EL 9,8%<\/h2>\n<p>Los empleados p\u00fablicos recibir\u00e1n este 2022 una subida adicional del 1,5% \u00abque compense la inflaci\u00f3n\u00bb, como apunta Hacienda en su nota de prensa. Ese porcentaje se sumar\u00e1 al alza del 2% aprobado en los Presupuestos Generales del Estado (PGE) de 2022.<\/p>\n<blockquote><p>La cartera de Montero explica que ese incremento adicional se consolida y, por lo tanto, el aumento de 2023 se aplicar\u00e1 sobre una base mayor.<\/p><\/blockquote>\n<p>En 2023, las retribuciones p\u00fablicas se elevar\u00e1n un 2,5% y se podr\u00e1n incrementar hasta en un punto adicional en funci\u00f3n de variables vinculadas al IPC y al PIB nominal. Los funcionarios recibir\u00e1n un 0,5% m\u00e1s si la suma del IPC Armonizado de 2022 y del IPC Armonizado adelantado de septiembre de 2023 supera el 6%.<\/p>\n<p>La otra variable, tambi\u00e9n del 0,5%, se aplicar\u00e1 si el PIB nominal iguala o supera el estimado en el cuadro macroecon\u00f3mico que acompa\u00f1a a los PGE de 2023.<\/p>\n<p>En 2024,<strong> los sueldos p\u00fablicos subir\u00e1n otro 2%, con un 0,5% adicional en funci\u00f3n de la variaci\u00f3n del <a href=\"https:\/\/www.eldigitaldeasturias.com\/noticias\/category\/economia\/\"><span style=\"color: #ff6600;\">IPC armonizado<\/span><\/a>.<\/strong><\/p>\n<p>Hacienda precisa que el incremento salarial fijo durante el per\u00edodo 2022-2024 es de un 8%, con posibilidad de subir hasta el 9,5% en funci\u00f3n de diversas variables contempladas en las cl\u00e1usulas de revisi\u00f3n.<\/p>\n<p>Adem\u00e1s, recuerda que la revalorizaci\u00f3n salarial podr\u00eda alcanzar un 9,8%, ya que el incremento salarial de cada ejercicio se consolida y, por tanto, el aumento de cada a\u00f1o se realiza sobre el sueldo incrementado del ejercicio anterior\u00bb.<\/p>\n<p>El Gobierno y los sindicatos seguir\u00e1n trabajando \u00abpara alcanzar un acuerdo m\u00e1s amplio\u00bb que incluya \u00ablas reformas comprometidas en el Plan de Recuperaci\u00f3n, Transformaci\u00f3n y Resiliencia (PRTR)\u00bb.<\/p>\n<p>El acuerdo entre Hacienda y los sindicatos de la Funci\u00f3n P\u00fablica tambi\u00e9n recoge la eliminaci\u00f3n de las limitaciones que impiden la negociaci\u00f3n e <strong>implantaci\u00f3n de una jornada ordinaria de 35 horas en las Administraciones P\u00fablicas<\/strong>, la plena aplicaci\u00f3n de la clasificaci\u00f3n profesional del art\u00edculo 76 del Texto Refundido del Estatuto B\u00e1sico del Empleado P\u00fablico (Trebep) y la derogaci\u00f3n de los recortes del Real Decreto Ley 20\/2012.<\/p>\n<p>Asimismo, alude a la limitaci\u00f3n de la tasa de reposici\u00f3n, a la implementaci\u00f3n de las medidas de igualdad, a la negociaci\u00f3n sindical de la digitalizaci\u00f3n y modernizaci\u00f3n de las Administraciones P\u00fablicas, y a la negociaci\u00f3n de la atracci\u00f3n y retenci\u00f3n del talento en las Administraciones P\u00fablicas.<\/p>\n","protected":false},"excerpt":{"rendered":"<p>(EP) &#8211; El Gobierno, CCOO y UGT han acordado este lunes una subida salarial para los funcionarios del 9,5%, repartida entre 2022 y 2024, que se ha encontrado con el rechazo de CSIF, tambi\u00e9n presente en la mesa de negociaci\u00f3n, por considerarla insuficiente para hacer frente a la p\u00e9rdida de poder adquisitivo de los empleados [&hellip;]<\/p>\n","protected":false},"author":1,"featured_media":1117405,"comment_status":"closed","ping_status":"closed","sticky":false,"template":"","format":"standard","meta":{"footnotes":""},"categories":[187],"tags":[],"class_list":["post-1117404","post","type-post","status-publish","format-standard","has-post-thumbnail","hentry","category-economia"],"aioseo_notices":[],"aioseo_head":"\n\t\t<!-- All in One SEO Pro 4.9.6.2 - aioseo.com -->\n\t<meta name=\"description\" content=\"(EP) - El Gobierno, CCOO y UGT han acordado este lunes una subida salarial para los funcionarios del 9,5%, repartida entre 2022 y 2024\" \/>\n\t<meta name=\"robots\" content=\"max-image-preview:large\" \/>\n\t<meta name=\"author\" content=\"El Digital de Asturias\"\/>\n\t<meta name=\"google-site-verification\" content=\"UA-38556648-1\" \/>\n\t<meta name=\"msvalidate.01\" content=\"7dfe9f3f1b24437ab69f4f2559babe99\" \/>\n\t<meta name=\"keywords\" content=\"econom\u00eda\" \/>\n\t<link rel=\"canonical\" href=\"https:\/\/www.eldigitaldeasturias.com\/noticias\/los-funcionarios-tendran-una-subida-salarial\/\" \/>\n\t<meta name=\"generator\" content=\"All in One SEO Pro (AIOSEO) 4.9.6.2\" \/>\n\t\t<meta property=\"og:locale\" content=\"es_ES\" \/>\n\t\t<meta property=\"og:site_name\" content=\"El Digital de Asturias\" \/>\n\t\t<meta property=\"og:type\" content=\"article\" \/>\n\t\t<meta property=\"og:title\" content=\"Los funcionarios tendr\u00e1n una subida salarial - El Digital de Asturias\" \/>\n\t\t<meta property=\"og:description\" content=\"(EP) - El Gobierno, CCOO y UGT han acordado este lunes una subida salarial para los funcionarios del 9,5%, repartida entre 2022 y 2024\" \/>\n\t\t<meta property=\"og:url\" content=\"https:\/\/www.eldigitaldeasturias.com\/noticias\/los-funcionarios-tendran-una-subida-salarial\/\" \/>\n\t\t<meta property=\"og:image\" content=\"https:\/\/www.eldigitaldeasturias.com\/noticias\/wp-content\/uploads\/2022\/10\/Gobierno.jpg\" \/>\n\t\t<meta property=\"og:image:secure_url\" content=\"https:\/\/www.eldigitaldeasturias.com\/noticias\/wp-content\/uploads\/2022\/10\/Gobierno.jpg\" \/>\n\t\t<meta property=\"og:image:width\" content=\"1001\" \/>\n\t\t<meta property=\"og:image:height\" content=\"671\" \/>\n\t\t<meta property=\"article:tag\" content=\"econom\u00eda\" \/>\n\t\t<meta property=\"article:published_time\" content=\"2022-10-03T21:51:48+00:00\" \/>\n\t\t<meta property=\"article:modified_time\" content=\"2022-10-03T21:51:48+00:00\" \/>\n\t\t<meta property=\"article:publisher\" content=\"https:\/\/facebook.com\/eldigitaldeasturias\" \/>\n\t\t<meta name=\"twitter:card\" content=\"summary_large_image\" \/>\n\t\t<meta name=\"twitter:title\" content=\"Los funcionarios tendr\u00e1n una subida salarial - El Digital de Asturias\" \/>\n\t\t<meta name=\"twitter:description\" content=\"(EP) - El Gobierno, CCOO y UGT han acordado este lunes una subida salarial para los funcionarios del 9,5%, repartida entre 2022 y 2024\" \/>\n\t\t<meta name=\"twitter:image\" content=\"https:\/\/www.eldigitaldeasturias.com\/noticias\/wp-content\/uploads\/2022\/10\/Gobierno.jpg\" \/>\n\t\t<meta name=\"twitter:label1\" content=\"Escrito por\" \/>\n\t\t<meta name=\"twitter:data1\" content=\"El Digital de Asturias\" \/>\n\t\t<meta name=\"twitter:label2\" content=\"Tiempo de lectura estimado\" \/>\n\t\t<meta name=\"twitter:data2\" content=\"5 minutos\" \/>\n\t\t<script type=\"application\/ld+json\" class=\"aioseo-schema\">\n\t\t\t{\"@context\":\"https:\\\/\\\/schema.org\",\"@graph\":[{\"@type\":\"BlogPosting\",\"@id\":\"https:\\\/\\\/www.eldigitaldeasturias.com\\\/noticias\\\/los-funcionarios-tendran-una-subida-salarial\\\/#blogposting\",\"name\":\"Los funcionarios tendr\\u00e1n una subida salarial - El Digital de Asturias\",\"headline\":\"Los funcionarios tendr\\u00e1n una subida salarial\",\"author\":{\"@id\":\"https:\\\/\\\/www.eldigitaldeasturias.com\\\/noticias\\\/author\\\/admin\\\/#author\"},\"publisher\":{\"@id\":\"https:\\\/\\\/www.eldigitaldeasturias.com\\\/noticias\\\/#organization\"},\"image\":{\"@type\":\"ImageObject\",\"url\":\"https:\\\/\\\/www.eldigitaldeasturias.com\\\/noticias\\\/wp-content\\\/uploads\\\/2022\\\/10\\\/Gobierno.jpg\",\"width\":1001,\"height\":671,\"caption\":\"FOTO: Eduardo Parra - Europa Press\"},\"datePublished\":\"2022-10-03T23:51:48+02:00\",\"dateModified\":\"2022-10-03T23:51:48+02:00\",\"inLanguage\":\"es-ES\",\"mainEntityOfPage\":{\"@id\":\"https:\\\/\\\/www.eldigitaldeasturias.com\\\/noticias\\\/los-funcionarios-tendran-una-subida-salarial\\\/#webpage\"},\"isPartOf\":{\"@id\":\"https:\\\/\\\/www.eldigitaldeasturias.com\\\/noticias\\\/los-funcionarios-tendran-una-subida-salarial\\\/#webpage\"},\"articleSection\":\"Econom\\u00eda\"},{\"@type\":\"BreadcrumbList\",\"@id\":\"https:\\\/\\\/www.eldigitaldeasturias.com\\\/noticias\\\/los-funcionarios-tendran-una-subida-salarial\\\/#breadcrumblist\",\"itemListElement\":[{\"@type\":\"ListItem\",\"@id\":\"https:\\\/\\\/www.eldigitaldeasturias.com\\\/noticias#listItem\",\"position\":1,\"name\":\"Home\",\"item\":\"https:\\\/\\\/www.eldigitaldeasturias.com\\\/noticias\",\"nextItem\":{\"@type\":\"ListItem\",\"@id\":\"https:\\\/\\\/www.eldigitaldeasturias.com\\\/noticias\\\/category\\\/economia\\\/#listItem\",\"name\":\"Econom\\u00eda\"}},{\"@type\":\"ListItem\",\"@id\":\"https:\\\/\\\/www.eldigitaldeasturias.com\\\/noticias\\\/category\\\/economia\\\/#listItem\",\"position\":2,\"name\":\"Econom\\u00eda\",\"item\":\"https:\\\/\\\/www.eldigitaldeasturias.com\\\/noticias\\\/category\\\/economia\\\/\",\"nextItem\":{\"@type\":\"ListItem\",\"@id\":\"https:\\\/\\\/www.eldigitaldeasturias.com\\\/noticias\\\/los-funcionarios-tendran-una-subida-salarial\\\/#listItem\",\"name\":\"Los funcionarios tendr\\u00e1n una subida salarial\"},\"previousItem\":{\"@type\":\"ListItem\",\"@id\":\"https:\\\/\\\/www.eldigitaldeasturias.com\\\/noticias#listItem\",\"name\":\"Home\"}},{\"@type\":\"ListItem\",\"@id\":\"https:\\\/\\\/www.eldigitaldeasturias.com\\\/noticias\\\/los-funcionarios-tendran-una-subida-salarial\\\/#listItem\",\"position\":3,\"name\":\"Los funcionarios tendr\\u00e1n una subida salarial\",\"previousItem\":{\"@type\":\"ListItem\",\"@id\":\"https:\\\/\\\/www.eldigitaldeasturias.com\\\/noticias\\\/category\\\/economia\\\/#listItem\",\"name\":\"Econom\\u00eda\"}}]},{\"@type\":\"Organization\",\"@id\":\"https:\\\/\\\/www.eldigitaldeasturias.com\\\/noticias\\\/#organization\",\"name\":\"El Digital de Asturias\",\"description\":\"Hemeroteca\",\"url\":\"https:\\\/\\\/www.eldigitaldeasturias.com\\\/noticias\\\/\",\"email\":\"info@eldigitaldeasturias.com\",\"telephone\":\"+34652131393\",\"logo\":{\"@type\":\"ImageObject\",\"url\":\"https:\\\/\\\/www.eldigitaldeasturias.com\\\/noticias\\\/wp-content\\\/uploads\\\/2020\\\/12\\\/EDA.jpg\",\"@id\":\"https:\\\/\\\/www.eldigitaldeasturias.com\\\/noticias\\\/los-funcionarios-tendran-una-subida-salarial\\\/#organizationLogo\",\"width\":649,\"height\":297},\"image\":{\"@id\":\"https:\\\/\\\/www.eldigitaldeasturias.com\\\/noticias\\\/los-funcionarios-tendran-una-subida-salarial\\\/#organizationLogo\"},\"sameAs\":[\"https:\\\/\\\/facebook.com\\\/eldigitaldeasturias\",\"https:\\\/\\\/www.youtube.com\\\/channel\\\/UCZP-2wLEB9Rv6erhFmqVnvg\"],\"address\":{\"@id\":\"https:\\\/\\\/www.eldigitaldeasturias.com\\\/noticias\\\/#postaladdress\",\"@type\":\"PostalAddress\",\"streetAddress\":\"san antonio 4,\",\"postalCode\":\"33430\",\"addressLocality\":\"Cand\\u00e1s\",\"addressRegion\":\"Asturias\",\"addressCountry\":\"ES\"}},{\"@type\":\"Person\",\"@id\":\"https:\\\/\\\/www.eldigitaldeasturias.com\\\/noticias\\\/author\\\/admin\\\/#author\",\"url\":\"https:\\\/\\\/www.eldigitaldeasturias.com\\\/noticias\\\/author\\\/admin\\\/\",\"name\":\"El Digital de Asturias\",\"image\":{\"@type\":\"ImageObject\",\"@id\":\"https:\\\/\\\/www.eldigitaldeasturias.com\\\/noticias\\\/los-funcionarios-tendran-una-subida-salarial\\\/#authorImage\",\"url\":\"https:\\\/\\\/www.eldigitaldeasturias.com\\\/noticias\\\/wp-content\\\/litespeed\\\/avatar\\\/18677e78aa0546b92d9dbf31ec7d7668.jpg?ver=1776685526\",\"width\":96,\"height\":96,\"caption\":\"El Digital de Asturias\"}},{\"@type\":\"WebPage\",\"@id\":\"https:\\\/\\\/www.eldigitaldeasturias.com\\\/noticias\\\/los-funcionarios-tendran-una-subida-salarial\\\/#webpage\",\"url\":\"https:\\\/\\\/www.eldigitaldeasturias.com\\\/noticias\\\/los-funcionarios-tendran-una-subida-salarial\\\/\",\"name\":\"Los funcionarios tendr\\u00e1n una subida salarial - El Digital de Asturias\",\"description\":\"(EP) - El Gobierno, CCOO y UGT han acordado este lunes una subida salarial para los funcionarios del 9,5%, repartida entre 2022 y 2024\",\"inLanguage\":\"es-ES\",\"isPartOf\":{\"@id\":\"https:\\\/\\\/www.eldigitaldeasturias.com\\\/noticias\\\/#website\"},\"breadcrumb\":{\"@id\":\"https:\\\/\\\/www.eldigitaldeasturias.com\\\/noticias\\\/los-funcionarios-tendran-una-subida-salarial\\\/#breadcrumblist\"},\"author\":{\"@id\":\"https:\\\/\\\/www.eldigitaldeasturias.com\\\/noticias\\\/author\\\/admin\\\/#author\"},\"creator\":{\"@id\":\"https:\\\/\\\/www.eldigitaldeasturias.com\\\/noticias\\\/author\\\/admin\\\/#author\"},\"image\":{\"@type\":\"ImageObject\",\"url\":\"https:\\\/\\\/www.eldigitaldeasturias.com\\\/noticias\\\/wp-content\\\/uploads\\\/2022\\\/10\\\/Gobierno.jpg\",\"@id\":\"https:\\\/\\\/www.eldigitaldeasturias.com\\\/noticias\\\/los-funcionarios-tendran-una-subida-salarial\\\/#mainImage\",\"width\":1001,\"height\":671,\"caption\":\"FOTO: Eduardo Parra - Europa Press\"},\"primaryImageOfPage\":{\"@id\":\"https:\\\/\\\/www.eldigitaldeasturias.com\\\/noticias\\\/los-funcionarios-tendran-una-subida-salarial\\\/#mainImage\"},\"datePublished\":\"2022-10-03T23:51:48+02:00\",\"dateModified\":\"2022-10-03T23:51:48+02:00\"},{\"@type\":\"WebSite\",\"@id\":\"https:\\\/\\\/www.eldigitaldeasturias.com\\\/noticias\\\/#website\",\"url\":\"https:\\\/\\\/www.eldigitaldeasturias.com\\\/noticias\\\/\",\"name\":\"El Digital de Asturias - Diario de actualidad y noticias\",\"alternateName\":\"El Digital de Asturias - Diario de actualidad y noticias\",\"description\":\"Hemeroteca\",\"inLanguage\":\"es-ES\",\"publisher\":{\"@id\":\"https:\\\/\\\/www.eldigitaldeasturias.com\\\/noticias\\\/#organization\"}}]}\n\t\t<\/script>\n\t\t<!-- All in One SEO Pro -->\r\n\t\t<title>Los funcionarios tendr\u00e1n una subida salarial - El Digital de Asturias<\/title>\n\n","aioseo_head_json":{"title":"Los funcionarios tendr\u00e1n una subida salarial - El Digital de Asturias","description":"(EP) - El Gobierno, CCOO y UGT han acordado este lunes una subida salarial para los funcionarios del 9,5%, repartida entre 2022 y 2024","canonical_url":"https:\/\/www.eldigitaldeasturias.com\/noticias\/los-funcionarios-tendran-una-subida-salarial\/","robots":"max-image-preview:large","keywords":"econom\u00eda","webmasterTools":{"google-site-verification":"UA-38556648-1","msvalidate.01":"7dfe9f3f1b24437ab69f4f2559babe99","miscellaneous":""},"schema":{"@context":"https:\/\/schema.org","@graph":[{"@type":"BlogPosting","@id":"https:\/\/www.eldigitaldeasturias.com\/noticias\/los-funcionarios-tendran-una-subida-salarial\/#blogposting","name":"Los funcionarios tendr\u00e1n una subida salarial - El Digital de Asturias","headline":"Los funcionarios tendr\u00e1n una subida salarial","author":{"@id":"https:\/\/www.eldigitaldeasturias.com\/noticias\/author\/admin\/#author"},"publisher":{"@id":"https:\/\/www.eldigitaldeasturias.com\/noticias\/#organization"},"image":{"@type":"ImageObject","url":"https:\/\/www.eldigitaldeasturias.com\/noticias\/wp-content\/uploads\/2022\/10\/Gobierno.jpg","width":1001,"height":671,"caption":"FOTO: Eduardo Parra - Europa Press"},"datePublished":"2022-10-03T23:51:48+02:00","dateModified":"2022-10-03T23:51:48+02:00","inLanguage":"es-ES","mainEntityOfPage":{"@id":"https:\/\/www.eldigitaldeasturias.com\/noticias\/los-funcionarios-tendran-una-subida-salarial\/#webpage"},"isPartOf":{"@id":"https:\/\/www.eldigitaldeasturias.com\/noticias\/los-funcionarios-tendran-una-subida-salarial\/#webpage"},"articleSection":"Econom\u00eda"},{"@type":"BreadcrumbList","@id":"https:\/\/www.eldigitaldeasturias.com\/noticias\/los-funcionarios-tendran-una-subida-salarial\/#breadcrumblist","itemListElement":[{"@type":"ListItem","@id":"https:\/\/www.eldigitaldeasturias.com\/noticias#listItem","position":1,"name":"Home","item":"https:\/\/www.eldigitaldeasturias.com\/noticias","nextItem":{"@type":"ListItem","@id":"https:\/\/www.eldigitaldeasturias.com\/noticias\/category\/economia\/#listItem","name":"Econom\u00eda"}},{"@type":"ListItem","@id":"https:\/\/www.eldigitaldeasturias.com\/noticias\/category\/economia\/#listItem","position":2,"name":"Econom\u00eda","item":"https:\/\/www.eldigitaldeasturias.com\/noticias\/category\/economia\/","nextItem":{"@type":"ListItem","@id":"https:\/\/www.eldigitaldeasturias.com\/noticias\/los-funcionarios-tendran-una-subida-salarial\/#listItem","name":"Los funcionarios tendr\u00e1n una subida salarial"},"previousItem":{"@type":"ListItem","@id":"https:\/\/www.eldigitaldeasturias.com\/noticias#listItem","name":"Home"}},{"@type":"ListItem","@id":"https:\/\/www.eldigitaldeasturias.com\/noticias\/los-funcionarios-tendran-una-subida-salarial\/#listItem","position":3,"name":"Los funcionarios tendr\u00e1n una subida salarial","previousItem":{"@type":"ListItem","@id":"https:\/\/www.eldigitaldeasturias.com\/noticias\/category\/economia\/#listItem","name":"Econom\u00eda"}}]},{"@type":"Organization","@id":"https:\/\/www.eldigitaldeasturias.com\/noticias\/#organization","name":"El Digital de Asturias","description":"Hemeroteca","url":"https:\/\/www.eldigitaldeasturias.com\/noticias\/","email":"info@eldigitaldeasturias.com","telephone":"+34652131393","logo":{"@type":"ImageObject","url":"https:\/\/www.eldigitaldeasturias.com\/noticias\/wp-content\/uploads\/2020\/12\/EDA.jpg","@id":"https:\/\/www.eldigitaldeasturias.com\/noticias\/los-funcionarios-tendran-una-subida-salarial\/#organizationLogo","width":649,"height":297},"image":{"@id":"https:\/\/www.eldigitaldeasturias.com\/noticias\/los-funcionarios-tendran-una-subida-salarial\/#organizationLogo"},"sameAs":["https:\/\/facebook.com\/eldigitaldeasturias","https:\/\/www.youtube.com\/channel\/UCZP-2wLEB9Rv6erhFmqVnvg"],"address":{"@id":"https:\/\/www.eldigitaldeasturias.com\/noticias\/#postaladdress","@type":"PostalAddress","streetAddress":"san antonio 4,","postalCode":"33430","addressLocality":"Cand\u00e1s","addressRegion":"Asturias","addressCountry":"ES"}},{"@type":"Person","@id":"https:\/\/www.eldigitaldeasturias.com\/noticias\/author\/admin\/#author","url":"https:\/\/www.eldigitaldeasturias.com\/noticias\/author\/admin\/","name":"El Digital de Asturias","image":{"@type":"ImageObject","@id":"https:\/\/www.eldigitaldeasturias.com\/noticias\/los-funcionarios-tendran-una-subida-salarial\/#authorImage","url":"https:\/\/www.eldigitaldeasturias.com\/noticias\/wp-content\/litespeed\/avatar\/18677e78aa0546b92d9dbf31ec7d7668.jpg?ver=1776685526","width":96,"height":96,"caption":"El Digital de Asturias"}},{"@type":"WebPage","@id":"https:\/\/www.eldigitaldeasturias.com\/noticias\/los-funcionarios-tendran-una-subida-salarial\/#webpage","url":"https:\/\/www.eldigitaldeasturias.com\/noticias\/los-funcionarios-tendran-una-subida-salarial\/","name":"Los funcionarios tendr\u00e1n una subida salarial - El Digital de Asturias","description":"(EP) - El Gobierno, CCOO y UGT han acordado este lunes una subida salarial para los funcionarios del 9,5%, repartida entre 2022 y 2024","inLanguage":"es-ES","isPartOf":{"@id":"https:\/\/www.eldigitaldeasturias.com\/noticias\/#website"},"breadcrumb":{"@id":"https:\/\/www.eldigitaldeasturias.com\/noticias\/los-funcionarios-tendran-una-subida-salarial\/#breadcrumblist"},"author":{"@id":"https:\/\/www.eldigitaldeasturias.com\/noticias\/author\/admin\/#author"},"creator":{"@id":"https:\/\/www.eldigitaldeasturias.com\/noticias\/author\/admin\/#author"},"image":{"@type":"ImageObject","url":"https:\/\/www.eldigitaldeasturias.com\/noticias\/wp-content\/uploads\/2022\/10\/Gobierno.jpg","@id":"https:\/\/www.eldigitaldeasturias.com\/noticias\/los-funcionarios-tendran-una-subida-salarial\/#mainImage","width":1001,"height":671,"caption":"FOTO: Eduardo Parra - Europa Press"},"primaryImageOfPage":{"@id":"https:\/\/www.eldigitaldeasturias.com\/noticias\/los-funcionarios-tendran-una-subida-salarial\/#mainImage"},"datePublished":"2022-10-03T23:51:48+02:00","dateModified":"2022-10-03T23:51:48+02:00"},{"@type":"WebSite","@id":"https:\/\/www.eldigitaldeasturias.com\/noticias\/#website","url":"https:\/\/www.eldigitaldeasturias.com\/noticias\/","name":"El Digital de Asturias - Diario de actualidad y noticias","alternateName":"El Digital de Asturias - Diario de actualidad y noticias","description":"Hemeroteca","inLanguage":"es-ES","publisher":{"@id":"https:\/\/www.eldigitaldeasturias.com\/noticias\/#organization"}}]},"og:locale":"es_ES","og:site_name":"El Digital de Asturias","og:type":"article","og:title":"Los funcionarios tendr\u00e1n una subida salarial - El Digital de Asturias","og:description":"(EP) - El Gobierno, CCOO y UGT han acordado este lunes una subida salarial para los funcionarios del 9,5%, repartida entre 2022 y 2024","og:url":"https:\/\/www.eldigitaldeasturias.com\/noticias\/los-funcionarios-tendran-una-subida-salarial\/","og:image":"https:\/\/www.eldigitaldeasturias.com\/noticias\/wp-content\/uploads\/2022\/10\/Gobierno.jpg","og:image:secure_url":"https:\/\/www.eldigitaldeasturias.com\/noticias\/wp-content\/uploads\/2022\/10\/Gobierno.jpg","og:image:width":1001,"og:image:height":671,"article:tag":["econom\u00eda"],"article:published_time":"2022-10-03T21:51:48+00:00","article:modified_time":"2022-10-03T21:51:48+00:00","article:publisher":"https:\/\/facebook.com\/eldigitaldeasturias","twitter:card":"summary_large_image","twitter:title":"Los funcionarios tendr\u00e1n una subida salarial - El Digital de Asturias","twitter:description":"(EP) - El Gobierno, CCOO y UGT han acordado este lunes una subida salarial para los funcionarios del 9,5%, repartida entre 2022 y 2024","twitter:image":"https:\/\/www.eldigitaldeasturias.com\/noticias\/wp-content\/uploads\/2022\/10\/Gobierno.jpg","twitter:label1":"Escrito por","twitter:data1":"El Digital de Asturias","twitter:label2":"Tiempo de lectura estimado","twitter:data2":"5 minutos"},"aioseo_meta_data":{"post_id":"1117404","title":null,"description":"(EP) - El Gobierno, CCOO y UGT han acordado este lunes una subida salarial para los funcionarios del 9,5%, repartida entre 2022 y 2024","keywords":[],"keyphrases":{"focus":{"keyphrase":"funcionarios","score":73,"analysis":{"keyphraseInTitle":{"title":"Focus keyphrase in SEO title","description":"Focus keyphrase found in SEO title.","score":9,"maxScore":9,"error":0},"keyphraseInDescription":{"title":"Focus keyphrase in meta description","description":"Focus keyphrase found in meta description.","score":9,"maxScore":9,"error":0},"keyphraseLength":{"title":"Focus keyphrase length","description":"Good job!","score":9,"maxScore":9,"error":0,"length":1},"keyphraseInURL":{"title":"Focus keyphrase in URL","description":"Focus keyphrase not found in the URL.","score":1,"maxScore":5,"error":1},"keyphraseInIntroduction":{"title":"Focus keyphrase in introduction","description":"Your Focus keyphrase appears in the first paragraph. Well done!","score":9,"maxScore":9,"error":0},"keyphraseInSubHeadings":{"title":"Focus keyphrase in Subheadings","description":"Use your focus keyphrase more in your H2 and H3 subheadings.","score":3,"maxScore":9,"error":1},"keyphraseInImageAlt":{"title":"Focus keyphrase in image alt attributes","description":"Focus keyphrase not found in image alt attribute(s). Add an image with your Focus keyphrase as alt text.","score":3,"maxScore":9,"error":1}}},"additional":[{"keyphrase":"Gobierno","score":100,"analysis":{"keyphraseInDescription":{"title":"Keyphrase in meta description","description":"Keyphrase found in meta description.","score":9,"maxScore":9,"error":0},"keyphraseLength":{"title":"Keyphrase length","description":"Good job!","score":9,"maxScore":9,"error":0,"length":1},"keyphraseInIntroduction":{"title":"Keyphrase in introduction","description":"Your Keyphrase appears in the first paragraph. Well done!","score":9,"maxScore":9,"error":0},"keyphraseInImageAlt":{"title":"Keyphrase in image alt attributes","description":"Keyphrase found in image alt attribute(s).","score":9,"maxScore":9,"error":0}}},{"keyphrase":"subida salarial ","score":83,"analysis":{"keyphraseInDescription":{"title":"Keyphrase in meta description","description":"Keyphrase found in meta description.","score":9,"maxScore":9,"error":0},"keyphraseLength":{"title":"Keyphrase length","description":"Good job!","score":9,"maxScore":9,"error":0,"length":2},"keyphraseInIntroduction":{"title":"Keyphrase in introduction","description":"Your Keyphrase appears in the first paragraph. Well done!","score":9,"maxScore":9,"error":0},"keyphraseInImageAlt":{"title":"Keyphrase in image alt attributes","description":"Keyphrase not found in image alt attribute(s). Add an image with your Keyphrase as alt text.","score":3,"maxScore":9,"error":1}}}]},"primary_term":null,"canonical_url":null,"og_title":null,"og_description":null,"og_object_type":"default","og_image_type":"default","og_image_url":null,"og_image_width":null,"og_image_height":null,"og_image_custom_url":null,"og_image_custom_fields":null,"og_video":"","og_custom_url":null,"og_article_section":null,"og_article_tags":[],"twitter_use_og":false,"twitter_card":"default","twitter_image_type":"default","twitter_image_url":null,"twitter_image_custom_url":null,"twitter_image_custom_fields":null,"twitter_title":null,"twitter_description":null,"schema":{"blockGraphs":[],"customGraphs":[],"default":{"data":{"Article":[],"Course":[],"Dataset":[],"FAQPage":[],"Movie":[],"Person":[],"Product":[],"ProductReview":[],"Car":[],"Recipe":[],"Service":[],"SoftwareApplication":[],"WebPage":[]},"graphName":"","isEnabled":true},"graphs":[]},"schema_type":"default","schema_type_options":null,"pillar_content":false,"robots_default":true,"robots_noindex":false,"robots_noarchive":false,"robots_nosnippet":false,"robots_nofollow":false,"robots_noimageindex":false,"robots_noodp":false,"robots_notranslate":false,"robots_max_snippet":"-1","robots_max_videopreview":"-1","robots_max_imagepreview":"large","priority":null,"frequency":"default","local_seo":null,"seo_analyzer_scan_date":"2025-10-03 23:45:19","breadcrumb_settings":null,"limit_modified_date":false,"open_ai":null,"ai":null,"created":"2022-10-03 21:46:27","updated":"2025-10-03 23:45:19"},"aioseo_breadcrumb":"<div class=\"aioseo-breadcrumbs\"><span class=\"aioseo-breadcrumb\">\n\t<a href=\"https:\/\/www.eldigitaldeasturias.com\/noticias\" title=\"Home\">Home<\/a>\n<\/span><span class=\"aioseo-breadcrumb-separator\">\u2013<\/span><span class=\"aioseo-breadcrumb\">\n\t<a href=\"https:\/\/www.eldigitaldeasturias.com\/noticias\/category\/economia\/\" title=\"Econom\u00eda\">Econom\u00eda<\/a>\n<\/span><span class=\"aioseo-breadcrumb-separator\">\u2013<\/span><span class=\"aioseo-breadcrumb\">\n\t<a href=\"https:\/\/www.eldigitaldeasturias.com\/noticias\/los-funcionarios-tendran-una-subida-salarial\/\" title=\"Los funcionarios tendr\u00e1n una subida salarial\">Los funcionarios tendr\u00e1n una subida salarial<\/a>\n<\/span><\/div>","aioseo_breadcrumb_json":[{"label":"Home","link":"https:\/\/www.eldigitaldeasturias.com\/noticias"},{"label":"Econom\u00eda","link":"https:\/\/www.eldigitaldeasturias.com\/noticias\/category\/economia\/"},{"label":"Los funcionarios tendr\u00e1n una subida salarial","link":"https:\/\/www.eldigitaldeasturias.com\/noticias\/los-funcionarios-tendran-una-subida-salarial\/"}],"_links":{"self":[{"href":"https:\/\/www.eldigitaldeasturias.com\/noticias\/wp-json\/wp\/v2\/posts\/1117404","targetHints":{"allow":["GET"]}}],"collection":[{"href":"https:\/\/www.eldigitaldeasturias.com\/noticias\/wp-json\/wp\/v2\/posts"}],"about":[{"href":"https:\/\/www.eldigitaldeasturias.com\/noticias\/wp-json\/wp\/v2\/types\/post"}],"author":[{"embeddable":true,"href":"https:\/\/www.eldigitaldeasturias.com\/noticias\/wp-json\/wp\/v2\/users\/1"}],"replies":[{"embeddable":true,"href":"https:\/\/www.eldigitaldeasturias.com\/noticias\/wp-json\/wp\/v2\/comments?post=1117404"}],"version-history":[{"count":0,"href":"https:\/\/www.eldigitaldeasturias.com\/noticias\/wp-json\/wp\/v2\/posts\/1117404\/revisions"}],"wp:featuredmedia":[{"embeddable":true,"href":"https:\/\/www.eldigitaldeasturias.com\/noticias\/wp-json\/wp\/v2\/media\/1117405"}],"wp:attachment":[{"href":"https:\/\/www.eldigitaldeasturias.com\/noticias\/wp-json\/wp\/v2\/media?parent=1117404"}],"wp:term":[{"taxonomy":"category","embeddable":true,"href":"https:\/\/www.eldigitaldeasturias.com\/noticias\/wp-json\/wp\/v2\/categories?post=1117404"},{"taxonomy":"post_tag","embeddable":true,"href":"https:\/\/www.eldigitaldeasturias.com\/noticias\/wp-json\/wp\/v2\/tags?post=1117404"}],"curies":[{"name":"wp","href":"https:\/\/api.w.org\/{rel}","templated":true}]}}