{"id":1117229,"date":"2022-09-30T19:31:54","date_gmt":"2022-09-30T17:31:54","guid":{"rendered":"https:\/\/www.eldigitaldeasturias.com\/noticias\/?p=1117229"},"modified":"2022-09-30T19:31:54","modified_gmt":"2022-09-30T17:31:54","slug":"grupo-aire-se-prepara-para-crecer-en-europa","status":"publish","type":"post","link":"https:\/\/www.eldigitaldeasturias.com\/noticias\/grupo-aire-se-prepara-para-crecer-en-europa\/","title":{"rendered":"Grupo Aire se prepara para crecer en Europa"},"content":{"rendered":"<p>(EP) &#8211; La <a href=\"https:\/\/www.eldigitaldeasturias.com\/noticias\/category\/negocios-y-empresas\/\"><span style=\"color: #ff6600;\"><strong>empresa<\/strong><\/span><\/a> de telecomunicaciones <strong>Grupo Aire se prepara para crecer en Europa<\/strong> con un nuevo plan estrat\u00e9gico que fija como objetivo duplicar la facturaci\u00f3n en los pr\u00f3ximos cuatro a\u00f1os para llegar en 2026 a los 300 millones de euros, seg\u00fan ha explicado el consejero delegado de la firma,<strong> Ra\u00fal Aledo<\/strong>, en una entrevista con <span style=\"color: #ff6600;\"><a style=\"color: #ff6600;\" href=\"https:\/\/www.europapress.es\/\" target=\"_blank\" rel=\"noopener\"><strong>Europa Press<\/strong><\/a><\/span>.<\/p>\n<figure id=\"attachment_1117230\" aria-describedby=\"caption-attachment-1117230\" style=\"width: 650px\" class=\"wp-caption aligncenter\"><img loading=\"lazy\" decoding=\"async\" class=\"wp-image-1117230 size-large\" src=\"https:\/\/www.eldigitaldeasturias.com\/noticias\/wp-content\/uploads\/2022\/09\/Raul-Aledo-650x430.jpg\" alt=\"Ra\u00fal Aledo\" width=\"650\" height=\"430\" srcset=\"https:\/\/www.eldigitaldeasturias.com\/noticias\/wp-content\/uploads\/2022\/09\/Raul-Aledo-650x430.jpg 650w, https:\/\/www.eldigitaldeasturias.com\/noticias\/wp-content\/uploads\/2022\/09\/Raul-Aledo-360x238.jpg 360w, https:\/\/www.eldigitaldeasturias.com\/noticias\/wp-content\/uploads\/2022\/09\/Raul-Aledo-453x300.jpg 453w, https:\/\/www.eldigitaldeasturias.com\/noticias\/wp-content\/uploads\/2022\/09\/Raul-Aledo-768x509.jpg 768w, https:\/\/www.eldigitaldeasturias.com\/noticias\/wp-content\/uploads\/2022\/09\/Raul-Aledo-150x99.jpg 150w, https:\/\/www.eldigitaldeasturias.com\/noticias\/wp-content\/uploads\/2022\/09\/Raul-Aledo-450x298.jpg 450w, https:\/\/www.eldigitaldeasturias.com\/noticias\/wp-content\/uploads\/2022\/09\/Raul-Aledo.jpg 983w\" sizes=\"auto, (max-width: 650px) 100vw, 650px\" \/><figcaption id=\"caption-attachment-1117230\" class=\"wp-caption-text\">FOTO: DAVID SALAS\/CEDIDAS \/ Europa Press<\/figcaption><\/figure>\n<p>La compa\u00f1\u00eda, que acaba de firmar un acuerdo con Sparkle que le dar\u00e1 acceso a 20 nuevos mercados europeos adquiri\u00f3 en julio la empresa de cloud neerlandesa de nube privada Stackscale, a la espera de que el Gobierno apruebe la compra del 60% del grupo por parte del fondo de inversi\u00f3n franc\u00e9s Ardian.<\/p>\n<p>De esta forma, <a href=\"https:\/\/candas365.es\/noticias\/category\/canal-empresas\/\" target=\"_blank\" rel=\"noopener\"><span style=\"color: #ff6600;\"><strong>la empresa<\/strong><\/span><\/a>, con sede en Elche, comenzar\u00e1 una nueva etapa estrat\u00e9gica de la mano de un nuevo socio, que relevar\u00e1 a Magnum Capital en el accionariado, y que dar\u00e1 respaldo al nuevo plan que combina crecimiento org\u00e1nico e inorg\u00e1nico para crecer en Europa, despu\u00e9s de haberse implementado ya en Portugal con la compra de AR Telecom.<\/p>\n<p>El negocio del Grupo Aire se encuentra principalmente centrado en el segmento mayorista de conectividad, donde cuenta con 33.000 kil\u00f3metros de fibra, los centros de datos, con una veintena de servicios de proximidad, y otros servicios digitales, como la nube, ciberseguridad, las comunicaciones unificadas o su plataforma para crear OMVS, que usan m\u00e1s de 400 operadores locales en Espa\u00f1a.<\/p>\n<p>\u00abNosotros seguimos creciendo en unos ritmos del 15 al 20% todos los a\u00f1os\u00bb, ha se\u00f1alado Aledo, que prev\u00e9 cerrar el ejercicio de 2022 en torno a los 150 millones de euros de facturaci\u00f3n. Este ejercicio, adem\u00e1s de por la entrada de Ardian, estar\u00e1 tambi\u00e9n marcado por la construcci\u00f3n de dos centros de datos de proximidad situados en M\u00e1laga y Talavera de la Reina, donde desembarcaron antes de que llegara el proyecto de Meta o Gaia X.<\/p>\n<h2>SERVICIOS DE PROXIMIDAD<\/h2>\n<p>La compa\u00f1\u00eda ha apostado por servicios de proximidad, centrados en \u00e1reas rurales o ciudades medianas, para as\u00ed prestar servicios en \u00e1reas donde la grandes compa\u00f1\u00edas del sector no han comenzado a invertir hasta mucho despu\u00e9s, lo que ha fortalecido su rol de socios de estas.<\/p>\n<p>Ahora, Aledo considera una \u00abmuy buena noticia\u00bb que estos \u00e1mbitos hayan atra\u00eddo la atenci\u00f3n de los fondos de inversi\u00f3n y grandes operadoras, ya que estos acuden a Aire para usar sus redes como punto de apoyo de las estructuras de fibra \u00f3ptica hasta el hogar que est\u00e1n construyendo en estos \u00e1mbitos.<\/p>\n<p>Asimismo, la apuesta por la proximidad tambi\u00e9n permite a la compa\u00f1\u00eda prestar servicios con baja latencia o servir como apoyo para grandes clientes como los hiperescalares. En el horizonte, el directivo tambi\u00e9n se\u00f1ala otras oportunidades de negocio como las redes privadas.<\/p>\n<p>Adem\u00e1s, la compa\u00f1\u00eda mantiene su apuesta por la telefon\u00eda m\u00f3vil con Ion Mobile, su OMV para operadores locales cuyas tarifas ha mejorado esta semana con una mayor cantidad de datos m\u00f3viles.<\/p>\n","protected":false},"excerpt":{"rendered":"<p>(EP) &#8211; La empresa de telecomunicaciones Grupo Aire se prepara para crecer en Europa con un nuevo plan estrat\u00e9gico que fija como objetivo duplicar la facturaci\u00f3n en los pr\u00f3ximos cuatro a\u00f1os para llegar en 2026 a los 300 millones de euros, seg\u00fan ha explicado el consejero delegado de la firma, Ra\u00fal Aledo, en una entrevista [&hellip;]<\/p>\n","protected":false},"author":1,"featured_media":1117230,"comment_status":"closed","ping_status":"closed","sticky":false,"template":"","format":"standard","meta":{"footnotes":""},"categories":[219],"tags":[],"class_list":["post-1117229","post","type-post","status-publish","format-standard","has-post-thumbnail","hentry","category-negocios-y-empresas"],"aioseo_notices":[],"aioseo_head":"\n\t\t<!-- All in One SEO Pro 4.9.6.2 - aioseo.com -->\n\t<meta name=\"description\" content=\"(EP) - La empresa de telecomunicaciones Grupo Aire se prepara para crecer en Europa con un nuevo plan estrat\u00e9gico que fija como objetivo duplicar la facturaci\u00f3n\" \/>\n\t<meta name=\"robots\" content=\"max-image-preview:large\" \/>\n\t<meta name=\"author\" content=\"El Digital de Asturias\"\/>\n\t<meta name=\"google-site-verification\" content=\"UA-38556648-1\" \/>\n\t<meta name=\"msvalidate.01\" content=\"7dfe9f3f1b24437ab69f4f2559babe99\" \/>\n\t<meta name=\"keywords\" content=\"negocios y empresas\" \/>\n\t<link rel=\"canonical\" href=\"https:\/\/www.eldigitaldeasturias.com\/noticias\/grupo-aire-se-prepara-para-crecer-en-europa\/\" \/>\n\t<meta name=\"generator\" content=\"All in One SEO Pro (AIOSEO) 4.9.6.2\" \/>\n\t\t<meta property=\"og:locale\" content=\"es_ES\" \/>\n\t\t<meta property=\"og:site_name\" content=\"El Digital de Asturias\" \/>\n\t\t<meta property=\"og:type\" content=\"article\" \/>\n\t\t<meta property=\"og:title\" content=\"Grupo Aire se prepara para crecer en Europa - El Digital de Asturias\" \/>\n\t\t<meta property=\"og:description\" content=\"(EP) - La empresa de telecomunicaciones Grupo Aire se prepara para crecer en Europa con un nuevo plan estrat\u00e9gico que fija como objetivo duplicar la facturaci\u00f3n\" \/>\n\t\t<meta property=\"og:url\" content=\"https:\/\/www.eldigitaldeasturias.com\/noticias\/grupo-aire-se-prepara-para-crecer-en-europa\/\" \/>\n\t\t<meta property=\"og:image\" content=\"https:\/\/www.eldigitaldeasturias.com\/noticias\/wp-content\/uploads\/2022\/09\/Raul-Aledo.jpg\" \/>\n\t\t<meta property=\"og:image:secure_url\" content=\"https:\/\/www.eldigitaldeasturias.com\/noticias\/wp-content\/uploads\/2022\/09\/Raul-Aledo.jpg\" \/>\n\t\t<meta property=\"og:image:width\" content=\"983\" \/>\n\t\t<meta property=\"og:image:height\" content=\"651\" \/>\n\t\t<meta property=\"article:tag\" content=\"negocios y empresas\" \/>\n\t\t<meta property=\"article:published_time\" content=\"2022-09-30T17:31:54+00:00\" \/>\n\t\t<meta property=\"article:modified_time\" content=\"2022-09-30T17:31:54+00:00\" \/>\n\t\t<meta property=\"article:publisher\" content=\"https:\/\/facebook.com\/eldigitaldeasturias\" \/>\n\t\t<meta name=\"twitter:card\" content=\"summary_large_image\" \/>\n\t\t<meta name=\"twitter:title\" content=\"Grupo Aire se prepara para crecer en Europa - El Digital de Asturias\" \/>\n\t\t<meta name=\"twitter:description\" content=\"(EP) - La empresa de telecomunicaciones Grupo Aire se prepara para crecer en Europa con un nuevo plan estrat\u00e9gico que fija como objetivo duplicar la facturaci\u00f3n\" \/>\n\t\t<meta name=\"twitter:image\" content=\"https:\/\/www.eldigitaldeasturias.com\/noticias\/wp-content\/uploads\/2022\/09\/Raul-Aledo.jpg\" \/>\n\t\t<meta name=\"twitter:label1\" content=\"Escrito por\" \/>\n\t\t<meta name=\"twitter:data1\" content=\"El Digital de Asturias\" \/>\n\t\t<meta name=\"twitter:label2\" content=\"Tiempo de lectura estimado\" \/>\n\t\t<meta name=\"twitter:data2\" content=\"3 minutos\" \/>\n\t\t<script type=\"application\/ld+json\" class=\"aioseo-schema\">\n\t\t\t{\"@context\":\"https:\\\/\\\/schema.org\",\"@graph\":[{\"@type\":\"BlogPosting\",\"@id\":\"https:\\\/\\\/www.eldigitaldeasturias.com\\\/noticias\\\/grupo-aire-se-prepara-para-crecer-en-europa\\\/#blogposting\",\"name\":\"Grupo Aire se prepara para crecer en Europa - El Digital de Asturias\",\"headline\":\"Grupo Aire se prepara para crecer en Europa\",\"author\":{\"@id\":\"https:\\\/\\\/www.eldigitaldeasturias.com\\\/noticias\\\/author\\\/admin\\\/#author\"},\"publisher\":{\"@id\":\"https:\\\/\\\/www.eldigitaldeasturias.com\\\/noticias\\\/#organization\"},\"image\":{\"@type\":\"ImageObject\",\"url\":\"https:\\\/\\\/www.eldigitaldeasturias.com\\\/noticias\\\/wp-content\\\/uploads\\\/2022\\\/09\\\/Raul-Aledo.jpg\",\"width\":983,\"height\":651,\"caption\":\"FOTO: DAVID SALAS\\\/CEDIDAS \\\/ Europa Press\"},\"datePublished\":\"2022-09-30T19:31:54+02:00\",\"dateModified\":\"2022-09-30T19:31:54+02:00\",\"inLanguage\":\"es-ES\",\"mainEntityOfPage\":{\"@id\":\"https:\\\/\\\/www.eldigitaldeasturias.com\\\/noticias\\\/grupo-aire-se-prepara-para-crecer-en-europa\\\/#webpage\"},\"isPartOf\":{\"@id\":\"https:\\\/\\\/www.eldigitaldeasturias.com\\\/noticias\\\/grupo-aire-se-prepara-para-crecer-en-europa\\\/#webpage\"},\"articleSection\":\"Negocios y Empresas\"},{\"@type\":\"BreadcrumbList\",\"@id\":\"https:\\\/\\\/www.eldigitaldeasturias.com\\\/noticias\\\/grupo-aire-se-prepara-para-crecer-en-europa\\\/#breadcrumblist\",\"itemListElement\":[{\"@type\":\"ListItem\",\"@id\":\"https:\\\/\\\/www.eldigitaldeasturias.com\\\/noticias#listItem\",\"position\":1,\"name\":\"Home\",\"item\":\"https:\\\/\\\/www.eldigitaldeasturias.com\\\/noticias\",\"nextItem\":{\"@type\":\"ListItem\",\"@id\":\"https:\\\/\\\/www.eldigitaldeasturias.com\\\/noticias\\\/category\\\/negocios-y-empresas\\\/#listItem\",\"name\":\"Negocios y Empresas\"}},{\"@type\":\"ListItem\",\"@id\":\"https:\\\/\\\/www.eldigitaldeasturias.com\\\/noticias\\\/category\\\/negocios-y-empresas\\\/#listItem\",\"position\":2,\"name\":\"Negocios y Empresas\",\"item\":\"https:\\\/\\\/www.eldigitaldeasturias.com\\\/noticias\\\/category\\\/negocios-y-empresas\\\/\",\"nextItem\":{\"@type\":\"ListItem\",\"@id\":\"https:\\\/\\\/www.eldigitaldeasturias.com\\\/noticias\\\/grupo-aire-se-prepara-para-crecer-en-europa\\\/#listItem\",\"name\":\"Grupo Aire se prepara para crecer en Europa\"},\"previousItem\":{\"@type\":\"ListItem\",\"@id\":\"https:\\\/\\\/www.eldigitaldeasturias.com\\\/noticias#listItem\",\"name\":\"Home\"}},{\"@type\":\"ListItem\",\"@id\":\"https:\\\/\\\/www.eldigitaldeasturias.com\\\/noticias\\\/grupo-aire-se-prepara-para-crecer-en-europa\\\/#listItem\",\"position\":3,\"name\":\"Grupo Aire se prepara para crecer en Europa\",\"previousItem\":{\"@type\":\"ListItem\",\"@id\":\"https:\\\/\\\/www.eldigitaldeasturias.com\\\/noticias\\\/category\\\/negocios-y-empresas\\\/#listItem\",\"name\":\"Negocios y Empresas\"}}]},{\"@type\":\"Organization\",\"@id\":\"https:\\\/\\\/www.eldigitaldeasturias.com\\\/noticias\\\/#organization\",\"name\":\"El Digital de Asturias\",\"description\":\"Hemeroteca\",\"url\":\"https:\\\/\\\/www.eldigitaldeasturias.com\\\/noticias\\\/\",\"email\":\"info@eldigitaldeasturias.com\",\"telephone\":\"+34652131393\",\"logo\":{\"@type\":\"ImageObject\",\"url\":\"https:\\\/\\\/www.eldigitaldeasturias.com\\\/noticias\\\/wp-content\\\/uploads\\\/2020\\\/12\\\/EDA.jpg\",\"@id\":\"https:\\\/\\\/www.eldigitaldeasturias.com\\\/noticias\\\/grupo-aire-se-prepara-para-crecer-en-europa\\\/#organizationLogo\",\"width\":649,\"height\":297},\"image\":{\"@id\":\"https:\\\/\\\/www.eldigitaldeasturias.com\\\/noticias\\\/grupo-aire-se-prepara-para-crecer-en-europa\\\/#organizationLogo\"},\"sameAs\":[\"https:\\\/\\\/facebook.com\\\/eldigitaldeasturias\",\"https:\\\/\\\/www.youtube.com\\\/channel\\\/UCZP-2wLEB9Rv6erhFmqVnvg\"],\"address\":{\"@id\":\"https:\\\/\\\/www.eldigitaldeasturias.com\\\/noticias\\\/#postaladdress\",\"@type\":\"PostalAddress\",\"streetAddress\":\"san antonio 4,\",\"postalCode\":\"33430\",\"addressLocality\":\"Cand\\u00e1s\",\"addressRegion\":\"Asturias\",\"addressCountry\":\"ES\"}},{\"@type\":\"Person\",\"@id\":\"https:\\\/\\\/www.eldigitaldeasturias.com\\\/noticias\\\/author\\\/admin\\\/#author\",\"url\":\"https:\\\/\\\/www.eldigitaldeasturias.com\\\/noticias\\\/author\\\/admin\\\/\",\"name\":\"El Digital de Asturias\",\"image\":{\"@type\":\"ImageObject\",\"@id\":\"https:\\\/\\\/www.eldigitaldeasturias.com\\\/noticias\\\/grupo-aire-se-prepara-para-crecer-en-europa\\\/#authorImage\",\"url\":\"https:\\\/\\\/www.eldigitaldeasturias.com\\\/noticias\\\/wp-content\\\/litespeed\\\/avatar\\\/18677e78aa0546b92d9dbf31ec7d7668.jpg?ver=1776685526\",\"width\":96,\"height\":96,\"caption\":\"El Digital de Asturias\"}},{\"@type\":\"WebPage\",\"@id\":\"https:\\\/\\\/www.eldigitaldeasturias.com\\\/noticias\\\/grupo-aire-se-prepara-para-crecer-en-europa\\\/#webpage\",\"url\":\"https:\\\/\\\/www.eldigitaldeasturias.com\\\/noticias\\\/grupo-aire-se-prepara-para-crecer-en-europa\\\/\",\"name\":\"Grupo Aire se prepara para crecer en Europa - El Digital de Asturias\",\"description\":\"(EP) - La empresa de telecomunicaciones Grupo Aire se prepara para crecer en Europa con un nuevo plan estrat\\u00e9gico que fija como objetivo duplicar la facturaci\\u00f3n\",\"inLanguage\":\"es-ES\",\"isPartOf\":{\"@id\":\"https:\\\/\\\/www.eldigitaldeasturias.com\\\/noticias\\\/#website\"},\"breadcrumb\":{\"@id\":\"https:\\\/\\\/www.eldigitaldeasturias.com\\\/noticias\\\/grupo-aire-se-prepara-para-crecer-en-europa\\\/#breadcrumblist\"},\"author\":{\"@id\":\"https:\\\/\\\/www.eldigitaldeasturias.com\\\/noticias\\\/author\\\/admin\\\/#author\"},\"creator\":{\"@id\":\"https:\\\/\\\/www.eldigitaldeasturias.com\\\/noticias\\\/author\\\/admin\\\/#author\"},\"image\":{\"@type\":\"ImageObject\",\"url\":\"https:\\\/\\\/www.eldigitaldeasturias.com\\\/noticias\\\/wp-content\\\/uploads\\\/2022\\\/09\\\/Raul-Aledo.jpg\",\"@id\":\"https:\\\/\\\/www.eldigitaldeasturias.com\\\/noticias\\\/grupo-aire-se-prepara-para-crecer-en-europa\\\/#mainImage\",\"width\":983,\"height\":651,\"caption\":\"FOTO: DAVID SALAS\\\/CEDIDAS \\\/ Europa Press\"},\"primaryImageOfPage\":{\"@id\":\"https:\\\/\\\/www.eldigitaldeasturias.com\\\/noticias\\\/grupo-aire-se-prepara-para-crecer-en-europa\\\/#mainImage\"},\"datePublished\":\"2022-09-30T19:31:54+02:00\",\"dateModified\":\"2022-09-30T19:31:54+02:00\"},{\"@type\":\"WebSite\",\"@id\":\"https:\\\/\\\/www.eldigitaldeasturias.com\\\/noticias\\\/#website\",\"url\":\"https:\\\/\\\/www.eldigitaldeasturias.com\\\/noticias\\\/\",\"name\":\"El Digital de Asturias - Diario de actualidad y noticias\",\"alternateName\":\"El Digital de Asturias - Diario de actualidad y noticias\",\"description\":\"Hemeroteca\",\"inLanguage\":\"es-ES\",\"publisher\":{\"@id\":\"https:\\\/\\\/www.eldigitaldeasturias.com\\\/noticias\\\/#organization\"}}]}\n\t\t<\/script>\n\t\t<!-- All in One SEO Pro -->\r\n\t\t<title>Grupo Aire se prepara para crecer en Europa - El Digital de Asturias<\/title>\n\n","aioseo_head_json":{"title":"Grupo Aire se prepara para crecer en Europa - El Digital de Asturias","description":"(EP) - La empresa de telecomunicaciones Grupo Aire se prepara para crecer en Europa con un nuevo plan estrat\u00e9gico que fija como objetivo duplicar la facturaci\u00f3n","canonical_url":"https:\/\/www.eldigitaldeasturias.com\/noticias\/grupo-aire-se-prepara-para-crecer-en-europa\/","robots":"max-image-preview:large","keywords":"negocios y empresas","webmasterTools":{"google-site-verification":"UA-38556648-1","msvalidate.01":"7dfe9f3f1b24437ab69f4f2559babe99","miscellaneous":""},"schema":{"@context":"https:\/\/schema.org","@graph":[{"@type":"BlogPosting","@id":"https:\/\/www.eldigitaldeasturias.com\/noticias\/grupo-aire-se-prepara-para-crecer-en-europa\/#blogposting","name":"Grupo Aire se prepara para crecer en Europa - El Digital de Asturias","headline":"Grupo Aire se prepara para crecer en Europa","author":{"@id":"https:\/\/www.eldigitaldeasturias.com\/noticias\/author\/admin\/#author"},"publisher":{"@id":"https:\/\/www.eldigitaldeasturias.com\/noticias\/#organization"},"image":{"@type":"ImageObject","url":"https:\/\/www.eldigitaldeasturias.com\/noticias\/wp-content\/uploads\/2022\/09\/Raul-Aledo.jpg","width":983,"height":651,"caption":"FOTO: DAVID SALAS\/CEDIDAS \/ Europa Press"},"datePublished":"2022-09-30T19:31:54+02:00","dateModified":"2022-09-30T19:31:54+02:00","inLanguage":"es-ES","mainEntityOfPage":{"@id":"https:\/\/www.eldigitaldeasturias.com\/noticias\/grupo-aire-se-prepara-para-crecer-en-europa\/#webpage"},"isPartOf":{"@id":"https:\/\/www.eldigitaldeasturias.com\/noticias\/grupo-aire-se-prepara-para-crecer-en-europa\/#webpage"},"articleSection":"Negocios y Empresas"},{"@type":"BreadcrumbList","@id":"https:\/\/www.eldigitaldeasturias.com\/noticias\/grupo-aire-se-prepara-para-crecer-en-europa\/#breadcrumblist","itemListElement":[{"@type":"ListItem","@id":"https:\/\/www.eldigitaldeasturias.com\/noticias#listItem","position":1,"name":"Home","item":"https:\/\/www.eldigitaldeasturias.com\/noticias","nextItem":{"@type":"ListItem","@id":"https:\/\/www.eldigitaldeasturias.com\/noticias\/category\/negocios-y-empresas\/#listItem","name":"Negocios y Empresas"}},{"@type":"ListItem","@id":"https:\/\/www.eldigitaldeasturias.com\/noticias\/category\/negocios-y-empresas\/#listItem","position":2,"name":"Negocios y Empresas","item":"https:\/\/www.eldigitaldeasturias.com\/noticias\/category\/negocios-y-empresas\/","nextItem":{"@type":"ListItem","@id":"https:\/\/www.eldigitaldeasturias.com\/noticias\/grupo-aire-se-prepara-para-crecer-en-europa\/#listItem","name":"Grupo Aire se prepara para crecer en Europa"},"previousItem":{"@type":"ListItem","@id":"https:\/\/www.eldigitaldeasturias.com\/noticias#listItem","name":"Home"}},{"@type":"ListItem","@id":"https:\/\/www.eldigitaldeasturias.com\/noticias\/grupo-aire-se-prepara-para-crecer-en-europa\/#listItem","position":3,"name":"Grupo Aire se prepara para crecer en Europa","previousItem":{"@type":"ListItem","@id":"https:\/\/www.eldigitaldeasturias.com\/noticias\/category\/negocios-y-empresas\/#listItem","name":"Negocios y Empresas"}}]},{"@type":"Organization","@id":"https:\/\/www.eldigitaldeasturias.com\/noticias\/#organization","name":"El Digital de Asturias","description":"Hemeroteca","url":"https:\/\/www.eldigitaldeasturias.com\/noticias\/","email":"info@eldigitaldeasturias.com","telephone":"+34652131393","logo":{"@type":"ImageObject","url":"https:\/\/www.eldigitaldeasturias.com\/noticias\/wp-content\/uploads\/2020\/12\/EDA.jpg","@id":"https:\/\/www.eldigitaldeasturias.com\/noticias\/grupo-aire-se-prepara-para-crecer-en-europa\/#organizationLogo","width":649,"height":297},"image":{"@id":"https:\/\/www.eldigitaldeasturias.com\/noticias\/grupo-aire-se-prepara-para-crecer-en-europa\/#organizationLogo"},"sameAs":["https:\/\/facebook.com\/eldigitaldeasturias","https:\/\/www.youtube.com\/channel\/UCZP-2wLEB9Rv6erhFmqVnvg"],"address":{"@id":"https:\/\/www.eldigitaldeasturias.com\/noticias\/#postaladdress","@type":"PostalAddress","streetAddress":"san antonio 4,","postalCode":"33430","addressLocality":"Cand\u00e1s","addressRegion":"Asturias","addressCountry":"ES"}},{"@type":"Person","@id":"https:\/\/www.eldigitaldeasturias.com\/noticias\/author\/admin\/#author","url":"https:\/\/www.eldigitaldeasturias.com\/noticias\/author\/admin\/","name":"El Digital de Asturias","image":{"@type":"ImageObject","@id":"https:\/\/www.eldigitaldeasturias.com\/noticias\/grupo-aire-se-prepara-para-crecer-en-europa\/#authorImage","url":"https:\/\/www.eldigitaldeasturias.com\/noticias\/wp-content\/litespeed\/avatar\/18677e78aa0546b92d9dbf31ec7d7668.jpg?ver=1776685526","width":96,"height":96,"caption":"El Digital de Asturias"}},{"@type":"WebPage","@id":"https:\/\/www.eldigitaldeasturias.com\/noticias\/grupo-aire-se-prepara-para-crecer-en-europa\/#webpage","url":"https:\/\/www.eldigitaldeasturias.com\/noticias\/grupo-aire-se-prepara-para-crecer-en-europa\/","name":"Grupo Aire se prepara para crecer en Europa - El Digital de Asturias","description":"(EP) - La empresa de telecomunicaciones Grupo Aire se prepara para crecer en Europa con un nuevo plan estrat\u00e9gico que fija como objetivo duplicar la facturaci\u00f3n","inLanguage":"es-ES","isPartOf":{"@id":"https:\/\/www.eldigitaldeasturias.com\/noticias\/#website"},"breadcrumb":{"@id":"https:\/\/www.eldigitaldeasturias.com\/noticias\/grupo-aire-se-prepara-para-crecer-en-europa\/#breadcrumblist"},"author":{"@id":"https:\/\/www.eldigitaldeasturias.com\/noticias\/author\/admin\/#author"},"creator":{"@id":"https:\/\/www.eldigitaldeasturias.com\/noticias\/author\/admin\/#author"},"image":{"@type":"ImageObject","url":"https:\/\/www.eldigitaldeasturias.com\/noticias\/wp-content\/uploads\/2022\/09\/Raul-Aledo.jpg","@id":"https:\/\/www.eldigitaldeasturias.com\/noticias\/grupo-aire-se-prepara-para-crecer-en-europa\/#mainImage","width":983,"height":651,"caption":"FOTO: DAVID SALAS\/CEDIDAS \/ Europa Press"},"primaryImageOfPage":{"@id":"https:\/\/www.eldigitaldeasturias.com\/noticias\/grupo-aire-se-prepara-para-crecer-en-europa\/#mainImage"},"datePublished":"2022-09-30T19:31:54+02:00","dateModified":"2022-09-30T19:31:54+02:00"},{"@type":"WebSite","@id":"https:\/\/www.eldigitaldeasturias.com\/noticias\/#website","url":"https:\/\/www.eldigitaldeasturias.com\/noticias\/","name":"El Digital de Asturias - Diario de actualidad y noticias","alternateName":"El Digital de Asturias - Diario de actualidad y noticias","description":"Hemeroteca","inLanguage":"es-ES","publisher":{"@id":"https:\/\/www.eldigitaldeasturias.com\/noticias\/#organization"}}]},"og:locale":"es_ES","og:site_name":"El Digital de Asturias","og:type":"article","og:title":"Grupo Aire se prepara para crecer en Europa - El Digital de Asturias","og:description":"(EP) - La empresa de telecomunicaciones Grupo Aire se prepara para crecer en Europa con un nuevo plan estrat\u00e9gico que fija como objetivo duplicar la facturaci\u00f3n","og:url":"https:\/\/www.eldigitaldeasturias.com\/noticias\/grupo-aire-se-prepara-para-crecer-en-europa\/","og:image":"https:\/\/www.eldigitaldeasturias.com\/noticias\/wp-content\/uploads\/2022\/09\/Raul-Aledo.jpg","og:image:secure_url":"https:\/\/www.eldigitaldeasturias.com\/noticias\/wp-content\/uploads\/2022\/09\/Raul-Aledo.jpg","og:image:width":983,"og:image:height":651,"article:tag":["negocios y empresas"],"article:published_time":"2022-09-30T17:31:54+00:00","article:modified_time":"2022-09-30T17:31:54+00:00","article:publisher":"https:\/\/facebook.com\/eldigitaldeasturias","twitter:card":"summary_large_image","twitter:title":"Grupo Aire se prepara para crecer en Europa - El Digital de Asturias","twitter:description":"(EP) - La empresa de telecomunicaciones Grupo Aire se prepara para crecer en Europa con un nuevo plan estrat\u00e9gico que fija como objetivo duplicar la facturaci\u00f3n","twitter:image":"https:\/\/www.eldigitaldeasturias.com\/noticias\/wp-content\/uploads\/2022\/09\/Raul-Aledo.jpg","twitter:label1":"Escrito por","twitter:data1":"El Digital de Asturias","twitter:label2":"Tiempo de lectura estimado","twitter:data2":"3 minutos"},"aioseo_meta_data":{"post_id":"1117229","title":null,"description":"(EP) - La empresa de telecomunicaciones Grupo Aire se prepara para crecer en Europa con un nuevo plan estrat\u00e9gico que fija como objetivo duplicar la facturaci\u00f3n","keywords":[],"keyphrases":{"focus":{"keyphrase":"Grupo Aire ","score":73,"analysis":{"keyphraseInTitle":{"title":"Focus keyphrase in SEO title","description":"Focus keyphrase found in SEO title.","score":9,"maxScore":9,"error":0},"keyphraseInDescription":{"title":"Focus keyphrase in meta description","description":"Focus keyphrase found in meta description.","score":9,"maxScore":9,"error":0},"keyphraseLength":{"title":"Focus keyphrase length","description":"Good job!","score":9,"maxScore":9,"error":0,"length":2},"keyphraseInURL":{"title":"Focus keyphrase in URL","description":"Focus keyphrase not found in the URL.","score":1,"maxScore":5,"error":1},"keyphraseInIntroduction":{"title":"Focus keyphrase in introduction","description":"Your Focus keyphrase appears in the first paragraph. Well done!","score":9,"maxScore":9,"error":0},"keyphraseInSubHeadings":{"title":"Focus keyphrase in Subheadings","description":"Use your focus keyphrase more in your H2 and H3 subheadings.","score":3,"maxScore":9,"error":1},"keyphraseInImageAlt":{"title":"Focus keyphrase in image alt attributes","description":"Focus keyphrase not found in image alt attribute(s). Add an image with your Focus keyphrase as alt text.","score":3,"maxScore":9,"error":1}}},"additional":[{"keyphrase":"crecer en Europa","score":83,"analysis":{"keyphraseInDescription":{"title":"Keyphrase in meta description","description":"Keyphrase found in meta description.","score":9,"maxScore":9,"error":0},"keyphraseLength":{"title":"Keyphrase length","description":"Good job!","score":9,"maxScore":9,"error":0,"length":3},"keyphraseInIntroduction":{"title":"Keyphrase in introduction","description":"Your Keyphrase appears in the first paragraph. Well done!","score":9,"maxScore":9,"error":0},"keyphraseInImageAlt":{"title":"Keyphrase in image alt attributes","description":"Keyphrase not found in image alt attribute(s). Add an image with your Keyphrase as alt text.","score":3,"maxScore":9,"error":1}}},{"keyphrase":"Grupo Aire","score":83,"analysis":{"keyphraseInDescription":{"title":"Keyphrase in meta description","description":"Keyphrase found in meta description.","score":9,"maxScore":9,"error":0},"keyphraseLength":{"title":"Keyphrase length","description":"Good job!","score":9,"maxScore":9,"error":0,"length":2},"keyphraseInIntroduction":{"title":"Keyphrase in introduction","description":"Your Keyphrase appears in the first paragraph. Well done!","score":9,"maxScore":9,"error":0},"keyphraseInImageAlt":{"title":"Keyphrase in image alt attributes","description":"Keyphrase not found in image alt attribute(s). Add an image with your Keyphrase as alt text.","score":3,"maxScore":9,"error":1}}}]},"primary_term":null,"canonical_url":null,"og_title":null,"og_description":null,"og_object_type":"default","og_image_type":"default","og_image_url":null,"og_image_width":null,"og_image_height":null,"og_image_custom_url":null,"og_image_custom_fields":null,"og_video":"","og_custom_url":null,"og_article_section":null,"og_article_tags":[],"twitter_use_og":false,"twitter_card":"default","twitter_image_type":"default","twitter_image_url":null,"twitter_image_custom_url":null,"twitter_image_custom_fields":null,"twitter_title":null,"twitter_description":null,"schema":{"blockGraphs":[],"customGraphs":[],"default":{"data":{"Article":[],"Course":[],"Dataset":[],"FAQPage":[],"Movie":[],"Person":[],"Product":[],"ProductReview":[],"Car":[],"Recipe":[],"Service":[],"SoftwareApplication":[],"WebPage":[]},"graphName":"","isEnabled":true},"graphs":[]},"schema_type":"default","schema_type_options":null,"pillar_content":false,"robots_default":true,"robots_noindex":false,"robots_noarchive":false,"robots_nosnippet":false,"robots_nofollow":false,"robots_noimageindex":false,"robots_noodp":false,"robots_notranslate":false,"robots_max_snippet":"-1","robots_max_videopreview":"-1","robots_max_imagepreview":"large","priority":null,"frequency":"default","local_seo":null,"seo_analyzer_scan_date":"2025-10-03 22:46:41","breadcrumb_settings":null,"limit_modified_date":false,"open_ai":null,"ai":null,"created":"2022-09-30 17:17:11","updated":"2025-10-03 22:46:41"},"aioseo_breadcrumb":"<div class=\"aioseo-breadcrumbs\"><span class=\"aioseo-breadcrumb\">\n\t<a href=\"https:\/\/www.eldigitaldeasturias.com\/noticias\" title=\"Home\">Home<\/a>\n<\/span><span class=\"aioseo-breadcrumb-separator\">\u2013<\/span><span class=\"aioseo-breadcrumb\">\n\t<a href=\"https:\/\/www.eldigitaldeasturias.com\/noticias\/category\/negocios-y-empresas\/\" title=\"Negocios y Empresas\">Negocios y Empresas<\/a>\n<\/span><span class=\"aioseo-breadcrumb-separator\">\u2013<\/span><span class=\"aioseo-breadcrumb\">\n\t<a href=\"https:\/\/www.eldigitaldeasturias.com\/noticias\/grupo-aire-se-prepara-para-crecer-en-europa\/\" title=\"Grupo Aire se prepara para crecer en Europa\">Grupo Aire se prepara para crecer en Europa<\/a>\n<\/span><\/div>","aioseo_breadcrumb_json":[{"label":"Home","link":"https:\/\/www.eldigitaldeasturias.com\/noticias"},{"label":"Negocios y Empresas","link":"https:\/\/www.eldigitaldeasturias.com\/noticias\/category\/negocios-y-empresas\/"},{"label":"Grupo Aire se prepara para crecer en Europa","link":"https:\/\/www.eldigitaldeasturias.com\/noticias\/grupo-aire-se-prepara-para-crecer-en-europa\/"}],"_links":{"self":[{"href":"https:\/\/www.eldigitaldeasturias.com\/noticias\/wp-json\/wp\/v2\/posts\/1117229","targetHints":{"allow":["GET"]}}],"collection":[{"href":"https:\/\/www.eldigitaldeasturias.com\/noticias\/wp-json\/wp\/v2\/posts"}],"about":[{"href":"https:\/\/www.eldigitaldeasturias.com\/noticias\/wp-json\/wp\/v2\/types\/post"}],"author":[{"embeddable":true,"href":"https:\/\/www.eldigitaldeasturias.com\/noticias\/wp-json\/wp\/v2\/users\/1"}],"replies":[{"embeddable":true,"href":"https:\/\/www.eldigitaldeasturias.com\/noticias\/wp-json\/wp\/v2\/comments?post=1117229"}],"version-history":[{"count":0,"href":"https:\/\/www.eldigitaldeasturias.com\/noticias\/wp-json\/wp\/v2\/posts\/1117229\/revisions"}],"wp:featuredmedia":[{"embeddable":true,"href":"https:\/\/www.eldigitaldeasturias.com\/noticias\/wp-json\/wp\/v2\/media\/1117230"}],"wp:attachment":[{"href":"https:\/\/www.eldigitaldeasturias.com\/noticias\/wp-json\/wp\/v2\/media?parent=1117229"}],"wp:term":[{"taxonomy":"category","embeddable":true,"href":"https:\/\/www.eldigitaldeasturias.com\/noticias\/wp-json\/wp\/v2\/categories?post=1117229"},{"taxonomy":"post_tag","embeddable":true,"href":"https:\/\/www.eldigitaldeasturias.com\/noticias\/wp-json\/wp\/v2\/tags?post=1117229"}],"curies":[{"name":"wp","href":"https:\/\/api.w.org\/{rel}","templated":true}]}}