{"id":1117221,"date":"2022-09-30T11:22:56","date_gmt":"2022-09-30T09:22:56","guid":{"rendered":"https:\/\/www.eldigitaldeasturias.com\/noticias\/?p=1117221"},"modified":"2022-09-30T11:22:56","modified_gmt":"2022-09-30T09:22:56","slug":"cargadores-electricos-al-servicio-de-la-nueva-movilidad","status":"publish","type":"post","link":"https:\/\/www.eldigitaldeasturias.com\/noticias\/cargadores-electricos-al-servicio-de-la-nueva-movilidad\/","title":{"rendered":"Cargadores el\u00e9ctricos al servicio de la nueva movilidad"},"content":{"rendered":"<p>Los nuevos <strong>coches el\u00e9ctricos o h\u00edbridos<\/strong> ya son una realidad por la que cada vez m\u00e1s conductores apuestan, <strong>los <a title=\"cargadores el\u00e9ctricos\" href=\"https:\/\/www.flooxpower.com\/\" target=\"_blank\" rel=\"noopener\"><span style=\"color: #ff6600;\">cargadores el\u00e9ctricos<\/span><\/a> son esenciales para poder avanzar en una nueva movilidad m\u00e1s amigable con nuestro entorno<\/strong> y comprometida con el medio ambiente.<\/p>\n<p><img loading=\"lazy\" decoding=\"async\" class=\"aligncenter wp-image-1117222 size-full\" src=\"https:\/\/www.eldigitaldeasturias.com\/noticias\/wp-content\/uploads\/2022\/09\/Cargadores.jpg\" alt=\"Cargadores\" width=\"640\" height=\"427\" srcset=\"https:\/\/www.eldigitaldeasturias.com\/noticias\/wp-content\/uploads\/2022\/09\/Cargadores.jpg 640w, https:\/\/www.eldigitaldeasturias.com\/noticias\/wp-content\/uploads\/2022\/09\/Cargadores-360x240.jpg 360w, https:\/\/www.eldigitaldeasturias.com\/noticias\/wp-content\/uploads\/2022\/09\/Cargadores-450x300.jpg 450w, https:\/\/www.eldigitaldeasturias.com\/noticias\/wp-content\/uploads\/2022\/09\/Cargadores-150x100.jpg 150w\" sizes=\"auto, (max-width: 640px) 100vw, 640px\" \/><\/p>\n<p>Son muchas las personas que se preguntan c\u00f3mo funcionan o d\u00f3nde encontrar informaci\u00f3n sobre cargadores el\u00e9ctricos. <strong>La respuesta a todas las dudas e interrogantes las tienes en flooxpower.com<\/strong><\/p>\n<blockquote><p>Hoy en d\u00eda tenemos nuevos y buenos avances tecnol\u00f3gicos que nos pueden servir tanto a nivel usuario como a nivel empresarial.<\/p><\/blockquote>\n<h2>Una realidad de presente y futuro<\/h2>\n<p>Hasta hace unos a\u00f1os, no muchos, la idea de comprar un coche el\u00e9ctrico o\u00a0 de encontrar puntos de recarga era una opci\u00f3n complicada o secundaria para muchas personas, <strong>incluso eran muchos los que no apostaban por la importancia que estos veh\u00edculos tendr\u00edan en pocos a\u00f1os<\/strong>. Hoy en d\u00eda la mayor\u00eda de fabricantes presentan nuevos coches y modelos con m\u00e1s autonom\u00eda, y que nos pueden permitir desplazarnos por la ciudad e incluso hacer viajes largos siempre que tengamos en nuestra ruta puntos de recarga. <strong>\u00bfY s\u00ed uno de esos puntos de recarga lo ofreces en tu negocio, hotel o lo tienes en tu comunidad de vecinos o vivienda?<\/strong><\/p>\n<p>Gracias a los <strong>puntos de recarga Floox<\/strong> los viajes o trayectos ser\u00e1n menos complicados ya que entregan la potencia directamente a la bater\u00eda del veh\u00edculo, saltando el cuello de botella que supone el cargador embarcado en el propio veh\u00edculo, un agente inevitable en puntos de recarga AC.<\/p>\n<h2><strong>\u00bfD\u00f3nde puedes instalar un punto de recarga Floox?<\/strong><\/h2>\n<p>En <strong>parkings p\u00fablicos o privados<\/strong>, tambi\u00e9n en <strong>centros comerciales<\/strong>, e incluso en <strong>establecimientos de ocio, hoteles o descanso<\/strong>. En el caso de que quieras ofrecer este servicio a clientes, trabajadores de la empresa o en tu comunidad de vecinos lo \u00fanico que debes hacer es <strong>asesorarte de c\u00f3mo puedes disponer de un cargador de bater\u00edas<\/strong>, que requisitos y conocimientos son necesarios y dejarte aconsejar por una empresa que apuesta por la nueva movilidad y por un mundo m\u00e1s eco y menos contaminado.<\/p>\n<h3>Unirse al cambio<\/h3>\n<p>Cuando accedes a la web flooxpower.com tienes <strong>la informaci\u00f3n necesaria<\/strong> para responder a todas tus dudas y en ella encontraras todo lo que pueden hacer por ti. <strong>Hablamos de formaci\u00f3n t\u00e9cnica para la instalaci\u00f3n y mantenimiento tanto para instaladores como para distribuidores.<\/strong> Recambios y piezas para las soluciones de carga; servicio t\u00e9cnico especializado que siempre estar\u00e1 a tu disposici\u00f3n.<\/p>\n<p>Todos sabemos que cada persona, empresa, o iniciativa comercial o profesional es diferente, pues en la web que te hemos mencionado tambi\u00e9n te <strong>ofrecen un servicio de consultor\u00eda que se ajusta a las necesidades de cada cliente.<\/strong><\/p>\n<h2>Evolucionar<\/h2>\n<p>La evoluci\u00f3n es parte de la vida, y ya <strong>no se puede negar que la movilidad el\u00e9ctrica tiene y tendr\u00e1 una importante y mayor cuota de mercado<\/strong>. \u00bfPara qu\u00e9 esperar a que otros se adelanten? En el caso de que quieras apostar ya por est\u00e9 servicio para tu empresa, negocio, o incluso para ti mismo no lo dudes y ponte en contacto con flooxpower.com.<\/p>\n<blockquote><p>En su sitio web tienes toda la informaci\u00f3n necesaria para realizar tus consultas o acudir a sus instalaciones. Puedes realizar tus consultas sin compromiso y conocer mejor el funcionamiento de sus cargadores y todas y cada una de sus ventajas.<\/p><\/blockquote>\n<p>\u00bfDeseas formar parte del presente y del futuro?, Ahora es el mejor momento para hacerlo, para emprender o proponer a tus vecinos, socios o empleados <strong>un sistema de recarga que no solamente ayuda a cuidar del medio ambiente, tambi\u00e9n aportar\u00e1 ventajas y ahorro a medio y largo plazo.<\/strong> Es tu momento.<\/p>\n","protected":false},"excerpt":{"rendered":"<p>Los nuevos coches el\u00e9ctricos o h\u00edbridos ya son una realidad por la que cada vez m\u00e1s conductores apuestan, los cargadores el\u00e9ctricos son esenciales para poder avanzar en una nueva movilidad m\u00e1s amigable con nuestro entorno y comprometida con el medio ambiente. Son muchas las personas que se preguntan c\u00f3mo funcionan o d\u00f3nde encontrar informaci\u00f3n sobre [&hellip;]<\/p>\n","protected":false},"author":1,"featured_media":1117222,"comment_status":"closed","ping_status":"closed","sticky":false,"template":"","format":"standard","meta":{"footnotes":""},"categories":[219],"tags":[],"class_list":["post-1117221","post","type-post","status-publish","format-standard","has-post-thumbnail","hentry","category-negocios-y-empresas"],"aioseo_notices":[],"aioseo_head":"\n\t\t<!-- All in One SEO Pro 4.9.6.2 - aioseo.com -->\n\t<meta name=\"description\" content=\"Los nuevos coches el\u00e9ctricos o h\u00edbridos ya son una realidad por la que cada vez m\u00e1s conductores apuestan, los cargadores el\u00e9ctricos son esenciales\" \/>\n\t<meta name=\"robots\" content=\"max-image-preview:large\" \/>\n\t<meta name=\"author\" content=\"El Digital de Asturias\"\/>\n\t<meta name=\"google-site-verification\" content=\"UA-38556648-1\" \/>\n\t<meta name=\"msvalidate.01\" content=\"7dfe9f3f1b24437ab69f4f2559babe99\" \/>\n\t<meta name=\"keywords\" content=\"negocios y empresas\" \/>\n\t<link rel=\"canonical\" href=\"https:\/\/www.eldigitaldeasturias.com\/noticias\/cargadores-electricos-al-servicio-de-la-nueva-movilidad\/\" \/>\n\t<meta name=\"generator\" content=\"All in One SEO Pro (AIOSEO) 4.9.6.2\" \/>\n\t\t<meta property=\"og:locale\" content=\"es_ES\" \/>\n\t\t<meta property=\"og:site_name\" content=\"El Digital de Asturias\" \/>\n\t\t<meta property=\"og:type\" content=\"article\" \/>\n\t\t<meta property=\"og:title\" content=\"Cargadores el\u00e9ctricos al servicio de la nueva movilidad - El Digital de Asturias\" \/>\n\t\t<meta property=\"og:description\" content=\"Los nuevos coches el\u00e9ctricos o h\u00edbridos ya son una realidad por la que cada vez m\u00e1s conductores apuestan, los cargadores el\u00e9ctricos son esenciales\" \/>\n\t\t<meta property=\"og:url\" content=\"https:\/\/www.eldigitaldeasturias.com\/noticias\/cargadores-electricos-al-servicio-de-la-nueva-movilidad\/\" \/>\n\t\t<meta property=\"og:image\" content=\"https:\/\/www.eldigitaldeasturias.com\/noticias\/wp-content\/uploads\/2022\/09\/Cargadores.jpg\" \/>\n\t\t<meta property=\"og:image:secure_url\" content=\"https:\/\/www.eldigitaldeasturias.com\/noticias\/wp-content\/uploads\/2022\/09\/Cargadores.jpg\" \/>\n\t\t<meta property=\"og:image:width\" content=\"640\" \/>\n\t\t<meta property=\"og:image:height\" content=\"427\" \/>\n\t\t<meta property=\"article:tag\" content=\"negocios y empresas\" \/>\n\t\t<meta property=\"article:published_time\" content=\"2022-09-30T09:22:56+00:00\" \/>\n\t\t<meta property=\"article:modified_time\" content=\"2022-09-30T09:22:56+00:00\" \/>\n\t\t<meta property=\"article:publisher\" content=\"https:\/\/facebook.com\/eldigitaldeasturias\" \/>\n\t\t<meta name=\"twitter:card\" content=\"summary_large_image\" \/>\n\t\t<meta name=\"twitter:title\" content=\"Cargadores el\u00e9ctricos al servicio de la nueva movilidad - El Digital de Asturias\" \/>\n\t\t<meta name=\"twitter:description\" content=\"Los nuevos coches el\u00e9ctricos o h\u00edbridos ya son una realidad por la que cada vez m\u00e1s conductores apuestan, los cargadores el\u00e9ctricos son esenciales\" \/>\n\t\t<meta name=\"twitter:image\" content=\"https:\/\/www.eldigitaldeasturias.com\/noticias\/wp-content\/uploads\/2022\/09\/Cargadores.jpg\" \/>\n\t\t<meta name=\"twitter:label1\" content=\"Escrito por\" \/>\n\t\t<meta name=\"twitter:data1\" content=\"El Digital de Asturias\" \/>\n\t\t<meta name=\"twitter:label2\" content=\"Tiempo de lectura estimado\" \/>\n\t\t<meta name=\"twitter:data2\" content=\"3 minutos\" \/>\n\t\t<script type=\"application\/ld+json\" class=\"aioseo-schema\">\n\t\t\t{\"@context\":\"https:\\\/\\\/schema.org\",\"@graph\":[{\"@type\":\"BlogPosting\",\"@id\":\"https:\\\/\\\/www.eldigitaldeasturias.com\\\/noticias\\\/cargadores-electricos-al-servicio-de-la-nueva-movilidad\\\/#blogposting\",\"name\":\"Cargadores el\\u00e9ctricos al servicio de la nueva movilidad - El Digital de Asturias\",\"headline\":\"Cargadores el\\u00e9ctricos al servicio de la nueva movilidad\",\"author\":{\"@id\":\"https:\\\/\\\/www.eldigitaldeasturias.com\\\/noticias\\\/author\\\/admin\\\/#author\"},\"publisher\":{\"@id\":\"https:\\\/\\\/www.eldigitaldeasturias.com\\\/noticias\\\/#organization\"},\"image\":{\"@type\":\"ImageObject\",\"url\":\"https:\\\/\\\/www.eldigitaldeasturias.com\\\/noticias\\\/wp-content\\\/uploads\\\/2022\\\/09\\\/Cargadores.jpg\",\"width\":640,\"height\":427,\"caption\":\"Cargadores\"},\"datePublished\":\"2022-09-30T11:22:56+02:00\",\"dateModified\":\"2022-09-30T11:22:56+02:00\",\"inLanguage\":\"es-ES\",\"mainEntityOfPage\":{\"@id\":\"https:\\\/\\\/www.eldigitaldeasturias.com\\\/noticias\\\/cargadores-electricos-al-servicio-de-la-nueva-movilidad\\\/#webpage\"},\"isPartOf\":{\"@id\":\"https:\\\/\\\/www.eldigitaldeasturias.com\\\/noticias\\\/cargadores-electricos-al-servicio-de-la-nueva-movilidad\\\/#webpage\"},\"articleSection\":\"Negocios y Empresas\"},{\"@type\":\"BreadcrumbList\",\"@id\":\"https:\\\/\\\/www.eldigitaldeasturias.com\\\/noticias\\\/cargadores-electricos-al-servicio-de-la-nueva-movilidad\\\/#breadcrumblist\",\"itemListElement\":[{\"@type\":\"ListItem\",\"@id\":\"https:\\\/\\\/www.eldigitaldeasturias.com\\\/noticias#listItem\",\"position\":1,\"name\":\"Home\",\"item\":\"https:\\\/\\\/www.eldigitaldeasturias.com\\\/noticias\",\"nextItem\":{\"@type\":\"ListItem\",\"@id\":\"https:\\\/\\\/www.eldigitaldeasturias.com\\\/noticias\\\/category\\\/negocios-y-empresas\\\/#listItem\",\"name\":\"Negocios y Empresas\"}},{\"@type\":\"ListItem\",\"@id\":\"https:\\\/\\\/www.eldigitaldeasturias.com\\\/noticias\\\/category\\\/negocios-y-empresas\\\/#listItem\",\"position\":2,\"name\":\"Negocios y Empresas\",\"item\":\"https:\\\/\\\/www.eldigitaldeasturias.com\\\/noticias\\\/category\\\/negocios-y-empresas\\\/\",\"nextItem\":{\"@type\":\"ListItem\",\"@id\":\"https:\\\/\\\/www.eldigitaldeasturias.com\\\/noticias\\\/cargadores-electricos-al-servicio-de-la-nueva-movilidad\\\/#listItem\",\"name\":\"Cargadores el\\u00e9ctricos al servicio de la nueva movilidad\"},\"previousItem\":{\"@type\":\"ListItem\",\"@id\":\"https:\\\/\\\/www.eldigitaldeasturias.com\\\/noticias#listItem\",\"name\":\"Home\"}},{\"@type\":\"ListItem\",\"@id\":\"https:\\\/\\\/www.eldigitaldeasturias.com\\\/noticias\\\/cargadores-electricos-al-servicio-de-la-nueva-movilidad\\\/#listItem\",\"position\":3,\"name\":\"Cargadores el\\u00e9ctricos al servicio de la nueva movilidad\",\"previousItem\":{\"@type\":\"ListItem\",\"@id\":\"https:\\\/\\\/www.eldigitaldeasturias.com\\\/noticias\\\/category\\\/negocios-y-empresas\\\/#listItem\",\"name\":\"Negocios y Empresas\"}}]},{\"@type\":\"Organization\",\"@id\":\"https:\\\/\\\/www.eldigitaldeasturias.com\\\/noticias\\\/#organization\",\"name\":\"El Digital de Asturias\",\"description\":\"Hemeroteca\",\"url\":\"https:\\\/\\\/www.eldigitaldeasturias.com\\\/noticias\\\/\",\"email\":\"info@eldigitaldeasturias.com\",\"telephone\":\"+34652131393\",\"logo\":{\"@type\":\"ImageObject\",\"url\":\"https:\\\/\\\/www.eldigitaldeasturias.com\\\/noticias\\\/wp-content\\\/uploads\\\/2020\\\/12\\\/EDA.jpg\",\"@id\":\"https:\\\/\\\/www.eldigitaldeasturias.com\\\/noticias\\\/cargadores-electricos-al-servicio-de-la-nueva-movilidad\\\/#organizationLogo\",\"width\":649,\"height\":297},\"image\":{\"@id\":\"https:\\\/\\\/www.eldigitaldeasturias.com\\\/noticias\\\/cargadores-electricos-al-servicio-de-la-nueva-movilidad\\\/#organizationLogo\"},\"sameAs\":[\"https:\\\/\\\/facebook.com\\\/eldigitaldeasturias\",\"https:\\\/\\\/www.youtube.com\\\/channel\\\/UCZP-2wLEB9Rv6erhFmqVnvg\"],\"address\":{\"@id\":\"https:\\\/\\\/www.eldigitaldeasturias.com\\\/noticias\\\/#postaladdress\",\"@type\":\"PostalAddress\",\"streetAddress\":\"san antonio 4,\",\"postalCode\":\"33430\",\"addressLocality\":\"Cand\\u00e1s\",\"addressRegion\":\"Asturias\",\"addressCountry\":\"ES\"}},{\"@type\":\"Person\",\"@id\":\"https:\\\/\\\/www.eldigitaldeasturias.com\\\/noticias\\\/author\\\/admin\\\/#author\",\"url\":\"https:\\\/\\\/www.eldigitaldeasturias.com\\\/noticias\\\/author\\\/admin\\\/\",\"name\":\"El Digital de Asturias\",\"image\":{\"@type\":\"ImageObject\",\"@id\":\"https:\\\/\\\/www.eldigitaldeasturias.com\\\/noticias\\\/cargadores-electricos-al-servicio-de-la-nueva-movilidad\\\/#authorImage\",\"url\":\"https:\\\/\\\/www.eldigitaldeasturias.com\\\/noticias\\\/wp-content\\\/litespeed\\\/avatar\\\/18677e78aa0546b92d9dbf31ec7d7668.jpg?ver=1776685526\",\"width\":96,\"height\":96,\"caption\":\"El Digital de Asturias\"}},{\"@type\":\"WebPage\",\"@id\":\"https:\\\/\\\/www.eldigitaldeasturias.com\\\/noticias\\\/cargadores-electricos-al-servicio-de-la-nueva-movilidad\\\/#webpage\",\"url\":\"https:\\\/\\\/www.eldigitaldeasturias.com\\\/noticias\\\/cargadores-electricos-al-servicio-de-la-nueva-movilidad\\\/\",\"name\":\"Cargadores el\\u00e9ctricos al servicio de la nueva movilidad - El Digital de Asturias\",\"description\":\"Los nuevos coches el\\u00e9ctricos o h\\u00edbridos ya son una realidad por la que cada vez m\\u00e1s conductores apuestan, los cargadores el\\u00e9ctricos son esenciales\",\"inLanguage\":\"es-ES\",\"isPartOf\":{\"@id\":\"https:\\\/\\\/www.eldigitaldeasturias.com\\\/noticias\\\/#website\"},\"breadcrumb\":{\"@id\":\"https:\\\/\\\/www.eldigitaldeasturias.com\\\/noticias\\\/cargadores-electricos-al-servicio-de-la-nueva-movilidad\\\/#breadcrumblist\"},\"author\":{\"@id\":\"https:\\\/\\\/www.eldigitaldeasturias.com\\\/noticias\\\/author\\\/admin\\\/#author\"},\"creator\":{\"@id\":\"https:\\\/\\\/www.eldigitaldeasturias.com\\\/noticias\\\/author\\\/admin\\\/#author\"},\"image\":{\"@type\":\"ImageObject\",\"url\":\"https:\\\/\\\/www.eldigitaldeasturias.com\\\/noticias\\\/wp-content\\\/uploads\\\/2022\\\/09\\\/Cargadores.jpg\",\"@id\":\"https:\\\/\\\/www.eldigitaldeasturias.com\\\/noticias\\\/cargadores-electricos-al-servicio-de-la-nueva-movilidad\\\/#mainImage\",\"width\":640,\"height\":427,\"caption\":\"Cargadores\"},\"primaryImageOfPage\":{\"@id\":\"https:\\\/\\\/www.eldigitaldeasturias.com\\\/noticias\\\/cargadores-electricos-al-servicio-de-la-nueva-movilidad\\\/#mainImage\"},\"datePublished\":\"2022-09-30T11:22:56+02:00\",\"dateModified\":\"2022-09-30T11:22:56+02:00\"},{\"@type\":\"WebSite\",\"@id\":\"https:\\\/\\\/www.eldigitaldeasturias.com\\\/noticias\\\/#website\",\"url\":\"https:\\\/\\\/www.eldigitaldeasturias.com\\\/noticias\\\/\",\"name\":\"El Digital de Asturias - Diario de actualidad y noticias\",\"alternateName\":\"El Digital de Asturias - Diario de actualidad y noticias\",\"description\":\"Hemeroteca\",\"inLanguage\":\"es-ES\",\"publisher\":{\"@id\":\"https:\\\/\\\/www.eldigitaldeasturias.com\\\/noticias\\\/#organization\"}}]}\n\t\t<\/script>\n\t\t<!-- All in One SEO Pro -->\r\n\t\t<title>Cargadores el\u00e9ctricos al servicio de la nueva movilidad - El Digital de Asturias<\/title>\n\n","aioseo_head_json":{"title":"Cargadores el\u00e9ctricos al servicio de la nueva movilidad - El Digital de Asturias","description":"Los nuevos coches el\u00e9ctricos o h\u00edbridos ya son una realidad por la que cada vez m\u00e1s conductores apuestan, los cargadores el\u00e9ctricos son esenciales","canonical_url":"https:\/\/www.eldigitaldeasturias.com\/noticias\/cargadores-electricos-al-servicio-de-la-nueva-movilidad\/","robots":"max-image-preview:large","keywords":"negocios y empresas","webmasterTools":{"google-site-verification":"UA-38556648-1","msvalidate.01":"7dfe9f3f1b24437ab69f4f2559babe99","miscellaneous":""},"schema":{"@context":"https:\/\/schema.org","@graph":[{"@type":"BlogPosting","@id":"https:\/\/www.eldigitaldeasturias.com\/noticias\/cargadores-electricos-al-servicio-de-la-nueva-movilidad\/#blogposting","name":"Cargadores el\u00e9ctricos al servicio de la nueva movilidad - El Digital de Asturias","headline":"Cargadores el\u00e9ctricos al servicio de la nueva movilidad","author":{"@id":"https:\/\/www.eldigitaldeasturias.com\/noticias\/author\/admin\/#author"},"publisher":{"@id":"https:\/\/www.eldigitaldeasturias.com\/noticias\/#organization"},"image":{"@type":"ImageObject","url":"https:\/\/www.eldigitaldeasturias.com\/noticias\/wp-content\/uploads\/2022\/09\/Cargadores.jpg","width":640,"height":427,"caption":"Cargadores"},"datePublished":"2022-09-30T11:22:56+02:00","dateModified":"2022-09-30T11:22:56+02:00","inLanguage":"es-ES","mainEntityOfPage":{"@id":"https:\/\/www.eldigitaldeasturias.com\/noticias\/cargadores-electricos-al-servicio-de-la-nueva-movilidad\/#webpage"},"isPartOf":{"@id":"https:\/\/www.eldigitaldeasturias.com\/noticias\/cargadores-electricos-al-servicio-de-la-nueva-movilidad\/#webpage"},"articleSection":"Negocios y Empresas"},{"@type":"BreadcrumbList","@id":"https:\/\/www.eldigitaldeasturias.com\/noticias\/cargadores-electricos-al-servicio-de-la-nueva-movilidad\/#breadcrumblist","itemListElement":[{"@type":"ListItem","@id":"https:\/\/www.eldigitaldeasturias.com\/noticias#listItem","position":1,"name":"Home","item":"https:\/\/www.eldigitaldeasturias.com\/noticias","nextItem":{"@type":"ListItem","@id":"https:\/\/www.eldigitaldeasturias.com\/noticias\/category\/negocios-y-empresas\/#listItem","name":"Negocios y Empresas"}},{"@type":"ListItem","@id":"https:\/\/www.eldigitaldeasturias.com\/noticias\/category\/negocios-y-empresas\/#listItem","position":2,"name":"Negocios y Empresas","item":"https:\/\/www.eldigitaldeasturias.com\/noticias\/category\/negocios-y-empresas\/","nextItem":{"@type":"ListItem","@id":"https:\/\/www.eldigitaldeasturias.com\/noticias\/cargadores-electricos-al-servicio-de-la-nueva-movilidad\/#listItem","name":"Cargadores el\u00e9ctricos al servicio de la nueva movilidad"},"previousItem":{"@type":"ListItem","@id":"https:\/\/www.eldigitaldeasturias.com\/noticias#listItem","name":"Home"}},{"@type":"ListItem","@id":"https:\/\/www.eldigitaldeasturias.com\/noticias\/cargadores-electricos-al-servicio-de-la-nueva-movilidad\/#listItem","position":3,"name":"Cargadores el\u00e9ctricos al servicio de la nueva movilidad","previousItem":{"@type":"ListItem","@id":"https:\/\/www.eldigitaldeasturias.com\/noticias\/category\/negocios-y-empresas\/#listItem","name":"Negocios y Empresas"}}]},{"@type":"Organization","@id":"https:\/\/www.eldigitaldeasturias.com\/noticias\/#organization","name":"El Digital de Asturias","description":"Hemeroteca","url":"https:\/\/www.eldigitaldeasturias.com\/noticias\/","email":"info@eldigitaldeasturias.com","telephone":"+34652131393","logo":{"@type":"ImageObject","url":"https:\/\/www.eldigitaldeasturias.com\/noticias\/wp-content\/uploads\/2020\/12\/EDA.jpg","@id":"https:\/\/www.eldigitaldeasturias.com\/noticias\/cargadores-electricos-al-servicio-de-la-nueva-movilidad\/#organizationLogo","width":649,"height":297},"image":{"@id":"https:\/\/www.eldigitaldeasturias.com\/noticias\/cargadores-electricos-al-servicio-de-la-nueva-movilidad\/#organizationLogo"},"sameAs":["https:\/\/facebook.com\/eldigitaldeasturias","https:\/\/www.youtube.com\/channel\/UCZP-2wLEB9Rv6erhFmqVnvg"],"address":{"@id":"https:\/\/www.eldigitaldeasturias.com\/noticias\/#postaladdress","@type":"PostalAddress","streetAddress":"san antonio 4,","postalCode":"33430","addressLocality":"Cand\u00e1s","addressRegion":"Asturias","addressCountry":"ES"}},{"@type":"Person","@id":"https:\/\/www.eldigitaldeasturias.com\/noticias\/author\/admin\/#author","url":"https:\/\/www.eldigitaldeasturias.com\/noticias\/author\/admin\/","name":"El Digital de Asturias","image":{"@type":"ImageObject","@id":"https:\/\/www.eldigitaldeasturias.com\/noticias\/cargadores-electricos-al-servicio-de-la-nueva-movilidad\/#authorImage","url":"https:\/\/www.eldigitaldeasturias.com\/noticias\/wp-content\/litespeed\/avatar\/18677e78aa0546b92d9dbf31ec7d7668.jpg?ver=1776685526","width":96,"height":96,"caption":"El Digital de Asturias"}},{"@type":"WebPage","@id":"https:\/\/www.eldigitaldeasturias.com\/noticias\/cargadores-electricos-al-servicio-de-la-nueva-movilidad\/#webpage","url":"https:\/\/www.eldigitaldeasturias.com\/noticias\/cargadores-electricos-al-servicio-de-la-nueva-movilidad\/","name":"Cargadores el\u00e9ctricos al servicio de la nueva movilidad - El Digital de Asturias","description":"Los nuevos coches el\u00e9ctricos o h\u00edbridos ya son una realidad por la que cada vez m\u00e1s conductores apuestan, los cargadores el\u00e9ctricos son esenciales","inLanguage":"es-ES","isPartOf":{"@id":"https:\/\/www.eldigitaldeasturias.com\/noticias\/#website"},"breadcrumb":{"@id":"https:\/\/www.eldigitaldeasturias.com\/noticias\/cargadores-electricos-al-servicio-de-la-nueva-movilidad\/#breadcrumblist"},"author":{"@id":"https:\/\/www.eldigitaldeasturias.com\/noticias\/author\/admin\/#author"},"creator":{"@id":"https:\/\/www.eldigitaldeasturias.com\/noticias\/author\/admin\/#author"},"image":{"@type":"ImageObject","url":"https:\/\/www.eldigitaldeasturias.com\/noticias\/wp-content\/uploads\/2022\/09\/Cargadores.jpg","@id":"https:\/\/www.eldigitaldeasturias.com\/noticias\/cargadores-electricos-al-servicio-de-la-nueva-movilidad\/#mainImage","width":640,"height":427,"caption":"Cargadores"},"primaryImageOfPage":{"@id":"https:\/\/www.eldigitaldeasturias.com\/noticias\/cargadores-electricos-al-servicio-de-la-nueva-movilidad\/#mainImage"},"datePublished":"2022-09-30T11:22:56+02:00","dateModified":"2022-09-30T11:22:56+02:00"},{"@type":"WebSite","@id":"https:\/\/www.eldigitaldeasturias.com\/noticias\/#website","url":"https:\/\/www.eldigitaldeasturias.com\/noticias\/","name":"El Digital de Asturias - Diario de actualidad y noticias","alternateName":"El Digital de Asturias - Diario de actualidad y noticias","description":"Hemeroteca","inLanguage":"es-ES","publisher":{"@id":"https:\/\/www.eldigitaldeasturias.com\/noticias\/#organization"}}]},"og:locale":"es_ES","og:site_name":"El Digital de Asturias","og:type":"article","og:title":"Cargadores el\u00e9ctricos al servicio de la nueva movilidad - El Digital de Asturias","og:description":"Los nuevos coches el\u00e9ctricos o h\u00edbridos ya son una realidad por la que cada vez m\u00e1s conductores apuestan, los cargadores el\u00e9ctricos son esenciales","og:url":"https:\/\/www.eldigitaldeasturias.com\/noticias\/cargadores-electricos-al-servicio-de-la-nueva-movilidad\/","og:image":"https:\/\/www.eldigitaldeasturias.com\/noticias\/wp-content\/uploads\/2022\/09\/Cargadores.jpg","og:image:secure_url":"https:\/\/www.eldigitaldeasturias.com\/noticias\/wp-content\/uploads\/2022\/09\/Cargadores.jpg","og:image:width":640,"og:image:height":427,"article:tag":["negocios y empresas"],"article:published_time":"2022-09-30T09:22:56+00:00","article:modified_time":"2022-09-30T09:22:56+00:00","article:publisher":"https:\/\/facebook.com\/eldigitaldeasturias","twitter:card":"summary_large_image","twitter:title":"Cargadores el\u00e9ctricos al servicio de la nueva movilidad - El Digital de Asturias","twitter:description":"Los nuevos coches el\u00e9ctricos o h\u00edbridos ya son una realidad por la que cada vez m\u00e1s conductores apuestan, los cargadores el\u00e9ctricos son esenciales","twitter:image":"https:\/\/www.eldigitaldeasturias.com\/noticias\/wp-content\/uploads\/2022\/09\/Cargadores.jpg","twitter:label1":"Escrito por","twitter:data1":"El Digital de Asturias","twitter:label2":"Tiempo de lectura estimado","twitter:data2":"3 minutos"},"aioseo_meta_data":{"post_id":"1117221","title":null,"description":"Los nuevos coches el\u00e9ctricos o h\u00edbridos ya son una realidad por la que cada vez m\u00e1s conductores apuestan, los cargadores el\u00e9ctricos son esenciales","keywords":[],"keyphrases":{"focus":{"keyphrase":"cargadores","score":83,"analysis":{"keyphraseInTitle":{"title":"Focus keyphrase in SEO title","description":"Focus keyphrase found in SEO title.","score":9,"maxScore":9,"error":0},"keyphraseInDescription":{"title":"Focus keyphrase in meta description","description":"Focus keyphrase found in meta description.","score":9,"maxScore":9,"error":0},"keyphraseLength":{"title":"Focus keyphrase length","description":"Good job!","score":9,"maxScore":9,"error":0,"length":1},"keyphraseInURL":{"title":"Focus keyphrase in URL","description":"Focus keyphrase not found in the URL.","score":1,"maxScore":5,"error":1},"keyphraseInIntroduction":{"title":"Focus keyphrase in introduction","description":"Your Focus keyphrase appears in the first paragraph. Well done!","score":9,"maxScore":9,"error":0},"keyphraseInSubHeadings":{"title":"Focus keyphrase in Subheadings","description":"Use your focus keyphrase more in your H2 and H3 subheadings.","score":3,"maxScore":9,"error":1},"keyphraseInImageAlt":{"title":"Focus keyphrase in image alt attributes","description":"Focus keyphrase found in image alt attribute(s).","score":9,"maxScore":9,"error":0}}},"additional":[{"keyphrase":"cargadores el\u00e9ctricos","score":83,"analysis":{"keyphraseInDescription":{"title":"Keyphrase in meta description","description":"Keyphrase found in meta description.","score":9,"maxScore":9,"error":0},"keyphraseLength":{"title":"Keyphrase length","description":"Good job!","score":9,"maxScore":9,"error":0,"length":2},"keyphraseInIntroduction":{"title":"Keyphrase in introduction","description":"Your Keyphrase appears in the first paragraph. Well done!","score":9,"maxScore":9,"error":0},"keyphraseInImageAlt":{"title":"Keyphrase in image alt attributes","description":"Keyphrase not found in image alt attribute(s). Add an image with your Keyphrase as alt text.","score":3,"maxScore":9,"error":1}}},{"keyphrase":"coches el\u00e9ctricos","score":83,"analysis":{"keyphraseInDescription":{"title":"Keyphrase in meta description","description":"Keyphrase found in meta description.","score":9,"maxScore":9,"error":0},"keyphraseLength":{"title":"Keyphrase length","description":"Good job!","score":9,"maxScore":9,"error":0,"length":2},"keyphraseInIntroduction":{"title":"Keyphrase in introduction","description":"Your Keyphrase appears in the first paragraph. Well done!","score":9,"maxScore":9,"error":0},"keyphraseInImageAlt":{"title":"Keyphrase in image alt attributes","description":"Keyphrase not found in image alt attribute(s). Add an image with your Keyphrase as alt text.","score":3,"maxScore":9,"error":1}}},{"keyphrase":"el\u00e9ctricos","score":83,"analysis":{"keyphraseInDescription":{"title":"Keyphrase in meta description","description":"Keyphrase found in meta description.","score":9,"maxScore":9,"error":0},"keyphraseLength":{"title":"Keyphrase length","description":"Good job!","score":9,"maxScore":9,"error":0,"length":1},"keyphraseInIntroduction":{"title":"Keyphrase in introduction","description":"Your Keyphrase appears in the first paragraph. Well done!","score":9,"maxScore":9,"error":0},"keyphraseInImageAlt":{"title":"Keyphrase in image alt attributes","description":"Keyphrase not found in image alt attribute(s). Add an image with your Keyphrase as alt text.","score":3,"maxScore":9,"error":1}}}]},"primary_term":null,"canonical_url":null,"og_title":null,"og_description":null,"og_object_type":"default","og_image_type":"default","og_image_url":null,"og_image_width":null,"og_image_height":null,"og_image_custom_url":null,"og_image_custom_fields":null,"og_video":"","og_custom_url":null,"og_article_section":null,"og_article_tags":[],"twitter_use_og":false,"twitter_card":"default","twitter_image_type":"default","twitter_image_url":null,"twitter_image_custom_url":null,"twitter_image_custom_fields":null,"twitter_title":null,"twitter_description":null,"schema":{"blockGraphs":[],"customGraphs":[],"default":{"data":{"Article":[],"Course":[],"Dataset":[],"FAQPage":[],"Movie":[],"Person":[],"Product":[],"ProductReview":[],"Car":[],"Recipe":[],"Service":[],"SoftwareApplication":[],"WebPage":[]},"graphName":"","isEnabled":true},"graphs":[]},"schema_type":"default","schema_type_options":null,"pillar_content":false,"robots_default":true,"robots_noindex":false,"robots_noarchive":false,"robots_nosnippet":false,"robots_nofollow":false,"robots_noimageindex":false,"robots_noodp":false,"robots_notranslate":false,"robots_max_snippet":"-1","robots_max_videopreview":"-1","robots_max_imagepreview":"large","priority":null,"frequency":"default","local_seo":null,"seo_analyzer_scan_date":"2025-10-03 22:42:50","breadcrumb_settings":null,"limit_modified_date":false,"open_ai":null,"ai":null,"created":"2022-09-30 09:13:04","updated":"2025-10-03 22:42:50"},"aioseo_breadcrumb":"<div class=\"aioseo-breadcrumbs\"><span class=\"aioseo-breadcrumb\">\n\t<a href=\"https:\/\/www.eldigitaldeasturias.com\/noticias\" title=\"Home\">Home<\/a>\n<\/span><span class=\"aioseo-breadcrumb-separator\">\u2013<\/span><span class=\"aioseo-breadcrumb\">\n\t<a href=\"https:\/\/www.eldigitaldeasturias.com\/noticias\/category\/negocios-y-empresas\/\" title=\"Negocios y Empresas\">Negocios y Empresas<\/a>\n<\/span><span class=\"aioseo-breadcrumb-separator\">\u2013<\/span><span class=\"aioseo-breadcrumb\">\n\t<a href=\"https:\/\/www.eldigitaldeasturias.com\/noticias\/cargadores-electricos-al-servicio-de-la-nueva-movilidad\/\" title=\"Cargadores el\u00e9ctricos al servicio de la nueva movilidad\">Cargadores el\u00e9ctricos al servicio de la nueva movilidad<\/a>\n<\/span><\/div>","aioseo_breadcrumb_json":[{"label":"Home","link":"https:\/\/www.eldigitaldeasturias.com\/noticias"},{"label":"Negocios y Empresas","link":"https:\/\/www.eldigitaldeasturias.com\/noticias\/category\/negocios-y-empresas\/"},{"label":"Cargadores el\u00e9ctricos al servicio de la nueva movilidad","link":"https:\/\/www.eldigitaldeasturias.com\/noticias\/cargadores-electricos-al-servicio-de-la-nueva-movilidad\/"}],"_links":{"self":[{"href":"https:\/\/www.eldigitaldeasturias.com\/noticias\/wp-json\/wp\/v2\/posts\/1117221","targetHints":{"allow":["GET"]}}],"collection":[{"href":"https:\/\/www.eldigitaldeasturias.com\/noticias\/wp-json\/wp\/v2\/posts"}],"about":[{"href":"https:\/\/www.eldigitaldeasturias.com\/noticias\/wp-json\/wp\/v2\/types\/post"}],"author":[{"embeddable":true,"href":"https:\/\/www.eldigitaldeasturias.com\/noticias\/wp-json\/wp\/v2\/users\/1"}],"replies":[{"embeddable":true,"href":"https:\/\/www.eldigitaldeasturias.com\/noticias\/wp-json\/wp\/v2\/comments?post=1117221"}],"version-history":[{"count":0,"href":"https:\/\/www.eldigitaldeasturias.com\/noticias\/wp-json\/wp\/v2\/posts\/1117221\/revisions"}],"wp:featuredmedia":[{"embeddable":true,"href":"https:\/\/www.eldigitaldeasturias.com\/noticias\/wp-json\/wp\/v2\/media\/1117222"}],"wp:attachment":[{"href":"https:\/\/www.eldigitaldeasturias.com\/noticias\/wp-json\/wp\/v2\/media?parent=1117221"}],"wp:term":[{"taxonomy":"category","embeddable":true,"href":"https:\/\/www.eldigitaldeasturias.com\/noticias\/wp-json\/wp\/v2\/categories?post=1117221"},{"taxonomy":"post_tag","embeddable":true,"href":"https:\/\/www.eldigitaldeasturias.com\/noticias\/wp-json\/wp\/v2\/tags?post=1117221"}],"curies":[{"name":"wp","href":"https:\/\/api.w.org\/{rel}","templated":true}]}}