{"id":1117001,"date":"2022-09-24T14:47:14","date_gmt":"2022-09-24T12:47:14","guid":{"rendered":"https:\/\/www.eldigitaldeasturias.com\/noticias\/?p=1117001"},"modified":"2022-09-24T14:47:14","modified_gmt":"2022-09-24T12:47:14","slug":"teresa-ribera-se-avecina-un-invierno-complicado","status":"publish","type":"post","link":"https:\/\/www.eldigitaldeasturias.com\/noticias\/teresa-ribera-se-avecina-un-invierno-complicado\/","title":{"rendered":"Teresa Ribera: Se avecina un \u00abinvierno complicado\u00bb"},"content":{"rendered":"<p>(EP) &#8211; La vicepresidenta para la Transici\u00f3n Ecol\u00f3gica, <strong>Teresa Ribera<\/strong>, ha afirmado en los pasillos del Congreso que <strong><a href=\"https:\/\/www.eldigitaldeasturias.com\/noticias\/republica-checa-aprueba-un-tope-a-los-precios-de-la-electricidad-y-el-gas\/\"><span style=\"color: #ff6600;\">se avecina un \u00abinvierno complicado\u00bb<\/span><\/a>,<\/strong> pues la Uni\u00f3n Europea (UE) asume que no podr\u00e1 contar con gas ruso, pero en todo caso subraya que en Espa\u00f1a el abastecimiento \u00abest\u00e1 garantizado\u00bb.<\/p>\n<p><img loading=\"lazy\" decoding=\"async\" class=\"aligncenter wp-image-1085055 size-large\" src=\"https:\/\/www.eldigitaldeasturias.com\/noticias\/wp-content\/uploads\/2021\/01\/economia-674x480.jpg\" alt=\"econom\u00eda\" width=\"650\" height=\"463\" srcset=\"https:\/\/www.eldigitaldeasturias.com\/noticias\/wp-content\/uploads\/2021\/01\/economia-674x480.jpg 674w, https:\/\/www.eldigitaldeasturias.com\/noticias\/wp-content\/uploads\/2021\/01\/economia-360x256.jpg 360w, https:\/\/www.eldigitaldeasturias.com\/noticias\/wp-content\/uploads\/2021\/01\/economia-421x300.jpg 421w, https:\/\/www.eldigitaldeasturias.com\/noticias\/wp-content\/uploads\/2021\/01\/economia.jpg 753w\" sizes=\"auto, (max-width: 650px) 100vw, 650px\" \/><\/p>\n<p>\u00abEuropa ha dado por descontado el hecho de que no vamos a contar con gas procedente de Rusia\u00bb, ha afirmado, preguntada en los pasillos del Congreso tras la \u00faltima intervenci\u00f3n p\u00fablica del presidente de Rusia, Vladimir Putin, que a su juicio \u00abconfirma que es una guerra larga y cruel\u00bb y \u00abaugura un invierno complicado\u00bb.<\/p>\n<p>\u00abPor eso es precisamente fundamental mantenernos unidos a nivel europeo\u00bb, ha proseguido Ribera, y \u00abacelerar la independencia energ\u00e9tica de Rusia\u00bb ya que, sin ello, considera \u00abmuy dif\u00edcil mantener una posici\u00f3n de unidad\u00bb por los efectos en la poblaci\u00f3n de esa \u00abreducci\u00f3n dr\u00e1stica\u00bb en el suministro de energ\u00eda.<\/p>\n<p><strong>La vicepresidenta tercera ha subrayado en todo caso que en Espa\u00f1a \u00abel abastecimiento est\u00e1 garantizado\u00bb<\/strong>, que en el caso de requerir m\u00e1s gas cuenta con infraestructuras de regasificaci\u00f3n y que, en ese caso, aumentar\u00e1 sus peticiones de abastecimiento de gas natural licuado (GNL) a trav\u00e9s de buques metaneros.<\/p>\n<p>\u00abNuestra apuesta es que eso resulte necesario s\u00f3lo cuando no haya otra alternativa\u00bb, ha aseverado Ribera, que ha explicado que las mayores complicaciones se registrar\u00e1n en pa\u00edses con una dependencia de m\u00e1s del 40% o incluso del 50% en sus consumos de gas, petr\u00f3leo, carb\u00f3n o uranio enriquecido procedentes de Rusia.<\/p>\n<h3>LA FACTURA SER\u00cdA HASTA UN 30% M\u00c1S CARA SIN MEDIDAS<\/h3>\n<p>Respecto a la respuesta conjunta de la Uni\u00f3n Europea ante un corte de suministro, Ribera ha se\u00f1alado que uno de los debates es el mensaje que se lanza a los mercados \u00abpara evitar comportamientos especulativos\u00bb que se est\u00e1n detectando en la evoluci\u00f3n de los precios y tambi\u00e9n en una \u00abrespuesta de unidad, pero razonablemente flexible\u00bb, para que cada pa\u00eds se pueda \u00abamoldar a sus necesidades\u00bb.<\/p>\n<p>En este sentido, ha dicho que \u00abla voluntad es as\u00ed\u00bb para todos los pa\u00edses, a excepci\u00f3n de Hungr\u00eda, en el compromiso de transformaci\u00f3n del modelo energ\u00e9tico y en la protecci\u00f3n de los sectores de la sociedad m\u00e1s afectados por el encarecimiento de la electricidad y el gas.<\/p>\n<p>Pese al encarecimiento desde antes de la invasi\u00f3n rusa de Ucrania, <strong>Ribera ha defendido que las facturas energ\u00e9ticas ser\u00edan hoy un 20% o incluso un 30% superiores de no haberse adoptado medidas<\/strong> como las rebajas fiscales, la rebaja de cargos y peajes, o el tope al gas aprobadas por el Gobierno espa\u00f1ol.<\/p>\n","protected":false},"excerpt":{"rendered":"<p>(EP) &#8211; La vicepresidenta para la Transici\u00f3n Ecol\u00f3gica, Teresa Ribera, ha afirmado en los pasillos del Congreso que se avecina un \u00abinvierno complicado\u00bb, pues la Uni\u00f3n Europea (UE) asume que no podr\u00e1 contar con gas ruso, pero en todo caso subraya que en Espa\u00f1a el abastecimiento \u00abest\u00e1 garantizado\u00bb. \u00abEuropa ha dado por descontado el hecho [&hellip;]<\/p>\n","protected":false},"author":1,"featured_media":1085055,"comment_status":"closed","ping_status":"closed","sticky":false,"template":"","format":"standard","meta":{"footnotes":""},"categories":[187],"tags":[],"class_list":["post-1117001","post","type-post","status-publish","format-standard","has-post-thumbnail","hentry","category-economia"],"aioseo_notices":[],"aioseo_head":"\n\t\t<!-- All in One SEO Pro 4.9.6.2 - aioseo.com -->\n\t<meta name=\"description\" content=\"(EP) - La vicepresidenta para la Transici\u00f3n Ecol\u00f3gica, Teresa Ribera, ha afirmado en los pasillos del Congreso que se avecina un &quot;invierno complicado&quot;\" \/>\n\t<meta name=\"robots\" content=\"max-image-preview:large\" \/>\n\t<meta name=\"author\" content=\"El Digital de Asturias\"\/>\n\t<meta name=\"google-site-verification\" content=\"UA-38556648-1\" \/>\n\t<meta name=\"msvalidate.01\" content=\"7dfe9f3f1b24437ab69f4f2559babe99\" \/>\n\t<meta name=\"keywords\" content=\"econom\u00eda\" \/>\n\t<link rel=\"canonical\" href=\"https:\/\/www.eldigitaldeasturias.com\/noticias\/teresa-ribera-se-avecina-un-invierno-complicado\/\" \/>\n\t<meta name=\"generator\" content=\"All in One SEO Pro (AIOSEO) 4.9.6.2\" \/>\n\t\t<meta property=\"og:locale\" content=\"es_ES\" \/>\n\t\t<meta property=\"og:site_name\" content=\"El Digital de Asturias\" \/>\n\t\t<meta property=\"og:type\" content=\"article\" \/>\n\t\t<meta property=\"og:title\" content=\"Teresa Ribera: Se avecina un \u00abinvierno complicado\u00bb - El Digital de Asturias\" \/>\n\t\t<meta property=\"og:description\" content=\"(EP) - La vicepresidenta para la Transici\u00f3n Ecol\u00f3gica, Teresa Ribera, ha afirmado en los pasillos del Congreso que se avecina un &quot;invierno complicado&quot;\" \/>\n\t\t<meta property=\"og:url\" content=\"https:\/\/www.eldigitaldeasturias.com\/noticias\/teresa-ribera-se-avecina-un-invierno-complicado\/\" \/>\n\t\t<meta property=\"og:image\" content=\"https:\/\/www.eldigitaldeasturias.com\/noticias\/wp-content\/uploads\/2021\/01\/economia.jpg\" \/>\n\t\t<meta property=\"og:image:secure_url\" content=\"https:\/\/www.eldigitaldeasturias.com\/noticias\/wp-content\/uploads\/2021\/01\/economia.jpg\" \/>\n\t\t<meta property=\"og:image:width\" content=\"753\" \/>\n\t\t<meta property=\"og:image:height\" content=\"536\" \/>\n\t\t<meta property=\"article:tag\" content=\"econom\u00eda\" \/>\n\t\t<meta property=\"article:published_time\" content=\"2022-09-24T12:47:14+00:00\" \/>\n\t\t<meta property=\"article:modified_time\" content=\"2022-09-24T12:47:14+00:00\" \/>\n\t\t<meta property=\"article:publisher\" content=\"https:\/\/facebook.com\/eldigitaldeasturias\" \/>\n\t\t<meta name=\"twitter:card\" content=\"summary_large_image\" \/>\n\t\t<meta name=\"twitter:title\" content=\"Teresa Ribera: Se avecina un \u00abinvierno complicado\u00bb - El Digital de Asturias\" \/>\n\t\t<meta name=\"twitter:description\" content=\"(EP) - La vicepresidenta para la Transici\u00f3n Ecol\u00f3gica, Teresa Ribera, ha afirmado en los pasillos del Congreso que se avecina un &quot;invierno complicado&quot;\" \/>\n\t\t<meta name=\"twitter:image\" content=\"https:\/\/www.eldigitaldeasturias.com\/noticias\/wp-content\/uploads\/2021\/01\/economia.jpg\" \/>\n\t\t<meta name=\"twitter:label1\" content=\"Escrito por\" \/>\n\t\t<meta name=\"twitter:data1\" content=\"El Digital de Asturias\" \/>\n\t\t<meta name=\"twitter:label2\" content=\"Tiempo de lectura estimado\" \/>\n\t\t<meta name=\"twitter:data2\" content=\"2 minutos\" \/>\n\t\t<script type=\"application\/ld+json\" class=\"aioseo-schema\">\n\t\t\t{\"@context\":\"https:\\\/\\\/schema.org\",\"@graph\":[{\"@type\":\"BlogPosting\",\"@id\":\"https:\\\/\\\/www.eldigitaldeasturias.com\\\/noticias\\\/teresa-ribera-se-avecina-un-invierno-complicado\\\/#blogposting\",\"name\":\"Teresa Ribera: Se avecina un \\u00abinvierno complicado\\u00bb - El Digital de Asturias\",\"headline\":\"Teresa Ribera: Se avecina un \\u00abinvierno complicado\\u00bb\",\"author\":{\"@id\":\"https:\\\/\\\/www.eldigitaldeasturias.com\\\/noticias\\\/author\\\/admin\\\/#author\"},\"publisher\":{\"@id\":\"https:\\\/\\\/www.eldigitaldeasturias.com\\\/noticias\\\/#organization\"},\"image\":{\"@type\":\"ImageObject\",\"url\":\"https:\\\/\\\/www.eldigitaldeasturias.com\\\/noticias\\\/wp-content\\\/uploads\\\/2021\\\/01\\\/economia.jpg\",\"width\":753,\"height\":536,\"caption\":\"econom\\u00eda\"},\"datePublished\":\"2022-09-24T14:47:14+02:00\",\"dateModified\":\"2022-09-24T14:47:14+02:00\",\"inLanguage\":\"es-ES\",\"mainEntityOfPage\":{\"@id\":\"https:\\\/\\\/www.eldigitaldeasturias.com\\\/noticias\\\/teresa-ribera-se-avecina-un-invierno-complicado\\\/#webpage\"},\"isPartOf\":{\"@id\":\"https:\\\/\\\/www.eldigitaldeasturias.com\\\/noticias\\\/teresa-ribera-se-avecina-un-invierno-complicado\\\/#webpage\"},\"articleSection\":\"Econom\\u00eda\"},{\"@type\":\"BreadcrumbList\",\"@id\":\"https:\\\/\\\/www.eldigitaldeasturias.com\\\/noticias\\\/teresa-ribera-se-avecina-un-invierno-complicado\\\/#breadcrumblist\",\"itemListElement\":[{\"@type\":\"ListItem\",\"@id\":\"https:\\\/\\\/www.eldigitaldeasturias.com\\\/noticias#listItem\",\"position\":1,\"name\":\"Home\",\"item\":\"https:\\\/\\\/www.eldigitaldeasturias.com\\\/noticias\",\"nextItem\":{\"@type\":\"ListItem\",\"@id\":\"https:\\\/\\\/www.eldigitaldeasturias.com\\\/noticias\\\/category\\\/economia\\\/#listItem\",\"name\":\"Econom\\u00eda\"}},{\"@type\":\"ListItem\",\"@id\":\"https:\\\/\\\/www.eldigitaldeasturias.com\\\/noticias\\\/category\\\/economia\\\/#listItem\",\"position\":2,\"name\":\"Econom\\u00eda\",\"item\":\"https:\\\/\\\/www.eldigitaldeasturias.com\\\/noticias\\\/category\\\/economia\\\/\",\"nextItem\":{\"@type\":\"ListItem\",\"@id\":\"https:\\\/\\\/www.eldigitaldeasturias.com\\\/noticias\\\/teresa-ribera-se-avecina-un-invierno-complicado\\\/#listItem\",\"name\":\"Teresa Ribera: Se avecina un \\u00abinvierno complicado\\u00bb\"},\"previousItem\":{\"@type\":\"ListItem\",\"@id\":\"https:\\\/\\\/www.eldigitaldeasturias.com\\\/noticias#listItem\",\"name\":\"Home\"}},{\"@type\":\"ListItem\",\"@id\":\"https:\\\/\\\/www.eldigitaldeasturias.com\\\/noticias\\\/teresa-ribera-se-avecina-un-invierno-complicado\\\/#listItem\",\"position\":3,\"name\":\"Teresa Ribera: Se avecina un \\u00abinvierno complicado\\u00bb\",\"previousItem\":{\"@type\":\"ListItem\",\"@id\":\"https:\\\/\\\/www.eldigitaldeasturias.com\\\/noticias\\\/category\\\/economia\\\/#listItem\",\"name\":\"Econom\\u00eda\"}}]},{\"@type\":\"Organization\",\"@id\":\"https:\\\/\\\/www.eldigitaldeasturias.com\\\/noticias\\\/#organization\",\"name\":\"El Digital de Asturias\",\"description\":\"Hemeroteca\",\"url\":\"https:\\\/\\\/www.eldigitaldeasturias.com\\\/noticias\\\/\",\"email\":\"info@eldigitaldeasturias.com\",\"telephone\":\"+34652131393\",\"logo\":{\"@type\":\"ImageObject\",\"url\":\"https:\\\/\\\/www.eldigitaldeasturias.com\\\/noticias\\\/wp-content\\\/uploads\\\/2020\\\/12\\\/EDA.jpg\",\"@id\":\"https:\\\/\\\/www.eldigitaldeasturias.com\\\/noticias\\\/teresa-ribera-se-avecina-un-invierno-complicado\\\/#organizationLogo\",\"width\":649,\"height\":297},\"image\":{\"@id\":\"https:\\\/\\\/www.eldigitaldeasturias.com\\\/noticias\\\/teresa-ribera-se-avecina-un-invierno-complicado\\\/#organizationLogo\"},\"sameAs\":[\"https:\\\/\\\/facebook.com\\\/eldigitaldeasturias\",\"https:\\\/\\\/www.youtube.com\\\/channel\\\/UCZP-2wLEB9Rv6erhFmqVnvg\"],\"address\":{\"@id\":\"https:\\\/\\\/www.eldigitaldeasturias.com\\\/noticias\\\/#postaladdress\",\"@type\":\"PostalAddress\",\"streetAddress\":\"san antonio 4,\",\"postalCode\":\"33430\",\"addressLocality\":\"Cand\\u00e1s\",\"addressRegion\":\"Asturias\",\"addressCountry\":\"ES\"}},{\"@type\":\"Person\",\"@id\":\"https:\\\/\\\/www.eldigitaldeasturias.com\\\/noticias\\\/author\\\/admin\\\/#author\",\"url\":\"https:\\\/\\\/www.eldigitaldeasturias.com\\\/noticias\\\/author\\\/admin\\\/\",\"name\":\"El Digital de Asturias\",\"image\":{\"@type\":\"ImageObject\",\"@id\":\"https:\\\/\\\/www.eldigitaldeasturias.com\\\/noticias\\\/teresa-ribera-se-avecina-un-invierno-complicado\\\/#authorImage\",\"url\":\"https:\\\/\\\/www.eldigitaldeasturias.com\\\/noticias\\\/wp-content\\\/litespeed\\\/avatar\\\/18677e78aa0546b92d9dbf31ec7d7668.jpg?ver=1776685526\",\"width\":96,\"height\":96,\"caption\":\"El Digital de Asturias\"}},{\"@type\":\"WebPage\",\"@id\":\"https:\\\/\\\/www.eldigitaldeasturias.com\\\/noticias\\\/teresa-ribera-se-avecina-un-invierno-complicado\\\/#webpage\",\"url\":\"https:\\\/\\\/www.eldigitaldeasturias.com\\\/noticias\\\/teresa-ribera-se-avecina-un-invierno-complicado\\\/\",\"name\":\"Teresa Ribera: Se avecina un \\u00abinvierno complicado\\u00bb - El Digital de Asturias\",\"description\":\"(EP) - La vicepresidenta para la Transici\\u00f3n Ecol\\u00f3gica, Teresa Ribera, ha afirmado en los pasillos del Congreso que se avecina un \\\"invierno complicado\\\"\",\"inLanguage\":\"es-ES\",\"isPartOf\":{\"@id\":\"https:\\\/\\\/www.eldigitaldeasturias.com\\\/noticias\\\/#website\"},\"breadcrumb\":{\"@id\":\"https:\\\/\\\/www.eldigitaldeasturias.com\\\/noticias\\\/teresa-ribera-se-avecina-un-invierno-complicado\\\/#breadcrumblist\"},\"author\":{\"@id\":\"https:\\\/\\\/www.eldigitaldeasturias.com\\\/noticias\\\/author\\\/admin\\\/#author\"},\"creator\":{\"@id\":\"https:\\\/\\\/www.eldigitaldeasturias.com\\\/noticias\\\/author\\\/admin\\\/#author\"},\"image\":{\"@type\":\"ImageObject\",\"url\":\"https:\\\/\\\/www.eldigitaldeasturias.com\\\/noticias\\\/wp-content\\\/uploads\\\/2021\\\/01\\\/economia.jpg\",\"@id\":\"https:\\\/\\\/www.eldigitaldeasturias.com\\\/noticias\\\/teresa-ribera-se-avecina-un-invierno-complicado\\\/#mainImage\",\"width\":753,\"height\":536,\"caption\":\"econom\\u00eda\"},\"primaryImageOfPage\":{\"@id\":\"https:\\\/\\\/www.eldigitaldeasturias.com\\\/noticias\\\/teresa-ribera-se-avecina-un-invierno-complicado\\\/#mainImage\"},\"datePublished\":\"2022-09-24T14:47:14+02:00\",\"dateModified\":\"2022-09-24T14:47:14+02:00\"},{\"@type\":\"WebSite\",\"@id\":\"https:\\\/\\\/www.eldigitaldeasturias.com\\\/noticias\\\/#website\",\"url\":\"https:\\\/\\\/www.eldigitaldeasturias.com\\\/noticias\\\/\",\"name\":\"El Digital de Asturias - Diario de actualidad y noticias\",\"alternateName\":\"El Digital de Asturias - Diario de actualidad y noticias\",\"description\":\"Hemeroteca\",\"inLanguage\":\"es-ES\",\"publisher\":{\"@id\":\"https:\\\/\\\/www.eldigitaldeasturias.com\\\/noticias\\\/#organization\"}}]}\n\t\t<\/script>\n\t\t<!-- All in One SEO Pro -->\r\n\t\t<title>Teresa Ribera: Se avecina un \u00abinvierno complicado\u00bb - El Digital de Asturias<\/title>\n\n","aioseo_head_json":{"title":"Teresa Ribera: Se avecina un \u00abinvierno complicado\u00bb - El Digital de Asturias","description":"(EP) - La vicepresidenta para la Transici\u00f3n Ecol\u00f3gica, Teresa Ribera, ha afirmado en los pasillos del Congreso que se avecina un \"invierno complicado\"","canonical_url":"https:\/\/www.eldigitaldeasturias.com\/noticias\/teresa-ribera-se-avecina-un-invierno-complicado\/","robots":"max-image-preview:large","keywords":"econom\u00eda","webmasterTools":{"google-site-verification":"UA-38556648-1","msvalidate.01":"7dfe9f3f1b24437ab69f4f2559babe99","miscellaneous":""},"schema":{"@context":"https:\/\/schema.org","@graph":[{"@type":"BlogPosting","@id":"https:\/\/www.eldigitaldeasturias.com\/noticias\/teresa-ribera-se-avecina-un-invierno-complicado\/#blogposting","name":"Teresa Ribera: Se avecina un \u00abinvierno complicado\u00bb - El Digital de Asturias","headline":"Teresa Ribera: Se avecina un \u00abinvierno complicado\u00bb","author":{"@id":"https:\/\/www.eldigitaldeasturias.com\/noticias\/author\/admin\/#author"},"publisher":{"@id":"https:\/\/www.eldigitaldeasturias.com\/noticias\/#organization"},"image":{"@type":"ImageObject","url":"https:\/\/www.eldigitaldeasturias.com\/noticias\/wp-content\/uploads\/2021\/01\/economia.jpg","width":753,"height":536,"caption":"econom\u00eda"},"datePublished":"2022-09-24T14:47:14+02:00","dateModified":"2022-09-24T14:47:14+02:00","inLanguage":"es-ES","mainEntityOfPage":{"@id":"https:\/\/www.eldigitaldeasturias.com\/noticias\/teresa-ribera-se-avecina-un-invierno-complicado\/#webpage"},"isPartOf":{"@id":"https:\/\/www.eldigitaldeasturias.com\/noticias\/teresa-ribera-se-avecina-un-invierno-complicado\/#webpage"},"articleSection":"Econom\u00eda"},{"@type":"BreadcrumbList","@id":"https:\/\/www.eldigitaldeasturias.com\/noticias\/teresa-ribera-se-avecina-un-invierno-complicado\/#breadcrumblist","itemListElement":[{"@type":"ListItem","@id":"https:\/\/www.eldigitaldeasturias.com\/noticias#listItem","position":1,"name":"Home","item":"https:\/\/www.eldigitaldeasturias.com\/noticias","nextItem":{"@type":"ListItem","@id":"https:\/\/www.eldigitaldeasturias.com\/noticias\/category\/economia\/#listItem","name":"Econom\u00eda"}},{"@type":"ListItem","@id":"https:\/\/www.eldigitaldeasturias.com\/noticias\/category\/economia\/#listItem","position":2,"name":"Econom\u00eda","item":"https:\/\/www.eldigitaldeasturias.com\/noticias\/category\/economia\/","nextItem":{"@type":"ListItem","@id":"https:\/\/www.eldigitaldeasturias.com\/noticias\/teresa-ribera-se-avecina-un-invierno-complicado\/#listItem","name":"Teresa Ribera: Se avecina un \u00abinvierno complicado\u00bb"},"previousItem":{"@type":"ListItem","@id":"https:\/\/www.eldigitaldeasturias.com\/noticias#listItem","name":"Home"}},{"@type":"ListItem","@id":"https:\/\/www.eldigitaldeasturias.com\/noticias\/teresa-ribera-se-avecina-un-invierno-complicado\/#listItem","position":3,"name":"Teresa Ribera: Se avecina un \u00abinvierno complicado\u00bb","previousItem":{"@type":"ListItem","@id":"https:\/\/www.eldigitaldeasturias.com\/noticias\/category\/economia\/#listItem","name":"Econom\u00eda"}}]},{"@type":"Organization","@id":"https:\/\/www.eldigitaldeasturias.com\/noticias\/#organization","name":"El Digital de Asturias","description":"Hemeroteca","url":"https:\/\/www.eldigitaldeasturias.com\/noticias\/","email":"info@eldigitaldeasturias.com","telephone":"+34652131393","logo":{"@type":"ImageObject","url":"https:\/\/www.eldigitaldeasturias.com\/noticias\/wp-content\/uploads\/2020\/12\/EDA.jpg","@id":"https:\/\/www.eldigitaldeasturias.com\/noticias\/teresa-ribera-se-avecina-un-invierno-complicado\/#organizationLogo","width":649,"height":297},"image":{"@id":"https:\/\/www.eldigitaldeasturias.com\/noticias\/teresa-ribera-se-avecina-un-invierno-complicado\/#organizationLogo"},"sameAs":["https:\/\/facebook.com\/eldigitaldeasturias","https:\/\/www.youtube.com\/channel\/UCZP-2wLEB9Rv6erhFmqVnvg"],"address":{"@id":"https:\/\/www.eldigitaldeasturias.com\/noticias\/#postaladdress","@type":"PostalAddress","streetAddress":"san antonio 4,","postalCode":"33430","addressLocality":"Cand\u00e1s","addressRegion":"Asturias","addressCountry":"ES"}},{"@type":"Person","@id":"https:\/\/www.eldigitaldeasturias.com\/noticias\/author\/admin\/#author","url":"https:\/\/www.eldigitaldeasturias.com\/noticias\/author\/admin\/","name":"El Digital de Asturias","image":{"@type":"ImageObject","@id":"https:\/\/www.eldigitaldeasturias.com\/noticias\/teresa-ribera-se-avecina-un-invierno-complicado\/#authorImage","url":"https:\/\/www.eldigitaldeasturias.com\/noticias\/wp-content\/litespeed\/avatar\/18677e78aa0546b92d9dbf31ec7d7668.jpg?ver=1776685526","width":96,"height":96,"caption":"El Digital de Asturias"}},{"@type":"WebPage","@id":"https:\/\/www.eldigitaldeasturias.com\/noticias\/teresa-ribera-se-avecina-un-invierno-complicado\/#webpage","url":"https:\/\/www.eldigitaldeasturias.com\/noticias\/teresa-ribera-se-avecina-un-invierno-complicado\/","name":"Teresa Ribera: Se avecina un \u00abinvierno complicado\u00bb - El Digital de Asturias","description":"(EP) - La vicepresidenta para la Transici\u00f3n Ecol\u00f3gica, Teresa Ribera, ha afirmado en los pasillos del Congreso que se avecina un \"invierno complicado\"","inLanguage":"es-ES","isPartOf":{"@id":"https:\/\/www.eldigitaldeasturias.com\/noticias\/#website"},"breadcrumb":{"@id":"https:\/\/www.eldigitaldeasturias.com\/noticias\/teresa-ribera-se-avecina-un-invierno-complicado\/#breadcrumblist"},"author":{"@id":"https:\/\/www.eldigitaldeasturias.com\/noticias\/author\/admin\/#author"},"creator":{"@id":"https:\/\/www.eldigitaldeasturias.com\/noticias\/author\/admin\/#author"},"image":{"@type":"ImageObject","url":"https:\/\/www.eldigitaldeasturias.com\/noticias\/wp-content\/uploads\/2021\/01\/economia.jpg","@id":"https:\/\/www.eldigitaldeasturias.com\/noticias\/teresa-ribera-se-avecina-un-invierno-complicado\/#mainImage","width":753,"height":536,"caption":"econom\u00eda"},"primaryImageOfPage":{"@id":"https:\/\/www.eldigitaldeasturias.com\/noticias\/teresa-ribera-se-avecina-un-invierno-complicado\/#mainImage"},"datePublished":"2022-09-24T14:47:14+02:00","dateModified":"2022-09-24T14:47:14+02:00"},{"@type":"WebSite","@id":"https:\/\/www.eldigitaldeasturias.com\/noticias\/#website","url":"https:\/\/www.eldigitaldeasturias.com\/noticias\/","name":"El Digital de Asturias - Diario de actualidad y noticias","alternateName":"El Digital de Asturias - Diario de actualidad y noticias","description":"Hemeroteca","inLanguage":"es-ES","publisher":{"@id":"https:\/\/www.eldigitaldeasturias.com\/noticias\/#organization"}}]},"og:locale":"es_ES","og:site_name":"El Digital de Asturias","og:type":"article","og:title":"Teresa Ribera: Se avecina un \u00abinvierno complicado\u00bb - El Digital de Asturias","og:description":"(EP) - La vicepresidenta para la Transici\u00f3n Ecol\u00f3gica, Teresa Ribera, ha afirmado en los pasillos del Congreso que se avecina un &quot;invierno complicado&quot;","og:url":"https:\/\/www.eldigitaldeasturias.com\/noticias\/teresa-ribera-se-avecina-un-invierno-complicado\/","og:image":"https:\/\/www.eldigitaldeasturias.com\/noticias\/wp-content\/uploads\/2021\/01\/economia.jpg","og:image:secure_url":"https:\/\/www.eldigitaldeasturias.com\/noticias\/wp-content\/uploads\/2021\/01\/economia.jpg","og:image:width":753,"og:image:height":536,"article:tag":["econom\u00eda"],"article:published_time":"2022-09-24T12:47:14+00:00","article:modified_time":"2022-09-24T12:47:14+00:00","article:publisher":"https:\/\/facebook.com\/eldigitaldeasturias","twitter:card":"summary_large_image","twitter:title":"Teresa Ribera: Se avecina un \u00abinvierno complicado\u00bb - El Digital de Asturias","twitter:description":"(EP) - La vicepresidenta para la Transici\u00f3n Ecol\u00f3gica, Teresa Ribera, ha afirmado en los pasillos del Congreso que se avecina un &quot;invierno complicado&quot;","twitter:image":"https:\/\/www.eldigitaldeasturias.com\/noticias\/wp-content\/uploads\/2021\/01\/economia.jpg","twitter:label1":"Escrito por","twitter:data1":"El Digital de Asturias","twitter:label2":"Tiempo de lectura estimado","twitter:data2":"2 minutos"},"aioseo_meta_data":{"post_id":"1117001","title":null,"description":"(EP) - La vicepresidenta para la Transici\u00f3n Ecol\u00f3gica, Teresa Ribera, ha afirmado en los pasillos del Congreso que se avecina un \"invierno complicado\"","keywords":[],"keyphrases":{"focus":{"keyphrase":"Ribera","score":73,"analysis":{"keyphraseInTitle":{"title":"Focus keyphrase in SEO title","description":"Focus keyphrase found in SEO title.","score":9,"maxScore":9,"error":0},"keyphraseInDescription":{"title":"Focus keyphrase in meta description","description":"Focus keyphrase found in meta description.","score":9,"maxScore":9,"error":0},"keyphraseLength":{"title":"Focus keyphrase length","description":"Good job!","score":9,"maxScore":9,"error":0,"length":1},"keyphraseInURL":{"title":"Focus keyphrase in URL","description":"Focus keyphrase not found in the URL.","score":1,"maxScore":5,"error":1},"keyphraseInIntroduction":{"title":"Focus keyphrase in introduction","description":"Your Focus keyphrase appears in the first paragraph. Well done!","score":9,"maxScore":9,"error":0},"keyphraseInSubHeadings":{"title":"Focus keyphrase in Subheadings","description":"Use your focus keyphrase more in your H2 and H3 subheadings.","score":3,"maxScore":9,"error":1},"keyphraseInImageAlt":{"title":"Focus keyphrase in image alt attributes","description":"Focus keyphrase not found in image alt attribute(s). Add an image with your Focus keyphrase as alt text.","score":3,"maxScore":9,"error":1}}},"additional":[{"keyphrase":"\"invierno complicado\"","score":83,"analysis":{"keyphraseInDescription":{"title":"Keyphrase in meta description","description":"Keyphrase found in meta description.","score":9,"maxScore":9,"error":0},"keyphraseLength":{"title":"Keyphrase length","description":"Good job!","score":9,"maxScore":9,"error":0,"length":2},"keyphraseInIntroduction":{"title":"Keyphrase in introduction","description":"Your Keyphrase appears in the first paragraph. Well done!","score":9,"maxScore":9,"error":0},"keyphraseInImageAlt":{"title":"Keyphrase in image alt attributes","description":"Keyphrase not found in image alt attribute(s). Add an image with your Keyphrase as alt text.","score":3,"maxScore":9,"error":1}}}]},"primary_term":null,"canonical_url":null,"og_title":null,"og_description":null,"og_object_type":"default","og_image_type":"default","og_image_url":null,"og_image_width":null,"og_image_height":null,"og_image_custom_url":null,"og_image_custom_fields":null,"og_video":"","og_custom_url":null,"og_article_section":null,"og_article_tags":[],"twitter_use_og":false,"twitter_card":"default","twitter_image_type":"default","twitter_image_url":null,"twitter_image_custom_url":null,"twitter_image_custom_fields":null,"twitter_title":null,"twitter_description":null,"schema":{"blockGraphs":[],"customGraphs":[],"default":{"data":{"Article":[],"Course":[],"Dataset":[],"FAQPage":[],"Movie":[],"Person":[],"Product":[],"ProductReview":[],"Car":[],"Recipe":[],"Service":[],"SoftwareApplication":[],"WebPage":[]},"graphName":"","isEnabled":true},"graphs":[]},"schema_type":"default","schema_type_options":null,"pillar_content":false,"robots_default":true,"robots_noindex":false,"robots_noarchive":false,"robots_nosnippet":false,"robots_nofollow":false,"robots_noimageindex":false,"robots_noodp":false,"robots_notranslate":false,"robots_max_snippet":"-1","robots_max_videopreview":"-1","robots_max_imagepreview":"large","priority":null,"frequency":"default","local_seo":null,"seo_analyzer_scan_date":"2025-10-03 21:20:43","breadcrumb_settings":null,"limit_modified_date":false,"open_ai":null,"ai":null,"created":"2022-09-24 12:41:35","updated":"2025-10-03 21:20:43"},"aioseo_breadcrumb":"<div class=\"aioseo-breadcrumbs\"><span class=\"aioseo-breadcrumb\">\n\t<a href=\"https:\/\/www.eldigitaldeasturias.com\/noticias\" title=\"Home\">Home<\/a>\n<\/span><span class=\"aioseo-breadcrumb-separator\">\u2013<\/span><span class=\"aioseo-breadcrumb\">\n\t<a href=\"https:\/\/www.eldigitaldeasturias.com\/noticias\/category\/economia\/\" title=\"Econom\u00eda\">Econom\u00eda<\/a>\n<\/span><span class=\"aioseo-breadcrumb-separator\">\u2013<\/span><span class=\"aioseo-breadcrumb\">\n\t<a href=\"https:\/\/www.eldigitaldeasturias.com\/noticias\/teresa-ribera-se-avecina-un-invierno-complicado\/\" title=\"Teresa Ribera: Se avecina un \u00abinvierno complicado\u00bb\">Teresa Ribera: Se avecina un \u00abinvierno complicado\u00bb<\/a>\n<\/span><\/div>","aioseo_breadcrumb_json":[{"label":"Home","link":"https:\/\/www.eldigitaldeasturias.com\/noticias"},{"label":"Econom\u00eda","link":"https:\/\/www.eldigitaldeasturias.com\/noticias\/category\/economia\/"},{"label":"Teresa Ribera: Se avecina un \u00abinvierno complicado\u00bb","link":"https:\/\/www.eldigitaldeasturias.com\/noticias\/teresa-ribera-se-avecina-un-invierno-complicado\/"}],"_links":{"self":[{"href":"https:\/\/www.eldigitaldeasturias.com\/noticias\/wp-json\/wp\/v2\/posts\/1117001","targetHints":{"allow":["GET"]}}],"collection":[{"href":"https:\/\/www.eldigitaldeasturias.com\/noticias\/wp-json\/wp\/v2\/posts"}],"about":[{"href":"https:\/\/www.eldigitaldeasturias.com\/noticias\/wp-json\/wp\/v2\/types\/post"}],"author":[{"embeddable":true,"href":"https:\/\/www.eldigitaldeasturias.com\/noticias\/wp-json\/wp\/v2\/users\/1"}],"replies":[{"embeddable":true,"href":"https:\/\/www.eldigitaldeasturias.com\/noticias\/wp-json\/wp\/v2\/comments?post=1117001"}],"version-history":[{"count":0,"href":"https:\/\/www.eldigitaldeasturias.com\/noticias\/wp-json\/wp\/v2\/posts\/1117001\/revisions"}],"wp:featuredmedia":[{"embeddable":true,"href":"https:\/\/www.eldigitaldeasturias.com\/noticias\/wp-json\/wp\/v2\/media\/1085055"}],"wp:attachment":[{"href":"https:\/\/www.eldigitaldeasturias.com\/noticias\/wp-json\/wp\/v2\/media?parent=1117001"}],"wp:term":[{"taxonomy":"category","embeddable":true,"href":"https:\/\/www.eldigitaldeasturias.com\/noticias\/wp-json\/wp\/v2\/categories?post=1117001"},{"taxonomy":"post_tag","embeddable":true,"href":"https:\/\/www.eldigitaldeasturias.com\/noticias\/wp-json\/wp\/v2\/tags?post=1117001"}],"curies":[{"name":"wp","href":"https:\/\/api.w.org\/{rel}","templated":true}]}}