{"id":1116939,"date":"2022-09-23T09:28:13","date_gmt":"2022-09-23T07:28:13","guid":{"rendered":"https:\/\/www.eldigitaldeasturias.com\/noticias\/?p=1116939"},"modified":"2022-09-23T09:28:13","modified_gmt":"2022-09-23T07:28:13","slug":"semirremolques-maquinaria-montada-en-tractor","status":"publish","type":"post","link":"https:\/\/www.eldigitaldeasturias.com\/noticias\/semirremolques-maquinaria-montada-en-tractor\/","title":{"rendered":"Semirremolques &#8211; maquinaria montada en tractor"},"content":{"rendered":"<p>Un semirremolque es un tipo de remolque que se apoya en un tractor con su parte delantera. Es un veh\u00edculo que se utiliza activamente para el transporte por carretera. Se requiere cierta experiencia y habilidad para engancharlo al veh\u00edculo conductor. Los veh\u00edculos se conectan a trav\u00e9s de un accesorio especial llamado pivote.<\/p>\n<p><img loading=\"lazy\" decoding=\"async\" class=\"aligncenter wp-image-1116940 size-full\" src=\"https:\/\/www.eldigitaldeasturias.com\/noticias\/wp-content\/uploads\/2022\/09\/Semirremolques.jpg\" alt=\"Semirremolques\" width=\"640\" height=\"480\" srcset=\"https:\/\/www.eldigitaldeasturias.com\/noticias\/wp-content\/uploads\/2022\/09\/Semirremolques.jpg 640w, https:\/\/www.eldigitaldeasturias.com\/noticias\/wp-content\/uploads\/2022\/09\/Semirremolques-360x270.jpg 360w, https:\/\/www.eldigitaldeasturias.com\/noticias\/wp-content\/uploads\/2022\/09\/Semirremolques-400x300.jpg 400w, https:\/\/www.eldigitaldeasturias.com\/noticias\/wp-content\/uploads\/2022\/09\/Semirremolques-150x113.jpg 150w, https:\/\/www.eldigitaldeasturias.com\/noticias\/wp-content\/uploads\/2022\/09\/Semirremolques-450x338.jpg 450w\" sizes=\"auto, (max-width: 640px) 100vw, 640px\" \/><\/p>\n<h2>Ventajas, desventajas y clasificaci\u00f3n de los semirremolques<\/h2>\n<p>Los <span style=\"color: #ff6600;\"><a style=\"color: #ff6600;\" href=\"https:\/\/autoline.es\/-\/semirremolques--c43\" target=\"_blank\" rel=\"noopener\">semirremolques<\/a><\/span> tienen muchas cualidades positivas:<\/p>\n<ol>\n<li>Provisto de una conexi\u00f3n m\u00e1s r\u00edgida con el veh\u00edculo tractor, que garantiza la maniobrabilidad cuando est\u00e1 vac\u00edo o cargado.<\/li>\n<li>Transporte seguro. Garantizado por las caracter\u00edsticas de dise\u00f1o del equipo.<\/li>\n<li>Econ\u00f3mico. La alta carga \u00fatil combinada con un \u00f3ptimo consumo de combustible.<\/li>\n<li>Amplia gama de modificaciones. Puede elegir el modelo m\u00e1s ventajoso en funci\u00f3n de las caracter\u00edsticas de la carga a transportar en una distancia determinada.<\/li>\n<\/ol>\n<p>Una desventaja de los semirremolques es que son dif\u00edciles de reparar y mantener.<\/p>\n<p>Los semirremolques se dividen generalmente en varios grandes subgrupos:<\/p>\n<ol>\n<li>Cargadores altos. La plataforma de carga alta est\u00e1 situada a una altura relativamente elevada con respecto a la superficie de la carretera, lo que permite a la m\u00e1quina atravesar terrenos dif\u00edciles sin dificultad.<\/li>\n<li>Cargadores bajos. Se utiliza para el transporte de cargas voluminosas y peque\u00f1as.<\/li>\n<li>Camas planas. Se utiliza para el transporte de materiales largos y enrollados. Tambi\u00e9n es adecuado para colocar productos met\u00e1licos laminados, materiales de construcci\u00f3n y tuber\u00edas.<\/li>\n<li>Dise\u00f1ado para el transporte de madera, incluso a trav\u00e9s de lugares y caminos dif\u00edciles.<\/li>\n<li>Camiones basculantes. Adecuado para el transporte de mercanc\u00edas a granel que no se ven afectadas por las condiciones ambientales cambiantes<\/li>\n<li>Proporciona una plataforma para transportar diversos equipos.<\/li>\n<\/ol>\n<h2>Caracter\u00edsticas t\u00e9cnicas y caracter\u00edsticas de la elecci\u00f3n de semirremolques<\/h2>\n<p>La capacidad de carga del semirremolque depende del tipo y n\u00famero de ejes. En los veh\u00edculos de bastidor alto esta cifra es de 120 toneladas, en los de bastidor bajo es de 100 toneladas, en los veh\u00edculos de plataforma 50 toneladas, en los vagones de madera 35 toneladas. Estos veh\u00edculos est\u00e1n equipados con 2 a 7 ejes.<\/p>\n<p>Las dimensiones de los veh\u00edculos pueden ser est\u00e1ndar o diferentes, si se hacen para satisfacer las necesidades de un cliente espec\u00edfico. La longitud de la plataforma de trabajo es de 7-21 m y la anchura de 2,5-3,5 m.<\/p>\n<p>Para reducir el peso en orden de marcha de la m\u00e1quina y aumentar as\u00ed su carga \u00fatil, se emplean algunas soluciones de dise\u00f1o. Por ejemplo, se utilizan materiales compuestos para las superestructuras del bastidor y se aumenta el n\u00famero de ejes.<\/p>\n<p>A la hora de elegir un semirremolque, hay que tener en cuenta lo siguiente:<\/p>\n<ul>\n<li>capacidad de elevaci\u00f3n de la m\u00e1quina;<\/li>\n<li>vida \u00fatil requerida;<\/li>\n<li>caracter\u00edsticas de dise\u00f1o del bastidor y n\u00famero de refuerzos laterales;<\/li>\n<li>tipo de suspensi\u00f3n (muelle, aire, arn\u00e9s);<\/li>\n<li>n\u00famero de ejes;<\/li>\n<li>caracter\u00edsticas del sistema de frenado.<\/li>\n<\/ul>\n<p>A la hora de comprar un semirremolque, hay que fijarse no s\u00f3lo en su precio y en la fiabilidad de la empresa fabricante, sino tambi\u00e9n en la comodidad de la operaci\u00f3n posterior.<\/p>\n<p>Hay que tener en cuenta si el material transportado puede cargarse y descargarse desde diferentes lados, incluso desde arriba, el grado de protecci\u00f3n de la carga contra las condiciones clim\u00e1ticas adversas y los robos.<\/p>\n<p>Para una conducci\u00f3n segura, es importante que la m\u00e1quina disponga de sistemas ABS y de estabilidad. El cableado el\u00e9ctrico debe estar bien protegido contra la humedad o las chispas accidentales.<\/p>\n","protected":false},"excerpt":{"rendered":"<p>Un semirremolque es un tipo de remolque que se apoya en un tractor con su parte delantera. Es un veh\u00edculo que se utiliza activamente para el transporte por carretera. Se requiere cierta experiencia y habilidad para engancharlo al veh\u00edculo conductor. Los veh\u00edculos se conectan a trav\u00e9s de un accesorio especial llamado pivote. Ventajas, desventajas y [&hellip;]<\/p>\n","protected":false},"author":1,"featured_media":1116940,"comment_status":"closed","ping_status":"closed","sticky":false,"template":"","format":"standard","meta":{"footnotes":""},"categories":[219],"tags":[],"class_list":["post-1116939","post","type-post","status-publish","format-standard","has-post-thumbnail","hentry","category-negocios-y-empresas"],"aioseo_notices":[],"aioseo_head":"\n\t\t<!-- All in One SEO Pro 4.9.6.2 - aioseo.com -->\n\t<meta name=\"description\" content=\"Un semirremolque es un tipo de remolque que se apoya en un tractor con su parte delantera. Es un veh\u00edculo que se utiliza activamente para el transporte\" \/>\n\t<meta name=\"robots\" content=\"max-image-preview:large\" \/>\n\t<meta name=\"author\" content=\"El Digital de Asturias\"\/>\n\t<meta name=\"google-site-verification\" content=\"UA-38556648-1\" \/>\n\t<meta name=\"msvalidate.01\" content=\"7dfe9f3f1b24437ab69f4f2559babe99\" \/>\n\t<meta name=\"keywords\" content=\"negocios y empresas\" \/>\n\t<link rel=\"canonical\" href=\"https:\/\/www.eldigitaldeasturias.com\/noticias\/semirremolques-maquinaria-montada-en-tractor\/\" \/>\n\t<meta name=\"generator\" content=\"All in One SEO Pro (AIOSEO) 4.9.6.2\" \/>\n\t\t<meta property=\"og:locale\" content=\"es_ES\" \/>\n\t\t<meta property=\"og:site_name\" content=\"El Digital de Asturias\" \/>\n\t\t<meta property=\"og:type\" content=\"article\" \/>\n\t\t<meta property=\"og:title\" content=\"Semirremolques \u2013 maquinaria montada en tractor - El Digital de Asturias\" \/>\n\t\t<meta property=\"og:description\" content=\"Un semirremolque es un tipo de remolque que se apoya en un tractor con su parte delantera. Es un veh\u00edculo que se utiliza activamente para el transporte\" \/>\n\t\t<meta property=\"og:url\" content=\"https:\/\/www.eldigitaldeasturias.com\/noticias\/semirremolques-maquinaria-montada-en-tractor\/\" \/>\n\t\t<meta property=\"og:image\" content=\"https:\/\/www.eldigitaldeasturias.com\/noticias\/wp-content\/uploads\/2022\/09\/Semirremolques.jpg\" \/>\n\t\t<meta property=\"og:image:secure_url\" content=\"https:\/\/www.eldigitaldeasturias.com\/noticias\/wp-content\/uploads\/2022\/09\/Semirremolques.jpg\" \/>\n\t\t<meta property=\"og:image:width\" content=\"640\" \/>\n\t\t<meta property=\"og:image:height\" content=\"480\" \/>\n\t\t<meta property=\"article:tag\" content=\"negocios y empresas\" \/>\n\t\t<meta property=\"article:published_time\" content=\"2022-09-23T07:28:13+00:00\" \/>\n\t\t<meta property=\"article:modified_time\" content=\"2022-09-23T07:28:13+00:00\" \/>\n\t\t<meta property=\"article:publisher\" content=\"https:\/\/facebook.com\/eldigitaldeasturias\" \/>\n\t\t<meta name=\"twitter:card\" content=\"summary_large_image\" \/>\n\t\t<meta name=\"twitter:title\" content=\"Semirremolques \u2013 maquinaria montada en tractor - El Digital de Asturias\" \/>\n\t\t<meta name=\"twitter:description\" content=\"Un semirremolque es un tipo de remolque que se apoya en un tractor con su parte delantera. Es un veh\u00edculo que se utiliza activamente para el transporte\" \/>\n\t\t<meta name=\"twitter:image\" content=\"https:\/\/www.eldigitaldeasturias.com\/noticias\/wp-content\/uploads\/2022\/09\/Semirremolques.jpg\" \/>\n\t\t<meta name=\"twitter:label1\" content=\"Escrito por\" \/>\n\t\t<meta name=\"twitter:data1\" content=\"El Digital de Asturias\" \/>\n\t\t<meta name=\"twitter:label2\" content=\"Tiempo de lectura estimado\" \/>\n\t\t<meta name=\"twitter:data2\" content=\"3 minutos\" \/>\n\t\t<script type=\"application\/ld+json\" class=\"aioseo-schema\">\n\t\t\t{\"@context\":\"https:\\\/\\\/schema.org\",\"@graph\":[{\"@type\":\"BlogPosting\",\"@id\":\"https:\\\/\\\/www.eldigitaldeasturias.com\\\/noticias\\\/semirremolques-maquinaria-montada-en-tractor\\\/#blogposting\",\"name\":\"Semirremolques \\u2013 maquinaria montada en tractor - El Digital de Asturias\",\"headline\":\"Semirremolques &#8211; maquinaria montada en tractor\",\"author\":{\"@id\":\"https:\\\/\\\/www.eldigitaldeasturias.com\\\/noticias\\\/author\\\/admin\\\/#author\"},\"publisher\":{\"@id\":\"https:\\\/\\\/www.eldigitaldeasturias.com\\\/noticias\\\/#organization\"},\"image\":{\"@type\":\"ImageObject\",\"url\":\"https:\\\/\\\/www.eldigitaldeasturias.com\\\/noticias\\\/wp-content\\\/uploads\\\/2022\\\/09\\\/Semirremolques.jpg\",\"width\":640,\"height\":480,\"caption\":\"Semirremolques\"},\"datePublished\":\"2022-09-23T09:28:13+02:00\",\"dateModified\":\"2022-09-23T09:28:13+02:00\",\"inLanguage\":\"es-ES\",\"mainEntityOfPage\":{\"@id\":\"https:\\\/\\\/www.eldigitaldeasturias.com\\\/noticias\\\/semirremolques-maquinaria-montada-en-tractor\\\/#webpage\"},\"isPartOf\":{\"@id\":\"https:\\\/\\\/www.eldigitaldeasturias.com\\\/noticias\\\/semirremolques-maquinaria-montada-en-tractor\\\/#webpage\"},\"articleSection\":\"Negocios y Empresas\"},{\"@type\":\"BreadcrumbList\",\"@id\":\"https:\\\/\\\/www.eldigitaldeasturias.com\\\/noticias\\\/semirremolques-maquinaria-montada-en-tractor\\\/#breadcrumblist\",\"itemListElement\":[{\"@type\":\"ListItem\",\"@id\":\"https:\\\/\\\/www.eldigitaldeasturias.com\\\/noticias#listItem\",\"position\":1,\"name\":\"Home\",\"item\":\"https:\\\/\\\/www.eldigitaldeasturias.com\\\/noticias\",\"nextItem\":{\"@type\":\"ListItem\",\"@id\":\"https:\\\/\\\/www.eldigitaldeasturias.com\\\/noticias\\\/category\\\/negocios-y-empresas\\\/#listItem\",\"name\":\"Negocios y Empresas\"}},{\"@type\":\"ListItem\",\"@id\":\"https:\\\/\\\/www.eldigitaldeasturias.com\\\/noticias\\\/category\\\/negocios-y-empresas\\\/#listItem\",\"position\":2,\"name\":\"Negocios y Empresas\",\"item\":\"https:\\\/\\\/www.eldigitaldeasturias.com\\\/noticias\\\/category\\\/negocios-y-empresas\\\/\",\"nextItem\":{\"@type\":\"ListItem\",\"@id\":\"https:\\\/\\\/www.eldigitaldeasturias.com\\\/noticias\\\/semirremolques-maquinaria-montada-en-tractor\\\/#listItem\",\"name\":\"Semirremolques &#8211; maquinaria montada en tractor\"},\"previousItem\":{\"@type\":\"ListItem\",\"@id\":\"https:\\\/\\\/www.eldigitaldeasturias.com\\\/noticias#listItem\",\"name\":\"Home\"}},{\"@type\":\"ListItem\",\"@id\":\"https:\\\/\\\/www.eldigitaldeasturias.com\\\/noticias\\\/semirremolques-maquinaria-montada-en-tractor\\\/#listItem\",\"position\":3,\"name\":\"Semirremolques &#8211; maquinaria montada en tractor\",\"previousItem\":{\"@type\":\"ListItem\",\"@id\":\"https:\\\/\\\/www.eldigitaldeasturias.com\\\/noticias\\\/category\\\/negocios-y-empresas\\\/#listItem\",\"name\":\"Negocios y Empresas\"}}]},{\"@type\":\"Organization\",\"@id\":\"https:\\\/\\\/www.eldigitaldeasturias.com\\\/noticias\\\/#organization\",\"name\":\"El Digital de Asturias\",\"description\":\"Hemeroteca\",\"url\":\"https:\\\/\\\/www.eldigitaldeasturias.com\\\/noticias\\\/\",\"email\":\"info@eldigitaldeasturias.com\",\"telephone\":\"+34652131393\",\"logo\":{\"@type\":\"ImageObject\",\"url\":\"https:\\\/\\\/www.eldigitaldeasturias.com\\\/noticias\\\/wp-content\\\/uploads\\\/2020\\\/12\\\/EDA.jpg\",\"@id\":\"https:\\\/\\\/www.eldigitaldeasturias.com\\\/noticias\\\/semirremolques-maquinaria-montada-en-tractor\\\/#organizationLogo\",\"width\":649,\"height\":297},\"image\":{\"@id\":\"https:\\\/\\\/www.eldigitaldeasturias.com\\\/noticias\\\/semirremolques-maquinaria-montada-en-tractor\\\/#organizationLogo\"},\"sameAs\":[\"https:\\\/\\\/facebook.com\\\/eldigitaldeasturias\",\"https:\\\/\\\/www.youtube.com\\\/channel\\\/UCZP-2wLEB9Rv6erhFmqVnvg\"],\"address\":{\"@id\":\"https:\\\/\\\/www.eldigitaldeasturias.com\\\/noticias\\\/#postaladdress\",\"@type\":\"PostalAddress\",\"streetAddress\":\"san antonio 4,\",\"postalCode\":\"33430\",\"addressLocality\":\"Cand\\u00e1s\",\"addressRegion\":\"Asturias\",\"addressCountry\":\"ES\"}},{\"@type\":\"Person\",\"@id\":\"https:\\\/\\\/www.eldigitaldeasturias.com\\\/noticias\\\/author\\\/admin\\\/#author\",\"url\":\"https:\\\/\\\/www.eldigitaldeasturias.com\\\/noticias\\\/author\\\/admin\\\/\",\"name\":\"El Digital de Asturias\",\"image\":{\"@type\":\"ImageObject\",\"@id\":\"https:\\\/\\\/www.eldigitaldeasturias.com\\\/noticias\\\/semirremolques-maquinaria-montada-en-tractor\\\/#authorImage\",\"url\":\"https:\\\/\\\/www.eldigitaldeasturias.com\\\/noticias\\\/wp-content\\\/litespeed\\\/avatar\\\/18677e78aa0546b92d9dbf31ec7d7668.jpg?ver=1776685526\",\"width\":96,\"height\":96,\"caption\":\"El Digital de Asturias\"}},{\"@type\":\"WebPage\",\"@id\":\"https:\\\/\\\/www.eldigitaldeasturias.com\\\/noticias\\\/semirremolques-maquinaria-montada-en-tractor\\\/#webpage\",\"url\":\"https:\\\/\\\/www.eldigitaldeasturias.com\\\/noticias\\\/semirremolques-maquinaria-montada-en-tractor\\\/\",\"name\":\"Semirremolques \\u2013 maquinaria montada en tractor - El Digital de Asturias\",\"description\":\"Un semirremolque es un tipo de remolque que se apoya en un tractor con su parte delantera. Es un veh\\u00edculo que se utiliza activamente para el transporte\",\"inLanguage\":\"es-ES\",\"isPartOf\":{\"@id\":\"https:\\\/\\\/www.eldigitaldeasturias.com\\\/noticias\\\/#website\"},\"breadcrumb\":{\"@id\":\"https:\\\/\\\/www.eldigitaldeasturias.com\\\/noticias\\\/semirremolques-maquinaria-montada-en-tractor\\\/#breadcrumblist\"},\"author\":{\"@id\":\"https:\\\/\\\/www.eldigitaldeasturias.com\\\/noticias\\\/author\\\/admin\\\/#author\"},\"creator\":{\"@id\":\"https:\\\/\\\/www.eldigitaldeasturias.com\\\/noticias\\\/author\\\/admin\\\/#author\"},\"image\":{\"@type\":\"ImageObject\",\"url\":\"https:\\\/\\\/www.eldigitaldeasturias.com\\\/noticias\\\/wp-content\\\/uploads\\\/2022\\\/09\\\/Semirremolques.jpg\",\"@id\":\"https:\\\/\\\/www.eldigitaldeasturias.com\\\/noticias\\\/semirremolques-maquinaria-montada-en-tractor\\\/#mainImage\",\"width\":640,\"height\":480,\"caption\":\"Semirremolques\"},\"primaryImageOfPage\":{\"@id\":\"https:\\\/\\\/www.eldigitaldeasturias.com\\\/noticias\\\/semirremolques-maquinaria-montada-en-tractor\\\/#mainImage\"},\"datePublished\":\"2022-09-23T09:28:13+02:00\",\"dateModified\":\"2022-09-23T09:28:13+02:00\"},{\"@type\":\"WebSite\",\"@id\":\"https:\\\/\\\/www.eldigitaldeasturias.com\\\/noticias\\\/#website\",\"url\":\"https:\\\/\\\/www.eldigitaldeasturias.com\\\/noticias\\\/\",\"name\":\"El Digital de Asturias - Diario de actualidad y noticias\",\"alternateName\":\"El Digital de Asturias - Diario de actualidad y noticias\",\"description\":\"Hemeroteca\",\"inLanguage\":\"es-ES\",\"publisher\":{\"@id\":\"https:\\\/\\\/www.eldigitaldeasturias.com\\\/noticias\\\/#organization\"}}]}\n\t\t<\/script>\n\t\t<!-- All in One SEO Pro -->\r\n\t\t<title>Semirremolques \u2013 maquinaria montada en tractor - El Digital de Asturias<\/title>\n\n","aioseo_head_json":{"title":"Semirremolques \u2013 maquinaria montada en tractor - El Digital de Asturias","description":"Un semirremolque es un tipo de remolque que se apoya en un tractor con su parte delantera. Es un veh\u00edculo que se utiliza activamente para el transporte","canonical_url":"https:\/\/www.eldigitaldeasturias.com\/noticias\/semirremolques-maquinaria-montada-en-tractor\/","robots":"max-image-preview:large","keywords":"negocios y empresas","webmasterTools":{"google-site-verification":"UA-38556648-1","msvalidate.01":"7dfe9f3f1b24437ab69f4f2559babe99","miscellaneous":""},"schema":{"@context":"https:\/\/schema.org","@graph":[{"@type":"BlogPosting","@id":"https:\/\/www.eldigitaldeasturias.com\/noticias\/semirremolques-maquinaria-montada-en-tractor\/#blogposting","name":"Semirremolques \u2013 maquinaria montada en tractor - El Digital de Asturias","headline":"Semirremolques &#8211; maquinaria montada en tractor","author":{"@id":"https:\/\/www.eldigitaldeasturias.com\/noticias\/author\/admin\/#author"},"publisher":{"@id":"https:\/\/www.eldigitaldeasturias.com\/noticias\/#organization"},"image":{"@type":"ImageObject","url":"https:\/\/www.eldigitaldeasturias.com\/noticias\/wp-content\/uploads\/2022\/09\/Semirremolques.jpg","width":640,"height":480,"caption":"Semirremolques"},"datePublished":"2022-09-23T09:28:13+02:00","dateModified":"2022-09-23T09:28:13+02:00","inLanguage":"es-ES","mainEntityOfPage":{"@id":"https:\/\/www.eldigitaldeasturias.com\/noticias\/semirremolques-maquinaria-montada-en-tractor\/#webpage"},"isPartOf":{"@id":"https:\/\/www.eldigitaldeasturias.com\/noticias\/semirremolques-maquinaria-montada-en-tractor\/#webpage"},"articleSection":"Negocios y Empresas"},{"@type":"BreadcrumbList","@id":"https:\/\/www.eldigitaldeasturias.com\/noticias\/semirremolques-maquinaria-montada-en-tractor\/#breadcrumblist","itemListElement":[{"@type":"ListItem","@id":"https:\/\/www.eldigitaldeasturias.com\/noticias#listItem","position":1,"name":"Home","item":"https:\/\/www.eldigitaldeasturias.com\/noticias","nextItem":{"@type":"ListItem","@id":"https:\/\/www.eldigitaldeasturias.com\/noticias\/category\/negocios-y-empresas\/#listItem","name":"Negocios y Empresas"}},{"@type":"ListItem","@id":"https:\/\/www.eldigitaldeasturias.com\/noticias\/category\/negocios-y-empresas\/#listItem","position":2,"name":"Negocios y Empresas","item":"https:\/\/www.eldigitaldeasturias.com\/noticias\/category\/negocios-y-empresas\/","nextItem":{"@type":"ListItem","@id":"https:\/\/www.eldigitaldeasturias.com\/noticias\/semirremolques-maquinaria-montada-en-tractor\/#listItem","name":"Semirremolques &#8211; maquinaria montada en tractor"},"previousItem":{"@type":"ListItem","@id":"https:\/\/www.eldigitaldeasturias.com\/noticias#listItem","name":"Home"}},{"@type":"ListItem","@id":"https:\/\/www.eldigitaldeasturias.com\/noticias\/semirremolques-maquinaria-montada-en-tractor\/#listItem","position":3,"name":"Semirremolques &#8211; maquinaria montada en tractor","previousItem":{"@type":"ListItem","@id":"https:\/\/www.eldigitaldeasturias.com\/noticias\/category\/negocios-y-empresas\/#listItem","name":"Negocios y Empresas"}}]},{"@type":"Organization","@id":"https:\/\/www.eldigitaldeasturias.com\/noticias\/#organization","name":"El Digital de Asturias","description":"Hemeroteca","url":"https:\/\/www.eldigitaldeasturias.com\/noticias\/","email":"info@eldigitaldeasturias.com","telephone":"+34652131393","logo":{"@type":"ImageObject","url":"https:\/\/www.eldigitaldeasturias.com\/noticias\/wp-content\/uploads\/2020\/12\/EDA.jpg","@id":"https:\/\/www.eldigitaldeasturias.com\/noticias\/semirremolques-maquinaria-montada-en-tractor\/#organizationLogo","width":649,"height":297},"image":{"@id":"https:\/\/www.eldigitaldeasturias.com\/noticias\/semirremolques-maquinaria-montada-en-tractor\/#organizationLogo"},"sameAs":["https:\/\/facebook.com\/eldigitaldeasturias","https:\/\/www.youtube.com\/channel\/UCZP-2wLEB9Rv6erhFmqVnvg"],"address":{"@id":"https:\/\/www.eldigitaldeasturias.com\/noticias\/#postaladdress","@type":"PostalAddress","streetAddress":"san antonio 4,","postalCode":"33430","addressLocality":"Cand\u00e1s","addressRegion":"Asturias","addressCountry":"ES"}},{"@type":"Person","@id":"https:\/\/www.eldigitaldeasturias.com\/noticias\/author\/admin\/#author","url":"https:\/\/www.eldigitaldeasturias.com\/noticias\/author\/admin\/","name":"El Digital de Asturias","image":{"@type":"ImageObject","@id":"https:\/\/www.eldigitaldeasturias.com\/noticias\/semirremolques-maquinaria-montada-en-tractor\/#authorImage","url":"https:\/\/www.eldigitaldeasturias.com\/noticias\/wp-content\/litespeed\/avatar\/18677e78aa0546b92d9dbf31ec7d7668.jpg?ver=1776685526","width":96,"height":96,"caption":"El Digital de Asturias"}},{"@type":"WebPage","@id":"https:\/\/www.eldigitaldeasturias.com\/noticias\/semirremolques-maquinaria-montada-en-tractor\/#webpage","url":"https:\/\/www.eldigitaldeasturias.com\/noticias\/semirremolques-maquinaria-montada-en-tractor\/","name":"Semirremolques \u2013 maquinaria montada en tractor - El Digital de Asturias","description":"Un semirremolque es un tipo de remolque que se apoya en un tractor con su parte delantera. Es un veh\u00edculo que se utiliza activamente para el transporte","inLanguage":"es-ES","isPartOf":{"@id":"https:\/\/www.eldigitaldeasturias.com\/noticias\/#website"},"breadcrumb":{"@id":"https:\/\/www.eldigitaldeasturias.com\/noticias\/semirremolques-maquinaria-montada-en-tractor\/#breadcrumblist"},"author":{"@id":"https:\/\/www.eldigitaldeasturias.com\/noticias\/author\/admin\/#author"},"creator":{"@id":"https:\/\/www.eldigitaldeasturias.com\/noticias\/author\/admin\/#author"},"image":{"@type":"ImageObject","url":"https:\/\/www.eldigitaldeasturias.com\/noticias\/wp-content\/uploads\/2022\/09\/Semirremolques.jpg","@id":"https:\/\/www.eldigitaldeasturias.com\/noticias\/semirremolques-maquinaria-montada-en-tractor\/#mainImage","width":640,"height":480,"caption":"Semirremolques"},"primaryImageOfPage":{"@id":"https:\/\/www.eldigitaldeasturias.com\/noticias\/semirremolques-maquinaria-montada-en-tractor\/#mainImage"},"datePublished":"2022-09-23T09:28:13+02:00","dateModified":"2022-09-23T09:28:13+02:00"},{"@type":"WebSite","@id":"https:\/\/www.eldigitaldeasturias.com\/noticias\/#website","url":"https:\/\/www.eldigitaldeasturias.com\/noticias\/","name":"El Digital de Asturias - Diario de actualidad y noticias","alternateName":"El Digital de Asturias - Diario de actualidad y noticias","description":"Hemeroteca","inLanguage":"es-ES","publisher":{"@id":"https:\/\/www.eldigitaldeasturias.com\/noticias\/#organization"}}]},"og:locale":"es_ES","og:site_name":"El Digital de Asturias","og:type":"article","og:title":"Semirremolques \u2013 maquinaria montada en tractor - El Digital de Asturias","og:description":"Un semirremolque es un tipo de remolque que se apoya en un tractor con su parte delantera. Es un veh\u00edculo que se utiliza activamente para el transporte","og:url":"https:\/\/www.eldigitaldeasturias.com\/noticias\/semirremolques-maquinaria-montada-en-tractor\/","og:image":"https:\/\/www.eldigitaldeasturias.com\/noticias\/wp-content\/uploads\/2022\/09\/Semirremolques.jpg","og:image:secure_url":"https:\/\/www.eldigitaldeasturias.com\/noticias\/wp-content\/uploads\/2022\/09\/Semirremolques.jpg","og:image:width":640,"og:image:height":480,"article:tag":["negocios y empresas"],"article:published_time":"2022-09-23T07:28:13+00:00","article:modified_time":"2022-09-23T07:28:13+00:00","article:publisher":"https:\/\/facebook.com\/eldigitaldeasturias","twitter:card":"summary_large_image","twitter:title":"Semirremolques \u2013 maquinaria montada en tractor - El Digital de Asturias","twitter:description":"Un semirremolque es un tipo de remolque que se apoya en un tractor con su parte delantera. Es un veh\u00edculo que se utiliza activamente para el transporte","twitter:image":"https:\/\/www.eldigitaldeasturias.com\/noticias\/wp-content\/uploads\/2022\/09\/Semirremolques.jpg","twitter:label1":"Escrito por","twitter:data1":"El Digital de Asturias","twitter:label2":"Tiempo de lectura estimado","twitter:data2":"3 minutos"},"aioseo_meta_data":{"post_id":"1116939","title":null,"description":"Un semirremolque es un tipo de remolque que se apoya en un tractor con su parte delantera. Es un veh\u00edculo que se utiliza activamente para el transporte","keywords":[],"keyphrases":{"focus":{"keyphrase":"semirremolque","score":73,"analysis":{"keyphraseInTitle":{"title":"Focus keyphrase in SEO title","description":"Focus keyphrase not found in SEO title.","score":3,"maxScore":9,"error":1},"keyphraseInDescription":{"title":"Focus keyphrase in meta description","description":"Focus keyphrase found in meta description.","score":9,"maxScore":9,"error":0},"keyphraseLength":{"title":"Focus keyphrase length","description":"Good job!","score":9,"maxScore":9,"error":0,"length":1},"keyphraseInURL":{"title":"Focus keyphrase in URL","description":"Focus keyphrase not found in the URL.","score":1,"maxScore":5,"error":1},"keyphraseInIntroduction":{"title":"Focus keyphrase in introduction","description":"Your Focus keyphrase appears in the first paragraph. Well done!","score":9,"maxScore":9,"error":0},"keyphraseInSubHeadings":{"title":"Focus keyphrase in Subheadings","description":"Use your focus keyphrase more in your H2 and H3 subheadings.","score":3,"maxScore":9,"error":1},"keyphraseInImageAlt":{"title":"Focus keyphrase in image alt attributes","description":"Focus keyphrase found in image alt attribute(s).","score":9,"maxScore":9,"error":0}}},"additional":[{"keyphrase":"semirremolque","score":100,"analysis":{"keyphraseInDescription":{"title":"Keyphrase in meta description","description":"Keyphrase found in meta description.","score":9,"maxScore":9,"error":0},"keyphraseLength":{"title":"Keyphrase length","description":"Good job!","score":9,"maxScore":9,"error":0,"length":1},"keyphraseInIntroduction":{"title":"Keyphrase in introduction","description":"Your Keyphrase appears in the first paragraph. Well done!","score":9,"maxScore":9,"error":0},"keyphraseInImageAlt":{"title":"Keyphrase in image alt attributes","description":"Keyphrase found in image alt attribute(s).","score":9,"maxScore":9,"error":0}}},{"keyphrase":"remolque","score":100,"analysis":{"keyphraseInDescription":{"title":"Keyphrase in meta description","description":"Keyphrase found in meta description.","score":9,"maxScore":9,"error":0},"keyphraseLength":{"title":"Keyphrase length","description":"Good job!","score":9,"maxScore":9,"error":0,"length":1},"keyphraseInIntroduction":{"title":"Keyphrase in introduction","description":"Your Keyphrase appears in the first paragraph. Well done!","score":9,"maxScore":9,"error":0},"keyphraseInImageAlt":{"title":"Keyphrase in image alt attributes","description":"Keyphrase found in image alt attribute(s).","score":9,"maxScore":9,"error":0}}}]},"primary_term":null,"canonical_url":null,"og_title":null,"og_description":null,"og_object_type":"default","og_image_type":"default","og_image_url":null,"og_image_width":null,"og_image_height":null,"og_image_custom_url":null,"og_image_custom_fields":null,"og_video":"","og_custom_url":null,"og_article_section":null,"og_article_tags":[],"twitter_use_og":false,"twitter_card":"default","twitter_image_type":"default","twitter_image_url":null,"twitter_image_custom_url":null,"twitter_image_custom_fields":null,"twitter_title":null,"twitter_description":null,"schema":{"blockGraphs":[],"customGraphs":[],"default":{"data":{"Article":[],"Course":[],"Dataset":[],"FAQPage":[],"Movie":[],"Person":[],"Product":[],"ProductReview":[],"Car":[],"Recipe":[],"Service":[],"SoftwareApplication":[],"WebPage":[]},"graphName":"","isEnabled":true},"graphs":[]},"schema_type":"default","schema_type_options":null,"pillar_content":false,"robots_default":true,"robots_noindex":false,"robots_noarchive":false,"robots_nosnippet":false,"robots_nofollow":false,"robots_noimageindex":false,"robots_noodp":false,"robots_notranslate":false,"robots_max_snippet":"-1","robots_max_videopreview":"-1","robots_max_imagepreview":"large","priority":null,"frequency":"default","local_seo":null,"seo_analyzer_scan_date":"2025-10-03 21:02:31","breadcrumb_settings":null,"limit_modified_date":false,"open_ai":null,"ai":null,"created":"2022-09-23 07:23:17","updated":"2025-10-03 21:02:31"},"aioseo_breadcrumb":"<div class=\"aioseo-breadcrumbs\"><span class=\"aioseo-breadcrumb\">\n\t<a href=\"https:\/\/www.eldigitaldeasturias.com\/noticias\" title=\"Home\">Home<\/a>\n<\/span><span class=\"aioseo-breadcrumb-separator\">\u2013<\/span><span class=\"aioseo-breadcrumb\">\n\t<a href=\"https:\/\/www.eldigitaldeasturias.com\/noticias\/category\/negocios-y-empresas\/\" title=\"Negocios y Empresas\">Negocios y Empresas<\/a>\n<\/span><span class=\"aioseo-breadcrumb-separator\">\u2013<\/span><span class=\"aioseo-breadcrumb\">\n\t<a href=\"https:\/\/www.eldigitaldeasturias.com\/noticias\/semirremolques-maquinaria-montada-en-tractor\/\" title=\"Semirremolques \u2013 maquinaria montada en tractor\">Semirremolques \u2013 maquinaria montada en tractor<\/a>\n<\/span><\/div>","aioseo_breadcrumb_json":[{"label":"Home","link":"https:\/\/www.eldigitaldeasturias.com\/noticias"},{"label":"Negocios y Empresas","link":"https:\/\/www.eldigitaldeasturias.com\/noticias\/category\/negocios-y-empresas\/"},{"label":"Semirremolques &#8211; maquinaria montada en tractor","link":"https:\/\/www.eldigitaldeasturias.com\/noticias\/semirremolques-maquinaria-montada-en-tractor\/"}],"_links":{"self":[{"href":"https:\/\/www.eldigitaldeasturias.com\/noticias\/wp-json\/wp\/v2\/posts\/1116939","targetHints":{"allow":["GET"]}}],"collection":[{"href":"https:\/\/www.eldigitaldeasturias.com\/noticias\/wp-json\/wp\/v2\/posts"}],"about":[{"href":"https:\/\/www.eldigitaldeasturias.com\/noticias\/wp-json\/wp\/v2\/types\/post"}],"author":[{"embeddable":true,"href":"https:\/\/www.eldigitaldeasturias.com\/noticias\/wp-json\/wp\/v2\/users\/1"}],"replies":[{"embeddable":true,"href":"https:\/\/www.eldigitaldeasturias.com\/noticias\/wp-json\/wp\/v2\/comments?post=1116939"}],"version-history":[{"count":0,"href":"https:\/\/www.eldigitaldeasturias.com\/noticias\/wp-json\/wp\/v2\/posts\/1116939\/revisions"}],"wp:featuredmedia":[{"embeddable":true,"href":"https:\/\/www.eldigitaldeasturias.com\/noticias\/wp-json\/wp\/v2\/media\/1116940"}],"wp:attachment":[{"href":"https:\/\/www.eldigitaldeasturias.com\/noticias\/wp-json\/wp\/v2\/media?parent=1116939"}],"wp:term":[{"taxonomy":"category","embeddable":true,"href":"https:\/\/www.eldigitaldeasturias.com\/noticias\/wp-json\/wp\/v2\/categories?post=1116939"},{"taxonomy":"post_tag","embeddable":true,"href":"https:\/\/www.eldigitaldeasturias.com\/noticias\/wp-json\/wp\/v2\/tags?post=1116939"}],"curies":[{"name":"wp","href":"https:\/\/api.w.org\/{rel}","templated":true}]}}