{"id":1116869,"date":"2022-09-22T19:14:17","date_gmt":"2022-09-22T17:14:17","guid":{"rendered":"https:\/\/www.eldigitaldeasturias.com\/noticias\/?p=1116869"},"modified":"2022-09-22T19:14:17","modified_gmt":"2022-09-22T17:14:17","slug":"el-gobierno-autoriza-el-cierre-gradual-de-la-termica-de-as-pontes","status":"publish","type":"post","link":"https:\/\/www.eldigitaldeasturias.com\/noticias\/el-gobierno-autoriza-el-cierre-gradual-de-la-termica-de-as-pontes\/","title":{"rendered":"El Gobierno autoriza el cierre gradual de la t\u00e9rmica de As Pontes"},"content":{"rendered":"<p>(EP) &#8211; El Ministerio para la Transici\u00f3n Ecol\u00f3gica y el Reto Demogr\u00e1fico, tras recibir un informe de Red El\u00e9ctrica de Espa\u00f1a (REE), ha autorizado el cierre de dos grupos de los cuatro grupos de la central t\u00e9rmica de As Pontes (A Coru\u00f1a), propiedad de Endesa.<\/p>\n<figure id=\"attachment_1116870\" aria-describedby=\"caption-attachment-1116870\" style=\"width: 650px\" class=\"wp-caption aligncenter\"><img loading=\"lazy\" decoding=\"async\" class=\"wp-image-1116870 size-large\" src=\"https:\/\/www.eldigitaldeasturias.com\/noticias\/wp-content\/uploads\/2022\/09\/As-Pontes-650x368.jpg\" alt=\"As Pontes\" width=\"650\" height=\"368\" srcset=\"https:\/\/www.eldigitaldeasturias.com\/noticias\/wp-content\/uploads\/2022\/09\/As-Pontes-650x368.jpg 650w, https:\/\/www.eldigitaldeasturias.com\/noticias\/wp-content\/uploads\/2022\/09\/As-Pontes-360x204.jpg 360w, https:\/\/www.eldigitaldeasturias.com\/noticias\/wp-content\/uploads\/2022\/09\/As-Pontes-480x272.jpg 480w, https:\/\/www.eldigitaldeasturias.com\/noticias\/wp-content\/uploads\/2022\/09\/As-Pontes-768x435.jpg 768w, https:\/\/www.eldigitaldeasturias.com\/noticias\/wp-content\/uploads\/2022\/09\/As-Pontes-150x85.jpg 150w, https:\/\/www.eldigitaldeasturias.com\/noticias\/wp-content\/uploads\/2022\/09\/As-Pontes-450x255.jpg 450w, https:\/\/www.eldigitaldeasturias.com\/noticias\/wp-content\/uploads\/2022\/09\/As-Pontes.jpg 1117w\" sizes=\"auto, (max-width: 650px) 100vw, 650px\" \/><figcaption id=\"caption-attachment-1116870\" class=\"wp-caption-text\">Foto: Europa Press<\/figcaption><\/figure>\n<p>El cierre de los otros dos grupos se autorizar\u00e1 condicionadamente, atendiendo al refuerzo de variables de disponibilidad de potencia en el sistema el\u00e9ctrico, inform\u00f3 el Ministerio.<\/p>\n<p>En este sentido, y tras conocerse la decisi\u00f3n, Endesa ha presentado un plan de desarrollo de 2.682 millones de euros para Galicia, que generar\u00eda 1.361 empleos.<\/p>\n<p>Este plan, sujeto a las preceptivas autorizaciones, plantea la sustituci\u00f3n de los 1.400 megavatios (MW) de carb\u00f3n de As Pontes por 1.300 MW renovables, incluyendo adem\u00e1s el plan de desmantelamiento de la central, la instalaci\u00f3n de nuevos proyectos industriales en el emplazamiento de la t\u00e9rmica, el impulso log\u00edstico a la terminal del puerto de Ferrol y un plan de formaci\u00f3n para las personas del entorno.<\/p>\n<p>La vicepresidenta tercera del Gobierno y ministra para la Transici\u00f3n Ecol\u00f3gica y el Reto Demogr\u00e1fico, Teresa Ribera, se ha reunido este lunes con el consejero delegado de Endesa, Jos\u00e9 Bogas, con el futuro de la central y sus trabajadores sobre la mesa, una vez recibido el informe del operador de la red el\u00e9ctrica sobre la solicitud de cierre de la planta presentada por la energ\u00e9tica.<\/p>\n<p>Aunque el Ministerio ya contaba con un informe de REE elaborado en 2020 para autorizar el cierre de los cuatros grupos de la central de carb\u00f3n, con unos 350 MW cada uno, en la primavera de este a\u00f1o decidi\u00f3 solicitar un nuevo informe, a la vista de las tensiones provocadas en los mercados energ\u00e9ticos por la guerra en Ucrania y la elevada exportaci\u00f3n de electricidad provocada por la sequ\u00eda y la indisponibilidad de buena parte del parque nuclear franc\u00e9s.<\/p>\n<p>El gabinete dirigido por Teresa Ribera indic\u00f3 que este segundo informe de REE contempla escenarios no previstos anteriormente, con distinta participaci\u00f3n de la cogeneraci\u00f3n y una elevada y constante exportaci\u00f3n a los pa\u00edses vecinos.<\/p>\n<p>As\u00ed, el an\u00e1lisis revela \u00abla conveniencia de cerrar los dos grupos inoperativos y de que el cierre de los otros dos quede condicionado al refuerzo de variables de disponibilidad de potencia en el sistema el\u00e9ctrico mediante diversas medidas que se est\u00e1n poniendo en marcha, como el aumento de la disponibilidad de la cogeneraci\u00f3n o el establecimiento de un mecanismo de respuesta activa de la demanda\u00bb.<\/p>\n<p>Ribera ha expuesto la situaci\u00f3n a Endesa y ha recordado su \u00abcompromiso total\u00bb con zona afectada por el cierre, recordando que se ha puesto en marcha un Convenio de Transici\u00f3n Justa para desplegar instrumentos de apoyo a proyectos municipales, empresariales, de formaci\u00f3n profesional y, especialmente, proyectos energ\u00e9ticos de renovables innovadores.<\/p>\n<p>Adem\u00e1s, ha exhortado a Endesa a promover proyectos de reconversi\u00f3n e inversiones alternativas en la zona, en cumplimiento del acuerdo por una transici\u00f3n energ\u00e9tica justa para centrales t\u00e9rmicas en cierre, firmado en abril de 2020 entre el Gobierno, sindicatos y las empresas propietarias de las centrales.<\/p>\n<p>A este respecto, Endesa ha actualizado la informaci\u00f3n sobre los proyectos que est\u00e1 promoviendo en el municipio, que, de acuerdo con sus c\u00e1lculos, implican esa inversi\u00f3n de 2.682 millones y la generaci\u00f3n de 1.361 empleos directos.<\/p>\n<p>En un comunicado, la energ\u00e9tica subray\u00f3 que \u00abni se va ni se desentiende de As Pontes y Galicia\u00bb, por lo que, para sostener esta apuesta estrat\u00e9gica, ha presentado al Ministerio de Transici\u00f3n Ecol\u00f3gica, as\u00ed como a la Xunta de Galicia y al Concello de As Pontes, este plan de desarrollo social y econ\u00f3mico en la regi\u00f3n que \u00abmuestra el compromiso con un proceso de Transici\u00f3n Energ\u00e9tica Justa y la creaci\u00f3n de valor en As Pontes y su entorno\u00bb.<\/p>\n<h2>FUTURO GARANTIZADO PARA TODOS LOS EMPLEADOS.<\/h2>\n<p>Igualmente, la estrategia de la compa\u00f1\u00eda recoge que todos sus empleados se van a recolocar en otras \u00e1reas de la empresa, en el desmantelamiento, en los planes de futuro o se acoger\u00e1n a planes de salidas voluntarias.<\/p>\n<p>Los ejes en que trabajar\u00e1 Endesa tras la clausura ir\u00e1n as\u00ed desde el desmantelamiento de la central, que tendr\u00e1 una duraci\u00f3n estimada de cuatro a\u00f1os y para el que se realizar\u00e1 un plan de formaci\u00f3n que capacitar\u00e1 a las m\u00e1s de 130 personas que participar\u00e1n en estas tareas, primando el empleo local y de los propios trabajadores de la central, hasta el impulso de nuevos proyectos renovables en la regi\u00f3n.<\/p>\n<p>Para ello, se abordar\u00e1 la tramitaci\u00f3n de nuevos proyectos renovables para convertir la capacidad de la central en nueva potencia limpia, con la construcci\u00f3n de esos 1.300 MW de proyectos e\u00f3licos que permitir\u00e1n crear hasta 2.300 puestos de trabajo durante la fase de construcci\u00f3n, y otros 274 empleos directos durante los 25 a\u00f1os estimados de vida \u00fatil de los parques e\u00f3licos.<\/p>\n<h2>ALIANZAS CON SENTURY TIRE, ALCOA Y ENCE.<\/h2>\n<p>La electricidad producida por esos parques respaldar\u00e1 proyectos industriales de la empresa Sentury Tire, as\u00ed como un importante preacuerdo de compraventa de electricidad a largo plazo (PPA, por sus siglas en ingl\u00e9s) con Alcoa.<\/p>\n<p>Endesa ya ha solicitado a la Xunta de Galicia el car\u00e1cter estrat\u00e9gico y vertebrador de estos proyectos e\u00f3licos conforme a la ley e\u00f3lica gallega para su tramitaci\u00f3n prioritaria.<\/p>\n<p>Otro de los ejes consistir\u00e1 en la promoci\u00f3n de esos nuevos desarrollos industriales en los terrenos vinculados a la central. En concreto, la compa\u00f1\u00eda ha detallado en primer lugar el proyecto con el fabricante de neum\u00e1ticos Sentury Tire, que contempla la transmisi\u00f3n de 26 hect\u00e1reas de terreno en As Pontes para la construcci\u00f3n de una f\u00e1brica inteligente de neum\u00e1ticos.<\/p>\n<p>La puesta en operaci\u00f3n de la planta requerir\u00e1 una inversi\u00f3n de 477 millones de euros y supondr\u00e1 la creaci\u00f3n de 750 empleos directos. Endesa invertir\u00e1 otros 229 millones para construir 191 MW e\u00f3licos para abastecer el\u00e9ctricamente v\u00eda PPA a la factor\u00eda.<\/p>\n<p>Junto a ello, Endesa ha alcanzado un acuerdo con Ence que prev\u00e9 la cesi\u00f3n de 45 hect\u00e1reas de terreno del antiguo parque de carbones, donde esta empresa invertir\u00e1 355 millones de euros para una bioplanta para la recuperaci\u00f3n, desarrollo y producci\u00f3n de fibras naturales recicladas a partir de papel y cart\u00f3n recuperado. El desarrollo de esta iniciativa permitir\u00e1 la creaci\u00f3n de 150 puestos de trabajo directos y 400 indirectos.<\/p>\n<p>El tercer proyecto para respaldar al sector industrial gallego es el preacuerdo de &#8216;PPA&#8217; con Alcoa centrado en el suministro de electricidad a precio competitivo durante 10 a\u00f1os procedente de 816 MW e\u00f3licos, de los que 611 MW est\u00e1n previstos en la zona de As Pontes.<\/p>\n<h2>ACTIVIDAD LOG\u00cdSTICA E IMPULSO DEL HIDROGENO VERDE.<\/h2>\n<p>Otro de los ejes de actuaci\u00f3n ser\u00e1 el nuevo papel log\u00edstico que Endesa ya est\u00e1 implementando, y reforzar\u00e1 a\u00fan m\u00e1s gracias a esos proyectos industriales, en la terminal del puerto exterior de Ferrol.<\/p>\n<p>Adem\u00e1s, As Pontes contar\u00e1 tambi\u00e9n con instalaciones de generaci\u00f3n de hidr\u00f3geno verde, gracias al proyecto que promueve Endesa de hasta 100 MW de electrolizador que se suministrar\u00e1 con los proyectos e\u00f3licos de la zona que ya cuentan con derecho de conexi\u00f3n.<\/p>\n<p>Y, finalmente, Endesa tambi\u00e9n planea la creaci\u00f3n de un centro log\u00edstico estrat\u00e9gico de mantenimiento e\u00f3lico para Espa\u00f1a en As Pontes. Esta nueva infraestructura sustentar\u00e1 la operaci\u00f3n y mantenimiento de los 120 parques e\u00f3licos de Endesa en Espa\u00f1a. Este proyecto supone la creaci\u00f3n de 57 empleos directos. Adem\u00e1s, junto a este centro se crear\u00e1 otro dedicado a operaciones de circularidad e\u00f3lica.<\/p>\n","protected":false},"excerpt":{"rendered":"<p>(EP) &#8211; El Ministerio para la Transici\u00f3n Ecol\u00f3gica y el Reto Demogr\u00e1fico, tras recibir un informe de Red El\u00e9ctrica de Espa\u00f1a (REE), ha autorizado el cierre de dos grupos de los cuatro grupos de la central t\u00e9rmica de As Pontes (A Coru\u00f1a), propiedad de Endesa. El cierre de los otros dos grupos se autorizar\u00e1 condicionadamente, [&hellip;]<\/p>\n","protected":false},"author":1,"featured_media":1116870,"comment_status":"closed","ping_status":"closed","sticky":false,"template":"","format":"standard","meta":{"footnotes":""},"categories":[187],"tags":[],"class_list":["post-1116869","post","type-post","status-publish","format-standard","has-post-thumbnail","hentry","category-economia"],"aioseo_notices":[],"aioseo_head":"\n\t\t<!-- All in One SEO Pro 4.9.6.2 - aioseo.com -->\n\t<meta name=\"description\" content=\"(EP) - El Ministerio para la Transici\u00f3n Ecol\u00f3gica y el Reto Demogr\u00e1fico, tras recibir un informe de Red El\u00e9ctrica de Espa\u00f1a (REE), ha autorizado el cierre de\" \/>\n\t<meta name=\"robots\" content=\"max-image-preview:large\" \/>\n\t<meta name=\"author\" content=\"El Digital de Asturias\"\/>\n\t<meta name=\"google-site-verification\" content=\"UA-38556648-1\" \/>\n\t<meta name=\"msvalidate.01\" content=\"7dfe9f3f1b24437ab69f4f2559babe99\" \/>\n\t<meta name=\"keywords\" content=\"econom\u00eda\" \/>\n\t<link rel=\"canonical\" href=\"https:\/\/www.eldigitaldeasturias.com\/noticias\/el-gobierno-autoriza-el-cierre-gradual-de-la-termica-de-as-pontes\/\" \/>\n\t<meta name=\"generator\" content=\"All in One SEO Pro (AIOSEO) 4.9.6.2\" \/>\n\t\t<meta property=\"og:locale\" content=\"es_ES\" \/>\n\t\t<meta property=\"og:site_name\" content=\"El Digital de Asturias\" \/>\n\t\t<meta property=\"og:type\" content=\"article\" \/>\n\t\t<meta property=\"og:title\" content=\"El Gobierno autoriza el cierre gradual de la t\u00e9rmica de As Pontes - El Digital de Asturias\" \/>\n\t\t<meta property=\"og:description\" content=\"(EP) - El Ministerio para la Transici\u00f3n Ecol\u00f3gica y el Reto Demogr\u00e1fico, tras recibir un informe de Red El\u00e9ctrica de Espa\u00f1a (REE), ha autorizado el cierre de\" \/>\n\t\t<meta property=\"og:url\" content=\"https:\/\/www.eldigitaldeasturias.com\/noticias\/el-gobierno-autoriza-el-cierre-gradual-de-la-termica-de-as-pontes\/\" \/>\n\t\t<meta property=\"og:image\" content=\"https:\/\/www.eldigitaldeasturias.com\/noticias\/wp-content\/uploads\/2022\/09\/As-Pontes.jpg\" \/>\n\t\t<meta property=\"og:image:secure_url\" content=\"https:\/\/www.eldigitaldeasturias.com\/noticias\/wp-content\/uploads\/2022\/09\/As-Pontes.jpg\" \/>\n\t\t<meta property=\"og:image:width\" content=\"1117\" \/>\n\t\t<meta property=\"og:image:height\" content=\"632\" \/>\n\t\t<meta property=\"article:tag\" content=\"econom\u00eda\" \/>\n\t\t<meta property=\"article:published_time\" content=\"2022-09-22T17:14:17+00:00\" \/>\n\t\t<meta property=\"article:modified_time\" content=\"2022-09-22T17:14:17+00:00\" \/>\n\t\t<meta property=\"article:publisher\" content=\"https:\/\/facebook.com\/eldigitaldeasturias\" \/>\n\t\t<meta name=\"twitter:card\" content=\"summary_large_image\" \/>\n\t\t<meta name=\"twitter:title\" content=\"El Gobierno autoriza el cierre gradual de la t\u00e9rmica de As Pontes - El Digital de Asturias\" \/>\n\t\t<meta name=\"twitter:description\" content=\"(EP) - El Ministerio para la Transici\u00f3n Ecol\u00f3gica y el Reto Demogr\u00e1fico, tras recibir un informe de Red El\u00e9ctrica de Espa\u00f1a (REE), ha autorizado el cierre de\" \/>\n\t\t<meta name=\"twitter:image\" content=\"https:\/\/www.eldigitaldeasturias.com\/noticias\/wp-content\/uploads\/2022\/09\/As-Pontes.jpg\" \/>\n\t\t<meta name=\"twitter:label1\" content=\"Escrito por\" \/>\n\t\t<meta name=\"twitter:data1\" content=\"El Digital de Asturias\" \/>\n\t\t<meta name=\"twitter:label2\" content=\"Tiempo de lectura estimado\" \/>\n\t\t<meta name=\"twitter:data2\" content=\"7 minutos\" \/>\n\t\t<script type=\"application\/ld+json\" class=\"aioseo-schema\">\n\t\t\t{\"@context\":\"https:\\\/\\\/schema.org\",\"@graph\":[{\"@type\":\"BlogPosting\",\"@id\":\"https:\\\/\\\/www.eldigitaldeasturias.com\\\/noticias\\\/el-gobierno-autoriza-el-cierre-gradual-de-la-termica-de-as-pontes\\\/#blogposting\",\"name\":\"El Gobierno autoriza el cierre gradual de la t\\u00e9rmica de As Pontes - El Digital de Asturias\",\"headline\":\"El Gobierno autoriza el cierre gradual de la t\\u00e9rmica de As Pontes\",\"author\":{\"@id\":\"https:\\\/\\\/www.eldigitaldeasturias.com\\\/noticias\\\/author\\\/admin\\\/#author\"},\"publisher\":{\"@id\":\"https:\\\/\\\/www.eldigitaldeasturias.com\\\/noticias\\\/#organization\"},\"image\":{\"@type\":\"ImageObject\",\"url\":\"https:\\\/\\\/www.eldigitaldeasturias.com\\\/noticias\\\/wp-content\\\/uploads\\\/2022\\\/09\\\/As-Pontes.jpg\",\"width\":1117,\"height\":632,\"caption\":\"Foto: Europa Press\"},\"datePublished\":\"2022-09-22T19:14:17+02:00\",\"dateModified\":\"2022-09-22T19:14:17+02:00\",\"inLanguage\":\"es-ES\",\"mainEntityOfPage\":{\"@id\":\"https:\\\/\\\/www.eldigitaldeasturias.com\\\/noticias\\\/el-gobierno-autoriza-el-cierre-gradual-de-la-termica-de-as-pontes\\\/#webpage\"},\"isPartOf\":{\"@id\":\"https:\\\/\\\/www.eldigitaldeasturias.com\\\/noticias\\\/el-gobierno-autoriza-el-cierre-gradual-de-la-termica-de-as-pontes\\\/#webpage\"},\"articleSection\":\"Econom\\u00eda\"},{\"@type\":\"BreadcrumbList\",\"@id\":\"https:\\\/\\\/www.eldigitaldeasturias.com\\\/noticias\\\/el-gobierno-autoriza-el-cierre-gradual-de-la-termica-de-as-pontes\\\/#breadcrumblist\",\"itemListElement\":[{\"@type\":\"ListItem\",\"@id\":\"https:\\\/\\\/www.eldigitaldeasturias.com\\\/noticias#listItem\",\"position\":1,\"name\":\"Home\",\"item\":\"https:\\\/\\\/www.eldigitaldeasturias.com\\\/noticias\",\"nextItem\":{\"@type\":\"ListItem\",\"@id\":\"https:\\\/\\\/www.eldigitaldeasturias.com\\\/noticias\\\/category\\\/economia\\\/#listItem\",\"name\":\"Econom\\u00eda\"}},{\"@type\":\"ListItem\",\"@id\":\"https:\\\/\\\/www.eldigitaldeasturias.com\\\/noticias\\\/category\\\/economia\\\/#listItem\",\"position\":2,\"name\":\"Econom\\u00eda\",\"item\":\"https:\\\/\\\/www.eldigitaldeasturias.com\\\/noticias\\\/category\\\/economia\\\/\",\"nextItem\":{\"@type\":\"ListItem\",\"@id\":\"https:\\\/\\\/www.eldigitaldeasturias.com\\\/noticias\\\/el-gobierno-autoriza-el-cierre-gradual-de-la-termica-de-as-pontes\\\/#listItem\",\"name\":\"El Gobierno autoriza el cierre gradual de la t\\u00e9rmica de As Pontes\"},\"previousItem\":{\"@type\":\"ListItem\",\"@id\":\"https:\\\/\\\/www.eldigitaldeasturias.com\\\/noticias#listItem\",\"name\":\"Home\"}},{\"@type\":\"ListItem\",\"@id\":\"https:\\\/\\\/www.eldigitaldeasturias.com\\\/noticias\\\/el-gobierno-autoriza-el-cierre-gradual-de-la-termica-de-as-pontes\\\/#listItem\",\"position\":3,\"name\":\"El Gobierno autoriza el cierre gradual de la t\\u00e9rmica de As Pontes\",\"previousItem\":{\"@type\":\"ListItem\",\"@id\":\"https:\\\/\\\/www.eldigitaldeasturias.com\\\/noticias\\\/category\\\/economia\\\/#listItem\",\"name\":\"Econom\\u00eda\"}}]},{\"@type\":\"Organization\",\"@id\":\"https:\\\/\\\/www.eldigitaldeasturias.com\\\/noticias\\\/#organization\",\"name\":\"El Digital de Asturias\",\"description\":\"Hemeroteca\",\"url\":\"https:\\\/\\\/www.eldigitaldeasturias.com\\\/noticias\\\/\",\"email\":\"info@eldigitaldeasturias.com\",\"telephone\":\"+34652131393\",\"logo\":{\"@type\":\"ImageObject\",\"url\":\"https:\\\/\\\/www.eldigitaldeasturias.com\\\/noticias\\\/wp-content\\\/uploads\\\/2020\\\/12\\\/EDA.jpg\",\"@id\":\"https:\\\/\\\/www.eldigitaldeasturias.com\\\/noticias\\\/el-gobierno-autoriza-el-cierre-gradual-de-la-termica-de-as-pontes\\\/#organizationLogo\",\"width\":649,\"height\":297},\"image\":{\"@id\":\"https:\\\/\\\/www.eldigitaldeasturias.com\\\/noticias\\\/el-gobierno-autoriza-el-cierre-gradual-de-la-termica-de-as-pontes\\\/#organizationLogo\"},\"sameAs\":[\"https:\\\/\\\/facebook.com\\\/eldigitaldeasturias\",\"https:\\\/\\\/www.youtube.com\\\/channel\\\/UCZP-2wLEB9Rv6erhFmqVnvg\"],\"address\":{\"@id\":\"https:\\\/\\\/www.eldigitaldeasturias.com\\\/noticias\\\/#postaladdress\",\"@type\":\"PostalAddress\",\"streetAddress\":\"san antonio 4,\",\"postalCode\":\"33430\",\"addressLocality\":\"Cand\\u00e1s\",\"addressRegion\":\"Asturias\",\"addressCountry\":\"ES\"}},{\"@type\":\"Person\",\"@id\":\"https:\\\/\\\/www.eldigitaldeasturias.com\\\/noticias\\\/author\\\/admin\\\/#author\",\"url\":\"https:\\\/\\\/www.eldigitaldeasturias.com\\\/noticias\\\/author\\\/admin\\\/\",\"name\":\"El Digital de Asturias\",\"image\":{\"@type\":\"ImageObject\",\"@id\":\"https:\\\/\\\/www.eldigitaldeasturias.com\\\/noticias\\\/el-gobierno-autoriza-el-cierre-gradual-de-la-termica-de-as-pontes\\\/#authorImage\",\"url\":\"https:\\\/\\\/www.eldigitaldeasturias.com\\\/noticias\\\/wp-content\\\/litespeed\\\/avatar\\\/18677e78aa0546b92d9dbf31ec7d7668.jpg?ver=1777290358\",\"width\":96,\"height\":96,\"caption\":\"El Digital de Asturias\"}},{\"@type\":\"WebPage\",\"@id\":\"https:\\\/\\\/www.eldigitaldeasturias.com\\\/noticias\\\/el-gobierno-autoriza-el-cierre-gradual-de-la-termica-de-as-pontes\\\/#webpage\",\"url\":\"https:\\\/\\\/www.eldigitaldeasturias.com\\\/noticias\\\/el-gobierno-autoriza-el-cierre-gradual-de-la-termica-de-as-pontes\\\/\",\"name\":\"El Gobierno autoriza el cierre gradual de la t\\u00e9rmica de As Pontes - El Digital de Asturias\",\"description\":\"(EP) - El Ministerio para la Transici\\u00f3n Ecol\\u00f3gica y el Reto Demogr\\u00e1fico, tras recibir un informe de Red El\\u00e9ctrica de Espa\\u00f1a (REE), ha autorizado el cierre de\",\"inLanguage\":\"es-ES\",\"isPartOf\":{\"@id\":\"https:\\\/\\\/www.eldigitaldeasturias.com\\\/noticias\\\/#website\"},\"breadcrumb\":{\"@id\":\"https:\\\/\\\/www.eldigitaldeasturias.com\\\/noticias\\\/el-gobierno-autoriza-el-cierre-gradual-de-la-termica-de-as-pontes\\\/#breadcrumblist\"},\"author\":{\"@id\":\"https:\\\/\\\/www.eldigitaldeasturias.com\\\/noticias\\\/author\\\/admin\\\/#author\"},\"creator\":{\"@id\":\"https:\\\/\\\/www.eldigitaldeasturias.com\\\/noticias\\\/author\\\/admin\\\/#author\"},\"image\":{\"@type\":\"ImageObject\",\"url\":\"https:\\\/\\\/www.eldigitaldeasturias.com\\\/noticias\\\/wp-content\\\/uploads\\\/2022\\\/09\\\/As-Pontes.jpg\",\"@id\":\"https:\\\/\\\/www.eldigitaldeasturias.com\\\/noticias\\\/el-gobierno-autoriza-el-cierre-gradual-de-la-termica-de-as-pontes\\\/#mainImage\",\"width\":1117,\"height\":632,\"caption\":\"Foto: Europa Press\"},\"primaryImageOfPage\":{\"@id\":\"https:\\\/\\\/www.eldigitaldeasturias.com\\\/noticias\\\/el-gobierno-autoriza-el-cierre-gradual-de-la-termica-de-as-pontes\\\/#mainImage\"},\"datePublished\":\"2022-09-22T19:14:17+02:00\",\"dateModified\":\"2022-09-22T19:14:17+02:00\"},{\"@type\":\"WebSite\",\"@id\":\"https:\\\/\\\/www.eldigitaldeasturias.com\\\/noticias\\\/#website\",\"url\":\"https:\\\/\\\/www.eldigitaldeasturias.com\\\/noticias\\\/\",\"name\":\"El Digital de Asturias - Diario de actualidad y noticias\",\"alternateName\":\"El Digital de Asturias - Diario de actualidad y noticias\",\"description\":\"Hemeroteca\",\"inLanguage\":\"es-ES\",\"publisher\":{\"@id\":\"https:\\\/\\\/www.eldigitaldeasturias.com\\\/noticias\\\/#organization\"}}]}\n\t\t<\/script>\n\t\t<!-- All in One SEO Pro -->\r\n\t\t<title>El Gobierno autoriza el cierre gradual de la t\u00e9rmica de As Pontes - El Digital de Asturias<\/title>\n\n","aioseo_head_json":{"title":"El Gobierno autoriza el cierre gradual de la t\u00e9rmica de As Pontes - El Digital de Asturias","description":"(EP) - El Ministerio para la Transici\u00f3n Ecol\u00f3gica y el Reto Demogr\u00e1fico, tras recibir un informe de Red El\u00e9ctrica de Espa\u00f1a (REE), ha autorizado el cierre de","canonical_url":"https:\/\/www.eldigitaldeasturias.com\/noticias\/el-gobierno-autoriza-el-cierre-gradual-de-la-termica-de-as-pontes\/","robots":"max-image-preview:large","keywords":"econom\u00eda","webmasterTools":{"google-site-verification":"UA-38556648-1","msvalidate.01":"7dfe9f3f1b24437ab69f4f2559babe99","miscellaneous":""},"schema":{"@context":"https:\/\/schema.org","@graph":[{"@type":"BlogPosting","@id":"https:\/\/www.eldigitaldeasturias.com\/noticias\/el-gobierno-autoriza-el-cierre-gradual-de-la-termica-de-as-pontes\/#blogposting","name":"El Gobierno autoriza el cierre gradual de la t\u00e9rmica de As Pontes - El Digital de Asturias","headline":"El Gobierno autoriza el cierre gradual de la t\u00e9rmica de As Pontes","author":{"@id":"https:\/\/www.eldigitaldeasturias.com\/noticias\/author\/admin\/#author"},"publisher":{"@id":"https:\/\/www.eldigitaldeasturias.com\/noticias\/#organization"},"image":{"@type":"ImageObject","url":"https:\/\/www.eldigitaldeasturias.com\/noticias\/wp-content\/uploads\/2022\/09\/As-Pontes.jpg","width":1117,"height":632,"caption":"Foto: Europa Press"},"datePublished":"2022-09-22T19:14:17+02:00","dateModified":"2022-09-22T19:14:17+02:00","inLanguage":"es-ES","mainEntityOfPage":{"@id":"https:\/\/www.eldigitaldeasturias.com\/noticias\/el-gobierno-autoriza-el-cierre-gradual-de-la-termica-de-as-pontes\/#webpage"},"isPartOf":{"@id":"https:\/\/www.eldigitaldeasturias.com\/noticias\/el-gobierno-autoriza-el-cierre-gradual-de-la-termica-de-as-pontes\/#webpage"},"articleSection":"Econom\u00eda"},{"@type":"BreadcrumbList","@id":"https:\/\/www.eldigitaldeasturias.com\/noticias\/el-gobierno-autoriza-el-cierre-gradual-de-la-termica-de-as-pontes\/#breadcrumblist","itemListElement":[{"@type":"ListItem","@id":"https:\/\/www.eldigitaldeasturias.com\/noticias#listItem","position":1,"name":"Home","item":"https:\/\/www.eldigitaldeasturias.com\/noticias","nextItem":{"@type":"ListItem","@id":"https:\/\/www.eldigitaldeasturias.com\/noticias\/category\/economia\/#listItem","name":"Econom\u00eda"}},{"@type":"ListItem","@id":"https:\/\/www.eldigitaldeasturias.com\/noticias\/category\/economia\/#listItem","position":2,"name":"Econom\u00eda","item":"https:\/\/www.eldigitaldeasturias.com\/noticias\/category\/economia\/","nextItem":{"@type":"ListItem","@id":"https:\/\/www.eldigitaldeasturias.com\/noticias\/el-gobierno-autoriza-el-cierre-gradual-de-la-termica-de-as-pontes\/#listItem","name":"El Gobierno autoriza el cierre gradual de la t\u00e9rmica de As Pontes"},"previousItem":{"@type":"ListItem","@id":"https:\/\/www.eldigitaldeasturias.com\/noticias#listItem","name":"Home"}},{"@type":"ListItem","@id":"https:\/\/www.eldigitaldeasturias.com\/noticias\/el-gobierno-autoriza-el-cierre-gradual-de-la-termica-de-as-pontes\/#listItem","position":3,"name":"El Gobierno autoriza el cierre gradual de la t\u00e9rmica de As Pontes","previousItem":{"@type":"ListItem","@id":"https:\/\/www.eldigitaldeasturias.com\/noticias\/category\/economia\/#listItem","name":"Econom\u00eda"}}]},{"@type":"Organization","@id":"https:\/\/www.eldigitaldeasturias.com\/noticias\/#organization","name":"El Digital de Asturias","description":"Hemeroteca","url":"https:\/\/www.eldigitaldeasturias.com\/noticias\/","email":"info@eldigitaldeasturias.com","telephone":"+34652131393","logo":{"@type":"ImageObject","url":"https:\/\/www.eldigitaldeasturias.com\/noticias\/wp-content\/uploads\/2020\/12\/EDA.jpg","@id":"https:\/\/www.eldigitaldeasturias.com\/noticias\/el-gobierno-autoriza-el-cierre-gradual-de-la-termica-de-as-pontes\/#organizationLogo","width":649,"height":297},"image":{"@id":"https:\/\/www.eldigitaldeasturias.com\/noticias\/el-gobierno-autoriza-el-cierre-gradual-de-la-termica-de-as-pontes\/#organizationLogo"},"sameAs":["https:\/\/facebook.com\/eldigitaldeasturias","https:\/\/www.youtube.com\/channel\/UCZP-2wLEB9Rv6erhFmqVnvg"],"address":{"@id":"https:\/\/www.eldigitaldeasturias.com\/noticias\/#postaladdress","@type":"PostalAddress","streetAddress":"san antonio 4,","postalCode":"33430","addressLocality":"Cand\u00e1s","addressRegion":"Asturias","addressCountry":"ES"}},{"@type":"Person","@id":"https:\/\/www.eldigitaldeasturias.com\/noticias\/author\/admin\/#author","url":"https:\/\/www.eldigitaldeasturias.com\/noticias\/author\/admin\/","name":"El Digital de Asturias","image":{"@type":"ImageObject","@id":"https:\/\/www.eldigitaldeasturias.com\/noticias\/el-gobierno-autoriza-el-cierre-gradual-de-la-termica-de-as-pontes\/#authorImage","url":"https:\/\/www.eldigitaldeasturias.com\/noticias\/wp-content\/litespeed\/avatar\/18677e78aa0546b92d9dbf31ec7d7668.jpg?ver=1777290358","width":96,"height":96,"caption":"El Digital de Asturias"}},{"@type":"WebPage","@id":"https:\/\/www.eldigitaldeasturias.com\/noticias\/el-gobierno-autoriza-el-cierre-gradual-de-la-termica-de-as-pontes\/#webpage","url":"https:\/\/www.eldigitaldeasturias.com\/noticias\/el-gobierno-autoriza-el-cierre-gradual-de-la-termica-de-as-pontes\/","name":"El Gobierno autoriza el cierre gradual de la t\u00e9rmica de As Pontes - El Digital de Asturias","description":"(EP) - El Ministerio para la Transici\u00f3n Ecol\u00f3gica y el Reto Demogr\u00e1fico, tras recibir un informe de Red El\u00e9ctrica de Espa\u00f1a (REE), ha autorizado el cierre de","inLanguage":"es-ES","isPartOf":{"@id":"https:\/\/www.eldigitaldeasturias.com\/noticias\/#website"},"breadcrumb":{"@id":"https:\/\/www.eldigitaldeasturias.com\/noticias\/el-gobierno-autoriza-el-cierre-gradual-de-la-termica-de-as-pontes\/#breadcrumblist"},"author":{"@id":"https:\/\/www.eldigitaldeasturias.com\/noticias\/author\/admin\/#author"},"creator":{"@id":"https:\/\/www.eldigitaldeasturias.com\/noticias\/author\/admin\/#author"},"image":{"@type":"ImageObject","url":"https:\/\/www.eldigitaldeasturias.com\/noticias\/wp-content\/uploads\/2022\/09\/As-Pontes.jpg","@id":"https:\/\/www.eldigitaldeasturias.com\/noticias\/el-gobierno-autoriza-el-cierre-gradual-de-la-termica-de-as-pontes\/#mainImage","width":1117,"height":632,"caption":"Foto: Europa Press"},"primaryImageOfPage":{"@id":"https:\/\/www.eldigitaldeasturias.com\/noticias\/el-gobierno-autoriza-el-cierre-gradual-de-la-termica-de-as-pontes\/#mainImage"},"datePublished":"2022-09-22T19:14:17+02:00","dateModified":"2022-09-22T19:14:17+02:00"},{"@type":"WebSite","@id":"https:\/\/www.eldigitaldeasturias.com\/noticias\/#website","url":"https:\/\/www.eldigitaldeasturias.com\/noticias\/","name":"El Digital de Asturias - Diario de actualidad y noticias","alternateName":"El Digital de Asturias - Diario de actualidad y noticias","description":"Hemeroteca","inLanguage":"es-ES","publisher":{"@id":"https:\/\/www.eldigitaldeasturias.com\/noticias\/#organization"}}]},"og:locale":"es_ES","og:site_name":"El Digital de Asturias","og:type":"article","og:title":"El Gobierno autoriza el cierre gradual de la t\u00e9rmica de As Pontes - El Digital de Asturias","og:description":"(EP) - El Ministerio para la Transici\u00f3n Ecol\u00f3gica y el Reto Demogr\u00e1fico, tras recibir un informe de Red El\u00e9ctrica de Espa\u00f1a (REE), ha autorizado el cierre de","og:url":"https:\/\/www.eldigitaldeasturias.com\/noticias\/el-gobierno-autoriza-el-cierre-gradual-de-la-termica-de-as-pontes\/","og:image":"https:\/\/www.eldigitaldeasturias.com\/noticias\/wp-content\/uploads\/2022\/09\/As-Pontes.jpg","og:image:secure_url":"https:\/\/www.eldigitaldeasturias.com\/noticias\/wp-content\/uploads\/2022\/09\/As-Pontes.jpg","og:image:width":1117,"og:image:height":632,"article:tag":["econom\u00eda"],"article:published_time":"2022-09-22T17:14:17+00:00","article:modified_time":"2022-09-22T17:14:17+00:00","article:publisher":"https:\/\/facebook.com\/eldigitaldeasturias","twitter:card":"summary_large_image","twitter:title":"El Gobierno autoriza el cierre gradual de la t\u00e9rmica de As Pontes - El Digital de Asturias","twitter:description":"(EP) - El Ministerio para la Transici\u00f3n Ecol\u00f3gica y el Reto Demogr\u00e1fico, tras recibir un informe de Red El\u00e9ctrica de Espa\u00f1a (REE), ha autorizado el cierre de","twitter:image":"https:\/\/www.eldigitaldeasturias.com\/noticias\/wp-content\/uploads\/2022\/09\/As-Pontes.jpg","twitter:label1":"Escrito por","twitter:data1":"El Digital de Asturias","twitter:label2":"Tiempo de lectura estimado","twitter:data2":"7 minutos"},"aioseo_meta_data":{"post_id":"1116869","title":null,"description":"(EP) - El Ministerio para la Transici\u00f3n Ecol\u00f3gica y el Reto Demogr\u00e1fico, tras recibir un informe de Red El\u00e9ctrica de Espa\u00f1a (REE), ha autorizado el cierre de","keywords":[],"keyphrases":{"focus":{"keyphrase":"As Pontes","score":73,"analysis":{"keyphraseInTitle":{"title":"Focus keyphrase in SEO title","description":"Focus keyphrase found in SEO title.","score":9,"maxScore":9,"error":0},"keyphraseInDescription":{"title":"Focus keyphrase in meta description","description":"Focus keyphrase not found in meta description.","score":3,"maxScore":9,"error":1},"keyphraseLength":{"title":"Focus keyphrase length","description":"Good job!","score":9,"maxScore":9,"error":0,"length":2},"keyphraseInURL":{"title":"Focus keyphrase in URL","description":"Focus keyphrase not found in the URL.","score":1,"maxScore":5,"error":1},"keyphraseInIntroduction":{"title":"Focus keyphrase in introduction","description":"Your Focus keyphrase appears in the first paragraph. Well done!","score":9,"maxScore":9,"error":0},"keyphraseInSubHeadings":{"title":"Focus keyphrase in Subheadings","description":"Use your focus keyphrase more in your H2 and H3 subheadings.","score":3,"maxScore":9,"error":1},"keyphraseInImageAlt":{"title":"Focus keyphrase in image alt attributes","description":"Focus keyphrase found in image alt attribute(s).","score":9,"maxScore":9,"error":0}}},"additional":[{"keyphrase":"cierre","score":83,"analysis":{"keyphraseInDescription":{"title":"Keyphrase in meta description","description":"Keyphrase found in meta description.","score":9,"maxScore":9,"error":0},"keyphraseLength":{"title":"Keyphrase length","description":"Good job!","score":9,"maxScore":9,"error":0,"length":1},"keyphraseInIntroduction":{"title":"Keyphrase in introduction","description":"Your Keyphrase appears in the first paragraph. Well done!","score":9,"maxScore":9,"error":0},"keyphraseInImageAlt":{"title":"Keyphrase in image alt attributes","description":"Keyphrase not found in image alt attribute(s). Add an image with your Keyphrase as alt text.","score":3,"maxScore":9,"error":1}}},{"keyphrase":"de","score":83,"analysis":{"keyphraseInDescription":{"title":"Keyphrase in meta description","description":"Keyphrase found in meta description.","score":9,"maxScore":9,"error":0},"keyphraseLength":{"title":"Keyphrase length","description":"Good job!","score":9,"maxScore":9,"error":0,"length":1},"keyphraseInIntroduction":{"title":"Keyphrase in introduction","description":"Your Keyphrase appears in the first paragraph. Well done!","score":9,"maxScore":9,"error":0},"keyphraseInImageAlt":{"title":"Keyphrase in image alt attributes","description":"Keyphrase not found in image alt attribute(s). Add an image with your Keyphrase as alt text.","score":3,"maxScore":9,"error":1}}},{"keyphrase":"As Pontes","score":83,"analysis":{"keyphraseInDescription":{"title":"Keyphrase in meta description","description":"Keyphrase not found in meta description.","score":3,"maxScore":9,"error":1},"keyphraseLength":{"title":"Keyphrase length","description":"Good job!","score":9,"maxScore":9,"error":0,"length":2},"keyphraseInIntroduction":{"title":"Keyphrase in introduction","description":"Your Keyphrase appears in the first paragraph. Well done!","score":9,"maxScore":9,"error":0},"keyphraseInImageAlt":{"title":"Keyphrase in image alt attributes","description":"Keyphrase found in image alt attribute(s).","score":9,"maxScore":9,"error":0}}}]},"primary_term":null,"canonical_url":null,"og_title":null,"og_description":null,"og_object_type":"default","og_image_type":"default","og_image_url":null,"og_image_width":null,"og_image_height":null,"og_image_custom_url":null,"og_image_custom_fields":null,"og_video":"","og_custom_url":null,"og_article_section":null,"og_article_tags":[],"twitter_use_og":false,"twitter_card":"default","twitter_image_type":"default","twitter_image_url":null,"twitter_image_custom_url":null,"twitter_image_custom_fields":null,"twitter_title":null,"twitter_description":null,"schema":{"blockGraphs":[],"customGraphs":[],"default":{"data":{"Article":[],"Course":[],"Dataset":[],"FAQPage":[],"Movie":[],"Person":[],"Product":[],"ProductReview":[],"Car":[],"Recipe":[],"Service":[],"SoftwareApplication":[],"WebPage":[]},"graphName":"","isEnabled":true},"graphs":[]},"schema_type":"default","schema_type_options":null,"pillar_content":false,"robots_default":true,"robots_noindex":false,"robots_noarchive":false,"robots_nosnippet":false,"robots_nofollow":false,"robots_noimageindex":false,"robots_noodp":false,"robots_notranslate":false,"robots_max_snippet":"-1","robots_max_videopreview":"-1","robots_max_imagepreview":"large","priority":null,"frequency":"default","local_seo":null,"seo_analyzer_scan_date":"2025-10-03 20:41:13","breadcrumb_settings":null,"limit_modified_date":false,"open_ai":null,"ai":null,"created":"2022-09-22 17:08:05","updated":"2025-10-03 20:41:13"},"aioseo_breadcrumb":"<div class=\"aioseo-breadcrumbs\"><span class=\"aioseo-breadcrumb\">\n\t<a href=\"https:\/\/www.eldigitaldeasturias.com\/noticias\" title=\"Home\">Home<\/a>\n<\/span><span class=\"aioseo-breadcrumb-separator\">\u2013<\/span><span class=\"aioseo-breadcrumb\">\n\t<a href=\"https:\/\/www.eldigitaldeasturias.com\/noticias\/category\/economia\/\" title=\"Econom\u00eda\">Econom\u00eda<\/a>\n<\/span><span class=\"aioseo-breadcrumb-separator\">\u2013<\/span><span class=\"aioseo-breadcrumb\">\n\t<a href=\"https:\/\/www.eldigitaldeasturias.com\/noticias\/el-gobierno-autoriza-el-cierre-gradual-de-la-termica-de-as-pontes\/\" title=\"El Gobierno autoriza el cierre gradual de la t\u00e9rmica de As Pontes\">El Gobierno autoriza el cierre gradual de la t\u00e9rmica de As Pontes<\/a>\n<\/span><\/div>","aioseo_breadcrumb_json":[{"label":"Home","link":"https:\/\/www.eldigitaldeasturias.com\/noticias"},{"label":"Econom\u00eda","link":"https:\/\/www.eldigitaldeasturias.com\/noticias\/category\/economia\/"},{"label":"El Gobierno autoriza el cierre gradual de la t\u00e9rmica de As Pontes","link":"https:\/\/www.eldigitaldeasturias.com\/noticias\/el-gobierno-autoriza-el-cierre-gradual-de-la-termica-de-as-pontes\/"}],"_links":{"self":[{"href":"https:\/\/www.eldigitaldeasturias.com\/noticias\/wp-json\/wp\/v2\/posts\/1116869","targetHints":{"allow":["GET"]}}],"collection":[{"href":"https:\/\/www.eldigitaldeasturias.com\/noticias\/wp-json\/wp\/v2\/posts"}],"about":[{"href":"https:\/\/www.eldigitaldeasturias.com\/noticias\/wp-json\/wp\/v2\/types\/post"}],"author":[{"embeddable":true,"href":"https:\/\/www.eldigitaldeasturias.com\/noticias\/wp-json\/wp\/v2\/users\/1"}],"replies":[{"embeddable":true,"href":"https:\/\/www.eldigitaldeasturias.com\/noticias\/wp-json\/wp\/v2\/comments?post=1116869"}],"version-history":[{"count":0,"href":"https:\/\/www.eldigitaldeasturias.com\/noticias\/wp-json\/wp\/v2\/posts\/1116869\/revisions"}],"wp:featuredmedia":[{"embeddable":true,"href":"https:\/\/www.eldigitaldeasturias.com\/noticias\/wp-json\/wp\/v2\/media\/1116870"}],"wp:attachment":[{"href":"https:\/\/www.eldigitaldeasturias.com\/noticias\/wp-json\/wp\/v2\/media?parent=1116869"}],"wp:term":[{"taxonomy":"category","embeddable":true,"href":"https:\/\/www.eldigitaldeasturias.com\/noticias\/wp-json\/wp\/v2\/categories?post=1116869"},{"taxonomy":"post_tag","embeddable":true,"href":"https:\/\/www.eldigitaldeasturias.com\/noticias\/wp-json\/wp\/v2\/tags?post=1116869"}],"curies":[{"name":"wp","href":"https:\/\/api.w.org\/{rel}","templated":true}]}}