{"id":1116859,"date":"2022-09-21T23:55:17","date_gmt":"2022-09-21T21:55:17","guid":{"rendered":"https:\/\/www.eldigitaldeasturias.com\/noticias\/?p=1116859"},"modified":"2022-09-21T23:55:17","modified_gmt":"2022-09-21T21:55:17","slug":"aprobados-17-proyectos-industriales-en-el-sector-farmaceutico","status":"publish","type":"post","link":"https:\/\/www.eldigitaldeasturias.com\/noticias\/aprobados-17-proyectos-industriales-en-el-sector-farmaceutico\/","title":{"rendered":"Aprobados 17 proyectos industriales en el sector farmac\u00e9utico"},"content":{"rendered":"<p>(EP) &#8211; El Ministerio de <a href=\"https:\/\/www.eldigitaldeasturias.com\/noticias\/category\/negocios-y-empresas\/\"><span style=\"color: #ff6600;\"><strong>Industria<\/strong><\/span><\/a>, Comercio y Turismo ha publicado la resoluci\u00f3n provisional de la l\u00ednea de ayudas a <strong>proyectos estrat\u00e9gicos para la transici\u00f3n industrial del sector farmac\u00e9utico y del sector de productos sanitarios<\/strong>, bajo el &#8216;PERTE Salud de Vanguardia&#8217;, de la que se han beneficiado 17 proyectos movilizando una inversi\u00f3n p\u00fablica de 11 millones de euros.<\/p>\n<figure id=\"attachment_1116860\" aria-describedby=\"caption-attachment-1116860\" style=\"width: 650px\" class=\"wp-caption aligncenter\"><img loading=\"lazy\" decoding=\"async\" class=\"wp-image-1116860 size-large\" src=\"https:\/\/www.eldigitaldeasturias.com\/noticias\/wp-content\/uploads\/2022\/09\/Industria-650x423.jpg\" alt=\"Industria\" width=\"650\" height=\"423\" srcset=\"https:\/\/www.eldigitaldeasturias.com\/noticias\/wp-content\/uploads\/2022\/09\/Industria-650x423.jpg 650w, https:\/\/www.eldigitaldeasturias.com\/noticias\/wp-content\/uploads\/2022\/09\/Industria-360x234.jpg 360w, https:\/\/www.eldigitaldeasturias.com\/noticias\/wp-content\/uploads\/2022\/09\/Industria-462x300.jpg 462w, https:\/\/www.eldigitaldeasturias.com\/noticias\/wp-content\/uploads\/2022\/09\/Industria-768x499.jpg 768w, https:\/\/www.eldigitaldeasturias.com\/noticias\/wp-content\/uploads\/2022\/09\/Industria-150x98.jpg 150w, https:\/\/www.eldigitaldeasturias.com\/noticias\/wp-content\/uploads\/2022\/09\/Industria-450x293.jpg 450w, https:\/\/www.eldigitaldeasturias.com\/noticias\/wp-content\/uploads\/2022\/09\/Industria.jpg 1003w\" sizes=\"auto, (max-width: 650px) 100vw, 650px\" \/><figcaption id=\"caption-attachment-1116860\" class=\"wp-caption-text\">Foto: Ricardo Rubio &#8211; Europa Press<\/figcaption><\/figure>\n<p>En la distribuci\u00f3n de ayudas por comunidades aut\u00f3nomas, destacan Catalu\u00f1a, Castilla y Le\u00f3n y Pa\u00eds Vasco. Asimismo, la convocatoria de concesi\u00f3n de ayudas recibi\u00f3 un total de 26 solicitudes por parte de un total de 24 empresas.<\/p>\n<p>Los solicitantes disponen de un plazo de 10 d\u00edas h\u00e1biles, a contar desde el d\u00eda siguiente a la fecha de notificaci\u00f3n en registro electr\u00f3nico, para formular las alegaciones que estimen pertinentes. En aquellos casos en los que haya variado alguna circunstancia en cuanto a las condiciones de obligado cumplimiento para adquirir la condici\u00f3n de beneficiario, respecto a las acreditadas en el momento de la solicitud, se conceder\u00e1 un plazo de 10 d\u00edas, para que los solicitantes actualicen la informaci\u00f3n aportada.<\/p>\n<p>Las propuestas son provisionales y se encuentran sujetas a las posibles alegaciones de las empresas. Concluido el periodo de alegaciones, el Ministerio evaluar\u00e1 las mismas y propondr\u00e1 propuesta definitiva de ayudas.<\/p>\n","protected":false},"excerpt":{"rendered":"<p>(EP) &#8211; El Ministerio de Industria, Comercio y Turismo ha publicado la resoluci\u00f3n provisional de la l\u00ednea de ayudas a proyectos estrat\u00e9gicos para la transici\u00f3n industrial del sector farmac\u00e9utico y del sector de productos sanitarios, bajo el &#8216;PERTE Salud de Vanguardia&#8217;, de la que se han beneficiado 17 proyectos movilizando una inversi\u00f3n p\u00fablica de 11 [&hellip;]<\/p>\n","protected":false},"author":1,"featured_media":1116860,"comment_status":"closed","ping_status":"closed","sticky":false,"template":"","format":"standard","meta":{"footnotes":""},"categories":[219],"tags":[],"class_list":["post-1116859","post","type-post","status-publish","format-standard","has-post-thumbnail","hentry","category-negocios-y-empresas"],"aioseo_notices":[],"aioseo_head":"\n\t\t<!-- All in One SEO Pro 4.9.6.2 - aioseo.com -->\n\t<meta name=\"description\" content=\"(EP) - El Ministerio de Industria, Comercio y Turismo ha publicado la resoluci\u00f3n provisional de la l\u00ednea de ayudas a proyectos estrat\u00e9gicos para la transici\u00f3n\" \/>\n\t<meta name=\"robots\" content=\"max-image-preview:large\" \/>\n\t<meta name=\"author\" content=\"El Digital de Asturias\"\/>\n\t<meta name=\"google-site-verification\" content=\"UA-38556648-1\" \/>\n\t<meta name=\"msvalidate.01\" content=\"7dfe9f3f1b24437ab69f4f2559babe99\" \/>\n\t<meta name=\"keywords\" content=\"negocios y empresas\" \/>\n\t<link rel=\"canonical\" href=\"https:\/\/www.eldigitaldeasturias.com\/noticias\/aprobados-17-proyectos-industriales-en-el-sector-farmaceutico\/\" \/>\n\t<meta name=\"generator\" content=\"All in One SEO Pro (AIOSEO) 4.9.6.2\" \/>\n\t\t<meta property=\"og:locale\" content=\"es_ES\" \/>\n\t\t<meta property=\"og:site_name\" content=\"El Digital de Asturias\" \/>\n\t\t<meta property=\"og:type\" content=\"article\" \/>\n\t\t<meta property=\"og:title\" content=\"Aprobados 17 proyectos industriales en el sector farmac\u00e9utico - El Digital de Asturias\" \/>\n\t\t<meta property=\"og:description\" content=\"(EP) - El Ministerio de Industria, Comercio y Turismo ha publicado la resoluci\u00f3n provisional de la l\u00ednea de ayudas a proyectos estrat\u00e9gicos para la transici\u00f3n\" \/>\n\t\t<meta property=\"og:url\" content=\"https:\/\/www.eldigitaldeasturias.com\/noticias\/aprobados-17-proyectos-industriales-en-el-sector-farmaceutico\/\" \/>\n\t\t<meta property=\"og:image\" content=\"https:\/\/www.eldigitaldeasturias.com\/noticias\/wp-content\/uploads\/2022\/09\/Industria.jpg\" \/>\n\t\t<meta property=\"og:image:secure_url\" content=\"https:\/\/www.eldigitaldeasturias.com\/noticias\/wp-content\/uploads\/2022\/09\/Industria.jpg\" \/>\n\t\t<meta property=\"og:image:width\" content=\"1003\" \/>\n\t\t<meta property=\"og:image:height\" content=\"652\" \/>\n\t\t<meta property=\"article:tag\" content=\"negocios y empresas\" \/>\n\t\t<meta property=\"article:published_time\" content=\"2022-09-21T21:55:17+00:00\" \/>\n\t\t<meta property=\"article:modified_time\" content=\"2022-09-21T21:55:17+00:00\" \/>\n\t\t<meta property=\"article:publisher\" content=\"https:\/\/facebook.com\/eldigitaldeasturias\" \/>\n\t\t<meta name=\"twitter:card\" content=\"summary_large_image\" \/>\n\t\t<meta name=\"twitter:title\" content=\"Aprobados 17 proyectos industriales en el sector farmac\u00e9utico - El Digital de Asturias\" \/>\n\t\t<meta name=\"twitter:description\" content=\"(EP) - El Ministerio de Industria, Comercio y Turismo ha publicado la resoluci\u00f3n provisional de la l\u00ednea de ayudas a proyectos estrat\u00e9gicos para la transici\u00f3n\" \/>\n\t\t<meta name=\"twitter:image\" content=\"https:\/\/www.eldigitaldeasturias.com\/noticias\/wp-content\/uploads\/2022\/09\/Industria.jpg\" \/>\n\t\t<meta name=\"twitter:label1\" content=\"Escrito por\" \/>\n\t\t<meta name=\"twitter:data1\" content=\"El Digital de Asturias\" \/>\n\t\t<meta name=\"twitter:label2\" content=\"Tiempo de lectura estimado\" \/>\n\t\t<meta name=\"twitter:data2\" content=\"1 minuto\" \/>\n\t\t<script type=\"application\/ld+json\" class=\"aioseo-schema\">\n\t\t\t{\"@context\":\"https:\\\/\\\/schema.org\",\"@graph\":[{\"@type\":\"BlogPosting\",\"@id\":\"https:\\\/\\\/www.eldigitaldeasturias.com\\\/noticias\\\/aprobados-17-proyectos-industriales-en-el-sector-farmaceutico\\\/#blogposting\",\"name\":\"Aprobados 17 proyectos industriales en el sector farmac\\u00e9utico - El Digital de Asturias\",\"headline\":\"Aprobados 17 proyectos industriales en el sector farmac\\u00e9utico\",\"author\":{\"@id\":\"https:\\\/\\\/www.eldigitaldeasturias.com\\\/noticias\\\/author\\\/admin\\\/#author\"},\"publisher\":{\"@id\":\"https:\\\/\\\/www.eldigitaldeasturias.com\\\/noticias\\\/#organization\"},\"image\":{\"@type\":\"ImageObject\",\"url\":\"https:\\\/\\\/www.eldigitaldeasturias.com\\\/noticias\\\/wp-content\\\/uploads\\\/2022\\\/09\\\/Industria.jpg\",\"width\":1003,\"height\":652,\"caption\":\"Foto: Ricardo Rubio - Europa Press\"},\"datePublished\":\"2022-09-21T23:55:17+02:00\",\"dateModified\":\"2022-09-21T23:55:17+02:00\",\"inLanguage\":\"es-ES\",\"mainEntityOfPage\":{\"@id\":\"https:\\\/\\\/www.eldigitaldeasturias.com\\\/noticias\\\/aprobados-17-proyectos-industriales-en-el-sector-farmaceutico\\\/#webpage\"},\"isPartOf\":{\"@id\":\"https:\\\/\\\/www.eldigitaldeasturias.com\\\/noticias\\\/aprobados-17-proyectos-industriales-en-el-sector-farmaceutico\\\/#webpage\"},\"articleSection\":\"Negocios y Empresas\"},{\"@type\":\"BreadcrumbList\",\"@id\":\"https:\\\/\\\/www.eldigitaldeasturias.com\\\/noticias\\\/aprobados-17-proyectos-industriales-en-el-sector-farmaceutico\\\/#breadcrumblist\",\"itemListElement\":[{\"@type\":\"ListItem\",\"@id\":\"https:\\\/\\\/www.eldigitaldeasturias.com\\\/noticias#listItem\",\"position\":1,\"name\":\"Home\",\"item\":\"https:\\\/\\\/www.eldigitaldeasturias.com\\\/noticias\",\"nextItem\":{\"@type\":\"ListItem\",\"@id\":\"https:\\\/\\\/www.eldigitaldeasturias.com\\\/noticias\\\/category\\\/negocios-y-empresas\\\/#listItem\",\"name\":\"Negocios y Empresas\"}},{\"@type\":\"ListItem\",\"@id\":\"https:\\\/\\\/www.eldigitaldeasturias.com\\\/noticias\\\/category\\\/negocios-y-empresas\\\/#listItem\",\"position\":2,\"name\":\"Negocios y Empresas\",\"item\":\"https:\\\/\\\/www.eldigitaldeasturias.com\\\/noticias\\\/category\\\/negocios-y-empresas\\\/\",\"nextItem\":{\"@type\":\"ListItem\",\"@id\":\"https:\\\/\\\/www.eldigitaldeasturias.com\\\/noticias\\\/aprobados-17-proyectos-industriales-en-el-sector-farmaceutico\\\/#listItem\",\"name\":\"Aprobados 17 proyectos industriales en el sector farmac\\u00e9utico\"},\"previousItem\":{\"@type\":\"ListItem\",\"@id\":\"https:\\\/\\\/www.eldigitaldeasturias.com\\\/noticias#listItem\",\"name\":\"Home\"}},{\"@type\":\"ListItem\",\"@id\":\"https:\\\/\\\/www.eldigitaldeasturias.com\\\/noticias\\\/aprobados-17-proyectos-industriales-en-el-sector-farmaceutico\\\/#listItem\",\"position\":3,\"name\":\"Aprobados 17 proyectos industriales en el sector farmac\\u00e9utico\",\"previousItem\":{\"@type\":\"ListItem\",\"@id\":\"https:\\\/\\\/www.eldigitaldeasturias.com\\\/noticias\\\/category\\\/negocios-y-empresas\\\/#listItem\",\"name\":\"Negocios y Empresas\"}}]},{\"@type\":\"Organization\",\"@id\":\"https:\\\/\\\/www.eldigitaldeasturias.com\\\/noticias\\\/#organization\",\"name\":\"El Digital de Asturias\",\"description\":\"Hemeroteca\",\"url\":\"https:\\\/\\\/www.eldigitaldeasturias.com\\\/noticias\\\/\",\"email\":\"info@eldigitaldeasturias.com\",\"telephone\":\"+34652131393\",\"logo\":{\"@type\":\"ImageObject\",\"url\":\"https:\\\/\\\/www.eldigitaldeasturias.com\\\/noticias\\\/wp-content\\\/uploads\\\/2020\\\/12\\\/EDA.jpg\",\"@id\":\"https:\\\/\\\/www.eldigitaldeasturias.com\\\/noticias\\\/aprobados-17-proyectos-industriales-en-el-sector-farmaceutico\\\/#organizationLogo\",\"width\":649,\"height\":297},\"image\":{\"@id\":\"https:\\\/\\\/www.eldigitaldeasturias.com\\\/noticias\\\/aprobados-17-proyectos-industriales-en-el-sector-farmaceutico\\\/#organizationLogo\"},\"sameAs\":[\"https:\\\/\\\/facebook.com\\\/eldigitaldeasturias\",\"https:\\\/\\\/www.youtube.com\\\/channel\\\/UCZP-2wLEB9Rv6erhFmqVnvg\"],\"address\":{\"@id\":\"https:\\\/\\\/www.eldigitaldeasturias.com\\\/noticias\\\/#postaladdress\",\"@type\":\"PostalAddress\",\"streetAddress\":\"san antonio 4,\",\"postalCode\":\"33430\",\"addressLocality\":\"Cand\\u00e1s\",\"addressRegion\":\"Asturias\",\"addressCountry\":\"ES\"}},{\"@type\":\"Person\",\"@id\":\"https:\\\/\\\/www.eldigitaldeasturias.com\\\/noticias\\\/author\\\/admin\\\/#author\",\"url\":\"https:\\\/\\\/www.eldigitaldeasturias.com\\\/noticias\\\/author\\\/admin\\\/\",\"name\":\"El Digital de Asturias\",\"image\":{\"@type\":\"ImageObject\",\"@id\":\"https:\\\/\\\/www.eldigitaldeasturias.com\\\/noticias\\\/aprobados-17-proyectos-industriales-en-el-sector-farmaceutico\\\/#authorImage\",\"url\":\"https:\\\/\\\/www.eldigitaldeasturias.com\\\/noticias\\\/wp-content\\\/litespeed\\\/avatar\\\/18677e78aa0546b92d9dbf31ec7d7668.jpg?ver=1776685526\",\"width\":96,\"height\":96,\"caption\":\"El Digital de Asturias\"}},{\"@type\":\"WebPage\",\"@id\":\"https:\\\/\\\/www.eldigitaldeasturias.com\\\/noticias\\\/aprobados-17-proyectos-industriales-en-el-sector-farmaceutico\\\/#webpage\",\"url\":\"https:\\\/\\\/www.eldigitaldeasturias.com\\\/noticias\\\/aprobados-17-proyectos-industriales-en-el-sector-farmaceutico\\\/\",\"name\":\"Aprobados 17 proyectos industriales en el sector farmac\\u00e9utico - El Digital de Asturias\",\"description\":\"(EP) - El Ministerio de Industria, Comercio y Turismo ha publicado la resoluci\\u00f3n provisional de la l\\u00ednea de ayudas a proyectos estrat\\u00e9gicos para la transici\\u00f3n\",\"inLanguage\":\"es-ES\",\"isPartOf\":{\"@id\":\"https:\\\/\\\/www.eldigitaldeasturias.com\\\/noticias\\\/#website\"},\"breadcrumb\":{\"@id\":\"https:\\\/\\\/www.eldigitaldeasturias.com\\\/noticias\\\/aprobados-17-proyectos-industriales-en-el-sector-farmaceutico\\\/#breadcrumblist\"},\"author\":{\"@id\":\"https:\\\/\\\/www.eldigitaldeasturias.com\\\/noticias\\\/author\\\/admin\\\/#author\"},\"creator\":{\"@id\":\"https:\\\/\\\/www.eldigitaldeasturias.com\\\/noticias\\\/author\\\/admin\\\/#author\"},\"image\":{\"@type\":\"ImageObject\",\"url\":\"https:\\\/\\\/www.eldigitaldeasturias.com\\\/noticias\\\/wp-content\\\/uploads\\\/2022\\\/09\\\/Industria.jpg\",\"@id\":\"https:\\\/\\\/www.eldigitaldeasturias.com\\\/noticias\\\/aprobados-17-proyectos-industriales-en-el-sector-farmaceutico\\\/#mainImage\",\"width\":1003,\"height\":652,\"caption\":\"Foto: Ricardo Rubio - Europa Press\"},\"primaryImageOfPage\":{\"@id\":\"https:\\\/\\\/www.eldigitaldeasturias.com\\\/noticias\\\/aprobados-17-proyectos-industriales-en-el-sector-farmaceutico\\\/#mainImage\"},\"datePublished\":\"2022-09-21T23:55:17+02:00\",\"dateModified\":\"2022-09-21T23:55:17+02:00\"},{\"@type\":\"WebSite\",\"@id\":\"https:\\\/\\\/www.eldigitaldeasturias.com\\\/noticias\\\/#website\",\"url\":\"https:\\\/\\\/www.eldigitaldeasturias.com\\\/noticias\\\/\",\"name\":\"El Digital de Asturias - Diario de actualidad y noticias\",\"alternateName\":\"El Digital de Asturias - Diario de actualidad y noticias\",\"description\":\"Hemeroteca\",\"inLanguage\":\"es-ES\",\"publisher\":{\"@id\":\"https:\\\/\\\/www.eldigitaldeasturias.com\\\/noticias\\\/#organization\"}}]}\n\t\t<\/script>\n\t\t<!-- All in One SEO Pro -->\r\n\t\t<title>Aprobados 17 proyectos industriales en el sector farmac\u00e9utico - El Digital de Asturias<\/title>\n\n","aioseo_head_json":{"title":"Aprobados 17 proyectos industriales en el sector farmac\u00e9utico - El Digital de Asturias","description":"(EP) - El Ministerio de Industria, Comercio y Turismo ha publicado la resoluci\u00f3n provisional de la l\u00ednea de ayudas a proyectos estrat\u00e9gicos para la transici\u00f3n","canonical_url":"https:\/\/www.eldigitaldeasturias.com\/noticias\/aprobados-17-proyectos-industriales-en-el-sector-farmaceutico\/","robots":"max-image-preview:large","keywords":"negocios y empresas","webmasterTools":{"google-site-verification":"UA-38556648-1","msvalidate.01":"7dfe9f3f1b24437ab69f4f2559babe99","miscellaneous":""},"schema":{"@context":"https:\/\/schema.org","@graph":[{"@type":"BlogPosting","@id":"https:\/\/www.eldigitaldeasturias.com\/noticias\/aprobados-17-proyectos-industriales-en-el-sector-farmaceutico\/#blogposting","name":"Aprobados 17 proyectos industriales en el sector farmac\u00e9utico - El Digital de Asturias","headline":"Aprobados 17 proyectos industriales en el sector farmac\u00e9utico","author":{"@id":"https:\/\/www.eldigitaldeasturias.com\/noticias\/author\/admin\/#author"},"publisher":{"@id":"https:\/\/www.eldigitaldeasturias.com\/noticias\/#organization"},"image":{"@type":"ImageObject","url":"https:\/\/www.eldigitaldeasturias.com\/noticias\/wp-content\/uploads\/2022\/09\/Industria.jpg","width":1003,"height":652,"caption":"Foto: Ricardo Rubio - Europa Press"},"datePublished":"2022-09-21T23:55:17+02:00","dateModified":"2022-09-21T23:55:17+02:00","inLanguage":"es-ES","mainEntityOfPage":{"@id":"https:\/\/www.eldigitaldeasturias.com\/noticias\/aprobados-17-proyectos-industriales-en-el-sector-farmaceutico\/#webpage"},"isPartOf":{"@id":"https:\/\/www.eldigitaldeasturias.com\/noticias\/aprobados-17-proyectos-industriales-en-el-sector-farmaceutico\/#webpage"},"articleSection":"Negocios y Empresas"},{"@type":"BreadcrumbList","@id":"https:\/\/www.eldigitaldeasturias.com\/noticias\/aprobados-17-proyectos-industriales-en-el-sector-farmaceutico\/#breadcrumblist","itemListElement":[{"@type":"ListItem","@id":"https:\/\/www.eldigitaldeasturias.com\/noticias#listItem","position":1,"name":"Home","item":"https:\/\/www.eldigitaldeasturias.com\/noticias","nextItem":{"@type":"ListItem","@id":"https:\/\/www.eldigitaldeasturias.com\/noticias\/category\/negocios-y-empresas\/#listItem","name":"Negocios y Empresas"}},{"@type":"ListItem","@id":"https:\/\/www.eldigitaldeasturias.com\/noticias\/category\/negocios-y-empresas\/#listItem","position":2,"name":"Negocios y Empresas","item":"https:\/\/www.eldigitaldeasturias.com\/noticias\/category\/negocios-y-empresas\/","nextItem":{"@type":"ListItem","@id":"https:\/\/www.eldigitaldeasturias.com\/noticias\/aprobados-17-proyectos-industriales-en-el-sector-farmaceutico\/#listItem","name":"Aprobados 17 proyectos industriales en el sector farmac\u00e9utico"},"previousItem":{"@type":"ListItem","@id":"https:\/\/www.eldigitaldeasturias.com\/noticias#listItem","name":"Home"}},{"@type":"ListItem","@id":"https:\/\/www.eldigitaldeasturias.com\/noticias\/aprobados-17-proyectos-industriales-en-el-sector-farmaceutico\/#listItem","position":3,"name":"Aprobados 17 proyectos industriales en el sector farmac\u00e9utico","previousItem":{"@type":"ListItem","@id":"https:\/\/www.eldigitaldeasturias.com\/noticias\/category\/negocios-y-empresas\/#listItem","name":"Negocios y Empresas"}}]},{"@type":"Organization","@id":"https:\/\/www.eldigitaldeasturias.com\/noticias\/#organization","name":"El Digital de Asturias","description":"Hemeroteca","url":"https:\/\/www.eldigitaldeasturias.com\/noticias\/","email":"info@eldigitaldeasturias.com","telephone":"+34652131393","logo":{"@type":"ImageObject","url":"https:\/\/www.eldigitaldeasturias.com\/noticias\/wp-content\/uploads\/2020\/12\/EDA.jpg","@id":"https:\/\/www.eldigitaldeasturias.com\/noticias\/aprobados-17-proyectos-industriales-en-el-sector-farmaceutico\/#organizationLogo","width":649,"height":297},"image":{"@id":"https:\/\/www.eldigitaldeasturias.com\/noticias\/aprobados-17-proyectos-industriales-en-el-sector-farmaceutico\/#organizationLogo"},"sameAs":["https:\/\/facebook.com\/eldigitaldeasturias","https:\/\/www.youtube.com\/channel\/UCZP-2wLEB9Rv6erhFmqVnvg"],"address":{"@id":"https:\/\/www.eldigitaldeasturias.com\/noticias\/#postaladdress","@type":"PostalAddress","streetAddress":"san antonio 4,","postalCode":"33430","addressLocality":"Cand\u00e1s","addressRegion":"Asturias","addressCountry":"ES"}},{"@type":"Person","@id":"https:\/\/www.eldigitaldeasturias.com\/noticias\/author\/admin\/#author","url":"https:\/\/www.eldigitaldeasturias.com\/noticias\/author\/admin\/","name":"El Digital de Asturias","image":{"@type":"ImageObject","@id":"https:\/\/www.eldigitaldeasturias.com\/noticias\/aprobados-17-proyectos-industriales-en-el-sector-farmaceutico\/#authorImage","url":"https:\/\/www.eldigitaldeasturias.com\/noticias\/wp-content\/litespeed\/avatar\/18677e78aa0546b92d9dbf31ec7d7668.jpg?ver=1776685526","width":96,"height":96,"caption":"El Digital de Asturias"}},{"@type":"WebPage","@id":"https:\/\/www.eldigitaldeasturias.com\/noticias\/aprobados-17-proyectos-industriales-en-el-sector-farmaceutico\/#webpage","url":"https:\/\/www.eldigitaldeasturias.com\/noticias\/aprobados-17-proyectos-industriales-en-el-sector-farmaceutico\/","name":"Aprobados 17 proyectos industriales en el sector farmac\u00e9utico - El Digital de Asturias","description":"(EP) - El Ministerio de Industria, Comercio y Turismo ha publicado la resoluci\u00f3n provisional de la l\u00ednea de ayudas a proyectos estrat\u00e9gicos para la transici\u00f3n","inLanguage":"es-ES","isPartOf":{"@id":"https:\/\/www.eldigitaldeasturias.com\/noticias\/#website"},"breadcrumb":{"@id":"https:\/\/www.eldigitaldeasturias.com\/noticias\/aprobados-17-proyectos-industriales-en-el-sector-farmaceutico\/#breadcrumblist"},"author":{"@id":"https:\/\/www.eldigitaldeasturias.com\/noticias\/author\/admin\/#author"},"creator":{"@id":"https:\/\/www.eldigitaldeasturias.com\/noticias\/author\/admin\/#author"},"image":{"@type":"ImageObject","url":"https:\/\/www.eldigitaldeasturias.com\/noticias\/wp-content\/uploads\/2022\/09\/Industria.jpg","@id":"https:\/\/www.eldigitaldeasturias.com\/noticias\/aprobados-17-proyectos-industriales-en-el-sector-farmaceutico\/#mainImage","width":1003,"height":652,"caption":"Foto: Ricardo Rubio - Europa Press"},"primaryImageOfPage":{"@id":"https:\/\/www.eldigitaldeasturias.com\/noticias\/aprobados-17-proyectos-industriales-en-el-sector-farmaceutico\/#mainImage"},"datePublished":"2022-09-21T23:55:17+02:00","dateModified":"2022-09-21T23:55:17+02:00"},{"@type":"WebSite","@id":"https:\/\/www.eldigitaldeasturias.com\/noticias\/#website","url":"https:\/\/www.eldigitaldeasturias.com\/noticias\/","name":"El Digital de Asturias - Diario de actualidad y noticias","alternateName":"El Digital de Asturias - Diario de actualidad y noticias","description":"Hemeroteca","inLanguage":"es-ES","publisher":{"@id":"https:\/\/www.eldigitaldeasturias.com\/noticias\/#organization"}}]},"og:locale":"es_ES","og:site_name":"El Digital de Asturias","og:type":"article","og:title":"Aprobados 17 proyectos industriales en el sector farmac\u00e9utico - El Digital de Asturias","og:description":"(EP) - El Ministerio de Industria, Comercio y Turismo ha publicado la resoluci\u00f3n provisional de la l\u00ednea de ayudas a proyectos estrat\u00e9gicos para la transici\u00f3n","og:url":"https:\/\/www.eldigitaldeasturias.com\/noticias\/aprobados-17-proyectos-industriales-en-el-sector-farmaceutico\/","og:image":"https:\/\/www.eldigitaldeasturias.com\/noticias\/wp-content\/uploads\/2022\/09\/Industria.jpg","og:image:secure_url":"https:\/\/www.eldigitaldeasturias.com\/noticias\/wp-content\/uploads\/2022\/09\/Industria.jpg","og:image:width":1003,"og:image:height":652,"article:tag":["negocios y empresas"],"article:published_time":"2022-09-21T21:55:17+00:00","article:modified_time":"2022-09-21T21:55:17+00:00","article:publisher":"https:\/\/facebook.com\/eldigitaldeasturias","twitter:card":"summary_large_image","twitter:title":"Aprobados 17 proyectos industriales en el sector farmac\u00e9utico - El Digital de Asturias","twitter:description":"(EP) - El Ministerio de Industria, Comercio y Turismo ha publicado la resoluci\u00f3n provisional de la l\u00ednea de ayudas a proyectos estrat\u00e9gicos para la transici\u00f3n","twitter:image":"https:\/\/www.eldigitaldeasturias.com\/noticias\/wp-content\/uploads\/2022\/09\/Industria.jpg","twitter:label1":"Escrito por","twitter:data1":"El Digital de Asturias","twitter:label2":"Tiempo de lectura estimado","twitter:data2":"1 minuto"},"aioseo_meta_data":{"post_id":"1116859","title":null,"description":"(EP) - El Ministerio de Industria, Comercio y Turismo ha publicado la resoluci\u00f3n provisional de la l\u00ednea de ayudas a proyectos estrat\u00e9gicos para la transici\u00f3n","keywords":[],"keyphrases":{"focus":{"keyphrase":"Industria","score":80,"analysis":{"keyphraseInTitle":{"title":"Focus keyphrase in SEO title","description":"Focus keyphrase not found in SEO title.","score":3,"maxScore":9,"error":1},"keyphraseInDescription":{"title":"Focus keyphrase in meta description","description":"Focus keyphrase found in meta description.","score":9,"maxScore":9,"error":0},"keyphraseLength":{"title":"Focus keyphrase length","description":"Good job!","score":9,"maxScore":9,"error":0,"length":1},"keyphraseInURL":{"title":"Focus keyphrase in URL","description":"Focus keyphrase not found in the URL.","score":1,"maxScore":5,"error":1},"keyphraseInIntroduction":{"title":"Focus keyphrase in introduction","description":"Your Focus keyphrase appears in the first paragraph. Well done!","score":9,"maxScore":9,"error":0},"keyphraseInSubHeadings":[],"keyphraseInImageAlt":{"title":"Focus keyphrase in image alt attributes","description":"Focus keyphrase found in image alt attribute(s).","score":9,"maxScore":9,"error":0}}},"additional":[{"keyphrase":"Ministerio de Industria","score":83,"analysis":{"keyphraseInDescription":{"title":"Keyphrase in meta description","description":"Keyphrase found in meta description.","score":9,"maxScore":9,"error":0},"keyphraseLength":{"title":"Keyphrase length","description":"Good job!","score":9,"maxScore":9,"error":0,"length":3},"keyphraseInIntroduction":{"title":"Keyphrase in introduction","description":"Your Keyphrase appears in the first paragraph. Well done!","score":9,"maxScore":9,"error":0},"keyphraseInImageAlt":{"title":"Keyphrase in image alt attributes","description":"Keyphrase not found in image alt attribute(s). Add an image with your Keyphrase as alt text.","score":3,"maxScore":9,"error":1}}},{"keyphrase":"proyectos","score":83,"analysis":{"keyphraseInDescription":{"title":"Keyphrase in meta description","description":"Keyphrase found in meta description.","score":9,"maxScore":9,"error":0},"keyphraseLength":{"title":"Keyphrase length","description":"Good job!","score":9,"maxScore":9,"error":0,"length":1},"keyphraseInIntroduction":{"title":"Keyphrase in introduction","description":"Your Keyphrase appears in the first paragraph. Well done!","score":9,"maxScore":9,"error":0},"keyphraseInImageAlt":{"title":"Keyphrase in image alt attributes","description":"Keyphrase not found in image alt attribute(s). Add an image with your Keyphrase as alt text.","score":3,"maxScore":9,"error":1}}}]},"primary_term":null,"canonical_url":null,"og_title":null,"og_description":null,"og_object_type":"default","og_image_type":"default","og_image_url":null,"og_image_width":null,"og_image_height":null,"og_image_custom_url":null,"og_image_custom_fields":null,"og_video":"","og_custom_url":null,"og_article_section":null,"og_article_tags":[],"twitter_use_og":false,"twitter_card":"default","twitter_image_type":"default","twitter_image_url":null,"twitter_image_custom_url":null,"twitter_image_custom_fields":null,"twitter_title":null,"twitter_description":null,"schema":{"blockGraphs":[],"customGraphs":[],"default":{"data":{"Article":[],"Course":[],"Dataset":[],"FAQPage":[],"Movie":[],"Person":[],"Product":[],"ProductReview":[],"Car":[],"Recipe":[],"Service":[],"SoftwareApplication":[],"WebPage":[]},"graphName":"","isEnabled":true},"graphs":[]},"schema_type":"default","schema_type_options":null,"pillar_content":false,"robots_default":true,"robots_noindex":false,"robots_noarchive":false,"robots_nosnippet":false,"robots_nofollow":false,"robots_noimageindex":false,"robots_noodp":false,"robots_notranslate":false,"robots_max_snippet":"-1","robots_max_videopreview":"-1","robots_max_imagepreview":"large","priority":null,"frequency":"default","local_seo":null,"seo_analyzer_scan_date":"2025-10-03 20:37:35","breadcrumb_settings":null,"limit_modified_date":false,"open_ai":null,"ai":null,"created":"2022-09-21 21:49:43","updated":"2025-10-03 20:37:35"},"aioseo_breadcrumb":"<div class=\"aioseo-breadcrumbs\"><span class=\"aioseo-breadcrumb\">\n\t<a href=\"https:\/\/www.eldigitaldeasturias.com\/noticias\" title=\"Home\">Home<\/a>\n<\/span><span class=\"aioseo-breadcrumb-separator\">\u2013<\/span><span class=\"aioseo-breadcrumb\">\n\t<a href=\"https:\/\/www.eldigitaldeasturias.com\/noticias\/category\/negocios-y-empresas\/\" title=\"Negocios y Empresas\">Negocios y Empresas<\/a>\n<\/span><span class=\"aioseo-breadcrumb-separator\">\u2013<\/span><span class=\"aioseo-breadcrumb\">\n\t<a href=\"https:\/\/www.eldigitaldeasturias.com\/noticias\/aprobados-17-proyectos-industriales-en-el-sector-farmaceutico\/\" title=\"Aprobados 17 proyectos industriales en el sector farmac\u00e9utico\">Aprobados 17 proyectos industriales en el sector farmac\u00e9utico<\/a>\n<\/span><\/div>","aioseo_breadcrumb_json":[{"label":"Home","link":"https:\/\/www.eldigitaldeasturias.com\/noticias"},{"label":"Negocios y Empresas","link":"https:\/\/www.eldigitaldeasturias.com\/noticias\/category\/negocios-y-empresas\/"},{"label":"Aprobados 17 proyectos industriales en el sector farmac\u00e9utico","link":"https:\/\/www.eldigitaldeasturias.com\/noticias\/aprobados-17-proyectos-industriales-en-el-sector-farmaceutico\/"}],"_links":{"self":[{"href":"https:\/\/www.eldigitaldeasturias.com\/noticias\/wp-json\/wp\/v2\/posts\/1116859","targetHints":{"allow":["GET"]}}],"collection":[{"href":"https:\/\/www.eldigitaldeasturias.com\/noticias\/wp-json\/wp\/v2\/posts"}],"about":[{"href":"https:\/\/www.eldigitaldeasturias.com\/noticias\/wp-json\/wp\/v2\/types\/post"}],"author":[{"embeddable":true,"href":"https:\/\/www.eldigitaldeasturias.com\/noticias\/wp-json\/wp\/v2\/users\/1"}],"replies":[{"embeddable":true,"href":"https:\/\/www.eldigitaldeasturias.com\/noticias\/wp-json\/wp\/v2\/comments?post=1116859"}],"version-history":[{"count":0,"href":"https:\/\/www.eldigitaldeasturias.com\/noticias\/wp-json\/wp\/v2\/posts\/1116859\/revisions"}],"wp:featuredmedia":[{"embeddable":true,"href":"https:\/\/www.eldigitaldeasturias.com\/noticias\/wp-json\/wp\/v2\/media\/1116860"}],"wp:attachment":[{"href":"https:\/\/www.eldigitaldeasturias.com\/noticias\/wp-json\/wp\/v2\/media?parent=1116859"}],"wp:term":[{"taxonomy":"category","embeddable":true,"href":"https:\/\/www.eldigitaldeasturias.com\/noticias\/wp-json\/wp\/v2\/categories?post=1116859"},{"taxonomy":"post_tag","embeddable":true,"href":"https:\/\/www.eldigitaldeasturias.com\/noticias\/wp-json\/wp\/v2\/tags?post=1116859"}],"curies":[{"name":"wp","href":"https:\/\/api.w.org\/{rel}","templated":true}]}}