{"id":1116856,"date":"2022-09-21T23:48:39","date_gmt":"2022-09-21T21:48:39","guid":{"rendered":"https:\/\/www.eldigitaldeasturias.com\/noticias\/?p=1116856"},"modified":"2022-09-21T23:48:39","modified_gmt":"2022-09-21T21:48:39","slug":"espana-espera-por-el-visto-bueno-de-bruselas-plan-de-futuro-para-arcelormittal","status":"publish","type":"post","link":"https:\/\/www.eldigitaldeasturias.com\/noticias\/espana-espera-por-el-visto-bueno-de-bruselas-plan-de-futuro-para-arcelormittal\/","title":{"rendered":"Espa\u00f1a espera por el visto bueno de Bruselas plan de futuro para ArcelorMittal"},"content":{"rendered":"<p>(EP) &#8211; La ministra de Industria, Comercio y Turismo, Reyes Maroto, ha afirmado que el Gobierno de Espa\u00f1a est\u00e1 \u00abpresionando\u00bb a Bruselas para recibir el visto bueno al plan de descarbonizaci\u00f3n de las <a href=\"https:\/\/www.eldigitaldeasturias.com\/noticias\/category\/actualidad-asturias\/\"><span style=\"color: #ff6600;\"><strong>plantas en Asturias<\/strong><\/span><\/a> y en Pa\u00eds Vasco de ArcelorMittal, compa\u00f1\u00eda que la pasada semana plante\u00f3 un Expediente de Regulaci\u00f3n Temporal de Empleo (ERTE) para sus trabajadores en Espa\u00f1a que aplicar\u00eda hasta 2023.<\/p>\n<figure id=\"attachment_1116857\" aria-describedby=\"caption-attachment-1116857\" style=\"width: 622px\" class=\"wp-caption aligncenter\"><img loading=\"lazy\" decoding=\"async\" class=\"wp-image-1116857 size-large\" src=\"https:\/\/www.eldigitaldeasturias.com\/noticias\/wp-content\/uploads\/2022\/09\/Maroto-622x480.jpg\" alt=\"Maroto\" width=\"622\" height=\"480\" srcset=\"https:\/\/www.eldigitaldeasturias.com\/noticias\/wp-content\/uploads\/2022\/09\/Maroto-622x480.jpg 622w, https:\/\/www.eldigitaldeasturias.com\/noticias\/wp-content\/uploads\/2022\/09\/Maroto-360x278.jpg 360w, https:\/\/www.eldigitaldeasturias.com\/noticias\/wp-content\/uploads\/2022\/09\/Maroto-389x300.jpg 389w, https:\/\/www.eldigitaldeasturias.com\/noticias\/wp-content\/uploads\/2022\/09\/Maroto-768x593.jpg 768w, https:\/\/www.eldigitaldeasturias.com\/noticias\/wp-content\/uploads\/2022\/09\/Maroto-150x116.jpg 150w, https:\/\/www.eldigitaldeasturias.com\/noticias\/wp-content\/uploads\/2022\/09\/Maroto-450x347.jpg 450w, https:\/\/www.eldigitaldeasturias.com\/noticias\/wp-content\/uploads\/2022\/09\/Maroto.jpg 850w\" sizes=\"auto, (max-width: 622px) 100vw, 622px\" \/><figcaption id=\"caption-attachment-1116857\" class=\"wp-caption-text\">Foto: EDUARDO PARRA \/ EP<\/figcaption><\/figure>\n<p>En un Desayuno Informativo organizado por Europa Press, Maroto indic\u00f3 que se est\u00e1 trabajando con ArcelorMittal en un proyecto de descarbonizaci\u00f3n de toda su cadena industrial para producir acero verde, \u00abun proyecto que mira al futuro y que se est\u00e1 evaluando por la Comisi\u00f3n Europea\u00bb.<\/p>\n<p>Por ello, asegur\u00f3 que se est\u00e1 \u00abinsistiendo\u00bb a Bruselas para su aprobaci\u00f3n y transmiti\u00e9ndoles \u00absu urgencia\u00bb, ya que lo que los trabajadores \u00abnecesitan saber que hay un proyecto de futuro y que el Gobierno lo va a acompa\u00f1ar\u00bb.<\/p>\n<p>A este respecto, Maroto record\u00f3 que el pasado mes de mayo firm\u00f3 en Davos (Suiza) con el CEO de ArcelorMittal, Aditya Mittal, un acuerdo para avanzar en este plan. <strong>\u00abEstamos presionando a la UE para que ese proyecto, vinculado al hidr\u00f3geno verde, se apruebe\u00bb, dijo.<\/strong><\/p>\n<p>En concreto, se trata de un proyecto de inversi\u00f3n p\u00fablico-privada que tiene el apoyo del Gobierno de Espa\u00f1a y del Gobierno de Asturias y supone un paso fundamental en la consolidaci\u00f3n de capacidades productivas para la fabricaci\u00f3n de acero con tecnolog\u00edas m\u00e1s sostenibles, lo que contribuir\u00e1 al proceso de descarbonizaci\u00f3n de este sector electrointensivo.<\/p>\n<p>El acuerdo establece que el Ministerio de Industria, dentro del Plan de Recuperaci\u00f3n, Transformaci\u00f3n y Resiliencia, facilitar\u00e1 financiaci\u00f3n para la construcci\u00f3n de un horno el\u00e9ctrico en Gij\u00f3n, una planta de reducci\u00f3n directa del mineral de hierro (DRI) con hidr\u00f3geno verde en esa misma instalaci\u00f3n y la posibilidad de un nuevo horno el\u00e9ctrico en Avil\u00e9s.<\/p>\n","protected":false},"excerpt":{"rendered":"<p>(EP) &#8211; La ministra de Industria, Comercio y Turismo, Reyes Maroto, ha afirmado que el Gobierno de Espa\u00f1a est\u00e1 \u00abpresionando\u00bb a Bruselas para recibir el visto bueno al plan de descarbonizaci\u00f3n de las plantas en Asturias y en Pa\u00eds Vasco de ArcelorMittal, compa\u00f1\u00eda que la pasada semana plante\u00f3 un Expediente de Regulaci\u00f3n Temporal de Empleo [&hellip;]<\/p>\n","protected":false},"author":1,"featured_media":1116857,"comment_status":"closed","ping_status":"closed","sticky":false,"template":"","format":"standard","meta":{"footnotes":""},"categories":[187],"tags":[],"class_list":["post-1116856","post","type-post","status-publish","format-standard","has-post-thumbnail","hentry","category-economia"],"aioseo_notices":[],"aioseo_head":"\n\t\t<!-- All in One SEO Pro 4.9.6.2 - aioseo.com -->\n\t<meta name=\"description\" content=\"(EP) - La ministra de Industria, Comercio y Turismo, Reyes Maroto, ha afirmado que el Gobierno de Espa\u00f1a est\u00e1 &quot;presionando&quot; a Bruselas para recibir\" \/>\n\t<meta name=\"robots\" content=\"max-image-preview:large\" \/>\n\t<meta name=\"author\" content=\"El Digital de Asturias\"\/>\n\t<meta name=\"google-site-verification\" content=\"UA-38556648-1\" \/>\n\t<meta name=\"msvalidate.01\" content=\"7dfe9f3f1b24437ab69f4f2559babe99\" \/>\n\t<meta name=\"keywords\" content=\"econom\u00eda\" \/>\n\t<link rel=\"canonical\" href=\"https:\/\/www.eldigitaldeasturias.com\/noticias\/espana-espera-por-el-visto-bueno-de-bruselas-plan-de-futuro-para-arcelormittal\/\" \/>\n\t<meta name=\"generator\" content=\"All in One SEO Pro (AIOSEO) 4.9.6.2\" \/>\n\t\t<meta property=\"og:locale\" content=\"es_ES\" \/>\n\t\t<meta property=\"og:site_name\" content=\"El Digital de Asturias\" \/>\n\t\t<meta property=\"og:type\" content=\"article\" \/>\n\t\t<meta property=\"og:title\" content=\"Espa\u00f1a espera por el visto bueno de Bruselas plan de futuro para ArcelorMittal - El Digital de Asturias\" \/>\n\t\t<meta property=\"og:description\" content=\"(EP) - La ministra de Industria, Comercio y Turismo, Reyes Maroto, ha afirmado que el Gobierno de Espa\u00f1a est\u00e1 &quot;presionando&quot; a Bruselas para recibir\" \/>\n\t\t<meta property=\"og:url\" content=\"https:\/\/www.eldigitaldeasturias.com\/noticias\/espana-espera-por-el-visto-bueno-de-bruselas-plan-de-futuro-para-arcelormittal\/\" \/>\n\t\t<meta property=\"og:image\" content=\"https:\/\/www.eldigitaldeasturias.com\/noticias\/wp-content\/uploads\/2022\/09\/Maroto.jpg\" \/>\n\t\t<meta property=\"og:image:secure_url\" content=\"https:\/\/www.eldigitaldeasturias.com\/noticias\/wp-content\/uploads\/2022\/09\/Maroto.jpg\" \/>\n\t\t<meta property=\"og:image:width\" content=\"850\" \/>\n\t\t<meta property=\"og:image:height\" content=\"656\" \/>\n\t\t<meta property=\"article:tag\" content=\"econom\u00eda\" \/>\n\t\t<meta property=\"article:published_time\" content=\"2022-09-21T21:48:39+00:00\" \/>\n\t\t<meta property=\"article:modified_time\" content=\"2022-09-21T21:48:39+00:00\" \/>\n\t\t<meta property=\"article:publisher\" content=\"https:\/\/facebook.com\/eldigitaldeasturias\" \/>\n\t\t<meta name=\"twitter:card\" content=\"summary_large_image\" \/>\n\t\t<meta name=\"twitter:title\" content=\"Espa\u00f1a espera por el visto bueno de Bruselas plan de futuro para ArcelorMittal - El Digital de Asturias\" \/>\n\t\t<meta name=\"twitter:description\" content=\"(EP) - La ministra de Industria, Comercio y Turismo, Reyes Maroto, ha afirmado que el Gobierno de Espa\u00f1a est\u00e1 &quot;presionando&quot; a Bruselas para recibir\" \/>\n\t\t<meta name=\"twitter:image\" content=\"https:\/\/www.eldigitaldeasturias.com\/noticias\/wp-content\/uploads\/2022\/09\/Maroto.jpg\" \/>\n\t\t<meta name=\"twitter:label1\" content=\"Escrito por\" \/>\n\t\t<meta name=\"twitter:data1\" content=\"El Digital de Asturias\" \/>\n\t\t<meta name=\"twitter:label2\" content=\"Tiempo de lectura estimado\" \/>\n\t\t<meta name=\"twitter:data2\" content=\"2 minutos\" \/>\n\t\t<script type=\"application\/ld+json\" class=\"aioseo-schema\">\n\t\t\t{\"@context\":\"https:\\\/\\\/schema.org\",\"@graph\":[{\"@type\":\"BlogPosting\",\"@id\":\"https:\\\/\\\/www.eldigitaldeasturias.com\\\/noticias\\\/espana-espera-por-el-visto-bueno-de-bruselas-plan-de-futuro-para-arcelormittal\\\/#blogposting\",\"name\":\"Espa\\u00f1a espera por el visto bueno de Bruselas plan de futuro para ArcelorMittal - El Digital de Asturias\",\"headline\":\"Espa\\u00f1a espera por el visto bueno de Bruselas plan de futuro para ArcelorMittal\",\"author\":{\"@id\":\"https:\\\/\\\/www.eldigitaldeasturias.com\\\/noticias\\\/author\\\/admin\\\/#author\"},\"publisher\":{\"@id\":\"https:\\\/\\\/www.eldigitaldeasturias.com\\\/noticias\\\/#organization\"},\"image\":{\"@type\":\"ImageObject\",\"url\":\"https:\\\/\\\/www.eldigitaldeasturias.com\\\/noticias\\\/wp-content\\\/uploads\\\/2022\\\/09\\\/Maroto.jpg\",\"width\":850,\"height\":656,\"caption\":\"Foto: EDUARDO PARRA \\\/ EP\"},\"datePublished\":\"2022-09-21T23:48:39+02:00\",\"dateModified\":\"2022-09-21T23:48:39+02:00\",\"inLanguage\":\"es-ES\",\"mainEntityOfPage\":{\"@id\":\"https:\\\/\\\/www.eldigitaldeasturias.com\\\/noticias\\\/espana-espera-por-el-visto-bueno-de-bruselas-plan-de-futuro-para-arcelormittal\\\/#webpage\"},\"isPartOf\":{\"@id\":\"https:\\\/\\\/www.eldigitaldeasturias.com\\\/noticias\\\/espana-espera-por-el-visto-bueno-de-bruselas-plan-de-futuro-para-arcelormittal\\\/#webpage\"},\"articleSection\":\"Econom\\u00eda\"},{\"@type\":\"BreadcrumbList\",\"@id\":\"https:\\\/\\\/www.eldigitaldeasturias.com\\\/noticias\\\/espana-espera-por-el-visto-bueno-de-bruselas-plan-de-futuro-para-arcelormittal\\\/#breadcrumblist\",\"itemListElement\":[{\"@type\":\"ListItem\",\"@id\":\"https:\\\/\\\/www.eldigitaldeasturias.com\\\/noticias#listItem\",\"position\":1,\"name\":\"Home\",\"item\":\"https:\\\/\\\/www.eldigitaldeasturias.com\\\/noticias\",\"nextItem\":{\"@type\":\"ListItem\",\"@id\":\"https:\\\/\\\/www.eldigitaldeasturias.com\\\/noticias\\\/category\\\/economia\\\/#listItem\",\"name\":\"Econom\\u00eda\"}},{\"@type\":\"ListItem\",\"@id\":\"https:\\\/\\\/www.eldigitaldeasturias.com\\\/noticias\\\/category\\\/economia\\\/#listItem\",\"position\":2,\"name\":\"Econom\\u00eda\",\"item\":\"https:\\\/\\\/www.eldigitaldeasturias.com\\\/noticias\\\/category\\\/economia\\\/\",\"nextItem\":{\"@type\":\"ListItem\",\"@id\":\"https:\\\/\\\/www.eldigitaldeasturias.com\\\/noticias\\\/espana-espera-por-el-visto-bueno-de-bruselas-plan-de-futuro-para-arcelormittal\\\/#listItem\",\"name\":\"Espa\\u00f1a espera por el visto bueno de Bruselas plan de futuro para ArcelorMittal\"},\"previousItem\":{\"@type\":\"ListItem\",\"@id\":\"https:\\\/\\\/www.eldigitaldeasturias.com\\\/noticias#listItem\",\"name\":\"Home\"}},{\"@type\":\"ListItem\",\"@id\":\"https:\\\/\\\/www.eldigitaldeasturias.com\\\/noticias\\\/espana-espera-por-el-visto-bueno-de-bruselas-plan-de-futuro-para-arcelormittal\\\/#listItem\",\"position\":3,\"name\":\"Espa\\u00f1a espera por el visto bueno de Bruselas plan de futuro para ArcelorMittal\",\"previousItem\":{\"@type\":\"ListItem\",\"@id\":\"https:\\\/\\\/www.eldigitaldeasturias.com\\\/noticias\\\/category\\\/economia\\\/#listItem\",\"name\":\"Econom\\u00eda\"}}]},{\"@type\":\"Organization\",\"@id\":\"https:\\\/\\\/www.eldigitaldeasturias.com\\\/noticias\\\/#organization\",\"name\":\"El Digital de Asturias\",\"description\":\"Hemeroteca\",\"url\":\"https:\\\/\\\/www.eldigitaldeasturias.com\\\/noticias\\\/\",\"email\":\"info@eldigitaldeasturias.com\",\"telephone\":\"+34652131393\",\"logo\":{\"@type\":\"ImageObject\",\"url\":\"https:\\\/\\\/www.eldigitaldeasturias.com\\\/noticias\\\/wp-content\\\/uploads\\\/2020\\\/12\\\/EDA.jpg\",\"@id\":\"https:\\\/\\\/www.eldigitaldeasturias.com\\\/noticias\\\/espana-espera-por-el-visto-bueno-de-bruselas-plan-de-futuro-para-arcelormittal\\\/#organizationLogo\",\"width\":649,\"height\":297},\"image\":{\"@id\":\"https:\\\/\\\/www.eldigitaldeasturias.com\\\/noticias\\\/espana-espera-por-el-visto-bueno-de-bruselas-plan-de-futuro-para-arcelormittal\\\/#organizationLogo\"},\"sameAs\":[\"https:\\\/\\\/facebook.com\\\/eldigitaldeasturias\",\"https:\\\/\\\/www.youtube.com\\\/channel\\\/UCZP-2wLEB9Rv6erhFmqVnvg\"],\"address\":{\"@id\":\"https:\\\/\\\/www.eldigitaldeasturias.com\\\/noticias\\\/#postaladdress\",\"@type\":\"PostalAddress\",\"streetAddress\":\"san antonio 4,\",\"postalCode\":\"33430\",\"addressLocality\":\"Cand\\u00e1s\",\"addressRegion\":\"Asturias\",\"addressCountry\":\"ES\"}},{\"@type\":\"Person\",\"@id\":\"https:\\\/\\\/www.eldigitaldeasturias.com\\\/noticias\\\/author\\\/admin\\\/#author\",\"url\":\"https:\\\/\\\/www.eldigitaldeasturias.com\\\/noticias\\\/author\\\/admin\\\/\",\"name\":\"El Digital de Asturias\",\"image\":{\"@type\":\"ImageObject\",\"@id\":\"https:\\\/\\\/www.eldigitaldeasturias.com\\\/noticias\\\/espana-espera-por-el-visto-bueno-de-bruselas-plan-de-futuro-para-arcelormittal\\\/#authorImage\",\"url\":\"https:\\\/\\\/www.eldigitaldeasturias.com\\\/noticias\\\/wp-content\\\/litespeed\\\/avatar\\\/18677e78aa0546b92d9dbf31ec7d7668.jpg?ver=1776685526\",\"width\":96,\"height\":96,\"caption\":\"El Digital de Asturias\"}},{\"@type\":\"WebPage\",\"@id\":\"https:\\\/\\\/www.eldigitaldeasturias.com\\\/noticias\\\/espana-espera-por-el-visto-bueno-de-bruselas-plan-de-futuro-para-arcelormittal\\\/#webpage\",\"url\":\"https:\\\/\\\/www.eldigitaldeasturias.com\\\/noticias\\\/espana-espera-por-el-visto-bueno-de-bruselas-plan-de-futuro-para-arcelormittal\\\/\",\"name\":\"Espa\\u00f1a espera por el visto bueno de Bruselas plan de futuro para ArcelorMittal - El Digital de Asturias\",\"description\":\"(EP) - La ministra de Industria, Comercio y Turismo, Reyes Maroto, ha afirmado que el Gobierno de Espa\\u00f1a est\\u00e1 \\\"presionando\\\" a Bruselas para recibir\",\"inLanguage\":\"es-ES\",\"isPartOf\":{\"@id\":\"https:\\\/\\\/www.eldigitaldeasturias.com\\\/noticias\\\/#website\"},\"breadcrumb\":{\"@id\":\"https:\\\/\\\/www.eldigitaldeasturias.com\\\/noticias\\\/espana-espera-por-el-visto-bueno-de-bruselas-plan-de-futuro-para-arcelormittal\\\/#breadcrumblist\"},\"author\":{\"@id\":\"https:\\\/\\\/www.eldigitaldeasturias.com\\\/noticias\\\/author\\\/admin\\\/#author\"},\"creator\":{\"@id\":\"https:\\\/\\\/www.eldigitaldeasturias.com\\\/noticias\\\/author\\\/admin\\\/#author\"},\"image\":{\"@type\":\"ImageObject\",\"url\":\"https:\\\/\\\/www.eldigitaldeasturias.com\\\/noticias\\\/wp-content\\\/uploads\\\/2022\\\/09\\\/Maroto.jpg\",\"@id\":\"https:\\\/\\\/www.eldigitaldeasturias.com\\\/noticias\\\/espana-espera-por-el-visto-bueno-de-bruselas-plan-de-futuro-para-arcelormittal\\\/#mainImage\",\"width\":850,\"height\":656,\"caption\":\"Foto: EDUARDO PARRA \\\/ EP\"},\"primaryImageOfPage\":{\"@id\":\"https:\\\/\\\/www.eldigitaldeasturias.com\\\/noticias\\\/espana-espera-por-el-visto-bueno-de-bruselas-plan-de-futuro-para-arcelormittal\\\/#mainImage\"},\"datePublished\":\"2022-09-21T23:48:39+02:00\",\"dateModified\":\"2022-09-21T23:48:39+02:00\"},{\"@type\":\"WebSite\",\"@id\":\"https:\\\/\\\/www.eldigitaldeasturias.com\\\/noticias\\\/#website\",\"url\":\"https:\\\/\\\/www.eldigitaldeasturias.com\\\/noticias\\\/\",\"name\":\"El Digital de Asturias - Diario de actualidad y noticias\",\"alternateName\":\"El Digital de Asturias - Diario de actualidad y noticias\",\"description\":\"Hemeroteca\",\"inLanguage\":\"es-ES\",\"publisher\":{\"@id\":\"https:\\\/\\\/www.eldigitaldeasturias.com\\\/noticias\\\/#organization\"}}]}\n\t\t<\/script>\n\t\t<!-- All in One SEO Pro -->\r\n\t\t<title>Espa\u00f1a espera por el visto bueno de Bruselas plan de futuro para ArcelorMittal - El Digital de Asturias<\/title>\n\n","aioseo_head_json":{"title":"Espa\u00f1a espera por el visto bueno de Bruselas plan de futuro para ArcelorMittal - El Digital de Asturias","description":"(EP) - La ministra de Industria, Comercio y Turismo, Reyes Maroto, ha afirmado que el Gobierno de Espa\u00f1a est\u00e1 \"presionando\" a Bruselas para recibir","canonical_url":"https:\/\/www.eldigitaldeasturias.com\/noticias\/espana-espera-por-el-visto-bueno-de-bruselas-plan-de-futuro-para-arcelormittal\/","robots":"max-image-preview:large","keywords":"econom\u00eda","webmasterTools":{"google-site-verification":"UA-38556648-1","msvalidate.01":"7dfe9f3f1b24437ab69f4f2559babe99","miscellaneous":""},"schema":{"@context":"https:\/\/schema.org","@graph":[{"@type":"BlogPosting","@id":"https:\/\/www.eldigitaldeasturias.com\/noticias\/espana-espera-por-el-visto-bueno-de-bruselas-plan-de-futuro-para-arcelormittal\/#blogposting","name":"Espa\u00f1a espera por el visto bueno de Bruselas plan de futuro para ArcelorMittal - El Digital de Asturias","headline":"Espa\u00f1a espera por el visto bueno de Bruselas plan de futuro para ArcelorMittal","author":{"@id":"https:\/\/www.eldigitaldeasturias.com\/noticias\/author\/admin\/#author"},"publisher":{"@id":"https:\/\/www.eldigitaldeasturias.com\/noticias\/#organization"},"image":{"@type":"ImageObject","url":"https:\/\/www.eldigitaldeasturias.com\/noticias\/wp-content\/uploads\/2022\/09\/Maroto.jpg","width":850,"height":656,"caption":"Foto: EDUARDO PARRA \/ EP"},"datePublished":"2022-09-21T23:48:39+02:00","dateModified":"2022-09-21T23:48:39+02:00","inLanguage":"es-ES","mainEntityOfPage":{"@id":"https:\/\/www.eldigitaldeasturias.com\/noticias\/espana-espera-por-el-visto-bueno-de-bruselas-plan-de-futuro-para-arcelormittal\/#webpage"},"isPartOf":{"@id":"https:\/\/www.eldigitaldeasturias.com\/noticias\/espana-espera-por-el-visto-bueno-de-bruselas-plan-de-futuro-para-arcelormittal\/#webpage"},"articleSection":"Econom\u00eda"},{"@type":"BreadcrumbList","@id":"https:\/\/www.eldigitaldeasturias.com\/noticias\/espana-espera-por-el-visto-bueno-de-bruselas-plan-de-futuro-para-arcelormittal\/#breadcrumblist","itemListElement":[{"@type":"ListItem","@id":"https:\/\/www.eldigitaldeasturias.com\/noticias#listItem","position":1,"name":"Home","item":"https:\/\/www.eldigitaldeasturias.com\/noticias","nextItem":{"@type":"ListItem","@id":"https:\/\/www.eldigitaldeasturias.com\/noticias\/category\/economia\/#listItem","name":"Econom\u00eda"}},{"@type":"ListItem","@id":"https:\/\/www.eldigitaldeasturias.com\/noticias\/category\/economia\/#listItem","position":2,"name":"Econom\u00eda","item":"https:\/\/www.eldigitaldeasturias.com\/noticias\/category\/economia\/","nextItem":{"@type":"ListItem","@id":"https:\/\/www.eldigitaldeasturias.com\/noticias\/espana-espera-por-el-visto-bueno-de-bruselas-plan-de-futuro-para-arcelormittal\/#listItem","name":"Espa\u00f1a espera por el visto bueno de Bruselas plan de futuro para ArcelorMittal"},"previousItem":{"@type":"ListItem","@id":"https:\/\/www.eldigitaldeasturias.com\/noticias#listItem","name":"Home"}},{"@type":"ListItem","@id":"https:\/\/www.eldigitaldeasturias.com\/noticias\/espana-espera-por-el-visto-bueno-de-bruselas-plan-de-futuro-para-arcelormittal\/#listItem","position":3,"name":"Espa\u00f1a espera por el visto bueno de Bruselas plan de futuro para ArcelorMittal","previousItem":{"@type":"ListItem","@id":"https:\/\/www.eldigitaldeasturias.com\/noticias\/category\/economia\/#listItem","name":"Econom\u00eda"}}]},{"@type":"Organization","@id":"https:\/\/www.eldigitaldeasturias.com\/noticias\/#organization","name":"El Digital de Asturias","description":"Hemeroteca","url":"https:\/\/www.eldigitaldeasturias.com\/noticias\/","email":"info@eldigitaldeasturias.com","telephone":"+34652131393","logo":{"@type":"ImageObject","url":"https:\/\/www.eldigitaldeasturias.com\/noticias\/wp-content\/uploads\/2020\/12\/EDA.jpg","@id":"https:\/\/www.eldigitaldeasturias.com\/noticias\/espana-espera-por-el-visto-bueno-de-bruselas-plan-de-futuro-para-arcelormittal\/#organizationLogo","width":649,"height":297},"image":{"@id":"https:\/\/www.eldigitaldeasturias.com\/noticias\/espana-espera-por-el-visto-bueno-de-bruselas-plan-de-futuro-para-arcelormittal\/#organizationLogo"},"sameAs":["https:\/\/facebook.com\/eldigitaldeasturias","https:\/\/www.youtube.com\/channel\/UCZP-2wLEB9Rv6erhFmqVnvg"],"address":{"@id":"https:\/\/www.eldigitaldeasturias.com\/noticias\/#postaladdress","@type":"PostalAddress","streetAddress":"san antonio 4,","postalCode":"33430","addressLocality":"Cand\u00e1s","addressRegion":"Asturias","addressCountry":"ES"}},{"@type":"Person","@id":"https:\/\/www.eldigitaldeasturias.com\/noticias\/author\/admin\/#author","url":"https:\/\/www.eldigitaldeasturias.com\/noticias\/author\/admin\/","name":"El Digital de Asturias","image":{"@type":"ImageObject","@id":"https:\/\/www.eldigitaldeasturias.com\/noticias\/espana-espera-por-el-visto-bueno-de-bruselas-plan-de-futuro-para-arcelormittal\/#authorImage","url":"https:\/\/www.eldigitaldeasturias.com\/noticias\/wp-content\/litespeed\/avatar\/18677e78aa0546b92d9dbf31ec7d7668.jpg?ver=1776685526","width":96,"height":96,"caption":"El Digital de Asturias"}},{"@type":"WebPage","@id":"https:\/\/www.eldigitaldeasturias.com\/noticias\/espana-espera-por-el-visto-bueno-de-bruselas-plan-de-futuro-para-arcelormittal\/#webpage","url":"https:\/\/www.eldigitaldeasturias.com\/noticias\/espana-espera-por-el-visto-bueno-de-bruselas-plan-de-futuro-para-arcelormittal\/","name":"Espa\u00f1a espera por el visto bueno de Bruselas plan de futuro para ArcelorMittal - El Digital de Asturias","description":"(EP) - La ministra de Industria, Comercio y Turismo, Reyes Maroto, ha afirmado que el Gobierno de Espa\u00f1a est\u00e1 \"presionando\" a Bruselas para recibir","inLanguage":"es-ES","isPartOf":{"@id":"https:\/\/www.eldigitaldeasturias.com\/noticias\/#website"},"breadcrumb":{"@id":"https:\/\/www.eldigitaldeasturias.com\/noticias\/espana-espera-por-el-visto-bueno-de-bruselas-plan-de-futuro-para-arcelormittal\/#breadcrumblist"},"author":{"@id":"https:\/\/www.eldigitaldeasturias.com\/noticias\/author\/admin\/#author"},"creator":{"@id":"https:\/\/www.eldigitaldeasturias.com\/noticias\/author\/admin\/#author"},"image":{"@type":"ImageObject","url":"https:\/\/www.eldigitaldeasturias.com\/noticias\/wp-content\/uploads\/2022\/09\/Maroto.jpg","@id":"https:\/\/www.eldigitaldeasturias.com\/noticias\/espana-espera-por-el-visto-bueno-de-bruselas-plan-de-futuro-para-arcelormittal\/#mainImage","width":850,"height":656,"caption":"Foto: EDUARDO PARRA \/ EP"},"primaryImageOfPage":{"@id":"https:\/\/www.eldigitaldeasturias.com\/noticias\/espana-espera-por-el-visto-bueno-de-bruselas-plan-de-futuro-para-arcelormittal\/#mainImage"},"datePublished":"2022-09-21T23:48:39+02:00","dateModified":"2022-09-21T23:48:39+02:00"},{"@type":"WebSite","@id":"https:\/\/www.eldigitaldeasturias.com\/noticias\/#website","url":"https:\/\/www.eldigitaldeasturias.com\/noticias\/","name":"El Digital de Asturias - Diario de actualidad y noticias","alternateName":"El Digital de Asturias - Diario de actualidad y noticias","description":"Hemeroteca","inLanguage":"es-ES","publisher":{"@id":"https:\/\/www.eldigitaldeasturias.com\/noticias\/#organization"}}]},"og:locale":"es_ES","og:site_name":"El Digital de Asturias","og:type":"article","og:title":"Espa\u00f1a espera por el visto bueno de Bruselas plan de futuro para ArcelorMittal - El Digital de Asturias","og:description":"(EP) - La ministra de Industria, Comercio y Turismo, Reyes Maroto, ha afirmado que el Gobierno de Espa\u00f1a est\u00e1 &quot;presionando&quot; a Bruselas para recibir","og:url":"https:\/\/www.eldigitaldeasturias.com\/noticias\/espana-espera-por-el-visto-bueno-de-bruselas-plan-de-futuro-para-arcelormittal\/","og:image":"https:\/\/www.eldigitaldeasturias.com\/noticias\/wp-content\/uploads\/2022\/09\/Maroto.jpg","og:image:secure_url":"https:\/\/www.eldigitaldeasturias.com\/noticias\/wp-content\/uploads\/2022\/09\/Maroto.jpg","og:image:width":850,"og:image:height":656,"article:tag":["econom\u00eda"],"article:published_time":"2022-09-21T21:48:39+00:00","article:modified_time":"2022-09-21T21:48:39+00:00","article:publisher":"https:\/\/facebook.com\/eldigitaldeasturias","twitter:card":"summary_large_image","twitter:title":"Espa\u00f1a espera por el visto bueno de Bruselas plan de futuro para ArcelorMittal - El Digital de Asturias","twitter:description":"(EP) - La ministra de Industria, Comercio y Turismo, Reyes Maroto, ha afirmado que el Gobierno de Espa\u00f1a est\u00e1 &quot;presionando&quot; a Bruselas para recibir","twitter:image":"https:\/\/www.eldigitaldeasturias.com\/noticias\/wp-content\/uploads\/2022\/09\/Maroto.jpg","twitter:label1":"Escrito por","twitter:data1":"El Digital de Asturias","twitter:label2":"Tiempo de lectura estimado","twitter:data2":"2 minutos"},"aioseo_meta_data":{"post_id":"1116856","title":null,"description":"(EP) - La ministra de Industria, Comercio y Turismo, Reyes Maroto, ha afirmado que el Gobierno de Espa\u00f1a est\u00e1 \"presionando\" a Bruselas para recibir","keywords":[],"keyphrases":{"focus":{"keyphrase":"Maroto","score":80,"analysis":{"keyphraseInTitle":{"title":"Focus keyphrase in SEO title","description":"Focus keyphrase not found in SEO title.","score":3,"maxScore":9,"error":1},"keyphraseInDescription":{"title":"Focus keyphrase in meta description","description":"Focus keyphrase found in meta description.","score":9,"maxScore":9,"error":0},"keyphraseLength":{"title":"Focus keyphrase length","description":"Good job!","score":9,"maxScore":9,"error":0,"length":1},"keyphraseInURL":{"title":"Focus keyphrase in URL","description":"Focus keyphrase not found in the URL.","score":1,"maxScore":5,"error":1},"keyphraseInIntroduction":{"title":"Focus keyphrase in introduction","description":"Your Focus keyphrase appears in the first paragraph. Well done!","score":9,"maxScore":9,"error":0},"keyphraseInSubHeadings":[],"keyphraseInImageAlt":{"title":"Focus keyphrase in image alt attributes","description":"Focus keyphrase found in image alt attribute(s).","score":9,"maxScore":9,"error":0}}},"additional":[{"keyphrase":"Espa\u00f1a","score":83,"analysis":{"keyphraseInDescription":{"title":"Keyphrase in meta description","description":"Keyphrase found in meta description.","score":9,"maxScore":9,"error":0},"keyphraseLength":{"title":"Keyphrase length","description":"Good job!","score":9,"maxScore":9,"error":0,"length":1},"keyphraseInIntroduction":{"title":"Keyphrase in introduction","description":"Your Keyphrase appears in the first paragraph. Well done!","score":9,"maxScore":9,"error":0},"keyphraseInImageAlt":{"title":"Keyphrase in image alt attributes","description":"Keyphrase not found in image alt attribute(s). Add an image with your Keyphrase as alt text.","score":3,"maxScore":9,"error":1}}}]},"primary_term":null,"canonical_url":null,"og_title":null,"og_description":null,"og_object_type":"default","og_image_type":"default","og_image_url":null,"og_image_width":null,"og_image_height":null,"og_image_custom_url":null,"og_image_custom_fields":null,"og_video":"","og_custom_url":null,"og_article_section":null,"og_article_tags":[],"twitter_use_og":false,"twitter_card":"default","twitter_image_type":"default","twitter_image_url":null,"twitter_image_custom_url":null,"twitter_image_custom_fields":null,"twitter_title":null,"twitter_description":null,"schema":{"blockGraphs":[],"customGraphs":[],"default":{"data":{"Article":[],"Course":[],"Dataset":[],"FAQPage":[],"Movie":[],"Person":[],"Product":[],"ProductReview":[],"Car":[],"Recipe":[],"Service":[],"SoftwareApplication":[],"WebPage":[]},"graphName":"","isEnabled":true},"graphs":[]},"schema_type":"default","schema_type_options":null,"pillar_content":false,"robots_default":true,"robots_noindex":false,"robots_noarchive":false,"robots_nosnippet":false,"robots_nofollow":false,"robots_noimageindex":false,"robots_noodp":false,"robots_notranslate":false,"robots_max_snippet":"-1","robots_max_videopreview":"-1","robots_max_imagepreview":"large","priority":null,"frequency":"default","local_seo":null,"seo_analyzer_scan_date":"2025-10-03 20:37:23","breadcrumb_settings":null,"limit_modified_date":false,"open_ai":null,"ai":null,"created":"2022-09-21 21:43:45","updated":"2025-10-03 20:37:23"},"aioseo_breadcrumb":"<div class=\"aioseo-breadcrumbs\"><span class=\"aioseo-breadcrumb\">\n\t<a href=\"https:\/\/www.eldigitaldeasturias.com\/noticias\" title=\"Home\">Home<\/a>\n<\/span><span class=\"aioseo-breadcrumb-separator\">\u2013<\/span><span class=\"aioseo-breadcrumb\">\n\t<a href=\"https:\/\/www.eldigitaldeasturias.com\/noticias\/category\/economia\/\" title=\"Econom\u00eda\">Econom\u00eda<\/a>\n<\/span><span class=\"aioseo-breadcrumb-separator\">\u2013<\/span><span class=\"aioseo-breadcrumb\">\n\t<a href=\"https:\/\/www.eldigitaldeasturias.com\/noticias\/espana-espera-por-el-visto-bueno-de-bruselas-plan-de-futuro-para-arcelormittal\/\" title=\"Espa\u00f1a espera por el visto bueno de Bruselas plan de futuro para ArcelorMittal\">Espa\u00f1a espera por el visto bueno de Bruselas plan de futuro para ArcelorMittal<\/a>\n<\/span><\/div>","aioseo_breadcrumb_json":[{"label":"Home","link":"https:\/\/www.eldigitaldeasturias.com\/noticias"},{"label":"Econom\u00eda","link":"https:\/\/www.eldigitaldeasturias.com\/noticias\/category\/economia\/"},{"label":"Espa\u00f1a espera por el visto bueno de Bruselas plan de futuro para ArcelorMittal","link":"https:\/\/www.eldigitaldeasturias.com\/noticias\/espana-espera-por-el-visto-bueno-de-bruselas-plan-de-futuro-para-arcelormittal\/"}],"_links":{"self":[{"href":"https:\/\/www.eldigitaldeasturias.com\/noticias\/wp-json\/wp\/v2\/posts\/1116856","targetHints":{"allow":["GET"]}}],"collection":[{"href":"https:\/\/www.eldigitaldeasturias.com\/noticias\/wp-json\/wp\/v2\/posts"}],"about":[{"href":"https:\/\/www.eldigitaldeasturias.com\/noticias\/wp-json\/wp\/v2\/types\/post"}],"author":[{"embeddable":true,"href":"https:\/\/www.eldigitaldeasturias.com\/noticias\/wp-json\/wp\/v2\/users\/1"}],"replies":[{"embeddable":true,"href":"https:\/\/www.eldigitaldeasturias.com\/noticias\/wp-json\/wp\/v2\/comments?post=1116856"}],"version-history":[{"count":0,"href":"https:\/\/www.eldigitaldeasturias.com\/noticias\/wp-json\/wp\/v2\/posts\/1116856\/revisions"}],"wp:featuredmedia":[{"embeddable":true,"href":"https:\/\/www.eldigitaldeasturias.com\/noticias\/wp-json\/wp\/v2\/media\/1116857"}],"wp:attachment":[{"href":"https:\/\/www.eldigitaldeasturias.com\/noticias\/wp-json\/wp\/v2\/media?parent=1116856"}],"wp:term":[{"taxonomy":"category","embeddable":true,"href":"https:\/\/www.eldigitaldeasturias.com\/noticias\/wp-json\/wp\/v2\/categories?post=1116856"},{"taxonomy":"post_tag","embeddable":true,"href":"https:\/\/www.eldigitaldeasturias.com\/noticias\/wp-json\/wp\/v2\/tags?post=1116856"}],"curies":[{"name":"wp","href":"https:\/\/api.w.org\/{rel}","templated":true}]}}