{"id":1116809,"date":"2022-09-21T16:11:08","date_gmt":"2022-09-21T14:11:08","guid":{"rendered":"https:\/\/www.eldigitaldeasturias.com\/noticias\/?p=1116809"},"modified":"2022-09-21T16:11:08","modified_gmt":"2022-09-21T14:11:08","slug":"republica-checa-aprueba-un-tope-a-los-precios-de-la-electricidad-y-el-gas","status":"publish","type":"post","link":"https:\/\/www.eldigitaldeasturias.com\/noticias\/republica-checa-aprueba-un-tope-a-los-precios-de-la-electricidad-y-el-gas\/","title":{"rendered":"Rep\u00fablica Checa aprueba un tope a los precios de la electricidad y el gas"},"content":{"rendered":"<p>(EP) &#8211; El Parlamento de Rep\u00fablica Checa ha aprobado este martes una reforma a la legislaci\u00f3n para imponer un tope a los precios de la electricidad y el gas como medida para intentar aliviar la econom\u00eda de los hogares y las peque\u00f1as empresas desde el 1 de noviembre.<\/p>\n<p><img loading=\"lazy\" decoding=\"async\" class=\"aligncenter wp-image-1116810 size-full\" src=\"https:\/\/www.eldigitaldeasturias.com\/noticias\/wp-content\/uploads\/2022\/09\/gas.jpg\" alt=\"gas\" width=\"640\" height=\"480\" srcset=\"https:\/\/www.eldigitaldeasturias.com\/noticias\/wp-content\/uploads\/2022\/09\/gas.jpg 640w, https:\/\/www.eldigitaldeasturias.com\/noticias\/wp-content\/uploads\/2022\/09\/gas-360x270.jpg 360w, https:\/\/www.eldigitaldeasturias.com\/noticias\/wp-content\/uploads\/2022\/09\/gas-400x300.jpg 400w, https:\/\/www.eldigitaldeasturias.com\/noticias\/wp-content\/uploads\/2022\/09\/gas-150x113.jpg 150w, https:\/\/www.eldigitaldeasturias.com\/noticias\/wp-content\/uploads\/2022\/09\/gas-450x338.jpg 450w\" sizes=\"auto, (max-width: 640px) 100vw, 640px\" \/><\/p>\n<p>Tras ser aprobado por el Parlamento, el Senado ha validado el proyecto de ley propuesto por el Gabinete del primer ministro, Petr Fiala, que limita a seis coronas (0,24 euros) el precio m\u00e1ximo del kilovatio hora (kWh). La nueva legislaci\u00f3n tendr\u00e1 que ser firmada por el presidente checo, Milos Zeman, antes de entrar en vigor, seg\u00fan ha recogido DPA.<\/p>\n<p>El gas tendr\u00e1 un precio m\u00e1ximo de tres coronas (0,12 euros) por kilovatio hora (kWh) lo que, sumado al precio tope de la electricidad, deber\u00eda repercutir para que el precio m\u00e1ximo que paguen los hogares y las empresas por kilovatio hora (kWh) se encuentre entre las 7 y 9 coronas (0,29 y 0,37 euros, respectivamente).<\/p>\n<p>El Estado asumir\u00e1 la diferencia entre el tope y el precio real que, seg\u00fan el Ministerio de Hacienda checo, ascender\u00e1 a 130.000 millones de coronas (5.300 millones de euros), seg\u00fan inform\u00f3 entonces el diario &#8216;iDNES&#8217; cuando el Gobierno present\u00f3 la propuesta.<\/p>\n<p>Rep\u00fablica Checa es exportadora neta de electricidad gracias a sus centrales nucleares de Temelin y Dukovany, ambas en el sur del pa\u00eds. No obstante, el pa\u00eds lleva meses sufriendo el aumento de los costes de la energ\u00eda como el resto de pa\u00edses miembros de la Uni\u00f3n Europea.<\/p>\n<p>Unas 70.000 personas se reunieron en la Plaza de Wenceslao en Praga a principios de este mes, exigiendo la dimisi\u00f3n del Gabinete y el fin de las sanciones a Rusia, impuestas despu\u00e9s de que Mosc\u00fa atacara a Ucrania, tal y como ha recordado DPA.<\/p>\n<p>Muchos pa\u00edses europeos dependen en gran medida del gas de Rusia, pero Mosc\u00fa ha interrumpido o reducido dr\u00e1sticamente los suministros a varios pa\u00edses en represalia por las sanciones impuestas a causa de la guerra. Eso ha dejado a muchos gobiernos europeos luchando por encontrar alternativas, temerosos de la escasez en el invierno que se avecina.<\/p>\n","protected":false},"excerpt":{"rendered":"<p>(EP) &#8211; El Parlamento de Rep\u00fablica Checa ha aprobado este martes una reforma a la legislaci\u00f3n para imponer un tope a los precios de la electricidad y el gas como medida para intentar aliviar la econom\u00eda de los hogares y las peque\u00f1as empresas desde el 1 de noviembre. Tras ser aprobado por el Parlamento, el [&hellip;]<\/p>\n","protected":false},"author":1,"featured_media":1116810,"comment_status":"closed","ping_status":"closed","sticky":false,"template":"","format":"standard","meta":{"footnotes":""},"categories":[187],"tags":[],"class_list":["post-1116809","post","type-post","status-publish","format-standard","has-post-thumbnail","hentry","category-economia"],"aioseo_notices":[],"aioseo_head":"\n\t\t<!-- All in One SEO Pro 4.9.6.2 - aioseo.com -->\n\t<meta name=\"description\" content=\"(EP) - El Parlamento de Rep\u00fablica Checa ha aprobado este martes una reforma a la legislaci\u00f3n para imponer un tope a los precios de la electricidad y el gas\" \/>\n\t<meta name=\"robots\" content=\"max-image-preview:large\" \/>\n\t<meta name=\"author\" content=\"El Digital de Asturias\"\/>\n\t<meta name=\"google-site-verification\" content=\"UA-38556648-1\" \/>\n\t<meta name=\"msvalidate.01\" content=\"7dfe9f3f1b24437ab69f4f2559babe99\" \/>\n\t<meta name=\"keywords\" content=\"econom\u00eda\" \/>\n\t<link rel=\"canonical\" href=\"https:\/\/www.eldigitaldeasturias.com\/noticias\/republica-checa-aprueba-un-tope-a-los-precios-de-la-electricidad-y-el-gas\/\" \/>\n\t<meta name=\"generator\" content=\"All in One SEO Pro (AIOSEO) 4.9.6.2\" \/>\n\t\t<meta property=\"og:locale\" content=\"es_ES\" \/>\n\t\t<meta property=\"og:site_name\" content=\"El Digital de Asturias\" \/>\n\t\t<meta property=\"og:type\" content=\"article\" \/>\n\t\t<meta property=\"og:title\" content=\"Rep\u00fablica Checa aprueba un tope a los precios de la electricidad y el gas - El Digital de Asturias\" \/>\n\t\t<meta property=\"og:description\" content=\"(EP) - El Parlamento de Rep\u00fablica Checa ha aprobado este martes una reforma a la legislaci\u00f3n para imponer un tope a los precios de la electricidad y el gas\" \/>\n\t\t<meta property=\"og:url\" content=\"https:\/\/www.eldigitaldeasturias.com\/noticias\/republica-checa-aprueba-un-tope-a-los-precios-de-la-electricidad-y-el-gas\/\" \/>\n\t\t<meta property=\"og:image\" content=\"https:\/\/www.eldigitaldeasturias.com\/noticias\/wp-content\/uploads\/2022\/09\/gas.jpg\" \/>\n\t\t<meta property=\"og:image:secure_url\" content=\"https:\/\/www.eldigitaldeasturias.com\/noticias\/wp-content\/uploads\/2022\/09\/gas.jpg\" \/>\n\t\t<meta property=\"og:image:width\" content=\"640\" \/>\n\t\t<meta property=\"og:image:height\" content=\"480\" \/>\n\t\t<meta property=\"article:tag\" content=\"econom\u00eda\" \/>\n\t\t<meta property=\"article:published_time\" content=\"2022-09-21T14:11:08+00:00\" \/>\n\t\t<meta property=\"article:modified_time\" content=\"2022-09-21T14:11:08+00:00\" \/>\n\t\t<meta property=\"article:publisher\" content=\"https:\/\/facebook.com\/eldigitaldeasturias\" \/>\n\t\t<meta name=\"twitter:card\" content=\"summary_large_image\" \/>\n\t\t<meta name=\"twitter:title\" content=\"Rep\u00fablica Checa aprueba un tope a los precios de la electricidad y el gas - El Digital de Asturias\" \/>\n\t\t<meta name=\"twitter:description\" content=\"(EP) - El Parlamento de Rep\u00fablica Checa ha aprobado este martes una reforma a la legislaci\u00f3n para imponer un tope a los precios de la electricidad y el gas\" \/>\n\t\t<meta name=\"twitter:image\" content=\"https:\/\/www.eldigitaldeasturias.com\/noticias\/wp-content\/uploads\/2022\/09\/gas.jpg\" \/>\n\t\t<meta name=\"twitter:label1\" content=\"Escrito por\" \/>\n\t\t<meta name=\"twitter:data1\" content=\"El Digital de Asturias\" \/>\n\t\t<meta name=\"twitter:label2\" content=\"Tiempo de lectura estimado\" \/>\n\t\t<meta name=\"twitter:data2\" content=\"2 minutos\" \/>\n\t\t<script type=\"application\/ld+json\" class=\"aioseo-schema\">\n\t\t\t{\"@context\":\"https:\\\/\\\/schema.org\",\"@graph\":[{\"@type\":\"BlogPosting\",\"@id\":\"https:\\\/\\\/www.eldigitaldeasturias.com\\\/noticias\\\/republica-checa-aprueba-un-tope-a-los-precios-de-la-electricidad-y-el-gas\\\/#blogposting\",\"name\":\"Rep\\u00fablica Checa aprueba un tope a los precios de la electricidad y el gas - El Digital de Asturias\",\"headline\":\"Rep\\u00fablica Checa aprueba un tope a los precios de la electricidad y el gas\",\"author\":{\"@id\":\"https:\\\/\\\/www.eldigitaldeasturias.com\\\/noticias\\\/author\\\/admin\\\/#author\"},\"publisher\":{\"@id\":\"https:\\\/\\\/www.eldigitaldeasturias.com\\\/noticias\\\/#organization\"},\"image\":{\"@type\":\"ImageObject\",\"url\":\"https:\\\/\\\/www.eldigitaldeasturias.com\\\/noticias\\\/wp-content\\\/uploads\\\/2022\\\/09\\\/gas.jpg\",\"width\":640,\"height\":480,\"caption\":\"gas\"},\"datePublished\":\"2022-09-21T16:11:08+02:00\",\"dateModified\":\"2022-09-21T16:11:08+02:00\",\"inLanguage\":\"es-ES\",\"mainEntityOfPage\":{\"@id\":\"https:\\\/\\\/www.eldigitaldeasturias.com\\\/noticias\\\/republica-checa-aprueba-un-tope-a-los-precios-de-la-electricidad-y-el-gas\\\/#webpage\"},\"isPartOf\":{\"@id\":\"https:\\\/\\\/www.eldigitaldeasturias.com\\\/noticias\\\/republica-checa-aprueba-un-tope-a-los-precios-de-la-electricidad-y-el-gas\\\/#webpage\"},\"articleSection\":\"Econom\\u00eda\"},{\"@type\":\"BreadcrumbList\",\"@id\":\"https:\\\/\\\/www.eldigitaldeasturias.com\\\/noticias\\\/republica-checa-aprueba-un-tope-a-los-precios-de-la-electricidad-y-el-gas\\\/#breadcrumblist\",\"itemListElement\":[{\"@type\":\"ListItem\",\"@id\":\"https:\\\/\\\/www.eldigitaldeasturias.com\\\/noticias#listItem\",\"position\":1,\"name\":\"Home\",\"item\":\"https:\\\/\\\/www.eldigitaldeasturias.com\\\/noticias\",\"nextItem\":{\"@type\":\"ListItem\",\"@id\":\"https:\\\/\\\/www.eldigitaldeasturias.com\\\/noticias\\\/category\\\/economia\\\/#listItem\",\"name\":\"Econom\\u00eda\"}},{\"@type\":\"ListItem\",\"@id\":\"https:\\\/\\\/www.eldigitaldeasturias.com\\\/noticias\\\/category\\\/economia\\\/#listItem\",\"position\":2,\"name\":\"Econom\\u00eda\",\"item\":\"https:\\\/\\\/www.eldigitaldeasturias.com\\\/noticias\\\/category\\\/economia\\\/\",\"nextItem\":{\"@type\":\"ListItem\",\"@id\":\"https:\\\/\\\/www.eldigitaldeasturias.com\\\/noticias\\\/republica-checa-aprueba-un-tope-a-los-precios-de-la-electricidad-y-el-gas\\\/#listItem\",\"name\":\"Rep\\u00fablica Checa aprueba un tope a los precios de la electricidad y el gas\"},\"previousItem\":{\"@type\":\"ListItem\",\"@id\":\"https:\\\/\\\/www.eldigitaldeasturias.com\\\/noticias#listItem\",\"name\":\"Home\"}},{\"@type\":\"ListItem\",\"@id\":\"https:\\\/\\\/www.eldigitaldeasturias.com\\\/noticias\\\/republica-checa-aprueba-un-tope-a-los-precios-de-la-electricidad-y-el-gas\\\/#listItem\",\"position\":3,\"name\":\"Rep\\u00fablica Checa aprueba un tope a los precios de la electricidad y el gas\",\"previousItem\":{\"@type\":\"ListItem\",\"@id\":\"https:\\\/\\\/www.eldigitaldeasturias.com\\\/noticias\\\/category\\\/economia\\\/#listItem\",\"name\":\"Econom\\u00eda\"}}]},{\"@type\":\"Organization\",\"@id\":\"https:\\\/\\\/www.eldigitaldeasturias.com\\\/noticias\\\/#organization\",\"name\":\"El Digital de Asturias\",\"description\":\"Hemeroteca\",\"url\":\"https:\\\/\\\/www.eldigitaldeasturias.com\\\/noticias\\\/\",\"email\":\"info@eldigitaldeasturias.com\",\"telephone\":\"+34652131393\",\"logo\":{\"@type\":\"ImageObject\",\"url\":\"https:\\\/\\\/www.eldigitaldeasturias.com\\\/noticias\\\/wp-content\\\/uploads\\\/2020\\\/12\\\/EDA.jpg\",\"@id\":\"https:\\\/\\\/www.eldigitaldeasturias.com\\\/noticias\\\/republica-checa-aprueba-un-tope-a-los-precios-de-la-electricidad-y-el-gas\\\/#organizationLogo\",\"width\":649,\"height\":297},\"image\":{\"@id\":\"https:\\\/\\\/www.eldigitaldeasturias.com\\\/noticias\\\/republica-checa-aprueba-un-tope-a-los-precios-de-la-electricidad-y-el-gas\\\/#organizationLogo\"},\"sameAs\":[\"https:\\\/\\\/facebook.com\\\/eldigitaldeasturias\",\"https:\\\/\\\/www.youtube.com\\\/channel\\\/UCZP-2wLEB9Rv6erhFmqVnvg\"],\"address\":{\"@id\":\"https:\\\/\\\/www.eldigitaldeasturias.com\\\/noticias\\\/#postaladdress\",\"@type\":\"PostalAddress\",\"streetAddress\":\"san antonio 4,\",\"postalCode\":\"33430\",\"addressLocality\":\"Cand\\u00e1s\",\"addressRegion\":\"Asturias\",\"addressCountry\":\"ES\"}},{\"@type\":\"Person\",\"@id\":\"https:\\\/\\\/www.eldigitaldeasturias.com\\\/noticias\\\/author\\\/admin\\\/#author\",\"url\":\"https:\\\/\\\/www.eldigitaldeasturias.com\\\/noticias\\\/author\\\/admin\\\/\",\"name\":\"El Digital de Asturias\",\"image\":{\"@type\":\"ImageObject\",\"@id\":\"https:\\\/\\\/www.eldigitaldeasturias.com\\\/noticias\\\/republica-checa-aprueba-un-tope-a-los-precios-de-la-electricidad-y-el-gas\\\/#authorImage\",\"url\":\"https:\\\/\\\/www.eldigitaldeasturias.com\\\/noticias\\\/wp-content\\\/litespeed\\\/avatar\\\/18677e78aa0546b92d9dbf31ec7d7668.jpg?ver=1776685526\",\"width\":96,\"height\":96,\"caption\":\"El Digital de Asturias\"}},{\"@type\":\"WebPage\",\"@id\":\"https:\\\/\\\/www.eldigitaldeasturias.com\\\/noticias\\\/republica-checa-aprueba-un-tope-a-los-precios-de-la-electricidad-y-el-gas\\\/#webpage\",\"url\":\"https:\\\/\\\/www.eldigitaldeasturias.com\\\/noticias\\\/republica-checa-aprueba-un-tope-a-los-precios-de-la-electricidad-y-el-gas\\\/\",\"name\":\"Rep\\u00fablica Checa aprueba un tope a los precios de la electricidad y el gas - El Digital de Asturias\",\"description\":\"(EP) - El Parlamento de Rep\\u00fablica Checa ha aprobado este martes una reforma a la legislaci\\u00f3n para imponer un tope a los precios de la electricidad y el gas\",\"inLanguage\":\"es-ES\",\"isPartOf\":{\"@id\":\"https:\\\/\\\/www.eldigitaldeasturias.com\\\/noticias\\\/#website\"},\"breadcrumb\":{\"@id\":\"https:\\\/\\\/www.eldigitaldeasturias.com\\\/noticias\\\/republica-checa-aprueba-un-tope-a-los-precios-de-la-electricidad-y-el-gas\\\/#breadcrumblist\"},\"author\":{\"@id\":\"https:\\\/\\\/www.eldigitaldeasturias.com\\\/noticias\\\/author\\\/admin\\\/#author\"},\"creator\":{\"@id\":\"https:\\\/\\\/www.eldigitaldeasturias.com\\\/noticias\\\/author\\\/admin\\\/#author\"},\"image\":{\"@type\":\"ImageObject\",\"url\":\"https:\\\/\\\/www.eldigitaldeasturias.com\\\/noticias\\\/wp-content\\\/uploads\\\/2022\\\/09\\\/gas.jpg\",\"@id\":\"https:\\\/\\\/www.eldigitaldeasturias.com\\\/noticias\\\/republica-checa-aprueba-un-tope-a-los-precios-de-la-electricidad-y-el-gas\\\/#mainImage\",\"width\":640,\"height\":480,\"caption\":\"gas\"},\"primaryImageOfPage\":{\"@id\":\"https:\\\/\\\/www.eldigitaldeasturias.com\\\/noticias\\\/republica-checa-aprueba-un-tope-a-los-precios-de-la-electricidad-y-el-gas\\\/#mainImage\"},\"datePublished\":\"2022-09-21T16:11:08+02:00\",\"dateModified\":\"2022-09-21T16:11:08+02:00\"},{\"@type\":\"WebSite\",\"@id\":\"https:\\\/\\\/www.eldigitaldeasturias.com\\\/noticias\\\/#website\",\"url\":\"https:\\\/\\\/www.eldigitaldeasturias.com\\\/noticias\\\/\",\"name\":\"El Digital de Asturias - Diario de actualidad y noticias\",\"alternateName\":\"El Digital de Asturias - Diario de actualidad y noticias\",\"description\":\"Hemeroteca\",\"inLanguage\":\"es-ES\",\"publisher\":{\"@id\":\"https:\\\/\\\/www.eldigitaldeasturias.com\\\/noticias\\\/#organization\"}}]}\n\t\t<\/script>\n\t\t<!-- All in One SEO Pro -->\r\n\t\t<title>Rep\u00fablica Checa aprueba un tope a los precios de la electricidad y el gas - El Digital de Asturias<\/title>\n\n","aioseo_head_json":{"title":"Rep\u00fablica Checa aprueba un tope a los precios de la electricidad y el gas - El Digital de Asturias","description":"(EP) - El Parlamento de Rep\u00fablica Checa ha aprobado este martes una reforma a la legislaci\u00f3n para imponer un tope a los precios de la electricidad y el gas","canonical_url":"https:\/\/www.eldigitaldeasturias.com\/noticias\/republica-checa-aprueba-un-tope-a-los-precios-de-la-electricidad-y-el-gas\/","robots":"max-image-preview:large","keywords":"econom\u00eda","webmasterTools":{"google-site-verification":"UA-38556648-1","msvalidate.01":"7dfe9f3f1b24437ab69f4f2559babe99","miscellaneous":""},"schema":{"@context":"https:\/\/schema.org","@graph":[{"@type":"BlogPosting","@id":"https:\/\/www.eldigitaldeasturias.com\/noticias\/republica-checa-aprueba-un-tope-a-los-precios-de-la-electricidad-y-el-gas\/#blogposting","name":"Rep\u00fablica Checa aprueba un tope a los precios de la electricidad y el gas - El Digital de Asturias","headline":"Rep\u00fablica Checa aprueba un tope a los precios de la electricidad y el gas","author":{"@id":"https:\/\/www.eldigitaldeasturias.com\/noticias\/author\/admin\/#author"},"publisher":{"@id":"https:\/\/www.eldigitaldeasturias.com\/noticias\/#organization"},"image":{"@type":"ImageObject","url":"https:\/\/www.eldigitaldeasturias.com\/noticias\/wp-content\/uploads\/2022\/09\/gas.jpg","width":640,"height":480,"caption":"gas"},"datePublished":"2022-09-21T16:11:08+02:00","dateModified":"2022-09-21T16:11:08+02:00","inLanguage":"es-ES","mainEntityOfPage":{"@id":"https:\/\/www.eldigitaldeasturias.com\/noticias\/republica-checa-aprueba-un-tope-a-los-precios-de-la-electricidad-y-el-gas\/#webpage"},"isPartOf":{"@id":"https:\/\/www.eldigitaldeasturias.com\/noticias\/republica-checa-aprueba-un-tope-a-los-precios-de-la-electricidad-y-el-gas\/#webpage"},"articleSection":"Econom\u00eda"},{"@type":"BreadcrumbList","@id":"https:\/\/www.eldigitaldeasturias.com\/noticias\/republica-checa-aprueba-un-tope-a-los-precios-de-la-electricidad-y-el-gas\/#breadcrumblist","itemListElement":[{"@type":"ListItem","@id":"https:\/\/www.eldigitaldeasturias.com\/noticias#listItem","position":1,"name":"Home","item":"https:\/\/www.eldigitaldeasturias.com\/noticias","nextItem":{"@type":"ListItem","@id":"https:\/\/www.eldigitaldeasturias.com\/noticias\/category\/economia\/#listItem","name":"Econom\u00eda"}},{"@type":"ListItem","@id":"https:\/\/www.eldigitaldeasturias.com\/noticias\/category\/economia\/#listItem","position":2,"name":"Econom\u00eda","item":"https:\/\/www.eldigitaldeasturias.com\/noticias\/category\/economia\/","nextItem":{"@type":"ListItem","@id":"https:\/\/www.eldigitaldeasturias.com\/noticias\/republica-checa-aprueba-un-tope-a-los-precios-de-la-electricidad-y-el-gas\/#listItem","name":"Rep\u00fablica Checa aprueba un tope a los precios de la electricidad y el gas"},"previousItem":{"@type":"ListItem","@id":"https:\/\/www.eldigitaldeasturias.com\/noticias#listItem","name":"Home"}},{"@type":"ListItem","@id":"https:\/\/www.eldigitaldeasturias.com\/noticias\/republica-checa-aprueba-un-tope-a-los-precios-de-la-electricidad-y-el-gas\/#listItem","position":3,"name":"Rep\u00fablica Checa aprueba un tope a los precios de la electricidad y el gas","previousItem":{"@type":"ListItem","@id":"https:\/\/www.eldigitaldeasturias.com\/noticias\/category\/economia\/#listItem","name":"Econom\u00eda"}}]},{"@type":"Organization","@id":"https:\/\/www.eldigitaldeasturias.com\/noticias\/#organization","name":"El Digital de Asturias","description":"Hemeroteca","url":"https:\/\/www.eldigitaldeasturias.com\/noticias\/","email":"info@eldigitaldeasturias.com","telephone":"+34652131393","logo":{"@type":"ImageObject","url":"https:\/\/www.eldigitaldeasturias.com\/noticias\/wp-content\/uploads\/2020\/12\/EDA.jpg","@id":"https:\/\/www.eldigitaldeasturias.com\/noticias\/republica-checa-aprueba-un-tope-a-los-precios-de-la-electricidad-y-el-gas\/#organizationLogo","width":649,"height":297},"image":{"@id":"https:\/\/www.eldigitaldeasturias.com\/noticias\/republica-checa-aprueba-un-tope-a-los-precios-de-la-electricidad-y-el-gas\/#organizationLogo"},"sameAs":["https:\/\/facebook.com\/eldigitaldeasturias","https:\/\/www.youtube.com\/channel\/UCZP-2wLEB9Rv6erhFmqVnvg"],"address":{"@id":"https:\/\/www.eldigitaldeasturias.com\/noticias\/#postaladdress","@type":"PostalAddress","streetAddress":"san antonio 4,","postalCode":"33430","addressLocality":"Cand\u00e1s","addressRegion":"Asturias","addressCountry":"ES"}},{"@type":"Person","@id":"https:\/\/www.eldigitaldeasturias.com\/noticias\/author\/admin\/#author","url":"https:\/\/www.eldigitaldeasturias.com\/noticias\/author\/admin\/","name":"El Digital de Asturias","image":{"@type":"ImageObject","@id":"https:\/\/www.eldigitaldeasturias.com\/noticias\/republica-checa-aprueba-un-tope-a-los-precios-de-la-electricidad-y-el-gas\/#authorImage","url":"https:\/\/www.eldigitaldeasturias.com\/noticias\/wp-content\/litespeed\/avatar\/18677e78aa0546b92d9dbf31ec7d7668.jpg?ver=1776685526","width":96,"height":96,"caption":"El Digital de Asturias"}},{"@type":"WebPage","@id":"https:\/\/www.eldigitaldeasturias.com\/noticias\/republica-checa-aprueba-un-tope-a-los-precios-de-la-electricidad-y-el-gas\/#webpage","url":"https:\/\/www.eldigitaldeasturias.com\/noticias\/republica-checa-aprueba-un-tope-a-los-precios-de-la-electricidad-y-el-gas\/","name":"Rep\u00fablica Checa aprueba un tope a los precios de la electricidad y el gas - El Digital de Asturias","description":"(EP) - El Parlamento de Rep\u00fablica Checa ha aprobado este martes una reforma a la legislaci\u00f3n para imponer un tope a los precios de la electricidad y el gas","inLanguage":"es-ES","isPartOf":{"@id":"https:\/\/www.eldigitaldeasturias.com\/noticias\/#website"},"breadcrumb":{"@id":"https:\/\/www.eldigitaldeasturias.com\/noticias\/republica-checa-aprueba-un-tope-a-los-precios-de-la-electricidad-y-el-gas\/#breadcrumblist"},"author":{"@id":"https:\/\/www.eldigitaldeasturias.com\/noticias\/author\/admin\/#author"},"creator":{"@id":"https:\/\/www.eldigitaldeasturias.com\/noticias\/author\/admin\/#author"},"image":{"@type":"ImageObject","url":"https:\/\/www.eldigitaldeasturias.com\/noticias\/wp-content\/uploads\/2022\/09\/gas.jpg","@id":"https:\/\/www.eldigitaldeasturias.com\/noticias\/republica-checa-aprueba-un-tope-a-los-precios-de-la-electricidad-y-el-gas\/#mainImage","width":640,"height":480,"caption":"gas"},"primaryImageOfPage":{"@id":"https:\/\/www.eldigitaldeasturias.com\/noticias\/republica-checa-aprueba-un-tope-a-los-precios-de-la-electricidad-y-el-gas\/#mainImage"},"datePublished":"2022-09-21T16:11:08+02:00","dateModified":"2022-09-21T16:11:08+02:00"},{"@type":"WebSite","@id":"https:\/\/www.eldigitaldeasturias.com\/noticias\/#website","url":"https:\/\/www.eldigitaldeasturias.com\/noticias\/","name":"El Digital de Asturias - Diario de actualidad y noticias","alternateName":"El Digital de Asturias - Diario de actualidad y noticias","description":"Hemeroteca","inLanguage":"es-ES","publisher":{"@id":"https:\/\/www.eldigitaldeasturias.com\/noticias\/#organization"}}]},"og:locale":"es_ES","og:site_name":"El Digital de Asturias","og:type":"article","og:title":"Rep\u00fablica Checa aprueba un tope a los precios de la electricidad y el gas - El Digital de Asturias","og:description":"(EP) - El Parlamento de Rep\u00fablica Checa ha aprobado este martes una reforma a la legislaci\u00f3n para imponer un tope a los precios de la electricidad y el gas","og:url":"https:\/\/www.eldigitaldeasturias.com\/noticias\/republica-checa-aprueba-un-tope-a-los-precios-de-la-electricidad-y-el-gas\/","og:image":"https:\/\/www.eldigitaldeasturias.com\/noticias\/wp-content\/uploads\/2022\/09\/gas.jpg","og:image:secure_url":"https:\/\/www.eldigitaldeasturias.com\/noticias\/wp-content\/uploads\/2022\/09\/gas.jpg","og:image:width":640,"og:image:height":480,"article:tag":["econom\u00eda"],"article:published_time":"2022-09-21T14:11:08+00:00","article:modified_time":"2022-09-21T14:11:08+00:00","article:publisher":"https:\/\/facebook.com\/eldigitaldeasturias","twitter:card":"summary_large_image","twitter:title":"Rep\u00fablica Checa aprueba un tope a los precios de la electricidad y el gas - El Digital de Asturias","twitter:description":"(EP) - El Parlamento de Rep\u00fablica Checa ha aprobado este martes una reforma a la legislaci\u00f3n para imponer un tope a los precios de la electricidad y el gas","twitter:image":"https:\/\/www.eldigitaldeasturias.com\/noticias\/wp-content\/uploads\/2022\/09\/gas.jpg","twitter:label1":"Escrito por","twitter:data1":"El Digital de Asturias","twitter:label2":"Tiempo de lectura estimado","twitter:data2":"2 minutos"},"aioseo_meta_data":{"post_id":"1116809","title":null,"description":"(EP) - El Parlamento de Rep\u00fablica Checa ha aprobado este martes una reforma a la legislaci\u00f3n para imponer un tope a los precios de la electricidad y el gas","keywords":[],"keyphrases":{"focus":{"keyphrase":"gas ","score":100,"analysis":{"keyphraseInTitle":{"title":"Focus keyphrase in SEO title","description":"Focus keyphrase found in SEO title.","score":9,"maxScore":9,"error":0},"keyphraseInDescription":{"title":"Focus keyphrase in meta description","description":"Focus keyphrase found in meta description.","score":9,"maxScore":9,"error":0},"keyphraseLength":{"title":"Focus keyphrase length","description":"Good job!","score":9,"maxScore":9,"error":0,"length":1},"keyphraseInURL":{"title":"Focus keyphrase in URL","description":"Focus keyphrase used in the URL.","score":5,"maxScore":5,"error":0},"keyphraseInIntroduction":{"title":"Focus keyphrase in introduction","description":"Your Focus keyphrase appears in the first paragraph. Well done!","score":9,"maxScore":9,"error":0},"keyphraseInSubHeadings":[],"keyphraseInImageAlt":{"title":"Focus keyphrase in image alt attributes","description":"Focus keyphrase found in image alt attribute(s).","score":9,"maxScore":9,"error":0}}},"additional":[{"keyphrase":"Rep\u00fablica Checa","score":83,"analysis":{"keyphraseInDescription":{"title":"Keyphrase in meta description","description":"Keyphrase found in meta description.","score":9,"maxScore":9,"error":0},"keyphraseLength":{"title":"Keyphrase length","description":"Good job!","score":9,"maxScore":9,"error":0,"length":2},"keyphraseInIntroduction":{"title":"Keyphrase in introduction","description":"Your Keyphrase appears in the first paragraph. Well done!","score":9,"maxScore":9,"error":0},"keyphraseInImageAlt":{"title":"Keyphrase in image alt attributes","description":"Keyphrase not found in image alt attribute(s). Add an image with your Keyphrase as alt text.","score":3,"maxScore":9,"error":1}}}]},"primary_term":null,"canonical_url":null,"og_title":null,"og_description":null,"og_object_type":"default","og_image_type":"default","og_image_url":null,"og_image_width":null,"og_image_height":null,"og_image_custom_url":null,"og_image_custom_fields":null,"og_video":"","og_custom_url":null,"og_article_section":null,"og_article_tags":[],"twitter_use_og":false,"twitter_card":"default","twitter_image_type":"default","twitter_image_url":null,"twitter_image_custom_url":null,"twitter_image_custom_fields":null,"twitter_title":null,"twitter_description":null,"schema":{"blockGraphs":[],"customGraphs":[],"default":{"data":{"Article":[],"Course":[],"Dataset":[],"FAQPage":[],"Movie":[],"Person":[],"Product":[],"ProductReview":[],"Car":[],"Recipe":[],"Service":[],"SoftwareApplication":[],"WebPage":[]},"graphName":"","isEnabled":true},"graphs":[]},"schema_type":"default","schema_type_options":null,"pillar_content":false,"robots_default":true,"robots_noindex":false,"robots_noarchive":false,"robots_nosnippet":false,"robots_nofollow":false,"robots_noimageindex":false,"robots_noodp":false,"robots_notranslate":false,"robots_max_snippet":"-1","robots_max_videopreview":"-1","robots_max_imagepreview":"large","priority":null,"frequency":"default","local_seo":null,"seo_analyzer_scan_date":"2025-10-03 20:21:30","breadcrumb_settings":null,"limit_modified_date":true,"open_ai":null,"ai":null,"created":"2022-09-21 14:08:43","updated":"2025-10-03 20:21:30"},"aioseo_breadcrumb":"<div class=\"aioseo-breadcrumbs\"><span class=\"aioseo-breadcrumb\">\n\t<a href=\"https:\/\/www.eldigitaldeasturias.com\/noticias\" title=\"Home\">Home<\/a>\n<\/span><span class=\"aioseo-breadcrumb-separator\">\u2013<\/span><span class=\"aioseo-breadcrumb\">\n\t<a href=\"https:\/\/www.eldigitaldeasturias.com\/noticias\/category\/economia\/\" title=\"Econom\u00eda\">Econom\u00eda<\/a>\n<\/span><span class=\"aioseo-breadcrumb-separator\">\u2013<\/span><span class=\"aioseo-breadcrumb\">\n\t<a href=\"https:\/\/www.eldigitaldeasturias.com\/noticias\/republica-checa-aprueba-un-tope-a-los-precios-de-la-electricidad-y-el-gas\/\" title=\"Rep\u00fablica Checa aprueba un tope a los precios de la electricidad y el gas\">Rep\u00fablica Checa aprueba un tope a los precios de la electricidad y el gas<\/a>\n<\/span><\/div>","aioseo_breadcrumb_json":[{"label":"Home","link":"https:\/\/www.eldigitaldeasturias.com\/noticias"},{"label":"Econom\u00eda","link":"https:\/\/www.eldigitaldeasturias.com\/noticias\/category\/economia\/"},{"label":"Rep\u00fablica Checa aprueba un tope a los precios de la electricidad y el gas","link":"https:\/\/www.eldigitaldeasturias.com\/noticias\/republica-checa-aprueba-un-tope-a-los-precios-de-la-electricidad-y-el-gas\/"}],"_links":{"self":[{"href":"https:\/\/www.eldigitaldeasturias.com\/noticias\/wp-json\/wp\/v2\/posts\/1116809","targetHints":{"allow":["GET"]}}],"collection":[{"href":"https:\/\/www.eldigitaldeasturias.com\/noticias\/wp-json\/wp\/v2\/posts"}],"about":[{"href":"https:\/\/www.eldigitaldeasturias.com\/noticias\/wp-json\/wp\/v2\/types\/post"}],"author":[{"embeddable":true,"href":"https:\/\/www.eldigitaldeasturias.com\/noticias\/wp-json\/wp\/v2\/users\/1"}],"replies":[{"embeddable":true,"href":"https:\/\/www.eldigitaldeasturias.com\/noticias\/wp-json\/wp\/v2\/comments?post=1116809"}],"version-history":[{"count":0,"href":"https:\/\/www.eldigitaldeasturias.com\/noticias\/wp-json\/wp\/v2\/posts\/1116809\/revisions"}],"wp:featuredmedia":[{"embeddable":true,"href":"https:\/\/www.eldigitaldeasturias.com\/noticias\/wp-json\/wp\/v2\/media\/1116810"}],"wp:attachment":[{"href":"https:\/\/www.eldigitaldeasturias.com\/noticias\/wp-json\/wp\/v2\/media?parent=1116809"}],"wp:term":[{"taxonomy":"category","embeddable":true,"href":"https:\/\/www.eldigitaldeasturias.com\/noticias\/wp-json\/wp\/v2\/categories?post=1116809"},{"taxonomy":"post_tag","embeddable":true,"href":"https:\/\/www.eldigitaldeasturias.com\/noticias\/wp-json\/wp\/v2\/tags?post=1116809"}],"curies":[{"name":"wp","href":"https:\/\/api.w.org\/{rel}","templated":true}]}}