{"id":1116802,"date":"2022-09-21T15:58:12","date_gmt":"2022-09-21T13:58:12","guid":{"rendered":"https:\/\/www.eldigitaldeasturias.com\/noticias\/?p=1116802"},"modified":"2022-09-21T15:58:12","modified_gmt":"2022-09-21T13:58:12","slug":"biden-propone-a-lynne-tracy-como-embajadora-de-estados-unidos-en-rusia","status":"publish","type":"post","link":"https:\/\/www.eldigitaldeasturias.com\/noticias\/biden-propone-a-lynne-tracy-como-embajadora-de-estados-unidos-en-rusia\/","title":{"rendered":"Biden propone a Lynne Tracy como embajadora de Estados Unidos en Rusia"},"content":{"rendered":"<p>(EP) &#8211; El presidente de Estados Unidos, Joe Biden, ha propuesto este martes a Lynne Tracy &#8211;quien por el momento se desempe\u00f1a como embajadora en Armenia&#8211; como candidata a encabezar la delegaci\u00f3n diplom\u00e1tica estadounidense en Mosc\u00fa.<\/p>\n<figure id=\"attachment_1085573\" aria-describedby=\"caption-attachment-1085573\" style=\"width: 650px\" class=\"wp-caption aligncenter\"><img loading=\"lazy\" decoding=\"async\" class=\"wp-image-1085573 size-large\" src=\"https:\/\/www.eldigitaldeasturias.com\/noticias\/wp-content\/uploads\/2021\/02\/Biden-690x458.jpg\" alt=\"Joe Biden\" width=\"650\" height=\"431\" srcset=\"https:\/\/www.eldigitaldeasturias.com\/noticias\/wp-content\/uploads\/2021\/02\/Biden-690x458.jpg 690w, https:\/\/www.eldigitaldeasturias.com\/noticias\/wp-content\/uploads\/2021\/02\/Biden-360x239.jpg 360w, https:\/\/www.eldigitaldeasturias.com\/noticias\/wp-content\/uploads\/2021\/02\/Biden-452x300.jpg 452w, https:\/\/www.eldigitaldeasturias.com\/noticias\/wp-content\/uploads\/2021\/02\/Biden-768x510.jpg 768w, https:\/\/www.eldigitaldeasturias.com\/noticias\/wp-content\/uploads\/2021\/02\/Biden.jpg 985w\" sizes=\"auto, (max-width: 650px) 100vw, 650px\" \/><figcaption id=\"caption-attachment-1085573\" class=\"wp-caption-text\">Foto: Europa Press<\/figcaption><\/figure>\n<p>Tracy, quien anteriormente fue &#8216;n\u00famero dos&#8217; de la Embajada estadounidense en Mosc\u00fa, cuenta en su haber con experiencia como asesora principal para Rusia en el Departamento de Estado y ha formado parte de varias oficinas diplom\u00e1ticas estadounidenses para Asia Central.<\/p>\n<p>Los medios de comunicaci\u00f3n estadounidenses ya adelantaron la semana pasada que Biden podr\u00eda decantarse por Tracy para sustituir a John Sullivan, quien dej\u00f3 el cargo a principios de mes, convirti\u00e9ndose as\u00ed en la primera mujer en ocupar el cargo.<\/p>\n<p>Sin embargo, la decisi\u00f3n depende en \u00faltima instancia del Kremlin, pues deber\u00e1 dar su visto bueno y acceder a aceptar la candidata propuesta por Biden como embajadora en su pa\u00eds en un contexto en el que las relaciones entre Washington y Mosc\u00fa no pasan por su mejor momento.<\/p>\n","protected":false},"excerpt":{"rendered":"<p>(EP) &#8211; El presidente de Estados Unidos, Joe Biden, ha propuesto este martes a Lynne Tracy &#8211;quien por el momento se desempe\u00f1a como embajadora en Armenia&#8211; como candidata a encabezar la delegaci\u00f3n diplom\u00e1tica estadounidense en Mosc\u00fa. Tracy, quien anteriormente fue &#8216;n\u00famero dos&#8217; de la Embajada estadounidense en Mosc\u00fa, cuenta en su haber con experiencia como [&hellip;]<\/p>\n","protected":false},"author":1,"featured_media":1085573,"comment_status":"closed","ping_status":"closed","sticky":false,"template":"","format":"standard","meta":{"footnotes":""},"categories":[1],"tags":[],"class_list":["post-1116802","post","type-post","status-publish","format-standard","has-post-thumbnail","hentry","category-actualidad"],"aioseo_notices":[],"aioseo_head":"\n\t\t<!-- All in One SEO Pro 4.9.6.2 - aioseo.com -->\n\t<meta name=\"description\" content=\"(EP) - El presidente de Estados Unidos, Joe Biden, ha propuesto este martes a Lynne Tracy --quien por el momento se desempe\u00f1a como embajadora en Armenia\" \/>\n\t<meta name=\"robots\" content=\"max-image-preview:large\" \/>\n\t<meta name=\"author\" content=\"El Digital de Asturias\"\/>\n\t<meta name=\"google-site-verification\" content=\"UA-38556648-1\" \/>\n\t<meta name=\"msvalidate.01\" content=\"7dfe9f3f1b24437ab69f4f2559babe99\" \/>\n\t<meta name=\"keywords\" content=\"actualidad\" \/>\n\t<link rel=\"canonical\" href=\"https:\/\/www.eldigitaldeasturias.com\/noticias\/biden-propone-a-lynne-tracy-como-embajadora-de-estados-unidos-en-rusia\/\" \/>\n\t<meta name=\"generator\" content=\"All in One SEO Pro (AIOSEO) 4.9.6.2\" \/>\n\t\t<meta property=\"og:locale\" content=\"es_ES\" \/>\n\t\t<meta property=\"og:site_name\" content=\"El Digital de Asturias\" \/>\n\t\t<meta property=\"og:type\" content=\"article\" \/>\n\t\t<meta property=\"og:title\" content=\"Biden propone a Lynne Tracy como embajadora de Estados Unidos en Rusia - El Digital de Asturias\" \/>\n\t\t<meta property=\"og:description\" content=\"(EP) - El presidente de Estados Unidos, Joe Biden, ha propuesto este martes a Lynne Tracy --quien por el momento se desempe\u00f1a como embajadora en Armenia\" \/>\n\t\t<meta property=\"og:url\" content=\"https:\/\/www.eldigitaldeasturias.com\/noticias\/biden-propone-a-lynne-tracy-como-embajadora-de-estados-unidos-en-rusia\/\" \/>\n\t\t<meta property=\"og:image\" content=\"https:\/\/www.eldigitaldeasturias.com\/noticias\/wp-content\/uploads\/2021\/02\/Biden.jpg\" \/>\n\t\t<meta property=\"og:image:secure_url\" content=\"https:\/\/www.eldigitaldeasturias.com\/noticias\/wp-content\/uploads\/2021\/02\/Biden.jpg\" \/>\n\t\t<meta property=\"og:image:width\" content=\"985\" \/>\n\t\t<meta property=\"og:image:height\" content=\"654\" \/>\n\t\t<meta property=\"article:tag\" content=\"actualidad\" \/>\n\t\t<meta property=\"article:published_time\" content=\"2022-09-21T13:58:12+00:00\" \/>\n\t\t<meta property=\"article:modified_time\" content=\"2022-09-21T13:58:12+00:00\" \/>\n\t\t<meta property=\"article:publisher\" content=\"https:\/\/facebook.com\/eldigitaldeasturias\" \/>\n\t\t<meta name=\"twitter:card\" content=\"summary_large_image\" \/>\n\t\t<meta name=\"twitter:title\" content=\"Biden propone a Lynne Tracy como embajadora de Estados Unidos en Rusia - El Digital de Asturias\" \/>\n\t\t<meta name=\"twitter:description\" content=\"(EP) - El presidente de Estados Unidos, Joe Biden, ha propuesto este martes a Lynne Tracy --quien por el momento se desempe\u00f1a como embajadora en Armenia\" \/>\n\t\t<meta name=\"twitter:image\" content=\"https:\/\/www.eldigitaldeasturias.com\/noticias\/wp-content\/uploads\/2021\/02\/Biden.jpg\" \/>\n\t\t<meta name=\"twitter:label1\" content=\"Escrito por\" \/>\n\t\t<meta name=\"twitter:data1\" content=\"El Digital de Asturias\" \/>\n\t\t<meta name=\"twitter:label2\" content=\"Tiempo de lectura estimado\" \/>\n\t\t<meta name=\"twitter:data2\" content=\"1 minuto\" \/>\n\t\t<script type=\"application\/ld+json\" class=\"aioseo-schema\">\n\t\t\t{\"@context\":\"https:\\\/\\\/schema.org\",\"@graph\":[{\"@type\":\"BlogPosting\",\"@id\":\"https:\\\/\\\/www.eldigitaldeasturias.com\\\/noticias\\\/biden-propone-a-lynne-tracy-como-embajadora-de-estados-unidos-en-rusia\\\/#blogposting\",\"name\":\"Biden propone a Lynne Tracy como embajadora de Estados Unidos en Rusia - El Digital de Asturias\",\"headline\":\"Biden propone a Lynne Tracy como embajadora de Estados Unidos en Rusia\",\"author\":{\"@id\":\"https:\\\/\\\/www.eldigitaldeasturias.com\\\/noticias\\\/author\\\/admin\\\/#author\"},\"publisher\":{\"@id\":\"https:\\\/\\\/www.eldigitaldeasturias.com\\\/noticias\\\/#organization\"},\"image\":{\"@type\":\"ImageObject\",\"url\":\"https:\\\/\\\/www.eldigitaldeasturias.com\\\/noticias\\\/wp-content\\\/uploads\\\/2021\\\/02\\\/Biden.jpg\",\"width\":985,\"height\":654,\"caption\":\"Foto: Europa Press\"},\"datePublished\":\"2022-09-21T15:58:12+02:00\",\"dateModified\":\"2022-09-21T15:58:12+02:00\",\"inLanguage\":\"es-ES\",\"mainEntityOfPage\":{\"@id\":\"https:\\\/\\\/www.eldigitaldeasturias.com\\\/noticias\\\/biden-propone-a-lynne-tracy-como-embajadora-de-estados-unidos-en-rusia\\\/#webpage\"},\"isPartOf\":{\"@id\":\"https:\\\/\\\/www.eldigitaldeasturias.com\\\/noticias\\\/biden-propone-a-lynne-tracy-como-embajadora-de-estados-unidos-en-rusia\\\/#webpage\"},\"articleSection\":\"Actualidad\"},{\"@type\":\"BreadcrumbList\",\"@id\":\"https:\\\/\\\/www.eldigitaldeasturias.com\\\/noticias\\\/biden-propone-a-lynne-tracy-como-embajadora-de-estados-unidos-en-rusia\\\/#breadcrumblist\",\"itemListElement\":[{\"@type\":\"ListItem\",\"@id\":\"https:\\\/\\\/www.eldigitaldeasturias.com\\\/noticias#listItem\",\"position\":1,\"name\":\"Home\",\"item\":\"https:\\\/\\\/www.eldigitaldeasturias.com\\\/noticias\",\"nextItem\":{\"@type\":\"ListItem\",\"@id\":\"https:\\\/\\\/www.eldigitaldeasturias.com\\\/noticias\\\/category\\\/actualidad\\\/#listItem\",\"name\":\"Actualidad\"}},{\"@type\":\"ListItem\",\"@id\":\"https:\\\/\\\/www.eldigitaldeasturias.com\\\/noticias\\\/category\\\/actualidad\\\/#listItem\",\"position\":2,\"name\":\"Actualidad\",\"item\":\"https:\\\/\\\/www.eldigitaldeasturias.com\\\/noticias\\\/category\\\/actualidad\\\/\",\"nextItem\":{\"@type\":\"ListItem\",\"@id\":\"https:\\\/\\\/www.eldigitaldeasturias.com\\\/noticias\\\/biden-propone-a-lynne-tracy-como-embajadora-de-estados-unidos-en-rusia\\\/#listItem\",\"name\":\"Biden propone a Lynne Tracy como embajadora de Estados Unidos en Rusia\"},\"previousItem\":{\"@type\":\"ListItem\",\"@id\":\"https:\\\/\\\/www.eldigitaldeasturias.com\\\/noticias#listItem\",\"name\":\"Home\"}},{\"@type\":\"ListItem\",\"@id\":\"https:\\\/\\\/www.eldigitaldeasturias.com\\\/noticias\\\/biden-propone-a-lynne-tracy-como-embajadora-de-estados-unidos-en-rusia\\\/#listItem\",\"position\":3,\"name\":\"Biden propone a Lynne Tracy como embajadora de Estados Unidos en Rusia\",\"previousItem\":{\"@type\":\"ListItem\",\"@id\":\"https:\\\/\\\/www.eldigitaldeasturias.com\\\/noticias\\\/category\\\/actualidad\\\/#listItem\",\"name\":\"Actualidad\"}}]},{\"@type\":\"Organization\",\"@id\":\"https:\\\/\\\/www.eldigitaldeasturias.com\\\/noticias\\\/#organization\",\"name\":\"El Digital de Asturias\",\"description\":\"Hemeroteca\",\"url\":\"https:\\\/\\\/www.eldigitaldeasturias.com\\\/noticias\\\/\",\"email\":\"info@eldigitaldeasturias.com\",\"telephone\":\"+34652131393\",\"logo\":{\"@type\":\"ImageObject\",\"url\":\"https:\\\/\\\/www.eldigitaldeasturias.com\\\/noticias\\\/wp-content\\\/uploads\\\/2020\\\/12\\\/EDA.jpg\",\"@id\":\"https:\\\/\\\/www.eldigitaldeasturias.com\\\/noticias\\\/biden-propone-a-lynne-tracy-como-embajadora-de-estados-unidos-en-rusia\\\/#organizationLogo\",\"width\":649,\"height\":297},\"image\":{\"@id\":\"https:\\\/\\\/www.eldigitaldeasturias.com\\\/noticias\\\/biden-propone-a-lynne-tracy-como-embajadora-de-estados-unidos-en-rusia\\\/#organizationLogo\"},\"sameAs\":[\"https:\\\/\\\/facebook.com\\\/eldigitaldeasturias\",\"https:\\\/\\\/www.youtube.com\\\/channel\\\/UCZP-2wLEB9Rv6erhFmqVnvg\"],\"address\":{\"@id\":\"https:\\\/\\\/www.eldigitaldeasturias.com\\\/noticias\\\/#postaladdress\",\"@type\":\"PostalAddress\",\"streetAddress\":\"san antonio 4,\",\"postalCode\":\"33430\",\"addressLocality\":\"Cand\\u00e1s\",\"addressRegion\":\"Asturias\",\"addressCountry\":\"ES\"}},{\"@type\":\"Person\",\"@id\":\"https:\\\/\\\/www.eldigitaldeasturias.com\\\/noticias\\\/author\\\/admin\\\/#author\",\"url\":\"https:\\\/\\\/www.eldigitaldeasturias.com\\\/noticias\\\/author\\\/admin\\\/\",\"name\":\"El Digital de Asturias\",\"image\":{\"@type\":\"ImageObject\",\"@id\":\"https:\\\/\\\/www.eldigitaldeasturias.com\\\/noticias\\\/biden-propone-a-lynne-tracy-como-embajadora-de-estados-unidos-en-rusia\\\/#authorImage\",\"url\":\"https:\\\/\\\/www.eldigitaldeasturias.com\\\/noticias\\\/wp-content\\\/litespeed\\\/avatar\\\/18677e78aa0546b92d9dbf31ec7d7668.jpg?ver=1777290358\",\"width\":96,\"height\":96,\"caption\":\"El Digital de Asturias\"}},{\"@type\":\"WebPage\",\"@id\":\"https:\\\/\\\/www.eldigitaldeasturias.com\\\/noticias\\\/biden-propone-a-lynne-tracy-como-embajadora-de-estados-unidos-en-rusia\\\/#webpage\",\"url\":\"https:\\\/\\\/www.eldigitaldeasturias.com\\\/noticias\\\/biden-propone-a-lynne-tracy-como-embajadora-de-estados-unidos-en-rusia\\\/\",\"name\":\"Biden propone a Lynne Tracy como embajadora de Estados Unidos en Rusia - El Digital de Asturias\",\"description\":\"(EP) - El presidente de Estados Unidos, Joe Biden, ha propuesto este martes a Lynne Tracy --quien por el momento se desempe\\u00f1a como embajadora en Armenia\",\"inLanguage\":\"es-ES\",\"isPartOf\":{\"@id\":\"https:\\\/\\\/www.eldigitaldeasturias.com\\\/noticias\\\/#website\"},\"breadcrumb\":{\"@id\":\"https:\\\/\\\/www.eldigitaldeasturias.com\\\/noticias\\\/biden-propone-a-lynne-tracy-como-embajadora-de-estados-unidos-en-rusia\\\/#breadcrumblist\"},\"author\":{\"@id\":\"https:\\\/\\\/www.eldigitaldeasturias.com\\\/noticias\\\/author\\\/admin\\\/#author\"},\"creator\":{\"@id\":\"https:\\\/\\\/www.eldigitaldeasturias.com\\\/noticias\\\/author\\\/admin\\\/#author\"},\"image\":{\"@type\":\"ImageObject\",\"url\":\"https:\\\/\\\/www.eldigitaldeasturias.com\\\/noticias\\\/wp-content\\\/uploads\\\/2021\\\/02\\\/Biden.jpg\",\"@id\":\"https:\\\/\\\/www.eldigitaldeasturias.com\\\/noticias\\\/biden-propone-a-lynne-tracy-como-embajadora-de-estados-unidos-en-rusia\\\/#mainImage\",\"width\":985,\"height\":654,\"caption\":\"Foto: Europa Press\"},\"primaryImageOfPage\":{\"@id\":\"https:\\\/\\\/www.eldigitaldeasturias.com\\\/noticias\\\/biden-propone-a-lynne-tracy-como-embajadora-de-estados-unidos-en-rusia\\\/#mainImage\"},\"datePublished\":\"2022-09-21T15:58:12+02:00\",\"dateModified\":\"2022-09-21T15:58:12+02:00\"},{\"@type\":\"WebSite\",\"@id\":\"https:\\\/\\\/www.eldigitaldeasturias.com\\\/noticias\\\/#website\",\"url\":\"https:\\\/\\\/www.eldigitaldeasturias.com\\\/noticias\\\/\",\"name\":\"El Digital de Asturias - Diario de actualidad y noticias\",\"alternateName\":\"El Digital de Asturias - Diario de actualidad y noticias\",\"description\":\"Hemeroteca\",\"inLanguage\":\"es-ES\",\"publisher\":{\"@id\":\"https:\\\/\\\/www.eldigitaldeasturias.com\\\/noticias\\\/#organization\"}}]}\n\t\t<\/script>\n\t\t<!-- All in One SEO Pro -->\r\n\t\t<title>Biden propone a Lynne Tracy como embajadora de Estados Unidos en Rusia - El Digital de Asturias<\/title>\n\n","aioseo_head_json":{"title":"Biden propone a Lynne Tracy como embajadora de Estados Unidos en Rusia - El Digital de Asturias","description":"(EP) - El presidente de Estados Unidos, Joe Biden, ha propuesto este martes a Lynne Tracy --quien por el momento se desempe\u00f1a como embajadora en Armenia","canonical_url":"https:\/\/www.eldigitaldeasturias.com\/noticias\/biden-propone-a-lynne-tracy-como-embajadora-de-estados-unidos-en-rusia\/","robots":"max-image-preview:large","keywords":"actualidad","webmasterTools":{"google-site-verification":"UA-38556648-1","msvalidate.01":"7dfe9f3f1b24437ab69f4f2559babe99","miscellaneous":""},"schema":{"@context":"https:\/\/schema.org","@graph":[{"@type":"BlogPosting","@id":"https:\/\/www.eldigitaldeasturias.com\/noticias\/biden-propone-a-lynne-tracy-como-embajadora-de-estados-unidos-en-rusia\/#blogposting","name":"Biden propone a Lynne Tracy como embajadora de Estados Unidos en Rusia - El Digital de Asturias","headline":"Biden propone a Lynne Tracy como embajadora de Estados Unidos en Rusia","author":{"@id":"https:\/\/www.eldigitaldeasturias.com\/noticias\/author\/admin\/#author"},"publisher":{"@id":"https:\/\/www.eldigitaldeasturias.com\/noticias\/#organization"},"image":{"@type":"ImageObject","url":"https:\/\/www.eldigitaldeasturias.com\/noticias\/wp-content\/uploads\/2021\/02\/Biden.jpg","width":985,"height":654,"caption":"Foto: Europa Press"},"datePublished":"2022-09-21T15:58:12+02:00","dateModified":"2022-09-21T15:58:12+02:00","inLanguage":"es-ES","mainEntityOfPage":{"@id":"https:\/\/www.eldigitaldeasturias.com\/noticias\/biden-propone-a-lynne-tracy-como-embajadora-de-estados-unidos-en-rusia\/#webpage"},"isPartOf":{"@id":"https:\/\/www.eldigitaldeasturias.com\/noticias\/biden-propone-a-lynne-tracy-como-embajadora-de-estados-unidos-en-rusia\/#webpage"},"articleSection":"Actualidad"},{"@type":"BreadcrumbList","@id":"https:\/\/www.eldigitaldeasturias.com\/noticias\/biden-propone-a-lynne-tracy-como-embajadora-de-estados-unidos-en-rusia\/#breadcrumblist","itemListElement":[{"@type":"ListItem","@id":"https:\/\/www.eldigitaldeasturias.com\/noticias#listItem","position":1,"name":"Home","item":"https:\/\/www.eldigitaldeasturias.com\/noticias","nextItem":{"@type":"ListItem","@id":"https:\/\/www.eldigitaldeasturias.com\/noticias\/category\/actualidad\/#listItem","name":"Actualidad"}},{"@type":"ListItem","@id":"https:\/\/www.eldigitaldeasturias.com\/noticias\/category\/actualidad\/#listItem","position":2,"name":"Actualidad","item":"https:\/\/www.eldigitaldeasturias.com\/noticias\/category\/actualidad\/","nextItem":{"@type":"ListItem","@id":"https:\/\/www.eldigitaldeasturias.com\/noticias\/biden-propone-a-lynne-tracy-como-embajadora-de-estados-unidos-en-rusia\/#listItem","name":"Biden propone a Lynne Tracy como embajadora de Estados Unidos en Rusia"},"previousItem":{"@type":"ListItem","@id":"https:\/\/www.eldigitaldeasturias.com\/noticias#listItem","name":"Home"}},{"@type":"ListItem","@id":"https:\/\/www.eldigitaldeasturias.com\/noticias\/biden-propone-a-lynne-tracy-como-embajadora-de-estados-unidos-en-rusia\/#listItem","position":3,"name":"Biden propone a Lynne Tracy como embajadora de Estados Unidos en Rusia","previousItem":{"@type":"ListItem","@id":"https:\/\/www.eldigitaldeasturias.com\/noticias\/category\/actualidad\/#listItem","name":"Actualidad"}}]},{"@type":"Organization","@id":"https:\/\/www.eldigitaldeasturias.com\/noticias\/#organization","name":"El Digital de Asturias","description":"Hemeroteca","url":"https:\/\/www.eldigitaldeasturias.com\/noticias\/","email":"info@eldigitaldeasturias.com","telephone":"+34652131393","logo":{"@type":"ImageObject","url":"https:\/\/www.eldigitaldeasturias.com\/noticias\/wp-content\/uploads\/2020\/12\/EDA.jpg","@id":"https:\/\/www.eldigitaldeasturias.com\/noticias\/biden-propone-a-lynne-tracy-como-embajadora-de-estados-unidos-en-rusia\/#organizationLogo","width":649,"height":297},"image":{"@id":"https:\/\/www.eldigitaldeasturias.com\/noticias\/biden-propone-a-lynne-tracy-como-embajadora-de-estados-unidos-en-rusia\/#organizationLogo"},"sameAs":["https:\/\/facebook.com\/eldigitaldeasturias","https:\/\/www.youtube.com\/channel\/UCZP-2wLEB9Rv6erhFmqVnvg"],"address":{"@id":"https:\/\/www.eldigitaldeasturias.com\/noticias\/#postaladdress","@type":"PostalAddress","streetAddress":"san antonio 4,","postalCode":"33430","addressLocality":"Cand\u00e1s","addressRegion":"Asturias","addressCountry":"ES"}},{"@type":"Person","@id":"https:\/\/www.eldigitaldeasturias.com\/noticias\/author\/admin\/#author","url":"https:\/\/www.eldigitaldeasturias.com\/noticias\/author\/admin\/","name":"El Digital de Asturias","image":{"@type":"ImageObject","@id":"https:\/\/www.eldigitaldeasturias.com\/noticias\/biden-propone-a-lynne-tracy-como-embajadora-de-estados-unidos-en-rusia\/#authorImage","url":"https:\/\/www.eldigitaldeasturias.com\/noticias\/wp-content\/litespeed\/avatar\/18677e78aa0546b92d9dbf31ec7d7668.jpg?ver=1777290358","width":96,"height":96,"caption":"El Digital de Asturias"}},{"@type":"WebPage","@id":"https:\/\/www.eldigitaldeasturias.com\/noticias\/biden-propone-a-lynne-tracy-como-embajadora-de-estados-unidos-en-rusia\/#webpage","url":"https:\/\/www.eldigitaldeasturias.com\/noticias\/biden-propone-a-lynne-tracy-como-embajadora-de-estados-unidos-en-rusia\/","name":"Biden propone a Lynne Tracy como embajadora de Estados Unidos en Rusia - El Digital de Asturias","description":"(EP) - El presidente de Estados Unidos, Joe Biden, ha propuesto este martes a Lynne Tracy --quien por el momento se desempe\u00f1a como embajadora en Armenia","inLanguage":"es-ES","isPartOf":{"@id":"https:\/\/www.eldigitaldeasturias.com\/noticias\/#website"},"breadcrumb":{"@id":"https:\/\/www.eldigitaldeasturias.com\/noticias\/biden-propone-a-lynne-tracy-como-embajadora-de-estados-unidos-en-rusia\/#breadcrumblist"},"author":{"@id":"https:\/\/www.eldigitaldeasturias.com\/noticias\/author\/admin\/#author"},"creator":{"@id":"https:\/\/www.eldigitaldeasturias.com\/noticias\/author\/admin\/#author"},"image":{"@type":"ImageObject","url":"https:\/\/www.eldigitaldeasturias.com\/noticias\/wp-content\/uploads\/2021\/02\/Biden.jpg","@id":"https:\/\/www.eldigitaldeasturias.com\/noticias\/biden-propone-a-lynne-tracy-como-embajadora-de-estados-unidos-en-rusia\/#mainImage","width":985,"height":654,"caption":"Foto: Europa Press"},"primaryImageOfPage":{"@id":"https:\/\/www.eldigitaldeasturias.com\/noticias\/biden-propone-a-lynne-tracy-como-embajadora-de-estados-unidos-en-rusia\/#mainImage"},"datePublished":"2022-09-21T15:58:12+02:00","dateModified":"2022-09-21T15:58:12+02:00"},{"@type":"WebSite","@id":"https:\/\/www.eldigitaldeasturias.com\/noticias\/#website","url":"https:\/\/www.eldigitaldeasturias.com\/noticias\/","name":"El Digital de Asturias - Diario de actualidad y noticias","alternateName":"El Digital de Asturias - Diario de actualidad y noticias","description":"Hemeroteca","inLanguage":"es-ES","publisher":{"@id":"https:\/\/www.eldigitaldeasturias.com\/noticias\/#organization"}}]},"og:locale":"es_ES","og:site_name":"El Digital de Asturias","og:type":"article","og:title":"Biden propone a Lynne Tracy como embajadora de Estados Unidos en Rusia - El Digital de Asturias","og:description":"(EP) - El presidente de Estados Unidos, Joe Biden, ha propuesto este martes a Lynne Tracy --quien por el momento se desempe\u00f1a como embajadora en Armenia","og:url":"https:\/\/www.eldigitaldeasturias.com\/noticias\/biden-propone-a-lynne-tracy-como-embajadora-de-estados-unidos-en-rusia\/","og:image":"https:\/\/www.eldigitaldeasturias.com\/noticias\/wp-content\/uploads\/2021\/02\/Biden.jpg","og:image:secure_url":"https:\/\/www.eldigitaldeasturias.com\/noticias\/wp-content\/uploads\/2021\/02\/Biden.jpg","og:image:width":985,"og:image:height":654,"article:tag":["actualidad"],"article:published_time":"2022-09-21T13:58:12+00:00","article:modified_time":"2022-09-21T13:58:12+00:00","article:publisher":"https:\/\/facebook.com\/eldigitaldeasturias","twitter:card":"summary_large_image","twitter:title":"Biden propone a Lynne Tracy como embajadora de Estados Unidos en Rusia - El Digital de Asturias","twitter:description":"(EP) - El presidente de Estados Unidos, Joe Biden, ha propuesto este martes a Lynne Tracy --quien por el momento se desempe\u00f1a como embajadora en Armenia","twitter:image":"https:\/\/www.eldigitaldeasturias.com\/noticias\/wp-content\/uploads\/2021\/02\/Biden.jpg","twitter:label1":"Escrito por","twitter:data1":"El Digital de Asturias","twitter:label2":"Tiempo de lectura estimado","twitter:data2":"1 minuto"},"aioseo_meta_data":{"post_id":"1116802","title":null,"description":"(EP) - El presidente de Estados Unidos, Joe Biden, ha propuesto este martes a Lynne Tracy --quien por el momento se desempe\u00f1a como embajadora en Armenia","keywords":[],"keyphrases":{"focus":{"keyphrase":"Biden","score":100,"analysis":{"keyphraseInTitle":{"title":"Focus keyphrase in SEO title","description":"Focus keyphrase found in SEO title.","score":9,"maxScore":9,"error":0},"keyphraseInDescription":{"title":"Focus keyphrase in meta description","description":"Focus keyphrase found in meta description.","score":9,"maxScore":9,"error":0},"keyphraseLength":{"title":"Focus keyphrase length","description":"Good job!","score":9,"maxScore":9,"error":0,"length":1},"keyphraseInURL":[],"keyphraseInIntroduction":{"title":"Focus keyphrase in introduction","description":"Your Focus keyphrase appears in the first paragraph. Well done!","score":9,"maxScore":9,"error":0},"keyphraseInSubHeadings":[],"keyphraseInImageAlt":{"title":"Focus keyphrase in image alt attributes","description":"Focus keyphrase found in image alt attribute(s).","score":9,"maxScore":9,"error":0}}},"additional":[{"keyphrase":"Joe Biden","score":100,"analysis":{"keyphraseInDescription":{"title":"Keyphrase in meta description","description":"Keyphrase found in meta description.","score":9,"maxScore":9,"error":0},"keyphraseLength":{"title":"Keyphrase length","description":"Good job!","score":9,"maxScore":9,"error":0,"length":2},"keyphraseInIntroduction":{"title":"Keyphrase in introduction","description":"Your Keyphrase appears in the first paragraph. Well done!","score":9,"maxScore":9,"error":0},"keyphraseInImageAlt":{"title":"Keyphrase in image alt attributes","description":"Keyphrase found in image alt attribute(s).","score":9,"maxScore":9,"error":0}}}]},"primary_term":null,"canonical_url":null,"og_title":null,"og_description":null,"og_object_type":"default","og_image_type":"default","og_image_url":null,"og_image_width":null,"og_image_height":null,"og_image_custom_url":null,"og_image_custom_fields":null,"og_video":"","og_custom_url":null,"og_article_section":null,"og_article_tags":[],"twitter_use_og":false,"twitter_card":"default","twitter_image_type":"default","twitter_image_url":null,"twitter_image_custom_url":null,"twitter_image_custom_fields":null,"twitter_title":null,"twitter_description":null,"schema":{"blockGraphs":[],"customGraphs":[],"default":{"data":{"Article":[],"Course":[],"Dataset":[],"FAQPage":[],"Movie":[],"Person":[],"Product":[],"ProductReview":[],"Car":[],"Recipe":[],"Service":[],"SoftwareApplication":[],"WebPage":[]},"graphName":"","isEnabled":true},"graphs":[]},"schema_type":"default","schema_type_options":null,"pillar_content":false,"robots_default":true,"robots_noindex":false,"robots_noarchive":false,"robots_nosnippet":false,"robots_nofollow":false,"robots_noimageindex":false,"robots_noodp":false,"robots_notranslate":false,"robots_max_snippet":"-1","robots_max_videopreview":"-1","robots_max_imagepreview":"large","priority":null,"frequency":"default","local_seo":null,"seo_analyzer_scan_date":"2025-10-03 20:16:56","breadcrumb_settings":null,"limit_modified_date":false,"open_ai":null,"ai":null,"created":"2022-09-21 13:56:11","updated":"2025-10-03 20:16:56"},"aioseo_breadcrumb":"<div class=\"aioseo-breadcrumbs\"><span class=\"aioseo-breadcrumb\">\n\t<a href=\"https:\/\/www.eldigitaldeasturias.com\/noticias\" title=\"Home\">Home<\/a>\n<\/span><span class=\"aioseo-breadcrumb-separator\">\u2013<\/span><span class=\"aioseo-breadcrumb\">\n\t<a href=\"https:\/\/www.eldigitaldeasturias.com\/noticias\/category\/actualidad\/\" title=\"Actualidad\">Actualidad<\/a>\n<\/span><span class=\"aioseo-breadcrumb-separator\">\u2013<\/span><span class=\"aioseo-breadcrumb\">\n\t<a href=\"https:\/\/www.eldigitaldeasturias.com\/noticias\/biden-propone-a-lynne-tracy-como-embajadora-de-estados-unidos-en-rusia\/\" title=\"Biden propone a Lynne Tracy como embajadora de Estados Unidos en Rusia\">Biden propone a Lynne Tracy como embajadora de Estados Unidos en Rusia<\/a>\n<\/span><\/div>","aioseo_breadcrumb_json":[{"label":"Home","link":"https:\/\/www.eldigitaldeasturias.com\/noticias"},{"label":"Actualidad","link":"https:\/\/www.eldigitaldeasturias.com\/noticias\/category\/actualidad\/"},{"label":"Biden propone a Lynne Tracy como embajadora de Estados Unidos en Rusia","link":"https:\/\/www.eldigitaldeasturias.com\/noticias\/biden-propone-a-lynne-tracy-como-embajadora-de-estados-unidos-en-rusia\/"}],"_links":{"self":[{"href":"https:\/\/www.eldigitaldeasturias.com\/noticias\/wp-json\/wp\/v2\/posts\/1116802","targetHints":{"allow":["GET"]}}],"collection":[{"href":"https:\/\/www.eldigitaldeasturias.com\/noticias\/wp-json\/wp\/v2\/posts"}],"about":[{"href":"https:\/\/www.eldigitaldeasturias.com\/noticias\/wp-json\/wp\/v2\/types\/post"}],"author":[{"embeddable":true,"href":"https:\/\/www.eldigitaldeasturias.com\/noticias\/wp-json\/wp\/v2\/users\/1"}],"replies":[{"embeddable":true,"href":"https:\/\/www.eldigitaldeasturias.com\/noticias\/wp-json\/wp\/v2\/comments?post=1116802"}],"version-history":[{"count":0,"href":"https:\/\/www.eldigitaldeasturias.com\/noticias\/wp-json\/wp\/v2\/posts\/1116802\/revisions"}],"wp:featuredmedia":[{"embeddable":true,"href":"https:\/\/www.eldigitaldeasturias.com\/noticias\/wp-json\/wp\/v2\/media\/1085573"}],"wp:attachment":[{"href":"https:\/\/www.eldigitaldeasturias.com\/noticias\/wp-json\/wp\/v2\/media?parent=1116802"}],"wp:term":[{"taxonomy":"category","embeddable":true,"href":"https:\/\/www.eldigitaldeasturias.com\/noticias\/wp-json\/wp\/v2\/categories?post=1116802"},{"taxonomy":"post_tag","embeddable":true,"href":"https:\/\/www.eldigitaldeasturias.com\/noticias\/wp-json\/wp\/v2\/tags?post=1116802"}],"curies":[{"name":"wp","href":"https:\/\/api.w.org\/{rel}","templated":true}]}}