{"id":1116655,"date":"2022-09-17T15:55:46","date_gmt":"2022-09-17T13:55:46","guid":{"rendered":"https:\/\/www.eldigitaldeasturias.com\/noticias\/?p=1116655"},"modified":"2022-09-17T15:55:46","modified_gmt":"2022-09-17T13:55:46","slug":"ups-nombra-a-romina-lorenzo-nueva-directora-general-en-espana-y-portugal","status":"publish","type":"post","link":"https:\/\/www.eldigitaldeasturias.com\/noticias\/ups-nombra-a-romina-lorenzo-nueva-directora-general-en-espana-y-portugal\/","title":{"rendered":"UPS nombra a Romina Lorenzo nueva directora general en Espa\u00f1a y Portugal"},"content":{"rendered":"<p>(EP) &#8211; UPS ha anunciado el nombramiento de <strong>Romina Lorenzo<\/strong> como nueva directora general de la compa\u00f1\u00eda en Espa\u00f1a y Portugal, donde asumir\u00e1 la responsabilidad de las operaciones, el desarrollo de negocio y la estrategia, seg\u00fan ha informado en un comunicado.<\/p>\n<figure id=\"attachment_1116656\" aria-describedby=\"caption-attachment-1116656\" style=\"width: 650px\" class=\"wp-caption aligncenter\"><img loading=\"lazy\" decoding=\"async\" class=\"wp-image-1116656 size-large\" src=\"https:\/\/www.eldigitaldeasturias.com\/noticias\/wp-content\/uploads\/2022\/09\/Romina-Lorenzo-650x435.jpg\" alt=\"Romina Lorenzo\" width=\"650\" height=\"435\" srcset=\"https:\/\/www.eldigitaldeasturias.com\/noticias\/wp-content\/uploads\/2022\/09\/Romina-Lorenzo-650x435.jpg 650w, https:\/\/www.eldigitaldeasturias.com\/noticias\/wp-content\/uploads\/2022\/09\/Romina-Lorenzo-360x241.jpg 360w, https:\/\/www.eldigitaldeasturias.com\/noticias\/wp-content\/uploads\/2022\/09\/Romina-Lorenzo-448x300.jpg 448w, https:\/\/www.eldigitaldeasturias.com\/noticias\/wp-content\/uploads\/2022\/09\/Romina-Lorenzo-768x514.jpg 768w, https:\/\/www.eldigitaldeasturias.com\/noticias\/wp-content\/uploads\/2022\/09\/Romina-Lorenzo-150x100.jpg 150w, https:\/\/www.eldigitaldeasturias.com\/noticias\/wp-content\/uploads\/2022\/09\/Romina-Lorenzo-450x301.jpg 450w, https:\/\/www.eldigitaldeasturias.com\/noticias\/wp-content\/uploads\/2022\/09\/Romina-Lorenzo.jpg 999w\" sizes=\"auto, (max-width: 650px) 100vw, 650px\" \/><figcaption id=\"caption-attachment-1116656\" class=\"wp-caption-text\">FOTO: JOSE ANTONIO ROJO @ROJOFOTO.ES \/EP<\/figcaption><\/figure>\n<p>El presidente de UPS en Europa, <strong>Daniel Carrera, ha destacado que la trayectoria y el perfil de Romina \u00abreforzar\u00e1 todav\u00eda m\u00e1s el posicionamiento de UPS en el sector de la log\u00edstica y el transporte en Espa\u00f1a y Portugal\u00bb.<\/strong><\/p>\n<p>\u00abSeguimos invirtiendo en nuestra red europea para ayudar a las peque\u00f1as y medianas empresas a crecer a trav\u00e9s de las exportaciones y estamos encantados de poder contar con la visi\u00f3n estrat\u00e9gica de Romina para avanzar en la consecuci\u00f3n de este objetivo en el mercado espa\u00f1ol y portugu\u00e9s\u00bb, ha a\u00f1adido Carrera.<\/p>\n<p>Romina, de origen argentino, asume este nuevo cargo tras m\u00e1s de 16 a\u00f1os de experiencia en UPS, trabajando en el \u00e1rea de finanzas y contabilidad en ciudades europeas como Bruselas o Mil\u00e1n. Su puesto m\u00e1s reciente hasta el momento ha sido el de directora de contabilidad y finanzas de la compa\u00f1\u00eda en Italia.<\/p>\n<p>\u00abEs un honor asumir este cargo y me ilusiona contribuir a ayudar a nuestros clientes a desarrollar su negocio y hacer frente al reto de la exportaci\u00f3n, que constituye un importante motor de crecimiento econ\u00f3mico en Espa\u00f1a y Portugal\u00bb, ha declarado Romina.<\/p>\n<p>UPS ha remarcado su \u00abfuerte compromiso con el liderazgo femenino tanto dentro de la organizaci\u00f3n, con un 46% de mujeres ocupando un puesto directivo y un tercio en la alta direcci\u00f3n, como fuera, apoyando un programa de diversidad e inclusi\u00f3n y a las mujeres empresarias\u00bb.<\/p>\n<p>La nueva directora general de UPS en Espa\u00f1a y Portugal liderar\u00e1 iniciativas alineadas con este objetivo como el programa &#8216;Mujeres exportadoras&#8217; que UPS lanzar\u00e1 pr\u00f3ximamente en Espa\u00f1a con el fin de ayudar a las mujeres empresarias, fabricantes y asociaciones cooperativas a hacer crecer sus negocios y expandirse a nuevos y fruct\u00edferos mercados.<\/p>\n","protected":false},"excerpt":{"rendered":"<p>(EP) &#8211; UPS ha anunciado el nombramiento de Romina Lorenzo como nueva directora general de la compa\u00f1\u00eda en Espa\u00f1a y Portugal, donde asumir\u00e1 la responsabilidad de las operaciones, el desarrollo de negocio y la estrategia, seg\u00fan ha informado en un comunicado. El presidente de UPS en Europa, Daniel Carrera, ha destacado que la trayectoria y [&hellip;]<\/p>\n","protected":false},"author":1,"featured_media":1116656,"comment_status":"closed","ping_status":"closed","sticky":false,"template":"","format":"standard","meta":{"footnotes":""},"categories":[219],"tags":[],"class_list":["post-1116655","post","type-post","status-publish","format-standard","has-post-thumbnail","hentry","category-negocios-y-empresas"],"aioseo_notices":[],"aioseo_head":"\n\t\t<!-- All in One SEO Pro 4.9.6.2 - aioseo.com -->\n\t<meta name=\"description\" content=\"(EP) - UPS ha anunciado el nombramiento de Romina Lorenzo como nueva directora general de la compa\u00f1\u00eda en Espa\u00f1a y Portugal, donde asumir\u00e1 la responsabilidad\" \/>\n\t<meta name=\"robots\" content=\"max-image-preview:large\" \/>\n\t<meta name=\"author\" content=\"El Digital de Asturias\"\/>\n\t<meta name=\"google-site-verification\" content=\"UA-38556648-1\" \/>\n\t<meta name=\"msvalidate.01\" content=\"7dfe9f3f1b24437ab69f4f2559babe99\" \/>\n\t<meta name=\"keywords\" content=\"negocios y empresas\" \/>\n\t<link rel=\"canonical\" href=\"https:\/\/www.eldigitaldeasturias.com\/noticias\/ups-nombra-a-romina-lorenzo-nueva-directora-general-en-espana-y-portugal\/\" \/>\n\t<meta name=\"generator\" content=\"All in One SEO Pro (AIOSEO) 4.9.6.2\" \/>\n\t\t<meta property=\"og:locale\" content=\"es_ES\" \/>\n\t\t<meta property=\"og:site_name\" content=\"El Digital de Asturias\" \/>\n\t\t<meta property=\"og:type\" content=\"article\" \/>\n\t\t<meta property=\"og:title\" content=\"UPS nombra a Romina Lorenzo nueva directora general en Espa\u00f1a y Portugal - El Digital de Asturias\" \/>\n\t\t<meta property=\"og:description\" content=\"(EP) - UPS ha anunciado el nombramiento de Romina Lorenzo como nueva directora general de la compa\u00f1\u00eda en Espa\u00f1a y Portugal, donde asumir\u00e1 la responsabilidad\" \/>\n\t\t<meta property=\"og:url\" content=\"https:\/\/www.eldigitaldeasturias.com\/noticias\/ups-nombra-a-romina-lorenzo-nueva-directora-general-en-espana-y-portugal\/\" \/>\n\t\t<meta property=\"og:image\" content=\"https:\/\/www.eldigitaldeasturias.com\/noticias\/wp-content\/uploads\/2022\/09\/Romina-Lorenzo.jpg\" \/>\n\t\t<meta property=\"og:image:secure_url\" content=\"https:\/\/www.eldigitaldeasturias.com\/noticias\/wp-content\/uploads\/2022\/09\/Romina-Lorenzo.jpg\" \/>\n\t\t<meta property=\"og:image:width\" content=\"999\" \/>\n\t\t<meta property=\"og:image:height\" content=\"669\" \/>\n\t\t<meta property=\"article:tag\" content=\"negocios y empresas\" \/>\n\t\t<meta property=\"article:published_time\" content=\"2022-09-17T13:55:46+00:00\" \/>\n\t\t<meta property=\"article:modified_time\" content=\"2022-09-17T13:55:46+00:00\" \/>\n\t\t<meta property=\"article:publisher\" content=\"https:\/\/facebook.com\/eldigitaldeasturias\" \/>\n\t\t<meta name=\"twitter:card\" content=\"summary_large_image\" \/>\n\t\t<meta name=\"twitter:title\" content=\"UPS nombra a Romina Lorenzo nueva directora general en Espa\u00f1a y Portugal - El Digital de Asturias\" \/>\n\t\t<meta name=\"twitter:description\" content=\"(EP) - UPS ha anunciado el nombramiento de Romina Lorenzo como nueva directora general de la compa\u00f1\u00eda en Espa\u00f1a y Portugal, donde asumir\u00e1 la responsabilidad\" \/>\n\t\t<meta name=\"twitter:image\" content=\"https:\/\/www.eldigitaldeasturias.com\/noticias\/wp-content\/uploads\/2022\/09\/Romina-Lorenzo.jpg\" \/>\n\t\t<meta name=\"twitter:label1\" content=\"Escrito por\" \/>\n\t\t<meta name=\"twitter:data1\" content=\"El Digital de Asturias\" \/>\n\t\t<meta name=\"twitter:label2\" content=\"Tiempo de lectura estimado\" \/>\n\t\t<meta name=\"twitter:data2\" content=\"2 minutos\" \/>\n\t\t<script type=\"application\/ld+json\" class=\"aioseo-schema\">\n\t\t\t{\"@context\":\"https:\\\/\\\/schema.org\",\"@graph\":[{\"@type\":\"BlogPosting\",\"@id\":\"https:\\\/\\\/www.eldigitaldeasturias.com\\\/noticias\\\/ups-nombra-a-romina-lorenzo-nueva-directora-general-en-espana-y-portugal\\\/#blogposting\",\"name\":\"UPS nombra a Romina Lorenzo nueva directora general en Espa\\u00f1a y Portugal - El Digital de Asturias\",\"headline\":\"UPS nombra a Romina Lorenzo nueva directora general en Espa\\u00f1a y Portugal\",\"author\":{\"@id\":\"https:\\\/\\\/www.eldigitaldeasturias.com\\\/noticias\\\/author\\\/admin\\\/#author\"},\"publisher\":{\"@id\":\"https:\\\/\\\/www.eldigitaldeasturias.com\\\/noticias\\\/#organization\"},\"image\":{\"@type\":\"ImageObject\",\"url\":\"https:\\\/\\\/www.eldigitaldeasturias.com\\\/noticias\\\/wp-content\\\/uploads\\\/2022\\\/09\\\/Romina-Lorenzo.jpg\",\"width\":999,\"height\":669,\"caption\":\"FOTO: JOSE ANTONIO ROJO @ROJOFOTO.ES \\\/EP\"},\"datePublished\":\"2022-09-17T15:55:46+02:00\",\"dateModified\":\"2022-09-17T15:55:46+02:00\",\"inLanguage\":\"es-ES\",\"mainEntityOfPage\":{\"@id\":\"https:\\\/\\\/www.eldigitaldeasturias.com\\\/noticias\\\/ups-nombra-a-romina-lorenzo-nueva-directora-general-en-espana-y-portugal\\\/#webpage\"},\"isPartOf\":{\"@id\":\"https:\\\/\\\/www.eldigitaldeasturias.com\\\/noticias\\\/ups-nombra-a-romina-lorenzo-nueva-directora-general-en-espana-y-portugal\\\/#webpage\"},\"articleSection\":\"Negocios y Empresas\"},{\"@type\":\"BreadcrumbList\",\"@id\":\"https:\\\/\\\/www.eldigitaldeasturias.com\\\/noticias\\\/ups-nombra-a-romina-lorenzo-nueva-directora-general-en-espana-y-portugal\\\/#breadcrumblist\",\"itemListElement\":[{\"@type\":\"ListItem\",\"@id\":\"https:\\\/\\\/www.eldigitaldeasturias.com\\\/noticias#listItem\",\"position\":1,\"name\":\"Home\",\"item\":\"https:\\\/\\\/www.eldigitaldeasturias.com\\\/noticias\",\"nextItem\":{\"@type\":\"ListItem\",\"@id\":\"https:\\\/\\\/www.eldigitaldeasturias.com\\\/noticias\\\/category\\\/negocios-y-empresas\\\/#listItem\",\"name\":\"Negocios y Empresas\"}},{\"@type\":\"ListItem\",\"@id\":\"https:\\\/\\\/www.eldigitaldeasturias.com\\\/noticias\\\/category\\\/negocios-y-empresas\\\/#listItem\",\"position\":2,\"name\":\"Negocios y Empresas\",\"item\":\"https:\\\/\\\/www.eldigitaldeasturias.com\\\/noticias\\\/category\\\/negocios-y-empresas\\\/\",\"nextItem\":{\"@type\":\"ListItem\",\"@id\":\"https:\\\/\\\/www.eldigitaldeasturias.com\\\/noticias\\\/ups-nombra-a-romina-lorenzo-nueva-directora-general-en-espana-y-portugal\\\/#listItem\",\"name\":\"UPS nombra a Romina Lorenzo nueva directora general en Espa\\u00f1a y Portugal\"},\"previousItem\":{\"@type\":\"ListItem\",\"@id\":\"https:\\\/\\\/www.eldigitaldeasturias.com\\\/noticias#listItem\",\"name\":\"Home\"}},{\"@type\":\"ListItem\",\"@id\":\"https:\\\/\\\/www.eldigitaldeasturias.com\\\/noticias\\\/ups-nombra-a-romina-lorenzo-nueva-directora-general-en-espana-y-portugal\\\/#listItem\",\"position\":3,\"name\":\"UPS nombra a Romina Lorenzo nueva directora general en Espa\\u00f1a y Portugal\",\"previousItem\":{\"@type\":\"ListItem\",\"@id\":\"https:\\\/\\\/www.eldigitaldeasturias.com\\\/noticias\\\/category\\\/negocios-y-empresas\\\/#listItem\",\"name\":\"Negocios y Empresas\"}}]},{\"@type\":\"Organization\",\"@id\":\"https:\\\/\\\/www.eldigitaldeasturias.com\\\/noticias\\\/#organization\",\"name\":\"El Digital de Asturias\",\"description\":\"Hemeroteca\",\"url\":\"https:\\\/\\\/www.eldigitaldeasturias.com\\\/noticias\\\/\",\"email\":\"info@eldigitaldeasturias.com\",\"telephone\":\"+34652131393\",\"logo\":{\"@type\":\"ImageObject\",\"url\":\"https:\\\/\\\/www.eldigitaldeasturias.com\\\/noticias\\\/wp-content\\\/uploads\\\/2020\\\/12\\\/EDA.jpg\",\"@id\":\"https:\\\/\\\/www.eldigitaldeasturias.com\\\/noticias\\\/ups-nombra-a-romina-lorenzo-nueva-directora-general-en-espana-y-portugal\\\/#organizationLogo\",\"width\":649,\"height\":297},\"image\":{\"@id\":\"https:\\\/\\\/www.eldigitaldeasturias.com\\\/noticias\\\/ups-nombra-a-romina-lorenzo-nueva-directora-general-en-espana-y-portugal\\\/#organizationLogo\"},\"sameAs\":[\"https:\\\/\\\/facebook.com\\\/eldigitaldeasturias\",\"https:\\\/\\\/www.youtube.com\\\/channel\\\/UCZP-2wLEB9Rv6erhFmqVnvg\"],\"address\":{\"@id\":\"https:\\\/\\\/www.eldigitaldeasturias.com\\\/noticias\\\/#postaladdress\",\"@type\":\"PostalAddress\",\"streetAddress\":\"san antonio 4,\",\"postalCode\":\"33430\",\"addressLocality\":\"Cand\\u00e1s\",\"addressRegion\":\"Asturias\",\"addressCountry\":\"ES\"}},{\"@type\":\"Person\",\"@id\":\"https:\\\/\\\/www.eldigitaldeasturias.com\\\/noticias\\\/author\\\/admin\\\/#author\",\"url\":\"https:\\\/\\\/www.eldigitaldeasturias.com\\\/noticias\\\/author\\\/admin\\\/\",\"name\":\"El Digital de Asturias\",\"image\":{\"@type\":\"ImageObject\",\"@id\":\"https:\\\/\\\/www.eldigitaldeasturias.com\\\/noticias\\\/ups-nombra-a-romina-lorenzo-nueva-directora-general-en-espana-y-portugal\\\/#authorImage\",\"url\":\"https:\\\/\\\/www.eldigitaldeasturias.com\\\/noticias\\\/wp-content\\\/litespeed\\\/avatar\\\/18677e78aa0546b92d9dbf31ec7d7668.jpg?ver=1777290358\",\"width\":96,\"height\":96,\"caption\":\"El Digital de Asturias\"}},{\"@type\":\"WebPage\",\"@id\":\"https:\\\/\\\/www.eldigitaldeasturias.com\\\/noticias\\\/ups-nombra-a-romina-lorenzo-nueva-directora-general-en-espana-y-portugal\\\/#webpage\",\"url\":\"https:\\\/\\\/www.eldigitaldeasturias.com\\\/noticias\\\/ups-nombra-a-romina-lorenzo-nueva-directora-general-en-espana-y-portugal\\\/\",\"name\":\"UPS nombra a Romina Lorenzo nueva directora general en Espa\\u00f1a y Portugal - El Digital de Asturias\",\"description\":\"(EP) - UPS ha anunciado el nombramiento de Romina Lorenzo como nueva directora general de la compa\\u00f1\\u00eda en Espa\\u00f1a y Portugal, donde asumir\\u00e1 la responsabilidad\",\"inLanguage\":\"es-ES\",\"isPartOf\":{\"@id\":\"https:\\\/\\\/www.eldigitaldeasturias.com\\\/noticias\\\/#website\"},\"breadcrumb\":{\"@id\":\"https:\\\/\\\/www.eldigitaldeasturias.com\\\/noticias\\\/ups-nombra-a-romina-lorenzo-nueva-directora-general-en-espana-y-portugal\\\/#breadcrumblist\"},\"author\":{\"@id\":\"https:\\\/\\\/www.eldigitaldeasturias.com\\\/noticias\\\/author\\\/admin\\\/#author\"},\"creator\":{\"@id\":\"https:\\\/\\\/www.eldigitaldeasturias.com\\\/noticias\\\/author\\\/admin\\\/#author\"},\"image\":{\"@type\":\"ImageObject\",\"url\":\"https:\\\/\\\/www.eldigitaldeasturias.com\\\/noticias\\\/wp-content\\\/uploads\\\/2022\\\/09\\\/Romina-Lorenzo.jpg\",\"@id\":\"https:\\\/\\\/www.eldigitaldeasturias.com\\\/noticias\\\/ups-nombra-a-romina-lorenzo-nueva-directora-general-en-espana-y-portugal\\\/#mainImage\",\"width\":999,\"height\":669,\"caption\":\"FOTO: JOSE ANTONIO ROJO @ROJOFOTO.ES \\\/EP\"},\"primaryImageOfPage\":{\"@id\":\"https:\\\/\\\/www.eldigitaldeasturias.com\\\/noticias\\\/ups-nombra-a-romina-lorenzo-nueva-directora-general-en-espana-y-portugal\\\/#mainImage\"},\"datePublished\":\"2022-09-17T15:55:46+02:00\",\"dateModified\":\"2022-09-17T15:55:46+02:00\"},{\"@type\":\"WebSite\",\"@id\":\"https:\\\/\\\/www.eldigitaldeasturias.com\\\/noticias\\\/#website\",\"url\":\"https:\\\/\\\/www.eldigitaldeasturias.com\\\/noticias\\\/\",\"name\":\"El Digital de Asturias - Diario de actualidad y noticias\",\"alternateName\":\"El Digital de Asturias - Diario de actualidad y noticias\",\"description\":\"Hemeroteca\",\"inLanguage\":\"es-ES\",\"publisher\":{\"@id\":\"https:\\\/\\\/www.eldigitaldeasturias.com\\\/noticias\\\/#organization\"}}]}\n\t\t<\/script>\n\t\t<!-- All in One SEO Pro -->\r\n\t\t<title>UPS nombra a Romina Lorenzo nueva directora general en Espa\u00f1a y Portugal - El Digital de Asturias<\/title>\n\n","aioseo_head_json":{"title":"UPS nombra a Romina Lorenzo nueva directora general en Espa\u00f1a y Portugal - El Digital de Asturias","description":"(EP) - UPS ha anunciado el nombramiento de Romina Lorenzo como nueva directora general de la compa\u00f1\u00eda en Espa\u00f1a y Portugal, donde asumir\u00e1 la responsabilidad","canonical_url":"https:\/\/www.eldigitaldeasturias.com\/noticias\/ups-nombra-a-romina-lorenzo-nueva-directora-general-en-espana-y-portugal\/","robots":"max-image-preview:large","keywords":"negocios y empresas","webmasterTools":{"google-site-verification":"UA-38556648-1","msvalidate.01":"7dfe9f3f1b24437ab69f4f2559babe99","miscellaneous":""},"schema":{"@context":"https:\/\/schema.org","@graph":[{"@type":"BlogPosting","@id":"https:\/\/www.eldigitaldeasturias.com\/noticias\/ups-nombra-a-romina-lorenzo-nueva-directora-general-en-espana-y-portugal\/#blogposting","name":"UPS nombra a Romina Lorenzo nueva directora general en Espa\u00f1a y Portugal - El Digital de Asturias","headline":"UPS nombra a Romina Lorenzo nueva directora general en Espa\u00f1a y Portugal","author":{"@id":"https:\/\/www.eldigitaldeasturias.com\/noticias\/author\/admin\/#author"},"publisher":{"@id":"https:\/\/www.eldigitaldeasturias.com\/noticias\/#organization"},"image":{"@type":"ImageObject","url":"https:\/\/www.eldigitaldeasturias.com\/noticias\/wp-content\/uploads\/2022\/09\/Romina-Lorenzo.jpg","width":999,"height":669,"caption":"FOTO: JOSE ANTONIO ROJO @ROJOFOTO.ES \/EP"},"datePublished":"2022-09-17T15:55:46+02:00","dateModified":"2022-09-17T15:55:46+02:00","inLanguage":"es-ES","mainEntityOfPage":{"@id":"https:\/\/www.eldigitaldeasturias.com\/noticias\/ups-nombra-a-romina-lorenzo-nueva-directora-general-en-espana-y-portugal\/#webpage"},"isPartOf":{"@id":"https:\/\/www.eldigitaldeasturias.com\/noticias\/ups-nombra-a-romina-lorenzo-nueva-directora-general-en-espana-y-portugal\/#webpage"},"articleSection":"Negocios y Empresas"},{"@type":"BreadcrumbList","@id":"https:\/\/www.eldigitaldeasturias.com\/noticias\/ups-nombra-a-romina-lorenzo-nueva-directora-general-en-espana-y-portugal\/#breadcrumblist","itemListElement":[{"@type":"ListItem","@id":"https:\/\/www.eldigitaldeasturias.com\/noticias#listItem","position":1,"name":"Home","item":"https:\/\/www.eldigitaldeasturias.com\/noticias","nextItem":{"@type":"ListItem","@id":"https:\/\/www.eldigitaldeasturias.com\/noticias\/category\/negocios-y-empresas\/#listItem","name":"Negocios y Empresas"}},{"@type":"ListItem","@id":"https:\/\/www.eldigitaldeasturias.com\/noticias\/category\/negocios-y-empresas\/#listItem","position":2,"name":"Negocios y Empresas","item":"https:\/\/www.eldigitaldeasturias.com\/noticias\/category\/negocios-y-empresas\/","nextItem":{"@type":"ListItem","@id":"https:\/\/www.eldigitaldeasturias.com\/noticias\/ups-nombra-a-romina-lorenzo-nueva-directora-general-en-espana-y-portugal\/#listItem","name":"UPS nombra a Romina Lorenzo nueva directora general en Espa\u00f1a y Portugal"},"previousItem":{"@type":"ListItem","@id":"https:\/\/www.eldigitaldeasturias.com\/noticias#listItem","name":"Home"}},{"@type":"ListItem","@id":"https:\/\/www.eldigitaldeasturias.com\/noticias\/ups-nombra-a-romina-lorenzo-nueva-directora-general-en-espana-y-portugal\/#listItem","position":3,"name":"UPS nombra a Romina Lorenzo nueva directora general en Espa\u00f1a y Portugal","previousItem":{"@type":"ListItem","@id":"https:\/\/www.eldigitaldeasturias.com\/noticias\/category\/negocios-y-empresas\/#listItem","name":"Negocios y Empresas"}}]},{"@type":"Organization","@id":"https:\/\/www.eldigitaldeasturias.com\/noticias\/#organization","name":"El Digital de Asturias","description":"Hemeroteca","url":"https:\/\/www.eldigitaldeasturias.com\/noticias\/","email":"info@eldigitaldeasturias.com","telephone":"+34652131393","logo":{"@type":"ImageObject","url":"https:\/\/www.eldigitaldeasturias.com\/noticias\/wp-content\/uploads\/2020\/12\/EDA.jpg","@id":"https:\/\/www.eldigitaldeasturias.com\/noticias\/ups-nombra-a-romina-lorenzo-nueva-directora-general-en-espana-y-portugal\/#organizationLogo","width":649,"height":297},"image":{"@id":"https:\/\/www.eldigitaldeasturias.com\/noticias\/ups-nombra-a-romina-lorenzo-nueva-directora-general-en-espana-y-portugal\/#organizationLogo"},"sameAs":["https:\/\/facebook.com\/eldigitaldeasturias","https:\/\/www.youtube.com\/channel\/UCZP-2wLEB9Rv6erhFmqVnvg"],"address":{"@id":"https:\/\/www.eldigitaldeasturias.com\/noticias\/#postaladdress","@type":"PostalAddress","streetAddress":"san antonio 4,","postalCode":"33430","addressLocality":"Cand\u00e1s","addressRegion":"Asturias","addressCountry":"ES"}},{"@type":"Person","@id":"https:\/\/www.eldigitaldeasturias.com\/noticias\/author\/admin\/#author","url":"https:\/\/www.eldigitaldeasturias.com\/noticias\/author\/admin\/","name":"El Digital de Asturias","image":{"@type":"ImageObject","@id":"https:\/\/www.eldigitaldeasturias.com\/noticias\/ups-nombra-a-romina-lorenzo-nueva-directora-general-en-espana-y-portugal\/#authorImage","url":"https:\/\/www.eldigitaldeasturias.com\/noticias\/wp-content\/litespeed\/avatar\/18677e78aa0546b92d9dbf31ec7d7668.jpg?ver=1777290358","width":96,"height":96,"caption":"El Digital de Asturias"}},{"@type":"WebPage","@id":"https:\/\/www.eldigitaldeasturias.com\/noticias\/ups-nombra-a-romina-lorenzo-nueva-directora-general-en-espana-y-portugal\/#webpage","url":"https:\/\/www.eldigitaldeasturias.com\/noticias\/ups-nombra-a-romina-lorenzo-nueva-directora-general-en-espana-y-portugal\/","name":"UPS nombra a Romina Lorenzo nueva directora general en Espa\u00f1a y Portugal - El Digital de Asturias","description":"(EP) - UPS ha anunciado el nombramiento de Romina Lorenzo como nueva directora general de la compa\u00f1\u00eda en Espa\u00f1a y Portugal, donde asumir\u00e1 la responsabilidad","inLanguage":"es-ES","isPartOf":{"@id":"https:\/\/www.eldigitaldeasturias.com\/noticias\/#website"},"breadcrumb":{"@id":"https:\/\/www.eldigitaldeasturias.com\/noticias\/ups-nombra-a-romina-lorenzo-nueva-directora-general-en-espana-y-portugal\/#breadcrumblist"},"author":{"@id":"https:\/\/www.eldigitaldeasturias.com\/noticias\/author\/admin\/#author"},"creator":{"@id":"https:\/\/www.eldigitaldeasturias.com\/noticias\/author\/admin\/#author"},"image":{"@type":"ImageObject","url":"https:\/\/www.eldigitaldeasturias.com\/noticias\/wp-content\/uploads\/2022\/09\/Romina-Lorenzo.jpg","@id":"https:\/\/www.eldigitaldeasturias.com\/noticias\/ups-nombra-a-romina-lorenzo-nueva-directora-general-en-espana-y-portugal\/#mainImage","width":999,"height":669,"caption":"FOTO: JOSE ANTONIO ROJO @ROJOFOTO.ES \/EP"},"primaryImageOfPage":{"@id":"https:\/\/www.eldigitaldeasturias.com\/noticias\/ups-nombra-a-romina-lorenzo-nueva-directora-general-en-espana-y-portugal\/#mainImage"},"datePublished":"2022-09-17T15:55:46+02:00","dateModified":"2022-09-17T15:55:46+02:00"},{"@type":"WebSite","@id":"https:\/\/www.eldigitaldeasturias.com\/noticias\/#website","url":"https:\/\/www.eldigitaldeasturias.com\/noticias\/","name":"El Digital de Asturias - Diario de actualidad y noticias","alternateName":"El Digital de Asturias - Diario de actualidad y noticias","description":"Hemeroteca","inLanguage":"es-ES","publisher":{"@id":"https:\/\/www.eldigitaldeasturias.com\/noticias\/#organization"}}]},"og:locale":"es_ES","og:site_name":"El Digital de Asturias","og:type":"article","og:title":"UPS nombra a Romina Lorenzo nueva directora general en Espa\u00f1a y Portugal - El Digital de Asturias","og:description":"(EP) - UPS ha anunciado el nombramiento de Romina Lorenzo como nueva directora general de la compa\u00f1\u00eda en Espa\u00f1a y Portugal, donde asumir\u00e1 la responsabilidad","og:url":"https:\/\/www.eldigitaldeasturias.com\/noticias\/ups-nombra-a-romina-lorenzo-nueva-directora-general-en-espana-y-portugal\/","og:image":"https:\/\/www.eldigitaldeasturias.com\/noticias\/wp-content\/uploads\/2022\/09\/Romina-Lorenzo.jpg","og:image:secure_url":"https:\/\/www.eldigitaldeasturias.com\/noticias\/wp-content\/uploads\/2022\/09\/Romina-Lorenzo.jpg","og:image:width":999,"og:image:height":669,"article:tag":["negocios y empresas"],"article:published_time":"2022-09-17T13:55:46+00:00","article:modified_time":"2022-09-17T13:55:46+00:00","article:publisher":"https:\/\/facebook.com\/eldigitaldeasturias","twitter:card":"summary_large_image","twitter:title":"UPS nombra a Romina Lorenzo nueva directora general en Espa\u00f1a y Portugal - El Digital de Asturias","twitter:description":"(EP) - UPS ha anunciado el nombramiento de Romina Lorenzo como nueva directora general de la compa\u00f1\u00eda en Espa\u00f1a y Portugal, donde asumir\u00e1 la responsabilidad","twitter:image":"https:\/\/www.eldigitaldeasturias.com\/noticias\/wp-content\/uploads\/2022\/09\/Romina-Lorenzo.jpg","twitter:label1":"Escrito por","twitter:data1":"El Digital de Asturias","twitter:label2":"Tiempo de lectura estimado","twitter:data2":"2 minutos"},"aioseo_meta_data":{"post_id":"1116655","title":null,"description":"(EP) - UPS ha anunciado el nombramiento de Romina Lorenzo como nueva directora general de la compa\u00f1\u00eda en Espa\u00f1a y Portugal, donde asumir\u00e1 la responsabilidad","keywords":[],"keyphrases":{"focus":{"keyphrase":"Romina Lorenzo ","score":92,"analysis":{"keyphraseInTitle":{"title":"Focus keyphrase in SEO title","description":"Focus keyphrase found in SEO title.","score":9,"maxScore":9,"error":0},"keyphraseInDescription":{"title":"Focus keyphrase in meta description","description":"Focus keyphrase found in meta description.","score":9,"maxScore":9,"error":0},"keyphraseLength":{"title":"Focus keyphrase length","description":"Good job!","score":9,"maxScore":9,"error":0,"length":2},"keyphraseInURL":{"title":"Focus keyphrase in URL","description":"Focus keyphrase not found in the URL.","score":1,"maxScore":5,"error":1},"keyphraseInIntroduction":{"title":"Focus keyphrase in introduction","description":"Your Focus keyphrase appears in the first paragraph. Well done!","score":9,"maxScore":9,"error":0},"keyphraseInSubHeadings":[],"keyphraseInImageAlt":{"title":"Focus keyphrase in image alt attributes","description":"Focus keyphrase found in image alt attribute(s).","score":9,"maxScore":9,"error":0}}},"additional":[{"keyphrase":"Romina Lorenzo ","score":100,"analysis":{"keyphraseInDescription":{"title":"Keyphrase in meta description","description":"Keyphrase found in meta description.","score":9,"maxScore":9,"error":0},"keyphraseLength":{"title":"Keyphrase length","description":"Good job!","score":9,"maxScore":9,"error":0,"length":2},"keyphraseInIntroduction":{"title":"Keyphrase in introduction","description":"Your Keyphrase appears in the first paragraph. Well done!","score":9,"maxScore":9,"error":0},"keyphraseInImageAlt":{"title":"Keyphrase in image alt attributes","description":"Keyphrase found in image alt attribute(s).","score":9,"maxScore":9,"error":0}}},{"keyphrase":"UPS","score":83,"analysis":{"keyphraseInDescription":{"title":"Keyphrase in meta description","description":"Keyphrase found in meta description.","score":9,"maxScore":9,"error":0},"keyphraseLength":{"title":"Keyphrase length","description":"Good job!","score":9,"maxScore":9,"error":0,"length":1},"keyphraseInIntroduction":{"title":"Keyphrase in introduction","description":"Your Keyphrase appears in the first paragraph. Well done!","score":9,"maxScore":9,"error":0},"keyphraseInImageAlt":{"title":"Keyphrase in image alt attributes","description":"Keyphrase not found in image alt attribute(s). Add an image with your Keyphrase as alt text.","score":3,"maxScore":9,"error":1}}}]},"primary_term":null,"canonical_url":null,"og_title":null,"og_description":null,"og_object_type":"default","og_image_type":"default","og_image_url":null,"og_image_width":null,"og_image_height":null,"og_image_custom_url":null,"og_image_custom_fields":null,"og_video":"","og_custom_url":null,"og_article_section":null,"og_article_tags":[],"twitter_use_og":false,"twitter_card":"default","twitter_image_type":"default","twitter_image_url":null,"twitter_image_custom_url":null,"twitter_image_custom_fields":null,"twitter_title":null,"twitter_description":null,"schema":{"blockGraphs":[],"customGraphs":[],"default":{"data":{"Article":[],"Course":[],"Dataset":[],"FAQPage":[],"Movie":[],"Person":[],"Product":[],"ProductReview":[],"Car":[],"Recipe":[],"Service":[],"SoftwareApplication":[],"WebPage":[]},"graphName":"","isEnabled":true},"graphs":[]},"schema_type":"default","schema_type_options":null,"pillar_content":false,"robots_default":true,"robots_noindex":false,"robots_noarchive":false,"robots_nosnippet":false,"robots_nofollow":false,"robots_noimageindex":false,"robots_noodp":false,"robots_notranslate":false,"robots_max_snippet":"-1","robots_max_videopreview":"-1","robots_max_imagepreview":"large","priority":null,"frequency":"default","local_seo":null,"seo_analyzer_scan_date":"2025-10-03 19:26:31","breadcrumb_settings":null,"limit_modified_date":false,"open_ai":null,"ai":null,"created":"2022-09-17 13:51:18","updated":"2025-10-03 19:26:31"},"aioseo_breadcrumb":"<div class=\"aioseo-breadcrumbs\"><span class=\"aioseo-breadcrumb\">\n\t<a href=\"https:\/\/www.eldigitaldeasturias.com\/noticias\" title=\"Home\">Home<\/a>\n<\/span><span class=\"aioseo-breadcrumb-separator\">\u2013<\/span><span class=\"aioseo-breadcrumb\">\n\t<a href=\"https:\/\/www.eldigitaldeasturias.com\/noticias\/category\/negocios-y-empresas\/\" title=\"Negocios y Empresas\">Negocios y Empresas<\/a>\n<\/span><span class=\"aioseo-breadcrumb-separator\">\u2013<\/span><span class=\"aioseo-breadcrumb\">\n\t<a href=\"https:\/\/www.eldigitaldeasturias.com\/noticias\/ups-nombra-a-romina-lorenzo-nueva-directora-general-en-espana-y-portugal\/\" title=\"UPS nombra a Romina Lorenzo nueva directora general en Espa\u00f1a y Portugal\">UPS nombra a Romina Lorenzo nueva directora general en Espa\u00f1a y Portugal<\/a>\n<\/span><\/div>","aioseo_breadcrumb_json":[{"label":"Home","link":"https:\/\/www.eldigitaldeasturias.com\/noticias"},{"label":"Negocios y Empresas","link":"https:\/\/www.eldigitaldeasturias.com\/noticias\/category\/negocios-y-empresas\/"},{"label":"UPS nombra a Romina Lorenzo nueva directora general en Espa\u00f1a y Portugal","link":"https:\/\/www.eldigitaldeasturias.com\/noticias\/ups-nombra-a-romina-lorenzo-nueva-directora-general-en-espana-y-portugal\/"}],"_links":{"self":[{"href":"https:\/\/www.eldigitaldeasturias.com\/noticias\/wp-json\/wp\/v2\/posts\/1116655","targetHints":{"allow":["GET"]}}],"collection":[{"href":"https:\/\/www.eldigitaldeasturias.com\/noticias\/wp-json\/wp\/v2\/posts"}],"about":[{"href":"https:\/\/www.eldigitaldeasturias.com\/noticias\/wp-json\/wp\/v2\/types\/post"}],"author":[{"embeddable":true,"href":"https:\/\/www.eldigitaldeasturias.com\/noticias\/wp-json\/wp\/v2\/users\/1"}],"replies":[{"embeddable":true,"href":"https:\/\/www.eldigitaldeasturias.com\/noticias\/wp-json\/wp\/v2\/comments?post=1116655"}],"version-history":[{"count":0,"href":"https:\/\/www.eldigitaldeasturias.com\/noticias\/wp-json\/wp\/v2\/posts\/1116655\/revisions"}],"wp:featuredmedia":[{"embeddable":true,"href":"https:\/\/www.eldigitaldeasturias.com\/noticias\/wp-json\/wp\/v2\/media\/1116656"}],"wp:attachment":[{"href":"https:\/\/www.eldigitaldeasturias.com\/noticias\/wp-json\/wp\/v2\/media?parent=1116655"}],"wp:term":[{"taxonomy":"category","embeddable":true,"href":"https:\/\/www.eldigitaldeasturias.com\/noticias\/wp-json\/wp\/v2\/categories?post=1116655"},{"taxonomy":"post_tag","embeddable":true,"href":"https:\/\/www.eldigitaldeasturias.com\/noticias\/wp-json\/wp\/v2\/tags?post=1116655"}],"curies":[{"name":"wp","href":"https:\/\/api.w.org\/{rel}","templated":true}]}}